{"id":66374,"date":"2022-09-05T19:06:18","date_gmt":"2022-09-05T22:06:18","guid":{"rendered":"https:\/\/diariofemenino.com.ar\/df\/?p=66374"},"modified":"2025-12-08T09:45:26","modified_gmt":"2025-12-08T12:45:26","slug":"guia-practica-y-urgente-para-evitar-la-violencia-simbolica-en-areas-de-prensa-y-medios-de-comunicacion","status":"publish","type":"post","link":"https:\/\/diariofemenino.com.ar\/df\/guia-practica-y-urgente-para-evitar-la-violencia-simbolica-en-areas-de-prensa-y-medios-de-comunicacion\/","title":{"rendered":"Gu\u00eda pr\u00e1ctica y urgente para evitar la violencia simb\u00f3lica en \u00e1reas de prensa y medios de comunicaci\u00f3n"},"content":{"rendered":"<p>En los \u00faltimos a\u00f1os, como sociedad, nos hemos encontrado con la presencia (visibilizaci\u00f3n, deber\u00edamos decir) de nuevos paradigmas que apuntan a un cambio estructural en la sociedad, especialmente en materia de g\u00e9nero. El aporte de los colectivos feministas y de la comunidad LGBT+ nos ha llevado a cuestionar nuestras pr\u00e1cticas individuales y colectivas. Esto, por supuesto, implica revisarlo todo: desde nuestras formas de nombrar a una persona hasta el l\u00e9xico que utilizamos al redactar, en cualquier \u00e1mbito.<\/p>\n<p>En ese sentido, el <a href=\"https:\/\/www.lapampa.gob.ar\/\">gobierno<\/a> de La Pampa<a href=\"#_ftn1\" name=\"_ftnref1\">[1]<\/a> ha expresado, y lo demuestra en las modificaciones en las gestiones cotidianas, el inter\u00e9s en contribuir a ese cambio de estructuras desde todas las \u00e1reas de gobierno y muy especialmente desde la comunicaci\u00f3n. \u00a0La palabra, qu\u00e9 decimos, c\u00f3mo lo decimos, en funci\u00f3n de una nueva construcci\u00f3n estructural sociocultural, y las \u00e1reas de prensa del Estado y los medios de comunicaci\u00f3n no pueden permanecer ajenos a ello, es m\u00e1s, los espacios mencionados son la herramienta fundamental para que la informaci\u00f3n llegue a la sociedad, a cada rinc\u00f3n de nuestra provincia. Poner el foco en el valor de las palabras, el significado de las palabras y su impacto desde lo simb\u00f3lico es el objetivo.<\/p>\n<blockquote><p>Colabora con Diario Digital Femenino<br \/>\n$3.000 por mes (sosten\u00e9s a largo plazo) <strong><a href=\"https:\/\/www.mercadopago.com.ar\/subscriptions\/checkout\/v2?preapproval_plan_id=2c93808496ae4a940196b01559a4004f\">AQU\u00cd<\/a><\/strong><br \/>\nUna vez al a\u00f1o, vos decid\u00eds el monto (un gesto, una ayuda concreta) <strong><a href=\"https:\/\/www.mercadopago.com.ar\/subscriptions\/checkout?preapproval_plan_id=2c938084981e9ee501982d4490280459\">AQU\u00cd<\/a><\/strong><br \/>\nPor \u00fanica vez, el monto que decidas. <strong>Alias: Lenny.Caceres<\/strong><\/p><\/blockquote>\n<p>Pensando en esta multiplicidad de procesos, que avanzan de forma simult\u00e1nea, es necesario detenerse en un punto central que ata\u00f1e a este aprendizaje constante: el lenguaje. Ning\u00fan progreso sociocultural est\u00e1 exento de compromisos. En este sentido, es indispensable repensar los usos, puesto que reproducen, legitiman y estereotipan. Es necesario, particularmente, objetivar nuestras pr\u00e1cticas y repensarlas a la luz del debate contempor\u00e1neo que aspira a construir ambientes libres de violencia.<\/p>\n<p>El presente documento, entonces, se trata de una gu\u00eda de recomendaciones para acompa\u00f1ar y construir, de forma colectiva, este cambio urgente y necesario, trabajado corresponsablemente entre Diario Digital Femenino y la Subsecretar\u00eda de Medios de Comunicaci\u00f3n del Estado provincial.<\/p>\n<p>Celebramos las lecturas y el intercambio como materia prima de tan arduo camino.<\/p>\n<p style=\"text-align: right;\"><strong>Nadia Maribel Mu\u00f1oz<\/strong><\/p>\n<p><a href=\"#_ftnref1\" name=\"_ftn1\">[1]<\/a> <em>Gu\u00eda pr\u00e1ctica y urgente para evitar la violencia simb\u00f3lica en \u00e1reas de prensa y medios de comunicaci\u00f3n <\/em>cuenta con el auspicio del Gobierno de La Pampa y se distribuir\u00e1 en todas las <a href=\"https:\/\/www.lapampa.gob.ar\/secretaria-general-de-la-gobernacion.html\">\u00e1reas de prensa y medios<\/a> de comunicaci\u00f3n.<\/p>\n<p><strong>Descargar en Portada<\/strong><\/p>\n<figure id=\"attachment_66379\" aria-describedby=\"caption-attachment-66379\" style=\"width: 388px\" class=\"wp-caption aligncenter\"><a href=\"https:\/\/diariofemenino.com.ar\/df\/wp-content\/uploads\/2022\/09\/Gu\u00eda-pr\u00e1ctica-y-urgente-para-evitar-la-violencia-simb\u00f3lica-en-los-medios-de-comunicaci\u00f3n.docx\"><img loading=\"lazy\" decoding=\"async\" class=\"wp-image-66379 size-full\" src=\"https:\/\/diariofemenino.com.ar\/df\/wp-content\/uploads\/2022\/09\/Gu\u00eda-22.jpg\" alt=\"Gu\u00eda pr\u00e1ctica y urgente para evitar la violencia simb\u00f3lica en \u00e1reas de prensa y medios de comunicaci\u00f3n \" width=\"388\" height=\"549\" srcset=\"https:\/\/diariofemenino.com.ar\/df\/wp-content\/uploads\/2022\/09\/Gu\u00eda-22.jpg 388w, https:\/\/diariofemenino.com.ar\/df\/wp-content\/uploads\/2022\/09\/Gu\u00eda-22-212x300.jpg 212w\" sizes=\"auto, (max-width: 388px) 100vw, 388px\" \/><\/a><figcaption id=\"caption-attachment-66379\" class=\"wp-caption-text\">Gu\u00eda pr\u00e1ctica y urgente para evitar la violencia simb\u00f3lica en \u00e1reas de prensa y medios de comunicaci\u00f3n<\/figcaption><\/figure>\n<p>&nbsp;<\/p>\n<blockquote><p><strong>Seguinos en Instagram. Diario Digital Femenino: <a href=\"https:\/\/www.instagram.com\/diariodigitalfemenino_\/\">@diariodigitalfemenino_<\/a><\/strong><br \/>\n<strong>Lenny C\u00e1ceres: <a href=\"https:\/\/www.instagram.com\/lennycaceres69\/\">@lennycaceres69<\/a><\/strong><br \/>\n<strong>Facebook: <a href=\"https:\/\/www.facebook.com\/DiarioDigitalFemenino\/\">Diario Digital Femenino<\/a><\/strong><br \/>\n<strong>TikTok; <a href=\"https:\/\/www.tiktok.com\/@diariodigitalfemenino\">diariodigitalfemenino<\/a><\/strong><\/p><\/blockquote>\n","protected":false},"excerpt":{"rendered":"<p>En los \u00faltimos a\u00f1os, como sociedad, nos hemos encontrado con la presencia (visibilizaci\u00f3n, deber\u00edamos decir) de nuevos paradigmas que apuntan a un cambio estructural en la sociedad, especialmente en materia de g\u00e9nero. El aporte de los colectivos feministas y de la comunidad LGBT+ nos ha llevado a cuestionar nuestras pr\u00e1cticas individuales y colectivas. Esto, por [&hellip;]<\/p>\n","protected":false},"author":4,"featured_media":66375,"comment_status":"open","ping_status":"open","sticky":false,"template":"","format":"standard","meta":{"iawp_total_views":263,"footnotes":""},"categories":[7,1067,19,3,78,4,21],"tags":[5485,99,4372,1828,62,49,88],"class_list":["post-66374","post","type-post","status-publish","format-standard","has-post-thumbnail","hentry","category-actividades","category-agenda-feminista","category-biblioteca","category-de-la-revolucion-al-reaprendizaje","category-guias","category-medios","category-noticias","tag-areas-de-prensa","tag-comunicacion","tag-destacada","tag-guia","tag-lenguaje","tag-violencia-mediatica","tag-violencia-simbolica"],"nelio_content":{"autoShareEndMode":"never","automationSources":{"useCustomSentences":false,"customSentences":[]},"efiAlt":"","efiUrl":"","followers":[4],"highlights":[],"isAutoShareEnabled":true,"networkImageIds":[],"permalinkQueryArgs":[],"series":[],"suggestedReferences":[]},"yoast_head":"<!-- This site is optimized with the Yoast SEO plugin v27.5 - https:\/\/yoast.com\/product\/yoast-seo-wordpress\/ -->\n<title>Gu\u00eda pr\u00e1ctica y urgente para evitar la violencia simb\u00f3lica en \u00e1reas de prensa y medios de comunicaci\u00f3n - Diario Digital Femenino<\/title>\n<meta name=\"description\" content=\"Gu\u00eda pr\u00e1ctica. Revisarlo todo: desde nuestras formas de nombrar a una persona hasta el l\u00e9xico que utilizamos al redactar, en cualquier \u00e1mbito.\" \/>\n<meta name=\"robots\" content=\"index, follow, max-snippet:-1, max-image-preview:large, max-video-preview:-1\" \/>\n<link rel=\"canonical\" href=\"https:\/\/diariofemenino.com.ar\/df\/guia-practica-y-urgente-para-evitar-la-violencia-simbolica-en-areas-de-prensa-y-medios-de-comunicacion\/\" \/>\n<meta property=\"og:locale\" content=\"es_ES\" \/>\n<meta property=\"og:type\" content=\"article\" \/>\n<meta property=\"og:title\" content=\"Gu\u00eda pr\u00e1ctica y urgente para evitar la violencia simb\u00f3lica en \u00e1reas de prensa y medios de comunicaci\u00f3n - Diario Digital Femenino\" \/>\n<meta property=\"og:description\" content=\"Gu\u00eda pr\u00e1ctica. Revisarlo todo: desde nuestras formas de nombrar a una persona hasta el l\u00e9xico que utilizamos al redactar, en cualquier \u00e1mbito.\" \/>\n<meta property=\"og:url\" content=\"https:\/\/diariofemenino.com.ar\/df\/guia-practica-y-urgente-para-evitar-la-violencia-simbolica-en-areas-de-prensa-y-medios-de-comunicacion\/\" \/>\n<meta property=\"og:site_name\" content=\"Diario Digital Femenino\" \/>\n<meta property=\"article:publisher\" content=\"https:\/\/www.facebook.com\/DiarioDigitaFemenino\/\" \/>\n<meta property=\"article:published_time\" content=\"2022-09-05T22:06:18+00:00\" \/>\n<meta property=\"article:modified_time\" content=\"2025-12-08T12:45:26+00:00\" \/>\n<meta property=\"og:image\" content=\"https:\/\/diariofemenino.com.ar\/df\/wp-content\/uploads\/2022\/09\/Gu\u00eda-portada.jpg\" \/>\n\t<meta property=\"og:image:width\" content=\"566\" \/>\n\t<meta property=\"og:image:height\" content=\"576\" \/>\n\t<meta property=\"og:image:type\" content=\"image\/jpeg\" \/>\n<meta name=\"author\" content=\"Admin\" \/>\n<meta name=\"twitter:card\" content=\"summary_large_image\" \/>\n<meta name=\"twitter:creator\" content=\"@DiarioFemenino1\" \/>\n<meta name=\"twitter:site\" content=\"@DiarioFemenino1\" \/>\n<meta name=\"twitter:label1\" content=\"Escrito por\" \/>\n\t<meta name=\"twitter:data1\" content=\"Admin\" \/>\n\t<meta name=\"twitter:label2\" content=\"Tiempo de lectura\" \/>\n\t<meta name=\"twitter:data2\" content=\"3 minutos\" \/>\n<script type=\"application\/ld+json\" class=\"yoast-schema-graph\">{\"@context\":\"https:\\\/\\\/schema.org\",\"@graph\":[{\"@type\":\"Article\",\"@id\":\"https:\\\/\\\/diariofemenino.com.ar\\\/df\\\/guia-practica-y-urgente-para-evitar-la-violencia-simbolica-en-areas-de-prensa-y-medios-de-comunicacion\\\/#article\",\"isPartOf\":{\"@id\":\"https:\\\/\\\/diariofemenino.com.ar\\\/df\\\/guia-practica-y-urgente-para-evitar-la-violencia-simbolica-en-areas-de-prensa-y-medios-de-comunicacion\\\/\"},\"author\":{\"name\":\"Admin\",\"@id\":\"https:\\\/\\\/diariofemenino.com.ar\\\/df\\\/#\\\/schema\\\/person\\\/bf6199e8158c657ea6f789b11ec85509\"},\"headline\":\"Gu\u00eda pr\u00e1ctica y urgente para evitar la violencia simb\u00f3lica en \u00e1reas de prensa y medios de comunicaci\u00f3n\",\"datePublished\":\"2022-09-05T22:06:18+00:00\",\"dateModified\":\"2025-12-08T12:45:26+00:00\",\"mainEntityOfPage\":{\"@id\":\"https:\\\/\\\/diariofemenino.com.ar\\\/df\\\/guia-practica-y-urgente-para-evitar-la-violencia-simbolica-en-areas-de-prensa-y-medios-de-comunicacion\\\/\"},\"wordCount\":500,\"commentCount\":0,\"publisher\":{\"@id\":\"https:\\\/\\\/diariofemenino.com.ar\\\/df\\\/#organization\"},\"image\":{\"@id\":\"https:\\\/\\\/diariofemenino.com.ar\\\/df\\\/guia-practica-y-urgente-para-evitar-la-violencia-simbolica-en-areas-de-prensa-y-medios-de-comunicacion\\\/#primaryimage\"},\"thumbnailUrl\":\"https:\\\/\\\/diariofemenino.com.ar\\\/df\\\/wp-content\\\/uploads\\\/2022\\\/09\\\/Gu\u00eda-portada.jpg\",\"keywords\":[\"\u00c1reas de prensa\",\"Comunicaci\u00f3n\",\"Destacada\",\"Gu\u00eda\",\"Lenguaje\",\"Violencia Medi\u00e1tica\",\"Violencia Simb\u00f3lica\"],\"articleSection\":[\"Actividades\",\"Agenda Feminista\",\"Biblioteca Virtual\",\"De la Revoluci\u00f3n al Reaprendizaje\",\"Gu\u00edas\",\"Medios\",\"Noticias\"],\"inLanguage\":\"es\",\"potentialAction\":[{\"@type\":\"CommentAction\",\"name\":\"Comment\",\"target\":[\"https:\\\/\\\/diariofemenino.com.ar\\\/df\\\/guia-practica-y-urgente-para-evitar-la-violencia-simbolica-en-areas-de-prensa-y-medios-de-comunicacion\\\/#respond\"]}]},{\"@type\":\"WebPage\",\"@id\":\"https:\\\/\\\/diariofemenino.com.ar\\\/df\\\/guia-practica-y-urgente-para-evitar-la-violencia-simbolica-en-areas-de-prensa-y-medios-de-comunicacion\\\/\",\"url\":\"https:\\\/\\\/diariofemenino.com.ar\\\/df\\\/guia-practica-y-urgente-para-evitar-la-violencia-simbolica-en-areas-de-prensa-y-medios-de-comunicacion\\\/\",\"name\":\"Gu\u00eda pr\u00e1ctica y urgente para evitar la violencia simb\u00f3lica en \u00e1reas de prensa y medios de comunicaci\u00f3n - Diario Digital Femenino\",\"isPartOf\":{\"@id\":\"https:\\\/\\\/diariofemenino.com.ar\\\/df\\\/#website\"},\"primaryImageOfPage\":{\"@id\":\"https:\\\/\\\/diariofemenino.com.ar\\\/df\\\/guia-practica-y-urgente-para-evitar-la-violencia-simbolica-en-areas-de-prensa-y-medios-de-comunicacion\\\/#primaryimage\"},\"image\":{\"@id\":\"https:\\\/\\\/diariofemenino.com.ar\\\/df\\\/guia-practica-y-urgente-para-evitar-la-violencia-simbolica-en-areas-de-prensa-y-medios-de-comunicacion\\\/#primaryimage\"},\"thumbnailUrl\":\"https:\\\/\\\/diariofemenino.com.ar\\\/df\\\/wp-content\\\/uploads\\\/2022\\\/09\\\/Gu\u00eda-portada.jpg\",\"datePublished\":\"2022-09-05T22:06:18+00:00\",\"dateModified\":\"2025-12-08T12:45:26+00:00\",\"description\":\"Gu\u00eda pr\u00e1ctica. Revisarlo todo: desde nuestras formas de nombrar a una persona hasta el l\u00e9xico que utilizamos al redactar, en cualquier \u00e1mbito.\",\"breadcrumb\":{\"@id\":\"https:\\\/\\\/diariofemenino.com.ar\\\/df\\\/guia-practica-y-urgente-para-evitar-la-violencia-simbolica-en-areas-de-prensa-y-medios-de-comunicacion\\\/#breadcrumb\"},\"inLanguage\":\"es\",\"potentialAction\":[{\"@type\":\"ReadAction\",\"target\":[\"https:\\\/\\\/diariofemenino.com.ar\\\/df\\\/guia-practica-y-urgente-para-evitar-la-violencia-simbolica-en-areas-de-prensa-y-medios-de-comunicacion\\\/\"]}]},{\"@type\":\"ImageObject\",\"inLanguage\":\"es\",\"@id\":\"https:\\\/\\\/diariofemenino.com.ar\\\/df\\\/guia-practica-y-urgente-para-evitar-la-violencia-simbolica-en-areas-de-prensa-y-medios-de-comunicacion\\\/#primaryimage\",\"url\":\"https:\\\/\\\/diariofemenino.com.ar\\\/df\\\/wp-content\\\/uploads\\\/2022\\\/09\\\/Gu\u00eda-portada.jpg\",\"contentUrl\":\"https:\\\/\\\/diariofemenino.com.ar\\\/df\\\/wp-content\\\/uploads\\\/2022\\\/09\\\/Gu\u00eda-portada.jpg\",\"width\":566,\"height\":576,\"caption\":\"Gu\u00eda pr\u00e1ctica y urgente para evitar la violencia simb\u00f3lica en \u00e1reas de prensa y medios de comunicaci\u00f3n\"},{\"@type\":\"BreadcrumbList\",\"@id\":\"https:\\\/\\\/diariofemenino.com.ar\\\/df\\\/guia-practica-y-urgente-para-evitar-la-violencia-simbolica-en-areas-de-prensa-y-medios-de-comunicacion\\\/#breadcrumb\",\"itemListElement\":[{\"@type\":\"ListItem\",\"position\":1,\"name\":\"Portada\",\"item\":\"https:\\\/\\\/diariofemenino.com.ar\\\/df\\\/\"},{\"@type\":\"ListItem\",\"position\":2,\"name\":\"Gu\u00eda pr\u00e1ctica y urgente para evitar la violencia simb\u00f3lica en \u00e1reas de prensa y medios de comunicaci\u00f3n\"}]},{\"@type\":\"WebSite\",\"@id\":\"https:\\\/\\\/diariofemenino.com.ar\\\/df\\\/#website\",\"url\":\"https:\\\/\\\/diariofemenino.com.ar\\\/df\\\/\",\"name\":\"Diario Digital Femenino\",\"description\":\"Cuesti\u00f3n de G\u00e9nero\",\"publisher\":{\"@id\":\"https:\\\/\\\/diariofemenino.com.ar\\\/df\\\/#organization\"},\"potentialAction\":[{\"@type\":\"SearchAction\",\"target\":{\"@type\":\"EntryPoint\",\"urlTemplate\":\"https:\\\/\\\/diariofemenino.com.ar\\\/df\\\/?s={search_term_string}\"},\"query-input\":{\"@type\":\"PropertyValueSpecification\",\"valueRequired\":true,\"valueName\":\"search_term_string\"}}],\"inLanguage\":\"es\"},{\"@type\":\"Organization\",\"@id\":\"https:\\\/\\\/diariofemenino.com.ar\\\/df\\\/#organization\",\"name\":\"Diario Femenino\",\"url\":\"https:\\\/\\\/diariofemenino.com.ar\\\/df\\\/\",\"logo\":{\"@type\":\"ImageObject\",\"inLanguage\":\"es\",\"@id\":\"https:\\\/\\\/diariofemenino.com.ar\\\/df\\\/#\\\/schema\\\/logo\\\/image\\\/\",\"url\":\"https:\\\/\\\/diariofemenino.com.ar\\\/df\\\/wp-content\\\/uploads\\\/2018\\\/10\\\/logo.png\",\"contentUrl\":\"https:\\\/\\\/diariofemenino.com.ar\\\/df\\\/wp-content\\\/uploads\\\/2018\\\/10\\\/logo.png\",\"width\":500,\"height\":92,\"caption\":\"Diario Femenino\"},\"image\":{\"@id\":\"https:\\\/\\\/diariofemenino.com.ar\\\/df\\\/#\\\/schema\\\/logo\\\/image\\\/\"},\"sameAs\":[\"https:\\\/\\\/www.facebook.com\\\/DiarioDigitaFemenino\\\/\",\"https:\\\/\\\/x.com\\\/DiarioFemenino1\"]},{\"@type\":\"Person\",\"@id\":\"https:\\\/\\\/diariofemenino.com.ar\\\/df\\\/#\\\/schema\\\/person\\\/bf6199e8158c657ea6f789b11ec85509\",\"name\":\"Admin\",\"image\":{\"@type\":\"ImageObject\",\"inLanguage\":\"es\",\"@id\":\"https:\\\/\\\/diariofemenino.com.ar\\\/df\\\/wp-content\\\/uploads\\\/2018\\\/12\\\/favicon-150x150.jpg\",\"url\":\"https:\\\/\\\/diariofemenino.com.ar\\\/df\\\/wp-content\\\/uploads\\\/2018\\\/12\\\/favicon-150x150.jpg\",\"contentUrl\":\"https:\\\/\\\/diariofemenino.com.ar\\\/df\\\/wp-content\\\/uploads\\\/2018\\\/12\\\/favicon-150x150.jpg\",\"caption\":\"Admin\"},\"url\":\"https:\\\/\\\/diariofemenino.com.ar\\\/df\\\/author\\\/lenny\\\/\"}]}<\/script>\n<!-- \/ Yoast SEO plugin. -->","yoast_head_json":{"title":"Gu\u00eda pr\u00e1ctica y urgente para evitar la violencia simb\u00f3lica en \u00e1reas de prensa y medios de comunicaci\u00f3n - Diario Digital Femenino","description":"Gu\u00eda pr\u00e1ctica. Revisarlo todo: desde nuestras formas de nombrar a una persona hasta el l\u00e9xico que utilizamos al redactar, en cualquier \u00e1mbito.","robots":{"index":"index","follow":"follow","max-snippet":"max-snippet:-1","max-image-preview":"max-image-preview:large","max-video-preview":"max-video-preview:-1"},"canonical":"https:\/\/diariofemenino.com.ar\/df\/guia-practica-y-urgente-para-evitar-la-violencia-simbolica-en-areas-de-prensa-y-medios-de-comunicacion\/","og_locale":"es_ES","og_type":"article","og_title":"Gu\u00eda pr\u00e1ctica y urgente para evitar la violencia simb\u00f3lica en \u00e1reas de prensa y medios de comunicaci\u00f3n - Diario Digital Femenino","og_description":"Gu\u00eda pr\u00e1ctica. Revisarlo todo: desde nuestras formas de nombrar a una persona hasta el l\u00e9xico que utilizamos al redactar, en cualquier \u00e1mbito.","og_url":"https:\/\/diariofemenino.com.ar\/df\/guia-practica-y-urgente-para-evitar-la-violencia-simbolica-en-areas-de-prensa-y-medios-de-comunicacion\/","og_site_name":"Diario Digital Femenino","article_publisher":"https:\/\/www.facebook.com\/DiarioDigitaFemenino\/","article_published_time":"2022-09-05T22:06:18+00:00","article_modified_time":"2025-12-08T12:45:26+00:00","og_image":[{"width":566,"height":576,"url":"https:\/\/diariofemenino.com.ar\/df\/wp-content\/uploads\/2022\/09\/Gu\u00eda-portada.jpg","type":"image\/jpeg"}],"author":"Admin","twitter_card":"summary_large_image","twitter_creator":"@DiarioFemenino1","twitter_site":"@DiarioFemenino1","twitter_misc":{"Escrito por":"Admin","Tiempo de lectura":"3 minutos"},"schema":{"@context":"https:\/\/schema.org","@graph":[{"@type":"Article","@id":"https:\/\/diariofemenino.com.ar\/df\/guia-practica-y-urgente-para-evitar-la-violencia-simbolica-en-areas-de-prensa-y-medios-de-comunicacion\/#article","isPartOf":{"@id":"https:\/\/diariofemenino.com.ar\/df\/guia-practica-y-urgente-para-evitar-la-violencia-simbolica-en-areas-de-prensa-y-medios-de-comunicacion\/"},"author":{"name":"Admin","@id":"https:\/\/diariofemenino.com.ar\/df\/#\/schema\/person\/bf6199e8158c657ea6f789b11ec85509"},"headline":"Gu\u00eda pr\u00e1ctica y urgente para evitar la violencia simb\u00f3lica en \u00e1reas de prensa y medios de comunicaci\u00f3n","datePublished":"2022-09-05T22:06:18+00:00","dateModified":"2025-12-08T12:45:26+00:00","mainEntityOfPage":{"@id":"https:\/\/diariofemenino.com.ar\/df\/guia-practica-y-urgente-para-evitar-la-violencia-simbolica-en-areas-de-prensa-y-medios-de-comunicacion\/"},"wordCount":500,"commentCount":0,"publisher":{"@id":"https:\/\/diariofemenino.com.ar\/df\/#organization"},"image":{"@id":"https:\/\/diariofemenino.com.ar\/df\/guia-practica-y-urgente-para-evitar-la-violencia-simbolica-en-areas-de-prensa-y-medios-de-comunicacion\/#primaryimage"},"thumbnailUrl":"https:\/\/diariofemenino.com.ar\/df\/wp-content\/uploads\/2022\/09\/Gu\u00eda-portada.jpg","keywords":["\u00c1reas de prensa","Comunicaci\u00f3n","Destacada","Gu\u00eda","Lenguaje","Violencia Medi\u00e1tica","Violencia Simb\u00f3lica"],"articleSection":["Actividades","Agenda Feminista","Biblioteca Virtual","De la Revoluci\u00f3n al Reaprendizaje","Gu\u00edas","Medios","Noticias"],"inLanguage":"es","potentialAction":[{"@type":"CommentAction","name":"Comment","target":["https:\/\/diariofemenino.com.ar\/df\/guia-practica-y-urgente-para-evitar-la-violencia-simbolica-en-areas-de-prensa-y-medios-de-comunicacion\/#respond"]}]},{"@type":"WebPage","@id":"https:\/\/diariofemenino.com.ar\/df\/guia-practica-y-urgente-para-evitar-la-violencia-simbolica-en-areas-de-prensa-y-medios-de-comunicacion\/","url":"https:\/\/diariofemenino.com.ar\/df\/guia-practica-y-urgente-para-evitar-la-violencia-simbolica-en-areas-de-prensa-y-medios-de-comunicacion\/","name":"Gu\u00eda pr\u00e1ctica y urgente para evitar la violencia simb\u00f3lica en \u00e1reas de prensa y medios de comunicaci\u00f3n - Diario Digital Femenino","isPartOf":{"@id":"https:\/\/diariofemenino.com.ar\/df\/#website"},"primaryImageOfPage":{"@id":"https:\/\/diariofemenino.com.ar\/df\/guia-practica-y-urgente-para-evitar-la-violencia-simbolica-en-areas-de-prensa-y-medios-de-comunicacion\/#primaryimage"},"image":{"@id":"https:\/\/diariofemenino.com.ar\/df\/guia-practica-y-urgente-para-evitar-la-violencia-simbolica-en-areas-de-prensa-y-medios-de-comunicacion\/#primaryimage"},"thumbnailUrl":"https:\/\/diariofemenino.com.ar\/df\/wp-content\/uploads\/2022\/09\/Gu\u00eda-portada.jpg","datePublished":"2022-09-05T22:06:18+00:00","dateModified":"2025-12-08T12:45:26+00:00","description":"Gu\u00eda pr\u00e1ctica. Revisarlo todo: desde nuestras formas de nombrar a una persona hasta el l\u00e9xico que utilizamos al redactar, en cualquier \u00e1mbito.","breadcrumb":{"@id":"https:\/\/diariofemenino.com.ar\/df\/guia-practica-y-urgente-para-evitar-la-violencia-simbolica-en-areas-de-prensa-y-medios-de-comunicacion\/#breadcrumb"},"inLanguage":"es","potentialAction":[{"@type":"ReadAction","target":["https:\/\/diariofemenino.com.ar\/df\/guia-practica-y-urgente-para-evitar-la-violencia-simbolica-en-areas-de-prensa-y-medios-de-comunicacion\/"]}]},{"@type":"ImageObject","inLanguage":"es","@id":"https:\/\/diariofemenino.com.ar\/df\/guia-practica-y-urgente-para-evitar-la-violencia-simbolica-en-areas-de-prensa-y-medios-de-comunicacion\/#primaryimage","url":"https:\/\/diariofemenino.com.ar\/df\/wp-content\/uploads\/2022\/09\/Gu\u00eda-portada.jpg","contentUrl":"https:\/\/diariofemenino.com.ar\/df\/wp-content\/uploads\/2022\/09\/Gu\u00eda-portada.jpg","width":566,"height":576,"caption":"Gu\u00eda pr\u00e1ctica y urgente para evitar la violencia simb\u00f3lica en \u00e1reas de prensa y medios de comunicaci\u00f3n"},{"@type":"BreadcrumbList","@id":"https:\/\/diariofemenino.com.ar\/df\/guia-practica-y-urgente-para-evitar-la-violencia-simbolica-en-areas-de-prensa-y-medios-de-comunicacion\/#breadcrumb","itemListElement":[{"@type":"ListItem","position":1,"name":"Portada","item":"https:\/\/diariofemenino.com.ar\/df\/"},{"@type":"ListItem","position":2,"name":"Gu\u00eda pr\u00e1ctica y urgente para evitar la violencia simb\u00f3lica en \u00e1reas de prensa y medios de comunicaci\u00f3n"}]},{"@type":"WebSite","@id":"https:\/\/diariofemenino.com.ar\/df\/#website","url":"https:\/\/diariofemenino.com.ar\/df\/","name":"Diario Digital Femenino","description":"Cuesti\u00f3n de G\u00e9nero","publisher":{"@id":"https:\/\/diariofemenino.com.ar\/df\/#organization"},"potentialAction":[{"@type":"SearchAction","target":{"@type":"EntryPoint","urlTemplate":"https:\/\/diariofemenino.com.ar\/df\/?s={search_term_string}"},"query-input":{"@type":"PropertyValueSpecification","valueRequired":true,"valueName":"search_term_string"}}],"inLanguage":"es"},{"@type":"Organization","@id":"https:\/\/diariofemenino.com.ar\/df\/#organization","name":"Diario Femenino","url":"https:\/\/diariofemenino.com.ar\/df\/","logo":{"@type":"ImageObject","inLanguage":"es","@id":"https:\/\/diariofemenino.com.ar\/df\/#\/schema\/logo\/image\/","url":"https:\/\/diariofemenino.com.ar\/df\/wp-content\/uploads\/2018\/10\/logo.png","contentUrl":"https:\/\/diariofemenino.com.ar\/df\/wp-content\/uploads\/2018\/10\/logo.png","width":500,"height":92,"caption":"Diario Femenino"},"image":{"@id":"https:\/\/diariofemenino.com.ar\/df\/#\/schema\/logo\/image\/"},"sameAs":["https:\/\/www.facebook.com\/DiarioDigitaFemenino\/","https:\/\/x.com\/DiarioFemenino1"]},{"@type":"Person","@id":"https:\/\/diariofemenino.com.ar\/df\/#\/schema\/person\/bf6199e8158c657ea6f789b11ec85509","name":"Admin","image":{"@type":"ImageObject","inLanguage":"es","@id":"https:\/\/diariofemenino.com.ar\/df\/wp-content\/uploads\/2018\/12\/favicon-150x150.jpg","url":"https:\/\/diariofemenino.com.ar\/df\/wp-content\/uploads\/2018\/12\/favicon-150x150.jpg","contentUrl":"https:\/\/diariofemenino.com.ar\/df\/wp-content\/uploads\/2018\/12\/favicon-150x150.jpg","caption":"Admin"},"url":"https:\/\/diariofemenino.com.ar\/df\/author\/lenny\/"}]}},"jetpack_featured_media_url":"https:\/\/diariofemenino.com.ar\/df\/wp-content\/uploads\/2022\/09\/Gu\u00eda-portada.jpg","jetpack_sharing_enabled":true,"rttpg_featured_image_url":{"full":["https:\/\/diariofemenino.com.ar\/df\/wp-content\/uploads\/2022\/09\/Gu\u00eda-portada.jpg",566,576,false],"landscape":["https:\/\/diariofemenino.com.ar\/df\/wp-content\/uploads\/2022\/09\/Gu\u00eda-portada.jpg",566,576,false],"portraits":["https:\/\/diariofemenino.com.ar\/df\/wp-content\/uploads\/2022\/09\/Gu\u00eda-portada.jpg",566,576,false],"thumbnail":["https:\/\/diariofemenino.com.ar\/df\/wp-content\/uploads\/2022\/09\/Gu\u00eda-portada-150x150.jpg",150,150,true],"medium":["https:\/\/diariofemenino.com.ar\/df\/wp-content\/uploads\/2022\/09\/Gu\u00eda-portada-295x300.jpg",295,300,true],"large":["https:\/\/diariofemenino.com.ar\/df\/wp-content\/uploads\/2022\/09\/Gu\u00eda-portada.jpg",566,576,false],"1536x1536":["https:\/\/diariofemenino.com.ar\/df\/wp-content\/uploads\/2022\/09\/Gu\u00eda-portada.jpg",566,576,false],"2048x2048":["https:\/\/diariofemenino.com.ar\/df\/wp-content\/uploads\/2022\/09\/Gu\u00eda-portada.jpg",566,576,false]},"rttpg_author":{"display_name":"Admin","author_link":"https:\/\/diariofemenino.com.ar\/df\/author\/lenny\/"},"rttpg_comment":0,"rttpg_category":"<a href=\"https:\/\/diariofemenino.com.ar\/df\/category\/actividades\/\" rel=\"category tag\">Actividades<\/a> <a href=\"https:\/\/diariofemenino.com.ar\/df\/category\/agenda-feminista\/\" rel=\"category tag\">Agenda Feminista<\/a> <a href=\"https:\/\/diariofemenino.com.ar\/df\/category\/biblioteca\/\" rel=\"category tag\">Biblioteca Virtual<\/a> <a href=\"https:\/\/diariofemenino.com.ar\/df\/category\/de-la-revolucion-al-reaprendizaje\/\" rel=\"category tag\">De la Revoluci\u00f3n al Reaprendizaje<\/a> <a href=\"https:\/\/diariofemenino.com.ar\/df\/category\/guias\/\" rel=\"category tag\">Gu\u00edas<\/a> <a href=\"https:\/\/diariofemenino.com.ar\/df\/category\/medios\/\" rel=\"category tag\">Medios<\/a> <a href=\"https:\/\/diariofemenino.com.ar\/df\/category\/noticias\/\" rel=\"category tag\">Noticias<\/a>","rttpg_excerpt":"En los \u00faltimos a\u00f1os, como sociedad, nos hemos encontrado con la presencia (visibilizaci\u00f3n, deber\u00edamos decir) de nuevos paradigmas que apuntan a un cambio estructural en la sociedad, especialmente en materia de g\u00e9nero. El aporte de los colectivos feministas y de la comunidad LGBT+ nos ha llevado a cuestionar nuestras pr\u00e1cticas individuales y colectivas. Esto, por&hellip;","_links":{"self":[{"href":"https:\/\/diariofemenino.com.ar\/df\/wp-json\/wp\/v2\/posts\/66374","targetHints":{"allow":["GET"]}}],"collection":[{"href":"https:\/\/diariofemenino.com.ar\/df\/wp-json\/wp\/v2\/posts"}],"about":[{"href":"https:\/\/diariofemenino.com.ar\/df\/wp-json\/wp\/v2\/types\/post"}],"author":[{"embeddable":true,"href":"https:\/\/diariofemenino.com.ar\/df\/wp-json\/wp\/v2\/users\/4"}],"replies":[{"embeddable":true,"href":"https:\/\/diariofemenino.com.ar\/df\/wp-json\/wp\/v2\/comments?post=66374"}],"version-history":[{"count":3,"href":"https:\/\/diariofemenino.com.ar\/df\/wp-json\/wp\/v2\/posts\/66374\/revisions"}],"predecessor-version":[{"id":75501,"href":"https:\/\/diariofemenino.com.ar\/df\/wp-json\/wp\/v2\/posts\/66374\/revisions\/75501"}],"wp:featuredmedia":[{"embeddable":true,"href":"https:\/\/diariofemenino.com.ar\/df\/wp-json\/wp\/v2\/media\/66375"}],"wp:attachment":[{"href":"https:\/\/diariofemenino.com.ar\/df\/wp-json\/wp\/v2\/media?parent=66374"}],"wp:term":[{"taxonomy":"category","embeddable":true,"href":"https:\/\/diariofemenino.com.ar\/df\/wp-json\/wp\/v2\/categories?post=66374"},{"taxonomy":"post_tag","embeddable":true,"href":"https:\/\/diariofemenino.com.ar\/df\/wp-json\/wp\/v2\/tags?post=66374"}],"curies":[{"name":"wp","href":"https:\/\/api.w.org\/{rel}","templated":true}]}}