{"id":66204,"date":"2022-08-28T11:06:55","date_gmt":"2022-08-28T14:06:55","guid":{"rendered":"https:\/\/diariofemenino.com.ar\/df\/?p=66204"},"modified":"2022-08-28T11:06:55","modified_gmt":"2022-08-28T14:06:55","slug":"la-denuncia-de-impedimento-de-contacto-frente-al-contexto-de-violencia-previo","status":"publish","type":"post","link":"https:\/\/diariofemenino.com.ar\/df\/la-denuncia-de-impedimento-de-contacto-frente-al-contexto-de-violencia-previo\/","title":{"rendered":"La denuncia de impedimento de contacto, frente al contexto de violencia previo"},"content":{"rendered":"<p><strong>FALLO:<\/strong> La denuncia de impedimento de contacto, frente al contexto de violencia previo. \u201cSe consider\u00f3 que la madre actu\u00f3 de la \u00fanica manera que pudo para preservar la integridad psicof\u00edsica de los peque\u00f1os\u201d. <strong>L.T.G. Impedimento de Contacto Ley 24.270.<\/strong> Juzgado de Garant\u00edas N\u00b06. Lomas de Zamora, 11 de agosto de 2022. Jueza Interviniente: Laura Ver\u00f3nica Ninni.<\/p>\n<p>Por\u00a0<a href=\"https:\/\/diariofemenino.com.ar\/df\/?s=Fallo\">Erica P\u00e9rez<\/a>*<br \/>\nSolicitar <em><strong>fallo completo<\/strong><\/em> en los comentarios de esta publicaci\u00f3n.<\/p>\n<figure id=\"attachment_66206\" aria-describedby=\"caption-attachment-66206\" style=\"width: 621px\" class=\"wp-caption aligncenter\"><img loading=\"lazy\" decoding=\"async\" class=\" wp-image-66206\" src=\"https:\/\/diariofemenino.com.ar\/df\/wp-content\/uploads\/2022\/08\/violencia-familiar-responsabilidad-del-Estado-1024x578.jpg\" alt=\"La denuncia de impedimento de contacto, frente al contexto de violencia previo\" width=\"621\" height=\"351\" srcset=\"https:\/\/diariofemenino.com.ar\/df\/wp-content\/uploads\/2022\/08\/violencia-familiar-responsabilidad-del-Estado-1024x578.jpg 1024w, https:\/\/diariofemenino.com.ar\/df\/wp-content\/uploads\/2022\/08\/violencia-familiar-responsabilidad-del-Estado-300x169.jpg 300w, https:\/\/diariofemenino.com.ar\/df\/wp-content\/uploads\/2022\/08\/violencia-familiar-responsabilidad-del-Estado-768x433.jpg 768w, https:\/\/diariofemenino.com.ar\/df\/wp-content\/uploads\/2022\/08\/violencia-familiar-responsabilidad-del-Estado.jpg 1172w\" sizes=\"auto, (max-width: 621px) 100vw, 621px\" \/><figcaption id=\"caption-attachment-66206\" class=\"wp-caption-text\">La denuncia de impedimento de contacto, frente al contexto de violencia previo<\/figcaption><\/figure>\n<p><strong>I.-\u00a0 Resumen de los hechos.<\/strong><\/p>\n<p>Se denunci\u00f3 a la progenitora G. por obstruir el v\u00ednculo de los ni\u00f1os con el progenitor no conviviente y que dicha conducta se manten\u00eda en la actualidad. El agente fiscal solicita la elevaci\u00f3n a juicio por encontrar a G. penalmente responsable del delito de infracci\u00f3n a la ley 24.270. La defensa se opuso e inst\u00f3 su sobreseimiento, argumentando fundamentalmente que <strong>se ha investigado sin perspectiva de g\u00e9nero y sin haberse tenido en cuenta las denuncias anteriores efectuadas <\/strong>por su defendida contra H.<\/p>\n<p><strong>II.- La situaci\u00f3n procesal de G.<\/strong><\/p>\n<p>Es necesario hacer una rese\u00f1a de los antecedentes del caso a fin de lograr una mayor comprensi\u00f3n. El <strong>11 de abril de 2020<\/strong>, es decir varios meses antes del inicio de la presente, la imputada radic\u00f3 la denuncia que originar\u00e1 la IPP. en la cual interviene el juzgado de Garant\u00edas N\u00b05 y se encuentra en pleno tr\u00e1mite. All\u00ed relat\u00f3 diversos hechos de violencia que protagoniz\u00f3 H. hacia ella y sus hijos menores de edad.<\/p>\n<p>Luego en sede judicial G. ratific\u00f3 dicha denuncia y agreg\u00f3 que comenz\u00f3 a notar comportamientos de diversas expresiones de tipo sexual por parte del progenitor. Tambi\u00e9n expuso haber sufrido <a href=\"https:\/\/diariofemenino.com.ar\/df\/comentario-juridico-sobre-fallo-suspension-de-la-responsabilidad-parental-por-ejercer-violencia-contra-la-progenitora\/\">violencia<\/a> ps\u00edquica, econ\u00f3mica y moral por parte de H. lo que motiv\u00f3 su separaci\u00f3n.<\/p>\n<p>En el marco del expediente del juzgado de Familia N\u00b07, las partes involucradas \u201cacordaron\u201d (el entrecomillado responde a que la aqu\u00ed imputada G. compareci\u00f3 a dicha audiencia sin patrocinio letrado, tal como surge del acta labrada al efecto) ante la consejera de Familia, fij\u00e1ndose un r\u00e9gimen de comunicaci\u00f3n paterno filial provisorio, consistente en que los ni\u00f1os serian retirados del domicilio materno.<\/p>\n<p>Asimismo y atento al per\u00edmetro de exclusi\u00f3n fijado previamente para con H. por la propia justicia de familia, as\u00ed como la reticencia de G. a que el contacto se desarrolle sin la presencia de otros terceros adultos (tal como surge de la mentada acta), se estableci\u00f3 que dicho r\u00e9gimen se llevar\u00eda a cabo con la colaboraci\u00f3n de los t\u00edos y abuelos paternos quienes pasar\u00edan a su domicilio a retirar a los ni\u00f1os.<\/p>\n<p>El 1 de octubre H. efectu\u00f3 la primera denuncia contra G. por infracci\u00f3n a la ley 24.270. Luego el 10 de noviembre de 2020, H. realiz\u00f3 una nueva denuncia contra G. que origin\u00f3 la presente causa.<\/p>\n<p>Paralelamente en la IPP en la que H. es imputado y G. denunciante, el 10 de enero de 2022, el juez de Garant\u00edas all\u00ed interviniente, dispuso con fundamento en la denuncia y un video presentado por G. en donde se visualiza parte de las situaciones narradas. La prohibici\u00f3n de acercamiento de H. a menos de 200 metros de la Sra. G. y de sus hijos, debiendo abstenerse de mantener todo tipo de contacto con ella y su n\u00facleo familiar \u2026 por el tiempo que dure el proceso\u2026al tiempo que se realiz\u00f3 una entrevista bajo la modalidad de C\u00e1mara Gesell para con los menores involucrados.<\/p>\n<p><strong>II.- El contexto de violencia previo como prisma en las actuaciones de la progenitora.<\/strong><\/p>\n<p>Con todo lo hasta aqu\u00ed explicado, nos encontramos hoy frente a una requisitoria fiscal de elevaci\u00f3n a juicio en la presente causa por el delito de impedimento de contacto, <strong>a la que entiendo no puede corresponderle otra resoluci\u00f3n que no sea el sobreseimiento de G.<\/strong> como lo ha solicitado su defensa.<\/p>\n<p>Es que estoy persuadida de que <strong>en el contexto descrito<\/strong> renglones arriba, una decisi\u00f3n diferente a la desvinculaci\u00f3n de la nombrada en el expediente, ser\u00eda pr\u00e1cticamente <strong>un acto de violencia institucional <\/strong>contra esa mujer.<\/p>\n<p>Los jueces debemos ponderar al resolver las cuestiones que nos son sometidas a jurisdicci\u00f3n, las consecuencias que pueden tener, pues ellas podr\u00edan influir directamente en la protecci\u00f3n de la mujer y de los ni\u00f1os o ni\u00f1as.<\/p>\n<p>As\u00ed, es de suma importancia tener presente que la obligaci\u00f3n estatal importa en los casos donde<strong> la cuesti\u00f3n de g\u00e9nero es evidente<\/strong>, el deber de ampliar el prisma y reconocer si se trata de una problem\u00e1tica que, por su transversalidad, se cristaliza de diversas formas y que debe ser seriamente analizada en los supuestos en que se invoque, incluso cuando sea, como en el subexamine, a modo de hip\u00f3tesis defensiva, <strong>de lo contrario, podr\u00eda configurarse aqu\u00ed un contexto de violencia desatendido.<\/strong><\/p>\n<p>Es por eso que la negativa de la imputada de entregar a sus hijos menores al denunciante aquel d\u00eda, no puede ser analizada de manera aislada como tampoco pueden ser tomados de manera tangencial los actos de violencia que protagonizara<\/p>\n<p>el incuso y que fueron por aquella denunciados, pues todo ello forma parte del contexto descripto en el cual, frente a la falta de respuesta oportuna de la justicia, <strong>la madre actu\u00f3 de la \u00fanica manera que pudo para preservar la integridad psicof\u00edsica de los peque\u00f1os.<\/strong> No puede soslayarse que eso mismo fue lo que luego se pretendi\u00f3 resguardar con la manda judicial dictada en el mentado expediente que le prohib\u00eda a H. acercarse tanto a G. como a los ni\u00f1os, aunque dicho decisorio conforme lo hiciera saber la propia defensa fuera revocado por la sala II de la Excma. C\u00e1mara del fuero.<\/p>\n<p>En tal sentido, notese que como se explico en renglones arriba, <strong>fue la imputada quien recurri\u00f3 a la justicia en primer t\u00e9rmino a denunciar los hechos <\/strong>que derivaron en el informe psicol\u00f3gico citado precedentemente y en la imposici\u00f3n tanto en sede civil, como en sede penal, de sendas restricciones de acercamiento respecto de H., tanto hacia ella como hacia los hijos de ambos.<\/p>\n<p>Insisto entonces en que la conducta desplegada por G. al momento de negarse a entregar a sus hijos menores de edad al denunciante, aconsejada incluso para as\u00ed hacerlo -seg\u00fan explic\u00f3 en su descargo &#8211; por su letrada y por su terapeuta que estaba enterados de lo que suced\u00eda, necesariamente debe merituarse desde una perspectiva m\u00e1s amplia, <strong>teniendo en consideraci\u00f3n tambi\u00e9n su contexto.<\/strong><\/p>\n<p>Por todo lo expuesto hasta aqu\u00ed, entiendo que el hecho atribuido a G. en el contexto rese\u00f1ado, no puede constituir el delito en estudio.<\/p>\n<p>Corresponde entonces resolver como lo peticiona la defensa, en virtud de los normado por el inciso tercero del art\u00edculo 323 del c\u00f3digo de rito.<\/p>\n<p>Por lo que Resuelvo<\/p>\n<p><strong>NO HACER LUGAR<\/strong> al requerimiento de la elevaci\u00f3n a juicio impetrado por el agente Fiscal interviniente.<\/p>\n<p><strong>SOBRESEER<\/strong> a G., de las dem\u00e1s condiciones personales de autos, en orden al hecho por el cual fuera formalmente imputada (Arts. 323 inciso tercero del C.P.P)<\/p>\n<p>Reg\u00edstrese Y Notif\u00edquese.<\/p>\n<p><strong>IV.- Conclusiones: <\/strong><\/p>\n<p>La ley 24.270 sancionada en 1993, introdujo el delito de impedimento de contacto de hijos menores de edad con sus padres no convivientes. La cr\u00edtica se sit\u00faa en la no adecuada intervenci\u00f3n de un derecho penal, para el tratamiento de cuestiones relacionadas al \u00e1mbito de familia, siendo estos juzgados por el principio de especialidad los m\u00e1s adecuados para el abordaje interdisciplinario de dichos conflictos. Es claro que cuando se presenta una denuncia de este tipo, el proceso ya se encuentra judicializado y tambi\u00e9n hay jurisprudencia que muestra el contexto de violencia previo existente, que en algunos casos motiv\u00f3 a la suspensi\u00f3n del r\u00e9gimen de comunicaci\u00f3n a los fines de preservar f\u00edsica y psicol\u00f3gicamente a ni\u00f1as y ni\u00f1os.<\/p>\n<p>Que\u00a0 la sanci\u00f3n penal establecida va contra el derecho que intentan preservar, en cuanto separa a uno de los progenitores del ni\u00f1o, ni\u00f1a o adolescente. [1]<\/p>\n<p>La perspectiva de g\u00e9nero en todos los \u00e1mbitos judiciales resulta fundamental para poder ampliar la mirada al contexto previo y visualizar la afectaci\u00f3n de derechos basados en la desigualdades existentes, siendo que llevar al \u00e1mbito penal cuestiones atravesadas por violencia, sin considerarlas perpet\u00faan la misma.<\/p>\n<p><strong>Referencias bibliogr\u00e1ficas<br \/>\n<\/strong><strong>[1]<\/strong><a href=\"https:\/\/www.pensamientopenal.com.ar\/system\/files\/2021\/04\/doctrina89057.pdf\">https:\/\/www.pensamientopenal.com.ar\/system\/files\/2021\/04\/doctrina89057.pdf<\/a><\/p>\n<p>(*) Abogada egresada de la UBA.\u00a0<a href=\"https:\/\/blog-ericaperez.blogspot.com\/\">https:\/\/blog-ericaperez.blogspot.com\/<\/a><\/p>\n<p>&nbsp;<\/p>\n","protected":false},"excerpt":{"rendered":"<p>FALLO: La denuncia de impedimento de contacto, frente al contexto de violencia previo. \u201cSe consider\u00f3 que la madre actu\u00f3 de la \u00fanica manera que pudo para preservar la integridad psicof\u00edsica de los peque\u00f1os\u201d. L.T.G. Impedimento de Contacto Ley 24.270. Juzgado de Garant\u00edas N\u00b06. Lomas de Zamora, 11 de agosto de 2022. Jueza Interviniente: Laura Ver\u00f3nica [&hellip;]<\/p>\n","protected":false},"author":4,"featured_media":66207,"comment_status":"open","ping_status":"open","sticky":false,"template":"","format":"standard","meta":{"iawp_total_views":176,"footnotes":""},"categories":[7,1067,178,581,21,592],"tags":[5144,4372,4649,1885,5476,39,2763,38,5475],"class_list":["post-66204","post","type-post","status-publish","format-standard","has-post-thumbnail","hentry","category-actividades","category-agenda-feminista","category-articulos-y-comunicados","category-azul-profundo","category-noticias","category-violencias","tag-comentario-juridico","tag-destacada","tag-erica-perez","tag-fallo","tag-impedimento-de-contacto","tag-justicia","tag-madres-protectoras","tag-violencia-contra-las-mujeres","tag-violencia-sexual-contra-las-infancias"],"nelio_content":{"autoShareEndMode":"never","automationSources":{"useCustomSentences":false,"customSentences":[]},"efiAlt":"","efiUrl":"","followers":[4],"highlights":[],"isAutoShareEnabled":true,"networkImageIds":[],"permalinkQueryArgs":[],"series":[],"suggestedReferences":[]},"yoast_head":"<!-- This site is optimized with the Yoast SEO plugin v27.5 - https:\/\/yoast.com\/product\/yoast-seo-wordpress\/ -->\n<title>La denuncia de impedimento de contacto, frente al contexto de violencia previo - Diario Digital Femenino<\/title>\n<meta name=\"description\" content=\"La denuncia de impedimento de contacto. Una denuncia de impedimento a la que se oponen por existir situaciones de violencia previas.\" \/>\n<meta name=\"robots\" content=\"index, follow, max-snippet:-1, max-image-preview:large, max-video-preview:-1\" \/>\n<link rel=\"canonical\" href=\"https:\/\/diariofemenino.com.ar\/df\/la-denuncia-de-impedimento-de-contacto-frente-al-contexto-de-violencia-previo\/\" \/>\n<meta property=\"og:locale\" content=\"es_ES\" \/>\n<meta property=\"og:type\" content=\"article\" \/>\n<meta property=\"og:title\" content=\"La denuncia de impedimento de contacto, frente al contexto de violencia previo - Diario Digital Femenino\" \/>\n<meta property=\"og:description\" content=\"La denuncia de impedimento de contacto. Una denuncia de impedimento a la que se oponen por existir situaciones de violencia previas.\" \/>\n<meta property=\"og:url\" content=\"https:\/\/diariofemenino.com.ar\/df\/la-denuncia-de-impedimento-de-contacto-frente-al-contexto-de-violencia-previo\/\" \/>\n<meta property=\"og:site_name\" content=\"Diario Digital Femenino\" \/>\n<meta property=\"article:publisher\" content=\"https:\/\/www.facebook.com\/DiarioDigitaFemenino\/\" \/>\n<meta property=\"article:published_time\" content=\"2022-08-28T14:06:55+00:00\" \/>\n<meta property=\"og:image\" content=\"https:\/\/diariofemenino.com.ar\/df\/wp-content\/uploads\/2022\/08\/multimedia.miniatura.ae54fca57033413a.726567696d656e206465207669736974615f6d696e6961747572612e6a7067.jpg\" \/>\n\t<meta property=\"og:image:width\" content=\"640\" \/>\n\t<meta property=\"og:image:height\" content=\"330\" \/>\n\t<meta property=\"og:image:type\" content=\"image\/jpeg\" \/>\n<meta name=\"author\" content=\"Admin\" \/>\n<meta name=\"twitter:card\" content=\"summary_large_image\" \/>\n<meta name=\"twitter:creator\" content=\"@DiarioFemenino1\" \/>\n<meta name=\"twitter:site\" content=\"@DiarioFemenino1\" \/>\n<meta name=\"twitter:label1\" content=\"Escrito por\" \/>\n\t<meta name=\"twitter:data1\" content=\"Admin\" \/>\n\t<meta name=\"twitter:label2\" content=\"Tiempo de lectura\" \/>\n\t<meta name=\"twitter:data2\" content=\"7 minutos\" \/>\n<script type=\"application\/ld+json\" class=\"yoast-schema-graph\">{\"@context\":\"https:\\\/\\\/schema.org\",\"@graph\":[{\"@type\":\"Article\",\"@id\":\"https:\\\/\\\/diariofemenino.com.ar\\\/df\\\/la-denuncia-de-impedimento-de-contacto-frente-al-contexto-de-violencia-previo\\\/#article\",\"isPartOf\":{\"@id\":\"https:\\\/\\\/diariofemenino.com.ar\\\/df\\\/la-denuncia-de-impedimento-de-contacto-frente-al-contexto-de-violencia-previo\\\/\"},\"author\":{\"name\":\"Admin\",\"@id\":\"https:\\\/\\\/diariofemenino.com.ar\\\/df\\\/#\\\/schema\\\/person\\\/bf6199e8158c657ea6f789b11ec85509\"},\"headline\":\"La denuncia de impedimento de contacto, frente al contexto de violencia previo\",\"datePublished\":\"2022-08-28T14:06:55+00:00\",\"mainEntityOfPage\":{\"@id\":\"https:\\\/\\\/diariofemenino.com.ar\\\/df\\\/la-denuncia-de-impedimento-de-contacto-frente-al-contexto-de-violencia-previo\\\/\"},\"wordCount\":1459,\"commentCount\":15,\"publisher\":{\"@id\":\"https:\\\/\\\/diariofemenino.com.ar\\\/df\\\/#organization\"},\"image\":{\"@id\":\"https:\\\/\\\/diariofemenino.com.ar\\\/df\\\/la-denuncia-de-impedimento-de-contacto-frente-al-contexto-de-violencia-previo\\\/#primaryimage\"},\"thumbnailUrl\":\"https:\\\/\\\/diariofemenino.com.ar\\\/df\\\/wp-content\\\/uploads\\\/2022\\\/08\\\/multimedia.miniatura.ae54fca57033413a.726567696d656e206465207669736974615f6d696e6961747572612e6a7067.jpg\",\"keywords\":[\"Comentario jur\u00eddico\",\"Destacada\",\"Erica P\u00e9rez\",\"Fallo\",\"Impedimento de contacto\",\"Justicia\",\"Madres Protectoras\",\"Violencia contra las mujeres\",\"Violencia sexual contra las Infancias\"],\"articleSection\":[\"Actividades\",\"Agenda Feminista\",\"Art\u00edculos y Comunicados\",\"Azul Profundo\",\"Noticias\",\"Violencias\"],\"inLanguage\":\"es\",\"potentialAction\":[{\"@type\":\"CommentAction\",\"name\":\"Comment\",\"target\":[\"https:\\\/\\\/diariofemenino.com.ar\\\/df\\\/la-denuncia-de-impedimento-de-contacto-frente-al-contexto-de-violencia-previo\\\/#respond\"]}]},{\"@type\":\"WebPage\",\"@id\":\"https:\\\/\\\/diariofemenino.com.ar\\\/df\\\/la-denuncia-de-impedimento-de-contacto-frente-al-contexto-de-violencia-previo\\\/\",\"url\":\"https:\\\/\\\/diariofemenino.com.ar\\\/df\\\/la-denuncia-de-impedimento-de-contacto-frente-al-contexto-de-violencia-previo\\\/\",\"name\":\"La denuncia de impedimento de contacto, frente al contexto de violencia previo - Diario Digital Femenino\",\"isPartOf\":{\"@id\":\"https:\\\/\\\/diariofemenino.com.ar\\\/df\\\/#website\"},\"primaryImageOfPage\":{\"@id\":\"https:\\\/\\\/diariofemenino.com.ar\\\/df\\\/la-denuncia-de-impedimento-de-contacto-frente-al-contexto-de-violencia-previo\\\/#primaryimage\"},\"image\":{\"@id\":\"https:\\\/\\\/diariofemenino.com.ar\\\/df\\\/la-denuncia-de-impedimento-de-contacto-frente-al-contexto-de-violencia-previo\\\/#primaryimage\"},\"thumbnailUrl\":\"https:\\\/\\\/diariofemenino.com.ar\\\/df\\\/wp-content\\\/uploads\\\/2022\\\/08\\\/multimedia.miniatura.ae54fca57033413a.726567696d656e206465207669736974615f6d696e6961747572612e6a7067.jpg\",\"datePublished\":\"2022-08-28T14:06:55+00:00\",\"description\":\"La denuncia de impedimento de contacto. Una denuncia de impedimento a la que se oponen por existir situaciones de violencia previas.\",\"breadcrumb\":{\"@id\":\"https:\\\/\\\/diariofemenino.com.ar\\\/df\\\/la-denuncia-de-impedimento-de-contacto-frente-al-contexto-de-violencia-previo\\\/#breadcrumb\"},\"inLanguage\":\"es\",\"potentialAction\":[{\"@type\":\"ReadAction\",\"target\":[\"https:\\\/\\\/diariofemenino.com.ar\\\/df\\\/la-denuncia-de-impedimento-de-contacto-frente-al-contexto-de-violencia-previo\\\/\"]}]},{\"@type\":\"ImageObject\",\"inLanguage\":\"es\",\"@id\":\"https:\\\/\\\/diariofemenino.com.ar\\\/df\\\/la-denuncia-de-impedimento-de-contacto-frente-al-contexto-de-violencia-previo\\\/#primaryimage\",\"url\":\"https:\\\/\\\/diariofemenino.com.ar\\\/df\\\/wp-content\\\/uploads\\\/2022\\\/08\\\/multimedia.miniatura.ae54fca57033413a.726567696d656e206465207669736974615f6d696e6961747572612e6a7067.jpg\",\"contentUrl\":\"https:\\\/\\\/diariofemenino.com.ar\\\/df\\\/wp-content\\\/uploads\\\/2022\\\/08\\\/multimedia.miniatura.ae54fca57033413a.726567696d656e206465207669736974615f6d696e6961747572612e6a7067.jpg\",\"width\":640,\"height\":330,\"caption\":\"La denuncia de impedimento de contacto, frente al contexto de violencia previo\"},{\"@type\":\"BreadcrumbList\",\"@id\":\"https:\\\/\\\/diariofemenino.com.ar\\\/df\\\/la-denuncia-de-impedimento-de-contacto-frente-al-contexto-de-violencia-previo\\\/#breadcrumb\",\"itemListElement\":[{\"@type\":\"ListItem\",\"position\":1,\"name\":\"Portada\",\"item\":\"https:\\\/\\\/diariofemenino.com.ar\\\/df\\\/\"},{\"@type\":\"ListItem\",\"position\":2,\"name\":\"La denuncia de impedimento de contacto, frente al contexto de violencia previo\"}]},{\"@type\":\"WebSite\",\"@id\":\"https:\\\/\\\/diariofemenino.com.ar\\\/df\\\/#website\",\"url\":\"https:\\\/\\\/diariofemenino.com.ar\\\/df\\\/\",\"name\":\"Diario Digital Femenino\",\"description\":\"Cuesti\u00f3n de G\u00e9nero\",\"publisher\":{\"@id\":\"https:\\\/\\\/diariofemenino.com.ar\\\/df\\\/#organization\"},\"potentialAction\":[{\"@type\":\"SearchAction\",\"target\":{\"@type\":\"EntryPoint\",\"urlTemplate\":\"https:\\\/\\\/diariofemenino.com.ar\\\/df\\\/?s={search_term_string}\"},\"query-input\":{\"@type\":\"PropertyValueSpecification\",\"valueRequired\":true,\"valueName\":\"search_term_string\"}}],\"inLanguage\":\"es\"},{\"@type\":\"Organization\",\"@id\":\"https:\\\/\\\/diariofemenino.com.ar\\\/df\\\/#organization\",\"name\":\"Diario Femenino\",\"url\":\"https:\\\/\\\/diariofemenino.com.ar\\\/df\\\/\",\"logo\":{\"@type\":\"ImageObject\",\"inLanguage\":\"es\",\"@id\":\"https:\\\/\\\/diariofemenino.com.ar\\\/df\\\/#\\\/schema\\\/logo\\\/image\\\/\",\"url\":\"https:\\\/\\\/diariofemenino.com.ar\\\/df\\\/wp-content\\\/uploads\\\/2018\\\/10\\\/logo.png\",\"contentUrl\":\"https:\\\/\\\/diariofemenino.com.ar\\\/df\\\/wp-content\\\/uploads\\\/2018\\\/10\\\/logo.png\",\"width\":500,\"height\":92,\"caption\":\"Diario Femenino\"},\"image\":{\"@id\":\"https:\\\/\\\/diariofemenino.com.ar\\\/df\\\/#\\\/schema\\\/logo\\\/image\\\/\"},\"sameAs\":[\"https:\\\/\\\/www.facebook.com\\\/DiarioDigitaFemenino\\\/\",\"https:\\\/\\\/x.com\\\/DiarioFemenino1\"]},{\"@type\":\"Person\",\"@id\":\"https:\\\/\\\/diariofemenino.com.ar\\\/df\\\/#\\\/schema\\\/person\\\/bf6199e8158c657ea6f789b11ec85509\",\"name\":\"Admin\",\"image\":{\"@type\":\"ImageObject\",\"inLanguage\":\"es\",\"@id\":\"https:\\\/\\\/diariofemenino.com.ar\\\/df\\\/wp-content\\\/uploads\\\/2018\\\/12\\\/favicon-150x150.jpg\",\"url\":\"https:\\\/\\\/diariofemenino.com.ar\\\/df\\\/wp-content\\\/uploads\\\/2018\\\/12\\\/favicon-150x150.jpg\",\"contentUrl\":\"https:\\\/\\\/diariofemenino.com.ar\\\/df\\\/wp-content\\\/uploads\\\/2018\\\/12\\\/favicon-150x150.jpg\",\"caption\":\"Admin\"},\"url\":\"https:\\\/\\\/diariofemenino.com.ar\\\/df\\\/author\\\/lenny\\\/\"}]}<\/script>\n<!-- \/ Yoast SEO plugin. -->","yoast_head_json":{"title":"La denuncia de impedimento de contacto, frente al contexto de violencia previo - Diario Digital Femenino","description":"La denuncia de impedimento de contacto. Una denuncia de impedimento a la que se oponen por existir situaciones de violencia previas.","robots":{"index":"index","follow":"follow","max-snippet":"max-snippet:-1","max-image-preview":"max-image-preview:large","max-video-preview":"max-video-preview:-1"},"canonical":"https:\/\/diariofemenino.com.ar\/df\/la-denuncia-de-impedimento-de-contacto-frente-al-contexto-de-violencia-previo\/","og_locale":"es_ES","og_type":"article","og_title":"La denuncia de impedimento de contacto, frente al contexto de violencia previo - Diario Digital Femenino","og_description":"La denuncia de impedimento de contacto. Una denuncia de impedimento a la que se oponen por existir situaciones de violencia previas.","og_url":"https:\/\/diariofemenino.com.ar\/df\/la-denuncia-de-impedimento-de-contacto-frente-al-contexto-de-violencia-previo\/","og_site_name":"Diario Digital Femenino","article_publisher":"https:\/\/www.facebook.com\/DiarioDigitaFemenino\/","article_published_time":"2022-08-28T14:06:55+00:00","og_image":[{"width":640,"height":330,"url":"https:\/\/diariofemenino.com.ar\/df\/wp-content\/uploads\/2022\/08\/multimedia.miniatura.ae54fca57033413a.726567696d656e206465207669736974615f6d696e6961747572612e6a7067.jpg","type":"image\/jpeg"}],"author":"Admin","twitter_card":"summary_large_image","twitter_creator":"@DiarioFemenino1","twitter_site":"@DiarioFemenino1","twitter_misc":{"Escrito por":"Admin","Tiempo de lectura":"7 minutos"},"schema":{"@context":"https:\/\/schema.org","@graph":[{"@type":"Article","@id":"https:\/\/diariofemenino.com.ar\/df\/la-denuncia-de-impedimento-de-contacto-frente-al-contexto-de-violencia-previo\/#article","isPartOf":{"@id":"https:\/\/diariofemenino.com.ar\/df\/la-denuncia-de-impedimento-de-contacto-frente-al-contexto-de-violencia-previo\/"},"author":{"name":"Admin","@id":"https:\/\/diariofemenino.com.ar\/df\/#\/schema\/person\/bf6199e8158c657ea6f789b11ec85509"},"headline":"La denuncia de impedimento de contacto, frente al contexto de violencia previo","datePublished":"2022-08-28T14:06:55+00:00","mainEntityOfPage":{"@id":"https:\/\/diariofemenino.com.ar\/df\/la-denuncia-de-impedimento-de-contacto-frente-al-contexto-de-violencia-previo\/"},"wordCount":1459,"commentCount":15,"publisher":{"@id":"https:\/\/diariofemenino.com.ar\/df\/#organization"},"image":{"@id":"https:\/\/diariofemenino.com.ar\/df\/la-denuncia-de-impedimento-de-contacto-frente-al-contexto-de-violencia-previo\/#primaryimage"},"thumbnailUrl":"https:\/\/diariofemenino.com.ar\/df\/wp-content\/uploads\/2022\/08\/multimedia.miniatura.ae54fca57033413a.726567696d656e206465207669736974615f6d696e6961747572612e6a7067.jpg","keywords":["Comentario jur\u00eddico","Destacada","Erica P\u00e9rez","Fallo","Impedimento de contacto","Justicia","Madres Protectoras","Violencia contra las mujeres","Violencia sexual contra las Infancias"],"articleSection":["Actividades","Agenda Feminista","Art\u00edculos y Comunicados","Azul Profundo","Noticias","Violencias"],"inLanguage":"es","potentialAction":[{"@type":"CommentAction","name":"Comment","target":["https:\/\/diariofemenino.com.ar\/df\/la-denuncia-de-impedimento-de-contacto-frente-al-contexto-de-violencia-previo\/#respond"]}]},{"@type":"WebPage","@id":"https:\/\/diariofemenino.com.ar\/df\/la-denuncia-de-impedimento-de-contacto-frente-al-contexto-de-violencia-previo\/","url":"https:\/\/diariofemenino.com.ar\/df\/la-denuncia-de-impedimento-de-contacto-frente-al-contexto-de-violencia-previo\/","name":"La denuncia de impedimento de contacto, frente al contexto de violencia previo - Diario Digital Femenino","isPartOf":{"@id":"https:\/\/diariofemenino.com.ar\/df\/#website"},"primaryImageOfPage":{"@id":"https:\/\/diariofemenino.com.ar\/df\/la-denuncia-de-impedimento-de-contacto-frente-al-contexto-de-violencia-previo\/#primaryimage"},"image":{"@id":"https:\/\/diariofemenino.com.ar\/df\/la-denuncia-de-impedimento-de-contacto-frente-al-contexto-de-violencia-previo\/#primaryimage"},"thumbnailUrl":"https:\/\/diariofemenino.com.ar\/df\/wp-content\/uploads\/2022\/08\/multimedia.miniatura.ae54fca57033413a.726567696d656e206465207669736974615f6d696e6961747572612e6a7067.jpg","datePublished":"2022-08-28T14:06:55+00:00","description":"La denuncia de impedimento de contacto. Una denuncia de impedimento a la que se oponen por existir situaciones de violencia previas.","breadcrumb":{"@id":"https:\/\/diariofemenino.com.ar\/df\/la-denuncia-de-impedimento-de-contacto-frente-al-contexto-de-violencia-previo\/#breadcrumb"},"inLanguage":"es","potentialAction":[{"@type":"ReadAction","target":["https:\/\/diariofemenino.com.ar\/df\/la-denuncia-de-impedimento-de-contacto-frente-al-contexto-de-violencia-previo\/"]}]},{"@type":"ImageObject","inLanguage":"es","@id":"https:\/\/diariofemenino.com.ar\/df\/la-denuncia-de-impedimento-de-contacto-frente-al-contexto-de-violencia-previo\/#primaryimage","url":"https:\/\/diariofemenino.com.ar\/df\/wp-content\/uploads\/2022\/08\/multimedia.miniatura.ae54fca57033413a.726567696d656e206465207669736974615f6d696e6961747572612e6a7067.jpg","contentUrl":"https:\/\/diariofemenino.com.ar\/df\/wp-content\/uploads\/2022\/08\/multimedia.miniatura.ae54fca57033413a.726567696d656e206465207669736974615f6d696e6961747572612e6a7067.jpg","width":640,"height":330,"caption":"La denuncia de impedimento de contacto, frente al contexto de violencia previo"},{"@type":"BreadcrumbList","@id":"https:\/\/diariofemenino.com.ar\/df\/la-denuncia-de-impedimento-de-contacto-frente-al-contexto-de-violencia-previo\/#breadcrumb","itemListElement":[{"@type":"ListItem","position":1,"name":"Portada","item":"https:\/\/diariofemenino.com.ar\/df\/"},{"@type":"ListItem","position":2,"name":"La denuncia de impedimento de contacto, frente al contexto de violencia previo"}]},{"@type":"WebSite","@id":"https:\/\/diariofemenino.com.ar\/df\/#website","url":"https:\/\/diariofemenino.com.ar\/df\/","name":"Diario Digital Femenino","description":"Cuesti\u00f3n de G\u00e9nero","publisher":{"@id":"https:\/\/diariofemenino.com.ar\/df\/#organization"},"potentialAction":[{"@type":"SearchAction","target":{"@type":"EntryPoint","urlTemplate":"https:\/\/diariofemenino.com.ar\/df\/?s={search_term_string}"},"query-input":{"@type":"PropertyValueSpecification","valueRequired":true,"valueName":"search_term_string"}}],"inLanguage":"es"},{"@type":"Organization","@id":"https:\/\/diariofemenino.com.ar\/df\/#organization","name":"Diario Femenino","url":"https:\/\/diariofemenino.com.ar\/df\/","logo":{"@type":"ImageObject","inLanguage":"es","@id":"https:\/\/diariofemenino.com.ar\/df\/#\/schema\/logo\/image\/","url":"https:\/\/diariofemenino.com.ar\/df\/wp-content\/uploads\/2018\/10\/logo.png","contentUrl":"https:\/\/diariofemenino.com.ar\/df\/wp-content\/uploads\/2018\/10\/logo.png","width":500,"height":92,"caption":"Diario Femenino"},"image":{"@id":"https:\/\/diariofemenino.com.ar\/df\/#\/schema\/logo\/image\/"},"sameAs":["https:\/\/www.facebook.com\/DiarioDigitaFemenino\/","https:\/\/x.com\/DiarioFemenino1"]},{"@type":"Person","@id":"https:\/\/diariofemenino.com.ar\/df\/#\/schema\/person\/bf6199e8158c657ea6f789b11ec85509","name":"Admin","image":{"@type":"ImageObject","inLanguage":"es","@id":"https:\/\/diariofemenino.com.ar\/df\/wp-content\/uploads\/2018\/12\/favicon-150x150.jpg","url":"https:\/\/diariofemenino.com.ar\/df\/wp-content\/uploads\/2018\/12\/favicon-150x150.jpg","contentUrl":"https:\/\/diariofemenino.com.ar\/df\/wp-content\/uploads\/2018\/12\/favicon-150x150.jpg","caption":"Admin"},"url":"https:\/\/diariofemenino.com.ar\/df\/author\/lenny\/"}]}},"jetpack_featured_media_url":"https:\/\/diariofemenino.com.ar\/df\/wp-content\/uploads\/2022\/08\/multimedia.miniatura.ae54fca57033413a.726567696d656e206465207669736974615f6d696e6961747572612e6a7067.jpg","jetpack_sharing_enabled":true,"rttpg_featured_image_url":{"full":["https:\/\/diariofemenino.com.ar\/df\/wp-content\/uploads\/2022\/08\/multimedia.miniatura.ae54fca57033413a.726567696d656e206465207669736974615f6d696e6961747572612e6a7067.jpg",640,330,false],"landscape":["https:\/\/diariofemenino.com.ar\/df\/wp-content\/uploads\/2022\/08\/multimedia.miniatura.ae54fca57033413a.726567696d656e206465207669736974615f6d696e6961747572612e6a7067.jpg",640,330,false],"portraits":["https:\/\/diariofemenino.com.ar\/df\/wp-content\/uploads\/2022\/08\/multimedia.miniatura.ae54fca57033413a.726567696d656e206465207669736974615f6d696e6961747572612e6a7067.jpg",640,330,false],"thumbnail":["https:\/\/diariofemenino.com.ar\/df\/wp-content\/uploads\/2022\/08\/multimedia.miniatura.ae54fca57033413a.726567696d656e206465207669736974615f6d696e6961747572612e6a7067-150x150.jpg",150,150,true],"medium":["https:\/\/diariofemenino.com.ar\/df\/wp-content\/uploads\/2022\/08\/multimedia.miniatura.ae54fca57033413a.726567696d656e206465207669736974615f6d696e6961747572612e6a7067-300x155.jpg",300,155,true],"large":["https:\/\/diariofemenino.com.ar\/df\/wp-content\/uploads\/2022\/08\/multimedia.miniatura.ae54fca57033413a.726567696d656e206465207669736974615f6d696e6961747572612e6a7067.jpg",640,330,false],"1536x1536":["https:\/\/diariofemenino.com.ar\/df\/wp-content\/uploads\/2022\/08\/multimedia.miniatura.ae54fca57033413a.726567696d656e206465207669736974615f6d696e6961747572612e6a7067.jpg",640,330,false],"2048x2048":["https:\/\/diariofemenino.com.ar\/df\/wp-content\/uploads\/2022\/08\/multimedia.miniatura.ae54fca57033413a.726567696d656e206465207669736974615f6d696e6961747572612e6a7067.jpg",640,330,false]},"rttpg_author":{"display_name":"Admin","author_link":"https:\/\/diariofemenino.com.ar\/df\/author\/lenny\/"},"rttpg_comment":15,"rttpg_category":"<a href=\"https:\/\/diariofemenino.com.ar\/df\/category\/actividades\/\" rel=\"category tag\">Actividades<\/a> <a href=\"https:\/\/diariofemenino.com.ar\/df\/category\/agenda-feminista\/\" rel=\"category tag\">Agenda Feminista<\/a> <a href=\"https:\/\/diariofemenino.com.ar\/df\/category\/articulos-y-comunicados\/\" rel=\"category tag\">Art\u00edculos y Comunicados<\/a> <a href=\"https:\/\/diariofemenino.com.ar\/df\/category\/azul-profundo\/\" rel=\"category tag\">Azul Profundo<\/a> <a href=\"https:\/\/diariofemenino.com.ar\/df\/category\/noticias\/\" rel=\"category tag\">Noticias<\/a> <a href=\"https:\/\/diariofemenino.com.ar\/df\/category\/violencias\/\" rel=\"category tag\">Violencias<\/a>","rttpg_excerpt":"FALLO: La denuncia de impedimento de contacto, frente al contexto de violencia previo. \u201cSe consider\u00f3 que la madre actu\u00f3 de la \u00fanica manera que pudo para preservar la integridad psicof\u00edsica de los peque\u00f1os\u201d. L.T.G. Impedimento de Contacto Ley 24.270. Juzgado de Garant\u00edas N\u00b06. Lomas de Zamora, 11 de agosto de 2022. Jueza Interviniente: Laura Ver\u00f3nica&hellip;","_links":{"self":[{"href":"https:\/\/diariofemenino.com.ar\/df\/wp-json\/wp\/v2\/posts\/66204","targetHints":{"allow":["GET"]}}],"collection":[{"href":"https:\/\/diariofemenino.com.ar\/df\/wp-json\/wp\/v2\/posts"}],"about":[{"href":"https:\/\/diariofemenino.com.ar\/df\/wp-json\/wp\/v2\/types\/post"}],"author":[{"embeddable":true,"href":"https:\/\/diariofemenino.com.ar\/df\/wp-json\/wp\/v2\/users\/4"}],"replies":[{"embeddable":true,"href":"https:\/\/diariofemenino.com.ar\/df\/wp-json\/wp\/v2\/comments?post=66204"}],"version-history":[{"count":0,"href":"https:\/\/diariofemenino.com.ar\/df\/wp-json\/wp\/v2\/posts\/66204\/revisions"}],"wp:featuredmedia":[{"embeddable":true,"href":"https:\/\/diariofemenino.com.ar\/df\/wp-json\/wp\/v2\/media\/66207"}],"wp:attachment":[{"href":"https:\/\/diariofemenino.com.ar\/df\/wp-json\/wp\/v2\/media?parent=66204"}],"wp:term":[{"taxonomy":"category","embeddable":true,"href":"https:\/\/diariofemenino.com.ar\/df\/wp-json\/wp\/v2\/categories?post=66204"},{"taxonomy":"post_tag","embeddable":true,"href":"https:\/\/diariofemenino.com.ar\/df\/wp-json\/wp\/v2\/tags?post=66204"}],"curies":[{"name":"wp","href":"https:\/\/api.w.org\/{rel}","templated":true}]}}