{"id":66181,"date":"2022-08-23T15:18:14","date_gmt":"2022-08-23T18:18:14","guid":{"rendered":"https:\/\/diariofemenino.com.ar\/df\/?p=66181"},"modified":"2022-08-23T15:18:14","modified_gmt":"2022-08-23T18:18:14","slug":"la-transversalidad-del-genero-espacios-y-disputas","status":"publish","type":"post","link":"https:\/\/diariofemenino.com.ar\/df\/la-transversalidad-del-genero-espacios-y-disputas\/","title":{"rendered":"La transversalidad del g\u00e9nero: espacios y disputas"},"content":{"rendered":"<p>Con orgullo y amor, les cuento que sali\u00f3 la preventa de mi primer libro: <em>La transversalidad del g\u00e9nero: espacios y disputas<\/em>, de editorial Sudestada.<\/p>\n<p style=\"text-align: right;\">Lenny C\u00e1ceres<\/p>\n<p><strong>LA TRANSVERSALIDAD DEL G\u00c9NERO. Espacios y disputas<br \/>\n<a href=\"https:\/\/diariofemenino.com.ar\/df\/?s=Lenny+C%C3%A1ceres\">Lenny C\u00e1ceres<\/a><br \/>\nPreventa (Sale el 5\/9\/22)<\/strong><br \/>\n(Ingresar con un click en la portada)<\/p>\n<figure id=\"attachment_66182\" aria-describedby=\"caption-attachment-66182\" style=\"width: 327px\" class=\"wp-caption alignleft\"><a href=\"https:\/\/www.libreriasudestada.com.ar\/productos\/la-transversalidad-del-genero-de-lenny-caceres\/\"><img loading=\"lazy\" decoding=\"async\" class=\"wp-image-66182\" src=\"https:\/\/diariofemenino.com.ar\/df\/wp-content\/uploads\/2022\/08\/preventa-lenny1-ad465c70fed949f18116612736756790-640-0.jpg\" alt=\"La transversalidad del g\u00e9nero: espacios y disputas\" width=\"327\" height=\"477\" srcset=\"https:\/\/diariofemenino.com.ar\/df\/wp-content\/uploads\/2022\/08\/preventa-lenny1-ad465c70fed949f18116612736756790-640-0.jpg 640w, https:\/\/diariofemenino.com.ar\/df\/wp-content\/uploads\/2022\/08\/preventa-lenny1-ad465c70fed949f18116612736756790-640-0-206x300.jpg 206w\" sizes=\"auto, (max-width: 327px) 100vw, 327px\" \/><\/a><figcaption id=\"caption-attachment-66182\" class=\"wp-caption-text\">La transversalidad del g\u00e9nero: espacios y disputas<\/figcaption><\/figure>\n<p>La periodista pampeana Lenny C\u00e1ceres convoca en este libro a muchas de las voces territoriales que han sido silenciadas durante siglos. Palabras que construyen una red que las sostiene y les brinda las herramientas para gritar juntas contra la violencia machista. Frente a la sumisi\u00f3n a la que el patriarcado ha destinado a las mujeres, estas p\u00e1ginas dan lugar a la voz colectiva, esa que se vuelve necesaria cuando los cuerpos siguen siendo violentados por las instituciones, por los medios hegem\u00f3nicos y por el propio Estado que, muchas veces, sigue mirando hacia otro lado cuando a diario, a las mujeres y diversidades sexuales, las siguen convirtiendo en estad\u00edstica y placa roja. \u201cEl periodismo feminista lleg\u00f3 para desnudar al patriarcado, contar sus formas y sus trampas\u201d, nos dice la autora mientras despliega las claves para entender no solo un presente que atraviesa los cuerpos, sino adem\u00e1s la importancia de mirar hacia atr\u00e1s y entender cu\u00e1l es el origen la opresi\u00f3n.<\/p>\n<p>Este libro presta la voz, escribe <strong>Nadia Maribel Mu\u00f1oz<\/strong> en el pr\u00f3logo. Un inventario de recursos, entrevistas y art\u00edculos period\u00edsticos, construyen un encuentro de palabras que muestra las experiencias individuales y los hilos colectivos con los cuales se van tejiendo las tramas de las femineidades.<\/p>\n<p>En La transversalidad del g\u00e9nero, la autora nos muestra el camino recorrido por esos territorios que conoce y disputa para seguir sumando a la lucha transfeminista, poniendo este entramado en primera plana. Las hace visibles para sacarlas del lugar del silencio. \u201cEs la visibilizaci\u00f3n y el reconocimiento de las m\u00faltiples formas de opresi\u00f3n que puede experimentar una mujer, las cuales se articulan, transversalizan y terminan profundizando a\u00fan m\u00e1s la ya existente \u2013desde el nacimiento\u2013 opresi\u00f3n sexista\u201d, explic\u00f3 la escritora venezolana Esther Pineda. En un contexto donde la sociedad intenta reconstruirse, las mujeres escritoras toman protagonismo disputando esos lugares hist\u00f3ricamente ocupados por varones. Ning\u00fan espacio ser\u00e1 cedido. Las calles y los territorios siguen siendo el espacio donde los derechos ser\u00e1n conquistados.<\/p>\n<p>Tama\u00f1o 16x23cm. \/ A\u00f1o 2022 \/ P\u00e1gs. 192 \/ ISBN 9789878409504<\/p>\n<p><em><strong>Lenny C\u00e1ceres<\/strong><br \/>\nNaci\u00f3 en Chichinales, R\u00edo Negro. Desde 1979 reside en Santa Rosa, La Pampa. Es periodista feminista. Fundadora, directora de <a href=\"https:\/\/diariofemenino.com.ar\/df\/category\/biblioteca\/\">Diario Digital Femenino<\/a> creado en 2012. Dicta cursos, talleres y conferencias nacionales e internacionales. Es coautora de diversos cuadernillos sobre G\u00e9nero y Derechos Humanos para organismos oficiales de La Pampa y autora de la Gu\u00eda pr\u00e1ctica y urgente para un periodismo respetuoso y respetable y su reedici\u00f3n Gu\u00eda pr\u00e1ctica y urgente para evitar la violencia simb\u00f3lica en \u00e1reas de prensa y medios de comunicaci\u00f3n.<br \/>\nIG <a href=\"https:\/\/www.instagram.com\/lennycaceres69\/\">@lennycaceres69.<\/a><\/em>Web Personal: <a href=\"https:\/\/lennycaceres.com.ar\/\">Lenny C\u00e1ceres<\/a><\/p>\n<p>Link para compra:\u00a0<a href=\"https:\/\/www.libreriasudestada.com.ar\/productos\/la-transversalidad-del-genero-de-lenny-caceres\/\"><strong>LA TRANSVERSALIDAD DEL G\u00c9NERO. Espacios y disputas<\/strong><\/a><\/p>\n","protected":false},"excerpt":{"rendered":"<p>Con orgullo y amor, les cuento que sali\u00f3 la preventa de mi primer libro: La transversalidad del g\u00e9nero: espacios y disputas, de editorial Sudestada. Lenny C\u00e1ceres LA TRANSVERSALIDAD DEL G\u00c9NERO. Espacios y disputas Lenny C\u00e1ceres Preventa (Sale el 5\/9\/22) (Ingresar con un click en la portada) La periodista pampeana Lenny C\u00e1ceres convoca en este libro [&hellip;]<\/p>\n","protected":false},"author":4,"featured_media":66182,"comment_status":"open","ping_status":"open","sticky":false,"template":"","format":"standard","meta":{"iawp_total_views":48,"footnotes":""},"categories":[7,1067,581,19,9,3,8,627,4,21,580,23,592],"tags":[99,4372,5467,5468,4695,26,5466,534,666,28],"class_list":["post-66181","post","type-post","status-publish","format-standard","has-post-thumbnail","hentry","category-actividades","category-agenda-feminista","category-azul-profundo","category-biblioteca","category-de-esi-si-se-habla","category-de-la-revolucion-al-reaprendizaje","category-entrevistas","category-genero-y-derechos-humanos","category-medios","category-noticias","category-resistencia-verdevioleta","category-salud","category-violencias","tag-comunicacion","tag-destacada","tag-disputas","tag-editorial-sudestada","tag-espacios","tag-feminismo","tag-la-transversalidad-del-genero","tag-lenny-caceres","tag-libro","tag-periodismo"],"nelio_content":{"autoShareEndMode":"never","automationSources":{"useCustomSentences":false,"customSentences":[]},"efiAlt":"","efiUrl":"","followers":[4],"highlights":[],"isAutoShareEnabled":true,"networkImageIds":[],"permalinkQueryArgs":[],"series":[],"suggestedReferences":[]},"yoast_head":"<!-- This site is optimized with the Yoast SEO plugin v27.5 - https:\/\/yoast.com\/product\/yoast-seo-wordpress\/ -->\n<title>La transversalidad del g\u00e9nero: espacios y disputas - Diario Digital Femenino<\/title>\n<meta name=\"description\" content=\"La transversalidad del g\u00e9nero, libro de Lenny C\u00e1ceres, con pr\u00f3logo de Nadia Maribel Mu\u00f1oz editador por Editorial Sudestada.\" \/>\n<meta name=\"robots\" content=\"index, follow, max-snippet:-1, max-image-preview:large, max-video-preview:-1\" \/>\n<link rel=\"canonical\" href=\"https:\/\/diariofemenino.com.ar\/df\/la-transversalidad-del-genero-espacios-y-disputas\/\" \/>\n<meta property=\"og:locale\" content=\"es_ES\" \/>\n<meta property=\"og:type\" content=\"article\" \/>\n<meta property=\"og:title\" content=\"La transversalidad del g\u00e9nero: espacios y disputas - Diario Digital Femenino\" \/>\n<meta property=\"og:description\" content=\"La transversalidad del g\u00e9nero, libro de Lenny C\u00e1ceres, con pr\u00f3logo de Nadia Maribel Mu\u00f1oz editador por Editorial Sudestada.\" \/>\n<meta property=\"og:url\" content=\"https:\/\/diariofemenino.com.ar\/df\/la-transversalidad-del-genero-espacios-y-disputas\/\" \/>\n<meta property=\"og:site_name\" content=\"Diario Digital Femenino\" \/>\n<meta property=\"article:publisher\" content=\"https:\/\/www.facebook.com\/DiarioDigitaFemenino\/\" \/>\n<meta property=\"article:published_time\" content=\"2022-08-23T18:18:14+00:00\" \/>\n<meta property=\"og:image\" content=\"https:\/\/diariofemenino.com.ar\/df\/wp-content\/uploads\/2022\/08\/preventa-lenny1-ad465c70fed949f18116612736756790-640-0.jpg\" \/>\n\t<meta property=\"og:image:width\" content=\"640\" \/>\n\t<meta property=\"og:image:height\" content=\"933\" \/>\n\t<meta property=\"og:image:type\" content=\"image\/jpeg\" \/>\n<meta name=\"author\" content=\"Admin\" \/>\n<meta name=\"twitter:card\" content=\"summary_large_image\" \/>\n<meta name=\"twitter:creator\" content=\"@DiarioFemenino1\" \/>\n<meta name=\"twitter:site\" content=\"@DiarioFemenino1\" \/>\n<meta name=\"twitter:label1\" content=\"Escrito por\" \/>\n\t<meta name=\"twitter:data1\" content=\"Admin\" \/>\n\t<meta name=\"twitter:label2\" content=\"Tiempo de lectura\" \/>\n\t<meta name=\"twitter:data2\" content=\"3 minutos\" \/>\n<script type=\"application\/ld+json\" class=\"yoast-schema-graph\">{\"@context\":\"https:\\\/\\\/schema.org\",\"@graph\":[{\"@type\":\"Article\",\"@id\":\"https:\\\/\\\/diariofemenino.com.ar\\\/df\\\/la-transversalidad-del-genero-espacios-y-disputas\\\/#article\",\"isPartOf\":{\"@id\":\"https:\\\/\\\/diariofemenino.com.ar\\\/df\\\/la-transversalidad-del-genero-espacios-y-disputas\\\/\"},\"author\":{\"name\":\"Admin\",\"@id\":\"https:\\\/\\\/diariofemenino.com.ar\\\/df\\\/#\\\/schema\\\/person\\\/bf6199e8158c657ea6f789b11ec85509\"},\"headline\":\"La transversalidad del g\u00e9nero: espacios y disputas\",\"datePublished\":\"2022-08-23T18:18:14+00:00\",\"mainEntityOfPage\":{\"@id\":\"https:\\\/\\\/diariofemenino.com.ar\\\/df\\\/la-transversalidad-del-genero-espacios-y-disputas\\\/\"},\"wordCount\":539,\"commentCount\":0,\"publisher\":{\"@id\":\"https:\\\/\\\/diariofemenino.com.ar\\\/df\\\/#organization\"},\"image\":{\"@id\":\"https:\\\/\\\/diariofemenino.com.ar\\\/df\\\/la-transversalidad-del-genero-espacios-y-disputas\\\/#primaryimage\"},\"thumbnailUrl\":\"https:\\\/\\\/diariofemenino.com.ar\\\/df\\\/wp-content\\\/uploads\\\/2022\\\/08\\\/preventa-lenny1-ad465c70fed949f18116612736756790-640-0.jpg\",\"keywords\":[\"Comunicaci\u00f3n\",\"Destacada\",\"Disputas\",\"Editorial Sudestada\",\"Espacios\",\"Feminismo\",\"La transversalidad del G\u00e9nero\",\"Lenny C\u00e1ceres\",\"Libro\",\"Periodismo\"],\"articleSection\":[\"Actividades\",\"Agenda Feminista\",\"Azul Profundo\",\"Biblioteca Virtual\",\"De ESI S\u00ed Se Habla\",\"De la Revoluci\u00f3n al Reaprendizaje\",\"Entrevistas\",\"G\u00e9nero y Derechos Humanos\",\"Medios\",\"Noticias\",\"Resistencia VerdeVioleta\",\"Salud\",\"Violencias\"],\"inLanguage\":\"es\",\"potentialAction\":[{\"@type\":\"CommentAction\",\"name\":\"Comment\",\"target\":[\"https:\\\/\\\/diariofemenino.com.ar\\\/df\\\/la-transversalidad-del-genero-espacios-y-disputas\\\/#respond\"]}]},{\"@type\":\"WebPage\",\"@id\":\"https:\\\/\\\/diariofemenino.com.ar\\\/df\\\/la-transversalidad-del-genero-espacios-y-disputas\\\/\",\"url\":\"https:\\\/\\\/diariofemenino.com.ar\\\/df\\\/la-transversalidad-del-genero-espacios-y-disputas\\\/\",\"name\":\"La transversalidad del g\u00e9nero: espacios y disputas - Diario Digital Femenino\",\"isPartOf\":{\"@id\":\"https:\\\/\\\/diariofemenino.com.ar\\\/df\\\/#website\"},\"primaryImageOfPage\":{\"@id\":\"https:\\\/\\\/diariofemenino.com.ar\\\/df\\\/la-transversalidad-del-genero-espacios-y-disputas\\\/#primaryimage\"},\"image\":{\"@id\":\"https:\\\/\\\/diariofemenino.com.ar\\\/df\\\/la-transversalidad-del-genero-espacios-y-disputas\\\/#primaryimage\"},\"thumbnailUrl\":\"https:\\\/\\\/diariofemenino.com.ar\\\/df\\\/wp-content\\\/uploads\\\/2022\\\/08\\\/preventa-lenny1-ad465c70fed949f18116612736756790-640-0.jpg\",\"datePublished\":\"2022-08-23T18:18:14+00:00\",\"description\":\"La transversalidad del g\u00e9nero, libro de Lenny C\u00e1ceres, con pr\u00f3logo de Nadia Maribel Mu\u00f1oz editador por Editorial Sudestada.\",\"breadcrumb\":{\"@id\":\"https:\\\/\\\/diariofemenino.com.ar\\\/df\\\/la-transversalidad-del-genero-espacios-y-disputas\\\/#breadcrumb\"},\"inLanguage\":\"es\",\"potentialAction\":[{\"@type\":\"ReadAction\",\"target\":[\"https:\\\/\\\/diariofemenino.com.ar\\\/df\\\/la-transversalidad-del-genero-espacios-y-disputas\\\/\"]}]},{\"@type\":\"ImageObject\",\"inLanguage\":\"es\",\"@id\":\"https:\\\/\\\/diariofemenino.com.ar\\\/df\\\/la-transversalidad-del-genero-espacios-y-disputas\\\/#primaryimage\",\"url\":\"https:\\\/\\\/diariofemenino.com.ar\\\/df\\\/wp-content\\\/uploads\\\/2022\\\/08\\\/preventa-lenny1-ad465c70fed949f18116612736756790-640-0.jpg\",\"contentUrl\":\"https:\\\/\\\/diariofemenino.com.ar\\\/df\\\/wp-content\\\/uploads\\\/2022\\\/08\\\/preventa-lenny1-ad465c70fed949f18116612736756790-640-0.jpg\",\"width\":640,\"height\":933,\"caption\":\"La transversalidad del g\u00e9nero: espacios y disputas\"},{\"@type\":\"BreadcrumbList\",\"@id\":\"https:\\\/\\\/diariofemenino.com.ar\\\/df\\\/la-transversalidad-del-genero-espacios-y-disputas\\\/#breadcrumb\",\"itemListElement\":[{\"@type\":\"ListItem\",\"position\":1,\"name\":\"Portada\",\"item\":\"https:\\\/\\\/diariofemenino.com.ar\\\/df\\\/\"},{\"@type\":\"ListItem\",\"position\":2,\"name\":\"La transversalidad del g\u00e9nero: espacios y disputas\"}]},{\"@type\":\"WebSite\",\"@id\":\"https:\\\/\\\/diariofemenino.com.ar\\\/df\\\/#website\",\"url\":\"https:\\\/\\\/diariofemenino.com.ar\\\/df\\\/\",\"name\":\"Diario Digital Femenino\",\"description\":\"Cuesti\u00f3n de G\u00e9nero\",\"publisher\":{\"@id\":\"https:\\\/\\\/diariofemenino.com.ar\\\/df\\\/#organization\"},\"potentialAction\":[{\"@type\":\"SearchAction\",\"target\":{\"@type\":\"EntryPoint\",\"urlTemplate\":\"https:\\\/\\\/diariofemenino.com.ar\\\/df\\\/?s={search_term_string}\"},\"query-input\":{\"@type\":\"PropertyValueSpecification\",\"valueRequired\":true,\"valueName\":\"search_term_string\"}}],\"inLanguage\":\"es\"},{\"@type\":\"Organization\",\"@id\":\"https:\\\/\\\/diariofemenino.com.ar\\\/df\\\/#organization\",\"name\":\"Diario Femenino\",\"url\":\"https:\\\/\\\/diariofemenino.com.ar\\\/df\\\/\",\"logo\":{\"@type\":\"ImageObject\",\"inLanguage\":\"es\",\"@id\":\"https:\\\/\\\/diariofemenino.com.ar\\\/df\\\/#\\\/schema\\\/logo\\\/image\\\/\",\"url\":\"https:\\\/\\\/diariofemenino.com.ar\\\/df\\\/wp-content\\\/uploads\\\/2018\\\/10\\\/logo.png\",\"contentUrl\":\"https:\\\/\\\/diariofemenino.com.ar\\\/df\\\/wp-content\\\/uploads\\\/2018\\\/10\\\/logo.png\",\"width\":500,\"height\":92,\"caption\":\"Diario Femenino\"},\"image\":{\"@id\":\"https:\\\/\\\/diariofemenino.com.ar\\\/df\\\/#\\\/schema\\\/logo\\\/image\\\/\"},\"sameAs\":[\"https:\\\/\\\/www.facebook.com\\\/DiarioDigitaFemenino\\\/\",\"https:\\\/\\\/x.com\\\/DiarioFemenino1\"]},{\"@type\":\"Person\",\"@id\":\"https:\\\/\\\/diariofemenino.com.ar\\\/df\\\/#\\\/schema\\\/person\\\/bf6199e8158c657ea6f789b11ec85509\",\"name\":\"Admin\",\"image\":{\"@type\":\"ImageObject\",\"inLanguage\":\"es\",\"@id\":\"https:\\\/\\\/diariofemenino.com.ar\\\/df\\\/wp-content\\\/uploads\\\/2018\\\/12\\\/favicon-150x150.jpg\",\"url\":\"https:\\\/\\\/diariofemenino.com.ar\\\/df\\\/wp-content\\\/uploads\\\/2018\\\/12\\\/favicon-150x150.jpg\",\"contentUrl\":\"https:\\\/\\\/diariofemenino.com.ar\\\/df\\\/wp-content\\\/uploads\\\/2018\\\/12\\\/favicon-150x150.jpg\",\"caption\":\"Admin\"},\"url\":\"https:\\\/\\\/diariofemenino.com.ar\\\/df\\\/author\\\/lenny\\\/\"}]}<\/script>\n<!-- \/ Yoast SEO plugin. -->","yoast_head_json":{"title":"La transversalidad del g\u00e9nero: espacios y disputas - Diario Digital Femenino","description":"La transversalidad del g\u00e9nero, libro de Lenny C\u00e1ceres, con pr\u00f3logo de Nadia Maribel Mu\u00f1oz editador por Editorial Sudestada.","robots":{"index":"index","follow":"follow","max-snippet":"max-snippet:-1","max-image-preview":"max-image-preview:large","max-video-preview":"max-video-preview:-1"},"canonical":"https:\/\/diariofemenino.com.ar\/df\/la-transversalidad-del-genero-espacios-y-disputas\/","og_locale":"es_ES","og_type":"article","og_title":"La transversalidad del g\u00e9nero: espacios y disputas - Diario Digital Femenino","og_description":"La transversalidad del g\u00e9nero, libro de Lenny C\u00e1ceres, con pr\u00f3logo de Nadia Maribel Mu\u00f1oz editador por Editorial Sudestada.","og_url":"https:\/\/diariofemenino.com.ar\/df\/la-transversalidad-del-genero-espacios-y-disputas\/","og_site_name":"Diario Digital Femenino","article_publisher":"https:\/\/www.facebook.com\/DiarioDigitaFemenino\/","article_published_time":"2022-08-23T18:18:14+00:00","og_image":[{"width":640,"height":933,"url":"https:\/\/diariofemenino.com.ar\/df\/wp-content\/uploads\/2022\/08\/preventa-lenny1-ad465c70fed949f18116612736756790-640-0.jpg","type":"image\/jpeg"}],"author":"Admin","twitter_card":"summary_large_image","twitter_creator":"@DiarioFemenino1","twitter_site":"@DiarioFemenino1","twitter_misc":{"Escrito por":"Admin","Tiempo de lectura":"3 minutos"},"schema":{"@context":"https:\/\/schema.org","@graph":[{"@type":"Article","@id":"https:\/\/diariofemenino.com.ar\/df\/la-transversalidad-del-genero-espacios-y-disputas\/#article","isPartOf":{"@id":"https:\/\/diariofemenino.com.ar\/df\/la-transversalidad-del-genero-espacios-y-disputas\/"},"author":{"name":"Admin","@id":"https:\/\/diariofemenino.com.ar\/df\/#\/schema\/person\/bf6199e8158c657ea6f789b11ec85509"},"headline":"La transversalidad del g\u00e9nero: espacios y disputas","datePublished":"2022-08-23T18:18:14+00:00","mainEntityOfPage":{"@id":"https:\/\/diariofemenino.com.ar\/df\/la-transversalidad-del-genero-espacios-y-disputas\/"},"wordCount":539,"commentCount":0,"publisher":{"@id":"https:\/\/diariofemenino.com.ar\/df\/#organization"},"image":{"@id":"https:\/\/diariofemenino.com.ar\/df\/la-transversalidad-del-genero-espacios-y-disputas\/#primaryimage"},"thumbnailUrl":"https:\/\/diariofemenino.com.ar\/df\/wp-content\/uploads\/2022\/08\/preventa-lenny1-ad465c70fed949f18116612736756790-640-0.jpg","keywords":["Comunicaci\u00f3n","Destacada","Disputas","Editorial Sudestada","Espacios","Feminismo","La transversalidad del G\u00e9nero","Lenny C\u00e1ceres","Libro","Periodismo"],"articleSection":["Actividades","Agenda Feminista","Azul Profundo","Biblioteca Virtual","De ESI S\u00ed Se Habla","De la Revoluci\u00f3n al Reaprendizaje","Entrevistas","G\u00e9nero y Derechos Humanos","Medios","Noticias","Resistencia VerdeVioleta","Salud","Violencias"],"inLanguage":"es","potentialAction":[{"@type":"CommentAction","name":"Comment","target":["https:\/\/diariofemenino.com.ar\/df\/la-transversalidad-del-genero-espacios-y-disputas\/#respond"]}]},{"@type":"WebPage","@id":"https:\/\/diariofemenino.com.ar\/df\/la-transversalidad-del-genero-espacios-y-disputas\/","url":"https:\/\/diariofemenino.com.ar\/df\/la-transversalidad-del-genero-espacios-y-disputas\/","name":"La transversalidad del g\u00e9nero: espacios y disputas - Diario Digital Femenino","isPartOf":{"@id":"https:\/\/diariofemenino.com.ar\/df\/#website"},"primaryImageOfPage":{"@id":"https:\/\/diariofemenino.com.ar\/df\/la-transversalidad-del-genero-espacios-y-disputas\/#primaryimage"},"image":{"@id":"https:\/\/diariofemenino.com.ar\/df\/la-transversalidad-del-genero-espacios-y-disputas\/#primaryimage"},"thumbnailUrl":"https:\/\/diariofemenino.com.ar\/df\/wp-content\/uploads\/2022\/08\/preventa-lenny1-ad465c70fed949f18116612736756790-640-0.jpg","datePublished":"2022-08-23T18:18:14+00:00","description":"La transversalidad del g\u00e9nero, libro de Lenny C\u00e1ceres, con pr\u00f3logo de Nadia Maribel Mu\u00f1oz editador por Editorial Sudestada.","breadcrumb":{"@id":"https:\/\/diariofemenino.com.ar\/df\/la-transversalidad-del-genero-espacios-y-disputas\/#breadcrumb"},"inLanguage":"es","potentialAction":[{"@type":"ReadAction","target":["https:\/\/diariofemenino.com.ar\/df\/la-transversalidad-del-genero-espacios-y-disputas\/"]}]},{"@type":"ImageObject","inLanguage":"es","@id":"https:\/\/diariofemenino.com.ar\/df\/la-transversalidad-del-genero-espacios-y-disputas\/#primaryimage","url":"https:\/\/diariofemenino.com.ar\/df\/wp-content\/uploads\/2022\/08\/preventa-lenny1-ad465c70fed949f18116612736756790-640-0.jpg","contentUrl":"https:\/\/diariofemenino.com.ar\/df\/wp-content\/uploads\/2022\/08\/preventa-lenny1-ad465c70fed949f18116612736756790-640-0.jpg","width":640,"height":933,"caption":"La transversalidad del g\u00e9nero: espacios y disputas"},{"@type":"BreadcrumbList","@id":"https:\/\/diariofemenino.com.ar\/df\/la-transversalidad-del-genero-espacios-y-disputas\/#breadcrumb","itemListElement":[{"@type":"ListItem","position":1,"name":"Portada","item":"https:\/\/diariofemenino.com.ar\/df\/"},{"@type":"ListItem","position":2,"name":"La transversalidad del g\u00e9nero: espacios y disputas"}]},{"@type":"WebSite","@id":"https:\/\/diariofemenino.com.ar\/df\/#website","url":"https:\/\/diariofemenino.com.ar\/df\/","name":"Diario Digital Femenino","description":"Cuesti\u00f3n de G\u00e9nero","publisher":{"@id":"https:\/\/diariofemenino.com.ar\/df\/#organization"},"potentialAction":[{"@type":"SearchAction","target":{"@type":"EntryPoint","urlTemplate":"https:\/\/diariofemenino.com.ar\/df\/?s={search_term_string}"},"query-input":{"@type":"PropertyValueSpecification","valueRequired":true,"valueName":"search_term_string"}}],"inLanguage":"es"},{"@type":"Organization","@id":"https:\/\/diariofemenino.com.ar\/df\/#organization","name":"Diario Femenino","url":"https:\/\/diariofemenino.com.ar\/df\/","logo":{"@type":"ImageObject","inLanguage":"es","@id":"https:\/\/diariofemenino.com.ar\/df\/#\/schema\/logo\/image\/","url":"https:\/\/diariofemenino.com.ar\/df\/wp-content\/uploads\/2018\/10\/logo.png","contentUrl":"https:\/\/diariofemenino.com.ar\/df\/wp-content\/uploads\/2018\/10\/logo.png","width":500,"height":92,"caption":"Diario Femenino"},"image":{"@id":"https:\/\/diariofemenino.com.ar\/df\/#\/schema\/logo\/image\/"},"sameAs":["https:\/\/www.facebook.com\/DiarioDigitaFemenino\/","https:\/\/x.com\/DiarioFemenino1"]},{"@type":"Person","@id":"https:\/\/diariofemenino.com.ar\/df\/#\/schema\/person\/bf6199e8158c657ea6f789b11ec85509","name":"Admin","image":{"@type":"ImageObject","inLanguage":"es","@id":"https:\/\/diariofemenino.com.ar\/df\/wp-content\/uploads\/2018\/12\/favicon-150x150.jpg","url":"https:\/\/diariofemenino.com.ar\/df\/wp-content\/uploads\/2018\/12\/favicon-150x150.jpg","contentUrl":"https:\/\/diariofemenino.com.ar\/df\/wp-content\/uploads\/2018\/12\/favicon-150x150.jpg","caption":"Admin"},"url":"https:\/\/diariofemenino.com.ar\/df\/author\/lenny\/"}]}},"jetpack_featured_media_url":"https:\/\/diariofemenino.com.ar\/df\/wp-content\/uploads\/2022\/08\/preventa-lenny1-ad465c70fed949f18116612736756790-640-0.jpg","jetpack_sharing_enabled":true,"rttpg_featured_image_url":{"full":["https:\/\/diariofemenino.com.ar\/df\/wp-content\/uploads\/2022\/08\/preventa-lenny1-ad465c70fed949f18116612736756790-640-0.jpg",640,933,false],"landscape":["https:\/\/diariofemenino.com.ar\/df\/wp-content\/uploads\/2022\/08\/preventa-lenny1-ad465c70fed949f18116612736756790-640-0.jpg",640,933,false],"portraits":["https:\/\/diariofemenino.com.ar\/df\/wp-content\/uploads\/2022\/08\/preventa-lenny1-ad465c70fed949f18116612736756790-640-0.jpg",640,933,false],"thumbnail":["https:\/\/diariofemenino.com.ar\/df\/wp-content\/uploads\/2022\/08\/preventa-lenny1-ad465c70fed949f18116612736756790-640-0-150x150.jpg",150,150,true],"medium":["https:\/\/diariofemenino.com.ar\/df\/wp-content\/uploads\/2022\/08\/preventa-lenny1-ad465c70fed949f18116612736756790-640-0-206x300.jpg",206,300,true],"large":["https:\/\/diariofemenino.com.ar\/df\/wp-content\/uploads\/2022\/08\/preventa-lenny1-ad465c70fed949f18116612736756790-640-0.jpg",640,933,false],"1536x1536":["https:\/\/diariofemenino.com.ar\/df\/wp-content\/uploads\/2022\/08\/preventa-lenny1-ad465c70fed949f18116612736756790-640-0.jpg",640,933,false],"2048x2048":["https:\/\/diariofemenino.com.ar\/df\/wp-content\/uploads\/2022\/08\/preventa-lenny1-ad465c70fed949f18116612736756790-640-0.jpg",640,933,false]},"rttpg_author":{"display_name":"Admin","author_link":"https:\/\/diariofemenino.com.ar\/df\/author\/lenny\/"},"rttpg_comment":0,"rttpg_category":"<a href=\"https:\/\/diariofemenino.com.ar\/df\/category\/actividades\/\" rel=\"category tag\">Actividades<\/a> <a href=\"https:\/\/diariofemenino.com.ar\/df\/category\/agenda-feminista\/\" rel=\"category tag\">Agenda Feminista<\/a> <a href=\"https:\/\/diariofemenino.com.ar\/df\/category\/azul-profundo\/\" rel=\"category tag\">Azul Profundo<\/a> <a href=\"https:\/\/diariofemenino.com.ar\/df\/category\/biblioteca\/\" rel=\"category tag\">Biblioteca Virtual<\/a> <a href=\"https:\/\/diariofemenino.com.ar\/df\/category\/de-esi-si-se-habla\/\" rel=\"category tag\">De ESI S\u00ed Se Habla<\/a> <a href=\"https:\/\/diariofemenino.com.ar\/df\/category\/de-la-revolucion-al-reaprendizaje\/\" rel=\"category tag\">De la Revoluci\u00f3n al Reaprendizaje<\/a> <a href=\"https:\/\/diariofemenino.com.ar\/df\/category\/entrevistas\/\" rel=\"category tag\">Entrevistas<\/a> <a href=\"https:\/\/diariofemenino.com.ar\/df\/category\/genero-y-derechos-humanos\/\" rel=\"category tag\">G\u00e9nero y Derechos Humanos<\/a> <a href=\"https:\/\/diariofemenino.com.ar\/df\/category\/medios\/\" rel=\"category tag\">Medios<\/a> <a href=\"https:\/\/diariofemenino.com.ar\/df\/category\/noticias\/\" rel=\"category tag\">Noticias<\/a> <a href=\"https:\/\/diariofemenino.com.ar\/df\/category\/resistencia-verdevioleta\/\" rel=\"category tag\">Resistencia VerdeVioleta<\/a> <a href=\"https:\/\/diariofemenino.com.ar\/df\/category\/salud\/\" rel=\"category tag\">Salud<\/a> <a href=\"https:\/\/diariofemenino.com.ar\/df\/category\/violencias\/\" rel=\"category tag\">Violencias<\/a>","rttpg_excerpt":"Con orgullo y amor, les cuento que sali\u00f3 la preventa de mi primer libro: La transversalidad del g\u00e9nero: espacios y disputas, de editorial Sudestada. Lenny C\u00e1ceres LA TRANSVERSALIDAD DEL G\u00c9NERO. Espacios y disputas Lenny C\u00e1ceres Preventa (Sale el 5\/9\/22) (Ingresar con un click en la portada) La periodista pampeana Lenny C\u00e1ceres convoca en este libro&hellip;","_links":{"self":[{"href":"https:\/\/diariofemenino.com.ar\/df\/wp-json\/wp\/v2\/posts\/66181","targetHints":{"allow":["GET"]}}],"collection":[{"href":"https:\/\/diariofemenino.com.ar\/df\/wp-json\/wp\/v2\/posts"}],"about":[{"href":"https:\/\/diariofemenino.com.ar\/df\/wp-json\/wp\/v2\/types\/post"}],"author":[{"embeddable":true,"href":"https:\/\/diariofemenino.com.ar\/df\/wp-json\/wp\/v2\/users\/4"}],"replies":[{"embeddable":true,"href":"https:\/\/diariofemenino.com.ar\/df\/wp-json\/wp\/v2\/comments?post=66181"}],"version-history":[{"count":0,"href":"https:\/\/diariofemenino.com.ar\/df\/wp-json\/wp\/v2\/posts\/66181\/revisions"}],"wp:featuredmedia":[{"embeddable":true,"href":"https:\/\/diariofemenino.com.ar\/df\/wp-json\/wp\/v2\/media\/66182"}],"wp:attachment":[{"href":"https:\/\/diariofemenino.com.ar\/df\/wp-json\/wp\/v2\/media?parent=66181"}],"wp:term":[{"taxonomy":"category","embeddable":true,"href":"https:\/\/diariofemenino.com.ar\/df\/wp-json\/wp\/v2\/categories?post=66181"},{"taxonomy":"post_tag","embeddable":true,"href":"https:\/\/diariofemenino.com.ar\/df\/wp-json\/wp\/v2\/tags?post=66181"}],"curies":[{"name":"wp","href":"https:\/\/api.w.org\/{rel}","templated":true}]}}