{"id":65890,"date":"2022-08-01T12:39:48","date_gmt":"2022-08-01T15:39:48","guid":{"rendered":"https:\/\/diariofemenino.com.ar\/df\/?p=65890"},"modified":"2022-08-01T12:39:48","modified_gmt":"2022-08-01T15:39:48","slug":"mar-del-plata-ii-congreso-politicas-publicas-contra-las-violencias-de-genero","status":"publish","type":"post","link":"https:\/\/diariofemenino.com.ar\/df\/mar-del-plata-ii-congreso-politicas-publicas-contra-las-violencias-de-genero\/","title":{"rendered":"Mar del Plata. II Congreso: Pol\u00edticas p\u00fablicas contra las violencias de g\u00e9nero"},"content":{"rendered":"<p style=\"font-weight: 400;\">El <a href=\"https:\/\/www.gba.gob.ar\/mujeres\">ministerio<\/a> de las Mujeres, Pol\u00edticas de G\u00e9nero y Diversidad Sexual de la\u00a0Provincia de Buenos Aires invita a\u00a0 participar de las actividades previstas para la segunda edici\u00f3n del <a href=\"https:\/\/www.gba.gob.ar\/mujeres\/noticias\/ii_congreso_pol%C3%ADticas_p%C3%BAblicas_contra_las_violencias_de_g%C3%A9nero_0\">Congreso<\/a> \u201cPol\u00edticas p\u00fablicas contra las Violencias por razones de g\u00e9nero. Estado presente\u201d que se realizar\u00e1 los d\u00edas 24 y el 25 de noviembre en la ciudad de Mar del Plata.<\/p>\n<figure id=\"attachment_65894\" aria-describedby=\"caption-attachment-65894\" style=\"width: 500px\" class=\"wp-caption aligncenter\"><a href=\"https:\/\/diariofemenino.com.ar\/df\/wp-content\/uploads\/2022\/08\/1era-circular-congreso-violencia.pdf\"><img loading=\"lazy\" decoding=\"async\" class=\"wp-image-65894 size-full\" src=\"https:\/\/diariofemenino.com.ar\/df\/wp-content\/uploads\/2022\/08\/WhatsApp-Image-2022-07-29-at-15.40.08.jpeg\" alt=\"Mar del Plata. II Congreso: Pol\u00edticas p\u00fablicas contra las violencias de g\u00e9nero\" width=\"500\" height=\"500\" srcset=\"https:\/\/diariofemenino.com.ar\/df\/wp-content\/uploads\/2022\/08\/WhatsApp-Image-2022-07-29-at-15.40.08.jpeg 500w, https:\/\/diariofemenino.com.ar\/df\/wp-content\/uploads\/2022\/08\/WhatsApp-Image-2022-07-29-at-15.40.08-150x150.jpeg 150w, https:\/\/diariofemenino.com.ar\/df\/wp-content\/uploads\/2022\/08\/WhatsApp-Image-2022-07-29-at-15.40.08-300x300.jpeg 300w\" sizes=\"auto, (max-width: 500px) 100vw, 500px\" \/><\/a><figcaption id=\"caption-attachment-65894\" class=\"wp-caption-text\">Mar del Plata. II <a href=\"https:\/\/diariofemenino.com.ar\/df\/category\/actividades\/\">Congreso<\/a>: Pol\u00edticas p\u00fablicas contra las violencias de g\u00e9nero<\/figcaption><\/figure>\n<p style=\"font-weight: 400;\">Convocan participar a integrantes de Universidades nacionales y provinciales, tesistas, investigadoras e investigadores de la tem\u00e1tica, a presentar res\u00famenes de sus ponencias antes del 30 de agosto del 2022.<\/p>\n<p style=\"font-weight: 400;\">La propuesta del encuentro es debatir y reflexionar en torno a las violencias por razones de g\u00e9nero, sus connotaciones e interacciones en la vida cotidiana de las mujeres y LGTBI+.<\/p>\n<p style=\"font-weight: 400;\">El Congreso, organizado por la Subsecretar\u00eda de Pol\u00edticas contra las Violencias, se realiza en el marco del D\u00eda Internacional de la Eliminaci\u00f3n de las Violencias contra las Mujeres.<\/p>\n<p style=\"font-weight: 400;\">Se trabajar\u00e1 sobre las problem\u00e1ticas en torno a los abordajes de las violencias por razones de g\u00e9nero, en t\u00e9rminos de implementaci\u00f3n y gesti\u00f3n de las pol\u00edticas p\u00fablicas en todas las instancias y jurisdicciones del Estado: nacional, provincial y municipal. Se trata de un espacio de intercambio de experiencias, reflexiones e intersaberes, para promover nuevos desaf\u00edos en la perspectiva de las violencias por razones de g\u00e9nero.<\/p>\n<p style=\"font-weight: 400;\">El segundo Congreso dar\u00e1 continuidad a los espacios de encuentro propiciados en el primer Congreso \u201cPol\u00edticas p\u00fablicas en la provincia de Buenos Aires: debates, reflexiones y experiencias\u201d, realizado entre el 22 y el 26 de noviembre de 2021, en modalidad virtual.<\/p>\n<p style=\"font-weight: 400;\">Para la presente edici\u00f3n, se prev\u00e9n diversas modalidades de participaci\u00f3n: conferencias magistrales con referentes nacionales, e internacionales, que desde el feminismo reflexionan cr\u00edticamente las estructuras sociales, pol\u00edticas y econ\u00f3micas que definen la sociedad actual como sustento de las desigualdades de g\u00e9nero. Paneles que recuperan experiencias locales, regionales e internacionales, de pol\u00edticas p\u00fablicas para la prevenci\u00f3n, abordaje y erradicaci\u00f3n de las violencias, as\u00ed como tambi\u00e9n respecto del rol de las pol\u00edticas de Estado frente a las violencias por razones de g\u00e9nero. Mesas tem\u00e1ticas de producci\u00f3n de trabajos libres que visibilizan, problematizan y dan cuenta de experiencias diversas en torno a las violencias por razones de g\u00e9nero.<\/p>\n<p style=\"font-weight: 400;\">Entre las personalidades confirmadas que participar\u00e1n, se encuentran la polit\u00f3loga argenmex Pilar Calveiro, la asesora presidencial Dora Barrancos, la psic\u00f3loga, docente e investigadora Ana Mar\u00eda Fern\u00e1ndez, y el m\u00e9dico psiquiatra, especialista en violencia, Enrique Stola.<\/p>\n<p style=\"font-weight: 400;\">Estos espacios se constituyen en instancias privilegiadas para el debate y la socializaci\u00f3n del conocimiento emergente de los procesos de gesti\u00f3n y planificaci\u00f3n de pol\u00edticas p\u00fablicas destinadas a la prevenci\u00f3n, atenci\u00f3n y salida de las violencias por razones de g\u00e9nero.<\/p>\n<p style=\"font-weight: 400;\">Se recibir\u00e1n diferentes formatos de producciones hasta el 30 de agosto: art\u00edculos de investigaci\u00f3n y de intervenci\u00f3n, aportes anal\u00edticos, experiencias, narrativas, entre otras modalidades de presentaci\u00f3n de las tem\u00e1ticas seleccionadas. El formato de participaci\u00f3n, en esta instancia, es el resumen ampliado (con un desarrollo de hasta 1.000 palabras). Se puede participar hasta en 2 mesas por autora o autor.<\/p>\n<p style=\"font-weight: 400;\">Para enviar correos con res\u00famenes de trabajo pod\u00e9s ver m\u00e1s detalles en la\u00a0<a href=\"https:\/\/diariofemenino.com.ar\/df\/wp-content\/uploads\/2022\/08\/1era-circular-congreso-violencia.pdf\">primera circular<\/a>.<\/p>\n","protected":false},"excerpt":{"rendered":"<p>El ministerio de las Mujeres, Pol\u00edticas de G\u00e9nero y Diversidad Sexual de la\u00a0Provincia de Buenos Aires invita a\u00a0 participar de las actividades previstas para la segunda edici\u00f3n del Congreso \u201cPol\u00edticas p\u00fablicas contra las Violencias por razones de g\u00e9nero. Estado presente\u201d que se realizar\u00e1 los d\u00edas 24 y el 25 de noviembre en la ciudad de [&hellip;]<\/p>\n","protected":false},"author":4,"featured_media":65892,"comment_status":"open","ping_status":"open","sticky":false,"template":"","format":"standard","meta":{"iawp_total_views":7,"footnotes":""},"categories":[7,1067,592],"tags":[4372,5411,18],"class_list":["post-65890","post","type-post","status-publish","format-standard","has-post-thumbnail","hentry","category-actividades","category-agenda-feminista","category-violencias","tag-destacada","tag-ii-congreso","tag-politicas-publicas"],"nelio_content":{"autoShareEndMode":"never","automationSources":{"useCustomSentences":false,"customSentences":[]},"efiAlt":"","efiUrl":"","followers":[4],"highlights":[],"isAutoShareEnabled":true,"networkImageIds":[],"permalinkQueryArgs":[],"series":[],"suggestedReferences":[]},"yoast_head":"<!-- This site is optimized with the Yoast SEO plugin v27.5 - https:\/\/yoast.com\/product\/yoast-seo-wordpress\/ -->\n<title>Mar del Plata. II Congreso: Pol\u00edticas p\u00fablicas contra las violencias de g\u00e9nero - Diario Digital Femenino<\/title>\n<meta name=\"description\" content=\"Mar del Plata\" \/>\n<meta name=\"robots\" content=\"index, follow, max-snippet:-1, max-image-preview:large, max-video-preview:-1\" \/>\n<link rel=\"canonical\" href=\"https:\/\/diariofemenino.com.ar\/df\/mar-del-plata-ii-congreso-politicas-publicas-contra-las-violencias-de-genero\/\" \/>\n<meta property=\"og:locale\" content=\"es_ES\" \/>\n<meta property=\"og:type\" content=\"article\" \/>\n<meta property=\"og:title\" content=\"Mar del Plata. II Congreso: Pol\u00edticas p\u00fablicas contra las violencias de g\u00e9nero - Diario Digital Femenino\" \/>\n<meta property=\"og:description\" content=\"Mar del Plata\" \/>\n<meta property=\"og:url\" content=\"https:\/\/diariofemenino.com.ar\/df\/mar-del-plata-ii-congreso-politicas-publicas-contra-las-violencias-de-genero\/\" \/>\n<meta property=\"og:site_name\" content=\"Diario Digital Femenino\" \/>\n<meta property=\"article:publisher\" content=\"https:\/\/www.facebook.com\/DiarioDigitaFemenino\/\" \/>\n<meta property=\"article:published_time\" content=\"2022-08-01T15:39:48+00:00\" \/>\n<meta property=\"og:image\" content=\"https:\/\/diariofemenino.com.ar\/df\/wp-content\/uploads\/2022\/08\/Segundo-congreso.jpg\" \/>\n\t<meta property=\"og:image:width\" content=\"772\" \/>\n\t<meta property=\"og:image:height\" content=\"421\" \/>\n\t<meta property=\"og:image:type\" content=\"image\/jpeg\" \/>\n<meta name=\"author\" content=\"Admin\" \/>\n<meta name=\"twitter:card\" content=\"summary_large_image\" \/>\n<meta name=\"twitter:creator\" content=\"@DiarioFemenino1\" \/>\n<meta name=\"twitter:site\" content=\"@DiarioFemenino1\" \/>\n<meta name=\"twitter:label1\" content=\"Escrito por\" \/>\n\t<meta name=\"twitter:data1\" content=\"Admin\" \/>\n\t<meta name=\"twitter:label2\" content=\"Tiempo de lectura\" \/>\n\t<meta name=\"twitter:data2\" content=\"3 minutos\" \/>\n<script type=\"application\/ld+json\" class=\"yoast-schema-graph\">{\"@context\":\"https:\\\/\\\/schema.org\",\"@graph\":[{\"@type\":\"Article\",\"@id\":\"https:\\\/\\\/diariofemenino.com.ar\\\/df\\\/mar-del-plata-ii-congreso-politicas-publicas-contra-las-violencias-de-genero\\\/#article\",\"isPartOf\":{\"@id\":\"https:\\\/\\\/diariofemenino.com.ar\\\/df\\\/mar-del-plata-ii-congreso-politicas-publicas-contra-las-violencias-de-genero\\\/\"},\"author\":{\"name\":\"Admin\",\"@id\":\"https:\\\/\\\/diariofemenino.com.ar\\\/df\\\/#\\\/schema\\\/person\\\/bf6199e8158c657ea6f789b11ec85509\"},\"headline\":\"Mar del Plata. II Congreso: Pol\u00edticas p\u00fablicas contra las violencias de g\u00e9nero\",\"datePublished\":\"2022-08-01T15:39:48+00:00\",\"mainEntityOfPage\":{\"@id\":\"https:\\\/\\\/diariofemenino.com.ar\\\/df\\\/mar-del-plata-ii-congreso-politicas-publicas-contra-las-violencias-de-genero\\\/\"},\"wordCount\":600,\"commentCount\":0,\"publisher\":{\"@id\":\"https:\\\/\\\/diariofemenino.com.ar\\\/df\\\/#organization\"},\"image\":{\"@id\":\"https:\\\/\\\/diariofemenino.com.ar\\\/df\\\/mar-del-plata-ii-congreso-politicas-publicas-contra-las-violencias-de-genero\\\/#primaryimage\"},\"thumbnailUrl\":\"https:\\\/\\\/diariofemenino.com.ar\\\/df\\\/wp-content\\\/uploads\\\/2022\\\/08\\\/Segundo-congreso.jpg\",\"keywords\":[\"Destacada\",\"II Congreso\",\"Pol\u00edticas p\u00fablicas\"],\"articleSection\":[\"Actividades\",\"Agenda Feminista\",\"Violencias\"],\"inLanguage\":\"es\",\"potentialAction\":[{\"@type\":\"CommentAction\",\"name\":\"Comment\",\"target\":[\"https:\\\/\\\/diariofemenino.com.ar\\\/df\\\/mar-del-plata-ii-congreso-politicas-publicas-contra-las-violencias-de-genero\\\/#respond\"]}]},{\"@type\":\"WebPage\",\"@id\":\"https:\\\/\\\/diariofemenino.com.ar\\\/df\\\/mar-del-plata-ii-congreso-politicas-publicas-contra-las-violencias-de-genero\\\/\",\"url\":\"https:\\\/\\\/diariofemenino.com.ar\\\/df\\\/mar-del-plata-ii-congreso-politicas-publicas-contra-las-violencias-de-genero\\\/\",\"name\":\"Mar del Plata. II Congreso: Pol\u00edticas p\u00fablicas contra las violencias de g\u00e9nero - Diario Digital Femenino\",\"isPartOf\":{\"@id\":\"https:\\\/\\\/diariofemenino.com.ar\\\/df\\\/#website\"},\"primaryImageOfPage\":{\"@id\":\"https:\\\/\\\/diariofemenino.com.ar\\\/df\\\/mar-del-plata-ii-congreso-politicas-publicas-contra-las-violencias-de-genero\\\/#primaryimage\"},\"image\":{\"@id\":\"https:\\\/\\\/diariofemenino.com.ar\\\/df\\\/mar-del-plata-ii-congreso-politicas-publicas-contra-las-violencias-de-genero\\\/#primaryimage\"},\"thumbnailUrl\":\"https:\\\/\\\/diariofemenino.com.ar\\\/df\\\/wp-content\\\/uploads\\\/2022\\\/08\\\/Segundo-congreso.jpg\",\"datePublished\":\"2022-08-01T15:39:48+00:00\",\"description\":\"Mar del Plata\",\"breadcrumb\":{\"@id\":\"https:\\\/\\\/diariofemenino.com.ar\\\/df\\\/mar-del-plata-ii-congreso-politicas-publicas-contra-las-violencias-de-genero\\\/#breadcrumb\"},\"inLanguage\":\"es\",\"potentialAction\":[{\"@type\":\"ReadAction\",\"target\":[\"https:\\\/\\\/diariofemenino.com.ar\\\/df\\\/mar-del-plata-ii-congreso-politicas-publicas-contra-las-violencias-de-genero\\\/\"]}]},{\"@type\":\"ImageObject\",\"inLanguage\":\"es\",\"@id\":\"https:\\\/\\\/diariofemenino.com.ar\\\/df\\\/mar-del-plata-ii-congreso-politicas-publicas-contra-las-violencias-de-genero\\\/#primaryimage\",\"url\":\"https:\\\/\\\/diariofemenino.com.ar\\\/df\\\/wp-content\\\/uploads\\\/2022\\\/08\\\/Segundo-congreso.jpg\",\"contentUrl\":\"https:\\\/\\\/diariofemenino.com.ar\\\/df\\\/wp-content\\\/uploads\\\/2022\\\/08\\\/Segundo-congreso.jpg\",\"width\":772,\"height\":421,\"caption\":\"Mar del Plata. II Congreso: Pol\u00edticas p\u00fablicas contra las violencias de g\u00e9nero\"},{\"@type\":\"BreadcrumbList\",\"@id\":\"https:\\\/\\\/diariofemenino.com.ar\\\/df\\\/mar-del-plata-ii-congreso-politicas-publicas-contra-las-violencias-de-genero\\\/#breadcrumb\",\"itemListElement\":[{\"@type\":\"ListItem\",\"position\":1,\"name\":\"Portada\",\"item\":\"https:\\\/\\\/diariofemenino.com.ar\\\/df\\\/\"},{\"@type\":\"ListItem\",\"position\":2,\"name\":\"Mar del Plata. II Congreso: Pol\u00edticas p\u00fablicas contra las violencias de g\u00e9nero\"}]},{\"@type\":\"WebSite\",\"@id\":\"https:\\\/\\\/diariofemenino.com.ar\\\/df\\\/#website\",\"url\":\"https:\\\/\\\/diariofemenino.com.ar\\\/df\\\/\",\"name\":\"Diario Digital Femenino\",\"description\":\"Cuesti\u00f3n de G\u00e9nero\",\"publisher\":{\"@id\":\"https:\\\/\\\/diariofemenino.com.ar\\\/df\\\/#organization\"},\"potentialAction\":[{\"@type\":\"SearchAction\",\"target\":{\"@type\":\"EntryPoint\",\"urlTemplate\":\"https:\\\/\\\/diariofemenino.com.ar\\\/df\\\/?s={search_term_string}\"},\"query-input\":{\"@type\":\"PropertyValueSpecification\",\"valueRequired\":true,\"valueName\":\"search_term_string\"}}],\"inLanguage\":\"es\"},{\"@type\":\"Organization\",\"@id\":\"https:\\\/\\\/diariofemenino.com.ar\\\/df\\\/#organization\",\"name\":\"Diario Femenino\",\"url\":\"https:\\\/\\\/diariofemenino.com.ar\\\/df\\\/\",\"logo\":{\"@type\":\"ImageObject\",\"inLanguage\":\"es\",\"@id\":\"https:\\\/\\\/diariofemenino.com.ar\\\/df\\\/#\\\/schema\\\/logo\\\/image\\\/\",\"url\":\"https:\\\/\\\/diariofemenino.com.ar\\\/df\\\/wp-content\\\/uploads\\\/2018\\\/10\\\/logo.png\",\"contentUrl\":\"https:\\\/\\\/diariofemenino.com.ar\\\/df\\\/wp-content\\\/uploads\\\/2018\\\/10\\\/logo.png\",\"width\":500,\"height\":92,\"caption\":\"Diario Femenino\"},\"image\":{\"@id\":\"https:\\\/\\\/diariofemenino.com.ar\\\/df\\\/#\\\/schema\\\/logo\\\/image\\\/\"},\"sameAs\":[\"https:\\\/\\\/www.facebook.com\\\/DiarioDigitaFemenino\\\/\",\"https:\\\/\\\/x.com\\\/DiarioFemenino1\"]},{\"@type\":\"Person\",\"@id\":\"https:\\\/\\\/diariofemenino.com.ar\\\/df\\\/#\\\/schema\\\/person\\\/bf6199e8158c657ea6f789b11ec85509\",\"name\":\"Admin\",\"image\":{\"@type\":\"ImageObject\",\"inLanguage\":\"es\",\"@id\":\"https:\\\/\\\/diariofemenino.com.ar\\\/df\\\/wp-content\\\/uploads\\\/2018\\\/12\\\/favicon-150x150.jpg\",\"url\":\"https:\\\/\\\/diariofemenino.com.ar\\\/df\\\/wp-content\\\/uploads\\\/2018\\\/12\\\/favicon-150x150.jpg\",\"contentUrl\":\"https:\\\/\\\/diariofemenino.com.ar\\\/df\\\/wp-content\\\/uploads\\\/2018\\\/12\\\/favicon-150x150.jpg\",\"caption\":\"Admin\"},\"url\":\"https:\\\/\\\/diariofemenino.com.ar\\\/df\\\/author\\\/lenny\\\/\"}]}<\/script>\n<!-- \/ Yoast SEO plugin. -->","yoast_head_json":{"title":"Mar del Plata. II Congreso: Pol\u00edticas p\u00fablicas contra las violencias de g\u00e9nero - Diario Digital Femenino","description":"Mar del Plata","robots":{"index":"index","follow":"follow","max-snippet":"max-snippet:-1","max-image-preview":"max-image-preview:large","max-video-preview":"max-video-preview:-1"},"canonical":"https:\/\/diariofemenino.com.ar\/df\/mar-del-plata-ii-congreso-politicas-publicas-contra-las-violencias-de-genero\/","og_locale":"es_ES","og_type":"article","og_title":"Mar del Plata. II Congreso: Pol\u00edticas p\u00fablicas contra las violencias de g\u00e9nero - Diario Digital Femenino","og_description":"Mar del Plata","og_url":"https:\/\/diariofemenino.com.ar\/df\/mar-del-plata-ii-congreso-politicas-publicas-contra-las-violencias-de-genero\/","og_site_name":"Diario Digital Femenino","article_publisher":"https:\/\/www.facebook.com\/DiarioDigitaFemenino\/","article_published_time":"2022-08-01T15:39:48+00:00","og_image":[{"width":772,"height":421,"url":"https:\/\/diariofemenino.com.ar\/df\/wp-content\/uploads\/2022\/08\/Segundo-congreso.jpg","type":"image\/jpeg"}],"author":"Admin","twitter_card":"summary_large_image","twitter_creator":"@DiarioFemenino1","twitter_site":"@DiarioFemenino1","twitter_misc":{"Escrito por":"Admin","Tiempo de lectura":"3 minutos"},"schema":{"@context":"https:\/\/schema.org","@graph":[{"@type":"Article","@id":"https:\/\/diariofemenino.com.ar\/df\/mar-del-plata-ii-congreso-politicas-publicas-contra-las-violencias-de-genero\/#article","isPartOf":{"@id":"https:\/\/diariofemenino.com.ar\/df\/mar-del-plata-ii-congreso-politicas-publicas-contra-las-violencias-de-genero\/"},"author":{"name":"Admin","@id":"https:\/\/diariofemenino.com.ar\/df\/#\/schema\/person\/bf6199e8158c657ea6f789b11ec85509"},"headline":"Mar del Plata. II Congreso: Pol\u00edticas p\u00fablicas contra las violencias de g\u00e9nero","datePublished":"2022-08-01T15:39:48+00:00","mainEntityOfPage":{"@id":"https:\/\/diariofemenino.com.ar\/df\/mar-del-plata-ii-congreso-politicas-publicas-contra-las-violencias-de-genero\/"},"wordCount":600,"commentCount":0,"publisher":{"@id":"https:\/\/diariofemenino.com.ar\/df\/#organization"},"image":{"@id":"https:\/\/diariofemenino.com.ar\/df\/mar-del-plata-ii-congreso-politicas-publicas-contra-las-violencias-de-genero\/#primaryimage"},"thumbnailUrl":"https:\/\/diariofemenino.com.ar\/df\/wp-content\/uploads\/2022\/08\/Segundo-congreso.jpg","keywords":["Destacada","II Congreso","Pol\u00edticas p\u00fablicas"],"articleSection":["Actividades","Agenda Feminista","Violencias"],"inLanguage":"es","potentialAction":[{"@type":"CommentAction","name":"Comment","target":["https:\/\/diariofemenino.com.ar\/df\/mar-del-plata-ii-congreso-politicas-publicas-contra-las-violencias-de-genero\/#respond"]}]},{"@type":"WebPage","@id":"https:\/\/diariofemenino.com.ar\/df\/mar-del-plata-ii-congreso-politicas-publicas-contra-las-violencias-de-genero\/","url":"https:\/\/diariofemenino.com.ar\/df\/mar-del-plata-ii-congreso-politicas-publicas-contra-las-violencias-de-genero\/","name":"Mar del Plata. II Congreso: Pol\u00edticas p\u00fablicas contra las violencias de g\u00e9nero - Diario Digital Femenino","isPartOf":{"@id":"https:\/\/diariofemenino.com.ar\/df\/#website"},"primaryImageOfPage":{"@id":"https:\/\/diariofemenino.com.ar\/df\/mar-del-plata-ii-congreso-politicas-publicas-contra-las-violencias-de-genero\/#primaryimage"},"image":{"@id":"https:\/\/diariofemenino.com.ar\/df\/mar-del-plata-ii-congreso-politicas-publicas-contra-las-violencias-de-genero\/#primaryimage"},"thumbnailUrl":"https:\/\/diariofemenino.com.ar\/df\/wp-content\/uploads\/2022\/08\/Segundo-congreso.jpg","datePublished":"2022-08-01T15:39:48+00:00","description":"Mar del Plata","breadcrumb":{"@id":"https:\/\/diariofemenino.com.ar\/df\/mar-del-plata-ii-congreso-politicas-publicas-contra-las-violencias-de-genero\/#breadcrumb"},"inLanguage":"es","potentialAction":[{"@type":"ReadAction","target":["https:\/\/diariofemenino.com.ar\/df\/mar-del-plata-ii-congreso-politicas-publicas-contra-las-violencias-de-genero\/"]}]},{"@type":"ImageObject","inLanguage":"es","@id":"https:\/\/diariofemenino.com.ar\/df\/mar-del-plata-ii-congreso-politicas-publicas-contra-las-violencias-de-genero\/#primaryimage","url":"https:\/\/diariofemenino.com.ar\/df\/wp-content\/uploads\/2022\/08\/Segundo-congreso.jpg","contentUrl":"https:\/\/diariofemenino.com.ar\/df\/wp-content\/uploads\/2022\/08\/Segundo-congreso.jpg","width":772,"height":421,"caption":"Mar del Plata. II Congreso: Pol\u00edticas p\u00fablicas contra las violencias de g\u00e9nero"},{"@type":"BreadcrumbList","@id":"https:\/\/diariofemenino.com.ar\/df\/mar-del-plata-ii-congreso-politicas-publicas-contra-las-violencias-de-genero\/#breadcrumb","itemListElement":[{"@type":"ListItem","position":1,"name":"Portada","item":"https:\/\/diariofemenino.com.ar\/df\/"},{"@type":"ListItem","position":2,"name":"Mar del Plata. II Congreso: Pol\u00edticas p\u00fablicas contra las violencias de g\u00e9nero"}]},{"@type":"WebSite","@id":"https:\/\/diariofemenino.com.ar\/df\/#website","url":"https:\/\/diariofemenino.com.ar\/df\/","name":"Diario Digital Femenino","description":"Cuesti\u00f3n de G\u00e9nero","publisher":{"@id":"https:\/\/diariofemenino.com.ar\/df\/#organization"},"potentialAction":[{"@type":"SearchAction","target":{"@type":"EntryPoint","urlTemplate":"https:\/\/diariofemenino.com.ar\/df\/?s={search_term_string}"},"query-input":{"@type":"PropertyValueSpecification","valueRequired":true,"valueName":"search_term_string"}}],"inLanguage":"es"},{"@type":"Organization","@id":"https:\/\/diariofemenino.com.ar\/df\/#organization","name":"Diario Femenino","url":"https:\/\/diariofemenino.com.ar\/df\/","logo":{"@type":"ImageObject","inLanguage":"es","@id":"https:\/\/diariofemenino.com.ar\/df\/#\/schema\/logo\/image\/","url":"https:\/\/diariofemenino.com.ar\/df\/wp-content\/uploads\/2018\/10\/logo.png","contentUrl":"https:\/\/diariofemenino.com.ar\/df\/wp-content\/uploads\/2018\/10\/logo.png","width":500,"height":92,"caption":"Diario Femenino"},"image":{"@id":"https:\/\/diariofemenino.com.ar\/df\/#\/schema\/logo\/image\/"},"sameAs":["https:\/\/www.facebook.com\/DiarioDigitaFemenino\/","https:\/\/x.com\/DiarioFemenino1"]},{"@type":"Person","@id":"https:\/\/diariofemenino.com.ar\/df\/#\/schema\/person\/bf6199e8158c657ea6f789b11ec85509","name":"Admin","image":{"@type":"ImageObject","inLanguage":"es","@id":"https:\/\/diariofemenino.com.ar\/df\/wp-content\/uploads\/2018\/12\/favicon-150x150.jpg","url":"https:\/\/diariofemenino.com.ar\/df\/wp-content\/uploads\/2018\/12\/favicon-150x150.jpg","contentUrl":"https:\/\/diariofemenino.com.ar\/df\/wp-content\/uploads\/2018\/12\/favicon-150x150.jpg","caption":"Admin"},"url":"https:\/\/diariofemenino.com.ar\/df\/author\/lenny\/"}]}},"jetpack_featured_media_url":"https:\/\/diariofemenino.com.ar\/df\/wp-content\/uploads\/2022\/08\/Segundo-congreso.jpg","jetpack_sharing_enabled":true,"rttpg_featured_image_url":{"full":["https:\/\/diariofemenino.com.ar\/df\/wp-content\/uploads\/2022\/08\/Segundo-congreso.jpg",772,421,false],"landscape":["https:\/\/diariofemenino.com.ar\/df\/wp-content\/uploads\/2022\/08\/Segundo-congreso.jpg",772,421,false],"portraits":["https:\/\/diariofemenino.com.ar\/df\/wp-content\/uploads\/2022\/08\/Segundo-congreso.jpg",772,421,false],"thumbnail":["https:\/\/diariofemenino.com.ar\/df\/wp-content\/uploads\/2022\/08\/Segundo-congreso-150x150.jpg",150,150,true],"medium":["https:\/\/diariofemenino.com.ar\/df\/wp-content\/uploads\/2022\/08\/Segundo-congreso-300x164.jpg",300,164,true],"large":["https:\/\/diariofemenino.com.ar\/df\/wp-content\/uploads\/2022\/08\/Segundo-congreso.jpg",772,421,false],"1536x1536":["https:\/\/diariofemenino.com.ar\/df\/wp-content\/uploads\/2022\/08\/Segundo-congreso.jpg",772,421,false],"2048x2048":["https:\/\/diariofemenino.com.ar\/df\/wp-content\/uploads\/2022\/08\/Segundo-congreso.jpg",772,421,false]},"rttpg_author":{"display_name":"Admin","author_link":"https:\/\/diariofemenino.com.ar\/df\/author\/lenny\/"},"rttpg_comment":0,"rttpg_category":"<a href=\"https:\/\/diariofemenino.com.ar\/df\/category\/actividades\/\" rel=\"category tag\">Actividades<\/a> <a href=\"https:\/\/diariofemenino.com.ar\/df\/category\/agenda-feminista\/\" rel=\"category tag\">Agenda Feminista<\/a> <a href=\"https:\/\/diariofemenino.com.ar\/df\/category\/violencias\/\" rel=\"category tag\">Violencias<\/a>","rttpg_excerpt":"El ministerio de las Mujeres, Pol\u00edticas de G\u00e9nero y Diversidad Sexual de la\u00a0Provincia de Buenos Aires invita a\u00a0 participar de las actividades previstas para la segunda edici\u00f3n del Congreso \u201cPol\u00edticas p\u00fablicas contra las Violencias por razones de g\u00e9nero. Estado presente\u201d que se realizar\u00e1 los d\u00edas 24 y el 25 de noviembre en la ciudad de&hellip;","_links":{"self":[{"href":"https:\/\/diariofemenino.com.ar\/df\/wp-json\/wp\/v2\/posts\/65890","targetHints":{"allow":["GET"]}}],"collection":[{"href":"https:\/\/diariofemenino.com.ar\/df\/wp-json\/wp\/v2\/posts"}],"about":[{"href":"https:\/\/diariofemenino.com.ar\/df\/wp-json\/wp\/v2\/types\/post"}],"author":[{"embeddable":true,"href":"https:\/\/diariofemenino.com.ar\/df\/wp-json\/wp\/v2\/users\/4"}],"replies":[{"embeddable":true,"href":"https:\/\/diariofemenino.com.ar\/df\/wp-json\/wp\/v2\/comments?post=65890"}],"version-history":[{"count":0,"href":"https:\/\/diariofemenino.com.ar\/df\/wp-json\/wp\/v2\/posts\/65890\/revisions"}],"wp:featuredmedia":[{"embeddable":true,"href":"https:\/\/diariofemenino.com.ar\/df\/wp-json\/wp\/v2\/media\/65892"}],"wp:attachment":[{"href":"https:\/\/diariofemenino.com.ar\/df\/wp-json\/wp\/v2\/media?parent=65890"}],"wp:term":[{"taxonomy":"category","embeddable":true,"href":"https:\/\/diariofemenino.com.ar\/df\/wp-json\/wp\/v2\/categories?post=65890"},{"taxonomy":"post_tag","embeddable":true,"href":"https:\/\/diariofemenino.com.ar\/df\/wp-json\/wp\/v2\/tags?post=65890"}],"curies":[{"name":"wp","href":"https:\/\/api.w.org\/{rel}","templated":true}]}}