{"id":65879,"date":"2022-07-29T10:47:26","date_gmt":"2022-07-29T13:47:26","guid":{"rendered":"https:\/\/diariofemenino.com.ar\/df\/?p=65879"},"modified":"2022-07-29T10:47:26","modified_gmt":"2022-07-29T13:47:26","slug":"encontrar-nuestra-voz-escondida","status":"publish","type":"post","link":"https:\/\/diariofemenino.com.ar\/df\/encontrar-nuestra-voz-escondida\/","title":{"rendered":"\u201cEncontrar nuestra voz escondida\u201d"},"content":{"rendered":"<p><em>Profesora y entrenadora vocal, gestora y directora del <a href=\"https:\/\/www.instagram.com\/espaciolaconversa\/\">espacio La Conversa<\/a> del barrio porte\u00f1o de <a href=\"https:\/\/es.wikipedia.org\/wiki\/Boedo_(Buenos_Aires)\">Boedo<\/a>, pero tambi\u00e9n actriz, compositora y cantante, Carla Giannini nos comparte su amor por la voz en la canci\u00f3n, en sus cursos y en la vida.<\/em><\/p>\n<p><em>Por<\/em><strong><em><a href=\"https:\/\/diariofemenino.com.ar\/df\/?s=Adriana+Pedrolo+\"> Adriana Pedrolo<\/a>* <\/em><\/strong><em>para <\/em><strong><em>DDF.<\/em><\/strong><\/p>\n<p><strong><em>AP:-\u00bfCarla, contanos c\u00f3mo lleg\u00f3 el canto a tu vida?<\/em><\/strong><\/p>\n<p>-Lleg\u00f3 entrelazado a juegos infantiles y a la vida cotidiana en Chile. En mi casa se cantaba, se guitarreaba, se tocaba la mandolina, hab\u00eda un armonio y un piano. Mi padre fil\u00f3sofo cantaba \u00f3pera, canzonettas, \u00a0en los pasillos, y en el tocadiscos, mientras jugaba, siempre sonaba Violeta Parra. Jugaba y cantaba \u00a0<em>La Jardinera<\/em> o <em>La Maz\u00farquica<\/em>. Y de ah\u00ed en adelante, nunca par\u00e9. Con los a\u00f1os fui amando tocar el cuatro y hacer composiciones. Me forme como actriz, y finalmente todas fueron herramientas para expresar mejor el canto. Y despu\u00e9s segu\u00ed con mucho, mucho, mucho estudio.<\/p>\n<ol>\n<li><strong><em> -\u00bfDesde cu\u00e1ndo ense\u00f1\u00e1s el canto?<\/em><\/strong><\/li>\n<\/ol>\n<figure id=\"attachment_65883\" aria-describedby=\"caption-attachment-65883\" style=\"width: 293px\" class=\"wp-caption alignleft\"><img loading=\"lazy\" decoding=\"async\" class=\" wp-image-65883\" src=\"https:\/\/diariofemenino.com.ar\/df\/wp-content\/uploads\/2022\/07\/IMG-20220723-WA0008-683x1024.jpg\" alt=\"\u201cEncontrar nuestra voz escondida\u201d\" width=\"293\" height=\"439\" srcset=\"https:\/\/diariofemenino.com.ar\/df\/wp-content\/uploads\/2022\/07\/IMG-20220723-WA0008-683x1024.jpg 683w, https:\/\/diariofemenino.com.ar\/df\/wp-content\/uploads\/2022\/07\/IMG-20220723-WA0008-200x300.jpg 200w, https:\/\/diariofemenino.com.ar\/df\/wp-content\/uploads\/2022\/07\/IMG-20220723-WA0008-768x1152.jpg 768w, https:\/\/diariofemenino.com.ar\/df\/wp-content\/uploads\/2022\/07\/IMG-20220723-WA0008.jpg 1000w\" sizes=\"auto, (max-width: 293px) 100vw, 293px\" \/><figcaption id=\"caption-attachment-65883\" class=\"wp-caption-text\">\u201cEncontrar nuestra voz escondida\u201d<\/figcaption><\/figure>\n<p>-Empec\u00e9 a ense\u00f1ar la T\u00e9cnica Costo-diafragm\u00e1tica durante varios a\u00f1os, hace aproximadamente 25 a\u00f1os. Pero sent\u00eda que ese sistema no amparaba a personas, que como yo, no hab\u00edamos nacido con el don del canto, que amaba cantar sin necesariamente tener un talento natural. La composici\u00f3n \u00a0me hizo necesitar buscar otras t\u00e9cnicas, y las visit\u00e9 todas. Hasta que encontr\u00e9 esa punta de ovillo que me cambi\u00f3 toda mi forma de entender el canto hasta ese momento, y hasta que no asimil\u00e9 totalmente la nueva mec\u00e1nica, \u00a0dej\u00e9 de dar clases y retome, aproximadamente hace 15 a\u00f1os.<\/p>\n<p><strong><em>AP: -\u00bfQu\u00e9 buscas transmitir a tus alumnos en clase de canto?<\/em><\/strong><\/p>\n<p>-Primero y principal: todes podemos cantar (les muestro videos m\u00edos cantando anteriores a mi aprendizaje, jaaa).<\/p>\n<p>Otra cuesti\u00f3n fundamental es que es necesario tener una herramienta trabajada y entrenada, para que por ah\u00ed, pase todo el canal emotivo. Lo primero es tener disponible ese puente t\u00e9cnico por donde viaja libre el sentimiento. La libertad vocal se conquista con entrenamiento. Y que la b\u00fasqueda, en general consiste, en sacar todas las fuerzas externas, que, como en la vida, usamos m\u00e1s de la necesaria. Buscar la voz sin artificios para que aparezca aquella que est\u00e1 escondida detr\u00e1s de varias capas, y que siempre, es much\u00edsimo m\u00e1s bella que la construida. Es nuestra propia voz, con su propia vibraci\u00f3n emotiva. Lo dem\u00e1s es s\u00f3lo constancia y trabajo.<\/p>\n<p><strong><em>AP: -\u00bfQu\u00e9 se trae y que se aprende a la hora de cantar?<\/em><\/strong><\/p>\n<p>-Se trae el camino, el recorrido, la mirada, el paisaje. Se trae el universo en la voz. Y se trae esa maravilla, \u00fanica y propia, que son las cuerdas vocales. Las vulnerables cuerdas vocales que vibran en nuestro interior, en nuestro territorio m\u00e1s \u00edntimo.<\/p>\n<p>Y se aprende a dejarlo volar, a dejar que asome, que aparezca y que se libere. Se aprende a soltar amarras para que se exprese en plenitud.<\/p>\n<p>Tambi\u00e9n se aprende que el canto no es azar, que se estudia para saber perfectamente qu\u00e9 vamos a hacer a la hora de abrir la puerta de la canci\u00f3n, que aunque sea un cover, debemos hacerla nuestra canci\u00f3n. Se aprende a no poner prejuicio en la interpretaci\u00f3n, sino a despojarla de modos aprendidos, para que aparezca lo verdadero. Tambi\u00e9n se aprende a querer, respetar y cuidar nuestra voz hablada y cantada.<\/p>\n<figure id=\"attachment_65881\" aria-describedby=\"caption-attachment-65881\" style=\"width: 503px\" class=\"wp-caption aligncenter\"><img loading=\"lazy\" decoding=\"async\" class=\" wp-image-65881\" src=\"https:\/\/diariofemenino.com.ar\/df\/wp-content\/uploads\/2022\/07\/IMG-20220723-WA0013-682x1024.jpg\" alt=\"\u201cEncontrar nuestra voz escondida\u201d\" width=\"503\" height=\"755\" srcset=\"https:\/\/diariofemenino.com.ar\/df\/wp-content\/uploads\/2022\/07\/IMG-20220723-WA0013-682x1024.jpg 682w, https:\/\/diariofemenino.com.ar\/df\/wp-content\/uploads\/2022\/07\/IMG-20220723-WA0013-200x300.jpg 200w, https:\/\/diariofemenino.com.ar\/df\/wp-content\/uploads\/2022\/07\/IMG-20220723-WA0013-768x1153.jpg 768w, https:\/\/diariofemenino.com.ar\/df\/wp-content\/uploads\/2022\/07\/IMG-20220723-WA0013.jpg 1066w\" sizes=\"auto, (max-width: 503px) 100vw, 503px\" \/><figcaption id=\"caption-attachment-65881\" class=\"wp-caption-text\">\u201cEncontrar nuestra voz escondida\u201d<\/figcaption><\/figure>\n<p><strong><em>AP: -\u00bfTe identific\u00e1s con alguna escuela, m\u00e9todo o tendencia pedag\u00f3gica de la ense\u00f1anza del canto?<\/em><\/strong><\/p>\n<p>-Por supuesto, Despu\u00e9s de tanto recorrido, soy una <a href=\"https:\/\/diariofemenino.com.ar\/df\/category\/articulos\/\">militante<\/a> o religiosa jaaaa\u2026La t\u00e9cnica que me cambi\u00f3 la vida y que me hizo renacer como cantante, es la Antigua T\u00e9cnica Italiana del Canto. T\u00e9cnica reencontrada. Maravillosa t\u00e9cnica recuperada en Argentina por la Maestra Susana Rossi.<\/p>\n<p><strong><em>AP: -\u00bfQu\u00e9 le dir\u00edas a alguien que se muere de ganas y que no se anima a cantar?<\/em><\/strong><\/p>\n<p>-Que a todes nos da mucha verg\u00fcenza y miedo abrir esa puerta de nuestra voz cantada. Pero que con esta t\u00e9cnica se llega a eso, a trav\u00e9s de un entrenamiento que va dando las bases para sentirse cada vez m\u00e1s seguro cantando. Le dir\u00eda que cantar es una de las expresiones m\u00e1s liberadoras y plenas que podemos transitar, que no se deje de dar la posibilidad de vivir esa experiencia de tanta emoci\u00f3n, el conocimiento de nuestra propia voz, \u00fanica e irrepetible.<\/p>\n<p>Realmente creo que todes nacimos para cantar, pero fuimos poniendo jaulitas en nuestra voz. Liberarla es un estado de mucha felicidad.<\/p>\n<p><strong>(*)\u00a0<\/strong>M\u00fasica, Cantautora, comunicadora y escritora.<\/p>\n<figure id=\"attachment_65884\" aria-describedby=\"caption-attachment-65884\" style=\"width: 801px\" class=\"wp-caption aligncenter\"><img loading=\"lazy\" decoding=\"async\" class=\"size-large wp-image-65884\" src=\"https:\/\/diariofemenino.com.ar\/df\/wp-content\/uploads\/2022\/07\/IMG-20220723-WA0015-801x1024.jpg\" alt=\"\u201cEncontrar nuestra voz escondida\u201d\" width=\"801\" height=\"1024\" srcset=\"https:\/\/diariofemenino.com.ar\/df\/wp-content\/uploads\/2022\/07\/IMG-20220723-WA0015-801x1024.jpg 801w, https:\/\/diariofemenino.com.ar\/df\/wp-content\/uploads\/2022\/07\/IMG-20220723-WA0015-235x300.jpg 235w, https:\/\/diariofemenino.com.ar\/df\/wp-content\/uploads\/2022\/07\/IMG-20220723-WA0015-768x981.jpg 768w, https:\/\/diariofemenino.com.ar\/df\/wp-content\/uploads\/2022\/07\/IMG-20220723-WA0015.jpg 1065w\" sizes=\"auto, (max-width: 801px) 100vw, 801px\" \/><figcaption id=\"caption-attachment-65884\" class=\"wp-caption-text\">\u201cEncontrar nuestra voz escondida\u201d<\/figcaption><\/figure>\n<p>&nbsp;<\/p>\n","protected":false},"excerpt":{"rendered":"<p>Profesora y entrenadora vocal, gestora y directora del espacio La Conversa del barrio porte\u00f1o de Boedo, pero tambi\u00e9n actriz, compositora y cantante, Carla Giannini nos comparte su amor por la voz en la canci\u00f3n, en sus cursos y en la vida. Por Adriana Pedrolo* para DDF. AP:-\u00bfCarla, contanos c\u00f3mo lleg\u00f3 el canto a tu vida? [&hellip;]<\/p>\n","protected":false},"author":4,"featured_media":65880,"comment_status":"open","ping_status":"open","sticky":false,"template":"","format":"standard","meta":{"iawp_total_views":35,"footnotes":""},"categories":[7,1067,8,5,6],"tags":[2204,5409,5407,4372,5410,5408],"class_list":["post-65879","post","type-post","status-publish","format-standard","has-post-thumbnail","hentry","category-actividades","category-agenda-feminista","category-entrevistas","category-historias-de-vida","category-articulos","tag-adriana-pedrolo","tag-boedo","tag-carla-giannini","tag-destacada","tag-encontrar-la-voz","tag-espacio-la-conversa"],"nelio_content":{"autoShareEndMode":"never","automationSources":{"useCustomSentences":false,"customSentences":[]},"efiAlt":"","efiUrl":"","followers":[4],"highlights":[],"isAutoShareEnabled":true,"networkImageIds":[],"permalinkQueryArgs":[],"series":[],"suggestedReferences":[]},"yoast_head":"<!-- This site is optimized with the Yoast SEO plugin v27.5 - https:\/\/yoast.com\/product\/yoast-seo-wordpress\/ -->\n<title>\u201cEncontrar nuestra voz escondida\u201d - Diario Digital Femenino<\/title>\n<meta name=\"description\" content=\"Encontrar nuestra voz.\" \/>\n<meta name=\"robots\" content=\"index, follow, max-snippet:-1, max-image-preview:large, max-video-preview:-1\" \/>\n<link rel=\"canonical\" href=\"https:\/\/diariofemenino.com.ar\/df\/encontrar-nuestra-voz-escondida\/\" \/>\n<meta property=\"og:locale\" content=\"es_ES\" \/>\n<meta property=\"og:type\" content=\"article\" \/>\n<meta property=\"og:title\" content=\"\u201cEncontrar nuestra voz escondida\u201d - Diario Digital Femenino\" \/>\n<meta property=\"og:description\" content=\"Encontrar nuestra voz.\" \/>\n<meta property=\"og:url\" content=\"https:\/\/diariofemenino.com.ar\/df\/encontrar-nuestra-voz-escondida\/\" \/>\n<meta property=\"og:site_name\" content=\"Diario Digital Femenino\" \/>\n<meta property=\"article:publisher\" content=\"https:\/\/www.facebook.com\/DiarioDigitaFemenino\/\" \/>\n<meta property=\"article:published_time\" content=\"2022-07-29T13:47:26+00:00\" \/>\n<meta property=\"og:image\" content=\"https:\/\/diariofemenino.com.ar\/df\/wp-content\/uploads\/2022\/07\/IMG-20220723-WA0009.jpg\" \/>\n\t<meta property=\"og:image:width\" content=\"1600\" \/>\n\t<meta property=\"og:image:height\" content=\"1066\" \/>\n\t<meta property=\"og:image:type\" content=\"image\/jpeg\" \/>\n<meta name=\"author\" content=\"Admin\" \/>\n<meta name=\"twitter:card\" content=\"summary_large_image\" \/>\n<meta name=\"twitter:creator\" content=\"@DiarioFemenino1\" \/>\n<meta name=\"twitter:site\" content=\"@DiarioFemenino1\" \/>\n<meta name=\"twitter:label1\" content=\"Escrito por\" \/>\n\t<meta name=\"twitter:data1\" content=\"Admin\" \/>\n\t<meta name=\"twitter:label2\" content=\"Tiempo de lectura\" \/>\n\t<meta name=\"twitter:data2\" content=\"4 minutos\" \/>\n<script type=\"application\/ld+json\" class=\"yoast-schema-graph\">{\"@context\":\"https:\\\/\\\/schema.org\",\"@graph\":[{\"@type\":\"Article\",\"@id\":\"https:\\\/\\\/diariofemenino.com.ar\\\/df\\\/encontrar-nuestra-voz-escondida\\\/#article\",\"isPartOf\":{\"@id\":\"https:\\\/\\\/diariofemenino.com.ar\\\/df\\\/encontrar-nuestra-voz-escondida\\\/\"},\"author\":{\"name\":\"Admin\",\"@id\":\"https:\\\/\\\/diariofemenino.com.ar\\\/df\\\/#\\\/schema\\\/person\\\/bf6199e8158c657ea6f789b11ec85509\"},\"headline\":\"\u201cEncontrar nuestra voz escondida\u201d\",\"datePublished\":\"2022-07-29T13:47:26+00:00\",\"mainEntityOfPage\":{\"@id\":\"https:\\\/\\\/diariofemenino.com.ar\\\/df\\\/encontrar-nuestra-voz-escondida\\\/\"},\"wordCount\":825,\"commentCount\":0,\"publisher\":{\"@id\":\"https:\\\/\\\/diariofemenino.com.ar\\\/df\\\/#organization\"},\"image\":{\"@id\":\"https:\\\/\\\/diariofemenino.com.ar\\\/df\\\/encontrar-nuestra-voz-escondida\\\/#primaryimage\"},\"thumbnailUrl\":\"https:\\\/\\\/diariofemenino.com.ar\\\/df\\\/wp-content\\\/uploads\\\/2022\\\/07\\\/IMG-20220723-WA0009.jpg\",\"keywords\":[\"Adriana Pedrolo\",\"Boedo\",\"Carla Giannini\",\"Destacada\",\"Encontrar la voz\",\"Espacio La Conversa\"],\"articleSection\":[\"Actividades\",\"Agenda Feminista\",\"Entrevistas\",\"Historias de vida\",\"Mujeres en Palabras\"],\"inLanguage\":\"es\",\"potentialAction\":[{\"@type\":\"CommentAction\",\"name\":\"Comment\",\"target\":[\"https:\\\/\\\/diariofemenino.com.ar\\\/df\\\/encontrar-nuestra-voz-escondida\\\/#respond\"]}]},{\"@type\":\"WebPage\",\"@id\":\"https:\\\/\\\/diariofemenino.com.ar\\\/df\\\/encontrar-nuestra-voz-escondida\\\/\",\"url\":\"https:\\\/\\\/diariofemenino.com.ar\\\/df\\\/encontrar-nuestra-voz-escondida\\\/\",\"name\":\"\u201cEncontrar nuestra voz escondida\u201d - Diario Digital Femenino\",\"isPartOf\":{\"@id\":\"https:\\\/\\\/diariofemenino.com.ar\\\/df\\\/#website\"},\"primaryImageOfPage\":{\"@id\":\"https:\\\/\\\/diariofemenino.com.ar\\\/df\\\/encontrar-nuestra-voz-escondida\\\/#primaryimage\"},\"image\":{\"@id\":\"https:\\\/\\\/diariofemenino.com.ar\\\/df\\\/encontrar-nuestra-voz-escondida\\\/#primaryimage\"},\"thumbnailUrl\":\"https:\\\/\\\/diariofemenino.com.ar\\\/df\\\/wp-content\\\/uploads\\\/2022\\\/07\\\/IMG-20220723-WA0009.jpg\",\"datePublished\":\"2022-07-29T13:47:26+00:00\",\"description\":\"Encontrar nuestra voz.\",\"breadcrumb\":{\"@id\":\"https:\\\/\\\/diariofemenino.com.ar\\\/df\\\/encontrar-nuestra-voz-escondida\\\/#breadcrumb\"},\"inLanguage\":\"es\",\"potentialAction\":[{\"@type\":\"ReadAction\",\"target\":[\"https:\\\/\\\/diariofemenino.com.ar\\\/df\\\/encontrar-nuestra-voz-escondida\\\/\"]}]},{\"@type\":\"ImageObject\",\"inLanguage\":\"es\",\"@id\":\"https:\\\/\\\/diariofemenino.com.ar\\\/df\\\/encontrar-nuestra-voz-escondida\\\/#primaryimage\",\"url\":\"https:\\\/\\\/diariofemenino.com.ar\\\/df\\\/wp-content\\\/uploads\\\/2022\\\/07\\\/IMG-20220723-WA0009.jpg\",\"contentUrl\":\"https:\\\/\\\/diariofemenino.com.ar\\\/df\\\/wp-content\\\/uploads\\\/2022\\\/07\\\/IMG-20220723-WA0009.jpg\",\"width\":1600,\"height\":1066,\"caption\":\"\u201cEncontrar nuestra voz escondida\u201d\"},{\"@type\":\"BreadcrumbList\",\"@id\":\"https:\\\/\\\/diariofemenino.com.ar\\\/df\\\/encontrar-nuestra-voz-escondida\\\/#breadcrumb\",\"itemListElement\":[{\"@type\":\"ListItem\",\"position\":1,\"name\":\"Portada\",\"item\":\"https:\\\/\\\/diariofemenino.com.ar\\\/df\\\/\"},{\"@type\":\"ListItem\",\"position\":2,\"name\":\"\u201cEncontrar nuestra voz escondida\u201d\"}]},{\"@type\":\"WebSite\",\"@id\":\"https:\\\/\\\/diariofemenino.com.ar\\\/df\\\/#website\",\"url\":\"https:\\\/\\\/diariofemenino.com.ar\\\/df\\\/\",\"name\":\"Diario Digital Femenino\",\"description\":\"Cuesti\u00f3n de G\u00e9nero\",\"publisher\":{\"@id\":\"https:\\\/\\\/diariofemenino.com.ar\\\/df\\\/#organization\"},\"potentialAction\":[{\"@type\":\"SearchAction\",\"target\":{\"@type\":\"EntryPoint\",\"urlTemplate\":\"https:\\\/\\\/diariofemenino.com.ar\\\/df\\\/?s={search_term_string}\"},\"query-input\":{\"@type\":\"PropertyValueSpecification\",\"valueRequired\":true,\"valueName\":\"search_term_string\"}}],\"inLanguage\":\"es\"},{\"@type\":\"Organization\",\"@id\":\"https:\\\/\\\/diariofemenino.com.ar\\\/df\\\/#organization\",\"name\":\"Diario Femenino\",\"url\":\"https:\\\/\\\/diariofemenino.com.ar\\\/df\\\/\",\"logo\":{\"@type\":\"ImageObject\",\"inLanguage\":\"es\",\"@id\":\"https:\\\/\\\/diariofemenino.com.ar\\\/df\\\/#\\\/schema\\\/logo\\\/image\\\/\",\"url\":\"https:\\\/\\\/diariofemenino.com.ar\\\/df\\\/wp-content\\\/uploads\\\/2018\\\/10\\\/logo.png\",\"contentUrl\":\"https:\\\/\\\/diariofemenino.com.ar\\\/df\\\/wp-content\\\/uploads\\\/2018\\\/10\\\/logo.png\",\"width\":500,\"height\":92,\"caption\":\"Diario Femenino\"},\"image\":{\"@id\":\"https:\\\/\\\/diariofemenino.com.ar\\\/df\\\/#\\\/schema\\\/logo\\\/image\\\/\"},\"sameAs\":[\"https:\\\/\\\/www.facebook.com\\\/DiarioDigitaFemenino\\\/\",\"https:\\\/\\\/x.com\\\/DiarioFemenino1\"]},{\"@type\":\"Person\",\"@id\":\"https:\\\/\\\/diariofemenino.com.ar\\\/df\\\/#\\\/schema\\\/person\\\/bf6199e8158c657ea6f789b11ec85509\",\"name\":\"Admin\",\"image\":{\"@type\":\"ImageObject\",\"inLanguage\":\"es\",\"@id\":\"https:\\\/\\\/diariofemenino.com.ar\\\/df\\\/wp-content\\\/uploads\\\/2018\\\/12\\\/favicon-150x150.jpg\",\"url\":\"https:\\\/\\\/diariofemenino.com.ar\\\/df\\\/wp-content\\\/uploads\\\/2018\\\/12\\\/favicon-150x150.jpg\",\"contentUrl\":\"https:\\\/\\\/diariofemenino.com.ar\\\/df\\\/wp-content\\\/uploads\\\/2018\\\/12\\\/favicon-150x150.jpg\",\"caption\":\"Admin\"},\"url\":\"https:\\\/\\\/diariofemenino.com.ar\\\/df\\\/author\\\/lenny\\\/\"}]}<\/script>\n<!-- \/ Yoast SEO plugin. -->","yoast_head_json":{"title":"\u201cEncontrar nuestra voz escondida\u201d - Diario Digital Femenino","description":"Encontrar nuestra voz.","robots":{"index":"index","follow":"follow","max-snippet":"max-snippet:-1","max-image-preview":"max-image-preview:large","max-video-preview":"max-video-preview:-1"},"canonical":"https:\/\/diariofemenino.com.ar\/df\/encontrar-nuestra-voz-escondida\/","og_locale":"es_ES","og_type":"article","og_title":"\u201cEncontrar nuestra voz escondida\u201d - Diario Digital Femenino","og_description":"Encontrar nuestra voz.","og_url":"https:\/\/diariofemenino.com.ar\/df\/encontrar-nuestra-voz-escondida\/","og_site_name":"Diario Digital Femenino","article_publisher":"https:\/\/www.facebook.com\/DiarioDigitaFemenino\/","article_published_time":"2022-07-29T13:47:26+00:00","og_image":[{"width":1600,"height":1066,"url":"https:\/\/diariofemenino.com.ar\/df\/wp-content\/uploads\/2022\/07\/IMG-20220723-WA0009.jpg","type":"image\/jpeg"}],"author":"Admin","twitter_card":"summary_large_image","twitter_creator":"@DiarioFemenino1","twitter_site":"@DiarioFemenino1","twitter_misc":{"Escrito por":"Admin","Tiempo de lectura":"4 minutos"},"schema":{"@context":"https:\/\/schema.org","@graph":[{"@type":"Article","@id":"https:\/\/diariofemenino.com.ar\/df\/encontrar-nuestra-voz-escondida\/#article","isPartOf":{"@id":"https:\/\/diariofemenino.com.ar\/df\/encontrar-nuestra-voz-escondida\/"},"author":{"name":"Admin","@id":"https:\/\/diariofemenino.com.ar\/df\/#\/schema\/person\/bf6199e8158c657ea6f789b11ec85509"},"headline":"\u201cEncontrar nuestra voz escondida\u201d","datePublished":"2022-07-29T13:47:26+00:00","mainEntityOfPage":{"@id":"https:\/\/diariofemenino.com.ar\/df\/encontrar-nuestra-voz-escondida\/"},"wordCount":825,"commentCount":0,"publisher":{"@id":"https:\/\/diariofemenino.com.ar\/df\/#organization"},"image":{"@id":"https:\/\/diariofemenino.com.ar\/df\/encontrar-nuestra-voz-escondida\/#primaryimage"},"thumbnailUrl":"https:\/\/diariofemenino.com.ar\/df\/wp-content\/uploads\/2022\/07\/IMG-20220723-WA0009.jpg","keywords":["Adriana Pedrolo","Boedo","Carla Giannini","Destacada","Encontrar la voz","Espacio La Conversa"],"articleSection":["Actividades","Agenda Feminista","Entrevistas","Historias de vida","Mujeres en Palabras"],"inLanguage":"es","potentialAction":[{"@type":"CommentAction","name":"Comment","target":["https:\/\/diariofemenino.com.ar\/df\/encontrar-nuestra-voz-escondida\/#respond"]}]},{"@type":"WebPage","@id":"https:\/\/diariofemenino.com.ar\/df\/encontrar-nuestra-voz-escondida\/","url":"https:\/\/diariofemenino.com.ar\/df\/encontrar-nuestra-voz-escondida\/","name":"\u201cEncontrar nuestra voz escondida\u201d - Diario Digital Femenino","isPartOf":{"@id":"https:\/\/diariofemenino.com.ar\/df\/#website"},"primaryImageOfPage":{"@id":"https:\/\/diariofemenino.com.ar\/df\/encontrar-nuestra-voz-escondida\/#primaryimage"},"image":{"@id":"https:\/\/diariofemenino.com.ar\/df\/encontrar-nuestra-voz-escondida\/#primaryimage"},"thumbnailUrl":"https:\/\/diariofemenino.com.ar\/df\/wp-content\/uploads\/2022\/07\/IMG-20220723-WA0009.jpg","datePublished":"2022-07-29T13:47:26+00:00","description":"Encontrar nuestra voz.","breadcrumb":{"@id":"https:\/\/diariofemenino.com.ar\/df\/encontrar-nuestra-voz-escondida\/#breadcrumb"},"inLanguage":"es","potentialAction":[{"@type":"ReadAction","target":["https:\/\/diariofemenino.com.ar\/df\/encontrar-nuestra-voz-escondida\/"]}]},{"@type":"ImageObject","inLanguage":"es","@id":"https:\/\/diariofemenino.com.ar\/df\/encontrar-nuestra-voz-escondida\/#primaryimage","url":"https:\/\/diariofemenino.com.ar\/df\/wp-content\/uploads\/2022\/07\/IMG-20220723-WA0009.jpg","contentUrl":"https:\/\/diariofemenino.com.ar\/df\/wp-content\/uploads\/2022\/07\/IMG-20220723-WA0009.jpg","width":1600,"height":1066,"caption":"\u201cEncontrar nuestra voz escondida\u201d"},{"@type":"BreadcrumbList","@id":"https:\/\/diariofemenino.com.ar\/df\/encontrar-nuestra-voz-escondida\/#breadcrumb","itemListElement":[{"@type":"ListItem","position":1,"name":"Portada","item":"https:\/\/diariofemenino.com.ar\/df\/"},{"@type":"ListItem","position":2,"name":"\u201cEncontrar nuestra voz escondida\u201d"}]},{"@type":"WebSite","@id":"https:\/\/diariofemenino.com.ar\/df\/#website","url":"https:\/\/diariofemenino.com.ar\/df\/","name":"Diario Digital Femenino","description":"Cuesti\u00f3n de G\u00e9nero","publisher":{"@id":"https:\/\/diariofemenino.com.ar\/df\/#organization"},"potentialAction":[{"@type":"SearchAction","target":{"@type":"EntryPoint","urlTemplate":"https:\/\/diariofemenino.com.ar\/df\/?s={search_term_string}"},"query-input":{"@type":"PropertyValueSpecification","valueRequired":true,"valueName":"search_term_string"}}],"inLanguage":"es"},{"@type":"Organization","@id":"https:\/\/diariofemenino.com.ar\/df\/#organization","name":"Diario Femenino","url":"https:\/\/diariofemenino.com.ar\/df\/","logo":{"@type":"ImageObject","inLanguage":"es","@id":"https:\/\/diariofemenino.com.ar\/df\/#\/schema\/logo\/image\/","url":"https:\/\/diariofemenino.com.ar\/df\/wp-content\/uploads\/2018\/10\/logo.png","contentUrl":"https:\/\/diariofemenino.com.ar\/df\/wp-content\/uploads\/2018\/10\/logo.png","width":500,"height":92,"caption":"Diario Femenino"},"image":{"@id":"https:\/\/diariofemenino.com.ar\/df\/#\/schema\/logo\/image\/"},"sameAs":["https:\/\/www.facebook.com\/DiarioDigitaFemenino\/","https:\/\/x.com\/DiarioFemenino1"]},{"@type":"Person","@id":"https:\/\/diariofemenino.com.ar\/df\/#\/schema\/person\/bf6199e8158c657ea6f789b11ec85509","name":"Admin","image":{"@type":"ImageObject","inLanguage":"es","@id":"https:\/\/diariofemenino.com.ar\/df\/wp-content\/uploads\/2018\/12\/favicon-150x150.jpg","url":"https:\/\/diariofemenino.com.ar\/df\/wp-content\/uploads\/2018\/12\/favicon-150x150.jpg","contentUrl":"https:\/\/diariofemenino.com.ar\/df\/wp-content\/uploads\/2018\/12\/favicon-150x150.jpg","caption":"Admin"},"url":"https:\/\/diariofemenino.com.ar\/df\/author\/lenny\/"}]}},"jetpack_featured_media_url":"https:\/\/diariofemenino.com.ar\/df\/wp-content\/uploads\/2022\/07\/IMG-20220723-WA0009.jpg","jetpack_sharing_enabled":true,"rttpg_featured_image_url":{"full":["https:\/\/diariofemenino.com.ar\/df\/wp-content\/uploads\/2022\/07\/IMG-20220723-WA0009.jpg",1600,1066,false],"landscape":["https:\/\/diariofemenino.com.ar\/df\/wp-content\/uploads\/2022\/07\/IMG-20220723-WA0009.jpg",1600,1066,false],"portraits":["https:\/\/diariofemenino.com.ar\/df\/wp-content\/uploads\/2022\/07\/IMG-20220723-WA0009.jpg",1600,1066,false],"thumbnail":["https:\/\/diariofemenino.com.ar\/df\/wp-content\/uploads\/2022\/07\/IMG-20220723-WA0009-150x150.jpg",150,150,true],"medium":["https:\/\/diariofemenino.com.ar\/df\/wp-content\/uploads\/2022\/07\/IMG-20220723-WA0009-300x200.jpg",300,200,true],"large":["https:\/\/diariofemenino.com.ar\/df\/wp-content\/uploads\/2022\/07\/IMG-20220723-WA0009-1024x682.jpg",1024,682,true],"1536x1536":["https:\/\/diariofemenino.com.ar\/df\/wp-content\/uploads\/2022\/07\/IMG-20220723-WA0009.jpg",1536,1023,false],"2048x2048":["https:\/\/diariofemenino.com.ar\/df\/wp-content\/uploads\/2022\/07\/IMG-20220723-WA0009.jpg",1600,1066,false]},"rttpg_author":{"display_name":"Admin","author_link":"https:\/\/diariofemenino.com.ar\/df\/author\/lenny\/"},"rttpg_comment":0,"rttpg_category":"<a href=\"https:\/\/diariofemenino.com.ar\/df\/category\/actividades\/\" rel=\"category tag\">Actividades<\/a> <a href=\"https:\/\/diariofemenino.com.ar\/df\/category\/agenda-feminista\/\" rel=\"category tag\">Agenda Feminista<\/a> <a href=\"https:\/\/diariofemenino.com.ar\/df\/category\/entrevistas\/\" rel=\"category tag\">Entrevistas<\/a> <a href=\"https:\/\/diariofemenino.com.ar\/df\/category\/historias-de-vida\/\" rel=\"category tag\">Historias de vida<\/a> <a href=\"https:\/\/diariofemenino.com.ar\/df\/category\/articulos\/\" rel=\"category tag\">Mujeres en Palabras<\/a>","rttpg_excerpt":"Profesora y entrenadora vocal, gestora y directora del espacio La Conversa del barrio porte\u00f1o de Boedo, pero tambi\u00e9n actriz, compositora y cantante, Carla Giannini nos comparte su amor por la voz en la canci\u00f3n, en sus cursos y en la vida. Por Adriana Pedrolo* para DDF. AP:-\u00bfCarla, contanos c\u00f3mo lleg\u00f3 el canto a tu vida?&hellip;","_links":{"self":[{"href":"https:\/\/diariofemenino.com.ar\/df\/wp-json\/wp\/v2\/posts\/65879","targetHints":{"allow":["GET"]}}],"collection":[{"href":"https:\/\/diariofemenino.com.ar\/df\/wp-json\/wp\/v2\/posts"}],"about":[{"href":"https:\/\/diariofemenino.com.ar\/df\/wp-json\/wp\/v2\/types\/post"}],"author":[{"embeddable":true,"href":"https:\/\/diariofemenino.com.ar\/df\/wp-json\/wp\/v2\/users\/4"}],"replies":[{"embeddable":true,"href":"https:\/\/diariofemenino.com.ar\/df\/wp-json\/wp\/v2\/comments?post=65879"}],"version-history":[{"count":0,"href":"https:\/\/diariofemenino.com.ar\/df\/wp-json\/wp\/v2\/posts\/65879\/revisions"}],"wp:featuredmedia":[{"embeddable":true,"href":"https:\/\/diariofemenino.com.ar\/df\/wp-json\/wp\/v2\/media\/65880"}],"wp:attachment":[{"href":"https:\/\/diariofemenino.com.ar\/df\/wp-json\/wp\/v2\/media?parent=65879"}],"wp:term":[{"taxonomy":"category","embeddable":true,"href":"https:\/\/diariofemenino.com.ar\/df\/wp-json\/wp\/v2\/categories?post=65879"},{"taxonomy":"post_tag","embeddable":true,"href":"https:\/\/diariofemenino.com.ar\/df\/wp-json\/wp\/v2\/tags?post=65879"}],"curies":[{"name":"wp","href":"https:\/\/api.w.org\/{rel}","templated":true}]}}