{"id":65774,"date":"2022-07-25T20:58:33","date_gmt":"2022-07-25T23:58:33","guid":{"rendered":"https:\/\/diariofemenino.com.ar\/df\/?p=65774"},"modified":"2022-07-25T20:58:33","modified_gmt":"2022-07-25T23:58:33","slug":"la-identidad-villera-poemas-y-relatos-cortos-para-entrar-al-barrio","status":"publish","type":"post","link":"https:\/\/diariofemenino.com.ar\/df\/la-identidad-villera-poemas-y-relatos-cortos-para-entrar-al-barrio\/","title":{"rendered":"La identidad villera: Poemas y Relatos cortos para entrar al barrio"},"content":{"rendered":"<p>La identidad villera<a href=\"https:\/\/chirimbote.com.ar\/\"><strong> Chirimbote<\/strong><\/a> lanza <strong><em>La villa en mis venas<\/em><\/strong>, de Jesi Jess, poeta, activista y periodista villera y <a href=\"https:\/\/diariofemenino.com.ar\/df\/category\/agenda-feminista\/\">feminista<\/a>. Su libro sacude de principio a fin: amores, desamores y la maternidad en un barrio popular: la 21\/24, en Barracas, donde los besos se dan con prisa mientras la Polic\u00eda aprieta a pibas y pibes en las esquinas. Y las monedas se cuentan con desesperaci\u00f3n porque el trabajo formal no abunda. En su primer publicaci\u00f3n, la autora no deja de mostrar que la belleza emerge ah\u00ed donde tambi\u00e9n los derechos se vulneran, invit\u00e1ndonos a nunca m\u00e1s correr la mirada.<\/p>\n<p>\u00abSoy villera porque nac\u00ed, me cri\u00e9 y vivo en la Villa 21\/24 de Barracas. \u00bfSaben lo tedioso que se torna tener que estar aclarando todos los d\u00edas que no saco el carnet de pobreza para hablar desde una superioridad moral que no existe? <strong>Me reivindico villera para que sepan desde d\u00f3nde hablo, desde d\u00f3nde me paro y desde d\u00f3nde miro el mundo y analizo la realidad en la que vivimos\u00bb<\/strong>, <a href=\"https:\/\/diariofemenino.com.ar\/df\/category\/articulos\/\">grita<\/a> Jesi Jess, para que quede claro desde donde nos convida sus poemas y relatos cortos.<\/p>\n<figure id=\"attachment_65775\" aria-describedby=\"caption-attachment-65775\" style=\"width: 392px\" class=\"wp-caption alignleft\"><img loading=\"lazy\" decoding=\"async\" class=\" wp-image-65775\" src=\"https:\/\/diariofemenino.com.ar\/df\/wp-content\/uploads\/2022\/07\/La-villa-en-mis-venas.-Interior-1-767x1024.jpg\" alt=\"La identidad villera: Poemas y Relatos cortos para entrar al barrio\" width=\"392\" height=\"523\" srcset=\"https:\/\/diariofemenino.com.ar\/df\/wp-content\/uploads\/2022\/07\/La-villa-en-mis-venas.-Interior-1-767x1024.jpg 767w, https:\/\/diariofemenino.com.ar\/df\/wp-content\/uploads\/2022\/07\/La-villa-en-mis-venas.-Interior-1-225x300.jpg 225w, https:\/\/diariofemenino.com.ar\/df\/wp-content\/uploads\/2022\/07\/La-villa-en-mis-venas.-Interior-1-768x1025.jpg 768w, https:\/\/diariofemenino.com.ar\/df\/wp-content\/uploads\/2022\/07\/La-villa-en-mis-venas.-Interior-1.jpg 2036w\" sizes=\"auto, (max-width: 392px) 100vw, 392px\" \/><figcaption id=\"caption-attachment-65775\" class=\"wp-caption-text\"><strong><em>La identidad villera: Poemas y Relatos cortos para entrar al barrio<\/em><\/strong><\/figcaption><\/figure>\n<p><strong><em>La villa en mis venas<\/em><\/strong> (<a href=\"https:\/\/tienda-chirimbote.mercadoshops.com.ar\/?mshops-cookie-isguest=false&amp;mshops-redirection-timestamp=1658793283928&amp;mshops-cookie-cp=1026\">Edit. Chirimbote<\/a>), el primer libro de la autora, fue prologado por Diego Arbit, escritor, poeta y dramaturgo, quien resalta que la nueva publicaci\u00f3n \u201ces alta literatura, porque es literatura sincera, profunda, \u00e1gil, conmovedora, inteligente y piola.<\/p>\n<p>Desde la villa, Jesi Jess nos cuenta una, otra y otra historia m\u00e1s sobre abortar; enamorarse, pero tambi\u00e9n tener un coraz\u00f3n roto; maternar; darse besos; comprar un helado, como un tesoro, con el \u00faltimo billete. Tambi\u00e9n sobre c\u00f3mo los derechos se quedan afuera del barrio, aunque adentro haya muchas y muchos que pelean por tenerlos. Y expone que las fuerzas de seguridad se ensa\u00f1an con las pibas y pibes que usan visera.<\/p>\n<p>\u201cSe escuchan los disparos, otro yuta pide perd\u00f3n y dice: \u00b4no quise matarlo\u00b4. Ac\u00e1 nos cuidamos entre nosotros aunque nos tilden siempre de delincuentes y que nos merecemos la muerte\u201d, denuncia la autora, harta de que las balas policiales siempre deseen a las juventudes m\u00e1s empobrecidas.<\/p>\n<p><img loading=\"lazy\" decoding=\"async\" class=\"aligncenter size-full wp-image-65777\" src=\"https:\/\/diariofemenino.com.ar\/df\/wp-content\/uploads\/2022\/07\/Jesi.jpg\" alt=\"\" width=\"547\" height=\"124\" srcset=\"https:\/\/diariofemenino.com.ar\/df\/wp-content\/uploads\/2022\/07\/Jesi.jpg 547w, https:\/\/diariofemenino.com.ar\/df\/wp-content\/uploads\/2022\/07\/Jesi-300x68.jpg 300w\" sizes=\"auto, (max-width: 547px) 100vw, 547px\" \/><\/p>\n<p>Solicitar contacto de prensa en los comentarios de la nota.<\/p>\n","protected":false},"excerpt":{"rendered":"<p>La identidad villera Chirimbote lanza La villa en mis venas, de Jesi Jess, poeta, activista y periodista villera y feminista. Su libro sacude de principio a fin: amores, desamores y la maternidad en un barrio popular: la 21\/24, en Barracas, donde los besos se dan con prisa mientras la Polic\u00eda aprieta a pibas y pibes [&hellip;]<\/p>\n","protected":false},"author":4,"featured_media":65776,"comment_status":"open","ping_status":"open","sticky":false,"template":"","format":"standard","meta":{"iawp_total_views":240,"footnotes":""},"categories":[1067,32,6],"tags":[5403,5404,666],"class_list":["post-65774","post","type-post","status-publish","format-standard","has-post-thumbnail","hentry","category-agenda-feminista","category-mujeres","category-articulos","tag-identidad-villera","tag-jesi-jess","tag-libro"],"nelio_content":{"autoShareEndMode":"never","automationSources":{"useCustomSentences":false,"customSentences":[]},"efiAlt":"","efiUrl":"","followers":[4],"highlights":[],"isAutoShareEnabled":true,"networkImageIds":[],"permalinkQueryArgs":[],"series":[],"suggestedReferences":[]},"yoast_head":"<!-- This site is optimized with the Yoast SEO plugin v27.5 - https:\/\/yoast.com\/product\/yoast-seo-wordpress\/ -->\n<title>La identidad villera: Poemas y Relatos cortos para entrar al barrio - Diario Digital Femenino<\/title>\n<meta name=\"description\" content=\"La identidad villera. Chirimbote lanza La villa en mis venas, de Jesi Jess, poeta, activista y periodista villera y feminista.\" \/>\n<meta name=\"robots\" content=\"index, follow, max-snippet:-1, max-image-preview:large, max-video-preview:-1\" \/>\n<link rel=\"canonical\" href=\"https:\/\/diariofemenino.com.ar\/df\/la-identidad-villera-poemas-y-relatos-cortos-para-entrar-al-barrio\/\" \/>\n<meta property=\"og:locale\" content=\"es_ES\" \/>\n<meta property=\"og:type\" content=\"article\" \/>\n<meta property=\"og:title\" content=\"La identidad villera: Poemas y Relatos cortos para entrar al barrio - Diario Digital Femenino\" \/>\n<meta property=\"og:description\" content=\"La identidad villera. Chirimbote lanza La villa en mis venas, de Jesi Jess, poeta, activista y periodista villera y feminista.\" \/>\n<meta property=\"og:url\" content=\"https:\/\/diariofemenino.com.ar\/df\/la-identidad-villera-poemas-y-relatos-cortos-para-entrar-al-barrio\/\" \/>\n<meta property=\"og:site_name\" content=\"Diario Digital Femenino\" \/>\n<meta property=\"article:publisher\" content=\"https:\/\/www.facebook.com\/DiarioDigitaFemenino\/\" \/>\n<meta property=\"article:published_time\" content=\"2022-07-25T23:58:33+00:00\" \/>\n<meta property=\"og:image\" content=\"https:\/\/diariofemenino.com.ar\/df\/wp-content\/uploads\/2022\/07\/La-villa-en-mis-venas.png\" \/>\n\t<meta property=\"og:image:width\" content=\"533\" \/>\n\t<meta property=\"og:image:height\" content=\"563\" \/>\n\t<meta property=\"og:image:type\" content=\"image\/png\" \/>\n<meta name=\"author\" content=\"Admin\" \/>\n<meta name=\"twitter:card\" content=\"summary_large_image\" \/>\n<meta name=\"twitter:creator\" content=\"@DiarioFemenino1\" \/>\n<meta name=\"twitter:site\" content=\"@DiarioFemenino1\" \/>\n<meta name=\"twitter:label1\" content=\"Escrito por\" \/>\n\t<meta name=\"twitter:data1\" content=\"Admin\" \/>\n\t<meta name=\"twitter:label2\" content=\"Tiempo de lectura\" \/>\n\t<meta name=\"twitter:data2\" content=\"2 minutos\" \/>\n<script type=\"application\/ld+json\" class=\"yoast-schema-graph\">{\"@context\":\"https:\\\/\\\/schema.org\",\"@graph\":[{\"@type\":\"Article\",\"@id\":\"https:\\\/\\\/diariofemenino.com.ar\\\/df\\\/la-identidad-villera-poemas-y-relatos-cortos-para-entrar-al-barrio\\\/#article\",\"isPartOf\":{\"@id\":\"https:\\\/\\\/diariofemenino.com.ar\\\/df\\\/la-identidad-villera-poemas-y-relatos-cortos-para-entrar-al-barrio\\\/\"},\"author\":{\"name\":\"Admin\",\"@id\":\"https:\\\/\\\/diariofemenino.com.ar\\\/df\\\/#\\\/schema\\\/person\\\/bf6199e8158c657ea6f789b11ec85509\"},\"headline\":\"La identidad villera: Poemas y Relatos cortos para entrar al barrio\",\"datePublished\":\"2022-07-25T23:58:33+00:00\",\"mainEntityOfPage\":{\"@id\":\"https:\\\/\\\/diariofemenino.com.ar\\\/df\\\/la-identidad-villera-poemas-y-relatos-cortos-para-entrar-al-barrio\\\/\"},\"wordCount\":400,\"commentCount\":0,\"publisher\":{\"@id\":\"https:\\\/\\\/diariofemenino.com.ar\\\/df\\\/#organization\"},\"image\":{\"@id\":\"https:\\\/\\\/diariofemenino.com.ar\\\/df\\\/la-identidad-villera-poemas-y-relatos-cortos-para-entrar-al-barrio\\\/#primaryimage\"},\"thumbnailUrl\":\"https:\\\/\\\/diariofemenino.com.ar\\\/df\\\/wp-content\\\/uploads\\\/2022\\\/07\\\/La-villa-en-mis-venas.png\",\"keywords\":[\"Identidad villera\",\"Jesi Jess\",\"Libro\"],\"articleSection\":[\"Agenda Feminista\",\"Mujeres\",\"Mujeres en Palabras\"],\"inLanguage\":\"es\",\"potentialAction\":[{\"@type\":\"CommentAction\",\"name\":\"Comment\",\"target\":[\"https:\\\/\\\/diariofemenino.com.ar\\\/df\\\/la-identidad-villera-poemas-y-relatos-cortos-para-entrar-al-barrio\\\/#respond\"]}]},{\"@type\":\"WebPage\",\"@id\":\"https:\\\/\\\/diariofemenino.com.ar\\\/df\\\/la-identidad-villera-poemas-y-relatos-cortos-para-entrar-al-barrio\\\/\",\"url\":\"https:\\\/\\\/diariofemenino.com.ar\\\/df\\\/la-identidad-villera-poemas-y-relatos-cortos-para-entrar-al-barrio\\\/\",\"name\":\"La identidad villera: Poemas y Relatos cortos para entrar al barrio - Diario Digital Femenino\",\"isPartOf\":{\"@id\":\"https:\\\/\\\/diariofemenino.com.ar\\\/df\\\/#website\"},\"primaryImageOfPage\":{\"@id\":\"https:\\\/\\\/diariofemenino.com.ar\\\/df\\\/la-identidad-villera-poemas-y-relatos-cortos-para-entrar-al-barrio\\\/#primaryimage\"},\"image\":{\"@id\":\"https:\\\/\\\/diariofemenino.com.ar\\\/df\\\/la-identidad-villera-poemas-y-relatos-cortos-para-entrar-al-barrio\\\/#primaryimage\"},\"thumbnailUrl\":\"https:\\\/\\\/diariofemenino.com.ar\\\/df\\\/wp-content\\\/uploads\\\/2022\\\/07\\\/La-villa-en-mis-venas.png\",\"datePublished\":\"2022-07-25T23:58:33+00:00\",\"description\":\"La identidad villera. Chirimbote lanza La villa en mis venas, de Jesi Jess, poeta, activista y periodista villera y feminista.\",\"breadcrumb\":{\"@id\":\"https:\\\/\\\/diariofemenino.com.ar\\\/df\\\/la-identidad-villera-poemas-y-relatos-cortos-para-entrar-al-barrio\\\/#breadcrumb\"},\"inLanguage\":\"es\",\"potentialAction\":[{\"@type\":\"ReadAction\",\"target\":[\"https:\\\/\\\/diariofemenino.com.ar\\\/df\\\/la-identidad-villera-poemas-y-relatos-cortos-para-entrar-al-barrio\\\/\"]}]},{\"@type\":\"ImageObject\",\"inLanguage\":\"es\",\"@id\":\"https:\\\/\\\/diariofemenino.com.ar\\\/df\\\/la-identidad-villera-poemas-y-relatos-cortos-para-entrar-al-barrio\\\/#primaryimage\",\"url\":\"https:\\\/\\\/diariofemenino.com.ar\\\/df\\\/wp-content\\\/uploads\\\/2022\\\/07\\\/La-villa-en-mis-venas.png\",\"contentUrl\":\"https:\\\/\\\/diariofemenino.com.ar\\\/df\\\/wp-content\\\/uploads\\\/2022\\\/07\\\/La-villa-en-mis-venas.png\",\"width\":533,\"height\":563,\"caption\":\"La identidad villera: Poemas y Relatos cortos para entrar al barrio\"},{\"@type\":\"BreadcrumbList\",\"@id\":\"https:\\\/\\\/diariofemenino.com.ar\\\/df\\\/la-identidad-villera-poemas-y-relatos-cortos-para-entrar-al-barrio\\\/#breadcrumb\",\"itemListElement\":[{\"@type\":\"ListItem\",\"position\":1,\"name\":\"Portada\",\"item\":\"https:\\\/\\\/diariofemenino.com.ar\\\/df\\\/\"},{\"@type\":\"ListItem\",\"position\":2,\"name\":\"La identidad villera: Poemas y Relatos cortos para entrar al barrio\"}]},{\"@type\":\"WebSite\",\"@id\":\"https:\\\/\\\/diariofemenino.com.ar\\\/df\\\/#website\",\"url\":\"https:\\\/\\\/diariofemenino.com.ar\\\/df\\\/\",\"name\":\"Diario Digital Femenino\",\"description\":\"Cuesti\u00f3n de G\u00e9nero\",\"publisher\":{\"@id\":\"https:\\\/\\\/diariofemenino.com.ar\\\/df\\\/#organization\"},\"potentialAction\":[{\"@type\":\"SearchAction\",\"target\":{\"@type\":\"EntryPoint\",\"urlTemplate\":\"https:\\\/\\\/diariofemenino.com.ar\\\/df\\\/?s={search_term_string}\"},\"query-input\":{\"@type\":\"PropertyValueSpecification\",\"valueRequired\":true,\"valueName\":\"search_term_string\"}}],\"inLanguage\":\"es\"},{\"@type\":\"Organization\",\"@id\":\"https:\\\/\\\/diariofemenino.com.ar\\\/df\\\/#organization\",\"name\":\"Diario Femenino\",\"url\":\"https:\\\/\\\/diariofemenino.com.ar\\\/df\\\/\",\"logo\":{\"@type\":\"ImageObject\",\"inLanguage\":\"es\",\"@id\":\"https:\\\/\\\/diariofemenino.com.ar\\\/df\\\/#\\\/schema\\\/logo\\\/image\\\/\",\"url\":\"https:\\\/\\\/diariofemenino.com.ar\\\/df\\\/wp-content\\\/uploads\\\/2018\\\/10\\\/logo.png\",\"contentUrl\":\"https:\\\/\\\/diariofemenino.com.ar\\\/df\\\/wp-content\\\/uploads\\\/2018\\\/10\\\/logo.png\",\"width\":500,\"height\":92,\"caption\":\"Diario Femenino\"},\"image\":{\"@id\":\"https:\\\/\\\/diariofemenino.com.ar\\\/df\\\/#\\\/schema\\\/logo\\\/image\\\/\"},\"sameAs\":[\"https:\\\/\\\/www.facebook.com\\\/DiarioDigitaFemenino\\\/\",\"https:\\\/\\\/x.com\\\/DiarioFemenino1\"]},{\"@type\":\"Person\",\"@id\":\"https:\\\/\\\/diariofemenino.com.ar\\\/df\\\/#\\\/schema\\\/person\\\/bf6199e8158c657ea6f789b11ec85509\",\"name\":\"Admin\",\"image\":{\"@type\":\"ImageObject\",\"inLanguage\":\"es\",\"@id\":\"https:\\\/\\\/diariofemenino.com.ar\\\/df\\\/wp-content\\\/uploads\\\/2018\\\/12\\\/favicon-150x150.jpg\",\"url\":\"https:\\\/\\\/diariofemenino.com.ar\\\/df\\\/wp-content\\\/uploads\\\/2018\\\/12\\\/favicon-150x150.jpg\",\"contentUrl\":\"https:\\\/\\\/diariofemenino.com.ar\\\/df\\\/wp-content\\\/uploads\\\/2018\\\/12\\\/favicon-150x150.jpg\",\"caption\":\"Admin\"},\"url\":\"https:\\\/\\\/diariofemenino.com.ar\\\/df\\\/author\\\/lenny\\\/\"}]}<\/script>\n<!-- \/ Yoast SEO plugin. -->","yoast_head_json":{"title":"La identidad villera: Poemas y Relatos cortos para entrar al barrio - Diario Digital Femenino","description":"La identidad villera. Chirimbote lanza La villa en mis venas, de Jesi Jess, poeta, activista y periodista villera y feminista.","robots":{"index":"index","follow":"follow","max-snippet":"max-snippet:-1","max-image-preview":"max-image-preview:large","max-video-preview":"max-video-preview:-1"},"canonical":"https:\/\/diariofemenino.com.ar\/df\/la-identidad-villera-poemas-y-relatos-cortos-para-entrar-al-barrio\/","og_locale":"es_ES","og_type":"article","og_title":"La identidad villera: Poemas y Relatos cortos para entrar al barrio - Diario Digital Femenino","og_description":"La identidad villera. Chirimbote lanza La villa en mis venas, de Jesi Jess, poeta, activista y periodista villera y feminista.","og_url":"https:\/\/diariofemenino.com.ar\/df\/la-identidad-villera-poemas-y-relatos-cortos-para-entrar-al-barrio\/","og_site_name":"Diario Digital Femenino","article_publisher":"https:\/\/www.facebook.com\/DiarioDigitaFemenino\/","article_published_time":"2022-07-25T23:58:33+00:00","og_image":[{"width":533,"height":563,"url":"https:\/\/diariofemenino.com.ar\/df\/wp-content\/uploads\/2022\/07\/La-villa-en-mis-venas.png","type":"image\/png"}],"author":"Admin","twitter_card":"summary_large_image","twitter_creator":"@DiarioFemenino1","twitter_site":"@DiarioFemenino1","twitter_misc":{"Escrito por":"Admin","Tiempo de lectura":"2 minutos"},"schema":{"@context":"https:\/\/schema.org","@graph":[{"@type":"Article","@id":"https:\/\/diariofemenino.com.ar\/df\/la-identidad-villera-poemas-y-relatos-cortos-para-entrar-al-barrio\/#article","isPartOf":{"@id":"https:\/\/diariofemenino.com.ar\/df\/la-identidad-villera-poemas-y-relatos-cortos-para-entrar-al-barrio\/"},"author":{"name":"Admin","@id":"https:\/\/diariofemenino.com.ar\/df\/#\/schema\/person\/bf6199e8158c657ea6f789b11ec85509"},"headline":"La identidad villera: Poemas y Relatos cortos para entrar al barrio","datePublished":"2022-07-25T23:58:33+00:00","mainEntityOfPage":{"@id":"https:\/\/diariofemenino.com.ar\/df\/la-identidad-villera-poemas-y-relatos-cortos-para-entrar-al-barrio\/"},"wordCount":400,"commentCount":0,"publisher":{"@id":"https:\/\/diariofemenino.com.ar\/df\/#organization"},"image":{"@id":"https:\/\/diariofemenino.com.ar\/df\/la-identidad-villera-poemas-y-relatos-cortos-para-entrar-al-barrio\/#primaryimage"},"thumbnailUrl":"https:\/\/diariofemenino.com.ar\/df\/wp-content\/uploads\/2022\/07\/La-villa-en-mis-venas.png","keywords":["Identidad villera","Jesi Jess","Libro"],"articleSection":["Agenda Feminista","Mujeres","Mujeres en Palabras"],"inLanguage":"es","potentialAction":[{"@type":"CommentAction","name":"Comment","target":["https:\/\/diariofemenino.com.ar\/df\/la-identidad-villera-poemas-y-relatos-cortos-para-entrar-al-barrio\/#respond"]}]},{"@type":"WebPage","@id":"https:\/\/diariofemenino.com.ar\/df\/la-identidad-villera-poemas-y-relatos-cortos-para-entrar-al-barrio\/","url":"https:\/\/diariofemenino.com.ar\/df\/la-identidad-villera-poemas-y-relatos-cortos-para-entrar-al-barrio\/","name":"La identidad villera: Poemas y Relatos cortos para entrar al barrio - Diario Digital Femenino","isPartOf":{"@id":"https:\/\/diariofemenino.com.ar\/df\/#website"},"primaryImageOfPage":{"@id":"https:\/\/diariofemenino.com.ar\/df\/la-identidad-villera-poemas-y-relatos-cortos-para-entrar-al-barrio\/#primaryimage"},"image":{"@id":"https:\/\/diariofemenino.com.ar\/df\/la-identidad-villera-poemas-y-relatos-cortos-para-entrar-al-barrio\/#primaryimage"},"thumbnailUrl":"https:\/\/diariofemenino.com.ar\/df\/wp-content\/uploads\/2022\/07\/La-villa-en-mis-venas.png","datePublished":"2022-07-25T23:58:33+00:00","description":"La identidad villera. Chirimbote lanza La villa en mis venas, de Jesi Jess, poeta, activista y periodista villera y feminista.","breadcrumb":{"@id":"https:\/\/diariofemenino.com.ar\/df\/la-identidad-villera-poemas-y-relatos-cortos-para-entrar-al-barrio\/#breadcrumb"},"inLanguage":"es","potentialAction":[{"@type":"ReadAction","target":["https:\/\/diariofemenino.com.ar\/df\/la-identidad-villera-poemas-y-relatos-cortos-para-entrar-al-barrio\/"]}]},{"@type":"ImageObject","inLanguage":"es","@id":"https:\/\/diariofemenino.com.ar\/df\/la-identidad-villera-poemas-y-relatos-cortos-para-entrar-al-barrio\/#primaryimage","url":"https:\/\/diariofemenino.com.ar\/df\/wp-content\/uploads\/2022\/07\/La-villa-en-mis-venas.png","contentUrl":"https:\/\/diariofemenino.com.ar\/df\/wp-content\/uploads\/2022\/07\/La-villa-en-mis-venas.png","width":533,"height":563,"caption":"La identidad villera: Poemas y Relatos cortos para entrar al barrio"},{"@type":"BreadcrumbList","@id":"https:\/\/diariofemenino.com.ar\/df\/la-identidad-villera-poemas-y-relatos-cortos-para-entrar-al-barrio\/#breadcrumb","itemListElement":[{"@type":"ListItem","position":1,"name":"Portada","item":"https:\/\/diariofemenino.com.ar\/df\/"},{"@type":"ListItem","position":2,"name":"La identidad villera: Poemas y Relatos cortos para entrar al barrio"}]},{"@type":"WebSite","@id":"https:\/\/diariofemenino.com.ar\/df\/#website","url":"https:\/\/diariofemenino.com.ar\/df\/","name":"Diario Digital Femenino","description":"Cuesti\u00f3n de G\u00e9nero","publisher":{"@id":"https:\/\/diariofemenino.com.ar\/df\/#organization"},"potentialAction":[{"@type":"SearchAction","target":{"@type":"EntryPoint","urlTemplate":"https:\/\/diariofemenino.com.ar\/df\/?s={search_term_string}"},"query-input":{"@type":"PropertyValueSpecification","valueRequired":true,"valueName":"search_term_string"}}],"inLanguage":"es"},{"@type":"Organization","@id":"https:\/\/diariofemenino.com.ar\/df\/#organization","name":"Diario Femenino","url":"https:\/\/diariofemenino.com.ar\/df\/","logo":{"@type":"ImageObject","inLanguage":"es","@id":"https:\/\/diariofemenino.com.ar\/df\/#\/schema\/logo\/image\/","url":"https:\/\/diariofemenino.com.ar\/df\/wp-content\/uploads\/2018\/10\/logo.png","contentUrl":"https:\/\/diariofemenino.com.ar\/df\/wp-content\/uploads\/2018\/10\/logo.png","width":500,"height":92,"caption":"Diario Femenino"},"image":{"@id":"https:\/\/diariofemenino.com.ar\/df\/#\/schema\/logo\/image\/"},"sameAs":["https:\/\/www.facebook.com\/DiarioDigitaFemenino\/","https:\/\/x.com\/DiarioFemenino1"]},{"@type":"Person","@id":"https:\/\/diariofemenino.com.ar\/df\/#\/schema\/person\/bf6199e8158c657ea6f789b11ec85509","name":"Admin","image":{"@type":"ImageObject","inLanguage":"es","@id":"https:\/\/diariofemenino.com.ar\/df\/wp-content\/uploads\/2018\/12\/favicon-150x150.jpg","url":"https:\/\/diariofemenino.com.ar\/df\/wp-content\/uploads\/2018\/12\/favicon-150x150.jpg","contentUrl":"https:\/\/diariofemenino.com.ar\/df\/wp-content\/uploads\/2018\/12\/favicon-150x150.jpg","caption":"Admin"},"url":"https:\/\/diariofemenino.com.ar\/df\/author\/lenny\/"}]}},"jetpack_featured_media_url":"https:\/\/diariofemenino.com.ar\/df\/wp-content\/uploads\/2022\/07\/La-villa-en-mis-venas.png","jetpack_sharing_enabled":true,"rttpg_featured_image_url":{"full":["https:\/\/diariofemenino.com.ar\/df\/wp-content\/uploads\/2022\/07\/La-villa-en-mis-venas.png",533,563,false],"landscape":["https:\/\/diariofemenino.com.ar\/df\/wp-content\/uploads\/2022\/07\/La-villa-en-mis-venas.png",533,563,false],"portraits":["https:\/\/diariofemenino.com.ar\/df\/wp-content\/uploads\/2022\/07\/La-villa-en-mis-venas.png",533,563,false],"thumbnail":["https:\/\/diariofemenino.com.ar\/df\/wp-content\/uploads\/2022\/07\/La-villa-en-mis-venas-150x150.png",150,150,true],"medium":["https:\/\/diariofemenino.com.ar\/df\/wp-content\/uploads\/2022\/07\/La-villa-en-mis-venas-284x300.png",284,300,true],"large":["https:\/\/diariofemenino.com.ar\/df\/wp-content\/uploads\/2022\/07\/La-villa-en-mis-venas.png",533,563,false],"1536x1536":["https:\/\/diariofemenino.com.ar\/df\/wp-content\/uploads\/2022\/07\/La-villa-en-mis-venas.png",533,563,false],"2048x2048":["https:\/\/diariofemenino.com.ar\/df\/wp-content\/uploads\/2022\/07\/La-villa-en-mis-venas.png",533,563,false]},"rttpg_author":{"display_name":"Admin","author_link":"https:\/\/diariofemenino.com.ar\/df\/author\/lenny\/"},"rttpg_comment":0,"rttpg_category":"<a href=\"https:\/\/diariofemenino.com.ar\/df\/category\/agenda-feminista\/\" rel=\"category tag\">Agenda Feminista<\/a> <a href=\"https:\/\/diariofemenino.com.ar\/df\/category\/mujeres\/\" rel=\"category tag\">Mujeres<\/a> <a href=\"https:\/\/diariofemenino.com.ar\/df\/category\/articulos\/\" rel=\"category tag\">Mujeres en Palabras<\/a>","rttpg_excerpt":"La identidad villera Chirimbote lanza La villa en mis venas, de Jesi Jess, poeta, activista y periodista villera y feminista. Su libro sacude de principio a fin: amores, desamores y la maternidad en un barrio popular: la 21\/24, en Barracas, donde los besos se dan con prisa mientras la Polic\u00eda aprieta a pibas y pibes&hellip;","_links":{"self":[{"href":"https:\/\/diariofemenino.com.ar\/df\/wp-json\/wp\/v2\/posts\/65774","targetHints":{"allow":["GET"]}}],"collection":[{"href":"https:\/\/diariofemenino.com.ar\/df\/wp-json\/wp\/v2\/posts"}],"about":[{"href":"https:\/\/diariofemenino.com.ar\/df\/wp-json\/wp\/v2\/types\/post"}],"author":[{"embeddable":true,"href":"https:\/\/diariofemenino.com.ar\/df\/wp-json\/wp\/v2\/users\/4"}],"replies":[{"embeddable":true,"href":"https:\/\/diariofemenino.com.ar\/df\/wp-json\/wp\/v2\/comments?post=65774"}],"version-history":[{"count":0,"href":"https:\/\/diariofemenino.com.ar\/df\/wp-json\/wp\/v2\/posts\/65774\/revisions"}],"wp:featuredmedia":[{"embeddable":true,"href":"https:\/\/diariofemenino.com.ar\/df\/wp-json\/wp\/v2\/media\/65776"}],"wp:attachment":[{"href":"https:\/\/diariofemenino.com.ar\/df\/wp-json\/wp\/v2\/media?parent=65774"}],"wp:term":[{"taxonomy":"category","embeddable":true,"href":"https:\/\/diariofemenino.com.ar\/df\/wp-json\/wp\/v2\/categories?post=65774"},{"taxonomy":"post_tag","embeddable":true,"href":"https:\/\/diariofemenino.com.ar\/df\/wp-json\/wp\/v2\/tags?post=65774"}],"curies":[{"name":"wp","href":"https:\/\/api.w.org\/{rel}","templated":true}]}}