{"id":65753,"date":"2022-07-24T12:14:56","date_gmt":"2022-07-24T15:14:56","guid":{"rendered":"https:\/\/diariofemenino.com.ar\/df\/?p=65753"},"modified":"2022-07-24T12:14:56","modified_gmt":"2022-07-24T15:14:56","slug":"la-participacion-politica-de-las-mujeres","status":"publish","type":"post","link":"https:\/\/diariofemenino.com.ar\/df\/la-participacion-politica-de-las-mujeres\/","title":{"rendered":"La participaci\u00f3n pol\u00edtica de las mujeres"},"content":{"rendered":"<p>La campa\u00f1a con miras a las elecciones de 2023 ya comenz\u00f3 y las mujeres nos empezamos a preguntar sobre nuestra participaci\u00f3n y el rol que asumiremos. Claramente, desde hace algunos a\u00f1os, dejamos de ser meras acompa\u00f1adoras de candidatos, las reparte panfletos o abre puertas por ser conocedoras de la localidad o del barrio.<\/p>\n<p>Por\u00a0<a href=\"https:\/\/diariofemenino.com.ar\/df\/?s=Lenny+C%C3%A1ceres\">Lenny C\u00e1ceres<\/a>*<\/p>\n<p>Tampoco necesitamos ser escuchadas, interpretadas y traducidas por los l\u00edderes masculinos de los partidos pol\u00edticos. Tenemos nuestra propia voz y no necesitamos pedir permiso para que esta sea habilitada, ya la habilitamos y ellos son los que se tienen que sentar a escucharnos: tenemos mucho para decir.<\/p>\n<p><strong>\u00bfQu\u00e9 esperamos? \u00bfQu\u00e9 escenarios imaginamos?<\/strong><\/p>\n<p>Si de espacios hablamos, no necesitamos ganarlos, los espacios est\u00e1n y queremos ocuparlos.<\/p>\n<p>Dejamos de lado el prestar atenci\u00f3n a la chicana \u201cquieren vivir del Estado\u201d, nosotras somos el Estado, queremos ser parte del gobierno, gestionar y tomar decisiones.<\/p>\n<p>La Ley de Paridad es solo una herramienta para garantizarnos el acceso a los espacios de poder y nunca una forma de ser utilizadas por los varones pol\u00edticos para decidir qui\u00e9n si y qui\u00e9n no bas\u00e1ndose en el perfil de mujer m\u00e1s \u201ctranquilo\u201d y acorde a sus intereses y mandatos. Como claramente explica <a href=\"https:\/\/diariofemenino.com.ar\/df\/mujeres-politicas-violentadas-y-desprotegidas\/\">Karolina Gilas<\/a>, cuando una mujer arriba a espacios de poder o toma de decisi\u00f3n, las descalificaciones son m\u00faltiples y no zafan de \u201cla violencia, la misoginia, el desprecio, las amenazas y malos tratos\u201d (DDF, 2022).<\/p>\n<p>Seamos oficialismo u oposici\u00f3n, debemos estar a la altura del cargo que ocupamos, logrado gracias a la lucha de miles de mujeres a lo largo de la historia.<\/p>\n<p>Por el solo hecho de ser oposici\u00f3n \u2013ser y parecer\u2013, no podemos aparecer con \u201cnuevos\u201d proyectos que en la gesti\u00f3n ya est\u00e1n en marcha, son pol\u00edticas concretas y nunca observaron, sobre todo si de pol\u00edticas de g\u00e9nero se trata. Nos ha costado mucho la representaci\u00f3n de las mujeres en la pol\u00edtica como para rifarla por directivas partidarias machistas o intereses de protagonismo personal.<\/p>\n<figure id=\"attachment_65755\" aria-describedby=\"caption-attachment-65755\" style=\"width: 541px\" class=\"wp-caption aligncenter\"><img loading=\"lazy\" decoding=\"async\" class=\"size-full wp-image-65755\" src=\"https:\/\/diariofemenino.com.ar\/df\/wp-content\/uploads\/2022\/07\/la-participacion-politica-de-la-mujer-a-proposito-de-las-elecciones-1.jpg\" alt=\"La participaci\u00f3n pol\u00edtica de las mujeres\" width=\"541\" height=\"331\" srcset=\"https:\/\/diariofemenino.com.ar\/df\/wp-content\/uploads\/2022\/07\/la-participacion-politica-de-la-mujer-a-proposito-de-las-elecciones-1.jpg 541w, https:\/\/diariofemenino.com.ar\/df\/wp-content\/uploads\/2022\/07\/la-participacion-politica-de-la-mujer-a-proposito-de-las-elecciones-1-300x184.jpg 300w\" sizes=\"auto, (max-width: 541px) 100vw, 541px\" \/><figcaption id=\"caption-attachment-65755\" class=\"wp-caption-text\">La participaci\u00f3n pol\u00edtica de las mujeres &#8211; Ilustraci\u00f3n <a href=\"http:\/\/tiempoyforma.com\/\">Tiempo y forma<\/a>.<\/figcaption><\/figure>\n<p><strong>La mesa chica como parte de las estructuras subyacentes<\/strong><\/p>\n<p>Aun con leyes y compromisos normativos nacionales e internacionales, los varones de la pol\u00edtica no adquieren el ejercicio de compartir los espacios, escuchar nuestras voces y, cuando crean las mesas chicas para generar las discusiones y tomar decisiones, no nos incluyen. Perpetuando las estructuras subyacentes, ocultando informaci\u00f3n y proyectos solo a nosotras.<\/p>\n<p>Ya no estamos para que nos traten como adornos o llena boletas, ya no somos abre puertas. Somos mujeres pol\u00edticas con conocimiento, amplia participaci\u00f3n y saber territorial.<\/p>\n<p>Tambi\u00e9n es cierto que no hay espacios (cargos) para todas y habr\u00e1 quienes desean ocuparlos y a quienes no nos interesa, pero s\u00ed tenemos voz y queremos ser escuchadas. Por ellas y por ellos.<\/p>\n<p>En ese sentido, debemos tener presente que no arribamos a los espacios para repetir las pr\u00e1cticas masculinas y sostenerlos, esa es la c\u00f3moda, desprovista de \u00e9tica y compromiso con el g\u00e9nero. Debemos ser conscientes de que estamos para disputar poder, debatir proyectos e incidir en la generaci\u00f3n de pol\u00edticas p\u00fablicas donde la perspectiva de g\u00e9nero sea el eje central, en todas las \u00e1reas de gobierno.<\/p>\n<p>En la provincia de La Pampa, en los padrones electorales, las mujeres superamos en n\u00famero ampliamente a los varones; sin embargo, la mayor\u00eda de los espacios de liderazgo pol\u00edtico est\u00e1n ocupados por varones, y algunas pocas mujeres, con el agravante de ser siempre las mismas personas. La dirigencia no ha sabido, no ha podido o no ha querido formar cuadros para el recambio generacional o, como com\u00fanmente se dice, \u201cdejar la posta\u201d. De esta manera, corremos el riesgo del exterminio o la desaparici\u00f3n de los partidos pol\u00edticos tal como los conocemos, o de someternos a una nueva construcci\u00f3n que no estar\u00e1 exenta de violencias, y no veo posible que pueda ser soportada por la sociedad en general.<\/p>\n<p>\u201cNadie es imprescindible\u201d, me dijo un pol\u00edtico hace unos d\u00edas. Le agregar\u00eda: nadie es imprescindible ni eterno, raz\u00f3n suficiente para centrarnos en una construcci\u00f3n pol\u00edtica m\u00e1s democr\u00e1tica e igualitaria.<\/p>\n<p>Teniendo en cuenta que el feminismo es un movimiento pol\u00edtico, no hormonal: el futuro ser\u00e1 feminista, o no ser\u00e1.<\/p>\n<p>(*)\u00a0Periodista feminista, directora\/editora de Diario Digital Femenino. Titular de la web de Asesoramiento y Capacitaci\u00f3n\u00a0<a href=\"https:\/\/lennycaceres.com.ar\/\">https:\/\/lennycaceres.com.ar\/<\/a><\/p>\n<p>Imagen de portada: <a href=\"https:\/\/www.timetoast.com\/\">Timetoast<\/a><\/p>\n","protected":false},"excerpt":{"rendered":"<p>La campa\u00f1a con miras a las elecciones de 2023 ya comenz\u00f3 y las mujeres nos empezamos a preguntar sobre nuestra participaci\u00f3n y el rol que asumiremos. Claramente, desde hace algunos a\u00f1os, dejamos de ser meras acompa\u00f1adoras de candidatos, las reparte panfletos o abre puertas por ser conocedoras de la localidad o del barrio. Por\u00a0Lenny C\u00e1ceres* [&hellip;]<\/p>\n","protected":false},"author":4,"featured_media":65754,"comment_status":"open","ping_status":"open","sticky":false,"template":"","format":"standard","meta":{"iawp_total_views":123,"footnotes":""},"categories":[1067,178,1251,6,580,592],"tags":[5397,4372,1347,4695,130,435,4630,5398],"class_list":["post-65753","post","type-post","status-publish","format-standard","has-post-thumbnail","hentry","category-agenda-feminista","category-articulos-y-comunicados","category-mujeres-de-la-pampa","category-articulos","category-resistencia-verdevioleta","category-violencias","tag-5397","tag-destacada","tag-elecciones","tag-espacios","tag-mujeres","tag-paridad","tag-politicas","tag-voz-propia"],"nelio_content":{"autoShareEndMode":"never","automationSources":{"useCustomSentences":false,"customSentences":[]},"efiAlt":"","efiUrl":"","followers":[4],"highlights":[],"isAutoShareEnabled":true,"networkImageIds":[],"permalinkQueryArgs":[],"series":[],"suggestedReferences":[]},"yoast_head":"<!-- This site is optimized with the Yoast SEO plugin v27.5 - https:\/\/yoast.com\/product\/yoast-seo-wordpress\/ -->\n<title>La participaci\u00f3n pol\u00edtica de las mujeres - Diario Digital Femenino<\/title>\n<meta name=\"description\" content=\"La participaci\u00f3n pol\u00edtica. Las mujeres ser escuchadas, interpretadas y traducidas por los l\u00edderes masculinos de los partidos pol\u00edticos.\" \/>\n<meta name=\"robots\" content=\"index, follow, max-snippet:-1, max-image-preview:large, max-video-preview:-1\" \/>\n<link rel=\"canonical\" href=\"https:\/\/diariofemenino.com.ar\/df\/la-participacion-politica-de-las-mujeres\/\" \/>\n<meta property=\"og:locale\" content=\"es_ES\" \/>\n<meta property=\"og:type\" content=\"article\" \/>\n<meta property=\"og:title\" content=\"La participaci\u00f3n pol\u00edtica de las mujeres - Diario Digital Femenino\" \/>\n<meta property=\"og:description\" content=\"La participaci\u00f3n pol\u00edtica. Las mujeres ser escuchadas, interpretadas y traducidas por los l\u00edderes masculinos de los partidos pol\u00edticos.\" \/>\n<meta property=\"og:url\" content=\"https:\/\/diariofemenino.com.ar\/df\/la-participacion-politica-de-las-mujeres\/\" \/>\n<meta property=\"og:site_name\" content=\"Diario Digital Femenino\" \/>\n<meta property=\"article:publisher\" content=\"https:\/\/www.facebook.com\/DiarioDigitaFemenino\/\" \/>\n<meta property=\"article:published_time\" content=\"2022-07-24T15:14:56+00:00\" \/>\n<meta property=\"og:image\" content=\"https:\/\/diariofemenino.com.ar\/df\/wp-content\/uploads\/2022\/07\/b4f4885f6d92d9732359b04f26d57e3f.png\" \/>\n\t<meta property=\"og:image:width\" content=\"570\" \/>\n\t<meta property=\"og:image:height\" content=\"350\" \/>\n\t<meta property=\"og:image:type\" content=\"image\/png\" \/>\n<meta name=\"author\" content=\"Admin\" \/>\n<meta name=\"twitter:card\" content=\"summary_large_image\" \/>\n<meta name=\"twitter:creator\" content=\"@DiarioFemenino1\" \/>\n<meta name=\"twitter:site\" content=\"@DiarioFemenino1\" \/>\n<meta name=\"twitter:label1\" content=\"Escrito por\" \/>\n\t<meta name=\"twitter:data1\" content=\"Admin\" \/>\n\t<meta name=\"twitter:label2\" content=\"Tiempo de lectura\" \/>\n\t<meta name=\"twitter:data2\" content=\"4 minutos\" \/>\n<script type=\"application\/ld+json\" class=\"yoast-schema-graph\">{\"@context\":\"https:\\\/\\\/schema.org\",\"@graph\":[{\"@type\":\"Article\",\"@id\":\"https:\\\/\\\/diariofemenino.com.ar\\\/df\\\/la-participacion-politica-de-las-mujeres\\\/#article\",\"isPartOf\":{\"@id\":\"https:\\\/\\\/diariofemenino.com.ar\\\/df\\\/la-participacion-politica-de-las-mujeres\\\/\"},\"author\":{\"name\":\"Admin\",\"@id\":\"https:\\\/\\\/diariofemenino.com.ar\\\/df\\\/#\\\/schema\\\/person\\\/bf6199e8158c657ea6f789b11ec85509\"},\"headline\":\"La participaci\u00f3n pol\u00edtica de las mujeres\",\"datePublished\":\"2022-07-24T15:14:56+00:00\",\"mainEntityOfPage\":{\"@id\":\"https:\\\/\\\/diariofemenino.com.ar\\\/df\\\/la-participacion-politica-de-las-mujeres\\\/\"},\"wordCount\":784,\"commentCount\":0,\"publisher\":{\"@id\":\"https:\\\/\\\/diariofemenino.com.ar\\\/df\\\/#organization\"},\"image\":{\"@id\":\"https:\\\/\\\/diariofemenino.com.ar\\\/df\\\/la-participacion-politica-de-las-mujeres\\\/#primaryimage\"},\"thumbnailUrl\":\"https:\\\/\\\/diariofemenino.com.ar\\\/df\\\/wp-content\\\/uploads\\\/2022\\\/07\\\/b4f4885f6d92d9732359b04f26d57e3f.png\",\"keywords\":[\"2023\",\"Destacada\",\"elecciones\",\"Espacios\",\"Mujeres\",\"Paridad\",\"Pol\u00edticas\",\"Voz propia\"],\"articleSection\":[\"Agenda Feminista\",\"Art\u00edculos y Comunicados\",\"Mujeres de La Pampa\",\"Mujeres en Palabras\",\"Resistencia VerdeVioleta\",\"Violencias\"],\"inLanguage\":\"es\",\"potentialAction\":[{\"@type\":\"CommentAction\",\"name\":\"Comment\",\"target\":[\"https:\\\/\\\/diariofemenino.com.ar\\\/df\\\/la-participacion-politica-de-las-mujeres\\\/#respond\"]}]},{\"@type\":\"WebPage\",\"@id\":\"https:\\\/\\\/diariofemenino.com.ar\\\/df\\\/la-participacion-politica-de-las-mujeres\\\/\",\"url\":\"https:\\\/\\\/diariofemenino.com.ar\\\/df\\\/la-participacion-politica-de-las-mujeres\\\/\",\"name\":\"La participaci\u00f3n pol\u00edtica de las mujeres - Diario Digital Femenino\",\"isPartOf\":{\"@id\":\"https:\\\/\\\/diariofemenino.com.ar\\\/df\\\/#website\"},\"primaryImageOfPage\":{\"@id\":\"https:\\\/\\\/diariofemenino.com.ar\\\/df\\\/la-participacion-politica-de-las-mujeres\\\/#primaryimage\"},\"image\":{\"@id\":\"https:\\\/\\\/diariofemenino.com.ar\\\/df\\\/la-participacion-politica-de-las-mujeres\\\/#primaryimage\"},\"thumbnailUrl\":\"https:\\\/\\\/diariofemenino.com.ar\\\/df\\\/wp-content\\\/uploads\\\/2022\\\/07\\\/b4f4885f6d92d9732359b04f26d57e3f.png\",\"datePublished\":\"2022-07-24T15:14:56+00:00\",\"description\":\"La participaci\u00f3n pol\u00edtica. Las mujeres ser escuchadas, interpretadas y traducidas por los l\u00edderes masculinos de los partidos pol\u00edticos.\",\"breadcrumb\":{\"@id\":\"https:\\\/\\\/diariofemenino.com.ar\\\/df\\\/la-participacion-politica-de-las-mujeres\\\/#breadcrumb\"},\"inLanguage\":\"es\",\"potentialAction\":[{\"@type\":\"ReadAction\",\"target\":[\"https:\\\/\\\/diariofemenino.com.ar\\\/df\\\/la-participacion-politica-de-las-mujeres\\\/\"]}]},{\"@type\":\"ImageObject\",\"inLanguage\":\"es\",\"@id\":\"https:\\\/\\\/diariofemenino.com.ar\\\/df\\\/la-participacion-politica-de-las-mujeres\\\/#primaryimage\",\"url\":\"https:\\\/\\\/diariofemenino.com.ar\\\/df\\\/wp-content\\\/uploads\\\/2022\\\/07\\\/b4f4885f6d92d9732359b04f26d57e3f.png\",\"contentUrl\":\"https:\\\/\\\/diariofemenino.com.ar\\\/df\\\/wp-content\\\/uploads\\\/2022\\\/07\\\/b4f4885f6d92d9732359b04f26d57e3f.png\",\"width\":570,\"height\":350,\"caption\":\"Como incentivar la participaci\u00f3n pol\u00edtica partidaria de las mujeres\"},{\"@type\":\"BreadcrumbList\",\"@id\":\"https:\\\/\\\/diariofemenino.com.ar\\\/df\\\/la-participacion-politica-de-las-mujeres\\\/#breadcrumb\",\"itemListElement\":[{\"@type\":\"ListItem\",\"position\":1,\"name\":\"Portada\",\"item\":\"https:\\\/\\\/diariofemenino.com.ar\\\/df\\\/\"},{\"@type\":\"ListItem\",\"position\":2,\"name\":\"La participaci\u00f3n pol\u00edtica de las mujeres\"}]},{\"@type\":\"WebSite\",\"@id\":\"https:\\\/\\\/diariofemenino.com.ar\\\/df\\\/#website\",\"url\":\"https:\\\/\\\/diariofemenino.com.ar\\\/df\\\/\",\"name\":\"Diario Digital Femenino\",\"description\":\"Cuesti\u00f3n de G\u00e9nero\",\"publisher\":{\"@id\":\"https:\\\/\\\/diariofemenino.com.ar\\\/df\\\/#organization\"},\"potentialAction\":[{\"@type\":\"SearchAction\",\"target\":{\"@type\":\"EntryPoint\",\"urlTemplate\":\"https:\\\/\\\/diariofemenino.com.ar\\\/df\\\/?s={search_term_string}\"},\"query-input\":{\"@type\":\"PropertyValueSpecification\",\"valueRequired\":true,\"valueName\":\"search_term_string\"}}],\"inLanguage\":\"es\"},{\"@type\":\"Organization\",\"@id\":\"https:\\\/\\\/diariofemenino.com.ar\\\/df\\\/#organization\",\"name\":\"Diario Femenino\",\"url\":\"https:\\\/\\\/diariofemenino.com.ar\\\/df\\\/\",\"logo\":{\"@type\":\"ImageObject\",\"inLanguage\":\"es\",\"@id\":\"https:\\\/\\\/diariofemenino.com.ar\\\/df\\\/#\\\/schema\\\/logo\\\/image\\\/\",\"url\":\"https:\\\/\\\/diariofemenino.com.ar\\\/df\\\/wp-content\\\/uploads\\\/2018\\\/10\\\/logo.png\",\"contentUrl\":\"https:\\\/\\\/diariofemenino.com.ar\\\/df\\\/wp-content\\\/uploads\\\/2018\\\/10\\\/logo.png\",\"width\":500,\"height\":92,\"caption\":\"Diario Femenino\"},\"image\":{\"@id\":\"https:\\\/\\\/diariofemenino.com.ar\\\/df\\\/#\\\/schema\\\/logo\\\/image\\\/\"},\"sameAs\":[\"https:\\\/\\\/www.facebook.com\\\/DiarioDigitaFemenino\\\/\",\"https:\\\/\\\/x.com\\\/DiarioFemenino1\"]},{\"@type\":\"Person\",\"@id\":\"https:\\\/\\\/diariofemenino.com.ar\\\/df\\\/#\\\/schema\\\/person\\\/bf6199e8158c657ea6f789b11ec85509\",\"name\":\"Admin\",\"image\":{\"@type\":\"ImageObject\",\"inLanguage\":\"es\",\"@id\":\"https:\\\/\\\/diariofemenino.com.ar\\\/df\\\/wp-content\\\/uploads\\\/2018\\\/12\\\/favicon-150x150.jpg\",\"url\":\"https:\\\/\\\/diariofemenino.com.ar\\\/df\\\/wp-content\\\/uploads\\\/2018\\\/12\\\/favicon-150x150.jpg\",\"contentUrl\":\"https:\\\/\\\/diariofemenino.com.ar\\\/df\\\/wp-content\\\/uploads\\\/2018\\\/12\\\/favicon-150x150.jpg\",\"caption\":\"Admin\"},\"url\":\"https:\\\/\\\/diariofemenino.com.ar\\\/df\\\/author\\\/lenny\\\/\"}]}<\/script>\n<!-- \/ Yoast SEO plugin. -->","yoast_head_json":{"title":"La participaci\u00f3n pol\u00edtica de las mujeres - Diario Digital Femenino","description":"La participaci\u00f3n pol\u00edtica. Las mujeres ser escuchadas, interpretadas y traducidas por los l\u00edderes masculinos de los partidos pol\u00edticos.","robots":{"index":"index","follow":"follow","max-snippet":"max-snippet:-1","max-image-preview":"max-image-preview:large","max-video-preview":"max-video-preview:-1"},"canonical":"https:\/\/diariofemenino.com.ar\/df\/la-participacion-politica-de-las-mujeres\/","og_locale":"es_ES","og_type":"article","og_title":"La participaci\u00f3n pol\u00edtica de las mujeres - Diario Digital Femenino","og_description":"La participaci\u00f3n pol\u00edtica. Las mujeres ser escuchadas, interpretadas y traducidas por los l\u00edderes masculinos de los partidos pol\u00edticos.","og_url":"https:\/\/diariofemenino.com.ar\/df\/la-participacion-politica-de-las-mujeres\/","og_site_name":"Diario Digital Femenino","article_publisher":"https:\/\/www.facebook.com\/DiarioDigitaFemenino\/","article_published_time":"2022-07-24T15:14:56+00:00","og_image":[{"width":570,"height":350,"url":"https:\/\/diariofemenino.com.ar\/df\/wp-content\/uploads\/2022\/07\/b4f4885f6d92d9732359b04f26d57e3f.png","type":"image\/png"}],"author":"Admin","twitter_card":"summary_large_image","twitter_creator":"@DiarioFemenino1","twitter_site":"@DiarioFemenino1","twitter_misc":{"Escrito por":"Admin","Tiempo de lectura":"4 minutos"},"schema":{"@context":"https:\/\/schema.org","@graph":[{"@type":"Article","@id":"https:\/\/diariofemenino.com.ar\/df\/la-participacion-politica-de-las-mujeres\/#article","isPartOf":{"@id":"https:\/\/diariofemenino.com.ar\/df\/la-participacion-politica-de-las-mujeres\/"},"author":{"name":"Admin","@id":"https:\/\/diariofemenino.com.ar\/df\/#\/schema\/person\/bf6199e8158c657ea6f789b11ec85509"},"headline":"La participaci\u00f3n pol\u00edtica de las mujeres","datePublished":"2022-07-24T15:14:56+00:00","mainEntityOfPage":{"@id":"https:\/\/diariofemenino.com.ar\/df\/la-participacion-politica-de-las-mujeres\/"},"wordCount":784,"commentCount":0,"publisher":{"@id":"https:\/\/diariofemenino.com.ar\/df\/#organization"},"image":{"@id":"https:\/\/diariofemenino.com.ar\/df\/la-participacion-politica-de-las-mujeres\/#primaryimage"},"thumbnailUrl":"https:\/\/diariofemenino.com.ar\/df\/wp-content\/uploads\/2022\/07\/b4f4885f6d92d9732359b04f26d57e3f.png","keywords":["2023","Destacada","elecciones","Espacios","Mujeres","Paridad","Pol\u00edticas","Voz propia"],"articleSection":["Agenda Feminista","Art\u00edculos y Comunicados","Mujeres de La Pampa","Mujeres en Palabras","Resistencia VerdeVioleta","Violencias"],"inLanguage":"es","potentialAction":[{"@type":"CommentAction","name":"Comment","target":["https:\/\/diariofemenino.com.ar\/df\/la-participacion-politica-de-las-mujeres\/#respond"]}]},{"@type":"WebPage","@id":"https:\/\/diariofemenino.com.ar\/df\/la-participacion-politica-de-las-mujeres\/","url":"https:\/\/diariofemenino.com.ar\/df\/la-participacion-politica-de-las-mujeres\/","name":"La participaci\u00f3n pol\u00edtica de las mujeres - Diario Digital Femenino","isPartOf":{"@id":"https:\/\/diariofemenino.com.ar\/df\/#website"},"primaryImageOfPage":{"@id":"https:\/\/diariofemenino.com.ar\/df\/la-participacion-politica-de-las-mujeres\/#primaryimage"},"image":{"@id":"https:\/\/diariofemenino.com.ar\/df\/la-participacion-politica-de-las-mujeres\/#primaryimage"},"thumbnailUrl":"https:\/\/diariofemenino.com.ar\/df\/wp-content\/uploads\/2022\/07\/b4f4885f6d92d9732359b04f26d57e3f.png","datePublished":"2022-07-24T15:14:56+00:00","description":"La participaci\u00f3n pol\u00edtica. Las mujeres ser escuchadas, interpretadas y traducidas por los l\u00edderes masculinos de los partidos pol\u00edticos.","breadcrumb":{"@id":"https:\/\/diariofemenino.com.ar\/df\/la-participacion-politica-de-las-mujeres\/#breadcrumb"},"inLanguage":"es","potentialAction":[{"@type":"ReadAction","target":["https:\/\/diariofemenino.com.ar\/df\/la-participacion-politica-de-las-mujeres\/"]}]},{"@type":"ImageObject","inLanguage":"es","@id":"https:\/\/diariofemenino.com.ar\/df\/la-participacion-politica-de-las-mujeres\/#primaryimage","url":"https:\/\/diariofemenino.com.ar\/df\/wp-content\/uploads\/2022\/07\/b4f4885f6d92d9732359b04f26d57e3f.png","contentUrl":"https:\/\/diariofemenino.com.ar\/df\/wp-content\/uploads\/2022\/07\/b4f4885f6d92d9732359b04f26d57e3f.png","width":570,"height":350,"caption":"Como incentivar la participaci\u00f3n pol\u00edtica partidaria de las mujeres"},{"@type":"BreadcrumbList","@id":"https:\/\/diariofemenino.com.ar\/df\/la-participacion-politica-de-las-mujeres\/#breadcrumb","itemListElement":[{"@type":"ListItem","position":1,"name":"Portada","item":"https:\/\/diariofemenino.com.ar\/df\/"},{"@type":"ListItem","position":2,"name":"La participaci\u00f3n pol\u00edtica de las mujeres"}]},{"@type":"WebSite","@id":"https:\/\/diariofemenino.com.ar\/df\/#website","url":"https:\/\/diariofemenino.com.ar\/df\/","name":"Diario Digital Femenino","description":"Cuesti\u00f3n de G\u00e9nero","publisher":{"@id":"https:\/\/diariofemenino.com.ar\/df\/#organization"},"potentialAction":[{"@type":"SearchAction","target":{"@type":"EntryPoint","urlTemplate":"https:\/\/diariofemenino.com.ar\/df\/?s={search_term_string}"},"query-input":{"@type":"PropertyValueSpecification","valueRequired":true,"valueName":"search_term_string"}}],"inLanguage":"es"},{"@type":"Organization","@id":"https:\/\/diariofemenino.com.ar\/df\/#organization","name":"Diario Femenino","url":"https:\/\/diariofemenino.com.ar\/df\/","logo":{"@type":"ImageObject","inLanguage":"es","@id":"https:\/\/diariofemenino.com.ar\/df\/#\/schema\/logo\/image\/","url":"https:\/\/diariofemenino.com.ar\/df\/wp-content\/uploads\/2018\/10\/logo.png","contentUrl":"https:\/\/diariofemenino.com.ar\/df\/wp-content\/uploads\/2018\/10\/logo.png","width":500,"height":92,"caption":"Diario Femenino"},"image":{"@id":"https:\/\/diariofemenino.com.ar\/df\/#\/schema\/logo\/image\/"},"sameAs":["https:\/\/www.facebook.com\/DiarioDigitaFemenino\/","https:\/\/x.com\/DiarioFemenino1"]},{"@type":"Person","@id":"https:\/\/diariofemenino.com.ar\/df\/#\/schema\/person\/bf6199e8158c657ea6f789b11ec85509","name":"Admin","image":{"@type":"ImageObject","inLanguage":"es","@id":"https:\/\/diariofemenino.com.ar\/df\/wp-content\/uploads\/2018\/12\/favicon-150x150.jpg","url":"https:\/\/diariofemenino.com.ar\/df\/wp-content\/uploads\/2018\/12\/favicon-150x150.jpg","contentUrl":"https:\/\/diariofemenino.com.ar\/df\/wp-content\/uploads\/2018\/12\/favicon-150x150.jpg","caption":"Admin"},"url":"https:\/\/diariofemenino.com.ar\/df\/author\/lenny\/"}]}},"jetpack_featured_media_url":"https:\/\/diariofemenino.com.ar\/df\/wp-content\/uploads\/2022\/07\/b4f4885f6d92d9732359b04f26d57e3f.png","jetpack_sharing_enabled":true,"rttpg_featured_image_url":{"full":["https:\/\/diariofemenino.com.ar\/df\/wp-content\/uploads\/2022\/07\/b4f4885f6d92d9732359b04f26d57e3f.png",570,350,false],"landscape":["https:\/\/diariofemenino.com.ar\/df\/wp-content\/uploads\/2022\/07\/b4f4885f6d92d9732359b04f26d57e3f.png",570,350,false],"portraits":["https:\/\/diariofemenino.com.ar\/df\/wp-content\/uploads\/2022\/07\/b4f4885f6d92d9732359b04f26d57e3f.png",570,350,false],"thumbnail":["https:\/\/diariofemenino.com.ar\/df\/wp-content\/uploads\/2022\/07\/b4f4885f6d92d9732359b04f26d57e3f-150x150.png",150,150,true],"medium":["https:\/\/diariofemenino.com.ar\/df\/wp-content\/uploads\/2022\/07\/b4f4885f6d92d9732359b04f26d57e3f-300x184.png",300,184,true],"large":["https:\/\/diariofemenino.com.ar\/df\/wp-content\/uploads\/2022\/07\/b4f4885f6d92d9732359b04f26d57e3f.png",570,350,false],"1536x1536":["https:\/\/diariofemenino.com.ar\/df\/wp-content\/uploads\/2022\/07\/b4f4885f6d92d9732359b04f26d57e3f.png",570,350,false],"2048x2048":["https:\/\/diariofemenino.com.ar\/df\/wp-content\/uploads\/2022\/07\/b4f4885f6d92d9732359b04f26d57e3f.png",570,350,false]},"rttpg_author":{"display_name":"Admin","author_link":"https:\/\/diariofemenino.com.ar\/df\/author\/lenny\/"},"rttpg_comment":0,"rttpg_category":"<a href=\"https:\/\/diariofemenino.com.ar\/df\/category\/agenda-feminista\/\" rel=\"category tag\">Agenda Feminista<\/a> <a href=\"https:\/\/diariofemenino.com.ar\/df\/category\/articulos-y-comunicados\/\" rel=\"category tag\">Art\u00edculos y Comunicados<\/a> <a href=\"https:\/\/diariofemenino.com.ar\/df\/category\/mujeres-de-la-pampa\/\" rel=\"category tag\">Mujeres de La Pampa<\/a> <a href=\"https:\/\/diariofemenino.com.ar\/df\/category\/articulos\/\" rel=\"category tag\">Mujeres en Palabras<\/a> <a href=\"https:\/\/diariofemenino.com.ar\/df\/category\/resistencia-verdevioleta\/\" rel=\"category tag\">Resistencia VerdeVioleta<\/a> <a href=\"https:\/\/diariofemenino.com.ar\/df\/category\/violencias\/\" rel=\"category tag\">Violencias<\/a>","rttpg_excerpt":"La campa\u00f1a con miras a las elecciones de 2023 ya comenz\u00f3 y las mujeres nos empezamos a preguntar sobre nuestra participaci\u00f3n y el rol que asumiremos. Claramente, desde hace algunos a\u00f1os, dejamos de ser meras acompa\u00f1adoras de candidatos, las reparte panfletos o abre puertas por ser conocedoras de la localidad o del barrio. Por\u00a0Lenny C\u00e1ceres*&hellip;","_links":{"self":[{"href":"https:\/\/diariofemenino.com.ar\/df\/wp-json\/wp\/v2\/posts\/65753","targetHints":{"allow":["GET"]}}],"collection":[{"href":"https:\/\/diariofemenino.com.ar\/df\/wp-json\/wp\/v2\/posts"}],"about":[{"href":"https:\/\/diariofemenino.com.ar\/df\/wp-json\/wp\/v2\/types\/post"}],"author":[{"embeddable":true,"href":"https:\/\/diariofemenino.com.ar\/df\/wp-json\/wp\/v2\/users\/4"}],"replies":[{"embeddable":true,"href":"https:\/\/diariofemenino.com.ar\/df\/wp-json\/wp\/v2\/comments?post=65753"}],"version-history":[{"count":0,"href":"https:\/\/diariofemenino.com.ar\/df\/wp-json\/wp\/v2\/posts\/65753\/revisions"}],"wp:featuredmedia":[{"embeddable":true,"href":"https:\/\/diariofemenino.com.ar\/df\/wp-json\/wp\/v2\/media\/65754"}],"wp:attachment":[{"href":"https:\/\/diariofemenino.com.ar\/df\/wp-json\/wp\/v2\/media?parent=65753"}],"wp:term":[{"taxonomy":"category","embeddable":true,"href":"https:\/\/diariofemenino.com.ar\/df\/wp-json\/wp\/v2\/categories?post=65753"},{"taxonomy":"post_tag","embeddable":true,"href":"https:\/\/diariofemenino.com.ar\/df\/wp-json\/wp\/v2\/tags?post=65753"}],"curies":[{"name":"wp","href":"https:\/\/api.w.org\/{rel}","templated":true}]}}