{"id":65742,"date":"2022-07-23T09:40:11","date_gmt":"2022-07-23T12:40:11","guid":{"rendered":"https:\/\/diariofemenino.com.ar\/df\/?p=65742"},"modified":"2022-07-23T09:45:31","modified_gmt":"2022-07-23T12:45:31","slug":"dia-internacional-de-las-mujeres-afrolatinoamericanas-afrocaribenas-y-de-la-diaspora","status":"publish","type":"post","link":"https:\/\/diariofemenino.com.ar\/df\/dia-internacional-de-las-mujeres-afrolatinoamericanas-afrocaribenas-y-de-la-diaspora\/","title":{"rendered":"D\u00eda Internacional de las Mujeres Afrolatinoamericanas, Afrocaribe\u00f1as, y de la Di\u00e1spora"},"content":{"rendered":"<p style=\"text-align: center;\"><strong>Canal Encuentro estrena\u00a0<\/strong><strong>el documental <em>Negra<\/em><\/strong><\/p>\n<p style=\"text-align: center;\"><strong><em>\u00a0<\/em><\/strong><strong>En el marco del D\u00eda Internacional de las Mujeres<br \/>\n<\/strong><strong>Afrolatinoamericanas, Afrocaribe\u00f1as, y de la Di\u00e1spora<\/strong><\/p>\n<p><strong>Canal Encuentro<\/strong>, el canal educativo y cultural del Estado argentino, estrena el documental <strong><em>Negra<\/em><\/strong>, de Medhin Tewolde Serrano. Este lunes 25 de julio a las 20:30, en el marco del <strong>D\u00eda Internacional de las Mujeres Afrolatinoamericanas, Afrocaribe\u00f1as, y de la Di\u00e1spora<\/strong>.<\/p>\n<p>&nbsp;<\/p>\n<figure id=\"attachment_65745\" aria-describedby=\"caption-attachment-65745\" style=\"width: 482px\" class=\"wp-caption aligncenter\"><img loading=\"lazy\" decoding=\"async\" class=\" wp-image-65745\" src=\"https:\/\/diariofemenino.com.ar\/df\/wp-content\/uploads\/2022\/07\/CANAL-ENCUENTRO.-NEGRA_-FLYER-1024x1024.jpg\" alt=\"D\u00eda Internacional de las Mujeres Afrolatinoamericanas, Afrocaribe\u00f1as, y de la Di\u00e1spora\" width=\"482\" height=\"482\" srcset=\"https:\/\/diariofemenino.com.ar\/df\/wp-content\/uploads\/2022\/07\/CANAL-ENCUENTRO.-NEGRA_-FLYER-1024x1024.jpg 1024w, https:\/\/diariofemenino.com.ar\/df\/wp-content\/uploads\/2022\/07\/CANAL-ENCUENTRO.-NEGRA_-FLYER-150x150.jpg 150w, https:\/\/diariofemenino.com.ar\/df\/wp-content\/uploads\/2022\/07\/CANAL-ENCUENTRO.-NEGRA_-FLYER-300x300.jpg 300w, https:\/\/diariofemenino.com.ar\/df\/wp-content\/uploads\/2022\/07\/CANAL-ENCUENTRO.-NEGRA_-FLYER-768x768.jpg 768w, https:\/\/diariofemenino.com.ar\/df\/wp-content\/uploads\/2022\/07\/CANAL-ENCUENTRO.-NEGRA_-FLYER.jpg 1080w\" sizes=\"auto, (max-width: 482px) 100vw, 482px\" \/><figcaption id=\"caption-attachment-65745\" class=\"wp-caption-text\">D\u00eda Internacional de las Mujeres <a href=\"https:\/\/diariofemenino.com.ar\/df\/escucha-nuestras-voces\/\">Afrolatinoamericanas<\/a>, Afrocaribe\u00f1as, y de la Di\u00e1spora<\/figcaption><\/figure>\n<p>Cuando ten\u00eda siete a\u00f1os, un ni\u00f1o le grit\u00f3 <strong>\u201c\u00a1Negra!\u201d<\/strong> y se ri\u00f3. Este episodio marc\u00f3 un antes y un despu\u00e9s en la vida de Medhin; el momento en que tom\u00f3 conciencia de ser negra y, sin comprenderlo, que habitar un cuerpo de mujer negra en M\u00e9xico no era algo bueno.<\/p>\n<p><strong><em>Negra <\/em><\/strong>es un ejercicio individual por trascender una experiencia racista, convertido en la b\u00fasqueda de otras <a href=\"https:\/\/diariofemenino.com.ar\/df\/desiree-bela\/\">mujeres<\/a> afrodescendientes en M\u00e9xico para contar sus historias. Con ello, Medhin Tewolde logra despersonalizar el racismo que vivi\u00f3 para revelar otro, de car\u00e1cter estructural.<\/p>\n<figure id=\"attachment_65746\" aria-describedby=\"caption-attachment-65746\" style=\"width: 592px\" class=\"wp-caption aligncenter\"><img loading=\"lazy\" decoding=\"async\" class=\" wp-image-65746\" src=\"https:\/\/diariofemenino.com.ar\/df\/wp-content\/uploads\/2022\/07\/CANAL-ENCUENTRO.-NEGRA-4-1024x576.jpg\" alt=\"D\u00eda Internacional de las Mujeres Afrolatinoamericanas, Afrocaribe\u00f1as, y de la Di\u00e1spora\" width=\"592\" height=\"333\" srcset=\"https:\/\/diariofemenino.com.ar\/df\/wp-content\/uploads\/2022\/07\/CANAL-ENCUENTRO.-NEGRA-4-1024x576.jpg 1024w, https:\/\/diariofemenino.com.ar\/df\/wp-content\/uploads\/2022\/07\/CANAL-ENCUENTRO.-NEGRA-4-300x169.jpg 300w, https:\/\/diariofemenino.com.ar\/df\/wp-content\/uploads\/2022\/07\/CANAL-ENCUENTRO.-NEGRA-4-768x432.jpg 768w, https:\/\/diariofemenino.com.ar\/df\/wp-content\/uploads\/2022\/07\/CANAL-ENCUENTRO.-NEGRA-4.jpg 1920w\" sizes=\"auto, (max-width: 592px) 100vw, 592px\" \/><figcaption id=\"caption-attachment-65746\" class=\"wp-caption-text\">D\u00eda Internacional de las Mujeres Afrolatinoamericanas, Afrocaribe\u00f1as, y de la Di\u00e1spora<\/figcaption><\/figure>\n<p><strong><em>Negra<\/em><\/strong> es un acto de comuni\u00f3n con otras mujeres afrodescendientes, y un acto de resistencia, que implica portar con orgullo y reivindicar las expresiones de una herencia que la sociedad les ha ense\u00f1ado a ignorar, a negar o a blanquear.<\/p>\n<p><strong>SOBRE CANAL ENCUENTRO<\/strong><\/p>\n<p>La programaci\u00f3n de Canal Encuentro puede verse por la pantalla de televisi\u00f3n a trav\u00e9s de cableoperadores de todo el pa\u00eds, de la TDA (Televisi\u00f3n Digital Abierta), en su sitio web y redes: <a href=\"http:\/\/www.encuentro.gob.ar\/\">www.encuentro.gob.ar<\/a>, <a href=\"https:\/\/www.youtube.com\/Encuentro\">YouTube<\/a>, <a href=\"https:\/\/www.instagram.com\/canalencuentro\">Instagram<\/a>, <a href=\"https:\/\/www.facebook.com\/canalencuentro\">Facebook<\/a> y <a href=\"https:\/\/www.twitter.com\/CanalEncuentro\">Twitter<\/a>.<\/p>\n<p><strong>PRENSA <\/strong><\/p>\n<p>Solicitar contactos de prensa en los comentarios de esta nota.<\/p>\n<p>&nbsp;<\/p>\n","protected":false},"excerpt":{"rendered":"<p>Canal Encuentro estrena\u00a0el documental Negra \u00a0En el marco del D\u00eda Internacional de las Mujeres Afrolatinoamericanas, Afrocaribe\u00f1as, y de la Di\u00e1spora Canal Encuentro, el canal educativo y cultural del Estado argentino, estrena el documental Negra, de Medhin Tewolde Serrano. Este lunes 25 de julio a las 20:30, en el marco del D\u00eda Internacional de las Mujeres [&hellip;]<\/p>\n","protected":false},"author":4,"featured_media":65743,"comment_status":"open","ping_status":"open","sticky":false,"template":"","format":"standard","meta":{"iawp_total_views":4,"footnotes":""},"categories":[7,1067,32,180],"tags":[5396,5395,4227,5394,4874,1300,130,3005],"class_list":["post-65742","post","type-post","status-publish","format-standard","has-post-thumbnail","hentry","category-actividades","category-agenda-feminista","category-mujeres","category-videos","tag-afrocaribenas","tag-afrolatinoamericanas","tag-canal-encuentro","tag-dia-internacional","tag-diaspora","tag-documental","tag-mujeres","tag-negra"],"nelio_content":{"autoShareEndMode":"never","automationSources":{"useCustomSentences":false,"customSentences":[]},"efiAlt":"","efiUrl":"","followers":[4],"highlights":[],"isAutoShareEnabled":true,"networkImageIds":[],"permalinkQueryArgs":[],"series":[],"suggestedReferences":[]},"yoast_head":"<!-- This site is optimized with the Yoast SEO plugin v27.5 - https:\/\/yoast.com\/product\/yoast-seo-wordpress\/ -->\n<title>D\u00eda Internacional de las Mujeres Afrolatinoamericanas, Afrocaribe\u00f1as, y de la Di\u00e1spora - Diario Digital Femenino<\/title>\n<meta name=\"description\" content=\"D\u00eda Internacional de las Mujeres.Estrenan\u00a0el documental Negra\u00a0En el D\u00eda Internacional de las MujeresAfrolatinoamericanas, Afrocaribe\u00f1as, y de la Di\u00e1spora.\" \/>\n<meta name=\"robots\" content=\"index, follow, max-snippet:-1, max-image-preview:large, max-video-preview:-1\" \/>\n<link rel=\"canonical\" href=\"https:\/\/diariofemenino.com.ar\/df\/dia-internacional-de-las-mujeres-afrolatinoamericanas-afrocaribenas-y-de-la-diaspora\/\" \/>\n<meta property=\"og:locale\" content=\"es_ES\" \/>\n<meta property=\"og:type\" content=\"article\" \/>\n<meta property=\"og:title\" content=\"D\u00eda Internacional de las Mujeres Afrolatinoamericanas, Afrocaribe\u00f1as, y de la Di\u00e1spora - Diario Digital Femenino\" \/>\n<meta property=\"og:description\" content=\"D\u00eda Internacional de las Mujeres.Estrenan\u00a0el documental Negra\u00a0En el D\u00eda Internacional de las MujeresAfrolatinoamericanas, Afrocaribe\u00f1as, y de la Di\u00e1spora.\" \/>\n<meta property=\"og:url\" content=\"https:\/\/diariofemenino.com.ar\/df\/dia-internacional-de-las-mujeres-afrolatinoamericanas-afrocaribenas-y-de-la-diaspora\/\" \/>\n<meta property=\"og:site_name\" content=\"Diario Digital Femenino\" \/>\n<meta property=\"article:publisher\" content=\"https:\/\/www.facebook.com\/DiarioDigitaFemenino\/\" \/>\n<meta property=\"article:published_time\" content=\"2022-07-23T12:40:11+00:00\" \/>\n<meta property=\"article:modified_time\" content=\"2022-07-23T12:45:31+00:00\" \/>\n<meta property=\"og:image\" content=\"https:\/\/diariofemenino.com.ar\/df\/wp-content\/uploads\/2022\/07\/CANAL-ENCUENTRO.-NEGRA-3.jpg\" \/>\n\t<meta property=\"og:image:width\" content=\"1920\" \/>\n\t<meta property=\"og:image:height\" content=\"1080\" \/>\n\t<meta property=\"og:image:type\" content=\"image\/jpeg\" \/>\n<meta name=\"author\" content=\"Admin\" \/>\n<meta name=\"twitter:card\" content=\"summary_large_image\" \/>\n<meta name=\"twitter:creator\" content=\"@DiarioFemenino1\" \/>\n<meta name=\"twitter:site\" content=\"@DiarioFemenino1\" \/>\n<meta name=\"twitter:label1\" content=\"Escrito por\" \/>\n\t<meta name=\"twitter:data1\" content=\"Admin\" \/>\n\t<meta name=\"twitter:label2\" content=\"Tiempo de lectura\" \/>\n\t<meta name=\"twitter:data2\" content=\"2 minutos\" \/>\n<script type=\"application\/ld+json\" class=\"yoast-schema-graph\">{\"@context\":\"https:\\\/\\\/schema.org\",\"@graph\":[{\"@type\":\"Article\",\"@id\":\"https:\\\/\\\/diariofemenino.com.ar\\\/df\\\/dia-internacional-de-las-mujeres-afrolatinoamericanas-afrocaribenas-y-de-la-diaspora\\\/#article\",\"isPartOf\":{\"@id\":\"https:\\\/\\\/diariofemenino.com.ar\\\/df\\\/dia-internacional-de-las-mujeres-afrolatinoamericanas-afrocaribenas-y-de-la-diaspora\\\/\"},\"author\":{\"name\":\"Admin\",\"@id\":\"https:\\\/\\\/diariofemenino.com.ar\\\/df\\\/#\\\/schema\\\/person\\\/bf6199e8158c657ea6f789b11ec85509\"},\"headline\":\"D\u00eda Internacional de las Mujeres Afrolatinoamericanas, Afrocaribe\u00f1as, y de la Di\u00e1spora\",\"datePublished\":\"2022-07-23T12:40:11+00:00\",\"dateModified\":\"2022-07-23T12:45:31+00:00\",\"mainEntityOfPage\":{\"@id\":\"https:\\\/\\\/diariofemenino.com.ar\\\/df\\\/dia-internacional-de-las-mujeres-afrolatinoamericanas-afrocaribenas-y-de-la-diaspora\\\/\"},\"wordCount\":324,\"commentCount\":0,\"publisher\":{\"@id\":\"https:\\\/\\\/diariofemenino.com.ar\\\/df\\\/#organization\"},\"image\":{\"@id\":\"https:\\\/\\\/diariofemenino.com.ar\\\/df\\\/dia-internacional-de-las-mujeres-afrolatinoamericanas-afrocaribenas-y-de-la-diaspora\\\/#primaryimage\"},\"thumbnailUrl\":\"https:\\\/\\\/diariofemenino.com.ar\\\/df\\\/wp-content\\\/uploads\\\/2022\\\/07\\\/CANAL-ENCUENTRO.-NEGRA-3.jpg\",\"keywords\":[\"Afrocaribe\u00f1as\",\"Afrolatinoamericanas\",\"Canal Encuentro\",\"D\u00eda Internacional\",\"di\u00e1spora\",\"Documental\",\"Mujeres\",\"negra\"],\"articleSection\":[\"Actividades\",\"Agenda Feminista\",\"Mujeres\",\"Videos\"],\"inLanguage\":\"es\",\"potentialAction\":[{\"@type\":\"CommentAction\",\"name\":\"Comment\",\"target\":[\"https:\\\/\\\/diariofemenino.com.ar\\\/df\\\/dia-internacional-de-las-mujeres-afrolatinoamericanas-afrocaribenas-y-de-la-diaspora\\\/#respond\"]}]},{\"@type\":\"WebPage\",\"@id\":\"https:\\\/\\\/diariofemenino.com.ar\\\/df\\\/dia-internacional-de-las-mujeres-afrolatinoamericanas-afrocaribenas-y-de-la-diaspora\\\/\",\"url\":\"https:\\\/\\\/diariofemenino.com.ar\\\/df\\\/dia-internacional-de-las-mujeres-afrolatinoamericanas-afrocaribenas-y-de-la-diaspora\\\/\",\"name\":\"D\u00eda Internacional de las Mujeres Afrolatinoamericanas, Afrocaribe\u00f1as, y de la Di\u00e1spora - Diario Digital Femenino\",\"isPartOf\":{\"@id\":\"https:\\\/\\\/diariofemenino.com.ar\\\/df\\\/#website\"},\"primaryImageOfPage\":{\"@id\":\"https:\\\/\\\/diariofemenino.com.ar\\\/df\\\/dia-internacional-de-las-mujeres-afrolatinoamericanas-afrocaribenas-y-de-la-diaspora\\\/#primaryimage\"},\"image\":{\"@id\":\"https:\\\/\\\/diariofemenino.com.ar\\\/df\\\/dia-internacional-de-las-mujeres-afrolatinoamericanas-afrocaribenas-y-de-la-diaspora\\\/#primaryimage\"},\"thumbnailUrl\":\"https:\\\/\\\/diariofemenino.com.ar\\\/df\\\/wp-content\\\/uploads\\\/2022\\\/07\\\/CANAL-ENCUENTRO.-NEGRA-3.jpg\",\"datePublished\":\"2022-07-23T12:40:11+00:00\",\"dateModified\":\"2022-07-23T12:45:31+00:00\",\"description\":\"D\u00eda Internacional de las Mujeres.Estrenan\u00a0el documental Negra\u00a0En el D\u00eda Internacional de las MujeresAfrolatinoamericanas, Afrocaribe\u00f1as, y de la Di\u00e1spora.\",\"breadcrumb\":{\"@id\":\"https:\\\/\\\/diariofemenino.com.ar\\\/df\\\/dia-internacional-de-las-mujeres-afrolatinoamericanas-afrocaribenas-y-de-la-diaspora\\\/#breadcrumb\"},\"inLanguage\":\"es\",\"potentialAction\":[{\"@type\":\"ReadAction\",\"target\":[\"https:\\\/\\\/diariofemenino.com.ar\\\/df\\\/dia-internacional-de-las-mujeres-afrolatinoamericanas-afrocaribenas-y-de-la-diaspora\\\/\"]}]},{\"@type\":\"ImageObject\",\"inLanguage\":\"es\",\"@id\":\"https:\\\/\\\/diariofemenino.com.ar\\\/df\\\/dia-internacional-de-las-mujeres-afrolatinoamericanas-afrocaribenas-y-de-la-diaspora\\\/#primaryimage\",\"url\":\"https:\\\/\\\/diariofemenino.com.ar\\\/df\\\/wp-content\\\/uploads\\\/2022\\\/07\\\/CANAL-ENCUENTRO.-NEGRA-3.jpg\",\"contentUrl\":\"https:\\\/\\\/diariofemenino.com.ar\\\/df\\\/wp-content\\\/uploads\\\/2022\\\/07\\\/CANAL-ENCUENTRO.-NEGRA-3.jpg\",\"width\":1920,\"height\":1080,\"caption\":\"D\u00eda Internacional de las Mujeres Afrolatinoamericanas, Afrocaribe\u00f1as, y de la Di\u00e1spora\"},{\"@type\":\"BreadcrumbList\",\"@id\":\"https:\\\/\\\/diariofemenino.com.ar\\\/df\\\/dia-internacional-de-las-mujeres-afrolatinoamericanas-afrocaribenas-y-de-la-diaspora\\\/#breadcrumb\",\"itemListElement\":[{\"@type\":\"ListItem\",\"position\":1,\"name\":\"Portada\",\"item\":\"https:\\\/\\\/diariofemenino.com.ar\\\/df\\\/\"},{\"@type\":\"ListItem\",\"position\":2,\"name\":\"D\u00eda Internacional de las Mujeres Afrolatinoamericanas, Afrocaribe\u00f1as, y de la Di\u00e1spora\"}]},{\"@type\":\"WebSite\",\"@id\":\"https:\\\/\\\/diariofemenino.com.ar\\\/df\\\/#website\",\"url\":\"https:\\\/\\\/diariofemenino.com.ar\\\/df\\\/\",\"name\":\"Diario Digital Femenino\",\"description\":\"Cuesti\u00f3n de G\u00e9nero\",\"publisher\":{\"@id\":\"https:\\\/\\\/diariofemenino.com.ar\\\/df\\\/#organization\"},\"potentialAction\":[{\"@type\":\"SearchAction\",\"target\":{\"@type\":\"EntryPoint\",\"urlTemplate\":\"https:\\\/\\\/diariofemenino.com.ar\\\/df\\\/?s={search_term_string}\"},\"query-input\":{\"@type\":\"PropertyValueSpecification\",\"valueRequired\":true,\"valueName\":\"search_term_string\"}}],\"inLanguage\":\"es\"},{\"@type\":\"Organization\",\"@id\":\"https:\\\/\\\/diariofemenino.com.ar\\\/df\\\/#organization\",\"name\":\"Diario Femenino\",\"url\":\"https:\\\/\\\/diariofemenino.com.ar\\\/df\\\/\",\"logo\":{\"@type\":\"ImageObject\",\"inLanguage\":\"es\",\"@id\":\"https:\\\/\\\/diariofemenino.com.ar\\\/df\\\/#\\\/schema\\\/logo\\\/image\\\/\",\"url\":\"https:\\\/\\\/diariofemenino.com.ar\\\/df\\\/wp-content\\\/uploads\\\/2018\\\/10\\\/logo.png\",\"contentUrl\":\"https:\\\/\\\/diariofemenino.com.ar\\\/df\\\/wp-content\\\/uploads\\\/2018\\\/10\\\/logo.png\",\"width\":500,\"height\":92,\"caption\":\"Diario Femenino\"},\"image\":{\"@id\":\"https:\\\/\\\/diariofemenino.com.ar\\\/df\\\/#\\\/schema\\\/logo\\\/image\\\/\"},\"sameAs\":[\"https:\\\/\\\/www.facebook.com\\\/DiarioDigitaFemenino\\\/\",\"https:\\\/\\\/x.com\\\/DiarioFemenino1\"]},{\"@type\":\"Person\",\"@id\":\"https:\\\/\\\/diariofemenino.com.ar\\\/df\\\/#\\\/schema\\\/person\\\/bf6199e8158c657ea6f789b11ec85509\",\"name\":\"Admin\",\"image\":{\"@type\":\"ImageObject\",\"inLanguage\":\"es\",\"@id\":\"https:\\\/\\\/diariofemenino.com.ar\\\/df\\\/wp-content\\\/uploads\\\/2018\\\/12\\\/favicon-150x150.jpg\",\"url\":\"https:\\\/\\\/diariofemenino.com.ar\\\/df\\\/wp-content\\\/uploads\\\/2018\\\/12\\\/favicon-150x150.jpg\",\"contentUrl\":\"https:\\\/\\\/diariofemenino.com.ar\\\/df\\\/wp-content\\\/uploads\\\/2018\\\/12\\\/favicon-150x150.jpg\",\"caption\":\"Admin\"},\"url\":\"https:\\\/\\\/diariofemenino.com.ar\\\/df\\\/author\\\/lenny\\\/\"}]}<\/script>\n<!-- \/ Yoast SEO plugin. -->","yoast_head_json":{"title":"D\u00eda Internacional de las Mujeres Afrolatinoamericanas, Afrocaribe\u00f1as, y de la Di\u00e1spora - Diario Digital Femenino","description":"D\u00eda Internacional de las Mujeres.Estrenan\u00a0el documental Negra\u00a0En el D\u00eda Internacional de las MujeresAfrolatinoamericanas, Afrocaribe\u00f1as, y de la Di\u00e1spora.","robots":{"index":"index","follow":"follow","max-snippet":"max-snippet:-1","max-image-preview":"max-image-preview:large","max-video-preview":"max-video-preview:-1"},"canonical":"https:\/\/diariofemenino.com.ar\/df\/dia-internacional-de-las-mujeres-afrolatinoamericanas-afrocaribenas-y-de-la-diaspora\/","og_locale":"es_ES","og_type":"article","og_title":"D\u00eda Internacional de las Mujeres Afrolatinoamericanas, Afrocaribe\u00f1as, y de la Di\u00e1spora - Diario Digital Femenino","og_description":"D\u00eda Internacional de las Mujeres.Estrenan\u00a0el documental Negra\u00a0En el D\u00eda Internacional de las MujeresAfrolatinoamericanas, Afrocaribe\u00f1as, y de la Di\u00e1spora.","og_url":"https:\/\/diariofemenino.com.ar\/df\/dia-internacional-de-las-mujeres-afrolatinoamericanas-afrocaribenas-y-de-la-diaspora\/","og_site_name":"Diario Digital Femenino","article_publisher":"https:\/\/www.facebook.com\/DiarioDigitaFemenino\/","article_published_time":"2022-07-23T12:40:11+00:00","article_modified_time":"2022-07-23T12:45:31+00:00","og_image":[{"width":1920,"height":1080,"url":"https:\/\/diariofemenino.com.ar\/df\/wp-content\/uploads\/2022\/07\/CANAL-ENCUENTRO.-NEGRA-3.jpg","type":"image\/jpeg"}],"author":"Admin","twitter_card":"summary_large_image","twitter_creator":"@DiarioFemenino1","twitter_site":"@DiarioFemenino1","twitter_misc":{"Escrito por":"Admin","Tiempo de lectura":"2 minutos"},"schema":{"@context":"https:\/\/schema.org","@graph":[{"@type":"Article","@id":"https:\/\/diariofemenino.com.ar\/df\/dia-internacional-de-las-mujeres-afrolatinoamericanas-afrocaribenas-y-de-la-diaspora\/#article","isPartOf":{"@id":"https:\/\/diariofemenino.com.ar\/df\/dia-internacional-de-las-mujeres-afrolatinoamericanas-afrocaribenas-y-de-la-diaspora\/"},"author":{"name":"Admin","@id":"https:\/\/diariofemenino.com.ar\/df\/#\/schema\/person\/bf6199e8158c657ea6f789b11ec85509"},"headline":"D\u00eda Internacional de las Mujeres Afrolatinoamericanas, Afrocaribe\u00f1as, y de la Di\u00e1spora","datePublished":"2022-07-23T12:40:11+00:00","dateModified":"2022-07-23T12:45:31+00:00","mainEntityOfPage":{"@id":"https:\/\/diariofemenino.com.ar\/df\/dia-internacional-de-las-mujeres-afrolatinoamericanas-afrocaribenas-y-de-la-diaspora\/"},"wordCount":324,"commentCount":0,"publisher":{"@id":"https:\/\/diariofemenino.com.ar\/df\/#organization"},"image":{"@id":"https:\/\/diariofemenino.com.ar\/df\/dia-internacional-de-las-mujeres-afrolatinoamericanas-afrocaribenas-y-de-la-diaspora\/#primaryimage"},"thumbnailUrl":"https:\/\/diariofemenino.com.ar\/df\/wp-content\/uploads\/2022\/07\/CANAL-ENCUENTRO.-NEGRA-3.jpg","keywords":["Afrocaribe\u00f1as","Afrolatinoamericanas","Canal Encuentro","D\u00eda Internacional","di\u00e1spora","Documental","Mujeres","negra"],"articleSection":["Actividades","Agenda Feminista","Mujeres","Videos"],"inLanguage":"es","potentialAction":[{"@type":"CommentAction","name":"Comment","target":["https:\/\/diariofemenino.com.ar\/df\/dia-internacional-de-las-mujeres-afrolatinoamericanas-afrocaribenas-y-de-la-diaspora\/#respond"]}]},{"@type":"WebPage","@id":"https:\/\/diariofemenino.com.ar\/df\/dia-internacional-de-las-mujeres-afrolatinoamericanas-afrocaribenas-y-de-la-diaspora\/","url":"https:\/\/diariofemenino.com.ar\/df\/dia-internacional-de-las-mujeres-afrolatinoamericanas-afrocaribenas-y-de-la-diaspora\/","name":"D\u00eda Internacional de las Mujeres Afrolatinoamericanas, Afrocaribe\u00f1as, y de la Di\u00e1spora - Diario Digital Femenino","isPartOf":{"@id":"https:\/\/diariofemenino.com.ar\/df\/#website"},"primaryImageOfPage":{"@id":"https:\/\/diariofemenino.com.ar\/df\/dia-internacional-de-las-mujeres-afrolatinoamericanas-afrocaribenas-y-de-la-diaspora\/#primaryimage"},"image":{"@id":"https:\/\/diariofemenino.com.ar\/df\/dia-internacional-de-las-mujeres-afrolatinoamericanas-afrocaribenas-y-de-la-diaspora\/#primaryimage"},"thumbnailUrl":"https:\/\/diariofemenino.com.ar\/df\/wp-content\/uploads\/2022\/07\/CANAL-ENCUENTRO.-NEGRA-3.jpg","datePublished":"2022-07-23T12:40:11+00:00","dateModified":"2022-07-23T12:45:31+00:00","description":"D\u00eda Internacional de las Mujeres.Estrenan\u00a0el documental Negra\u00a0En el D\u00eda Internacional de las MujeresAfrolatinoamericanas, Afrocaribe\u00f1as, y de la Di\u00e1spora.","breadcrumb":{"@id":"https:\/\/diariofemenino.com.ar\/df\/dia-internacional-de-las-mujeres-afrolatinoamericanas-afrocaribenas-y-de-la-diaspora\/#breadcrumb"},"inLanguage":"es","potentialAction":[{"@type":"ReadAction","target":["https:\/\/diariofemenino.com.ar\/df\/dia-internacional-de-las-mujeres-afrolatinoamericanas-afrocaribenas-y-de-la-diaspora\/"]}]},{"@type":"ImageObject","inLanguage":"es","@id":"https:\/\/diariofemenino.com.ar\/df\/dia-internacional-de-las-mujeres-afrolatinoamericanas-afrocaribenas-y-de-la-diaspora\/#primaryimage","url":"https:\/\/diariofemenino.com.ar\/df\/wp-content\/uploads\/2022\/07\/CANAL-ENCUENTRO.-NEGRA-3.jpg","contentUrl":"https:\/\/diariofemenino.com.ar\/df\/wp-content\/uploads\/2022\/07\/CANAL-ENCUENTRO.-NEGRA-3.jpg","width":1920,"height":1080,"caption":"D\u00eda Internacional de las Mujeres Afrolatinoamericanas, Afrocaribe\u00f1as, y de la Di\u00e1spora"},{"@type":"BreadcrumbList","@id":"https:\/\/diariofemenino.com.ar\/df\/dia-internacional-de-las-mujeres-afrolatinoamericanas-afrocaribenas-y-de-la-diaspora\/#breadcrumb","itemListElement":[{"@type":"ListItem","position":1,"name":"Portada","item":"https:\/\/diariofemenino.com.ar\/df\/"},{"@type":"ListItem","position":2,"name":"D\u00eda Internacional de las Mujeres Afrolatinoamericanas, Afrocaribe\u00f1as, y de la Di\u00e1spora"}]},{"@type":"WebSite","@id":"https:\/\/diariofemenino.com.ar\/df\/#website","url":"https:\/\/diariofemenino.com.ar\/df\/","name":"Diario Digital Femenino","description":"Cuesti\u00f3n de G\u00e9nero","publisher":{"@id":"https:\/\/diariofemenino.com.ar\/df\/#organization"},"potentialAction":[{"@type":"SearchAction","target":{"@type":"EntryPoint","urlTemplate":"https:\/\/diariofemenino.com.ar\/df\/?s={search_term_string}"},"query-input":{"@type":"PropertyValueSpecification","valueRequired":true,"valueName":"search_term_string"}}],"inLanguage":"es"},{"@type":"Organization","@id":"https:\/\/diariofemenino.com.ar\/df\/#organization","name":"Diario Femenino","url":"https:\/\/diariofemenino.com.ar\/df\/","logo":{"@type":"ImageObject","inLanguage":"es","@id":"https:\/\/diariofemenino.com.ar\/df\/#\/schema\/logo\/image\/","url":"https:\/\/diariofemenino.com.ar\/df\/wp-content\/uploads\/2018\/10\/logo.png","contentUrl":"https:\/\/diariofemenino.com.ar\/df\/wp-content\/uploads\/2018\/10\/logo.png","width":500,"height":92,"caption":"Diario Femenino"},"image":{"@id":"https:\/\/diariofemenino.com.ar\/df\/#\/schema\/logo\/image\/"},"sameAs":["https:\/\/www.facebook.com\/DiarioDigitaFemenino\/","https:\/\/x.com\/DiarioFemenino1"]},{"@type":"Person","@id":"https:\/\/diariofemenino.com.ar\/df\/#\/schema\/person\/bf6199e8158c657ea6f789b11ec85509","name":"Admin","image":{"@type":"ImageObject","inLanguage":"es","@id":"https:\/\/diariofemenino.com.ar\/df\/wp-content\/uploads\/2018\/12\/favicon-150x150.jpg","url":"https:\/\/diariofemenino.com.ar\/df\/wp-content\/uploads\/2018\/12\/favicon-150x150.jpg","contentUrl":"https:\/\/diariofemenino.com.ar\/df\/wp-content\/uploads\/2018\/12\/favicon-150x150.jpg","caption":"Admin"},"url":"https:\/\/diariofemenino.com.ar\/df\/author\/lenny\/"}]}},"jetpack_featured_media_url":"https:\/\/diariofemenino.com.ar\/df\/wp-content\/uploads\/2022\/07\/CANAL-ENCUENTRO.-NEGRA-3.jpg","jetpack_sharing_enabled":true,"rttpg_featured_image_url":{"full":["https:\/\/diariofemenino.com.ar\/df\/wp-content\/uploads\/2022\/07\/CANAL-ENCUENTRO.-NEGRA-3.jpg",1920,1080,false],"landscape":["https:\/\/diariofemenino.com.ar\/df\/wp-content\/uploads\/2022\/07\/CANAL-ENCUENTRO.-NEGRA-3.jpg",1920,1080,false],"portraits":["https:\/\/diariofemenino.com.ar\/df\/wp-content\/uploads\/2022\/07\/CANAL-ENCUENTRO.-NEGRA-3.jpg",1920,1080,false],"thumbnail":["https:\/\/diariofemenino.com.ar\/df\/wp-content\/uploads\/2022\/07\/CANAL-ENCUENTRO.-NEGRA-3-150x150.jpg",150,150,true],"medium":["https:\/\/diariofemenino.com.ar\/df\/wp-content\/uploads\/2022\/07\/CANAL-ENCUENTRO.-NEGRA-3-300x169.jpg",300,169,true],"large":["https:\/\/diariofemenino.com.ar\/df\/wp-content\/uploads\/2022\/07\/CANAL-ENCUENTRO.-NEGRA-3-1024x576.jpg",1024,576,true],"1536x1536":["https:\/\/diariofemenino.com.ar\/df\/wp-content\/uploads\/2022\/07\/CANAL-ENCUENTRO.-NEGRA-3.jpg",1536,864,false],"2048x2048":["https:\/\/diariofemenino.com.ar\/df\/wp-content\/uploads\/2022\/07\/CANAL-ENCUENTRO.-NEGRA-3.jpg",1920,1080,false]},"rttpg_author":{"display_name":"Admin","author_link":"https:\/\/diariofemenino.com.ar\/df\/author\/lenny\/"},"rttpg_comment":0,"rttpg_category":"<a href=\"https:\/\/diariofemenino.com.ar\/df\/category\/actividades\/\" rel=\"category tag\">Actividades<\/a> <a href=\"https:\/\/diariofemenino.com.ar\/df\/category\/agenda-feminista\/\" rel=\"category tag\">Agenda Feminista<\/a> <a href=\"https:\/\/diariofemenino.com.ar\/df\/category\/mujeres\/\" rel=\"category tag\">Mujeres<\/a> <a href=\"https:\/\/diariofemenino.com.ar\/df\/category\/videos\/\" rel=\"category tag\">Videos<\/a>","rttpg_excerpt":"Canal Encuentro estrena\u00a0el documental Negra \u00a0En el marco del D\u00eda Internacional de las Mujeres Afrolatinoamericanas, Afrocaribe\u00f1as, y de la Di\u00e1spora Canal Encuentro, el canal educativo y cultural del Estado argentino, estrena el documental Negra, de Medhin Tewolde Serrano. Este lunes 25 de julio a las 20:30, en el marco del D\u00eda Internacional de las Mujeres&hellip;","_links":{"self":[{"href":"https:\/\/diariofemenino.com.ar\/df\/wp-json\/wp\/v2\/posts\/65742","targetHints":{"allow":["GET"]}}],"collection":[{"href":"https:\/\/diariofemenino.com.ar\/df\/wp-json\/wp\/v2\/posts"}],"about":[{"href":"https:\/\/diariofemenino.com.ar\/df\/wp-json\/wp\/v2\/types\/post"}],"author":[{"embeddable":true,"href":"https:\/\/diariofemenino.com.ar\/df\/wp-json\/wp\/v2\/users\/4"}],"replies":[{"embeddable":true,"href":"https:\/\/diariofemenino.com.ar\/df\/wp-json\/wp\/v2\/comments?post=65742"}],"version-history":[{"count":0,"href":"https:\/\/diariofemenino.com.ar\/df\/wp-json\/wp\/v2\/posts\/65742\/revisions"}],"wp:featuredmedia":[{"embeddable":true,"href":"https:\/\/diariofemenino.com.ar\/df\/wp-json\/wp\/v2\/media\/65743"}],"wp:attachment":[{"href":"https:\/\/diariofemenino.com.ar\/df\/wp-json\/wp\/v2\/media?parent=65742"}],"wp:term":[{"taxonomy":"category","embeddable":true,"href":"https:\/\/diariofemenino.com.ar\/df\/wp-json\/wp\/v2\/categories?post=65742"},{"taxonomy":"post_tag","embeddable":true,"href":"https:\/\/diariofemenino.com.ar\/df\/wp-json\/wp\/v2\/tags?post=65742"}],"curies":[{"name":"wp","href":"https:\/\/api.w.org\/{rel}","templated":true}]}}