{"id":65737,"date":"2022-07-23T08:53:20","date_gmt":"2022-07-23T11:53:20","guid":{"rendered":"https:\/\/diariofemenino.com.ar\/df\/?p=65737"},"modified":"2022-07-23T08:53:20","modified_gmt":"2022-07-23T11:53:20","slug":"la-corte-de-justicia-de-salta-confirmo-que-debe-aplicarse-la-salud-intercultural","status":"publish","type":"post","link":"https:\/\/diariofemenino.com.ar\/df\/la-corte-de-justicia-de-salta-confirmo-que-debe-aplicarse-la-salud-intercultural\/","title":{"rendered":"La Corte de Justicia de Salta confirm\u00f3 que debe aplicarse la salud intercultural"},"content":{"rendered":"<p>Rechaz\u00f3 el pedido de nulidad del Ejecutivo provincial y ponder\u00f3 el inter\u00e9s superior de ni\u00f1os, ni\u00f1as y adolescentes. La demandante afirma que el gobierno salte\u00f1o sigue con los incumplimientos de la orden judicial.<\/p>\n<div class=\"author\">\n<div class=\"author-inner\">\n<div class=\"author-thumbnail\">\n<figure><img decoding=\"async\" class=\" \" src=\"https:\/\/images.pagina12.com.ar\/styles\/thumbnail\/public\/media\/users\/4483\/laura-20urbano.png?itok=NVFXo_NA\" alt=\"Laura Urbano \" \/><\/figure>\n<\/div>\n<div class=\"author-name\">Por <a href=\"https:\/\/www.pagina12.com.ar\/439090-la-corte-de-justicia-de-salta-confirmo-que-debe-aplicarse-la\">Laura Urbano<\/a><\/div>\n<div><\/div>\n<div>\n<p><b>La Corte de Justicia de Salta rechaz\u00f3 el pedido de nulidad que present\u00f3 el gobierno de Gustavo S\u00e1enz y confirm\u00f3 la orden judicial de designar facilitadores culturales y acondicionar albergues transitorios para comunidades originarias, que hab\u00edan sido decididas por el juez de Impugnaci\u00f3n Eduardo Barrionuevo.<\/b><\/p>\n<figure id=\"attachment_65740\" aria-describedby=\"caption-attachment-65740\" style=\"width: 542px\" class=\"wp-caption aligncenter\"><img loading=\"lazy\" decoding=\"async\" class=\"wp-image-65740 \" src=\"https:\/\/diariofemenino.com.ar\/df\/wp-content\/uploads\/2022\/07\/Corte-de-Justicia-1024x576-1024x576.jpg\" alt=\"La Corte de Justicia de Salta confirm\u00f3 que debe aplicarse la salud intercultural\" width=\"542\" height=\"305\" srcset=\"https:\/\/diariofemenino.com.ar\/df\/wp-content\/uploads\/2022\/07\/Corte-de-Justicia-1024x576.jpg 1024w, https:\/\/diariofemenino.com.ar\/df\/wp-content\/uploads\/2022\/07\/Corte-de-Justicia-1024x576-300x169.jpg 300w, https:\/\/diariofemenino.com.ar\/df\/wp-content\/uploads\/2022\/07\/Corte-de-Justicia-1024x576-768x432.jpg 768w\" sizes=\"auto, (max-width: 542px) 100vw, 542px\" \/><figcaption id=\"caption-attachment-65740\" class=\"wp-caption-text\">La Corte de Justicia de Salta confirm\u00f3 que debe aplicarse la salud intercultural<\/figcaption><\/figure>\n<p>La confirmaci\u00f3n de esta decisi\u00f3n fue notificada el lunes pasado a las partes, entre las cu\u00e1les se encuentra\u00a0<b>la demandante representada por la Asociaci\u00f3n Civil Igualdad y Justicia (ACIJ) -integrante de Infancia en Deuda- y la comunidad ind\u00edgena Misi\u00f3n La Loma, de Embarcaci\u00f3n.<\/b><\/p>\n<p><b>\u201cLa realidad informa que el estado salte\u00f1o no ha tomado ninguna medida concreta para el cumplimiento de la medida cautelar\u201d,\u00a0<\/b>dijo ayer a Salta\/12 el coordinador del programa de Derechos Sociales de la Ni\u00f1ez de ACIJ<b>, Francisco Rodr\u00edguez<\/b>. La medida cautelar dictada por Barrionuevo estaba vigente pese a la apelaci\u00f3n y pedido de nulidad elevado por la provincia.<\/p>\n<p>La resoluci\u00f3n de Barrionuevo en enero pasado\u00a0<b>intimaba al Ejecutivo a designar facilitadores culturales en los hospitales de referencia, o cabecera, de los departamentos Or\u00e1n, Rivadavia y San Mart\u00edn<\/b>\u00a0(consignados como zona de emergencia sanitaria desde 2020 por las muertes evitables de infancias originarias), as\u00ed como en Salta Capital. Tambi\u00e9n hab\u00eda dispuesto el<b>\u00a0establecimiento y manutenci\u00f3n de albergues en las cercan\u00edas de los centros sanitarios de referencia de los tres departamentos y el Hospital P\u00fablico Materno Infantil<\/b>\u00a0(en Salta Capital) con el fin de dar <a href=\"https:\/\/diariofemenino.com.ar\/df\/category\/azul-profundo\/\">contenci\u00f3n<\/a> de ni\u00f1os, ni\u00f1as y adolescentes ind\u00edgenas y a sus familias.<\/p>\n<p>Ambas cuestiones se encuentran incorporadas en la\u00a0<b>Ley de Salud Intercultural\u00a0<\/b>que fue sancionada hace 8 a\u00f1os en la provincia, pero a\u00fan est\u00e1 sin reglamentar y sin aplicar.<\/p>\n<p>En su fallo, la Corte indic\u00f3 que al momento de resolver, Barrionuevo hab\u00eda ponderado \u201cla falta de conocimiento por parte del Director de Atenci\u00f3n Primaria de la Salud y del Jefe de Programa de Atenci\u00f3n Primaria sobre la existencia de fondos para el Programa de Relaciones Interculturales para el per\u00edodo 2020 o 2021\u201d. Ese Programa desapareci\u00f3 de la estructura del gobierno provincial al iniciar la gesti\u00f3n de Sa\u00e9nz, quien dio mayor entidad a un programa de Bienestar Animal.<\/p>\n<p><strong>Inter\u00e9s superior de NNyA<\/strong><\/p>\n<p>En lugar de dar una respuesta concreta a las resoluciones de Barrionuevo,\u00a0<b>la provincia decidi\u00f3 seguir el camino de la apelaci\u00f3n de la medida y el pedido de la nulidad<\/b>\u00a0asegurando que el magistrado era incompetente para decidir sobre el tema.<\/p>\n<p>En respuesta a ello el m\u00e1ximo tribunal salte\u00f1o afirm\u00f3 en su reciente fallo que\u00a0<b>\u201cen anteriores oportunidades, esta Corte ha decretado la nulidad de las actuaciones<\/b>\u00a0desplegadas por los jueces ante quienes se interpusieron las respectivas acciones, por razones de incompetencia material\u201d.\u00a0<b>No obstante<\/b>, indic\u00f3 que\u00a0<b>\u201cse advierte que las particulares circunstancias que rodean el presente caso y que involucran <a href=\"https:\/\/diariofemenino.com.ar\/df\/category\/genero-y-derechos-humanos\/\">derechos<\/a> de la mayor jerarqu\u00eda de un grupo con preferente tutela -ni\u00f1as, ni\u00f1os y adolescentes-, desaconsejan seguir tal temperamento\u201d.<\/b>\u00a0Ante ello dispuso confirmar la decisi\u00f3n de Barrionuevo.<\/p>\n<p><strong>Incumplimientos y falta de informaci\u00f3n<\/strong><\/p>\n<p>Hasta el lunes pasado y con\u00a0<b>datos propios<\/b>\u00a0de los casos que\u00a0<b>se lograron conocer solamente en dos de los municipios de la zona de emergencia sanitaria<\/b>\u00a0<b>(General Mosconi, en San Mart\u00edn, y Santa Victoria Este, en Rivadavia<\/b>),\u00a0<b>se contabilizaron cuatro ni\u00f1es fallecides en una quincena.<\/b>\u00a0En al menos dos de estos \u00faltimos casos, cuando el sistema sanitario se enter\u00f3 de su situaci\u00f3n, las muertes ya hab\u00edan acontecido.<\/p>\n<p>Aunque Salta\/12 solicit\u00f3 desde hace m\u00e1s de una semana los datos respecto a la cantidad de fallecimientos de infancias de hasta 5 a\u00f1os en la zona de emergencia sanitaria, hasta el momento no se obtuvieron respuestas.<\/p>\n<p>Pero la imposibilidad de acceder a la informaci\u00f3n no es solo de este medio. Rodr\u00edguez manifest\u00f3 que se hicieron pedidos de informaci\u00f3n de manera oficial obteniendo como respuestas solamente evasivas desde la cartera sanitaria provincial.<\/p>\n<p>Record\u00f3 que\u00a0<b>durante los primeros tres meses del a\u00f1o hab\u00edan fallecido 44 ni\u00f1as y ni\u00f1os, al menos 5 en el segundo trimestre y 4 en los \u00faltimos quince d\u00edas. Afirm\u00f3 que junto con la comunidad que representan se elevaron tres pedidos de oficio para que el Estado responda qu\u00e9 acciones se tomaron\u00a0<\/b>desde el momento en que la cautelar de Barrionuevo (ahora confirmada por la Corte) se encuentra vigente.\u00a0<b>El gobierno salte\u00f1o nunca respondi\u00f3 a los oficios que en su momento fueron enviados por el m\u00e1ximo tribunal.<\/b><\/p>\n<p>Tambi\u00e9n se hicieron dos denuncias por los incumplimientos a la orden judicial pero hasta ahora no prosperaron.\u00a0<b>\u201cLo que debiera ocurrir de ahora en adelante es que frente a los pedidos de la parte actora la Corte de Justicia de Salta, se haga cargo del fallo y a partir de eso le empiece a exigir al Estado salte\u00f1o el cumplimiento de la cautelar\u201d,\u00a0<\/b>evalu\u00f3 el referente de ACIJ respecto del futuro de las actuaciones en curso. (<a href=\"https:\/\/www.pagina12.com.ar\/\">P\u00e1gina|12<\/a>).<\/p>\n<p>&nbsp;<\/p>\n<\/div>\n<\/div>\n<\/div>\n","protected":false},"excerpt":{"rendered":"<p>Rechaz\u00f3 el pedido de nulidad del Ejecutivo provincial y ponder\u00f3 el inter\u00e9s superior de ni\u00f1os, ni\u00f1as y adolescentes. La demandante afirma que el gobierno salte\u00f1o sigue con los incumplimientos de la orden judicial. Por Laura Urbano La Corte de Justicia de Salta rechaz\u00f3 el pedido de nulidad que present\u00f3 el gobierno de Gustavo S\u00e1enz y [&hellip;]<\/p>\n","protected":false},"author":4,"featured_media":65739,"comment_status":"open","ping_status":"open","sticky":false,"template":"","format":"standard","meta":{"iawp_total_views":2,"footnotes":""},"categories":[178,581,627],"tags":[5393,5391,4372,5392,3746,872],"class_list":["post-65737","post","type-post","status-publish","format-standard","has-post-thumbnail","hentry","category-articulos-y-comunicados","category-azul-profundo","category-genero-y-derechos-humanos","tag-comunidades-originarias","tag-corte-de-justicia","tag-destacada","tag-facilitadores-culturales","tag-nulidad","tag-salta"],"nelio_content":{"autoShareEndMode":"never","automationSources":{"useCustomSentences":false,"customSentences":[]},"efiAlt":"","efiUrl":"","followers":[4],"highlights":[],"isAutoShareEnabled":true,"networkImageIds":[],"permalinkQueryArgs":[],"series":[],"suggestedReferences":[]},"yoast_head":"<!-- This site is optimized with the Yoast SEO plugin v27.5 - https:\/\/yoast.com\/product\/yoast-seo-wordpress\/ -->\n<title>La Corte de Justicia de Salta confirm\u00f3 que debe aplicarse la salud intercultural - Diario Digital Femenino<\/title>\n<meta name=\"description\" content=\"La Corte de Justicia de Salta rechaz\u00f3 el pedido de nulidad del Ejecutivo provincial y ponder\u00f3 el inter\u00e9s superior de ni\u00f1os, ni\u00f1as y adolescentes.\" \/>\n<meta name=\"robots\" content=\"index, follow, max-snippet:-1, max-image-preview:large, max-video-preview:-1\" \/>\n<link rel=\"canonical\" href=\"https:\/\/diariofemenino.com.ar\/df\/la-corte-de-justicia-de-salta-confirmo-que-debe-aplicarse-la-salud-intercultural\/\" \/>\n<meta property=\"og:locale\" content=\"es_ES\" \/>\n<meta property=\"og:type\" content=\"article\" \/>\n<meta property=\"og:title\" content=\"La Corte de Justicia de Salta confirm\u00f3 que debe aplicarse la salud intercultural - Diario Digital Femenino\" \/>\n<meta property=\"og:description\" content=\"La Corte de Justicia de Salta rechaz\u00f3 el pedido de nulidad del Ejecutivo provincial y ponder\u00f3 el inter\u00e9s superior de ni\u00f1os, ni\u00f1as y adolescentes.\" \/>\n<meta property=\"og:url\" content=\"https:\/\/diariofemenino.com.ar\/df\/la-corte-de-justicia-de-salta-confirmo-que-debe-aplicarse-la-salud-intercultural\/\" \/>\n<meta property=\"og:site_name\" content=\"Diario Digital Femenino\" \/>\n<meta property=\"article:publisher\" content=\"https:\/\/www.facebook.com\/DiarioDigitaFemenino\/\" \/>\n<meta property=\"article:published_time\" content=\"2022-07-23T11:53:20+00:00\" \/>\n<meta property=\"og:image\" content=\"https:\/\/diariofemenino.com.ar\/df\/wp-content\/uploads\/2022\/07\/590844-salud-20intercultural.jpg\" \/>\n\t<meta property=\"og:image:width\" content=\"960\" \/>\n\t<meta property=\"og:image:height\" content=\"640\" \/>\n\t<meta property=\"og:image:type\" content=\"image\/jpeg\" \/>\n<meta name=\"author\" content=\"Admin\" \/>\n<meta name=\"twitter:card\" content=\"summary_large_image\" \/>\n<meta name=\"twitter:creator\" content=\"@DiarioFemenino1\" \/>\n<meta name=\"twitter:site\" content=\"@DiarioFemenino1\" \/>\n<meta name=\"twitter:label1\" content=\"Escrito por\" \/>\n\t<meta name=\"twitter:data1\" content=\"Admin\" \/>\n\t<meta name=\"twitter:label2\" content=\"Tiempo de lectura\" \/>\n\t<meta name=\"twitter:data2\" content=\"5 minutos\" \/>\n<script type=\"application\/ld+json\" class=\"yoast-schema-graph\">{\"@context\":\"https:\\\/\\\/schema.org\",\"@graph\":[{\"@type\":\"Article\",\"@id\":\"https:\\\/\\\/diariofemenino.com.ar\\\/df\\\/la-corte-de-justicia-de-salta-confirmo-que-debe-aplicarse-la-salud-intercultural\\\/#article\",\"isPartOf\":{\"@id\":\"https:\\\/\\\/diariofemenino.com.ar\\\/df\\\/la-corte-de-justicia-de-salta-confirmo-que-debe-aplicarse-la-salud-intercultural\\\/\"},\"author\":{\"name\":\"Admin\",\"@id\":\"https:\\\/\\\/diariofemenino.com.ar\\\/df\\\/#\\\/schema\\\/person\\\/bf6199e8158c657ea6f789b11ec85509\"},\"headline\":\"La Corte de Justicia de Salta confirm\u00f3 que debe aplicarse la salud intercultural\",\"datePublished\":\"2022-07-23T11:53:20+00:00\",\"mainEntityOfPage\":{\"@id\":\"https:\\\/\\\/diariofemenino.com.ar\\\/df\\\/la-corte-de-justicia-de-salta-confirmo-que-debe-aplicarse-la-salud-intercultural\\\/\"},\"wordCount\":916,\"commentCount\":0,\"publisher\":{\"@id\":\"https:\\\/\\\/diariofemenino.com.ar\\\/df\\\/#organization\"},\"image\":{\"@id\":\"https:\\\/\\\/diariofemenino.com.ar\\\/df\\\/la-corte-de-justicia-de-salta-confirmo-que-debe-aplicarse-la-salud-intercultural\\\/#primaryimage\"},\"thumbnailUrl\":\"https:\\\/\\\/diariofemenino.com.ar\\\/df\\\/wp-content\\\/uploads\\\/2022\\\/07\\\/590844-salud-20intercultural.jpg\",\"keywords\":[\"Comunidades originarias\",\"Corte de Justicia\",\"Destacada\",\"Facilitadores culturales\",\"Nulidad\",\"Salta\"],\"articleSection\":[\"Art\u00edculos y Comunicados\",\"Azul Profundo\",\"G\u00e9nero y Derechos Humanos\"],\"inLanguage\":\"es\",\"potentialAction\":[{\"@type\":\"CommentAction\",\"name\":\"Comment\",\"target\":[\"https:\\\/\\\/diariofemenino.com.ar\\\/df\\\/la-corte-de-justicia-de-salta-confirmo-que-debe-aplicarse-la-salud-intercultural\\\/#respond\"]}]},{\"@type\":\"WebPage\",\"@id\":\"https:\\\/\\\/diariofemenino.com.ar\\\/df\\\/la-corte-de-justicia-de-salta-confirmo-que-debe-aplicarse-la-salud-intercultural\\\/\",\"url\":\"https:\\\/\\\/diariofemenino.com.ar\\\/df\\\/la-corte-de-justicia-de-salta-confirmo-que-debe-aplicarse-la-salud-intercultural\\\/\",\"name\":\"La Corte de Justicia de Salta confirm\u00f3 que debe aplicarse la salud intercultural - Diario Digital Femenino\",\"isPartOf\":{\"@id\":\"https:\\\/\\\/diariofemenino.com.ar\\\/df\\\/#website\"},\"primaryImageOfPage\":{\"@id\":\"https:\\\/\\\/diariofemenino.com.ar\\\/df\\\/la-corte-de-justicia-de-salta-confirmo-que-debe-aplicarse-la-salud-intercultural\\\/#primaryimage\"},\"image\":{\"@id\":\"https:\\\/\\\/diariofemenino.com.ar\\\/df\\\/la-corte-de-justicia-de-salta-confirmo-que-debe-aplicarse-la-salud-intercultural\\\/#primaryimage\"},\"thumbnailUrl\":\"https:\\\/\\\/diariofemenino.com.ar\\\/df\\\/wp-content\\\/uploads\\\/2022\\\/07\\\/590844-salud-20intercultural.jpg\",\"datePublished\":\"2022-07-23T11:53:20+00:00\",\"description\":\"La Corte de Justicia de Salta rechaz\u00f3 el pedido de nulidad del Ejecutivo provincial y ponder\u00f3 el inter\u00e9s superior de ni\u00f1os, ni\u00f1as y adolescentes.\",\"breadcrumb\":{\"@id\":\"https:\\\/\\\/diariofemenino.com.ar\\\/df\\\/la-corte-de-justicia-de-salta-confirmo-que-debe-aplicarse-la-salud-intercultural\\\/#breadcrumb\"},\"inLanguage\":\"es\",\"potentialAction\":[{\"@type\":\"ReadAction\",\"target\":[\"https:\\\/\\\/diariofemenino.com.ar\\\/df\\\/la-corte-de-justicia-de-salta-confirmo-que-debe-aplicarse-la-salud-intercultural\\\/\"]}]},{\"@type\":\"ImageObject\",\"inLanguage\":\"es\",\"@id\":\"https:\\\/\\\/diariofemenino.com.ar\\\/df\\\/la-corte-de-justicia-de-salta-confirmo-que-debe-aplicarse-la-salud-intercultural\\\/#primaryimage\",\"url\":\"https:\\\/\\\/diariofemenino.com.ar\\\/df\\\/wp-content\\\/uploads\\\/2022\\\/07\\\/590844-salud-20intercultural.jpg\",\"contentUrl\":\"https:\\\/\\\/diariofemenino.com.ar\\\/df\\\/wp-content\\\/uploads\\\/2022\\\/07\\\/590844-salud-20intercultural.jpg\",\"width\":960,\"height\":640,\"caption\":\"La Corte de Justicia de Salta confirm\u00f3 que debe aplicarse la salud intercultural\"},{\"@type\":\"BreadcrumbList\",\"@id\":\"https:\\\/\\\/diariofemenino.com.ar\\\/df\\\/la-corte-de-justicia-de-salta-confirmo-que-debe-aplicarse-la-salud-intercultural\\\/#breadcrumb\",\"itemListElement\":[{\"@type\":\"ListItem\",\"position\":1,\"name\":\"Portada\",\"item\":\"https:\\\/\\\/diariofemenino.com.ar\\\/df\\\/\"},{\"@type\":\"ListItem\",\"position\":2,\"name\":\"La Corte de Justicia de Salta confirm\u00f3 que debe aplicarse la salud intercultural\"}]},{\"@type\":\"WebSite\",\"@id\":\"https:\\\/\\\/diariofemenino.com.ar\\\/df\\\/#website\",\"url\":\"https:\\\/\\\/diariofemenino.com.ar\\\/df\\\/\",\"name\":\"Diario Digital Femenino\",\"description\":\"Cuesti\u00f3n de G\u00e9nero\",\"publisher\":{\"@id\":\"https:\\\/\\\/diariofemenino.com.ar\\\/df\\\/#organization\"},\"potentialAction\":[{\"@type\":\"SearchAction\",\"target\":{\"@type\":\"EntryPoint\",\"urlTemplate\":\"https:\\\/\\\/diariofemenino.com.ar\\\/df\\\/?s={search_term_string}\"},\"query-input\":{\"@type\":\"PropertyValueSpecification\",\"valueRequired\":true,\"valueName\":\"search_term_string\"}}],\"inLanguage\":\"es\"},{\"@type\":\"Organization\",\"@id\":\"https:\\\/\\\/diariofemenino.com.ar\\\/df\\\/#organization\",\"name\":\"Diario Femenino\",\"url\":\"https:\\\/\\\/diariofemenino.com.ar\\\/df\\\/\",\"logo\":{\"@type\":\"ImageObject\",\"inLanguage\":\"es\",\"@id\":\"https:\\\/\\\/diariofemenino.com.ar\\\/df\\\/#\\\/schema\\\/logo\\\/image\\\/\",\"url\":\"https:\\\/\\\/diariofemenino.com.ar\\\/df\\\/wp-content\\\/uploads\\\/2018\\\/10\\\/logo.png\",\"contentUrl\":\"https:\\\/\\\/diariofemenino.com.ar\\\/df\\\/wp-content\\\/uploads\\\/2018\\\/10\\\/logo.png\",\"width\":500,\"height\":92,\"caption\":\"Diario Femenino\"},\"image\":{\"@id\":\"https:\\\/\\\/diariofemenino.com.ar\\\/df\\\/#\\\/schema\\\/logo\\\/image\\\/\"},\"sameAs\":[\"https:\\\/\\\/www.facebook.com\\\/DiarioDigitaFemenino\\\/\",\"https:\\\/\\\/x.com\\\/DiarioFemenino1\"]},{\"@type\":\"Person\",\"@id\":\"https:\\\/\\\/diariofemenino.com.ar\\\/df\\\/#\\\/schema\\\/person\\\/bf6199e8158c657ea6f789b11ec85509\",\"name\":\"Admin\",\"image\":{\"@type\":\"ImageObject\",\"inLanguage\":\"es\",\"@id\":\"https:\\\/\\\/diariofemenino.com.ar\\\/df\\\/wp-content\\\/uploads\\\/2018\\\/12\\\/favicon-150x150.jpg\",\"url\":\"https:\\\/\\\/diariofemenino.com.ar\\\/df\\\/wp-content\\\/uploads\\\/2018\\\/12\\\/favicon-150x150.jpg\",\"contentUrl\":\"https:\\\/\\\/diariofemenino.com.ar\\\/df\\\/wp-content\\\/uploads\\\/2018\\\/12\\\/favicon-150x150.jpg\",\"caption\":\"Admin\"},\"url\":\"https:\\\/\\\/diariofemenino.com.ar\\\/df\\\/author\\\/lenny\\\/\"}]}<\/script>\n<!-- \/ Yoast SEO plugin. -->","yoast_head_json":{"title":"La Corte de Justicia de Salta confirm\u00f3 que debe aplicarse la salud intercultural - Diario Digital Femenino","description":"La Corte de Justicia de Salta rechaz\u00f3 el pedido de nulidad del Ejecutivo provincial y ponder\u00f3 el inter\u00e9s superior de ni\u00f1os, ni\u00f1as y adolescentes.","robots":{"index":"index","follow":"follow","max-snippet":"max-snippet:-1","max-image-preview":"max-image-preview:large","max-video-preview":"max-video-preview:-1"},"canonical":"https:\/\/diariofemenino.com.ar\/df\/la-corte-de-justicia-de-salta-confirmo-que-debe-aplicarse-la-salud-intercultural\/","og_locale":"es_ES","og_type":"article","og_title":"La Corte de Justicia de Salta confirm\u00f3 que debe aplicarse la salud intercultural - Diario Digital Femenino","og_description":"La Corte de Justicia de Salta rechaz\u00f3 el pedido de nulidad del Ejecutivo provincial y ponder\u00f3 el inter\u00e9s superior de ni\u00f1os, ni\u00f1as y adolescentes.","og_url":"https:\/\/diariofemenino.com.ar\/df\/la-corte-de-justicia-de-salta-confirmo-que-debe-aplicarse-la-salud-intercultural\/","og_site_name":"Diario Digital Femenino","article_publisher":"https:\/\/www.facebook.com\/DiarioDigitaFemenino\/","article_published_time":"2022-07-23T11:53:20+00:00","og_image":[{"width":960,"height":640,"url":"https:\/\/diariofemenino.com.ar\/df\/wp-content\/uploads\/2022\/07\/590844-salud-20intercultural.jpg","type":"image\/jpeg"}],"author":"Admin","twitter_card":"summary_large_image","twitter_creator":"@DiarioFemenino1","twitter_site":"@DiarioFemenino1","twitter_misc":{"Escrito por":"Admin","Tiempo de lectura":"5 minutos"},"schema":{"@context":"https:\/\/schema.org","@graph":[{"@type":"Article","@id":"https:\/\/diariofemenino.com.ar\/df\/la-corte-de-justicia-de-salta-confirmo-que-debe-aplicarse-la-salud-intercultural\/#article","isPartOf":{"@id":"https:\/\/diariofemenino.com.ar\/df\/la-corte-de-justicia-de-salta-confirmo-que-debe-aplicarse-la-salud-intercultural\/"},"author":{"name":"Admin","@id":"https:\/\/diariofemenino.com.ar\/df\/#\/schema\/person\/bf6199e8158c657ea6f789b11ec85509"},"headline":"La Corte de Justicia de Salta confirm\u00f3 que debe aplicarse la salud intercultural","datePublished":"2022-07-23T11:53:20+00:00","mainEntityOfPage":{"@id":"https:\/\/diariofemenino.com.ar\/df\/la-corte-de-justicia-de-salta-confirmo-que-debe-aplicarse-la-salud-intercultural\/"},"wordCount":916,"commentCount":0,"publisher":{"@id":"https:\/\/diariofemenino.com.ar\/df\/#organization"},"image":{"@id":"https:\/\/diariofemenino.com.ar\/df\/la-corte-de-justicia-de-salta-confirmo-que-debe-aplicarse-la-salud-intercultural\/#primaryimage"},"thumbnailUrl":"https:\/\/diariofemenino.com.ar\/df\/wp-content\/uploads\/2022\/07\/590844-salud-20intercultural.jpg","keywords":["Comunidades originarias","Corte de Justicia","Destacada","Facilitadores culturales","Nulidad","Salta"],"articleSection":["Art\u00edculos y Comunicados","Azul Profundo","G\u00e9nero y Derechos Humanos"],"inLanguage":"es","potentialAction":[{"@type":"CommentAction","name":"Comment","target":["https:\/\/diariofemenino.com.ar\/df\/la-corte-de-justicia-de-salta-confirmo-que-debe-aplicarse-la-salud-intercultural\/#respond"]}]},{"@type":"WebPage","@id":"https:\/\/diariofemenino.com.ar\/df\/la-corte-de-justicia-de-salta-confirmo-que-debe-aplicarse-la-salud-intercultural\/","url":"https:\/\/diariofemenino.com.ar\/df\/la-corte-de-justicia-de-salta-confirmo-que-debe-aplicarse-la-salud-intercultural\/","name":"La Corte de Justicia de Salta confirm\u00f3 que debe aplicarse la salud intercultural - Diario Digital Femenino","isPartOf":{"@id":"https:\/\/diariofemenino.com.ar\/df\/#website"},"primaryImageOfPage":{"@id":"https:\/\/diariofemenino.com.ar\/df\/la-corte-de-justicia-de-salta-confirmo-que-debe-aplicarse-la-salud-intercultural\/#primaryimage"},"image":{"@id":"https:\/\/diariofemenino.com.ar\/df\/la-corte-de-justicia-de-salta-confirmo-que-debe-aplicarse-la-salud-intercultural\/#primaryimage"},"thumbnailUrl":"https:\/\/diariofemenino.com.ar\/df\/wp-content\/uploads\/2022\/07\/590844-salud-20intercultural.jpg","datePublished":"2022-07-23T11:53:20+00:00","description":"La Corte de Justicia de Salta rechaz\u00f3 el pedido de nulidad del Ejecutivo provincial y ponder\u00f3 el inter\u00e9s superior de ni\u00f1os, ni\u00f1as y adolescentes.","breadcrumb":{"@id":"https:\/\/diariofemenino.com.ar\/df\/la-corte-de-justicia-de-salta-confirmo-que-debe-aplicarse-la-salud-intercultural\/#breadcrumb"},"inLanguage":"es","potentialAction":[{"@type":"ReadAction","target":["https:\/\/diariofemenino.com.ar\/df\/la-corte-de-justicia-de-salta-confirmo-que-debe-aplicarse-la-salud-intercultural\/"]}]},{"@type":"ImageObject","inLanguage":"es","@id":"https:\/\/diariofemenino.com.ar\/df\/la-corte-de-justicia-de-salta-confirmo-que-debe-aplicarse-la-salud-intercultural\/#primaryimage","url":"https:\/\/diariofemenino.com.ar\/df\/wp-content\/uploads\/2022\/07\/590844-salud-20intercultural.jpg","contentUrl":"https:\/\/diariofemenino.com.ar\/df\/wp-content\/uploads\/2022\/07\/590844-salud-20intercultural.jpg","width":960,"height":640,"caption":"La Corte de Justicia de Salta confirm\u00f3 que debe aplicarse la salud intercultural"},{"@type":"BreadcrumbList","@id":"https:\/\/diariofemenino.com.ar\/df\/la-corte-de-justicia-de-salta-confirmo-que-debe-aplicarse-la-salud-intercultural\/#breadcrumb","itemListElement":[{"@type":"ListItem","position":1,"name":"Portada","item":"https:\/\/diariofemenino.com.ar\/df\/"},{"@type":"ListItem","position":2,"name":"La Corte de Justicia de Salta confirm\u00f3 que debe aplicarse la salud intercultural"}]},{"@type":"WebSite","@id":"https:\/\/diariofemenino.com.ar\/df\/#website","url":"https:\/\/diariofemenino.com.ar\/df\/","name":"Diario Digital Femenino","description":"Cuesti\u00f3n de G\u00e9nero","publisher":{"@id":"https:\/\/diariofemenino.com.ar\/df\/#organization"},"potentialAction":[{"@type":"SearchAction","target":{"@type":"EntryPoint","urlTemplate":"https:\/\/diariofemenino.com.ar\/df\/?s={search_term_string}"},"query-input":{"@type":"PropertyValueSpecification","valueRequired":true,"valueName":"search_term_string"}}],"inLanguage":"es"},{"@type":"Organization","@id":"https:\/\/diariofemenino.com.ar\/df\/#organization","name":"Diario Femenino","url":"https:\/\/diariofemenino.com.ar\/df\/","logo":{"@type":"ImageObject","inLanguage":"es","@id":"https:\/\/diariofemenino.com.ar\/df\/#\/schema\/logo\/image\/","url":"https:\/\/diariofemenino.com.ar\/df\/wp-content\/uploads\/2018\/10\/logo.png","contentUrl":"https:\/\/diariofemenino.com.ar\/df\/wp-content\/uploads\/2018\/10\/logo.png","width":500,"height":92,"caption":"Diario Femenino"},"image":{"@id":"https:\/\/diariofemenino.com.ar\/df\/#\/schema\/logo\/image\/"},"sameAs":["https:\/\/www.facebook.com\/DiarioDigitaFemenino\/","https:\/\/x.com\/DiarioFemenino1"]},{"@type":"Person","@id":"https:\/\/diariofemenino.com.ar\/df\/#\/schema\/person\/bf6199e8158c657ea6f789b11ec85509","name":"Admin","image":{"@type":"ImageObject","inLanguage":"es","@id":"https:\/\/diariofemenino.com.ar\/df\/wp-content\/uploads\/2018\/12\/favicon-150x150.jpg","url":"https:\/\/diariofemenino.com.ar\/df\/wp-content\/uploads\/2018\/12\/favicon-150x150.jpg","contentUrl":"https:\/\/diariofemenino.com.ar\/df\/wp-content\/uploads\/2018\/12\/favicon-150x150.jpg","caption":"Admin"},"url":"https:\/\/diariofemenino.com.ar\/df\/author\/lenny\/"}]}},"jetpack_featured_media_url":"https:\/\/diariofemenino.com.ar\/df\/wp-content\/uploads\/2022\/07\/590844-salud-20intercultural.jpg","jetpack_sharing_enabled":true,"rttpg_featured_image_url":{"full":["https:\/\/diariofemenino.com.ar\/df\/wp-content\/uploads\/2022\/07\/590844-salud-20intercultural.jpg",960,640,false],"landscape":["https:\/\/diariofemenino.com.ar\/df\/wp-content\/uploads\/2022\/07\/590844-salud-20intercultural.jpg",960,640,false],"portraits":["https:\/\/diariofemenino.com.ar\/df\/wp-content\/uploads\/2022\/07\/590844-salud-20intercultural.jpg",960,640,false],"thumbnail":["https:\/\/diariofemenino.com.ar\/df\/wp-content\/uploads\/2022\/07\/590844-salud-20intercultural-150x150.jpg",150,150,true],"medium":["https:\/\/diariofemenino.com.ar\/df\/wp-content\/uploads\/2022\/07\/590844-salud-20intercultural-300x200.jpg",300,200,true],"large":["https:\/\/diariofemenino.com.ar\/df\/wp-content\/uploads\/2022\/07\/590844-salud-20intercultural.jpg",960,640,false],"1536x1536":["https:\/\/diariofemenino.com.ar\/df\/wp-content\/uploads\/2022\/07\/590844-salud-20intercultural.jpg",960,640,false],"2048x2048":["https:\/\/diariofemenino.com.ar\/df\/wp-content\/uploads\/2022\/07\/590844-salud-20intercultural.jpg",960,640,false]},"rttpg_author":{"display_name":"Admin","author_link":"https:\/\/diariofemenino.com.ar\/df\/author\/lenny\/"},"rttpg_comment":0,"rttpg_category":"<a href=\"https:\/\/diariofemenino.com.ar\/df\/category\/articulos-y-comunicados\/\" rel=\"category tag\">Art\u00edculos y Comunicados<\/a> <a href=\"https:\/\/diariofemenino.com.ar\/df\/category\/azul-profundo\/\" rel=\"category tag\">Azul Profundo<\/a> <a href=\"https:\/\/diariofemenino.com.ar\/df\/category\/genero-y-derechos-humanos\/\" rel=\"category tag\">G\u00e9nero y Derechos Humanos<\/a>","rttpg_excerpt":"Rechaz\u00f3 el pedido de nulidad del Ejecutivo provincial y ponder\u00f3 el inter\u00e9s superior de ni\u00f1os, ni\u00f1as y adolescentes. La demandante afirma que el gobierno salte\u00f1o sigue con los incumplimientos de la orden judicial. Por Laura Urbano La Corte de Justicia de Salta rechaz\u00f3 el pedido de nulidad que present\u00f3 el gobierno de Gustavo S\u00e1enz y&hellip;","_links":{"self":[{"href":"https:\/\/diariofemenino.com.ar\/df\/wp-json\/wp\/v2\/posts\/65737","targetHints":{"allow":["GET"]}}],"collection":[{"href":"https:\/\/diariofemenino.com.ar\/df\/wp-json\/wp\/v2\/posts"}],"about":[{"href":"https:\/\/diariofemenino.com.ar\/df\/wp-json\/wp\/v2\/types\/post"}],"author":[{"embeddable":true,"href":"https:\/\/diariofemenino.com.ar\/df\/wp-json\/wp\/v2\/users\/4"}],"replies":[{"embeddable":true,"href":"https:\/\/diariofemenino.com.ar\/df\/wp-json\/wp\/v2\/comments?post=65737"}],"version-history":[{"count":0,"href":"https:\/\/diariofemenino.com.ar\/df\/wp-json\/wp\/v2\/posts\/65737\/revisions"}],"wp:featuredmedia":[{"embeddable":true,"href":"https:\/\/diariofemenino.com.ar\/df\/wp-json\/wp\/v2\/media\/65739"}],"wp:attachment":[{"href":"https:\/\/diariofemenino.com.ar\/df\/wp-json\/wp\/v2\/media?parent=65737"}],"wp:term":[{"taxonomy":"category","embeddable":true,"href":"https:\/\/diariofemenino.com.ar\/df\/wp-json\/wp\/v2\/categories?post=65737"},{"taxonomy":"post_tag","embeddable":true,"href":"https:\/\/diariofemenino.com.ar\/df\/wp-json\/wp\/v2\/tags?post=65737"}],"curies":[{"name":"wp","href":"https:\/\/api.w.org\/{rel}","templated":true}]}}