{"id":65321,"date":"2022-07-07T23:16:21","date_gmt":"2022-07-08T02:16:21","guid":{"rendered":"https:\/\/diariofemenino.com.ar\/df\/?p=65321"},"modified":"2022-07-08T08:21:28","modified_gmt":"2022-07-08T11:21:28","slug":"derechos-humanos-genero-y-esi-en-la-escuela","status":"publish","type":"post","link":"https:\/\/diariofemenino.com.ar\/df\/derechos-humanos-genero-y-esi-en-la-escuela\/","title":{"rendered":"Derechos Humanos, G\u00e9nero y ESI en la escuela"},"content":{"rendered":"<p>Esta colecci\u00f3n en construcci\u00f3n ofrece un conjunto de lecturas, materiales y recursos para pensar y hacer escuela hoy, con el objetivo de acompa\u00f1ar la formaci\u00f3n de nuevas ciudadan\u00edas democr\u00e1ticas. Es una invitaci\u00f3n a reflexionar sobre las instituciones educativas, considerando que la escuela es la puerta de entrada a otros derechos, brindando algunos puntos de partida para la transmisi\u00f3n de contenidos sobre Derechos Humanos, G\u00e9nero y ESI en las aulas.<\/p>\n<p><em><strong><span style=\"color: #000080;\">Descargar cada t\u00edtulo en la imagen de portada.<\/span><\/strong><\/em><\/p>\n<table style=\"height: 5121px;\" width=\"764\">\n<tbody>\n<tr>\n<td width=\"623\">\n<p style=\"text-align: left;\"><strong>Derechos humanos<\/strong><br \/>\n<a href=\"https:\/\/diariofemenino.com.ar\/df\/wp-content\/uploads\/2022\/07\/DERECHOSHUMANOSINTERACTIVO15-12.pdf\"><img loading=\"lazy\" decoding=\"async\" class=\"wp-image-65324 alignleft\" src=\"https:\/\/diariofemenino.com.ar\/df\/wp-content\/uploads\/2022\/07\/DerechosHUmanos1.jpg\" alt=\"Derechos Humanos, G\u00e9nero y ESI en la escuela\" width=\"182\" height=\"253\" srcset=\"https:\/\/diariofemenino.com.ar\/df\/wp-content\/uploads\/2022\/07\/DerechosHUmanos1.jpg 408w, https:\/\/diariofemenino.com.ar\/df\/wp-content\/uploads\/2022\/07\/DerechosHUmanos1-215x300.jpg 215w\" sizes=\"auto, (max-width: 182px) 100vw, 182px\" \/><\/a><\/p>\n<p style=\"text-align: left;\">Este material asume el desaf\u00edo de presentar los derechos humanos como una construcci\u00f3n colectiva, con\u00a0disputas permanentes sobre su significado y alcance. Una propuesta que invita a pensar\u00a0y\u00a0ense\u00f1ar sobre nuestro propio estatuto como sujetos de derecho y\u00a0nuestra historia como ciudadanas y ciudadanos en la escuela.<\/p>\n<\/td>\n<\/tr>\n<tr>\n<td width=\"623\">\n<p style=\"text-align: left;\"><strong>G\u00e9nero<\/strong><br \/>\n<a href=\"https:\/\/diariofemenino.com.ar\/df\/wp-content\/uploads\/2022\/07\/GENEROINTERACTIVO26-12.pdf\"><img loading=\"lazy\" decoding=\"async\" class=\"wp-image-65327 alignleft\" src=\"https:\/\/diariofemenino.com.ar\/df\/wp-content\/uploads\/2022\/07\/G\u00e9nero1.jpg\" alt=\"Derechos Humanos, G\u00e9nero y ESI en la escuela\" width=\"182\" height=\"255\" srcset=\"https:\/\/diariofemenino.com.ar\/df\/wp-content\/uploads\/2022\/07\/G\u00e9nero1.jpg 409w, https:\/\/diariofemenino.com.ar\/df\/wp-content\/uploads\/2022\/07\/G\u00e9nero1-214x300.jpg 214w\" sizes=\"auto, (max-width: 182px) 100vw, 182px\" \/><\/a><\/p>\n<p style=\"text-align: left;\">\u00bfC\u00f3mo abordar la educaci\u00f3n desde una perspectiva de g\u00e9nero? Estudios\u00a0y experiencias que abordan este cruce para pensar los estereotipos\u00a0presentes en las escuelas y en la sociedad. A partir de conceptos te\u00f3ricos y actividades para el\u00a0aula, este material invita\u00a0a pensar y trabajar el g\u00e9nero desde una perspectiva de derechos.<br \/>\n<strong><br \/>\n<\/strong><\/p>\n<\/td>\n<\/tr>\n<tr>\n<td width=\"623\"><strong>Educaci\u00f3n Sexual Integral<br \/>\n<\/strong><a href=\"https:\/\/diariofemenino.com.ar\/df\/wp-content\/uploads\/2022\/07\/ESIINTERACTIVO29-12.pdf\"><img loading=\"lazy\" decoding=\"async\" class=\"alignleft wp-image-65329\" src=\"https:\/\/diariofemenino.com.ar\/df\/wp-content\/uploads\/2022\/07\/Educaci\u00f3nSexualIntegral1.jpg\" alt=\"\" width=\"182\" height=\"257\" srcset=\"https:\/\/diariofemenino.com.ar\/df\/wp-content\/uploads\/2022\/07\/Educaci\u00f3nSexualIntegral1.jpg 409w, https:\/\/diariofemenino.com.ar\/df\/wp-content\/uploads\/2022\/07\/Educaci\u00f3nSexualIntegral1-213x300.jpg 213w\" sizes=\"auto, (max-width: 182px) 100vw, 182px\" \/><\/a>&nbsp;<\/p>\n<p>\u00bfDe qu\u00e9 hablamos cuando decimos Educaci\u00f3n Sexual Integral? \u00bfQu\u00e9 desaf\u00edos asume la integralidad? En este n\u00famero de la\u00a0<strong>colecci\u00f3n\u00a0Derechos Humanos, G\u00e9nero y ESI en la escuela\u00a0<\/strong>encontrar\u00e1n una serie de actividades para trabajar en el aula y un marco te\u00f3rico para pensar ESI.<\/td>\n<\/tr>\n<tr>\n<td width=\"623\">\n<p class=\"mt-3 fw-bold\"><strong>Cuidados<\/strong><a href=\"https:\/\/diariofemenino.com.ar\/df\/wp-content\/uploads\/2022\/07\/CUIDADOSINTERACTIVO26-12.pdf\"><br \/>\n<img loading=\"lazy\" decoding=\"async\" class=\"alignleft wp-image-65335\" src=\"https:\/\/diariofemenino.com.ar\/df\/wp-content\/uploads\/2022\/07\/Cuidados1-213x300.jpg\" alt=\"\" width=\"182\" height=\"256\" srcset=\"https:\/\/diariofemenino.com.ar\/df\/wp-content\/uploads\/2022\/07\/Cuidados1-213x300.jpg 213w, https:\/\/diariofemenino.com.ar\/df\/wp-content\/uploads\/2022\/07\/Cuidados1.jpg 405w\" sizes=\"auto, (max-width: 182px) 100vw, 182px\" \/><\/a><\/p>\n<p>El cuidado como constitutivo de la formaci\u00f3n de nuevas ciudadan\u00edas: este\u00a0concepto en construcci\u00f3n\u00a0retoma una zona de comunicaci\u00f3n entre educaci\u00f3n y salud, pero\u00a0trasciende sus fronteras. Un recorrido por diferentes miradas sobre las pr\u00e1cticas de cuidado y una serie de actividades que destacan el rol de la escuela como un \u00e1mbito de promoci\u00f3n y protecci\u00f3n de derechos de ni\u00f1as, ni\u00f1os y adolescentes.<\/td>\n<\/tr>\n<tr>\n<td width=\"623\">\n<p class=\"mt-3 fw-bold\"><strong>Derechos de ni\u00f1as, ni\u00f1os y adolescentes<\/strong><\/p>\n<p class=\"mt-3 fw-bold\"><a href=\"https:\/\/diariofemenino.com.ar\/df\/wp-content\/uploads\/2022\/07\/NNyAINTERACTIVO29-12.pdf\"><img loading=\"lazy\" decoding=\"async\" class=\"alignleft size-medium wp-image-65338\" src=\"https:\/\/diariofemenino.com.ar\/df\/wp-content\/uploads\/2022\/07\/Derechos1-216x300.jpg\" alt=\"\" width=\"216\" height=\"300\" srcset=\"https:\/\/diariofemenino.com.ar\/df\/wp-content\/uploads\/2022\/07\/Derechos1-216x300.jpg 216w, https:\/\/diariofemenino.com.ar\/df\/wp-content\/uploads\/2022\/07\/Derechos1.jpg 409w\" sizes=\"auto, (max-width: 216px) 100vw, 216px\" \/><\/a><\/p>\n<p>Este material plantea una pregunta central para la educaci\u00f3n en clave de Derechos: \u00bfQu\u00e9 entendemos por ni\u00f1as, ni\u00f1os y adolescentes? \u00bfC\u00f3mo ha cambiado a lo largo del tiempo esta concepci\u00f3n? Se trata de una invitaci\u00f3n a incorporar e interrogar este enfoque en nuestras pr\u00e1cticas docentes cotidianas, a desnaturalizar y visibilizar las miradas que tenemos sobre nuestras y nuestros estudiantes, y a considerarlas y considerarlos como sujetos de derecho activos, con quienes trabajamos cotidianamente para construir ciudadan\u00eda en el mundo contempor\u00e1neo.<\/td>\n<\/tr>\n<tr>\n<td width=\"623\">\n<p class=\"mt-3 fw-bold\"><strong>Literaturas<\/strong><\/p>\n<p><a href=\"https:\/\/diariofemenino.com.ar\/df\/wp-content\/uploads\/2022\/07\/LITERATURAINTERACTIVO30-12.pdf\"><img loading=\"lazy\" decoding=\"async\" class=\"alignleft wp-image-65340\" src=\"https:\/\/diariofemenino.com.ar\/df\/wp-content\/uploads\/2022\/07\/Literaturas1-214x300.jpg\" alt=\"\" width=\"182\" height=\"255\" srcset=\"https:\/\/diariofemenino.com.ar\/df\/wp-content\/uploads\/2022\/07\/Literaturas1-214x300.jpg 214w, https:\/\/diariofemenino.com.ar\/df\/wp-content\/uploads\/2022\/07\/Literaturas1.jpg 411w\" sizes=\"auto, (max-width: 182px) 100vw, 182px\" \/><\/a><\/p>\n<p>Este material asume el desaf\u00edo de presentar las literaturas en clave de derechos, donde acontecen disputas permanentes sobre sus significados y alcances. Se trata de una propuesta que invita a pensar, a comprender y a transmitir las literaturas a las nuevas generaciones en las escuelas.<\/td>\n<\/tr>\n<tr>\n<td width=\"623\">\n<p class=\"mt-3 fw-bold\">Tecnolog\u00edas digitales<\/p>\n<p><a href=\"https:\/\/diariofemenino.com.ar\/df\/wp-content\/uploads\/2022\/07\/TECNOLOGIASINTERACTIVO30-12.pdf\"><img loading=\"lazy\" decoding=\"async\" class=\"alignleft wp-image-65343\" src=\"https:\/\/diariofemenino.com.ar\/df\/wp-content\/uploads\/2022\/07\/Tecnolog\u00edas1-213x300.jpg\" alt=\"\" width=\"182\" height=\"256\" srcset=\"https:\/\/diariofemenino.com.ar\/df\/wp-content\/uploads\/2022\/07\/Tecnolog\u00edas1-213x300.jpg 213w, https:\/\/diariofemenino.com.ar\/df\/wp-content\/uploads\/2022\/07\/Tecnolog\u00edas1.jpg 411w\" sizes=\"auto, (max-width: 182px) 100vw, 182px\" \/><\/a><\/p>\n<p>\u00bfC\u00f3mo entender las tecnolog\u00edas en clave de derechos? Este material es una invitaci\u00f3n a recorrer la historia de las tecnolog\u00edas para pensarlas desde el presente. \u00bfC\u00f3mo pensar las tecnolog\u00edas en las escuelas? Aqu\u00ed encontrar\u00e1n diferentes propuestas para el aula y un marco te\u00f3rico para abordar el tema, los y las invitamos a que lo recorran.<\/td>\n<\/tr>\n<tr>\n<td width=\"623\">\n<p class=\"mt-3 fw-bold\"><strong>Ambiente<br \/>\n<\/strong><\/p>\n<p><a href=\"https:\/\/diariofemenino.com.ar\/df\/wp-content\/uploads\/2022\/07\/AMBIENTEINTERACTIVO30-12.pdf\"><img loading=\"lazy\" decoding=\"async\" class=\"alignleft wp-image-65345\" src=\"https:\/\/diariofemenino.com.ar\/df\/wp-content\/uploads\/2022\/07\/Ambiente1-210x300.jpg\" alt=\"\" width=\"182\" height=\"260\" srcset=\"https:\/\/diariofemenino.com.ar\/df\/wp-content\/uploads\/2022\/07\/Ambiente1-210x300.jpg 210w, https:\/\/diariofemenino.com.ar\/df\/wp-content\/uploads\/2022\/07\/Ambiente1.jpg 406w\" sizes=\"auto, (max-width: 182px) 100vw, 182px\" \/><\/a><\/p>\n<p>Este material invita a reflexionar sobre el ambiente en la escuela con el objetivo de acompa\u00f1ar y aportar a la construcci\u00f3n de instituciones educativas comprometidas con la educaci\u00f3n ambiental, que sean garantes y promotoras de derechos. Desde un abordaje pedag\u00f3gico y democr\u00e1tico se actualizan debates, recorridos te\u00f3ricos y casos de estudio sobre problem\u00e1ticas ambientales.<\/td>\n<\/tr>\n<tr>\n<td width=\"623\">\n<p class=\"mt-3 fw-bold\">Identidades<\/p>\n<p><a href=\"https:\/\/diariofemenino.com.ar\/df\/wp-content\/uploads\/2022\/07\/IDENTIDADESINTERACTIVO28-12.pdf\"><img loading=\"lazy\" decoding=\"async\" class=\"alignleft size-medium wp-image-65346\" src=\"https:\/\/diariofemenino.com.ar\/df\/wp-content\/uploads\/2022\/07\/Identidades1-211x300.jpg\" alt=\"\" width=\"211\" height=\"300\" srcset=\"https:\/\/diariofemenino.com.ar\/df\/wp-content\/uploads\/2022\/07\/Identidades1-211x300.jpg 211w, https:\/\/diariofemenino.com.ar\/df\/wp-content\/uploads\/2022\/07\/Identidades1.jpg 370w\" sizes=\"auto, (max-width: 211px) 100vw, 211px\" \/><\/a><\/p>\n<p>Este material se propone reflexionar sobre la construcci\u00f3n de la identidad y de las identidades en el marco de la escuela, desde una perspectiva transversal. Tomando como punto de partida la concepci\u00f3n de la identidad como derecho, se analizan las m\u00faltiples dimensiones, genealog\u00edas y debates que atraviesan este concepto.<\/td>\n<\/tr>\n<tr>\n<td width=\"623\">\n<p class=\"mt-3 fw-bold\">Pensar las diferencias<\/p>\n<p><a href=\"https:\/\/diariofemenino.com.ar\/df\/wp-content\/uploads\/2022\/07\/OTREDADESINTERACTIVO29-12.pdf\"><img loading=\"lazy\" decoding=\"async\" class=\"alignleft wp-image-65348\" src=\"https:\/\/diariofemenino.com.ar\/df\/wp-content\/uploads\/2022\/07\/Diferencias1-218x300.jpg\" alt=\"\" width=\"182\" height=\"250\" srcset=\"https:\/\/diariofemenino.com.ar\/df\/wp-content\/uploads\/2022\/07\/Diferencias1-218x300.jpg 218w, https:\/\/diariofemenino.com.ar\/df\/wp-content\/uploads\/2022\/07\/Diferencias1.jpg 417w\" sizes=\"auto, (max-width: 182px) 100vw, 182px\" \/><\/a><\/p>\n<p>Este material se propone el desaf\u00edo de pensar las diferencias en la escuela, como un modo de reflexionar sobre la vida en com\u00fan, la formaci\u00f3n de las nuevas ciudadan\u00edas democr\u00e1ticas basadas en el respeto, la lucha contra todas las formas de discriminaci\u00f3n y racismo, y el derecho a la educaci\u00f3n de todas las personas. Los y las invitamos a recorrer el material, el cual incluye\u00a0 una serie de propuestas para el aula.<\/td>\n<\/tr>\n<tr>\n<td width=\"623\">\n<p class=\"mt-3 fw-bold\">Autoridades que habilitan<\/p>\n<p><a href=\"https:\/\/diariofemenino.com.ar\/df\/wp-content\/uploads\/2022\/07\/AUTORIDADESINTERACTIVO26-12.pdf\"><img loading=\"lazy\" decoding=\"async\" class=\"alignleft size-medium wp-image-65350\" src=\"https:\/\/diariofemenino.com.ar\/df\/wp-content\/uploads\/2022\/07\/Autoridades1-211x300.jpg\" alt=\"\" width=\"211\" height=\"300\" srcset=\"https:\/\/diariofemenino.com.ar\/df\/wp-content\/uploads\/2022\/07\/Autoridades1-211x300.jpg 211w, https:\/\/diariofemenino.com.ar\/df\/wp-content\/uploads\/2022\/07\/Autoridades1.jpg 407w\" sizes=\"auto, (max-width: 211px) 100vw, 211px\" \/><\/a><\/p>\n<p>Proponemos repensar la autoridad pedag\u00f3gica\u00a0a partir de nuevos desaf\u00edos en las formas de abordarla y construirla, en una perspectiva de derechos que nos permita fortalecer pr\u00e1cticas democr\u00e1ticas contempor\u00e1neas en torno a la ense\u00f1anza y la convivencia. Invitamos a recorrer este material con propuestas concretas para el trabajo en las aulas.<\/td>\n<\/tr>\n<tr>\n<td width=\"623\">\n<p class=\"mt-3 fw-bold\">Memorias<\/p>\n<p><a href=\"https:\/\/diariofemenino.com.ar\/df\/wp-content\/uploads\/2022\/07\/MEMORIAINTERACTIVO29-12.pdf\"><img loading=\"lazy\" decoding=\"async\" class=\"alignleft wp-image-65353\" src=\"https:\/\/diariofemenino.com.ar\/df\/wp-content\/uploads\/2022\/07\/Memorias1-213x300.jpg\" alt=\"\" width=\"182\" height=\"256\" srcset=\"https:\/\/diariofemenino.com.ar\/df\/wp-content\/uploads\/2022\/07\/Memorias1-213x300.jpg 213w, https:\/\/diariofemenino.com.ar\/df\/wp-content\/uploads\/2022\/07\/Memorias1.jpg 409w\" sizes=\"auto, (max-width: 182px) 100vw, 182px\" \/><\/a>\u00a0\u00bfQu\u00e9 significa hablar de memoria? La noci\u00f3n de memoria es contenido ineludible para pensar en la formaci\u00f3n de ciudadan\u00edas democr\u00e1ticas en nuestras escuelas. \u00bfQu\u00e9 v\u00ednculo existe entre memoria y Derechos Humanos? \u00bfC\u00f3mo se construy\u00f3 la memoria en nuestra experiencia democr\u00e1tica reciente? Este material es una invitaci\u00f3n a pensar el pasado reciente desde la pedagog\u00eda de la memoria. Se trata de una propuesta para recorrer el pasado desde el presente con la idea de construcci\u00f3n de futuro.<\/td>\n<\/tr>\n<tr>\n<td width=\"623\">\n<p class=\"mt-3 fw-bold\">Leer im\u00e1genes<\/p>\n<p><a href=\"https:\/\/diariofemenino.com.ar\/df\/wp-content\/uploads\/2022\/07\/IMAGENES29-12INTERACTIVO.pdf\"><img loading=\"lazy\" decoding=\"async\" class=\"alignleft wp-image-65357\" src=\"https:\/\/diariofemenino.com.ar\/df\/wp-content\/uploads\/2022\/07\/Im\u00e1genes1-213x300.jpg\" alt=\"\" width=\"182\" height=\"256\" srcset=\"https:\/\/diariofemenino.com.ar\/df\/wp-content\/uploads\/2022\/07\/Im\u00e1genes1-213x300.jpg 213w, https:\/\/diariofemenino.com.ar\/df\/wp-content\/uploads\/2022\/07\/Im\u00e1genes1.jpg 409w\" sizes=\"auto, (max-width: 182px) 100vw, 182px\" \/><\/a><\/p>\n<p>Este material plantea una pregunta central para la educaci\u00f3n: \u00bfQu\u00e9 es una imagen y qu\u00e9 relaciones podemos establecer entre im\u00e1genes y escuela? La escuela es la posibilidad de mirar juntas\/os, de educar la mirada y de reflexionar sobre aquello que nos produce y nos provoca. A partir de diferentes propuestas para el aula, y un marco te\u00f3rico, los y las invitamos a que lo recorran.<\/td>\n<\/tr>\n<tr>\n<td width=\"623\">\n<p class=\"mt-3 fw-bold\">Juventudes<\/p>\n<p><a href=\"https:\/\/diariofemenino.com.ar\/df\/wp-content\/uploads\/2022\/07\/JUVENTUDESINTERACTIVO27-12.pdf\"><img loading=\"lazy\" decoding=\"async\" class=\"alignleft wp-image-65358\" src=\"https:\/\/diariofemenino.com.ar\/df\/wp-content\/uploads\/2022\/07\/Juventudes1-212x300.jpg\" alt=\"\" width=\"182\" height=\"258\" srcset=\"https:\/\/diariofemenino.com.ar\/df\/wp-content\/uploads\/2022\/07\/Juventudes1-212x300.jpg 212w, https:\/\/diariofemenino.com.ar\/df\/wp-content\/uploads\/2022\/07\/Juventudes1.jpg 409w\" sizes=\"auto, (max-width: 182px) 100vw, 182px\" \/><\/a><\/p>\n<p>\u00bfC\u00f3mo entender las juventudes desde un marco de derechos? Este material es una invitaci\u00f3n a recorrer las juventudes en la historia argentina para pensarlas desde el presente. \u00bfQu\u00e9 implica pensar las juventudes en la escuela? Aqu\u00ed encontrar\u00e1n diferentes propuestas para el aula y un marco te\u00f3rico para abordar el tema, los y las invitamos a que lo recorran.<\/td>\n<\/tr>\n<tr>\n<td width=\"623\">\n<p class=\"mt-3 fw-bold\">Interculturalidad<\/p>\n<p><a href=\"https:\/\/diariofemenino.com.ar\/df\/wp-content\/uploads\/2022\/07\/INTERCULTURALIDADINTERACTIVO28-12.pdf\"><img loading=\"lazy\" decoding=\"async\" class=\"alignleft wp-image-65360\" src=\"https:\/\/diariofemenino.com.ar\/df\/wp-content\/uploads\/2022\/07\/Interculturalidad1-214x300.jpg\" alt=\"\" width=\"182\" height=\"255\" srcset=\"https:\/\/diariofemenino.com.ar\/df\/wp-content\/uploads\/2022\/07\/Interculturalidad1-214x300.jpg 214w, https:\/\/diariofemenino.com.ar\/df\/wp-content\/uploads\/2022\/07\/Interculturalidad1.jpg 405w\" sizes=\"auto, (max-width: 182px) 100vw, 182px\" \/><\/a><\/p>\n<p>Este material se propone abordar la interculturalidad como proceso, perspectiva y proyecto a construir, en tanto aspira a que se produzca en t\u00e9rminos de respeto y valoraci\u00f3n de la diversidad. De este modo, busca acompa\u00f1ar y aportar en la construcci\u00f3n de instituciones educativas que sean garantes y promotoras de derechos, para una ciudadan\u00eda democr\u00e1tica y diversa.<\/td>\n<\/tr>\n<\/tbody>\n<\/table>\n<p>&nbsp;<\/p>\n<p><a href=\"https:\/\/www.educ.ar\/recursos\/\">Plataforma<\/a> <a href=\"https:\/\/www.educ.ar\/\">Contar<\/a><\/p>\n<p>Suscribite a nuestro NewsLetter semanal:\u00a0<a href=\"mailto:DiarioDigital.Femenino@gmail.com\">DiarioDigital.Femenino@gmail.com<\/a><\/p>\n<p>&nbsp;<\/p>\n","protected":false},"excerpt":{"rendered":"<p>Esta colecci\u00f3n en construcci\u00f3n ofrece un conjunto de lecturas, materiales y recursos para pensar y hacer escuela hoy, con el objetivo de acompa\u00f1ar la formaci\u00f3n de nuevas ciudadan\u00edas democr\u00e1ticas. Es una invitaci\u00f3n a reflexionar sobre las instituciones educativas, considerando que la escuela es la puerta de entrada a otros derechos, brindando algunos puntos de partida [&hellip;]<\/p>\n","protected":false},"author":4,"featured_media":65355,"comment_status":"open","ping_status":"open","sticky":false,"template":"","format":"standard","meta":{"iawp_total_views":2671,"footnotes":""},"categories":[7,581,19,9,627,78],"tags":[5352,5354,366,1963,30,172,616,4005,5348,5357,5356,5351,5350,5355,5353,1975,5222],"class_list":["post-65321","post","type-post","status-publish","format-standard","has-post-thumbnail","hentry","category-actividades","category-azul-profundo","category-biblioteca","category-de-esi-si-se-habla","category-genero-y-derechos-humanos","category-guias","tag-ambiente","tag-autoridades-que-habilitan","tag-cuidados","tag-derechos-de-ninas-ninos-y-adolescentes","tag-derechos-humanos","tag-educacion-sexual-integral","tag-genero","tag-identidades","tag-interculturalidad","tag-juventudes","tag-leer-imagenes","tag-literaturas","tag-materiales","tag-memorias","tag-pensar-las-diferencias","tag-recursos","tag-tecnologias-digitales"],"nelio_content":{"autoShareEndMode":"never","automationSources":{"useCustomSentences":false,"customSentences":[]},"efiAlt":"","efiUrl":"","followers":[4],"highlights":[],"isAutoShareEnabled":true,"networkImageIds":[],"permalinkQueryArgs":[],"series":[],"suggestedReferences":[]},"yoast_head":"<!-- This site is optimized with the Yoast SEO plugin v27.5 - https:\/\/yoast.com\/product\/yoast-seo-wordpress\/ -->\n<title>Derechos Humanos, G\u00e9nero y ESI en la escuela - Diario Digital Femenino<\/title>\n<meta name=\"description\" content=\"Derechos Humanos. Materiales y recursos para pensar y hacer escuela hoy, con el objetivo de acompa\u00f1ar la formaci\u00f3n de nuevas ciudadan\u00edas democr\u00e1ticas.\" \/>\n<meta name=\"robots\" content=\"index, follow, max-snippet:-1, max-image-preview:large, max-video-preview:-1\" \/>\n<link rel=\"canonical\" href=\"https:\/\/diariofemenino.com.ar\/df\/derechos-humanos-genero-y-esi-en-la-escuela\/\" \/>\n<meta property=\"og:locale\" content=\"es_ES\" \/>\n<meta property=\"og:type\" content=\"article\" \/>\n<meta property=\"og:title\" content=\"Derechos Humanos, G\u00e9nero y ESI en la escuela - Diario Digital Femenino\" \/>\n<meta property=\"og:description\" content=\"Derechos Humanos. Materiales y recursos para pensar y hacer escuela hoy, con el objetivo de acompa\u00f1ar la formaci\u00f3n de nuevas ciudadan\u00edas democr\u00e1ticas.\" \/>\n<meta property=\"og:url\" content=\"https:\/\/diariofemenino.com.ar\/df\/derechos-humanos-genero-y-esi-en-la-escuela\/\" \/>\n<meta property=\"og:site_name\" content=\"Diario Digital Femenino\" \/>\n<meta property=\"article:publisher\" content=\"https:\/\/www.facebook.com\/DiarioDigitaFemenino\/\" \/>\n<meta property=\"article:published_time\" content=\"2022-07-08T02:16:21+00:00\" \/>\n<meta property=\"article:modified_time\" content=\"2022-07-08T11:21:28+00:00\" \/>\n<meta property=\"og:image\" content=\"https:\/\/diariofemenino.com.ar\/df\/wp-content\/uploads\/2022\/07\/Portada-Contar.jpg\" \/>\n\t<meta property=\"og:image:width\" content=\"529\" \/>\n\t<meta property=\"og:image:height\" content=\"491\" \/>\n\t<meta property=\"og:image:type\" content=\"image\/jpeg\" \/>\n<meta name=\"author\" content=\"Admin\" \/>\n<meta name=\"twitter:card\" content=\"summary_large_image\" \/>\n<meta name=\"twitter:creator\" content=\"@DiarioFemenino1\" \/>\n<meta name=\"twitter:site\" content=\"@DiarioFemenino1\" \/>\n<meta name=\"twitter:label1\" content=\"Escrito por\" \/>\n\t<meta name=\"twitter:data1\" content=\"Admin\" \/>\n\t<meta name=\"twitter:label2\" content=\"Tiempo de lectura\" \/>\n\t<meta name=\"twitter:data2\" content=\"5 minutos\" \/>\n<script type=\"application\/ld+json\" class=\"yoast-schema-graph\">{\"@context\":\"https:\\\/\\\/schema.org\",\"@graph\":[{\"@type\":\"Article\",\"@id\":\"https:\\\/\\\/diariofemenino.com.ar\\\/df\\\/derechos-humanos-genero-y-esi-en-la-escuela\\\/#article\",\"isPartOf\":{\"@id\":\"https:\\\/\\\/diariofemenino.com.ar\\\/df\\\/derechos-humanos-genero-y-esi-en-la-escuela\\\/\"},\"author\":{\"name\":\"Admin\",\"@id\":\"https:\\\/\\\/diariofemenino.com.ar\\\/df\\\/#\\\/schema\\\/person\\\/bf6199e8158c657ea6f789b11ec85509\"},\"headline\":\"Derechos Humanos, G\u00e9nero y ESI en la escuela\",\"datePublished\":\"2022-07-08T02:16:21+00:00\",\"dateModified\":\"2022-07-08T11:21:28+00:00\",\"mainEntityOfPage\":{\"@id\":\"https:\\\/\\\/diariofemenino.com.ar\\\/df\\\/derechos-humanos-genero-y-esi-en-la-escuela\\\/\"},\"wordCount\":1104,\"commentCount\":0,\"publisher\":{\"@id\":\"https:\\\/\\\/diariofemenino.com.ar\\\/df\\\/#organization\"},\"image\":{\"@id\":\"https:\\\/\\\/diariofemenino.com.ar\\\/df\\\/derechos-humanos-genero-y-esi-en-la-escuela\\\/#primaryimage\"},\"thumbnailUrl\":\"https:\\\/\\\/diariofemenino.com.ar\\\/df\\\/wp-content\\\/uploads\\\/2022\\\/07\\\/Portada-Contar.jpg\",\"keywords\":[\"Ambiente\",\"Autoridades que habilitan\",\"Cuidados\",\"Derechos de ni\u00f1as ni\u00f1os y adolescentes\",\"Derechos Humanos\",\"Educaci\u00f3n Sexual Integral\",\"G\u00e9nero\",\"Identidades\",\"Interculturalidad\",\"Juventudes\",\"Leer im\u00e1genes\",\"Literaturas\",\"Materiales\",\"Memorias\",\"Pensar las diferencias\",\"Recursos\",\"Tecnolog\u00edas digitales\"],\"articleSection\":[\"Actividades\",\"Azul Profundo\",\"Biblioteca Virtual\",\"De ESI S\u00ed Se Habla\",\"G\u00e9nero y Derechos Humanos\",\"Gu\u00edas\"],\"inLanguage\":\"es\",\"potentialAction\":[{\"@type\":\"CommentAction\",\"name\":\"Comment\",\"target\":[\"https:\\\/\\\/diariofemenino.com.ar\\\/df\\\/derechos-humanos-genero-y-esi-en-la-escuela\\\/#respond\"]}]},{\"@type\":\"WebPage\",\"@id\":\"https:\\\/\\\/diariofemenino.com.ar\\\/df\\\/derechos-humanos-genero-y-esi-en-la-escuela\\\/\",\"url\":\"https:\\\/\\\/diariofemenino.com.ar\\\/df\\\/derechos-humanos-genero-y-esi-en-la-escuela\\\/\",\"name\":\"Derechos Humanos, G\u00e9nero y ESI en la escuela - Diario Digital Femenino\",\"isPartOf\":{\"@id\":\"https:\\\/\\\/diariofemenino.com.ar\\\/df\\\/#website\"},\"primaryImageOfPage\":{\"@id\":\"https:\\\/\\\/diariofemenino.com.ar\\\/df\\\/derechos-humanos-genero-y-esi-en-la-escuela\\\/#primaryimage\"},\"image\":{\"@id\":\"https:\\\/\\\/diariofemenino.com.ar\\\/df\\\/derechos-humanos-genero-y-esi-en-la-escuela\\\/#primaryimage\"},\"thumbnailUrl\":\"https:\\\/\\\/diariofemenino.com.ar\\\/df\\\/wp-content\\\/uploads\\\/2022\\\/07\\\/Portada-Contar.jpg\",\"datePublished\":\"2022-07-08T02:16:21+00:00\",\"dateModified\":\"2022-07-08T11:21:28+00:00\",\"description\":\"Derechos Humanos. Materiales y recursos para pensar y hacer escuela hoy, con el objetivo de acompa\u00f1ar la formaci\u00f3n de nuevas ciudadan\u00edas democr\u00e1ticas.\",\"breadcrumb\":{\"@id\":\"https:\\\/\\\/diariofemenino.com.ar\\\/df\\\/derechos-humanos-genero-y-esi-en-la-escuela\\\/#breadcrumb\"},\"inLanguage\":\"es\",\"potentialAction\":[{\"@type\":\"ReadAction\",\"target\":[\"https:\\\/\\\/diariofemenino.com.ar\\\/df\\\/derechos-humanos-genero-y-esi-en-la-escuela\\\/\"]}]},{\"@type\":\"ImageObject\",\"inLanguage\":\"es\",\"@id\":\"https:\\\/\\\/diariofemenino.com.ar\\\/df\\\/derechos-humanos-genero-y-esi-en-la-escuela\\\/#primaryimage\",\"url\":\"https:\\\/\\\/diariofemenino.com.ar\\\/df\\\/wp-content\\\/uploads\\\/2022\\\/07\\\/Portada-Contar.jpg\",\"contentUrl\":\"https:\\\/\\\/diariofemenino.com.ar\\\/df\\\/wp-content\\\/uploads\\\/2022\\\/07\\\/Portada-Contar.jpg\",\"width\":529,\"height\":491,\"caption\":\"Derechos Humanos, G\u00e9nero y ESI en la escuela\"},{\"@type\":\"BreadcrumbList\",\"@id\":\"https:\\\/\\\/diariofemenino.com.ar\\\/df\\\/derechos-humanos-genero-y-esi-en-la-escuela\\\/#breadcrumb\",\"itemListElement\":[{\"@type\":\"ListItem\",\"position\":1,\"name\":\"Portada\",\"item\":\"https:\\\/\\\/diariofemenino.com.ar\\\/df\\\/\"},{\"@type\":\"ListItem\",\"position\":2,\"name\":\"Derechos Humanos, G\u00e9nero y ESI en la escuela\"}]},{\"@type\":\"WebSite\",\"@id\":\"https:\\\/\\\/diariofemenino.com.ar\\\/df\\\/#website\",\"url\":\"https:\\\/\\\/diariofemenino.com.ar\\\/df\\\/\",\"name\":\"Diario Digital Femenino\",\"description\":\"Cuesti\u00f3n de G\u00e9nero\",\"publisher\":{\"@id\":\"https:\\\/\\\/diariofemenino.com.ar\\\/df\\\/#organization\"},\"potentialAction\":[{\"@type\":\"SearchAction\",\"target\":{\"@type\":\"EntryPoint\",\"urlTemplate\":\"https:\\\/\\\/diariofemenino.com.ar\\\/df\\\/?s={search_term_string}\"},\"query-input\":{\"@type\":\"PropertyValueSpecification\",\"valueRequired\":true,\"valueName\":\"search_term_string\"}}],\"inLanguage\":\"es\"},{\"@type\":\"Organization\",\"@id\":\"https:\\\/\\\/diariofemenino.com.ar\\\/df\\\/#organization\",\"name\":\"Diario Femenino\",\"url\":\"https:\\\/\\\/diariofemenino.com.ar\\\/df\\\/\",\"logo\":{\"@type\":\"ImageObject\",\"inLanguage\":\"es\",\"@id\":\"https:\\\/\\\/diariofemenino.com.ar\\\/df\\\/#\\\/schema\\\/logo\\\/image\\\/\",\"url\":\"https:\\\/\\\/diariofemenino.com.ar\\\/df\\\/wp-content\\\/uploads\\\/2018\\\/10\\\/logo.png\",\"contentUrl\":\"https:\\\/\\\/diariofemenino.com.ar\\\/df\\\/wp-content\\\/uploads\\\/2018\\\/10\\\/logo.png\",\"width\":500,\"height\":92,\"caption\":\"Diario Femenino\"},\"image\":{\"@id\":\"https:\\\/\\\/diariofemenino.com.ar\\\/df\\\/#\\\/schema\\\/logo\\\/image\\\/\"},\"sameAs\":[\"https:\\\/\\\/www.facebook.com\\\/DiarioDigitaFemenino\\\/\",\"https:\\\/\\\/x.com\\\/DiarioFemenino1\"]},{\"@type\":\"Person\",\"@id\":\"https:\\\/\\\/diariofemenino.com.ar\\\/df\\\/#\\\/schema\\\/person\\\/bf6199e8158c657ea6f789b11ec85509\",\"name\":\"Admin\",\"image\":{\"@type\":\"ImageObject\",\"inLanguage\":\"es\",\"@id\":\"https:\\\/\\\/diariofemenino.com.ar\\\/df\\\/wp-content\\\/uploads\\\/2018\\\/12\\\/favicon-150x150.jpg\",\"url\":\"https:\\\/\\\/diariofemenino.com.ar\\\/df\\\/wp-content\\\/uploads\\\/2018\\\/12\\\/favicon-150x150.jpg\",\"contentUrl\":\"https:\\\/\\\/diariofemenino.com.ar\\\/df\\\/wp-content\\\/uploads\\\/2018\\\/12\\\/favicon-150x150.jpg\",\"caption\":\"Admin\"},\"url\":\"https:\\\/\\\/diariofemenino.com.ar\\\/df\\\/author\\\/lenny\\\/\"}]}<\/script>\n<!-- \/ Yoast SEO plugin. -->","yoast_head_json":{"title":"Derechos Humanos, G\u00e9nero y ESI en la escuela - Diario Digital Femenino","description":"Derechos Humanos. Materiales y recursos para pensar y hacer escuela hoy, con el objetivo de acompa\u00f1ar la formaci\u00f3n de nuevas ciudadan\u00edas democr\u00e1ticas.","robots":{"index":"index","follow":"follow","max-snippet":"max-snippet:-1","max-image-preview":"max-image-preview:large","max-video-preview":"max-video-preview:-1"},"canonical":"https:\/\/diariofemenino.com.ar\/df\/derechos-humanos-genero-y-esi-en-la-escuela\/","og_locale":"es_ES","og_type":"article","og_title":"Derechos Humanos, G\u00e9nero y ESI en la escuela - Diario Digital Femenino","og_description":"Derechos Humanos. Materiales y recursos para pensar y hacer escuela hoy, con el objetivo de acompa\u00f1ar la formaci\u00f3n de nuevas ciudadan\u00edas democr\u00e1ticas.","og_url":"https:\/\/diariofemenino.com.ar\/df\/derechos-humanos-genero-y-esi-en-la-escuela\/","og_site_name":"Diario Digital Femenino","article_publisher":"https:\/\/www.facebook.com\/DiarioDigitaFemenino\/","article_published_time":"2022-07-08T02:16:21+00:00","article_modified_time":"2022-07-08T11:21:28+00:00","og_image":[{"width":529,"height":491,"url":"https:\/\/diariofemenino.com.ar\/df\/wp-content\/uploads\/2022\/07\/Portada-Contar.jpg","type":"image\/jpeg"}],"author":"Admin","twitter_card":"summary_large_image","twitter_creator":"@DiarioFemenino1","twitter_site":"@DiarioFemenino1","twitter_misc":{"Escrito por":"Admin","Tiempo de lectura":"5 minutos"},"schema":{"@context":"https:\/\/schema.org","@graph":[{"@type":"Article","@id":"https:\/\/diariofemenino.com.ar\/df\/derechos-humanos-genero-y-esi-en-la-escuela\/#article","isPartOf":{"@id":"https:\/\/diariofemenino.com.ar\/df\/derechos-humanos-genero-y-esi-en-la-escuela\/"},"author":{"name":"Admin","@id":"https:\/\/diariofemenino.com.ar\/df\/#\/schema\/person\/bf6199e8158c657ea6f789b11ec85509"},"headline":"Derechos Humanos, G\u00e9nero y ESI en la escuela","datePublished":"2022-07-08T02:16:21+00:00","dateModified":"2022-07-08T11:21:28+00:00","mainEntityOfPage":{"@id":"https:\/\/diariofemenino.com.ar\/df\/derechos-humanos-genero-y-esi-en-la-escuela\/"},"wordCount":1104,"commentCount":0,"publisher":{"@id":"https:\/\/diariofemenino.com.ar\/df\/#organization"},"image":{"@id":"https:\/\/diariofemenino.com.ar\/df\/derechos-humanos-genero-y-esi-en-la-escuela\/#primaryimage"},"thumbnailUrl":"https:\/\/diariofemenino.com.ar\/df\/wp-content\/uploads\/2022\/07\/Portada-Contar.jpg","keywords":["Ambiente","Autoridades que habilitan","Cuidados","Derechos de ni\u00f1as ni\u00f1os y adolescentes","Derechos Humanos","Educaci\u00f3n Sexual Integral","G\u00e9nero","Identidades","Interculturalidad","Juventudes","Leer im\u00e1genes","Literaturas","Materiales","Memorias","Pensar las diferencias","Recursos","Tecnolog\u00edas digitales"],"articleSection":["Actividades","Azul Profundo","Biblioteca Virtual","De ESI S\u00ed Se Habla","G\u00e9nero y Derechos Humanos","Gu\u00edas"],"inLanguage":"es","potentialAction":[{"@type":"CommentAction","name":"Comment","target":["https:\/\/diariofemenino.com.ar\/df\/derechos-humanos-genero-y-esi-en-la-escuela\/#respond"]}]},{"@type":"WebPage","@id":"https:\/\/diariofemenino.com.ar\/df\/derechos-humanos-genero-y-esi-en-la-escuela\/","url":"https:\/\/diariofemenino.com.ar\/df\/derechos-humanos-genero-y-esi-en-la-escuela\/","name":"Derechos Humanos, G\u00e9nero y ESI en la escuela - Diario Digital Femenino","isPartOf":{"@id":"https:\/\/diariofemenino.com.ar\/df\/#website"},"primaryImageOfPage":{"@id":"https:\/\/diariofemenino.com.ar\/df\/derechos-humanos-genero-y-esi-en-la-escuela\/#primaryimage"},"image":{"@id":"https:\/\/diariofemenino.com.ar\/df\/derechos-humanos-genero-y-esi-en-la-escuela\/#primaryimage"},"thumbnailUrl":"https:\/\/diariofemenino.com.ar\/df\/wp-content\/uploads\/2022\/07\/Portada-Contar.jpg","datePublished":"2022-07-08T02:16:21+00:00","dateModified":"2022-07-08T11:21:28+00:00","description":"Derechos Humanos. Materiales y recursos para pensar y hacer escuela hoy, con el objetivo de acompa\u00f1ar la formaci\u00f3n de nuevas ciudadan\u00edas democr\u00e1ticas.","breadcrumb":{"@id":"https:\/\/diariofemenino.com.ar\/df\/derechos-humanos-genero-y-esi-en-la-escuela\/#breadcrumb"},"inLanguage":"es","potentialAction":[{"@type":"ReadAction","target":["https:\/\/diariofemenino.com.ar\/df\/derechos-humanos-genero-y-esi-en-la-escuela\/"]}]},{"@type":"ImageObject","inLanguage":"es","@id":"https:\/\/diariofemenino.com.ar\/df\/derechos-humanos-genero-y-esi-en-la-escuela\/#primaryimage","url":"https:\/\/diariofemenino.com.ar\/df\/wp-content\/uploads\/2022\/07\/Portada-Contar.jpg","contentUrl":"https:\/\/diariofemenino.com.ar\/df\/wp-content\/uploads\/2022\/07\/Portada-Contar.jpg","width":529,"height":491,"caption":"Derechos Humanos, G\u00e9nero y ESI en la escuela"},{"@type":"BreadcrumbList","@id":"https:\/\/diariofemenino.com.ar\/df\/derechos-humanos-genero-y-esi-en-la-escuela\/#breadcrumb","itemListElement":[{"@type":"ListItem","position":1,"name":"Portada","item":"https:\/\/diariofemenino.com.ar\/df\/"},{"@type":"ListItem","position":2,"name":"Derechos Humanos, G\u00e9nero y ESI en la escuela"}]},{"@type":"WebSite","@id":"https:\/\/diariofemenino.com.ar\/df\/#website","url":"https:\/\/diariofemenino.com.ar\/df\/","name":"Diario Digital Femenino","description":"Cuesti\u00f3n de G\u00e9nero","publisher":{"@id":"https:\/\/diariofemenino.com.ar\/df\/#organization"},"potentialAction":[{"@type":"SearchAction","target":{"@type":"EntryPoint","urlTemplate":"https:\/\/diariofemenino.com.ar\/df\/?s={search_term_string}"},"query-input":{"@type":"PropertyValueSpecification","valueRequired":true,"valueName":"search_term_string"}}],"inLanguage":"es"},{"@type":"Organization","@id":"https:\/\/diariofemenino.com.ar\/df\/#organization","name":"Diario Femenino","url":"https:\/\/diariofemenino.com.ar\/df\/","logo":{"@type":"ImageObject","inLanguage":"es","@id":"https:\/\/diariofemenino.com.ar\/df\/#\/schema\/logo\/image\/","url":"https:\/\/diariofemenino.com.ar\/df\/wp-content\/uploads\/2018\/10\/logo.png","contentUrl":"https:\/\/diariofemenino.com.ar\/df\/wp-content\/uploads\/2018\/10\/logo.png","width":500,"height":92,"caption":"Diario Femenino"},"image":{"@id":"https:\/\/diariofemenino.com.ar\/df\/#\/schema\/logo\/image\/"},"sameAs":["https:\/\/www.facebook.com\/DiarioDigitaFemenino\/","https:\/\/x.com\/DiarioFemenino1"]},{"@type":"Person","@id":"https:\/\/diariofemenino.com.ar\/df\/#\/schema\/person\/bf6199e8158c657ea6f789b11ec85509","name":"Admin","image":{"@type":"ImageObject","inLanguage":"es","@id":"https:\/\/diariofemenino.com.ar\/df\/wp-content\/uploads\/2018\/12\/favicon-150x150.jpg","url":"https:\/\/diariofemenino.com.ar\/df\/wp-content\/uploads\/2018\/12\/favicon-150x150.jpg","contentUrl":"https:\/\/diariofemenino.com.ar\/df\/wp-content\/uploads\/2018\/12\/favicon-150x150.jpg","caption":"Admin"},"url":"https:\/\/diariofemenino.com.ar\/df\/author\/lenny\/"}]}},"jetpack_featured_media_url":"https:\/\/diariofemenino.com.ar\/df\/wp-content\/uploads\/2022\/07\/Portada-Contar.jpg","jetpack_sharing_enabled":true,"rttpg_featured_image_url":{"full":["https:\/\/diariofemenino.com.ar\/df\/wp-content\/uploads\/2022\/07\/Portada-Contar.jpg",529,491,false],"landscape":["https:\/\/diariofemenino.com.ar\/df\/wp-content\/uploads\/2022\/07\/Portada-Contar.jpg",529,491,false],"portraits":["https:\/\/diariofemenino.com.ar\/df\/wp-content\/uploads\/2022\/07\/Portada-Contar.jpg",529,491,false],"thumbnail":["https:\/\/diariofemenino.com.ar\/df\/wp-content\/uploads\/2022\/07\/Portada-Contar-150x150.jpg",150,150,true],"medium":["https:\/\/diariofemenino.com.ar\/df\/wp-content\/uploads\/2022\/07\/Portada-Contar-300x278.jpg",300,278,true],"large":["https:\/\/diariofemenino.com.ar\/df\/wp-content\/uploads\/2022\/07\/Portada-Contar.jpg",529,491,false],"1536x1536":["https:\/\/diariofemenino.com.ar\/df\/wp-content\/uploads\/2022\/07\/Portada-Contar.jpg",529,491,false],"2048x2048":["https:\/\/diariofemenino.com.ar\/df\/wp-content\/uploads\/2022\/07\/Portada-Contar.jpg",529,491,false]},"rttpg_author":{"display_name":"Admin","author_link":"https:\/\/diariofemenino.com.ar\/df\/author\/lenny\/"},"rttpg_comment":0,"rttpg_category":"<a href=\"https:\/\/diariofemenino.com.ar\/df\/category\/actividades\/\" rel=\"category tag\">Actividades<\/a> <a href=\"https:\/\/diariofemenino.com.ar\/df\/category\/azul-profundo\/\" rel=\"category tag\">Azul Profundo<\/a> <a href=\"https:\/\/diariofemenino.com.ar\/df\/category\/biblioteca\/\" rel=\"category tag\">Biblioteca Virtual<\/a> <a href=\"https:\/\/diariofemenino.com.ar\/df\/category\/de-esi-si-se-habla\/\" rel=\"category tag\">De ESI S\u00ed Se Habla<\/a> <a href=\"https:\/\/diariofemenino.com.ar\/df\/category\/genero-y-derechos-humanos\/\" rel=\"category tag\">G\u00e9nero y Derechos Humanos<\/a> <a href=\"https:\/\/diariofemenino.com.ar\/df\/category\/guias\/\" rel=\"category tag\">Gu\u00edas<\/a>","rttpg_excerpt":"Esta colecci\u00f3n en construcci\u00f3n ofrece un conjunto de lecturas, materiales y recursos para pensar y hacer escuela hoy, con el objetivo de acompa\u00f1ar la formaci\u00f3n de nuevas ciudadan\u00edas democr\u00e1ticas. Es una invitaci\u00f3n a reflexionar sobre las instituciones educativas, considerando que la escuela es la puerta de entrada a otros derechos, brindando algunos puntos de partida&hellip;","_links":{"self":[{"href":"https:\/\/diariofemenino.com.ar\/df\/wp-json\/wp\/v2\/posts\/65321","targetHints":{"allow":["GET"]}}],"collection":[{"href":"https:\/\/diariofemenino.com.ar\/df\/wp-json\/wp\/v2\/posts"}],"about":[{"href":"https:\/\/diariofemenino.com.ar\/df\/wp-json\/wp\/v2\/types\/post"}],"author":[{"embeddable":true,"href":"https:\/\/diariofemenino.com.ar\/df\/wp-json\/wp\/v2\/users\/4"}],"replies":[{"embeddable":true,"href":"https:\/\/diariofemenino.com.ar\/df\/wp-json\/wp\/v2\/comments?post=65321"}],"version-history":[{"count":0,"href":"https:\/\/diariofemenino.com.ar\/df\/wp-json\/wp\/v2\/posts\/65321\/revisions"}],"wp:featuredmedia":[{"embeddable":true,"href":"https:\/\/diariofemenino.com.ar\/df\/wp-json\/wp\/v2\/media\/65355"}],"wp:attachment":[{"href":"https:\/\/diariofemenino.com.ar\/df\/wp-json\/wp\/v2\/media?parent=65321"}],"wp:term":[{"taxonomy":"category","embeddable":true,"href":"https:\/\/diariofemenino.com.ar\/df\/wp-json\/wp\/v2\/categories?post=65321"},{"taxonomy":"post_tag","embeddable":true,"href":"https:\/\/diariofemenino.com.ar\/df\/wp-json\/wp\/v2\/tags?post=65321"}],"curies":[{"name":"wp","href":"https:\/\/api.w.org\/{rel}","templated":true}]}}