{"id":64989,"date":"2022-06-14T08:13:56","date_gmt":"2022-06-14T11:13:56","guid":{"rendered":"https:\/\/diariofemenino.com.ar\/df\/?p=64989"},"modified":"2022-06-14T08:16:22","modified_gmt":"2022-06-14T11:16:22","slug":"prohibicion-de-usos-linguisticos","status":"publish","type":"post","link":"https:\/\/diariofemenino.com.ar\/df\/prohibicion-de-usos-linguisticos\/","title":{"rendered":"\u00bfProhibici\u00f3n de usos ling\u00fc\u00edsticos?"},"content":{"rendered":"<p style=\"text-align: left;\"><strong>Impecable comunicado de la Facultad de Filosof\u00eda y Letras sobre la prohibici\u00f3n de usos de la <a href=\"https:\/\/diariofemenino.com.ar\/df\/entender-es-con-e\/\">lengua<\/a>. \u00abCompartimos con la comunidad de la Facultad de Filosof\u00eda y Letras la declaraci\u00f3n de la Junta Departamental de la Carrera de Letras\u00bb.<\/strong><\/p>\n<p style=\"text-align: center;\"><strong>Reflexiones y posiciones en torno a la reciente resoluci\u00f3n del Ministerio de Educaci\u00f3n de la Ciudad de Buenos Aires.<\/strong><\/p>\n<p style=\"text-align: left;\">Como comunidad de la carrera de Letras, nos vemos en la obligaci\u00f3n de manifestar nuestra preocupaci\u00f3n y hacer p\u00fablica nuestra posici\u00f3n en torno a la Resoluci\u00f3n 2022-2566-GCABA-MEDGC del Ministerio de Educaci\u00f3n de la Ciudad Aut\u00f3noma de Buenos Aires.<\/p>\n<figure id=\"attachment_64991\" aria-describedby=\"caption-attachment-64991\" style=\"width: 519px\" class=\"wp-caption aligncenter\"><img loading=\"lazy\" decoding=\"async\" class=\" wp-image-64991\" src=\"https:\/\/diariofemenino.com.ar\/df\/wp-content\/uploads\/2022\/06\/286145969_5411124605599680_1573127955436293557_n.jpg\" alt=\"\u00bfProhibici\u00f3n de usos ling\u00fc\u00edsticos?\" width=\"519\" height=\"519\" srcset=\"https:\/\/diariofemenino.com.ar\/df\/wp-content\/uploads\/2022\/06\/286145969_5411124605599680_1573127955436293557_n.jpg 950w, https:\/\/diariofemenino.com.ar\/df\/wp-content\/uploads\/2022\/06\/286145969_5411124605599680_1573127955436293557_n-150x150.jpg 150w, https:\/\/diariofemenino.com.ar\/df\/wp-content\/uploads\/2022\/06\/286145969_5411124605599680_1573127955436293557_n-300x300.jpg 300w, https:\/\/diariofemenino.com.ar\/df\/wp-content\/uploads\/2022\/06\/286145969_5411124605599680_1573127955436293557_n-768x768.jpg 768w\" sizes=\"auto, (max-width: 519px) 100vw, 519px\" \/><figcaption id=\"caption-attachment-64991\" class=\"wp-caption-text\">\u00bfProhibici\u00f3n de usos ling\u00fc\u00edsticos?<\/figcaption><\/figure>\n<p style=\"text-align: left;\">Creemos imprescindible objetar p\u00fablicamente los muchos supuestos que conforman sus considerandos, as\u00ed como tambi\u00e9n las conclusiones que de ellos se derivan, y dejar sentada una posici\u00f3n en torno a la resoluci\u00f3n que all\u00ed se propone de <a href=\"https:\/\/diariofemenino.com.ar\/df\/prohibir-desaparecer-el-lenguaje-inclusivo\/\">restringir<\/a> el uso que hacen lxs hablantes de su lengua.<\/p>\n<p>No nos detendremos en cada uno de los considerandos, pero es imprescindible destacar algunas cuestiones b\u00e1sicas sobre la naturaleza de las lenguas y sus usos, fen\u00f3meno complejo que ata\u00f1e no s\u00f3lo a una dimensi\u00f3n biol\u00f3gica del ser humano, sino tambi\u00e9n a sus caracter\u00edsticas sociales, culturales y pol\u00edticas.<\/p>\n<p>En primer lugar, es importante recordar que no existen las lenguas sin sus hablantes: no existe algo as\u00ed como un sistema inmutable que pueda ser desacoplado de los usos ling\u00fc\u00edsticos y sus variaciones; no hay buenxs y malxs hablantes sencillamente porque no existe una gram\u00e1tica correcta establecida de antemano; hay formas de hablar, diversas, que hacen a las gram\u00e1ticas. El cambio y la variaci\u00f3n en las lenguas es la regla, caracter\u00edstica constitutiva de su naturaleza, no la excepci\u00f3n. Esos cambios siempre parten desde y se dan gracias a una comunidad de hablantes que los genera y sostiene.<\/p>\n<p>Al respecto, vale aclarar que del mismo modo que no se puede prohibir el cambio, tampoco se puede imponer: el acto de prohibir determinados usos ling\u00fc\u00edsticos no evita que esos usos sean elegidos y eventualmente impuestos por lxs hablantes. Y, por supuesto, no podemos dejar de mencionar que las restricciones o prohibiciones sobre ciertos usos ling\u00fc\u00edsticos y no sobre otros suponen valoraciones sociales y estigmatizaciones tambi\u00e9n sobre sus hablantes.<\/p>\n<p><strong>Las normas impuestas por instituciones reguladoras de las lenguas no constituyen las reglas gramaticales<\/strong>: estas \u00faltimas no se aprenden mediante instrucci\u00f3n formal en la escuela sino que se adquieren inevitable e involuntariamente durante los primeros a\u00f1os de vida gracias a nuestra constituci\u00f3n biol\u00f3gica y a partir de formar parte de una comunidad ling\u00fc\u00edstica; en cambio, las primeras son normas y regulaciones sociales impuestas por instituciones pol\u00edticas, determinadas por condiciones socio-hist\u00f3ricas, que buscan homogeneizar y uniformar algo que, por naturaleza, es heterog\u00e9neo, inestable y cambiante: los usos ling\u00fc\u00edsticos. La lengua no necesita ser preservada ni defendida por ninguna instituci\u00f3n; se construye y reconstruye de modo permanente entre, por y para sus hablantes.<\/p>\n<p><strong>Los usos de la lengua siempre son pol\u00edticos en el sentido m\u00e1s amplio<\/strong> y fuerte de ese t\u00e9rmino;<strong> la intenci\u00f3n de prohibir usos ling\u00fc\u00edsticos tambi\u00e9n lo es y lejos est\u00e1 de garantizar la libertad<\/strong>. Es extensa la tradici\u00f3n de estudios que muestran la estrecha relaci\u00f3n entre el lenguaje y los procesos de constituci\u00f3n de subjetividades e identidades e, incluso, en la naturalizaci\u00f3n de relaciones de poder. Respetar los derechos humanos es tambi\u00e9n respetar la Ley de Identidad de G\u00e9nero y los derechos ling\u00fc\u00edsticos de las personas en toda su dimensi\u00f3n: cualquier regulaci\u00f3n prohibitiva en ese sentido vulnera derechos inalienables que tienen una larga historia de luchas y conquistas como antecedente.<\/p>\n<p>Por \u00faltimo, <strong>es nuestro deber advertir como investigadorxs que no existe ninguna evidencia que establezca una relaci\u00f3n entre el fracaso escolar o el bajo rendimiento en pruebas estandarizadas y el uso de lenguaje inclusivo de g\u00e9ner<\/strong>o. Del mismo modo que el uso del desdoblamiento de los g\u00e9neros masculino y femenino en la resoluci\u00f3n emitida por el Gobierno de la Ciudad de Buenos Aires no dificulta la comprensi\u00f3n del documento, la variaci\u00f3n generada por el uso de formas no binarias no resulta un obst\u00e1culo para el desarrollo de las habilidades de aprendizaje de lxs estudiantes. Ser\u00eda deseable verificar si, en cambio, la desinversi\u00f3n en pol\u00edticas educativas del Ministerio de Educaci\u00f3n de CABA puede explicar esos resultados.<\/p>\n<p>Hechas estas aclaraciones, queremos, adem\u00e1s, dejar planteados algunos interrogantes que inviten a la reflexi\u00f3n colectiva: <strong>\u00bfQu\u00e9 se intenta prohibir cuando se tratan de regular los usos de la lengua?<\/strong> <strong>\u00bfPor qu\u00e9 a un Ministerio de Educaci\u00f3n le parece necesario legislar sobre la lengua?<\/strong> <strong>\u00bfPor qu\u00e9 el Estado de la Ciudad de Buenos Aires decide acudir a normas y regulaci\u00f3n de una instituci\u00f3n colonial como la Real Academia Espa\u00f1ola para avalar o justificar sus pol\u00edticas ling\u00fc\u00edsticas en el \u00e1mbito de la educaci\u00f3n argentina?<\/strong> <strong>\u00bfQu\u00e9 proyecciones socio-hist\u00f3ricas conlleva una pol\u00edtica ling\u00fc\u00edstica prohibicionista y punitivista?<\/strong> No podemos evitar recordar que las peores instancias dictatoriales y autoritarias en la Argentina y el mundo se asocian con intentos de prohibici\u00f3n y censura de usos, variedades y formas ling\u00fc\u00edsticas. \u00bfPor qu\u00e9 un gobierno democr\u00e1tico tomar\u00eda ese mismo camino?<\/p>\n<p>Las consideraciones hechas en la citada resoluci\u00f3n alarman en varios sentidos, sin embargo, creemos que nuestro rol como docentes y acad\u00e9micxs y nuestro compromiso como actorxs pol\u00edticxs que conformamos la Universidad P\u00fablica supone tomar esta instancia no s\u00f3lo para repudiar cualquier forma de censura o prohibici\u00f3n sino tambi\u00e9n, y sobre todo, para promover la reflexi\u00f3n, la discusi\u00f3n y la cr\u00edtica de un sentido com\u00fan dominante que impregna y naturaliza tambi\u00e9n las ideas que circulan sobre las lenguas y sus usos. Ante esta coyuntura, es preciso levantar la voz y explicitar una posici\u00f3n clara: los derechos ling\u00fc\u00edsticos son derechos humanos. De eso se trata, de derechos.<\/p>\n<p style=\"text-align: right;\">Junta Departamental de la Carrera de Letras<br \/>\nFacultad de <a href=\"http:\/\/www.filo.uba.ar\/\">Filosof\u00eda y Letras<\/a> (<a href=\"https:\/\/www.uba.ar\/\">Universidad de Buenos Aires<\/a>)<\/p>\n<p style=\"text-align: left;\">Fuente para Diario Digital Femenino: Silvana Guardia<br \/>\nLicenciada en Trabajo Social.<\/p>\n","protected":false},"excerpt":{"rendered":"<p>Impecable comunicado de la Facultad de Filosof\u00eda y Letras sobre la prohibici\u00f3n de usos de la lengua. \u00abCompartimos con la comunidad de la Facultad de Filosof\u00eda y Letras la declaraci\u00f3n de la Junta Departamental de la Carrera de Letras\u00bb. Reflexiones y posiciones en torno a la reciente resoluci\u00f3n del Ministerio de Educaci\u00f3n de la Ciudad [&hellip;]<\/p>\n","protected":false},"author":4,"featured_media":64992,"comment_status":"open","ping_status":"open","sticky":false,"template":"","format":"standard","meta":{"iawp_total_views":32,"footnotes":""},"categories":[7,1067,178,3,627],"tags":[4372,5298,5291,5297,2239],"class_list":["post-64989","post","type-post","status-publish","format-standard","has-post-thumbnail","hentry","category-actividades","category-agenda-feminista","category-articulos-y-comunicados","category-de-la-revolucion-al-reaprendizaje","category-genero-y-derechos-humanos","tag-destacada","tag-filo","tag-lengua","tag-prohibicion","tag-uba"],"nelio_content":{"autoShareEndMode":"never","automationSources":{"useCustomSentences":false,"customSentences":[]},"efiAlt":"","efiUrl":"","followers":[4],"highlights":[],"isAutoShareEnabled":true,"networkImageIds":[],"permalinkQueryArgs":[],"series":[],"suggestedReferences":[]},"yoast_head":"<!-- This site is optimized with the Yoast SEO plugin v27.4 - https:\/\/yoast.com\/product\/yoast-seo-wordpress\/ -->\n<title>\u00bfProhibici\u00f3n de usos ling\u00fc\u00edsticos? - Diario Digital Femenino<\/title>\n<meta name=\"description\" content=\"\u00bfProhibici\u00f3n de usos ling\u00fc\u00edsticos? Impecable comunicado de la Facultad de Filosof\u00eda y Letras sobre la prohibici\u00f3n de usos de la lengua.\" \/>\n<meta name=\"robots\" content=\"index, follow, max-snippet:-1, max-image-preview:large, max-video-preview:-1\" \/>\n<link rel=\"canonical\" href=\"https:\/\/diariofemenino.com.ar\/df\/prohibicion-de-usos-linguisticos\/\" \/>\n<meta property=\"og:locale\" content=\"es_ES\" \/>\n<meta property=\"og:type\" content=\"article\" \/>\n<meta property=\"og:title\" content=\"\u00bfProhibici\u00f3n de usos ling\u00fc\u00edsticos? - Diario Digital Femenino\" \/>\n<meta property=\"og:description\" content=\"\u00bfProhibici\u00f3n de usos ling\u00fc\u00edsticos? Impecable comunicado de la Facultad de Filosof\u00eda y Letras sobre la prohibici\u00f3n de usos de la lengua.\" \/>\n<meta property=\"og:url\" content=\"https:\/\/diariofemenino.com.ar\/df\/prohibicion-de-usos-linguisticos\/\" \/>\n<meta property=\"og:site_name\" content=\"Diario Digital Femenino\" \/>\n<meta property=\"article:publisher\" content=\"https:\/\/www.facebook.com\/DiarioDigitaFemenino\/\" \/>\n<meta property=\"article:published_time\" content=\"2022-06-14T11:13:56+00:00\" \/>\n<meta property=\"article:modified_time\" content=\"2022-06-14T11:16:22+00:00\" \/>\n<meta property=\"og:image\" content=\"https:\/\/diariofemenino.com.ar\/df\/wp-content\/uploads\/2022\/06\/lenguaje-inclusivo-portada-1140x641.jpg\" \/>\n\t<meta property=\"og:image:width\" content=\"1140\" \/>\n\t<meta property=\"og:image:height\" content=\"641\" \/>\n\t<meta property=\"og:image:type\" content=\"image\/jpeg\" \/>\n<meta name=\"author\" content=\"Admin\" \/>\n<meta name=\"twitter:card\" content=\"summary_large_image\" \/>\n<meta name=\"twitter:creator\" content=\"@DiarioFemenino1\" \/>\n<meta name=\"twitter:site\" content=\"@DiarioFemenino1\" \/>\n<meta name=\"twitter:label1\" content=\"Escrito por\" \/>\n\t<meta name=\"twitter:data1\" content=\"Admin\" \/>\n\t<meta name=\"twitter:label2\" content=\"Tiempo de lectura\" \/>\n\t<meta name=\"twitter:data2\" content=\"5 minutos\" \/>\n<script type=\"application\/ld+json\" class=\"yoast-schema-graph\">{\"@context\":\"https:\\\/\\\/schema.org\",\"@graph\":[{\"@type\":\"Article\",\"@id\":\"https:\\\/\\\/diariofemenino.com.ar\\\/df\\\/prohibicion-de-usos-linguisticos\\\/#article\",\"isPartOf\":{\"@id\":\"https:\\\/\\\/diariofemenino.com.ar\\\/df\\\/prohibicion-de-usos-linguisticos\\\/\"},\"author\":{\"name\":\"Admin\",\"@id\":\"https:\\\/\\\/diariofemenino.com.ar\\\/df\\\/#\\\/schema\\\/person\\\/bf6199e8158c657ea6f789b11ec85509\"},\"headline\":\"\u00bfProhibici\u00f3n de usos ling\u00fc\u00edsticos?\",\"datePublished\":\"2022-06-14T11:13:56+00:00\",\"dateModified\":\"2022-06-14T11:16:22+00:00\",\"mainEntityOfPage\":{\"@id\":\"https:\\\/\\\/diariofemenino.com.ar\\\/df\\\/prohibicion-de-usos-linguisticos\\\/\"},\"wordCount\":1077,\"commentCount\":0,\"publisher\":{\"@id\":\"https:\\\/\\\/diariofemenino.com.ar\\\/df\\\/#organization\"},\"image\":{\"@id\":\"https:\\\/\\\/diariofemenino.com.ar\\\/df\\\/prohibicion-de-usos-linguisticos\\\/#primaryimage\"},\"thumbnailUrl\":\"https:\\\/\\\/diariofemenino.com.ar\\\/df\\\/wp-content\\\/uploads\\\/2022\\\/06\\\/lenguaje-inclusivo-portada-1140x641.jpg\",\"keywords\":[\"Destacada\",\"Filo\",\"Lengua\",\"Prohibici\u00f3n\",\"UBA\"],\"articleSection\":[\"Actividades\",\"Agenda Feminista\",\"Art\u00edculos y Comunicados\",\"De la Revoluci\u00f3n al Reaprendizaje\",\"G\u00e9nero y Derechos Humanos\"],\"inLanguage\":\"es\",\"potentialAction\":[{\"@type\":\"CommentAction\",\"name\":\"Comment\",\"target\":[\"https:\\\/\\\/diariofemenino.com.ar\\\/df\\\/prohibicion-de-usos-linguisticos\\\/#respond\"]}]},{\"@type\":\"WebPage\",\"@id\":\"https:\\\/\\\/diariofemenino.com.ar\\\/df\\\/prohibicion-de-usos-linguisticos\\\/\",\"url\":\"https:\\\/\\\/diariofemenino.com.ar\\\/df\\\/prohibicion-de-usos-linguisticos\\\/\",\"name\":\"\u00bfProhibici\u00f3n de usos ling\u00fc\u00edsticos? - Diario Digital Femenino\",\"isPartOf\":{\"@id\":\"https:\\\/\\\/diariofemenino.com.ar\\\/df\\\/#website\"},\"primaryImageOfPage\":{\"@id\":\"https:\\\/\\\/diariofemenino.com.ar\\\/df\\\/prohibicion-de-usos-linguisticos\\\/#primaryimage\"},\"image\":{\"@id\":\"https:\\\/\\\/diariofemenino.com.ar\\\/df\\\/prohibicion-de-usos-linguisticos\\\/#primaryimage\"},\"thumbnailUrl\":\"https:\\\/\\\/diariofemenino.com.ar\\\/df\\\/wp-content\\\/uploads\\\/2022\\\/06\\\/lenguaje-inclusivo-portada-1140x641.jpg\",\"datePublished\":\"2022-06-14T11:13:56+00:00\",\"dateModified\":\"2022-06-14T11:16:22+00:00\",\"description\":\"\u00bfProhibici\u00f3n de usos ling\u00fc\u00edsticos? Impecable comunicado de la Facultad de Filosof\u00eda y Letras sobre la prohibici\u00f3n de usos de la lengua.\",\"breadcrumb\":{\"@id\":\"https:\\\/\\\/diariofemenino.com.ar\\\/df\\\/prohibicion-de-usos-linguisticos\\\/#breadcrumb\"},\"inLanguage\":\"es\",\"potentialAction\":[{\"@type\":\"ReadAction\",\"target\":[\"https:\\\/\\\/diariofemenino.com.ar\\\/df\\\/prohibicion-de-usos-linguisticos\\\/\"]}]},{\"@type\":\"ImageObject\",\"inLanguage\":\"es\",\"@id\":\"https:\\\/\\\/diariofemenino.com.ar\\\/df\\\/prohibicion-de-usos-linguisticos\\\/#primaryimage\",\"url\":\"https:\\\/\\\/diariofemenino.com.ar\\\/df\\\/wp-content\\\/uploads\\\/2022\\\/06\\\/lenguaje-inclusivo-portada-1140x641.jpg\",\"contentUrl\":\"https:\\\/\\\/diariofemenino.com.ar\\\/df\\\/wp-content\\\/uploads\\\/2022\\\/06\\\/lenguaje-inclusivo-portada-1140x641.jpg\",\"width\":1140,\"height\":641,\"caption\":\"\u00bfProhibici\u00f3n de usos ling\u00fc\u00edsticos?\"},{\"@type\":\"BreadcrumbList\",\"@id\":\"https:\\\/\\\/diariofemenino.com.ar\\\/df\\\/prohibicion-de-usos-linguisticos\\\/#breadcrumb\",\"itemListElement\":[{\"@type\":\"ListItem\",\"position\":1,\"name\":\"Portada\",\"item\":\"https:\\\/\\\/diariofemenino.com.ar\\\/df\\\/\"},{\"@type\":\"ListItem\",\"position\":2,\"name\":\"\u00bfProhibici\u00f3n de usos ling\u00fc\u00edsticos?\"}]},{\"@type\":\"WebSite\",\"@id\":\"https:\\\/\\\/diariofemenino.com.ar\\\/df\\\/#website\",\"url\":\"https:\\\/\\\/diariofemenino.com.ar\\\/df\\\/\",\"name\":\"Diario Digital Femenino\",\"description\":\"Cuesti\u00f3n de G\u00e9nero\",\"publisher\":{\"@id\":\"https:\\\/\\\/diariofemenino.com.ar\\\/df\\\/#organization\"},\"potentialAction\":[{\"@type\":\"SearchAction\",\"target\":{\"@type\":\"EntryPoint\",\"urlTemplate\":\"https:\\\/\\\/diariofemenino.com.ar\\\/df\\\/?s={search_term_string}\"},\"query-input\":{\"@type\":\"PropertyValueSpecification\",\"valueRequired\":true,\"valueName\":\"search_term_string\"}}],\"inLanguage\":\"es\"},{\"@type\":\"Organization\",\"@id\":\"https:\\\/\\\/diariofemenino.com.ar\\\/df\\\/#organization\",\"name\":\"Diario Femenino\",\"url\":\"https:\\\/\\\/diariofemenino.com.ar\\\/df\\\/\",\"logo\":{\"@type\":\"ImageObject\",\"inLanguage\":\"es\",\"@id\":\"https:\\\/\\\/diariofemenino.com.ar\\\/df\\\/#\\\/schema\\\/logo\\\/image\\\/\",\"url\":\"https:\\\/\\\/diariofemenino.com.ar\\\/df\\\/wp-content\\\/uploads\\\/2018\\\/10\\\/logo.png\",\"contentUrl\":\"https:\\\/\\\/diariofemenino.com.ar\\\/df\\\/wp-content\\\/uploads\\\/2018\\\/10\\\/logo.png\",\"width\":500,\"height\":92,\"caption\":\"Diario Femenino\"},\"image\":{\"@id\":\"https:\\\/\\\/diariofemenino.com.ar\\\/df\\\/#\\\/schema\\\/logo\\\/image\\\/\"},\"sameAs\":[\"https:\\\/\\\/www.facebook.com\\\/DiarioDigitaFemenino\\\/\",\"https:\\\/\\\/x.com\\\/DiarioFemenino1\"]},{\"@type\":\"Person\",\"@id\":\"https:\\\/\\\/diariofemenino.com.ar\\\/df\\\/#\\\/schema\\\/person\\\/bf6199e8158c657ea6f789b11ec85509\",\"name\":\"Admin\",\"image\":{\"@type\":\"ImageObject\",\"inLanguage\":\"es\",\"@id\":\"https:\\\/\\\/diariofemenino.com.ar\\\/df\\\/wp-content\\\/uploads\\\/2018\\\/12\\\/favicon-150x150.jpg\",\"url\":\"https:\\\/\\\/diariofemenino.com.ar\\\/df\\\/wp-content\\\/uploads\\\/2018\\\/12\\\/favicon-150x150.jpg\",\"contentUrl\":\"https:\\\/\\\/diariofemenino.com.ar\\\/df\\\/wp-content\\\/uploads\\\/2018\\\/12\\\/favicon-150x150.jpg\",\"caption\":\"Admin\"},\"url\":\"https:\\\/\\\/diariofemenino.com.ar\\\/df\\\/author\\\/lenny\\\/\"}]}<\/script>\n<!-- \/ Yoast SEO plugin. -->","yoast_head_json":{"title":"\u00bfProhibici\u00f3n de usos ling\u00fc\u00edsticos? - Diario Digital Femenino","description":"\u00bfProhibici\u00f3n de usos ling\u00fc\u00edsticos? Impecable comunicado de la Facultad de Filosof\u00eda y Letras sobre la prohibici\u00f3n de usos de la lengua.","robots":{"index":"index","follow":"follow","max-snippet":"max-snippet:-1","max-image-preview":"max-image-preview:large","max-video-preview":"max-video-preview:-1"},"canonical":"https:\/\/diariofemenino.com.ar\/df\/prohibicion-de-usos-linguisticos\/","og_locale":"es_ES","og_type":"article","og_title":"\u00bfProhibici\u00f3n de usos ling\u00fc\u00edsticos? - Diario Digital Femenino","og_description":"\u00bfProhibici\u00f3n de usos ling\u00fc\u00edsticos? Impecable comunicado de la Facultad de Filosof\u00eda y Letras sobre la prohibici\u00f3n de usos de la lengua.","og_url":"https:\/\/diariofemenino.com.ar\/df\/prohibicion-de-usos-linguisticos\/","og_site_name":"Diario Digital Femenino","article_publisher":"https:\/\/www.facebook.com\/DiarioDigitaFemenino\/","article_published_time":"2022-06-14T11:13:56+00:00","article_modified_time":"2022-06-14T11:16:22+00:00","og_image":[{"width":1140,"height":641,"url":"https:\/\/diariofemenino.com.ar\/df\/wp-content\/uploads\/2022\/06\/lenguaje-inclusivo-portada-1140x641.jpg","type":"image\/jpeg"}],"author":"Admin","twitter_card":"summary_large_image","twitter_creator":"@DiarioFemenino1","twitter_site":"@DiarioFemenino1","twitter_misc":{"Escrito por":"Admin","Tiempo de lectura":"5 minutos"},"schema":{"@context":"https:\/\/schema.org","@graph":[{"@type":"Article","@id":"https:\/\/diariofemenino.com.ar\/df\/prohibicion-de-usos-linguisticos\/#article","isPartOf":{"@id":"https:\/\/diariofemenino.com.ar\/df\/prohibicion-de-usos-linguisticos\/"},"author":{"name":"Admin","@id":"https:\/\/diariofemenino.com.ar\/df\/#\/schema\/person\/bf6199e8158c657ea6f789b11ec85509"},"headline":"\u00bfProhibici\u00f3n de usos ling\u00fc\u00edsticos?","datePublished":"2022-06-14T11:13:56+00:00","dateModified":"2022-06-14T11:16:22+00:00","mainEntityOfPage":{"@id":"https:\/\/diariofemenino.com.ar\/df\/prohibicion-de-usos-linguisticos\/"},"wordCount":1077,"commentCount":0,"publisher":{"@id":"https:\/\/diariofemenino.com.ar\/df\/#organization"},"image":{"@id":"https:\/\/diariofemenino.com.ar\/df\/prohibicion-de-usos-linguisticos\/#primaryimage"},"thumbnailUrl":"https:\/\/diariofemenino.com.ar\/df\/wp-content\/uploads\/2022\/06\/lenguaje-inclusivo-portada-1140x641.jpg","keywords":["Destacada","Filo","Lengua","Prohibici\u00f3n","UBA"],"articleSection":["Actividades","Agenda Feminista","Art\u00edculos y Comunicados","De la Revoluci\u00f3n al Reaprendizaje","G\u00e9nero y Derechos Humanos"],"inLanguage":"es","potentialAction":[{"@type":"CommentAction","name":"Comment","target":["https:\/\/diariofemenino.com.ar\/df\/prohibicion-de-usos-linguisticos\/#respond"]}]},{"@type":"WebPage","@id":"https:\/\/diariofemenino.com.ar\/df\/prohibicion-de-usos-linguisticos\/","url":"https:\/\/diariofemenino.com.ar\/df\/prohibicion-de-usos-linguisticos\/","name":"\u00bfProhibici\u00f3n de usos ling\u00fc\u00edsticos? - Diario Digital Femenino","isPartOf":{"@id":"https:\/\/diariofemenino.com.ar\/df\/#website"},"primaryImageOfPage":{"@id":"https:\/\/diariofemenino.com.ar\/df\/prohibicion-de-usos-linguisticos\/#primaryimage"},"image":{"@id":"https:\/\/diariofemenino.com.ar\/df\/prohibicion-de-usos-linguisticos\/#primaryimage"},"thumbnailUrl":"https:\/\/diariofemenino.com.ar\/df\/wp-content\/uploads\/2022\/06\/lenguaje-inclusivo-portada-1140x641.jpg","datePublished":"2022-06-14T11:13:56+00:00","dateModified":"2022-06-14T11:16:22+00:00","description":"\u00bfProhibici\u00f3n de usos ling\u00fc\u00edsticos? Impecable comunicado de la Facultad de Filosof\u00eda y Letras sobre la prohibici\u00f3n de usos de la lengua.","breadcrumb":{"@id":"https:\/\/diariofemenino.com.ar\/df\/prohibicion-de-usos-linguisticos\/#breadcrumb"},"inLanguage":"es","potentialAction":[{"@type":"ReadAction","target":["https:\/\/diariofemenino.com.ar\/df\/prohibicion-de-usos-linguisticos\/"]}]},{"@type":"ImageObject","inLanguage":"es","@id":"https:\/\/diariofemenino.com.ar\/df\/prohibicion-de-usos-linguisticos\/#primaryimage","url":"https:\/\/diariofemenino.com.ar\/df\/wp-content\/uploads\/2022\/06\/lenguaje-inclusivo-portada-1140x641.jpg","contentUrl":"https:\/\/diariofemenino.com.ar\/df\/wp-content\/uploads\/2022\/06\/lenguaje-inclusivo-portada-1140x641.jpg","width":1140,"height":641,"caption":"\u00bfProhibici\u00f3n de usos ling\u00fc\u00edsticos?"},{"@type":"BreadcrumbList","@id":"https:\/\/diariofemenino.com.ar\/df\/prohibicion-de-usos-linguisticos\/#breadcrumb","itemListElement":[{"@type":"ListItem","position":1,"name":"Portada","item":"https:\/\/diariofemenino.com.ar\/df\/"},{"@type":"ListItem","position":2,"name":"\u00bfProhibici\u00f3n de usos ling\u00fc\u00edsticos?"}]},{"@type":"WebSite","@id":"https:\/\/diariofemenino.com.ar\/df\/#website","url":"https:\/\/diariofemenino.com.ar\/df\/","name":"Diario Digital Femenino","description":"Cuesti\u00f3n de G\u00e9nero","publisher":{"@id":"https:\/\/diariofemenino.com.ar\/df\/#organization"},"potentialAction":[{"@type":"SearchAction","target":{"@type":"EntryPoint","urlTemplate":"https:\/\/diariofemenino.com.ar\/df\/?s={search_term_string}"},"query-input":{"@type":"PropertyValueSpecification","valueRequired":true,"valueName":"search_term_string"}}],"inLanguage":"es"},{"@type":"Organization","@id":"https:\/\/diariofemenino.com.ar\/df\/#organization","name":"Diario Femenino","url":"https:\/\/diariofemenino.com.ar\/df\/","logo":{"@type":"ImageObject","inLanguage":"es","@id":"https:\/\/diariofemenino.com.ar\/df\/#\/schema\/logo\/image\/","url":"https:\/\/diariofemenino.com.ar\/df\/wp-content\/uploads\/2018\/10\/logo.png","contentUrl":"https:\/\/diariofemenino.com.ar\/df\/wp-content\/uploads\/2018\/10\/logo.png","width":500,"height":92,"caption":"Diario Femenino"},"image":{"@id":"https:\/\/diariofemenino.com.ar\/df\/#\/schema\/logo\/image\/"},"sameAs":["https:\/\/www.facebook.com\/DiarioDigitaFemenino\/","https:\/\/x.com\/DiarioFemenino1"]},{"@type":"Person","@id":"https:\/\/diariofemenino.com.ar\/df\/#\/schema\/person\/bf6199e8158c657ea6f789b11ec85509","name":"Admin","image":{"@type":"ImageObject","inLanguage":"es","@id":"https:\/\/diariofemenino.com.ar\/df\/wp-content\/uploads\/2018\/12\/favicon-150x150.jpg","url":"https:\/\/diariofemenino.com.ar\/df\/wp-content\/uploads\/2018\/12\/favicon-150x150.jpg","contentUrl":"https:\/\/diariofemenino.com.ar\/df\/wp-content\/uploads\/2018\/12\/favicon-150x150.jpg","caption":"Admin"},"url":"https:\/\/diariofemenino.com.ar\/df\/author\/lenny\/"}]}},"jetpack_featured_media_url":"https:\/\/diariofemenino.com.ar\/df\/wp-content\/uploads\/2022\/06\/lenguaje-inclusivo-portada-1140x641.jpg","jetpack_sharing_enabled":true,"rttpg_featured_image_url":{"full":["https:\/\/diariofemenino.com.ar\/df\/wp-content\/uploads\/2022\/06\/lenguaje-inclusivo-portada-1140x641.jpg",1140,641,false],"landscape":["https:\/\/diariofemenino.com.ar\/df\/wp-content\/uploads\/2022\/06\/lenguaje-inclusivo-portada-1140x641.jpg",1140,641,false],"portraits":["https:\/\/diariofemenino.com.ar\/df\/wp-content\/uploads\/2022\/06\/lenguaje-inclusivo-portada-1140x641.jpg",1140,641,false],"thumbnail":["https:\/\/diariofemenino.com.ar\/df\/wp-content\/uploads\/2022\/06\/lenguaje-inclusivo-portada-1140x641-150x150.jpg",150,150,true],"medium":["https:\/\/diariofemenino.com.ar\/df\/wp-content\/uploads\/2022\/06\/lenguaje-inclusivo-portada-1140x641-300x169.jpg",300,169,true],"large":["https:\/\/diariofemenino.com.ar\/df\/wp-content\/uploads\/2022\/06\/lenguaje-inclusivo-portada-1140x641-1024x576.jpg",1024,576,true],"1536x1536":["https:\/\/diariofemenino.com.ar\/df\/wp-content\/uploads\/2022\/06\/lenguaje-inclusivo-portada-1140x641.jpg",1140,641,false],"2048x2048":["https:\/\/diariofemenino.com.ar\/df\/wp-content\/uploads\/2022\/06\/lenguaje-inclusivo-portada-1140x641.jpg",1140,641,false]},"rttpg_author":{"display_name":"Admin","author_link":"https:\/\/diariofemenino.com.ar\/df\/author\/lenny\/"},"rttpg_comment":0,"rttpg_category":"<a href=\"https:\/\/diariofemenino.com.ar\/df\/category\/actividades\/\" rel=\"category tag\">Actividades<\/a> <a href=\"https:\/\/diariofemenino.com.ar\/df\/category\/agenda-feminista\/\" rel=\"category tag\">Agenda Feminista<\/a> <a href=\"https:\/\/diariofemenino.com.ar\/df\/category\/articulos-y-comunicados\/\" rel=\"category tag\">Art\u00edculos y Comunicados<\/a> <a href=\"https:\/\/diariofemenino.com.ar\/df\/category\/de-la-revolucion-al-reaprendizaje\/\" rel=\"category tag\">De la Revoluci\u00f3n al Reaprendizaje<\/a> <a href=\"https:\/\/diariofemenino.com.ar\/df\/category\/genero-y-derechos-humanos\/\" rel=\"category tag\">G\u00e9nero y Derechos Humanos<\/a>","rttpg_excerpt":"Impecable comunicado de la Facultad de Filosof\u00eda y Letras sobre la prohibici\u00f3n de usos de la lengua. \u00abCompartimos con la comunidad de la Facultad de Filosof\u00eda y Letras la declaraci\u00f3n de la Junta Departamental de la Carrera de Letras\u00bb. Reflexiones y posiciones en torno a la reciente resoluci\u00f3n del Ministerio de Educaci\u00f3n de la Ciudad&hellip;","_links":{"self":[{"href":"https:\/\/diariofemenino.com.ar\/df\/wp-json\/wp\/v2\/posts\/64989","targetHints":{"allow":["GET"]}}],"collection":[{"href":"https:\/\/diariofemenino.com.ar\/df\/wp-json\/wp\/v2\/posts"}],"about":[{"href":"https:\/\/diariofemenino.com.ar\/df\/wp-json\/wp\/v2\/types\/post"}],"author":[{"embeddable":true,"href":"https:\/\/diariofemenino.com.ar\/df\/wp-json\/wp\/v2\/users\/4"}],"replies":[{"embeddable":true,"href":"https:\/\/diariofemenino.com.ar\/df\/wp-json\/wp\/v2\/comments?post=64989"}],"version-history":[{"count":0,"href":"https:\/\/diariofemenino.com.ar\/df\/wp-json\/wp\/v2\/posts\/64989\/revisions"}],"wp:featuredmedia":[{"embeddable":true,"href":"https:\/\/diariofemenino.com.ar\/df\/wp-json\/wp\/v2\/media\/64992"}],"wp:attachment":[{"href":"https:\/\/diariofemenino.com.ar\/df\/wp-json\/wp\/v2\/media?parent=64989"}],"wp:term":[{"taxonomy":"category","embeddable":true,"href":"https:\/\/diariofemenino.com.ar\/df\/wp-json\/wp\/v2\/categories?post=64989"},{"taxonomy":"post_tag","embeddable":true,"href":"https:\/\/diariofemenino.com.ar\/df\/wp-json\/wp\/v2\/tags?post=64989"}],"curies":[{"name":"wp","href":"https:\/\/api.w.org\/{rel}","templated":true}]}}