{"id":64975,"date":"2022-06-13T13:21:35","date_gmt":"2022-06-13T16:21:35","guid":{"rendered":"https:\/\/diariofemenino.com.ar\/df\/?p=64975"},"modified":"2022-06-13T13:57:47","modified_gmt":"2022-06-13T16:57:47","slug":"entender-es-con-e","status":"publish","type":"post","link":"https:\/\/diariofemenino.com.ar\/df\/entender-es-con-e\/","title":{"rendered":"Entender es con \u201ce\u201d"},"content":{"rendered":"<p>Abstraerse de lo que representa la provocaci\u00f3n, como herramienta creativa y popular, para visibilizar las luchas, personal y colectiva, de las personas marginadas, excluidas y violentadas por tantos sistemas de costumbres basados en preceptos morales construidos desde el prejuicio, demuestra la falta de sensibilidad de los sectores m\u00e1s reaccionarios, incapaces de aceptar la celebraci\u00f3n de las diferencias como principios fundamentales de la salud social.<\/p>\n<p>Por Carlos Gossio*<br \/>\nIlustraci\u00f3n <a href=\"https:\/\/www.instagram.com\/roferrerilustradora\/\">RO Ferrer<\/a><\/p>\n<div dir=\"auto\">\n<figure id=\"attachment_64977\" aria-describedby=\"caption-attachment-64977\" style=\"width: 336px\" class=\"wp-caption alignleft\"><img loading=\"lazy\" decoding=\"async\" class=\" wp-image-64977\" src=\"https:\/\/diariofemenino.com.ar\/df\/wp-content\/uploads\/2022\/06\/WhatsApp-Image-2022-06-13-at-1.01.50-PM.jpeg\" alt=\"Entender es con \u201ce\u201d\" width=\"336\" height=\"328\" srcset=\"https:\/\/diariofemenino.com.ar\/df\/wp-content\/uploads\/2022\/06\/WhatsApp-Image-2022-06-13-at-1.01.50-PM.jpeg 720w, https:\/\/diariofemenino.com.ar\/df\/wp-content\/uploads\/2022\/06\/WhatsApp-Image-2022-06-13-at-1.01.50-PM-300x293.jpeg 300w\" sizes=\"auto, (max-width: 336px) 100vw, 336px\" \/><figcaption id=\"caption-attachment-64977\" class=\"wp-caption-text\">Entender es con \u201ce\u201d &#8211; <a href=\"https:\/\/diariofemenino.com.ar\/df\/?s=Carlos+Gossio\">Carlos<\/a> <a href=\"https:\/\/diariofemenino.com.ar\/df\/guia-practica-y-urgente-para-un-periodismo-respetuoso-y-respetable\/\">Gossio<\/a><\/figcaption><\/figure>\n<p>Si decimos que la lengua es la herramienta viva de la comunicaci\u00f3n, que muta y se transforma en funci\u00f3n de la din\u00e1mica cultural, seguramente vamos a estar de acuerdo. Pero claro, si la usamos como un recurso para provocar, para visibilizar y para aportar a una mirada hol\u00edstica de los procesos sociales, estamos lapidando las bases p\u00e9treas de la moral occidental y cristiana.<\/p>\n<\/div>\n<div dir=\"auto\">\n<p>A muchas personas nos ha costado digerir el primer impacto de los giros de provocaci\u00f3n representados por el uso de lo que hoy podr\u00edamos considerar la base de una jerga, pero hacerlo siempre termina entreg\u00e1ndonos una felicidad evolutiva.<\/p>\n<p>&nbsp;<\/p>\n<\/div>\n<div dir=\"auto\">\n<p>El lunfardo es una jerga muy popular y nadie se espanta de usarla. Y como toda jerga, el lunfardo tambi\u00e9n represent\u00f3 un motivo de resistencia y desprecio a la poblaci\u00f3n marginal y a las comunidades carcelarias. La jerigonza, tan habitual en las infancias de los setenta y los ochenta para encriptar los mensajes entre mayores, tampoco represent\u00f3 una amenaza para la integridad de la lengua, por ejemplo. Nada de esto result\u00f3 apocal\u00edptico. Y todo se sum\u00f3 y aport\u00f3 a ese caudal arrollador de la cultura.<\/p>\n<p>Y s\u00ed\u2026 a partir de esto podemos decir que \u00abEntender es con \u201ce\u201d\u00bb, porque la incorporaci\u00f3n de esa u otra part\u00edcula a la condici\u00f3n de g\u00e9nero de la palabra (x, *) no va a lesionar el buen romance ni har\u00e1 tambalear el templo de la gram\u00e1tica espa\u00f1ola, simplemente le va a entregar un alivio a personas que necesitan recursos, herramientas y condiciones para visibilizarse y luchar por sus derechos. Aqu\u00ed no se trata de cu\u00e1les son los giros idiom\u00e1ticos permitidos o prohibidos, se trata de cu\u00e1nto nos molesta la libertad de determinados grupos de personas. No pudieron con la Ley de Matrimonio Igualitario, no pudieron con la Ley de Identidad de G\u00e9nero, malo ser\u00e1 que puedan con una herramienta m\u00ednima que le permite, a tantas personas que necesitan visibilizar su derecho a ser, la oportunidad de decir, simplemente: \u00abyo estoy aqu\u00ed\u00bb.<\/p>\n<p>&nbsp;<\/p>\n<\/div>\n<div dir=\"auto\">\n<p>(*) Publicista y consultor pol\u00edtico.<br \/>\nDirector de Contenidos del <a href=\"https:\/\/www.lapampa.gob.ar\/\">gobierno<\/a> de La Pampa<\/p>\n<figure id=\"attachment_64978\" aria-describedby=\"caption-attachment-64978\" style=\"width: 532px\" class=\"wp-caption aligncenter\"><img loading=\"lazy\" decoding=\"async\" class=\" wp-image-64978\" src=\"https:\/\/diariofemenino.com.ar\/df\/wp-content\/uploads\/2022\/06\/image0-1-1024x1024.png\" alt=\"Entender es con \u201ce\u201d\" width=\"532\" height=\"532\" \/><figcaption id=\"caption-attachment-64978\" class=\"wp-caption-text\">Entender es con \u201ce\u201d<\/figcaption><\/figure>\n<\/div>\n","protected":false},"excerpt":{"rendered":"<p>Abstraerse de lo que representa la provocaci\u00f3n, como herramienta creativa y popular, para visibilizar las luchas, personal y colectiva, de las personas marginadas, excluidas y violentadas por tantos sistemas de costumbres basados en preceptos morales construidos desde el prejuicio, demuestra la falta de sensibilidad de los sectores m\u00e1s reaccionarios, incapaces de aceptar la celebraci\u00f3n de [&hellip;]<\/p>\n","protected":false},"author":4,"featured_media":64985,"comment_status":"open","ping_status":"open","sticky":false,"template":"","format":"standard","meta":{"iawp_total_views":8,"footnotes":""},"categories":[1067,178,9,3,627,21],"tags":[3493,30,5292,5296,5291,5295,1470,5294,5293,555],"class_list":["post-64975","post","type-post","status-publish","format-standard","has-post-thumbnail","hentry","category-agenda-feminista","category-articulos-y-comunicados","category-de-esi-si-se-habla","category-de-la-revolucion-al-reaprendizaje","category-genero-y-derechos-humanos","category-noticias","tag-carlos-gossio","tag-derechos-humanos","tag-dinamica","tag-herramienta","tag-lengua","tag-lenguaje-politico","tag-luchas","tag-personas","tag-provocacion","tag-ro-ferrer"],"nelio_content":{"autoShareEndMode":"never","automationSources":{"useCustomSentences":false,"customSentences":[]},"efiAlt":"","efiUrl":"","followers":[4],"highlights":[],"isAutoShareEnabled":true,"networkImageIds":[],"permalinkQueryArgs":[],"series":[],"suggestedReferences":[]},"yoast_head":"<!-- This site is optimized with the Yoast SEO plugin v27.4 - https:\/\/yoast.com\/product\/yoast-seo-wordpress\/ -->\n<title>Entender es con \u201ce\u201d - Diario Digital Femenino<\/title>\n<meta name=\"description\" content=\"Entender. Si decimos que la lengua es la herramienta viva de la comunicaci\u00f3n, que muta y se transforma en funci\u00f3n de la din\u00e1mica cultural...\" \/>\n<meta name=\"robots\" content=\"index, follow, max-snippet:-1, max-image-preview:large, max-video-preview:-1\" \/>\n<link rel=\"canonical\" href=\"https:\/\/diariofemenino.com.ar\/df\/entender-es-con-e\/\" \/>\n<meta property=\"og:locale\" content=\"es_ES\" \/>\n<meta property=\"og:type\" content=\"article\" \/>\n<meta property=\"og:title\" content=\"Entender es con \u201ce\u201d - Diario Digital Femenino\" \/>\n<meta property=\"og:description\" content=\"Entender. Si decimos que la lengua es la herramienta viva de la comunicaci\u00f3n, que muta y se transforma en funci\u00f3n de la din\u00e1mica cultural...\" \/>\n<meta property=\"og:url\" content=\"https:\/\/diariofemenino.com.ar\/df\/entender-es-con-e\/\" \/>\n<meta property=\"og:site_name\" content=\"Diario Digital Femenino\" \/>\n<meta property=\"article:publisher\" content=\"https:\/\/www.facebook.com\/DiarioDigitaFemenino\/\" \/>\n<meta property=\"article:published_time\" content=\"2022-06-13T16:21:35+00:00\" \/>\n<meta property=\"article:modified_time\" content=\"2022-06-13T16:57:47+00:00\" \/>\n<meta property=\"og:image\" content=\"https:\/\/diariofemenino.com.ar\/df\/wp-content\/uploads\/2022\/06\/Ro-ferrer-.jpg\" \/>\n\t<meta property=\"og:image:width\" content=\"1229\" \/>\n\t<meta property=\"og:image:height\" content=\"1229\" \/>\n\t<meta property=\"og:image:type\" content=\"image\/jpeg\" \/>\n<meta name=\"author\" content=\"Admin\" \/>\n<meta name=\"twitter:card\" content=\"summary_large_image\" \/>\n<meta name=\"twitter:creator\" content=\"@DiarioFemenino1\" \/>\n<meta name=\"twitter:site\" content=\"@DiarioFemenino1\" \/>\n<meta name=\"twitter:label1\" content=\"Escrito por\" \/>\n\t<meta name=\"twitter:data1\" content=\"Admin\" \/>\n\t<meta name=\"twitter:label2\" content=\"Tiempo de lectura\" \/>\n\t<meta name=\"twitter:data2\" content=\"2 minutos\" \/>\n<script type=\"application\/ld+json\" class=\"yoast-schema-graph\">{\"@context\":\"https:\\\/\\\/schema.org\",\"@graph\":[{\"@type\":\"Article\",\"@id\":\"https:\\\/\\\/diariofemenino.com.ar\\\/df\\\/entender-es-con-e\\\/#article\",\"isPartOf\":{\"@id\":\"https:\\\/\\\/diariofemenino.com.ar\\\/df\\\/entender-es-con-e\\\/\"},\"author\":{\"name\":\"Admin\",\"@id\":\"https:\\\/\\\/diariofemenino.com.ar\\\/df\\\/#\\\/schema\\\/person\\\/bf6199e8158c657ea6f789b11ec85509\"},\"headline\":\"Entender es con \u201ce\u201d\",\"datePublished\":\"2022-06-13T16:21:35+00:00\",\"dateModified\":\"2022-06-13T16:57:47+00:00\",\"mainEntityOfPage\":{\"@id\":\"https:\\\/\\\/diariofemenino.com.ar\\\/df\\\/entender-es-con-e\\\/\"},\"wordCount\":466,\"commentCount\":0,\"publisher\":{\"@id\":\"https:\\\/\\\/diariofemenino.com.ar\\\/df\\\/#organization\"},\"image\":{\"@id\":\"https:\\\/\\\/diariofemenino.com.ar\\\/df\\\/entender-es-con-e\\\/#primaryimage\"},\"thumbnailUrl\":\"https:\\\/\\\/diariofemenino.com.ar\\\/df\\\/wp-content\\\/uploads\\\/2022\\\/06\\\/Ro-ferrer-.jpg\",\"keywords\":[\"Carlos Gossio\",\"Derechos Humanos\",\"Din\u00e1mica\",\"Herramienta\",\"Lengua\",\"Lenguaje pol\u00edtico\",\"luchas\",\"Personas\",\"Provocaci\u00f3n\",\"Ro Ferrer\"],\"articleSection\":[\"Agenda Feminista\",\"Art\u00edculos y Comunicados\",\"De ESI S\u00ed Se Habla\",\"De la Revoluci\u00f3n al Reaprendizaje\",\"G\u00e9nero y Derechos Humanos\",\"Noticias\"],\"inLanguage\":\"es\",\"potentialAction\":[{\"@type\":\"CommentAction\",\"name\":\"Comment\",\"target\":[\"https:\\\/\\\/diariofemenino.com.ar\\\/df\\\/entender-es-con-e\\\/#respond\"]}]},{\"@type\":\"WebPage\",\"@id\":\"https:\\\/\\\/diariofemenino.com.ar\\\/df\\\/entender-es-con-e\\\/\",\"url\":\"https:\\\/\\\/diariofemenino.com.ar\\\/df\\\/entender-es-con-e\\\/\",\"name\":\"Entender es con \u201ce\u201d - Diario Digital Femenino\",\"isPartOf\":{\"@id\":\"https:\\\/\\\/diariofemenino.com.ar\\\/df\\\/#website\"},\"primaryImageOfPage\":{\"@id\":\"https:\\\/\\\/diariofemenino.com.ar\\\/df\\\/entender-es-con-e\\\/#primaryimage\"},\"image\":{\"@id\":\"https:\\\/\\\/diariofemenino.com.ar\\\/df\\\/entender-es-con-e\\\/#primaryimage\"},\"thumbnailUrl\":\"https:\\\/\\\/diariofemenino.com.ar\\\/df\\\/wp-content\\\/uploads\\\/2022\\\/06\\\/Ro-ferrer-.jpg\",\"datePublished\":\"2022-06-13T16:21:35+00:00\",\"dateModified\":\"2022-06-13T16:57:47+00:00\",\"description\":\"Entender. Si decimos que la lengua es la herramienta viva de la comunicaci\u00f3n, que muta y se transforma en funci\u00f3n de la din\u00e1mica cultural...\",\"breadcrumb\":{\"@id\":\"https:\\\/\\\/diariofemenino.com.ar\\\/df\\\/entender-es-con-e\\\/#breadcrumb\"},\"inLanguage\":\"es\",\"potentialAction\":[{\"@type\":\"ReadAction\",\"target\":[\"https:\\\/\\\/diariofemenino.com.ar\\\/df\\\/entender-es-con-e\\\/\"]}]},{\"@type\":\"ImageObject\",\"inLanguage\":\"es\",\"@id\":\"https:\\\/\\\/diariofemenino.com.ar\\\/df\\\/entender-es-con-e\\\/#primaryimage\",\"url\":\"https:\\\/\\\/diariofemenino.com.ar\\\/df\\\/wp-content\\\/uploads\\\/2022\\\/06\\\/Ro-ferrer-.jpg\",\"contentUrl\":\"https:\\\/\\\/diariofemenino.com.ar\\\/df\\\/wp-content\\\/uploads\\\/2022\\\/06\\\/Ro-ferrer-.jpg\",\"width\":1229,\"height\":1229,\"caption\":\"Entender es con \u201ce\u201d\"},{\"@type\":\"BreadcrumbList\",\"@id\":\"https:\\\/\\\/diariofemenino.com.ar\\\/df\\\/entender-es-con-e\\\/#breadcrumb\",\"itemListElement\":[{\"@type\":\"ListItem\",\"position\":1,\"name\":\"Portada\",\"item\":\"https:\\\/\\\/diariofemenino.com.ar\\\/df\\\/\"},{\"@type\":\"ListItem\",\"position\":2,\"name\":\"Entender es con \u201ce\u201d\"}]},{\"@type\":\"WebSite\",\"@id\":\"https:\\\/\\\/diariofemenino.com.ar\\\/df\\\/#website\",\"url\":\"https:\\\/\\\/diariofemenino.com.ar\\\/df\\\/\",\"name\":\"Diario Digital Femenino\",\"description\":\"Cuesti\u00f3n de G\u00e9nero\",\"publisher\":{\"@id\":\"https:\\\/\\\/diariofemenino.com.ar\\\/df\\\/#organization\"},\"potentialAction\":[{\"@type\":\"SearchAction\",\"target\":{\"@type\":\"EntryPoint\",\"urlTemplate\":\"https:\\\/\\\/diariofemenino.com.ar\\\/df\\\/?s={search_term_string}\"},\"query-input\":{\"@type\":\"PropertyValueSpecification\",\"valueRequired\":true,\"valueName\":\"search_term_string\"}}],\"inLanguage\":\"es\"},{\"@type\":\"Organization\",\"@id\":\"https:\\\/\\\/diariofemenino.com.ar\\\/df\\\/#organization\",\"name\":\"Diario Femenino\",\"url\":\"https:\\\/\\\/diariofemenino.com.ar\\\/df\\\/\",\"logo\":{\"@type\":\"ImageObject\",\"inLanguage\":\"es\",\"@id\":\"https:\\\/\\\/diariofemenino.com.ar\\\/df\\\/#\\\/schema\\\/logo\\\/image\\\/\",\"url\":\"https:\\\/\\\/diariofemenino.com.ar\\\/df\\\/wp-content\\\/uploads\\\/2018\\\/10\\\/logo.png\",\"contentUrl\":\"https:\\\/\\\/diariofemenino.com.ar\\\/df\\\/wp-content\\\/uploads\\\/2018\\\/10\\\/logo.png\",\"width\":500,\"height\":92,\"caption\":\"Diario Femenino\"},\"image\":{\"@id\":\"https:\\\/\\\/diariofemenino.com.ar\\\/df\\\/#\\\/schema\\\/logo\\\/image\\\/\"},\"sameAs\":[\"https:\\\/\\\/www.facebook.com\\\/DiarioDigitaFemenino\\\/\",\"https:\\\/\\\/x.com\\\/DiarioFemenino1\"]},{\"@type\":\"Person\",\"@id\":\"https:\\\/\\\/diariofemenino.com.ar\\\/df\\\/#\\\/schema\\\/person\\\/bf6199e8158c657ea6f789b11ec85509\",\"name\":\"Admin\",\"image\":{\"@type\":\"ImageObject\",\"inLanguage\":\"es\",\"@id\":\"https:\\\/\\\/diariofemenino.com.ar\\\/df\\\/wp-content\\\/uploads\\\/2018\\\/12\\\/favicon-150x150.jpg\",\"url\":\"https:\\\/\\\/diariofemenino.com.ar\\\/df\\\/wp-content\\\/uploads\\\/2018\\\/12\\\/favicon-150x150.jpg\",\"contentUrl\":\"https:\\\/\\\/diariofemenino.com.ar\\\/df\\\/wp-content\\\/uploads\\\/2018\\\/12\\\/favicon-150x150.jpg\",\"caption\":\"Admin\"},\"url\":\"https:\\\/\\\/diariofemenino.com.ar\\\/df\\\/author\\\/lenny\\\/\"}]}<\/script>\n<!-- \/ Yoast SEO plugin. -->","yoast_head_json":{"title":"Entender es con \u201ce\u201d - Diario Digital Femenino","description":"Entender. Si decimos que la lengua es la herramienta viva de la comunicaci\u00f3n, que muta y se transforma en funci\u00f3n de la din\u00e1mica cultural...","robots":{"index":"index","follow":"follow","max-snippet":"max-snippet:-1","max-image-preview":"max-image-preview:large","max-video-preview":"max-video-preview:-1"},"canonical":"https:\/\/diariofemenino.com.ar\/df\/entender-es-con-e\/","og_locale":"es_ES","og_type":"article","og_title":"Entender es con \u201ce\u201d - Diario Digital Femenino","og_description":"Entender. Si decimos que la lengua es la herramienta viva de la comunicaci\u00f3n, que muta y se transforma en funci\u00f3n de la din\u00e1mica cultural...","og_url":"https:\/\/diariofemenino.com.ar\/df\/entender-es-con-e\/","og_site_name":"Diario Digital Femenino","article_publisher":"https:\/\/www.facebook.com\/DiarioDigitaFemenino\/","article_published_time":"2022-06-13T16:21:35+00:00","article_modified_time":"2022-06-13T16:57:47+00:00","og_image":[{"width":1229,"height":1229,"url":"https:\/\/diariofemenino.com.ar\/df\/wp-content\/uploads\/2022\/06\/Ro-ferrer-.jpg","type":"image\/jpeg"}],"author":"Admin","twitter_card":"summary_large_image","twitter_creator":"@DiarioFemenino1","twitter_site":"@DiarioFemenino1","twitter_misc":{"Escrito por":"Admin","Tiempo de lectura":"2 minutos"},"schema":{"@context":"https:\/\/schema.org","@graph":[{"@type":"Article","@id":"https:\/\/diariofemenino.com.ar\/df\/entender-es-con-e\/#article","isPartOf":{"@id":"https:\/\/diariofemenino.com.ar\/df\/entender-es-con-e\/"},"author":{"name":"Admin","@id":"https:\/\/diariofemenino.com.ar\/df\/#\/schema\/person\/bf6199e8158c657ea6f789b11ec85509"},"headline":"Entender es con \u201ce\u201d","datePublished":"2022-06-13T16:21:35+00:00","dateModified":"2022-06-13T16:57:47+00:00","mainEntityOfPage":{"@id":"https:\/\/diariofemenino.com.ar\/df\/entender-es-con-e\/"},"wordCount":466,"commentCount":0,"publisher":{"@id":"https:\/\/diariofemenino.com.ar\/df\/#organization"},"image":{"@id":"https:\/\/diariofemenino.com.ar\/df\/entender-es-con-e\/#primaryimage"},"thumbnailUrl":"https:\/\/diariofemenino.com.ar\/df\/wp-content\/uploads\/2022\/06\/Ro-ferrer-.jpg","keywords":["Carlos Gossio","Derechos Humanos","Din\u00e1mica","Herramienta","Lengua","Lenguaje pol\u00edtico","luchas","Personas","Provocaci\u00f3n","Ro Ferrer"],"articleSection":["Agenda Feminista","Art\u00edculos y Comunicados","De ESI S\u00ed Se Habla","De la Revoluci\u00f3n al Reaprendizaje","G\u00e9nero y Derechos Humanos","Noticias"],"inLanguage":"es","potentialAction":[{"@type":"CommentAction","name":"Comment","target":["https:\/\/diariofemenino.com.ar\/df\/entender-es-con-e\/#respond"]}]},{"@type":"WebPage","@id":"https:\/\/diariofemenino.com.ar\/df\/entender-es-con-e\/","url":"https:\/\/diariofemenino.com.ar\/df\/entender-es-con-e\/","name":"Entender es con \u201ce\u201d - Diario Digital Femenino","isPartOf":{"@id":"https:\/\/diariofemenino.com.ar\/df\/#website"},"primaryImageOfPage":{"@id":"https:\/\/diariofemenino.com.ar\/df\/entender-es-con-e\/#primaryimage"},"image":{"@id":"https:\/\/diariofemenino.com.ar\/df\/entender-es-con-e\/#primaryimage"},"thumbnailUrl":"https:\/\/diariofemenino.com.ar\/df\/wp-content\/uploads\/2022\/06\/Ro-ferrer-.jpg","datePublished":"2022-06-13T16:21:35+00:00","dateModified":"2022-06-13T16:57:47+00:00","description":"Entender. Si decimos que la lengua es la herramienta viva de la comunicaci\u00f3n, que muta y se transforma en funci\u00f3n de la din\u00e1mica cultural...","breadcrumb":{"@id":"https:\/\/diariofemenino.com.ar\/df\/entender-es-con-e\/#breadcrumb"},"inLanguage":"es","potentialAction":[{"@type":"ReadAction","target":["https:\/\/diariofemenino.com.ar\/df\/entender-es-con-e\/"]}]},{"@type":"ImageObject","inLanguage":"es","@id":"https:\/\/diariofemenino.com.ar\/df\/entender-es-con-e\/#primaryimage","url":"https:\/\/diariofemenino.com.ar\/df\/wp-content\/uploads\/2022\/06\/Ro-ferrer-.jpg","contentUrl":"https:\/\/diariofemenino.com.ar\/df\/wp-content\/uploads\/2022\/06\/Ro-ferrer-.jpg","width":1229,"height":1229,"caption":"Entender es con \u201ce\u201d"},{"@type":"BreadcrumbList","@id":"https:\/\/diariofemenino.com.ar\/df\/entender-es-con-e\/#breadcrumb","itemListElement":[{"@type":"ListItem","position":1,"name":"Portada","item":"https:\/\/diariofemenino.com.ar\/df\/"},{"@type":"ListItem","position":2,"name":"Entender es con \u201ce\u201d"}]},{"@type":"WebSite","@id":"https:\/\/diariofemenino.com.ar\/df\/#website","url":"https:\/\/diariofemenino.com.ar\/df\/","name":"Diario Digital Femenino","description":"Cuesti\u00f3n de G\u00e9nero","publisher":{"@id":"https:\/\/diariofemenino.com.ar\/df\/#organization"},"potentialAction":[{"@type":"SearchAction","target":{"@type":"EntryPoint","urlTemplate":"https:\/\/diariofemenino.com.ar\/df\/?s={search_term_string}"},"query-input":{"@type":"PropertyValueSpecification","valueRequired":true,"valueName":"search_term_string"}}],"inLanguage":"es"},{"@type":"Organization","@id":"https:\/\/diariofemenino.com.ar\/df\/#organization","name":"Diario Femenino","url":"https:\/\/diariofemenino.com.ar\/df\/","logo":{"@type":"ImageObject","inLanguage":"es","@id":"https:\/\/diariofemenino.com.ar\/df\/#\/schema\/logo\/image\/","url":"https:\/\/diariofemenino.com.ar\/df\/wp-content\/uploads\/2018\/10\/logo.png","contentUrl":"https:\/\/diariofemenino.com.ar\/df\/wp-content\/uploads\/2018\/10\/logo.png","width":500,"height":92,"caption":"Diario Femenino"},"image":{"@id":"https:\/\/diariofemenino.com.ar\/df\/#\/schema\/logo\/image\/"},"sameAs":["https:\/\/www.facebook.com\/DiarioDigitaFemenino\/","https:\/\/x.com\/DiarioFemenino1"]},{"@type":"Person","@id":"https:\/\/diariofemenino.com.ar\/df\/#\/schema\/person\/bf6199e8158c657ea6f789b11ec85509","name":"Admin","image":{"@type":"ImageObject","inLanguage":"es","@id":"https:\/\/diariofemenino.com.ar\/df\/wp-content\/uploads\/2018\/12\/favicon-150x150.jpg","url":"https:\/\/diariofemenino.com.ar\/df\/wp-content\/uploads\/2018\/12\/favicon-150x150.jpg","contentUrl":"https:\/\/diariofemenino.com.ar\/df\/wp-content\/uploads\/2018\/12\/favicon-150x150.jpg","caption":"Admin"},"url":"https:\/\/diariofemenino.com.ar\/df\/author\/lenny\/"}]}},"jetpack_featured_media_url":"https:\/\/diariofemenino.com.ar\/df\/wp-content\/uploads\/2022\/06\/Ro-ferrer-.jpg","jetpack_sharing_enabled":true,"rttpg_featured_image_url":{"full":["https:\/\/diariofemenino.com.ar\/df\/wp-content\/uploads\/2022\/06\/Ro-ferrer-.jpg",1229,1229,false],"landscape":["https:\/\/diariofemenino.com.ar\/df\/wp-content\/uploads\/2022\/06\/Ro-ferrer-.jpg",1229,1229,false],"portraits":["https:\/\/diariofemenino.com.ar\/df\/wp-content\/uploads\/2022\/06\/Ro-ferrer-.jpg",1229,1229,false],"thumbnail":["https:\/\/diariofemenino.com.ar\/df\/wp-content\/uploads\/2022\/06\/Ro-ferrer--150x150.jpg",150,150,true],"medium":["https:\/\/diariofemenino.com.ar\/df\/wp-content\/uploads\/2022\/06\/Ro-ferrer--300x300.jpg",300,300,true],"large":["https:\/\/diariofemenino.com.ar\/df\/wp-content\/uploads\/2022\/06\/Ro-ferrer--1024x1024.jpg",1024,1024,true],"1536x1536":["https:\/\/diariofemenino.com.ar\/df\/wp-content\/uploads\/2022\/06\/Ro-ferrer-.jpg",1229,1229,false],"2048x2048":["https:\/\/diariofemenino.com.ar\/df\/wp-content\/uploads\/2022\/06\/Ro-ferrer-.jpg",1229,1229,false]},"rttpg_author":{"display_name":"Admin","author_link":"https:\/\/diariofemenino.com.ar\/df\/author\/lenny\/"},"rttpg_comment":0,"rttpg_category":"<a href=\"https:\/\/diariofemenino.com.ar\/df\/category\/agenda-feminista\/\" rel=\"category tag\">Agenda Feminista<\/a> <a href=\"https:\/\/diariofemenino.com.ar\/df\/category\/articulos-y-comunicados\/\" rel=\"category tag\">Art\u00edculos y Comunicados<\/a> <a href=\"https:\/\/diariofemenino.com.ar\/df\/category\/de-esi-si-se-habla\/\" rel=\"category tag\">De ESI S\u00ed Se Habla<\/a> <a href=\"https:\/\/diariofemenino.com.ar\/df\/category\/de-la-revolucion-al-reaprendizaje\/\" rel=\"category tag\">De la Revoluci\u00f3n al Reaprendizaje<\/a> <a href=\"https:\/\/diariofemenino.com.ar\/df\/category\/genero-y-derechos-humanos\/\" rel=\"category tag\">G\u00e9nero y Derechos Humanos<\/a> <a href=\"https:\/\/diariofemenino.com.ar\/df\/category\/noticias\/\" rel=\"category tag\">Noticias<\/a>","rttpg_excerpt":"Abstraerse de lo que representa la provocaci\u00f3n, como herramienta creativa y popular, para visibilizar las luchas, personal y colectiva, de las personas marginadas, excluidas y violentadas por tantos sistemas de costumbres basados en preceptos morales construidos desde el prejuicio, demuestra la falta de sensibilidad de los sectores m\u00e1s reaccionarios, incapaces de aceptar la celebraci\u00f3n de&hellip;","_links":{"self":[{"href":"https:\/\/diariofemenino.com.ar\/df\/wp-json\/wp\/v2\/posts\/64975","targetHints":{"allow":["GET"]}}],"collection":[{"href":"https:\/\/diariofemenino.com.ar\/df\/wp-json\/wp\/v2\/posts"}],"about":[{"href":"https:\/\/diariofemenino.com.ar\/df\/wp-json\/wp\/v2\/types\/post"}],"author":[{"embeddable":true,"href":"https:\/\/diariofemenino.com.ar\/df\/wp-json\/wp\/v2\/users\/4"}],"replies":[{"embeddable":true,"href":"https:\/\/diariofemenino.com.ar\/df\/wp-json\/wp\/v2\/comments?post=64975"}],"version-history":[{"count":0,"href":"https:\/\/diariofemenino.com.ar\/df\/wp-json\/wp\/v2\/posts\/64975\/revisions"}],"wp:featuredmedia":[{"embeddable":true,"href":"https:\/\/diariofemenino.com.ar\/df\/wp-json\/wp\/v2\/media\/64985"}],"wp:attachment":[{"href":"https:\/\/diariofemenino.com.ar\/df\/wp-json\/wp\/v2\/media?parent=64975"}],"wp:term":[{"taxonomy":"category","embeddable":true,"href":"https:\/\/diariofemenino.com.ar\/df\/wp-json\/wp\/v2\/categories?post=64975"},{"taxonomy":"post_tag","embeddable":true,"href":"https:\/\/diariofemenino.com.ar\/df\/wp-json\/wp\/v2\/tags?post=64975"}],"curies":[{"name":"wp","href":"https:\/\/api.w.org\/{rel}","templated":true}]}}