{"id":64954,"date":"2022-06-12T20:12:59","date_gmt":"2022-06-12T23:12:59","guid":{"rendered":"https:\/\/diariofemenino.com.ar\/df\/?p=64954"},"modified":"2022-06-13T08:12:58","modified_gmt":"2022-06-13T11:12:58","slug":"las-violencias-basadas-en-el-genero-como-ejes-de-desigualdad-economica-y-politica-para-mujeres-y-feminidades","status":"publish","type":"post","link":"https:\/\/diariofemenino.com.ar\/df\/las-violencias-basadas-en-el-genero-como-ejes-de-desigualdad-economica-y-politica-para-mujeres-y-feminidades\/","title":{"rendered":"Las violencias basadas en el g\u00e9nero como ejes de desigualdad econ\u00f3mica y pol\u00edtica para mujeres y feminidades"},"content":{"rendered":"<p>Pese a que hace casi 15 a\u00f1os nuestro pa\u00eds ostenta una ley se\u00f1era en materia de reconocimiento jur\u00eddico de las violencias que d\u00eda a d\u00eda, desde nuestra concepci\u00f3n y nacimiento, limitan nuestro margen de acci\u00f3n como mujeres en base a estereotipos y creencias sociales que perduran de lo que fue el patriarcado jur\u00eddico, y un grotesco ejercicio del poder machista; las condiciones materiales han cambiado poco para nosotras, cuando es una realidad cotidiana macabra la que nos marca cada d\u00eda al despertarnos sin saber qui\u00e9n de nosotras ser\u00e1 la que descanse en la morgue en lugar de en su cama al terminar la jornada.<\/p>\n<p>Por\u00a0<a href=\"https:\/\/diariofemenino.com.ar\/df\/transversalidad-de-la-perspectiva-de-genero\/\">Moira Goldenh\u00f6rn<\/a>*<\/p>\n<p>Es que sigue siendo una lucha interminable la comprensi\u00f3n social de las cadenas de causas y efectos que terminan en hechos tremendos e \u201cincomprensibles\u201d como son los femicidios directos y vinculados que tienen por v\u00edctimas a los hijos e hijas de las v\u00edctimas directas de la violencia machista. Decimos que para lograr erradicar los <a href=\"https:\/\/www.mpf.gob.ar\/ufem\/files\/2018\/03\/UFEM-Protocolo-para-la-investigaci%C3%B3n-y-litigio-de-casos-de-muertes-violentas-de-mujeres-femicidios.pdf\">femicidios<\/a> y travesticidios, debemos comprender las causas de que, directa y remotamente los generan.<\/p>\n<figure id=\"attachment_64955\" aria-describedby=\"caption-attachment-64955\" style=\"width: 474px\" class=\"wp-caption aligncenter\"><img loading=\"lazy\" decoding=\"async\" class=\"size-full wp-image-64955\" src=\"https:\/\/diariofemenino.com.ar\/df\/wp-content\/uploads\/2022\/06\/60406f4b4.jpg\" alt=\"Las violencias basadas en el g\u00e9nero como ejes de desigualdad econ\u00f3mica y pol\u00edtica para mujeres y feminidades\" width=\"474\" height=\"267\" srcset=\"https:\/\/diariofemenino.com.ar\/df\/wp-content\/uploads\/2022\/06\/60406f4b4.jpg 474w, https:\/\/diariofemenino.com.ar\/df\/wp-content\/uploads\/2022\/06\/60406f4b4-300x169.jpg 300w\" sizes=\"auto, (max-width: 474px) 100vw, 474px\" \/><figcaption id=\"caption-attachment-64955\" class=\"wp-caption-text\">Las violencias basadas en el g\u00e9nero como ejes de desigualdad econ\u00f3mica y pol\u00edtica para mujeres y feminidades<\/figcaption><\/figure>\n<p>La generalidad de las mujeres que terminan siendo v\u00edctimas de las m\u00e1s graves formas de violencia, han sido v\u00edctimas de todas las dem\u00e1s, ante la mirada social que naturaliza la subordinaci\u00f3n de la mujer en la sociedad recurriendo a prejuicios consolidados en argumentos religiosos, biologicistas o neurocient\u00edficos entre otros. Las mujeres seguimos apareciendo en el imaginario de quienes tienen a su cargo la toma de decisiones como necesitadas de tutela masculina, como peligrosas en los v\u00ednculos por sustraernos de ese control machista, como incapaces aunque tengamos sobradas credenciales en nuestras \u00e1reas de expertise, como conflictivas en grupos mayoritariamente de hombres, y, a fin de cuentas, como innecesarias y reemplazables en todos los \u00f3rdenes de la vida, hasta en la gestaci\u00f3n de los propios hijos e hijas.<\/p>\n<p><strong>Lenguaje, ideario poder y control social<\/strong><\/p>\n<p>Desde hace unos a\u00f1os, la inclusi\u00f3n de las mujeres y la diversidad sexual e identitaria en base al g\u00e9nero de personas en el lenguaje tension\u00f3 las pr\u00e1cticas sociales poniendo a prueba no s\u00f3lo la inclusi\u00f3n sino la tolerancia y el b\u00e1sico respeto. Es cierto que los cambios sociales no se generan desde la ling\u00fc\u00edstica, pero tambi\u00e9n es cierto que las batallas se libran en todos los campos, y la visibilizaci\u00f3n en palabras que nos permitan pensarnos de otras maneras que las estandarizadas por un orden patriarcal, racista y clasista sigue siendo necesaria. Sin embargo, la vanguardia ling\u00fc\u00edstica no va de la mano con las pr\u00e1cticas sociales, como tampoco ha ido la vanguardia legislativa en consonancia con las pr\u00e1cticas sociales en lo que hace al trato hacia las mujeres, feminidades y diversidades; fundamentalmente las pr\u00e1cticas sociales institucionales como son las pr\u00e1cticas judiciales, pol\u00edticas, sindicales, policiales, escolares, acad\u00e9micas, laborales&#8230;<\/p>\n<p>Debemos mencionar sin dudas que hoy, en un acto irracional, autoritario y sin m\u00e1s fundamento que el prejuicio, se proh\u00edbe en ciudad de esas, por una mujer que no es pedagoga, el uso del llamado \u00able guaje inclusivo\u00bb; pero todos los d\u00edas, desde siempre, se cercena en los hechos el derecho de bastante m\u00e1s de la mitad de la poblaci\u00f3n a vivir con dignidad. Y eso permanece invisible y naturalizado en el devenir de las relaciones interpersonales e institucionales para con las ciudadanas.<\/p>\n<p>Porque, pese a querer barnizar de una medida justa por ser mujer quien, autoritariamente y sin ninguna formaci\u00f3n en ling\u00fc\u00edstica o pedagog\u00eda, tom\u00f3 la disparatada decisi\u00f3n; lo evidente se impone: una vez m\u00e1s el abuso de poder que entra\u00f1a otra prohibici\u00f3n m\u00e1s para obstaculizar el camino hacia la plenitud y buen vivir de las personas y sus derechos hist\u00f3ricamente negados, invisibilizados y sometidos: las mujeres, feminidades y diversidades.<\/p>\n<p><strong>Poder, propiedad, econom\u00eda y prejuicios<\/strong><\/p>\n<p>Quiz\u00e1s una de las falacias mejor construidas y m\u00e1s repetidas desde la modernidad hasta los tiempos actuales sea la de haber logrado confundir el poder real con las instituciones pol\u00edticas. Ni los partidos pol\u00edticos, los sindicatos o los cargos institucionales (ni siquiera todos juntos) se aproximan a la realidad de las redes de poder que se tejen de manera transnacional e impactan de lleno en la vida cotidiana de la ciudadan\u00eda mediante la cartelizaci\u00f3n, los monopolios econ\u00f3micos y la propaganda hegemonizante que acompa\u00f1a su instalaci\u00f3n en los mercados internos de los pa\u00edses.<\/p>\n<p>As\u00ed, vemos claramente el sesgo de clase, etnia, nacionalidad y g\u00e9nero en los grupos econ\u00f3micos, ya que las mujeres est\u00e1n \u00ednfimamente representadas, por ejemplo, en los directorios de las sociedades comerciales. Y lo mismo vemos en la institucionalizaci\u00f3n estatal, porque no basta con tener una ley de paridad en los cuerpos legislativos, y no s\u00f3lo porque sabemos que muchas mujeres encarnan tambi\u00e9n un orden patriarcal, clasista o racista; sino que no tenemos paridad en los ministerios, en las Secretar\u00edas de Estado, en las Subsecretar\u00edas, Direcciones y Coordinaciones. NO se nos permite a las mujeres y feminidades desarrollar nuestras capacidades profesionales y t\u00e9cnicas, m\u00e1s que en los \u00e1mbitos \u201cde mujeres\u201d, es decir, feminizados: g\u00e9nero, trabajo social, ni\u00f1eces y adolescencias, educaci\u00f3n en niveles inicial y primario\u2026 Y justamente esos \u00e1mbitos feminizados, son los que peor remuneraci\u00f3n perciben.<\/p>\n<p>Algo similar ocurre con la propiedad privada: una \u00ednfima proporci\u00f3n de mujeres son propietarias de las viviendas que habitan, una \u00ednfima proporci\u00f3n de mujeres son propietarias de las empresas familiares que adquirieron por herencia; a la vez que una enorme cantidad de mujeres son excluidas por sus parejas de la propiedad familiar com\u00fan y por sus hermanos de las herencias familiares. Poder, poder econ\u00f3mico, poder patriarcal, patrimonial: no apto para las mujeres y feminidades.<\/p>\n<p>La dependencia econ\u00f3mica es la sujeci\u00f3n femenina al hombre por excelencia, pero tambi\u00e9n lo es la responsabilidad exclusiva en las tareas de cuidados. Dinero y tiempo, energ\u00eda y deseo; hist\u00f3ricamente privados del disfrute femenino, comprometidos para con los otros y nunca con una misma.<\/p>\n<p>As\u00ed comienza la historia en la biograf\u00eda de cada una, al ser moldeadas socialmente para las dem\u00e1s personas y nunca para la escucha propia, la atenci\u00f3n de las propias necesidades, la vivencia del propio deseo, la planificaci\u00f3n del cumplimiento de los propios sue\u00f1os para que sean una realidad palpable. Y muchas de esas biograf\u00edas terminan en tormentosas c\u00e1rceles vinculares, institucionales, o la morgue.<\/p>\n<p>Debemos comprender entonces d\u00f3nde est\u00e1n los ejes de la desigualdad, ya que los mismos radican en una flagrante violaci\u00f3n a los derechos humanos de las mujeres y feminidades, para que el compromiso de correrlos sea compartido por la sociedad, de modo tal que podamos trazar otros diagramas m\u00e1s equitativos para nuestras vidas femeninas.<\/p>\n<p>(*) Abogada feminista, Mnd. en Cs. Sociales y Humanidades,\u00a0Docente especializada, Investigadora en Sociolog\u00eda Jur\u00eddica.<br \/>\nColumnista de\u00a0<a href=\"https:\/\/www.instagram.com\/diariodigitalfemenino_\/\">Diario Digital Femenino<\/a>\u00a0\u2013\u00a0<a href=\"https:\/\/diariofemenino.com.ar\/df\/category\/genero-y-derechos-humanos\/\">G\u00e9nero y Derechos Humanos<\/a><\/p>\n","protected":false},"excerpt":{"rendered":"<p>Pese a que hace casi 15 a\u00f1os nuestro pa\u00eds ostenta una ley se\u00f1era en materia de reconocimiento jur\u00eddico de las violencias que d\u00eda a d\u00eda, desde nuestra concepci\u00f3n y nacimiento, limitan nuestro margen de acci\u00f3n como mujeres en base a estereotipos y creencias sociales que perduran de lo que fue el patriarcado jur\u00eddico, y un [&hellip;]<\/p>\n","protected":false},"author":4,"featured_media":64956,"comment_status":"open","ping_status":"open","sticky":false,"template":"","format":"standard","meta":{"iawp_total_views":6,"footnotes":""},"categories":[7,1067,178,627,21,23,592],"tags":[1230,4372,3141,173,2663],"class_list":["post-64954","post","type-post","status-publish","format-standard","has-post-thumbnail","hentry","category-actividades","category-agenda-feminista","category-articulos-y-comunicados","category-genero-y-derechos-humanos","category-noticias","category-salud","category-violencias","tag-desigualdad","tag-destacada","tag-moira-goldenhorn","tag-violencia-economica","tag-violencia-politica"],"nelio_content":{"autoShareEndMode":"never","automationSources":{"useCustomSentences":false,"customSentences":[]},"efiAlt":"","efiUrl":"","followers":[4],"highlights":[],"isAutoShareEnabled":true,"networkImageIds":[],"permalinkQueryArgs":[],"series":[],"suggestedReferences":[]},"yoast_head":"<!-- This site is optimized with the Yoast SEO plugin v27.5 - https:\/\/yoast.com\/product\/yoast-seo-wordpress\/ -->\n<title>Las violencias basadas en el g\u00e9nero como ejes de desigualdad econ\u00f3mica y pol\u00edtica para mujeres y feminidades - Diario Digital Femenino<\/title>\n<meta name=\"description\" content=\"Las violencias basadas en el g\u00e9nero. Sigue siendo una lucha interminable la comprensi\u00f3n social de las cadenas de causas y efectos...\" \/>\n<meta name=\"robots\" content=\"index, follow, max-snippet:-1, max-image-preview:large, max-video-preview:-1\" \/>\n<link rel=\"canonical\" href=\"https:\/\/diariofemenino.com.ar\/df\/las-violencias-basadas-en-el-genero-como-ejes-de-desigualdad-economica-y-politica-para-mujeres-y-feminidades\/\" \/>\n<meta property=\"og:locale\" content=\"es_ES\" \/>\n<meta property=\"og:type\" content=\"article\" \/>\n<meta property=\"og:title\" content=\"Las violencias basadas en el g\u00e9nero como ejes de desigualdad econ\u00f3mica y pol\u00edtica para mujeres y feminidades - Diario Digital Femenino\" \/>\n<meta property=\"og:description\" content=\"Las violencias basadas en el g\u00e9nero. Sigue siendo una lucha interminable la comprensi\u00f3n social de las cadenas de causas y efectos...\" \/>\n<meta property=\"og:url\" content=\"https:\/\/diariofemenino.com.ar\/df\/las-violencias-basadas-en-el-genero-como-ejes-de-desigualdad-economica-y-politica-para-mujeres-y-feminidades\/\" \/>\n<meta property=\"og:site_name\" content=\"Diario Digital Femenino\" \/>\n<meta property=\"article:publisher\" content=\"https:\/\/www.facebook.com\/DiarioDigitaFemenino\/\" \/>\n<meta property=\"article:published_time\" content=\"2022-06-12T23:12:59+00:00\" \/>\n<meta property=\"article:modified_time\" content=\"2022-06-13T11:12:58+00:00\" \/>\n<meta property=\"og:image\" content=\"https:\/\/diariofemenino.com.ar\/df\/wp-content\/uploads\/2022\/06\/onu-mujeres-mystory-violencia-domestica-2018.jpg_729188885.jpg\" \/>\n\t<meta property=\"og:image:width\" content=\"800\" \/>\n\t<meta property=\"og:image:height\" content=\"450\" \/>\n\t<meta property=\"og:image:type\" content=\"image\/jpeg\" \/>\n<meta name=\"author\" content=\"Admin\" \/>\n<meta name=\"twitter:card\" content=\"summary_large_image\" \/>\n<meta name=\"twitter:creator\" content=\"@DiarioFemenino1\" \/>\n<meta name=\"twitter:site\" content=\"@DiarioFemenino1\" \/>\n<meta name=\"twitter:label1\" content=\"Escrito por\" \/>\n\t<meta name=\"twitter:data1\" content=\"Admin\" \/>\n\t<meta name=\"twitter:label2\" content=\"Tiempo de lectura\" \/>\n\t<meta name=\"twitter:data2\" content=\"6 minutos\" \/>\n<script type=\"application\/ld+json\" class=\"yoast-schema-graph\">{\"@context\":\"https:\\\/\\\/schema.org\",\"@graph\":[{\"@type\":\"Article\",\"@id\":\"https:\\\/\\\/diariofemenino.com.ar\\\/df\\\/las-violencias-basadas-en-el-genero-como-ejes-de-desigualdad-economica-y-politica-para-mujeres-y-feminidades\\\/#article\",\"isPartOf\":{\"@id\":\"https:\\\/\\\/diariofemenino.com.ar\\\/df\\\/las-violencias-basadas-en-el-genero-como-ejes-de-desigualdad-economica-y-politica-para-mujeres-y-feminidades\\\/\"},\"author\":{\"name\":\"Admin\",\"@id\":\"https:\\\/\\\/diariofemenino.com.ar\\\/df\\\/#\\\/schema\\\/person\\\/bf6199e8158c657ea6f789b11ec85509\"},\"headline\":\"Las violencias basadas en el g\u00e9nero como ejes de desigualdad econ\u00f3mica y pol\u00edtica para mujeres y feminidades\",\"datePublished\":\"2022-06-12T23:12:59+00:00\",\"dateModified\":\"2022-06-13T11:12:58+00:00\",\"mainEntityOfPage\":{\"@id\":\"https:\\\/\\\/diariofemenino.com.ar\\\/df\\\/las-violencias-basadas-en-el-genero-como-ejes-de-desigualdad-economica-y-politica-para-mujeres-y-feminidades\\\/\"},\"wordCount\":1242,\"commentCount\":0,\"publisher\":{\"@id\":\"https:\\\/\\\/diariofemenino.com.ar\\\/df\\\/#organization\"},\"image\":{\"@id\":\"https:\\\/\\\/diariofemenino.com.ar\\\/df\\\/las-violencias-basadas-en-el-genero-como-ejes-de-desigualdad-economica-y-politica-para-mujeres-y-feminidades\\\/#primaryimage\"},\"thumbnailUrl\":\"https:\\\/\\\/diariofemenino.com.ar\\\/df\\\/wp-content\\\/uploads\\\/2022\\\/06\\\/onu-mujeres-mystory-violencia-domestica-2018.jpg_729188885.jpg\",\"keywords\":[\"desigualdad\",\"Destacada\",\"Moira Goldenh\u00f6rn\",\"Violencia econ\u00f3mica\",\"Violencia pol\u00edtica\"],\"articleSection\":[\"Actividades\",\"Agenda Feminista\",\"Art\u00edculos y Comunicados\",\"G\u00e9nero y Derechos Humanos\",\"Noticias\",\"Salud\",\"Violencias\"],\"inLanguage\":\"es\",\"potentialAction\":[{\"@type\":\"CommentAction\",\"name\":\"Comment\",\"target\":[\"https:\\\/\\\/diariofemenino.com.ar\\\/df\\\/las-violencias-basadas-en-el-genero-como-ejes-de-desigualdad-economica-y-politica-para-mujeres-y-feminidades\\\/#respond\"]}]},{\"@type\":\"WebPage\",\"@id\":\"https:\\\/\\\/diariofemenino.com.ar\\\/df\\\/las-violencias-basadas-en-el-genero-como-ejes-de-desigualdad-economica-y-politica-para-mujeres-y-feminidades\\\/\",\"url\":\"https:\\\/\\\/diariofemenino.com.ar\\\/df\\\/las-violencias-basadas-en-el-genero-como-ejes-de-desigualdad-economica-y-politica-para-mujeres-y-feminidades\\\/\",\"name\":\"Las violencias basadas en el g\u00e9nero como ejes de desigualdad econ\u00f3mica y pol\u00edtica para mujeres y feminidades - Diario Digital Femenino\",\"isPartOf\":{\"@id\":\"https:\\\/\\\/diariofemenino.com.ar\\\/df\\\/#website\"},\"primaryImageOfPage\":{\"@id\":\"https:\\\/\\\/diariofemenino.com.ar\\\/df\\\/las-violencias-basadas-en-el-genero-como-ejes-de-desigualdad-economica-y-politica-para-mujeres-y-feminidades\\\/#primaryimage\"},\"image\":{\"@id\":\"https:\\\/\\\/diariofemenino.com.ar\\\/df\\\/las-violencias-basadas-en-el-genero-como-ejes-de-desigualdad-economica-y-politica-para-mujeres-y-feminidades\\\/#primaryimage\"},\"thumbnailUrl\":\"https:\\\/\\\/diariofemenino.com.ar\\\/df\\\/wp-content\\\/uploads\\\/2022\\\/06\\\/onu-mujeres-mystory-violencia-domestica-2018.jpg_729188885.jpg\",\"datePublished\":\"2022-06-12T23:12:59+00:00\",\"dateModified\":\"2022-06-13T11:12:58+00:00\",\"description\":\"Las violencias basadas en el g\u00e9nero. Sigue siendo una lucha interminable la comprensi\u00f3n social de las cadenas de causas y efectos...\",\"breadcrumb\":{\"@id\":\"https:\\\/\\\/diariofemenino.com.ar\\\/df\\\/las-violencias-basadas-en-el-genero-como-ejes-de-desigualdad-economica-y-politica-para-mujeres-y-feminidades\\\/#breadcrumb\"},\"inLanguage\":\"es\",\"potentialAction\":[{\"@type\":\"ReadAction\",\"target\":[\"https:\\\/\\\/diariofemenino.com.ar\\\/df\\\/las-violencias-basadas-en-el-genero-como-ejes-de-desigualdad-economica-y-politica-para-mujeres-y-feminidades\\\/\"]}]},{\"@type\":\"ImageObject\",\"inLanguage\":\"es\",\"@id\":\"https:\\\/\\\/diariofemenino.com.ar\\\/df\\\/las-violencias-basadas-en-el-genero-como-ejes-de-desigualdad-economica-y-politica-para-mujeres-y-feminidades\\\/#primaryimage\",\"url\":\"https:\\\/\\\/diariofemenino.com.ar\\\/df\\\/wp-content\\\/uploads\\\/2022\\\/06\\\/onu-mujeres-mystory-violencia-domestica-2018.jpg_729188885.jpg\",\"contentUrl\":\"https:\\\/\\\/diariofemenino.com.ar\\\/df\\\/wp-content\\\/uploads\\\/2022\\\/06\\\/onu-mujeres-mystory-violencia-domestica-2018.jpg_729188885.jpg\",\"width\":800,\"height\":450,\"caption\":\"Las violencias basadas en el g\u00e9nero como ejes de desigualdad econ\u00f3mica y pol\u00edtica para mujeres y feminidades\"},{\"@type\":\"BreadcrumbList\",\"@id\":\"https:\\\/\\\/diariofemenino.com.ar\\\/df\\\/las-violencias-basadas-en-el-genero-como-ejes-de-desigualdad-economica-y-politica-para-mujeres-y-feminidades\\\/#breadcrumb\",\"itemListElement\":[{\"@type\":\"ListItem\",\"position\":1,\"name\":\"Portada\",\"item\":\"https:\\\/\\\/diariofemenino.com.ar\\\/df\\\/\"},{\"@type\":\"ListItem\",\"position\":2,\"name\":\"Las violencias basadas en el g\u00e9nero como ejes de desigualdad econ\u00f3mica y pol\u00edtica para mujeres y feminidades\"}]},{\"@type\":\"WebSite\",\"@id\":\"https:\\\/\\\/diariofemenino.com.ar\\\/df\\\/#website\",\"url\":\"https:\\\/\\\/diariofemenino.com.ar\\\/df\\\/\",\"name\":\"Diario Digital Femenino\",\"description\":\"Cuesti\u00f3n de G\u00e9nero\",\"publisher\":{\"@id\":\"https:\\\/\\\/diariofemenino.com.ar\\\/df\\\/#organization\"},\"potentialAction\":[{\"@type\":\"SearchAction\",\"target\":{\"@type\":\"EntryPoint\",\"urlTemplate\":\"https:\\\/\\\/diariofemenino.com.ar\\\/df\\\/?s={search_term_string}\"},\"query-input\":{\"@type\":\"PropertyValueSpecification\",\"valueRequired\":true,\"valueName\":\"search_term_string\"}}],\"inLanguage\":\"es\"},{\"@type\":\"Organization\",\"@id\":\"https:\\\/\\\/diariofemenino.com.ar\\\/df\\\/#organization\",\"name\":\"Diario Femenino\",\"url\":\"https:\\\/\\\/diariofemenino.com.ar\\\/df\\\/\",\"logo\":{\"@type\":\"ImageObject\",\"inLanguage\":\"es\",\"@id\":\"https:\\\/\\\/diariofemenino.com.ar\\\/df\\\/#\\\/schema\\\/logo\\\/image\\\/\",\"url\":\"https:\\\/\\\/diariofemenino.com.ar\\\/df\\\/wp-content\\\/uploads\\\/2018\\\/10\\\/logo.png\",\"contentUrl\":\"https:\\\/\\\/diariofemenino.com.ar\\\/df\\\/wp-content\\\/uploads\\\/2018\\\/10\\\/logo.png\",\"width\":500,\"height\":92,\"caption\":\"Diario Femenino\"},\"image\":{\"@id\":\"https:\\\/\\\/diariofemenino.com.ar\\\/df\\\/#\\\/schema\\\/logo\\\/image\\\/\"},\"sameAs\":[\"https:\\\/\\\/www.facebook.com\\\/DiarioDigitaFemenino\\\/\",\"https:\\\/\\\/x.com\\\/DiarioFemenino1\"]},{\"@type\":\"Person\",\"@id\":\"https:\\\/\\\/diariofemenino.com.ar\\\/df\\\/#\\\/schema\\\/person\\\/bf6199e8158c657ea6f789b11ec85509\",\"name\":\"Admin\",\"image\":{\"@type\":\"ImageObject\",\"inLanguage\":\"es\",\"@id\":\"https:\\\/\\\/diariofemenino.com.ar\\\/df\\\/wp-content\\\/uploads\\\/2018\\\/12\\\/favicon-150x150.jpg\",\"url\":\"https:\\\/\\\/diariofemenino.com.ar\\\/df\\\/wp-content\\\/uploads\\\/2018\\\/12\\\/favicon-150x150.jpg\",\"contentUrl\":\"https:\\\/\\\/diariofemenino.com.ar\\\/df\\\/wp-content\\\/uploads\\\/2018\\\/12\\\/favicon-150x150.jpg\",\"caption\":\"Admin\"},\"url\":\"https:\\\/\\\/diariofemenino.com.ar\\\/df\\\/author\\\/lenny\\\/\"}]}<\/script>\n<!-- \/ Yoast SEO plugin. -->","yoast_head_json":{"title":"Las violencias basadas en el g\u00e9nero como ejes de desigualdad econ\u00f3mica y pol\u00edtica para mujeres y feminidades - Diario Digital Femenino","description":"Las violencias basadas en el g\u00e9nero. Sigue siendo una lucha interminable la comprensi\u00f3n social de las cadenas de causas y efectos...","robots":{"index":"index","follow":"follow","max-snippet":"max-snippet:-1","max-image-preview":"max-image-preview:large","max-video-preview":"max-video-preview:-1"},"canonical":"https:\/\/diariofemenino.com.ar\/df\/las-violencias-basadas-en-el-genero-como-ejes-de-desigualdad-economica-y-politica-para-mujeres-y-feminidades\/","og_locale":"es_ES","og_type":"article","og_title":"Las violencias basadas en el g\u00e9nero como ejes de desigualdad econ\u00f3mica y pol\u00edtica para mujeres y feminidades - Diario Digital Femenino","og_description":"Las violencias basadas en el g\u00e9nero. Sigue siendo una lucha interminable la comprensi\u00f3n social de las cadenas de causas y efectos...","og_url":"https:\/\/diariofemenino.com.ar\/df\/las-violencias-basadas-en-el-genero-como-ejes-de-desigualdad-economica-y-politica-para-mujeres-y-feminidades\/","og_site_name":"Diario Digital Femenino","article_publisher":"https:\/\/www.facebook.com\/DiarioDigitaFemenino\/","article_published_time":"2022-06-12T23:12:59+00:00","article_modified_time":"2022-06-13T11:12:58+00:00","og_image":[{"width":800,"height":450,"url":"https:\/\/diariofemenino.com.ar\/df\/wp-content\/uploads\/2022\/06\/onu-mujeres-mystory-violencia-domestica-2018.jpg_729188885.jpg","type":"image\/jpeg"}],"author":"Admin","twitter_card":"summary_large_image","twitter_creator":"@DiarioFemenino1","twitter_site":"@DiarioFemenino1","twitter_misc":{"Escrito por":"Admin","Tiempo de lectura":"6 minutos"},"schema":{"@context":"https:\/\/schema.org","@graph":[{"@type":"Article","@id":"https:\/\/diariofemenino.com.ar\/df\/las-violencias-basadas-en-el-genero-como-ejes-de-desigualdad-economica-y-politica-para-mujeres-y-feminidades\/#article","isPartOf":{"@id":"https:\/\/diariofemenino.com.ar\/df\/las-violencias-basadas-en-el-genero-como-ejes-de-desigualdad-economica-y-politica-para-mujeres-y-feminidades\/"},"author":{"name":"Admin","@id":"https:\/\/diariofemenino.com.ar\/df\/#\/schema\/person\/bf6199e8158c657ea6f789b11ec85509"},"headline":"Las violencias basadas en el g\u00e9nero como ejes de desigualdad econ\u00f3mica y pol\u00edtica para mujeres y feminidades","datePublished":"2022-06-12T23:12:59+00:00","dateModified":"2022-06-13T11:12:58+00:00","mainEntityOfPage":{"@id":"https:\/\/diariofemenino.com.ar\/df\/las-violencias-basadas-en-el-genero-como-ejes-de-desigualdad-economica-y-politica-para-mujeres-y-feminidades\/"},"wordCount":1242,"commentCount":0,"publisher":{"@id":"https:\/\/diariofemenino.com.ar\/df\/#organization"},"image":{"@id":"https:\/\/diariofemenino.com.ar\/df\/las-violencias-basadas-en-el-genero-como-ejes-de-desigualdad-economica-y-politica-para-mujeres-y-feminidades\/#primaryimage"},"thumbnailUrl":"https:\/\/diariofemenino.com.ar\/df\/wp-content\/uploads\/2022\/06\/onu-mujeres-mystory-violencia-domestica-2018.jpg_729188885.jpg","keywords":["desigualdad","Destacada","Moira Goldenh\u00f6rn","Violencia econ\u00f3mica","Violencia pol\u00edtica"],"articleSection":["Actividades","Agenda Feminista","Art\u00edculos y Comunicados","G\u00e9nero y Derechos Humanos","Noticias","Salud","Violencias"],"inLanguage":"es","potentialAction":[{"@type":"CommentAction","name":"Comment","target":["https:\/\/diariofemenino.com.ar\/df\/las-violencias-basadas-en-el-genero-como-ejes-de-desigualdad-economica-y-politica-para-mujeres-y-feminidades\/#respond"]}]},{"@type":"WebPage","@id":"https:\/\/diariofemenino.com.ar\/df\/las-violencias-basadas-en-el-genero-como-ejes-de-desigualdad-economica-y-politica-para-mujeres-y-feminidades\/","url":"https:\/\/diariofemenino.com.ar\/df\/las-violencias-basadas-en-el-genero-como-ejes-de-desigualdad-economica-y-politica-para-mujeres-y-feminidades\/","name":"Las violencias basadas en el g\u00e9nero como ejes de desigualdad econ\u00f3mica y pol\u00edtica para mujeres y feminidades - Diario Digital Femenino","isPartOf":{"@id":"https:\/\/diariofemenino.com.ar\/df\/#website"},"primaryImageOfPage":{"@id":"https:\/\/diariofemenino.com.ar\/df\/las-violencias-basadas-en-el-genero-como-ejes-de-desigualdad-economica-y-politica-para-mujeres-y-feminidades\/#primaryimage"},"image":{"@id":"https:\/\/diariofemenino.com.ar\/df\/las-violencias-basadas-en-el-genero-como-ejes-de-desigualdad-economica-y-politica-para-mujeres-y-feminidades\/#primaryimage"},"thumbnailUrl":"https:\/\/diariofemenino.com.ar\/df\/wp-content\/uploads\/2022\/06\/onu-mujeres-mystory-violencia-domestica-2018.jpg_729188885.jpg","datePublished":"2022-06-12T23:12:59+00:00","dateModified":"2022-06-13T11:12:58+00:00","description":"Las violencias basadas en el g\u00e9nero. Sigue siendo una lucha interminable la comprensi\u00f3n social de las cadenas de causas y efectos...","breadcrumb":{"@id":"https:\/\/diariofemenino.com.ar\/df\/las-violencias-basadas-en-el-genero-como-ejes-de-desigualdad-economica-y-politica-para-mujeres-y-feminidades\/#breadcrumb"},"inLanguage":"es","potentialAction":[{"@type":"ReadAction","target":["https:\/\/diariofemenino.com.ar\/df\/las-violencias-basadas-en-el-genero-como-ejes-de-desigualdad-economica-y-politica-para-mujeres-y-feminidades\/"]}]},{"@type":"ImageObject","inLanguage":"es","@id":"https:\/\/diariofemenino.com.ar\/df\/las-violencias-basadas-en-el-genero-como-ejes-de-desigualdad-economica-y-politica-para-mujeres-y-feminidades\/#primaryimage","url":"https:\/\/diariofemenino.com.ar\/df\/wp-content\/uploads\/2022\/06\/onu-mujeres-mystory-violencia-domestica-2018.jpg_729188885.jpg","contentUrl":"https:\/\/diariofemenino.com.ar\/df\/wp-content\/uploads\/2022\/06\/onu-mujeres-mystory-violencia-domestica-2018.jpg_729188885.jpg","width":800,"height":450,"caption":"Las violencias basadas en el g\u00e9nero como ejes de desigualdad econ\u00f3mica y pol\u00edtica para mujeres y feminidades"},{"@type":"BreadcrumbList","@id":"https:\/\/diariofemenino.com.ar\/df\/las-violencias-basadas-en-el-genero-como-ejes-de-desigualdad-economica-y-politica-para-mujeres-y-feminidades\/#breadcrumb","itemListElement":[{"@type":"ListItem","position":1,"name":"Portada","item":"https:\/\/diariofemenino.com.ar\/df\/"},{"@type":"ListItem","position":2,"name":"Las violencias basadas en el g\u00e9nero como ejes de desigualdad econ\u00f3mica y pol\u00edtica para mujeres y feminidades"}]},{"@type":"WebSite","@id":"https:\/\/diariofemenino.com.ar\/df\/#website","url":"https:\/\/diariofemenino.com.ar\/df\/","name":"Diario Digital Femenino","description":"Cuesti\u00f3n de G\u00e9nero","publisher":{"@id":"https:\/\/diariofemenino.com.ar\/df\/#organization"},"potentialAction":[{"@type":"SearchAction","target":{"@type":"EntryPoint","urlTemplate":"https:\/\/diariofemenino.com.ar\/df\/?s={search_term_string}"},"query-input":{"@type":"PropertyValueSpecification","valueRequired":true,"valueName":"search_term_string"}}],"inLanguage":"es"},{"@type":"Organization","@id":"https:\/\/diariofemenino.com.ar\/df\/#organization","name":"Diario Femenino","url":"https:\/\/diariofemenino.com.ar\/df\/","logo":{"@type":"ImageObject","inLanguage":"es","@id":"https:\/\/diariofemenino.com.ar\/df\/#\/schema\/logo\/image\/","url":"https:\/\/diariofemenino.com.ar\/df\/wp-content\/uploads\/2018\/10\/logo.png","contentUrl":"https:\/\/diariofemenino.com.ar\/df\/wp-content\/uploads\/2018\/10\/logo.png","width":500,"height":92,"caption":"Diario Femenino"},"image":{"@id":"https:\/\/diariofemenino.com.ar\/df\/#\/schema\/logo\/image\/"},"sameAs":["https:\/\/www.facebook.com\/DiarioDigitaFemenino\/","https:\/\/x.com\/DiarioFemenino1"]},{"@type":"Person","@id":"https:\/\/diariofemenino.com.ar\/df\/#\/schema\/person\/bf6199e8158c657ea6f789b11ec85509","name":"Admin","image":{"@type":"ImageObject","inLanguage":"es","@id":"https:\/\/diariofemenino.com.ar\/df\/wp-content\/uploads\/2018\/12\/favicon-150x150.jpg","url":"https:\/\/diariofemenino.com.ar\/df\/wp-content\/uploads\/2018\/12\/favicon-150x150.jpg","contentUrl":"https:\/\/diariofemenino.com.ar\/df\/wp-content\/uploads\/2018\/12\/favicon-150x150.jpg","caption":"Admin"},"url":"https:\/\/diariofemenino.com.ar\/df\/author\/lenny\/"}]}},"jetpack_featured_media_url":"https:\/\/diariofemenino.com.ar\/df\/wp-content\/uploads\/2022\/06\/onu-mujeres-mystory-violencia-domestica-2018.jpg_729188885.jpg","jetpack_sharing_enabled":true,"rttpg_featured_image_url":{"full":["https:\/\/diariofemenino.com.ar\/df\/wp-content\/uploads\/2022\/06\/onu-mujeres-mystory-violencia-domestica-2018.jpg_729188885.jpg",800,450,false],"landscape":["https:\/\/diariofemenino.com.ar\/df\/wp-content\/uploads\/2022\/06\/onu-mujeres-mystory-violencia-domestica-2018.jpg_729188885.jpg",800,450,false],"portraits":["https:\/\/diariofemenino.com.ar\/df\/wp-content\/uploads\/2022\/06\/onu-mujeres-mystory-violencia-domestica-2018.jpg_729188885.jpg",800,450,false],"thumbnail":["https:\/\/diariofemenino.com.ar\/df\/wp-content\/uploads\/2022\/06\/onu-mujeres-mystory-violencia-domestica-2018.jpg_729188885-150x150.jpg",150,150,true],"medium":["https:\/\/diariofemenino.com.ar\/df\/wp-content\/uploads\/2022\/06\/onu-mujeres-mystory-violencia-domestica-2018.jpg_729188885-300x169.jpg",300,169,true],"large":["https:\/\/diariofemenino.com.ar\/df\/wp-content\/uploads\/2022\/06\/onu-mujeres-mystory-violencia-domestica-2018.jpg_729188885.jpg",800,450,false],"1536x1536":["https:\/\/diariofemenino.com.ar\/df\/wp-content\/uploads\/2022\/06\/onu-mujeres-mystory-violencia-domestica-2018.jpg_729188885.jpg",800,450,false],"2048x2048":["https:\/\/diariofemenino.com.ar\/df\/wp-content\/uploads\/2022\/06\/onu-mujeres-mystory-violencia-domestica-2018.jpg_729188885.jpg",800,450,false]},"rttpg_author":{"display_name":"Admin","author_link":"https:\/\/diariofemenino.com.ar\/df\/author\/lenny\/"},"rttpg_comment":0,"rttpg_category":"<a href=\"https:\/\/diariofemenino.com.ar\/df\/category\/actividades\/\" rel=\"category tag\">Actividades<\/a> <a href=\"https:\/\/diariofemenino.com.ar\/df\/category\/agenda-feminista\/\" rel=\"category tag\">Agenda Feminista<\/a> <a href=\"https:\/\/diariofemenino.com.ar\/df\/category\/articulos-y-comunicados\/\" rel=\"category tag\">Art\u00edculos y Comunicados<\/a> <a href=\"https:\/\/diariofemenino.com.ar\/df\/category\/genero-y-derechos-humanos\/\" rel=\"category tag\">G\u00e9nero y Derechos Humanos<\/a> <a href=\"https:\/\/diariofemenino.com.ar\/df\/category\/noticias\/\" rel=\"category tag\">Noticias<\/a> <a href=\"https:\/\/diariofemenino.com.ar\/df\/category\/salud\/\" rel=\"category tag\">Salud<\/a> <a href=\"https:\/\/diariofemenino.com.ar\/df\/category\/violencias\/\" rel=\"category tag\">Violencias<\/a>","rttpg_excerpt":"Pese a que hace casi 15 a\u00f1os nuestro pa\u00eds ostenta una ley se\u00f1era en materia de reconocimiento jur\u00eddico de las violencias que d\u00eda a d\u00eda, desde nuestra concepci\u00f3n y nacimiento, limitan nuestro margen de acci\u00f3n como mujeres en base a estereotipos y creencias sociales que perduran de lo que fue el patriarcado jur\u00eddico, y un&hellip;","_links":{"self":[{"href":"https:\/\/diariofemenino.com.ar\/df\/wp-json\/wp\/v2\/posts\/64954","targetHints":{"allow":["GET"]}}],"collection":[{"href":"https:\/\/diariofemenino.com.ar\/df\/wp-json\/wp\/v2\/posts"}],"about":[{"href":"https:\/\/diariofemenino.com.ar\/df\/wp-json\/wp\/v2\/types\/post"}],"author":[{"embeddable":true,"href":"https:\/\/diariofemenino.com.ar\/df\/wp-json\/wp\/v2\/users\/4"}],"replies":[{"embeddable":true,"href":"https:\/\/diariofemenino.com.ar\/df\/wp-json\/wp\/v2\/comments?post=64954"}],"version-history":[{"count":0,"href":"https:\/\/diariofemenino.com.ar\/df\/wp-json\/wp\/v2\/posts\/64954\/revisions"}],"wp:featuredmedia":[{"embeddable":true,"href":"https:\/\/diariofemenino.com.ar\/df\/wp-json\/wp\/v2\/media\/64956"}],"wp:attachment":[{"href":"https:\/\/diariofemenino.com.ar\/df\/wp-json\/wp\/v2\/media?parent=64954"}],"wp:term":[{"taxonomy":"category","embeddable":true,"href":"https:\/\/diariofemenino.com.ar\/df\/wp-json\/wp\/v2\/categories?post=64954"},{"taxonomy":"post_tag","embeddable":true,"href":"https:\/\/diariofemenino.com.ar\/df\/wp-json\/wp\/v2\/tags?post=64954"}],"curies":[{"name":"wp","href":"https:\/\/api.w.org\/{rel}","templated":true}]}}