{"id":64891,"date":"2022-06-10T09:00:29","date_gmt":"2022-06-10T12:00:29","guid":{"rendered":"https:\/\/diariofemenino.com.ar\/df\/?p=64891"},"modified":"2022-06-10T09:00:29","modified_gmt":"2022-06-10T12:00:29","slug":"como-abordar-la-diversidad-corporal-en-las-aulas","status":"publish","type":"post","link":"https:\/\/diariofemenino.com.ar\/df\/como-abordar-la-diversidad-corporal-en-las-aulas\/","title":{"rendered":"Como abordar la diversidad corporal en las aulas"},"content":{"rendered":"<p>Hace una semana se conmemoraba el D\u00eda Mundial de Acci\u00f3n por los Trastornos de la Conducta Alimentaria (TCA). Esta jornada, que fue propuesta por movimientos populares espa\u00f1oles de la mano de pacientes, familiares, profesionales e investigadores, afectadas por los TCA, vienen promoviendo cada 2 de junio, la importancia de visibilizar y sensibilizar sobre estos trastornos, a la vez que insisten que se promueva el acceso a la informaci\u00f3n veraz, que se erradiquen mitos, que se generen cambios pol\u00edticos y que se desarrollen en los centros educativos acciones para que estudiantes, docentes y todo el personal que pertenece a las instituciones, puedan ayudar en la prevenci\u00f3n y la atenci\u00f3n precoz.<\/p>\n<p>Por\u00a0<a href=\"https:\/\/diariofemenino.com.ar\/df\/los-vinculos-afectivos-desde-la-mirada-de-la-esi\/\"><strong>Mar\u00eda In\u00e9s Alvarado<\/strong><\/a>*<br \/>\npara\u00a0<a href=\"https:\/\/www.instagram.com\/diariodigitalfemenino_\/\">Diario Digital Femenino<\/a><\/p>\n<p>\u00bfPor qu\u00e9 es importante incluir este tema en las pr\u00e1cticas escolares? Porque los trastornos de alimentaci\u00f3n a\u00fan no est\u00e1n visibilizados como patolog\u00edas y en muchos lugares a\u00fan se los piensa como llamadas de atenci\u00f3n o problemas relacionados con la falta de autoestima. Sin embargo, hoy sabemos que, en Argentina, una de cada tres mujeres j\u00f3venes padece de trastornos alimentarios,\u00a0seg\u00fan datos de la\u00a0Sociedad Argentina de Pediatr\u00eda (SAP) y urge que el tema sea considerado dentro de los contenidos curriculares. La ESI es el espacio en el cual pensar y trabajar estas problem\u00e1ticas ya que incorpora el abordaje acerca del cuidado del cuerpo, la autonom\u00eda y la autopercepci\u00f3n, adem\u00e1s que legitima el debate acerca de las identidades y las diversidades.<\/p>\n<figure id=\"attachment_64908\" aria-describedby=\"caption-attachment-64908\" style=\"width: 500px\" class=\"wp-caption alignleft\"><img loading=\"lazy\" decoding=\"async\" class=\"size-full wp-image-64908\" src=\"https:\/\/diariofemenino.com.ar\/df\/wp-content\/uploads\/2022\/06\/Todo-lo-que-Debes-de-Saber-acerca-de-la-Diversidad-Corporal-500x297.jpg\" alt=\"Como abordar la diversidad corporal en las aulas\" width=\"500\" height=\"297\" srcset=\"https:\/\/diariofemenino.com.ar\/df\/wp-content\/uploads\/2022\/06\/Todo-lo-que-Debes-de-Saber-acerca-de-la-Diversidad-Corporal-500x297.jpg 500w, https:\/\/diariofemenino.com.ar\/df\/wp-content\/uploads\/2022\/06\/Todo-lo-que-Debes-de-Saber-acerca-de-la-Diversidad-Corporal-500x297-300x178.jpg 300w\" sizes=\"auto, (max-width: 500px) 100vw, 500px\" \/><figcaption id=\"caption-attachment-64908\" class=\"wp-caption-text\">Como abordar la diversidad corporal en las aulas<\/figcaption><\/figure>\n<p>Desde esta perspectiva, el trabajo \u00e1ulico en torno a la explicitaci\u00f3n de los estereotipos de belleza, de la despatologizaci\u00f3n corporal, de los prejuicios, de las corporalidades y de los consumos plantea la importancia de introducir en su abordaje los lineamientos de la <a href=\"http:\/\/servicios.infoleg.gob.ar\/infolegInternet\/anexos\/140000-144999\/144033\/norma.htm\">Ley N\u00b0 26.396<\/a>, que propone, entre otras cuestiones, promover en ni\u00f1eces y adolescencias conductas nutricionales saludables as\u00ed como espacios de reflexi\u00f3n y educaci\u00f3n para la contenci\u00f3n de quienes padecen estas enfermedades y proponer acciones tendientes a eliminar la discriminaci\u00f3n y la estigmatizaci\u00f3n en el \u00e1mbito laboral, educacional y\/o social, frente al padecimiento de los trastornos alimentarios.<\/p>\n<p>Por eso es que, en este art\u00edculo, proponemos consultar un material de Sensibilizaci\u00f3n sobre Tem\u00e1ticas de Diversidad Corporal desarrollados por el Gobierno de la Provincia de Buenos Aires, a trav\u00e9s de su <em>Ministerio de las Mujeres, G\u00e9neros y Diversidad.<\/em> En ellos se presentan propuestas para la formaci\u00f3n en igualdad de g\u00e9nero y contra las violencias, con el objetivo de interiorizar a la poblaci\u00f3n en asuntos de diversidad corporal, gordofobia y en torno a los estereotipos corporales.<\/p>\n<p>El primero de ellos, <a href=\"https:\/\/ministeriodelasmujeres.gba.gob.ar\/gestor\/uploads\/DIVERSIDAD%20CORPORAL%20Y%20GORDOFOBIA%20.pdf\">Diversidad corporal y gordofobia<\/a>, describe a la diversidad corporal comoun t\u00e9rmino que se usa para referirse a las diferencias que caracterizan a los seres humanos, y que incluye el tama\u00f1o, el color de la piel, la raza, las orientaciones sexuales o las identidades de g\u00e9nero. La cultura y la sociedad promueven formas estandarizadas de pensar los cuerpos. Es importante definir y trabajar en las aulas que cada cuerpo es \u00fanico y singular, pero atravesado por cuestiones sociohist\u00f3ricas que lo encasillan dentro de una construcci\u00f3n social, porque cada persona nace en una determinada familia, dentro de una determinada sociedad y en un determinado momento hist\u00f3rico. Por lo tanto, las nociones que se hacen de lo que \u201ces un cuerpo bello y sano\u201d y de c\u00f3mo cada individuo ve su propio cuerpo, dependen de este contexto, es decir, de la mirada de otras personas. Los mandatos, expectativas y prejuicios sobre lo que se considera saludable, bello, correcto, normal y hasta \u00fatil o productivo depende de la sociedad. Por esta raz\u00f3n, es importante que comprendamos que la discriminaci\u00f3n hacia cuerpos diversos no hegem\u00f3nicos es un problema social.<\/p>\n<figure id=\"attachment_64910\" aria-describedby=\"caption-attachment-64910\" style=\"width: 650px\" class=\"wp-caption aligncenter\"><img loading=\"lazy\" decoding=\"async\" class=\"size-full wp-image-64910\" src=\"https:\/\/diariofemenino.com.ar\/df\/wp-content\/uploads\/2022\/06\/Diversidad-corporal-foto.jpg\" alt=\"Como abordar la diversidad corporal en las aulas\" width=\"650\" height=\"326\" srcset=\"https:\/\/diariofemenino.com.ar\/df\/wp-content\/uploads\/2022\/06\/Diversidad-corporal-foto.jpg 650w, https:\/\/diariofemenino.com.ar\/df\/wp-content\/uploads\/2022\/06\/Diversidad-corporal-foto-300x150.jpg 300w\" sizes=\"auto, (max-width: 650px) 100vw, 650px\" \/><figcaption id=\"caption-attachment-64910\" class=\"wp-caption-text\">Como abordar la diversidad corporal en las aulas<\/figcaption><\/figure>\n<p>Esta discriminaci\u00f3n es lo que se llama <em>gordofobia, <\/em>que es el fen\u00f3meno social y cultural que sufren las personas por el hecho de ser gordas y que se funda sobre la base de diferentes prejuicios. La gordofobia construye una perspectiva sobre las corporalidades que no considera los contextos, las singularidades o los factores que inciden en el cuerpo de una persona respecto de la construcci\u00f3n de su salud. El odio, el rechazo y las violencias que sufren las personas gordas por no encajar en el modelo de belleza hegem\u00f3nica impacta tambi\u00e9n en su salud mental, y no se tienen en cuenta las condiciones sociales, econ\u00f3micas, gen\u00e9ticas, culturales y educativas que las rodean. Se les estigmatiza por sus h\u00e1bitos, costumbres y modos de vida y frases como \u201clarg\u00e1 los postres\u201d, \u201cdej\u00e1 de comer o vas a salir rodando\u201d, \u201cllega el verano, no te va a entrar la bikini\u201d o \u201ccementerio de ravioles\u201d deben cuestionarse para ser quitadas del vocabulario escolar. Agrega el cuadernillo, tambi\u00e9n, que la gordofobia se incrementa cuando se trata de cuerpos femeninos por culpa de la violencia est\u00e9tica, que implica encarnar patrones est\u00e9ticos que asocian lo bello con la delgadez.<\/p>\n<p>La gordofobia se da en todas las clases sociales, por lo tanto, decimos que es un fen\u00f3meno transversal y, como tal, debe abordarse en las aulas. \u00bfC\u00f3mo? Cuestionando los estereotipos que promueven los medios de comunicaci\u00f3n, que refuerzan la belleza hegem\u00f3nica heterosexual; fomentando en las horas de educaci\u00f3n f\u00edsica que el deporte debe pensarse desde una visi\u00f3n de recreaci\u00f3n y socializaci\u00f3n donde cada qui\u00e9n puede realizar las actividades a su ritmo, gusto y posibilidades, y sin un objetivo de alcanzar \u201cun cuerpo perfecto\u201d; ampliando la mirada de derechos incluyendo tanto a los movimientos de la diversidad corporal como al activismo gordo, que vienen exponiendo en las redes sociales que existen otros modos de promover la salud para las personas sin recaer en prejuicios sesgados centrados en el peso; y\/o poniendo el foco en las maneras que tienen de referirse a los cuerpos de compa\u00f1eros y compa\u00f1eras.<\/p>\n<p>El segundo de los cuadernillos, <a href=\"https:\/\/ministeriodelasmujeres.gba.gob.ar\/gestor\/uploads\/CUADERNILLO%202%C2%B0%20p%C3%BAblico%20general%20(5.5).pdf\">Cuaderno de sensibilizaci\u00f3n sobre tem\u00e1ticas de diversidad corporal gorda<\/a>, aporta tambi\u00e9n que una mirada desde los derechos, sosteniendo la importancia de garantizar el cumplimiento de leyes que promuevan conductas saludables, como la Ley de Talles que promueve el Sistema \u00danico Normalizador de Talles de Indumentaria (<a href=\"https:\/\/www.argentina.gob.ar\/justicia\/derechofacil\/leysimple\/consumo-economia\/ley-de-talles-suniti\">SUNITI<\/a>) y el <a href=\"https:\/\/www.argentina.gob.ar\/noticias\/el-inadi-presenta-el-nuevo-mapa-nacional-de-la-discriminacion\">Mapa Nacional de la Discriminaci\u00f3n<\/a> que revela que la discriminaci\u00f3n con base en la obesidad y el sobrepeso se ha ubicado en el segundo lugar de mayor importancia. El tercero de los materiales, <a href=\"https:\/\/ministeriodelasmujeres.gba.gob.ar\/gestor\/uploads\/CUADERNILLO%201%C2%B0%20Formaci%C3%B3n%20de%20Formadores.pdf\">Cuadernillo de sensibilizaci\u00f3n sobre tem\u00e1ticas de diversidad corporal gorda- Formaci\u00f3n de formadores<\/a>, propone algunos modelos de actividades de sensibilizaci\u00f3n sobre gordofobia para trabajar llevar a las aulas. Desde la toma de conciencia con Materiales audiovisuales de publicidades, hasta relatos en primera persona adaptados del <a href=\"https:\/\/www.facebook.com\/Taller-Hacer-La-Vista-Gorda-1057677217701782\/\">Taller Hacer la Vista Gorda<\/a>, y el an\u00e1lisis de mitos y frases discriminatorias, como las que tambi\u00e9n se proponen en el sitio <a href=\"https:\/\/malvestida.com\/2020\/07\/5-frases-gordofobicas-y-por-que-no-decirlas\/\">Malvestida<\/a>.<\/p>\n<p>El derecho al acceso a la salud, no debe ser negado a nadie. Argentina es actualmente el segundo pa\u00eds del mundo con mayor \u00edndice de personas sufriendo alg\u00fan trastorno de alimentaci\u00f3n. Abordar esta perspectiva desde las aulas, con la mirada de la ESI con perspectiva de g\u00e9nero resulta urgente para mejorar la salud integral de la ciudadan\u00eda.<\/p>\n<p>(*) Docente, comunicadora. Co-directora de\u00a0<strong><a href=\"https:\/\/laesienjuego.com.ar\/\">La ESI en juego<\/a>.<\/strong><br \/>\nColumnista\u00a0de\u00a0<strong><a href=\"https:\/\/diariofemenino.com.ar\/df\/category\/de-esi-si-se-habla\/\">Diario Digital Femenino<\/a><\/strong>\u2013\u00a0<a href=\"https:\/\/diariofemenino.com.ar\/df\/category\/de-esi-si-se-habla\/\">De ESI S\u00ed Se Habla<\/a><\/p>\n","protected":false},"excerpt":{"rendered":"<p>Hace una semana se conmemoraba el D\u00eda Mundial de Acci\u00f3n por los Trastornos de la Conducta Alimentaria (TCA). Esta jornada, que fue propuesta por movimientos populares espa\u00f1oles de la mano de pacientes, familiares, profesionales e investigadores, afectadas por los TCA, vienen promoviendo cada 2 de junio, la importancia de visibilizar y sensibilizar sobre estos trastornos, [&hellip;]<\/p>\n","protected":false},"author":4,"featured_media":64909,"comment_status":"open","ping_status":"open","sticky":false,"template":"","format":"standard","meta":{"iawp_total_views":689,"footnotes":""},"categories":[7,1067,9,627,592],"tags":[2189,4372,5287,97,568],"class_list":["post-64891","post","type-post","status-publish","format-standard","has-post-thumbnail","hentry","category-actividades","category-agenda-feminista","category-de-esi-si-se-habla","category-genero-y-derechos-humanos","category-violencias","tag-aulas","tag-destacada","tag-diversidad-corporal","tag-esi","tag-maria-ines-alvarado"],"nelio_content":{"autoShareEndMode":"never","automationSources":{"useCustomSentences":false,"customSentences":[]},"efiAlt":"","efiUrl":"","followers":[4],"highlights":[],"isAutoShareEnabled":true,"networkImageIds":[],"permalinkQueryArgs":[],"series":[],"suggestedReferences":[]},"yoast_head":"<!-- This site is optimized with the Yoast SEO plugin v27.5 - https:\/\/yoast.com\/product\/yoast-seo-wordpress\/ -->\n<title>Como abordar la diversidad corporal en las aulas - Diario Digital Femenino<\/title>\n<meta name=\"description\" content=\"Como abordar la diversidad corporal\" \/>\n<meta name=\"robots\" content=\"index, follow, max-snippet:-1, max-image-preview:large, max-video-preview:-1\" \/>\n<link rel=\"canonical\" href=\"https:\/\/diariofemenino.com.ar\/df\/como-abordar-la-diversidad-corporal-en-las-aulas\/\" \/>\n<meta property=\"og:locale\" content=\"es_ES\" \/>\n<meta property=\"og:type\" content=\"article\" \/>\n<meta property=\"og:title\" content=\"Como abordar la diversidad corporal en las aulas - Diario Digital Femenino\" \/>\n<meta property=\"og:description\" content=\"Como abordar la diversidad corporal\" \/>\n<meta property=\"og:url\" content=\"https:\/\/diariofemenino.com.ar\/df\/como-abordar-la-diversidad-corporal-en-las-aulas\/\" \/>\n<meta property=\"og:site_name\" content=\"Diario Digital Femenino\" \/>\n<meta property=\"article:publisher\" content=\"https:\/\/www.facebook.com\/DiarioDigitaFemenino\/\" \/>\n<meta property=\"article:published_time\" content=\"2022-06-10T12:00:29+00:00\" \/>\n<meta property=\"og:image\" content=\"https:\/\/diariofemenino.com.ar\/df\/wp-content\/uploads\/2022\/06\/Enerosindieta_Horizontal-1.jpg\" \/>\n\t<meta property=\"og:image:width\" content=\"1068\" \/>\n\t<meta property=\"og:image:height\" content=\"789\" \/>\n\t<meta property=\"og:image:type\" content=\"image\/jpeg\" \/>\n<meta name=\"author\" content=\"Admin\" \/>\n<meta name=\"twitter:card\" content=\"summary_large_image\" \/>\n<meta name=\"twitter:creator\" content=\"@DiarioFemenino1\" \/>\n<meta name=\"twitter:site\" content=\"@DiarioFemenino1\" \/>\n<meta name=\"twitter:label1\" content=\"Escrito por\" \/>\n\t<meta name=\"twitter:data1\" content=\"Admin\" \/>\n\t<meta name=\"twitter:label2\" content=\"Tiempo de lectura\" \/>\n\t<meta name=\"twitter:data2\" content=\"6 minutos\" \/>\n<script type=\"application\/ld+json\" class=\"yoast-schema-graph\">{\"@context\":\"https:\\\/\\\/schema.org\",\"@graph\":[{\"@type\":\"Article\",\"@id\":\"https:\\\/\\\/diariofemenino.com.ar\\\/df\\\/como-abordar-la-diversidad-corporal-en-las-aulas\\\/#article\",\"isPartOf\":{\"@id\":\"https:\\\/\\\/diariofemenino.com.ar\\\/df\\\/como-abordar-la-diversidad-corporal-en-las-aulas\\\/\"},\"author\":{\"name\":\"Admin\",\"@id\":\"https:\\\/\\\/diariofemenino.com.ar\\\/df\\\/#\\\/schema\\\/person\\\/bf6199e8158c657ea6f789b11ec85509\"},\"headline\":\"Como abordar la diversidad corporal en las aulas\",\"datePublished\":\"2022-06-10T12:00:29+00:00\",\"mainEntityOfPage\":{\"@id\":\"https:\\\/\\\/diariofemenino.com.ar\\\/df\\\/como-abordar-la-diversidad-corporal-en-las-aulas\\\/\"},\"wordCount\":1291,\"commentCount\":0,\"publisher\":{\"@id\":\"https:\\\/\\\/diariofemenino.com.ar\\\/df\\\/#organization\"},\"image\":{\"@id\":\"https:\\\/\\\/diariofemenino.com.ar\\\/df\\\/como-abordar-la-diversidad-corporal-en-las-aulas\\\/#primaryimage\"},\"thumbnailUrl\":\"https:\\\/\\\/diariofemenino.com.ar\\\/df\\\/wp-content\\\/uploads\\\/2022\\\/06\\\/Enerosindieta_Horizontal-1.jpg\",\"keywords\":[\"Aulas\",\"Destacada\",\"Diversidad corporal\",\"ESI\",\"Mar\u00eda In\u00e9s Alvarado\"],\"articleSection\":[\"Actividades\",\"Agenda Feminista\",\"De ESI S\u00ed Se Habla\",\"G\u00e9nero y Derechos Humanos\",\"Violencias\"],\"inLanguage\":\"es\",\"potentialAction\":[{\"@type\":\"CommentAction\",\"name\":\"Comment\",\"target\":[\"https:\\\/\\\/diariofemenino.com.ar\\\/df\\\/como-abordar-la-diversidad-corporal-en-las-aulas\\\/#respond\"]}]},{\"@type\":\"WebPage\",\"@id\":\"https:\\\/\\\/diariofemenino.com.ar\\\/df\\\/como-abordar-la-diversidad-corporal-en-las-aulas\\\/\",\"url\":\"https:\\\/\\\/diariofemenino.com.ar\\\/df\\\/como-abordar-la-diversidad-corporal-en-las-aulas\\\/\",\"name\":\"Como abordar la diversidad corporal en las aulas - Diario Digital Femenino\",\"isPartOf\":{\"@id\":\"https:\\\/\\\/diariofemenino.com.ar\\\/df\\\/#website\"},\"primaryImageOfPage\":{\"@id\":\"https:\\\/\\\/diariofemenino.com.ar\\\/df\\\/como-abordar-la-diversidad-corporal-en-las-aulas\\\/#primaryimage\"},\"image\":{\"@id\":\"https:\\\/\\\/diariofemenino.com.ar\\\/df\\\/como-abordar-la-diversidad-corporal-en-las-aulas\\\/#primaryimage\"},\"thumbnailUrl\":\"https:\\\/\\\/diariofemenino.com.ar\\\/df\\\/wp-content\\\/uploads\\\/2022\\\/06\\\/Enerosindieta_Horizontal-1.jpg\",\"datePublished\":\"2022-06-10T12:00:29+00:00\",\"description\":\"Como abordar la diversidad corporal\",\"breadcrumb\":{\"@id\":\"https:\\\/\\\/diariofemenino.com.ar\\\/df\\\/como-abordar-la-diversidad-corporal-en-las-aulas\\\/#breadcrumb\"},\"inLanguage\":\"es\",\"potentialAction\":[{\"@type\":\"ReadAction\",\"target\":[\"https:\\\/\\\/diariofemenino.com.ar\\\/df\\\/como-abordar-la-diversidad-corporal-en-las-aulas\\\/\"]}]},{\"@type\":\"ImageObject\",\"inLanguage\":\"es\",\"@id\":\"https:\\\/\\\/diariofemenino.com.ar\\\/df\\\/como-abordar-la-diversidad-corporal-en-las-aulas\\\/#primaryimage\",\"url\":\"https:\\\/\\\/diariofemenino.com.ar\\\/df\\\/wp-content\\\/uploads\\\/2022\\\/06\\\/Enerosindieta_Horizontal-1.jpg\",\"contentUrl\":\"https:\\\/\\\/diariofemenino.com.ar\\\/df\\\/wp-content\\\/uploads\\\/2022\\\/06\\\/Enerosindieta_Horizontal-1.jpg\",\"width\":1068,\"height\":789,\"caption\":\"Como abordar la diversidad corporal en las aulas\"},{\"@type\":\"BreadcrumbList\",\"@id\":\"https:\\\/\\\/diariofemenino.com.ar\\\/df\\\/como-abordar-la-diversidad-corporal-en-las-aulas\\\/#breadcrumb\",\"itemListElement\":[{\"@type\":\"ListItem\",\"position\":1,\"name\":\"Portada\",\"item\":\"https:\\\/\\\/diariofemenino.com.ar\\\/df\\\/\"},{\"@type\":\"ListItem\",\"position\":2,\"name\":\"Como abordar la diversidad corporal en las aulas\"}]},{\"@type\":\"WebSite\",\"@id\":\"https:\\\/\\\/diariofemenino.com.ar\\\/df\\\/#website\",\"url\":\"https:\\\/\\\/diariofemenino.com.ar\\\/df\\\/\",\"name\":\"Diario Digital Femenino\",\"description\":\"Cuesti\u00f3n de G\u00e9nero\",\"publisher\":{\"@id\":\"https:\\\/\\\/diariofemenino.com.ar\\\/df\\\/#organization\"},\"potentialAction\":[{\"@type\":\"SearchAction\",\"target\":{\"@type\":\"EntryPoint\",\"urlTemplate\":\"https:\\\/\\\/diariofemenino.com.ar\\\/df\\\/?s={search_term_string}\"},\"query-input\":{\"@type\":\"PropertyValueSpecification\",\"valueRequired\":true,\"valueName\":\"search_term_string\"}}],\"inLanguage\":\"es\"},{\"@type\":\"Organization\",\"@id\":\"https:\\\/\\\/diariofemenino.com.ar\\\/df\\\/#organization\",\"name\":\"Diario Femenino\",\"url\":\"https:\\\/\\\/diariofemenino.com.ar\\\/df\\\/\",\"logo\":{\"@type\":\"ImageObject\",\"inLanguage\":\"es\",\"@id\":\"https:\\\/\\\/diariofemenino.com.ar\\\/df\\\/#\\\/schema\\\/logo\\\/image\\\/\",\"url\":\"https:\\\/\\\/diariofemenino.com.ar\\\/df\\\/wp-content\\\/uploads\\\/2018\\\/10\\\/logo.png\",\"contentUrl\":\"https:\\\/\\\/diariofemenino.com.ar\\\/df\\\/wp-content\\\/uploads\\\/2018\\\/10\\\/logo.png\",\"width\":500,\"height\":92,\"caption\":\"Diario Femenino\"},\"image\":{\"@id\":\"https:\\\/\\\/diariofemenino.com.ar\\\/df\\\/#\\\/schema\\\/logo\\\/image\\\/\"},\"sameAs\":[\"https:\\\/\\\/www.facebook.com\\\/DiarioDigitaFemenino\\\/\",\"https:\\\/\\\/x.com\\\/DiarioFemenino1\"]},{\"@type\":\"Person\",\"@id\":\"https:\\\/\\\/diariofemenino.com.ar\\\/df\\\/#\\\/schema\\\/person\\\/bf6199e8158c657ea6f789b11ec85509\",\"name\":\"Admin\",\"image\":{\"@type\":\"ImageObject\",\"inLanguage\":\"es\",\"@id\":\"https:\\\/\\\/diariofemenino.com.ar\\\/df\\\/wp-content\\\/uploads\\\/2018\\\/12\\\/favicon-150x150.jpg\",\"url\":\"https:\\\/\\\/diariofemenino.com.ar\\\/df\\\/wp-content\\\/uploads\\\/2018\\\/12\\\/favicon-150x150.jpg\",\"contentUrl\":\"https:\\\/\\\/diariofemenino.com.ar\\\/df\\\/wp-content\\\/uploads\\\/2018\\\/12\\\/favicon-150x150.jpg\",\"caption\":\"Admin\"},\"url\":\"https:\\\/\\\/diariofemenino.com.ar\\\/df\\\/author\\\/lenny\\\/\"}]}<\/script>\n<!-- \/ Yoast SEO plugin. -->","yoast_head_json":{"title":"Como abordar la diversidad corporal en las aulas - Diario Digital Femenino","description":"Como abordar la diversidad corporal","robots":{"index":"index","follow":"follow","max-snippet":"max-snippet:-1","max-image-preview":"max-image-preview:large","max-video-preview":"max-video-preview:-1"},"canonical":"https:\/\/diariofemenino.com.ar\/df\/como-abordar-la-diversidad-corporal-en-las-aulas\/","og_locale":"es_ES","og_type":"article","og_title":"Como abordar la diversidad corporal en las aulas - Diario Digital Femenino","og_description":"Como abordar la diversidad corporal","og_url":"https:\/\/diariofemenino.com.ar\/df\/como-abordar-la-diversidad-corporal-en-las-aulas\/","og_site_name":"Diario Digital Femenino","article_publisher":"https:\/\/www.facebook.com\/DiarioDigitaFemenino\/","article_published_time":"2022-06-10T12:00:29+00:00","og_image":[{"width":1068,"height":789,"url":"https:\/\/diariofemenino.com.ar\/df\/wp-content\/uploads\/2022\/06\/Enerosindieta_Horizontal-1.jpg","type":"image\/jpeg"}],"author":"Admin","twitter_card":"summary_large_image","twitter_creator":"@DiarioFemenino1","twitter_site":"@DiarioFemenino1","twitter_misc":{"Escrito por":"Admin","Tiempo de lectura":"6 minutos"},"schema":{"@context":"https:\/\/schema.org","@graph":[{"@type":"Article","@id":"https:\/\/diariofemenino.com.ar\/df\/como-abordar-la-diversidad-corporal-en-las-aulas\/#article","isPartOf":{"@id":"https:\/\/diariofemenino.com.ar\/df\/como-abordar-la-diversidad-corporal-en-las-aulas\/"},"author":{"name":"Admin","@id":"https:\/\/diariofemenino.com.ar\/df\/#\/schema\/person\/bf6199e8158c657ea6f789b11ec85509"},"headline":"Como abordar la diversidad corporal en las aulas","datePublished":"2022-06-10T12:00:29+00:00","mainEntityOfPage":{"@id":"https:\/\/diariofemenino.com.ar\/df\/como-abordar-la-diversidad-corporal-en-las-aulas\/"},"wordCount":1291,"commentCount":0,"publisher":{"@id":"https:\/\/diariofemenino.com.ar\/df\/#organization"},"image":{"@id":"https:\/\/diariofemenino.com.ar\/df\/como-abordar-la-diversidad-corporal-en-las-aulas\/#primaryimage"},"thumbnailUrl":"https:\/\/diariofemenino.com.ar\/df\/wp-content\/uploads\/2022\/06\/Enerosindieta_Horizontal-1.jpg","keywords":["Aulas","Destacada","Diversidad corporal","ESI","Mar\u00eda In\u00e9s Alvarado"],"articleSection":["Actividades","Agenda Feminista","De ESI S\u00ed Se Habla","G\u00e9nero y Derechos Humanos","Violencias"],"inLanguage":"es","potentialAction":[{"@type":"CommentAction","name":"Comment","target":["https:\/\/diariofemenino.com.ar\/df\/como-abordar-la-diversidad-corporal-en-las-aulas\/#respond"]}]},{"@type":"WebPage","@id":"https:\/\/diariofemenino.com.ar\/df\/como-abordar-la-diversidad-corporal-en-las-aulas\/","url":"https:\/\/diariofemenino.com.ar\/df\/como-abordar-la-diversidad-corporal-en-las-aulas\/","name":"Como abordar la diversidad corporal en las aulas - Diario Digital Femenino","isPartOf":{"@id":"https:\/\/diariofemenino.com.ar\/df\/#website"},"primaryImageOfPage":{"@id":"https:\/\/diariofemenino.com.ar\/df\/como-abordar-la-diversidad-corporal-en-las-aulas\/#primaryimage"},"image":{"@id":"https:\/\/diariofemenino.com.ar\/df\/como-abordar-la-diversidad-corporal-en-las-aulas\/#primaryimage"},"thumbnailUrl":"https:\/\/diariofemenino.com.ar\/df\/wp-content\/uploads\/2022\/06\/Enerosindieta_Horizontal-1.jpg","datePublished":"2022-06-10T12:00:29+00:00","description":"Como abordar la diversidad corporal","breadcrumb":{"@id":"https:\/\/diariofemenino.com.ar\/df\/como-abordar-la-diversidad-corporal-en-las-aulas\/#breadcrumb"},"inLanguage":"es","potentialAction":[{"@type":"ReadAction","target":["https:\/\/diariofemenino.com.ar\/df\/como-abordar-la-diversidad-corporal-en-las-aulas\/"]}]},{"@type":"ImageObject","inLanguage":"es","@id":"https:\/\/diariofemenino.com.ar\/df\/como-abordar-la-diversidad-corporal-en-las-aulas\/#primaryimage","url":"https:\/\/diariofemenino.com.ar\/df\/wp-content\/uploads\/2022\/06\/Enerosindieta_Horizontal-1.jpg","contentUrl":"https:\/\/diariofemenino.com.ar\/df\/wp-content\/uploads\/2022\/06\/Enerosindieta_Horizontal-1.jpg","width":1068,"height":789,"caption":"Como abordar la diversidad corporal en las aulas"},{"@type":"BreadcrumbList","@id":"https:\/\/diariofemenino.com.ar\/df\/como-abordar-la-diversidad-corporal-en-las-aulas\/#breadcrumb","itemListElement":[{"@type":"ListItem","position":1,"name":"Portada","item":"https:\/\/diariofemenino.com.ar\/df\/"},{"@type":"ListItem","position":2,"name":"Como abordar la diversidad corporal en las aulas"}]},{"@type":"WebSite","@id":"https:\/\/diariofemenino.com.ar\/df\/#website","url":"https:\/\/diariofemenino.com.ar\/df\/","name":"Diario Digital Femenino","description":"Cuesti\u00f3n de G\u00e9nero","publisher":{"@id":"https:\/\/diariofemenino.com.ar\/df\/#organization"},"potentialAction":[{"@type":"SearchAction","target":{"@type":"EntryPoint","urlTemplate":"https:\/\/diariofemenino.com.ar\/df\/?s={search_term_string}"},"query-input":{"@type":"PropertyValueSpecification","valueRequired":true,"valueName":"search_term_string"}}],"inLanguage":"es"},{"@type":"Organization","@id":"https:\/\/diariofemenino.com.ar\/df\/#organization","name":"Diario Femenino","url":"https:\/\/diariofemenino.com.ar\/df\/","logo":{"@type":"ImageObject","inLanguage":"es","@id":"https:\/\/diariofemenino.com.ar\/df\/#\/schema\/logo\/image\/","url":"https:\/\/diariofemenino.com.ar\/df\/wp-content\/uploads\/2018\/10\/logo.png","contentUrl":"https:\/\/diariofemenino.com.ar\/df\/wp-content\/uploads\/2018\/10\/logo.png","width":500,"height":92,"caption":"Diario Femenino"},"image":{"@id":"https:\/\/diariofemenino.com.ar\/df\/#\/schema\/logo\/image\/"},"sameAs":["https:\/\/www.facebook.com\/DiarioDigitaFemenino\/","https:\/\/x.com\/DiarioFemenino1"]},{"@type":"Person","@id":"https:\/\/diariofemenino.com.ar\/df\/#\/schema\/person\/bf6199e8158c657ea6f789b11ec85509","name":"Admin","image":{"@type":"ImageObject","inLanguage":"es","@id":"https:\/\/diariofemenino.com.ar\/df\/wp-content\/uploads\/2018\/12\/favicon-150x150.jpg","url":"https:\/\/diariofemenino.com.ar\/df\/wp-content\/uploads\/2018\/12\/favicon-150x150.jpg","contentUrl":"https:\/\/diariofemenino.com.ar\/df\/wp-content\/uploads\/2018\/12\/favicon-150x150.jpg","caption":"Admin"},"url":"https:\/\/diariofemenino.com.ar\/df\/author\/lenny\/"}]}},"jetpack_featured_media_url":"https:\/\/diariofemenino.com.ar\/df\/wp-content\/uploads\/2022\/06\/Enerosindieta_Horizontal-1.jpg","jetpack_sharing_enabled":true,"rttpg_featured_image_url":{"full":["https:\/\/diariofemenino.com.ar\/df\/wp-content\/uploads\/2022\/06\/Enerosindieta_Horizontal-1.jpg",1068,789,false],"landscape":["https:\/\/diariofemenino.com.ar\/df\/wp-content\/uploads\/2022\/06\/Enerosindieta_Horizontal-1.jpg",1068,789,false],"portraits":["https:\/\/diariofemenino.com.ar\/df\/wp-content\/uploads\/2022\/06\/Enerosindieta_Horizontal-1.jpg",1068,789,false],"thumbnail":["https:\/\/diariofemenino.com.ar\/df\/wp-content\/uploads\/2022\/06\/Enerosindieta_Horizontal-1-150x150.jpg",150,150,true],"medium":["https:\/\/diariofemenino.com.ar\/df\/wp-content\/uploads\/2022\/06\/Enerosindieta_Horizontal-1-300x222.jpg",300,222,true],"large":["https:\/\/diariofemenino.com.ar\/df\/wp-content\/uploads\/2022\/06\/Enerosindieta_Horizontal-1-1024x756.jpg",1024,756,true],"1536x1536":["https:\/\/diariofemenino.com.ar\/df\/wp-content\/uploads\/2022\/06\/Enerosindieta_Horizontal-1.jpg",1068,789,false],"2048x2048":["https:\/\/diariofemenino.com.ar\/df\/wp-content\/uploads\/2022\/06\/Enerosindieta_Horizontal-1.jpg",1068,789,false]},"rttpg_author":{"display_name":"Admin","author_link":"https:\/\/diariofemenino.com.ar\/df\/author\/lenny\/"},"rttpg_comment":0,"rttpg_category":"<a href=\"https:\/\/diariofemenino.com.ar\/df\/category\/actividades\/\" rel=\"category tag\">Actividades<\/a> <a href=\"https:\/\/diariofemenino.com.ar\/df\/category\/agenda-feminista\/\" rel=\"category tag\">Agenda Feminista<\/a> <a href=\"https:\/\/diariofemenino.com.ar\/df\/category\/de-esi-si-se-habla\/\" rel=\"category tag\">De ESI S\u00ed Se Habla<\/a> <a href=\"https:\/\/diariofemenino.com.ar\/df\/category\/genero-y-derechos-humanos\/\" rel=\"category tag\">G\u00e9nero y Derechos Humanos<\/a> <a href=\"https:\/\/diariofemenino.com.ar\/df\/category\/violencias\/\" rel=\"category tag\">Violencias<\/a>","rttpg_excerpt":"Hace una semana se conmemoraba el D\u00eda Mundial de Acci\u00f3n por los Trastornos de la Conducta Alimentaria (TCA). Esta jornada, que fue propuesta por movimientos populares espa\u00f1oles de la mano de pacientes, familiares, profesionales e investigadores, afectadas por los TCA, vienen promoviendo cada 2 de junio, la importancia de visibilizar y sensibilizar sobre estos trastornos,&hellip;","_links":{"self":[{"href":"https:\/\/diariofemenino.com.ar\/df\/wp-json\/wp\/v2\/posts\/64891","targetHints":{"allow":["GET"]}}],"collection":[{"href":"https:\/\/diariofemenino.com.ar\/df\/wp-json\/wp\/v2\/posts"}],"about":[{"href":"https:\/\/diariofemenino.com.ar\/df\/wp-json\/wp\/v2\/types\/post"}],"author":[{"embeddable":true,"href":"https:\/\/diariofemenino.com.ar\/df\/wp-json\/wp\/v2\/users\/4"}],"replies":[{"embeddable":true,"href":"https:\/\/diariofemenino.com.ar\/df\/wp-json\/wp\/v2\/comments?post=64891"}],"version-history":[{"count":0,"href":"https:\/\/diariofemenino.com.ar\/df\/wp-json\/wp\/v2\/posts\/64891\/revisions"}],"wp:featuredmedia":[{"embeddable":true,"href":"https:\/\/diariofemenino.com.ar\/df\/wp-json\/wp\/v2\/media\/64909"}],"wp:attachment":[{"href":"https:\/\/diariofemenino.com.ar\/df\/wp-json\/wp\/v2\/media?parent=64891"}],"wp:term":[{"taxonomy":"category","embeddable":true,"href":"https:\/\/diariofemenino.com.ar\/df\/wp-json\/wp\/v2\/categories?post=64891"},{"taxonomy":"post_tag","embeddable":true,"href":"https:\/\/diariofemenino.com.ar\/df\/wp-json\/wp\/v2\/tags?post=64891"}],"curies":[{"name":"wp","href":"https:\/\/api.w.org\/{rel}","templated":true}]}}