{"id":64740,"date":"2022-06-01T23:05:53","date_gmt":"2022-06-02T02:05:53","guid":{"rendered":"https:\/\/diariofemenino.com.ar\/df\/?p=64740"},"modified":"2022-06-02T08:17:20","modified_gmt":"2022-06-02T11:17:20","slug":"fallo-mercado-pago-s-a","status":"publish","type":"post","link":"https:\/\/diariofemenino.com.ar\/df\/fallo-mercado-pago-s-a\/","title":{"rendered":"FALLO: Mercado Pago S. A."},"content":{"rendered":"<p>Ser\u00e1 la encargada de retener y depositar el monto de la cuota alimentaria. <strong>\u201cM.M.V. C\/ A.R.E. S\/ INCIDENTE DE AUMENTO DE CUOTA ALIMENTARIA\u201d Expte. N\u00ba: 61949. <\/strong><a href=\"https:\/\/en.wikipedia.org\/wiki\/Chivilcoy\">Chivilcoy<\/a>, 30 de Mayo de 2022. Banchero Eduardo Javier Maria. Juez de Paz.-Letrada patrocinante Valeria Alcain.<\/p>\n<p>Por\u00a0<a href=\"https:\/\/diariofemenino.com.ar\/df\/fallo-derecho-a-un-juicio-por-la-determinacion-de-la-verdad\/\">Erica P\u00e9rez<\/a>*<\/p>\n<p><strong>I.- La letrada patrocinante solicita sanciones. <\/strong><\/p>\n<p>Se dispongan medidas razonables para compeler al pago de la cuota alimentaria establecida en autos, (art. 553 CCCN) motivo de lo cual se solicitan las siguientes medidas innovadoras:<\/p>\n<p>Habiendo tomado conocimiento de que la peluquer\u00eda canina de propiedad de actor trabaja con <a href=\"https:\/\/www.mercadopago.com.ar\/\"><strong>Mercado Pago<\/strong><\/a>, y sosteniendo que las nuevas tecnolog\u00edas han generado en forma disruptiva nuevos paradigmas y nuevas tendencias y cambios cotidianos, entre los cuales tambi\u00e9n se encuentra la denominada banca digital o empresas \u201cfintech\u201d, siendo firmas que mediante aplicaciones y plataformas tecnol\u00f3gicas, prestan servicios bancarios y financieros desde un concepto totalmente novedoso, que escapa actualmente a las regulaciones que posea la banca argentina a trav\u00e9s del contralor del Banco Central de la Rep\u00fablica Argentina y otorgan la posibilidad de utilizar billeteras digitales donde almacenar fondos, realizar y recibir transferencias electr\u00f3nicas de dinero, efectuar pagos de productos y servicios, obtener pr\u00e9stamos de fondos dinerarios, etc.<\/p>\n<p>Que la firma <strong>Mercado Pago S.A.<\/strong> otorga la posibilidad de captar fondos que almacena en una billetera digital mediante la apertura de una cuenta personal (tanto para personas f\u00edsicas como para personas jur\u00eddicas), ofreciendo la utilizaci\u00f3n de servicios bancarios y financieros, donde, por ejemplo, el usuario fondea con saldo su cuenta personal, ya sea recibiendo fondos propios desde otra cuenta bancaria o virtual de su titularidad, o desde cuentas bancarias o virtuales de terceros, y en el caso de recibirlos por transferencia electr\u00f3nica de una cuenta bancaria tradicional es realizado desde una CBU (clave bancaria uniforme), y en el segundo caso, es recibido desde la transferencia de otra cuenta virtual de una billetera digital realizada desde una CVU (clave virtual uniforme).<\/p>\n<p>Incluso tambi\u00e9n puede recibir fondos a trav\u00e9s de dep\u00f3sitos de dinero efectivo realizados en forma propia o por terceros en sucursales de entidades que cuentan con cajas para el pago de impuestos y servicios, en canales alternativos a la banca tradicional (Rapipago, Pagof\u00e1cil, Bapropagos, etc.). Otra forma de fondear con saldo en forma propia o por terceros la cuenta virtual es mediante la posibilidad de pago utilizando tarjeta de cr\u00e9dito y\/o d\u00e9bito, y a partir de contar con saldo, el usuario de la billetera de Mercado Pago puede escoger entre diversas opciones, como colocar esos fondos a plazo fijo mediante la retribuci\u00f3n de una tasa de inter\u00e9s, o tambi\u00e9n puede realizar pago de servicios y productos abonando a trav\u00e9s de la utilizaci\u00f3n de aparatos celulares inteligentes y realizando pagos con sistema de escaneado de c\u00f3digo QR.<\/p>\n<p>De esta manera, no puede la justicia soslayar, el avance de las nuevas tecnolog\u00edas y las posibles distorsiones que las personas le dan a su utilizaci\u00f3n, como puede ser la evasi\u00f3n al pago de cuota alimentaria. Ya que el usuario y poseedor de una cuenta personal de banca digital podr\u00eda realizar maniobras evasivas burlando la traba de medidas cautelares, y el pago efectivo de la asistencia alimentaria aqu\u00ed peticionada. Con respecto a esto, ya se ha expedido la jurisprudencia al respecto, explicando que las empresas FinTechs -t\u00e9rmino que seg\u00fan el Banco Central de la Rep\u00fablica Argentina refiere a las innovaciones tecnol\u00f3gicas en servicios financieros- son las que nuclean esta magn\u00edfica innovaci\u00f3n, y si bien su actividad a\u00fan no se encuentra formalmente regulada por el Estado, no hay dudas acerca de su incidencia en diversos sectores de la econom\u00eda (servicios financieros, de consumo, inmobiliarios, de pagos y transferencias, inversiones, insurtech -seguros-, y blockchain -monedas digitales-, entre otros). Los jueces Javier Alejandro Rodi\u00f1o y Carlos Ricardo Igoldi consideraron que \u201clos novedosos m\u00e9todos de pago que vienen imponi\u00e9ndose en la sociedad \u2014a nivel mundial, y una velocidad incre\u00edble\u2014 nos obligan a adoptar una mirada abarcadora de las distintas realidades que puedan presentarse; en tanto es elocuente que tales cambios inciden e incidir\u00e1n sobremanera en el desenvolvimiento de las operaciones civiles y comerciales de todos los \u00f3rdenes, desde las m\u00e1s complejas hasta las m\u00e1s sencillas y cotidianas de consumo masivo\u201d. Y enfatizaron que \u201cexisten diversas publicaciones period\u00edsticas y tambi\u00e9n publicitarias de las propias firmas que dan cuenta acerca de la posibilidad cierta de efectuar con ellas todo tipo de pagos (incluso de servicios p\u00fablicos) y compras de bienes mediante el uso de su \u00abapp\u00bb (aplicaci\u00f3n para el celular), accedi\u00e9ndose al cr\u00e9dito mediante tarjetas prepagas no bancarizadas \u2014denominadas contactless\u2014 que, en rigor, si bien act\u00faan en modo similar a las tarjetas de cr\u00e9dito o d\u00e9bito tradicionales, en realidad no lo son, en tanto se les carga el dinero previamente para poder luego utilizarlo de manera online, o en comercios; sin que hayan pasado por el sistema financiero regulado por el Estado\u201d. No abrigamos duda que dichas empresas \u2014a trav\u00e9s de esas nuevas modalidades tecnol\u00f3gicas\u2014 seg\u00fan sea el caso de la que se trate pueden administrar, intervenir, participar y\/o intermediar en la transacci\u00f3n de cosas en sentido jur\u00eddico, bienes, cr\u00e9ditos, valores o activos de terceros; por lo que corresponde entonces deducir que los mismos resultan claramente embargables por los acreedores de aquellos (arts. 15, 16 y 743 del CCyCN.)\u201d, consideraron los jueces.<strong>[1]<\/strong><\/p>\n<p>Por todo lo fundamentado, y anexando im\u00e1genes que la Peluquer\u00eda canina del demandado, que dan cuenta de que dicho negocio trabaja con este tipo de aplicaciones, y encontr\u00e1ndose por dem\u00e1s probados y reconocidos los incumplimientos alimentarios, en virtud de lo que prev\u00e9 el art. 553 del CCCN. Y legislaci\u00f3n concordante, siendo el incumplimiento de la obligaci\u00f3n alimentaria una cuesti\u00f3n que conculca derechos humanos y personal\u00edsimos, solicito se trabe embargo sobre la cuenta que el demandado posea en la plataforma MERCADO PAGO S.A. y se ordene la retenci\u00f3n de la cuota alimentaria fijada de forma mensual, ordenando a la empresa retenga, y deposite los fondos en la cuenta de autos.<\/p>\n<p><strong>II.- Resuelve:\u00a0\u00a0\u00a0\u00a0\u00a0\u00a0\u00a0\u00a0\u00a0\u00a0\u00a0\u00a0\u00a0\u00a0\u00a0\u00a0\u00a0\u00a0\u00a0\u00a0\u00a0\u00a0\u00a0\u00a0\u00a0\u00a0\u00a0\u00a0\u00a0\u00a0 <\/strong><\/p>\n<p>Respecto de la cuota provisoria fijada, l\u00edbrese oficio a Mercado Pago S.A. para que mensualmente retenga de la cuenta del demandado el importe de la misma y lo deposite en la cuenta de autos del uno al diez de cada mes. Respecto del embargo por las cuotas adeudadas, practicada que sea la liquidaci\u00f3n respectiva, se proveer\u00e1. Fdo. Banchero Eduardo Javier Maria. Juez de Paz- Juzgado de Paz Letrado de Chivilcoy.<\/p>\n<figure id=\"attachment_64743\" aria-describedby=\"caption-attachment-64743\" style=\"width: 548px\" class=\"wp-caption aligncenter\"><img loading=\"lazy\" decoding=\"async\" class=\" wp-image-64743\" src=\"https:\/\/diariofemenino.com.ar\/df\/wp-content\/uploads\/2022\/06\/mercadopago-1024x631.jpg\" alt=\"FALLO: Mercado Pago S.A. \" width=\"548\" height=\"338\" srcset=\"https:\/\/diariofemenino.com.ar\/df\/wp-content\/uploads\/2022\/06\/mercadopago-1024x631.jpg 1024w, https:\/\/diariofemenino.com.ar\/df\/wp-content\/uploads\/2022\/06\/mercadopago-300x185.jpg 300w, https:\/\/diariofemenino.com.ar\/df\/wp-content\/uploads\/2022\/06\/mercadopago-768x474.jpg 768w, https:\/\/diariofemenino.com.ar\/df\/wp-content\/uploads\/2022\/06\/mercadopago.jpg 1200w\" sizes=\"auto, (max-width: 548px) 100vw, 548px\" \/><figcaption id=\"caption-attachment-64743\" class=\"wp-caption-text\">FALLO: Mercado Pago S.A.<\/figcaption><\/figure>\n<p><strong>III.- Conclusiones:<\/strong><\/p>\n<p>Conforme manda el art. 553 CCCN, el juez puede imponer al responsable del incumplimiento reiterado de la obligaci\u00f3n alimentaria medidas razonables para asegurar la eficacia de la sentencia. La conducta de incumplimiento es reprochable vista desde el ejercicio de la responsabilidad parental como desde la perspectiva de g\u00e9nero, denota el menosprecio hacia las tareas de cuidado realizadas por parte de la progenitora, que se traduce en un conjunto de tareas cotidianas que consumen tiempo, energ\u00eda y recursos por lo cual valorable econ\u00f3micamente. Muy destacado el ingenio de la colega <strong>Valeria Alca\u00edn<\/strong> ante la eventualidad del incumplimiento deliberado del alimentante, en observar una forma innovadora y en el magistrado en contemplar la misma, a los fines de poder hacer efectiva la prestaci\u00f3n.<\/p>\n<p>No es la primera vez que Valeria logra, un fallo destacado en materia de deudores alimentarios. En otra ocasi\u00f3n y en este mismo juzgado, se resolvi\u00f3 que la \u201cEmpresa distribuidora EDEN\u00a0actu\u00e9 como agente de retenci\u00f3n directa de la cuota alimentaria <em>sic\u201d<\/em><em>of\u00edciese a la empresa distribuidora de energ\u00eda local \u00abEDEN S.A.\u00bb\u00a0a efecto de que agregue en la liquidaci\u00f3n mensual del medidor que corresponda al demandado el monto de cuota alimentaria provisoria fijado en la resoluci\u00f3n de fecha 2\/05\/2019 y una vez percibido el mismo, deposite las sumas respectivas en la cuenta de autos. Fdo. Eduardo J.M. Banchero- Juez\u201d<\/em><em>[<strong>2].<\/strong><\/em><\/p>\n<p>En consecuencia el incumplimiento del progenitor al pago de la cuota alimentaria compromete: 1) el derecho de los hijos a un nivel de vida adecuado (art. 27, Convenci\u00f3n sobre los Derechos del Ni\u00f1o); 2) el inter\u00e9s superior del ni\u00f1o, ni\u00f1a o adolescente (art. 3 de la CDN): \u201cSer superior es precisamente eso: en el conflicto, priorizar el inter\u00e9s del ni\u00f1o por encima de otros titularizados por personas que destrozan los derechos de la persona vulnerable mediante el incumplimiento de concretas prestaciones a su cargo\u201d.[3]<\/p>\n<p>(*) Abogada egresada de la UBA.\u00a0<a href=\"https:\/\/blog-ericaperez.blogspot.com\/\">https:\/\/blog-ericaperez.blogspot.com\/<\/a><\/p>\n<p><strong>Referencias bibliogr\u00e1ficas<\/strong><\/p>\n<p>[1] La Sala I de la C\u00e1mara de Apelaci\u00f3n en lo Civil y Comercial de Lomas de Zamora- \u201cM. R. E. C\/ M. L. A. s\/ cobro de honorarios.<\/p>\n<p>[2] <a href=\"https:\/\/diariofemenino.com.ar\/df\/fallo-se-cobrara-la-cuota-alimentaria-en-la-factura-de-la-luz\/\">https:\/\/diariofemenino.com.ar\/df\/fallo-se-cobrara-la-cuota-alimentaria-en-la-factura-de-la-luz\/<\/a><\/p>\n<p>[3]: (Kemelmajer de Carlucci, A\u00edda, \u201cComisi\u00f3n N\u00b0 3. Derecho Procesal de Familia. Principios procesales. Informe de la parte especial\u201d, Asociaci\u00f3n Argentina de Derecho Procesal, www.aadproc.org.ar, p. 3, con cita de Peyrano).\u201cR., A. V. c\/ A., A. L. R\u00e9gimen de visita\/alimentos -contencioso.\u201d A\u00f1o 2016.<\/p>\n<p><strong>\u00a0<\/strong><\/p>\n<p>Descargar fallo completo <a href=\"https:\/\/diariofemenino.com.ar\/df\/wp-content\/uploads\/2022\/06\/FALLO-MERCADO-PAGO.pdf\">AQU\u00cd<\/a><\/p>\n","protected":false},"excerpt":{"rendered":"<p>Ser\u00e1 la encargada de retener y depositar el monto de la cuota alimentaria. \u201cM.M.V. C\/ A.R.E. S\/ INCIDENTE DE AUMENTO DE CUOTA ALIMENTARIA\u201d Expte. N\u00ba: 61949. Chivilcoy, 30 de Mayo de 2022. Banchero Eduardo Javier Maria. Juez de Paz.-Letrada patrocinante Valeria Alcain. Por\u00a0Erica P\u00e9rez* I.- La letrada patrocinante solicita sanciones. Se dispongan medidas razonables para [&hellip;]<\/p>\n","protected":false},"author":4,"featured_media":64742,"comment_status":"open","ping_status":"open","sticky":false,"template":"","format":"standard","meta":{"iawp_total_views":1102,"footnotes":""},"categories":[1],"tags":[5144,891,4372,4649,1885,5264],"class_list":["post-64740","post","type-post","status-publish","format-standard","has-post-thumbnail","hentry","category-uncategorized","tag-comentario-juridico","tag-cuota-alimentaria","tag-destacada","tag-erica-perez","tag-fallo","tag-mercado-pago"],"nelio_content":{"autoShareEndMode":"never","automationSources":{"useCustomSentences":false,"customSentences":[]},"efiAlt":"","efiUrl":"","followers":[4],"highlights":[],"isAutoShareEnabled":true,"networkImageIds":[],"permalinkQueryArgs":[],"series":[],"suggestedReferences":[]},"yoast_head":"<!-- This site is optimized with the Yoast SEO plugin v27.5 - https:\/\/yoast.com\/product\/yoast-seo-wordpress\/ -->\n<title>FALLO: Mercado Pago S. A. - Diario Digital Femenino<\/title>\n<meta name=\"description\" content=\"FALLO: Mercado Pago S.A. Por cuota alimentaria, l\u00edbrese oficio a Mercado Pago S.A. para que mensualmente retenga el importe de la cuenta del demandado.\" \/>\n<meta name=\"robots\" content=\"index, follow, max-snippet:-1, max-image-preview:large, max-video-preview:-1\" \/>\n<link rel=\"canonical\" href=\"https:\/\/diariofemenino.com.ar\/df\/fallo-mercado-pago-s-a\/\" \/>\n<meta property=\"og:locale\" content=\"es_ES\" \/>\n<meta property=\"og:type\" content=\"article\" \/>\n<meta property=\"og:title\" content=\"FALLO: Mercado Pago S. A. - Diario Digital Femenino\" \/>\n<meta property=\"og:description\" content=\"FALLO: Mercado Pago S.A. Por cuota alimentaria, l\u00edbrese oficio a Mercado Pago S.A. para que mensualmente retenga el importe de la cuenta del demandado.\" \/>\n<meta property=\"og:url\" content=\"https:\/\/diariofemenino.com.ar\/df\/fallo-mercado-pago-s-a\/\" \/>\n<meta property=\"og:site_name\" content=\"Diario Digital Femenino\" \/>\n<meta property=\"article:publisher\" content=\"https:\/\/www.facebook.com\/DiarioDigitaFemenino\/\" \/>\n<meta property=\"article:published_time\" content=\"2022-06-02T02:05:53+00:00\" \/>\n<meta property=\"article:modified_time\" content=\"2022-06-02T11:17:20+00:00\" \/>\n<meta property=\"og:image\" content=\"https:\/\/diariofemenino.com.ar\/df\/wp-content\/uploads\/2022\/06\/cuota-alimentaria-768x432.jpg\" \/>\n\t<meta property=\"og:image:width\" content=\"768\" \/>\n\t<meta property=\"og:image:height\" content=\"432\" \/>\n\t<meta property=\"og:image:type\" content=\"image\/jpeg\" \/>\n<meta name=\"author\" content=\"Admin\" \/>\n<meta name=\"twitter:card\" content=\"summary_large_image\" \/>\n<meta name=\"twitter:creator\" content=\"@DiarioFemenino1\" \/>\n<meta name=\"twitter:site\" content=\"@DiarioFemenino1\" \/>\n<meta name=\"twitter:label1\" content=\"Escrito por\" \/>\n\t<meta name=\"twitter:data1\" content=\"Admin\" \/>\n\t<meta name=\"twitter:label2\" content=\"Tiempo de lectura\" \/>\n\t<meta name=\"twitter:data2\" content=\"8 minutos\" \/>\n<script type=\"application\/ld+json\" class=\"yoast-schema-graph\">{\"@context\":\"https:\\\/\\\/schema.org\",\"@graph\":[{\"@type\":\"Article\",\"@id\":\"https:\\\/\\\/diariofemenino.com.ar\\\/df\\\/fallo-mercado-pago-s-a\\\/#article\",\"isPartOf\":{\"@id\":\"https:\\\/\\\/diariofemenino.com.ar\\\/df\\\/fallo-mercado-pago-s-a\\\/\"},\"author\":{\"name\":\"Admin\",\"@id\":\"https:\\\/\\\/diariofemenino.com.ar\\\/df\\\/#\\\/schema\\\/person\\\/bf6199e8158c657ea6f789b11ec85509\"},\"headline\":\"FALLO: Mercado Pago S. A.\",\"datePublished\":\"2022-06-02T02:05:53+00:00\",\"dateModified\":\"2022-06-02T11:17:20+00:00\",\"mainEntityOfPage\":{\"@id\":\"https:\\\/\\\/diariofemenino.com.ar\\\/df\\\/fallo-mercado-pago-s-a\\\/\"},\"wordCount\":1566,\"commentCount\":0,\"publisher\":{\"@id\":\"https:\\\/\\\/diariofemenino.com.ar\\\/df\\\/#organization\"},\"image\":{\"@id\":\"https:\\\/\\\/diariofemenino.com.ar\\\/df\\\/fallo-mercado-pago-s-a\\\/#primaryimage\"},\"thumbnailUrl\":\"https:\\\/\\\/diariofemenino.com.ar\\\/df\\\/wp-content\\\/uploads\\\/2022\\\/06\\\/cuota-alimentaria-768x432.jpg\",\"keywords\":[\"Comentario jur\u00eddico\",\"Cuota alimentaria\",\"Destacada\",\"Erica P\u00e9rez\",\"Fallo\",\"Mercado Pago\"],\"articleSection\":[\"Uncategorized\"],\"inLanguage\":\"es\",\"potentialAction\":[{\"@type\":\"CommentAction\",\"name\":\"Comment\",\"target\":[\"https:\\\/\\\/diariofemenino.com.ar\\\/df\\\/fallo-mercado-pago-s-a\\\/#respond\"]}]},{\"@type\":\"WebPage\",\"@id\":\"https:\\\/\\\/diariofemenino.com.ar\\\/df\\\/fallo-mercado-pago-s-a\\\/\",\"url\":\"https:\\\/\\\/diariofemenino.com.ar\\\/df\\\/fallo-mercado-pago-s-a\\\/\",\"name\":\"FALLO: Mercado Pago S. A. - Diario Digital Femenino\",\"isPartOf\":{\"@id\":\"https:\\\/\\\/diariofemenino.com.ar\\\/df\\\/#website\"},\"primaryImageOfPage\":{\"@id\":\"https:\\\/\\\/diariofemenino.com.ar\\\/df\\\/fallo-mercado-pago-s-a\\\/#primaryimage\"},\"image\":{\"@id\":\"https:\\\/\\\/diariofemenino.com.ar\\\/df\\\/fallo-mercado-pago-s-a\\\/#primaryimage\"},\"thumbnailUrl\":\"https:\\\/\\\/diariofemenino.com.ar\\\/df\\\/wp-content\\\/uploads\\\/2022\\\/06\\\/cuota-alimentaria-768x432.jpg\",\"datePublished\":\"2022-06-02T02:05:53+00:00\",\"dateModified\":\"2022-06-02T11:17:20+00:00\",\"description\":\"FALLO: Mercado Pago S.A. Por cuota alimentaria, l\u00edbrese oficio a Mercado Pago S.A. para que mensualmente retenga el importe de la cuenta del demandado.\",\"breadcrumb\":{\"@id\":\"https:\\\/\\\/diariofemenino.com.ar\\\/df\\\/fallo-mercado-pago-s-a\\\/#breadcrumb\"},\"inLanguage\":\"es\",\"potentialAction\":[{\"@type\":\"ReadAction\",\"target\":[\"https:\\\/\\\/diariofemenino.com.ar\\\/df\\\/fallo-mercado-pago-s-a\\\/\"]}]},{\"@type\":\"ImageObject\",\"inLanguage\":\"es\",\"@id\":\"https:\\\/\\\/diariofemenino.com.ar\\\/df\\\/fallo-mercado-pago-s-a\\\/#primaryimage\",\"url\":\"https:\\\/\\\/diariofemenino.com.ar\\\/df\\\/wp-content\\\/uploads\\\/2022\\\/06\\\/cuota-alimentaria-768x432.jpg\",\"contentUrl\":\"https:\\\/\\\/diariofemenino.com.ar\\\/df\\\/wp-content\\\/uploads\\\/2022\\\/06\\\/cuota-alimentaria-768x432.jpg\",\"width\":768,\"height\":432,\"caption\":\"En General Pico el 70 % de los padres incumple con la cuota alimentaria\"},{\"@type\":\"BreadcrumbList\",\"@id\":\"https:\\\/\\\/diariofemenino.com.ar\\\/df\\\/fallo-mercado-pago-s-a\\\/#breadcrumb\",\"itemListElement\":[{\"@type\":\"ListItem\",\"position\":1,\"name\":\"Portada\",\"item\":\"https:\\\/\\\/diariofemenino.com.ar\\\/df\\\/\"},{\"@type\":\"ListItem\",\"position\":2,\"name\":\"FALLO: Mercado Pago S. A.\"}]},{\"@type\":\"WebSite\",\"@id\":\"https:\\\/\\\/diariofemenino.com.ar\\\/df\\\/#website\",\"url\":\"https:\\\/\\\/diariofemenino.com.ar\\\/df\\\/\",\"name\":\"Diario Digital Femenino\",\"description\":\"Cuesti\u00f3n de G\u00e9nero\",\"publisher\":{\"@id\":\"https:\\\/\\\/diariofemenino.com.ar\\\/df\\\/#organization\"},\"potentialAction\":[{\"@type\":\"SearchAction\",\"target\":{\"@type\":\"EntryPoint\",\"urlTemplate\":\"https:\\\/\\\/diariofemenino.com.ar\\\/df\\\/?s={search_term_string}\"},\"query-input\":{\"@type\":\"PropertyValueSpecification\",\"valueRequired\":true,\"valueName\":\"search_term_string\"}}],\"inLanguage\":\"es\"},{\"@type\":\"Organization\",\"@id\":\"https:\\\/\\\/diariofemenino.com.ar\\\/df\\\/#organization\",\"name\":\"Diario Femenino\",\"url\":\"https:\\\/\\\/diariofemenino.com.ar\\\/df\\\/\",\"logo\":{\"@type\":\"ImageObject\",\"inLanguage\":\"es\",\"@id\":\"https:\\\/\\\/diariofemenino.com.ar\\\/df\\\/#\\\/schema\\\/logo\\\/image\\\/\",\"url\":\"https:\\\/\\\/diariofemenino.com.ar\\\/df\\\/wp-content\\\/uploads\\\/2018\\\/10\\\/logo.png\",\"contentUrl\":\"https:\\\/\\\/diariofemenino.com.ar\\\/df\\\/wp-content\\\/uploads\\\/2018\\\/10\\\/logo.png\",\"width\":500,\"height\":92,\"caption\":\"Diario Femenino\"},\"image\":{\"@id\":\"https:\\\/\\\/diariofemenino.com.ar\\\/df\\\/#\\\/schema\\\/logo\\\/image\\\/\"},\"sameAs\":[\"https:\\\/\\\/www.facebook.com\\\/DiarioDigitaFemenino\\\/\",\"https:\\\/\\\/x.com\\\/DiarioFemenino1\"]},{\"@type\":\"Person\",\"@id\":\"https:\\\/\\\/diariofemenino.com.ar\\\/df\\\/#\\\/schema\\\/person\\\/bf6199e8158c657ea6f789b11ec85509\",\"name\":\"Admin\",\"image\":{\"@type\":\"ImageObject\",\"inLanguage\":\"es\",\"@id\":\"https:\\\/\\\/diariofemenino.com.ar\\\/df\\\/wp-content\\\/uploads\\\/2018\\\/12\\\/favicon-150x150.jpg\",\"url\":\"https:\\\/\\\/diariofemenino.com.ar\\\/df\\\/wp-content\\\/uploads\\\/2018\\\/12\\\/favicon-150x150.jpg\",\"contentUrl\":\"https:\\\/\\\/diariofemenino.com.ar\\\/df\\\/wp-content\\\/uploads\\\/2018\\\/12\\\/favicon-150x150.jpg\",\"caption\":\"Admin\"},\"url\":\"https:\\\/\\\/diariofemenino.com.ar\\\/df\\\/author\\\/lenny\\\/\"}]}<\/script>\n<!-- \/ Yoast SEO plugin. -->","yoast_head_json":{"title":"FALLO: Mercado Pago S. A. - Diario Digital Femenino","description":"FALLO: Mercado Pago S.A. Por cuota alimentaria, l\u00edbrese oficio a Mercado Pago S.A. para que mensualmente retenga el importe de la cuenta del demandado.","robots":{"index":"index","follow":"follow","max-snippet":"max-snippet:-1","max-image-preview":"max-image-preview:large","max-video-preview":"max-video-preview:-1"},"canonical":"https:\/\/diariofemenino.com.ar\/df\/fallo-mercado-pago-s-a\/","og_locale":"es_ES","og_type":"article","og_title":"FALLO: Mercado Pago S. A. - Diario Digital Femenino","og_description":"FALLO: Mercado Pago S.A. Por cuota alimentaria, l\u00edbrese oficio a Mercado Pago S.A. para que mensualmente retenga el importe de la cuenta del demandado.","og_url":"https:\/\/diariofemenino.com.ar\/df\/fallo-mercado-pago-s-a\/","og_site_name":"Diario Digital Femenino","article_publisher":"https:\/\/www.facebook.com\/DiarioDigitaFemenino\/","article_published_time":"2022-06-02T02:05:53+00:00","article_modified_time":"2022-06-02T11:17:20+00:00","og_image":[{"width":768,"height":432,"url":"https:\/\/diariofemenino.com.ar\/df\/wp-content\/uploads\/2022\/06\/cuota-alimentaria-768x432.jpg","type":"image\/jpeg"}],"author":"Admin","twitter_card":"summary_large_image","twitter_creator":"@DiarioFemenino1","twitter_site":"@DiarioFemenino1","twitter_misc":{"Escrito por":"Admin","Tiempo de lectura":"8 minutos"},"schema":{"@context":"https:\/\/schema.org","@graph":[{"@type":"Article","@id":"https:\/\/diariofemenino.com.ar\/df\/fallo-mercado-pago-s-a\/#article","isPartOf":{"@id":"https:\/\/diariofemenino.com.ar\/df\/fallo-mercado-pago-s-a\/"},"author":{"name":"Admin","@id":"https:\/\/diariofemenino.com.ar\/df\/#\/schema\/person\/bf6199e8158c657ea6f789b11ec85509"},"headline":"FALLO: Mercado Pago S. A.","datePublished":"2022-06-02T02:05:53+00:00","dateModified":"2022-06-02T11:17:20+00:00","mainEntityOfPage":{"@id":"https:\/\/diariofemenino.com.ar\/df\/fallo-mercado-pago-s-a\/"},"wordCount":1566,"commentCount":0,"publisher":{"@id":"https:\/\/diariofemenino.com.ar\/df\/#organization"},"image":{"@id":"https:\/\/diariofemenino.com.ar\/df\/fallo-mercado-pago-s-a\/#primaryimage"},"thumbnailUrl":"https:\/\/diariofemenino.com.ar\/df\/wp-content\/uploads\/2022\/06\/cuota-alimentaria-768x432.jpg","keywords":["Comentario jur\u00eddico","Cuota alimentaria","Destacada","Erica P\u00e9rez","Fallo","Mercado Pago"],"articleSection":["Uncategorized"],"inLanguage":"es","potentialAction":[{"@type":"CommentAction","name":"Comment","target":["https:\/\/diariofemenino.com.ar\/df\/fallo-mercado-pago-s-a\/#respond"]}]},{"@type":"WebPage","@id":"https:\/\/diariofemenino.com.ar\/df\/fallo-mercado-pago-s-a\/","url":"https:\/\/diariofemenino.com.ar\/df\/fallo-mercado-pago-s-a\/","name":"FALLO: Mercado Pago S. A. - Diario Digital Femenino","isPartOf":{"@id":"https:\/\/diariofemenino.com.ar\/df\/#website"},"primaryImageOfPage":{"@id":"https:\/\/diariofemenino.com.ar\/df\/fallo-mercado-pago-s-a\/#primaryimage"},"image":{"@id":"https:\/\/diariofemenino.com.ar\/df\/fallo-mercado-pago-s-a\/#primaryimage"},"thumbnailUrl":"https:\/\/diariofemenino.com.ar\/df\/wp-content\/uploads\/2022\/06\/cuota-alimentaria-768x432.jpg","datePublished":"2022-06-02T02:05:53+00:00","dateModified":"2022-06-02T11:17:20+00:00","description":"FALLO: Mercado Pago S.A. Por cuota alimentaria, l\u00edbrese oficio a Mercado Pago S.A. para que mensualmente retenga el importe de la cuenta del demandado.","breadcrumb":{"@id":"https:\/\/diariofemenino.com.ar\/df\/fallo-mercado-pago-s-a\/#breadcrumb"},"inLanguage":"es","potentialAction":[{"@type":"ReadAction","target":["https:\/\/diariofemenino.com.ar\/df\/fallo-mercado-pago-s-a\/"]}]},{"@type":"ImageObject","inLanguage":"es","@id":"https:\/\/diariofemenino.com.ar\/df\/fallo-mercado-pago-s-a\/#primaryimage","url":"https:\/\/diariofemenino.com.ar\/df\/wp-content\/uploads\/2022\/06\/cuota-alimentaria-768x432.jpg","contentUrl":"https:\/\/diariofemenino.com.ar\/df\/wp-content\/uploads\/2022\/06\/cuota-alimentaria-768x432.jpg","width":768,"height":432,"caption":"En General Pico el 70 % de los padres incumple con la cuota alimentaria"},{"@type":"BreadcrumbList","@id":"https:\/\/diariofemenino.com.ar\/df\/fallo-mercado-pago-s-a\/#breadcrumb","itemListElement":[{"@type":"ListItem","position":1,"name":"Portada","item":"https:\/\/diariofemenino.com.ar\/df\/"},{"@type":"ListItem","position":2,"name":"FALLO: Mercado Pago S. A."}]},{"@type":"WebSite","@id":"https:\/\/diariofemenino.com.ar\/df\/#website","url":"https:\/\/diariofemenino.com.ar\/df\/","name":"Diario Digital Femenino","description":"Cuesti\u00f3n de G\u00e9nero","publisher":{"@id":"https:\/\/diariofemenino.com.ar\/df\/#organization"},"potentialAction":[{"@type":"SearchAction","target":{"@type":"EntryPoint","urlTemplate":"https:\/\/diariofemenino.com.ar\/df\/?s={search_term_string}"},"query-input":{"@type":"PropertyValueSpecification","valueRequired":true,"valueName":"search_term_string"}}],"inLanguage":"es"},{"@type":"Organization","@id":"https:\/\/diariofemenino.com.ar\/df\/#organization","name":"Diario Femenino","url":"https:\/\/diariofemenino.com.ar\/df\/","logo":{"@type":"ImageObject","inLanguage":"es","@id":"https:\/\/diariofemenino.com.ar\/df\/#\/schema\/logo\/image\/","url":"https:\/\/diariofemenino.com.ar\/df\/wp-content\/uploads\/2018\/10\/logo.png","contentUrl":"https:\/\/diariofemenino.com.ar\/df\/wp-content\/uploads\/2018\/10\/logo.png","width":500,"height":92,"caption":"Diario Femenino"},"image":{"@id":"https:\/\/diariofemenino.com.ar\/df\/#\/schema\/logo\/image\/"},"sameAs":["https:\/\/www.facebook.com\/DiarioDigitaFemenino\/","https:\/\/x.com\/DiarioFemenino1"]},{"@type":"Person","@id":"https:\/\/diariofemenino.com.ar\/df\/#\/schema\/person\/bf6199e8158c657ea6f789b11ec85509","name":"Admin","image":{"@type":"ImageObject","inLanguage":"es","@id":"https:\/\/diariofemenino.com.ar\/df\/wp-content\/uploads\/2018\/12\/favicon-150x150.jpg","url":"https:\/\/diariofemenino.com.ar\/df\/wp-content\/uploads\/2018\/12\/favicon-150x150.jpg","contentUrl":"https:\/\/diariofemenino.com.ar\/df\/wp-content\/uploads\/2018\/12\/favicon-150x150.jpg","caption":"Admin"},"url":"https:\/\/diariofemenino.com.ar\/df\/author\/lenny\/"}]}},"jetpack_featured_media_url":"https:\/\/diariofemenino.com.ar\/df\/wp-content\/uploads\/2022\/06\/cuota-alimentaria-768x432.jpg","jetpack_sharing_enabled":true,"rttpg_featured_image_url":{"full":["https:\/\/diariofemenino.com.ar\/df\/wp-content\/uploads\/2022\/06\/cuota-alimentaria-768x432.jpg",768,432,false],"landscape":["https:\/\/diariofemenino.com.ar\/df\/wp-content\/uploads\/2022\/06\/cuota-alimentaria-768x432.jpg",768,432,false],"portraits":["https:\/\/diariofemenino.com.ar\/df\/wp-content\/uploads\/2022\/06\/cuota-alimentaria-768x432.jpg",768,432,false],"thumbnail":["https:\/\/diariofemenino.com.ar\/df\/wp-content\/uploads\/2022\/06\/cuota-alimentaria-768x432-150x150.jpg",150,150,true],"medium":["https:\/\/diariofemenino.com.ar\/df\/wp-content\/uploads\/2022\/06\/cuota-alimentaria-768x432-300x169.jpg",300,169,true],"large":["https:\/\/diariofemenino.com.ar\/df\/wp-content\/uploads\/2022\/06\/cuota-alimentaria-768x432.jpg",768,432,false],"1536x1536":["https:\/\/diariofemenino.com.ar\/df\/wp-content\/uploads\/2022\/06\/cuota-alimentaria-768x432.jpg",768,432,false],"2048x2048":["https:\/\/diariofemenino.com.ar\/df\/wp-content\/uploads\/2022\/06\/cuota-alimentaria-768x432.jpg",768,432,false]},"rttpg_author":{"display_name":"Admin","author_link":"https:\/\/diariofemenino.com.ar\/df\/author\/lenny\/"},"rttpg_comment":0,"rttpg_category":"<a href=\"https:\/\/diariofemenino.com.ar\/df\/category\/uncategorized\/\" rel=\"category tag\">Uncategorized<\/a>","rttpg_excerpt":"Ser\u00e1 la encargada de retener y depositar el monto de la cuota alimentaria. \u201cM.M.V. C\/ A.R.E. S\/ INCIDENTE DE AUMENTO DE CUOTA ALIMENTARIA\u201d Expte. N\u00ba: 61949. Chivilcoy, 30 de Mayo de 2022. Banchero Eduardo Javier Maria. Juez de Paz.-Letrada patrocinante Valeria Alcain. Por\u00a0Erica P\u00e9rez* I.- La letrada patrocinante solicita sanciones. Se dispongan medidas razonables para&hellip;","_links":{"self":[{"href":"https:\/\/diariofemenino.com.ar\/df\/wp-json\/wp\/v2\/posts\/64740","targetHints":{"allow":["GET"]}}],"collection":[{"href":"https:\/\/diariofemenino.com.ar\/df\/wp-json\/wp\/v2\/posts"}],"about":[{"href":"https:\/\/diariofemenino.com.ar\/df\/wp-json\/wp\/v2\/types\/post"}],"author":[{"embeddable":true,"href":"https:\/\/diariofemenino.com.ar\/df\/wp-json\/wp\/v2\/users\/4"}],"replies":[{"embeddable":true,"href":"https:\/\/diariofemenino.com.ar\/df\/wp-json\/wp\/v2\/comments?post=64740"}],"version-history":[{"count":0,"href":"https:\/\/diariofemenino.com.ar\/df\/wp-json\/wp\/v2\/posts\/64740\/revisions"}],"wp:featuredmedia":[{"embeddable":true,"href":"https:\/\/diariofemenino.com.ar\/df\/wp-json\/wp\/v2\/media\/64742"}],"wp:attachment":[{"href":"https:\/\/diariofemenino.com.ar\/df\/wp-json\/wp\/v2\/media?parent=64740"}],"wp:term":[{"taxonomy":"category","embeddable":true,"href":"https:\/\/diariofemenino.com.ar\/df\/wp-json\/wp\/v2\/categories?post=64740"},{"taxonomy":"post_tag","embeddable":true,"href":"https:\/\/diariofemenino.com.ar\/df\/wp-json\/wp\/v2\/tags?post=64740"}],"curies":[{"name":"wp","href":"https:\/\/api.w.org\/{rel}","templated":true}]}}