{"id":64730,"date":"2022-06-01T22:44:02","date_gmt":"2022-06-02T01:44:02","guid":{"rendered":"https:\/\/diariofemenino.com.ar\/df\/?p=64730"},"modified":"2022-06-03T20:41:55","modified_gmt":"2022-06-03T23:41:55","slug":"el-mayor-evento-academico-de-las-ciencias-sociales-y-las-humanidades-de-la-region","status":"publish","type":"post","link":"https:\/\/diariofemenino.com.ar\/df\/el-mayor-evento-academico-de-las-ciencias-sociales-y-las-humanidades-de-la-region\/","title":{"rendered":"El mayor evento acad\u00e9mico de las ciencias sociales y las humanidades de la regi\u00f3n"},"content":{"rendered":"<p dir=\"ltr\"><span style=\"color: #000000;\">Del 7 al 10 de junio, en la Ciudad de M\u00e9xico se <a href=\"https:\/\/diariofemenino.com.ar\/df\/category\/actividades\/\">realizar\u00e1<\/a> la <strong>9\u00aa Conferencia de CLACSO<\/strong>: con eje en las desigualdades en la regi\u00f3n se realizar\u00e1 el mayor evento acad\u00e9mico de las ciencias sociales y las humanidades de Am\u00e9rica Latina y el Caribe.<\/span><\/p>\n<ul>\n<li dir=\"ltr\">\n<p dir=\"ltr\" role=\"presentation\">Las desigualdades sociales en el continente se trabajar\u00e1n desde 34 ejes tem\u00e1ticos, con 250 paneles y m\u00e1s 600 mesas de debate. El encuentro contar\u00e1 con 10.000 participantes.<\/p>\n<\/li>\n<li dir=\"ltr\">\n<p dir=\"ltr\" role=\"presentation\">Se destacan, entre otros, Rita Segato, Manuel Castels, Marta Lamas, Arturo Escobar, Enrique Dussel, Boaventura de Sousa Santos, Karina Batthy\u00e1ny, Manuela D&#8217;Avila, Guadalupe Valencia y Elsie Rockwell.<\/p>\n<\/li>\n<li dir=\"ltr\">\n<p dir=\"ltr\" role=\"presentation\">Tendr\u00e1, tambi\u00e9n, una feria internacional del libro de las ciencias sociales y las humanidades, y un ciclo internacional de cine.<\/p>\n<\/li>\n<li dir=\"ltr\">\n<p dir=\"ltr\" role=\"presentation\">El acto de apertura se realizar\u00e1 el martes 7 de junio, a las 17 horas (M\u00e9xico), en la hist\u00f3rica Sala Nezahualc\u00f3yotl de la UNAM.<\/p>\n<\/li>\n<li dir=\"ltr\">\n<p dir=\"ltr\" role=\"presentation\">Se reconocer\u00e1 a los principales cientistas sociales de la regi\u00f3n.<\/p>\n<\/li>\n<\/ul>\n<p dir=\"ltr\">\u201cLa desigualdad es un tema estructural en Am\u00e9rica Latina. Pasados dos a\u00f1os de pandemia, todos los indicadores muestran que se ha profundizado en la regi\u00f3n, en todas sus dimensiones\u201d, expres\u00f3 Karina Batthy\u00e1ny, secretaria ejecutiva de CLACSO.<\/p>\n<p dir=\"ltr\">El Consejo Latinoamericano de Ciencias Sociales (CLACSO) brindar\u00e1 su 9.\u00aa Conferencia en la regi\u00f3n, bajo el lema: \u201cTramas de las desigualdades en Am\u00e9rica Latina y el Caribe. Saberes, luchas y transformaciones\u201d, que tendr\u00e1 lugar entre el 7 y el 10 junio de 2022, en la sede de la Universidad Nacional Aut\u00f3noma de M\u00e9xico (UNAM).<\/p>\n<p dir=\"ltr\">El encuentro, hito de las ciencias sociales y las humanidades de la regi\u00f3n, abordar\u00e1 las desigualdades sociales en el continente desde 34 ejes tem\u00e1ticos, con 250 paneles y m\u00e1s 600 mesas de debate. Los encuentros se transmitir\u00e1n en simult\u00e1neo por 23 canales de streaming: <a href=\"https:\/\/conferenciaclacso.org\/vivo\/\" target=\"_blank\" rel=\"noopener\" data-saferedirecturl=\"https:\/\/www.google.com\/url?q=https:\/\/conferenciaclacso.org\/vivo\/&amp;source=gmail&amp;ust=1654219749740000&amp;usg=AOvVaw2msaqwfS_mc7t9ZtOPR-xS\">https:\/\/conferenciaclacso.org\/<wbr \/>vivo\/<\/a><\/p>\n<p dir=\"ltr\">Algunos de los temas ser\u00e1n, entre otros, feminismos y disidencias; infancias y juventudes; migraciones; sociedad del cuidado; violencias de g\u00e9nero; violencias y pol\u00edticas de seguridad; conflictos agrarios; procesos de paz; naturaleza y ambiente, el acceso a la ciudad, la salud y la educaci\u00f3n; la ciencia, tecnolog\u00eda y sociedad; conflictos urbanos.<\/p>\n<p dir=\"ltr\">El acto de apertura se realizar\u00e1 el martes 7 de junio, a las 16.30, en la hist\u00f3rica Sala Nezahualc\u00f3yotl de la universidad, en la que participar\u00e1n la Secretaria Ejecutiva de CLACSO, Karina Batthy\u00e1ny; la Coordinadora de Humanidades de la UNAM, Guadalupe Valencia; el Subsecretario de Educaci\u00f3n Superior de M\u00e9xico, Luciano Concheiro; la Jefa de Gobierno de Ciudad de M\u00e9xico, Claudia Sheinbaum Pardo, y el Rector de la Universidad Nacional Aut\u00f3noma de M\u00e9xico (UNAM), Enrique Graue Wiechers.<\/p>\n<p dir=\"ltr\"><span style=\"color: #000000;\">El acto inaugural, adem\u00e1s, contar\u00e1 con la presencia del reconocido fil\u00f3sofo argentino Dar\u00edo Sztajnszrajber, a trav\u00e9s de: <b>La trama de las desigualdades. U<\/b><b>na intervenci\u00f3n filos\u00f3fica. <\/b><\/span><\/p>\n<p dir=\"ltr\"><span style=\"color: #000000;\">Tambi\u00e9n, la Sala Nezahualc\u00f3yotl ser\u00e1 escenario del primer Di\u00e1logo Magistral (martes<\/span> 7) \u201cFeminismos, g\u00e9neros y luchas en Am\u00e9rica Latina y el Caribe\u201d a cargo de Dora Barrancos, Montserrat Sagot y Marta Lamas.<\/p>\n<figure id=\"attachment_64738\" aria-describedby=\"caption-attachment-64738\" style=\"width: 692px\" class=\"wp-caption aligncenter\"><img loading=\"lazy\" decoding=\"async\" class=\" wp-image-64738\" src=\"https:\/\/diariofemenino.com.ar\/df\/wp-content\/uploads\/2022\/06\/Clacso-2022-Mexico-1024x512.png\" alt=\"El mayor evento acad\u00e9mico de las ciencias sociales y las humanidades de la regi\u00f3n\" width=\"692\" height=\"346\" srcset=\"https:\/\/diariofemenino.com.ar\/df\/wp-content\/uploads\/2022\/06\/Clacso-2022-Mexico.png 1024w, https:\/\/diariofemenino.com.ar\/df\/wp-content\/uploads\/2022\/06\/Clacso-2022-Mexico-300x150.png 300w, https:\/\/diariofemenino.com.ar\/df\/wp-content\/uploads\/2022\/06\/Clacso-2022-Mexico-768x384.png 768w\" sizes=\"auto, (max-width: 692px) 100vw, 692px\" \/><figcaption id=\"caption-attachment-64738\" class=\"wp-caption-text\">El mayor evento acad\u00e9mico de las ciencias sociales y las humanidades de la regi\u00f3n<\/figcaption><\/figure>\n<p dir=\"ltr\">Di\u00e1logos magistrales de destacadas figuras del campo pol\u00edtico, acad\u00e9mico y social de la regi\u00f3n:<\/p>\n<ul>\n<li dir=\"ltr\">\n<p dir=\"ltr\" role=\"presentation\"><strong>Mi\u00e9rcoles 8 de junio<\/strong><\/p>\n<\/li>\n<\/ul>\n<p dir=\"ltr\">&#8211; \u201cSociedad del cuidado y pol\u00edticas de la vida\u201d, Eleonor Faur, Nadya Araujo y Karina Batthy\u00e1ny.<\/p>\n<p dir=\"ltr\">&#8211; \u201cAmbiente, bienes p\u00fablicos y cambio clim\u00e1tico\u201d, Vandana Shiva, Arturo Escobar, Leonardo Boff y Enrique Leff\u201d.<\/p>\n<p dir=\"ltr\">&#8211; \u201cHacia una ciencia p\u00fablica: Ciencias sociales, humanidades\u201d, Gabriela Ramos, Arianna Becerril Garc\u00eda y Gerardo Caetano.<\/p>\n<p dir=\"ltr\">&#8211; \u201cCrisis econ\u00f3mica y dilemas del desarrollo en Am\u00e9rica Latina\u201d, \u00c1lvaro Garc\u00eda Linera, Alicia B\u00e1rcena y Paul Ladd.<\/p>\n<p dir=\"ltr\">&#8211; \u201cDesaf\u00edos de la democracia en Am\u00e9rica Latina y el Caribe\u201d, Boaventura de Sousa Santos y Manuela D\u2019\u00c1vila.<\/p>\n<ul>\n<li dir=\"ltr\">\n<p dir=\"ltr\" role=\"presentation\"><strong>Jueves 9 de junio<\/strong><\/p>\n<\/li>\n<\/ul>\n<p dir=\"ltr\">&#8211; \u201cMemoria y Derechos Humanos \u2013 Procesos de paz y conflictos sociales\u201d, Armando Bartra, Elizabeth Jelin, Natalia Federman y Clemencia Correa.<\/p>\n<p dir=\"ltr\">&#8211; \u201cDerecho a la educaci\u00f3n y desigualdades educativas en la pandemia y la post pandemia\u201d, Adriana Puiggr\u00f3s, Elsie Rockwell y Nilma Lino Gomes.<\/p>\n<p dir=\"ltr\">&#8211; \u201cEl protagonismo de los movimientos y las organizaciones sociales en la coyuntura actual\u201d, Camila Ollin P\u00e9rez Murcio, Jes\u00fas Chucho Garc\u00eda, Moira Mill\u00e1n, Natalia Quiroga D\u00edaz y Rosana Fernandes.<\/p>\n<p dir=\"ltr\">&#8211; \u201cFilosof\u00eda para este fin del mundo\u201d, Dar\u00edo Sztajnszrajber y Soledad Barruti.<\/p>\n<p dir=\"ltr\">&#8211; \u201cComunicaci\u00f3n, pol\u00edtica y derechos: entre las fake news y las iniciativas populares\u201d, Enrique Dussel y Gabriela Monta\u00f1o.<\/p>\n<p dir=\"ltr\">&#8211; \u201cPueblos ind\u00edgenas, territorios y autonom\u00edas\u201d, Ana Silvia Monz\u00f3n, Ailton Krenak, Elisa Lonc\u00f3n y Gladys Tzul Tzul.<\/p>\n<p dir=\"ltr\">&#8211; \u201cNegritudes, afrolatinidades, racismos y resistencias\u201d, Rita Segato, Mara Viveros Vigoya y Rosa Campoalegre.<\/p>\n<ul>\n<li dir=\"ltr\">\n<p dir=\"ltr\" role=\"presentation\"><strong>Viernes 10 de junio<\/strong><\/p>\n<\/li>\n<\/ul>\n<p dir=\"ltr\">&#8211; \u201cSur-Sur: di\u00e1logo de saberes\u201d, Seteney Shami, Godwin Murunga, Sari Hanafi, Karina Batthy\u00e1ny y Virendra Kumar Malhotra.<\/p>\n<p dir=\"ltr\">&#8211; \u201cMigraciones y movilidad humana\u201d, Saskia Sassen, Gioconda Herrera y Silvia Giorguli.<\/p>\n<p dir=\"ltr\">Di\u00e1logos magistrales: <a href=\"https:\/\/www.clacso.org\/dialogos-magistrales-en-clacso2022\/\" target=\"_blank\" rel=\"noopener\" data-saferedirecturl=\"https:\/\/www.google.com\/url?q=https:\/\/www.clacso.org\/dialogos-magistrales-en-clacso2022\/&amp;source=gmail&amp;ust=1654219749740000&amp;usg=AOvVaw0cxq6LxSvx9F0xKYh91ty5\">https:\/\/www.clacso.org\/<wbr \/>dialogos-magistrales-en-<wbr \/>clacso2022\/<\/a><\/p>\n<p dir=\"ltr\">Adem\u00e1s, habr\u00e1 talleres de formaci\u00f3n, foros, paneles y ponencias; una feria internacional del libro de las ciencias sociales y las humanidades, y un ciclo internacional de cine, entre otros eventos especiales.<\/p>\n<p dir=\"ltr\">Asimismo, tendr\u00e1 lugar un reconocimiento a la trayectoria de renombrados cientistas sociales de la regi\u00f3n: Elizabeth Jelin; Enrique Dussel; Guadalupe Valencia, Montserrat Sagot, Gerardo Caetano y Rosario Aguirre, entre otras\/os.<\/p>\n<p dir=\"ltr\"><a href=\"https:\/\/www.clacso.org\/reconocimiento-a-la-trayectoria-de-cientistas-en-clacso2022\/\" target=\"_blank\" rel=\"noopener\" data-saferedirecturl=\"https:\/\/www.google.com\/url?q=https:\/\/www.clacso.org\/reconocimiento-a-la-trayectoria-de-cientistas-en-clacso2022\/&amp;source=gmail&amp;ust=1654219749740000&amp;usg=AOvVaw0fsG2IoUHv7Kmsh104hPJp\">https:\/\/www.clacso.org\/<wbr \/>reconocimiento-a-la-<wbr \/>trayectoria-de-cientistas-en-<wbr \/>clacso2022\/<\/a><\/p>\n<p dir=\"ltr\">Las desigualdades en la regi\u00f3n<\/p>\n<p dir=\"ltr\">Las hist\u00f3ricas desigualdades existentes en el continente estructuran sus sociedades. En 2020, seg\u00fan la Comisi\u00f3n Econ\u00f3mica para Am\u00e9rica Latina y el Caribe (CEPAL), de cada 100 habitantes de Am\u00e9rica latina y el Caribe, 34 eran pobres (sus ingresos no cubr\u00edan la canasta b\u00e1sica). De esos, 13 se hallaban en la pobreza extrema.<\/p>\n<p dir=\"ltr\">\u201cEn nuestro continente existe una profunda concentraci\u00f3n de la riqueza, y el acceso a las prestaciones sociales, en t\u00e9rminos amplios, sigue siendo un privilegio. Esto se da porque no contamos en Am\u00e9rica Latina y el Caribe con un Estado de bienestar universal. Antes de la pandemia esto ya era un problema fundamental\u201d, sostiene Karina Batthy\u00e1ny, Secretaria Ejecutiva de CLACSO.<\/p>\n<p dir=\"ltr\">Si se piensa en otras desigualdades, las de g\u00e9nero, por ejemplo, son un rasgo estructural en la regi\u00f3n: se registra un retroceso de 18 a\u00f1os en la participaci\u00f3n de las mujeres en el mercado laboral, como producto de la pandemia. Asimismo, un nuevo informe de ONU Mujeres, tambi\u00e9n para Am\u00e9rica Latina y el Caribe basado en datos de 13 pa\u00edses desde la pandemia, muestra que dos de cada tres mujeres padecieron alguna forma de violencia o conoc\u00edan a alguna mujer que sufr\u00eda alguna forma de violencia.<\/p>\n<p dir=\"ltr\">La situaci\u00f3n m\u00e1s extrema de la desigualdad de g\u00e9nero est\u00e1 representada por el feminicidio. Los diez pa\u00edses con mayores tasas de feminicidios son Honduras, seguido de Rep\u00fablica Dominicana, El Salvador, Bolivia, Brasil, Panam\u00e1, M\u00e9xico, Guatemala, Uruguay y Argentina.<\/p>\n<p dir=\"ltr\">El acceso al conocimiento tambi\u00e9n es otro eje donde se instalan las desigualdades, \u201cuno de los nudos centrales de la desigualdad\u201d, en t\u00e9rminos de Karina Batthy\u00e1ny. Asimismo, el acceso de las poblaciones a la salud, a las ciudades; las violencias y pol\u00edticas de seguridad de que son objeto; los conflictos agrarios y los procesos de paz; la naturaleza y el ambiente, otros de los espacios donde se reproducen desigualdades en la regi\u00f3n.<\/p>\n<p dir=\"ltr\">Web:<a href=\"https:\/\/www.clacso.org\/\" target=\"_blank\" rel=\"noopener\" data-saferedirecturl=\"https:\/\/www.google.com\/url?q=https:\/\/www.clacso.org\/&amp;source=gmail&amp;ust=1654219749740000&amp;usg=AOvVaw2XrWu7NjoH4kvXitkUdCd6\"> www.clacso.org\/<\/a><br \/>\nFacebook:<a href=\"https:\/\/www.facebook.com\/CLACSO.Oficial\" target=\"_blank\" rel=\"noopener\" data-saferedirecturl=\"https:\/\/www.google.com\/url?q=https:\/\/www.facebook.com\/CLACSO.Oficial&amp;source=gmail&amp;ust=1654219749740000&amp;usg=AOvVaw1ksSFDQgZyW_CRENZwsnUr\"> CLACSO.Oficial<\/a><br \/>\nInstagram:<a href=\"https:\/\/www.instagram.com\/clacso_oficial\/?hl=es-la\" target=\"_blank\" rel=\"noopener\" data-saferedirecturl=\"https:\/\/www.google.com\/url?q=https:\/\/www.instagram.com\/clacso_oficial\/?hl%3Des-la&amp;source=gmail&amp;ust=1654219749740000&amp;usg=AOvVaw30QPD0fZaof2K520eHhoqV\"> clacso_oficial<\/a><br \/>\nTwitter:<a href=\"https:\/\/twitter.com\/_clacso\" target=\"_blank\" rel=\"noopener\" data-saferedirecturl=\"https:\/\/www.google.com\/url?q=https:\/\/twitter.com\/_clacso&amp;source=gmail&amp;ust=1654219749740000&amp;usg=AOvVaw0b8SXUEtYgSrdkWBglc6_O\"> clacso<\/a><br \/>\n<a href=\"https:\/\/www.youtube.com\/channel\/UCcAFzGJh_KTNwel7-gCpDVQ\" target=\"_blank\" rel=\"noopener\" data-saferedirecturl=\"https:\/\/www.google.com\/url?q=https:\/\/www.youtube.com\/channel\/UCcAFzGJh_KTNwel7-gCpDVQ&amp;source=gmail&amp;ust=1654219749740000&amp;usg=AOvVaw1ucEIeEUEVMuECNchlOrLP\">YouTube: CLACSO TV<\/a><\/p>\n<p dir=\"ltr\">Solicitar contactos de prensa en los comentarios de esta publicaci\u00f3n.<\/p>\n<p dir=\"ltr\"><a href=\"https:\/\/diariofemenino.com.ar\/df\/category\/agenda-feminista\/\">Agenda Feminista<\/a> &#8211; <a href=\"https:\/\/www.instagram.com\/diariodigitalfemenino_\/\">Diario Digital Femenino\u00a0<\/a><\/p>\n","protected":false},"excerpt":{"rendered":"<p>Del 7 al 10 de junio, en la Ciudad de M\u00e9xico se realizar\u00e1 la 9\u00aa Conferencia de CLACSO: con eje en las desigualdades en la regi\u00f3n se realizar\u00e1 el mayor evento acad\u00e9mico de las ciencias sociales y las humanidades de Am\u00e9rica Latina y el Caribe. Las desigualdades sociales en el continente se trabajar\u00e1n desde 34 [&hellip;]<\/p>\n","protected":false},"author":4,"featured_media":64737,"comment_status":"open","ping_status":"open","sticky":false,"template":"","format":"standard","meta":{"iawp_total_views":4,"footnotes":""},"categories":[7,1067,3,627,32,21],"tags":[3244,1470,5262,5263],"class_list":["post-64730","post","type-post","status-publish","format-standard","has-post-thumbnail","hentry","category-actividades","category-agenda-feminista","category-de-la-revolucion-al-reaprendizaje","category-genero-y-derechos-humanos","category-mujeres","category-noticias","tag-desigualdades","tag-luchas","tag-saberes","tag-transformaciones"],"nelio_content":{"autoShareEndMode":"never","automationSources":{"useCustomSentences":false,"customSentences":[]},"efiAlt":"","efiUrl":"","followers":[4],"highlights":[],"isAutoShareEnabled":true,"networkImageIds":[],"permalinkQueryArgs":[],"series":[],"suggestedReferences":[]},"yoast_head":"<!-- This site is optimized with the Yoast SEO plugin v27.5 - https:\/\/yoast.com\/product\/yoast-seo-wordpress\/ -->\n<title>El mayor evento acad\u00e9mico de las ciencias sociales y las humanidades de la regi\u00f3n - Diario Digital Femenino<\/title>\n<meta name=\"description\" content=\"El mayor evento acad\u00e9mico. Del 7 al 10 de junio, en la Ciudad de M\u00e9xico se realizar\u00e1 la 9\u00aa Conferencia de CLACSO: desigualdades en la regi\u00f3n .\" \/>\n<meta name=\"robots\" content=\"index, follow, max-snippet:-1, max-image-preview:large, max-video-preview:-1\" \/>\n<link rel=\"canonical\" href=\"https:\/\/diariofemenino.com.ar\/df\/el-mayor-evento-academico-de-las-ciencias-sociales-y-las-humanidades-de-la-region\/\" \/>\n<meta property=\"og:locale\" content=\"es_ES\" \/>\n<meta property=\"og:type\" content=\"article\" \/>\n<meta property=\"og:title\" content=\"El mayor evento acad\u00e9mico de las ciencias sociales y las humanidades de la regi\u00f3n - Diario Digital Femenino\" \/>\n<meta property=\"og:description\" content=\"El mayor evento acad\u00e9mico. Del 7 al 10 de junio, en la Ciudad de M\u00e9xico se realizar\u00e1 la 9\u00aa Conferencia de CLACSO: desigualdades en la regi\u00f3n .\" \/>\n<meta property=\"og:url\" content=\"https:\/\/diariofemenino.com.ar\/df\/el-mayor-evento-academico-de-las-ciencias-sociales-y-las-humanidades-de-la-region\/\" \/>\n<meta property=\"og:site_name\" content=\"Diario Digital Femenino\" \/>\n<meta property=\"article:publisher\" content=\"https:\/\/www.facebook.com\/DiarioDigitaFemenino\/\" \/>\n<meta property=\"article:published_time\" content=\"2022-06-02T01:44:02+00:00\" \/>\n<meta property=\"article:modified_time\" content=\"2022-06-03T23:41:55+00:00\" \/>\n<meta property=\"og:image\" content=\"https:\/\/diariofemenino.com.ar\/df\/wp-content\/uploads\/2022\/06\/Clacso-2022-Mexico1.jpg\" \/>\n\t<meta property=\"og:image:width\" content=\"710\" \/>\n\t<meta property=\"og:image:height\" content=\"441\" \/>\n\t<meta property=\"og:image:type\" content=\"image\/jpeg\" \/>\n<meta name=\"author\" content=\"Admin\" \/>\n<meta name=\"twitter:card\" content=\"summary_large_image\" \/>\n<meta name=\"twitter:creator\" content=\"@DiarioFemenino1\" \/>\n<meta name=\"twitter:site\" content=\"@DiarioFemenino1\" \/>\n<meta name=\"twitter:label1\" content=\"Escrito por\" \/>\n\t<meta name=\"twitter:data1\" content=\"Admin\" \/>\n\t<meta name=\"twitter:label2\" content=\"Tiempo de lectura\" \/>\n\t<meta name=\"twitter:data2\" content=\"6 minutos\" \/>\n<script type=\"application\/ld+json\" class=\"yoast-schema-graph\">{\"@context\":\"https:\\\/\\\/schema.org\",\"@graph\":[{\"@type\":\"Article\",\"@id\":\"https:\\\/\\\/diariofemenino.com.ar\\\/df\\\/el-mayor-evento-academico-de-las-ciencias-sociales-y-las-humanidades-de-la-region\\\/#article\",\"isPartOf\":{\"@id\":\"https:\\\/\\\/diariofemenino.com.ar\\\/df\\\/el-mayor-evento-academico-de-las-ciencias-sociales-y-las-humanidades-de-la-region\\\/\"},\"author\":{\"name\":\"Admin\",\"@id\":\"https:\\\/\\\/diariofemenino.com.ar\\\/df\\\/#\\\/schema\\\/person\\\/bf6199e8158c657ea6f789b11ec85509\"},\"headline\":\"El mayor evento acad\u00e9mico de las ciencias sociales y las humanidades de la regi\u00f3n\",\"datePublished\":\"2022-06-02T01:44:02+00:00\",\"dateModified\":\"2022-06-03T23:41:55+00:00\",\"mainEntityOfPage\":{\"@id\":\"https:\\\/\\\/diariofemenino.com.ar\\\/df\\\/el-mayor-evento-academico-de-las-ciencias-sociales-y-las-humanidades-de-la-region\\\/\"},\"wordCount\":1300,\"commentCount\":0,\"publisher\":{\"@id\":\"https:\\\/\\\/diariofemenino.com.ar\\\/df\\\/#organization\"},\"image\":{\"@id\":\"https:\\\/\\\/diariofemenino.com.ar\\\/df\\\/el-mayor-evento-academico-de-las-ciencias-sociales-y-las-humanidades-de-la-region\\\/#primaryimage\"},\"thumbnailUrl\":\"https:\\\/\\\/diariofemenino.com.ar\\\/df\\\/wp-content\\\/uploads\\\/2022\\\/06\\\/Clacso-2022-Mexico1.jpg\",\"keywords\":[\"desigualdades\",\"luchas\",\"Saberes\",\"Transformaciones\"],\"articleSection\":[\"Actividades\",\"Agenda Feminista\",\"De la Revoluci\u00f3n al Reaprendizaje\",\"G\u00e9nero y Derechos Humanos\",\"Mujeres\",\"Noticias\"],\"inLanguage\":\"es\",\"potentialAction\":[{\"@type\":\"CommentAction\",\"name\":\"Comment\",\"target\":[\"https:\\\/\\\/diariofemenino.com.ar\\\/df\\\/el-mayor-evento-academico-de-las-ciencias-sociales-y-las-humanidades-de-la-region\\\/#respond\"]}]},{\"@type\":\"WebPage\",\"@id\":\"https:\\\/\\\/diariofemenino.com.ar\\\/df\\\/el-mayor-evento-academico-de-las-ciencias-sociales-y-las-humanidades-de-la-region\\\/\",\"url\":\"https:\\\/\\\/diariofemenino.com.ar\\\/df\\\/el-mayor-evento-academico-de-las-ciencias-sociales-y-las-humanidades-de-la-region\\\/\",\"name\":\"El mayor evento acad\u00e9mico de las ciencias sociales y las humanidades de la regi\u00f3n - Diario Digital Femenino\",\"isPartOf\":{\"@id\":\"https:\\\/\\\/diariofemenino.com.ar\\\/df\\\/#website\"},\"primaryImageOfPage\":{\"@id\":\"https:\\\/\\\/diariofemenino.com.ar\\\/df\\\/el-mayor-evento-academico-de-las-ciencias-sociales-y-las-humanidades-de-la-region\\\/#primaryimage\"},\"image\":{\"@id\":\"https:\\\/\\\/diariofemenino.com.ar\\\/df\\\/el-mayor-evento-academico-de-las-ciencias-sociales-y-las-humanidades-de-la-region\\\/#primaryimage\"},\"thumbnailUrl\":\"https:\\\/\\\/diariofemenino.com.ar\\\/df\\\/wp-content\\\/uploads\\\/2022\\\/06\\\/Clacso-2022-Mexico1.jpg\",\"datePublished\":\"2022-06-02T01:44:02+00:00\",\"dateModified\":\"2022-06-03T23:41:55+00:00\",\"description\":\"El mayor evento acad\u00e9mico. Del 7 al 10 de junio, en la Ciudad de M\u00e9xico se realizar\u00e1 la 9\u00aa Conferencia de CLACSO: desigualdades en la regi\u00f3n .\",\"breadcrumb\":{\"@id\":\"https:\\\/\\\/diariofemenino.com.ar\\\/df\\\/el-mayor-evento-academico-de-las-ciencias-sociales-y-las-humanidades-de-la-region\\\/#breadcrumb\"},\"inLanguage\":\"es\",\"potentialAction\":[{\"@type\":\"ReadAction\",\"target\":[\"https:\\\/\\\/diariofemenino.com.ar\\\/df\\\/el-mayor-evento-academico-de-las-ciencias-sociales-y-las-humanidades-de-la-region\\\/\"]}]},{\"@type\":\"ImageObject\",\"inLanguage\":\"es\",\"@id\":\"https:\\\/\\\/diariofemenino.com.ar\\\/df\\\/el-mayor-evento-academico-de-las-ciencias-sociales-y-las-humanidades-de-la-region\\\/#primaryimage\",\"url\":\"https:\\\/\\\/diariofemenino.com.ar\\\/df\\\/wp-content\\\/uploads\\\/2022\\\/06\\\/Clacso-2022-Mexico1.jpg\",\"contentUrl\":\"https:\\\/\\\/diariofemenino.com.ar\\\/df\\\/wp-content\\\/uploads\\\/2022\\\/06\\\/Clacso-2022-Mexico1.jpg\",\"width\":710,\"height\":441,\"caption\":\"El mayor evento acad\u00e9mico de las ciencias sociales y las humanidades de la regi\u00f3n\"},{\"@type\":\"BreadcrumbList\",\"@id\":\"https:\\\/\\\/diariofemenino.com.ar\\\/df\\\/el-mayor-evento-academico-de-las-ciencias-sociales-y-las-humanidades-de-la-region\\\/#breadcrumb\",\"itemListElement\":[{\"@type\":\"ListItem\",\"position\":1,\"name\":\"Portada\",\"item\":\"https:\\\/\\\/diariofemenino.com.ar\\\/df\\\/\"},{\"@type\":\"ListItem\",\"position\":2,\"name\":\"El mayor evento acad\u00e9mico de las ciencias sociales y las humanidades de la regi\u00f3n\"}]},{\"@type\":\"WebSite\",\"@id\":\"https:\\\/\\\/diariofemenino.com.ar\\\/df\\\/#website\",\"url\":\"https:\\\/\\\/diariofemenino.com.ar\\\/df\\\/\",\"name\":\"Diario Digital Femenino\",\"description\":\"Cuesti\u00f3n de G\u00e9nero\",\"publisher\":{\"@id\":\"https:\\\/\\\/diariofemenino.com.ar\\\/df\\\/#organization\"},\"potentialAction\":[{\"@type\":\"SearchAction\",\"target\":{\"@type\":\"EntryPoint\",\"urlTemplate\":\"https:\\\/\\\/diariofemenino.com.ar\\\/df\\\/?s={search_term_string}\"},\"query-input\":{\"@type\":\"PropertyValueSpecification\",\"valueRequired\":true,\"valueName\":\"search_term_string\"}}],\"inLanguage\":\"es\"},{\"@type\":\"Organization\",\"@id\":\"https:\\\/\\\/diariofemenino.com.ar\\\/df\\\/#organization\",\"name\":\"Diario Femenino\",\"url\":\"https:\\\/\\\/diariofemenino.com.ar\\\/df\\\/\",\"logo\":{\"@type\":\"ImageObject\",\"inLanguage\":\"es\",\"@id\":\"https:\\\/\\\/diariofemenino.com.ar\\\/df\\\/#\\\/schema\\\/logo\\\/image\\\/\",\"url\":\"https:\\\/\\\/diariofemenino.com.ar\\\/df\\\/wp-content\\\/uploads\\\/2018\\\/10\\\/logo.png\",\"contentUrl\":\"https:\\\/\\\/diariofemenino.com.ar\\\/df\\\/wp-content\\\/uploads\\\/2018\\\/10\\\/logo.png\",\"width\":500,\"height\":92,\"caption\":\"Diario Femenino\"},\"image\":{\"@id\":\"https:\\\/\\\/diariofemenino.com.ar\\\/df\\\/#\\\/schema\\\/logo\\\/image\\\/\"},\"sameAs\":[\"https:\\\/\\\/www.facebook.com\\\/DiarioDigitaFemenino\\\/\",\"https:\\\/\\\/x.com\\\/DiarioFemenino1\"]},{\"@type\":\"Person\",\"@id\":\"https:\\\/\\\/diariofemenino.com.ar\\\/df\\\/#\\\/schema\\\/person\\\/bf6199e8158c657ea6f789b11ec85509\",\"name\":\"Admin\",\"image\":{\"@type\":\"ImageObject\",\"inLanguage\":\"es\",\"@id\":\"https:\\\/\\\/diariofemenino.com.ar\\\/df\\\/wp-content\\\/uploads\\\/2018\\\/12\\\/favicon-150x150.jpg\",\"url\":\"https:\\\/\\\/diariofemenino.com.ar\\\/df\\\/wp-content\\\/uploads\\\/2018\\\/12\\\/favicon-150x150.jpg\",\"contentUrl\":\"https:\\\/\\\/diariofemenino.com.ar\\\/df\\\/wp-content\\\/uploads\\\/2018\\\/12\\\/favicon-150x150.jpg\",\"caption\":\"Admin\"},\"url\":\"https:\\\/\\\/diariofemenino.com.ar\\\/df\\\/author\\\/lenny\\\/\"}]}<\/script>\n<!-- \/ Yoast SEO plugin. -->","yoast_head_json":{"title":"El mayor evento acad\u00e9mico de las ciencias sociales y las humanidades de la regi\u00f3n - Diario Digital Femenino","description":"El mayor evento acad\u00e9mico. Del 7 al 10 de junio, en la Ciudad de M\u00e9xico se realizar\u00e1 la 9\u00aa Conferencia de CLACSO: desigualdades en la regi\u00f3n .","robots":{"index":"index","follow":"follow","max-snippet":"max-snippet:-1","max-image-preview":"max-image-preview:large","max-video-preview":"max-video-preview:-1"},"canonical":"https:\/\/diariofemenino.com.ar\/df\/el-mayor-evento-academico-de-las-ciencias-sociales-y-las-humanidades-de-la-region\/","og_locale":"es_ES","og_type":"article","og_title":"El mayor evento acad\u00e9mico de las ciencias sociales y las humanidades de la regi\u00f3n - Diario Digital Femenino","og_description":"El mayor evento acad\u00e9mico. Del 7 al 10 de junio, en la Ciudad de M\u00e9xico se realizar\u00e1 la 9\u00aa Conferencia de CLACSO: desigualdades en la regi\u00f3n .","og_url":"https:\/\/diariofemenino.com.ar\/df\/el-mayor-evento-academico-de-las-ciencias-sociales-y-las-humanidades-de-la-region\/","og_site_name":"Diario Digital Femenino","article_publisher":"https:\/\/www.facebook.com\/DiarioDigitaFemenino\/","article_published_time":"2022-06-02T01:44:02+00:00","article_modified_time":"2022-06-03T23:41:55+00:00","og_image":[{"width":710,"height":441,"url":"https:\/\/diariofemenino.com.ar\/df\/wp-content\/uploads\/2022\/06\/Clacso-2022-Mexico1.jpg","type":"image\/jpeg"}],"author":"Admin","twitter_card":"summary_large_image","twitter_creator":"@DiarioFemenino1","twitter_site":"@DiarioFemenino1","twitter_misc":{"Escrito por":"Admin","Tiempo de lectura":"6 minutos"},"schema":{"@context":"https:\/\/schema.org","@graph":[{"@type":"Article","@id":"https:\/\/diariofemenino.com.ar\/df\/el-mayor-evento-academico-de-las-ciencias-sociales-y-las-humanidades-de-la-region\/#article","isPartOf":{"@id":"https:\/\/diariofemenino.com.ar\/df\/el-mayor-evento-academico-de-las-ciencias-sociales-y-las-humanidades-de-la-region\/"},"author":{"name":"Admin","@id":"https:\/\/diariofemenino.com.ar\/df\/#\/schema\/person\/bf6199e8158c657ea6f789b11ec85509"},"headline":"El mayor evento acad\u00e9mico de las ciencias sociales y las humanidades de la regi\u00f3n","datePublished":"2022-06-02T01:44:02+00:00","dateModified":"2022-06-03T23:41:55+00:00","mainEntityOfPage":{"@id":"https:\/\/diariofemenino.com.ar\/df\/el-mayor-evento-academico-de-las-ciencias-sociales-y-las-humanidades-de-la-region\/"},"wordCount":1300,"commentCount":0,"publisher":{"@id":"https:\/\/diariofemenino.com.ar\/df\/#organization"},"image":{"@id":"https:\/\/diariofemenino.com.ar\/df\/el-mayor-evento-academico-de-las-ciencias-sociales-y-las-humanidades-de-la-region\/#primaryimage"},"thumbnailUrl":"https:\/\/diariofemenino.com.ar\/df\/wp-content\/uploads\/2022\/06\/Clacso-2022-Mexico1.jpg","keywords":["desigualdades","luchas","Saberes","Transformaciones"],"articleSection":["Actividades","Agenda Feminista","De la Revoluci\u00f3n al Reaprendizaje","G\u00e9nero y Derechos Humanos","Mujeres","Noticias"],"inLanguage":"es","potentialAction":[{"@type":"CommentAction","name":"Comment","target":["https:\/\/diariofemenino.com.ar\/df\/el-mayor-evento-academico-de-las-ciencias-sociales-y-las-humanidades-de-la-region\/#respond"]}]},{"@type":"WebPage","@id":"https:\/\/diariofemenino.com.ar\/df\/el-mayor-evento-academico-de-las-ciencias-sociales-y-las-humanidades-de-la-region\/","url":"https:\/\/diariofemenino.com.ar\/df\/el-mayor-evento-academico-de-las-ciencias-sociales-y-las-humanidades-de-la-region\/","name":"El mayor evento acad\u00e9mico de las ciencias sociales y las humanidades de la regi\u00f3n - Diario Digital Femenino","isPartOf":{"@id":"https:\/\/diariofemenino.com.ar\/df\/#website"},"primaryImageOfPage":{"@id":"https:\/\/diariofemenino.com.ar\/df\/el-mayor-evento-academico-de-las-ciencias-sociales-y-las-humanidades-de-la-region\/#primaryimage"},"image":{"@id":"https:\/\/diariofemenino.com.ar\/df\/el-mayor-evento-academico-de-las-ciencias-sociales-y-las-humanidades-de-la-region\/#primaryimage"},"thumbnailUrl":"https:\/\/diariofemenino.com.ar\/df\/wp-content\/uploads\/2022\/06\/Clacso-2022-Mexico1.jpg","datePublished":"2022-06-02T01:44:02+00:00","dateModified":"2022-06-03T23:41:55+00:00","description":"El mayor evento acad\u00e9mico. Del 7 al 10 de junio, en la Ciudad de M\u00e9xico se realizar\u00e1 la 9\u00aa Conferencia de CLACSO: desigualdades en la regi\u00f3n .","breadcrumb":{"@id":"https:\/\/diariofemenino.com.ar\/df\/el-mayor-evento-academico-de-las-ciencias-sociales-y-las-humanidades-de-la-region\/#breadcrumb"},"inLanguage":"es","potentialAction":[{"@type":"ReadAction","target":["https:\/\/diariofemenino.com.ar\/df\/el-mayor-evento-academico-de-las-ciencias-sociales-y-las-humanidades-de-la-region\/"]}]},{"@type":"ImageObject","inLanguage":"es","@id":"https:\/\/diariofemenino.com.ar\/df\/el-mayor-evento-academico-de-las-ciencias-sociales-y-las-humanidades-de-la-region\/#primaryimage","url":"https:\/\/diariofemenino.com.ar\/df\/wp-content\/uploads\/2022\/06\/Clacso-2022-Mexico1.jpg","contentUrl":"https:\/\/diariofemenino.com.ar\/df\/wp-content\/uploads\/2022\/06\/Clacso-2022-Mexico1.jpg","width":710,"height":441,"caption":"El mayor evento acad\u00e9mico de las ciencias sociales y las humanidades de la regi\u00f3n"},{"@type":"BreadcrumbList","@id":"https:\/\/diariofemenino.com.ar\/df\/el-mayor-evento-academico-de-las-ciencias-sociales-y-las-humanidades-de-la-region\/#breadcrumb","itemListElement":[{"@type":"ListItem","position":1,"name":"Portada","item":"https:\/\/diariofemenino.com.ar\/df\/"},{"@type":"ListItem","position":2,"name":"El mayor evento acad\u00e9mico de las ciencias sociales y las humanidades de la regi\u00f3n"}]},{"@type":"WebSite","@id":"https:\/\/diariofemenino.com.ar\/df\/#website","url":"https:\/\/diariofemenino.com.ar\/df\/","name":"Diario Digital Femenino","description":"Cuesti\u00f3n de G\u00e9nero","publisher":{"@id":"https:\/\/diariofemenino.com.ar\/df\/#organization"},"potentialAction":[{"@type":"SearchAction","target":{"@type":"EntryPoint","urlTemplate":"https:\/\/diariofemenino.com.ar\/df\/?s={search_term_string}"},"query-input":{"@type":"PropertyValueSpecification","valueRequired":true,"valueName":"search_term_string"}}],"inLanguage":"es"},{"@type":"Organization","@id":"https:\/\/diariofemenino.com.ar\/df\/#organization","name":"Diario Femenino","url":"https:\/\/diariofemenino.com.ar\/df\/","logo":{"@type":"ImageObject","inLanguage":"es","@id":"https:\/\/diariofemenino.com.ar\/df\/#\/schema\/logo\/image\/","url":"https:\/\/diariofemenino.com.ar\/df\/wp-content\/uploads\/2018\/10\/logo.png","contentUrl":"https:\/\/diariofemenino.com.ar\/df\/wp-content\/uploads\/2018\/10\/logo.png","width":500,"height":92,"caption":"Diario Femenino"},"image":{"@id":"https:\/\/diariofemenino.com.ar\/df\/#\/schema\/logo\/image\/"},"sameAs":["https:\/\/www.facebook.com\/DiarioDigitaFemenino\/","https:\/\/x.com\/DiarioFemenino1"]},{"@type":"Person","@id":"https:\/\/diariofemenino.com.ar\/df\/#\/schema\/person\/bf6199e8158c657ea6f789b11ec85509","name":"Admin","image":{"@type":"ImageObject","inLanguage":"es","@id":"https:\/\/diariofemenino.com.ar\/df\/wp-content\/uploads\/2018\/12\/favicon-150x150.jpg","url":"https:\/\/diariofemenino.com.ar\/df\/wp-content\/uploads\/2018\/12\/favicon-150x150.jpg","contentUrl":"https:\/\/diariofemenino.com.ar\/df\/wp-content\/uploads\/2018\/12\/favicon-150x150.jpg","caption":"Admin"},"url":"https:\/\/diariofemenino.com.ar\/df\/author\/lenny\/"}]}},"jetpack_featured_media_url":"https:\/\/diariofemenino.com.ar\/df\/wp-content\/uploads\/2022\/06\/Clacso-2022-Mexico1.jpg","jetpack_sharing_enabled":true,"rttpg_featured_image_url":{"full":["https:\/\/diariofemenino.com.ar\/df\/wp-content\/uploads\/2022\/06\/Clacso-2022-Mexico1.jpg",710,441,false],"landscape":["https:\/\/diariofemenino.com.ar\/df\/wp-content\/uploads\/2022\/06\/Clacso-2022-Mexico1.jpg",710,441,false],"portraits":["https:\/\/diariofemenino.com.ar\/df\/wp-content\/uploads\/2022\/06\/Clacso-2022-Mexico1.jpg",710,441,false],"thumbnail":["https:\/\/diariofemenino.com.ar\/df\/wp-content\/uploads\/2022\/06\/Clacso-2022-Mexico1-150x150.jpg",150,150,true],"medium":["https:\/\/diariofemenino.com.ar\/df\/wp-content\/uploads\/2022\/06\/Clacso-2022-Mexico1-300x186.jpg",300,186,true],"large":["https:\/\/diariofemenino.com.ar\/df\/wp-content\/uploads\/2022\/06\/Clacso-2022-Mexico1.jpg",710,441,false],"1536x1536":["https:\/\/diariofemenino.com.ar\/df\/wp-content\/uploads\/2022\/06\/Clacso-2022-Mexico1.jpg",710,441,false],"2048x2048":["https:\/\/diariofemenino.com.ar\/df\/wp-content\/uploads\/2022\/06\/Clacso-2022-Mexico1.jpg",710,441,false]},"rttpg_author":{"display_name":"Admin","author_link":"https:\/\/diariofemenino.com.ar\/df\/author\/lenny\/"},"rttpg_comment":0,"rttpg_category":"<a href=\"https:\/\/diariofemenino.com.ar\/df\/category\/actividades\/\" rel=\"category tag\">Actividades<\/a> <a href=\"https:\/\/diariofemenino.com.ar\/df\/category\/agenda-feminista\/\" rel=\"category tag\">Agenda Feminista<\/a> <a href=\"https:\/\/diariofemenino.com.ar\/df\/category\/de-la-revolucion-al-reaprendizaje\/\" rel=\"category tag\">De la Revoluci\u00f3n al Reaprendizaje<\/a> <a href=\"https:\/\/diariofemenino.com.ar\/df\/category\/genero-y-derechos-humanos\/\" rel=\"category tag\">G\u00e9nero y Derechos Humanos<\/a> <a href=\"https:\/\/diariofemenino.com.ar\/df\/category\/mujeres\/\" rel=\"category tag\">Mujeres<\/a> <a href=\"https:\/\/diariofemenino.com.ar\/df\/category\/noticias\/\" rel=\"category tag\">Noticias<\/a>","rttpg_excerpt":"Del 7 al 10 de junio, en la Ciudad de M\u00e9xico se realizar\u00e1 la 9\u00aa Conferencia de CLACSO: con eje en las desigualdades en la regi\u00f3n se realizar\u00e1 el mayor evento acad\u00e9mico de las ciencias sociales y las humanidades de Am\u00e9rica Latina y el Caribe. Las desigualdades sociales en el continente se trabajar\u00e1n desde 34&hellip;","_links":{"self":[{"href":"https:\/\/diariofemenino.com.ar\/df\/wp-json\/wp\/v2\/posts\/64730","targetHints":{"allow":["GET"]}}],"collection":[{"href":"https:\/\/diariofemenino.com.ar\/df\/wp-json\/wp\/v2\/posts"}],"about":[{"href":"https:\/\/diariofemenino.com.ar\/df\/wp-json\/wp\/v2\/types\/post"}],"author":[{"embeddable":true,"href":"https:\/\/diariofemenino.com.ar\/df\/wp-json\/wp\/v2\/users\/4"}],"replies":[{"embeddable":true,"href":"https:\/\/diariofemenino.com.ar\/df\/wp-json\/wp\/v2\/comments?post=64730"}],"version-history":[{"count":0,"href":"https:\/\/diariofemenino.com.ar\/df\/wp-json\/wp\/v2\/posts\/64730\/revisions"}],"wp:featuredmedia":[{"embeddable":true,"href":"https:\/\/diariofemenino.com.ar\/df\/wp-json\/wp\/v2\/media\/64737"}],"wp:attachment":[{"href":"https:\/\/diariofemenino.com.ar\/df\/wp-json\/wp\/v2\/media?parent=64730"}],"wp:term":[{"taxonomy":"category","embeddable":true,"href":"https:\/\/diariofemenino.com.ar\/df\/wp-json\/wp\/v2\/categories?post=64730"},{"taxonomy":"post_tag","embeddable":true,"href":"https:\/\/diariofemenino.com.ar\/df\/wp-json\/wp\/v2\/tags?post=64730"}],"curies":[{"name":"wp","href":"https:\/\/api.w.org\/{rel}","templated":true}]}}