{"id":64453,"date":"2022-05-16T11:44:02","date_gmt":"2022-05-16T14:44:02","guid":{"rendered":"https:\/\/diariofemenino.com.ar\/df\/?p=64453"},"modified":"2022-05-16T11:45:26","modified_gmt":"2022-05-16T14:45:26","slug":"las-instituciones-tambien-ejercen-violencia-vicaria","status":"publish","type":"post","link":"https:\/\/diariofemenino.com.ar\/df\/las-instituciones-tambien-ejercen-violencia-vicaria\/","title":{"rendered":"Las instituciones tambi\u00e9n ejercen violencia vicaria"},"content":{"rendered":"<p>Las instituciones&#8230; M\u00e9rida acoge los d\u00edas 20 y 21 de mayo el I Encuentro Estatal Violencia Vicaria y Violencia Institucional de G\u00e9nero para denunciar el \u201carrancamiento\u201d de muchas hijas e hijos que sufren debido a la aplicaci\u00f3n de medidas discriminatorias por parte de la justicia espa\u00f1ola.<\/p>\n<p>Por\u00a0<a class=\"author url fn\" title=\"Entradas por M\u00aa \u00c1ngeles Fern\u00e1ndez\" href=\"https:\/\/www.pikaramagazine.com\/author\/maria-angeles-fernandez\/\" rel=\"author\">M\u00aa \u00c1ngeles Fern\u00e1ndez<\/a><br \/>\nIlustraci\u00f3n\u00a0de p.nitas<\/p>\n<p><a href=\"https:\/\/www.pikaramagazine.com\/2021\/04\/las-amenazas-se-cumplieron-sara-no-ve-a-sus-hijas-y-ha-sido-condenada-a-carcel\/\">Sara<\/a>, Juana,\u00a0<a href=\"https:\/\/www.pikaramagazine.com\/2020\/12\/el-grito-de-auxilio-de-irune-costumero-y-de-su-hija-contra-la-aplicacion-del-sap\/\">Irune<\/a>, Mar\u00eda, Patricia, Silvia\u2026 son muchos los casos conocidos de madres que han sufrido el \u201carrancamiento\u201d de sus hijas e hijos, apoyado e instigado por la justicia. El caso de\u00a0<a href=\"https:\/\/www.pikaramagazine.com\/2022\/05\/no-digas-que-la-justicia-es-machista\/\"><strong>Mar\u00eda Salmer\u00f3n<\/strong><\/a>, con una condena a prisi\u00f3n por no llevar a su hija con su padre, a quien acusaba de maltrato, es tal vez el \u00faltimo caso de violencia vicaria con relevancia medi\u00e1tica. Pero hay m\u00e1s, muchos m\u00e1s. De hecho, este encuentro surge del grupo de apoyo en torno a Sara B.B., condenada a prisi\u00f3n por no entregar a sus hijas a un hombre sobre el que hab\u00eda una denuncia de abuso. Bajo la campa\u00f1a\u00a0<a href=\"https:\/\/twitter.com\/MCastigada\" target=\"_blank\" rel=\"noopener\">#Mam\u00e1Est\u00e1Castigada<\/a>\u00a0se cont\u00f3 el caso a los medios.\u00a0<a href=\"https:\/\/www.pikaramagazine.com\/2022\/04\/el-tribunal-supremo-mantiene-el-castigo-a-sara-b-b-por-proteger-a-sus-hijas\/\">\u2018El Tribunal Supremo mantiene el castigo a Sara B. B. por proteger a sus hijas\u2019<\/a>\u00a0es el \u00faltimo cap\u00edtulo de un caso de \u201ctortura judicial\u201d, seg\u00fan cuentan desde la campa\u00f1a, que dura ya seis a\u00f1os, y que est\u00e1 \u201clleno de irregularidades y violencia institucional, y en la que el bien superior de las menores no ha sido tenido en cuenta\u201d.<\/p>\n<p>M\u00e1s all\u00e1 de los casos con repercusi\u00f3n medi\u00e1tica, una investigaci\u00f3n ha detectado en los \u00faltimos a\u00f1os al menos 51 casos de violencia vicaria, tras analizar 400 casos de asesinatos de criaturas. Hombres de entre 30 y 50 a\u00f1os, principalmente de nacionalidad espa\u00f1ola y padres biol\u00f3gicos de las ni\u00f1as y ni\u00f1os asesinados<a href=\"https:\/\/www.pikaramagazine.com\/2022\/04\/retrato-de-dos-decadas-de-violencia-vicaria\/\">\u00a0es el perfil que el muestra el primer estudio sobre violencia vicaria realizado en el Estado espa\u00f1ol:<\/a>\u00a0<strong>\u2018Violencia vicaria: un golpe irreversible contra las madres<\/strong>\u2019, hecho por la psic\u00f3loga cl\u00ednica y perita judicial\u00a0<a href=\"https:\/\/diariofemenino.com.ar\/df\/violencia-vicaria-extrema-el-golpe-definitivo-contra-les-madres\/\"><strong>Sonia Vaccaro<\/strong><\/a>\u00a0en coordinaci\u00f3n con la Asociaci\u00f3n de Mujeres de Psicolog\u00eda Feminista de Granada.<\/p>\n<p>\u201cLos n\u00fameros no mienten. El impacto real de estas violencias es terrible y desconocido para la mayor\u00eda de la poblaci\u00f3n y los y las profesionales implicados. \u00a1Debemos actuar ya! Desde hace a\u00f1os en Espa\u00f1a convivimos con una realidad cruel e invisible\u201d. Esta es una de las premisas que ha incitado a organizar el<a href=\"http:\/\/encuentrovvvi.org\/\"><strong>\u00a0I Encuentro Estatal Violencia Vicaria y Violencia Institucional de G\u00e9nero<\/strong><\/a>, que tendr\u00e1 lugar en M\u00e9rida los d\u00edas 20 y 21 de mayo. En la cita m\u00e1s de 24 ponentes -algunas llegadas de otros pa\u00edses- abordar\u00e1n la situaci\u00f3n de la violencia vicaria y la necesidad de un cambio de abordaje desde lo jur\u00eddico y lo psicosocial para que las instituciones no sigan ejerciendo violencia contra las madres. En el encuentro participar\u00e1n, entre otras ponentes,\u00a0<strong>Reem Alsalem<\/strong>, relatora especial de las Naciones Unidas sobre la violencia contra la mujer, y\u00a0<strong>Vicky Rosell<\/strong>, delegada del Gobierno contra la violencia de g\u00e9nero.<\/p>\n<p>Las organizadoras recuerdan que las Naciones Unidas han advertido que el sistema judicial espa\u00f1ol no protege en algunos casos a los ni\u00f1os y las ni\u00f1as de \u201cpadres abusivos\u201d y que no otorga credibilidad a las mujeres. De hecho, la ONU ha manifestado su gran preocupaci\u00f3n en tres ocasiones diferentes en tan solo tres meses. \u201cEl sistema judicial espa\u00f1ol no protege suficientemente a los menores de \u2018padres abusivos\u2019. Existe un \u2018sesgo discriminatorio\u2019 que hace que el testimonio de las mujeres se perciba como menos cre\u00edble que el de los hombres, aun teniendo pruebas de haber sufrido maltrato. Instamos a Espa\u00f1a a hacer m\u00e1s para que su legislaci\u00f3n se aplique y a tomar medidas efectivas para evitar estos casos\u201d, ha dicho la instituci\u00f3n supranacional.<\/p>\n<p><a href=\"https:\/\/www.pikaramagazine.com\/suscripciones-en-papel\/\"><img loading=\"lazy\" decoding=\"async\" class=\"aligncenter wp-image-52507 \" src=\"https:\/\/www.pikaramagazine.com\/wp-content\/uploads\/2021\/06\/1080x1080suscribete-marquito-870x870.jpg\" sizes=\"auto, (max-width: 870px) 100vw, 870px\" srcset=\"https:\/\/www.pikaramagazine.com\/wp-content\/uploads\/2021\/06\/1080x1080suscribete-marquito-870x870.jpg 870w, https:\/\/www.pikaramagazine.com\/wp-content\/uploads\/2021\/06\/1080x1080suscribete-marquito-340x340.jpg 340w, https:\/\/www.pikaramagazine.com\/wp-content\/uploads\/2021\/06\/1080x1080suscribete-marquito-424x424.jpg 424w, https:\/\/www.pikaramagazine.com\/wp-content\/uploads\/2021\/06\/1080x1080suscribete-marquito-768x768.jpg 768w, https:\/\/www.pikaramagazine.com\/wp-content\/uploads\/2021\/06\/1080x1080suscribete-marquito.jpg 1080w\" alt=\"\" width=\"266\" height=\"266\" \/><\/a><\/p>\n<p>El encuentro, organizado por la campa\u00f1a #Mam\u00e1Est\u00e1Castigada, Mujeres Libres Mujeres en Paz y por la Asociaci\u00f3n de Psicolog\u00eda y Psicoterapia Feminista, tambi\u00e9n abordar\u00e1 lo que han llamado \u201cel espejismo de la protecci\u00f3n\u201d, con el que se refieren a que los sistemas de protecci\u00f3n a las <a href=\"https:\/\/diariofemenino.com.ar\/df\/el-primer-estudio-sobre-violencia-vicaria-extrema\/\">v\u00edctimas de violencias de g\u00e9nero<\/a> en ocasiones no vela por la infancia, sino que la castiga separando a los ni\u00f1os y las ni\u00f1as de sus madres. El objetivo final de las jornadas, cuentan las organizadoras, es servir de plataforma para generar una hoja de ruta que reciba el consenso y respaldo de la mayor\u00eda de las actoras y actores implicados, marcando as\u00ed las l\u00edneas prioritarias que hagan posible una aut\u00e9ntica justicia para las v\u00edctima.<\/p>\n<p><strong>A vueltas con el SAP<\/strong><\/p>\n<p>En un encuentro de este tipo, en el que participar\u00e1n abogadas, juezas, m\u00e9dicas, psic\u00f3logas, trabajadoras sociales, integrantes de asociaciones de mujeres o representantes pol\u00edticas, no se puede dejar de lado la presencia del llamado falso<a href=\"https:\/\/www.pikaramagazine.com\/2019\/09\/el-sap-son-los-padres\/\">\u00a0s\u00edndrome de alineaci\u00f3n parental,<\/a>\u00a0a pesar de estar desacreditado por la ciencia y por multitud de organismos internacionales y prohibido por la ley de protecci\u00f3n integral a la infancia frente a la violencia. \u201cAunque cada vez se nombra menos en las resoluciones judiciales este falso s\u00edndrome, sin embargo se sigue aplicando de forma encubierta argumentando ante los casos de incesto, madres manipuladoras que ponen falsas denuncias y rechazando cualquier prueba m\u00e9dica demostrativa\u201d, explican desde la organizaci\u00f3n del evento.<\/p>\n<p>Fuente para DDF: <a href=\"https:\/\/diariofemenino.com.ar\/df\/?s=Enrique+Stola\">Enrique Stola<\/a>.<br \/>\nPublicada en\u00a0<a style=\"background-color: #ffffff;\" href=\"https:\/\/www.pikaramagazine.com\/2022\/05\/las-instituciones-tambien-ejercen-violencia-vicaria\/?s=08\"><em>Pikara<\/em><\/a><\/p>\n<p>&nbsp;<\/p>\n","protected":false},"excerpt":{"rendered":"<p>Las instituciones&#8230; M\u00e9rida acoge los d\u00edas 20 y 21 de mayo el I Encuentro Estatal Violencia Vicaria y Violencia Institucional de G\u00e9nero para denunciar el \u201carrancamiento\u201d de muchas hijas e hijos que sufren debido a la aplicaci\u00f3n de medidas discriminatorias por parte de la justicia espa\u00f1ola. Por\u00a0M\u00aa \u00c1ngeles Fern\u00e1ndez Ilustraci\u00f3n\u00a0de p.nitas Sara, Juana,\u00a0Irune, Mar\u00eda, Patricia, [&hellip;]<\/p>\n","protected":false},"author":4,"featured_media":64464,"comment_status":"open","ping_status":"open","sticky":false,"template":"","format":"standard","meta":{"iawp_total_views":15,"footnotes":""},"categories":[1067,178,4,32,592],"tags":[5190,175,3024],"class_list":["post-64453","post","type-post","status-publish","format-standard","has-post-thumbnail","hentry","category-agenda-feminista","category-articulos-y-comunicados","category-medios","category-mujeres","category-violencias","tag-instituciones","tag-violencia-institucional","tag-violencia-vicaria"],"nelio_content":{"autoShareEndMode":"never","automationSources":{"useCustomSentences":false,"customSentences":[]},"efiAlt":"","efiUrl":"","followers":[4],"highlights":[],"isAutoShareEnabled":true,"networkImageIds":[],"permalinkQueryArgs":[],"series":[],"suggestedReferences":[]},"yoast_head":"<!-- This site is optimized with the Yoast SEO plugin v27.4 - https:\/\/yoast.com\/product\/yoast-seo-wordpress\/ -->\n<title>Las instituciones tambi\u00e9n ejercen violencia vicaria - Diario Digital Femenino<\/title>\n<meta name=\"description\" content=\"Las instituciones no solo miran hacia otro lado, ejercen violencia vicaria e institucional en los procesos legales que incluyen mujeres.\" \/>\n<meta name=\"robots\" content=\"index, follow, max-snippet:-1, max-image-preview:large, max-video-preview:-1\" \/>\n<link rel=\"canonical\" href=\"https:\/\/diariofemenino.com.ar\/df\/las-instituciones-tambien-ejercen-violencia-vicaria\/\" \/>\n<meta property=\"og:locale\" content=\"es_ES\" \/>\n<meta property=\"og:type\" content=\"article\" \/>\n<meta property=\"og:title\" content=\"Las instituciones tambi\u00e9n ejercen violencia vicaria - Diario Digital Femenino\" \/>\n<meta property=\"og:description\" content=\"Las instituciones no solo miran hacia otro lado, ejercen violencia vicaria e institucional en los procesos legales que incluyen mujeres.\" \/>\n<meta property=\"og:url\" content=\"https:\/\/diariofemenino.com.ar\/df\/las-instituciones-tambien-ejercen-violencia-vicaria\/\" \/>\n<meta property=\"og:site_name\" content=\"Diario Digital Femenino\" \/>\n<meta property=\"article:publisher\" content=\"https:\/\/www.facebook.com\/DiarioDigitaFemenino\/\" \/>\n<meta property=\"article:published_time\" content=\"2022-05-16T14:44:02+00:00\" \/>\n<meta property=\"article:modified_time\" content=\"2022-05-16T14:45:26+00:00\" \/>\n<meta property=\"og:image\" content=\"https:\/\/diariofemenino.com.ar\/df\/wp-content\/uploads\/2022\/05\/Extracto-imagen-encuentro-violencia-vicaria.jpg\" \/>\n\t<meta property=\"og:image:width\" content=\"1080\" \/>\n\t<meta property=\"og:image:height\" content=\"549\" \/>\n\t<meta property=\"og:image:type\" content=\"image\/jpeg\" \/>\n<meta name=\"author\" content=\"Admin\" \/>\n<meta name=\"twitter:card\" content=\"summary_large_image\" \/>\n<meta name=\"twitter:creator\" content=\"@DiarioFemenino1\" \/>\n<meta name=\"twitter:site\" content=\"@DiarioFemenino1\" \/>\n<meta name=\"twitter:label1\" content=\"Escrito por\" \/>\n\t<meta name=\"twitter:data1\" content=\"Admin\" \/>\n\t<meta name=\"twitter:label2\" content=\"Tiempo de lectura\" \/>\n\t<meta name=\"twitter:data2\" content=\"5 minutos\" \/>\n<script type=\"application\/ld+json\" class=\"yoast-schema-graph\">{\"@context\":\"https:\\\/\\\/schema.org\",\"@graph\":[{\"@type\":\"Article\",\"@id\":\"https:\\\/\\\/diariofemenino.com.ar\\\/df\\\/las-instituciones-tambien-ejercen-violencia-vicaria\\\/#article\",\"isPartOf\":{\"@id\":\"https:\\\/\\\/diariofemenino.com.ar\\\/df\\\/las-instituciones-tambien-ejercen-violencia-vicaria\\\/\"},\"author\":{\"name\":\"Admin\",\"@id\":\"https:\\\/\\\/diariofemenino.com.ar\\\/df\\\/#\\\/schema\\\/person\\\/bf6199e8158c657ea6f789b11ec85509\"},\"headline\":\"Las instituciones tambi\u00e9n ejercen violencia vicaria\",\"datePublished\":\"2022-05-16T14:44:02+00:00\",\"dateModified\":\"2022-05-16T14:45:26+00:00\",\"mainEntityOfPage\":{\"@id\":\"https:\\\/\\\/diariofemenino.com.ar\\\/df\\\/las-instituciones-tambien-ejercen-violencia-vicaria\\\/\"},\"wordCount\":935,\"commentCount\":0,\"publisher\":{\"@id\":\"https:\\\/\\\/diariofemenino.com.ar\\\/df\\\/#organization\"},\"image\":{\"@id\":\"https:\\\/\\\/diariofemenino.com.ar\\\/df\\\/las-instituciones-tambien-ejercen-violencia-vicaria\\\/#primaryimage\"},\"thumbnailUrl\":\"https:\\\/\\\/diariofemenino.com.ar\\\/df\\\/wp-content\\\/uploads\\\/2022\\\/05\\\/Extracto-imagen-encuentro-violencia-vicaria.jpg\",\"keywords\":[\"Instituciones\",\"Violencia Institucional\",\"Violencia vicaria\"],\"articleSection\":[\"Agenda Feminista\",\"Art\u00edculos y Comunicados\",\"Medios\",\"Mujeres\",\"Violencias\"],\"inLanguage\":\"es\",\"potentialAction\":[{\"@type\":\"CommentAction\",\"name\":\"Comment\",\"target\":[\"https:\\\/\\\/diariofemenino.com.ar\\\/df\\\/las-instituciones-tambien-ejercen-violencia-vicaria\\\/#respond\"]}]},{\"@type\":\"WebPage\",\"@id\":\"https:\\\/\\\/diariofemenino.com.ar\\\/df\\\/las-instituciones-tambien-ejercen-violencia-vicaria\\\/\",\"url\":\"https:\\\/\\\/diariofemenino.com.ar\\\/df\\\/las-instituciones-tambien-ejercen-violencia-vicaria\\\/\",\"name\":\"Las instituciones tambi\u00e9n ejercen violencia vicaria - Diario Digital Femenino\",\"isPartOf\":{\"@id\":\"https:\\\/\\\/diariofemenino.com.ar\\\/df\\\/#website\"},\"primaryImageOfPage\":{\"@id\":\"https:\\\/\\\/diariofemenino.com.ar\\\/df\\\/las-instituciones-tambien-ejercen-violencia-vicaria\\\/#primaryimage\"},\"image\":{\"@id\":\"https:\\\/\\\/diariofemenino.com.ar\\\/df\\\/las-instituciones-tambien-ejercen-violencia-vicaria\\\/#primaryimage\"},\"thumbnailUrl\":\"https:\\\/\\\/diariofemenino.com.ar\\\/df\\\/wp-content\\\/uploads\\\/2022\\\/05\\\/Extracto-imagen-encuentro-violencia-vicaria.jpg\",\"datePublished\":\"2022-05-16T14:44:02+00:00\",\"dateModified\":\"2022-05-16T14:45:26+00:00\",\"description\":\"Las instituciones no solo miran hacia otro lado, ejercen violencia vicaria e institucional en los procesos legales que incluyen mujeres.\",\"breadcrumb\":{\"@id\":\"https:\\\/\\\/diariofemenino.com.ar\\\/df\\\/las-instituciones-tambien-ejercen-violencia-vicaria\\\/#breadcrumb\"},\"inLanguage\":\"es\",\"potentialAction\":[{\"@type\":\"ReadAction\",\"target\":[\"https:\\\/\\\/diariofemenino.com.ar\\\/df\\\/las-instituciones-tambien-ejercen-violencia-vicaria\\\/\"]}]},{\"@type\":\"ImageObject\",\"inLanguage\":\"es\",\"@id\":\"https:\\\/\\\/diariofemenino.com.ar\\\/df\\\/las-instituciones-tambien-ejercen-violencia-vicaria\\\/#primaryimage\",\"url\":\"https:\\\/\\\/diariofemenino.com.ar\\\/df\\\/wp-content\\\/uploads\\\/2022\\\/05\\\/Extracto-imagen-encuentro-violencia-vicaria.jpg\",\"contentUrl\":\"https:\\\/\\\/diariofemenino.com.ar\\\/df\\\/wp-content\\\/uploads\\\/2022\\\/05\\\/Extracto-imagen-encuentro-violencia-vicaria.jpg\",\"width\":1080,\"height\":549,\"caption\":\"Las instituciones tambi\u00e9n ejercen violencia vicaria\"},{\"@type\":\"BreadcrumbList\",\"@id\":\"https:\\\/\\\/diariofemenino.com.ar\\\/df\\\/las-instituciones-tambien-ejercen-violencia-vicaria\\\/#breadcrumb\",\"itemListElement\":[{\"@type\":\"ListItem\",\"position\":1,\"name\":\"Portada\",\"item\":\"https:\\\/\\\/diariofemenino.com.ar\\\/df\\\/\"},{\"@type\":\"ListItem\",\"position\":2,\"name\":\"Las instituciones tambi\u00e9n ejercen violencia vicaria\"}]},{\"@type\":\"WebSite\",\"@id\":\"https:\\\/\\\/diariofemenino.com.ar\\\/df\\\/#website\",\"url\":\"https:\\\/\\\/diariofemenino.com.ar\\\/df\\\/\",\"name\":\"Diario Digital Femenino\",\"description\":\"Cuesti\u00f3n de G\u00e9nero\",\"publisher\":{\"@id\":\"https:\\\/\\\/diariofemenino.com.ar\\\/df\\\/#organization\"},\"potentialAction\":[{\"@type\":\"SearchAction\",\"target\":{\"@type\":\"EntryPoint\",\"urlTemplate\":\"https:\\\/\\\/diariofemenino.com.ar\\\/df\\\/?s={search_term_string}\"},\"query-input\":{\"@type\":\"PropertyValueSpecification\",\"valueRequired\":true,\"valueName\":\"search_term_string\"}}],\"inLanguage\":\"es\"},{\"@type\":\"Organization\",\"@id\":\"https:\\\/\\\/diariofemenino.com.ar\\\/df\\\/#organization\",\"name\":\"Diario Femenino\",\"url\":\"https:\\\/\\\/diariofemenino.com.ar\\\/df\\\/\",\"logo\":{\"@type\":\"ImageObject\",\"inLanguage\":\"es\",\"@id\":\"https:\\\/\\\/diariofemenino.com.ar\\\/df\\\/#\\\/schema\\\/logo\\\/image\\\/\",\"url\":\"https:\\\/\\\/diariofemenino.com.ar\\\/df\\\/wp-content\\\/uploads\\\/2018\\\/10\\\/logo.png\",\"contentUrl\":\"https:\\\/\\\/diariofemenino.com.ar\\\/df\\\/wp-content\\\/uploads\\\/2018\\\/10\\\/logo.png\",\"width\":500,\"height\":92,\"caption\":\"Diario Femenino\"},\"image\":{\"@id\":\"https:\\\/\\\/diariofemenino.com.ar\\\/df\\\/#\\\/schema\\\/logo\\\/image\\\/\"},\"sameAs\":[\"https:\\\/\\\/www.facebook.com\\\/DiarioDigitaFemenino\\\/\",\"https:\\\/\\\/x.com\\\/DiarioFemenino1\"]},{\"@type\":\"Person\",\"@id\":\"https:\\\/\\\/diariofemenino.com.ar\\\/df\\\/#\\\/schema\\\/person\\\/bf6199e8158c657ea6f789b11ec85509\",\"name\":\"Admin\",\"image\":{\"@type\":\"ImageObject\",\"inLanguage\":\"es\",\"@id\":\"https:\\\/\\\/diariofemenino.com.ar\\\/df\\\/wp-content\\\/uploads\\\/2018\\\/12\\\/favicon-150x150.jpg\",\"url\":\"https:\\\/\\\/diariofemenino.com.ar\\\/df\\\/wp-content\\\/uploads\\\/2018\\\/12\\\/favicon-150x150.jpg\",\"contentUrl\":\"https:\\\/\\\/diariofemenino.com.ar\\\/df\\\/wp-content\\\/uploads\\\/2018\\\/12\\\/favicon-150x150.jpg\",\"caption\":\"Admin\"},\"url\":\"https:\\\/\\\/diariofemenino.com.ar\\\/df\\\/author\\\/lenny\\\/\"}]}<\/script>\n<!-- \/ Yoast SEO plugin. -->","yoast_head_json":{"title":"Las instituciones tambi\u00e9n ejercen violencia vicaria - Diario Digital Femenino","description":"Las instituciones no solo miran hacia otro lado, ejercen violencia vicaria e institucional en los procesos legales que incluyen mujeres.","robots":{"index":"index","follow":"follow","max-snippet":"max-snippet:-1","max-image-preview":"max-image-preview:large","max-video-preview":"max-video-preview:-1"},"canonical":"https:\/\/diariofemenino.com.ar\/df\/las-instituciones-tambien-ejercen-violencia-vicaria\/","og_locale":"es_ES","og_type":"article","og_title":"Las instituciones tambi\u00e9n ejercen violencia vicaria - Diario Digital Femenino","og_description":"Las instituciones no solo miran hacia otro lado, ejercen violencia vicaria e institucional en los procesos legales que incluyen mujeres.","og_url":"https:\/\/diariofemenino.com.ar\/df\/las-instituciones-tambien-ejercen-violencia-vicaria\/","og_site_name":"Diario Digital Femenino","article_publisher":"https:\/\/www.facebook.com\/DiarioDigitaFemenino\/","article_published_time":"2022-05-16T14:44:02+00:00","article_modified_time":"2022-05-16T14:45:26+00:00","og_image":[{"width":1080,"height":549,"url":"https:\/\/diariofemenino.com.ar\/df\/wp-content\/uploads\/2022\/05\/Extracto-imagen-encuentro-violencia-vicaria.jpg","type":"image\/jpeg"}],"author":"Admin","twitter_card":"summary_large_image","twitter_creator":"@DiarioFemenino1","twitter_site":"@DiarioFemenino1","twitter_misc":{"Escrito por":"Admin","Tiempo de lectura":"5 minutos"},"schema":{"@context":"https:\/\/schema.org","@graph":[{"@type":"Article","@id":"https:\/\/diariofemenino.com.ar\/df\/las-instituciones-tambien-ejercen-violencia-vicaria\/#article","isPartOf":{"@id":"https:\/\/diariofemenino.com.ar\/df\/las-instituciones-tambien-ejercen-violencia-vicaria\/"},"author":{"name":"Admin","@id":"https:\/\/diariofemenino.com.ar\/df\/#\/schema\/person\/bf6199e8158c657ea6f789b11ec85509"},"headline":"Las instituciones tambi\u00e9n ejercen violencia vicaria","datePublished":"2022-05-16T14:44:02+00:00","dateModified":"2022-05-16T14:45:26+00:00","mainEntityOfPage":{"@id":"https:\/\/diariofemenino.com.ar\/df\/las-instituciones-tambien-ejercen-violencia-vicaria\/"},"wordCount":935,"commentCount":0,"publisher":{"@id":"https:\/\/diariofemenino.com.ar\/df\/#organization"},"image":{"@id":"https:\/\/diariofemenino.com.ar\/df\/las-instituciones-tambien-ejercen-violencia-vicaria\/#primaryimage"},"thumbnailUrl":"https:\/\/diariofemenino.com.ar\/df\/wp-content\/uploads\/2022\/05\/Extracto-imagen-encuentro-violencia-vicaria.jpg","keywords":["Instituciones","Violencia Institucional","Violencia vicaria"],"articleSection":["Agenda Feminista","Art\u00edculos y Comunicados","Medios","Mujeres","Violencias"],"inLanguage":"es","potentialAction":[{"@type":"CommentAction","name":"Comment","target":["https:\/\/diariofemenino.com.ar\/df\/las-instituciones-tambien-ejercen-violencia-vicaria\/#respond"]}]},{"@type":"WebPage","@id":"https:\/\/diariofemenino.com.ar\/df\/las-instituciones-tambien-ejercen-violencia-vicaria\/","url":"https:\/\/diariofemenino.com.ar\/df\/las-instituciones-tambien-ejercen-violencia-vicaria\/","name":"Las instituciones tambi\u00e9n ejercen violencia vicaria - Diario Digital Femenino","isPartOf":{"@id":"https:\/\/diariofemenino.com.ar\/df\/#website"},"primaryImageOfPage":{"@id":"https:\/\/diariofemenino.com.ar\/df\/las-instituciones-tambien-ejercen-violencia-vicaria\/#primaryimage"},"image":{"@id":"https:\/\/diariofemenino.com.ar\/df\/las-instituciones-tambien-ejercen-violencia-vicaria\/#primaryimage"},"thumbnailUrl":"https:\/\/diariofemenino.com.ar\/df\/wp-content\/uploads\/2022\/05\/Extracto-imagen-encuentro-violencia-vicaria.jpg","datePublished":"2022-05-16T14:44:02+00:00","dateModified":"2022-05-16T14:45:26+00:00","description":"Las instituciones no solo miran hacia otro lado, ejercen violencia vicaria e institucional en los procesos legales que incluyen mujeres.","breadcrumb":{"@id":"https:\/\/diariofemenino.com.ar\/df\/las-instituciones-tambien-ejercen-violencia-vicaria\/#breadcrumb"},"inLanguage":"es","potentialAction":[{"@type":"ReadAction","target":["https:\/\/diariofemenino.com.ar\/df\/las-instituciones-tambien-ejercen-violencia-vicaria\/"]}]},{"@type":"ImageObject","inLanguage":"es","@id":"https:\/\/diariofemenino.com.ar\/df\/las-instituciones-tambien-ejercen-violencia-vicaria\/#primaryimage","url":"https:\/\/diariofemenino.com.ar\/df\/wp-content\/uploads\/2022\/05\/Extracto-imagen-encuentro-violencia-vicaria.jpg","contentUrl":"https:\/\/diariofemenino.com.ar\/df\/wp-content\/uploads\/2022\/05\/Extracto-imagen-encuentro-violencia-vicaria.jpg","width":1080,"height":549,"caption":"Las instituciones tambi\u00e9n ejercen violencia vicaria"},{"@type":"BreadcrumbList","@id":"https:\/\/diariofemenino.com.ar\/df\/las-instituciones-tambien-ejercen-violencia-vicaria\/#breadcrumb","itemListElement":[{"@type":"ListItem","position":1,"name":"Portada","item":"https:\/\/diariofemenino.com.ar\/df\/"},{"@type":"ListItem","position":2,"name":"Las instituciones tambi\u00e9n ejercen violencia vicaria"}]},{"@type":"WebSite","@id":"https:\/\/diariofemenino.com.ar\/df\/#website","url":"https:\/\/diariofemenino.com.ar\/df\/","name":"Diario Digital Femenino","description":"Cuesti\u00f3n de G\u00e9nero","publisher":{"@id":"https:\/\/diariofemenino.com.ar\/df\/#organization"},"potentialAction":[{"@type":"SearchAction","target":{"@type":"EntryPoint","urlTemplate":"https:\/\/diariofemenino.com.ar\/df\/?s={search_term_string}"},"query-input":{"@type":"PropertyValueSpecification","valueRequired":true,"valueName":"search_term_string"}}],"inLanguage":"es"},{"@type":"Organization","@id":"https:\/\/diariofemenino.com.ar\/df\/#organization","name":"Diario Femenino","url":"https:\/\/diariofemenino.com.ar\/df\/","logo":{"@type":"ImageObject","inLanguage":"es","@id":"https:\/\/diariofemenino.com.ar\/df\/#\/schema\/logo\/image\/","url":"https:\/\/diariofemenino.com.ar\/df\/wp-content\/uploads\/2018\/10\/logo.png","contentUrl":"https:\/\/diariofemenino.com.ar\/df\/wp-content\/uploads\/2018\/10\/logo.png","width":500,"height":92,"caption":"Diario Femenino"},"image":{"@id":"https:\/\/diariofemenino.com.ar\/df\/#\/schema\/logo\/image\/"},"sameAs":["https:\/\/www.facebook.com\/DiarioDigitaFemenino\/","https:\/\/x.com\/DiarioFemenino1"]},{"@type":"Person","@id":"https:\/\/diariofemenino.com.ar\/df\/#\/schema\/person\/bf6199e8158c657ea6f789b11ec85509","name":"Admin","image":{"@type":"ImageObject","inLanguage":"es","@id":"https:\/\/diariofemenino.com.ar\/df\/wp-content\/uploads\/2018\/12\/favicon-150x150.jpg","url":"https:\/\/diariofemenino.com.ar\/df\/wp-content\/uploads\/2018\/12\/favicon-150x150.jpg","contentUrl":"https:\/\/diariofemenino.com.ar\/df\/wp-content\/uploads\/2018\/12\/favicon-150x150.jpg","caption":"Admin"},"url":"https:\/\/diariofemenino.com.ar\/df\/author\/lenny\/"}]}},"jetpack_featured_media_url":"https:\/\/diariofemenino.com.ar\/df\/wp-content\/uploads\/2022\/05\/Extracto-imagen-encuentro-violencia-vicaria.jpg","jetpack_sharing_enabled":true,"rttpg_featured_image_url":{"full":["https:\/\/diariofemenino.com.ar\/df\/wp-content\/uploads\/2022\/05\/Extracto-imagen-encuentro-violencia-vicaria.jpg",1080,549,false],"landscape":["https:\/\/diariofemenino.com.ar\/df\/wp-content\/uploads\/2022\/05\/Extracto-imagen-encuentro-violencia-vicaria.jpg",1080,549,false],"portraits":["https:\/\/diariofemenino.com.ar\/df\/wp-content\/uploads\/2022\/05\/Extracto-imagen-encuentro-violencia-vicaria.jpg",1080,549,false],"thumbnail":["https:\/\/diariofemenino.com.ar\/df\/wp-content\/uploads\/2022\/05\/Extracto-imagen-encuentro-violencia-vicaria-150x150.jpg",150,150,true],"medium":["https:\/\/diariofemenino.com.ar\/df\/wp-content\/uploads\/2022\/05\/Extracto-imagen-encuentro-violencia-vicaria-300x153.jpg",300,153,true],"large":["https:\/\/diariofemenino.com.ar\/df\/wp-content\/uploads\/2022\/05\/Extracto-imagen-encuentro-violencia-vicaria-1024x521.jpg",1024,521,true],"1536x1536":["https:\/\/diariofemenino.com.ar\/df\/wp-content\/uploads\/2022\/05\/Extracto-imagen-encuentro-violencia-vicaria.jpg",1080,549,false],"2048x2048":["https:\/\/diariofemenino.com.ar\/df\/wp-content\/uploads\/2022\/05\/Extracto-imagen-encuentro-violencia-vicaria.jpg",1080,549,false]},"rttpg_author":{"display_name":"Admin","author_link":"https:\/\/diariofemenino.com.ar\/df\/author\/lenny\/"},"rttpg_comment":0,"rttpg_category":"<a href=\"https:\/\/diariofemenino.com.ar\/df\/category\/agenda-feminista\/\" rel=\"category tag\">Agenda Feminista<\/a> <a href=\"https:\/\/diariofemenino.com.ar\/df\/category\/articulos-y-comunicados\/\" rel=\"category tag\">Art\u00edculos y Comunicados<\/a> <a href=\"https:\/\/diariofemenino.com.ar\/df\/category\/medios\/\" rel=\"category tag\">Medios<\/a> <a href=\"https:\/\/diariofemenino.com.ar\/df\/category\/mujeres\/\" rel=\"category tag\">Mujeres<\/a> <a href=\"https:\/\/diariofemenino.com.ar\/df\/category\/violencias\/\" rel=\"category tag\">Violencias<\/a>","rttpg_excerpt":"Las instituciones&#8230; M\u00e9rida acoge los d\u00edas 20 y 21 de mayo el I Encuentro Estatal Violencia Vicaria y Violencia Institucional de G\u00e9nero para denunciar el \u201carrancamiento\u201d de muchas hijas e hijos que sufren debido a la aplicaci\u00f3n de medidas discriminatorias por parte de la justicia espa\u00f1ola. Por\u00a0M\u00aa \u00c1ngeles Fern\u00e1ndez Ilustraci\u00f3n\u00a0de p.nitas Sara, Juana,\u00a0Irune, Mar\u00eda, Patricia,&hellip;","_links":{"self":[{"href":"https:\/\/diariofemenino.com.ar\/df\/wp-json\/wp\/v2\/posts\/64453","targetHints":{"allow":["GET"]}}],"collection":[{"href":"https:\/\/diariofemenino.com.ar\/df\/wp-json\/wp\/v2\/posts"}],"about":[{"href":"https:\/\/diariofemenino.com.ar\/df\/wp-json\/wp\/v2\/types\/post"}],"author":[{"embeddable":true,"href":"https:\/\/diariofemenino.com.ar\/df\/wp-json\/wp\/v2\/users\/4"}],"replies":[{"embeddable":true,"href":"https:\/\/diariofemenino.com.ar\/df\/wp-json\/wp\/v2\/comments?post=64453"}],"version-history":[{"count":0,"href":"https:\/\/diariofemenino.com.ar\/df\/wp-json\/wp\/v2\/posts\/64453\/revisions"}],"wp:featuredmedia":[{"embeddable":true,"href":"https:\/\/diariofemenino.com.ar\/df\/wp-json\/wp\/v2\/media\/64464"}],"wp:attachment":[{"href":"https:\/\/diariofemenino.com.ar\/df\/wp-json\/wp\/v2\/media?parent=64453"}],"wp:term":[{"taxonomy":"category","embeddable":true,"href":"https:\/\/diariofemenino.com.ar\/df\/wp-json\/wp\/v2\/categories?post=64453"},{"taxonomy":"post_tag","embeddable":true,"href":"https:\/\/diariofemenino.com.ar\/df\/wp-json\/wp\/v2\/tags?post=64453"}],"curies":[{"name":"wp","href":"https:\/\/api.w.org\/{rel}","templated":true}]}}