{"id":64334,"date":"2022-05-06T10:09:47","date_gmt":"2022-05-06T13:09:47","guid":{"rendered":"https:\/\/diariofemenino.com.ar\/df\/?p=64334"},"modified":"2022-05-06T10:13:37","modified_gmt":"2022-05-06T13:13:37","slug":"violencia-vicaria-extrema-el-golpe-definitivo-contra-les-madres","status":"publish","type":"post","link":"https:\/\/diariofemenino.com.ar\/df\/violencia-vicaria-extrema-el-golpe-definitivo-contra-les-madres\/","title":{"rendered":"Violencia Vicaria extrema, el golpe definitivo contra les madres"},"content":{"rendered":"<p><strong>El Cru\u00eflla de Europa del \u00faltimo martes de abril lo hicimos junto con XIDPIC.CAT-XIPVG y el digital La Independent. Dos feministas especializadas Sonia Vaccaro, psic\u00f3loga cl\u00ednica y Luc\u00eda Avil\u00e9s magistrada del juzgado de lo penal n\u00famero 2 de Matar\u00f3 nos dieron las claves para entender que la <a href=\"https:\/\/diariofemenino.com.ar\/df\/violencia-vicaria-definicion-ejemplos-tipos-caracteristicas-casos-y-datos\/\">violencia vicaria<\/a> extrema es un golpe irreversible en la vida de estas madres.<\/strong><\/p>\n<p>Por <a href=\"http:\/\/www.laindependent.cat\/index.php?option=com_content&amp;view=article&amp;id=9753%3Aviolencia-vicaria-el-cop-definitiu-contra-les-mares&amp;catid=81%3Afeminicidi&amp;Itemid=118&amp;lang=es\">Teresa Carreras \/ E. S\u00e1nchez-E Ca\u00f1\u00f3n-Ch Valenzuela Tom\u00e1s<\/a><\/p>\n<p>Y que la violencia machista contra los <a href=\"https:\/\/diariofemenino.com.ar\/df\/violencia-vicaria-las-hijas-y-los-hijos-victimas-de-la-violencia-contra-sus-madres\/\">hijos e hijas<\/a> hace morir en vida a la madre despu\u00e9s de una existencia llena de dolor. Cincuenta y un menores asesinados desde el a\u00f1o 2000 por violencia vicaria extrema en el Estado Espa\u00f1ol.<\/p>\n<p>El programa de Matar\u00f3 Radio tuvo una triple dedicatoria: primero a Jordi, el ni\u00f1o de 11 a\u00f1os asesinado a navajazos, en Sueca, por su padre para hacerle el m\u00e1ximo da\u00f1o a su ex-pareja a principios de abril de este a\u00f1o, tambi\u00e9n a dos ni\u00f1as de origen ruso, con posteriores suicidios de los padres, cometidos en Lloret de Mar y Mosc\u00fa que todav\u00eda no han sido definidos como violencia vicaria pero s\u00ed que son violencia machista.<\/p>\n<p>Y, finalmente, a Maria Merc\u00e8 Serralta, compa\u00f1era de la escuela de las monjas, Matar\u00f3, asesinada por su marido para cobrar una p\u00f3liza de seguro. De estos hechos se cumplir\u00e1 este a\u00f1o el 35 aniversario, y cuyo asesinato dej\u00f3 a dos hijos sin su madre para siempre ya a los padres de la v\u00edctima hundidos en la desesperaci\u00f3n. Violencia machista pura y dura.<\/p>\n<p>Lo que leer\u00e1 ahora es un resumen. Aqu\u00ed tiene el enlace del\u00a0<a href=\"https:\/\/mataroaudiovisual.alacarta.cat\/cruilla-europa\/capitol\/cruilla_deuropa_03052022\" target=\"_blank\" rel=\"noopener\">programa entero<\/a>\u00a0:<\/p>\n<figure id=\"attachment_64337\" aria-describedby=\"caption-attachment-64337\" style=\"width: 562px\" class=\"wp-caption aligncenter\"><img loading=\"lazy\" decoding=\"async\" class=\" wp-image-64337\" src=\"https:\/\/diariofemenino.com.ar\/df\/wp-content\/uploads\/2022\/05\/lucia-aviles1-wp.jpeg\" alt=\"Violencia Vicaria extrema, el golpe definitivo contra les madres\" width=\"562\" height=\"281\" srcset=\"https:\/\/diariofemenino.com.ar\/df\/wp-content\/uploads\/2022\/05\/lucia-aviles1-wp.jpeg 730w, https:\/\/diariofemenino.com.ar\/df\/wp-content\/uploads\/2022\/05\/lucia-aviles1-wp-300x150.jpeg 300w\" sizes=\"auto, (max-width: 562px) 100vw, 562px\" \/><figcaption id=\"caption-attachment-64337\" class=\"wp-caption-text\">Violencia Vicaria extrema, el golpe definitivo contra les madres.\u00a0@ Eli Ca\u00f1\u00f3n<\/figcaption><\/figure>\n<p>Coincidiendo con la publicaci\u00f3n del primer informe en el Estado Espa\u00f1ol sobre violencia vicaria extrema, patrocinado y editado por la Asociaci\u00f3n de Mujeres de Psicolog\u00eda Feminista de Granada, el \u00abCru\u00eflla de Europa\u00bb reuni\u00f3 a la coordinadora de la investigaci\u00f3n\u00a0<strong>Sonia Vaccaro<\/strong>, psic\u00f3loga cl\u00ednica, a\u00a0<strong>Luc\u00eda Avil\u00e9s<\/strong>\u00a0magistrada del juzgado de lo penal n\u00famero 2 de Matar\u00f3, a\u00a0<strong>Marta Mac\u00edas<\/strong>, abogada y colaboradora de la XIDPIC.CAT-XIPVG, a la feminista rusa, disidente del r\u00e9gimen de Putin, que se hace llamar\u00a0<strong>Nina<\/strong>\u00a0para esconder su identidad y en<strong>\u00a0Jana<\/strong>\u00a0<strong>Pous<\/strong>\u00a0del colectivo feminista Dones Rebels para presentar la informaci\u00f3n, escuchando las voces de estas cuatro feministas.<\/p>\n<p><strong>LA INDEPENDENT (LI) \u00bfSonia pensabas en una cifra como la que denuncia el informe. 51 menores asesinados por violencia vicaria extrema desde el a\u00f1o 2000?<\/strong><\/p>\n<p>Nosotros hemos analizado unos 400 casos de violencia machista y hemos visto que 50 ni\u00f1os y ni\u00f1as y un adulto han sido asesinados exclusivamente para da\u00f1ar a la madre.<\/p>\n<p>A m\u00ed la verdad me hubiera gustado no encontrar ni uno. La violencia vicaria extrema es un fen\u00f3meno que no se da s\u00f3lo en el Estado Espa\u00f1ol, tambi\u00e9n en Reino Unido que es uno de los pa\u00edses que hab\u00eda ido en aumento en las \u00faltimas d\u00e9cadas. As\u00ed que la cifra me extra\u00f1\u00f3<\/p>\n<p>LI.-\u00a0<strong>Luc\u00eda Avil\u00e9s<\/strong>,\u00a0<strong>magistrada<\/strong>.\u00a0<strong>\u00bfPor qu\u00e9 cada vez la violencia machista o la violencia vicaria extrema son fruto de la descoordinaci\u00f3n entre los distintos operadores del poder judicial?<\/strong><\/p>\n<p>La descoordinaci\u00f3n se da. Hemos visto, por ejemplo, en el caso m\u00e1s reciente, el de Jordi asesinado en Sueca, a principios de abril, que es consecuencia de resoluciones judiciales contradictorias por no haberse comprobado los antecedentes de violencia de g\u00e9nero.<\/p>\n<p>Estos dieron lugar a una resoluci\u00f3n que establec\u00eda la guardia compartida, es decir, una v\u00eda directa a la instrumentalizaci\u00f3n de los menores en contra de la decisi\u00f3n que hab\u00eda adoptado el juzgado de violencia contra las mujeres.<\/p>\n<p><strong>LE.- Marta Mac\u00edas<\/strong>, abogada, colaboradora de La Independent, agencia de noticias con visi\u00f3n de g\u00e9nero y directora de la consultora de g\u00e9nero Coop4equality.<br \/>\n<strong>\u00bfCu\u00e1l es la informaci\u00f3n que d\u00e1is desde las p\u00e1ginas de La Independent sobre este tema?<\/strong><\/p>\n<p>Somos una agencia de noticias con visi\u00f3n de g\u00e9nero que quiere, por un lado, dar voz a las mujeres, y hacerla visible reconociendo su trabajo. As\u00ed como denunciar con fuerza las violencias a las que nos somete el sistema patriarcal.<\/p>\n<p>La Independent es una finestra per denunciar totes aquestes situacions. Darrerament amb els temes de viol\u00e8ncia vic\u00e0ria donem la informaci\u00f3 rigorosament professional i hi afegim els articles d&#8217;opini\u00f3 que rebem.<\/p>\n<p>En Catalu\u00f1a editamos el digital www.independent.cat que est\u00e1 directamente relacionada con la Red Internacional de Periodistas con Visi\u00f3n de G\u00e9nero (RIPVG) que tiene mucha implantaci\u00f3n en Am\u00e9rica Latina y tambi\u00e9n en el Estado Espa\u00f1ol.<\/p>\n<p>Se publica cada quince d\u00edas y es un trabajo ingente y voluntario de un grupo de mujeres que creemos que el feminismo siempre debe denunciar las situaciones injustas que sufrimos. En septiembre cumpliremos los 13 a\u00f1os de vida y ofreceremos alguna sorpresa. En cambio la XIPVG y la XIDPIC.CAT-XIPVG son m\u00e1s antiguas. La primera naci\u00f3 en 2005 y la otra pocos a\u00f1os m\u00e1s tarde. As\u00ed que son muchos a\u00f1os denunciando las violencias que nos afectan.<\/p>\n<figure id=\"attachment_64336\" aria-describedby=\"caption-attachment-64336\" style=\"width: 408px\" class=\"wp-caption aligncenter\"><img loading=\"lazy\" decoding=\"async\" class=\"size-full wp-image-64336\" src=\"https:\/\/diariofemenino.com.ar\/df\/wp-content\/uploads\/2022\/05\/Jana.Nina_.i.jo_.jpg\" alt=\"Violencia Vicaria extrema, el golpe definitivo contra les madres\" width=\"408\" height=\"265\" srcset=\"https:\/\/diariofemenino.com.ar\/df\/wp-content\/uploads\/2022\/05\/Jana.Nina_.i.jo_.jpg 408w, https:\/\/diariofemenino.com.ar\/df\/wp-content\/uploads\/2022\/05\/Jana.Nina_.i.jo_-300x195.jpg 300w\" sizes=\"auto, (max-width: 408px) 100vw, 408px\" \/><figcaption id=\"caption-attachment-64336\" class=\"wp-caption-text\">Violencia Vicaria extrema, el golpe definitivo contra les madres<\/figcaption><\/figure>\n<p>&nbsp;<\/p>\n<p>LI.-\u00a0<strong>Jana Pous,<\/strong>\u00a0activista y feminista.\u00a0<strong>\u00bfHabl\u00e1is los j\u00f3venes de este tipo de violencia?<\/strong><\/p>\n<p>Creo que entre los j\u00f3venes la violencia vicaria no es el tema del que m\u00e1s hablamos. Hemos o\u00eddo hablar \u00faltimamente pero tenemos que parar mejor las orejas.<\/p>\n<p>Por eso informes como el que nos aporta la Asociaci\u00f3n de Mujeres de Psicolog\u00eda Feminista de Granada son muy importantes para que las j\u00f3venes tengamos esta informaci\u00f3n porque a veces todo lo que no podemos cuantificar socialmente no se toma en serio.<\/p>\n<p>LI.-\u00a0<strong>Nina<\/strong>, disidente de Putin.\u00a0<strong>\u00bfEn Rusia se utiliza este t\u00e9rmino para referirse a la violencia contra las mujeres por venganza y por persona interpuesta?<\/strong><\/p>\n<p>No. En Rusia s\u00f3lo se utiliza el t\u00e9rmino de violencia dom\u00e9stica. A m\u00ed este t\u00e9rmino no me gusta porque sabemos que la violencia tiene sexo. Nosotras las feministas entendemos que esta violencia es contra las mujeres y sus hijos e hijas. Las autoridades lo llaman as\u00ed para que la gente crea que no es tan peligrosa. La sociedad rusa es muy machista y patriarcal. No tenemos estad\u00edsticas sobre la violencia de g\u00e9nero<\/p>\n<figure id=\"attachment_64340\" aria-describedby=\"caption-attachment-64340\" style=\"width: 598px\" class=\"wp-caption aligncenter\"><img loading=\"lazy\" decoding=\"async\" class=\" wp-image-64340\" src=\"https:\/\/diariofemenino.com.ar\/df\/wp-content\/uploads\/2022\/05\/Imagen_1.png\" alt=\"Violencia Vicaria extrema, el golpe definitivo contra les madres\" width=\"598\" height=\"461\" srcset=\"https:\/\/diariofemenino.com.ar\/df\/wp-content\/uploads\/2022\/05\/Imagen_1.png 887w, https:\/\/diariofemenino.com.ar\/df\/wp-content\/uploads\/2022\/05\/Imagen_1-300x231.png 300w, https:\/\/diariofemenino.com.ar\/df\/wp-content\/uploads\/2022\/05\/Imagen_1-768x591.png 768w\" sizes=\"auto, (max-width: 598px) 100vw, 598px\" \/><figcaption id=\"caption-attachment-64340\" class=\"wp-caption-text\">Violencia Vicaria extrema, el golpe definitivo contra les madres.\u00a0@Charo Valenzuela Tom\u00e1s<\/figcaption><\/figure>\n<p>LI.-\u00a0<strong>\u00bfSonia qu\u00e9 es la violencia vicaria?<\/strong><\/p>\n<p>Es la violencia contra la mujer que se ejerce sobre sus hijos e hijas por parte de un hombre maltratador y violento, siempre en el contexto de violencia contra la mujer.<\/p>\n<p>En el momento en que la mujer comunica su intenci\u00f3n de divorciarse, o el divorcio en s\u00ed mismo, dado que el hombre violento ya no tiene acceso a la mujer sigue maltrat\u00e1ndola a trav\u00e9s de los hijos o, incluso podr\u00eda ser alguna persona significativa para esa mujer.<\/p>\n<p>Tambi\u00e9n se ha dado el caso de asesinatos de mascotas para da\u00f1ar a las mujeres. Es violencia machista y siempre se produce en ese marco. No es una violencia que se d\u00e9 de forma aislada ni fuera de ese contexto.<\/p>\n<p><strong>LI.- \u00bfPor qu\u00e9 acu\u00f1aste el t\u00e9rmino violencia vicaria?<\/strong><\/p>\n<p>Tom\u00e9 la definici\u00f3n como adjetivo del t\u00e9rmino definido por la RAE. Vicario se refiere a la violencia por persona interpuesta y que toma el puesto o el sustituto de otra persona. Por eso lo denomin\u00e9 \u00abviolencia vicaria\u00bb.<\/p>\n<p>En la violencia vicaria nosotros comprobamos el nexo de concausalidad en el que la intencionalidad est\u00e1 al querer da\u00f1ar a la madre.\u00a0En La Independent del pasado jueves de abril hay un resumen de los principales datos.<\/p>\n<p><strong>LI.- Sonia \u00bfDinos cu\u00e1l es el retrato robot del agresor?<\/strong><\/p>\n<p>En la mayor\u00eda de los casos un hombre de mediana edad, entre 30 y 50 a\u00f1os, principalmente de nacionalidad espa\u00f1ola, y en un 82% es el padre biol\u00f3gico de los menores asesinados.<\/p>\n<p>La mayor\u00eda de los agresores no tienen antecedentes penales pero s\u00ed que los tienen en un 60% relacionados con violencia de g\u00e9nero y siempre avisan.<\/p>\n<p>Por ejemplo el padre de Jordi le hab\u00eda dicho a la madre \u00abte da\u00f1ar\u00e9 donde m\u00e1s te duela\u00bb. La mayor\u00eda se producen, un 48%, cuando los padres est\u00e1n solos con los ni\u00f1os.<\/p>\n<p><strong>LI.- \u00bfLuc\u00eda porque persiste esta descoordinaci\u00f3n en el interior de la justicia espa\u00f1ola?<\/strong><\/p>\n<p>Creo que esa descoordinaci\u00f3n sigue persistiendo en las mentalidades jur\u00eddicas. Sigue habiendo estereotipos no s\u00f3lo en los juzgados sino en todos los operadores jur\u00eddicos en los que hizo hincapi\u00e9 en Naciones Unidas cuando abord\u00f3 el caso de\u00a0<strong>\u00c1ngela Gonz\u00e1lez<\/strong>\u00a0en el sentido de que un maltratador nunca puede ser un buen padre.<\/p>\n<p>Y por eso prevalecen las relaciones entre padres, hijas e hijos incluso en un contexto de violencia de g\u00e9nero constatado. Incluso cuando existe una orden de protecci\u00f3n para la mujer y cuando la mujer est\u00e1 siendo objeto de maltrato f\u00edsico evidente.<\/p>\n<p>Ahora estamos intentando conocer con datos lo que afecta a la suspensi\u00f3n del r\u00e9gimen de visitas. Es cierto que antes de la modificaci\u00f3n de la ley de la infancia y la adolescencia esta suspensi\u00f3n era uno de los instrumentos que se utilizaba para generar da\u00f1o a los ni\u00f1os y ni\u00f1as, y un gran sufrimiento psicol\u00f3gico a la madre que es de lo que hablamos cuando lo hacemos de violencia vicaria y que era aproximadamente de un 3%.<\/p>\n<p>Si lo queremos mirar de otra forma podemos decir que el 97% de las veces, incluso si se hubiera dictado una orden de protecci\u00f3n, las visitas se seguir\u00edan manteniendo. Y esto s\u00f3lo se explica, en mi opini\u00f3n, por la prevalencia de los estereotipos que desatend\u00edan una idea principal y es que la maternidad es un riesgo en s\u00ed mismo no s\u00f3lo para las mujeres sino fundamentalmente para sus hijos e hijas.<\/p>\n<p>En Catalu\u00f1a ya se dio un paso importante en el 2022 diciendo a las cosas por su nombre cuando se modific\u00f3 la ley del 2008 para hablar por primera vez en un texto jur\u00eddico de este tipo de violencia. Se van dando pasos pero se tiene que mejorar y no s\u00f3lo aplicar la perspectiva de g\u00e9nero sino tambi\u00e9n la perspectiva de la infancia.<\/p>\n<p><strong>LI.- Sonia la violencia vicaria ya exist\u00eda pero no se penalizaba. \u00bfPorqu\u00e9?<\/strong><\/p>\n<p>En psicolog\u00eda sabemos que nombrar algo genera pensamiento porque si no se puede mencionar no existe. Y los pensamientos construyen realidades. Por eso es importante poner nombre a lo que estamos sufriendo las mujeres.<\/p>\n<p>Las madres que entrevistamos para el estudio nos dec\u00edan que no sab\u00edan lo que deb\u00edan denunciar \u2013 por ejemplo cuando su hijo llegaba con fiebre y descalzo con temperaturas g\u00e9lidas, o un ni\u00f1o con diabetes llegaba a casa con un gran bolso de caramelos-. Estos actos no son actos sencillos sino que forman parte de una estructura de violencia dirigida a continuar el maltrato contra la madre.<\/p>\n<p>El estudio nos demostr\u00f3 que poca gente se toma las denuncias en serio. Mucha gente cree que los violentos lo dicen pero que no lo har\u00e1n bas\u00e1ndose en un prejuicio lamentable que tenemos que desvirtuar las palabras del agresor. Como se\u00f1alaba Luc\u00eda existen estereotipos constantes que tienden a preservar el rol del padre de familia por encima de la peligrosidad del agresor.<\/p>\n<p>A m\u00ed me cuesta entender c\u00f3mo la justicia no es que si un individuo es peligroso para la madre no lo ser\u00e1 para los hijos e hijas. Y no olvidemos que la justicia refuerza el rol de padre al decirles a los ni\u00f1os que deben estar con ellos. O sea que estamos en un bucle que es necesario empezar a romper.<\/p>\n<p><strong>LI.- Lucia<\/strong>\u00a0<strong>ha dicho que un maltratador no puede ser un buen padre.<\/strong>\u00a0<strong>\u00bfQu\u00e9 es para ti un padre, padre?<\/strong><\/p>\n<p>De padres hay muchos que son maravillosos y que no tienen nada que ver con todo esto. La cifra que nos da el estudio de que el 82% de los asesinos de estos menores son sus padres biol\u00f3gicos es una cifra muy elevada. Yo dir\u00eda que estamos hablando de individuos f\u00e9rtiles pero no padres.<\/p>\n<p>Ser padre tiene que ver con la protecci\u00f3n con tener una actitud abnegada hacia los ni\u00f1os, entender su vulnerabilidad. Incluso muchas de las madres entrevistadas tampoco ve\u00edan esa actitud de los padres de sus ni\u00f1os. Todas dicen que eran ya muy intolerantes al tener que soportar los llantos y enfermedades de los ni\u00f1os porque a este tipo de padres s\u00f3lo les importa su propia vida.<\/p>\n<p><strong>LI.- \u00bfLuc\u00eda porqu\u00e9 un maltratador puede recibir la visita de los hijos o hijas?<\/strong><\/p>\n<p>La justicia est\u00e1 dando pasos para cortar estas vistas lo que ocurre que, como he dicho, estamos llegando tarde. Pero puedo asegurar que los cambios legislativos se est\u00e1n produciendo.<\/p>\n<p>Yo querr\u00eda decir que siempre que hablemos lo tenemos que hacer como violencia vicaria de g\u00e9nero. No estamos hablando de cualquier acto de violencia contra sus hijos e hijas. La ley catalana lo define tal y como nos dice en su definici\u00f3n. El agresor normalmente utiliza dos v\u00edas; cuando se establece un r\u00e9gimen de visitas o cuando se habla de las pensiones de alimentos. Son dos v\u00edas que se establecen a trav\u00e9s de una resoluci\u00f3n judicial. Pero son dos v\u00edas que permiten al agresor seguir ejerciendo este control sobre la madre.<\/p>\n<p>Cuando Naciones Unidas (NU) analiz\u00f3 el caso de\u00a0<strong>\u00c1ngela Gonz\u00e1lez Carre\u00f1o<\/strong>\u00a0que era un caso paradigm\u00e1tico en el que el Estado hab\u00eda faltado a su obligaci\u00f3n de diligencia debida todas las veces que ella hab\u00eda acudido a los juzgados para pedir protecci\u00f3n. Tambi\u00e9n hab\u00eda alertado del riesgo de que ve\u00eda que sufr\u00eda la ni\u00f1a cuando estaba con su padre.<\/p>\n<p>NU dijo que todos los procesos que estudiaban estaban llenos de estereotipos y que ped\u00eda a la judicatura, a los y las forenses, a las fuerzas y cuerpos de seguridad del Estado y a todos los operadores jur\u00eddicos que forman parte de la cadena de justicia que se formaran en g\u00e9nero. Para entender bien que cuando las madres est\u00e1n en riesgo tambi\u00e9n puede ponerse en riesgo a sus hijos.<\/p>\n<p>Este pronunciamiento hizo modificar mucho a nuestra legislaci\u00f3n. El pasado a\u00f1o con la \u00faltima ley org\u00e1nica 8\/2021 de 4 de junio nos permitimos respirar. Nosotros ya ten\u00edamos una ley del a\u00f1o 2004 y del 2015 que obligaba a los jueces a pronunciarse, incluso de oficio, sobre las visitas. Pero estos puntos pasaban desapercibidos hasta que el pasado a\u00f1o se dict\u00f3 una ley espec\u00edfica para la protecci\u00f3n de la infancia y la adolescencia.<\/p>\n<p>Cuando hablamos de violencia vicaria no lo hacemos s\u00f3lo de infanticidios. Debajo de cada caso hay situaciones que da\u00f1an mucho a los ni\u00f1os y ni\u00f1as como los abusos sexuales, el maltrato f\u00edsico y psicol\u00f3gico y la violencia econ\u00f3mica. En relaci\u00f3n a la violencia econ\u00f3mica no tenemos ning\u00fan estudio detallado sobre lo que significa este tipo de violencia que es una de las m\u00e1s sutiles que existen.<\/p>\n<p><strong>LI.- NINA \u00bfEn Rusia los feminicidios llegan a ser tan crueles?<\/strong><\/p>\n<p>Si y a\u00fan m\u00e1s. No tenemos datos espec\u00edficos y m\u00e1s ahora que ha comenzado la guerra de Rusia contra Ucrania. Nuestra web est\u00e1 bloqueada y hasta el 22 de febrero, dos d\u00edas antes del inicio de la agresi\u00f3n ya hab\u00edan contabilizados 336. En una sociedad machista como la rusa yo he escuchado c\u00f3mo los agresores dicen que si ellos deben sufrir el dolor que producen los celos, las mujeres deben sufrir mucho m\u00e1s porque su dolor debe ser de por vida.<\/p>\n<p><strong>LI.- Jana \u00bfQu\u00e9 opinas del informe?<\/strong><\/p>\n<p>El hecho de que el informe de la Asociaci\u00f3n de Granada diga que se debe poner nombre a las cosas me ha parecido superinteresante. Con la violencia machista, como me ha recordado Nina, aqu\u00ed tambi\u00e9n tuvimos debates sobre si se llamaba violencia dom\u00e9stica, machista o de g\u00e9nero. Ahora es interesante ver como extremo derecha no la reconoce. La extrema derecha que ha surgido \u00faltimamente, para m\u00ed ya estaba.<\/p>\n<p>Con esto quiero decir que no reconoce lo que est\u00e1 pasando. Tambi\u00e9n me han impactado la cifra de asesinos de nacionalidad espa\u00f1ola porque muchas veces recurrimos al racismo y los migrantes como fuente de esta violencia y el estudio demuestra que no es as\u00ed.<\/p>\n<p>Al final del programa se se\u00f1alaron como detalles que determinan este alto grado de violencia contra las madres no permitiendo la ex pareja que la madre recupere el cuerpo de las criaturas asesinadas y , por su parte, la magistrada ha se\u00f1alado que hay un vac\u00edo legal que no es muy visible cuando el padre que mata a los hijos o hijas despu\u00e9s no se les puede cambiar el nombre. Esto obliga a que las criaturas permanezcan en la memoria siempre ligados al apellido de quien les ha asesinado. Es una modificaci\u00f3n que el c\u00f3digo civil todav\u00eda no ha emprendido y que est\u00e1 pendiente.<\/p>\n<p><a href=\"http:\/\/www.laindependent.cat\/\"><strong>La Independent<\/strong><\/a><\/p>\n<p><strong>\u00a0<\/strong><\/p>\n","protected":false},"excerpt":{"rendered":"<p>El Cru\u00eflla de Europa del \u00faltimo martes de abril lo hicimos junto con XIDPIC.CAT-XIPVG y el digital La Independent. Dos feministas especializadas Sonia Vaccaro, psic\u00f3loga cl\u00ednica y Luc\u00eda Avil\u00e9s magistrada del juzgado de lo penal n\u00famero 2 de Matar\u00f3 nos dieron las claves para entender que la violencia vicaria extrema es un golpe irreversible en [&hellip;]<\/p>\n","protected":false},"author":4,"featured_media":64338,"comment_status":"open","ping_status":"open","sticky":false,"template":"","format":"standard","meta":{"iawp_total_views":30,"footnotes":""},"categories":[1067,581,8,4,32,23,592],"tags":[5205,5204,5207,5203,524,5206,3024],"class_list":["post-64334","post","type-post","status-publish","format-standard","has-post-thumbnail","hentry","category-agenda-feminista","category-azul-profundo","category-entrevistas","category-medios","category-mujeres","category-salud","category-violencias","tag-cruilla-deuropa","tag-jana-pous-nina","tag-la-independent","tag-lucia-aviles","tag-sonia-vaccaro","tag-teresa-carreras","tag-violencia-vicaria"],"nelio_content":{"autoShareEndMode":"never","automationSources":{"useCustomSentences":false,"customSentences":[]},"efiAlt":"","efiUrl":"","followers":[4],"highlights":[],"isAutoShareEnabled":true,"networkImageIds":[],"permalinkQueryArgs":[],"series":[],"suggestedReferences":[]},"yoast_head":"<!-- This site is optimized with the Yoast SEO plugin v27.4 - https:\/\/yoast.com\/product\/yoast-seo-wordpress\/ -->\n<title>Violencia Vicaria extrema, el golpe definitivo contra les madres - Diario Digital Femenino<\/title>\n<meta name=\"description\" content=\"Violencia Vicaria extrema. Dos feministas especializadas Sonia Vaccaro, psic\u00f3loga cl\u00ednica y Luc\u00eda Avil\u00e9s, magistrada nos dieron las claves para entenderla.\" \/>\n<meta name=\"robots\" content=\"index, follow, max-snippet:-1, max-image-preview:large, max-video-preview:-1\" \/>\n<link rel=\"canonical\" href=\"https:\/\/diariofemenino.com.ar\/df\/violencia-vicaria-extrema-el-golpe-definitivo-contra-les-madres\/\" \/>\n<meta property=\"og:locale\" content=\"es_ES\" \/>\n<meta property=\"og:type\" content=\"article\" \/>\n<meta property=\"og:title\" content=\"Violencia Vicaria extrema, el golpe definitivo contra les madres - Diario Digital Femenino\" \/>\n<meta property=\"og:description\" content=\"Violencia Vicaria extrema. Dos feministas especializadas Sonia Vaccaro, psic\u00f3loga cl\u00ednica y Luc\u00eda Avil\u00e9s, magistrada nos dieron las claves para entenderla.\" \/>\n<meta property=\"og:url\" content=\"https:\/\/diariofemenino.com.ar\/df\/violencia-vicaria-extrema-el-golpe-definitivo-contra-les-madres\/\" \/>\n<meta property=\"og:site_name\" content=\"Diario Digital Femenino\" \/>\n<meta property=\"article:publisher\" content=\"https:\/\/www.facebook.com\/DiarioDigitaFemenino\/\" \/>\n<meta property=\"article:published_time\" content=\"2022-05-06T13:09:47+00:00\" \/>\n<meta property=\"article:modified_time\" content=\"2022-05-06T13:13:37+00:00\" \/>\n<meta property=\"og:image\" content=\"https:\/\/diariofemenino.com.ar\/df\/wp-content\/uploads\/2022\/05\/Teresa_Carrertas.jpg\" \/>\n\t<meta property=\"og:image:width\" content=\"400\" \/>\n\t<meta property=\"og:image:height\" content=\"396\" \/>\n\t<meta property=\"og:image:type\" content=\"image\/jpeg\" \/>\n<meta name=\"author\" content=\"Admin\" \/>\n<meta name=\"twitter:card\" content=\"summary_large_image\" \/>\n<meta name=\"twitter:creator\" content=\"@DiarioFemenino1\" \/>\n<meta name=\"twitter:site\" content=\"@DiarioFemenino1\" \/>\n<meta name=\"twitter:label1\" content=\"Escrito por\" \/>\n\t<meta name=\"twitter:data1\" content=\"Admin\" \/>\n\t<meta name=\"twitter:label2\" content=\"Tiempo de lectura\" \/>\n\t<meta name=\"twitter:data2\" content=\"15 minutos\" \/>\n<script type=\"application\/ld+json\" class=\"yoast-schema-graph\">{\"@context\":\"https:\\\/\\\/schema.org\",\"@graph\":[{\"@type\":\"Article\",\"@id\":\"https:\\\/\\\/diariofemenino.com.ar\\\/df\\\/violencia-vicaria-extrema-el-golpe-definitivo-contra-les-madres\\\/#article\",\"isPartOf\":{\"@id\":\"https:\\\/\\\/diariofemenino.com.ar\\\/df\\\/violencia-vicaria-extrema-el-golpe-definitivo-contra-les-madres\\\/\"},\"author\":{\"name\":\"Admin\",\"@id\":\"https:\\\/\\\/diariofemenino.com.ar\\\/df\\\/#\\\/schema\\\/person\\\/bf6199e8158c657ea6f789b11ec85509\"},\"headline\":\"Violencia Vicaria extrema, el golpe definitivo contra les madres\",\"datePublished\":\"2022-05-06T13:09:47+00:00\",\"dateModified\":\"2022-05-06T13:13:37+00:00\",\"mainEntityOfPage\":{\"@id\":\"https:\\\/\\\/diariofemenino.com.ar\\\/df\\\/violencia-vicaria-extrema-el-golpe-definitivo-contra-les-madres\\\/\"},\"wordCount\":2989,\"commentCount\":0,\"publisher\":{\"@id\":\"https:\\\/\\\/diariofemenino.com.ar\\\/df\\\/#organization\"},\"image\":{\"@id\":\"https:\\\/\\\/diariofemenino.com.ar\\\/df\\\/violencia-vicaria-extrema-el-golpe-definitivo-contra-les-madres\\\/#primaryimage\"},\"thumbnailUrl\":\"https:\\\/\\\/diariofemenino.com.ar\\\/df\\\/wp-content\\\/uploads\\\/2022\\\/05\\\/Teresa_Carrertas.jpg\",\"keywords\":[\"Cru\u00eflla Deuropa\",\"Jana Pous Nina\",\"La Independent\",\"Luc\u00eda Avil\u00e9s\",\"Sonia Vaccaro\",\"Teresa Carreras\",\"Violencia vicaria\"],\"articleSection\":[\"Agenda Feminista\",\"Azul Profundo\",\"Entrevistas\",\"Medios\",\"Mujeres\",\"Salud\",\"Violencias\"],\"inLanguage\":\"es\",\"potentialAction\":[{\"@type\":\"CommentAction\",\"name\":\"Comment\",\"target\":[\"https:\\\/\\\/diariofemenino.com.ar\\\/df\\\/violencia-vicaria-extrema-el-golpe-definitivo-contra-les-madres\\\/#respond\"]}]},{\"@type\":\"WebPage\",\"@id\":\"https:\\\/\\\/diariofemenino.com.ar\\\/df\\\/violencia-vicaria-extrema-el-golpe-definitivo-contra-les-madres\\\/\",\"url\":\"https:\\\/\\\/diariofemenino.com.ar\\\/df\\\/violencia-vicaria-extrema-el-golpe-definitivo-contra-les-madres\\\/\",\"name\":\"Violencia Vicaria extrema, el golpe definitivo contra les madres - Diario Digital Femenino\",\"isPartOf\":{\"@id\":\"https:\\\/\\\/diariofemenino.com.ar\\\/df\\\/#website\"},\"primaryImageOfPage\":{\"@id\":\"https:\\\/\\\/diariofemenino.com.ar\\\/df\\\/violencia-vicaria-extrema-el-golpe-definitivo-contra-les-madres\\\/#primaryimage\"},\"image\":{\"@id\":\"https:\\\/\\\/diariofemenino.com.ar\\\/df\\\/violencia-vicaria-extrema-el-golpe-definitivo-contra-les-madres\\\/#primaryimage\"},\"thumbnailUrl\":\"https:\\\/\\\/diariofemenino.com.ar\\\/df\\\/wp-content\\\/uploads\\\/2022\\\/05\\\/Teresa_Carrertas.jpg\",\"datePublished\":\"2022-05-06T13:09:47+00:00\",\"dateModified\":\"2022-05-06T13:13:37+00:00\",\"description\":\"Violencia Vicaria extrema. Dos feministas especializadas Sonia Vaccaro, psic\u00f3loga cl\u00ednica y Luc\u00eda Avil\u00e9s, magistrada nos dieron las claves para entenderla.\",\"breadcrumb\":{\"@id\":\"https:\\\/\\\/diariofemenino.com.ar\\\/df\\\/violencia-vicaria-extrema-el-golpe-definitivo-contra-les-madres\\\/#breadcrumb\"},\"inLanguage\":\"es\",\"potentialAction\":[{\"@type\":\"ReadAction\",\"target\":[\"https:\\\/\\\/diariofemenino.com.ar\\\/df\\\/violencia-vicaria-extrema-el-golpe-definitivo-contra-les-madres\\\/\"]}]},{\"@type\":\"ImageObject\",\"inLanguage\":\"es\",\"@id\":\"https:\\\/\\\/diariofemenino.com.ar\\\/df\\\/violencia-vicaria-extrema-el-golpe-definitivo-contra-les-madres\\\/#primaryimage\",\"url\":\"https:\\\/\\\/diariofemenino.com.ar\\\/df\\\/wp-content\\\/uploads\\\/2022\\\/05\\\/Teresa_Carrertas.jpg\",\"contentUrl\":\"https:\\\/\\\/diariofemenino.com.ar\\\/df\\\/wp-content\\\/uploads\\\/2022\\\/05\\\/Teresa_Carrertas.jpg\",\"width\":400,\"height\":396,\"caption\":\"Violencia Vicaria extrema, el golpe definitivo contra les madres\"},{\"@type\":\"BreadcrumbList\",\"@id\":\"https:\\\/\\\/diariofemenino.com.ar\\\/df\\\/violencia-vicaria-extrema-el-golpe-definitivo-contra-les-madres\\\/#breadcrumb\",\"itemListElement\":[{\"@type\":\"ListItem\",\"position\":1,\"name\":\"Portada\",\"item\":\"https:\\\/\\\/diariofemenino.com.ar\\\/df\\\/\"},{\"@type\":\"ListItem\",\"position\":2,\"name\":\"Violencia Vicaria extrema, el golpe definitivo contra les madres\"}]},{\"@type\":\"WebSite\",\"@id\":\"https:\\\/\\\/diariofemenino.com.ar\\\/df\\\/#website\",\"url\":\"https:\\\/\\\/diariofemenino.com.ar\\\/df\\\/\",\"name\":\"Diario Digital Femenino\",\"description\":\"Cuesti\u00f3n de G\u00e9nero\",\"publisher\":{\"@id\":\"https:\\\/\\\/diariofemenino.com.ar\\\/df\\\/#organization\"},\"potentialAction\":[{\"@type\":\"SearchAction\",\"target\":{\"@type\":\"EntryPoint\",\"urlTemplate\":\"https:\\\/\\\/diariofemenino.com.ar\\\/df\\\/?s={search_term_string}\"},\"query-input\":{\"@type\":\"PropertyValueSpecification\",\"valueRequired\":true,\"valueName\":\"search_term_string\"}}],\"inLanguage\":\"es\"},{\"@type\":\"Organization\",\"@id\":\"https:\\\/\\\/diariofemenino.com.ar\\\/df\\\/#organization\",\"name\":\"Diario Femenino\",\"url\":\"https:\\\/\\\/diariofemenino.com.ar\\\/df\\\/\",\"logo\":{\"@type\":\"ImageObject\",\"inLanguage\":\"es\",\"@id\":\"https:\\\/\\\/diariofemenino.com.ar\\\/df\\\/#\\\/schema\\\/logo\\\/image\\\/\",\"url\":\"https:\\\/\\\/diariofemenino.com.ar\\\/df\\\/wp-content\\\/uploads\\\/2018\\\/10\\\/logo.png\",\"contentUrl\":\"https:\\\/\\\/diariofemenino.com.ar\\\/df\\\/wp-content\\\/uploads\\\/2018\\\/10\\\/logo.png\",\"width\":500,\"height\":92,\"caption\":\"Diario Femenino\"},\"image\":{\"@id\":\"https:\\\/\\\/diariofemenino.com.ar\\\/df\\\/#\\\/schema\\\/logo\\\/image\\\/\"},\"sameAs\":[\"https:\\\/\\\/www.facebook.com\\\/DiarioDigitaFemenino\\\/\",\"https:\\\/\\\/x.com\\\/DiarioFemenino1\"]},{\"@type\":\"Person\",\"@id\":\"https:\\\/\\\/diariofemenino.com.ar\\\/df\\\/#\\\/schema\\\/person\\\/bf6199e8158c657ea6f789b11ec85509\",\"name\":\"Admin\",\"image\":{\"@type\":\"ImageObject\",\"inLanguage\":\"es\",\"@id\":\"https:\\\/\\\/diariofemenino.com.ar\\\/df\\\/wp-content\\\/uploads\\\/2018\\\/12\\\/favicon-150x150.jpg\",\"url\":\"https:\\\/\\\/diariofemenino.com.ar\\\/df\\\/wp-content\\\/uploads\\\/2018\\\/12\\\/favicon-150x150.jpg\",\"contentUrl\":\"https:\\\/\\\/diariofemenino.com.ar\\\/df\\\/wp-content\\\/uploads\\\/2018\\\/12\\\/favicon-150x150.jpg\",\"caption\":\"Admin\"},\"url\":\"https:\\\/\\\/diariofemenino.com.ar\\\/df\\\/author\\\/lenny\\\/\"}]}<\/script>\n<!-- \/ Yoast SEO plugin. -->","yoast_head_json":{"title":"Violencia Vicaria extrema, el golpe definitivo contra les madres - Diario Digital Femenino","description":"Violencia Vicaria extrema. Dos feministas especializadas Sonia Vaccaro, psic\u00f3loga cl\u00ednica y Luc\u00eda Avil\u00e9s, magistrada nos dieron las claves para entenderla.","robots":{"index":"index","follow":"follow","max-snippet":"max-snippet:-1","max-image-preview":"max-image-preview:large","max-video-preview":"max-video-preview:-1"},"canonical":"https:\/\/diariofemenino.com.ar\/df\/violencia-vicaria-extrema-el-golpe-definitivo-contra-les-madres\/","og_locale":"es_ES","og_type":"article","og_title":"Violencia Vicaria extrema, el golpe definitivo contra les madres - Diario Digital Femenino","og_description":"Violencia Vicaria extrema. Dos feministas especializadas Sonia Vaccaro, psic\u00f3loga cl\u00ednica y Luc\u00eda Avil\u00e9s, magistrada nos dieron las claves para entenderla.","og_url":"https:\/\/diariofemenino.com.ar\/df\/violencia-vicaria-extrema-el-golpe-definitivo-contra-les-madres\/","og_site_name":"Diario Digital Femenino","article_publisher":"https:\/\/www.facebook.com\/DiarioDigitaFemenino\/","article_published_time":"2022-05-06T13:09:47+00:00","article_modified_time":"2022-05-06T13:13:37+00:00","og_image":[{"width":400,"height":396,"url":"https:\/\/diariofemenino.com.ar\/df\/wp-content\/uploads\/2022\/05\/Teresa_Carrertas.jpg","type":"image\/jpeg"}],"author":"Admin","twitter_card":"summary_large_image","twitter_creator":"@DiarioFemenino1","twitter_site":"@DiarioFemenino1","twitter_misc":{"Escrito por":"Admin","Tiempo de lectura":"15 minutos"},"schema":{"@context":"https:\/\/schema.org","@graph":[{"@type":"Article","@id":"https:\/\/diariofemenino.com.ar\/df\/violencia-vicaria-extrema-el-golpe-definitivo-contra-les-madres\/#article","isPartOf":{"@id":"https:\/\/diariofemenino.com.ar\/df\/violencia-vicaria-extrema-el-golpe-definitivo-contra-les-madres\/"},"author":{"name":"Admin","@id":"https:\/\/diariofemenino.com.ar\/df\/#\/schema\/person\/bf6199e8158c657ea6f789b11ec85509"},"headline":"Violencia Vicaria extrema, el golpe definitivo contra les madres","datePublished":"2022-05-06T13:09:47+00:00","dateModified":"2022-05-06T13:13:37+00:00","mainEntityOfPage":{"@id":"https:\/\/diariofemenino.com.ar\/df\/violencia-vicaria-extrema-el-golpe-definitivo-contra-les-madres\/"},"wordCount":2989,"commentCount":0,"publisher":{"@id":"https:\/\/diariofemenino.com.ar\/df\/#organization"},"image":{"@id":"https:\/\/diariofemenino.com.ar\/df\/violencia-vicaria-extrema-el-golpe-definitivo-contra-les-madres\/#primaryimage"},"thumbnailUrl":"https:\/\/diariofemenino.com.ar\/df\/wp-content\/uploads\/2022\/05\/Teresa_Carrertas.jpg","keywords":["Cru\u00eflla Deuropa","Jana Pous Nina","La Independent","Luc\u00eda Avil\u00e9s","Sonia Vaccaro","Teresa Carreras","Violencia vicaria"],"articleSection":["Agenda Feminista","Azul Profundo","Entrevistas","Medios","Mujeres","Salud","Violencias"],"inLanguage":"es","potentialAction":[{"@type":"CommentAction","name":"Comment","target":["https:\/\/diariofemenino.com.ar\/df\/violencia-vicaria-extrema-el-golpe-definitivo-contra-les-madres\/#respond"]}]},{"@type":"WebPage","@id":"https:\/\/diariofemenino.com.ar\/df\/violencia-vicaria-extrema-el-golpe-definitivo-contra-les-madres\/","url":"https:\/\/diariofemenino.com.ar\/df\/violencia-vicaria-extrema-el-golpe-definitivo-contra-les-madres\/","name":"Violencia Vicaria extrema, el golpe definitivo contra les madres - Diario Digital Femenino","isPartOf":{"@id":"https:\/\/diariofemenino.com.ar\/df\/#website"},"primaryImageOfPage":{"@id":"https:\/\/diariofemenino.com.ar\/df\/violencia-vicaria-extrema-el-golpe-definitivo-contra-les-madres\/#primaryimage"},"image":{"@id":"https:\/\/diariofemenino.com.ar\/df\/violencia-vicaria-extrema-el-golpe-definitivo-contra-les-madres\/#primaryimage"},"thumbnailUrl":"https:\/\/diariofemenino.com.ar\/df\/wp-content\/uploads\/2022\/05\/Teresa_Carrertas.jpg","datePublished":"2022-05-06T13:09:47+00:00","dateModified":"2022-05-06T13:13:37+00:00","description":"Violencia Vicaria extrema. Dos feministas especializadas Sonia Vaccaro, psic\u00f3loga cl\u00ednica y Luc\u00eda Avil\u00e9s, magistrada nos dieron las claves para entenderla.","breadcrumb":{"@id":"https:\/\/diariofemenino.com.ar\/df\/violencia-vicaria-extrema-el-golpe-definitivo-contra-les-madres\/#breadcrumb"},"inLanguage":"es","potentialAction":[{"@type":"ReadAction","target":["https:\/\/diariofemenino.com.ar\/df\/violencia-vicaria-extrema-el-golpe-definitivo-contra-les-madres\/"]}]},{"@type":"ImageObject","inLanguage":"es","@id":"https:\/\/diariofemenino.com.ar\/df\/violencia-vicaria-extrema-el-golpe-definitivo-contra-les-madres\/#primaryimage","url":"https:\/\/diariofemenino.com.ar\/df\/wp-content\/uploads\/2022\/05\/Teresa_Carrertas.jpg","contentUrl":"https:\/\/diariofemenino.com.ar\/df\/wp-content\/uploads\/2022\/05\/Teresa_Carrertas.jpg","width":400,"height":396,"caption":"Violencia Vicaria extrema, el golpe definitivo contra les madres"},{"@type":"BreadcrumbList","@id":"https:\/\/diariofemenino.com.ar\/df\/violencia-vicaria-extrema-el-golpe-definitivo-contra-les-madres\/#breadcrumb","itemListElement":[{"@type":"ListItem","position":1,"name":"Portada","item":"https:\/\/diariofemenino.com.ar\/df\/"},{"@type":"ListItem","position":2,"name":"Violencia Vicaria extrema, el golpe definitivo contra les madres"}]},{"@type":"WebSite","@id":"https:\/\/diariofemenino.com.ar\/df\/#website","url":"https:\/\/diariofemenino.com.ar\/df\/","name":"Diario Digital Femenino","description":"Cuesti\u00f3n de G\u00e9nero","publisher":{"@id":"https:\/\/diariofemenino.com.ar\/df\/#organization"},"potentialAction":[{"@type":"SearchAction","target":{"@type":"EntryPoint","urlTemplate":"https:\/\/diariofemenino.com.ar\/df\/?s={search_term_string}"},"query-input":{"@type":"PropertyValueSpecification","valueRequired":true,"valueName":"search_term_string"}}],"inLanguage":"es"},{"@type":"Organization","@id":"https:\/\/diariofemenino.com.ar\/df\/#organization","name":"Diario Femenino","url":"https:\/\/diariofemenino.com.ar\/df\/","logo":{"@type":"ImageObject","inLanguage":"es","@id":"https:\/\/diariofemenino.com.ar\/df\/#\/schema\/logo\/image\/","url":"https:\/\/diariofemenino.com.ar\/df\/wp-content\/uploads\/2018\/10\/logo.png","contentUrl":"https:\/\/diariofemenino.com.ar\/df\/wp-content\/uploads\/2018\/10\/logo.png","width":500,"height":92,"caption":"Diario Femenino"},"image":{"@id":"https:\/\/diariofemenino.com.ar\/df\/#\/schema\/logo\/image\/"},"sameAs":["https:\/\/www.facebook.com\/DiarioDigitaFemenino\/","https:\/\/x.com\/DiarioFemenino1"]},{"@type":"Person","@id":"https:\/\/diariofemenino.com.ar\/df\/#\/schema\/person\/bf6199e8158c657ea6f789b11ec85509","name":"Admin","image":{"@type":"ImageObject","inLanguage":"es","@id":"https:\/\/diariofemenino.com.ar\/df\/wp-content\/uploads\/2018\/12\/favicon-150x150.jpg","url":"https:\/\/diariofemenino.com.ar\/df\/wp-content\/uploads\/2018\/12\/favicon-150x150.jpg","contentUrl":"https:\/\/diariofemenino.com.ar\/df\/wp-content\/uploads\/2018\/12\/favicon-150x150.jpg","caption":"Admin"},"url":"https:\/\/diariofemenino.com.ar\/df\/author\/lenny\/"}]}},"jetpack_featured_media_url":"https:\/\/diariofemenino.com.ar\/df\/wp-content\/uploads\/2022\/05\/Teresa_Carrertas.jpg","jetpack_sharing_enabled":true,"rttpg_featured_image_url":{"full":["https:\/\/diariofemenino.com.ar\/df\/wp-content\/uploads\/2022\/05\/Teresa_Carrertas.jpg",400,396,false],"landscape":["https:\/\/diariofemenino.com.ar\/df\/wp-content\/uploads\/2022\/05\/Teresa_Carrertas.jpg",400,396,false],"portraits":["https:\/\/diariofemenino.com.ar\/df\/wp-content\/uploads\/2022\/05\/Teresa_Carrertas.jpg",400,396,false],"thumbnail":["https:\/\/diariofemenino.com.ar\/df\/wp-content\/uploads\/2022\/05\/Teresa_Carrertas-150x150.jpg",150,150,true],"medium":["https:\/\/diariofemenino.com.ar\/df\/wp-content\/uploads\/2022\/05\/Teresa_Carrertas-300x297.jpg",300,297,true],"large":["https:\/\/diariofemenino.com.ar\/df\/wp-content\/uploads\/2022\/05\/Teresa_Carrertas.jpg",400,396,false],"1536x1536":["https:\/\/diariofemenino.com.ar\/df\/wp-content\/uploads\/2022\/05\/Teresa_Carrertas.jpg",400,396,false],"2048x2048":["https:\/\/diariofemenino.com.ar\/df\/wp-content\/uploads\/2022\/05\/Teresa_Carrertas.jpg",400,396,false]},"rttpg_author":{"display_name":"Admin","author_link":"https:\/\/diariofemenino.com.ar\/df\/author\/lenny\/"},"rttpg_comment":0,"rttpg_category":"<a href=\"https:\/\/diariofemenino.com.ar\/df\/category\/agenda-feminista\/\" rel=\"category tag\">Agenda Feminista<\/a> <a href=\"https:\/\/diariofemenino.com.ar\/df\/category\/azul-profundo\/\" rel=\"category tag\">Azul Profundo<\/a> <a href=\"https:\/\/diariofemenino.com.ar\/df\/category\/entrevistas\/\" rel=\"category tag\">Entrevistas<\/a> <a href=\"https:\/\/diariofemenino.com.ar\/df\/category\/medios\/\" rel=\"category tag\">Medios<\/a> <a href=\"https:\/\/diariofemenino.com.ar\/df\/category\/mujeres\/\" rel=\"category tag\">Mujeres<\/a> <a href=\"https:\/\/diariofemenino.com.ar\/df\/category\/salud\/\" rel=\"category tag\">Salud<\/a> <a href=\"https:\/\/diariofemenino.com.ar\/df\/category\/violencias\/\" rel=\"category tag\">Violencias<\/a>","rttpg_excerpt":"El Cru\u00eflla de Europa del \u00faltimo martes de abril lo hicimos junto con XIDPIC.CAT-XIPVG y el digital La Independent. Dos feministas especializadas Sonia Vaccaro, psic\u00f3loga cl\u00ednica y Luc\u00eda Avil\u00e9s magistrada del juzgado de lo penal n\u00famero 2 de Matar\u00f3 nos dieron las claves para entender que la violencia vicaria extrema es un golpe irreversible en&hellip;","_links":{"self":[{"href":"https:\/\/diariofemenino.com.ar\/df\/wp-json\/wp\/v2\/posts\/64334","targetHints":{"allow":["GET"]}}],"collection":[{"href":"https:\/\/diariofemenino.com.ar\/df\/wp-json\/wp\/v2\/posts"}],"about":[{"href":"https:\/\/diariofemenino.com.ar\/df\/wp-json\/wp\/v2\/types\/post"}],"author":[{"embeddable":true,"href":"https:\/\/diariofemenino.com.ar\/df\/wp-json\/wp\/v2\/users\/4"}],"replies":[{"embeddable":true,"href":"https:\/\/diariofemenino.com.ar\/df\/wp-json\/wp\/v2\/comments?post=64334"}],"version-history":[{"count":0,"href":"https:\/\/diariofemenino.com.ar\/df\/wp-json\/wp\/v2\/posts\/64334\/revisions"}],"wp:featuredmedia":[{"embeddable":true,"href":"https:\/\/diariofemenino.com.ar\/df\/wp-json\/wp\/v2\/media\/64338"}],"wp:attachment":[{"href":"https:\/\/diariofemenino.com.ar\/df\/wp-json\/wp\/v2\/media?parent=64334"}],"wp:term":[{"taxonomy":"category","embeddable":true,"href":"https:\/\/diariofemenino.com.ar\/df\/wp-json\/wp\/v2\/categories?post=64334"},{"taxonomy":"post_tag","embeddable":true,"href":"https:\/\/diariofemenino.com.ar\/df\/wp-json\/wp\/v2\/tags?post=64334"}],"curies":[{"name":"wp","href":"https:\/\/api.w.org\/{rel}","templated":true}]}}