{"id":64191,"date":"2022-05-03T22:10:27","date_gmt":"2022-05-04T01:10:27","guid":{"rendered":"https:\/\/diariofemenino.com.ar\/df\/?p=64191"},"modified":"2022-05-03T22:10:27","modified_gmt":"2022-05-04T01:10:27","slug":"programa-de-fortalecimiento","status":"publish","type":"post","link":"https:\/\/diariofemenino.com.ar\/df\/programa-de-fortalecimiento\/","title":{"rendered":"Programa de Fortalecimiento del Liderazgo de las Mujeres y Diversidades Sexuales en organizaciones sindicales"},"content":{"rendered":"<p>Promover el avance de las mujeres y diversidades sexuales en espacios de toma de decisi\u00f3n.<\/p>\n<p>Del del 2 al 13 de mayo se encuentra abierta la inscripci\u00f3n al Programa de Fortalecimiento del Liderazgo de las Mujeres y Diversidades Sexuales en Organizaciones <a href=\"https:\/\/diariofemenino.com.ar\/df\/category\/mujeres-sindicalistas\/\">Sindicales<\/a> &#8211; <a href=\"https:\/\/diariofemenino.com.ar\/df\/category\/mujeres-de-la-pampa\/\">Regi\u00f3n pampeana<\/a>.<\/p>\n<figure id=\"attachment_64208\" aria-describedby=\"caption-attachment-64208\" style=\"width: 403px\" class=\"wp-caption aligncenter\"><img loading=\"lazy\" decoding=\"async\" class=\" wp-image-64208\" src=\"https:\/\/diariofemenino.com.ar\/df\/wp-content\/uploads\/2022\/05\/WhatsApp-Image-2022-05-03-at-9.10.55-PM-590x1024.jpeg\" alt=\"Programa de Fortalecimiento del Liderazgo de las Mujeres y Diversidades Sexuales en organizaciones sindicales\" width=\"403\" height=\"699\" srcset=\"https:\/\/diariofemenino.com.ar\/df\/wp-content\/uploads\/2022\/05\/WhatsApp-Image-2022-05-03-at-9.10.55-PM-590x1024.jpeg 590w, https:\/\/diariofemenino.com.ar\/df\/wp-content\/uploads\/2022\/05\/WhatsApp-Image-2022-05-03-at-9.10.55-PM-173x300.jpeg 173w, https:\/\/diariofemenino.com.ar\/df\/wp-content\/uploads\/2022\/05\/WhatsApp-Image-2022-05-03-at-9.10.55-PM.jpeg 687w\" sizes=\"auto, (max-width: 403px) 100vw, 403px\" \/><figcaption id=\"caption-attachment-64208\" class=\"wp-caption-text\">Programa de Fortalecimiento del Liderazgo de las Mujeres y Diversidades Sexuales en organizaciones sindicales<\/figcaption><\/figure>\n<p>Reconociendo la importancia de las redes de mujeres sindicalistas para la deconstrucci\u00f3n de los estereotipos de g\u00e9nero que a\u00fan persisten en el mundo del trabajo, este Programa busca facilitar el acceso a herramientas que promuevan el empoderamiento de las mujeres y diversidades sexuales en sus organizaciones sindicales, a trav\u00e9s de acciones de capacitaci\u00f3n y formaci\u00f3n sindical.<\/p>\n<section>\n<article class=\"container content_format\">\n<div class=\"col-md-8 col-md-offset-2\">\n<div class=\"panel-pane pane-texto\">\n<div class=\"pane-content\">\n<div class=\"\">\n<p><strong>Objetivos<\/strong><\/p>\n<ul>\n<li><strong>Promover<\/strong>\u00a0el avance de las mujeres y las diversidades sexuales en espacios de toma de decisi\u00f3n.<\/li>\n<li><strong>Fortalecer<\/strong>\u00a0las habilidades de liderazgo.<\/li>\n<li><strong>Concientizar<\/strong>\u00a0sobre los principales obst\u00e1culos para la participaci\u00f3n pol\u00edtica sindical.<\/li>\n<li><strong>Ofrecer<\/strong>\u00a0herramientas te\u00f3rico-pr\u00e1cticas que contribuyan al avance de sus carreras pol\u00edtico-sindicales.<\/li>\n<li><strong>Potenciar<\/strong>\u00a0agentes de cambio que puedan analizar y cuestionar las relaciones patriarcales de poder que se establecen culturalmente.<\/li>\n<li><strong>Crear<\/strong>\u00a0una red federal de acompa\u00f1amiento y apoyo a las mujeres sindicalistas de todas las provincias<\/li>\n<\/ul>\n<p><strong>A qui\u00e9n est\u00e1 dirigido<\/strong><\/p>\n<p>El Programa est\u00e1 dirigido a mujeres y diversidades sexuales, que sean\u00a0<strong>dirigentes y\/o delegadas y\/o que participen en la comisi\u00f3n directiva<\/strong>\u00a0de su gremio:<\/p>\n<ul>\n<li>Que deseen ser o sean agentes de cambio de sus entornos.<\/li>\n<li>Que aspiren a transformar su propia visi\u00f3n personal y luego organizacional sobre la desigualdad estructural de g\u00e9nero.<\/li>\n<li>Que tengan la motivaci\u00f3n para participar activamente del Programa y luego integrar la Red a conformarse.<\/li>\n<\/ul>\n<p><strong>Requisitos para la aprobaci\u00f3n<\/strong><\/p>\n<p>Para obtener el certificado de aprobaci\u00f3n se tendr\u00e1 en cuenta lo siguiente:<\/p>\n<ul>\n<li>Asistir al menos al 80% de las clases te\u00f3rico-pr\u00e1cticas y participar activamente en los talleres.<\/li>\n<li>Participar a trav\u00e9s de la plataforma zoom con c\u00e1mara encendida.<\/li>\n<li>Contribuir al fortalecimiento de la red federal de apoyo y acompa\u00f1amiento.<\/li>\n<\/ul>\n<\/div>\n<\/div>\n<\/div>\n<\/div>\n<\/article>\n<\/section>\n<section>\n<div class=\"container\">\n<div class=\"panel-pane pane-texto\">\n<div class=\"pane-content\">\n<div class=\"\">\n<p><strong>Desarrollo<\/strong><\/p>\n<p>A trav\u00e9s de la informaci\u00f3n y las acciones que se disponen vas a poder tener acceso al Programa para mejorar tus conocimientos en la labor diaria.<\/p>\n<p><strong>Contenido<\/strong><\/p>\n<p>Estos son los contenidos de la capacitaci\u00f3n del Programa de Fortalecimiento del Liderazgo de las Mujeres y Diversidades sexuales en organizaciones sindicales.<\/p>\n<ul>\n<li>Taller 1. La perspectiva de g\u00e9nero en el mundo del trabajo y en el sindicato<\/li>\n<li>Taller 2. Violencia y acoso laboral<\/li>\n<li>Taller 3. Cuidados<\/li>\n<li>Taller 4. Desarrollo de competencias para la Negociaci\u00f3n colectiva\/Paritarias<\/li>\n<li>Taller 5. Mecanismos para la evaluaci\u00f3n de resultados en el \u00e1mbito gremial<\/li>\n<li>Taller 6. Fortalecimiento de aptitudes de liderazgo. Oratoria<\/li>\n<li>Taller 7. Mujeres en puestos de decisi\u00f3n<\/li>\n<\/ul>\n<p><strong>Modalidad<\/strong><\/p>\n<p>Se realizar\u00e1n 8 encuentros virtuales a trav\u00e9s de la plataforma Zoom por cada cohorte regional.<\/p>\n<p><strong>Din\u00e1mica de cada encuentro:<\/strong><\/p>\n<ul>\n<li>40 minutos de clase te\u00f3rica<\/li>\n<li>20 minutos de intercambio de experiencias con referentas sindicalistas.<\/li>\n<li>40 minutos de taller de fortalecimiento y construcci\u00f3n de redes<\/li>\n<\/ul>\n<p><span style=\"color: inherit; font-family: Oswald; font-size: 24px; font-weight: bold;\">Inscripci\u00f3n\u00a0<\/span><\/p>\n<\/div>\n<div>Pod\u00e9s incribirte en el siguiente link:\u00a0<a href=\"https:\/\/www.argentina.gob.ar\/trabajo\/fortalecimiento-mujeres-y-diversidad-sexual-en-sindicatos\">https:\/\/www.argentina.gob.ar\/trabajo\/fortalecimiento-mujeres-y-diversidad-sexual-en-sindicatos<\/a><\/div>\n<\/div>\n<\/div>\n<\/div>\n<\/section>\n<section>\n<div class=\"container\">\n<div class=\"panel-pane pane-atajos\">\n<div class=\"pane-content\">\n<div class=\"row panels-row m-t-2 \">\n<div class=\"col-xs-12 col-sm-6 col-md-4\">\n<div class=\"panel-body\">\n<h3><\/h3>\n<\/div>\n<\/div>\n<\/div>\n<\/div>\n<\/div>\n<\/div>\n<\/section>\n<p><a href=\"https:\/\/www.argentina.gob.ar\/normativa\/nacional\/resoluci%C3%B3n-434-2021-352420\/texto\"><img loading=\"lazy\" decoding=\"async\" class=\"size-full wp-image-64192 alignleft\" src=\"https:\/\/diariofemenino.com.ar\/df\/wp-content\/uploads\/2022\/05\/Res.jpg\" alt=\"\" width=\"201\" height=\"46\" \/><\/a><\/p>\n","protected":false},"excerpt":{"rendered":"<p>Promover el avance de las mujeres y diversidades sexuales en espacios de toma de decisi\u00f3n. Del del 2 al 13 de mayo se encuentra abierta la inscripci\u00f3n al Programa de Fortalecimiento del Liderazgo de las Mujeres y Diversidades Sexuales en Organizaciones Sindicales &#8211; Regi\u00f3n pampeana. Reconociendo la importancia de las redes de mujeres sindicalistas para [&hellip;]<\/p>\n","protected":false},"author":4,"featured_media":64212,"comment_status":"open","ping_status":"open","sticky":false,"template":"","format":"standard","meta":{"iawp_total_views":7,"footnotes":""},"categories":[7,1067,32,1251,13,21],"tags":[3876,4683,4684,130,465],"class_list":["post-64191","post","type-post","status-publish","format-standard","has-post-thumbnail","hentry","category-actividades","category-agenda-feminista","category-mujeres","category-mujeres-de-la-pampa","category-mujeres-sindicalistas","category-noticias","tag-diversidades","tag-fortalecimiento","tag-liderazgo","tag-mujeres","tag-sindicalismo"],"nelio_content":{"autoShareEndMode":"never","automationSources":{"useCustomSentences":false,"customSentences":[]},"efiAlt":"","efiUrl":"","followers":[4],"highlights":[],"isAutoShareEnabled":true,"networkImageIds":[],"permalinkQueryArgs":[],"series":[],"suggestedReferences":[]},"yoast_head":"<!-- This site is optimized with the Yoast SEO plugin v27.5 - https:\/\/yoast.com\/product\/yoast-seo-wordpress\/ -->\n<title>Programa de Fortalecimiento del Liderazgo de las Mujeres y Diversidades Sexuales en organizaciones sindicales - Diario Digital Femenino<\/title>\n<meta name=\"description\" content=\"Programa de Fortalecimiento para promover el avance de las mujeres y diversidades sexuales en espacios de toma de decisi\u00f3n.\" \/>\n<meta name=\"robots\" content=\"index, follow, max-snippet:-1, max-image-preview:large, max-video-preview:-1\" \/>\n<link rel=\"canonical\" href=\"https:\/\/diariofemenino.com.ar\/df\/programa-de-fortalecimiento\/\" \/>\n<meta property=\"og:locale\" content=\"es_ES\" \/>\n<meta property=\"og:type\" content=\"article\" \/>\n<meta property=\"og:title\" content=\"Programa de Fortalecimiento del Liderazgo de las Mujeres y Diversidades Sexuales en organizaciones sindicales - Diario Digital Femenino\" \/>\n<meta property=\"og:description\" content=\"Programa de Fortalecimiento para promover el avance de las mujeres y diversidades sexuales en espacios de toma de decisi\u00f3n.\" \/>\n<meta property=\"og:url\" content=\"https:\/\/diariofemenino.com.ar\/df\/programa-de-fortalecimiento\/\" \/>\n<meta property=\"og:site_name\" content=\"Diario Digital Femenino\" \/>\n<meta property=\"article:publisher\" content=\"https:\/\/www.facebook.com\/DiarioDigitaFemenino\/\" \/>\n<meta property=\"article:published_time\" content=\"2022-05-04T01:10:27+00:00\" \/>\n<meta property=\"og:image\" content=\"https:\/\/diariofemenino.com.ar\/df\/wp-content\/uploads\/2022\/05\/WhatsApp-Image-2022-05-03-at-9.10.55-PM.jpg\" \/>\n\t<meta property=\"og:image:width\" content=\"684\" \/>\n\t<meta property=\"og:image:height\" content=\"412\" \/>\n\t<meta property=\"og:image:type\" content=\"image\/jpeg\" \/>\n<meta name=\"author\" content=\"Admin\" \/>\n<meta name=\"twitter:card\" content=\"summary_large_image\" \/>\n<meta name=\"twitter:creator\" content=\"@DiarioFemenino1\" \/>\n<meta name=\"twitter:site\" content=\"@DiarioFemenino1\" \/>\n<meta name=\"twitter:label1\" content=\"Escrito por\" \/>\n\t<meta name=\"twitter:data1\" content=\"Admin\" \/>\n\t<meta name=\"twitter:label2\" content=\"Tiempo de lectura\" \/>\n\t<meta name=\"twitter:data2\" content=\"3 minutos\" \/>\n<script type=\"application\/ld+json\" class=\"yoast-schema-graph\">{\"@context\":\"https:\\\/\\\/schema.org\",\"@graph\":[{\"@type\":\"Article\",\"@id\":\"https:\\\/\\\/diariofemenino.com.ar\\\/df\\\/programa-de-fortalecimiento\\\/#article\",\"isPartOf\":{\"@id\":\"https:\\\/\\\/diariofemenino.com.ar\\\/df\\\/programa-de-fortalecimiento\\\/\"},\"author\":{\"name\":\"Admin\",\"@id\":\"https:\\\/\\\/diariofemenino.com.ar\\\/df\\\/#\\\/schema\\\/person\\\/bf6199e8158c657ea6f789b11ec85509\"},\"headline\":\"Programa de Fortalecimiento del Liderazgo de las Mujeres y Diversidades Sexuales en organizaciones sindicales\",\"datePublished\":\"2022-05-04T01:10:27+00:00\",\"mainEntityOfPage\":{\"@id\":\"https:\\\/\\\/diariofemenino.com.ar\\\/df\\\/programa-de-fortalecimiento\\\/\"},\"wordCount\":537,\"commentCount\":0,\"publisher\":{\"@id\":\"https:\\\/\\\/diariofemenino.com.ar\\\/df\\\/#organization\"},\"image\":{\"@id\":\"https:\\\/\\\/diariofemenino.com.ar\\\/df\\\/programa-de-fortalecimiento\\\/#primaryimage\"},\"thumbnailUrl\":\"https:\\\/\\\/diariofemenino.com.ar\\\/df\\\/wp-content\\\/uploads\\\/2022\\\/05\\\/WhatsApp-Image-2022-05-03-at-9.10.55-PM.jpg\",\"keywords\":[\"Diversidades\",\"Fortalecimiento\",\"Liderazgo\",\"Mujeres\",\"Sindicalismo\"],\"articleSection\":[\"Actividades\",\"Agenda Feminista\",\"Mujeres\",\"Mujeres de La Pampa\",\"Mujeres Sindicalistas\",\"Noticias\"],\"inLanguage\":\"es\",\"potentialAction\":[{\"@type\":\"CommentAction\",\"name\":\"Comment\",\"target\":[\"https:\\\/\\\/diariofemenino.com.ar\\\/df\\\/programa-de-fortalecimiento\\\/#respond\"]}]},{\"@type\":\"WebPage\",\"@id\":\"https:\\\/\\\/diariofemenino.com.ar\\\/df\\\/programa-de-fortalecimiento\\\/\",\"url\":\"https:\\\/\\\/diariofemenino.com.ar\\\/df\\\/programa-de-fortalecimiento\\\/\",\"name\":\"Programa de Fortalecimiento del Liderazgo de las Mujeres y Diversidades Sexuales en organizaciones sindicales - Diario Digital Femenino\",\"isPartOf\":{\"@id\":\"https:\\\/\\\/diariofemenino.com.ar\\\/df\\\/#website\"},\"primaryImageOfPage\":{\"@id\":\"https:\\\/\\\/diariofemenino.com.ar\\\/df\\\/programa-de-fortalecimiento\\\/#primaryimage\"},\"image\":{\"@id\":\"https:\\\/\\\/diariofemenino.com.ar\\\/df\\\/programa-de-fortalecimiento\\\/#primaryimage\"},\"thumbnailUrl\":\"https:\\\/\\\/diariofemenino.com.ar\\\/df\\\/wp-content\\\/uploads\\\/2022\\\/05\\\/WhatsApp-Image-2022-05-03-at-9.10.55-PM.jpg\",\"datePublished\":\"2022-05-04T01:10:27+00:00\",\"description\":\"Programa de Fortalecimiento para promover el avance de las mujeres y diversidades sexuales en espacios de toma de decisi\u00f3n.\",\"breadcrumb\":{\"@id\":\"https:\\\/\\\/diariofemenino.com.ar\\\/df\\\/programa-de-fortalecimiento\\\/#breadcrumb\"},\"inLanguage\":\"es\",\"potentialAction\":[{\"@type\":\"ReadAction\",\"target\":[\"https:\\\/\\\/diariofemenino.com.ar\\\/df\\\/programa-de-fortalecimiento\\\/\"]}]},{\"@type\":\"ImageObject\",\"inLanguage\":\"es\",\"@id\":\"https:\\\/\\\/diariofemenino.com.ar\\\/df\\\/programa-de-fortalecimiento\\\/#primaryimage\",\"url\":\"https:\\\/\\\/diariofemenino.com.ar\\\/df\\\/wp-content\\\/uploads\\\/2022\\\/05\\\/WhatsApp-Image-2022-05-03-at-9.10.55-PM.jpg\",\"contentUrl\":\"https:\\\/\\\/diariofemenino.com.ar\\\/df\\\/wp-content\\\/uploads\\\/2022\\\/05\\\/WhatsApp-Image-2022-05-03-at-9.10.55-PM.jpg\",\"width\":684,\"height\":412,\"caption\":\"Programa de Fortalecimiento del Liderazgo de las Mujeres y Diversidades Sexuales en organizaciones sindicales\"},{\"@type\":\"BreadcrumbList\",\"@id\":\"https:\\\/\\\/diariofemenino.com.ar\\\/df\\\/programa-de-fortalecimiento\\\/#breadcrumb\",\"itemListElement\":[{\"@type\":\"ListItem\",\"position\":1,\"name\":\"Portada\",\"item\":\"https:\\\/\\\/diariofemenino.com.ar\\\/df\\\/\"},{\"@type\":\"ListItem\",\"position\":2,\"name\":\"Programa de Fortalecimiento del Liderazgo de las Mujeres y Diversidades Sexuales en organizaciones sindicales\"}]},{\"@type\":\"WebSite\",\"@id\":\"https:\\\/\\\/diariofemenino.com.ar\\\/df\\\/#website\",\"url\":\"https:\\\/\\\/diariofemenino.com.ar\\\/df\\\/\",\"name\":\"Diario Digital Femenino\",\"description\":\"Cuesti\u00f3n de G\u00e9nero\",\"publisher\":{\"@id\":\"https:\\\/\\\/diariofemenino.com.ar\\\/df\\\/#organization\"},\"potentialAction\":[{\"@type\":\"SearchAction\",\"target\":{\"@type\":\"EntryPoint\",\"urlTemplate\":\"https:\\\/\\\/diariofemenino.com.ar\\\/df\\\/?s={search_term_string}\"},\"query-input\":{\"@type\":\"PropertyValueSpecification\",\"valueRequired\":true,\"valueName\":\"search_term_string\"}}],\"inLanguage\":\"es\"},{\"@type\":\"Organization\",\"@id\":\"https:\\\/\\\/diariofemenino.com.ar\\\/df\\\/#organization\",\"name\":\"Diario Femenino\",\"url\":\"https:\\\/\\\/diariofemenino.com.ar\\\/df\\\/\",\"logo\":{\"@type\":\"ImageObject\",\"inLanguage\":\"es\",\"@id\":\"https:\\\/\\\/diariofemenino.com.ar\\\/df\\\/#\\\/schema\\\/logo\\\/image\\\/\",\"url\":\"https:\\\/\\\/diariofemenino.com.ar\\\/df\\\/wp-content\\\/uploads\\\/2018\\\/10\\\/logo.png\",\"contentUrl\":\"https:\\\/\\\/diariofemenino.com.ar\\\/df\\\/wp-content\\\/uploads\\\/2018\\\/10\\\/logo.png\",\"width\":500,\"height\":92,\"caption\":\"Diario Femenino\"},\"image\":{\"@id\":\"https:\\\/\\\/diariofemenino.com.ar\\\/df\\\/#\\\/schema\\\/logo\\\/image\\\/\"},\"sameAs\":[\"https:\\\/\\\/www.facebook.com\\\/DiarioDigitaFemenino\\\/\",\"https:\\\/\\\/x.com\\\/DiarioFemenino1\"]},{\"@type\":\"Person\",\"@id\":\"https:\\\/\\\/diariofemenino.com.ar\\\/df\\\/#\\\/schema\\\/person\\\/bf6199e8158c657ea6f789b11ec85509\",\"name\":\"Admin\",\"image\":{\"@type\":\"ImageObject\",\"inLanguage\":\"es\",\"@id\":\"https:\\\/\\\/diariofemenino.com.ar\\\/df\\\/wp-content\\\/uploads\\\/2018\\\/12\\\/favicon-150x150.jpg\",\"url\":\"https:\\\/\\\/diariofemenino.com.ar\\\/df\\\/wp-content\\\/uploads\\\/2018\\\/12\\\/favicon-150x150.jpg\",\"contentUrl\":\"https:\\\/\\\/diariofemenino.com.ar\\\/df\\\/wp-content\\\/uploads\\\/2018\\\/12\\\/favicon-150x150.jpg\",\"caption\":\"Admin\"},\"url\":\"https:\\\/\\\/diariofemenino.com.ar\\\/df\\\/author\\\/lenny\\\/\"}]}<\/script>\n<!-- \/ Yoast SEO plugin. -->","yoast_head_json":{"title":"Programa de Fortalecimiento del Liderazgo de las Mujeres y Diversidades Sexuales en organizaciones sindicales - Diario Digital Femenino","description":"Programa de Fortalecimiento para promover el avance de las mujeres y diversidades sexuales en espacios de toma de decisi\u00f3n.","robots":{"index":"index","follow":"follow","max-snippet":"max-snippet:-1","max-image-preview":"max-image-preview:large","max-video-preview":"max-video-preview:-1"},"canonical":"https:\/\/diariofemenino.com.ar\/df\/programa-de-fortalecimiento\/","og_locale":"es_ES","og_type":"article","og_title":"Programa de Fortalecimiento del Liderazgo de las Mujeres y Diversidades Sexuales en organizaciones sindicales - Diario Digital Femenino","og_description":"Programa de Fortalecimiento para promover el avance de las mujeres y diversidades sexuales en espacios de toma de decisi\u00f3n.","og_url":"https:\/\/diariofemenino.com.ar\/df\/programa-de-fortalecimiento\/","og_site_name":"Diario Digital Femenino","article_publisher":"https:\/\/www.facebook.com\/DiarioDigitaFemenino\/","article_published_time":"2022-05-04T01:10:27+00:00","og_image":[{"width":684,"height":412,"url":"https:\/\/diariofemenino.com.ar\/df\/wp-content\/uploads\/2022\/05\/WhatsApp-Image-2022-05-03-at-9.10.55-PM.jpg","type":"image\/jpeg"}],"author":"Admin","twitter_card":"summary_large_image","twitter_creator":"@DiarioFemenino1","twitter_site":"@DiarioFemenino1","twitter_misc":{"Escrito por":"Admin","Tiempo de lectura":"3 minutos"},"schema":{"@context":"https:\/\/schema.org","@graph":[{"@type":"Article","@id":"https:\/\/diariofemenino.com.ar\/df\/programa-de-fortalecimiento\/#article","isPartOf":{"@id":"https:\/\/diariofemenino.com.ar\/df\/programa-de-fortalecimiento\/"},"author":{"name":"Admin","@id":"https:\/\/diariofemenino.com.ar\/df\/#\/schema\/person\/bf6199e8158c657ea6f789b11ec85509"},"headline":"Programa de Fortalecimiento del Liderazgo de las Mujeres y Diversidades Sexuales en organizaciones sindicales","datePublished":"2022-05-04T01:10:27+00:00","mainEntityOfPage":{"@id":"https:\/\/diariofemenino.com.ar\/df\/programa-de-fortalecimiento\/"},"wordCount":537,"commentCount":0,"publisher":{"@id":"https:\/\/diariofemenino.com.ar\/df\/#organization"},"image":{"@id":"https:\/\/diariofemenino.com.ar\/df\/programa-de-fortalecimiento\/#primaryimage"},"thumbnailUrl":"https:\/\/diariofemenino.com.ar\/df\/wp-content\/uploads\/2022\/05\/WhatsApp-Image-2022-05-03-at-9.10.55-PM.jpg","keywords":["Diversidades","Fortalecimiento","Liderazgo","Mujeres","Sindicalismo"],"articleSection":["Actividades","Agenda Feminista","Mujeres","Mujeres de La Pampa","Mujeres Sindicalistas","Noticias"],"inLanguage":"es","potentialAction":[{"@type":"CommentAction","name":"Comment","target":["https:\/\/diariofemenino.com.ar\/df\/programa-de-fortalecimiento\/#respond"]}]},{"@type":"WebPage","@id":"https:\/\/diariofemenino.com.ar\/df\/programa-de-fortalecimiento\/","url":"https:\/\/diariofemenino.com.ar\/df\/programa-de-fortalecimiento\/","name":"Programa de Fortalecimiento del Liderazgo de las Mujeres y Diversidades Sexuales en organizaciones sindicales - Diario Digital Femenino","isPartOf":{"@id":"https:\/\/diariofemenino.com.ar\/df\/#website"},"primaryImageOfPage":{"@id":"https:\/\/diariofemenino.com.ar\/df\/programa-de-fortalecimiento\/#primaryimage"},"image":{"@id":"https:\/\/diariofemenino.com.ar\/df\/programa-de-fortalecimiento\/#primaryimage"},"thumbnailUrl":"https:\/\/diariofemenino.com.ar\/df\/wp-content\/uploads\/2022\/05\/WhatsApp-Image-2022-05-03-at-9.10.55-PM.jpg","datePublished":"2022-05-04T01:10:27+00:00","description":"Programa de Fortalecimiento para promover el avance de las mujeres y diversidades sexuales en espacios de toma de decisi\u00f3n.","breadcrumb":{"@id":"https:\/\/diariofemenino.com.ar\/df\/programa-de-fortalecimiento\/#breadcrumb"},"inLanguage":"es","potentialAction":[{"@type":"ReadAction","target":["https:\/\/diariofemenino.com.ar\/df\/programa-de-fortalecimiento\/"]}]},{"@type":"ImageObject","inLanguage":"es","@id":"https:\/\/diariofemenino.com.ar\/df\/programa-de-fortalecimiento\/#primaryimage","url":"https:\/\/diariofemenino.com.ar\/df\/wp-content\/uploads\/2022\/05\/WhatsApp-Image-2022-05-03-at-9.10.55-PM.jpg","contentUrl":"https:\/\/diariofemenino.com.ar\/df\/wp-content\/uploads\/2022\/05\/WhatsApp-Image-2022-05-03-at-9.10.55-PM.jpg","width":684,"height":412,"caption":"Programa de Fortalecimiento del Liderazgo de las Mujeres y Diversidades Sexuales en organizaciones sindicales"},{"@type":"BreadcrumbList","@id":"https:\/\/diariofemenino.com.ar\/df\/programa-de-fortalecimiento\/#breadcrumb","itemListElement":[{"@type":"ListItem","position":1,"name":"Portada","item":"https:\/\/diariofemenino.com.ar\/df\/"},{"@type":"ListItem","position":2,"name":"Programa de Fortalecimiento del Liderazgo de las Mujeres y Diversidades Sexuales en organizaciones sindicales"}]},{"@type":"WebSite","@id":"https:\/\/diariofemenino.com.ar\/df\/#website","url":"https:\/\/diariofemenino.com.ar\/df\/","name":"Diario Digital Femenino","description":"Cuesti\u00f3n de G\u00e9nero","publisher":{"@id":"https:\/\/diariofemenino.com.ar\/df\/#organization"},"potentialAction":[{"@type":"SearchAction","target":{"@type":"EntryPoint","urlTemplate":"https:\/\/diariofemenino.com.ar\/df\/?s={search_term_string}"},"query-input":{"@type":"PropertyValueSpecification","valueRequired":true,"valueName":"search_term_string"}}],"inLanguage":"es"},{"@type":"Organization","@id":"https:\/\/diariofemenino.com.ar\/df\/#organization","name":"Diario Femenino","url":"https:\/\/diariofemenino.com.ar\/df\/","logo":{"@type":"ImageObject","inLanguage":"es","@id":"https:\/\/diariofemenino.com.ar\/df\/#\/schema\/logo\/image\/","url":"https:\/\/diariofemenino.com.ar\/df\/wp-content\/uploads\/2018\/10\/logo.png","contentUrl":"https:\/\/diariofemenino.com.ar\/df\/wp-content\/uploads\/2018\/10\/logo.png","width":500,"height":92,"caption":"Diario Femenino"},"image":{"@id":"https:\/\/diariofemenino.com.ar\/df\/#\/schema\/logo\/image\/"},"sameAs":["https:\/\/www.facebook.com\/DiarioDigitaFemenino\/","https:\/\/x.com\/DiarioFemenino1"]},{"@type":"Person","@id":"https:\/\/diariofemenino.com.ar\/df\/#\/schema\/person\/bf6199e8158c657ea6f789b11ec85509","name":"Admin","image":{"@type":"ImageObject","inLanguage":"es","@id":"https:\/\/diariofemenino.com.ar\/df\/wp-content\/uploads\/2018\/12\/favicon-150x150.jpg","url":"https:\/\/diariofemenino.com.ar\/df\/wp-content\/uploads\/2018\/12\/favicon-150x150.jpg","contentUrl":"https:\/\/diariofemenino.com.ar\/df\/wp-content\/uploads\/2018\/12\/favicon-150x150.jpg","caption":"Admin"},"url":"https:\/\/diariofemenino.com.ar\/df\/author\/lenny\/"}]}},"jetpack_featured_media_url":"https:\/\/diariofemenino.com.ar\/df\/wp-content\/uploads\/2022\/05\/WhatsApp-Image-2022-05-03-at-9.10.55-PM.jpg","jetpack_sharing_enabled":true,"rttpg_featured_image_url":{"full":["https:\/\/diariofemenino.com.ar\/df\/wp-content\/uploads\/2022\/05\/WhatsApp-Image-2022-05-03-at-9.10.55-PM.jpg",684,412,false],"landscape":["https:\/\/diariofemenino.com.ar\/df\/wp-content\/uploads\/2022\/05\/WhatsApp-Image-2022-05-03-at-9.10.55-PM.jpg",684,412,false],"portraits":["https:\/\/diariofemenino.com.ar\/df\/wp-content\/uploads\/2022\/05\/WhatsApp-Image-2022-05-03-at-9.10.55-PM.jpg",684,412,false],"thumbnail":["https:\/\/diariofemenino.com.ar\/df\/wp-content\/uploads\/2022\/05\/WhatsApp-Image-2022-05-03-at-9.10.55-PM-150x150.jpg",150,150,true],"medium":["https:\/\/diariofemenino.com.ar\/df\/wp-content\/uploads\/2022\/05\/WhatsApp-Image-2022-05-03-at-9.10.55-PM-300x181.jpg",300,181,true],"large":["https:\/\/diariofemenino.com.ar\/df\/wp-content\/uploads\/2022\/05\/WhatsApp-Image-2022-05-03-at-9.10.55-PM.jpg",684,412,false],"1536x1536":["https:\/\/diariofemenino.com.ar\/df\/wp-content\/uploads\/2022\/05\/WhatsApp-Image-2022-05-03-at-9.10.55-PM.jpg",684,412,false],"2048x2048":["https:\/\/diariofemenino.com.ar\/df\/wp-content\/uploads\/2022\/05\/WhatsApp-Image-2022-05-03-at-9.10.55-PM.jpg",684,412,false]},"rttpg_author":{"display_name":"Admin","author_link":"https:\/\/diariofemenino.com.ar\/df\/author\/lenny\/"},"rttpg_comment":0,"rttpg_category":"<a href=\"https:\/\/diariofemenino.com.ar\/df\/category\/actividades\/\" rel=\"category tag\">Actividades<\/a> <a href=\"https:\/\/diariofemenino.com.ar\/df\/category\/agenda-feminista\/\" rel=\"category tag\">Agenda Feminista<\/a> <a href=\"https:\/\/diariofemenino.com.ar\/df\/category\/mujeres\/\" rel=\"category tag\">Mujeres<\/a> <a href=\"https:\/\/diariofemenino.com.ar\/df\/category\/mujeres-de-la-pampa\/\" rel=\"category tag\">Mujeres de La Pampa<\/a> <a href=\"https:\/\/diariofemenino.com.ar\/df\/category\/mujeres-sindicalistas\/\" rel=\"category tag\">Mujeres Sindicalistas<\/a> <a href=\"https:\/\/diariofemenino.com.ar\/df\/category\/noticias\/\" rel=\"category tag\">Noticias<\/a>","rttpg_excerpt":"Promover el avance de las mujeres y diversidades sexuales en espacios de toma de decisi\u00f3n. Del del 2 al 13 de mayo se encuentra abierta la inscripci\u00f3n al Programa de Fortalecimiento del Liderazgo de las Mujeres y Diversidades Sexuales en Organizaciones Sindicales &#8211; Regi\u00f3n pampeana. Reconociendo la importancia de las redes de mujeres sindicalistas para&hellip;","_links":{"self":[{"href":"https:\/\/diariofemenino.com.ar\/df\/wp-json\/wp\/v2\/posts\/64191","targetHints":{"allow":["GET"]}}],"collection":[{"href":"https:\/\/diariofemenino.com.ar\/df\/wp-json\/wp\/v2\/posts"}],"about":[{"href":"https:\/\/diariofemenino.com.ar\/df\/wp-json\/wp\/v2\/types\/post"}],"author":[{"embeddable":true,"href":"https:\/\/diariofemenino.com.ar\/df\/wp-json\/wp\/v2\/users\/4"}],"replies":[{"embeddable":true,"href":"https:\/\/diariofemenino.com.ar\/df\/wp-json\/wp\/v2\/comments?post=64191"}],"version-history":[{"count":0,"href":"https:\/\/diariofemenino.com.ar\/df\/wp-json\/wp\/v2\/posts\/64191\/revisions"}],"wp:featuredmedia":[{"embeddable":true,"href":"https:\/\/diariofemenino.com.ar\/df\/wp-json\/wp\/v2\/media\/64212"}],"wp:attachment":[{"href":"https:\/\/diariofemenino.com.ar\/df\/wp-json\/wp\/v2\/media?parent=64191"}],"wp:term":[{"taxonomy":"category","embeddable":true,"href":"https:\/\/diariofemenino.com.ar\/df\/wp-json\/wp\/v2\/categories?post=64191"},{"taxonomy":"post_tag","embeddable":true,"href":"https:\/\/diariofemenino.com.ar\/df\/wp-json\/wp\/v2\/tags?post=64191"}],"curies":[{"name":"wp","href":"https:\/\/api.w.org\/{rel}","templated":true}]}}