{"id":64186,"date":"2022-05-03T14:12:19","date_gmt":"2022-05-03T17:12:19","guid":{"rendered":"https:\/\/diariofemenino.com.ar\/df\/?p=64186"},"modified":"2022-05-03T14:12:19","modified_gmt":"2022-05-03T17:12:19","slug":"se-presentaron-tres-proyectos-de-ley-sobre-autismo","status":"publish","type":"post","link":"https:\/\/diariofemenino.com.ar\/df\/se-presentaron-tres-proyectos-de-ley-sobre-autismo\/","title":{"rendered":"Se presentaron tres proyectos de ley sobre Autismo"},"content":{"rendered":"<p>Senadores nacionales por Chubut, Edith Terenzi (Interbloque Juntos por el Cambio) y por La Rioja, Julio Mart\u00ednez (Interbloque Juntos por el Cambio) encabezaron hoy el encuentro \u201c<strong>Sociedad y Autismo, construyendo puentes de inclusi\u00f3n<\/strong>\u201d en el que se presentaron tres proyectos de ley referidos al tema.<\/p>\n<figure id=\"attachment_64188\" aria-describedby=\"caption-attachment-64188\" style=\"width: 586px\" class=\"wp-caption aligncenter\"><img loading=\"lazy\" decoding=\"async\" class=\" wp-image-64188\" src=\"https:\/\/diariofemenino.com.ar\/df\/wp-content\/uploads\/2022\/05\/autismo-2-1-1024x683.jpg\" alt=\"Se presentaron tres proyectos de ley sobre Autismo\" width=\"586\" height=\"391\" srcset=\"https:\/\/diariofemenino.com.ar\/df\/wp-content\/uploads\/2022\/05\/autismo-2-1-1024x683.jpg 1024w, https:\/\/diariofemenino.com.ar\/df\/wp-content\/uploads\/2022\/05\/autismo-2-1-300x200.jpg 300w, https:\/\/diariofemenino.com.ar\/df\/wp-content\/uploads\/2022\/05\/autismo-2-1-768x512.jpg 768w\" sizes=\"auto, (max-width: 586px) 100vw, 586px\" \/><figcaption id=\"caption-attachment-64188\" class=\"wp-caption-text\">Se presentaron tres proyectos de ley sobre <a href=\"https:\/\/diariofemenino.com.ar\/df\/2-de-abril-dia-mundial-de-concientizacion-sobre-el-autismo\/\">Autismo<\/a><\/figcaption><\/figure>\n<p>En el Sal\u00f3n Auditorio del Edificio Alfredo Palacios Anexo del <a href=\"https:\/\/www.senado.gob.ar\/\">Senado<\/a>, la senadora Terenzi del Bloque Integraci\u00f3n y Desarrollo Chubutense, secundada por Mart\u00ednez, fue la impulsora del encuentro del que tambi\u00e9n participaron sus pares por San Luis, Gabriela Gonz\u00e1lez Riollo (Frente PRO), por Entre R\u00edos, Stella Maris Olalla (Bloque UCR) y el senador por Chubut, Ignacio Torres (Juntos por el Cambio), como as\u00ed tambi\u00e9n el diputado por C\u00f3rdoba Rodrigo De Loredo (UCR).<\/p>\n<p>Terenzi enfatiz\u00f3 que \u201ceste es un evento muy especial, muy inclusivo\u201d para a dar a conocer iniciativas que surgieron a trav\u00e9s de \u201cpropuestas de ONGs\u201d que fueron plasmadas en proyectos para elaborar men\u00fas con pictogramas (identifican con dibujos las propuestas alimenticias), crear el Programa la hora silenciosa (donde se bajan las luces y la sonoridad de locales) y para la presentaci\u00f3n de Obras adaptadas para acercar a las personas con discapacidad al arte.<\/p>\n<p>Por su parte el senador Mart\u00ednez cont\u00f3 que tiene un hijo cel\u00edaco al que se lo detectaron hace 20 a\u00f1os y expuso la situaci\u00f3n delicada que atraviesan los <a href=\"https:\/\/diariofemenino.com.ar\/df\/jugueterias-de-todo-el-pais-organizan-campana-de-concientizacion-sobre-autismo\/\">chicos<\/a> que tienen esa condici\u00f3n cuando van a los cumplea\u00f1os de sus compa\u00f1eros y no pueden comer nada de los que se ofrece en esos acontecimientos.<\/p>\n<p>Luego expusieron Sandra Fari\u00f1a, cofundadora de la ONG Salidas Inclusivas, y Mariana Ale\u00f1a, licenciada en fonoaudiolog\u00eda de la Universidad de Buenos Aires, especializada en neuroling\u00fc\u00edstica y en comunicaci\u00f3n aumentativa alternativa con personas dentro del espectro autista.<\/p>\n<p>Ambas informaron sobre c\u00f3mo elaboraron cartas men\u00fas con pictogramas, que permiten identificar las propuestas de alimentos que hay en los locales a trav\u00e9s de dibujos dado que quienes padecen autismo \u201cel lenguaje lo comprenden a trav\u00e9s de lo visual\u201d porque \u201cno tienen desarrollado el lenguaje oral\u201d.<\/p>\n<p>\u201cLos pictogramas son perceptibles, simples y permanentes\u201d\u00a0puntualizaron. Recordaron que la accesibilidad cognitiva es un derecho humano y universal en el que todos nos debemos implicar\u201d.<\/p>\n<p>Luego hizo uso de la palabra Yamila Scollo, gerenta de sustentabilidad y responsabilidad social empresaria de Carrefour, quien inform\u00f3 que en \u201c190 sucursales de todo el pa\u00eds est\u00e1 en marcha la hora silenciosa\u201d todos los martes y jueves una hora por d\u00eda \u201cen todos los hipermercados, markets y maxis\u201d de esa cadena de supermercados.<\/p>\n<p>Rocio Valladuarte coordinadora de la direcci\u00f3n general de atenci\u00f3n integral a la persona con discapacidad de la municipalidad de Rawson explic\u00f3 la experiencia que se desarrolla en esa ciudad de Chubut mientras que el psic\u00f3logo y capacitador en autismo, Mat\u00edas Cadaveira, expuso sobre las \u201cobras adaptadas para acercar al arte a personas con discapacidad, dificultades sensoriales y autismo al arte\u201d por medio de lo que defini\u00f3 \u201cfunciones distendidas\u201d.<br \/>\nFinalmente, Patricio Cosentino, \u00a0abogado especialista en discapacidad e integrante del programa Discapacidad y Universidad de la <a href=\"https:\/\/www.uba.ar\/\">UBA<\/a>, habl\u00f3 en su condici\u00f3n de padre de Le\u00f3n, que tiene autismo, puntualiz\u00f3 que \u201ccuanto antes detectemos el autismo es mucho mejor para su abordaje, que debe ser interdisciplinario\u201d.<\/p>\n<p>Aclar\u00f3 que \u201cel diagn\u00f3stico es un trabajo largo y tedioso\u201d y remarc\u00f3 que sobre autismo \u201chablamos de una cantidad enorme, ya que uno de 58 ni\u00f1os tienen autismo y 4 de 5 son varones. Una cantidad enorme de personas est\u00e1n en ese espectro\u201d y advirti\u00f3 que \u201clas terapias son un medio pero no son un fin\u201d.<\/p>\n<p>\u201cNo quiero ser la voz de mi hijo, quiero que mi hijo tenga su propia voz\u201d, concluy\u00f3.<\/p>\n","protected":false},"excerpt":{"rendered":"<p>Senadores nacionales por Chubut, Edith Terenzi (Interbloque Juntos por el Cambio) y por La Rioja, Julio Mart\u00ednez (Interbloque Juntos por el Cambio) encabezaron hoy el encuentro \u201cSociedad y Autismo, construyendo puentes de inclusi\u00f3n\u201d en el que se presentaron tres proyectos de ley referidos al tema. En el Sal\u00f3n Auditorio del Edificio Alfredo Palacios Anexo del [&hellip;]<\/p>\n","protected":false},"author":4,"featured_media":64187,"comment_status":"open","ping_status":"open","sticky":false,"template":"","format":"standard","meta":{"iawp_total_views":4,"footnotes":""},"categories":[178,581,32,23],"tags":[363,3033,5197],"class_list":["post-64186","post","type-post","status-publish","format-standard","has-post-thumbnail","hentry","category-articulos-y-comunicados","category-azul-profundo","category-mujeres","category-salud","tag-senado","tag-autismo","tag-proyectos-de-ley"],"nelio_content":{"autoShareEndMode":"never","automationSources":{"useCustomSentences":false,"customSentences":[]},"efiAlt":"","efiUrl":"","followers":[4],"highlights":[],"isAutoShareEnabled":true,"networkImageIds":[],"permalinkQueryArgs":[],"series":[],"suggestedReferences":[]},"yoast_head":"<!-- This site is optimized with the Yoast SEO plugin v27.5 - https:\/\/yoast.com\/product\/yoast-seo-wordpress\/ -->\n<title>Se presentaron tres proyectos de ley sobre Autismo - Diario Digital Femenino<\/title>\n<meta name=\"description\" content=\"Se presentaron tres proyectos. En el marco del encuentro \u201cSociedad y Autismo, construyendo puentes de inclusi\u00f3n\u201d se presentaron tres proyectos de ley.\" \/>\n<meta name=\"robots\" content=\"index, follow, max-snippet:-1, max-image-preview:large, max-video-preview:-1\" \/>\n<link rel=\"canonical\" href=\"https:\/\/diariofemenino.com.ar\/df\/se-presentaron-tres-proyectos-de-ley-sobre-autismo\/\" \/>\n<meta property=\"og:locale\" content=\"es_ES\" \/>\n<meta property=\"og:type\" content=\"article\" \/>\n<meta property=\"og:title\" content=\"Se presentaron tres proyectos de ley sobre Autismo - Diario Digital Femenino\" \/>\n<meta property=\"og:description\" content=\"Se presentaron tres proyectos. En el marco del encuentro \u201cSociedad y Autismo, construyendo puentes de inclusi\u00f3n\u201d se presentaron tres proyectos de ley.\" \/>\n<meta property=\"og:url\" content=\"https:\/\/diariofemenino.com.ar\/df\/se-presentaron-tres-proyectos-de-ley-sobre-autismo\/\" \/>\n<meta property=\"og:site_name\" content=\"Diario Digital Femenino\" \/>\n<meta property=\"article:publisher\" content=\"https:\/\/www.facebook.com\/DiarioDigitaFemenino\/\" \/>\n<meta property=\"article:published_time\" content=\"2022-05-03T17:12:19+00:00\" \/>\n<meta property=\"og:image\" content=\"https:\/\/diariofemenino.com.ar\/df\/wp-content\/uploads\/2022\/05\/autismo-2.jpg\" \/>\n\t<meta property=\"og:image:width\" content=\"3000\" \/>\n\t<meta property=\"og:image:height\" content=\"2000\" \/>\n\t<meta property=\"og:image:type\" content=\"image\/jpeg\" \/>\n<meta name=\"author\" content=\"Admin\" \/>\n<meta name=\"twitter:card\" content=\"summary_large_image\" \/>\n<meta name=\"twitter:creator\" content=\"@DiarioFemenino1\" \/>\n<meta name=\"twitter:site\" content=\"@DiarioFemenino1\" \/>\n<meta name=\"twitter:label1\" content=\"Escrito por\" \/>\n\t<meta name=\"twitter:data1\" content=\"Admin\" \/>\n\t<meta name=\"twitter:label2\" content=\"Tiempo de lectura\" \/>\n\t<meta name=\"twitter:data2\" content=\"3 minutos\" \/>\n<script type=\"application\/ld+json\" class=\"yoast-schema-graph\">{\"@context\":\"https:\\\/\\\/schema.org\",\"@graph\":[{\"@type\":\"Article\",\"@id\":\"https:\\\/\\\/diariofemenino.com.ar\\\/df\\\/se-presentaron-tres-proyectos-de-ley-sobre-autismo\\\/#article\",\"isPartOf\":{\"@id\":\"https:\\\/\\\/diariofemenino.com.ar\\\/df\\\/se-presentaron-tres-proyectos-de-ley-sobre-autismo\\\/\"},\"author\":{\"name\":\"Admin\",\"@id\":\"https:\\\/\\\/diariofemenino.com.ar\\\/df\\\/#\\\/schema\\\/person\\\/bf6199e8158c657ea6f789b11ec85509\"},\"headline\":\"Se presentaron tres proyectos de ley sobre Autismo\",\"datePublished\":\"2022-05-03T17:12:19+00:00\",\"mainEntityOfPage\":{\"@id\":\"https:\\\/\\\/diariofemenino.com.ar\\\/df\\\/se-presentaron-tres-proyectos-de-ley-sobre-autismo\\\/\"},\"wordCount\":650,\"commentCount\":0,\"publisher\":{\"@id\":\"https:\\\/\\\/diariofemenino.com.ar\\\/df\\\/#organization\"},\"image\":{\"@id\":\"https:\\\/\\\/diariofemenino.com.ar\\\/df\\\/se-presentaron-tres-proyectos-de-ley-sobre-autismo\\\/#primaryimage\"},\"thumbnailUrl\":\"https:\\\/\\\/diariofemenino.com.ar\\\/df\\\/wp-content\\\/uploads\\\/2022\\\/05\\\/autismo-2.jpg\",\"keywords\":[\"#Senado\",\"Autismo\",\"Proyectos de ley\"],\"articleSection\":[\"Art\u00edculos y Comunicados\",\"Azul Profundo\",\"Mujeres\",\"Salud\"],\"inLanguage\":\"es\",\"potentialAction\":[{\"@type\":\"CommentAction\",\"name\":\"Comment\",\"target\":[\"https:\\\/\\\/diariofemenino.com.ar\\\/df\\\/se-presentaron-tres-proyectos-de-ley-sobre-autismo\\\/#respond\"]}]},{\"@type\":\"WebPage\",\"@id\":\"https:\\\/\\\/diariofemenino.com.ar\\\/df\\\/se-presentaron-tres-proyectos-de-ley-sobre-autismo\\\/\",\"url\":\"https:\\\/\\\/diariofemenino.com.ar\\\/df\\\/se-presentaron-tres-proyectos-de-ley-sobre-autismo\\\/\",\"name\":\"Se presentaron tres proyectos de ley sobre Autismo - Diario Digital Femenino\",\"isPartOf\":{\"@id\":\"https:\\\/\\\/diariofemenino.com.ar\\\/df\\\/#website\"},\"primaryImageOfPage\":{\"@id\":\"https:\\\/\\\/diariofemenino.com.ar\\\/df\\\/se-presentaron-tres-proyectos-de-ley-sobre-autismo\\\/#primaryimage\"},\"image\":{\"@id\":\"https:\\\/\\\/diariofemenino.com.ar\\\/df\\\/se-presentaron-tres-proyectos-de-ley-sobre-autismo\\\/#primaryimage\"},\"thumbnailUrl\":\"https:\\\/\\\/diariofemenino.com.ar\\\/df\\\/wp-content\\\/uploads\\\/2022\\\/05\\\/autismo-2.jpg\",\"datePublished\":\"2022-05-03T17:12:19+00:00\",\"description\":\"Se presentaron tres proyectos. En el marco del encuentro \u201cSociedad y Autismo, construyendo puentes de inclusi\u00f3n\u201d se presentaron tres proyectos de ley.\",\"breadcrumb\":{\"@id\":\"https:\\\/\\\/diariofemenino.com.ar\\\/df\\\/se-presentaron-tres-proyectos-de-ley-sobre-autismo\\\/#breadcrumb\"},\"inLanguage\":\"es\",\"potentialAction\":[{\"@type\":\"ReadAction\",\"target\":[\"https:\\\/\\\/diariofemenino.com.ar\\\/df\\\/se-presentaron-tres-proyectos-de-ley-sobre-autismo\\\/\"]}]},{\"@type\":\"ImageObject\",\"inLanguage\":\"es\",\"@id\":\"https:\\\/\\\/diariofemenino.com.ar\\\/df\\\/se-presentaron-tres-proyectos-de-ley-sobre-autismo\\\/#primaryimage\",\"url\":\"https:\\\/\\\/diariofemenino.com.ar\\\/df\\\/wp-content\\\/uploads\\\/2022\\\/05\\\/autismo-2.jpg\",\"contentUrl\":\"https:\\\/\\\/diariofemenino.com.ar\\\/df\\\/wp-content\\\/uploads\\\/2022\\\/05\\\/autismo-2.jpg\",\"width\":3000,\"height\":2000,\"caption\":\"Se presentaron tres proyectos de ley sobre Autismo\"},{\"@type\":\"BreadcrumbList\",\"@id\":\"https:\\\/\\\/diariofemenino.com.ar\\\/df\\\/se-presentaron-tres-proyectos-de-ley-sobre-autismo\\\/#breadcrumb\",\"itemListElement\":[{\"@type\":\"ListItem\",\"position\":1,\"name\":\"Portada\",\"item\":\"https:\\\/\\\/diariofemenino.com.ar\\\/df\\\/\"},{\"@type\":\"ListItem\",\"position\":2,\"name\":\"Se presentaron tres proyectos de ley sobre Autismo\"}]},{\"@type\":\"WebSite\",\"@id\":\"https:\\\/\\\/diariofemenino.com.ar\\\/df\\\/#website\",\"url\":\"https:\\\/\\\/diariofemenino.com.ar\\\/df\\\/\",\"name\":\"Diario Digital Femenino\",\"description\":\"Cuesti\u00f3n de G\u00e9nero\",\"publisher\":{\"@id\":\"https:\\\/\\\/diariofemenino.com.ar\\\/df\\\/#organization\"},\"potentialAction\":[{\"@type\":\"SearchAction\",\"target\":{\"@type\":\"EntryPoint\",\"urlTemplate\":\"https:\\\/\\\/diariofemenino.com.ar\\\/df\\\/?s={search_term_string}\"},\"query-input\":{\"@type\":\"PropertyValueSpecification\",\"valueRequired\":true,\"valueName\":\"search_term_string\"}}],\"inLanguage\":\"es\"},{\"@type\":\"Organization\",\"@id\":\"https:\\\/\\\/diariofemenino.com.ar\\\/df\\\/#organization\",\"name\":\"Diario Femenino\",\"url\":\"https:\\\/\\\/diariofemenino.com.ar\\\/df\\\/\",\"logo\":{\"@type\":\"ImageObject\",\"inLanguage\":\"es\",\"@id\":\"https:\\\/\\\/diariofemenino.com.ar\\\/df\\\/#\\\/schema\\\/logo\\\/image\\\/\",\"url\":\"https:\\\/\\\/diariofemenino.com.ar\\\/df\\\/wp-content\\\/uploads\\\/2018\\\/10\\\/logo.png\",\"contentUrl\":\"https:\\\/\\\/diariofemenino.com.ar\\\/df\\\/wp-content\\\/uploads\\\/2018\\\/10\\\/logo.png\",\"width\":500,\"height\":92,\"caption\":\"Diario Femenino\"},\"image\":{\"@id\":\"https:\\\/\\\/diariofemenino.com.ar\\\/df\\\/#\\\/schema\\\/logo\\\/image\\\/\"},\"sameAs\":[\"https:\\\/\\\/www.facebook.com\\\/DiarioDigitaFemenino\\\/\",\"https:\\\/\\\/x.com\\\/DiarioFemenino1\"]},{\"@type\":\"Person\",\"@id\":\"https:\\\/\\\/diariofemenino.com.ar\\\/df\\\/#\\\/schema\\\/person\\\/bf6199e8158c657ea6f789b11ec85509\",\"name\":\"Admin\",\"image\":{\"@type\":\"ImageObject\",\"inLanguage\":\"es\",\"@id\":\"https:\\\/\\\/diariofemenino.com.ar\\\/df\\\/wp-content\\\/uploads\\\/2018\\\/12\\\/favicon-150x150.jpg\",\"url\":\"https:\\\/\\\/diariofemenino.com.ar\\\/df\\\/wp-content\\\/uploads\\\/2018\\\/12\\\/favicon-150x150.jpg\",\"contentUrl\":\"https:\\\/\\\/diariofemenino.com.ar\\\/df\\\/wp-content\\\/uploads\\\/2018\\\/12\\\/favicon-150x150.jpg\",\"caption\":\"Admin\"},\"url\":\"https:\\\/\\\/diariofemenino.com.ar\\\/df\\\/author\\\/lenny\\\/\"}]}<\/script>\n<!-- \/ Yoast SEO plugin. -->","yoast_head_json":{"title":"Se presentaron tres proyectos de ley sobre Autismo - Diario Digital Femenino","description":"Se presentaron tres proyectos. En el marco del encuentro \u201cSociedad y Autismo, construyendo puentes de inclusi\u00f3n\u201d se presentaron tres proyectos de ley.","robots":{"index":"index","follow":"follow","max-snippet":"max-snippet:-1","max-image-preview":"max-image-preview:large","max-video-preview":"max-video-preview:-1"},"canonical":"https:\/\/diariofemenino.com.ar\/df\/se-presentaron-tres-proyectos-de-ley-sobre-autismo\/","og_locale":"es_ES","og_type":"article","og_title":"Se presentaron tres proyectos de ley sobre Autismo - Diario Digital Femenino","og_description":"Se presentaron tres proyectos. En el marco del encuentro \u201cSociedad y Autismo, construyendo puentes de inclusi\u00f3n\u201d se presentaron tres proyectos de ley.","og_url":"https:\/\/diariofemenino.com.ar\/df\/se-presentaron-tres-proyectos-de-ley-sobre-autismo\/","og_site_name":"Diario Digital Femenino","article_publisher":"https:\/\/www.facebook.com\/DiarioDigitaFemenino\/","article_published_time":"2022-05-03T17:12:19+00:00","og_image":[{"width":3000,"height":2000,"url":"https:\/\/diariofemenino.com.ar\/df\/wp-content\/uploads\/2022\/05\/autismo-2.jpg","type":"image\/jpeg"}],"author":"Admin","twitter_card":"summary_large_image","twitter_creator":"@DiarioFemenino1","twitter_site":"@DiarioFemenino1","twitter_misc":{"Escrito por":"Admin","Tiempo de lectura":"3 minutos"},"schema":{"@context":"https:\/\/schema.org","@graph":[{"@type":"Article","@id":"https:\/\/diariofemenino.com.ar\/df\/se-presentaron-tres-proyectos-de-ley-sobre-autismo\/#article","isPartOf":{"@id":"https:\/\/diariofemenino.com.ar\/df\/se-presentaron-tres-proyectos-de-ley-sobre-autismo\/"},"author":{"name":"Admin","@id":"https:\/\/diariofemenino.com.ar\/df\/#\/schema\/person\/bf6199e8158c657ea6f789b11ec85509"},"headline":"Se presentaron tres proyectos de ley sobre Autismo","datePublished":"2022-05-03T17:12:19+00:00","mainEntityOfPage":{"@id":"https:\/\/diariofemenino.com.ar\/df\/se-presentaron-tres-proyectos-de-ley-sobre-autismo\/"},"wordCount":650,"commentCount":0,"publisher":{"@id":"https:\/\/diariofemenino.com.ar\/df\/#organization"},"image":{"@id":"https:\/\/diariofemenino.com.ar\/df\/se-presentaron-tres-proyectos-de-ley-sobre-autismo\/#primaryimage"},"thumbnailUrl":"https:\/\/diariofemenino.com.ar\/df\/wp-content\/uploads\/2022\/05\/autismo-2.jpg","keywords":["#Senado","Autismo","Proyectos de ley"],"articleSection":["Art\u00edculos y Comunicados","Azul Profundo","Mujeres","Salud"],"inLanguage":"es","potentialAction":[{"@type":"CommentAction","name":"Comment","target":["https:\/\/diariofemenino.com.ar\/df\/se-presentaron-tres-proyectos-de-ley-sobre-autismo\/#respond"]}]},{"@type":"WebPage","@id":"https:\/\/diariofemenino.com.ar\/df\/se-presentaron-tres-proyectos-de-ley-sobre-autismo\/","url":"https:\/\/diariofemenino.com.ar\/df\/se-presentaron-tres-proyectos-de-ley-sobre-autismo\/","name":"Se presentaron tres proyectos de ley sobre Autismo - Diario Digital Femenino","isPartOf":{"@id":"https:\/\/diariofemenino.com.ar\/df\/#website"},"primaryImageOfPage":{"@id":"https:\/\/diariofemenino.com.ar\/df\/se-presentaron-tres-proyectos-de-ley-sobre-autismo\/#primaryimage"},"image":{"@id":"https:\/\/diariofemenino.com.ar\/df\/se-presentaron-tres-proyectos-de-ley-sobre-autismo\/#primaryimage"},"thumbnailUrl":"https:\/\/diariofemenino.com.ar\/df\/wp-content\/uploads\/2022\/05\/autismo-2.jpg","datePublished":"2022-05-03T17:12:19+00:00","description":"Se presentaron tres proyectos. En el marco del encuentro \u201cSociedad y Autismo, construyendo puentes de inclusi\u00f3n\u201d se presentaron tres proyectos de ley.","breadcrumb":{"@id":"https:\/\/diariofemenino.com.ar\/df\/se-presentaron-tres-proyectos-de-ley-sobre-autismo\/#breadcrumb"},"inLanguage":"es","potentialAction":[{"@type":"ReadAction","target":["https:\/\/diariofemenino.com.ar\/df\/se-presentaron-tres-proyectos-de-ley-sobre-autismo\/"]}]},{"@type":"ImageObject","inLanguage":"es","@id":"https:\/\/diariofemenino.com.ar\/df\/se-presentaron-tres-proyectos-de-ley-sobre-autismo\/#primaryimage","url":"https:\/\/diariofemenino.com.ar\/df\/wp-content\/uploads\/2022\/05\/autismo-2.jpg","contentUrl":"https:\/\/diariofemenino.com.ar\/df\/wp-content\/uploads\/2022\/05\/autismo-2.jpg","width":3000,"height":2000,"caption":"Se presentaron tres proyectos de ley sobre Autismo"},{"@type":"BreadcrumbList","@id":"https:\/\/diariofemenino.com.ar\/df\/se-presentaron-tres-proyectos-de-ley-sobre-autismo\/#breadcrumb","itemListElement":[{"@type":"ListItem","position":1,"name":"Portada","item":"https:\/\/diariofemenino.com.ar\/df\/"},{"@type":"ListItem","position":2,"name":"Se presentaron tres proyectos de ley sobre Autismo"}]},{"@type":"WebSite","@id":"https:\/\/diariofemenino.com.ar\/df\/#website","url":"https:\/\/diariofemenino.com.ar\/df\/","name":"Diario Digital Femenino","description":"Cuesti\u00f3n de G\u00e9nero","publisher":{"@id":"https:\/\/diariofemenino.com.ar\/df\/#organization"},"potentialAction":[{"@type":"SearchAction","target":{"@type":"EntryPoint","urlTemplate":"https:\/\/diariofemenino.com.ar\/df\/?s={search_term_string}"},"query-input":{"@type":"PropertyValueSpecification","valueRequired":true,"valueName":"search_term_string"}}],"inLanguage":"es"},{"@type":"Organization","@id":"https:\/\/diariofemenino.com.ar\/df\/#organization","name":"Diario Femenino","url":"https:\/\/diariofemenino.com.ar\/df\/","logo":{"@type":"ImageObject","inLanguage":"es","@id":"https:\/\/diariofemenino.com.ar\/df\/#\/schema\/logo\/image\/","url":"https:\/\/diariofemenino.com.ar\/df\/wp-content\/uploads\/2018\/10\/logo.png","contentUrl":"https:\/\/diariofemenino.com.ar\/df\/wp-content\/uploads\/2018\/10\/logo.png","width":500,"height":92,"caption":"Diario Femenino"},"image":{"@id":"https:\/\/diariofemenino.com.ar\/df\/#\/schema\/logo\/image\/"},"sameAs":["https:\/\/www.facebook.com\/DiarioDigitaFemenino\/","https:\/\/x.com\/DiarioFemenino1"]},{"@type":"Person","@id":"https:\/\/diariofemenino.com.ar\/df\/#\/schema\/person\/bf6199e8158c657ea6f789b11ec85509","name":"Admin","image":{"@type":"ImageObject","inLanguage":"es","@id":"https:\/\/diariofemenino.com.ar\/df\/wp-content\/uploads\/2018\/12\/favicon-150x150.jpg","url":"https:\/\/diariofemenino.com.ar\/df\/wp-content\/uploads\/2018\/12\/favicon-150x150.jpg","contentUrl":"https:\/\/diariofemenino.com.ar\/df\/wp-content\/uploads\/2018\/12\/favicon-150x150.jpg","caption":"Admin"},"url":"https:\/\/diariofemenino.com.ar\/df\/author\/lenny\/"}]}},"jetpack_featured_media_url":"https:\/\/diariofemenino.com.ar\/df\/wp-content\/uploads\/2022\/05\/autismo-2.jpg","jetpack_sharing_enabled":true,"rttpg_featured_image_url":{"full":["https:\/\/diariofemenino.com.ar\/df\/wp-content\/uploads\/2022\/05\/autismo-2.jpg",3000,2000,false],"landscape":["https:\/\/diariofemenino.com.ar\/df\/wp-content\/uploads\/2022\/05\/autismo-2.jpg",3000,2000,false],"portraits":["https:\/\/diariofemenino.com.ar\/df\/wp-content\/uploads\/2022\/05\/autismo-2.jpg",3000,2000,false],"thumbnail":["https:\/\/diariofemenino.com.ar\/df\/wp-content\/uploads\/2022\/05\/autismo-2-150x150.jpg",150,150,true],"medium":["https:\/\/diariofemenino.com.ar\/df\/wp-content\/uploads\/2022\/05\/autismo-2-300x200.jpg",300,200,true],"large":["https:\/\/diariofemenino.com.ar\/df\/wp-content\/uploads\/2022\/05\/autismo-2-1024x683.jpg",1024,683,true],"1536x1536":["https:\/\/diariofemenino.com.ar\/df\/wp-content\/uploads\/2022\/05\/autismo-2.jpg",1536,1024,false],"2048x2048":["https:\/\/diariofemenino.com.ar\/df\/wp-content\/uploads\/2022\/05\/autismo-2.jpg",2048,1365,false]},"rttpg_author":{"display_name":"Admin","author_link":"https:\/\/diariofemenino.com.ar\/df\/author\/lenny\/"},"rttpg_comment":0,"rttpg_category":"<a href=\"https:\/\/diariofemenino.com.ar\/df\/category\/articulos-y-comunicados\/\" rel=\"category tag\">Art\u00edculos y Comunicados<\/a> <a href=\"https:\/\/diariofemenino.com.ar\/df\/category\/azul-profundo\/\" rel=\"category tag\">Azul Profundo<\/a> <a href=\"https:\/\/diariofemenino.com.ar\/df\/category\/mujeres\/\" rel=\"category tag\">Mujeres<\/a> <a href=\"https:\/\/diariofemenino.com.ar\/df\/category\/salud\/\" rel=\"category tag\">Salud<\/a>","rttpg_excerpt":"Senadores nacionales por Chubut, Edith Terenzi (Interbloque Juntos por el Cambio) y por La Rioja, Julio Mart\u00ednez (Interbloque Juntos por el Cambio) encabezaron hoy el encuentro \u201cSociedad y Autismo, construyendo puentes de inclusi\u00f3n\u201d en el que se presentaron tres proyectos de ley referidos al tema. En el Sal\u00f3n Auditorio del Edificio Alfredo Palacios Anexo del&hellip;","_links":{"self":[{"href":"https:\/\/diariofemenino.com.ar\/df\/wp-json\/wp\/v2\/posts\/64186","targetHints":{"allow":["GET"]}}],"collection":[{"href":"https:\/\/diariofemenino.com.ar\/df\/wp-json\/wp\/v2\/posts"}],"about":[{"href":"https:\/\/diariofemenino.com.ar\/df\/wp-json\/wp\/v2\/types\/post"}],"author":[{"embeddable":true,"href":"https:\/\/diariofemenino.com.ar\/df\/wp-json\/wp\/v2\/users\/4"}],"replies":[{"embeddable":true,"href":"https:\/\/diariofemenino.com.ar\/df\/wp-json\/wp\/v2\/comments?post=64186"}],"version-history":[{"count":0,"href":"https:\/\/diariofemenino.com.ar\/df\/wp-json\/wp\/v2\/posts\/64186\/revisions"}],"wp:featuredmedia":[{"embeddable":true,"href":"https:\/\/diariofemenino.com.ar\/df\/wp-json\/wp\/v2\/media\/64187"}],"wp:attachment":[{"href":"https:\/\/diariofemenino.com.ar\/df\/wp-json\/wp\/v2\/media?parent=64186"}],"wp:term":[{"taxonomy":"category","embeddable":true,"href":"https:\/\/diariofemenino.com.ar\/df\/wp-json\/wp\/v2\/categories?post=64186"},{"taxonomy":"post_tag","embeddable":true,"href":"https:\/\/diariofemenino.com.ar\/df\/wp-json\/wp\/v2\/tags?post=64186"}],"curies":[{"name":"wp","href":"https:\/\/api.w.org\/{rel}","templated":true}]}}