{"id":63928,"date":"2022-04-20T09:51:07","date_gmt":"2022-04-20T12:51:07","guid":{"rendered":"https:\/\/diariofemenino.com.ar\/df\/?p=63928"},"modified":"2022-04-20T09:51:07","modified_gmt":"2022-04-20T12:51:07","slug":"abuso-sexual-educar-en-el-consentimiento","status":"publish","type":"post","link":"https:\/\/diariofemenino.com.ar\/df\/abuso-sexual-educar-en-el-consentimiento\/","title":{"rendered":"Abuso sexual: educar en el consentimiento"},"content":{"rendered":"<p>Desde el comienzo de clases, noticias relacionadas con casos de abuso sexual entre iguales dentro de las instituciones comenzaron a aparecer. La ausencia de la ESI en las escuelas sigue demostrando que hay temas de los cuales no se habla. \u00bfPor qu\u00e9 se produce el abuso entre pares? \u00bfQu\u00e9 se puede hacer para frenar estas conductas?<\/p>\n<p>Por\u00a0<a href=\"https:\/\/diariofemenino.com.ar\/df\/?s=Mar%C3%ADa+In%C3%A9s+Alvarado\"><strong><em>Mar\u00eda In\u00e9s Alvarado<\/em><\/strong><\/a>*<br \/>\npara\u00a0<a href=\"https:\/\/www.instagram.com\/diariodigitalfemenino_\/\">Diario Digital Femenino<\/a><\/p>\n<p>En primer lugar, hay que definir bien los t\u00e9rminos. El concepto de abuso sexual entre iguales (o pares) hace referencia al que\u00a0se produce entre menores de edad, y no participa de manera visible una persona adulta.\u00a0Es una situaci\u00f3n que excede las relaciones de pareja, es mucho m\u00e1s habitual de lo que se piensa y ocurre tanto en las casas como dentro de las escuelas. Al igual que en otras tantas situaciones abusivas, existe una desigualdad de poder ya sea marcada por la diferencia de edad, por la madurez intelectual o por la fuerza. Es uno de los tantos motivos por los cuales seguimos exigiendo la real aplicaci\u00f3n de la ESI en todos los \u00e1mbitos educativos.<\/p>\n<p>En ocasiones la gente adulta suele normalizar algunas pr\u00e1cticas que no ayudan a diferenciar el abuso de los juegos sexuales exploratorios durante la infancia, producto de la curiosidad t\u00edpica del desarrollo. \u00a0Es cierto que durante la infancia son habituales interacciones tales como observarse, tocarse y ense\u00f1ar los genitales, producto de la curiosidad y pr\u00e1cticas que pueden aceptarse siempre que se den como parte de un juego y sin coacci\u00f3n. La mayor\u00eda de las veces, estas pr\u00e1cticas se dan entre pares de la misma edad o sin desigualdad de poder y no son producto de la excitaci\u00f3n ni surgen de alg\u00fan tipo de eroticidad.<\/p>\n<figure id=\"attachment_63929\" aria-describedby=\"caption-attachment-63929\" style=\"width: 696px\" class=\"wp-caption aligncenter\"><img loading=\"lazy\" decoding=\"async\" class=\"size-full wp-image-63929\" src=\"https:\/\/diariofemenino.com.ar\/df\/wp-content\/uploads\/2022\/04\/juego-sexual.jpg\" alt=\"Abuso sexual: educar en el consentimiento\" width=\"696\" height=\"400\" srcset=\"https:\/\/diariofemenino.com.ar\/df\/wp-content\/uploads\/2022\/04\/juego-sexual.jpg 696w, https:\/\/diariofemenino.com.ar\/df\/wp-content\/uploads\/2022\/04\/juego-sexual-300x172.jpg 300w\" sizes=\"auto, (max-width: 696px) 100vw, 696px\" \/><figcaption id=\"caption-attachment-63929\" class=\"wp-caption-text\">Abuso sexual: educar en el consentimiento<\/figcaption><\/figure>\n<p>Pero, la naturalizaci\u00f3n de la violencia agravada por el temor que sienten ni\u00f1eces y adolescencias a hablar con personas adultas acerca de la sexualidad, sigue provocando silencios alrededor de estos temas, que terminan siendo noticia cuando explotan en palabras de alguna v\u00edctima.<\/p>\n<p>Por eso es importante no normalizar, y trabajar de la mano de la ESI, en visibilizar aquellas conductas donde no hay consentimiento, porque entonces estamos hablando de abuso y ah\u00ed se debe hacer el foco. Explicar desde edades muy tempranas que en los juegos entre iguales nadie debe tocarles, ni obligarles a tocar las partes \u00edntimas; que no hay ninguna raz\u00f3n por la cual compa\u00f1eros o compa\u00f1eras exhiban sus genitales o les pida que muestren los suyos o los fotograf\u00ede; que los besos y las caricias deben ser consentidos y consensuados, y que no son un juego.<\/p>\n<p>En la <a href=\"https:\/\/diariofemenino.com.ar\/df\/guia-sobre-conductas-sexuales-problematicas-y-practicas-abusivas-sexuales\/\"><em>Gu\u00eda sobre Conductas Sexuales Problem\u00e1ticas y Pr\u00e1cticas Abusivas Sexuales<\/em><\/a>, publicada por la ONG Paicabi y Aldeas Infantiles SOS LAAM, en Chile, se habla de \u201cPr\u00e1cticas Abusivas Sexuales\u201d (PAS), para describir el abuso sexual entre pares. En ella se desarrollan los diferentes comportamientos y conductas que pueden resultar preocupantes para poder abordarlas. Pero, sin duda, la falta de educaci\u00f3n sexual y la normalizaci\u00f3n de la violencia machista son situaciones que favorecen estos actos. Tambi\u00e9n es importante entender que, en las situaciones de abuso sexual entre pares siempre hay dos v\u00edctimas, quien fue abusada y quien abusa, porque ni\u00f1as y ni\u00f1os no registran la situaci\u00f3n abusiva como tal y, por lo tanto, forma parte del mismo problema. Urge actuar. Y para esto es indispensable educar en el consentimiento, en el control del deseo propio y ajeno, en el cuidado personal del cuerpo y del cuerpo de quienes les rodean. Esto, tambi\u00e9n es parte de la ESI.<\/p>\n<p>\u00bfC\u00f3mo se educa en el consentimiento? Explicando todas las veces que sea posible que la intimidad y la integridad f\u00edsica son derechos absolutos. Que para llevar adelante cualquier tipo de pr\u00e1ctica sexual con otra persona ambas deben estar activamente de acuerdo. El deseo de una de las partes no habilita a la otra. La actividad sexual sin consentimiento es un abuso, una violaci\u00f3n o una agresi\u00f3n sexual. Lograr el consentimiento consiste en establecer l\u00edmites personales y respetar los de la otra persona. El consentimiento sexual debe conseguirse libremente, sin ning\u00fan tipo de manipulaci\u00f3n o coacci\u00f3n; debe darse desde el deseo y no desde la presi\u00f3n; debe ser claro con respecto a lo que ambas partes desean y consensuan hacer; no es absoluto, y el l\u00edmite es individual de cada persona, momento o situaci\u00f3n.<\/p>\n<figure id=\"attachment_63931\" aria-describedby=\"caption-attachment-63931\" style=\"width: 1024px\" class=\"wp-caption aligncenter\"><img loading=\"lazy\" decoding=\"async\" class=\"size-large wp-image-63931\" src=\"https:\/\/diariofemenino.com.ar\/df\/wp-content\/uploads\/2022\/04\/Titulares-abuso-1024x576.jpg\" alt=\"Abuso sexual: educar en el consentimiento\" width=\"1024\" height=\"576\" srcset=\"https:\/\/diariofemenino.com.ar\/df\/wp-content\/uploads\/2022\/04\/Titulares-abuso-1024x576.jpg 1024w, https:\/\/diariofemenino.com.ar\/df\/wp-content\/uploads\/2022\/04\/Titulares-abuso-300x169.jpg 300w, https:\/\/diariofemenino.com.ar\/df\/wp-content\/uploads\/2022\/04\/Titulares-abuso-768x432.jpg 768w, https:\/\/diariofemenino.com.ar\/df\/wp-content\/uploads\/2022\/04\/Titulares-abuso.jpg 1280w\" sizes=\"auto, (max-width: 1024px) 100vw, 1024px\" \/><figcaption id=\"caption-attachment-63931\" class=\"wp-caption-text\">Abuso sexual: educar en el consentimiento<\/figcaption><\/figure>\n<p>Por otro lado, tambi\u00e9n es necesario generar conciencia de que el silencio, la verg\u00fcenza y la culpa act\u00faan como c\u00f3mplices de quienes abusan. Educar que, ante una situaci\u00f3n de abuso entre pares, si alguien lo sabe debe ayudar a las v\u00edctimas a hablarlo, deben acompa\u00f1ar de manera activa, deben buscar la confianza de alguna persona adulta. La escuela es el \u00e1mbito m\u00e1s indicado para habilitar a hablar de este tema. Cada docente tiene la obligaci\u00f3n, como cualquier funcionaria o funcionario p\u00fablico, de acompa\u00f1ar y hacer una presentaci\u00f3n ante el organismo correspondiente de llevar adelante una denuncia por la vulneraci\u00f3n de derechos de ni\u00f1as y ni\u00f1os.<\/p>\n<p>Es imprescindible que las escuelas dediquen m\u00e1s tiempo en desarrollar acciones de educaci\u00f3n sexual integral que respondan a estas situaciones puntuales, que ayude a reconocer que la violencia est\u00e1 inserta en todas las formas de relacionarse entre s\u00ed, que nadie debe sufrir violencia bajo ninguna circunstancia y que denunciar estos casos a tiempo es responsabilidad de toda la comunidad educativa.<\/p>\n<p>(*) Docente, comunicadora. Co-directora de\u00a0<strong><a href=\"https:\/\/laesienjuego.com.ar\/\">La ESI en juego<\/a>.<\/strong><br \/>\nColumnista\u00a0de\u00a0<strong><a href=\"https:\/\/diariofemenino.com.ar\/df\/category\/de-esi-si-se-habla\/\">Diario Digital Femenino<\/a><\/strong>\u2013\u00a0<a href=\"https:\/\/diariofemenino.com.ar\/df\/category\/de-esi-si-se-habla\/\">De ESI S\u00ed Se Habla<\/a><\/p>\n","protected":false},"excerpt":{"rendered":"<p>Desde el comienzo de clases, noticias relacionadas con casos de abuso sexual entre iguales dentro de las instituciones comenzaron a aparecer. La ausencia de la ESI en las escuelas sigue demostrando que hay temas de los cuales no se habla. \u00bfPor qu\u00e9 se produce el abuso entre pares? \u00bfQu\u00e9 se puede hacer para frenar estas [&hellip;]<\/p>\n","protected":false},"author":4,"featured_media":63930,"comment_status":"open","ping_status":"open","sticky":false,"template":"","format":"standard","meta":{"iawp_total_views":612,"footnotes":""},"categories":[581,9,627,78,21,592],"tags":[84,1301,567,4372,11,172,97,568],"class_list":["post-63928","post","type-post","status-publish","format-standard","has-post-thumbnail","hentry","category-azul-profundo","category-de-esi-si-se-habla","category-genero-y-derechos-humanos","category-guias","category-noticias","category-violencias","tag-abuso-sexual","tag-consentimiento","tag-de-esi-si-se-habla","tag-destacada","tag-educacion","tag-educacion-sexual-integral","tag-esi","tag-maria-ines-alvarado"],"nelio_content":{"autoShareEndMode":"never","automationSources":{"useCustomSentences":false,"customSentences":[]},"efiAlt":"","efiUrl":"","followers":[4],"highlights":[],"isAutoShareEnabled":true,"networkImageIds":[],"permalinkQueryArgs":[],"series":[],"suggestedReferences":[]},"yoast_head":"<!-- This site is optimized with the Yoast SEO plugin v27.5 - https:\/\/yoast.com\/product\/yoast-seo-wordpress\/ -->\n<title>Abuso sexual: educar en el consentimiento - Diario Digital Femenino<\/title>\n<meta name=\"description\" content=\"Abuso sexual. \u00a0 \u00a0Desde el comienzo de clases, noticias relacionadas con casos de abuso sexual entre iguales dentro de las instituciones comenzaron a aparecer.\" \/>\n<meta name=\"robots\" content=\"index, follow, max-snippet:-1, max-image-preview:large, max-video-preview:-1\" \/>\n<link rel=\"canonical\" href=\"https:\/\/diariofemenino.com.ar\/df\/abuso-sexual-educar-en-el-consentimiento\/\" \/>\n<meta property=\"og:locale\" content=\"es_ES\" \/>\n<meta property=\"og:type\" content=\"article\" \/>\n<meta property=\"og:title\" content=\"Abuso sexual: educar en el consentimiento - Diario Digital Femenino\" \/>\n<meta property=\"og:description\" content=\"Abuso sexual. \u00a0 \u00a0Desde el comienzo de clases, noticias relacionadas con casos de abuso sexual entre iguales dentro de las instituciones comenzaron a aparecer.\" \/>\n<meta property=\"og:url\" content=\"https:\/\/diariofemenino.com.ar\/df\/abuso-sexual-educar-en-el-consentimiento\/\" \/>\n<meta property=\"og:site_name\" content=\"Diario Digital Femenino\" \/>\n<meta property=\"article:publisher\" content=\"https:\/\/www.facebook.com\/DiarioDigitaFemenino\/\" \/>\n<meta property=\"article:published_time\" content=\"2022-04-20T12:51:07+00:00\" \/>\n<meta property=\"og:image\" content=\"https:\/\/diariofemenino.com.ar\/df\/wp-content\/uploads\/2022\/04\/Conductas-abusivas.jpg\" \/>\n\t<meta property=\"og:image:width\" content=\"1280\" \/>\n\t<meta property=\"og:image:height\" content=\"720\" \/>\n\t<meta property=\"og:image:type\" content=\"image\/jpeg\" \/>\n<meta name=\"author\" content=\"Admin\" \/>\n<meta name=\"twitter:card\" content=\"summary_large_image\" \/>\n<meta name=\"twitter:creator\" content=\"@DiarioFemenino1\" \/>\n<meta name=\"twitter:site\" content=\"@DiarioFemenino1\" \/>\n<meta name=\"twitter:label1\" content=\"Escrito por\" \/>\n\t<meta name=\"twitter:data1\" content=\"Admin\" \/>\n\t<meta name=\"twitter:label2\" content=\"Tiempo de lectura\" \/>\n\t<meta name=\"twitter:data2\" content=\"5 minutos\" \/>\n<script type=\"application\/ld+json\" class=\"yoast-schema-graph\">{\"@context\":\"https:\\\/\\\/schema.org\",\"@graph\":[{\"@type\":\"Article\",\"@id\":\"https:\\\/\\\/diariofemenino.com.ar\\\/df\\\/abuso-sexual-educar-en-el-consentimiento\\\/#article\",\"isPartOf\":{\"@id\":\"https:\\\/\\\/diariofemenino.com.ar\\\/df\\\/abuso-sexual-educar-en-el-consentimiento\\\/\"},\"author\":{\"name\":\"Admin\",\"@id\":\"https:\\\/\\\/diariofemenino.com.ar\\\/df\\\/#\\\/schema\\\/person\\\/bf6199e8158c657ea6f789b11ec85509\"},\"headline\":\"Abuso sexual: educar en el consentimiento\",\"datePublished\":\"2022-04-20T12:51:07+00:00\",\"mainEntityOfPage\":{\"@id\":\"https:\\\/\\\/diariofemenino.com.ar\\\/df\\\/abuso-sexual-educar-en-el-consentimiento\\\/\"},\"wordCount\":990,\"commentCount\":0,\"publisher\":{\"@id\":\"https:\\\/\\\/diariofemenino.com.ar\\\/df\\\/#organization\"},\"image\":{\"@id\":\"https:\\\/\\\/diariofemenino.com.ar\\\/df\\\/abuso-sexual-educar-en-el-consentimiento\\\/#primaryimage\"},\"thumbnailUrl\":\"https:\\\/\\\/diariofemenino.com.ar\\\/df\\\/wp-content\\\/uploads\\\/2022\\\/04\\\/Conductas-abusivas.jpg\",\"keywords\":[\"Abuso Sexual\",\"Consentimiento\",\"De ESI s\u00ed se habla\",\"Destacada\",\"Educaci\u00f3n\",\"Educaci\u00f3n Sexual Integral\",\"ESI\",\"Mar\u00eda In\u00e9s Alvarado\"],\"articleSection\":[\"Azul Profundo\",\"De ESI S\u00ed Se Habla\",\"G\u00e9nero y Derechos Humanos\",\"Gu\u00edas\",\"Noticias\",\"Violencias\"],\"inLanguage\":\"es\",\"potentialAction\":[{\"@type\":\"CommentAction\",\"name\":\"Comment\",\"target\":[\"https:\\\/\\\/diariofemenino.com.ar\\\/df\\\/abuso-sexual-educar-en-el-consentimiento\\\/#respond\"]}]},{\"@type\":\"WebPage\",\"@id\":\"https:\\\/\\\/diariofemenino.com.ar\\\/df\\\/abuso-sexual-educar-en-el-consentimiento\\\/\",\"url\":\"https:\\\/\\\/diariofemenino.com.ar\\\/df\\\/abuso-sexual-educar-en-el-consentimiento\\\/\",\"name\":\"Abuso sexual: educar en el consentimiento - Diario Digital Femenino\",\"isPartOf\":{\"@id\":\"https:\\\/\\\/diariofemenino.com.ar\\\/df\\\/#website\"},\"primaryImageOfPage\":{\"@id\":\"https:\\\/\\\/diariofemenino.com.ar\\\/df\\\/abuso-sexual-educar-en-el-consentimiento\\\/#primaryimage\"},\"image\":{\"@id\":\"https:\\\/\\\/diariofemenino.com.ar\\\/df\\\/abuso-sexual-educar-en-el-consentimiento\\\/#primaryimage\"},\"thumbnailUrl\":\"https:\\\/\\\/diariofemenino.com.ar\\\/df\\\/wp-content\\\/uploads\\\/2022\\\/04\\\/Conductas-abusivas.jpg\",\"datePublished\":\"2022-04-20T12:51:07+00:00\",\"description\":\"Abuso sexual. \u00a0 \u00a0Desde el comienzo de clases, noticias relacionadas con casos de abuso sexual entre iguales dentro de las instituciones comenzaron a aparecer.\",\"breadcrumb\":{\"@id\":\"https:\\\/\\\/diariofemenino.com.ar\\\/df\\\/abuso-sexual-educar-en-el-consentimiento\\\/#breadcrumb\"},\"inLanguage\":\"es\",\"potentialAction\":[{\"@type\":\"ReadAction\",\"target\":[\"https:\\\/\\\/diariofemenino.com.ar\\\/df\\\/abuso-sexual-educar-en-el-consentimiento\\\/\"]}]},{\"@type\":\"ImageObject\",\"inLanguage\":\"es\",\"@id\":\"https:\\\/\\\/diariofemenino.com.ar\\\/df\\\/abuso-sexual-educar-en-el-consentimiento\\\/#primaryimage\",\"url\":\"https:\\\/\\\/diariofemenino.com.ar\\\/df\\\/wp-content\\\/uploads\\\/2022\\\/04\\\/Conductas-abusivas.jpg\",\"contentUrl\":\"https:\\\/\\\/diariofemenino.com.ar\\\/df\\\/wp-content\\\/uploads\\\/2022\\\/04\\\/Conductas-abusivas.jpg\",\"width\":1280,\"height\":720,\"caption\":\"Abuso sexual: educar en el consentimiento\"},{\"@type\":\"BreadcrumbList\",\"@id\":\"https:\\\/\\\/diariofemenino.com.ar\\\/df\\\/abuso-sexual-educar-en-el-consentimiento\\\/#breadcrumb\",\"itemListElement\":[{\"@type\":\"ListItem\",\"position\":1,\"name\":\"Portada\",\"item\":\"https:\\\/\\\/diariofemenino.com.ar\\\/df\\\/\"},{\"@type\":\"ListItem\",\"position\":2,\"name\":\"Abuso sexual: educar en el consentimiento\"}]},{\"@type\":\"WebSite\",\"@id\":\"https:\\\/\\\/diariofemenino.com.ar\\\/df\\\/#website\",\"url\":\"https:\\\/\\\/diariofemenino.com.ar\\\/df\\\/\",\"name\":\"Diario Digital Femenino\",\"description\":\"Cuesti\u00f3n de G\u00e9nero\",\"publisher\":{\"@id\":\"https:\\\/\\\/diariofemenino.com.ar\\\/df\\\/#organization\"},\"potentialAction\":[{\"@type\":\"SearchAction\",\"target\":{\"@type\":\"EntryPoint\",\"urlTemplate\":\"https:\\\/\\\/diariofemenino.com.ar\\\/df\\\/?s={search_term_string}\"},\"query-input\":{\"@type\":\"PropertyValueSpecification\",\"valueRequired\":true,\"valueName\":\"search_term_string\"}}],\"inLanguage\":\"es\"},{\"@type\":\"Organization\",\"@id\":\"https:\\\/\\\/diariofemenino.com.ar\\\/df\\\/#organization\",\"name\":\"Diario Femenino\",\"url\":\"https:\\\/\\\/diariofemenino.com.ar\\\/df\\\/\",\"logo\":{\"@type\":\"ImageObject\",\"inLanguage\":\"es\",\"@id\":\"https:\\\/\\\/diariofemenino.com.ar\\\/df\\\/#\\\/schema\\\/logo\\\/image\\\/\",\"url\":\"https:\\\/\\\/diariofemenino.com.ar\\\/df\\\/wp-content\\\/uploads\\\/2018\\\/10\\\/logo.png\",\"contentUrl\":\"https:\\\/\\\/diariofemenino.com.ar\\\/df\\\/wp-content\\\/uploads\\\/2018\\\/10\\\/logo.png\",\"width\":500,\"height\":92,\"caption\":\"Diario Femenino\"},\"image\":{\"@id\":\"https:\\\/\\\/diariofemenino.com.ar\\\/df\\\/#\\\/schema\\\/logo\\\/image\\\/\"},\"sameAs\":[\"https:\\\/\\\/www.facebook.com\\\/DiarioDigitaFemenino\\\/\",\"https:\\\/\\\/x.com\\\/DiarioFemenino1\"]},{\"@type\":\"Person\",\"@id\":\"https:\\\/\\\/diariofemenino.com.ar\\\/df\\\/#\\\/schema\\\/person\\\/bf6199e8158c657ea6f789b11ec85509\",\"name\":\"Admin\",\"image\":{\"@type\":\"ImageObject\",\"inLanguage\":\"es\",\"@id\":\"https:\\\/\\\/diariofemenino.com.ar\\\/df\\\/wp-content\\\/uploads\\\/2018\\\/12\\\/favicon-150x150.jpg\",\"url\":\"https:\\\/\\\/diariofemenino.com.ar\\\/df\\\/wp-content\\\/uploads\\\/2018\\\/12\\\/favicon-150x150.jpg\",\"contentUrl\":\"https:\\\/\\\/diariofemenino.com.ar\\\/df\\\/wp-content\\\/uploads\\\/2018\\\/12\\\/favicon-150x150.jpg\",\"caption\":\"Admin\"},\"url\":\"https:\\\/\\\/diariofemenino.com.ar\\\/df\\\/author\\\/lenny\\\/\"}]}<\/script>\n<!-- \/ Yoast SEO plugin. -->","yoast_head_json":{"title":"Abuso sexual: educar en el consentimiento - Diario Digital Femenino","description":"Abuso sexual. \u00a0 \u00a0Desde el comienzo de clases, noticias relacionadas con casos de abuso sexual entre iguales dentro de las instituciones comenzaron a aparecer.","robots":{"index":"index","follow":"follow","max-snippet":"max-snippet:-1","max-image-preview":"max-image-preview:large","max-video-preview":"max-video-preview:-1"},"canonical":"https:\/\/diariofemenino.com.ar\/df\/abuso-sexual-educar-en-el-consentimiento\/","og_locale":"es_ES","og_type":"article","og_title":"Abuso sexual: educar en el consentimiento - Diario Digital Femenino","og_description":"Abuso sexual. \u00a0 \u00a0Desde el comienzo de clases, noticias relacionadas con casos de abuso sexual entre iguales dentro de las instituciones comenzaron a aparecer.","og_url":"https:\/\/diariofemenino.com.ar\/df\/abuso-sexual-educar-en-el-consentimiento\/","og_site_name":"Diario Digital Femenino","article_publisher":"https:\/\/www.facebook.com\/DiarioDigitaFemenino\/","article_published_time":"2022-04-20T12:51:07+00:00","og_image":[{"width":1280,"height":720,"url":"https:\/\/diariofemenino.com.ar\/df\/wp-content\/uploads\/2022\/04\/Conductas-abusivas.jpg","type":"image\/jpeg"}],"author":"Admin","twitter_card":"summary_large_image","twitter_creator":"@DiarioFemenino1","twitter_site":"@DiarioFemenino1","twitter_misc":{"Escrito por":"Admin","Tiempo de lectura":"5 minutos"},"schema":{"@context":"https:\/\/schema.org","@graph":[{"@type":"Article","@id":"https:\/\/diariofemenino.com.ar\/df\/abuso-sexual-educar-en-el-consentimiento\/#article","isPartOf":{"@id":"https:\/\/diariofemenino.com.ar\/df\/abuso-sexual-educar-en-el-consentimiento\/"},"author":{"name":"Admin","@id":"https:\/\/diariofemenino.com.ar\/df\/#\/schema\/person\/bf6199e8158c657ea6f789b11ec85509"},"headline":"Abuso sexual: educar en el consentimiento","datePublished":"2022-04-20T12:51:07+00:00","mainEntityOfPage":{"@id":"https:\/\/diariofemenino.com.ar\/df\/abuso-sexual-educar-en-el-consentimiento\/"},"wordCount":990,"commentCount":0,"publisher":{"@id":"https:\/\/diariofemenino.com.ar\/df\/#organization"},"image":{"@id":"https:\/\/diariofemenino.com.ar\/df\/abuso-sexual-educar-en-el-consentimiento\/#primaryimage"},"thumbnailUrl":"https:\/\/diariofemenino.com.ar\/df\/wp-content\/uploads\/2022\/04\/Conductas-abusivas.jpg","keywords":["Abuso Sexual","Consentimiento","De ESI s\u00ed se habla","Destacada","Educaci\u00f3n","Educaci\u00f3n Sexual Integral","ESI","Mar\u00eda In\u00e9s Alvarado"],"articleSection":["Azul Profundo","De ESI S\u00ed Se Habla","G\u00e9nero y Derechos Humanos","Gu\u00edas","Noticias","Violencias"],"inLanguage":"es","potentialAction":[{"@type":"CommentAction","name":"Comment","target":["https:\/\/diariofemenino.com.ar\/df\/abuso-sexual-educar-en-el-consentimiento\/#respond"]}]},{"@type":"WebPage","@id":"https:\/\/diariofemenino.com.ar\/df\/abuso-sexual-educar-en-el-consentimiento\/","url":"https:\/\/diariofemenino.com.ar\/df\/abuso-sexual-educar-en-el-consentimiento\/","name":"Abuso sexual: educar en el consentimiento - Diario Digital Femenino","isPartOf":{"@id":"https:\/\/diariofemenino.com.ar\/df\/#website"},"primaryImageOfPage":{"@id":"https:\/\/diariofemenino.com.ar\/df\/abuso-sexual-educar-en-el-consentimiento\/#primaryimage"},"image":{"@id":"https:\/\/diariofemenino.com.ar\/df\/abuso-sexual-educar-en-el-consentimiento\/#primaryimage"},"thumbnailUrl":"https:\/\/diariofemenino.com.ar\/df\/wp-content\/uploads\/2022\/04\/Conductas-abusivas.jpg","datePublished":"2022-04-20T12:51:07+00:00","description":"Abuso sexual. \u00a0 \u00a0Desde el comienzo de clases, noticias relacionadas con casos de abuso sexual entre iguales dentro de las instituciones comenzaron a aparecer.","breadcrumb":{"@id":"https:\/\/diariofemenino.com.ar\/df\/abuso-sexual-educar-en-el-consentimiento\/#breadcrumb"},"inLanguage":"es","potentialAction":[{"@type":"ReadAction","target":["https:\/\/diariofemenino.com.ar\/df\/abuso-sexual-educar-en-el-consentimiento\/"]}]},{"@type":"ImageObject","inLanguage":"es","@id":"https:\/\/diariofemenino.com.ar\/df\/abuso-sexual-educar-en-el-consentimiento\/#primaryimage","url":"https:\/\/diariofemenino.com.ar\/df\/wp-content\/uploads\/2022\/04\/Conductas-abusivas.jpg","contentUrl":"https:\/\/diariofemenino.com.ar\/df\/wp-content\/uploads\/2022\/04\/Conductas-abusivas.jpg","width":1280,"height":720,"caption":"Abuso sexual: educar en el consentimiento"},{"@type":"BreadcrumbList","@id":"https:\/\/diariofemenino.com.ar\/df\/abuso-sexual-educar-en-el-consentimiento\/#breadcrumb","itemListElement":[{"@type":"ListItem","position":1,"name":"Portada","item":"https:\/\/diariofemenino.com.ar\/df\/"},{"@type":"ListItem","position":2,"name":"Abuso sexual: educar en el consentimiento"}]},{"@type":"WebSite","@id":"https:\/\/diariofemenino.com.ar\/df\/#website","url":"https:\/\/diariofemenino.com.ar\/df\/","name":"Diario Digital Femenino","description":"Cuesti\u00f3n de G\u00e9nero","publisher":{"@id":"https:\/\/diariofemenino.com.ar\/df\/#organization"},"potentialAction":[{"@type":"SearchAction","target":{"@type":"EntryPoint","urlTemplate":"https:\/\/diariofemenino.com.ar\/df\/?s={search_term_string}"},"query-input":{"@type":"PropertyValueSpecification","valueRequired":true,"valueName":"search_term_string"}}],"inLanguage":"es"},{"@type":"Organization","@id":"https:\/\/diariofemenino.com.ar\/df\/#organization","name":"Diario Femenino","url":"https:\/\/diariofemenino.com.ar\/df\/","logo":{"@type":"ImageObject","inLanguage":"es","@id":"https:\/\/diariofemenino.com.ar\/df\/#\/schema\/logo\/image\/","url":"https:\/\/diariofemenino.com.ar\/df\/wp-content\/uploads\/2018\/10\/logo.png","contentUrl":"https:\/\/diariofemenino.com.ar\/df\/wp-content\/uploads\/2018\/10\/logo.png","width":500,"height":92,"caption":"Diario Femenino"},"image":{"@id":"https:\/\/diariofemenino.com.ar\/df\/#\/schema\/logo\/image\/"},"sameAs":["https:\/\/www.facebook.com\/DiarioDigitaFemenino\/","https:\/\/x.com\/DiarioFemenino1"]},{"@type":"Person","@id":"https:\/\/diariofemenino.com.ar\/df\/#\/schema\/person\/bf6199e8158c657ea6f789b11ec85509","name":"Admin","image":{"@type":"ImageObject","inLanguage":"es","@id":"https:\/\/diariofemenino.com.ar\/df\/wp-content\/uploads\/2018\/12\/favicon-150x150.jpg","url":"https:\/\/diariofemenino.com.ar\/df\/wp-content\/uploads\/2018\/12\/favicon-150x150.jpg","contentUrl":"https:\/\/diariofemenino.com.ar\/df\/wp-content\/uploads\/2018\/12\/favicon-150x150.jpg","caption":"Admin"},"url":"https:\/\/diariofemenino.com.ar\/df\/author\/lenny\/"}]}},"jetpack_featured_media_url":"https:\/\/diariofemenino.com.ar\/df\/wp-content\/uploads\/2022\/04\/Conductas-abusivas.jpg","jetpack_sharing_enabled":true,"rttpg_featured_image_url":{"full":["https:\/\/diariofemenino.com.ar\/df\/wp-content\/uploads\/2022\/04\/Conductas-abusivas.jpg",1280,720,false],"landscape":["https:\/\/diariofemenino.com.ar\/df\/wp-content\/uploads\/2022\/04\/Conductas-abusivas.jpg",1280,720,false],"portraits":["https:\/\/diariofemenino.com.ar\/df\/wp-content\/uploads\/2022\/04\/Conductas-abusivas.jpg",1280,720,false],"thumbnail":["https:\/\/diariofemenino.com.ar\/df\/wp-content\/uploads\/2022\/04\/Conductas-abusivas-150x150.jpg",150,150,true],"medium":["https:\/\/diariofemenino.com.ar\/df\/wp-content\/uploads\/2022\/04\/Conductas-abusivas-300x169.jpg",300,169,true],"large":["https:\/\/diariofemenino.com.ar\/df\/wp-content\/uploads\/2022\/04\/Conductas-abusivas-1024x576.jpg",1024,576,true],"1536x1536":["https:\/\/diariofemenino.com.ar\/df\/wp-content\/uploads\/2022\/04\/Conductas-abusivas.jpg",1280,720,false],"2048x2048":["https:\/\/diariofemenino.com.ar\/df\/wp-content\/uploads\/2022\/04\/Conductas-abusivas.jpg",1280,720,false]},"rttpg_author":{"display_name":"Admin","author_link":"https:\/\/diariofemenino.com.ar\/df\/author\/lenny\/"},"rttpg_comment":0,"rttpg_category":"<a href=\"https:\/\/diariofemenino.com.ar\/df\/category\/azul-profundo\/\" rel=\"category tag\">Azul Profundo<\/a> <a href=\"https:\/\/diariofemenino.com.ar\/df\/category\/de-esi-si-se-habla\/\" rel=\"category tag\">De ESI S\u00ed Se Habla<\/a> <a href=\"https:\/\/diariofemenino.com.ar\/df\/category\/genero-y-derechos-humanos\/\" rel=\"category tag\">G\u00e9nero y Derechos Humanos<\/a> <a href=\"https:\/\/diariofemenino.com.ar\/df\/category\/guias\/\" rel=\"category tag\">Gu\u00edas<\/a> <a href=\"https:\/\/diariofemenino.com.ar\/df\/category\/noticias\/\" rel=\"category tag\">Noticias<\/a> <a href=\"https:\/\/diariofemenino.com.ar\/df\/category\/violencias\/\" rel=\"category tag\">Violencias<\/a>","rttpg_excerpt":"Desde el comienzo de clases, noticias relacionadas con casos de abuso sexual entre iguales dentro de las instituciones comenzaron a aparecer. La ausencia de la ESI en las escuelas sigue demostrando que hay temas de los cuales no se habla. \u00bfPor qu\u00e9 se produce el abuso entre pares? \u00bfQu\u00e9 se puede hacer para frenar estas&hellip;","_links":{"self":[{"href":"https:\/\/diariofemenino.com.ar\/df\/wp-json\/wp\/v2\/posts\/63928","targetHints":{"allow":["GET"]}}],"collection":[{"href":"https:\/\/diariofemenino.com.ar\/df\/wp-json\/wp\/v2\/posts"}],"about":[{"href":"https:\/\/diariofemenino.com.ar\/df\/wp-json\/wp\/v2\/types\/post"}],"author":[{"embeddable":true,"href":"https:\/\/diariofemenino.com.ar\/df\/wp-json\/wp\/v2\/users\/4"}],"replies":[{"embeddable":true,"href":"https:\/\/diariofemenino.com.ar\/df\/wp-json\/wp\/v2\/comments?post=63928"}],"version-history":[{"count":0,"href":"https:\/\/diariofemenino.com.ar\/df\/wp-json\/wp\/v2\/posts\/63928\/revisions"}],"wp:featuredmedia":[{"embeddable":true,"href":"https:\/\/diariofemenino.com.ar\/df\/wp-json\/wp\/v2\/media\/63930"}],"wp:attachment":[{"href":"https:\/\/diariofemenino.com.ar\/df\/wp-json\/wp\/v2\/media?parent=63928"}],"wp:term":[{"taxonomy":"category","embeddable":true,"href":"https:\/\/diariofemenino.com.ar\/df\/wp-json\/wp\/v2\/categories?post=63928"},{"taxonomy":"post_tag","embeddable":true,"href":"https:\/\/diariofemenino.com.ar\/df\/wp-json\/wp\/v2\/tags?post=63928"}],"curies":[{"name":"wp","href":"https:\/\/api.w.org\/{rel}","templated":true}]}}