{"id":63769,"date":"2022-04-06T08:17:42","date_gmt":"2022-04-06T11:17:42","guid":{"rendered":"https:\/\/diariofemenino.com.ar\/df\/?p=63769"},"modified":"2022-04-06T10:15:50","modified_gmt":"2022-04-06T13:15:50","slug":"el-primer-estudio-sobre-violencia-vicaria-extrema","status":"publish","type":"post","link":"https:\/\/diariofemenino.com.ar\/df\/el-primer-estudio-sobre-violencia-vicaria-extrema\/","title":{"rendered":"El primer estudio sobre violencia vicaria extrema en Espa\u00f1a analiza 51 casos de asesinatos de ni\u00f1as, ni\u00f1os y adolescentes"},"content":{"rendered":"<p><strong>El primer estudio sobre <a href=\"https:\/\/diariofemenino.com.ar\/df\/violencia-vicaria-definicion-ejemplos-tipos-caracteristicas-casos-y-datos\/\">violencia vicaria<\/a> extrema en Espa\u00f1a analiza 51 casos de una muestra de 400 causas. El estudio fue realizado por la psic\u00f3loga cl\u00ednica\u00a0<span lang=\"es\">Sonia Vaccaro y coordinado por la Asociaci\u00f3n de Mujeres de Psicolog\u00eda Feminista de Granada (Espa\u00f1a).<\/span><\/strong><\/p>\n<p>\u2018Violencia vicaria: un golpe irreversible contra las madres\u2019 explica con datos las caracter\u00edsticas de esta violencia ejercida sobre las hijas e hijos para da\u00f1ar a la madre, que est\u00e1 aumentando de forma significativa, para prevenirla<\/p>\n<figure id=\"attachment_63772\" aria-describedby=\"caption-attachment-63772\" style=\"width: 588px\" class=\"wp-caption aligncenter\"><img loading=\"lazy\" decoding=\"async\" class=\" wp-image-63772\" src=\"https:\/\/diariofemenino.com.ar\/df\/wp-content\/uploads\/2022\/04\/ROEBJWVTJJG53FNKKAPEN6JQMM.jpg\" alt=\"El primer estudio sobre violencia vicaria extrema en Espa\u00f1a analiza 51 casos de asesinatos de ni\u00f1as, ni\u00f1os y adolescentes\" width=\"588\" height=\"588\" srcset=\"https:\/\/diariofemenino.com.ar\/df\/wp-content\/uploads\/2022\/04\/ROEBJWVTJJG53FNKKAPEN6JQMM.jpg 980w, https:\/\/diariofemenino.com.ar\/df\/wp-content\/uploads\/2022\/04\/ROEBJWVTJJG53FNKKAPEN6JQMM-150x150.jpg 150w, https:\/\/diariofemenino.com.ar\/df\/wp-content\/uploads\/2022\/04\/ROEBJWVTJJG53FNKKAPEN6JQMM-300x300.jpg 300w, https:\/\/diariofemenino.com.ar\/df\/wp-content\/uploads\/2022\/04\/ROEBJWVTJJG53FNKKAPEN6JQMM-768x768.jpg 768w\" sizes=\"auto, (max-width: 588px) 100vw, 588px\" \/><figcaption id=\"caption-attachment-63772\" class=\"wp-caption-text\">El primer estudio sobre violencia vicaria extrema en Espa\u00f1a analiza 51 casos de asesinatos de ni\u00f1as, ni\u00f1os y adolescentes. Ph:\u00a0<a href=\"https:\/\/elpais.com\/\">El Pa\u00eds\u00a0<\/a><\/figcaption><\/figure>\n<p>La violencia vicaria es un concepto acu\u00f1ado y definido en 2012 por Sonia Vaccaro, Psic\u00f3loga cl\u00ednica y perita judicial, experta en victimolog\u00eda y violencia contra las mujeres, sus hijas e hijos; como aquella violencia contra la madre que se ejerce sobre las hijas e hijos con la intenci\u00f3n de da\u00f1arla por interp\u00f3sita persona. <a href=\"https:\/\/diariofemenino.com.ar\/df\/violencia-vicaria-las-hijas-y-los-hijos-victimas-de-la-violencia-contra-sus-madres\/\">Sonia Vaccaro<\/a> es la autora del primer estudio en nuestro pa\u00eds sobre violencia vicaria extrema coordinado por la <a href=\"https:\/\/psicologiafeminista.com\/\">Asociaci\u00f3n de Mujeres de Psicolog\u00eda Feminista de Granada<\/a>, \u2018Violencia vicaria: un golpe irreversible contra las madres\u2019, que cuenta con la colaboraci\u00f3n de Margarita Castillo Cardona, Cristina Mena Casero, Gemma M\u00aa Gonz\u00e1lez Garc\u00eda y Mar\u00eda Sierra Carballo. El estudio ha sido subvencionado por la Consejer\u00eda de Igualdad de la Junta de Andaluc\u00eda.<\/p>\n<p>La muestra de la investigaci\u00f3n cre\u00f3 una base de datos con 400 sentencias judiciales relacionadas con la violencia hacia la mujer o hacia los\/ as menores extra\u00eddas de datos del Poder judicial (Cendoj) y de informaci\u00f3n de hemeroteca, \u201cocurre que muchos de los asesinatos no se guardan en el registro judicial debido a que el asesino se mata a su vez y el caso decae jur\u00eddicamente\u201d, puntualiza Vaccaro. De los 400 casos de asesinatos de menores, las autoras detectaron 51 como de violencia vicaria extrema \u201ccasos en los que hemos comprobado este nexo de concausalidad en el que la intencionalidad est\u00e1 puesta en querer da\u00f1ar a la madre\u201d, ha se\u00f1alado Sonia Vaccaro. El estudio tambi\u00e9n ha incluido cuestionarios y entrevistas a v\u00edctimas de violencia vicaria, a las madres cuyos hijos e hijas hab\u00edan sido asesinadas, y constituy\u00f3 un Grupo focal con expertas en la tem\u00e1tica de violencia contra la mujer para la interpretaci\u00f3n de los datos y la discusi\u00f3n de las conclusiones del proyecto.<\/p>\n<p>El estudio pretende conocer emp\u00edricamente la realidad social de los asesinatos cometidos en el marco de la violencia contra la mujer, como Violencia Vicaria en Espa\u00f1a, desde el a\u00f1o 2000 hasta diciembre de 2021; y responde a la necesidad de investigar nuevas formas de ejercer la violencia de g\u00e9nero para adaptarla al contexto actual e introducir reformas que permitan profundizar en las pol\u00edticas de igualdad y erradicar la violencia de g\u00e9nero en nuestra sociedad, desde un enfoque feminista, transversal e interseccional. El prop\u00f3sito es el de arrojar luz, explicar y comprender cu\u00e1les son las caracter\u00edsticas de esta violencia que, seg\u00fan los datos, est\u00e1 aumentando de forma significativa. Para Maril\u00f3 Rubio, presidenta de la Asociaci\u00f3n de Mujeres de Psicolog\u00eda Feminista, \u201cel trabajo identifica las amenazas y las situaciones de riesgo y de peligro para menores de edad, que los mecanismos institucionales y judiciales no parecen detectar\u201d.<\/p>\n<p>Las conclusiones se\u00f1alan, en la mayor\u00eda de los casos, al agresor como un hombre de mediana edad, entre 30 y 50 a\u00f1os, principalmente de nacionalidad espa\u00f1ola. Un 82% era el padre biol\u00f3gico de los\/as ni\u00f1os\/as que asesin\u00f3. Cuando se comete el delito, la pareja est\u00e1 separada y no ha transcurrido mucho tiempo desde la separaci\u00f3n. No se observa en el asesino la existencia de discapacidad intelectual ni f\u00edsica y los casos con diagn\u00f3stico previo de alg\u00fan trastorno o enfermedad mental son residuales. La mayor\u00eda de la muestra no tiene antecedentes penales y s\u00ed los tienen, en un 60%, son por delitos relacionados con la violencia de g\u00e9nero. La misma proporci\u00f3n de agresores hab\u00eda verbalizado su intenci\u00f3n de hacer da\u00f1o a la madre o a los\/as hijos\/as antes de cometer el crimen, amenazando con frases como: \u201cte quitar\u00e9 a los ni\u00f1os\u201d, \u201cya ver\u00e1s lo que le pasa a las ni\u00f1as\u201d, \u201cte quitar\u00e9 lo que m\u00e1s quieres\u201d. Los casos en los que el asesino se mata o intenta matarse despu\u00e9s de cometer el crimen, suponen el 48% de la muestra. En el 12% casos el asesino niega los hechos cometidos. A\u00fan frente a la evidencia, culpa a otras personas o dice no recordar nada de lo que realiz\u00f3.<\/p>\n<figure id=\"attachment_63773\" aria-describedby=\"caption-attachment-63773\" style=\"width: 658px\" class=\"wp-caption aligncenter\"><img loading=\"lazy\" decoding=\"async\" class=\" wp-image-63773\" src=\"https:\/\/diariofemenino.com.ar\/df\/wp-content\/uploads\/2022\/04\/IMG-20210611-WA0014-900x720.jpg\" alt=\"El primer estudio sobre violencia vicaria extrema en Espa\u00f1a analiza 51 casos de asesinatos de ni\u00f1as, ni\u00f1os y adolescentes\" width=\"658\" height=\"526\" srcset=\"https:\/\/diariofemenino.com.ar\/df\/wp-content\/uploads\/2022\/04\/IMG-20210611-WA0014-900x720.jpg 900w, https:\/\/diariofemenino.com.ar\/df\/wp-content\/uploads\/2022\/04\/IMG-20210611-WA0014-900x720-300x240.jpg 300w, https:\/\/diariofemenino.com.ar\/df\/wp-content\/uploads\/2022\/04\/IMG-20210611-WA0014-900x720-768x614.jpg 768w\" sizes=\"auto, (max-width: 658px) 100vw, 658px\" \/><figcaption id=\"caption-attachment-63773\" class=\"wp-caption-text\">El primer estudio sobre violencia vicaria extrema en Espa\u00f1a analiza 51 casos de asesinatos de ni\u00f1as, ni\u00f1os y adolescentes<\/figcaption><\/figure>\n<p>La mayor\u00eda de los asesinatos se producen cuando los padres est\u00e1n al cuidado exclusivo de las ni\u00f1as\/ni\u00f1os (48%), ya sea por estar en el ejercicio del r\u00e9gimen de visitas (44%) o de custodia compartida (4%). S\u00f3lo en el 18% de los casos, el crimen se comete durante la convivencia. El lugar del asesinato principalmente es en casa del asesino (42%), sin presencia de otras personas (68%). Los agresores utilizan en su mayor\u00eda un arma punzante (cuchillo) para realizar los cr\u00edmenes; el tipo de arma, comprada ex profeso para cometer el asesinato y el contacto corporal nos indica, no solo la falta de empat\u00eda hacia las v\u00edctimas, sino adem\u00e1s, el dominio de la escena del agresor con la consecuente vulnerabilidad de las mismas. En ninguno de los casos analizados hab\u00eda una orden de protecci\u00f3n hacia los\/ las ni\u00f1os \/ ni\u00f1as y las v\u00edctimas suelen ser menores de entre 0 y 5 a\u00f1os (64%). En un 14% de la muestra las ni\u00f1as y ni\u00f1os manifestaron s\u00edntomas de estar siendo maltratados. Estos s\u00edntomas\/signos fueron principalmente cambios de conducta y quejas sobre la actitud del asesino. En un 96% de la muestra no hubo una evaluaci\u00f3n por parte de alg\u00fan\/a profesional (psic\u00f3logo\/a, servicios sociales, etc) sobre el estado de estos ni\u00f1os\/ni\u00f1as, o al menos, no se deja constancia en las causas judiciales \/hemeroteca.<\/p>\n<p>Las investigadoras destacan la ausencia de datos de las ni\u00f1as y ni\u00f1os asesinados, su conducta, el v\u00ednculo emocional con el agresor, etc., no visibilizadas en las causas juzgadas ni en la hemeroteca. Sonia Vaccaro y su equipo denuncian que \u201clas ni\u00f1as y los ni\u00f1os son invisibles en estas causas, no existen, no se les considera, no tienen voz y por lo mismo, falla la protecci\u00f3n que el Estado en general y las Instituciones en especial, deber\u00edan poder otorgarles. Su palabra es devaluada, al punto de silenciarla y se comete una discriminaci\u00f3n flagrante por causa de su edad, olvidando que son seres de derecho con derechos\u201d. Defienden que los asesinatos de ni\u00f1as y ni\u00f1os pueden y deben prevenirse; hay que extremar las actuaciones para que no sucedan y esperan que la legislaci\u00f3n al respecto se aplique y \u201cde lugar a una protecci\u00f3n efectiva, haciendo posible que ning\u00fan hombre violento les pueda utilizar como objetos para continuar da\u00f1ando a la madre. No sirve de nada ninguna acci\u00f3n tras la muerte de criaturas vulnerables que no pudieron ni elegir ni ponerse a salvo de las manos de su asesino. Nada puede resarcir el dolor de esas mujeres, nada har\u00e1 retornar a sus hijas e hijos. Un maltratador no es un buen padre, y mientras se privilegien sus derechos sobre los de las v\u00edctimas, no se podr\u00e1 impartir justicia\u201d, concluye el informe.<\/p>\n<p>&nbsp;<\/p>\n<p><strong>Contacto de prensa:<br \/>\n<\/strong>Susana Sarri\u00f3n s.sarriongarcia@gmail.com<br \/>\nSolicitar n\u00famero de tel\u00e9fono en los comentarios de esta nota.<\/p>\n<p>&nbsp;<\/p>\n","protected":false},"excerpt":{"rendered":"<p>El primer estudio sobre violencia vicaria extrema en Espa\u00f1a analiza 51 casos de una muestra de 400 causas. El estudio fue realizado por la psic\u00f3loga cl\u00ednica\u00a0Sonia Vaccaro y coordinado por la Asociaci\u00f3n de Mujeres de Psicolog\u00eda Feminista de Granada (Espa\u00f1a). \u2018Violencia vicaria: un golpe irreversible contra las madres\u2019 explica con datos las caracter\u00edsticas de esta [&hellip;]<\/p>\n","protected":false},"author":4,"featured_media":63771,"comment_status":"open","ping_status":"open","sticky":false,"template":"","format":"standard","meta":{"iawp_total_views":29,"footnotes":""},"categories":[1067,178,627,182,21,592],"tags":[4372,109,1070,5131,3024],"class_list":["post-63769","post","type-post","status-publish","format-standard","has-post-thumbnail","hentry","category-agenda-feminista","category-articulos-y-comunicados","category-genero-y-derechos-humanos","category-informes","category-noticias","category-violencias","tag-destacada","tag-investigacion","tag-violencia-machista","tag-violencia-patriarcal","tag-violencia-vicaria"],"nelio_content":{"autoShareEndMode":"never","automationSources":{"useCustomSentences":false,"customSentences":[]},"efiAlt":"","efiUrl":"","followers":[4],"highlights":[],"isAutoShareEnabled":true,"networkImageIds":[],"permalinkQueryArgs":[],"series":[],"suggestedReferences":[]},"yoast_head":"<!-- This site is optimized with the Yoast SEO plugin v27.4 - https:\/\/yoast.com\/product\/yoast-seo-wordpress\/ -->\n<title>El primer estudio sobre violencia vicaria extrema en Espa\u00f1a analiza 51 casos de asesinatos de ni\u00f1as, ni\u00f1os y adolescentes - Diario Digital Femenino<\/title>\n<meta name=\"description\" content=\"Primer estudio sobre violencia vicaria extrema. En Espa\u00f1a analizaron 51 casos de asesinatos de NNyA de una muestra de 400 causas\u00a0\" \/>\n<meta name=\"robots\" content=\"index, follow, max-snippet:-1, max-image-preview:large, max-video-preview:-1\" \/>\n<link rel=\"canonical\" href=\"https:\/\/diariofemenino.com.ar\/df\/el-primer-estudio-sobre-violencia-vicaria-extrema\/\" \/>\n<meta property=\"og:locale\" content=\"es_ES\" \/>\n<meta property=\"og:type\" content=\"article\" \/>\n<meta property=\"og:title\" content=\"El primer estudio sobre violencia vicaria extrema en Espa\u00f1a analiza 51 casos de asesinatos de ni\u00f1as, ni\u00f1os y adolescentes - Diario Digital Femenino\" \/>\n<meta property=\"og:description\" content=\"Primer estudio sobre violencia vicaria extrema. En Espa\u00f1a analizaron 51 casos de asesinatos de NNyA de una muestra de 400 causas\u00a0\" \/>\n<meta property=\"og:url\" content=\"https:\/\/diariofemenino.com.ar\/df\/el-primer-estudio-sobre-violencia-vicaria-extrema\/\" \/>\n<meta property=\"og:site_name\" content=\"Diario Digital Femenino\" \/>\n<meta property=\"article:publisher\" content=\"https:\/\/www.facebook.com\/DiarioDigitaFemenino\/\" \/>\n<meta property=\"article:published_time\" content=\"2022-04-06T11:17:42+00:00\" \/>\n<meta property=\"article:modified_time\" content=\"2022-04-06T13:15:50+00:00\" \/>\n<meta property=\"og:image\" content=\"https:\/\/diariofemenino.com.ar\/df\/wp-content\/uploads\/2022\/04\/ROEBJWVTJJG53FNKKAPEN6JQMM-1.jpg\" \/>\n\t<meta property=\"og:image:width\" content=\"1200\" \/>\n\t<meta property=\"og:image:height\" content=\"675\" \/>\n\t<meta property=\"og:image:type\" content=\"image\/jpeg\" \/>\n<meta name=\"author\" content=\"Admin\" \/>\n<meta name=\"twitter:card\" content=\"summary_large_image\" \/>\n<meta name=\"twitter:creator\" content=\"@DiarioFemenino1\" \/>\n<meta name=\"twitter:site\" content=\"@DiarioFemenino1\" \/>\n<meta name=\"twitter:label1\" content=\"Escrito por\" \/>\n\t<meta name=\"twitter:data1\" content=\"Admin\" \/>\n\t<meta name=\"twitter:label2\" content=\"Tiempo de lectura\" \/>\n\t<meta name=\"twitter:data2\" content=\"7 minutos\" \/>\n<script type=\"application\/ld+json\" class=\"yoast-schema-graph\">{\"@context\":\"https:\\\/\\\/schema.org\",\"@graph\":[{\"@type\":\"Article\",\"@id\":\"https:\\\/\\\/diariofemenino.com.ar\\\/df\\\/el-primer-estudio-sobre-violencia-vicaria-extrema\\\/#article\",\"isPartOf\":{\"@id\":\"https:\\\/\\\/diariofemenino.com.ar\\\/df\\\/el-primer-estudio-sobre-violencia-vicaria-extrema\\\/\"},\"author\":{\"name\":\"Admin\",\"@id\":\"https:\\\/\\\/diariofemenino.com.ar\\\/df\\\/#\\\/schema\\\/person\\\/bf6199e8158c657ea6f789b11ec85509\"},\"headline\":\"El primer estudio sobre violencia vicaria extrema en Espa\u00f1a analiza 51 casos de asesinatos de ni\u00f1as, ni\u00f1os y adolescentes\",\"datePublished\":\"2022-04-06T11:17:42+00:00\",\"dateModified\":\"2022-04-06T13:15:50+00:00\",\"mainEntityOfPage\":{\"@id\":\"https:\\\/\\\/diariofemenino.com.ar\\\/df\\\/el-primer-estudio-sobre-violencia-vicaria-extrema\\\/\"},\"wordCount\":1360,\"commentCount\":0,\"publisher\":{\"@id\":\"https:\\\/\\\/diariofemenino.com.ar\\\/df\\\/#organization\"},\"image\":{\"@id\":\"https:\\\/\\\/diariofemenino.com.ar\\\/df\\\/el-primer-estudio-sobre-violencia-vicaria-extrema\\\/#primaryimage\"},\"thumbnailUrl\":\"https:\\\/\\\/diariofemenino.com.ar\\\/df\\\/wp-content\\\/uploads\\\/2022\\\/04\\\/ROEBJWVTJJG53FNKKAPEN6JQMM-1.jpg\",\"keywords\":[\"Destacada\",\"Investigaci\u00f3n\",\"Violencia Machista\",\"Violencia patriarcal\",\"Violencia vicaria\"],\"articleSection\":[\"Agenda Feminista\",\"Art\u00edculos y Comunicados\",\"G\u00e9nero y Derechos Humanos\",\"Informes\",\"Noticias\",\"Violencias\"],\"inLanguage\":\"es\",\"potentialAction\":[{\"@type\":\"CommentAction\",\"name\":\"Comment\",\"target\":[\"https:\\\/\\\/diariofemenino.com.ar\\\/df\\\/el-primer-estudio-sobre-violencia-vicaria-extrema\\\/#respond\"]}]},{\"@type\":\"WebPage\",\"@id\":\"https:\\\/\\\/diariofemenino.com.ar\\\/df\\\/el-primer-estudio-sobre-violencia-vicaria-extrema\\\/\",\"url\":\"https:\\\/\\\/diariofemenino.com.ar\\\/df\\\/el-primer-estudio-sobre-violencia-vicaria-extrema\\\/\",\"name\":\"El primer estudio sobre violencia vicaria extrema en Espa\u00f1a analiza 51 casos de asesinatos de ni\u00f1as, ni\u00f1os y adolescentes - Diario Digital Femenino\",\"isPartOf\":{\"@id\":\"https:\\\/\\\/diariofemenino.com.ar\\\/df\\\/#website\"},\"primaryImageOfPage\":{\"@id\":\"https:\\\/\\\/diariofemenino.com.ar\\\/df\\\/el-primer-estudio-sobre-violencia-vicaria-extrema\\\/#primaryimage\"},\"image\":{\"@id\":\"https:\\\/\\\/diariofemenino.com.ar\\\/df\\\/el-primer-estudio-sobre-violencia-vicaria-extrema\\\/#primaryimage\"},\"thumbnailUrl\":\"https:\\\/\\\/diariofemenino.com.ar\\\/df\\\/wp-content\\\/uploads\\\/2022\\\/04\\\/ROEBJWVTJJG53FNKKAPEN6JQMM-1.jpg\",\"datePublished\":\"2022-04-06T11:17:42+00:00\",\"dateModified\":\"2022-04-06T13:15:50+00:00\",\"description\":\"Primer estudio sobre violencia vicaria extrema. En Espa\u00f1a analizaron 51 casos de asesinatos de NNyA de una muestra de 400 causas\u00a0\",\"breadcrumb\":{\"@id\":\"https:\\\/\\\/diariofemenino.com.ar\\\/df\\\/el-primer-estudio-sobre-violencia-vicaria-extrema\\\/#breadcrumb\"},\"inLanguage\":\"es\",\"potentialAction\":[{\"@type\":\"ReadAction\",\"target\":[\"https:\\\/\\\/diariofemenino.com.ar\\\/df\\\/el-primer-estudio-sobre-violencia-vicaria-extrema\\\/\"]}]},{\"@type\":\"ImageObject\",\"inLanguage\":\"es\",\"@id\":\"https:\\\/\\\/diariofemenino.com.ar\\\/df\\\/el-primer-estudio-sobre-violencia-vicaria-extrema\\\/#primaryimage\",\"url\":\"https:\\\/\\\/diariofemenino.com.ar\\\/df\\\/wp-content\\\/uploads\\\/2022\\\/04\\\/ROEBJWVTJJG53FNKKAPEN6JQMM-1.jpg\",\"contentUrl\":\"https:\\\/\\\/diariofemenino.com.ar\\\/df\\\/wp-content\\\/uploads\\\/2022\\\/04\\\/ROEBJWVTJJG53FNKKAPEN6JQMM-1.jpg\",\"width\":1200,\"height\":675,\"caption\":\"El primer estudio sobre violencia vicaria extrema en Espa\u00f1a analiza 51 casos de asesinatos de ni\u00f1as, ni\u00f1os y adolescentes\"},{\"@type\":\"BreadcrumbList\",\"@id\":\"https:\\\/\\\/diariofemenino.com.ar\\\/df\\\/el-primer-estudio-sobre-violencia-vicaria-extrema\\\/#breadcrumb\",\"itemListElement\":[{\"@type\":\"ListItem\",\"position\":1,\"name\":\"Portada\",\"item\":\"https:\\\/\\\/diariofemenino.com.ar\\\/df\\\/\"},{\"@type\":\"ListItem\",\"position\":2,\"name\":\"El primer estudio sobre violencia vicaria extrema en Espa\u00f1a analiza 51 casos de asesinatos de ni\u00f1as, ni\u00f1os y adolescentes\"}]},{\"@type\":\"WebSite\",\"@id\":\"https:\\\/\\\/diariofemenino.com.ar\\\/df\\\/#website\",\"url\":\"https:\\\/\\\/diariofemenino.com.ar\\\/df\\\/\",\"name\":\"Diario Digital Femenino\",\"description\":\"Cuesti\u00f3n de G\u00e9nero\",\"publisher\":{\"@id\":\"https:\\\/\\\/diariofemenino.com.ar\\\/df\\\/#organization\"},\"potentialAction\":[{\"@type\":\"SearchAction\",\"target\":{\"@type\":\"EntryPoint\",\"urlTemplate\":\"https:\\\/\\\/diariofemenino.com.ar\\\/df\\\/?s={search_term_string}\"},\"query-input\":{\"@type\":\"PropertyValueSpecification\",\"valueRequired\":true,\"valueName\":\"search_term_string\"}}],\"inLanguage\":\"es\"},{\"@type\":\"Organization\",\"@id\":\"https:\\\/\\\/diariofemenino.com.ar\\\/df\\\/#organization\",\"name\":\"Diario Femenino\",\"url\":\"https:\\\/\\\/diariofemenino.com.ar\\\/df\\\/\",\"logo\":{\"@type\":\"ImageObject\",\"inLanguage\":\"es\",\"@id\":\"https:\\\/\\\/diariofemenino.com.ar\\\/df\\\/#\\\/schema\\\/logo\\\/image\\\/\",\"url\":\"https:\\\/\\\/diariofemenino.com.ar\\\/df\\\/wp-content\\\/uploads\\\/2018\\\/10\\\/logo.png\",\"contentUrl\":\"https:\\\/\\\/diariofemenino.com.ar\\\/df\\\/wp-content\\\/uploads\\\/2018\\\/10\\\/logo.png\",\"width\":500,\"height\":92,\"caption\":\"Diario Femenino\"},\"image\":{\"@id\":\"https:\\\/\\\/diariofemenino.com.ar\\\/df\\\/#\\\/schema\\\/logo\\\/image\\\/\"},\"sameAs\":[\"https:\\\/\\\/www.facebook.com\\\/DiarioDigitaFemenino\\\/\",\"https:\\\/\\\/x.com\\\/DiarioFemenino1\"]},{\"@type\":\"Person\",\"@id\":\"https:\\\/\\\/diariofemenino.com.ar\\\/df\\\/#\\\/schema\\\/person\\\/bf6199e8158c657ea6f789b11ec85509\",\"name\":\"Admin\",\"image\":{\"@type\":\"ImageObject\",\"inLanguage\":\"es\",\"@id\":\"https:\\\/\\\/diariofemenino.com.ar\\\/df\\\/wp-content\\\/uploads\\\/2018\\\/12\\\/favicon-150x150.jpg\",\"url\":\"https:\\\/\\\/diariofemenino.com.ar\\\/df\\\/wp-content\\\/uploads\\\/2018\\\/12\\\/favicon-150x150.jpg\",\"contentUrl\":\"https:\\\/\\\/diariofemenino.com.ar\\\/df\\\/wp-content\\\/uploads\\\/2018\\\/12\\\/favicon-150x150.jpg\",\"caption\":\"Admin\"},\"url\":\"https:\\\/\\\/diariofemenino.com.ar\\\/df\\\/author\\\/lenny\\\/\"}]}<\/script>\n<!-- \/ Yoast SEO plugin. -->","yoast_head_json":{"title":"El primer estudio sobre violencia vicaria extrema en Espa\u00f1a analiza 51 casos de asesinatos de ni\u00f1as, ni\u00f1os y adolescentes - Diario Digital Femenino","description":"Primer estudio sobre violencia vicaria extrema. En Espa\u00f1a analizaron 51 casos de asesinatos de NNyA de una muestra de 400 causas\u00a0","robots":{"index":"index","follow":"follow","max-snippet":"max-snippet:-1","max-image-preview":"max-image-preview:large","max-video-preview":"max-video-preview:-1"},"canonical":"https:\/\/diariofemenino.com.ar\/df\/el-primer-estudio-sobre-violencia-vicaria-extrema\/","og_locale":"es_ES","og_type":"article","og_title":"El primer estudio sobre violencia vicaria extrema en Espa\u00f1a analiza 51 casos de asesinatos de ni\u00f1as, ni\u00f1os y adolescentes - Diario Digital Femenino","og_description":"Primer estudio sobre violencia vicaria extrema. En Espa\u00f1a analizaron 51 casos de asesinatos de NNyA de una muestra de 400 causas\u00a0","og_url":"https:\/\/diariofemenino.com.ar\/df\/el-primer-estudio-sobre-violencia-vicaria-extrema\/","og_site_name":"Diario Digital Femenino","article_publisher":"https:\/\/www.facebook.com\/DiarioDigitaFemenino\/","article_published_time":"2022-04-06T11:17:42+00:00","article_modified_time":"2022-04-06T13:15:50+00:00","og_image":[{"width":1200,"height":675,"url":"https:\/\/diariofemenino.com.ar\/df\/wp-content\/uploads\/2022\/04\/ROEBJWVTJJG53FNKKAPEN6JQMM-1.jpg","type":"image\/jpeg"}],"author":"Admin","twitter_card":"summary_large_image","twitter_creator":"@DiarioFemenino1","twitter_site":"@DiarioFemenino1","twitter_misc":{"Escrito por":"Admin","Tiempo de lectura":"7 minutos"},"schema":{"@context":"https:\/\/schema.org","@graph":[{"@type":"Article","@id":"https:\/\/diariofemenino.com.ar\/df\/el-primer-estudio-sobre-violencia-vicaria-extrema\/#article","isPartOf":{"@id":"https:\/\/diariofemenino.com.ar\/df\/el-primer-estudio-sobre-violencia-vicaria-extrema\/"},"author":{"name":"Admin","@id":"https:\/\/diariofemenino.com.ar\/df\/#\/schema\/person\/bf6199e8158c657ea6f789b11ec85509"},"headline":"El primer estudio sobre violencia vicaria extrema en Espa\u00f1a analiza 51 casos de asesinatos de ni\u00f1as, ni\u00f1os y adolescentes","datePublished":"2022-04-06T11:17:42+00:00","dateModified":"2022-04-06T13:15:50+00:00","mainEntityOfPage":{"@id":"https:\/\/diariofemenino.com.ar\/df\/el-primer-estudio-sobre-violencia-vicaria-extrema\/"},"wordCount":1360,"commentCount":0,"publisher":{"@id":"https:\/\/diariofemenino.com.ar\/df\/#organization"},"image":{"@id":"https:\/\/diariofemenino.com.ar\/df\/el-primer-estudio-sobre-violencia-vicaria-extrema\/#primaryimage"},"thumbnailUrl":"https:\/\/diariofemenino.com.ar\/df\/wp-content\/uploads\/2022\/04\/ROEBJWVTJJG53FNKKAPEN6JQMM-1.jpg","keywords":["Destacada","Investigaci\u00f3n","Violencia Machista","Violencia patriarcal","Violencia vicaria"],"articleSection":["Agenda Feminista","Art\u00edculos y Comunicados","G\u00e9nero y Derechos Humanos","Informes","Noticias","Violencias"],"inLanguage":"es","potentialAction":[{"@type":"CommentAction","name":"Comment","target":["https:\/\/diariofemenino.com.ar\/df\/el-primer-estudio-sobre-violencia-vicaria-extrema\/#respond"]}]},{"@type":"WebPage","@id":"https:\/\/diariofemenino.com.ar\/df\/el-primer-estudio-sobre-violencia-vicaria-extrema\/","url":"https:\/\/diariofemenino.com.ar\/df\/el-primer-estudio-sobre-violencia-vicaria-extrema\/","name":"El primer estudio sobre violencia vicaria extrema en Espa\u00f1a analiza 51 casos de asesinatos de ni\u00f1as, ni\u00f1os y adolescentes - Diario Digital Femenino","isPartOf":{"@id":"https:\/\/diariofemenino.com.ar\/df\/#website"},"primaryImageOfPage":{"@id":"https:\/\/diariofemenino.com.ar\/df\/el-primer-estudio-sobre-violencia-vicaria-extrema\/#primaryimage"},"image":{"@id":"https:\/\/diariofemenino.com.ar\/df\/el-primer-estudio-sobre-violencia-vicaria-extrema\/#primaryimage"},"thumbnailUrl":"https:\/\/diariofemenino.com.ar\/df\/wp-content\/uploads\/2022\/04\/ROEBJWVTJJG53FNKKAPEN6JQMM-1.jpg","datePublished":"2022-04-06T11:17:42+00:00","dateModified":"2022-04-06T13:15:50+00:00","description":"Primer estudio sobre violencia vicaria extrema. En Espa\u00f1a analizaron 51 casos de asesinatos de NNyA de una muestra de 400 causas\u00a0","breadcrumb":{"@id":"https:\/\/diariofemenino.com.ar\/df\/el-primer-estudio-sobre-violencia-vicaria-extrema\/#breadcrumb"},"inLanguage":"es","potentialAction":[{"@type":"ReadAction","target":["https:\/\/diariofemenino.com.ar\/df\/el-primer-estudio-sobre-violencia-vicaria-extrema\/"]}]},{"@type":"ImageObject","inLanguage":"es","@id":"https:\/\/diariofemenino.com.ar\/df\/el-primer-estudio-sobre-violencia-vicaria-extrema\/#primaryimage","url":"https:\/\/diariofemenino.com.ar\/df\/wp-content\/uploads\/2022\/04\/ROEBJWVTJJG53FNKKAPEN6JQMM-1.jpg","contentUrl":"https:\/\/diariofemenino.com.ar\/df\/wp-content\/uploads\/2022\/04\/ROEBJWVTJJG53FNKKAPEN6JQMM-1.jpg","width":1200,"height":675,"caption":"El primer estudio sobre violencia vicaria extrema en Espa\u00f1a analiza 51 casos de asesinatos de ni\u00f1as, ni\u00f1os y adolescentes"},{"@type":"BreadcrumbList","@id":"https:\/\/diariofemenino.com.ar\/df\/el-primer-estudio-sobre-violencia-vicaria-extrema\/#breadcrumb","itemListElement":[{"@type":"ListItem","position":1,"name":"Portada","item":"https:\/\/diariofemenino.com.ar\/df\/"},{"@type":"ListItem","position":2,"name":"El primer estudio sobre violencia vicaria extrema en Espa\u00f1a analiza 51 casos de asesinatos de ni\u00f1as, ni\u00f1os y adolescentes"}]},{"@type":"WebSite","@id":"https:\/\/diariofemenino.com.ar\/df\/#website","url":"https:\/\/diariofemenino.com.ar\/df\/","name":"Diario Digital Femenino","description":"Cuesti\u00f3n de G\u00e9nero","publisher":{"@id":"https:\/\/diariofemenino.com.ar\/df\/#organization"},"potentialAction":[{"@type":"SearchAction","target":{"@type":"EntryPoint","urlTemplate":"https:\/\/diariofemenino.com.ar\/df\/?s={search_term_string}"},"query-input":{"@type":"PropertyValueSpecification","valueRequired":true,"valueName":"search_term_string"}}],"inLanguage":"es"},{"@type":"Organization","@id":"https:\/\/diariofemenino.com.ar\/df\/#organization","name":"Diario Femenino","url":"https:\/\/diariofemenino.com.ar\/df\/","logo":{"@type":"ImageObject","inLanguage":"es","@id":"https:\/\/diariofemenino.com.ar\/df\/#\/schema\/logo\/image\/","url":"https:\/\/diariofemenino.com.ar\/df\/wp-content\/uploads\/2018\/10\/logo.png","contentUrl":"https:\/\/diariofemenino.com.ar\/df\/wp-content\/uploads\/2018\/10\/logo.png","width":500,"height":92,"caption":"Diario Femenino"},"image":{"@id":"https:\/\/diariofemenino.com.ar\/df\/#\/schema\/logo\/image\/"},"sameAs":["https:\/\/www.facebook.com\/DiarioDigitaFemenino\/","https:\/\/x.com\/DiarioFemenino1"]},{"@type":"Person","@id":"https:\/\/diariofemenino.com.ar\/df\/#\/schema\/person\/bf6199e8158c657ea6f789b11ec85509","name":"Admin","image":{"@type":"ImageObject","inLanguage":"es","@id":"https:\/\/diariofemenino.com.ar\/df\/wp-content\/uploads\/2018\/12\/favicon-150x150.jpg","url":"https:\/\/diariofemenino.com.ar\/df\/wp-content\/uploads\/2018\/12\/favicon-150x150.jpg","contentUrl":"https:\/\/diariofemenino.com.ar\/df\/wp-content\/uploads\/2018\/12\/favicon-150x150.jpg","caption":"Admin"},"url":"https:\/\/diariofemenino.com.ar\/df\/author\/lenny\/"}]}},"jetpack_featured_media_url":"https:\/\/diariofemenino.com.ar\/df\/wp-content\/uploads\/2022\/04\/ROEBJWVTJJG53FNKKAPEN6JQMM-1.jpg","jetpack_sharing_enabled":true,"rttpg_featured_image_url":{"full":["https:\/\/diariofemenino.com.ar\/df\/wp-content\/uploads\/2022\/04\/ROEBJWVTJJG53FNKKAPEN6JQMM-1.jpg",1200,675,false],"landscape":["https:\/\/diariofemenino.com.ar\/df\/wp-content\/uploads\/2022\/04\/ROEBJWVTJJG53FNKKAPEN6JQMM-1.jpg",1200,675,false],"portraits":["https:\/\/diariofemenino.com.ar\/df\/wp-content\/uploads\/2022\/04\/ROEBJWVTJJG53FNKKAPEN6JQMM-1.jpg",1200,675,false],"thumbnail":["https:\/\/diariofemenino.com.ar\/df\/wp-content\/uploads\/2022\/04\/ROEBJWVTJJG53FNKKAPEN6JQMM-1-150x150.jpg",150,150,true],"medium":["https:\/\/diariofemenino.com.ar\/df\/wp-content\/uploads\/2022\/04\/ROEBJWVTJJG53FNKKAPEN6JQMM-1-300x169.jpg",300,169,true],"large":["https:\/\/diariofemenino.com.ar\/df\/wp-content\/uploads\/2022\/04\/ROEBJWVTJJG53FNKKAPEN6JQMM-1-1024x576.jpg",1024,576,true],"1536x1536":["https:\/\/diariofemenino.com.ar\/df\/wp-content\/uploads\/2022\/04\/ROEBJWVTJJG53FNKKAPEN6JQMM-1.jpg",1200,675,false],"2048x2048":["https:\/\/diariofemenino.com.ar\/df\/wp-content\/uploads\/2022\/04\/ROEBJWVTJJG53FNKKAPEN6JQMM-1.jpg",1200,675,false]},"rttpg_author":{"display_name":"Admin","author_link":"https:\/\/diariofemenino.com.ar\/df\/author\/lenny\/"},"rttpg_comment":0,"rttpg_category":"<a href=\"https:\/\/diariofemenino.com.ar\/df\/category\/agenda-feminista\/\" rel=\"category tag\">Agenda Feminista<\/a> <a href=\"https:\/\/diariofemenino.com.ar\/df\/category\/articulos-y-comunicados\/\" rel=\"category tag\">Art\u00edculos y Comunicados<\/a> <a href=\"https:\/\/diariofemenino.com.ar\/df\/category\/genero-y-derechos-humanos\/\" rel=\"category tag\">G\u00e9nero y Derechos Humanos<\/a> <a href=\"https:\/\/diariofemenino.com.ar\/df\/category\/informes\/\" rel=\"category tag\">Informes<\/a> <a href=\"https:\/\/diariofemenino.com.ar\/df\/category\/noticias\/\" rel=\"category tag\">Noticias<\/a> <a href=\"https:\/\/diariofemenino.com.ar\/df\/category\/violencias\/\" rel=\"category tag\">Violencias<\/a>","rttpg_excerpt":"El primer estudio sobre violencia vicaria extrema en Espa\u00f1a analiza 51 casos de una muestra de 400 causas. El estudio fue realizado por la psic\u00f3loga cl\u00ednica\u00a0Sonia Vaccaro y coordinado por la Asociaci\u00f3n de Mujeres de Psicolog\u00eda Feminista de Granada (Espa\u00f1a). \u2018Violencia vicaria: un golpe irreversible contra las madres\u2019 explica con datos las caracter\u00edsticas de esta&hellip;","_links":{"self":[{"href":"https:\/\/diariofemenino.com.ar\/df\/wp-json\/wp\/v2\/posts\/63769","targetHints":{"allow":["GET"]}}],"collection":[{"href":"https:\/\/diariofemenino.com.ar\/df\/wp-json\/wp\/v2\/posts"}],"about":[{"href":"https:\/\/diariofemenino.com.ar\/df\/wp-json\/wp\/v2\/types\/post"}],"author":[{"embeddable":true,"href":"https:\/\/diariofemenino.com.ar\/df\/wp-json\/wp\/v2\/users\/4"}],"replies":[{"embeddable":true,"href":"https:\/\/diariofemenino.com.ar\/df\/wp-json\/wp\/v2\/comments?post=63769"}],"version-history":[{"count":0,"href":"https:\/\/diariofemenino.com.ar\/df\/wp-json\/wp\/v2\/posts\/63769\/revisions"}],"wp:featuredmedia":[{"embeddable":true,"href":"https:\/\/diariofemenino.com.ar\/df\/wp-json\/wp\/v2\/media\/63771"}],"wp:attachment":[{"href":"https:\/\/diariofemenino.com.ar\/df\/wp-json\/wp\/v2\/media?parent=63769"}],"wp:term":[{"taxonomy":"category","embeddable":true,"href":"https:\/\/diariofemenino.com.ar\/df\/wp-json\/wp\/v2\/categories?post=63769"},{"taxonomy":"post_tag","embeddable":true,"href":"https:\/\/diariofemenino.com.ar\/df\/wp-json\/wp\/v2\/tags?post=63769"}],"curies":[{"name":"wp","href":"https:\/\/api.w.org\/{rel}","templated":true}]}}