{"id":63752,"date":"2022-04-04T16:20:04","date_gmt":"2022-04-04T19:20:04","guid":{"rendered":"https:\/\/diariofemenino.com.ar\/df\/?p=63752"},"modified":"2022-04-04T16:20:04","modified_gmt":"2022-04-04T19:20:04","slug":"a-cinco-anos-de-su-femicidio-micaela-garcia-la-chica-de-la-sonrisa-eterna-un-libro-que-la-homenajea-a-traves-de-su-vida","status":"publish","type":"post","link":"https:\/\/diariofemenino.com.ar\/df\/a-cinco-anos-de-su-femicidio-micaela-garcia-la-chica-de-la-sonrisa-eterna-un-libro-que-la-homenajea-a-traves-de-su-vida\/","title":{"rendered":"A cinco a\u00f1os de su femicidio: Micaela Garc\u00eda. La chica de la sonrisa eterna, un libro que la homenajea a trav\u00e9s de su vida"},"content":{"rendered":"<p>A cinco a\u00f1os de su femicidio\u00a0<a href=\"https:\/\/chirimbote.com.ar\/\">Editorial Chirimbote<\/a> lanza MICAELA GARC\u00cdA. La chica de la sonrisa eterna, del periodista Santiago Garc\u00eda. Se trata de una investigaci\u00f3n que lleva cinco a\u00f1os y se inici\u00f3 tras la desaparici\u00f3n de la joven en Gualeguay, Entre R\u00edos, el 1 de abril del 2017. Aborda su historia de vida y militancia desde la voz de su familia y amistades.<\/p>\n<figure id=\"attachment_63753\" aria-describedby=\"caption-attachment-63753\" style=\"width: 366px\" class=\"wp-caption alignleft\"><img loading=\"lazy\" decoding=\"async\" class=\" wp-image-63753\" src=\"https:\/\/diariofemenino.com.ar\/df\/wp-content\/uploads\/2022\/04\/Tapa-MICA-GARC\u00cdA.jpg\" alt=\"A cinco a\u00f1os de su femicidio: Micaela Garc\u00eda. La chica de la sonrisa eterna, un libro que la homenajea a trav\u00e9s de su vida\" width=\"366\" height=\"539\" srcset=\"https:\/\/diariofemenino.com.ar\/df\/wp-content\/uploads\/2022\/04\/Tapa-MICA-GARC\u00cdA.jpg 589w, https:\/\/diariofemenino.com.ar\/df\/wp-content\/uploads\/2022\/04\/Tapa-MICA-GARC\u00cdA-204x300.jpg 204w\" sizes=\"auto, (max-width: 366px) 100vw, 366px\" \/><figcaption id=\"caption-attachment-63753\" class=\"wp-caption-text\">A cinco a\u00f1os de su femicidio: Micaela Garc\u00eda. La chica de la sonrisa eterna, un libro que la homenajea a trav\u00e9s de su vida<\/figcaption><\/figure>\n<p>\u201cLo central de este libro es la historia de vida de Mica\u201d, remarca Santiago Garc\u00eda, docente y periodista que vivi\u00f3 la mayor parte de su vida en Entre R\u00edos. Su investigaci\u00f3n comenz\u00f3 el mismo d\u00eda en que desapareci\u00f3 la joven, cuya militancia trascendi\u00f3 su femicidio \u2013que devel\u00f3 la violencia machista enquistada en las instituciones.<\/p>\n<p>Escrito a partir de m\u00e1s de 50 entrevistas, <a href=\"https:\/\/diariofemenino.com.ar\/df\/micaela-garcia-una-antiprincesa-contra-la-violencia-de-genero\/\">MICAELA GARC\u00cdA<\/a>. La chica de la sonrisa eterna (Edici\u00f3n Chirimbote) cuenta su infancia vinculada al deporte y a la pol\u00edtica; su carrera, Educaci\u00f3n F\u00edsica; su militancia; pero tambi\u00e9n encara su b\u00fasqueda, \u201cque fue muy dolorosa, y el femicidio desde el punto de vista de la Justicia, porque hay un femicida que sigue en libertad\u201d.<\/p>\n<p>\u201cSe aborda desde la libertad de Sebastian Wagner, cuando el juez Carlos Rossi se la dio y eso permiti\u00f3 que cometiera el femicidio de Mica; hasta la actualidad, mientras esperamos la resoluci\u00f3n de la situaci\u00f3n de N\u00e9stor Pav\u00f3n, que es el otro femicida. En este libro hay muchos elementos para dar cuenta de c\u00f3mo fue el accionar de \u00e9ste antes, durante y despu\u00e9s del femicidio\u201d, indica el autor.<\/p>\n<p>Adem\u00e1s, la Fundaci\u00f3n Mica Garc\u00eda suma los alcances de <a href=\"http:\/\/servicios.infoleg.gob.ar\/infolegInternet\/anexos\/315000-319999\/318666\/norma.htm\">Ley 27.499<\/a> \u2013que lleva el nombre de la joven- que establece una <a href=\"https:\/\/diariofemenino.com.ar\/df\/jueza-pidio-a-abogados-que-se-capaciten-en-ley-micaela\/\">capacitaci\u00f3n obligatoria<\/a> en materia de g\u00e9nero y violencia machista para las personas que desempe\u00f1an funciones en los poderes Ejecutivo, Legislativo y Judicial de la Naci\u00f3n en materia de g\u00e9nero y violencia machista; para que verdaderamente no haya ni una menos.<\/p>\n<p>Mica est\u00e1 presente, como para que nos neguemos a olvidarla: Su sonrisa es tan brillante que encandila. Y est\u00e1 ah\u00ed, eterna y fresca, como ayer, como hoy y como siempre. Nos conmueve, nos empuja, nos contagia, nos sacude, nos obliga a contar la historia de la chica de la sonrisa que se nos qued\u00f3 pegada en el coraz\u00f3n. Y ah\u00ed vamos.<\/p>\n<p>Prensa Editorial Chirimbote: Jesica Farias: <a href=\"mailto:prensa.chirimbote@gmail.com\">prensa.chirimbote@gmail.com<\/a><\/p>\n","protected":false},"excerpt":{"rendered":"<p>A cinco a\u00f1os de su femicidio\u00a0Editorial Chirimbote lanza MICAELA GARC\u00cdA. La chica de la sonrisa eterna, del periodista Santiago Garc\u00eda. Se trata de una investigaci\u00f3n que lleva cinco a\u00f1os y se inici\u00f3 tras la desaparici\u00f3n de la joven en Gualeguay, Entre R\u00edos, el 1 de abril del 2017. Aborda su historia de vida y militancia [&hellip;]<\/p>\n","protected":false},"author":4,"featured_media":63754,"comment_status":"open","ping_status":"open","sticky":false,"template":"","format":"standard","meta":{"iawp_total_views":15,"footnotes":""},"categories":[7,1067,581,9,32,592],"tags":[208,5127,5128,1437,1420],"class_list":["post-63752","post","type-post","status-publish","format-standard","has-post-thumbnail","hentry","category-actividades","category-agenda-feminista","category-azul-profundo","category-de-esi-si-se-habla","category-mujeres","category-violencias","tag-femicidio","tag-5-anos","tag-ley-27-499","tag-ley-micaela","tag-micaela-garcia"],"nelio_content":{"autoShareEndMode":"never","automationSources":{"useCustomSentences":false,"customSentences":[]},"efiAlt":"","efiUrl":"","followers":[4],"highlights":[],"isAutoShareEnabled":true,"networkImageIds":[],"permalinkQueryArgs":[],"series":[],"suggestedReferences":[]},"yoast_head":"<!-- This site is optimized with the Yoast SEO plugin v27.5 - https:\/\/yoast.com\/product\/yoast-seo-wordpress\/ -->\n<title>A cinco a\u00f1os de su femicidio: Micaela Garc\u00eda. La chica de la sonrisa eterna, un libro que la homenajea a trav\u00e9s de su vida - Diario Digital Femenino<\/title>\n<meta name=\"description\" content=\"A cinco a\u00f1os de su femicidio, Editorial Chirimbote lanza MICAELA GARC\u00cdA. La chica de la sonrisa eterna, del periodista Santiago Garc\u00eda.\" \/>\n<meta name=\"robots\" content=\"index, follow, max-snippet:-1, max-image-preview:large, max-video-preview:-1\" \/>\n<link rel=\"canonical\" href=\"https:\/\/diariofemenino.com.ar\/df\/a-cinco-anos-de-su-femicidio-micaela-garcia-la-chica-de-la-sonrisa-eterna-un-libro-que-la-homenajea-a-traves-de-su-vida\/\" \/>\n<meta property=\"og:locale\" content=\"es_ES\" \/>\n<meta property=\"og:type\" content=\"article\" \/>\n<meta property=\"og:title\" content=\"A cinco a\u00f1os de su femicidio: Micaela Garc\u00eda. La chica de la sonrisa eterna, un libro que la homenajea a trav\u00e9s de su vida - Diario Digital Femenino\" \/>\n<meta property=\"og:description\" content=\"A cinco a\u00f1os de su femicidio, Editorial Chirimbote lanza MICAELA GARC\u00cdA. La chica de la sonrisa eterna, del periodista Santiago Garc\u00eda.\" \/>\n<meta property=\"og:url\" content=\"https:\/\/diariofemenino.com.ar\/df\/a-cinco-anos-de-su-femicidio-micaela-garcia-la-chica-de-la-sonrisa-eterna-un-libro-que-la-homenajea-a-traves-de-su-vida\/\" \/>\n<meta property=\"og:site_name\" content=\"Diario Digital Femenino\" \/>\n<meta property=\"article:publisher\" content=\"https:\/\/www.facebook.com\/DiarioDigitaFemenino\/\" \/>\n<meta property=\"article:published_time\" content=\"2022-04-04T19:20:04+00:00\" \/>\n<meta property=\"og:image\" content=\"https:\/\/diariofemenino.com.ar\/df\/wp-content\/uploads\/2022\/04\/Tapa-MICA-GARC\u00cdA1.jpg\" \/>\n\t<meta property=\"og:image:width\" content=\"585\" \/>\n\t<meta property=\"og:image:height\" content=\"647\" \/>\n\t<meta property=\"og:image:type\" content=\"image\/jpeg\" \/>\n<meta name=\"author\" content=\"Admin\" \/>\n<meta name=\"twitter:card\" content=\"summary_large_image\" \/>\n<meta name=\"twitter:creator\" content=\"@DiarioFemenino1\" \/>\n<meta name=\"twitter:site\" content=\"@DiarioFemenino1\" \/>\n<meta name=\"twitter:label1\" content=\"Escrito por\" \/>\n\t<meta name=\"twitter:data1\" content=\"Admin\" \/>\n\t<meta name=\"twitter:label2\" content=\"Tiempo de lectura\" \/>\n\t<meta name=\"twitter:data2\" content=\"2 minutos\" \/>\n<script type=\"application\/ld+json\" class=\"yoast-schema-graph\">{\"@context\":\"https:\\\/\\\/schema.org\",\"@graph\":[{\"@type\":\"Article\",\"@id\":\"https:\\\/\\\/diariofemenino.com.ar\\\/df\\\/a-cinco-anos-de-su-femicidio-micaela-garcia-la-chica-de-la-sonrisa-eterna-un-libro-que-la-homenajea-a-traves-de-su-vida\\\/#article\",\"isPartOf\":{\"@id\":\"https:\\\/\\\/diariofemenino.com.ar\\\/df\\\/a-cinco-anos-de-su-femicidio-micaela-garcia-la-chica-de-la-sonrisa-eterna-un-libro-que-la-homenajea-a-traves-de-su-vida\\\/\"},\"author\":{\"name\":\"Admin\",\"@id\":\"https:\\\/\\\/diariofemenino.com.ar\\\/df\\\/#\\\/schema\\\/person\\\/bf6199e8158c657ea6f789b11ec85509\"},\"headline\":\"A cinco a\u00f1os de su femicidio: Micaela Garc\u00eda. La chica de la sonrisa eterna, un libro que la homenajea a trav\u00e9s de su vida\",\"datePublished\":\"2022-04-04T19:20:04+00:00\",\"mainEntityOfPage\":{\"@id\":\"https:\\\/\\\/diariofemenino.com.ar\\\/df\\\/a-cinco-anos-de-su-femicidio-micaela-garcia-la-chica-de-la-sonrisa-eterna-un-libro-que-la-homenajea-a-traves-de-su-vida\\\/\"},\"wordCount\":470,\"commentCount\":0,\"publisher\":{\"@id\":\"https:\\\/\\\/diariofemenino.com.ar\\\/df\\\/#organization\"},\"image\":{\"@id\":\"https:\\\/\\\/diariofemenino.com.ar\\\/df\\\/a-cinco-anos-de-su-femicidio-micaela-garcia-la-chica-de-la-sonrisa-eterna-un-libro-que-la-homenajea-a-traves-de-su-vida\\\/#primaryimage\"},\"thumbnailUrl\":\"https:\\\/\\\/diariofemenino.com.ar\\\/df\\\/wp-content\\\/uploads\\\/2022\\\/04\\\/Tapa-MICA-GARC\u00cdA1.jpg\",\"keywords\":[\"#femicidio\",\"5 a\u00f1os\",\"Ley 27.499\",\"Ley Micaela\",\"Micaela Garc\u00eda\"],\"articleSection\":[\"Actividades\",\"Agenda Feminista\",\"Azul Profundo\",\"De ESI S\u00ed Se Habla\",\"Mujeres\",\"Violencias\"],\"inLanguage\":\"es\",\"potentialAction\":[{\"@type\":\"CommentAction\",\"name\":\"Comment\",\"target\":[\"https:\\\/\\\/diariofemenino.com.ar\\\/df\\\/a-cinco-anos-de-su-femicidio-micaela-garcia-la-chica-de-la-sonrisa-eterna-un-libro-que-la-homenajea-a-traves-de-su-vida\\\/#respond\"]}]},{\"@type\":\"WebPage\",\"@id\":\"https:\\\/\\\/diariofemenino.com.ar\\\/df\\\/a-cinco-anos-de-su-femicidio-micaela-garcia-la-chica-de-la-sonrisa-eterna-un-libro-que-la-homenajea-a-traves-de-su-vida\\\/\",\"url\":\"https:\\\/\\\/diariofemenino.com.ar\\\/df\\\/a-cinco-anos-de-su-femicidio-micaela-garcia-la-chica-de-la-sonrisa-eterna-un-libro-que-la-homenajea-a-traves-de-su-vida\\\/\",\"name\":\"A cinco a\u00f1os de su femicidio: Micaela Garc\u00eda. La chica de la sonrisa eterna, un libro que la homenajea a trav\u00e9s de su vida - Diario Digital Femenino\",\"isPartOf\":{\"@id\":\"https:\\\/\\\/diariofemenino.com.ar\\\/df\\\/#website\"},\"primaryImageOfPage\":{\"@id\":\"https:\\\/\\\/diariofemenino.com.ar\\\/df\\\/a-cinco-anos-de-su-femicidio-micaela-garcia-la-chica-de-la-sonrisa-eterna-un-libro-que-la-homenajea-a-traves-de-su-vida\\\/#primaryimage\"},\"image\":{\"@id\":\"https:\\\/\\\/diariofemenino.com.ar\\\/df\\\/a-cinco-anos-de-su-femicidio-micaela-garcia-la-chica-de-la-sonrisa-eterna-un-libro-que-la-homenajea-a-traves-de-su-vida\\\/#primaryimage\"},\"thumbnailUrl\":\"https:\\\/\\\/diariofemenino.com.ar\\\/df\\\/wp-content\\\/uploads\\\/2022\\\/04\\\/Tapa-MICA-GARC\u00cdA1.jpg\",\"datePublished\":\"2022-04-04T19:20:04+00:00\",\"description\":\"A cinco a\u00f1os de su femicidio, Editorial Chirimbote lanza MICAELA GARC\u00cdA. La chica de la sonrisa eterna, del periodista Santiago Garc\u00eda.\",\"breadcrumb\":{\"@id\":\"https:\\\/\\\/diariofemenino.com.ar\\\/df\\\/a-cinco-anos-de-su-femicidio-micaela-garcia-la-chica-de-la-sonrisa-eterna-un-libro-que-la-homenajea-a-traves-de-su-vida\\\/#breadcrumb\"},\"inLanguage\":\"es\",\"potentialAction\":[{\"@type\":\"ReadAction\",\"target\":[\"https:\\\/\\\/diariofemenino.com.ar\\\/df\\\/a-cinco-anos-de-su-femicidio-micaela-garcia-la-chica-de-la-sonrisa-eterna-un-libro-que-la-homenajea-a-traves-de-su-vida\\\/\"]}]},{\"@type\":\"ImageObject\",\"inLanguage\":\"es\",\"@id\":\"https:\\\/\\\/diariofemenino.com.ar\\\/df\\\/a-cinco-anos-de-su-femicidio-micaela-garcia-la-chica-de-la-sonrisa-eterna-un-libro-que-la-homenajea-a-traves-de-su-vida\\\/#primaryimage\",\"url\":\"https:\\\/\\\/diariofemenino.com.ar\\\/df\\\/wp-content\\\/uploads\\\/2022\\\/04\\\/Tapa-MICA-GARC\u00cdA1.jpg\",\"contentUrl\":\"https:\\\/\\\/diariofemenino.com.ar\\\/df\\\/wp-content\\\/uploads\\\/2022\\\/04\\\/Tapa-MICA-GARC\u00cdA1.jpg\",\"width\":585,\"height\":647,\"caption\":\"A cinco a\u00f1os de su femicidio: Micaela Garc\u00eda. La chica de la sonrisa eterna, un libro que la homenajea a trav\u00e9s de su vida\"},{\"@type\":\"BreadcrumbList\",\"@id\":\"https:\\\/\\\/diariofemenino.com.ar\\\/df\\\/a-cinco-anos-de-su-femicidio-micaela-garcia-la-chica-de-la-sonrisa-eterna-un-libro-que-la-homenajea-a-traves-de-su-vida\\\/#breadcrumb\",\"itemListElement\":[{\"@type\":\"ListItem\",\"position\":1,\"name\":\"Portada\",\"item\":\"https:\\\/\\\/diariofemenino.com.ar\\\/df\\\/\"},{\"@type\":\"ListItem\",\"position\":2,\"name\":\"A cinco a\u00f1os de su femicidio: Micaela Garc\u00eda. La chica de la sonrisa eterna, un libro que la homenajea a trav\u00e9s de su vida\"}]},{\"@type\":\"WebSite\",\"@id\":\"https:\\\/\\\/diariofemenino.com.ar\\\/df\\\/#website\",\"url\":\"https:\\\/\\\/diariofemenino.com.ar\\\/df\\\/\",\"name\":\"Diario Digital Femenino\",\"description\":\"Cuesti\u00f3n de G\u00e9nero\",\"publisher\":{\"@id\":\"https:\\\/\\\/diariofemenino.com.ar\\\/df\\\/#organization\"},\"potentialAction\":[{\"@type\":\"SearchAction\",\"target\":{\"@type\":\"EntryPoint\",\"urlTemplate\":\"https:\\\/\\\/diariofemenino.com.ar\\\/df\\\/?s={search_term_string}\"},\"query-input\":{\"@type\":\"PropertyValueSpecification\",\"valueRequired\":true,\"valueName\":\"search_term_string\"}}],\"inLanguage\":\"es\"},{\"@type\":\"Organization\",\"@id\":\"https:\\\/\\\/diariofemenino.com.ar\\\/df\\\/#organization\",\"name\":\"Diario Femenino\",\"url\":\"https:\\\/\\\/diariofemenino.com.ar\\\/df\\\/\",\"logo\":{\"@type\":\"ImageObject\",\"inLanguage\":\"es\",\"@id\":\"https:\\\/\\\/diariofemenino.com.ar\\\/df\\\/#\\\/schema\\\/logo\\\/image\\\/\",\"url\":\"https:\\\/\\\/diariofemenino.com.ar\\\/df\\\/wp-content\\\/uploads\\\/2018\\\/10\\\/logo.png\",\"contentUrl\":\"https:\\\/\\\/diariofemenino.com.ar\\\/df\\\/wp-content\\\/uploads\\\/2018\\\/10\\\/logo.png\",\"width\":500,\"height\":92,\"caption\":\"Diario Femenino\"},\"image\":{\"@id\":\"https:\\\/\\\/diariofemenino.com.ar\\\/df\\\/#\\\/schema\\\/logo\\\/image\\\/\"},\"sameAs\":[\"https:\\\/\\\/www.facebook.com\\\/DiarioDigitaFemenino\\\/\",\"https:\\\/\\\/x.com\\\/DiarioFemenino1\"]},{\"@type\":\"Person\",\"@id\":\"https:\\\/\\\/diariofemenino.com.ar\\\/df\\\/#\\\/schema\\\/person\\\/bf6199e8158c657ea6f789b11ec85509\",\"name\":\"Admin\",\"image\":{\"@type\":\"ImageObject\",\"inLanguage\":\"es\",\"@id\":\"https:\\\/\\\/diariofemenino.com.ar\\\/df\\\/wp-content\\\/uploads\\\/2018\\\/12\\\/favicon-150x150.jpg\",\"url\":\"https:\\\/\\\/diariofemenino.com.ar\\\/df\\\/wp-content\\\/uploads\\\/2018\\\/12\\\/favicon-150x150.jpg\",\"contentUrl\":\"https:\\\/\\\/diariofemenino.com.ar\\\/df\\\/wp-content\\\/uploads\\\/2018\\\/12\\\/favicon-150x150.jpg\",\"caption\":\"Admin\"},\"url\":\"https:\\\/\\\/diariofemenino.com.ar\\\/df\\\/author\\\/lenny\\\/\"}]}<\/script>\n<!-- \/ Yoast SEO plugin. -->","yoast_head_json":{"title":"A cinco a\u00f1os de su femicidio: Micaela Garc\u00eda. La chica de la sonrisa eterna, un libro que la homenajea a trav\u00e9s de su vida - Diario Digital Femenino","description":"A cinco a\u00f1os de su femicidio, Editorial Chirimbote lanza MICAELA GARC\u00cdA. La chica de la sonrisa eterna, del periodista Santiago Garc\u00eda.","robots":{"index":"index","follow":"follow","max-snippet":"max-snippet:-1","max-image-preview":"max-image-preview:large","max-video-preview":"max-video-preview:-1"},"canonical":"https:\/\/diariofemenino.com.ar\/df\/a-cinco-anos-de-su-femicidio-micaela-garcia-la-chica-de-la-sonrisa-eterna-un-libro-que-la-homenajea-a-traves-de-su-vida\/","og_locale":"es_ES","og_type":"article","og_title":"A cinco a\u00f1os de su femicidio: Micaela Garc\u00eda. La chica de la sonrisa eterna, un libro que la homenajea a trav\u00e9s de su vida - Diario Digital Femenino","og_description":"A cinco a\u00f1os de su femicidio, Editorial Chirimbote lanza MICAELA GARC\u00cdA. La chica de la sonrisa eterna, del periodista Santiago Garc\u00eda.","og_url":"https:\/\/diariofemenino.com.ar\/df\/a-cinco-anos-de-su-femicidio-micaela-garcia-la-chica-de-la-sonrisa-eterna-un-libro-que-la-homenajea-a-traves-de-su-vida\/","og_site_name":"Diario Digital Femenino","article_publisher":"https:\/\/www.facebook.com\/DiarioDigitaFemenino\/","article_published_time":"2022-04-04T19:20:04+00:00","og_image":[{"width":585,"height":647,"url":"https:\/\/diariofemenino.com.ar\/df\/wp-content\/uploads\/2022\/04\/Tapa-MICA-GARC\u00cdA1.jpg","type":"image\/jpeg"}],"author":"Admin","twitter_card":"summary_large_image","twitter_creator":"@DiarioFemenino1","twitter_site":"@DiarioFemenino1","twitter_misc":{"Escrito por":"Admin","Tiempo de lectura":"2 minutos"},"schema":{"@context":"https:\/\/schema.org","@graph":[{"@type":"Article","@id":"https:\/\/diariofemenino.com.ar\/df\/a-cinco-anos-de-su-femicidio-micaela-garcia-la-chica-de-la-sonrisa-eterna-un-libro-que-la-homenajea-a-traves-de-su-vida\/#article","isPartOf":{"@id":"https:\/\/diariofemenino.com.ar\/df\/a-cinco-anos-de-su-femicidio-micaela-garcia-la-chica-de-la-sonrisa-eterna-un-libro-que-la-homenajea-a-traves-de-su-vida\/"},"author":{"name":"Admin","@id":"https:\/\/diariofemenino.com.ar\/df\/#\/schema\/person\/bf6199e8158c657ea6f789b11ec85509"},"headline":"A cinco a\u00f1os de su femicidio: Micaela Garc\u00eda. La chica de la sonrisa eterna, un libro que la homenajea a trav\u00e9s de su vida","datePublished":"2022-04-04T19:20:04+00:00","mainEntityOfPage":{"@id":"https:\/\/diariofemenino.com.ar\/df\/a-cinco-anos-de-su-femicidio-micaela-garcia-la-chica-de-la-sonrisa-eterna-un-libro-que-la-homenajea-a-traves-de-su-vida\/"},"wordCount":470,"commentCount":0,"publisher":{"@id":"https:\/\/diariofemenino.com.ar\/df\/#organization"},"image":{"@id":"https:\/\/diariofemenino.com.ar\/df\/a-cinco-anos-de-su-femicidio-micaela-garcia-la-chica-de-la-sonrisa-eterna-un-libro-que-la-homenajea-a-traves-de-su-vida\/#primaryimage"},"thumbnailUrl":"https:\/\/diariofemenino.com.ar\/df\/wp-content\/uploads\/2022\/04\/Tapa-MICA-GARC\u00cdA1.jpg","keywords":["#femicidio","5 a\u00f1os","Ley 27.499","Ley Micaela","Micaela Garc\u00eda"],"articleSection":["Actividades","Agenda Feminista","Azul Profundo","De ESI S\u00ed Se Habla","Mujeres","Violencias"],"inLanguage":"es","potentialAction":[{"@type":"CommentAction","name":"Comment","target":["https:\/\/diariofemenino.com.ar\/df\/a-cinco-anos-de-su-femicidio-micaela-garcia-la-chica-de-la-sonrisa-eterna-un-libro-que-la-homenajea-a-traves-de-su-vida\/#respond"]}]},{"@type":"WebPage","@id":"https:\/\/diariofemenino.com.ar\/df\/a-cinco-anos-de-su-femicidio-micaela-garcia-la-chica-de-la-sonrisa-eterna-un-libro-que-la-homenajea-a-traves-de-su-vida\/","url":"https:\/\/diariofemenino.com.ar\/df\/a-cinco-anos-de-su-femicidio-micaela-garcia-la-chica-de-la-sonrisa-eterna-un-libro-que-la-homenajea-a-traves-de-su-vida\/","name":"A cinco a\u00f1os de su femicidio: Micaela Garc\u00eda. La chica de la sonrisa eterna, un libro que la homenajea a trav\u00e9s de su vida - Diario Digital Femenino","isPartOf":{"@id":"https:\/\/diariofemenino.com.ar\/df\/#website"},"primaryImageOfPage":{"@id":"https:\/\/diariofemenino.com.ar\/df\/a-cinco-anos-de-su-femicidio-micaela-garcia-la-chica-de-la-sonrisa-eterna-un-libro-que-la-homenajea-a-traves-de-su-vida\/#primaryimage"},"image":{"@id":"https:\/\/diariofemenino.com.ar\/df\/a-cinco-anos-de-su-femicidio-micaela-garcia-la-chica-de-la-sonrisa-eterna-un-libro-que-la-homenajea-a-traves-de-su-vida\/#primaryimage"},"thumbnailUrl":"https:\/\/diariofemenino.com.ar\/df\/wp-content\/uploads\/2022\/04\/Tapa-MICA-GARC\u00cdA1.jpg","datePublished":"2022-04-04T19:20:04+00:00","description":"A cinco a\u00f1os de su femicidio, Editorial Chirimbote lanza MICAELA GARC\u00cdA. La chica de la sonrisa eterna, del periodista Santiago Garc\u00eda.","breadcrumb":{"@id":"https:\/\/diariofemenino.com.ar\/df\/a-cinco-anos-de-su-femicidio-micaela-garcia-la-chica-de-la-sonrisa-eterna-un-libro-que-la-homenajea-a-traves-de-su-vida\/#breadcrumb"},"inLanguage":"es","potentialAction":[{"@type":"ReadAction","target":["https:\/\/diariofemenino.com.ar\/df\/a-cinco-anos-de-su-femicidio-micaela-garcia-la-chica-de-la-sonrisa-eterna-un-libro-que-la-homenajea-a-traves-de-su-vida\/"]}]},{"@type":"ImageObject","inLanguage":"es","@id":"https:\/\/diariofemenino.com.ar\/df\/a-cinco-anos-de-su-femicidio-micaela-garcia-la-chica-de-la-sonrisa-eterna-un-libro-que-la-homenajea-a-traves-de-su-vida\/#primaryimage","url":"https:\/\/diariofemenino.com.ar\/df\/wp-content\/uploads\/2022\/04\/Tapa-MICA-GARC\u00cdA1.jpg","contentUrl":"https:\/\/diariofemenino.com.ar\/df\/wp-content\/uploads\/2022\/04\/Tapa-MICA-GARC\u00cdA1.jpg","width":585,"height":647,"caption":"A cinco a\u00f1os de su femicidio: Micaela Garc\u00eda. La chica de la sonrisa eterna, un libro que la homenajea a trav\u00e9s de su vida"},{"@type":"BreadcrumbList","@id":"https:\/\/diariofemenino.com.ar\/df\/a-cinco-anos-de-su-femicidio-micaela-garcia-la-chica-de-la-sonrisa-eterna-un-libro-que-la-homenajea-a-traves-de-su-vida\/#breadcrumb","itemListElement":[{"@type":"ListItem","position":1,"name":"Portada","item":"https:\/\/diariofemenino.com.ar\/df\/"},{"@type":"ListItem","position":2,"name":"A cinco a\u00f1os de su femicidio: Micaela Garc\u00eda. La chica de la sonrisa eterna, un libro que la homenajea a trav\u00e9s de su vida"}]},{"@type":"WebSite","@id":"https:\/\/diariofemenino.com.ar\/df\/#website","url":"https:\/\/diariofemenino.com.ar\/df\/","name":"Diario Digital Femenino","description":"Cuesti\u00f3n de G\u00e9nero","publisher":{"@id":"https:\/\/diariofemenino.com.ar\/df\/#organization"},"potentialAction":[{"@type":"SearchAction","target":{"@type":"EntryPoint","urlTemplate":"https:\/\/diariofemenino.com.ar\/df\/?s={search_term_string}"},"query-input":{"@type":"PropertyValueSpecification","valueRequired":true,"valueName":"search_term_string"}}],"inLanguage":"es"},{"@type":"Organization","@id":"https:\/\/diariofemenino.com.ar\/df\/#organization","name":"Diario Femenino","url":"https:\/\/diariofemenino.com.ar\/df\/","logo":{"@type":"ImageObject","inLanguage":"es","@id":"https:\/\/diariofemenino.com.ar\/df\/#\/schema\/logo\/image\/","url":"https:\/\/diariofemenino.com.ar\/df\/wp-content\/uploads\/2018\/10\/logo.png","contentUrl":"https:\/\/diariofemenino.com.ar\/df\/wp-content\/uploads\/2018\/10\/logo.png","width":500,"height":92,"caption":"Diario Femenino"},"image":{"@id":"https:\/\/diariofemenino.com.ar\/df\/#\/schema\/logo\/image\/"},"sameAs":["https:\/\/www.facebook.com\/DiarioDigitaFemenino\/","https:\/\/x.com\/DiarioFemenino1"]},{"@type":"Person","@id":"https:\/\/diariofemenino.com.ar\/df\/#\/schema\/person\/bf6199e8158c657ea6f789b11ec85509","name":"Admin","image":{"@type":"ImageObject","inLanguage":"es","@id":"https:\/\/diariofemenino.com.ar\/df\/wp-content\/uploads\/2018\/12\/favicon-150x150.jpg","url":"https:\/\/diariofemenino.com.ar\/df\/wp-content\/uploads\/2018\/12\/favicon-150x150.jpg","contentUrl":"https:\/\/diariofemenino.com.ar\/df\/wp-content\/uploads\/2018\/12\/favicon-150x150.jpg","caption":"Admin"},"url":"https:\/\/diariofemenino.com.ar\/df\/author\/lenny\/"}]}},"jetpack_featured_media_url":"https:\/\/diariofemenino.com.ar\/df\/wp-content\/uploads\/2022\/04\/Tapa-MICA-GARC\u00cdA1.jpg","jetpack_sharing_enabled":true,"rttpg_featured_image_url":{"full":["https:\/\/diariofemenino.com.ar\/df\/wp-content\/uploads\/2022\/04\/Tapa-MICA-GARC\u00cdA1.jpg",585,647,false],"landscape":["https:\/\/diariofemenino.com.ar\/df\/wp-content\/uploads\/2022\/04\/Tapa-MICA-GARC\u00cdA1.jpg",585,647,false],"portraits":["https:\/\/diariofemenino.com.ar\/df\/wp-content\/uploads\/2022\/04\/Tapa-MICA-GARC\u00cdA1.jpg",585,647,false],"thumbnail":["https:\/\/diariofemenino.com.ar\/df\/wp-content\/uploads\/2022\/04\/Tapa-MICA-GARC\u00cdA1-150x150.jpg",150,150,true],"medium":["https:\/\/diariofemenino.com.ar\/df\/wp-content\/uploads\/2022\/04\/Tapa-MICA-GARC\u00cdA1-271x300.jpg",271,300,true],"large":["https:\/\/diariofemenino.com.ar\/df\/wp-content\/uploads\/2022\/04\/Tapa-MICA-GARC\u00cdA1.jpg",585,647,false],"1536x1536":["https:\/\/diariofemenino.com.ar\/df\/wp-content\/uploads\/2022\/04\/Tapa-MICA-GARC\u00cdA1.jpg",585,647,false],"2048x2048":["https:\/\/diariofemenino.com.ar\/df\/wp-content\/uploads\/2022\/04\/Tapa-MICA-GARC\u00cdA1.jpg",585,647,false]},"rttpg_author":{"display_name":"Admin","author_link":"https:\/\/diariofemenino.com.ar\/df\/author\/lenny\/"},"rttpg_comment":0,"rttpg_category":"<a href=\"https:\/\/diariofemenino.com.ar\/df\/category\/actividades\/\" rel=\"category tag\">Actividades<\/a> <a href=\"https:\/\/diariofemenino.com.ar\/df\/category\/agenda-feminista\/\" rel=\"category tag\">Agenda Feminista<\/a> <a href=\"https:\/\/diariofemenino.com.ar\/df\/category\/azul-profundo\/\" rel=\"category tag\">Azul Profundo<\/a> <a href=\"https:\/\/diariofemenino.com.ar\/df\/category\/de-esi-si-se-habla\/\" rel=\"category tag\">De ESI S\u00ed Se Habla<\/a> <a href=\"https:\/\/diariofemenino.com.ar\/df\/category\/mujeres\/\" rel=\"category tag\">Mujeres<\/a> <a href=\"https:\/\/diariofemenino.com.ar\/df\/category\/violencias\/\" rel=\"category tag\">Violencias<\/a>","rttpg_excerpt":"A cinco a\u00f1os de su femicidio\u00a0Editorial Chirimbote lanza MICAELA GARC\u00cdA. La chica de la sonrisa eterna, del periodista Santiago Garc\u00eda. Se trata de una investigaci\u00f3n que lleva cinco a\u00f1os y se inici\u00f3 tras la desaparici\u00f3n de la joven en Gualeguay, Entre R\u00edos, el 1 de abril del 2017. Aborda su historia de vida y militancia&hellip;","_links":{"self":[{"href":"https:\/\/diariofemenino.com.ar\/df\/wp-json\/wp\/v2\/posts\/63752","targetHints":{"allow":["GET"]}}],"collection":[{"href":"https:\/\/diariofemenino.com.ar\/df\/wp-json\/wp\/v2\/posts"}],"about":[{"href":"https:\/\/diariofemenino.com.ar\/df\/wp-json\/wp\/v2\/types\/post"}],"author":[{"embeddable":true,"href":"https:\/\/diariofemenino.com.ar\/df\/wp-json\/wp\/v2\/users\/4"}],"replies":[{"embeddable":true,"href":"https:\/\/diariofemenino.com.ar\/df\/wp-json\/wp\/v2\/comments?post=63752"}],"version-history":[{"count":0,"href":"https:\/\/diariofemenino.com.ar\/df\/wp-json\/wp\/v2\/posts\/63752\/revisions"}],"wp:featuredmedia":[{"embeddable":true,"href":"https:\/\/diariofemenino.com.ar\/df\/wp-json\/wp\/v2\/media\/63754"}],"wp:attachment":[{"href":"https:\/\/diariofemenino.com.ar\/df\/wp-json\/wp\/v2\/media?parent=63752"}],"wp:term":[{"taxonomy":"category","embeddable":true,"href":"https:\/\/diariofemenino.com.ar\/df\/wp-json\/wp\/v2\/categories?post=63752"},{"taxonomy":"post_tag","embeddable":true,"href":"https:\/\/diariofemenino.com.ar\/df\/wp-json\/wp\/v2\/tags?post=63752"}],"curies":[{"name":"wp","href":"https:\/\/api.w.org\/{rel}","templated":true}]}}