{"id":63596,"date":"2022-03-16T18:49:06","date_gmt":"2022-03-16T21:49:06","guid":{"rendered":"https:\/\/diariofemenino.com.ar\/df\/?p=63596"},"modified":"2022-03-16T18:49:06","modified_gmt":"2022-03-16T21:49:06","slug":"si-duele-no-es-normal","status":"publish","type":"post","link":"https:\/\/diariofemenino.com.ar\/df\/si-duele-no-es-normal\/","title":{"rendered":"Si duele, no es normal"},"content":{"rendered":"<p>&nbsp;<\/p>\n<p>En el marco del D\u00eda Mundial de la Endometriosis, que se conmemora cada 14 de marzo, la Asociaci\u00f3n Endohermanas Argentina lleva adelante durante todo el mes, diversas jornadas de concientizaci\u00f3n y difusi\u00f3n de esta patolog\u00eda que, seg\u00fan la Organizaci\u00f3n Mundial de la Salud, padecen al menos una de cada 10 mujeres.<\/p>\n<figure id=\"attachment_63600\" aria-describedby=\"caption-attachment-63600\" style=\"width: 484px\" class=\"wp-caption aligncenter\"><img loading=\"lazy\" decoding=\"async\" class=\" wp-image-63600\" src=\"https:\/\/diariofemenino.com.ar\/df\/wp-content\/uploads\/2022\/03\/endo-hermanas-endometrosis.jpg\" alt=\"Si duele, no es normal\" width=\"484\" height=\"360\" srcset=\"https:\/\/diariofemenino.com.ar\/df\/wp-content\/uploads\/2022\/03\/endo-hermanas-endometrosis.jpg 1000w, https:\/\/diariofemenino.com.ar\/df\/wp-content\/uploads\/2022\/03\/endo-hermanas-endometrosis-300x223.jpg 300w, https:\/\/diariofemenino.com.ar\/df\/wp-content\/uploads\/2022\/03\/endo-hermanas-endometrosis-768x571.jpg 768w\" sizes=\"auto, (max-width: 484px) 100vw, 484px\" \/><figcaption id=\"caption-attachment-63600\" class=\"wp-caption-text\">Si duele, no es normal<\/figcaption><\/figure>\n<p>Por\u00a0<a href=\"https:\/\/diariofemenino.com.ar\/df\/?s=Mar%C3%ADa+In%C3%A9s+Alvarado\"><strong>Mar\u00eda In\u00e9s Alvarado<\/strong><\/a>*<br \/>\npara <a href=\"https:\/\/www.instagram.com\/diariodigitalfemenino_\/\">Diario Digital Femenino<\/a><\/p>\n<p><strong>La endometriosis es una enfermedad que afecta a las personas con \u00fatero<\/strong>\u00a0y se caracteriza por un dolor abdominal, que suele ser m\u00e1s intenso durante el per\u00edodo menstrual. \u00abLa endometriosis es una enfermedad cr\u00f3nica, progresiva e invalidante que afecta aproximadamente a 1.000.000 de mujeres y personas menstruantes diagnosticadas en Argentina. Debido a que los s\u00edntomas son amplios y variados, no resulta f\u00e1cil de diagnosticar\u00bb, expuso la legisladora Mar\u00eda Jimena L\u00f3pez en un panel interdisciplinario de endometriosis llevado en el Congreso de la Naci\u00f3n en el marco por la visibilizaci\u00f3n social y pol\u00edtica sobre el tema. Tambi\u00e9n agreg\u00f3 que la misma \u201cno es una patolog\u00eda, nada m\u00e1s, somos un mont\u00f3n de mujeres y cuerpos gestantes padeciendo un sistema que lo \u00fanico que busca es que estemos enfermas\u201d.<\/p>\n<p>\u00bfPor qu\u00e9 es importante hablar de endometriosis? Porque, al igual que muchos otros temas relacionados con las mujeres y su salud, no fue tenido en cuenta ni por la medicina ni por los \u00e1mbitos acad\u00e9micos. Con una correcta aplicaci\u00f3n de la ESI desde la infancia es mucho lo que se podr\u00eda mejorar para darle real importancia a la cuesti\u00f3n. Hablar de ciclos menstruales, de la menarca o primera menstruaci\u00f3n, de los cambios hormonales, de ovulaci\u00f3n y de capacidad (o no) de gestar, por ejemplo. Desde la clase de biolog\u00eda se puede explicar que el endometrio es el tejido que tapiza el interior del \u00fatero, pero que, cuando se ubica por fuera de la cavidad uterina, da lugar a lo que se denomina\u00a0<strong>endometriosis, <\/strong>produciendo alteraciones en el ciclo menstrual y que esto no es anormal, sino que pasa en un alto porcentaje de cuerpos y que puede ser tratado si se descubre a edad temprana.<\/p>\n<figure id=\"attachment_63598\" aria-describedby=\"caption-attachment-63598\" style=\"width: 238px\" class=\"wp-caption alignright\"><img loading=\"lazy\" decoding=\"async\" class=\"wp-image-63598 size-full\" src=\"https:\/\/diariofemenino.com.ar\/df\/wp-content\/uploads\/2022\/03\/endometriosis.jpg\" alt=\"\" width=\"238\" height=\"212\" \/><figcaption id=\"caption-attachment-63598\" class=\"wp-caption-text\">Si duele, no es normal<\/figcaption><\/figure>\n<p>La medicina la explica como una enfermedad ginecol\u00f3gica benigna, que puede afectar a personas con \u00fatero en edad reproductiva y que a\u00fan no presenta una causa certera y comprobada, pero s\u00ed se manifiesta con s\u00edntomas muy claros. El primero de ellos es el fuerte dolor abdominal que produce menstruar. Existe una concepci\u00f3n generalizada y err\u00f3nea alrededor del dolor menstrual que, la mayor\u00eda de las veces, silencia los s\u00edntomas, no se pone en palabras y retrasa la consulta ginecol\u00f3gica. Por eso el lema que han elegido desde EndoHermanas para ayudar a poner de manifiesto esta cuesti\u00f3n es \u201cSi duele, no es normal\u201d. Muchas mujeres acuden a las consultas m\u00e9dicas reci\u00e9n alrededor de los 30 a\u00f1os, cuando deciden quedar embarazadas y no lo logran, tras a\u00f1os de intentos fallidos poniendo en riesgo su salud.<\/p>\n<p>Alicia S\u00e1nchez, presidenta de EndoHermanas Argentina, consultada por este tema, mencion\u00f3 que la \u201cendometriosis es un problema de la sociedad mundial y no solo de las mujeres\u201d. En Francia, por ejemplo, hace 20 a\u00f1os que vienen luchando contra el enorme ninguneo e indiferencia que existe sobre la salud sexual de la mujer y cuerpos menstruantes. \u201cNi siquiera en el primer mundo, fuimos inter\u00e9s de la ciencia durante mucho tiempo, pero s\u00ed negocio para los analg\u00e9sicos, lo que demuestra que el sistema patriarcal es mucho m\u00e1s s\u00f3lido de lo que pensamos\u201d.<\/p>\n<p>Es claro que a\u00fan falta mucha informaci\u00f3n para comprender y entender que el ciclo menstrual es un proceso corporal complejo, que no solo comprende a los \u00f3rganos del sistema genital, sino tambi\u00e9n a otros como el h\u00edgado, el ri\u00f1\u00f3n, el bazo o el p\u00e1ncreas que son fundamentales en la composici\u00f3n y circulaci\u00f3n de la sangre, incluso del endometrio. Falta entender a\u00fan que los cuerpos son organismos vivos y cargados de sensaciones, que no todas las mujeres menstr\u00faan por diversos factores, que quienes s\u00ed lo hacen no tienen el mismo ciclo hormonal, que nadie es \u201cregular\u201d o \u201cirregular\u201d porque los veintiocho d\u00edas son un mito que solo sirve para generar m\u00e1s angustia y preocupaci\u00f3n, que una mujer puede quedar embarazada la primera vez, la segunda, la \u00faltima o nunca, y que solo con mucha rutina y conocimiento personal de su cuerpo, se puede saber casi con precisi\u00f3n qu\u00e9 d\u00eda del calendario se produce la ovulaci\u00f3n.<\/p>\n<figure id=\"attachment_63599\" aria-describedby=\"caption-attachment-63599\" style=\"width: 501px\" class=\"wp-caption aligncenter\"><img loading=\"lazy\" decoding=\"async\" class=\" wp-image-63599\" src=\"https:\/\/diariofemenino.com.ar\/df\/wp-content\/uploads\/2022\/03\/endometriosis_.jpg\" alt=\"Si duele, no es normal\" width=\"501\" height=\"501\" srcset=\"https:\/\/diariofemenino.com.ar\/df\/wp-content\/uploads\/2022\/03\/endometriosis_.jpg 800w, https:\/\/diariofemenino.com.ar\/df\/wp-content\/uploads\/2022\/03\/endometriosis_-150x150.jpg 150w, https:\/\/diariofemenino.com.ar\/df\/wp-content\/uploads\/2022\/03\/endometriosis_-300x300.jpg 300w, https:\/\/diariofemenino.com.ar\/df\/wp-content\/uploads\/2022\/03\/endometriosis_-768x768.jpg 768w\" sizes=\"auto, (max-width: 501px) 100vw, 501px\" \/><figcaption id=\"caption-attachment-63599\" class=\"wp-caption-text\">Si duele, no es normal<\/figcaption><\/figure>\n<p>La Ley 26150 nos da la posibilidad de llevar la ESI a las aulas y, con ella, se abre la puerta para hablar abiertamente sobre cambios corporales, sexualidades, genitalidad, deseos y emociones. Hablar de menstruaci\u00f3n no es solo mencionar que el ciclo menstrual es el sangrado que se desprende mes a mes porque el \u00f3vulo no fue fecundado. Es tambi\u00e9n mencionar los mitos y tab\u00faes, los factores fisiol\u00f3gicos, socioculturales y psicol\u00f3gicos que rodean este tema. Es poner en discusi\u00f3n la discriminaci\u00f3n que provoca la gesti\u00f3n menstrual en el bolsillo de mujeres y personas menstruantes que deben acceder mensualmente a la compra de productos descartables para la protecci\u00f3n externa del sagrado. Es dejar de asimilar el concepto de \u201chisteria\u201d femenina asociado a la menstruaci\u00f3n. Es habilitar el espacio para que tambi\u00e9n los varones sean destinatarios de la educaci\u00f3n sobre la menstruaci\u00f3n y la ovulaci\u00f3n. Es hacer foco en que, si bien la menstruaci\u00f3n es normal, si duele no lo es.<\/p>\n<p>&nbsp;<\/p>\n<p>(*)\u00a0 Docente, comunicadora. Co-directora de\u00a0<strong><a href=\"https:\/\/laesienjuego.com.ar\/\">La ESI en juego<\/a>.<\/strong><br \/>\nColumnista\u00a0de\u00a0<strong><a href=\"https:\/\/diariofemenino.com.ar\/df\/category\/de-esi-si-se-habla\/\">Diario Digital Femenino<\/a><\/strong>\u2013\u00a0<a href=\"https:\/\/diariofemenino.com.ar\/df\/category\/de-esi-si-se-habla\/\">De ESI S\u00ed Se Habla<\/a><\/p>\n","protected":false},"excerpt":{"rendered":"<p>&nbsp; En el marco del D\u00eda Mundial de la Endometriosis, que se conmemora cada 14 de marzo, la Asociaci\u00f3n Endohermanas Argentina lleva adelante durante todo el mes, diversas jornadas de concientizaci\u00f3n y difusi\u00f3n de esta patolog\u00eda que, seg\u00fan la Organizaci\u00f3n Mundial de la Salud, padecen al menos una de cada 10 mujeres. Por\u00a0Mar\u00eda In\u00e9s Alvarado* [&hellip;]<\/p>\n","protected":false},"author":4,"featured_media":63597,"comment_status":"open","ping_status":"open","sticky":false,"template":"","format":"standard","meta":{"iawp_total_views":31,"footnotes":""},"categories":[1067,9,4,21,23],"tags":[567,4372,5110],"class_list":["post-63596","post","type-post","status-publish","format-standard","has-post-thumbnail","hentry","category-agenda-feminista","category-de-esi-si-se-habla","category-medios","category-noticias","category-salud","tag-de-esi-si-se-habla","tag-destacada","tag-endometriosis"],"nelio_content":{"autoShareEndMode":"never","automationSources":{"useCustomSentences":false,"customSentences":[]},"efiAlt":"","efiUrl":"","followers":[4],"highlights":[],"isAutoShareEnabled":true,"networkImageIds":[],"permalinkQueryArgs":[],"series":[],"suggestedReferences":[]},"yoast_head":"<!-- This site is optimized with the Yoast SEO plugin v27.5 - https:\/\/yoast.com\/product\/yoast-seo-wordpress\/ -->\n<title>Si duele, no es normal - Diario Digital Femenino<\/title>\n<meta name=\"description\" content=\"Si duele... J ornadas de concientizaci\u00f3n y difusi\u00f3n en el marco del D\u00eda Mundial de la Endometriosis. La padecen al menos una de cada 10 mujeres.\" \/>\n<meta name=\"robots\" content=\"index, follow, max-snippet:-1, max-image-preview:large, max-video-preview:-1\" \/>\n<link rel=\"canonical\" href=\"https:\/\/diariofemenino.com.ar\/df\/si-duele-no-es-normal\/\" \/>\n<meta property=\"og:locale\" content=\"es_ES\" \/>\n<meta property=\"og:type\" content=\"article\" \/>\n<meta property=\"og:title\" content=\"Si duele, no es normal - Diario Digital Femenino\" \/>\n<meta property=\"og:description\" content=\"Si duele... J ornadas de concientizaci\u00f3n y difusi\u00f3n en el marco del D\u00eda Mundial de la Endometriosis. La padecen al menos una de cada 10 mujeres.\" \/>\n<meta property=\"og:url\" content=\"https:\/\/diariofemenino.com.ar\/df\/si-duele-no-es-normal\/\" \/>\n<meta property=\"og:site_name\" content=\"Diario Digital Femenino\" \/>\n<meta property=\"article:publisher\" content=\"https:\/\/www.facebook.com\/DiarioDigitaFemenino\/\" \/>\n<meta property=\"article:published_time\" content=\"2022-03-16T21:49:06+00:00\" \/>\n<meta property=\"og:image\" content=\"https:\/\/diariofemenino.com.ar\/df\/wp-content\/uploads\/2022\/03\/03-14_dia-mundial-endometriosis-2_m.jpg\" \/>\n\t<meta property=\"og:image:width\" content=\"650\" \/>\n\t<meta property=\"og:image:height\" content=\"339\" \/>\n\t<meta property=\"og:image:type\" content=\"image\/jpeg\" \/>\n<meta name=\"author\" content=\"Admin\" \/>\n<meta name=\"twitter:card\" content=\"summary_large_image\" \/>\n<meta name=\"twitter:creator\" content=\"@DiarioFemenino1\" \/>\n<meta name=\"twitter:site\" content=\"@DiarioFemenino1\" \/>\n<meta name=\"twitter:label1\" content=\"Escrito por\" \/>\n\t<meta name=\"twitter:data1\" content=\"Admin\" \/>\n\t<meta name=\"twitter:label2\" content=\"Tiempo de lectura\" \/>\n\t<meta name=\"twitter:data2\" content=\"5 minutos\" \/>\n<script type=\"application\/ld+json\" class=\"yoast-schema-graph\">{\"@context\":\"https:\\\/\\\/schema.org\",\"@graph\":[{\"@type\":\"Article\",\"@id\":\"https:\\\/\\\/diariofemenino.com.ar\\\/df\\\/si-duele-no-es-normal\\\/#article\",\"isPartOf\":{\"@id\":\"https:\\\/\\\/diariofemenino.com.ar\\\/df\\\/si-duele-no-es-normal\\\/\"},\"author\":{\"name\":\"Admin\",\"@id\":\"https:\\\/\\\/diariofemenino.com.ar\\\/df\\\/#\\\/schema\\\/person\\\/bf6199e8158c657ea6f789b11ec85509\"},\"headline\":\"Si duele, no es normal\",\"datePublished\":\"2022-03-16T21:49:06+00:00\",\"mainEntityOfPage\":{\"@id\":\"https:\\\/\\\/diariofemenino.com.ar\\\/df\\\/si-duele-no-es-normal\\\/\"},\"wordCount\":1010,\"commentCount\":0,\"publisher\":{\"@id\":\"https:\\\/\\\/diariofemenino.com.ar\\\/df\\\/#organization\"},\"image\":{\"@id\":\"https:\\\/\\\/diariofemenino.com.ar\\\/df\\\/si-duele-no-es-normal\\\/#primaryimage\"},\"thumbnailUrl\":\"https:\\\/\\\/diariofemenino.com.ar\\\/df\\\/wp-content\\\/uploads\\\/2022\\\/03\\\/03-14_dia-mundial-endometriosis-2_m.jpg\",\"keywords\":[\"De ESI s\u00ed se habla\",\"Destacada\",\"Endometriosis\"],\"articleSection\":[\"Agenda Feminista\",\"De ESI S\u00ed Se Habla\",\"Medios\",\"Noticias\",\"Salud\"],\"inLanguage\":\"es\",\"potentialAction\":[{\"@type\":\"CommentAction\",\"name\":\"Comment\",\"target\":[\"https:\\\/\\\/diariofemenino.com.ar\\\/df\\\/si-duele-no-es-normal\\\/#respond\"]}]},{\"@type\":\"WebPage\",\"@id\":\"https:\\\/\\\/diariofemenino.com.ar\\\/df\\\/si-duele-no-es-normal\\\/\",\"url\":\"https:\\\/\\\/diariofemenino.com.ar\\\/df\\\/si-duele-no-es-normal\\\/\",\"name\":\"Si duele, no es normal - Diario Digital Femenino\",\"isPartOf\":{\"@id\":\"https:\\\/\\\/diariofemenino.com.ar\\\/df\\\/#website\"},\"primaryImageOfPage\":{\"@id\":\"https:\\\/\\\/diariofemenino.com.ar\\\/df\\\/si-duele-no-es-normal\\\/#primaryimage\"},\"image\":{\"@id\":\"https:\\\/\\\/diariofemenino.com.ar\\\/df\\\/si-duele-no-es-normal\\\/#primaryimage\"},\"thumbnailUrl\":\"https:\\\/\\\/diariofemenino.com.ar\\\/df\\\/wp-content\\\/uploads\\\/2022\\\/03\\\/03-14_dia-mundial-endometriosis-2_m.jpg\",\"datePublished\":\"2022-03-16T21:49:06+00:00\",\"description\":\"Si duele... J ornadas de concientizaci\u00f3n y difusi\u00f3n en el marco del D\u00eda Mundial de la Endometriosis. La padecen al menos una de cada 10 mujeres.\",\"breadcrumb\":{\"@id\":\"https:\\\/\\\/diariofemenino.com.ar\\\/df\\\/si-duele-no-es-normal\\\/#breadcrumb\"},\"inLanguage\":\"es\",\"potentialAction\":[{\"@type\":\"ReadAction\",\"target\":[\"https:\\\/\\\/diariofemenino.com.ar\\\/df\\\/si-duele-no-es-normal\\\/\"]}]},{\"@type\":\"ImageObject\",\"inLanguage\":\"es\",\"@id\":\"https:\\\/\\\/diariofemenino.com.ar\\\/df\\\/si-duele-no-es-normal\\\/#primaryimage\",\"url\":\"https:\\\/\\\/diariofemenino.com.ar\\\/df\\\/wp-content\\\/uploads\\\/2022\\\/03\\\/03-14_dia-mundial-endometriosis-2_m.jpg\",\"contentUrl\":\"https:\\\/\\\/diariofemenino.com.ar\\\/df\\\/wp-content\\\/uploads\\\/2022\\\/03\\\/03-14_dia-mundial-endometriosis-2_m.jpg\",\"width\":650,\"height\":339,\"caption\":\"Si duele, no es normal\"},{\"@type\":\"BreadcrumbList\",\"@id\":\"https:\\\/\\\/diariofemenino.com.ar\\\/df\\\/si-duele-no-es-normal\\\/#breadcrumb\",\"itemListElement\":[{\"@type\":\"ListItem\",\"position\":1,\"name\":\"Portada\",\"item\":\"https:\\\/\\\/diariofemenino.com.ar\\\/df\\\/\"},{\"@type\":\"ListItem\",\"position\":2,\"name\":\"Si duele, no es normal\"}]},{\"@type\":\"WebSite\",\"@id\":\"https:\\\/\\\/diariofemenino.com.ar\\\/df\\\/#website\",\"url\":\"https:\\\/\\\/diariofemenino.com.ar\\\/df\\\/\",\"name\":\"Diario Digital Femenino\",\"description\":\"Cuesti\u00f3n de G\u00e9nero\",\"publisher\":{\"@id\":\"https:\\\/\\\/diariofemenino.com.ar\\\/df\\\/#organization\"},\"potentialAction\":[{\"@type\":\"SearchAction\",\"target\":{\"@type\":\"EntryPoint\",\"urlTemplate\":\"https:\\\/\\\/diariofemenino.com.ar\\\/df\\\/?s={search_term_string}\"},\"query-input\":{\"@type\":\"PropertyValueSpecification\",\"valueRequired\":true,\"valueName\":\"search_term_string\"}}],\"inLanguage\":\"es\"},{\"@type\":\"Organization\",\"@id\":\"https:\\\/\\\/diariofemenino.com.ar\\\/df\\\/#organization\",\"name\":\"Diario Femenino\",\"url\":\"https:\\\/\\\/diariofemenino.com.ar\\\/df\\\/\",\"logo\":{\"@type\":\"ImageObject\",\"inLanguage\":\"es\",\"@id\":\"https:\\\/\\\/diariofemenino.com.ar\\\/df\\\/#\\\/schema\\\/logo\\\/image\\\/\",\"url\":\"https:\\\/\\\/diariofemenino.com.ar\\\/df\\\/wp-content\\\/uploads\\\/2018\\\/10\\\/logo.png\",\"contentUrl\":\"https:\\\/\\\/diariofemenino.com.ar\\\/df\\\/wp-content\\\/uploads\\\/2018\\\/10\\\/logo.png\",\"width\":500,\"height\":92,\"caption\":\"Diario Femenino\"},\"image\":{\"@id\":\"https:\\\/\\\/diariofemenino.com.ar\\\/df\\\/#\\\/schema\\\/logo\\\/image\\\/\"},\"sameAs\":[\"https:\\\/\\\/www.facebook.com\\\/DiarioDigitaFemenino\\\/\",\"https:\\\/\\\/x.com\\\/DiarioFemenino1\"]},{\"@type\":\"Person\",\"@id\":\"https:\\\/\\\/diariofemenino.com.ar\\\/df\\\/#\\\/schema\\\/person\\\/bf6199e8158c657ea6f789b11ec85509\",\"name\":\"Admin\",\"image\":{\"@type\":\"ImageObject\",\"inLanguage\":\"es\",\"@id\":\"https:\\\/\\\/diariofemenino.com.ar\\\/df\\\/wp-content\\\/uploads\\\/2018\\\/12\\\/favicon-150x150.jpg\",\"url\":\"https:\\\/\\\/diariofemenino.com.ar\\\/df\\\/wp-content\\\/uploads\\\/2018\\\/12\\\/favicon-150x150.jpg\",\"contentUrl\":\"https:\\\/\\\/diariofemenino.com.ar\\\/df\\\/wp-content\\\/uploads\\\/2018\\\/12\\\/favicon-150x150.jpg\",\"caption\":\"Admin\"},\"url\":\"https:\\\/\\\/diariofemenino.com.ar\\\/df\\\/author\\\/lenny\\\/\"}]}<\/script>\n<!-- \/ Yoast SEO plugin. -->","yoast_head_json":{"title":"Si duele, no es normal - Diario Digital Femenino","description":"Si duele... J ornadas de concientizaci\u00f3n y difusi\u00f3n en el marco del D\u00eda Mundial de la Endometriosis. La padecen al menos una de cada 10 mujeres.","robots":{"index":"index","follow":"follow","max-snippet":"max-snippet:-1","max-image-preview":"max-image-preview:large","max-video-preview":"max-video-preview:-1"},"canonical":"https:\/\/diariofemenino.com.ar\/df\/si-duele-no-es-normal\/","og_locale":"es_ES","og_type":"article","og_title":"Si duele, no es normal - Diario Digital Femenino","og_description":"Si duele... J ornadas de concientizaci\u00f3n y difusi\u00f3n en el marco del D\u00eda Mundial de la Endometriosis. La padecen al menos una de cada 10 mujeres.","og_url":"https:\/\/diariofemenino.com.ar\/df\/si-duele-no-es-normal\/","og_site_name":"Diario Digital Femenino","article_publisher":"https:\/\/www.facebook.com\/DiarioDigitaFemenino\/","article_published_time":"2022-03-16T21:49:06+00:00","og_image":[{"width":650,"height":339,"url":"https:\/\/diariofemenino.com.ar\/df\/wp-content\/uploads\/2022\/03\/03-14_dia-mundial-endometriosis-2_m.jpg","type":"image\/jpeg"}],"author":"Admin","twitter_card":"summary_large_image","twitter_creator":"@DiarioFemenino1","twitter_site":"@DiarioFemenino1","twitter_misc":{"Escrito por":"Admin","Tiempo de lectura":"5 minutos"},"schema":{"@context":"https:\/\/schema.org","@graph":[{"@type":"Article","@id":"https:\/\/diariofemenino.com.ar\/df\/si-duele-no-es-normal\/#article","isPartOf":{"@id":"https:\/\/diariofemenino.com.ar\/df\/si-duele-no-es-normal\/"},"author":{"name":"Admin","@id":"https:\/\/diariofemenino.com.ar\/df\/#\/schema\/person\/bf6199e8158c657ea6f789b11ec85509"},"headline":"Si duele, no es normal","datePublished":"2022-03-16T21:49:06+00:00","mainEntityOfPage":{"@id":"https:\/\/diariofemenino.com.ar\/df\/si-duele-no-es-normal\/"},"wordCount":1010,"commentCount":0,"publisher":{"@id":"https:\/\/diariofemenino.com.ar\/df\/#organization"},"image":{"@id":"https:\/\/diariofemenino.com.ar\/df\/si-duele-no-es-normal\/#primaryimage"},"thumbnailUrl":"https:\/\/diariofemenino.com.ar\/df\/wp-content\/uploads\/2022\/03\/03-14_dia-mundial-endometriosis-2_m.jpg","keywords":["De ESI s\u00ed se habla","Destacada","Endometriosis"],"articleSection":["Agenda Feminista","De ESI S\u00ed Se Habla","Medios","Noticias","Salud"],"inLanguage":"es","potentialAction":[{"@type":"CommentAction","name":"Comment","target":["https:\/\/diariofemenino.com.ar\/df\/si-duele-no-es-normal\/#respond"]}]},{"@type":"WebPage","@id":"https:\/\/diariofemenino.com.ar\/df\/si-duele-no-es-normal\/","url":"https:\/\/diariofemenino.com.ar\/df\/si-duele-no-es-normal\/","name":"Si duele, no es normal - Diario Digital Femenino","isPartOf":{"@id":"https:\/\/diariofemenino.com.ar\/df\/#website"},"primaryImageOfPage":{"@id":"https:\/\/diariofemenino.com.ar\/df\/si-duele-no-es-normal\/#primaryimage"},"image":{"@id":"https:\/\/diariofemenino.com.ar\/df\/si-duele-no-es-normal\/#primaryimage"},"thumbnailUrl":"https:\/\/diariofemenino.com.ar\/df\/wp-content\/uploads\/2022\/03\/03-14_dia-mundial-endometriosis-2_m.jpg","datePublished":"2022-03-16T21:49:06+00:00","description":"Si duele... J ornadas de concientizaci\u00f3n y difusi\u00f3n en el marco del D\u00eda Mundial de la Endometriosis. La padecen al menos una de cada 10 mujeres.","breadcrumb":{"@id":"https:\/\/diariofemenino.com.ar\/df\/si-duele-no-es-normal\/#breadcrumb"},"inLanguage":"es","potentialAction":[{"@type":"ReadAction","target":["https:\/\/diariofemenino.com.ar\/df\/si-duele-no-es-normal\/"]}]},{"@type":"ImageObject","inLanguage":"es","@id":"https:\/\/diariofemenino.com.ar\/df\/si-duele-no-es-normal\/#primaryimage","url":"https:\/\/diariofemenino.com.ar\/df\/wp-content\/uploads\/2022\/03\/03-14_dia-mundial-endometriosis-2_m.jpg","contentUrl":"https:\/\/diariofemenino.com.ar\/df\/wp-content\/uploads\/2022\/03\/03-14_dia-mundial-endometriosis-2_m.jpg","width":650,"height":339,"caption":"Si duele, no es normal"},{"@type":"BreadcrumbList","@id":"https:\/\/diariofemenino.com.ar\/df\/si-duele-no-es-normal\/#breadcrumb","itemListElement":[{"@type":"ListItem","position":1,"name":"Portada","item":"https:\/\/diariofemenino.com.ar\/df\/"},{"@type":"ListItem","position":2,"name":"Si duele, no es normal"}]},{"@type":"WebSite","@id":"https:\/\/diariofemenino.com.ar\/df\/#website","url":"https:\/\/diariofemenino.com.ar\/df\/","name":"Diario Digital Femenino","description":"Cuesti\u00f3n de G\u00e9nero","publisher":{"@id":"https:\/\/diariofemenino.com.ar\/df\/#organization"},"potentialAction":[{"@type":"SearchAction","target":{"@type":"EntryPoint","urlTemplate":"https:\/\/diariofemenino.com.ar\/df\/?s={search_term_string}"},"query-input":{"@type":"PropertyValueSpecification","valueRequired":true,"valueName":"search_term_string"}}],"inLanguage":"es"},{"@type":"Organization","@id":"https:\/\/diariofemenino.com.ar\/df\/#organization","name":"Diario Femenino","url":"https:\/\/diariofemenino.com.ar\/df\/","logo":{"@type":"ImageObject","inLanguage":"es","@id":"https:\/\/diariofemenino.com.ar\/df\/#\/schema\/logo\/image\/","url":"https:\/\/diariofemenino.com.ar\/df\/wp-content\/uploads\/2018\/10\/logo.png","contentUrl":"https:\/\/diariofemenino.com.ar\/df\/wp-content\/uploads\/2018\/10\/logo.png","width":500,"height":92,"caption":"Diario Femenino"},"image":{"@id":"https:\/\/diariofemenino.com.ar\/df\/#\/schema\/logo\/image\/"},"sameAs":["https:\/\/www.facebook.com\/DiarioDigitaFemenino\/","https:\/\/x.com\/DiarioFemenino1"]},{"@type":"Person","@id":"https:\/\/diariofemenino.com.ar\/df\/#\/schema\/person\/bf6199e8158c657ea6f789b11ec85509","name":"Admin","image":{"@type":"ImageObject","inLanguage":"es","@id":"https:\/\/diariofemenino.com.ar\/df\/wp-content\/uploads\/2018\/12\/favicon-150x150.jpg","url":"https:\/\/diariofemenino.com.ar\/df\/wp-content\/uploads\/2018\/12\/favicon-150x150.jpg","contentUrl":"https:\/\/diariofemenino.com.ar\/df\/wp-content\/uploads\/2018\/12\/favicon-150x150.jpg","caption":"Admin"},"url":"https:\/\/diariofemenino.com.ar\/df\/author\/lenny\/"}]}},"jetpack_featured_media_url":"https:\/\/diariofemenino.com.ar\/df\/wp-content\/uploads\/2022\/03\/03-14_dia-mundial-endometriosis-2_m.jpg","jetpack_sharing_enabled":true,"rttpg_featured_image_url":{"full":["https:\/\/diariofemenino.com.ar\/df\/wp-content\/uploads\/2022\/03\/03-14_dia-mundial-endometriosis-2_m.jpg",650,339,false],"landscape":["https:\/\/diariofemenino.com.ar\/df\/wp-content\/uploads\/2022\/03\/03-14_dia-mundial-endometriosis-2_m.jpg",650,339,false],"portraits":["https:\/\/diariofemenino.com.ar\/df\/wp-content\/uploads\/2022\/03\/03-14_dia-mundial-endometriosis-2_m.jpg",650,339,false],"thumbnail":["https:\/\/diariofemenino.com.ar\/df\/wp-content\/uploads\/2022\/03\/03-14_dia-mundial-endometriosis-2_m-150x150.jpg",150,150,true],"medium":["https:\/\/diariofemenino.com.ar\/df\/wp-content\/uploads\/2022\/03\/03-14_dia-mundial-endometriosis-2_m-300x156.jpg",300,156,true],"large":["https:\/\/diariofemenino.com.ar\/df\/wp-content\/uploads\/2022\/03\/03-14_dia-mundial-endometriosis-2_m.jpg",650,339,false],"1536x1536":["https:\/\/diariofemenino.com.ar\/df\/wp-content\/uploads\/2022\/03\/03-14_dia-mundial-endometriosis-2_m.jpg",650,339,false],"2048x2048":["https:\/\/diariofemenino.com.ar\/df\/wp-content\/uploads\/2022\/03\/03-14_dia-mundial-endometriosis-2_m.jpg",650,339,false]},"rttpg_author":{"display_name":"Admin","author_link":"https:\/\/diariofemenino.com.ar\/df\/author\/lenny\/"},"rttpg_comment":0,"rttpg_category":"<a href=\"https:\/\/diariofemenino.com.ar\/df\/category\/agenda-feminista\/\" rel=\"category tag\">Agenda Feminista<\/a> <a href=\"https:\/\/diariofemenino.com.ar\/df\/category\/de-esi-si-se-habla\/\" rel=\"category tag\">De ESI S\u00ed Se Habla<\/a> <a href=\"https:\/\/diariofemenino.com.ar\/df\/category\/medios\/\" rel=\"category tag\">Medios<\/a> <a href=\"https:\/\/diariofemenino.com.ar\/df\/category\/noticias\/\" rel=\"category tag\">Noticias<\/a> <a href=\"https:\/\/diariofemenino.com.ar\/df\/category\/salud\/\" rel=\"category tag\">Salud<\/a>","rttpg_excerpt":"&nbsp; En el marco del D\u00eda Mundial de la Endometriosis, que se conmemora cada 14 de marzo, la Asociaci\u00f3n Endohermanas Argentina lleva adelante durante todo el mes, diversas jornadas de concientizaci\u00f3n y difusi\u00f3n de esta patolog\u00eda que, seg\u00fan la Organizaci\u00f3n Mundial de la Salud, padecen al menos una de cada 10 mujeres. Por\u00a0Mar\u00eda In\u00e9s Alvarado*&hellip;","_links":{"self":[{"href":"https:\/\/diariofemenino.com.ar\/df\/wp-json\/wp\/v2\/posts\/63596","targetHints":{"allow":["GET"]}}],"collection":[{"href":"https:\/\/diariofemenino.com.ar\/df\/wp-json\/wp\/v2\/posts"}],"about":[{"href":"https:\/\/diariofemenino.com.ar\/df\/wp-json\/wp\/v2\/types\/post"}],"author":[{"embeddable":true,"href":"https:\/\/diariofemenino.com.ar\/df\/wp-json\/wp\/v2\/users\/4"}],"replies":[{"embeddable":true,"href":"https:\/\/diariofemenino.com.ar\/df\/wp-json\/wp\/v2\/comments?post=63596"}],"version-history":[{"count":0,"href":"https:\/\/diariofemenino.com.ar\/df\/wp-json\/wp\/v2\/posts\/63596\/revisions"}],"wp:featuredmedia":[{"embeddable":true,"href":"https:\/\/diariofemenino.com.ar\/df\/wp-json\/wp\/v2\/media\/63597"}],"wp:attachment":[{"href":"https:\/\/diariofemenino.com.ar\/df\/wp-json\/wp\/v2\/media?parent=63596"}],"wp:term":[{"taxonomy":"category","embeddable":true,"href":"https:\/\/diariofemenino.com.ar\/df\/wp-json\/wp\/v2\/categories?post=63596"},{"taxonomy":"post_tag","embeddable":true,"href":"https:\/\/diariofemenino.com.ar\/df\/wp-json\/wp\/v2\/tags?post=63596"}],"curies":[{"name":"wp","href":"https:\/\/api.w.org\/{rel}","templated":true}]}}