{"id":63578,"date":"2022-03-14T17:16:33","date_gmt":"2022-03-14T20:16:33","guid":{"rendered":"https:\/\/diariofemenino.com.ar\/df\/?p=63578"},"modified":"2022-03-14T17:16:33","modified_gmt":"2022-03-14T20:16:33","slug":"mujerio-desde-nuestra-tierra","status":"publish","type":"post","link":"https:\/\/diariofemenino.com.ar\/df\/mujerio-desde-nuestra-tierra\/","title":{"rendered":"\u00abMujer\u00edo desde nuestra tierra\u00bb"},"content":{"rendered":"<p style=\"text-align: center;\"><strong>In\u00e9s Ramos \u2013 Mariela Pagano y\u00a0 Martina Lafluf<\/strong><\/p>\n<p style=\"text-align: center;\"><strong>\u00a0\u00a0 Voz\u00a0\u00a0\u00a0\u00a0\u00a0\u00a0\u00a0\u00a0\u00a0\u00a0 \u2013\u00a0\u00a0\u00a0\u00a0\u00a0\u00a0\u00a0\u00a0\u00a0 Piano\u00a0\u00a0\u00a0\u00a0\u00a0\u00a0 &#8211;\u00a0\u00a0\u00a0\u00a0\u00a0\u00a0\u00a0\u00a0 Percusi\u00f3n<\/strong><\/p>\n<figure id=\"attachment_63579\" aria-describedby=\"caption-attachment-63579\" style=\"width: 512px\" class=\"wp-caption aligncenter\"><img loading=\"lazy\" decoding=\"async\" class=\"size-full wp-image-63579\" src=\"https:\/\/diariofemenino.com.ar\/df\/wp-content\/uploads\/2022\/03\/las-3.jpg\" alt=\"&quot;Mujer\u00edo desde nuestra tierra&quot;\" width=\"512\" height=\"640\" srcset=\"https:\/\/diariofemenino.com.ar\/df\/wp-content\/uploads\/2022\/03\/las-3.jpg 512w, https:\/\/diariofemenino.com.ar\/df\/wp-content\/uploads\/2022\/03\/las-3-240x300.jpg 240w\" sizes=\"auto, (max-width: 512px) 100vw, 512px\" \/><figcaption id=\"caption-attachment-63579\" class=\"wp-caption-text\">\u00abMujer\u00edo desde nuestra tierra\u00bb<\/figcaption><\/figure>\n<p>&nbsp;<\/p>\n<p>El domingo 20 de marzo a las 17h pod\u00e9s disfrutar de la propuesta de la banda Mujer\u00edo que busca poner de manifiesto las creaciones musicales de nuevas compositoras argentinas.<\/p>\n<p>La presentaci\u00f3n se realizar\u00e1\u00a0Calle Beguiristain al 400, Crucecita,\u00a0Anfiteatro Plaza San Mart\u00edn \u2013 Avellaneda. Con entrada libre y gratuita.<\/p>\n<p><strong>*Banda invitada: AMARELAS <\/strong><\/p>\n<p><strong>Mujer\u00edo<\/strong><\/p>\n<p>Las integrantes de Mujer\u00edo, desde la territorialidad proponen una urdimbre, ser parte del tejido, de la red de artistas de cada lugar en el que se presentan, amplificando el circuito, los p\u00fablicos y dando a conocer los repertorios nuevos.<\/p>\n<p>Retomando el esp\u00edritu y la experiencia de los shows realizados en 2018 junto a Clara Aita, Cinthia Trigo y Sof\u00eda Aristarain, Mujer\u00edo presentar\u00e1 sus conciertos compartiendo el escenario con artistas locales de diferentes puntos de la provincia de Buenos Aires y CABA, para disfrutar sobre todo de las canciones de las voces emergentes.<\/p>\n<p>Desde hace varios a\u00f1os la banda se manifiesta en la voz y la palabra de la mujer latinoamericana, con obras propias. Son compositoras de larga trayectoria y de nuevas y j\u00f3venes m\u00fasicas. Con una est\u00e9tica fuerte, arreglos y orquestaci\u00f3n originales.<\/p>\n<p><strong>La insurrecta<\/strong><\/p>\n<audio class=\"wp-audio-shortcode\" id=\"audio-63578-1\" preload=\"none\" style=\"width: 100%;\" controls=\"controls\"><source type=\"audio\/mpeg\" src=\"https:\/\/diariofemenino.com.ar\/df\/wp-content\/uploads\/2022\/03\/La-insurrecta.mp3?_=1\" \/><a href=\"https:\/\/diariofemenino.com.ar\/df\/wp-content\/uploads\/2022\/03\/La-insurrecta.mp3\">https:\/\/diariofemenino.com.ar\/df\/wp-content\/uploads\/2022\/03\/La-insurrecta.mp3<\/a><\/audio>\n<p><strong>Huaynito del olvido<\/strong><\/p>\n<audio class=\"wp-audio-shortcode\" id=\"audio-63578-2\" preload=\"none\" style=\"width: 100%;\" controls=\"controls\"><source type=\"audio\/mpeg\" src=\"https:\/\/diariofemenino.com.ar\/df\/wp-content\/uploads\/2022\/03\/Huaynito-del-olvido.mp3?_=2\" \/><a href=\"https:\/\/diariofemenino.com.ar\/df\/wp-content\/uploads\/2022\/03\/Huaynito-del-olvido.mp3\">https:\/\/diariofemenino.com.ar\/df\/wp-content\/uploads\/2022\/03\/Huaynito-del-olvido.mp3<\/a><\/audio>\n<p>*AMARELAS: Sexteto de m\u00fasicas argentinas, formado en 2015 en Buenos Aires, que luego de viajar a Brasil comienza a realizar presentaciones y a consolidar un repertorio que se nutre de diversos estilos y fusiones de ritmos afrolatinos, algunas influencias art\u00edsticas como Renata Rosa, Mayra Andrade, Richard Bonna, Hermeto Pascual. Su primer disco est\u00e1 en proceso de grabaci\u00f3n.<\/p>\n<ul>\n<li><strong>Celeste Bl\u00e9<\/strong> &#8211; Voz y Guitarra<\/li>\n<li><strong>Selva Rodr\u00edguez M\u00e9ndez<\/strong> &#8211; Voz y Flauta Traversa<\/li>\n<li><strong>Isadora Luna<\/strong> &#8211; Viol\u00edn y Voces<\/li>\n<li><strong>Jimena Villecco<\/strong> &#8211; Bajo El\u00e9ctrico<\/li>\n<li><strong>Camila Ben\u00edtez<\/strong> &#8211; Percusi\u00f3n<\/li>\n<li><strong>Florencia Figueredo<\/strong> \u2013 Percusi\u00f3n<\/li>\n<\/ul>\n<p>Primer corte en youtube &#8211;\u00a0 3,3 fuegos:<\/p>\n<p><iframe loading=\"lazy\" title=\"YouTube video player\" src=\"https:\/\/www.youtube.com\/embed\/4sLIL9XlukI\" width=\"560\" height=\"315\" frameborder=\"0\" allowfullscreen=\"allowfullscreen\"><\/iframe><\/p>\n<p><strong>CD Mujer\u00edo Vol 1<\/strong><\/p>\n<p><iframe loading=\"lazy\" style=\"border-radius: 12px\" width=\"100%\" height=\"380\" title=\"Spotify Embed: Mujerio\" frameborder=\"0\" allowfullscreen allow=\"autoplay; clipboard-write; encrypted-media; fullscreen; picture-in-picture\" src=\"https:\/\/open.spotify.com\/embed\/artist\/5t81bt6f786MxWo6s2U29H?si=F1S34MJAQA6i51f4kwa-Rw&#038;utm_source=oembed\"><\/iframe><\/p>\n<p>Prensa:\u00a0<strong>Sonia R. Cabral<\/strong> \/\/ IG:@soniacabralprensa \/ <strong><a href=\"mailto:%20prensasoniacabral@gmail.com\">\u00a0prensasoniacabral@gmail.com<\/a> <\/strong><\/p>\n<p>&nbsp;<\/p>\n","protected":false},"excerpt":{"rendered":"<p>In\u00e9s Ramos \u2013 Mariela Pagano y\u00a0 Martina Lafluf \u00a0\u00a0 Voz\u00a0\u00a0\u00a0\u00a0\u00a0\u00a0\u00a0\u00a0\u00a0\u00a0 \u2013\u00a0\u00a0\u00a0\u00a0\u00a0\u00a0\u00a0\u00a0\u00a0 Piano\u00a0\u00a0\u00a0\u00a0\u00a0\u00a0 &#8211;\u00a0\u00a0\u00a0\u00a0\u00a0\u00a0\u00a0\u00a0 Percusi\u00f3n &nbsp; El domingo 20 de marzo a las 17h pod\u00e9s disfrutar de la propuesta de la banda Mujer\u00edo que busca poner de manifiesto las creaciones musicales de nuevas compositoras argentinas. La presentaci\u00f3n se realizar\u00e1\u00a0Calle Beguiristain al 400, Crucecita,\u00a0Anfiteatro Plaza San Mart\u00edn [&hellip;]<\/p>\n","protected":false},"author":4,"featured_media":63580,"comment_status":"open","ping_status":"open","sticky":false,"template":"","format":"standard","meta":{"iawp_total_views":10,"footnotes":""},"categories":[7,1067,32,6,180],"tags":[5109,5108,60],"class_list":["post-63578","post","type-post","status-publish","format-standard","has-post-thumbnail","hentry","category-actividades","category-agenda-feminista","category-mujeres","category-articulos","category-videos","tag-amarelas","tag-mujerio","tag-musica"],"nelio_content":{"autoShareEndMode":"never","automationSources":{"useCustomSentences":false,"customSentences":[]},"efiAlt":"","efiUrl":"","followers":[4],"highlights":[],"isAutoShareEnabled":true,"networkImageIds":[],"permalinkQueryArgs":[],"series":[],"suggestedReferences":[]},"yoast_head":"<!-- This site is optimized with the Yoast SEO plugin v27.5 - https:\/\/yoast.com\/product\/yoast-seo-wordpress\/ -->\n<title>&quot;Mujer\u00edo desde nuestra tierra&quot; - Diario Digital Femenino<\/title>\n<meta name=\"description\" content=\"Mujer\u00edo, una banda con propuestas que buscan poner de manifiesto las creaciones musicales de nuevas compositoras argentinas.\" \/>\n<meta name=\"robots\" content=\"index, follow, max-snippet:-1, max-image-preview:large, max-video-preview:-1\" \/>\n<link rel=\"canonical\" href=\"https:\/\/diariofemenino.com.ar\/df\/mujerio-desde-nuestra-tierra\/\" \/>\n<meta property=\"og:locale\" content=\"es_ES\" \/>\n<meta property=\"og:type\" content=\"article\" \/>\n<meta property=\"og:title\" content=\"&quot;Mujer\u00edo desde nuestra tierra&quot; - Diario Digital Femenino\" \/>\n<meta property=\"og:description\" content=\"Mujer\u00edo, una banda con propuestas que buscan poner de manifiesto las creaciones musicales de nuevas compositoras argentinas.\" \/>\n<meta property=\"og:url\" content=\"https:\/\/diariofemenino.com.ar\/df\/mujerio-desde-nuestra-tierra\/\" \/>\n<meta property=\"og:site_name\" content=\"Diario Digital Femenino\" \/>\n<meta property=\"article:publisher\" content=\"https:\/\/www.facebook.com\/DiarioDigitaFemenino\/\" \/>\n<meta property=\"article:published_time\" content=\"2022-03-14T20:16:33+00:00\" \/>\n<meta property=\"og:image\" content=\"https:\/\/diariofemenino.com.ar\/df\/wp-content\/uploads\/2022\/03\/mujerio-cd.jpg\" \/>\n\t<meta property=\"og:image:width\" content=\"500\" \/>\n\t<meta property=\"og:image:height\" content=\"500\" \/>\n\t<meta property=\"og:image:type\" content=\"image\/jpeg\" \/>\n<meta name=\"author\" content=\"Admin\" \/>\n<meta name=\"twitter:card\" content=\"summary_large_image\" \/>\n<meta name=\"twitter:creator\" content=\"@DiarioFemenino1\" \/>\n<meta name=\"twitter:site\" content=\"@DiarioFemenino1\" \/>\n<meta name=\"twitter:label1\" content=\"Escrito por\" \/>\n\t<meta name=\"twitter:data1\" content=\"Admin\" \/>\n\t<meta name=\"twitter:label2\" content=\"Tiempo de lectura\" \/>\n\t<meta name=\"twitter:data2\" content=\"2 minutos\" \/>\n<script type=\"application\/ld+json\" class=\"yoast-schema-graph\">{\"@context\":\"https:\\\/\\\/schema.org\",\"@graph\":[{\"@type\":\"Article\",\"@id\":\"https:\\\/\\\/diariofemenino.com.ar\\\/df\\\/mujerio-desde-nuestra-tierra\\\/#article\",\"isPartOf\":{\"@id\":\"https:\\\/\\\/diariofemenino.com.ar\\\/df\\\/mujerio-desde-nuestra-tierra\\\/\"},\"author\":{\"name\":\"Admin\",\"@id\":\"https:\\\/\\\/diariofemenino.com.ar\\\/df\\\/#\\\/schema\\\/person\\\/bf6199e8158c657ea6f789b11ec85509\"},\"headline\":\"\u00abMujer\u00edo desde nuestra tierra\u00bb\",\"datePublished\":\"2022-03-14T20:16:33+00:00\",\"mainEntityOfPage\":{\"@id\":\"https:\\\/\\\/diariofemenino.com.ar\\\/df\\\/mujerio-desde-nuestra-tierra\\\/\"},\"wordCount\":393,\"commentCount\":0,\"publisher\":{\"@id\":\"https:\\\/\\\/diariofemenino.com.ar\\\/df\\\/#organization\"},\"image\":{\"@id\":\"https:\\\/\\\/diariofemenino.com.ar\\\/df\\\/mujerio-desde-nuestra-tierra\\\/#primaryimage\"},\"thumbnailUrl\":\"https:\\\/\\\/diariofemenino.com.ar\\\/df\\\/wp-content\\\/uploads\\\/2022\\\/03\\\/mujerio-cd.jpg\",\"keywords\":[\"Amarelas\",\"Mujer\u00edo\",\"M\u00f9sica\"],\"articleSection\":[\"Actividades\",\"Agenda Feminista\",\"Mujeres\",\"Mujeres en Palabras\",\"Videos\"],\"inLanguage\":\"es\",\"potentialAction\":[{\"@type\":\"CommentAction\",\"name\":\"Comment\",\"target\":[\"https:\\\/\\\/diariofemenino.com.ar\\\/df\\\/mujerio-desde-nuestra-tierra\\\/#respond\"]}]},{\"@type\":\"WebPage\",\"@id\":\"https:\\\/\\\/diariofemenino.com.ar\\\/df\\\/mujerio-desde-nuestra-tierra\\\/\",\"url\":\"https:\\\/\\\/diariofemenino.com.ar\\\/df\\\/mujerio-desde-nuestra-tierra\\\/\",\"name\":\"\\\"Mujer\u00edo desde nuestra tierra\\\" - Diario Digital Femenino\",\"isPartOf\":{\"@id\":\"https:\\\/\\\/diariofemenino.com.ar\\\/df\\\/#website\"},\"primaryImageOfPage\":{\"@id\":\"https:\\\/\\\/diariofemenino.com.ar\\\/df\\\/mujerio-desde-nuestra-tierra\\\/#primaryimage\"},\"image\":{\"@id\":\"https:\\\/\\\/diariofemenino.com.ar\\\/df\\\/mujerio-desde-nuestra-tierra\\\/#primaryimage\"},\"thumbnailUrl\":\"https:\\\/\\\/diariofemenino.com.ar\\\/df\\\/wp-content\\\/uploads\\\/2022\\\/03\\\/mujerio-cd.jpg\",\"datePublished\":\"2022-03-14T20:16:33+00:00\",\"description\":\"Mujer\u00edo, una banda con propuestas que buscan poner de manifiesto las creaciones musicales de nuevas compositoras argentinas.\",\"breadcrumb\":{\"@id\":\"https:\\\/\\\/diariofemenino.com.ar\\\/df\\\/mujerio-desde-nuestra-tierra\\\/#breadcrumb\"},\"inLanguage\":\"es\",\"potentialAction\":[{\"@type\":\"ReadAction\",\"target\":[\"https:\\\/\\\/diariofemenino.com.ar\\\/df\\\/mujerio-desde-nuestra-tierra\\\/\"]}]},{\"@type\":\"ImageObject\",\"inLanguage\":\"es\",\"@id\":\"https:\\\/\\\/diariofemenino.com.ar\\\/df\\\/mujerio-desde-nuestra-tierra\\\/#primaryimage\",\"url\":\"https:\\\/\\\/diariofemenino.com.ar\\\/df\\\/wp-content\\\/uploads\\\/2022\\\/03\\\/mujerio-cd.jpg\",\"contentUrl\":\"https:\\\/\\\/diariofemenino.com.ar\\\/df\\\/wp-content\\\/uploads\\\/2022\\\/03\\\/mujerio-cd.jpg\",\"width\":500,\"height\":500,\"caption\":\"\\\"Mujer\u00edo desde nuestra tierra\\\"\"},{\"@type\":\"BreadcrumbList\",\"@id\":\"https:\\\/\\\/diariofemenino.com.ar\\\/df\\\/mujerio-desde-nuestra-tierra\\\/#breadcrumb\",\"itemListElement\":[{\"@type\":\"ListItem\",\"position\":1,\"name\":\"Portada\",\"item\":\"https:\\\/\\\/diariofemenino.com.ar\\\/df\\\/\"},{\"@type\":\"ListItem\",\"position\":2,\"name\":\"\u00abMujer\u00edo desde nuestra tierra\u00bb\"}]},{\"@type\":\"WebSite\",\"@id\":\"https:\\\/\\\/diariofemenino.com.ar\\\/df\\\/#website\",\"url\":\"https:\\\/\\\/diariofemenino.com.ar\\\/df\\\/\",\"name\":\"Diario Digital Femenino\",\"description\":\"Cuesti\u00f3n de G\u00e9nero\",\"publisher\":{\"@id\":\"https:\\\/\\\/diariofemenino.com.ar\\\/df\\\/#organization\"},\"potentialAction\":[{\"@type\":\"SearchAction\",\"target\":{\"@type\":\"EntryPoint\",\"urlTemplate\":\"https:\\\/\\\/diariofemenino.com.ar\\\/df\\\/?s={search_term_string}\"},\"query-input\":{\"@type\":\"PropertyValueSpecification\",\"valueRequired\":true,\"valueName\":\"search_term_string\"}}],\"inLanguage\":\"es\"},{\"@type\":\"Organization\",\"@id\":\"https:\\\/\\\/diariofemenino.com.ar\\\/df\\\/#organization\",\"name\":\"Diario Femenino\",\"url\":\"https:\\\/\\\/diariofemenino.com.ar\\\/df\\\/\",\"logo\":{\"@type\":\"ImageObject\",\"inLanguage\":\"es\",\"@id\":\"https:\\\/\\\/diariofemenino.com.ar\\\/df\\\/#\\\/schema\\\/logo\\\/image\\\/\",\"url\":\"https:\\\/\\\/diariofemenino.com.ar\\\/df\\\/wp-content\\\/uploads\\\/2018\\\/10\\\/logo.png\",\"contentUrl\":\"https:\\\/\\\/diariofemenino.com.ar\\\/df\\\/wp-content\\\/uploads\\\/2018\\\/10\\\/logo.png\",\"width\":500,\"height\":92,\"caption\":\"Diario Femenino\"},\"image\":{\"@id\":\"https:\\\/\\\/diariofemenino.com.ar\\\/df\\\/#\\\/schema\\\/logo\\\/image\\\/\"},\"sameAs\":[\"https:\\\/\\\/www.facebook.com\\\/DiarioDigitaFemenino\\\/\",\"https:\\\/\\\/x.com\\\/DiarioFemenino1\"]},{\"@type\":\"Person\",\"@id\":\"https:\\\/\\\/diariofemenino.com.ar\\\/df\\\/#\\\/schema\\\/person\\\/bf6199e8158c657ea6f789b11ec85509\",\"name\":\"Admin\",\"image\":{\"@type\":\"ImageObject\",\"inLanguage\":\"es\",\"@id\":\"https:\\\/\\\/diariofemenino.com.ar\\\/df\\\/wp-content\\\/uploads\\\/2018\\\/12\\\/favicon-150x150.jpg\",\"url\":\"https:\\\/\\\/diariofemenino.com.ar\\\/df\\\/wp-content\\\/uploads\\\/2018\\\/12\\\/favicon-150x150.jpg\",\"contentUrl\":\"https:\\\/\\\/diariofemenino.com.ar\\\/df\\\/wp-content\\\/uploads\\\/2018\\\/12\\\/favicon-150x150.jpg\",\"caption\":\"Admin\"},\"url\":\"https:\\\/\\\/diariofemenino.com.ar\\\/df\\\/author\\\/lenny\\\/\"}]}<\/script>\n<!-- \/ Yoast SEO plugin. -->","yoast_head_json":{"title":"\"Mujer\u00edo desde nuestra tierra\" - Diario Digital Femenino","description":"Mujer\u00edo, una banda con propuestas que buscan poner de manifiesto las creaciones musicales de nuevas compositoras argentinas.","robots":{"index":"index","follow":"follow","max-snippet":"max-snippet:-1","max-image-preview":"max-image-preview:large","max-video-preview":"max-video-preview:-1"},"canonical":"https:\/\/diariofemenino.com.ar\/df\/mujerio-desde-nuestra-tierra\/","og_locale":"es_ES","og_type":"article","og_title":"\"Mujer\u00edo desde nuestra tierra\" - Diario Digital Femenino","og_description":"Mujer\u00edo, una banda con propuestas que buscan poner de manifiesto las creaciones musicales de nuevas compositoras argentinas.","og_url":"https:\/\/diariofemenino.com.ar\/df\/mujerio-desde-nuestra-tierra\/","og_site_name":"Diario Digital Femenino","article_publisher":"https:\/\/www.facebook.com\/DiarioDigitaFemenino\/","article_published_time":"2022-03-14T20:16:33+00:00","og_image":[{"width":500,"height":500,"url":"https:\/\/diariofemenino.com.ar\/df\/wp-content\/uploads\/2022\/03\/mujerio-cd.jpg","type":"image\/jpeg"}],"author":"Admin","twitter_card":"summary_large_image","twitter_creator":"@DiarioFemenino1","twitter_site":"@DiarioFemenino1","twitter_misc":{"Escrito por":"Admin","Tiempo de lectura":"2 minutos"},"schema":{"@context":"https:\/\/schema.org","@graph":[{"@type":"Article","@id":"https:\/\/diariofemenino.com.ar\/df\/mujerio-desde-nuestra-tierra\/#article","isPartOf":{"@id":"https:\/\/diariofemenino.com.ar\/df\/mujerio-desde-nuestra-tierra\/"},"author":{"name":"Admin","@id":"https:\/\/diariofemenino.com.ar\/df\/#\/schema\/person\/bf6199e8158c657ea6f789b11ec85509"},"headline":"\u00abMujer\u00edo desde nuestra tierra\u00bb","datePublished":"2022-03-14T20:16:33+00:00","mainEntityOfPage":{"@id":"https:\/\/diariofemenino.com.ar\/df\/mujerio-desde-nuestra-tierra\/"},"wordCount":393,"commentCount":0,"publisher":{"@id":"https:\/\/diariofemenino.com.ar\/df\/#organization"},"image":{"@id":"https:\/\/diariofemenino.com.ar\/df\/mujerio-desde-nuestra-tierra\/#primaryimage"},"thumbnailUrl":"https:\/\/diariofemenino.com.ar\/df\/wp-content\/uploads\/2022\/03\/mujerio-cd.jpg","keywords":["Amarelas","Mujer\u00edo","M\u00f9sica"],"articleSection":["Actividades","Agenda Feminista","Mujeres","Mujeres en Palabras","Videos"],"inLanguage":"es","potentialAction":[{"@type":"CommentAction","name":"Comment","target":["https:\/\/diariofemenino.com.ar\/df\/mujerio-desde-nuestra-tierra\/#respond"]}]},{"@type":"WebPage","@id":"https:\/\/diariofemenino.com.ar\/df\/mujerio-desde-nuestra-tierra\/","url":"https:\/\/diariofemenino.com.ar\/df\/mujerio-desde-nuestra-tierra\/","name":"\"Mujer\u00edo desde nuestra tierra\" - Diario Digital Femenino","isPartOf":{"@id":"https:\/\/diariofemenino.com.ar\/df\/#website"},"primaryImageOfPage":{"@id":"https:\/\/diariofemenino.com.ar\/df\/mujerio-desde-nuestra-tierra\/#primaryimage"},"image":{"@id":"https:\/\/diariofemenino.com.ar\/df\/mujerio-desde-nuestra-tierra\/#primaryimage"},"thumbnailUrl":"https:\/\/diariofemenino.com.ar\/df\/wp-content\/uploads\/2022\/03\/mujerio-cd.jpg","datePublished":"2022-03-14T20:16:33+00:00","description":"Mujer\u00edo, una banda con propuestas que buscan poner de manifiesto las creaciones musicales de nuevas compositoras argentinas.","breadcrumb":{"@id":"https:\/\/diariofemenino.com.ar\/df\/mujerio-desde-nuestra-tierra\/#breadcrumb"},"inLanguage":"es","potentialAction":[{"@type":"ReadAction","target":["https:\/\/diariofemenino.com.ar\/df\/mujerio-desde-nuestra-tierra\/"]}]},{"@type":"ImageObject","inLanguage":"es","@id":"https:\/\/diariofemenino.com.ar\/df\/mujerio-desde-nuestra-tierra\/#primaryimage","url":"https:\/\/diariofemenino.com.ar\/df\/wp-content\/uploads\/2022\/03\/mujerio-cd.jpg","contentUrl":"https:\/\/diariofemenino.com.ar\/df\/wp-content\/uploads\/2022\/03\/mujerio-cd.jpg","width":500,"height":500,"caption":"\"Mujer\u00edo desde nuestra tierra\""},{"@type":"BreadcrumbList","@id":"https:\/\/diariofemenino.com.ar\/df\/mujerio-desde-nuestra-tierra\/#breadcrumb","itemListElement":[{"@type":"ListItem","position":1,"name":"Portada","item":"https:\/\/diariofemenino.com.ar\/df\/"},{"@type":"ListItem","position":2,"name":"\u00abMujer\u00edo desde nuestra tierra\u00bb"}]},{"@type":"WebSite","@id":"https:\/\/diariofemenino.com.ar\/df\/#website","url":"https:\/\/diariofemenino.com.ar\/df\/","name":"Diario Digital Femenino","description":"Cuesti\u00f3n de G\u00e9nero","publisher":{"@id":"https:\/\/diariofemenino.com.ar\/df\/#organization"},"potentialAction":[{"@type":"SearchAction","target":{"@type":"EntryPoint","urlTemplate":"https:\/\/diariofemenino.com.ar\/df\/?s={search_term_string}"},"query-input":{"@type":"PropertyValueSpecification","valueRequired":true,"valueName":"search_term_string"}}],"inLanguage":"es"},{"@type":"Organization","@id":"https:\/\/diariofemenino.com.ar\/df\/#organization","name":"Diario Femenino","url":"https:\/\/diariofemenino.com.ar\/df\/","logo":{"@type":"ImageObject","inLanguage":"es","@id":"https:\/\/diariofemenino.com.ar\/df\/#\/schema\/logo\/image\/","url":"https:\/\/diariofemenino.com.ar\/df\/wp-content\/uploads\/2018\/10\/logo.png","contentUrl":"https:\/\/diariofemenino.com.ar\/df\/wp-content\/uploads\/2018\/10\/logo.png","width":500,"height":92,"caption":"Diario Femenino"},"image":{"@id":"https:\/\/diariofemenino.com.ar\/df\/#\/schema\/logo\/image\/"},"sameAs":["https:\/\/www.facebook.com\/DiarioDigitaFemenino\/","https:\/\/x.com\/DiarioFemenino1"]},{"@type":"Person","@id":"https:\/\/diariofemenino.com.ar\/df\/#\/schema\/person\/bf6199e8158c657ea6f789b11ec85509","name":"Admin","image":{"@type":"ImageObject","inLanguage":"es","@id":"https:\/\/diariofemenino.com.ar\/df\/wp-content\/uploads\/2018\/12\/favicon-150x150.jpg","url":"https:\/\/diariofemenino.com.ar\/df\/wp-content\/uploads\/2018\/12\/favicon-150x150.jpg","contentUrl":"https:\/\/diariofemenino.com.ar\/df\/wp-content\/uploads\/2018\/12\/favicon-150x150.jpg","caption":"Admin"},"url":"https:\/\/diariofemenino.com.ar\/df\/author\/lenny\/"}]}},"jetpack_featured_media_url":"https:\/\/diariofemenino.com.ar\/df\/wp-content\/uploads\/2022\/03\/mujerio-cd.jpg","jetpack_sharing_enabled":true,"rttpg_featured_image_url":{"full":["https:\/\/diariofemenino.com.ar\/df\/wp-content\/uploads\/2022\/03\/mujerio-cd.jpg",500,500,false],"landscape":["https:\/\/diariofemenino.com.ar\/df\/wp-content\/uploads\/2022\/03\/mujerio-cd.jpg",500,500,false],"portraits":["https:\/\/diariofemenino.com.ar\/df\/wp-content\/uploads\/2022\/03\/mujerio-cd.jpg",500,500,false],"thumbnail":["https:\/\/diariofemenino.com.ar\/df\/wp-content\/uploads\/2022\/03\/mujerio-cd-150x150.jpg",150,150,true],"medium":["https:\/\/diariofemenino.com.ar\/df\/wp-content\/uploads\/2022\/03\/mujerio-cd-300x300.jpg",300,300,true],"large":["https:\/\/diariofemenino.com.ar\/df\/wp-content\/uploads\/2022\/03\/mujerio-cd.jpg",500,500,false],"1536x1536":["https:\/\/diariofemenino.com.ar\/df\/wp-content\/uploads\/2022\/03\/mujerio-cd.jpg",500,500,false],"2048x2048":["https:\/\/diariofemenino.com.ar\/df\/wp-content\/uploads\/2022\/03\/mujerio-cd.jpg",500,500,false]},"rttpg_author":{"display_name":"Admin","author_link":"https:\/\/diariofemenino.com.ar\/df\/author\/lenny\/"},"rttpg_comment":0,"rttpg_category":"<a href=\"https:\/\/diariofemenino.com.ar\/df\/category\/actividades\/\" rel=\"category tag\">Actividades<\/a> <a href=\"https:\/\/diariofemenino.com.ar\/df\/category\/agenda-feminista\/\" rel=\"category tag\">Agenda Feminista<\/a> <a href=\"https:\/\/diariofemenino.com.ar\/df\/category\/mujeres\/\" rel=\"category tag\">Mujeres<\/a> <a href=\"https:\/\/diariofemenino.com.ar\/df\/category\/articulos\/\" rel=\"category tag\">Mujeres en Palabras<\/a> <a href=\"https:\/\/diariofemenino.com.ar\/df\/category\/videos\/\" rel=\"category tag\">Videos<\/a>","rttpg_excerpt":"In\u00e9s Ramos \u2013 Mariela Pagano y\u00a0 Martina Lafluf \u00a0\u00a0 Voz\u00a0\u00a0\u00a0\u00a0\u00a0\u00a0\u00a0\u00a0\u00a0\u00a0 \u2013\u00a0\u00a0\u00a0\u00a0\u00a0\u00a0\u00a0\u00a0\u00a0 Piano\u00a0\u00a0\u00a0\u00a0\u00a0\u00a0 &#8211;\u00a0\u00a0\u00a0\u00a0\u00a0\u00a0\u00a0\u00a0 Percusi\u00f3n &nbsp; El domingo 20 de marzo a las 17h pod\u00e9s disfrutar de la propuesta de la banda Mujer\u00edo que busca poner de manifiesto las creaciones musicales de nuevas compositoras argentinas. La presentaci\u00f3n se realizar\u00e1\u00a0Calle Beguiristain al 400, Crucecita,\u00a0Anfiteatro Plaza San Mart\u00edn&hellip;","_links":{"self":[{"href":"https:\/\/diariofemenino.com.ar\/df\/wp-json\/wp\/v2\/posts\/63578","targetHints":{"allow":["GET"]}}],"collection":[{"href":"https:\/\/diariofemenino.com.ar\/df\/wp-json\/wp\/v2\/posts"}],"about":[{"href":"https:\/\/diariofemenino.com.ar\/df\/wp-json\/wp\/v2\/types\/post"}],"author":[{"embeddable":true,"href":"https:\/\/diariofemenino.com.ar\/df\/wp-json\/wp\/v2\/users\/4"}],"replies":[{"embeddable":true,"href":"https:\/\/diariofemenino.com.ar\/df\/wp-json\/wp\/v2\/comments?post=63578"}],"version-history":[{"count":0,"href":"https:\/\/diariofemenino.com.ar\/df\/wp-json\/wp\/v2\/posts\/63578\/revisions"}],"wp:featuredmedia":[{"embeddable":true,"href":"https:\/\/diariofemenino.com.ar\/df\/wp-json\/wp\/v2\/media\/63580"}],"wp:attachment":[{"href":"https:\/\/diariofemenino.com.ar\/df\/wp-json\/wp\/v2\/media?parent=63578"}],"wp:term":[{"taxonomy":"category","embeddable":true,"href":"https:\/\/diariofemenino.com.ar\/df\/wp-json\/wp\/v2\/categories?post=63578"},{"taxonomy":"post_tag","embeddable":true,"href":"https:\/\/diariofemenino.com.ar\/df\/wp-json\/wp\/v2\/tags?post=63578"}],"curies":[{"name":"wp","href":"https:\/\/api.w.org\/{rel}","templated":true}]}}