{"id":63232,"date":"2022-02-16T10:37:34","date_gmt":"2022-02-16T13:37:34","guid":{"rendered":"https:\/\/diariofemenino.com.ar\/df\/?p=63232"},"modified":"2022-02-16T10:37:34","modified_gmt":"2022-02-16T13:37:34","slug":"supresion-de-apellido-paterno-quien-la-abuso","status":"publish","type":"post","link":"https:\/\/diariofemenino.com.ar\/df\/supresion-de-apellido-paterno-quien-la-abuso\/","title":{"rendered":"Supresi\u00f3n de apellido paterno quien la abus\u00f3 de ni\u00f1a y con el deseo de que su t\u00edtulo universitario no portara el mismo"},"content":{"rendered":"<p>Supresi\u00f3n de apellido por abuso sexual en la infancia.<\/p>\n<p><strong>\u00abP.I.M. C\/ P.V.N. S\/ CAMBIO DE NOMBRE\u00bb, SENDEF.- <\/strong>Jueza Interviniente: <strong>Silvina A. Arancibia Narambuena<\/strong>. Secretaria<strong> Oriana Denise Martini<\/strong>. Cutral Co, 26 de Noviembre del a\u00f1o 2021.<\/p>\n<p>Por\u00a0<strong><a href=\"https:\/\/diariofemenino.com.ar\/df\/quintuple-vulnerabilidad-como-parametro-para-rechazar-el-procedimiento-de-juicio-abreviado\/\">Erica P\u00e9rez<\/a>*<\/strong><\/p>\n<p><strong>I- Resumen de los hechos:<\/strong><\/p>\n<p>Se presenta la Sra.<strong> I.M.P<\/strong>, solicitando la supresi\u00f3n del apellido paterno<strong> P.<\/strong> y adhesi\u00f3n del apellido materno <strong>C. <\/strong>Relata que desde peque\u00f1a fue v\u00edctima de malos tratos y violencia sexual por parte de su progenitor el Sr. <strong>P. V.<\/strong> Que en el a\u00f1o 2009 le fue diagnosticada una enfermedad autoinmune, motivo que la llev\u00f3 a realizar tratamiento psicol\u00f3gico; en dicho contexto pudo comenzar a hablar de las situaciones de abuso que hab\u00eda sufrido. Manifiesta que la situaci\u00f3n la ha llevado a aislarse de su familia con quien apenas mantiene contacto porque no ha podido relatarle a su progenitora el abuso sufrido. Por \u00faltimo, refiere que cursa estudios universitarios y<strong> no desea que en el t\u00edtulo que se expida se consigne el nombre P. el que asocia con mucho sufrimiento y no con aquello que ha conseguido con su esfuerzo.<\/strong><\/p>\n<p><strong>II- Nombre. Contexto Normativo \u201cjustos motivos\u201d.<\/strong><\/p>\n<p>El nombre, por tratarse de una instituci\u00f3n compleja, cumple una doble funci\u00f3n ya que protege intereses individuales y sociales. Por un lado, es un atributo de la personalidad, y en ese sentido, al ser un elemento esencial, quien lo porta tiene derecho a usarlo y protegerlo de injerencias de terceros, mientras que por el otro es una instituci\u00f3n de polic\u00eda civil en la que tiene incumbencia el Estado para permitir la efectiva identificaci\u00f3n de las personas dentro de la sociedad. Sin desconocer ambas funciones, la doctrina es conteste en que el nombre <strong>es un derecho humano aut\u00f3nomo emparentado con el derecho a la identidad.<\/strong><\/p>\n<p>Siguiendo ese lineamiento el art\u00edculo 69 del CCyC ha dispuesto que:<em> \u201cEl cambio de prenombre o apellido <strong>s\u00f3lo procede si existen justos motivos a criterio del juez<\/strong>. Se considera justo motivo, de acuerdo a las particularidades del caso, entre otros, a: <\/em>a. <em>el seud\u00f3nimo, cuando hubiese adquirido notoriedad; <\/em>b. <em>la raigambre cultural, \u00e9tnica o religiosa; <\/em>c. <em>la afectaci\u00f3n de la personalidad de la persona interesada (\u2026)<\/em><\/p>\n<p><strong>La regla es la inmutabilidad<\/strong> del nombre toda vez que cumple una funci\u00f3n individualizadora. Ahora bien, la norma prev\u00e9 excepciones en tanto las mismas se yergan como justos motivos a criterio del juez.<\/p>\n<p>La expresi\u00f3n <strong>\u201cjustos motivos\u201d<\/strong> carece de una definici\u00f3n legal. No obstante, la jurisprudencia ha plasmado una interesante casu\u00edstica en la materia, delineada por las circunstancias f\u00e1cticas propias de cada caso. Como ejemplos, cabe mencionar: <strong>1)<\/strong> el reconocimiento social y profesional del individuo que no perjudique a terceros; <strong>2)<\/strong> todas aquellas razones serias y fundadas en situaciones tanto materiales como morales que merecen una detenida valoraci\u00f3n jurisdiccional; <strong>3)<\/strong> aquellos que derivan en serio agravio material o espiritual para los interesados, o por lo menos aquellos en los que la dificultad alegada re\u00fana tanta razonabilidad que, a simple vista, sea susceptible de comprobaci\u00f3n; <strong>4)<\/strong> cuando su misma enunciaci\u00f3n convoque a un significado despreciado o problem\u00e1tico, de modo evidente, en el \u00e1mbito social en que se desarrolla la vida de la persona; y <strong>5)<\/strong> a fin de no desdibujar las razones de orden y seguridad que inspiran dicho principio, solo ser\u00e1 posible cuando existan otros valores no menos atendibles, aunque respondan a motivaciones particulares, siempre que sean serios y justificados. En fin, se ha dicho que los justos motivos son aquellas causas graves, razonables y poderosas capaces de violentar el principio de estabilidad del nombre. <strong>(Herrera Marisa, Caramelo Gustavo y Piccaso Sebasti\u00e1n, \u201cC\u00f3digo Civil y Comercial de la Naci\u00f3n Comentado, T\u00edtulo preliminar y Libro Primero, www.infojus.gob.ar).<\/strong><\/p>\n<p>El art. 69 del CCC prev\u00e9 la posibilidad de cambiar de prenombre o apellido solo si existen justos motivos a criterio del juez, enumerando entre ellos, la afectaci\u00f3n de la personalidad de la persona interesada, cualquiera sea su causa, siempre que se encuentre acreditada. La apreciaci\u00f3n de causas que autorizan el cambio de nombre debe hacerse con criterio restrictivo (y s\u00f3lo autorizan cuando median razones muy serias), por lo que la doctrina judicial ha tenido oportunidad de pronunciarse favorablemente en incontables casos en que las circunstancias demuestran que puedan verse afectados intereses de \u00edndole moral o material del peticionante. <strong>(Juzgado de Primera Instancia en lo Civil, Comercial, Familia y Conciliaci\u00f3n, La Carlota, C\u00f3rdoba, \u201cD. M., N. A. &#8211; Sumaria\u201d, 23\/4\/2020,https:\/\/drive.google.com\/file\/d\/1QKPec_I6XqY6AnMypugXt4buqEi0j_KP\/view)<\/strong><\/p>\n<p>El <strong>art.6 <\/strong>de la<strong> Declaraci\u00f3n Universal de Derechos Humanos-<\/strong> que goza de jerarqu\u00eda constitucional en virtud del art.75 inc.22- dispone que \u201ctodo ser humano tiene derecho, en todas partes, al reconocimiento de su personalidad jur\u00eddica. Dicho reconocimiento conlleva la obligaci\u00f3n de otorgarle su verdadera identidad, lo cual empieza por su nombre. El nombre individualiza al sujeto dentro de la comunidad en que se desenvuelve y esa individualidad hace que sea el mismo y no otro, el nombre resulta ser entonces un atributo estrechamente ligado a la identidad del sujeto.<\/p>\n<p><strong>III. La acreditaci\u00f3n de los requisitos para la admisi\u00f3n al caso en concreto.<\/strong><\/p>\n<p>Del informe remitido por las profesionales tratantes de la accionante se desprende que la actora padece al d\u00eda de hoy sintomatolog\u00eda asociada a trastorno de estr\u00e9s postraum\u00e1tico coincidente con las afecciones ps\u00edquicas de quien ha padecido abuso sexual durante su infancia. La profesional refiere haber trabajado en sus sesiones con la accionante la habilidad para poder separar los hechos de abuso sufridos de la identidad de la peticionante y detalla las circunstancias en que la actora le habr\u00eda relatado su intenci\u00f3n de suprimirse el apellido <strong>P<\/strong>. y la importancia que para<strong> I<\/strong>. tiene el hecho de que su t\u00edtulo profesional no contenga el apellido <strong>P.<\/strong> <strong>Concluye que el apellido paterno es para I. un sello que arrastra y que conlleva marcas en su subjetividad y en cuerpo siendo necesario la desafiliaci\u00f3n del apellido paterno para que pueda elaborar el trauma generado.<\/strong><\/p>\n<p>Por ello, entiendo que el principio de la inmutabilidad del nombre, que sin perjuicio de encontrarse atemperado sigue rigiendo en la materia, no puede ser mantenido en el caso tra\u00eddo a resolver.<\/p>\n<p>Consecuentemente, teniendo en cuenta los informes remitidos por los Registros de la Propiedad y de Reincidencia, que dan cuenta de que no se trata de una maniobra destinada a perjudicar el derecho de terceros, <strong>entiendo que corresponde hacer lugar a la demanda instaurada por mediar justos motivos<\/strong> en los t\u00e9rminos del art.69 del C\u00f3digo Civil y Comercial.<\/p>\n<p><strong>IV.- Lectura personal de la sentencia dictada en audiencia privada a celebrarse mediante la plataforma ZOOM.<\/strong><\/p>\n<p>Por \u00faltimo, corresponde hacer saber a la peticionante que, as\u00ed como se ha considerado que le asisten justos motivos para peticionar la supresi\u00f3n del apellido <strong>P<\/strong>., se encuentra habilitada para peticionar y acreditar la eventual modificaci\u00f3n del nombre y\/o el apellido con el que aqu\u00ed se la manda a inscribir.<\/p>\n<p>Considerando los motivos que fundamentan el pedido de <strong>I. <\/strong>considero importante, en aras de garantizar <strong>el acceso a la justicia y la tutela judicial efectiva <\/strong>que deben ajustarse a cada persona en concreto, proceder a lectura personal de la sentencia dictada en<strong> audiencia privada<\/strong> a celebrarse mediante <strong>la plataforma ZOOM<\/strong><\/p>\n<p><strong>Resuelvo: <\/strong>Hacer lugar a la acci\u00f3n instaurada y rectificar el acta de nacimiento de la se\u00f1ora<strong> I.M.P.<\/strong>, <strong>SUPRIMIENDO<\/strong> el apellido<strong> P. <\/strong>y adicionando el apellido materno<strong> C.<\/strong>, quedando la actora inscripta como <strong>I.M.C.<\/strong><\/p>\n<p>Supresi\u00f3n de apellido paterno quien la abus\u00f3 de ni\u00f1a y con el deseo de que su t\u00edtulo universitario no portara el mismo<\/p>\n<figure id=\"attachment_63240\" aria-describedby=\"caption-attachment-63240\" style=\"width: 627px\" class=\"wp-caption aligncenter\"><img loading=\"lazy\" decoding=\"async\" class=\" wp-image-63240\" src=\"https:\/\/diariofemenino.com.ar\/df\/wp-content\/uploads\/2022\/02\/392.png\" alt=\"Supresi\u00f3n de apellido paterno quien la abus\u00f3 de ni\u00f1a y con el deseo de que su t\u00edtulo universitario no portara el mismo\" width=\"627\" height=\"264\" srcset=\"https:\/\/diariofemenino.com.ar\/df\/wp-content\/uploads\/2022\/02\/392.png 760w, https:\/\/diariofemenino.com.ar\/df\/wp-content\/uploads\/2022\/02\/392-300x126.png 300w\" sizes=\"auto, (max-width: 627px) 100vw, 627px\" \/><figcaption id=\"caption-attachment-63240\" class=\"wp-caption-text\">Supresi\u00f3n de apellido paterno quien la abus\u00f3 de ni\u00f1a y con el deseo de que su t\u00edtulo universitario no portara el mismo<\/figcaption><\/figure>\n<p><strong><br \/>\nV.- Conclusiones:<\/strong><\/p>\n<p>La jueza de Familia de Cutral Co, Silvina Arancibia Narambuena, dijo que lamentaba mucho que la Justicia no la haya acompa\u00f1ado cuando ella lo necesitaba.<a href=\"#_ftn1\" name=\"_ftnref1\">[1]<\/a><\/p>\n<p>En cuanto a la sentencia muestra el car\u00e1cter humanizado de la justicia siendo esta privada por ZOOM, en donde la magistrada es quien comunica los fundamentos realizando una escucha activa, entendiendo su realidad, evitando la revictimizaci\u00f3n, resarciendo as\u00ed un poco de toda la ausencia estatal vivida durante su ni\u00f1ez.<\/p>\n<p>Juzgar desde la perspectiva de g\u00e9nero es una herramienta, en pos de los derechos humanos. Evitando as\u00ed que el proceso tenga injerencia acrecentando a\u00fan m\u00e1s, el da\u00f1o sufrido. La reparaci\u00f3n espiritual se da de esta manera en donde como ya se ha dicho, la persona no volver\u00e1 a ser la misma pero esa respuesta es la que motiva a seguir adelante, pues saber que existe una justicia que la acompa\u00f1a es una caricia al alma.<\/p>\n<p>As\u00ed se expres\u00f3 <strong>I. <\/strong>en un diario period\u00edstico <strong><em>\u201cPara m\u00ed esto es el final de un camino que fue muy dif\u00edcil y necesit\u00e9 apoyo. Hoy tengo dos apellidos que tienen su propia carga hist\u00f3rica. Mi mam\u00e1 y mi abuela han sido violentadas en tiempos donde las violencias estaban invisibilizadas. Estoy tranquila y en equilibrio. Y los llevo con orgullo\u201d.<\/em><\/strong> Adem\u00e1s se refiri\u00f3 sobre su abuela <strong><em>\u201cuna figura de cuidado en mi vida, que estuvo en mi ni\u00f1ez, en parte de mi adolescencia, que represent\u00f3 el disfrute. En la b\u00fasqueda de mi identidad tambi\u00e9n supe y asum\u00ed mis or\u00edgenes mapuche\u201d<\/em><\/strong><em>, <\/em>asegur\u00f3.<\/p>\n<p>Las violencias en el \u00e1mbito dom\u00e9stico contra ni\u00f1os, ni\u00f1as y adolescentes no son casos aislados en la Argentina. El a\u00f1o pasado, el Ministerio de Justicia y UNICEF <a href=\"#_ftn2\" name=\"_ftnref2\">[2]<\/a> presentaron un informe sobre el periodo 2020-2021 con datos alarmantes. Respecto al abuso sexual en menores de edad, se registraron 3.219 v\u00edctimas; la mayor\u00eda, mujeres. El 36% fueron agredidos en el hogar y el 74,2% de las v\u00edctimas fueron violentadas por alguien de su entorno cercano o \u00e1mbito de confianza. En el 81% de los casos, los agresores son varones. En el \u00e1mbito familiar, el 44,4% de las v\u00edctimas ni\u00f1as, ni\u00f1os y adolescentes fueron agredidas por su padre o padrastro.<strong>\u00a0<\/strong><\/p>\n<p>Sabemos que ser ni\u00f1a, mujer en una sociedad patriarcal dificulta el ejercicio de los derechos fundamentales de las mujeres. Pero el reconocimiento oportuno de las diversas realidades, evidenciando las desigualdades existentes, es lo que nos lleva al cambio.<\/p>\n<p>Descarga el fallo completo <strong><a href=\"https:\/\/diariofemenino.com.ar\/df\/wp-content\/uploads\/2022\/02\/Fallo-completo-cambio-de-apellido-y-audiencia.pdf\">Aqu\u00ed<\/a><\/strong><\/p>\n<p><strong>\u00a0<\/strong><strong>Referencias bibliogr\u00e1ficas<\/strong><\/p>\n<p><a href=\"#_ftnref1\" name=\"_ftn1\">[1]<\/a> <u><a href=\"https:\/\/www.rionegro.com.ar\/justicia\/un-final-elegido-no-quiero-tener-ese-apellido-en-mi-titulo-2155503\/\">https:\/\/www.eldiarioar.com\/sociedad\/padre-abuso-durante-infancia-justicia-autorizo-cambiarse-apellido_1_8747536.html<\/a><\/u><\/p>\n<p><a href=\"#_ftnref2\" name=\"_ftn2\">[2]<\/a> <strong><a href=\"https:\/\/diariofemenino.com.ar\/df\/un-analisis-de-los-datos-del-programa-las-victimas-contra-las-violencias-2020-2021\/\">https:\/\/diariofemenino.com.ar\/df\/un-analisis-de-los-datos-del-programa-las-victimas-contra-las-violencias-2020-2021\/<\/a><\/strong><\/p>\n<p>(*) Abogada egresada de la UBA.\u00a0<a href=\"https:\/\/blog-ericaperez.blogspot.com\/\">https:\/\/blog-ericaperez.blogspot.com\/<\/a><\/p>\n<p>&nbsp;<\/p>\n","protected":false},"excerpt":{"rendered":"<p>Supresi\u00f3n de apellido por abuso sexual en la infancia. \u00abP.I.M. C\/ P.V.N. S\/ CAMBIO DE NOMBRE\u00bb, SENDEF.- Jueza Interviniente: Silvina A. Arancibia Narambuena. Secretaria Oriana Denise Martini. Cutral Co, 26 de Noviembre del a\u00f1o 2021. Por\u00a0Erica P\u00e9rez* I- Resumen de los hechos: Se presenta la Sra. I.M.P, solicitando la supresi\u00f3n del apellido paterno P. y [&hellip;]<\/p>\n","protected":false},"author":4,"featured_media":63241,"comment_status":"open","ping_status":"open","sticky":false,"template":"","format":"standard","meta":{"iawp_total_views":124,"footnotes":""},"categories":[1],"tags":[27,5065,4372,1885,5054,5066],"class_list":["post-63232","post","type-post","status-publish","format-standard","has-post-thumbnail","hentry","category-uncategorized","tag-abuso","tag-apellido-paterno","tag-destacada","tag-fallo","tag-reparacion","tag-supresion"],"nelio_content":{"autoShareEndMode":"never","automationSources":{"useCustomSentences":false,"customSentences":[]},"efiAlt":"","efiUrl":"","followers":[4],"highlights":[],"isAutoShareEnabled":true,"networkImageIds":[],"permalinkQueryArgs":[],"series":[],"suggestedReferences":[]},"yoast_head":"<!-- This site is optimized with the Yoast SEO plugin v27.5 - https:\/\/yoast.com\/product\/yoast-seo-wordpress\/ -->\n<title>Supresi\u00f3n de apellido paterno quien la abus\u00f3 de ni\u00f1a y con el deseo de que su t\u00edtulo universitario no portara el mismo - Diario Digital Femenino<\/title>\n<meta name=\"description\" content=\"Supresi\u00f3n de apellido. la sentencia muestra el car\u00e1cter humanizado de la justicia, donde la magistrada es quien comunica los fundamentos.\" \/>\n<meta name=\"robots\" content=\"index, follow, max-snippet:-1, max-image-preview:large, max-video-preview:-1\" \/>\n<link rel=\"canonical\" href=\"https:\/\/diariofemenino.com.ar\/df\/supresion-de-apellido-paterno-quien-la-abuso\/\" \/>\n<meta property=\"og:locale\" content=\"es_ES\" \/>\n<meta property=\"og:type\" content=\"article\" \/>\n<meta property=\"og:title\" content=\"Supresi\u00f3n de apellido paterno quien la abus\u00f3 de ni\u00f1a y con el deseo de que su t\u00edtulo universitario no portara el mismo - Diario Digital Femenino\" \/>\n<meta property=\"og:description\" content=\"Supresi\u00f3n de apellido. la sentencia muestra el car\u00e1cter humanizado de la justicia, donde la magistrada es quien comunica los fundamentos.\" \/>\n<meta property=\"og:url\" content=\"https:\/\/diariofemenino.com.ar\/df\/supresion-de-apellido-paterno-quien-la-abuso\/\" \/>\n<meta property=\"og:site_name\" content=\"Diario Digital Femenino\" \/>\n<meta property=\"article:publisher\" content=\"https:\/\/www.facebook.com\/DiarioDigitaFemenino\/\" \/>\n<meta property=\"article:published_time\" content=\"2022-02-16T13:37:34+00:00\" \/>\n<meta property=\"og:image\" content=\"https:\/\/diariofemenino.com.ar\/df\/wp-content\/uploads\/2022\/02\/b385cc544fffeefd1869cfa998e35f53.jpg\" \/>\n\t<meta property=\"og:image:width\" content=\"600\" \/>\n\t<meta property=\"og:image:height\" content=\"337\" \/>\n\t<meta property=\"og:image:type\" content=\"image\/jpeg\" \/>\n<meta name=\"author\" content=\"Admin\" \/>\n<meta name=\"twitter:card\" content=\"summary_large_image\" \/>\n<meta name=\"twitter:creator\" content=\"@DiarioFemenino1\" \/>\n<meta name=\"twitter:site\" content=\"@DiarioFemenino1\" \/>\n<meta name=\"twitter:label1\" content=\"Escrito por\" \/>\n\t<meta name=\"twitter:data1\" content=\"Admin\" \/>\n\t<meta name=\"twitter:label2\" content=\"Tiempo de lectura\" \/>\n\t<meta name=\"twitter:data2\" content=\"9 minutos\" \/>\n<script type=\"application\/ld+json\" class=\"yoast-schema-graph\">{\"@context\":\"https:\\\/\\\/schema.org\",\"@graph\":[{\"@type\":\"Article\",\"@id\":\"https:\\\/\\\/diariofemenino.com.ar\\\/df\\\/supresion-de-apellido-paterno-quien-la-abuso\\\/#article\",\"isPartOf\":{\"@id\":\"https:\\\/\\\/diariofemenino.com.ar\\\/df\\\/supresion-de-apellido-paterno-quien-la-abuso\\\/\"},\"author\":{\"name\":\"Admin\",\"@id\":\"https:\\\/\\\/diariofemenino.com.ar\\\/df\\\/#\\\/schema\\\/person\\\/bf6199e8158c657ea6f789b11ec85509\"},\"headline\":\"Supresi\u00f3n de apellido paterno quien la abus\u00f3 de ni\u00f1a y con el deseo de que su t\u00edtulo universitario no portara el mismo\",\"datePublished\":\"2022-02-16T13:37:34+00:00\",\"mainEntityOfPage\":{\"@id\":\"https:\\\/\\\/diariofemenino.com.ar\\\/df\\\/supresion-de-apellido-paterno-quien-la-abuso\\\/\"},\"wordCount\":1822,\"commentCount\":0,\"publisher\":{\"@id\":\"https:\\\/\\\/diariofemenino.com.ar\\\/df\\\/#organization\"},\"image\":{\"@id\":\"https:\\\/\\\/diariofemenino.com.ar\\\/df\\\/supresion-de-apellido-paterno-quien-la-abuso\\\/#primaryimage\"},\"thumbnailUrl\":\"https:\\\/\\\/diariofemenino.com.ar\\\/df\\\/wp-content\\\/uploads\\\/2022\\\/02\\\/b385cc544fffeefd1869cfa998e35f53.jpg\",\"keywords\":[\"Abuso\",\"Apellido paterno\",\"Destacada\",\"Fallo\",\"Reparaci\u00f3n\",\"Supresi\u00f3n\"],\"articleSection\":[\"Uncategorized\"],\"inLanguage\":\"es\",\"potentialAction\":[{\"@type\":\"CommentAction\",\"name\":\"Comment\",\"target\":[\"https:\\\/\\\/diariofemenino.com.ar\\\/df\\\/supresion-de-apellido-paterno-quien-la-abuso\\\/#respond\"]}]},{\"@type\":\"WebPage\",\"@id\":\"https:\\\/\\\/diariofemenino.com.ar\\\/df\\\/supresion-de-apellido-paterno-quien-la-abuso\\\/\",\"url\":\"https:\\\/\\\/diariofemenino.com.ar\\\/df\\\/supresion-de-apellido-paterno-quien-la-abuso\\\/\",\"name\":\"Supresi\u00f3n de apellido paterno quien la abus\u00f3 de ni\u00f1a y con el deseo de que su t\u00edtulo universitario no portara el mismo - Diario Digital Femenino\",\"isPartOf\":{\"@id\":\"https:\\\/\\\/diariofemenino.com.ar\\\/df\\\/#website\"},\"primaryImageOfPage\":{\"@id\":\"https:\\\/\\\/diariofemenino.com.ar\\\/df\\\/supresion-de-apellido-paterno-quien-la-abuso\\\/#primaryimage\"},\"image\":{\"@id\":\"https:\\\/\\\/diariofemenino.com.ar\\\/df\\\/supresion-de-apellido-paterno-quien-la-abuso\\\/#primaryimage\"},\"thumbnailUrl\":\"https:\\\/\\\/diariofemenino.com.ar\\\/df\\\/wp-content\\\/uploads\\\/2022\\\/02\\\/b385cc544fffeefd1869cfa998e35f53.jpg\",\"datePublished\":\"2022-02-16T13:37:34+00:00\",\"description\":\"Supresi\u00f3n de apellido. la sentencia muestra el car\u00e1cter humanizado de la justicia, donde la magistrada es quien comunica los fundamentos.\",\"breadcrumb\":{\"@id\":\"https:\\\/\\\/diariofemenino.com.ar\\\/df\\\/supresion-de-apellido-paterno-quien-la-abuso\\\/#breadcrumb\"},\"inLanguage\":\"es\",\"potentialAction\":[{\"@type\":\"ReadAction\",\"target\":[\"https:\\\/\\\/diariofemenino.com.ar\\\/df\\\/supresion-de-apellido-paterno-quien-la-abuso\\\/\"]}]},{\"@type\":\"ImageObject\",\"inLanguage\":\"es\",\"@id\":\"https:\\\/\\\/diariofemenino.com.ar\\\/df\\\/supresion-de-apellido-paterno-quien-la-abuso\\\/#primaryimage\",\"url\":\"https:\\\/\\\/diariofemenino.com.ar\\\/df\\\/wp-content\\\/uploads\\\/2022\\\/02\\\/b385cc544fffeefd1869cfa998e35f53.jpg\",\"contentUrl\":\"https:\\\/\\\/diariofemenino.com.ar\\\/df\\\/wp-content\\\/uploads\\\/2022\\\/02\\\/b385cc544fffeefd1869cfa998e35f53.jpg\",\"width\":600,\"height\":337,\"caption\":\"Supresi\u00f3n de apellido paterno quien la abus\u00f3 de ni\u00f1a y con el deseo de que su t\u00edtulo universitario no portara el mismo\"},{\"@type\":\"BreadcrumbList\",\"@id\":\"https:\\\/\\\/diariofemenino.com.ar\\\/df\\\/supresion-de-apellido-paterno-quien-la-abuso\\\/#breadcrumb\",\"itemListElement\":[{\"@type\":\"ListItem\",\"position\":1,\"name\":\"Portada\",\"item\":\"https:\\\/\\\/diariofemenino.com.ar\\\/df\\\/\"},{\"@type\":\"ListItem\",\"position\":2,\"name\":\"Supresi\u00f3n de apellido paterno quien la abus\u00f3 de ni\u00f1a y con el deseo de que su t\u00edtulo universitario no portara el mismo\"}]},{\"@type\":\"WebSite\",\"@id\":\"https:\\\/\\\/diariofemenino.com.ar\\\/df\\\/#website\",\"url\":\"https:\\\/\\\/diariofemenino.com.ar\\\/df\\\/\",\"name\":\"Diario Digital Femenino\",\"description\":\"Cuesti\u00f3n de G\u00e9nero\",\"publisher\":{\"@id\":\"https:\\\/\\\/diariofemenino.com.ar\\\/df\\\/#organization\"},\"potentialAction\":[{\"@type\":\"SearchAction\",\"target\":{\"@type\":\"EntryPoint\",\"urlTemplate\":\"https:\\\/\\\/diariofemenino.com.ar\\\/df\\\/?s={search_term_string}\"},\"query-input\":{\"@type\":\"PropertyValueSpecification\",\"valueRequired\":true,\"valueName\":\"search_term_string\"}}],\"inLanguage\":\"es\"},{\"@type\":\"Organization\",\"@id\":\"https:\\\/\\\/diariofemenino.com.ar\\\/df\\\/#organization\",\"name\":\"Diario Femenino\",\"url\":\"https:\\\/\\\/diariofemenino.com.ar\\\/df\\\/\",\"logo\":{\"@type\":\"ImageObject\",\"inLanguage\":\"es\",\"@id\":\"https:\\\/\\\/diariofemenino.com.ar\\\/df\\\/#\\\/schema\\\/logo\\\/image\\\/\",\"url\":\"https:\\\/\\\/diariofemenino.com.ar\\\/df\\\/wp-content\\\/uploads\\\/2018\\\/10\\\/logo.png\",\"contentUrl\":\"https:\\\/\\\/diariofemenino.com.ar\\\/df\\\/wp-content\\\/uploads\\\/2018\\\/10\\\/logo.png\",\"width\":500,\"height\":92,\"caption\":\"Diario Femenino\"},\"image\":{\"@id\":\"https:\\\/\\\/diariofemenino.com.ar\\\/df\\\/#\\\/schema\\\/logo\\\/image\\\/\"},\"sameAs\":[\"https:\\\/\\\/www.facebook.com\\\/DiarioDigitaFemenino\\\/\",\"https:\\\/\\\/x.com\\\/DiarioFemenino1\"]},{\"@type\":\"Person\",\"@id\":\"https:\\\/\\\/diariofemenino.com.ar\\\/df\\\/#\\\/schema\\\/person\\\/bf6199e8158c657ea6f789b11ec85509\",\"name\":\"Admin\",\"image\":{\"@type\":\"ImageObject\",\"inLanguage\":\"es\",\"@id\":\"https:\\\/\\\/diariofemenino.com.ar\\\/df\\\/wp-content\\\/uploads\\\/2018\\\/12\\\/favicon-150x150.jpg\",\"url\":\"https:\\\/\\\/diariofemenino.com.ar\\\/df\\\/wp-content\\\/uploads\\\/2018\\\/12\\\/favicon-150x150.jpg\",\"contentUrl\":\"https:\\\/\\\/diariofemenino.com.ar\\\/df\\\/wp-content\\\/uploads\\\/2018\\\/12\\\/favicon-150x150.jpg\",\"caption\":\"Admin\"},\"url\":\"https:\\\/\\\/diariofemenino.com.ar\\\/df\\\/author\\\/lenny\\\/\"}]}<\/script>\n<!-- \/ Yoast SEO plugin. -->","yoast_head_json":{"title":"Supresi\u00f3n de apellido paterno quien la abus\u00f3 de ni\u00f1a y con el deseo de que su t\u00edtulo universitario no portara el mismo - Diario Digital Femenino","description":"Supresi\u00f3n de apellido. la sentencia muestra el car\u00e1cter humanizado de la justicia, donde la magistrada es quien comunica los fundamentos.","robots":{"index":"index","follow":"follow","max-snippet":"max-snippet:-1","max-image-preview":"max-image-preview:large","max-video-preview":"max-video-preview:-1"},"canonical":"https:\/\/diariofemenino.com.ar\/df\/supresion-de-apellido-paterno-quien-la-abuso\/","og_locale":"es_ES","og_type":"article","og_title":"Supresi\u00f3n de apellido paterno quien la abus\u00f3 de ni\u00f1a y con el deseo de que su t\u00edtulo universitario no portara el mismo - Diario Digital Femenino","og_description":"Supresi\u00f3n de apellido. la sentencia muestra el car\u00e1cter humanizado de la justicia, donde la magistrada es quien comunica los fundamentos.","og_url":"https:\/\/diariofemenino.com.ar\/df\/supresion-de-apellido-paterno-quien-la-abuso\/","og_site_name":"Diario Digital Femenino","article_publisher":"https:\/\/www.facebook.com\/DiarioDigitaFemenino\/","article_published_time":"2022-02-16T13:37:34+00:00","og_image":[{"width":600,"height":337,"url":"https:\/\/diariofemenino.com.ar\/df\/wp-content\/uploads\/2022\/02\/b385cc544fffeefd1869cfa998e35f53.jpg","type":"image\/jpeg"}],"author":"Admin","twitter_card":"summary_large_image","twitter_creator":"@DiarioFemenino1","twitter_site":"@DiarioFemenino1","twitter_misc":{"Escrito por":"Admin","Tiempo de lectura":"9 minutos"},"schema":{"@context":"https:\/\/schema.org","@graph":[{"@type":"Article","@id":"https:\/\/diariofemenino.com.ar\/df\/supresion-de-apellido-paterno-quien-la-abuso\/#article","isPartOf":{"@id":"https:\/\/diariofemenino.com.ar\/df\/supresion-de-apellido-paterno-quien-la-abuso\/"},"author":{"name":"Admin","@id":"https:\/\/diariofemenino.com.ar\/df\/#\/schema\/person\/bf6199e8158c657ea6f789b11ec85509"},"headline":"Supresi\u00f3n de apellido paterno quien la abus\u00f3 de ni\u00f1a y con el deseo de que su t\u00edtulo universitario no portara el mismo","datePublished":"2022-02-16T13:37:34+00:00","mainEntityOfPage":{"@id":"https:\/\/diariofemenino.com.ar\/df\/supresion-de-apellido-paterno-quien-la-abuso\/"},"wordCount":1822,"commentCount":0,"publisher":{"@id":"https:\/\/diariofemenino.com.ar\/df\/#organization"},"image":{"@id":"https:\/\/diariofemenino.com.ar\/df\/supresion-de-apellido-paterno-quien-la-abuso\/#primaryimage"},"thumbnailUrl":"https:\/\/diariofemenino.com.ar\/df\/wp-content\/uploads\/2022\/02\/b385cc544fffeefd1869cfa998e35f53.jpg","keywords":["Abuso","Apellido paterno","Destacada","Fallo","Reparaci\u00f3n","Supresi\u00f3n"],"articleSection":["Uncategorized"],"inLanguage":"es","potentialAction":[{"@type":"CommentAction","name":"Comment","target":["https:\/\/diariofemenino.com.ar\/df\/supresion-de-apellido-paterno-quien-la-abuso\/#respond"]}]},{"@type":"WebPage","@id":"https:\/\/diariofemenino.com.ar\/df\/supresion-de-apellido-paterno-quien-la-abuso\/","url":"https:\/\/diariofemenino.com.ar\/df\/supresion-de-apellido-paterno-quien-la-abuso\/","name":"Supresi\u00f3n de apellido paterno quien la abus\u00f3 de ni\u00f1a y con el deseo de que su t\u00edtulo universitario no portara el mismo - Diario Digital Femenino","isPartOf":{"@id":"https:\/\/diariofemenino.com.ar\/df\/#website"},"primaryImageOfPage":{"@id":"https:\/\/diariofemenino.com.ar\/df\/supresion-de-apellido-paterno-quien-la-abuso\/#primaryimage"},"image":{"@id":"https:\/\/diariofemenino.com.ar\/df\/supresion-de-apellido-paterno-quien-la-abuso\/#primaryimage"},"thumbnailUrl":"https:\/\/diariofemenino.com.ar\/df\/wp-content\/uploads\/2022\/02\/b385cc544fffeefd1869cfa998e35f53.jpg","datePublished":"2022-02-16T13:37:34+00:00","description":"Supresi\u00f3n de apellido. la sentencia muestra el car\u00e1cter humanizado de la justicia, donde la magistrada es quien comunica los fundamentos.","breadcrumb":{"@id":"https:\/\/diariofemenino.com.ar\/df\/supresion-de-apellido-paterno-quien-la-abuso\/#breadcrumb"},"inLanguage":"es","potentialAction":[{"@type":"ReadAction","target":["https:\/\/diariofemenino.com.ar\/df\/supresion-de-apellido-paterno-quien-la-abuso\/"]}]},{"@type":"ImageObject","inLanguage":"es","@id":"https:\/\/diariofemenino.com.ar\/df\/supresion-de-apellido-paterno-quien-la-abuso\/#primaryimage","url":"https:\/\/diariofemenino.com.ar\/df\/wp-content\/uploads\/2022\/02\/b385cc544fffeefd1869cfa998e35f53.jpg","contentUrl":"https:\/\/diariofemenino.com.ar\/df\/wp-content\/uploads\/2022\/02\/b385cc544fffeefd1869cfa998e35f53.jpg","width":600,"height":337,"caption":"Supresi\u00f3n de apellido paterno quien la abus\u00f3 de ni\u00f1a y con el deseo de que su t\u00edtulo universitario no portara el mismo"},{"@type":"BreadcrumbList","@id":"https:\/\/diariofemenino.com.ar\/df\/supresion-de-apellido-paterno-quien-la-abuso\/#breadcrumb","itemListElement":[{"@type":"ListItem","position":1,"name":"Portada","item":"https:\/\/diariofemenino.com.ar\/df\/"},{"@type":"ListItem","position":2,"name":"Supresi\u00f3n de apellido paterno quien la abus\u00f3 de ni\u00f1a y con el deseo de que su t\u00edtulo universitario no portara el mismo"}]},{"@type":"WebSite","@id":"https:\/\/diariofemenino.com.ar\/df\/#website","url":"https:\/\/diariofemenino.com.ar\/df\/","name":"Diario Digital Femenino","description":"Cuesti\u00f3n de G\u00e9nero","publisher":{"@id":"https:\/\/diariofemenino.com.ar\/df\/#organization"},"potentialAction":[{"@type":"SearchAction","target":{"@type":"EntryPoint","urlTemplate":"https:\/\/diariofemenino.com.ar\/df\/?s={search_term_string}"},"query-input":{"@type":"PropertyValueSpecification","valueRequired":true,"valueName":"search_term_string"}}],"inLanguage":"es"},{"@type":"Organization","@id":"https:\/\/diariofemenino.com.ar\/df\/#organization","name":"Diario Femenino","url":"https:\/\/diariofemenino.com.ar\/df\/","logo":{"@type":"ImageObject","inLanguage":"es","@id":"https:\/\/diariofemenino.com.ar\/df\/#\/schema\/logo\/image\/","url":"https:\/\/diariofemenino.com.ar\/df\/wp-content\/uploads\/2018\/10\/logo.png","contentUrl":"https:\/\/diariofemenino.com.ar\/df\/wp-content\/uploads\/2018\/10\/logo.png","width":500,"height":92,"caption":"Diario Femenino"},"image":{"@id":"https:\/\/diariofemenino.com.ar\/df\/#\/schema\/logo\/image\/"},"sameAs":["https:\/\/www.facebook.com\/DiarioDigitaFemenino\/","https:\/\/x.com\/DiarioFemenino1"]},{"@type":"Person","@id":"https:\/\/diariofemenino.com.ar\/df\/#\/schema\/person\/bf6199e8158c657ea6f789b11ec85509","name":"Admin","image":{"@type":"ImageObject","inLanguage":"es","@id":"https:\/\/diariofemenino.com.ar\/df\/wp-content\/uploads\/2018\/12\/favicon-150x150.jpg","url":"https:\/\/diariofemenino.com.ar\/df\/wp-content\/uploads\/2018\/12\/favicon-150x150.jpg","contentUrl":"https:\/\/diariofemenino.com.ar\/df\/wp-content\/uploads\/2018\/12\/favicon-150x150.jpg","caption":"Admin"},"url":"https:\/\/diariofemenino.com.ar\/df\/author\/lenny\/"}]}},"jetpack_featured_media_url":"https:\/\/diariofemenino.com.ar\/df\/wp-content\/uploads\/2022\/02\/b385cc544fffeefd1869cfa998e35f53.jpg","jetpack_sharing_enabled":true,"rttpg_featured_image_url":{"full":["https:\/\/diariofemenino.com.ar\/df\/wp-content\/uploads\/2022\/02\/b385cc544fffeefd1869cfa998e35f53.jpg",600,337,false],"landscape":["https:\/\/diariofemenino.com.ar\/df\/wp-content\/uploads\/2022\/02\/b385cc544fffeefd1869cfa998e35f53.jpg",600,337,false],"portraits":["https:\/\/diariofemenino.com.ar\/df\/wp-content\/uploads\/2022\/02\/b385cc544fffeefd1869cfa998e35f53.jpg",600,337,false],"thumbnail":["https:\/\/diariofemenino.com.ar\/df\/wp-content\/uploads\/2022\/02\/b385cc544fffeefd1869cfa998e35f53-150x150.jpg",150,150,true],"medium":["https:\/\/diariofemenino.com.ar\/df\/wp-content\/uploads\/2022\/02\/b385cc544fffeefd1869cfa998e35f53-300x169.jpg",300,169,true],"large":["https:\/\/diariofemenino.com.ar\/df\/wp-content\/uploads\/2022\/02\/b385cc544fffeefd1869cfa998e35f53.jpg",600,337,false],"1536x1536":["https:\/\/diariofemenino.com.ar\/df\/wp-content\/uploads\/2022\/02\/b385cc544fffeefd1869cfa998e35f53.jpg",600,337,false],"2048x2048":["https:\/\/diariofemenino.com.ar\/df\/wp-content\/uploads\/2022\/02\/b385cc544fffeefd1869cfa998e35f53.jpg",600,337,false]},"rttpg_author":{"display_name":"Admin","author_link":"https:\/\/diariofemenino.com.ar\/df\/author\/lenny\/"},"rttpg_comment":0,"rttpg_category":"<a href=\"https:\/\/diariofemenino.com.ar\/df\/category\/uncategorized\/\" rel=\"category tag\">Uncategorized<\/a>","rttpg_excerpt":"Supresi\u00f3n de apellido por abuso sexual en la infancia. \u00abP.I.M. C\/ P.V.N. S\/ CAMBIO DE NOMBRE\u00bb, SENDEF.- Jueza Interviniente: Silvina A. Arancibia Narambuena. Secretaria Oriana Denise Martini. Cutral Co, 26 de Noviembre del a\u00f1o 2021. Por\u00a0Erica P\u00e9rez* I- Resumen de los hechos: Se presenta la Sra. I.M.P, solicitando la supresi\u00f3n del apellido paterno P. y&hellip;","_links":{"self":[{"href":"https:\/\/diariofemenino.com.ar\/df\/wp-json\/wp\/v2\/posts\/63232","targetHints":{"allow":["GET"]}}],"collection":[{"href":"https:\/\/diariofemenino.com.ar\/df\/wp-json\/wp\/v2\/posts"}],"about":[{"href":"https:\/\/diariofemenino.com.ar\/df\/wp-json\/wp\/v2\/types\/post"}],"author":[{"embeddable":true,"href":"https:\/\/diariofemenino.com.ar\/df\/wp-json\/wp\/v2\/users\/4"}],"replies":[{"embeddable":true,"href":"https:\/\/diariofemenino.com.ar\/df\/wp-json\/wp\/v2\/comments?post=63232"}],"version-history":[{"count":0,"href":"https:\/\/diariofemenino.com.ar\/df\/wp-json\/wp\/v2\/posts\/63232\/revisions"}],"wp:featuredmedia":[{"embeddable":true,"href":"https:\/\/diariofemenino.com.ar\/df\/wp-json\/wp\/v2\/media\/63241"}],"wp:attachment":[{"href":"https:\/\/diariofemenino.com.ar\/df\/wp-json\/wp\/v2\/media?parent=63232"}],"wp:term":[{"taxonomy":"category","embeddable":true,"href":"https:\/\/diariofemenino.com.ar\/df\/wp-json\/wp\/v2\/categories?post=63232"},{"taxonomy":"post_tag","embeddable":true,"href":"https:\/\/diariofemenino.com.ar\/df\/wp-json\/wp\/v2\/tags?post=63232"}],"curies":[{"name":"wp","href":"https:\/\/api.w.org\/{rel}","templated":true}]}}