{"id":63118,"date":"2022-02-09T08:51:06","date_gmt":"2022-02-09T11:51:06","guid":{"rendered":"https:\/\/diariofemenino.com.ar\/df\/?p=63118"},"modified":"2022-02-09T08:51:06","modified_gmt":"2022-02-09T11:51:06","slug":"la-violencia-no-prescribe","status":"publish","type":"post","link":"https:\/\/diariofemenino.com.ar\/df\/la-violencia-no-prescribe\/","title":{"rendered":"La violencia no prescribe, reparaci\u00f3n para las sobrevivientes de prostituci\u00f3n hostigadas por la polic\u00eda en la d\u00e9cada del 90"},"content":{"rendered":"<p dir=\"ltr\">La violencia no prescribe.<\/p>\n<p dir=\"ltr\">En el d\u00eda de ayer, la Asociaci\u00f3n de Mujeres Argentina por los Derechos Humanos (<a href=\"https:\/\/mujeresporlosderechoshumanos.wordpress.com\/\">AMADH<\/a>), con el acompa\u00f1amiento de la Asamblea Permanente por los Derechos Humanos (APDH), la Red de Emergencia Feminista La Raquel, la Procuradur\u00eda de Trata y Explotaci\u00f3n de Personas (PROTEX) y parte del Consejo Asesor Ad Honorem del Ministerio Nacional de las Mujeres, G\u00e9neros y Diversidad, presentaron ante la Ministra Elizabeth G\u00f3mez Alcorta el proyecto: \u201cSolicitud de reparaci\u00f3n y reconocimiento para las <a href=\"https:\/\/diariofemenino.com.ar\/df\/category\/genero-y-derechos-humanos\/\">sobrevivientes<\/a> de prostituci\u00f3n, explotaci\u00f3n sexual y\/o trata personas en tanto v\u00edctimas de violencia institucional\u201d.<\/p>\n<figure id=\"attachment_63122\" aria-describedby=\"caption-attachment-63122\" style=\"width: 659px\" class=\"wp-caption aligncenter\"><img loading=\"lazy\" decoding=\"async\" class=\" wp-image-63122\" src=\"https:\/\/diariofemenino.com.ar\/df\/wp-content\/uploads\/2022\/02\/IMG-20220208-WA0063-1024x768.jpg\" alt=\"La violencia no prescribe, reparaci\u00f3n para las sobrevivientes de prostituci\u00f3n hostigadas por la polic\u00eda en la d\u00e9cada del 90\" width=\"659\" height=\"494\" srcset=\"https:\/\/diariofemenino.com.ar\/df\/wp-content\/uploads\/2022\/02\/IMG-20220208-WA0063-1024x768.jpg 1024w, https:\/\/diariofemenino.com.ar\/df\/wp-content\/uploads\/2022\/02\/IMG-20220208-WA0063-300x225.jpg 300w, https:\/\/diariofemenino.com.ar\/df\/wp-content\/uploads\/2022\/02\/IMG-20220208-WA0063-768x576.jpg 768w, https:\/\/diariofemenino.com.ar\/df\/wp-content\/uploads\/2022\/02\/IMG-20220208-WA0063.jpg 1600w\" sizes=\"auto, (max-width: 659px) 100vw, 659px\" \/><figcaption id=\"caption-attachment-63122\" class=\"wp-caption-text\">La violencia no prescribe, reparaci\u00f3n para las sobrevivientes de prostituci\u00f3n hostigadas por la polic\u00eda en la d\u00e9cada del 90<\/figcaption><\/figure>\n<p dir=\"ltr\">Si bien Argentina hoy ofrece un marco normativo para denunciar los delitos, discriminaciones y vulneraciones que se atraviesan en las distintas situaciones que suceden en prostituci\u00f3n y explotaci\u00f3n sexual, estas leyes no tienen car\u00e1cter retroactivo y muchas sobrevivientes han quedado imposibilitadas de recibir acompa\u00f1amiento y de someter a juicios a sus explotadores y a quienes ejercieron <a href=\"https:\/\/diariofemenino.com.ar\/df\/sandra-fonseca-reconocer-la-prostitucion-como-trabajo-es-consentir-la-violencia\/\">violencia<\/a> sobre ellas en el pasado reciente. El proyecto de AMADH se propone visibilizar, reconocer y reparar esta situaci\u00f3n.<\/p>\n<p dir=\"ltr\">Las compa\u00f1eras sobrevivientes han sido part\u00edcipes activas en much\u00edsimas conquistas en la materia, que incluyen la Derogaci\u00f3n de los Art\u00edculos represivos de la prostituci\u00f3n en distintas provincias del pa\u00eds hasta la sanci\u00f3n y modificaci\u00f3n de la Ley contra la Trata y la Asistencia a sus V\u00edctimas, solo por nombrar algunas; quedaba pendiente avanzar en una reparaci\u00f3n que las considerara. Se trata entonces de una demanda reparatoria para un colectivo \u201cpol\u00edticamente considerado\u201d pero hist\u00f3ricamente marginalizado.<\/p>\n<p dir=\"ltr\">Participaron de la presentaci\u00f3n ante la Ministra, las sobrevivientes e integrantes de AMADH Graciela Collantes, Teresita Sif\u00f3n, Claudia Chiconi y Cecilia C\u00f3rdoba; por la APDH, Mar\u00eda Elena Naddeo, Guillermo Torremare y Maria Elia Capella, el Fiscal de la PROTEX, Marcelo Colombo, y las referentas feministas Diana Maff\u00eda, directora del Observatorio de G\u00e9nero en la Justicia del Consejo de la Magistratura de la C.A.B.A, y Marta Vasallo, de la Red de Emergencia Feminista La Raquel.<\/p>\n<p dir=\"ltr\">El proyecto solicita la reparaci\u00f3n y el reconocimiento de las violencias por parte del Estado, a la vez que demanda la ampliaci\u00f3n y el mejoramiento de las pol\u00edticas p\u00fablicas espec\u00edficas para esta problem\u00e1tica. Los principales puntos son:<\/p>\n<ul>\n<li dir=\"ltr\">\n<p dir=\"ltr\">Reparaci\u00f3n econ\u00f3mica y habitacional (a trav\u00e9s de una asignaci\u00f3n mensual, un pago por \u00fanica vez y la incorporaci\u00f3n a cupo preferencial de vivienda) para sobrevivientes de prostituci\u00f3n v\u00edctimas de violencia institucional durante los 90 y 2000.<\/p>\n<\/li>\n<li dir=\"ltr\">\n<p dir=\"ltr\">Reconocimiento de las violencias a trav\u00e9s de la implementaci\u00f3n de medidas generales (pol\u00edticas, econ\u00f3micas, habitacionales, educativas y de salud) dirigidas a todas las personas que se encuentren o hayan encontrado en prostituci\u00f3n para reparar sus derechos y prevenir los da\u00f1os de las violencias (incorporaci\u00f3n a un cupo y\/o derecho preferencial de vivienda, becas de estudio, asignaci\u00f3n de prestaci\u00f3n de salud-salud mental)<\/p>\n<\/li>\n<li dir=\"ltr\">\n<p dir=\"ltr\">Pol\u00edticas p\u00fablicas de sensibilizaci\u00f3n, visibilizaci\u00f3n y prevenci\u00f3n de las m\u00faltiples violencias en prostituci\u00f3n.<\/p>\n<\/li>\n<\/ul>\n<p dir=\"ltr\">La solicitud de este proyecto cuenta con el apoyo de las organizaciones internacionales feministas Coalici\u00f3n contra el Tr\u00e1fico de Mujeres (CATW por sus sigles en ingl\u00e9s) y Sisterhood is Global Institute (SIGI).<\/p>\n<p dir=\"ltr\">Por otro lado, este proyecto se ha sustentado en las pericias psicol\u00f3gicas llevadas adelante por un equipo de expertas coordinadas por la Dra. Mar\u00eda Lourdes Molina, de Nuestras Manos.<\/p>\n<p dir=\"ltr\">La aprobaci\u00f3n de este proyecto significar\u00e1 un avance en t\u00e9rminos de Derechos Humanos para nuestro pa\u00eds, reconociendo y reparando a v\u00edctimas de violencia institucional desde una perspectiva de g\u00e9nero.<\/p>\n<p dir=\"ltr\">Para adherir al proyecto: <a href=\"https:\/\/forms.gle\/4dwEBactX5ep2icF6\" target=\"_blank\" rel=\"noopener\" data-saferedirecturl=\"https:\/\/www.google.com\/url?q=https:\/\/forms.gle\/4dwEBactX5ep2icF6&amp;source=gmail&amp;ust=1644491567416000&amp;usg=AOvVaw0k2Qy93cIr_F5UZQL4-JLD\">https:\/\/forms.gle\/<wbr \/>4dwEBactX5ep2icF6<\/a><\/p>\n<p dir=\"ltr\"><strong>Solicitar contacto de prensa en los comentarios de esta nota.<\/strong><\/p>\n<figure id=\"attachment_63120\" aria-describedby=\"caption-attachment-63120\" style=\"width: 659px\" class=\"wp-caption aligncenter\"><img loading=\"lazy\" decoding=\"async\" class=\" wp-image-63120\" src=\"https:\/\/diariofemenino.com.ar\/df\/wp-content\/uploads\/2022\/02\/IMG-20220204-WA0054.jpg\" alt=\"La violencia no prescribe, reparaci\u00f3n para las sobrevivientes de prostituci\u00f3n hostigadas por la polic\u00eda en la d\u00e9cada del 90\" width=\"659\" height=\"552\" srcset=\"https:\/\/diariofemenino.com.ar\/df\/wp-content\/uploads\/2022\/02\/IMG-20220204-WA0054.jpg 940w, https:\/\/diariofemenino.com.ar\/df\/wp-content\/uploads\/2022\/02\/IMG-20220204-WA0054-300x251.jpg 300w, https:\/\/diariofemenino.com.ar\/df\/wp-content\/uploads\/2022\/02\/IMG-20220204-WA0054-768x644.jpg 768w\" sizes=\"auto, (max-width: 659px) 100vw, 659px\" \/><figcaption id=\"caption-attachment-63120\" class=\"wp-caption-text\">La violencia no prescribe, reparaci\u00f3n para las sobrevivientes de prostituci\u00f3n hostigadas por la polic\u00eda en la d\u00e9cada del 90<\/figcaption><\/figure>\n","protected":false},"excerpt":{"rendered":"<p>La violencia no prescribe. En el d\u00eda de ayer, la Asociaci\u00f3n de Mujeres Argentina por los Derechos Humanos (AMADH), con el acompa\u00f1amiento de la Asamblea Permanente por los Derechos Humanos (APDH), la Red de Emergencia Feminista La Raquel, la Procuradur\u00eda de Trata y Explotaci\u00f3n de Personas (PROTEX) y parte del Consejo Asesor Ad Honorem del [&hellip;]<\/p>\n","protected":false},"author":4,"featured_media":63123,"comment_status":"open","ping_status":"open","sticky":false,"template":"","format":"standard","meta":{"iawp_total_views":5,"footnotes":""},"categories":[1067,21,592],"tags":[5055,1733,4372,5056,3090,5053,5054,138],"class_list":["post-63118","post","type-post","status-publish","format-standard","has-post-thumbnail","hentry","category-agenda-feminista","category-noticias","category-violencias","tag-amadh","tag-apdh","tag-destacada","tag-la-raquel","tag-protex","tag-protitucion","tag-reparacion","tag-violencia"],"nelio_content":{"autoShareEndMode":"never","automationSources":{"useCustomSentences":false,"customSentences":[]},"efiAlt":"","efiUrl":"","followers":[4],"highlights":[],"isAutoShareEnabled":true,"networkImageIds":[],"permalinkQueryArgs":[],"series":[],"suggestedReferences":[]},"yoast_head":"<!-- This site is optimized with the Yoast SEO plugin v27.5 - https:\/\/yoast.com\/product\/yoast-seo-wordpress\/ -->\n<title>La violencia no prescribe, reparaci\u00f3n para las sobrevivientes de prostituci\u00f3n hostigadas por la polic\u00eda en la d\u00e9cada del 90 - Diario Digital Femenino<\/title>\n<meta name=\"description\" content=\"La violencia no prescribe. Presentaron el proyecto: \u201cSolicitud de reparaci\u00f3n y reconocimiento para las sobrevivientes de prostituci\u00f3n...&quot;\" \/>\n<meta name=\"robots\" content=\"index, follow, max-snippet:-1, max-image-preview:large, max-video-preview:-1\" \/>\n<link rel=\"canonical\" href=\"https:\/\/diariofemenino.com.ar\/df\/la-violencia-no-prescribe\/\" \/>\n<meta property=\"og:locale\" content=\"es_ES\" \/>\n<meta property=\"og:type\" content=\"article\" \/>\n<meta property=\"og:title\" content=\"La violencia no prescribe, reparaci\u00f3n para las sobrevivientes de prostituci\u00f3n hostigadas por la polic\u00eda en la d\u00e9cada del 90 - Diario Digital Femenino\" \/>\n<meta property=\"og:description\" content=\"La violencia no prescribe. Presentaron el proyecto: \u201cSolicitud de reparaci\u00f3n y reconocimiento para las sobrevivientes de prostituci\u00f3n...&quot;\" \/>\n<meta property=\"og:url\" content=\"https:\/\/diariofemenino.com.ar\/df\/la-violencia-no-prescribe\/\" \/>\n<meta property=\"og:site_name\" content=\"Diario Digital Femenino\" \/>\n<meta property=\"article:publisher\" content=\"https:\/\/www.facebook.com\/DiarioDigitaFemenino\/\" \/>\n<meta property=\"article:published_time\" content=\"2022-02-09T11:51:06+00:00\" \/>\n<meta property=\"og:image\" content=\"https:\/\/diariofemenino.com.ar\/df\/wp-content\/uploads\/2022\/02\/IMG-20220208-WA0065.jpg\" \/>\n\t<meta property=\"og:image:width\" content=\"1600\" \/>\n\t<meta property=\"og:image:height\" content=\"1200\" \/>\n\t<meta property=\"og:image:type\" content=\"image\/jpeg\" \/>\n<meta name=\"author\" content=\"Admin\" \/>\n<meta name=\"twitter:card\" content=\"summary_large_image\" \/>\n<meta name=\"twitter:creator\" content=\"@DiarioFemenino1\" \/>\n<meta name=\"twitter:site\" content=\"@DiarioFemenino1\" \/>\n<meta name=\"twitter:label1\" content=\"Escrito por\" \/>\n\t<meta name=\"twitter:data1\" content=\"Admin\" \/>\n\t<meta name=\"twitter:label2\" content=\"Tiempo de lectura\" \/>\n\t<meta name=\"twitter:data2\" content=\"4 minutos\" \/>\n<script type=\"application\/ld+json\" class=\"yoast-schema-graph\">{\"@context\":\"https:\\\/\\\/schema.org\",\"@graph\":[{\"@type\":\"Article\",\"@id\":\"https:\\\/\\\/diariofemenino.com.ar\\\/df\\\/la-violencia-no-prescribe\\\/#article\",\"isPartOf\":{\"@id\":\"https:\\\/\\\/diariofemenino.com.ar\\\/df\\\/la-violencia-no-prescribe\\\/\"},\"author\":{\"name\":\"Admin\",\"@id\":\"https:\\\/\\\/diariofemenino.com.ar\\\/df\\\/#\\\/schema\\\/person\\\/bf6199e8158c657ea6f789b11ec85509\"},\"headline\":\"La violencia no prescribe, reparaci\u00f3n para las sobrevivientes de prostituci\u00f3n hostigadas por la polic\u00eda en la d\u00e9cada del 90\",\"datePublished\":\"2022-02-09T11:51:06+00:00\",\"mainEntityOfPage\":{\"@id\":\"https:\\\/\\\/diariofemenino.com.ar\\\/df\\\/la-violencia-no-prescribe\\\/\"},\"wordCount\":730,\"commentCount\":1,\"publisher\":{\"@id\":\"https:\\\/\\\/diariofemenino.com.ar\\\/df\\\/#organization\"},\"image\":{\"@id\":\"https:\\\/\\\/diariofemenino.com.ar\\\/df\\\/la-violencia-no-prescribe\\\/#primaryimage\"},\"thumbnailUrl\":\"https:\\\/\\\/diariofemenino.com.ar\\\/df\\\/wp-content\\\/uploads\\\/2022\\\/02\\\/IMG-20220208-WA0065.jpg\",\"keywords\":[\"AMADH\",\"APDH\",\"Destacada\",\"La Raquel\",\"PROTEX\",\"Protituci\u00f3n\",\"Reparaci\u00f3n\",\"Violencia\"],\"articleSection\":[\"Agenda Feminista\",\"Noticias\",\"Violencias\"],\"inLanguage\":\"es\",\"potentialAction\":[{\"@type\":\"CommentAction\",\"name\":\"Comment\",\"target\":[\"https:\\\/\\\/diariofemenino.com.ar\\\/df\\\/la-violencia-no-prescribe\\\/#respond\"]}]},{\"@type\":\"WebPage\",\"@id\":\"https:\\\/\\\/diariofemenino.com.ar\\\/df\\\/la-violencia-no-prescribe\\\/\",\"url\":\"https:\\\/\\\/diariofemenino.com.ar\\\/df\\\/la-violencia-no-prescribe\\\/\",\"name\":\"La violencia no prescribe, reparaci\u00f3n para las sobrevivientes de prostituci\u00f3n hostigadas por la polic\u00eda en la d\u00e9cada del 90 - Diario Digital Femenino\",\"isPartOf\":{\"@id\":\"https:\\\/\\\/diariofemenino.com.ar\\\/df\\\/#website\"},\"primaryImageOfPage\":{\"@id\":\"https:\\\/\\\/diariofemenino.com.ar\\\/df\\\/la-violencia-no-prescribe\\\/#primaryimage\"},\"image\":{\"@id\":\"https:\\\/\\\/diariofemenino.com.ar\\\/df\\\/la-violencia-no-prescribe\\\/#primaryimage\"},\"thumbnailUrl\":\"https:\\\/\\\/diariofemenino.com.ar\\\/df\\\/wp-content\\\/uploads\\\/2022\\\/02\\\/IMG-20220208-WA0065.jpg\",\"datePublished\":\"2022-02-09T11:51:06+00:00\",\"description\":\"La violencia no prescribe. Presentaron el proyecto: \u201cSolicitud de reparaci\u00f3n y reconocimiento para las sobrevivientes de prostituci\u00f3n...\\\"\",\"breadcrumb\":{\"@id\":\"https:\\\/\\\/diariofemenino.com.ar\\\/df\\\/la-violencia-no-prescribe\\\/#breadcrumb\"},\"inLanguage\":\"es\",\"potentialAction\":[{\"@type\":\"ReadAction\",\"target\":[\"https:\\\/\\\/diariofemenino.com.ar\\\/df\\\/la-violencia-no-prescribe\\\/\"]}]},{\"@type\":\"ImageObject\",\"inLanguage\":\"es\",\"@id\":\"https:\\\/\\\/diariofemenino.com.ar\\\/df\\\/la-violencia-no-prescribe\\\/#primaryimage\",\"url\":\"https:\\\/\\\/diariofemenino.com.ar\\\/df\\\/wp-content\\\/uploads\\\/2022\\\/02\\\/IMG-20220208-WA0065.jpg\",\"contentUrl\":\"https:\\\/\\\/diariofemenino.com.ar\\\/df\\\/wp-content\\\/uploads\\\/2022\\\/02\\\/IMG-20220208-WA0065.jpg\",\"width\":1600,\"height\":1200,\"caption\":\"La violencia no prescribe, reparaci\u00f3n para las sobrevivientes de prostituci\u00f3n hostigadas por la polic\u00eda en la d\u00e9cada del 90\"},{\"@type\":\"BreadcrumbList\",\"@id\":\"https:\\\/\\\/diariofemenino.com.ar\\\/df\\\/la-violencia-no-prescribe\\\/#breadcrumb\",\"itemListElement\":[{\"@type\":\"ListItem\",\"position\":1,\"name\":\"Portada\",\"item\":\"https:\\\/\\\/diariofemenino.com.ar\\\/df\\\/\"},{\"@type\":\"ListItem\",\"position\":2,\"name\":\"La violencia no prescribe, reparaci\u00f3n para las sobrevivientes de prostituci\u00f3n hostigadas por la polic\u00eda en la d\u00e9cada del 90\"}]},{\"@type\":\"WebSite\",\"@id\":\"https:\\\/\\\/diariofemenino.com.ar\\\/df\\\/#website\",\"url\":\"https:\\\/\\\/diariofemenino.com.ar\\\/df\\\/\",\"name\":\"Diario Digital Femenino\",\"description\":\"Cuesti\u00f3n de G\u00e9nero\",\"publisher\":{\"@id\":\"https:\\\/\\\/diariofemenino.com.ar\\\/df\\\/#organization\"},\"potentialAction\":[{\"@type\":\"SearchAction\",\"target\":{\"@type\":\"EntryPoint\",\"urlTemplate\":\"https:\\\/\\\/diariofemenino.com.ar\\\/df\\\/?s={search_term_string}\"},\"query-input\":{\"@type\":\"PropertyValueSpecification\",\"valueRequired\":true,\"valueName\":\"search_term_string\"}}],\"inLanguage\":\"es\"},{\"@type\":\"Organization\",\"@id\":\"https:\\\/\\\/diariofemenino.com.ar\\\/df\\\/#organization\",\"name\":\"Diario Femenino\",\"url\":\"https:\\\/\\\/diariofemenino.com.ar\\\/df\\\/\",\"logo\":{\"@type\":\"ImageObject\",\"inLanguage\":\"es\",\"@id\":\"https:\\\/\\\/diariofemenino.com.ar\\\/df\\\/#\\\/schema\\\/logo\\\/image\\\/\",\"url\":\"https:\\\/\\\/diariofemenino.com.ar\\\/df\\\/wp-content\\\/uploads\\\/2018\\\/10\\\/logo.png\",\"contentUrl\":\"https:\\\/\\\/diariofemenino.com.ar\\\/df\\\/wp-content\\\/uploads\\\/2018\\\/10\\\/logo.png\",\"width\":500,\"height\":92,\"caption\":\"Diario Femenino\"},\"image\":{\"@id\":\"https:\\\/\\\/diariofemenino.com.ar\\\/df\\\/#\\\/schema\\\/logo\\\/image\\\/\"},\"sameAs\":[\"https:\\\/\\\/www.facebook.com\\\/DiarioDigitaFemenino\\\/\",\"https:\\\/\\\/x.com\\\/DiarioFemenino1\"]},{\"@type\":\"Person\",\"@id\":\"https:\\\/\\\/diariofemenino.com.ar\\\/df\\\/#\\\/schema\\\/person\\\/bf6199e8158c657ea6f789b11ec85509\",\"name\":\"Admin\",\"image\":{\"@type\":\"ImageObject\",\"inLanguage\":\"es\",\"@id\":\"https:\\\/\\\/diariofemenino.com.ar\\\/df\\\/wp-content\\\/uploads\\\/2018\\\/12\\\/favicon-150x150.jpg\",\"url\":\"https:\\\/\\\/diariofemenino.com.ar\\\/df\\\/wp-content\\\/uploads\\\/2018\\\/12\\\/favicon-150x150.jpg\",\"contentUrl\":\"https:\\\/\\\/diariofemenino.com.ar\\\/df\\\/wp-content\\\/uploads\\\/2018\\\/12\\\/favicon-150x150.jpg\",\"caption\":\"Admin\"},\"url\":\"https:\\\/\\\/diariofemenino.com.ar\\\/df\\\/author\\\/lenny\\\/\"}]}<\/script>\n<!-- \/ Yoast SEO plugin. -->","yoast_head_json":{"title":"La violencia no prescribe, reparaci\u00f3n para las sobrevivientes de prostituci\u00f3n hostigadas por la polic\u00eda en la d\u00e9cada del 90 - Diario Digital Femenino","description":"La violencia no prescribe. Presentaron el proyecto: \u201cSolicitud de reparaci\u00f3n y reconocimiento para las sobrevivientes de prostituci\u00f3n...\"","robots":{"index":"index","follow":"follow","max-snippet":"max-snippet:-1","max-image-preview":"max-image-preview:large","max-video-preview":"max-video-preview:-1"},"canonical":"https:\/\/diariofemenino.com.ar\/df\/la-violencia-no-prescribe\/","og_locale":"es_ES","og_type":"article","og_title":"La violencia no prescribe, reparaci\u00f3n para las sobrevivientes de prostituci\u00f3n hostigadas por la polic\u00eda en la d\u00e9cada del 90 - Diario Digital Femenino","og_description":"La violencia no prescribe. Presentaron el proyecto: \u201cSolicitud de reparaci\u00f3n y reconocimiento para las sobrevivientes de prostituci\u00f3n...\"","og_url":"https:\/\/diariofemenino.com.ar\/df\/la-violencia-no-prescribe\/","og_site_name":"Diario Digital Femenino","article_publisher":"https:\/\/www.facebook.com\/DiarioDigitaFemenino\/","article_published_time":"2022-02-09T11:51:06+00:00","og_image":[{"width":1600,"height":1200,"url":"https:\/\/diariofemenino.com.ar\/df\/wp-content\/uploads\/2022\/02\/IMG-20220208-WA0065.jpg","type":"image\/jpeg"}],"author":"Admin","twitter_card":"summary_large_image","twitter_creator":"@DiarioFemenino1","twitter_site":"@DiarioFemenino1","twitter_misc":{"Escrito por":"Admin","Tiempo de lectura":"4 minutos"},"schema":{"@context":"https:\/\/schema.org","@graph":[{"@type":"Article","@id":"https:\/\/diariofemenino.com.ar\/df\/la-violencia-no-prescribe\/#article","isPartOf":{"@id":"https:\/\/diariofemenino.com.ar\/df\/la-violencia-no-prescribe\/"},"author":{"name":"Admin","@id":"https:\/\/diariofemenino.com.ar\/df\/#\/schema\/person\/bf6199e8158c657ea6f789b11ec85509"},"headline":"La violencia no prescribe, reparaci\u00f3n para las sobrevivientes de prostituci\u00f3n hostigadas por la polic\u00eda en la d\u00e9cada del 90","datePublished":"2022-02-09T11:51:06+00:00","mainEntityOfPage":{"@id":"https:\/\/diariofemenino.com.ar\/df\/la-violencia-no-prescribe\/"},"wordCount":730,"commentCount":1,"publisher":{"@id":"https:\/\/diariofemenino.com.ar\/df\/#organization"},"image":{"@id":"https:\/\/diariofemenino.com.ar\/df\/la-violencia-no-prescribe\/#primaryimage"},"thumbnailUrl":"https:\/\/diariofemenino.com.ar\/df\/wp-content\/uploads\/2022\/02\/IMG-20220208-WA0065.jpg","keywords":["AMADH","APDH","Destacada","La Raquel","PROTEX","Protituci\u00f3n","Reparaci\u00f3n","Violencia"],"articleSection":["Agenda Feminista","Noticias","Violencias"],"inLanguage":"es","potentialAction":[{"@type":"CommentAction","name":"Comment","target":["https:\/\/diariofemenino.com.ar\/df\/la-violencia-no-prescribe\/#respond"]}]},{"@type":"WebPage","@id":"https:\/\/diariofemenino.com.ar\/df\/la-violencia-no-prescribe\/","url":"https:\/\/diariofemenino.com.ar\/df\/la-violencia-no-prescribe\/","name":"La violencia no prescribe, reparaci\u00f3n para las sobrevivientes de prostituci\u00f3n hostigadas por la polic\u00eda en la d\u00e9cada del 90 - Diario Digital Femenino","isPartOf":{"@id":"https:\/\/diariofemenino.com.ar\/df\/#website"},"primaryImageOfPage":{"@id":"https:\/\/diariofemenino.com.ar\/df\/la-violencia-no-prescribe\/#primaryimage"},"image":{"@id":"https:\/\/diariofemenino.com.ar\/df\/la-violencia-no-prescribe\/#primaryimage"},"thumbnailUrl":"https:\/\/diariofemenino.com.ar\/df\/wp-content\/uploads\/2022\/02\/IMG-20220208-WA0065.jpg","datePublished":"2022-02-09T11:51:06+00:00","description":"La violencia no prescribe. Presentaron el proyecto: \u201cSolicitud de reparaci\u00f3n y reconocimiento para las sobrevivientes de prostituci\u00f3n...\"","breadcrumb":{"@id":"https:\/\/diariofemenino.com.ar\/df\/la-violencia-no-prescribe\/#breadcrumb"},"inLanguage":"es","potentialAction":[{"@type":"ReadAction","target":["https:\/\/diariofemenino.com.ar\/df\/la-violencia-no-prescribe\/"]}]},{"@type":"ImageObject","inLanguage":"es","@id":"https:\/\/diariofemenino.com.ar\/df\/la-violencia-no-prescribe\/#primaryimage","url":"https:\/\/diariofemenino.com.ar\/df\/wp-content\/uploads\/2022\/02\/IMG-20220208-WA0065.jpg","contentUrl":"https:\/\/diariofemenino.com.ar\/df\/wp-content\/uploads\/2022\/02\/IMG-20220208-WA0065.jpg","width":1600,"height":1200,"caption":"La violencia no prescribe, reparaci\u00f3n para las sobrevivientes de prostituci\u00f3n hostigadas por la polic\u00eda en la d\u00e9cada del 90"},{"@type":"BreadcrumbList","@id":"https:\/\/diariofemenino.com.ar\/df\/la-violencia-no-prescribe\/#breadcrumb","itemListElement":[{"@type":"ListItem","position":1,"name":"Portada","item":"https:\/\/diariofemenino.com.ar\/df\/"},{"@type":"ListItem","position":2,"name":"La violencia no prescribe, reparaci\u00f3n para las sobrevivientes de prostituci\u00f3n hostigadas por la polic\u00eda en la d\u00e9cada del 90"}]},{"@type":"WebSite","@id":"https:\/\/diariofemenino.com.ar\/df\/#website","url":"https:\/\/diariofemenino.com.ar\/df\/","name":"Diario Digital Femenino","description":"Cuesti\u00f3n de G\u00e9nero","publisher":{"@id":"https:\/\/diariofemenino.com.ar\/df\/#organization"},"potentialAction":[{"@type":"SearchAction","target":{"@type":"EntryPoint","urlTemplate":"https:\/\/diariofemenino.com.ar\/df\/?s={search_term_string}"},"query-input":{"@type":"PropertyValueSpecification","valueRequired":true,"valueName":"search_term_string"}}],"inLanguage":"es"},{"@type":"Organization","@id":"https:\/\/diariofemenino.com.ar\/df\/#organization","name":"Diario Femenino","url":"https:\/\/diariofemenino.com.ar\/df\/","logo":{"@type":"ImageObject","inLanguage":"es","@id":"https:\/\/diariofemenino.com.ar\/df\/#\/schema\/logo\/image\/","url":"https:\/\/diariofemenino.com.ar\/df\/wp-content\/uploads\/2018\/10\/logo.png","contentUrl":"https:\/\/diariofemenino.com.ar\/df\/wp-content\/uploads\/2018\/10\/logo.png","width":500,"height":92,"caption":"Diario Femenino"},"image":{"@id":"https:\/\/diariofemenino.com.ar\/df\/#\/schema\/logo\/image\/"},"sameAs":["https:\/\/www.facebook.com\/DiarioDigitaFemenino\/","https:\/\/x.com\/DiarioFemenino1"]},{"@type":"Person","@id":"https:\/\/diariofemenino.com.ar\/df\/#\/schema\/person\/bf6199e8158c657ea6f789b11ec85509","name":"Admin","image":{"@type":"ImageObject","inLanguage":"es","@id":"https:\/\/diariofemenino.com.ar\/df\/wp-content\/uploads\/2018\/12\/favicon-150x150.jpg","url":"https:\/\/diariofemenino.com.ar\/df\/wp-content\/uploads\/2018\/12\/favicon-150x150.jpg","contentUrl":"https:\/\/diariofemenino.com.ar\/df\/wp-content\/uploads\/2018\/12\/favicon-150x150.jpg","caption":"Admin"},"url":"https:\/\/diariofemenino.com.ar\/df\/author\/lenny\/"}]}},"jetpack_featured_media_url":"https:\/\/diariofemenino.com.ar\/df\/wp-content\/uploads\/2022\/02\/IMG-20220208-WA0065.jpg","jetpack_sharing_enabled":true,"rttpg_featured_image_url":{"full":["https:\/\/diariofemenino.com.ar\/df\/wp-content\/uploads\/2022\/02\/IMG-20220208-WA0065.jpg",1600,1200,false],"landscape":["https:\/\/diariofemenino.com.ar\/df\/wp-content\/uploads\/2022\/02\/IMG-20220208-WA0065.jpg",1600,1200,false],"portraits":["https:\/\/diariofemenino.com.ar\/df\/wp-content\/uploads\/2022\/02\/IMG-20220208-WA0065.jpg",1600,1200,false],"thumbnail":["https:\/\/diariofemenino.com.ar\/df\/wp-content\/uploads\/2022\/02\/IMG-20220208-WA0065-150x150.jpg",150,150,true],"medium":["https:\/\/diariofemenino.com.ar\/df\/wp-content\/uploads\/2022\/02\/IMG-20220208-WA0065-300x225.jpg",300,225,true],"large":["https:\/\/diariofemenino.com.ar\/df\/wp-content\/uploads\/2022\/02\/IMG-20220208-WA0065-1024x768.jpg",1024,768,true],"1536x1536":["https:\/\/diariofemenino.com.ar\/df\/wp-content\/uploads\/2022\/02\/IMG-20220208-WA0065.jpg",1536,1152,false],"2048x2048":["https:\/\/diariofemenino.com.ar\/df\/wp-content\/uploads\/2022\/02\/IMG-20220208-WA0065.jpg",1600,1200,false]},"rttpg_author":{"display_name":"Admin","author_link":"https:\/\/diariofemenino.com.ar\/df\/author\/lenny\/"},"rttpg_comment":1,"rttpg_category":"<a href=\"https:\/\/diariofemenino.com.ar\/df\/category\/agenda-feminista\/\" rel=\"category tag\">Agenda Feminista<\/a> <a href=\"https:\/\/diariofemenino.com.ar\/df\/category\/noticias\/\" rel=\"category tag\">Noticias<\/a> <a href=\"https:\/\/diariofemenino.com.ar\/df\/category\/violencias\/\" rel=\"category tag\">Violencias<\/a>","rttpg_excerpt":"La violencia no prescribe. En el d\u00eda de ayer, la Asociaci\u00f3n de Mujeres Argentina por los Derechos Humanos (AMADH), con el acompa\u00f1amiento de la Asamblea Permanente por los Derechos Humanos (APDH), la Red de Emergencia Feminista La Raquel, la Procuradur\u00eda de Trata y Explotaci\u00f3n de Personas (PROTEX) y parte del Consejo Asesor Ad Honorem del&hellip;","_links":{"self":[{"href":"https:\/\/diariofemenino.com.ar\/df\/wp-json\/wp\/v2\/posts\/63118","targetHints":{"allow":["GET"]}}],"collection":[{"href":"https:\/\/diariofemenino.com.ar\/df\/wp-json\/wp\/v2\/posts"}],"about":[{"href":"https:\/\/diariofemenino.com.ar\/df\/wp-json\/wp\/v2\/types\/post"}],"author":[{"embeddable":true,"href":"https:\/\/diariofemenino.com.ar\/df\/wp-json\/wp\/v2\/users\/4"}],"replies":[{"embeddable":true,"href":"https:\/\/diariofemenino.com.ar\/df\/wp-json\/wp\/v2\/comments?post=63118"}],"version-history":[{"count":0,"href":"https:\/\/diariofemenino.com.ar\/df\/wp-json\/wp\/v2\/posts\/63118\/revisions"}],"wp:featuredmedia":[{"embeddable":true,"href":"https:\/\/diariofemenino.com.ar\/df\/wp-json\/wp\/v2\/media\/63123"}],"wp:attachment":[{"href":"https:\/\/diariofemenino.com.ar\/df\/wp-json\/wp\/v2\/media?parent=63118"}],"wp:term":[{"taxonomy":"category","embeddable":true,"href":"https:\/\/diariofemenino.com.ar\/df\/wp-json\/wp\/v2\/categories?post=63118"},{"taxonomy":"post_tag","embeddable":true,"href":"https:\/\/diariofemenino.com.ar\/df\/wp-json\/wp\/v2\/tags?post=63118"}],"curies":[{"name":"wp","href":"https:\/\/api.w.org\/{rel}","templated":true}]}}