{"id":63030,"date":"2022-02-04T10:20:11","date_gmt":"2022-02-04T13:20:11","guid":{"rendered":"https:\/\/diariofemenino.com.ar\/df\/?p=63030"},"modified":"2022-02-04T10:21:03","modified_gmt":"2022-02-04T13:21:03","slug":"caminos-nueva-muestra-en-el-olivo","status":"publish","type":"post","link":"https:\/\/diariofemenino.com.ar\/df\/caminos-nueva-muestra-en-el-olivo\/","title":{"rendered":"\u00abCaminos\u00bb, nueva muestra en la Olivo"},"content":{"rendered":"<p dir=\"ltr\">El <a href=\"http:\/\/www.hcdsantarosa.gov.ar\/\">Concejo Deliberante<\/a> de la ciudad de Santa Rosa anuncia que la Galer\u00eda Alfredo Olivo inaugurar\u00e1 Caminos, una muestra fotogr\u00e1fica a cargo de <a href=\"https:\/\/diariofemenino.com.ar\/df\/category\/mujeres-de-la-pampa\/\">Vanesa Armanini<\/a>.<\/p>\n<p dir=\"ltr\">Este lunes 7 de febrero, desde las 20 horas, se realizar\u00e1 la apertura oficial de la agenda 2022 del espacio cultural, con esta muestra compuesta por fotograf\u00edas de diversos lugares de Santa Rosa.<\/p>\n<figure id=\"attachment_63031\" aria-describedby=\"caption-attachment-63031\" style=\"width: 638px\" class=\"wp-caption aligncenter\"><img loading=\"lazy\" decoding=\"async\" class=\" wp-image-63031\" src=\"https:\/\/diariofemenino.com.ar\/df\/wp-content\/uploads\/2022\/02\/DSC_0006-1024x800.jpg\" alt=\"&quot;Caminos&quot;, nueva muestra en el Olivo\" width=\"638\" height=\"499\" srcset=\"https:\/\/diariofemenino.com.ar\/df\/wp-content\/uploads\/2022\/02\/DSC_0006-1024x800.jpg 1024w, https:\/\/diariofemenino.com.ar\/df\/wp-content\/uploads\/2022\/02\/DSC_0006-300x234.jpg 300w, https:\/\/diariofemenino.com.ar\/df\/wp-content\/uploads\/2022\/02\/DSC_0006-768x600.jpg 768w\" sizes=\"auto, (max-width: 638px) 100vw, 638px\" \/><figcaption id=\"caption-attachment-63031\" class=\"wp-caption-text\">\u00abCaminos\u00bb, nueva muestra en el Olivo<\/figcaption><\/figure>\n<p dir=\"ltr\">Al respecto la artista expresa que \u201ces una selecci\u00f3n de trabajos sobre senderos poco conocidos de nuestra ciudad, descubriendo y captando belleza en todos los rincones\u201d.<\/p>\n<p dir=\"ltr\">A su vez, Armanini se\u00f1ala que utiliza el ambiente diario natural para mostrarla cuidando la calidad de las im\u00e1genes y la armon\u00eda entre ellas. Incluso busca que \u201cel p\u00fablico pueda relacionarse con el trabajo que est\u00e1n viendo y que las fotos hablen por s\u00ed mismas\u201d.<\/p>\n<p dir=\"ltr\">Sobre la autora:<\/p>\n<p dir=\"ltr\">Vanesa Armanini es una santarrose\u00f1a nacida y criada de 44 a\u00f1os. Es mam\u00e1, estudiante de Letras en la Universidad Nacional de La Pampa y empleada del estado nacional.<\/p>\n<p dir=\"ltr\">Estudi\u00f3 fotograf\u00eda social en la Universidad de Buenos Aires para poder combinar as\u00ed sus dos pasatiempos que son la caminata y la fotograf\u00eda. Se la puede ver recorriendo senderos y ajustando el objetivo de sus c\u00e1maras como herramientas de expresi\u00f3n.<\/p>\n<p dir=\"ltr\">Sus trabajos preferidos son al aire libre y los vivencia como si se tratara de un viaje.<\/p>\n<p dir=\"ltr\"><strong>Agenda 2022<\/strong><\/p>\n<p dir=\"ltr\">Se recuerda que se encuentra abierta la convocatoria para artistas visuales y audiovisuales locales que deseen exponer sus obras en su Galer\u00eda de Arte \u201cAlfredo Olivo\u201d.<\/p>\n<p dir=\"ltr\">Tal como se indica en el reglamento, las exposiciones tienen una duraci\u00f3n de un mes, y es el \u00e1rea de Extensi\u00f3n la encargada de seleccionar a las y los artistas para que presenten sus trabajos, dando prioridad a los artistas locales y provinciales.<\/p>\n<p dir=\"ltr\">Adem\u00e1s, la normativa tambi\u00e9n indica que debe contemplarse a aquellas personas que reci\u00e9n inician, se encuentren estudiando, o sean recientes egresados y egresadas de carreras art\u00edsticas, sin que esto signifique excluir a quienes ya tengan trayectoria.<\/p>\n<p dir=\"ltr\">Las personas interesadas deber\u00e1n enviar su propuesta art\u00edstica a la direcci\u00f3n de mail <a href=\"mailto:prensa@hcdsantarosa.gov.ar\" target=\"_blank\" rel=\"noopener\">prensa@hcdsantarosa.gov.ar<\/a>, desde donde se les enviar\u00e1n y explicar\u00e1n las condiciones de participaci\u00f3n.<\/p>\n","protected":false},"excerpt":{"rendered":"<p>El Concejo Deliberante de la ciudad de Santa Rosa anuncia que la Galer\u00eda Alfredo Olivo inaugurar\u00e1 Caminos, una muestra fotogr\u00e1fica a cargo de Vanesa Armanini. Este lunes 7 de febrero, desde las 20 horas, se realizar\u00e1 la apertura oficial de la agenda 2022 del espacio cultural, con esta muestra compuesta por fotograf\u00edas de diversos lugares [&hellip;]<\/p>\n","protected":false},"author":4,"featured_media":63032,"comment_status":"open","ping_status":"open","sticky":false,"template":"","format":"standard","meta":{"iawp_total_views":1,"footnotes":""},"categories":[7,1067,1251],"tags":[936,1239,4372,4810,1129,5031],"class_list":["post-63030","post","type-post","status-publish","format-standard","has-post-thumbnail","hentry","category-actividades","category-agenda-feminista","category-mujeres-de-la-pampa","tag-muestra","tag-concejo-deliberante","tag-destacada","tag-galeria-alfredo-olivo","tag-santa-rosa","tag-vanesa-armanini"],"nelio_content":{"autoShareEndMode":"never","automationSources":{"useCustomSentences":false,"customSentences":[]},"efiAlt":"","efiUrl":"","followers":[4],"highlights":[],"isAutoShareEnabled":true,"networkImageIds":[],"permalinkQueryArgs":[],"series":[],"suggestedReferences":[]},"yoast_head":"<!-- This site is optimized with the Yoast SEO plugin v27.5 - https:\/\/yoast.com\/product\/yoast-seo-wordpress\/ -->\n<title>&quot;Caminos&quot;, nueva muestra en la Olivo - Diario Digital Femenino<\/title>\n<meta name=\"description\" content=\"Caminos, muestra fotogr\u00e1fica de Vanesa Armanini. El Concejo Deliberante de la ciudad de Santa Rosa anuncia la inauguraci\u00f3n en la Galer\u00eda Alfredo Olivo.\" \/>\n<meta name=\"robots\" content=\"index, follow, max-snippet:-1, max-image-preview:large, max-video-preview:-1\" \/>\n<link rel=\"canonical\" href=\"https:\/\/diariofemenino.com.ar\/df\/caminos-nueva-muestra-en-el-olivo\/\" \/>\n<meta property=\"og:locale\" content=\"es_ES\" \/>\n<meta property=\"og:type\" content=\"article\" \/>\n<meta property=\"og:title\" content=\"&quot;Caminos&quot;, nueva muestra en la Olivo - Diario Digital Femenino\" \/>\n<meta property=\"og:description\" content=\"Caminos, muestra fotogr\u00e1fica de Vanesa Armanini. El Concejo Deliberante de la ciudad de Santa Rosa anuncia la inauguraci\u00f3n en la Galer\u00eda Alfredo Olivo.\" \/>\n<meta property=\"og:url\" content=\"https:\/\/diariofemenino.com.ar\/df\/caminos-nueva-muestra-en-el-olivo\/\" \/>\n<meta property=\"og:site_name\" content=\"Diario Digital Femenino\" \/>\n<meta property=\"article:publisher\" content=\"https:\/\/www.facebook.com\/DiarioDigitaFemenino\/\" \/>\n<meta property=\"article:published_time\" content=\"2022-02-04T13:20:11+00:00\" \/>\n<meta property=\"article:modified_time\" content=\"2022-02-04T13:21:03+00:00\" \/>\n<meta property=\"og:image\" content=\"https:\/\/diariofemenino.com.ar\/df\/wp-content\/uploads\/2022\/02\/WhatsApp-Image-2022-02-04-at-09.35.26.jpeg\" \/>\n\t<meta property=\"og:image:width\" content=\"1023\" \/>\n\t<meta property=\"og:image:height\" content=\"1280\" \/>\n\t<meta property=\"og:image:type\" content=\"image\/jpeg\" \/>\n<meta name=\"author\" content=\"Admin\" \/>\n<meta name=\"twitter:card\" content=\"summary_large_image\" \/>\n<meta name=\"twitter:creator\" content=\"@DiarioFemenino1\" \/>\n<meta name=\"twitter:site\" content=\"@DiarioFemenino1\" \/>\n<meta name=\"twitter:label1\" content=\"Escrito por\" \/>\n\t<meta name=\"twitter:data1\" content=\"Admin\" \/>\n\t<meta name=\"twitter:label2\" content=\"Tiempo de lectura\" \/>\n\t<meta name=\"twitter:data2\" content=\"2 minutos\" \/>\n<script type=\"application\/ld+json\" class=\"yoast-schema-graph\">{\"@context\":\"https:\\\/\\\/schema.org\",\"@graph\":[{\"@type\":\"Article\",\"@id\":\"https:\\\/\\\/diariofemenino.com.ar\\\/df\\\/caminos-nueva-muestra-en-el-olivo\\\/#article\",\"isPartOf\":{\"@id\":\"https:\\\/\\\/diariofemenino.com.ar\\\/df\\\/caminos-nueva-muestra-en-el-olivo\\\/\"},\"author\":{\"name\":\"Admin\",\"@id\":\"https:\\\/\\\/diariofemenino.com.ar\\\/df\\\/#\\\/schema\\\/person\\\/bf6199e8158c657ea6f789b11ec85509\"},\"headline\":\"\u00abCaminos\u00bb, nueva muestra en la Olivo\",\"datePublished\":\"2022-02-04T13:20:11+00:00\",\"dateModified\":\"2022-02-04T13:21:03+00:00\",\"mainEntityOfPage\":{\"@id\":\"https:\\\/\\\/diariofemenino.com.ar\\\/df\\\/caminos-nueva-muestra-en-el-olivo\\\/\"},\"wordCount\":394,\"commentCount\":0,\"publisher\":{\"@id\":\"https:\\\/\\\/diariofemenino.com.ar\\\/df\\\/#organization\"},\"image\":{\"@id\":\"https:\\\/\\\/diariofemenino.com.ar\\\/df\\\/caminos-nueva-muestra-en-el-olivo\\\/#primaryimage\"},\"thumbnailUrl\":\"https:\\\/\\\/diariofemenino.com.ar\\\/df\\\/wp-content\\\/uploads\\\/2022\\\/02\\\/WhatsApp-Image-2022-02-04-at-09.35.26.jpeg\",\"keywords\":[\"#Muestra\",\"Concejo Deliberante\",\"Destacada\",\"Galer\u00eda Alfredo Olivo\",\"Santa Rosa\",\"Vanesa Armanini\"],\"articleSection\":[\"Actividades\",\"Agenda Feminista\",\"Mujeres de La Pampa\"],\"inLanguage\":\"es\",\"potentialAction\":[{\"@type\":\"CommentAction\",\"name\":\"Comment\",\"target\":[\"https:\\\/\\\/diariofemenino.com.ar\\\/df\\\/caminos-nueva-muestra-en-el-olivo\\\/#respond\"]}]},{\"@type\":\"WebPage\",\"@id\":\"https:\\\/\\\/diariofemenino.com.ar\\\/df\\\/caminos-nueva-muestra-en-el-olivo\\\/\",\"url\":\"https:\\\/\\\/diariofemenino.com.ar\\\/df\\\/caminos-nueva-muestra-en-el-olivo\\\/\",\"name\":\"\\\"Caminos\\\", nueva muestra en la Olivo - Diario Digital Femenino\",\"isPartOf\":{\"@id\":\"https:\\\/\\\/diariofemenino.com.ar\\\/df\\\/#website\"},\"primaryImageOfPage\":{\"@id\":\"https:\\\/\\\/diariofemenino.com.ar\\\/df\\\/caminos-nueva-muestra-en-el-olivo\\\/#primaryimage\"},\"image\":{\"@id\":\"https:\\\/\\\/diariofemenino.com.ar\\\/df\\\/caminos-nueva-muestra-en-el-olivo\\\/#primaryimage\"},\"thumbnailUrl\":\"https:\\\/\\\/diariofemenino.com.ar\\\/df\\\/wp-content\\\/uploads\\\/2022\\\/02\\\/WhatsApp-Image-2022-02-04-at-09.35.26.jpeg\",\"datePublished\":\"2022-02-04T13:20:11+00:00\",\"dateModified\":\"2022-02-04T13:21:03+00:00\",\"description\":\"Caminos, muestra fotogr\u00e1fica de Vanesa Armanini. El Concejo Deliberante de la ciudad de Santa Rosa anuncia la inauguraci\u00f3n en la Galer\u00eda Alfredo Olivo.\",\"breadcrumb\":{\"@id\":\"https:\\\/\\\/diariofemenino.com.ar\\\/df\\\/caminos-nueva-muestra-en-el-olivo\\\/#breadcrumb\"},\"inLanguage\":\"es\",\"potentialAction\":[{\"@type\":\"ReadAction\",\"target\":[\"https:\\\/\\\/diariofemenino.com.ar\\\/df\\\/caminos-nueva-muestra-en-el-olivo\\\/\"]}]},{\"@type\":\"ImageObject\",\"inLanguage\":\"es\",\"@id\":\"https:\\\/\\\/diariofemenino.com.ar\\\/df\\\/caminos-nueva-muestra-en-el-olivo\\\/#primaryimage\",\"url\":\"https:\\\/\\\/diariofemenino.com.ar\\\/df\\\/wp-content\\\/uploads\\\/2022\\\/02\\\/WhatsApp-Image-2022-02-04-at-09.35.26.jpeg\",\"contentUrl\":\"https:\\\/\\\/diariofemenino.com.ar\\\/df\\\/wp-content\\\/uploads\\\/2022\\\/02\\\/WhatsApp-Image-2022-02-04-at-09.35.26.jpeg\",\"width\":1023,\"height\":1280,\"caption\":\"\\\"Caminos\\\", nueva muestra en el Olivo\"},{\"@type\":\"BreadcrumbList\",\"@id\":\"https:\\\/\\\/diariofemenino.com.ar\\\/df\\\/caminos-nueva-muestra-en-el-olivo\\\/#breadcrumb\",\"itemListElement\":[{\"@type\":\"ListItem\",\"position\":1,\"name\":\"Portada\",\"item\":\"https:\\\/\\\/diariofemenino.com.ar\\\/df\\\/\"},{\"@type\":\"ListItem\",\"position\":2,\"name\":\"\u00abCaminos\u00bb, nueva muestra en la Olivo\"}]},{\"@type\":\"WebSite\",\"@id\":\"https:\\\/\\\/diariofemenino.com.ar\\\/df\\\/#website\",\"url\":\"https:\\\/\\\/diariofemenino.com.ar\\\/df\\\/\",\"name\":\"Diario Digital Femenino\",\"description\":\"Cuesti\u00f3n de G\u00e9nero\",\"publisher\":{\"@id\":\"https:\\\/\\\/diariofemenino.com.ar\\\/df\\\/#organization\"},\"potentialAction\":[{\"@type\":\"SearchAction\",\"target\":{\"@type\":\"EntryPoint\",\"urlTemplate\":\"https:\\\/\\\/diariofemenino.com.ar\\\/df\\\/?s={search_term_string}\"},\"query-input\":{\"@type\":\"PropertyValueSpecification\",\"valueRequired\":true,\"valueName\":\"search_term_string\"}}],\"inLanguage\":\"es\"},{\"@type\":\"Organization\",\"@id\":\"https:\\\/\\\/diariofemenino.com.ar\\\/df\\\/#organization\",\"name\":\"Diario Femenino\",\"url\":\"https:\\\/\\\/diariofemenino.com.ar\\\/df\\\/\",\"logo\":{\"@type\":\"ImageObject\",\"inLanguage\":\"es\",\"@id\":\"https:\\\/\\\/diariofemenino.com.ar\\\/df\\\/#\\\/schema\\\/logo\\\/image\\\/\",\"url\":\"https:\\\/\\\/diariofemenino.com.ar\\\/df\\\/wp-content\\\/uploads\\\/2018\\\/10\\\/logo.png\",\"contentUrl\":\"https:\\\/\\\/diariofemenino.com.ar\\\/df\\\/wp-content\\\/uploads\\\/2018\\\/10\\\/logo.png\",\"width\":500,\"height\":92,\"caption\":\"Diario Femenino\"},\"image\":{\"@id\":\"https:\\\/\\\/diariofemenino.com.ar\\\/df\\\/#\\\/schema\\\/logo\\\/image\\\/\"},\"sameAs\":[\"https:\\\/\\\/www.facebook.com\\\/DiarioDigitaFemenino\\\/\",\"https:\\\/\\\/x.com\\\/DiarioFemenino1\"]},{\"@type\":\"Person\",\"@id\":\"https:\\\/\\\/diariofemenino.com.ar\\\/df\\\/#\\\/schema\\\/person\\\/bf6199e8158c657ea6f789b11ec85509\",\"name\":\"Admin\",\"image\":{\"@type\":\"ImageObject\",\"inLanguage\":\"es\",\"@id\":\"https:\\\/\\\/diariofemenino.com.ar\\\/df\\\/wp-content\\\/uploads\\\/2018\\\/12\\\/favicon-150x150.jpg\",\"url\":\"https:\\\/\\\/diariofemenino.com.ar\\\/df\\\/wp-content\\\/uploads\\\/2018\\\/12\\\/favicon-150x150.jpg\",\"contentUrl\":\"https:\\\/\\\/diariofemenino.com.ar\\\/df\\\/wp-content\\\/uploads\\\/2018\\\/12\\\/favicon-150x150.jpg\",\"caption\":\"Admin\"},\"url\":\"https:\\\/\\\/diariofemenino.com.ar\\\/df\\\/author\\\/lenny\\\/\"}]}<\/script>\n<!-- \/ Yoast SEO plugin. -->","yoast_head_json":{"title":"\"Caminos\", nueva muestra en la Olivo - Diario Digital Femenino","description":"Caminos, muestra fotogr\u00e1fica de Vanesa Armanini. El Concejo Deliberante de la ciudad de Santa Rosa anuncia la inauguraci\u00f3n en la Galer\u00eda Alfredo Olivo.","robots":{"index":"index","follow":"follow","max-snippet":"max-snippet:-1","max-image-preview":"max-image-preview:large","max-video-preview":"max-video-preview:-1"},"canonical":"https:\/\/diariofemenino.com.ar\/df\/caminos-nueva-muestra-en-el-olivo\/","og_locale":"es_ES","og_type":"article","og_title":"\"Caminos\", nueva muestra en la Olivo - Diario Digital Femenino","og_description":"Caminos, muestra fotogr\u00e1fica de Vanesa Armanini. El Concejo Deliberante de la ciudad de Santa Rosa anuncia la inauguraci\u00f3n en la Galer\u00eda Alfredo Olivo.","og_url":"https:\/\/diariofemenino.com.ar\/df\/caminos-nueva-muestra-en-el-olivo\/","og_site_name":"Diario Digital Femenino","article_publisher":"https:\/\/www.facebook.com\/DiarioDigitaFemenino\/","article_published_time":"2022-02-04T13:20:11+00:00","article_modified_time":"2022-02-04T13:21:03+00:00","og_image":[{"width":1023,"height":1280,"url":"https:\/\/diariofemenino.com.ar\/df\/wp-content\/uploads\/2022\/02\/WhatsApp-Image-2022-02-04-at-09.35.26.jpeg","type":"image\/jpeg"}],"author":"Admin","twitter_card":"summary_large_image","twitter_creator":"@DiarioFemenino1","twitter_site":"@DiarioFemenino1","twitter_misc":{"Escrito por":"Admin","Tiempo de lectura":"2 minutos"},"schema":{"@context":"https:\/\/schema.org","@graph":[{"@type":"Article","@id":"https:\/\/diariofemenino.com.ar\/df\/caminos-nueva-muestra-en-el-olivo\/#article","isPartOf":{"@id":"https:\/\/diariofemenino.com.ar\/df\/caminos-nueva-muestra-en-el-olivo\/"},"author":{"name":"Admin","@id":"https:\/\/diariofemenino.com.ar\/df\/#\/schema\/person\/bf6199e8158c657ea6f789b11ec85509"},"headline":"\u00abCaminos\u00bb, nueva muestra en la Olivo","datePublished":"2022-02-04T13:20:11+00:00","dateModified":"2022-02-04T13:21:03+00:00","mainEntityOfPage":{"@id":"https:\/\/diariofemenino.com.ar\/df\/caminos-nueva-muestra-en-el-olivo\/"},"wordCount":394,"commentCount":0,"publisher":{"@id":"https:\/\/diariofemenino.com.ar\/df\/#organization"},"image":{"@id":"https:\/\/diariofemenino.com.ar\/df\/caminos-nueva-muestra-en-el-olivo\/#primaryimage"},"thumbnailUrl":"https:\/\/diariofemenino.com.ar\/df\/wp-content\/uploads\/2022\/02\/WhatsApp-Image-2022-02-04-at-09.35.26.jpeg","keywords":["#Muestra","Concejo Deliberante","Destacada","Galer\u00eda Alfredo Olivo","Santa Rosa","Vanesa Armanini"],"articleSection":["Actividades","Agenda Feminista","Mujeres de La Pampa"],"inLanguage":"es","potentialAction":[{"@type":"CommentAction","name":"Comment","target":["https:\/\/diariofemenino.com.ar\/df\/caminos-nueva-muestra-en-el-olivo\/#respond"]}]},{"@type":"WebPage","@id":"https:\/\/diariofemenino.com.ar\/df\/caminos-nueva-muestra-en-el-olivo\/","url":"https:\/\/diariofemenino.com.ar\/df\/caminos-nueva-muestra-en-el-olivo\/","name":"\"Caminos\", nueva muestra en la Olivo - Diario Digital Femenino","isPartOf":{"@id":"https:\/\/diariofemenino.com.ar\/df\/#website"},"primaryImageOfPage":{"@id":"https:\/\/diariofemenino.com.ar\/df\/caminos-nueva-muestra-en-el-olivo\/#primaryimage"},"image":{"@id":"https:\/\/diariofemenino.com.ar\/df\/caminos-nueva-muestra-en-el-olivo\/#primaryimage"},"thumbnailUrl":"https:\/\/diariofemenino.com.ar\/df\/wp-content\/uploads\/2022\/02\/WhatsApp-Image-2022-02-04-at-09.35.26.jpeg","datePublished":"2022-02-04T13:20:11+00:00","dateModified":"2022-02-04T13:21:03+00:00","description":"Caminos, muestra fotogr\u00e1fica de Vanesa Armanini. El Concejo Deliberante de la ciudad de Santa Rosa anuncia la inauguraci\u00f3n en la Galer\u00eda Alfredo Olivo.","breadcrumb":{"@id":"https:\/\/diariofemenino.com.ar\/df\/caminos-nueva-muestra-en-el-olivo\/#breadcrumb"},"inLanguage":"es","potentialAction":[{"@type":"ReadAction","target":["https:\/\/diariofemenino.com.ar\/df\/caminos-nueva-muestra-en-el-olivo\/"]}]},{"@type":"ImageObject","inLanguage":"es","@id":"https:\/\/diariofemenino.com.ar\/df\/caminos-nueva-muestra-en-el-olivo\/#primaryimage","url":"https:\/\/diariofemenino.com.ar\/df\/wp-content\/uploads\/2022\/02\/WhatsApp-Image-2022-02-04-at-09.35.26.jpeg","contentUrl":"https:\/\/diariofemenino.com.ar\/df\/wp-content\/uploads\/2022\/02\/WhatsApp-Image-2022-02-04-at-09.35.26.jpeg","width":1023,"height":1280,"caption":"\"Caminos\", nueva muestra en el Olivo"},{"@type":"BreadcrumbList","@id":"https:\/\/diariofemenino.com.ar\/df\/caminos-nueva-muestra-en-el-olivo\/#breadcrumb","itemListElement":[{"@type":"ListItem","position":1,"name":"Portada","item":"https:\/\/diariofemenino.com.ar\/df\/"},{"@type":"ListItem","position":2,"name":"\u00abCaminos\u00bb, nueva muestra en la Olivo"}]},{"@type":"WebSite","@id":"https:\/\/diariofemenino.com.ar\/df\/#website","url":"https:\/\/diariofemenino.com.ar\/df\/","name":"Diario Digital Femenino","description":"Cuesti\u00f3n de G\u00e9nero","publisher":{"@id":"https:\/\/diariofemenino.com.ar\/df\/#organization"},"potentialAction":[{"@type":"SearchAction","target":{"@type":"EntryPoint","urlTemplate":"https:\/\/diariofemenino.com.ar\/df\/?s={search_term_string}"},"query-input":{"@type":"PropertyValueSpecification","valueRequired":true,"valueName":"search_term_string"}}],"inLanguage":"es"},{"@type":"Organization","@id":"https:\/\/diariofemenino.com.ar\/df\/#organization","name":"Diario Femenino","url":"https:\/\/diariofemenino.com.ar\/df\/","logo":{"@type":"ImageObject","inLanguage":"es","@id":"https:\/\/diariofemenino.com.ar\/df\/#\/schema\/logo\/image\/","url":"https:\/\/diariofemenino.com.ar\/df\/wp-content\/uploads\/2018\/10\/logo.png","contentUrl":"https:\/\/diariofemenino.com.ar\/df\/wp-content\/uploads\/2018\/10\/logo.png","width":500,"height":92,"caption":"Diario Femenino"},"image":{"@id":"https:\/\/diariofemenino.com.ar\/df\/#\/schema\/logo\/image\/"},"sameAs":["https:\/\/www.facebook.com\/DiarioDigitaFemenino\/","https:\/\/x.com\/DiarioFemenino1"]},{"@type":"Person","@id":"https:\/\/diariofemenino.com.ar\/df\/#\/schema\/person\/bf6199e8158c657ea6f789b11ec85509","name":"Admin","image":{"@type":"ImageObject","inLanguage":"es","@id":"https:\/\/diariofemenino.com.ar\/df\/wp-content\/uploads\/2018\/12\/favicon-150x150.jpg","url":"https:\/\/diariofemenino.com.ar\/df\/wp-content\/uploads\/2018\/12\/favicon-150x150.jpg","contentUrl":"https:\/\/diariofemenino.com.ar\/df\/wp-content\/uploads\/2018\/12\/favicon-150x150.jpg","caption":"Admin"},"url":"https:\/\/diariofemenino.com.ar\/df\/author\/lenny\/"}]}},"jetpack_featured_media_url":"https:\/\/diariofemenino.com.ar\/df\/wp-content\/uploads\/2022\/02\/WhatsApp-Image-2022-02-04-at-09.35.26.jpeg","jetpack_sharing_enabled":true,"rttpg_featured_image_url":{"full":["https:\/\/diariofemenino.com.ar\/df\/wp-content\/uploads\/2022\/02\/WhatsApp-Image-2022-02-04-at-09.35.26.jpeg",1023,1280,false],"landscape":["https:\/\/diariofemenino.com.ar\/df\/wp-content\/uploads\/2022\/02\/WhatsApp-Image-2022-02-04-at-09.35.26.jpeg",1023,1280,false],"portraits":["https:\/\/diariofemenino.com.ar\/df\/wp-content\/uploads\/2022\/02\/WhatsApp-Image-2022-02-04-at-09.35.26.jpeg",1023,1280,false],"thumbnail":["https:\/\/diariofemenino.com.ar\/df\/wp-content\/uploads\/2022\/02\/WhatsApp-Image-2022-02-04-at-09.35.26-150x150.jpeg",150,150,true],"medium":["https:\/\/diariofemenino.com.ar\/df\/wp-content\/uploads\/2022\/02\/WhatsApp-Image-2022-02-04-at-09.35.26-240x300.jpeg",240,300,true],"large":["https:\/\/diariofemenino.com.ar\/df\/wp-content\/uploads\/2022\/02\/WhatsApp-Image-2022-02-04-at-09.35.26-818x1024.jpeg",818,1024,true],"1536x1536":["https:\/\/diariofemenino.com.ar\/df\/wp-content\/uploads\/2022\/02\/WhatsApp-Image-2022-02-04-at-09.35.26.jpeg",1023,1280,false],"2048x2048":["https:\/\/diariofemenino.com.ar\/df\/wp-content\/uploads\/2022\/02\/WhatsApp-Image-2022-02-04-at-09.35.26.jpeg",1023,1280,false]},"rttpg_author":{"display_name":"Admin","author_link":"https:\/\/diariofemenino.com.ar\/df\/author\/lenny\/"},"rttpg_comment":0,"rttpg_category":"<a href=\"https:\/\/diariofemenino.com.ar\/df\/category\/actividades\/\" rel=\"category tag\">Actividades<\/a> <a href=\"https:\/\/diariofemenino.com.ar\/df\/category\/agenda-feminista\/\" rel=\"category tag\">Agenda Feminista<\/a> <a href=\"https:\/\/diariofemenino.com.ar\/df\/category\/mujeres-de-la-pampa\/\" rel=\"category tag\">Mujeres de La Pampa<\/a>","rttpg_excerpt":"El Concejo Deliberante de la ciudad de Santa Rosa anuncia que la Galer\u00eda Alfredo Olivo inaugurar\u00e1 Caminos, una muestra fotogr\u00e1fica a cargo de Vanesa Armanini. Este lunes 7 de febrero, desde las 20 horas, se realizar\u00e1 la apertura oficial de la agenda 2022 del espacio cultural, con esta muestra compuesta por fotograf\u00edas de diversos lugares&hellip;","_links":{"self":[{"href":"https:\/\/diariofemenino.com.ar\/df\/wp-json\/wp\/v2\/posts\/63030","targetHints":{"allow":["GET"]}}],"collection":[{"href":"https:\/\/diariofemenino.com.ar\/df\/wp-json\/wp\/v2\/posts"}],"about":[{"href":"https:\/\/diariofemenino.com.ar\/df\/wp-json\/wp\/v2\/types\/post"}],"author":[{"embeddable":true,"href":"https:\/\/diariofemenino.com.ar\/df\/wp-json\/wp\/v2\/users\/4"}],"replies":[{"embeddable":true,"href":"https:\/\/diariofemenino.com.ar\/df\/wp-json\/wp\/v2\/comments?post=63030"}],"version-history":[{"count":0,"href":"https:\/\/diariofemenino.com.ar\/df\/wp-json\/wp\/v2\/posts\/63030\/revisions"}],"wp:featuredmedia":[{"embeddable":true,"href":"https:\/\/diariofemenino.com.ar\/df\/wp-json\/wp\/v2\/media\/63032"}],"wp:attachment":[{"href":"https:\/\/diariofemenino.com.ar\/df\/wp-json\/wp\/v2\/media?parent=63030"}],"wp:term":[{"taxonomy":"category","embeddable":true,"href":"https:\/\/diariofemenino.com.ar\/df\/wp-json\/wp\/v2\/categories?post=63030"},{"taxonomy":"post_tag","embeddable":true,"href":"https:\/\/diariofemenino.com.ar\/df\/wp-json\/wp\/v2\/tags?post=63030"}],"curies":[{"name":"wp","href":"https:\/\/api.w.org\/{rel}","templated":true}]}}