{"id":62678,"date":"2022-01-06T11:33:42","date_gmt":"2022-01-06T14:33:42","guid":{"rendered":"https:\/\/diariofemenino.com.ar\/df\/?p=62678"},"modified":"2022-01-06T11:33:42","modified_gmt":"2022-01-06T14:33:42","slug":"morir-por-ser-mujer-2","status":"publish","type":"post","link":"https:\/\/diariofemenino.com.ar\/df\/morir-por-ser-mujer-2\/","title":{"rendered":"Morir por ser mujer"},"content":{"rendered":"<p><strong>Morir por ser mujer<\/strong><\/p>\n<p>Todos los d\u00edas una familia, una comunidad, un colegio, un lugar de trabajo, una sociedad es sorprendida y enlutada con un nuevo <a href=\"https:\/\/diariofemenino.com.ar\/df\/investigaciones-sobre-femicidios-para-descargar\/\">femicidio<\/a>; as\u00ed se le ha denominado a los cr\u00edmenes letales de naturaleza sexista, es decir, aquellos que son perpetrados por uno o varios hombres que piensan que las mujeres son inferiores, que son objetos o que son de su propiedad.<\/p>\n<p>Por <a href=\"https:\/\/diariofemenino.com.ar\/df\/?s=esther+pineda+https:\/\/diariofemenino.com.ar\/df\/?s=esther+pineda+\">Esther Pineda G.<\/a>*<\/p>\n<p>Cuando nos enteramos de un nuevo femicidio a las mujeres se nos llena el cuerpo de dolor por esa mujer que ha sido asesinada, de miedo por lo que pudiera pasarle a las ni\u00f1as y mujeres de nuestra familia o de nuestra comunidad, a nuestras compa\u00f1eras, amigas y a nosotras mismas; y se nos llena tambi\u00e9n de rabia y frustraci\u00f3n al pensar en la desprotecci\u00f3n, el desamparo y la impunidad a nivel estatal, esa que ignora las violencias que vivimos, que no recibe las denuncias, que no persigue a los agresores; pero sobre todo, que se conforma con tipificar el delito para cumplir con los est\u00e1ndares internacionales y con agregar un n\u00famero m\u00e1s en un Excel en un departamento ministerial cuando otra mujer es asesinada.<\/p>\n<p>Pero ante la ocurrencia de estos cr\u00edmenes y la exigencia al Estado de investigaci\u00f3n sin dilaciones, justicia y no repetici\u00f3n, la respuesta institucional siempre es la misma: \u201cno contamos con los recursos suficientes\u201d, \u201cla informaci\u00f3n disponible es escasa\u201d, \u201cdebemos convocar a una mesa de discusi\u00f3n y trabajo con las familias y el movimiento feminista\u201d, al mismo tiempo que prometen crear \u201cun \u00e1rea especializada para sistematizar el n\u00famero de v\u00edctimas y poder contar con informaci\u00f3n para el dise\u00f1o de pol\u00edticas p\u00fablicas\u201d; las cuales por supuesto nunca son implementadas porque no existe voluntad para transformar esta situaci\u00f3n, y porque, cuando terminan de sistematizar los casos del a\u00f1o anterior se reinicia todo el ciclo con la llegada de una nueva autoridad o gesti\u00f3n gubernamental.<\/p>\n<p>Pero aunque los gobiernos contin\u00faen dilatando la atenci\u00f3n y actuaci\u00f3n ante los femicidios bajo la excusa de no contar con informaci\u00f3n, seg\u00fan las estad\u00edsticas oficiales de 16 de los 18 pa\u00edses de Am\u00e9rica Latina que han tipificado el delito como femicidio o feminicidio y que recopil\u00e9 para esta <a href=\"https:\/\/prometeoeditorial.com\/\">investigaci\u00f3n<\/a>, se evidencia que, entre los a\u00f1o 2010 a 2018 han ocurrido 12044 femicidios, equivalente a 1338 casos al a\u00f1o, 111 al mes, por lo menos 4 al d\u00eda y una cada 6 horas. No obstante, estas cifras pueden ser m\u00e1s elevadas debido a que la mayor\u00eda de los pa\u00edses comenzaron a registrar y publicar las cifras de los femicidios a partir del a\u00f1o 2014, algunos invisibilizan las motivaciones sexistas y mis\u00f3ginas de los cr\u00edmenes y los procesan como homicidios comunes, en algunos pa\u00edses los femicidios no se contabilizan de forma regular, confiable, oportuna y transparente; y en aquellos en los que existen altos niveles de polarizaci\u00f3n y gobiernos con caracter\u00edsticas antidemocr\u00e1ticas es com\u00fan la negativa a publicar las estad\u00edsticas de femicidios con el fin de evitar los se\u00f1alamientos por su inoperancia y negligencia ante la grave situaci\u00f3n.<\/p>\n<p><img loading=\"lazy\" decoding=\"async\" class=\"aligncenter size-full wp-image-62682\" src=\"https:\/\/diariofemenino.com.ar\/df\/wp-content\/uploads\/2022\/01\/Cuadro-Esther.jpg\" alt=\"\" width=\"599\" height=\"395\" srcset=\"https:\/\/diariofemenino.com.ar\/df\/wp-content\/uploads\/2022\/01\/Cuadro-Esther.jpg 599w, https:\/\/diariofemenino.com.ar\/df\/wp-content\/uploads\/2022\/01\/Cuadro-Esther-300x198.jpg 300w\" sizes=\"auto, (max-width: 599px) 100vw, 599px\" \/><\/p>\n<p>Pese a ello, estas estad\u00edsticas ponen en evidencia que las principales v\u00edctimas de femicidio son mujeres con edades entre los 18 a los 49 a\u00f1os, y que en Am\u00e9rica Latina prevalece el femicidio de pareja \u00edntima, el cual consiste en el asesinato de una mujer por parte de su pareja o ex pareja en el contexto de la violencia machista (hayan existido antecedentes o no), la cual tiene lugar principalmente en la vivienda que la v\u00edctima compart\u00eda con el hombre, donde ella resid\u00eda sola o con familiares, en la vivienda del agresor o en alg\u00fan lugar donde fue citada por este para conversar, tratar de \u201carreglar las cosas\u201d, o entregarle algunos recursos para la manutenci\u00f3n de los hijos en com\u00fan.<\/p>\n<p>A esta modalidad le sigue el asesinato de ni\u00f1as o adolescentes por parte de alg\u00fan familiar en el contexto de la violencia incestuosa, el asesinato de una ni\u00f1a o mujer por parte de un compa\u00f1ero de estudio o de trabajo, un vecino o amigo, maestro, m\u00e9dico, jefe u otro hombre con quienes exist\u00eda una relaci\u00f3n de poder y desigualdad en el contexto del acoso; el asesinato de ni\u00f1as o mujeres por parte de desconocidos en el contexto del ataque sexual, as\u00ed como, el asesinato de mujeres en el contexto de la trata con fines de explotaci\u00f3n sexual por parte de hombres consumidores de prostituci\u00f3n, proxenetas o tratantes.<\/p>\n<p>No obstante, cuando esto ocurre, los medios de comunicaci\u00f3n hacen un despliegue rese\u00f1ando el nuevo crimen en el que la protagonista es una mujer, por supuesto, no se hacen eco de cada caso perpetrado en el pa\u00eds o en la regi\u00f3n, como tampoco para cuestionar la estructura social que favorece su ocurrencia ni para sensibilizar sobre la problem\u00e1tica; por el contrario, suelen ser rese\u00f1ados aquellos casos m\u00e1s crueles, los cuales resultan para los medios m\u00e1s llamativos, m\u00e1s dram\u00e1ticos, con m\u00e1s elementos de misterio e intriga, desde la jerga comunicacional \u201cm\u00e1s escandalosos\u201d y por tanto con m\u00e1s \u201crating\u201d.<\/p>\n<p>Escenarios y paneles donde con frecuencia se ponen en pr\u00e1ctica las denominadas por Gresham Sykes y David Matza como t\u00e9cnicas de neutralizaci\u00f3n, las cuales son justificaciones que apuntan a disminuir o relativizar la culpabilidad de los responsables del crimen o la naturaleza del mismo (en el caso de los femicidios su naturaleza sexista), y que se logra por ejemplo patologizando al agresor (consider\u00e1ndolo un enfermo o monstruo), excusando la actuaci\u00f3n del femicida en los comportamientos de la v\u00edctima (la creencia de que ella \u201calgo habr\u00e1 dicho o hecho\u201d), condenando, cuestionando y atacando a quienes visibilizan o denuncian el crimen (por ejemplo al movimiento feminista), o solidariz\u00e1ndose con el agresor de forma autom\u00e1tica e irreflexiva ya sea por su sexo, su pertenencia de clase, u otro motivo que lo haga parte de un grupo. Justificaciones medi\u00e1ticas que junto a la indiferencia social, la negligencia estatal y la impunidad penal contribuyen a que los despiadados asesinatos de mujeres sigan ocurriendo e increment\u00e1ndose cada d\u00eda.<\/p>\n<figure id=\"attachment_62679\" aria-describedby=\"caption-attachment-62679\" style=\"width: 474px\" class=\"wp-caption aligncenter\"><img loading=\"lazy\" decoding=\"async\" class=\" wp-image-62679\" src=\"https:\/\/diariofemenino.com.ar\/df\/wp-content\/uploads\/2022\/01\/Tapa-Morir-Por-ser-mujer1-661x1024.jpg\" alt=\"Morir por ser mujer\" width=\"474\" height=\"734\" srcset=\"https:\/\/diariofemenino.com.ar\/df\/wp-content\/uploads\/2022\/01\/Tapa-Morir-Por-ser-mujer1-661x1024.jpg 661w, https:\/\/diariofemenino.com.ar\/df\/wp-content\/uploads\/2022\/01\/Tapa-Morir-Por-ser-mujer1-194x300.jpg 194w, https:\/\/diariofemenino.com.ar\/df\/wp-content\/uploads\/2022\/01\/Tapa-Morir-Por-ser-mujer1-768x1190.jpg 768w, https:\/\/diariofemenino.com.ar\/df\/wp-content\/uploads\/2022\/01\/Tapa-Morir-Por-ser-mujer1.jpg 882w\" sizes=\"auto, (max-width: 474px) 100vw, 474px\" \/><figcaption id=\"caption-attachment-62679\" class=\"wp-caption-text\">Morir por ser mujer. <a href=\"https:\/\/www.instagram.com\/prometeo_libros\/\">Prometeo Libros<\/a><\/figcaption><\/figure>\n<p>(*)\u00a0Soci\u00f3loga, Mag\u00edster Scientiarum en Estudios de la Mujer Menci\u00f3n Honor\u00edfica, Doctora en Ciencias Sociales Menci\u00f3n Honor\u00edfica y Postdoctora en Ciencias Sociales egresada de la <a href=\"http:\/\/www.ucv.ve\/\">Universidad Central de Venezuela<\/a>. Autora de los libros: Machismo y Vindicaci\u00f3n. La mujer en el pensamiento sociofilos\u00f3fico (2017). Racismo, estigma y vida cotidiana: Ser afrodescendiente en Am\u00e9rica Latina y El Caribe (2019). Cultura femicida. El riesgo de ser mujer en Am\u00e9rica Latina (2019), entre otros.<\/p>\n<p>&nbsp;<\/p>\n","protected":false},"excerpt":{"rendered":"<p>Morir por ser mujer Todos los d\u00edas una familia, una comunidad, un colegio, un lugar de trabajo, una sociedad es sorprendida y enlutada con un nuevo femicidio; as\u00ed se le ha denominado a los cr\u00edmenes letales de naturaleza sexista, es decir, aquellos que son perpetrados por uno o varios hombres que piensan que las mujeres [&hellip;]<\/p>\n","protected":false},"author":4,"featured_media":62681,"comment_status":"open","ping_status":"open","sticky":false,"template":"","format":"standard","meta":{"iawp_total_views":54,"footnotes":""},"categories":[1067,178,19,32,6,23,592],"tags":[2304,2169],"class_list":["post-62678","post","type-post","status-publish","format-standard","has-post-thumbnail","hentry","category-agenda-feminista","category-articulos-y-comunicados","category-biblioteca","category-mujeres","category-articulos","category-salud","category-violencias","tag-esther-pineda-g","tag-morir-por-ser-mujer"],"nelio_content":{"autoShareEndMode":"never","automationSources":{"useCustomSentences":false,"customSentences":[]},"efiAlt":"","efiUrl":"","followers":[4],"highlights":[],"isAutoShareEnabled":true,"networkImageIds":[],"permalinkQueryArgs":[],"series":[],"suggestedReferences":[]},"yoast_head":"<!-- This site is optimized with the Yoast SEO plugin v27.5 - https:\/\/yoast.com\/product\/yoast-seo-wordpress\/ -->\n<title>Morir por ser mujer - Diario Digital Femenino<\/title>\n<meta name=\"description\" content=\"Morir por ser mujer, libro de Esther Pineda G. Pone el foco la falta de atenci\u00f3n y actuaci\u00f3n ante los femicidios con la excusa de no contar con informaci\u00f3n.\" \/>\n<meta name=\"robots\" content=\"index, follow, max-snippet:-1, max-image-preview:large, max-video-preview:-1\" \/>\n<link rel=\"canonical\" href=\"https:\/\/diariofemenino.com.ar\/df\/morir-por-ser-mujer-2\/\" \/>\n<meta property=\"og:locale\" content=\"es_ES\" \/>\n<meta property=\"og:type\" content=\"article\" \/>\n<meta property=\"og:title\" content=\"Morir por ser mujer - Diario Digital Femenino\" \/>\n<meta property=\"og:description\" content=\"Morir por ser mujer, libro de Esther Pineda G. Pone el foco la falta de atenci\u00f3n y actuaci\u00f3n ante los femicidios con la excusa de no contar con informaci\u00f3n.\" \/>\n<meta property=\"og:url\" content=\"https:\/\/diariofemenino.com.ar\/df\/morir-por-ser-mujer-2\/\" \/>\n<meta property=\"og:site_name\" content=\"Diario Digital Femenino\" \/>\n<meta property=\"article:publisher\" content=\"https:\/\/www.facebook.com\/DiarioDigitaFemenino\/\" \/>\n<meta property=\"article:published_time\" content=\"2022-01-06T14:33:42+00:00\" \/>\n<meta property=\"og:image\" content=\"https:\/\/diariofemenino.com.ar\/df\/wp-content\/uploads\/2022\/01\/E-n7e6_UYAEJG_G.jpg\" \/>\n\t<meta property=\"og:image:width\" content=\"605\" \/>\n\t<meta property=\"og:image:height\" content=\"454\" \/>\n\t<meta property=\"og:image:type\" content=\"image\/jpeg\" \/>\n<meta name=\"author\" content=\"Admin\" \/>\n<meta name=\"twitter:card\" content=\"summary_large_image\" \/>\n<meta name=\"twitter:creator\" content=\"@DiarioFemenino1\" \/>\n<meta name=\"twitter:site\" content=\"@DiarioFemenino1\" \/>\n<meta name=\"twitter:label1\" content=\"Escrito por\" \/>\n\t<meta name=\"twitter:data1\" content=\"Admin\" \/>\n\t<meta name=\"twitter:label2\" content=\"Tiempo de lectura\" \/>\n\t<meta name=\"twitter:data2\" content=\"6 minutos\" \/>\n<script type=\"application\/ld+json\" class=\"yoast-schema-graph\">{\"@context\":\"https:\\\/\\\/schema.org\",\"@graph\":[{\"@type\":\"Article\",\"@id\":\"https:\\\/\\\/diariofemenino.com.ar\\\/df\\\/morir-por-ser-mujer-2\\\/#article\",\"isPartOf\":{\"@id\":\"https:\\\/\\\/diariofemenino.com.ar\\\/df\\\/morir-por-ser-mujer-2\\\/\"},\"author\":{\"name\":\"Admin\",\"@id\":\"https:\\\/\\\/diariofemenino.com.ar\\\/df\\\/#\\\/schema\\\/person\\\/bf6199e8158c657ea6f789b11ec85509\"},\"headline\":\"Morir por ser mujer\",\"datePublished\":\"2022-01-06T14:33:42+00:00\",\"mainEntityOfPage\":{\"@id\":\"https:\\\/\\\/diariofemenino.com.ar\\\/df\\\/morir-por-ser-mujer-2\\\/\"},\"wordCount\":1164,\"commentCount\":0,\"publisher\":{\"@id\":\"https:\\\/\\\/diariofemenino.com.ar\\\/df\\\/#organization\"},\"image\":{\"@id\":\"https:\\\/\\\/diariofemenino.com.ar\\\/df\\\/morir-por-ser-mujer-2\\\/#primaryimage\"},\"thumbnailUrl\":\"https:\\\/\\\/diariofemenino.com.ar\\\/df\\\/wp-content\\\/uploads\\\/2022\\\/01\\\/E-n7e6_UYAEJG_G.jpg\",\"keywords\":[\"Esther Pineda G.\",\"Morir por ser mujer\"],\"articleSection\":[\"Agenda Feminista\",\"Art\u00edculos y Comunicados\",\"Biblioteca Virtual\",\"Mujeres\",\"Mujeres en Palabras\",\"Salud\",\"Violencias\"],\"inLanguage\":\"es\",\"potentialAction\":[{\"@type\":\"CommentAction\",\"name\":\"Comment\",\"target\":[\"https:\\\/\\\/diariofemenino.com.ar\\\/df\\\/morir-por-ser-mujer-2\\\/#respond\"]}]},{\"@type\":\"WebPage\",\"@id\":\"https:\\\/\\\/diariofemenino.com.ar\\\/df\\\/morir-por-ser-mujer-2\\\/\",\"url\":\"https:\\\/\\\/diariofemenino.com.ar\\\/df\\\/morir-por-ser-mujer-2\\\/\",\"name\":\"Morir por ser mujer - Diario Digital Femenino\",\"isPartOf\":{\"@id\":\"https:\\\/\\\/diariofemenino.com.ar\\\/df\\\/#website\"},\"primaryImageOfPage\":{\"@id\":\"https:\\\/\\\/diariofemenino.com.ar\\\/df\\\/morir-por-ser-mujer-2\\\/#primaryimage\"},\"image\":{\"@id\":\"https:\\\/\\\/diariofemenino.com.ar\\\/df\\\/morir-por-ser-mujer-2\\\/#primaryimage\"},\"thumbnailUrl\":\"https:\\\/\\\/diariofemenino.com.ar\\\/df\\\/wp-content\\\/uploads\\\/2022\\\/01\\\/E-n7e6_UYAEJG_G.jpg\",\"datePublished\":\"2022-01-06T14:33:42+00:00\",\"description\":\"Morir por ser mujer, libro de Esther Pineda G. Pone el foco la falta de atenci\u00f3n y actuaci\u00f3n ante los femicidios con la excusa de no contar con informaci\u00f3n.\",\"breadcrumb\":{\"@id\":\"https:\\\/\\\/diariofemenino.com.ar\\\/df\\\/morir-por-ser-mujer-2\\\/#breadcrumb\"},\"inLanguage\":\"es\",\"potentialAction\":[{\"@type\":\"ReadAction\",\"target\":[\"https:\\\/\\\/diariofemenino.com.ar\\\/df\\\/morir-por-ser-mujer-2\\\/\"]}]},{\"@type\":\"ImageObject\",\"inLanguage\":\"es\",\"@id\":\"https:\\\/\\\/diariofemenino.com.ar\\\/df\\\/morir-por-ser-mujer-2\\\/#primaryimage\",\"url\":\"https:\\\/\\\/diariofemenino.com.ar\\\/df\\\/wp-content\\\/uploads\\\/2022\\\/01\\\/E-n7e6_UYAEJG_G.jpg\",\"contentUrl\":\"https:\\\/\\\/diariofemenino.com.ar\\\/df\\\/wp-content\\\/uploads\\\/2022\\\/01\\\/E-n7e6_UYAEJG_G.jpg\",\"width\":605,\"height\":454,\"caption\":\"Morir por ser mujer\"},{\"@type\":\"BreadcrumbList\",\"@id\":\"https:\\\/\\\/diariofemenino.com.ar\\\/df\\\/morir-por-ser-mujer-2\\\/#breadcrumb\",\"itemListElement\":[{\"@type\":\"ListItem\",\"position\":1,\"name\":\"Portada\",\"item\":\"https:\\\/\\\/diariofemenino.com.ar\\\/df\\\/\"},{\"@type\":\"ListItem\",\"position\":2,\"name\":\"Morir por ser mujer\"}]},{\"@type\":\"WebSite\",\"@id\":\"https:\\\/\\\/diariofemenino.com.ar\\\/df\\\/#website\",\"url\":\"https:\\\/\\\/diariofemenino.com.ar\\\/df\\\/\",\"name\":\"Diario Digital Femenino\",\"description\":\"Cuesti\u00f3n de G\u00e9nero\",\"publisher\":{\"@id\":\"https:\\\/\\\/diariofemenino.com.ar\\\/df\\\/#organization\"},\"potentialAction\":[{\"@type\":\"SearchAction\",\"target\":{\"@type\":\"EntryPoint\",\"urlTemplate\":\"https:\\\/\\\/diariofemenino.com.ar\\\/df\\\/?s={search_term_string}\"},\"query-input\":{\"@type\":\"PropertyValueSpecification\",\"valueRequired\":true,\"valueName\":\"search_term_string\"}}],\"inLanguage\":\"es\"},{\"@type\":\"Organization\",\"@id\":\"https:\\\/\\\/diariofemenino.com.ar\\\/df\\\/#organization\",\"name\":\"Diario Femenino\",\"url\":\"https:\\\/\\\/diariofemenino.com.ar\\\/df\\\/\",\"logo\":{\"@type\":\"ImageObject\",\"inLanguage\":\"es\",\"@id\":\"https:\\\/\\\/diariofemenino.com.ar\\\/df\\\/#\\\/schema\\\/logo\\\/image\\\/\",\"url\":\"https:\\\/\\\/diariofemenino.com.ar\\\/df\\\/wp-content\\\/uploads\\\/2018\\\/10\\\/logo.png\",\"contentUrl\":\"https:\\\/\\\/diariofemenino.com.ar\\\/df\\\/wp-content\\\/uploads\\\/2018\\\/10\\\/logo.png\",\"width\":500,\"height\":92,\"caption\":\"Diario Femenino\"},\"image\":{\"@id\":\"https:\\\/\\\/diariofemenino.com.ar\\\/df\\\/#\\\/schema\\\/logo\\\/image\\\/\"},\"sameAs\":[\"https:\\\/\\\/www.facebook.com\\\/DiarioDigitaFemenino\\\/\",\"https:\\\/\\\/x.com\\\/DiarioFemenino1\"]},{\"@type\":\"Person\",\"@id\":\"https:\\\/\\\/diariofemenino.com.ar\\\/df\\\/#\\\/schema\\\/person\\\/bf6199e8158c657ea6f789b11ec85509\",\"name\":\"Admin\",\"image\":{\"@type\":\"ImageObject\",\"inLanguage\":\"es\",\"@id\":\"https:\\\/\\\/diariofemenino.com.ar\\\/df\\\/wp-content\\\/uploads\\\/2018\\\/12\\\/favicon-150x150.jpg\",\"url\":\"https:\\\/\\\/diariofemenino.com.ar\\\/df\\\/wp-content\\\/uploads\\\/2018\\\/12\\\/favicon-150x150.jpg\",\"contentUrl\":\"https:\\\/\\\/diariofemenino.com.ar\\\/df\\\/wp-content\\\/uploads\\\/2018\\\/12\\\/favicon-150x150.jpg\",\"caption\":\"Admin\"},\"url\":\"https:\\\/\\\/diariofemenino.com.ar\\\/df\\\/author\\\/lenny\\\/\"}]}<\/script>\n<!-- \/ Yoast SEO plugin. -->","yoast_head_json":{"title":"Morir por ser mujer - Diario Digital Femenino","description":"Morir por ser mujer, libro de Esther Pineda G. Pone el foco la falta de atenci\u00f3n y actuaci\u00f3n ante los femicidios con la excusa de no contar con informaci\u00f3n.","robots":{"index":"index","follow":"follow","max-snippet":"max-snippet:-1","max-image-preview":"max-image-preview:large","max-video-preview":"max-video-preview:-1"},"canonical":"https:\/\/diariofemenino.com.ar\/df\/morir-por-ser-mujer-2\/","og_locale":"es_ES","og_type":"article","og_title":"Morir por ser mujer - Diario Digital Femenino","og_description":"Morir por ser mujer, libro de Esther Pineda G. Pone el foco la falta de atenci\u00f3n y actuaci\u00f3n ante los femicidios con la excusa de no contar con informaci\u00f3n.","og_url":"https:\/\/diariofemenino.com.ar\/df\/morir-por-ser-mujer-2\/","og_site_name":"Diario Digital Femenino","article_publisher":"https:\/\/www.facebook.com\/DiarioDigitaFemenino\/","article_published_time":"2022-01-06T14:33:42+00:00","og_image":[{"width":605,"height":454,"url":"https:\/\/diariofemenino.com.ar\/df\/wp-content\/uploads\/2022\/01\/E-n7e6_UYAEJG_G.jpg","type":"image\/jpeg"}],"author":"Admin","twitter_card":"summary_large_image","twitter_creator":"@DiarioFemenino1","twitter_site":"@DiarioFemenino1","twitter_misc":{"Escrito por":"Admin","Tiempo de lectura":"6 minutos"},"schema":{"@context":"https:\/\/schema.org","@graph":[{"@type":"Article","@id":"https:\/\/diariofemenino.com.ar\/df\/morir-por-ser-mujer-2\/#article","isPartOf":{"@id":"https:\/\/diariofemenino.com.ar\/df\/morir-por-ser-mujer-2\/"},"author":{"name":"Admin","@id":"https:\/\/diariofemenino.com.ar\/df\/#\/schema\/person\/bf6199e8158c657ea6f789b11ec85509"},"headline":"Morir por ser mujer","datePublished":"2022-01-06T14:33:42+00:00","mainEntityOfPage":{"@id":"https:\/\/diariofemenino.com.ar\/df\/morir-por-ser-mujer-2\/"},"wordCount":1164,"commentCount":0,"publisher":{"@id":"https:\/\/diariofemenino.com.ar\/df\/#organization"},"image":{"@id":"https:\/\/diariofemenino.com.ar\/df\/morir-por-ser-mujer-2\/#primaryimage"},"thumbnailUrl":"https:\/\/diariofemenino.com.ar\/df\/wp-content\/uploads\/2022\/01\/E-n7e6_UYAEJG_G.jpg","keywords":["Esther Pineda G.","Morir por ser mujer"],"articleSection":["Agenda Feminista","Art\u00edculos y Comunicados","Biblioteca Virtual","Mujeres","Mujeres en Palabras","Salud","Violencias"],"inLanguage":"es","potentialAction":[{"@type":"CommentAction","name":"Comment","target":["https:\/\/diariofemenino.com.ar\/df\/morir-por-ser-mujer-2\/#respond"]}]},{"@type":"WebPage","@id":"https:\/\/diariofemenino.com.ar\/df\/morir-por-ser-mujer-2\/","url":"https:\/\/diariofemenino.com.ar\/df\/morir-por-ser-mujer-2\/","name":"Morir por ser mujer - Diario Digital Femenino","isPartOf":{"@id":"https:\/\/diariofemenino.com.ar\/df\/#website"},"primaryImageOfPage":{"@id":"https:\/\/diariofemenino.com.ar\/df\/morir-por-ser-mujer-2\/#primaryimage"},"image":{"@id":"https:\/\/diariofemenino.com.ar\/df\/morir-por-ser-mujer-2\/#primaryimage"},"thumbnailUrl":"https:\/\/diariofemenino.com.ar\/df\/wp-content\/uploads\/2022\/01\/E-n7e6_UYAEJG_G.jpg","datePublished":"2022-01-06T14:33:42+00:00","description":"Morir por ser mujer, libro de Esther Pineda G. Pone el foco la falta de atenci\u00f3n y actuaci\u00f3n ante los femicidios con la excusa de no contar con informaci\u00f3n.","breadcrumb":{"@id":"https:\/\/diariofemenino.com.ar\/df\/morir-por-ser-mujer-2\/#breadcrumb"},"inLanguage":"es","potentialAction":[{"@type":"ReadAction","target":["https:\/\/diariofemenino.com.ar\/df\/morir-por-ser-mujer-2\/"]}]},{"@type":"ImageObject","inLanguage":"es","@id":"https:\/\/diariofemenino.com.ar\/df\/morir-por-ser-mujer-2\/#primaryimage","url":"https:\/\/diariofemenino.com.ar\/df\/wp-content\/uploads\/2022\/01\/E-n7e6_UYAEJG_G.jpg","contentUrl":"https:\/\/diariofemenino.com.ar\/df\/wp-content\/uploads\/2022\/01\/E-n7e6_UYAEJG_G.jpg","width":605,"height":454,"caption":"Morir por ser mujer"},{"@type":"BreadcrumbList","@id":"https:\/\/diariofemenino.com.ar\/df\/morir-por-ser-mujer-2\/#breadcrumb","itemListElement":[{"@type":"ListItem","position":1,"name":"Portada","item":"https:\/\/diariofemenino.com.ar\/df\/"},{"@type":"ListItem","position":2,"name":"Morir por ser mujer"}]},{"@type":"WebSite","@id":"https:\/\/diariofemenino.com.ar\/df\/#website","url":"https:\/\/diariofemenino.com.ar\/df\/","name":"Diario Digital Femenino","description":"Cuesti\u00f3n de G\u00e9nero","publisher":{"@id":"https:\/\/diariofemenino.com.ar\/df\/#organization"},"potentialAction":[{"@type":"SearchAction","target":{"@type":"EntryPoint","urlTemplate":"https:\/\/diariofemenino.com.ar\/df\/?s={search_term_string}"},"query-input":{"@type":"PropertyValueSpecification","valueRequired":true,"valueName":"search_term_string"}}],"inLanguage":"es"},{"@type":"Organization","@id":"https:\/\/diariofemenino.com.ar\/df\/#organization","name":"Diario Femenino","url":"https:\/\/diariofemenino.com.ar\/df\/","logo":{"@type":"ImageObject","inLanguage":"es","@id":"https:\/\/diariofemenino.com.ar\/df\/#\/schema\/logo\/image\/","url":"https:\/\/diariofemenino.com.ar\/df\/wp-content\/uploads\/2018\/10\/logo.png","contentUrl":"https:\/\/diariofemenino.com.ar\/df\/wp-content\/uploads\/2018\/10\/logo.png","width":500,"height":92,"caption":"Diario Femenino"},"image":{"@id":"https:\/\/diariofemenino.com.ar\/df\/#\/schema\/logo\/image\/"},"sameAs":["https:\/\/www.facebook.com\/DiarioDigitaFemenino\/","https:\/\/x.com\/DiarioFemenino1"]},{"@type":"Person","@id":"https:\/\/diariofemenino.com.ar\/df\/#\/schema\/person\/bf6199e8158c657ea6f789b11ec85509","name":"Admin","image":{"@type":"ImageObject","inLanguage":"es","@id":"https:\/\/diariofemenino.com.ar\/df\/wp-content\/uploads\/2018\/12\/favicon-150x150.jpg","url":"https:\/\/diariofemenino.com.ar\/df\/wp-content\/uploads\/2018\/12\/favicon-150x150.jpg","contentUrl":"https:\/\/diariofemenino.com.ar\/df\/wp-content\/uploads\/2018\/12\/favicon-150x150.jpg","caption":"Admin"},"url":"https:\/\/diariofemenino.com.ar\/df\/author\/lenny\/"}]}},"jetpack_featured_media_url":"https:\/\/diariofemenino.com.ar\/df\/wp-content\/uploads\/2022\/01\/E-n7e6_UYAEJG_G.jpg","jetpack_sharing_enabled":true,"rttpg_featured_image_url":{"full":["https:\/\/diariofemenino.com.ar\/df\/wp-content\/uploads\/2022\/01\/E-n7e6_UYAEJG_G.jpg",605,454,false],"landscape":["https:\/\/diariofemenino.com.ar\/df\/wp-content\/uploads\/2022\/01\/E-n7e6_UYAEJG_G.jpg",605,454,false],"portraits":["https:\/\/diariofemenino.com.ar\/df\/wp-content\/uploads\/2022\/01\/E-n7e6_UYAEJG_G.jpg",605,454,false],"thumbnail":["https:\/\/diariofemenino.com.ar\/df\/wp-content\/uploads\/2022\/01\/E-n7e6_UYAEJG_G-150x150.jpg",150,150,true],"medium":["https:\/\/diariofemenino.com.ar\/df\/wp-content\/uploads\/2022\/01\/E-n7e6_UYAEJG_G-300x225.jpg",300,225,true],"large":["https:\/\/diariofemenino.com.ar\/df\/wp-content\/uploads\/2022\/01\/E-n7e6_UYAEJG_G.jpg",605,454,false],"1536x1536":["https:\/\/diariofemenino.com.ar\/df\/wp-content\/uploads\/2022\/01\/E-n7e6_UYAEJG_G.jpg",605,454,false],"2048x2048":["https:\/\/diariofemenino.com.ar\/df\/wp-content\/uploads\/2022\/01\/E-n7e6_UYAEJG_G.jpg",605,454,false]},"rttpg_author":{"display_name":"Admin","author_link":"https:\/\/diariofemenino.com.ar\/df\/author\/lenny\/"},"rttpg_comment":0,"rttpg_category":"<a href=\"https:\/\/diariofemenino.com.ar\/df\/category\/agenda-feminista\/\" rel=\"category tag\">Agenda Feminista<\/a> <a href=\"https:\/\/diariofemenino.com.ar\/df\/category\/articulos-y-comunicados\/\" rel=\"category tag\">Art\u00edculos y Comunicados<\/a> <a href=\"https:\/\/diariofemenino.com.ar\/df\/category\/biblioteca\/\" rel=\"category tag\">Biblioteca Virtual<\/a> <a href=\"https:\/\/diariofemenino.com.ar\/df\/category\/mujeres\/\" rel=\"category tag\">Mujeres<\/a> <a href=\"https:\/\/diariofemenino.com.ar\/df\/category\/articulos\/\" rel=\"category tag\">Mujeres en Palabras<\/a> <a href=\"https:\/\/diariofemenino.com.ar\/df\/category\/salud\/\" rel=\"category tag\">Salud<\/a> <a href=\"https:\/\/diariofemenino.com.ar\/df\/category\/violencias\/\" rel=\"category tag\">Violencias<\/a>","rttpg_excerpt":"Morir por ser mujer Todos los d\u00edas una familia, una comunidad, un colegio, un lugar de trabajo, una sociedad es sorprendida y enlutada con un nuevo femicidio; as\u00ed se le ha denominado a los cr\u00edmenes letales de naturaleza sexista, es decir, aquellos que son perpetrados por uno o varios hombres que piensan que las mujeres&hellip;","_links":{"self":[{"href":"https:\/\/diariofemenino.com.ar\/df\/wp-json\/wp\/v2\/posts\/62678","targetHints":{"allow":["GET"]}}],"collection":[{"href":"https:\/\/diariofemenino.com.ar\/df\/wp-json\/wp\/v2\/posts"}],"about":[{"href":"https:\/\/diariofemenino.com.ar\/df\/wp-json\/wp\/v2\/types\/post"}],"author":[{"embeddable":true,"href":"https:\/\/diariofemenino.com.ar\/df\/wp-json\/wp\/v2\/users\/4"}],"replies":[{"embeddable":true,"href":"https:\/\/diariofemenino.com.ar\/df\/wp-json\/wp\/v2\/comments?post=62678"}],"version-history":[{"count":0,"href":"https:\/\/diariofemenino.com.ar\/df\/wp-json\/wp\/v2\/posts\/62678\/revisions"}],"wp:featuredmedia":[{"embeddable":true,"href":"https:\/\/diariofemenino.com.ar\/df\/wp-json\/wp\/v2\/media\/62681"}],"wp:attachment":[{"href":"https:\/\/diariofemenino.com.ar\/df\/wp-json\/wp\/v2\/media?parent=62678"}],"wp:term":[{"taxonomy":"category","embeddable":true,"href":"https:\/\/diariofemenino.com.ar\/df\/wp-json\/wp\/v2\/categories?post=62678"},{"taxonomy":"post_tag","embeddable":true,"href":"https:\/\/diariofemenino.com.ar\/df\/wp-json\/wp\/v2\/tags?post=62678"}],"curies":[{"name":"wp","href":"https:\/\/api.w.org\/{rel}","templated":true}]}}