{"id":62629,"date":"2021-12-29T07:44:31","date_gmt":"2021-12-29T10:44:31","guid":{"rendered":"https:\/\/diariofemenino.com.ar\/df\/?p=62629"},"modified":"2021-12-29T07:44:31","modified_gmt":"2021-12-29T10:44:31","slug":"hablemos-de-violencia-institucional","status":"publish","type":"post","link":"https:\/\/diariofemenino.com.ar\/df\/hablemos-de-violencia-institucional\/","title":{"rendered":"Hablemos de violencia institucional"},"content":{"rendered":"<p>La violencia institucional es, tal vez, una de las m\u00e1s invisibilizadas puesto que, pr\u00e1cticamente, no se habla de ella. En innumerables talleres y cursos de actualizaci\u00f3n profesional, en la mayor\u00eda de los casos, se la menciona por encima sin profundizar en sus formas y responsabilidades.<\/p>\n<p>Por <a href=\"https:\/\/lennycaceres.com.ar\/\">Lenny C\u00e1ceres<\/a>*<br \/>\nIlustraci\u00f3n de Portada: <a href=\"https:\/\/ariesonline.com.ar\/contenido\/49560\/violencia-institucional-contra-la-mujer\">ariesonline<\/a><\/p>\n<p>Ahora, \u00bfqu\u00e9 es la violencia institucional? \u00bfC\u00f3mo la definimos? Es aquella violencia f\u00edsica, sexual, ps\u00edquica o simb\u00f3lica ejercida abusivamente por agentes, funcionarios y funcionarias del Estado en cumplimiento de sus funciones, incluyendo normas, protocolos, pr\u00e1cticas institucionales, descuidos o privaciones en contra de una persona o grupos de personas.<a href=\"#_ftn1\" name=\"_ftnref1\">[1]<\/a><\/p>\n<p>Es la forma an\u00f3mala que adquiere el Estado cuando viola o permite violar su propia normativa; cuando usufruct\u00faa sus facultades para, desde sus instituciones, cometer, legitimar u ocultar delitos; y cuando ejerce un tipo de violencia f\u00edsica o simb\u00f3lica sobre la poblaci\u00f3n a la que debe proteger. Es decir, la violencia institucional es el proceso mediante el cual el poder del Estado, en cualquiera de sus niveles, es utilizado para favorecer o encubrir la violaci\u00f3n de la ley. Es un fen\u00f3meno que se puede presentar en distintas instituciones del Estado como, por ejemplo, las fuerzas armadas y de seguridad, los organismos de salud, de educaci\u00f3n, entre otros.<\/p>\n<p>En ese sentido y como medida de protecci\u00f3n de la violencia contra las mujeres, la legislaci\u00f3n argentina cuenta con herramientas espec\u00edficas que contemplan las formas en que se ejerce varios tipos de violencia, entre ellas la institucional. Una de ellas es la Ley N\u00ba 26.485 de protecci\u00f3n integral para prevenir, sancionar y erradicar la violencia contra las mujeres en los \u00e1mbitos en que desarrollen sus relaciones interpersonales.<\/p>\n<p><strong>Ley N\u00ba 26.485. Tipos y Modalidades<a href=\"#_ftn2\" name=\"_ftnref2\">[2]<\/a><\/strong><\/p>\n<p>En la normativa argentina, existe la definici\u00f3n de violencia institucional como una forma de violencia contra la mujer, espec\u00edficamente. En ese sentido, dentro de las modalidades, puntualmente en el Art\u00edculo 6, inciso b), expresa \u201cViolencia institucional contra las mujeres: aquella realizada por las\/los funcionarias\/os, profesionales, personal y agentes pertenecientes a cualquier \u00f3rgano, ente o instituci\u00f3n p\u00fablica, que tenga como fin retardar, obstaculizar o impedir que las mujeres tengan acceso a las pol\u00edticas p\u00fablicas y ejerzan los derechos previstos en esta ley. Quedan comprendidas, adem\u00e1s, las que se ejercen en los partidos pol\u00edticos, sindicatos, organizaciones empresariales, deportivas y de la sociedad civil\u201d.<\/p>\n<figure id=\"attachment_62635\" aria-describedby=\"caption-attachment-62635\" style=\"width: 542px\" class=\"wp-caption aligncenter\"><img loading=\"lazy\" decoding=\"async\" class=\" wp-image-62635\" src=\"https:\/\/diariofemenino.com.ar\/df\/wp-content\/uploads\/2021\/12\/campania_OBV_02.jpg\" alt=\"Hablemos de violencia institucional\" width=\"542\" height=\"305\" srcset=\"https:\/\/diariofemenino.com.ar\/df\/wp-content\/uploads\/2021\/12\/campania_OBV_02.jpg 900w, https:\/\/diariofemenino.com.ar\/df\/wp-content\/uploads\/2021\/12\/campania_OBV_02-300x169.jpg 300w, https:\/\/diariofemenino.com.ar\/df\/wp-content\/uploads\/2021\/12\/campania_OBV_02-768x432.jpg 768w\" sizes=\"auto, (max-width: 542px) 100vw, 542px\" \/><figcaption id=\"caption-attachment-62635\" class=\"wp-caption-text\">Hablemos de violencia institucional<\/figcaption><\/figure>\n<p>Una de las formas en las que se perpet\u00faa esa violencia institucional y todas las formas de violencia es mediante el lenguaje, incluso cuando hay innumerables gu\u00edas de escritura, manuales, recomendaciones y capacitaci\u00f3n obligatoria sobre g\u00e9nero y violencia contra las mujeres para todas las personas que se desempe\u00f1an en los tres poderes del Estado. El tema del lenguaje sigue siendo un obst\u00e1culo para terminar con las desigualdades y formas de violencia y de gran resistencia en su aplicaci\u00f3n inclusiva y no sexista.<\/p>\n<p><strong>Ley N\u00ba 27.499, Ley Micaela<a href=\"#_ftn3\" name=\"_ftnref3\">[3]<\/a><\/strong><\/p>\n<p>Al respecto, el Art\u00edculo 1 de la Ley N\u00ba 27.499, denominada Ley Micaela, puntualiza: \u201cEstabl\u00e9cese la capacitaci\u00f3n obligatoria en la tem\u00e1tica de g\u00e9nero y violencia contra las mujeres para todas las personas que se desempe\u00f1en en la funci\u00f3n p\u00fablica en todos sus niveles y jerarqu\u00edas en los poderes Ejecutivo, Legislativo y Judicial de la Naci\u00f3n\u201d. Por lo expuesto, queda claro que la ley incluye tambi\u00e9n capacitaci\u00f3n en lenguaje inclusivo y, muy especialmente, inclusivo no sexista.<\/p>\n<p>Si bien no lo dice espec\u00edficamente, no desconocemos que, tanto a nivel nacional como internacional, existen innumerables recomendaciones sobre el uso no sexista del lenguaje visto como una manera que imposibilita la lucha por combatir las desigualdades, por ende, la supremac\u00eda masculina y todas las formas de violencia.<\/p>\n<p>\u201cAhora m\u00e1s que nunca la sociedad est\u00e1 luchando por combatir las desigualdades,\u00a0debemos tambi\u00e9n analizar nuestro uso cotidiano del lenguaje. La lengua no solamente refleja todo aquello que queremos expresar, sino que transmite y refuerza los\u00a0estereotipos\u00a0que desgraciadamente han sido marcados socialmente a lo largo de los a\u00f1os. En este sentido, el\u00a0lenguaje sexista\u00a0hace referencia a todas esas expresiones que desprestigian a personas debido a su sexo en su desenvolvimiento dentro de la sociedad\u201d.<a href=\"#_ftn4\" name=\"_ftnref4\">[4]<\/a><\/p>\n<p>Utilizamos la expresi\u00f3n \u201clenguaje sexista\u201d para referirnos al sexismo asociado a la utilizaci\u00f3n del lenguaje y que contiene\u00a0cualquier tipo de\u00a0discriminaci\u00f3n, generalmente hacia las mujeres, que no se ven reflejadas o sancionadas fehacientemente a trav\u00e9s de las formas gramaticales y las normativas cl\u00e1sicas de la lengua a la hora de hablar o de escribir.<\/p>\n<p>Es innegable y una falta grave pretender desconocer la normativa vigente. Est\u00e1 en nuestra legislaci\u00f3n.<\/p>\n<p>Desconocer u omitir estas formas y propuestas para cambios estructurales, tan necesarios y reclamados, hace que, recurrentemente, caigamos en todas las formas de violencia institucional, quedando solo en lo discursivo la transversalizaci\u00f3n de la perspectiva de g\u00e9nero en las pol\u00edticas p\u00fablicas, sindicales y pol\u00edtico-partidarias.<\/p>\n<p>&nbsp;<\/p>\n<p>&nbsp;<\/p>\n<p><a href=\"#_ftnref1\" name=\"_ftn1\">[1]<\/a> <a href=\"https:\/\/es.wikipedia.org\/wiki\/Violencia_institucional\">https:\/\/es.wikipedia.org\/wiki\/Violencia_institucional<\/a><\/p>\n<p><a href=\"#_ftnref2\" name=\"_ftn2\">[2]<\/a> <a href=\"http:\/\/servicios.infoleg.gob.ar\/infolegInternet\/anexos\/150000-154999\/152155\/norma.htm\">http:\/\/servicios.infoleg.gob.ar\/infolegInternet\/anexos\/150000-154999\/152155\/norma.htm<\/a><\/p>\n<p><a href=\"#_ftnref3\" name=\"_ftn3\">[3]<\/a> <a href=\"http:\/\/servicios.infoleg.gob.ar\/infolegInternet\/anexos\/315000-319999\/318666\/norma.htm\">http:\/\/servicios.infoleg.gob.ar\/infolegInternet\/anexos\/315000-319999\/318666\/norma.htm<\/a><\/p>\n<p><a href=\"#_ftnref4\" name=\"_ftn4\">[4]<\/a> <a href=\"https:\/\/www.divulgaciondinamica.es\/blog\/10-consejos-uso-no-sexista-lenguaje\/\">https:\/\/www.divulgaciondinamica.es\/blog\/10-consejos-uso-no-sexista-lenguaje\/<\/a><\/p>\n<p>(*) Periodista feminista abolicionista. Directora de <a href=\"https:\/\/diariofemenino.com.ar\/\">Diario Digital Femenino<\/a><br \/>\nTitular de <a href=\"https:\/\/lennycaceres.com.ar\/\">Lenny C\u00e1ceres, asesoramiento y capacitaci\u00f3n.\u00a0<\/a><\/p>\n<p>&nbsp;<\/p>\n","protected":false},"excerpt":{"rendered":"<p>La violencia institucional es, tal vez, una de las m\u00e1s invisibilizadas puesto que, pr\u00e1cticamente, no se habla de ella. En innumerables talleres y cursos de actualizaci\u00f3n profesional, en la mayor\u00eda de los casos, se la menciona por encima sin profundizar en sus formas y responsabilidades. Por Lenny C\u00e1ceres* Ilustraci\u00f3n de Portada: ariesonline Ahora, \u00bfqu\u00e9 es [&hellip;]<\/p>\n","protected":false},"author":4,"featured_media":62634,"comment_status":"open","ping_status":"open","sticky":false,"template":"","format":"standard","meta":{"iawp_total_views":180,"footnotes":""},"categories":[1067,178,3,1251,21,592],"tags":[4372,534,175],"class_list":["post-62629","post","type-post","status-publish","format-standard","has-post-thumbnail","hentry","category-agenda-feminista","category-articulos-y-comunicados","category-de-la-revolucion-al-reaprendizaje","category-mujeres-de-la-pampa","category-noticias","category-violencias","tag-destacada","tag-lenny-caceres","tag-violencia-institucional"],"nelio_content":{"autoShareEndMode":"never","automationSources":{"useCustomSentences":false,"customSentences":[]},"efiAlt":"","efiUrl":"","followers":[4],"highlights":[],"isAutoShareEnabled":true,"networkImageIds":[],"permalinkQueryArgs":[],"series":[],"suggestedReferences":[]},"yoast_head":"<!-- This site is optimized with the Yoast SEO plugin v27.5 - https:\/\/yoast.com\/product\/yoast-seo-wordpress\/ -->\n<title>Hablemos de violencia institucional - Diario Digital Femenino<\/title>\n<meta name=\"description\" content=\"Hablemos de violencia institucional. Una de las m\u00e1s invisibilizadas formas de violencia puesto que, pr\u00e1cticamente, no se habla de ella.\" \/>\n<meta name=\"robots\" content=\"index, follow, max-snippet:-1, max-image-preview:large, max-video-preview:-1\" \/>\n<link rel=\"canonical\" href=\"https:\/\/diariofemenino.com.ar\/df\/hablemos-de-violencia-institucional\/\" \/>\n<meta property=\"og:locale\" content=\"es_ES\" \/>\n<meta property=\"og:type\" content=\"article\" \/>\n<meta property=\"og:title\" content=\"Hablemos de violencia institucional - Diario Digital Femenino\" \/>\n<meta property=\"og:description\" content=\"Hablemos de violencia institucional. Una de las m\u00e1s invisibilizadas formas de violencia puesto que, pr\u00e1cticamente, no se habla de ella.\" \/>\n<meta property=\"og:url\" content=\"https:\/\/diariofemenino.com.ar\/df\/hablemos-de-violencia-institucional\/\" \/>\n<meta property=\"og:site_name\" content=\"Diario Digital Femenino\" \/>\n<meta property=\"article:publisher\" content=\"https:\/\/www.facebook.com\/DiarioDigitaFemenino\/\" \/>\n<meta property=\"article:published_time\" content=\"2021-12-29T10:44:31+00:00\" \/>\n<meta property=\"og:image\" content=\"https:\/\/diariofemenino.com.ar\/df\/wp-content\/uploads\/2021\/12\/multimedia.normal.80e03fde7adb7ce0.6d756a65725f6e6f726d616c2e6a7067.jpg\" \/>\n\t<meta property=\"og:image:width\" content=\"696\" \/>\n\t<meta property=\"og:image:height\" content=\"462\" \/>\n\t<meta property=\"og:image:type\" content=\"image\/jpeg\" \/>\n<meta name=\"author\" content=\"Admin\" \/>\n<meta name=\"twitter:card\" content=\"summary_large_image\" \/>\n<meta name=\"twitter:creator\" content=\"@DiarioFemenino1\" \/>\n<meta name=\"twitter:site\" content=\"@DiarioFemenino1\" \/>\n<meta name=\"twitter:label1\" content=\"Escrito por\" \/>\n\t<meta name=\"twitter:data1\" content=\"Admin\" \/>\n\t<meta name=\"twitter:label2\" content=\"Tiempo de lectura\" \/>\n\t<meta name=\"twitter:data2\" content=\"5 minutos\" \/>\n<script type=\"application\/ld+json\" class=\"yoast-schema-graph\">{\"@context\":\"https:\\\/\\\/schema.org\",\"@graph\":[{\"@type\":\"Article\",\"@id\":\"https:\\\/\\\/diariofemenino.com.ar\\\/df\\\/hablemos-de-violencia-institucional\\\/#article\",\"isPartOf\":{\"@id\":\"https:\\\/\\\/diariofemenino.com.ar\\\/df\\\/hablemos-de-violencia-institucional\\\/\"},\"author\":{\"name\":\"Admin\",\"@id\":\"https:\\\/\\\/diariofemenino.com.ar\\\/df\\\/#\\\/schema\\\/person\\\/bf6199e8158c657ea6f789b11ec85509\"},\"headline\":\"Hablemos de violencia institucional\",\"datePublished\":\"2021-12-29T10:44:31+00:00\",\"mainEntityOfPage\":{\"@id\":\"https:\\\/\\\/diariofemenino.com.ar\\\/df\\\/hablemos-de-violencia-institucional\\\/\"},\"wordCount\":912,\"commentCount\":0,\"publisher\":{\"@id\":\"https:\\\/\\\/diariofemenino.com.ar\\\/df\\\/#organization\"},\"image\":{\"@id\":\"https:\\\/\\\/diariofemenino.com.ar\\\/df\\\/hablemos-de-violencia-institucional\\\/#primaryimage\"},\"thumbnailUrl\":\"https:\\\/\\\/diariofemenino.com.ar\\\/df\\\/wp-content\\\/uploads\\\/2021\\\/12\\\/multimedia.normal.80e03fde7adb7ce0.6d756a65725f6e6f726d616c2e6a7067.jpg\",\"keywords\":[\"Destacada\",\"Lenny C\u00e1ceres\",\"Violencia Institucional\"],\"articleSection\":[\"Agenda Feminista\",\"Art\u00edculos y Comunicados\",\"De la Revoluci\u00f3n al Reaprendizaje\",\"Mujeres de La Pampa\",\"Noticias\",\"Violencias\"],\"inLanguage\":\"es\",\"potentialAction\":[{\"@type\":\"CommentAction\",\"name\":\"Comment\",\"target\":[\"https:\\\/\\\/diariofemenino.com.ar\\\/df\\\/hablemos-de-violencia-institucional\\\/#respond\"]}]},{\"@type\":\"WebPage\",\"@id\":\"https:\\\/\\\/diariofemenino.com.ar\\\/df\\\/hablemos-de-violencia-institucional\\\/\",\"url\":\"https:\\\/\\\/diariofemenino.com.ar\\\/df\\\/hablemos-de-violencia-institucional\\\/\",\"name\":\"Hablemos de violencia institucional - Diario Digital Femenino\",\"isPartOf\":{\"@id\":\"https:\\\/\\\/diariofemenino.com.ar\\\/df\\\/#website\"},\"primaryImageOfPage\":{\"@id\":\"https:\\\/\\\/diariofemenino.com.ar\\\/df\\\/hablemos-de-violencia-institucional\\\/#primaryimage\"},\"image\":{\"@id\":\"https:\\\/\\\/diariofemenino.com.ar\\\/df\\\/hablemos-de-violencia-institucional\\\/#primaryimage\"},\"thumbnailUrl\":\"https:\\\/\\\/diariofemenino.com.ar\\\/df\\\/wp-content\\\/uploads\\\/2021\\\/12\\\/multimedia.normal.80e03fde7adb7ce0.6d756a65725f6e6f726d616c2e6a7067.jpg\",\"datePublished\":\"2021-12-29T10:44:31+00:00\",\"description\":\"Hablemos de violencia institucional. Una de las m\u00e1s invisibilizadas formas de violencia puesto que, pr\u00e1cticamente, no se habla de ella.\",\"breadcrumb\":{\"@id\":\"https:\\\/\\\/diariofemenino.com.ar\\\/df\\\/hablemos-de-violencia-institucional\\\/#breadcrumb\"},\"inLanguage\":\"es\",\"potentialAction\":[{\"@type\":\"ReadAction\",\"target\":[\"https:\\\/\\\/diariofemenino.com.ar\\\/df\\\/hablemos-de-violencia-institucional\\\/\"]}]},{\"@type\":\"ImageObject\",\"inLanguage\":\"es\",\"@id\":\"https:\\\/\\\/diariofemenino.com.ar\\\/df\\\/hablemos-de-violencia-institucional\\\/#primaryimage\",\"url\":\"https:\\\/\\\/diariofemenino.com.ar\\\/df\\\/wp-content\\\/uploads\\\/2021\\\/12\\\/multimedia.normal.80e03fde7adb7ce0.6d756a65725f6e6f726d616c2e6a7067.jpg\",\"contentUrl\":\"https:\\\/\\\/diariofemenino.com.ar\\\/df\\\/wp-content\\\/uploads\\\/2021\\\/12\\\/multimedia.normal.80e03fde7adb7ce0.6d756a65725f6e6f726d616c2e6a7067.jpg\",\"width\":696,\"height\":462,\"caption\":\"Hablemos de violencia institucional\"},{\"@type\":\"BreadcrumbList\",\"@id\":\"https:\\\/\\\/diariofemenino.com.ar\\\/df\\\/hablemos-de-violencia-institucional\\\/#breadcrumb\",\"itemListElement\":[{\"@type\":\"ListItem\",\"position\":1,\"name\":\"Portada\",\"item\":\"https:\\\/\\\/diariofemenino.com.ar\\\/df\\\/\"},{\"@type\":\"ListItem\",\"position\":2,\"name\":\"Hablemos de violencia institucional\"}]},{\"@type\":\"WebSite\",\"@id\":\"https:\\\/\\\/diariofemenino.com.ar\\\/df\\\/#website\",\"url\":\"https:\\\/\\\/diariofemenino.com.ar\\\/df\\\/\",\"name\":\"Diario Digital Femenino\",\"description\":\"Cuesti\u00f3n de G\u00e9nero\",\"publisher\":{\"@id\":\"https:\\\/\\\/diariofemenino.com.ar\\\/df\\\/#organization\"},\"potentialAction\":[{\"@type\":\"SearchAction\",\"target\":{\"@type\":\"EntryPoint\",\"urlTemplate\":\"https:\\\/\\\/diariofemenino.com.ar\\\/df\\\/?s={search_term_string}\"},\"query-input\":{\"@type\":\"PropertyValueSpecification\",\"valueRequired\":true,\"valueName\":\"search_term_string\"}}],\"inLanguage\":\"es\"},{\"@type\":\"Organization\",\"@id\":\"https:\\\/\\\/diariofemenino.com.ar\\\/df\\\/#organization\",\"name\":\"Diario Femenino\",\"url\":\"https:\\\/\\\/diariofemenino.com.ar\\\/df\\\/\",\"logo\":{\"@type\":\"ImageObject\",\"inLanguage\":\"es\",\"@id\":\"https:\\\/\\\/diariofemenino.com.ar\\\/df\\\/#\\\/schema\\\/logo\\\/image\\\/\",\"url\":\"https:\\\/\\\/diariofemenino.com.ar\\\/df\\\/wp-content\\\/uploads\\\/2018\\\/10\\\/logo.png\",\"contentUrl\":\"https:\\\/\\\/diariofemenino.com.ar\\\/df\\\/wp-content\\\/uploads\\\/2018\\\/10\\\/logo.png\",\"width\":500,\"height\":92,\"caption\":\"Diario Femenino\"},\"image\":{\"@id\":\"https:\\\/\\\/diariofemenino.com.ar\\\/df\\\/#\\\/schema\\\/logo\\\/image\\\/\"},\"sameAs\":[\"https:\\\/\\\/www.facebook.com\\\/DiarioDigitaFemenino\\\/\",\"https:\\\/\\\/x.com\\\/DiarioFemenino1\"]},{\"@type\":\"Person\",\"@id\":\"https:\\\/\\\/diariofemenino.com.ar\\\/df\\\/#\\\/schema\\\/person\\\/bf6199e8158c657ea6f789b11ec85509\",\"name\":\"Admin\",\"image\":{\"@type\":\"ImageObject\",\"inLanguage\":\"es\",\"@id\":\"https:\\\/\\\/diariofemenino.com.ar\\\/df\\\/wp-content\\\/uploads\\\/2018\\\/12\\\/favicon-150x150.jpg\",\"url\":\"https:\\\/\\\/diariofemenino.com.ar\\\/df\\\/wp-content\\\/uploads\\\/2018\\\/12\\\/favicon-150x150.jpg\",\"contentUrl\":\"https:\\\/\\\/diariofemenino.com.ar\\\/df\\\/wp-content\\\/uploads\\\/2018\\\/12\\\/favicon-150x150.jpg\",\"caption\":\"Admin\"},\"url\":\"https:\\\/\\\/diariofemenino.com.ar\\\/df\\\/author\\\/lenny\\\/\"}]}<\/script>\n<!-- \/ Yoast SEO plugin. -->","yoast_head_json":{"title":"Hablemos de violencia institucional - Diario Digital Femenino","description":"Hablemos de violencia institucional. Una de las m\u00e1s invisibilizadas formas de violencia puesto que, pr\u00e1cticamente, no se habla de ella.","robots":{"index":"index","follow":"follow","max-snippet":"max-snippet:-1","max-image-preview":"max-image-preview:large","max-video-preview":"max-video-preview:-1"},"canonical":"https:\/\/diariofemenino.com.ar\/df\/hablemos-de-violencia-institucional\/","og_locale":"es_ES","og_type":"article","og_title":"Hablemos de violencia institucional - Diario Digital Femenino","og_description":"Hablemos de violencia institucional. Una de las m\u00e1s invisibilizadas formas de violencia puesto que, pr\u00e1cticamente, no se habla de ella.","og_url":"https:\/\/diariofemenino.com.ar\/df\/hablemos-de-violencia-institucional\/","og_site_name":"Diario Digital Femenino","article_publisher":"https:\/\/www.facebook.com\/DiarioDigitaFemenino\/","article_published_time":"2021-12-29T10:44:31+00:00","og_image":[{"width":696,"height":462,"url":"https:\/\/diariofemenino.com.ar\/df\/wp-content\/uploads\/2021\/12\/multimedia.normal.80e03fde7adb7ce0.6d756a65725f6e6f726d616c2e6a7067.jpg","type":"image\/jpeg"}],"author":"Admin","twitter_card":"summary_large_image","twitter_creator":"@DiarioFemenino1","twitter_site":"@DiarioFemenino1","twitter_misc":{"Escrito por":"Admin","Tiempo de lectura":"5 minutos"},"schema":{"@context":"https:\/\/schema.org","@graph":[{"@type":"Article","@id":"https:\/\/diariofemenino.com.ar\/df\/hablemos-de-violencia-institucional\/#article","isPartOf":{"@id":"https:\/\/diariofemenino.com.ar\/df\/hablemos-de-violencia-institucional\/"},"author":{"name":"Admin","@id":"https:\/\/diariofemenino.com.ar\/df\/#\/schema\/person\/bf6199e8158c657ea6f789b11ec85509"},"headline":"Hablemos de violencia institucional","datePublished":"2021-12-29T10:44:31+00:00","mainEntityOfPage":{"@id":"https:\/\/diariofemenino.com.ar\/df\/hablemos-de-violencia-institucional\/"},"wordCount":912,"commentCount":0,"publisher":{"@id":"https:\/\/diariofemenino.com.ar\/df\/#organization"},"image":{"@id":"https:\/\/diariofemenino.com.ar\/df\/hablemos-de-violencia-institucional\/#primaryimage"},"thumbnailUrl":"https:\/\/diariofemenino.com.ar\/df\/wp-content\/uploads\/2021\/12\/multimedia.normal.80e03fde7adb7ce0.6d756a65725f6e6f726d616c2e6a7067.jpg","keywords":["Destacada","Lenny C\u00e1ceres","Violencia Institucional"],"articleSection":["Agenda Feminista","Art\u00edculos y Comunicados","De la Revoluci\u00f3n al Reaprendizaje","Mujeres de La Pampa","Noticias","Violencias"],"inLanguage":"es","potentialAction":[{"@type":"CommentAction","name":"Comment","target":["https:\/\/diariofemenino.com.ar\/df\/hablemos-de-violencia-institucional\/#respond"]}]},{"@type":"WebPage","@id":"https:\/\/diariofemenino.com.ar\/df\/hablemos-de-violencia-institucional\/","url":"https:\/\/diariofemenino.com.ar\/df\/hablemos-de-violencia-institucional\/","name":"Hablemos de violencia institucional - Diario Digital Femenino","isPartOf":{"@id":"https:\/\/diariofemenino.com.ar\/df\/#website"},"primaryImageOfPage":{"@id":"https:\/\/diariofemenino.com.ar\/df\/hablemos-de-violencia-institucional\/#primaryimage"},"image":{"@id":"https:\/\/diariofemenino.com.ar\/df\/hablemos-de-violencia-institucional\/#primaryimage"},"thumbnailUrl":"https:\/\/diariofemenino.com.ar\/df\/wp-content\/uploads\/2021\/12\/multimedia.normal.80e03fde7adb7ce0.6d756a65725f6e6f726d616c2e6a7067.jpg","datePublished":"2021-12-29T10:44:31+00:00","description":"Hablemos de violencia institucional. Una de las m\u00e1s invisibilizadas formas de violencia puesto que, pr\u00e1cticamente, no se habla de ella.","breadcrumb":{"@id":"https:\/\/diariofemenino.com.ar\/df\/hablemos-de-violencia-institucional\/#breadcrumb"},"inLanguage":"es","potentialAction":[{"@type":"ReadAction","target":["https:\/\/diariofemenino.com.ar\/df\/hablemos-de-violencia-institucional\/"]}]},{"@type":"ImageObject","inLanguage":"es","@id":"https:\/\/diariofemenino.com.ar\/df\/hablemos-de-violencia-institucional\/#primaryimage","url":"https:\/\/diariofemenino.com.ar\/df\/wp-content\/uploads\/2021\/12\/multimedia.normal.80e03fde7adb7ce0.6d756a65725f6e6f726d616c2e6a7067.jpg","contentUrl":"https:\/\/diariofemenino.com.ar\/df\/wp-content\/uploads\/2021\/12\/multimedia.normal.80e03fde7adb7ce0.6d756a65725f6e6f726d616c2e6a7067.jpg","width":696,"height":462,"caption":"Hablemos de violencia institucional"},{"@type":"BreadcrumbList","@id":"https:\/\/diariofemenino.com.ar\/df\/hablemos-de-violencia-institucional\/#breadcrumb","itemListElement":[{"@type":"ListItem","position":1,"name":"Portada","item":"https:\/\/diariofemenino.com.ar\/df\/"},{"@type":"ListItem","position":2,"name":"Hablemos de violencia institucional"}]},{"@type":"WebSite","@id":"https:\/\/diariofemenino.com.ar\/df\/#website","url":"https:\/\/diariofemenino.com.ar\/df\/","name":"Diario Digital Femenino","description":"Cuesti\u00f3n de G\u00e9nero","publisher":{"@id":"https:\/\/diariofemenino.com.ar\/df\/#organization"},"potentialAction":[{"@type":"SearchAction","target":{"@type":"EntryPoint","urlTemplate":"https:\/\/diariofemenino.com.ar\/df\/?s={search_term_string}"},"query-input":{"@type":"PropertyValueSpecification","valueRequired":true,"valueName":"search_term_string"}}],"inLanguage":"es"},{"@type":"Organization","@id":"https:\/\/diariofemenino.com.ar\/df\/#organization","name":"Diario Femenino","url":"https:\/\/diariofemenino.com.ar\/df\/","logo":{"@type":"ImageObject","inLanguage":"es","@id":"https:\/\/diariofemenino.com.ar\/df\/#\/schema\/logo\/image\/","url":"https:\/\/diariofemenino.com.ar\/df\/wp-content\/uploads\/2018\/10\/logo.png","contentUrl":"https:\/\/diariofemenino.com.ar\/df\/wp-content\/uploads\/2018\/10\/logo.png","width":500,"height":92,"caption":"Diario Femenino"},"image":{"@id":"https:\/\/diariofemenino.com.ar\/df\/#\/schema\/logo\/image\/"},"sameAs":["https:\/\/www.facebook.com\/DiarioDigitaFemenino\/","https:\/\/x.com\/DiarioFemenino1"]},{"@type":"Person","@id":"https:\/\/diariofemenino.com.ar\/df\/#\/schema\/person\/bf6199e8158c657ea6f789b11ec85509","name":"Admin","image":{"@type":"ImageObject","inLanguage":"es","@id":"https:\/\/diariofemenino.com.ar\/df\/wp-content\/uploads\/2018\/12\/favicon-150x150.jpg","url":"https:\/\/diariofemenino.com.ar\/df\/wp-content\/uploads\/2018\/12\/favicon-150x150.jpg","contentUrl":"https:\/\/diariofemenino.com.ar\/df\/wp-content\/uploads\/2018\/12\/favicon-150x150.jpg","caption":"Admin"},"url":"https:\/\/diariofemenino.com.ar\/df\/author\/lenny\/"}]}},"jetpack_featured_media_url":"https:\/\/diariofemenino.com.ar\/df\/wp-content\/uploads\/2021\/12\/multimedia.normal.80e03fde7adb7ce0.6d756a65725f6e6f726d616c2e6a7067.jpg","jetpack_sharing_enabled":true,"rttpg_featured_image_url":{"full":["https:\/\/diariofemenino.com.ar\/df\/wp-content\/uploads\/2021\/12\/multimedia.normal.80e03fde7adb7ce0.6d756a65725f6e6f726d616c2e6a7067.jpg",696,462,false],"landscape":["https:\/\/diariofemenino.com.ar\/df\/wp-content\/uploads\/2021\/12\/multimedia.normal.80e03fde7adb7ce0.6d756a65725f6e6f726d616c2e6a7067.jpg",696,462,false],"portraits":["https:\/\/diariofemenino.com.ar\/df\/wp-content\/uploads\/2021\/12\/multimedia.normal.80e03fde7adb7ce0.6d756a65725f6e6f726d616c2e6a7067.jpg",696,462,false],"thumbnail":["https:\/\/diariofemenino.com.ar\/df\/wp-content\/uploads\/2021\/12\/multimedia.normal.80e03fde7adb7ce0.6d756a65725f6e6f726d616c2e6a7067-150x150.jpg",150,150,true],"medium":["https:\/\/diariofemenino.com.ar\/df\/wp-content\/uploads\/2021\/12\/multimedia.normal.80e03fde7adb7ce0.6d756a65725f6e6f726d616c2e6a7067-300x199.jpg",300,199,true],"large":["https:\/\/diariofemenino.com.ar\/df\/wp-content\/uploads\/2021\/12\/multimedia.normal.80e03fde7adb7ce0.6d756a65725f6e6f726d616c2e6a7067.jpg",696,462,false],"1536x1536":["https:\/\/diariofemenino.com.ar\/df\/wp-content\/uploads\/2021\/12\/multimedia.normal.80e03fde7adb7ce0.6d756a65725f6e6f726d616c2e6a7067.jpg",696,462,false],"2048x2048":["https:\/\/diariofemenino.com.ar\/df\/wp-content\/uploads\/2021\/12\/multimedia.normal.80e03fde7adb7ce0.6d756a65725f6e6f726d616c2e6a7067.jpg",696,462,false]},"rttpg_author":{"display_name":"Admin","author_link":"https:\/\/diariofemenino.com.ar\/df\/author\/lenny\/"},"rttpg_comment":0,"rttpg_category":"<a href=\"https:\/\/diariofemenino.com.ar\/df\/category\/agenda-feminista\/\" rel=\"category tag\">Agenda Feminista<\/a> <a href=\"https:\/\/diariofemenino.com.ar\/df\/category\/articulos-y-comunicados\/\" rel=\"category tag\">Art\u00edculos y Comunicados<\/a> <a href=\"https:\/\/diariofemenino.com.ar\/df\/category\/de-la-revolucion-al-reaprendizaje\/\" rel=\"category tag\">De la Revoluci\u00f3n al Reaprendizaje<\/a> <a href=\"https:\/\/diariofemenino.com.ar\/df\/category\/mujeres-de-la-pampa\/\" rel=\"category tag\">Mujeres de La Pampa<\/a> <a href=\"https:\/\/diariofemenino.com.ar\/df\/category\/noticias\/\" rel=\"category tag\">Noticias<\/a> <a href=\"https:\/\/diariofemenino.com.ar\/df\/category\/violencias\/\" rel=\"category tag\">Violencias<\/a>","rttpg_excerpt":"La violencia institucional es, tal vez, una de las m\u00e1s invisibilizadas puesto que, pr\u00e1cticamente, no se habla de ella. En innumerables talleres y cursos de actualizaci\u00f3n profesional, en la mayor\u00eda de los casos, se la menciona por encima sin profundizar en sus formas y responsabilidades. Por Lenny C\u00e1ceres* Ilustraci\u00f3n de Portada: ariesonline Ahora, \u00bfqu\u00e9 es&hellip;","_links":{"self":[{"href":"https:\/\/diariofemenino.com.ar\/df\/wp-json\/wp\/v2\/posts\/62629","targetHints":{"allow":["GET"]}}],"collection":[{"href":"https:\/\/diariofemenino.com.ar\/df\/wp-json\/wp\/v2\/posts"}],"about":[{"href":"https:\/\/diariofemenino.com.ar\/df\/wp-json\/wp\/v2\/types\/post"}],"author":[{"embeddable":true,"href":"https:\/\/diariofemenino.com.ar\/df\/wp-json\/wp\/v2\/users\/4"}],"replies":[{"embeddable":true,"href":"https:\/\/diariofemenino.com.ar\/df\/wp-json\/wp\/v2\/comments?post=62629"}],"version-history":[{"count":0,"href":"https:\/\/diariofemenino.com.ar\/df\/wp-json\/wp\/v2\/posts\/62629\/revisions"}],"wp:featuredmedia":[{"embeddable":true,"href":"https:\/\/diariofemenino.com.ar\/df\/wp-json\/wp\/v2\/media\/62634"}],"wp:attachment":[{"href":"https:\/\/diariofemenino.com.ar\/df\/wp-json\/wp\/v2\/media?parent=62629"}],"wp:term":[{"taxonomy":"category","embeddable":true,"href":"https:\/\/diariofemenino.com.ar\/df\/wp-json\/wp\/v2\/categories?post=62629"},{"taxonomy":"post_tag","embeddable":true,"href":"https:\/\/diariofemenino.com.ar\/df\/wp-json\/wp\/v2\/tags?post=62629"}],"curies":[{"name":"wp","href":"https:\/\/api.w.org\/{rel}","templated":true}]}}