{"id":62615,"date":"2021-12-28T08:50:42","date_gmt":"2021-12-28T11:50:42","guid":{"rendered":"https:\/\/diariofemenino.com.ar\/df\/?p=62615"},"modified":"2021-12-28T10:07:22","modified_gmt":"2021-12-28T13:07:22","slug":"adopcion-de-integracion-de-caracter-excepcional","status":"publish","type":"post","link":"https:\/\/diariofemenino.com.ar\/df\/adopcion-de-integracion-de-caracter-excepcional\/","title":{"rendered":"\u201cAdopci\u00f3n de integraci\u00f3n de car\u00e1cter excepcional donde el pretenso adoptante es el exc\u00f3nyuge de la progenitora de la ni\u00f1a\u201d"},"content":{"rendered":"<p><strong>FALLO: <em>B. R. E. C\/\u00a0 S\/ ADOPCI\u00d3N\u201d EXP N\u00b0 339580\/19<\/em>. <\/strong>San Luis, dos de diciembre de dos mil veintiuno.-<\/p>\n<p>Por\u00a0<strong><a href=\"https:\/\/diariofemenino.com.ar\/df\/fallo-se-cobrara-la-cuota-alimentaria-en-la-factura-de-la-luz\/\">Erica P\u00e9rez<\/a>*<\/strong><\/p>\n<p><strong>I- Resumen de los hechos: <\/strong><\/p>\n<p>Mediante presentaci\u00f3n en fecha quince de abril de dos mil diecinueve, se presenta el Sr. B.R.E. promueve demanda de adopci\u00f3n plena de la ni\u00f1a I. L.R., ya que estuvo casado con la madre biol\u00f3gica de la ni\u00f1a I., la Sra. R.M.S. de quien se divorcio en el a\u00f1o dos mil nueve, y con quien tiene una hija llamada I. B. R. Luego de producirse el divorcio, la Sra. R. conoci\u00f3 al Sr. L con quien\u00a0 tuvo a la ni\u00f1a I. siendo que el padre biol\u00f3gico de la ni\u00f1a nunca ejerci\u00f3 el rol parental, su madre solicit\u00f3 el cuidado personal unilateral. La ni\u00f1a I. siempre tuvo con su hermana I. y el Sr. B., excelente relaci\u00f3n y ello se debe a que aquel, nunca hizo diferencias entre su hija biol\u00f3gica e I. La ni\u00f1a le <a href=\"https:\/\/diariofemenino.com.ar\/df\/category\/azul-profundo\/\">pidi\u00f3<\/a> como regalo de su cumplea\u00f1os, que la adoptara.<\/p>\n<figure id=\"attachment_62619\" aria-describedby=\"caption-attachment-62619\" style=\"width: 561px\" class=\"wp-caption aligncenter\"><img loading=\"lazy\" decoding=\"async\" class=\" wp-image-62619\" src=\"https:\/\/diariofemenino.com.ar\/df\/wp-content\/uploads\/2021\/12\/adopcion21_1000_1100-1024x577.jpg\" alt=\"Adopci\u00f3n de integraci\u00f3n de car\u00e1cter excepcional \" width=\"561\" height=\"316\" srcset=\"https:\/\/diariofemenino.com.ar\/df\/wp-content\/uploads\/2021\/12\/adopcion21_1000_1100-1024x577.jpg 1024w, https:\/\/diariofemenino.com.ar\/df\/wp-content\/uploads\/2021\/12\/adopcion21_1000_1100-300x169.jpg 300w, https:\/\/diariofemenino.com.ar\/df\/wp-content\/uploads\/2021\/12\/adopcion21_1000_1100-768x433.jpg 768w, https:\/\/diariofemenino.com.ar\/df\/wp-content\/uploads\/2021\/12\/adopcion21_1000_1100.jpg 1100w\" sizes=\"auto, (max-width: 561px) 100vw, 561px\" \/><figcaption id=\"caption-attachment-62619\" class=\"wp-caption-text\">Adopci\u00f3n de integraci\u00f3n de car\u00e1cter excepcional<\/figcaption><\/figure>\n<p><strong>II-<\/strong> <strong>Tipos de adopci\u00f3n: a) plena; b) simple; c) de integraci\u00f3n\u201d- \u00abFamilias ensambladas\u00bb -\u201cLas nuevas organizaciones no son nuevas; nuevo es el registro de lo que exist\u00eda omitido, silenciado o negado\u201d.-<\/strong><\/p>\n<p>Se presenta el Sr. B.R.E. y promueve demanda de adopci\u00f3n plena de la ni\u00f1a I.L.R. quien es hija biol\u00f3gica de su ex esposa Sra. R.M.S. Asimismo, se ha dado cumplimiento con las disposiciones del Art. 617 del citado cuerpo legal.-<\/p>\n<p>En cuanto a las consideraciones de derecho el Art. 619 del C\u00f3digo Civil y Comercial de la Naci\u00f3n dispone: \u201cEnumeraci\u00f3n. Este C\u00f3digo reconoce tres tipos de adopci\u00f3n:<strong> <em>a) plena; b) simple; c) de integraci\u00f3n\u201d<\/em><\/strong><em>, <\/em>en tanto que el Art. Art. 620, del mismo cuerpo legal determina: <em>\u201cConcepto. La adopci\u00f3n plena confiere al adoptado la condici\u00f3n de hijo y extingue los v\u00ednculos jur\u00eddicos con la familia de origen, con la excepci\u00f3n de que subsisten los impedimentos matrimoniales. El adoptado tiene en la familia adoptiva los mismos derechos y obligaciones de todo hijo. La adopci\u00f3n simple confiere el estado de hijo al adoptado, pero no crea v\u00ednculos jur\u00eddicos con los parientes ni con el c\u00f3nyuge del adoptante, excepto lo dispuesto en este C\u00f3digo. La adopci\u00f3n de integraci\u00f3n se configura cuando se adopta al hijo del c\u00f3nyuge o del conviviente y genera los efectos previstos en la Secci\u00f3n 4a de este Cap\u00edtulo.\u201d<\/em><\/p>\n<p><strong>La jurisprudencia ha dicho que<\/strong><em> \u201cEl nuevo ordenamiento Civil y Comercial, recepta el instituto de la adopci\u00f3n de integraci\u00f3n como una modalidad distinta a la adopci\u00f3n plena y simple. La integraci\u00f3n como calificativo del v\u00ednculo adoptivo, deriva de una necesidad social que advierte la conveniencia y utilidad de consolidar un v\u00ednculo afectivo de envergadura desarrollado entre el pretenso adoptante y el hijo de su c\u00f3nyuge o conviviente en el marco de una familia. Se trata de una modalidad legal que reconoce la existencia de las denominadas <strong>\u00abfamilias ensambladas\u00bb<\/strong> como un nuevo modelo familiar y que, por tal motivo, requiere de una regulaci\u00f3n espec\u00edfica. Quien se integra a la familia -formada por el adoptado y su progenitor biol\u00f3gico u adoptivo- es el c\u00f3nyuge o conviviente de este \u00faltimo que, en los hechos ha estado comport\u00e1ndose como un verdadero padre o madre con respecto a los hijos. Siendo \u00e9sta una instituci\u00f3n que adem\u00e1s de tutelar los intereses de los menores de edad reviste una clara funci\u00f3n social mediante la asistencia familiar. Por ello, resulta procedente hacer lugar a la adopci\u00f3n de integraci\u00f3n m\u00e1s all\u00e1 de la mayor edad del adoptando involucrado y tal como lo admite el art. 597, CCyC al regular que personas que pueden ser adoptadas. <\/em><strong><em>(Sentencia firme.)<\/em><\/strong><strong> (0.0134966 || G. Z. J. s. Adopci\u00f3n &#8211; Acciones vinculadas <em>\/\/\/<\/em> Juzg. Fam. N\u00ba 1, San Isidro, Buenos Aires; 29\/06\/2018; Rubinzal Online; RC J 5561\/18).-<\/strong><\/p>\n<p>Que el Art. 619 del C\u00f3digo Civil y Comercial de la Naci\u00f3n define a la adopci\u00f3n de integraci\u00f3n como aquella que se configura cuando se adopta al hijo del c\u00f3nyuge o del conviviente. Debe tenerse presente que \u201c\u2026 [A] diferencia de los otros tipos adoptivos, la adopci\u00f3n de integraci\u00f3n no est\u00e1 precedida por una situaci\u00f3n de abandono o desamparo del ni\u00f1o, ni\u00f1a o adolescente sino que responde a un modelo familiar \u00abensamblado\u00bb cuyos fundamentos son la solidaridad familiar y los lazos afectivos existentes\u2026. Si bien la adopci\u00f3n de integraci\u00f3n o integrativa estaba regulada en el C\u00f3digo Civil derogado, s\u00f3lo estaba estipulada como la \u00abadopci\u00f3n del hijo del c\u00f3nyuge\u00bb, dejando por fuera los v\u00ednculos afectivos entre los ni\u00f1os\/as o adolescentes y el\/la conviviente de alguno de sus progenitores\u2026\u201d <strong>(<em>Adopci\u00f3n de integraci\u00f3n: Un reconocimiento jur\u00eddico de la socioafectividad,\u00a0 Mu\u00f1oz Genestoux, Rosal\u00eda, Cita: RC D 391\/2020<\/em>).-<\/strong><\/p>\n<p>La Dra. Kemelmajer de Carlucci, en el Cap\u00edtulo Introductorio de la obra \u201cTratado de Derecho de Familia seg\u00fan el c\u00f3digo civil y comercial de 2014\u201d, ense\u00f1a que \u201c<em>El concepto jur\u00eddico de familia es, pues un dato cultural. En otras palabras, aunque distintas formas familiares han existido y existen en todos los pueblos y en todas las \u00e9pocas, el concepto de familia, como el de matrimonio y el de filiaci\u00f3n, es una creaci\u00f3n \u201ccultural\u201d, no \u201cnatural\u201d o \u201cesencial\u201d y, por lo tanto, cambiante\u2026 Lo cierto es que la familia tradicional, est\u00e1tica, casi inmutable, dio paso a una noci\u00f3n m\u00e1s din\u00e1mica y cambiante, mucho menos estable y plural.<strong> Ha habido un pasaje de la familia (modelo \u00fanico, tipo) a las familias<\/strong>. Se trata de una evoluci\u00f3n inevitable con el cambio de las costumbre, aunque hay que reconocer que \u201clas nuevas organizaciones no son nuevas; nuevo es el registro de lo que exist\u00eda omitido, silenciado o negado<\/em>\u201d.-<\/p>\n<p><strong>III- Estamos ante una adopci\u00f3n \u201cde integraci\u00f3n\u201d siendo la misma de car\u00e1cter excepcional, dentro del sistema de la adopci\u00f3n en general; especialmente en este proceso donde el pretenso adoptante es el exc\u00f3nyuge de la progenitora de la ni\u00f1a I.-<\/strong><\/p>\n<p>En el particular caso de marras, la Familia que han decidido formar el Sr. B. con su ex esposa, la Sra. R., la hija en com\u00fan (I.), e I. (cuya adopci\u00f3n se peticiona), NO ha sido contemplada en el supuesto de hecho que regula el Art. 619.-<\/p>\n<p>Sin embargo, analizando del instituto jur\u00eddico en cuesti\u00f3n, resulta insoslayable sostener que la adopci\u00f3n de integraci\u00f3n no est\u00e1 relacionada con la posibilidad de brindar a un ni\u00f1o, ni\u00f1a o adolescente, un entorno familiar del cual carece, sino con dar a <strong><em>una relaci\u00f3n afectiva existente un correlato legal<\/em><\/strong>. Es decir, reconocer el derecho del ni\u00f1o, ni\u00f1a o adolescente a vivir en un \u00e1mbito familiar que le permita desarrollar los derechos que les son reconocidos.-<\/p>\n<p>Al respecto, la Corte Suprema de Justicia de la Naci\u00f3n ha dicho que \u201c<em>\u2026al tratarse de la vida de una persona menor, la utilizaci\u00f3n ciega de la letra de la ley ti\u00f1e la actuaci\u00f3n jurisdiccional de arbitrariedad, m\u00e1xime en asuntos en los que el inter\u00e9s del ni\u00f1o -de rango superior- opera imperativamente en un papel integrador, que llena los eventuales vac\u00edos de la ley y prevalece sobre los preceptos cuya implementaci\u00f3n se revele contraria a los derechos de aquel<\/em>\u2026\u201d<strong> (M. D. H. c\/ M. B. M. F. -29\/02\/11 \u2013 Fallos 331:841).-<\/strong><\/p>\n<p>Entrando de lleno al an\u00e1lisis de las probanzas rendidas en autos surge del acta de nacimiento acompa\u00f1ada, la ni\u00f1a I. tiene filiaci\u00f3n paterna, quien estando debidamente notificado no ha comparecido en autos, como as\u00ed tambi\u00e9n que el cuidado personal de la ni\u00f1a ha sido otorgado en forma unilateral en favor de su madre, la Sra. R.<strong>. <\/strong>En fecha dieciocho de diciembre de dos mil diecinueve, comparece en audiencia la ni\u00f1a I, en presencia de la Sra. Defensora de Ni\u00f1ez, Adolescencia e Incapaces en donde manifiesta: \u201c<em>Quiero tener el apellido de mi pap\u00e1, su nombre es R.B., desde hace mucho que tengo ganas de tener su apellido, quiero tenerlo porque en la escuela quiero que me anoten con el apellido de mi pap\u00e1, mi pap\u00e1 est\u00e1 de acuerdo, yo vivo con I. que es mi hermana m\u00e1s grande tiene 16 a\u00f1os, ella lleva el apellido de mi pap\u00e1 y mi mam\u00e1 tambi\u00e9n vive con nosotros, yo voy a ver a mi pap\u00e1, (&#8230;) yo me sentir\u00eda mejor con el apellido de mi pap\u00e1, yo siempre supe que R. no era mi pap\u00e1 y desde los 7 a\u00f1os le digo pap\u00e1. No quiero tener el apellido L., de mi pap\u00e1 biol\u00f3gico. Yo conoc\u00ed a mi pap\u00e1 biol\u00f3gico cuando era chiquita, nunca m\u00e1s lo vi,(&#8230;) no me gustar\u00eda verlo\u2026\u201d.-<\/em><\/p>\n<p>La Pericia Psicol\u00f3gica del pretenso adoptante, expresa (&#8230;) \u201c<em>\u2026An\u00e1lisis Psicol\u00f3gico actual: (&#8230;) En el v\u00ednculo familiar se observa estrechamente ligado a sus hijas, disfrutando de lo que comparten, tiene claramente incorporada a I. como su hija, tanto que no aprecia, ni realiza diferencias con su hija biol\u00f3gica. Se muestra complacido de la decisi\u00f3n de la ni\u00f1a, de no solo querer llevar su apellido, sino de considerarlo su padre, al que responde con satisfacci\u00f3n. De lo evaluado, surge que el Sr. B. cuenta con condiciones psicoemocionales para asumir la responsabilidad que implica hacer lugar al pedido de la ni\u00f1a I.L.R., el que lleve su apellido y las obligaciones derivado de tal acto. Todo ello evidencia que ha tenido apertura y ha generado en I., un v\u00ednculo afectivo saludable, con emotivas y c\u00e1lidas demostraciones, no solo para con \u00e9l, sino el derivado con su hija I., su hna. C., a quienes refiere el peritado las siente su familia, con un funcionamiento como tal, encuentros amenos y afectuosos, adem\u00e1s de disfrutar de actividades en com\u00fan<\/em>\u201d.-<\/p>\n<p>La Lic., Trabajadora Social del Departamento de Trabajo Social del Cuerpo Profesional Forense, al elevar informe de Pericia Socioambiental en fecha diecinueve de abril de dos mil veintiuno,\u00a0 concluye \u201cLa progenitora R.M.S., de la ni\u00f1a I. L. R., presta consentimiento, apoyando la motivaci\u00f3n y deseo de la ni\u00f1a ser afiliada con el apellido al que siempre considero su padre, Sr. B.R.E. Desde peque\u00f1a la ni\u00f1a fue construyendo su subjetividad, alrededor de la figura del B. como padre, con un fuerte apego y v\u00ednculo con el mismo, el cual se ha fortalecido al punto de solicitar el cambio de apellido. Es dable destacar, conforme cr\u00f3nica de la progenitora, que dicha situaci\u00f3n la desestructura a I., especialmente en lo escolar o en su vida civil, cuando siente que la llaman por un apellido de un desconocido. El cual nunca ejercicio el rol parental, desresponsabilizandose de sus responsabilidades como padre en todos los aspectos de la vida de la ni\u00f1a.-<\/p>\n<p>Del an\u00e1lisis y merituaci\u00f3n de las probanzas arrimadas en autos, la acci\u00f3n aqu\u00ed impetrada se presenta \u00abab-initio\u00bb procedente debiendo considerarse que estamos ante una adopci\u00f3n \u201cde integraci\u00f3n\u201d siendo la misma de car\u00e1cter excepcional, dentro del sistema de la adopci\u00f3n en general; especialmente en este proceso donde el pretenso adoptante es el exc\u00f3nyuge de la progenitora de la ni\u00f1a I.-<\/p>\n<p>Que en el caso de examen surge en forma clara y expl\u00edcita el v\u00ednculo afectivo que une a la ni\u00f1a I. con el Sr. B., conforme lo expuesto en los p\u00e1rrafos que anteceden.- Que de las constancias de autos se torna evidente y palmario que es el pretenso adoptante es quien le ha impartido a la ni\u00f1a el amor, educaci\u00f3n y sostenimiento emocional que ha necesitado para su sano desarrollo.-<\/p>\n<p>A efectos de transpolar lo que ocurre en el plano f\u00e1ctico al plano jur\u00eddico, le toca a la justicia legitimar mediante el instituto de la adopci\u00f3n el emplazamiento de padre que el actor ya ocupa en la vida de la ni\u00f1a I.-<\/p>\n<p><strong>IV.- IDENTIDAD DIN\u00c1MICA: Resulta fundamental ponderar el respeto por el derecho a la identidad del adoptado, adem\u00e1s de enaltecer el resguardo por la identidad contemplada en su faz din\u00e1mica.-<\/strong><\/p>\n<p>Al respecto la jurisprudencia tiene dicho \u201c<em>El r\u00e9gimen propio de la adopci\u00f3n de integraci\u00f3n se justifica por las circunstancias que rodean a cada caso y que resulten significativas; en raz\u00f3n de ellas deben considerarse con flexibilidad los requerimientos de la ley al respecto a fin de preservar los v\u00ednculos afectivos derivados de la crianza\u201d<\/em> <strong>(conf. CNCiv., sala J en autos Soto, F. s\/adopci\u00f3n [ED, 162498] R. 93.250 del 30-8-94; sala E en autos Godoy, Mariano s\/adopci\u00f3n R. 162.416 del 12-2-95, en coincidencia con nuestro dictamen del 28-12-94).-<\/strong><\/p>\n<p>Que I. ha solicitado en forma expresa su deseo de cambiar el apellido L. por el de B., con el que se identifica desde temprana edad, <strong>es que resulta fundamental ponderar el respeto por el derecho a la identidad del adoptado<\/strong> (art. 595, inc. b del CCyC), y, ello as\u00ed, es menester tener en cuenta no s\u00f3lo la prerrogativa de este a conocer su realidad biol\u00f3gica sino, adem\u00e1s, enaltecer el resguardo por la identidad contemplada en su faz din\u00e1mica, aspecto que corresponde considerar con especial atenci\u00f3n al otorgarse una adopci\u00f3n de integraci\u00f3n, que como en este caso I. ha sido criada y se encuentra incorporada incluso a los v\u00ednculos familiares del Sr. B., habi\u00e9ndose probado que en su vida cotidiana y social se ha proyectado como hija de aquel. En efecto, esa identidad din\u00e1mica construida sobre una base f\u00e1ctica que describe un v\u00ednculo paterno-filial constituye un elemento trascendente en la construcci\u00f3n y desarrollo pleno y sano de la personalidad. Consagr\u00e1ndose as\u00ed el respeto por la individualidad afectiva, social y cultural dentro de la familia en la que la adoptada se encuentra inserta de hecho.-<\/p>\n<p>As\u00ed las cosas, el art. 631 del C\u00f3digo Civil y Comercial de la Naci\u00f3n dispone en su inciso b: \u201cSi el adoptado tiene doble v\u00ednculo filial de origen se aplica lo dispuesto en el art\u00edculo 621.\u201d. Que el art. 621 del mismo c\u00f3digo, faculta al juez a otorgar la adopci\u00f3n plena o simple, atendiendo a las circunstancias del caso.-<\/p>\n<p>Al comentar el art\u00edculo 631, la Dra. Marisa Herrera explica: <em>\u201cSi bien es cierto que el ni\u00f1o puede tener un v\u00ednculo filial o doble, y que esto \u00faltimo no es \u00f3bice para que se haga lugar a la adopci\u00f3n de integraci\u00f3n, lo cierto es que los casos en que se peticiona este tipo de adopci\u00f3n lo son cuando el progenitor no conviviente es una figura ausente, silenciada o poco presente en la vida del hijo, de lo contrario, el c\u00f3nyuge o conviviente del progenitor de origen no pretend\u00eda adoptarlo y deber\u00eda conformarse con cumplir el rol del progenitor af\u00edn que regula el C\u00f3digo en los art\u00edculos 672 a 676. En otras palabras, si ambos progenitores cumplir\u00edan de manera eficaz y eficiente su rol de principales responsables de su hijo, la adopci\u00f3n de integraci\u00f3n ser\u00eda una figura contraria al inter\u00e9s superior del ni\u00f1o, porque implicar\u00eda que un tercero (el pretenso adoptante) pretenda asumir un papel que no le corresponde, ya que ese lugar lo ocupar\u00eda de manera pertinente un progenitor.\u201d <\/em><strong>(Tratado de Derecho de Familia seg\u00fan el C\u00f3digo Civil y Comercial de 2.014, Tomo III, Directoras: Aida Kemelmajer de Carlucci, Marisa Herrera, Nora LLoveras, P\u00e1g. 697).-<\/strong><\/p>\n<p>Ante la situaci\u00f3n real planteada, considerando los extremos mencionados ut supra, la progenitora de la misma y el pretenso adoptante, normativa legal citada teniendo en cuenta adem\u00e1s lo preceptuado por los arts. 5\u00b0 Inc. f) de la Ley N\u00baIV \u2013 0089 &#8211; 2004, arts. 619, 620, 621, 630, 631 y cc del CCyC, Doctrina y jurisprudencia citada, es que <strong>FALLO<\/strong>: <strong><em>I).-<\/em><\/strong><em> <strong>HACIENDO LUGAR <\/strong>a la pretensi\u00f3n deducida por el Sr. B.R.E. otorg\u00e1ndole la <strong>ADOPCI\u00d3N DE INTEGRACI\u00d3N CON EFECTOS DE ADOPCI\u00d3N PLENA<\/strong> de la ni\u00f1a\u00a0 I.L.R., en la ciudad de San Luis, Provincia de San Luis, hija de\u00a0 L..A.A. y de R.M.S., con los efectos y alcances previstos en el C\u00f3digo Civil y Comercial de la Naci\u00f3n.- <strong>II).-<\/strong> SUSTITUYASE el apellido L. por B.- <strong>III).-<\/strong> L\u00edbrese oficio al Registro Civil y Capacidad de las Personas de la ciudad de San Luis a efectos que TOME RAZON E INSCRIBA en el acta de nacimiento respectiva.-Firmado, <strong>Dra. Natalia Rita Giunta<\/strong><\/em><strong><em>, <\/em><\/strong><strong><em>Juez Interina del Juzgado de Familia, Ni\u00f1ez, Adolescencia y Violencia N\u00ba 1 <\/em><\/strong><em>de la Primera Circunscripci\u00f3n Judicial.-<\/em><\/p>\n<p><strong>V.- Consideraciones finales:<\/strong><\/p>\n<p>El fallo precedente es considerablemente novedoso y acertado en funci\u00f3n a lo que el nuevo c\u00f3digo se refiere a \u201cfamilias ensambladas\u201d, resulta claro que es un caso excepcional ya que el v\u00ednculo se construye luego del divorcio. Favorece la relaci\u00f3n y los une a\u00fan m\u00e1s su hermana, ya que van creando lazos de afecto identific\u00e1ndolo como su figura paterna. La ni\u00f1a conoce su realidad biol\u00f3gica y consultada expresa que su apellido deber\u00eda ser el de su hermana, pues es con el cual se identifica. Resultando esto primordial para el respeto a la identidad, el inter\u00e9s superior del ni\u00f1o, en contemplar la realidad y otorgarle legitimaci\u00f3n a ese v\u00ednculo que se viene desarrollando. Aclarando adem\u00e1s que en esta figura, quien se integra a la familia es el ex c\u00f3nyuge de su progenitora, ya que como bien lo expresa la adopci\u00f3n de integraci\u00f3n no est\u00e1 precedida por una situaci\u00f3n de abandono o desamparo del ni\u00f1o, ni\u00f1a o adolescente sino que responde a un modelo familiar \u00abensamblado\u00bb.<\/p>\n<p>Como refiere la Dra. Kemelmajer de Carlucci, <em>\u201cla familia tradicional, est\u00e1tica, casi inmutable, dio paso a una noci\u00f3n m\u00e1s din\u00e1mica y cambiante, mucho menos estable y plural. Ha habido un pasaje de la familia (modelo \u00fanico, tipo) a las familias.\u201d <\/em><\/p>\n<p>En un fallo\u00a0 la Suprema Corte de la provincia de Buenos Aires defini\u00f3 expresamente cu\u00e1l es la finalidad perseguida en este instituto:<em> \u201cno est\u00e1 orientado a amparar la infancia abandonada, sino a consolidar un v\u00ednculo paterno filial preexistente, pues quien reclama la adopci\u00f3n quiere ser el progenitor de ese ni\u00f1o, quiere reconocerle id\u00e9nticos derechos y obligaciones que a un hijo biol\u00f3gico\u201d. <\/em>\u00a0[1]<\/p>\n<p>Es evidente que se gest\u00f3 un fuerte v\u00ednculo paterno-filial, sin mediar convivencia con su progenitora pero estableci\u00e9ndose un trato de familia que culmin\u00f3 con el deseo de la ni\u00f1a.<\/p>\n<p>&nbsp;<\/p>\n<p><strong>Referencias bibliogr\u00e1ficas<\/strong><\/p>\n<p>[1] S.C.B.A., en \u201cD.M.M. s\/ Adopci\u00f3n\u201d, 04-07-2007, IJ-XX422, Buscador Jur\u00eddico IJ Editores, <u><a href=\"http:\/\/www.ijeditores.com.ar\">www.ijeditores.com.ar<\/a><\/u><\/p>\n<p>[2] <em>LA ADOPCI\u00d3N DE INTEGRACI\u00d3N COMO RECONOCIMIENTO DE LOS V\u00cdNCULOS AFECTIVOS FAMILIARES Por Cecilia Lopes, Facundo D\u00edaz Castellano y Cecilia Aguirre <u><sup><a href=\"http:\/\/sedici.unlp.edu.ar\/bitstream\/handle\/10915\/51132\/Documento_completo.pdf-PDFA.pdf?sequence=1\">http:\/\/sedici.unlp.edu.ar\/bitstream\/handle\/10915\/51132\/Documento_completo.pdf-PDFA.pdf?sequence=1<\/a><\/sup><\/u><\/em><\/p>\n<p><sup>[3] <a href=\"https:\/\/blog-ericaperez.blogspot.com\/\">https:\/\/blog-ericaperez.blogspot.com\/<\/a><\/sup><\/p>\n<p>&nbsp;<\/p>\n<p>(*) Abogada egresada de la UBA, especialista en Violencia de G\u00e9nero y Derecho de Familia.<\/p>\n","protected":false},"excerpt":{"rendered":"<p>FALLO: B. R. E. C\/\u00a0 S\/ ADOPCI\u00d3N\u201d EXP N\u00b0 339580\/19. San Luis, dos de diciembre de dos mil veintiuno.- Por\u00a0Erica P\u00e9rez* I- Resumen de los hechos: Mediante presentaci\u00f3n en fecha quince de abril de dos mil diecinueve, se presenta el Sr. B.R.E. promueve demanda de adopci\u00f3n plena de la ni\u00f1a I. L.R., ya que estuvo [&hellip;]<\/p>\n","protected":false},"author":4,"featured_media":62620,"comment_status":"open","ping_status":"open","sticky":false,"template":"","format":"standard","meta":{"iawp_total_views":237,"footnotes":""},"categories":[1067,178,581],"tags":[4996,4372,1885],"class_list":["post-62615","post","type-post","status-publish","format-standard","has-post-thumbnail","hentry","category-agenda-feminista","category-articulos-y-comunicados","category-azul-profundo","tag-adopcion-de-integracion","tag-destacada","tag-fallo"],"nelio_content":{"autoShareEndMode":"never","automationSources":{"useCustomSentences":false,"customSentences":[]},"efiAlt":"","efiUrl":"","followers":[4],"highlights":[],"isAutoShareEnabled":true,"networkImageIds":[],"permalinkQueryArgs":[],"series":[],"suggestedReferences":[]},"yoast_head":"<!-- This site is optimized with the Yoast SEO plugin v27.5 - https:\/\/yoast.com\/product\/yoast-seo-wordpress\/ -->\n<title>\u201cAdopci\u00f3n de integraci\u00f3n de car\u00e1cter excepcional donde el pretenso adoptante es el exc\u00f3nyuge de la progenitora de la ni\u00f1a\u201d - Diario Digital Femenino<\/title>\n<meta name=\"description\" content=\"Adopci\u00f3n de integraci\u00f3n.\" \/>\n<meta name=\"robots\" content=\"index, follow, max-snippet:-1, max-image-preview:large, max-video-preview:-1\" \/>\n<link rel=\"canonical\" href=\"https:\/\/diariofemenino.com.ar\/df\/adopcion-de-integracion-de-caracter-excepcional\/\" \/>\n<meta property=\"og:locale\" content=\"es_ES\" \/>\n<meta property=\"og:type\" content=\"article\" \/>\n<meta property=\"og:title\" content=\"\u201cAdopci\u00f3n de integraci\u00f3n de car\u00e1cter excepcional donde el pretenso adoptante es el exc\u00f3nyuge de la progenitora de la ni\u00f1a\u201d - Diario Digital Femenino\" \/>\n<meta property=\"og:description\" content=\"Adopci\u00f3n de integraci\u00f3n.\" \/>\n<meta property=\"og:url\" content=\"https:\/\/diariofemenino.com.ar\/df\/adopcion-de-integracion-de-caracter-excepcional\/\" \/>\n<meta property=\"og:site_name\" content=\"Diario Digital Femenino\" \/>\n<meta property=\"article:publisher\" content=\"https:\/\/www.facebook.com\/DiarioDigitaFemenino\/\" \/>\n<meta property=\"article:published_time\" content=\"2021-12-28T11:50:42+00:00\" \/>\n<meta property=\"article:modified_time\" content=\"2021-12-28T13:07:22+00:00\" \/>\n<meta property=\"og:image\" content=\"https:\/\/diariofemenino.com.ar\/df\/wp-content\/uploads\/2021\/12\/adop1.jpg\" \/>\n\t<meta property=\"og:image:width\" content=\"1126\" \/>\n\t<meta property=\"og:image:height\" content=\"748\" \/>\n\t<meta property=\"og:image:type\" content=\"image\/jpeg\" \/>\n<meta name=\"author\" content=\"Admin\" \/>\n<meta name=\"twitter:card\" content=\"summary_large_image\" \/>\n<meta name=\"twitter:creator\" content=\"@DiarioFemenino1\" \/>\n<meta name=\"twitter:site\" content=\"@DiarioFemenino1\" \/>\n<meta name=\"twitter:label1\" content=\"Escrito por\" \/>\n\t<meta name=\"twitter:data1\" content=\"Admin\" \/>\n\t<meta name=\"twitter:label2\" content=\"Tiempo de lectura\" \/>\n\t<meta name=\"twitter:data2\" content=\"17 minutos\" \/>\n<script type=\"application\/ld+json\" class=\"yoast-schema-graph\">{\"@context\":\"https:\\\/\\\/schema.org\",\"@graph\":[{\"@type\":\"Article\",\"@id\":\"https:\\\/\\\/diariofemenino.com.ar\\\/df\\\/adopcion-de-integracion-de-caracter-excepcional\\\/#article\",\"isPartOf\":{\"@id\":\"https:\\\/\\\/diariofemenino.com.ar\\\/df\\\/adopcion-de-integracion-de-caracter-excepcional\\\/\"},\"author\":{\"name\":\"Admin\",\"@id\":\"https:\\\/\\\/diariofemenino.com.ar\\\/df\\\/#\\\/schema\\\/person\\\/bf6199e8158c657ea6f789b11ec85509\"},\"headline\":\"\u201cAdopci\u00f3n de integraci\u00f3n de car\u00e1cter excepcional donde el pretenso adoptante es el exc\u00f3nyuge de la progenitora de la ni\u00f1a\u201d\",\"datePublished\":\"2021-12-28T11:50:42+00:00\",\"dateModified\":\"2021-12-28T13:07:22+00:00\",\"mainEntityOfPage\":{\"@id\":\"https:\\\/\\\/diariofemenino.com.ar\\\/df\\\/adopcion-de-integracion-de-caracter-excepcional\\\/\"},\"wordCount\":3338,\"commentCount\":1,\"publisher\":{\"@id\":\"https:\\\/\\\/diariofemenino.com.ar\\\/df\\\/#organization\"},\"image\":{\"@id\":\"https:\\\/\\\/diariofemenino.com.ar\\\/df\\\/adopcion-de-integracion-de-caracter-excepcional\\\/#primaryimage\"},\"thumbnailUrl\":\"https:\\\/\\\/diariofemenino.com.ar\\\/df\\\/wp-content\\\/uploads\\\/2021\\\/12\\\/adop1.jpg\",\"keywords\":[\"Adopci\u00f3n de integraci\u00f3n\",\"Destacada\",\"Fallo\"],\"articleSection\":[\"Agenda Feminista\",\"Art\u00edculos y Comunicados\",\"Azul Profundo\"],\"inLanguage\":\"es\",\"potentialAction\":[{\"@type\":\"CommentAction\",\"name\":\"Comment\",\"target\":[\"https:\\\/\\\/diariofemenino.com.ar\\\/df\\\/adopcion-de-integracion-de-caracter-excepcional\\\/#respond\"]}]},{\"@type\":\"WebPage\",\"@id\":\"https:\\\/\\\/diariofemenino.com.ar\\\/df\\\/adopcion-de-integracion-de-caracter-excepcional\\\/\",\"url\":\"https:\\\/\\\/diariofemenino.com.ar\\\/df\\\/adopcion-de-integracion-de-caracter-excepcional\\\/\",\"name\":\"\u201cAdopci\u00f3n de integraci\u00f3n de car\u00e1cter excepcional donde el pretenso adoptante es el exc\u00f3nyuge de la progenitora de la ni\u00f1a\u201d - Diario Digital Femenino\",\"isPartOf\":{\"@id\":\"https:\\\/\\\/diariofemenino.com.ar\\\/df\\\/#website\"},\"primaryImageOfPage\":{\"@id\":\"https:\\\/\\\/diariofemenino.com.ar\\\/df\\\/adopcion-de-integracion-de-caracter-excepcional\\\/#primaryimage\"},\"image\":{\"@id\":\"https:\\\/\\\/diariofemenino.com.ar\\\/df\\\/adopcion-de-integracion-de-caracter-excepcional\\\/#primaryimage\"},\"thumbnailUrl\":\"https:\\\/\\\/diariofemenino.com.ar\\\/df\\\/wp-content\\\/uploads\\\/2021\\\/12\\\/adop1.jpg\",\"datePublished\":\"2021-12-28T11:50:42+00:00\",\"dateModified\":\"2021-12-28T13:07:22+00:00\",\"description\":\"Adopci\u00f3n de integraci\u00f3n.\",\"breadcrumb\":{\"@id\":\"https:\\\/\\\/diariofemenino.com.ar\\\/df\\\/adopcion-de-integracion-de-caracter-excepcional\\\/#breadcrumb\"},\"inLanguage\":\"es\",\"potentialAction\":[{\"@type\":\"ReadAction\",\"target\":[\"https:\\\/\\\/diariofemenino.com.ar\\\/df\\\/adopcion-de-integracion-de-caracter-excepcional\\\/\"]}]},{\"@type\":\"ImageObject\",\"inLanguage\":\"es\",\"@id\":\"https:\\\/\\\/diariofemenino.com.ar\\\/df\\\/adopcion-de-integracion-de-caracter-excepcional\\\/#primaryimage\",\"url\":\"https:\\\/\\\/diariofemenino.com.ar\\\/df\\\/wp-content\\\/uploads\\\/2021\\\/12\\\/adop1.jpg\",\"contentUrl\":\"https:\\\/\\\/diariofemenino.com.ar\\\/df\\\/wp-content\\\/uploads\\\/2021\\\/12\\\/adop1.jpg\",\"width\":1126,\"height\":748,\"caption\":\"Adopci\u00f3n de integraci\u00f3n de car\u00e1cter excepcional\"},{\"@type\":\"BreadcrumbList\",\"@id\":\"https:\\\/\\\/diariofemenino.com.ar\\\/df\\\/adopcion-de-integracion-de-caracter-excepcional\\\/#breadcrumb\",\"itemListElement\":[{\"@type\":\"ListItem\",\"position\":1,\"name\":\"Portada\",\"item\":\"https:\\\/\\\/diariofemenino.com.ar\\\/df\\\/\"},{\"@type\":\"ListItem\",\"position\":2,\"name\":\"\u201cAdopci\u00f3n de integraci\u00f3n de car\u00e1cter excepcional donde el pretenso adoptante es el exc\u00f3nyuge de la progenitora de la ni\u00f1a\u201d\"}]},{\"@type\":\"WebSite\",\"@id\":\"https:\\\/\\\/diariofemenino.com.ar\\\/df\\\/#website\",\"url\":\"https:\\\/\\\/diariofemenino.com.ar\\\/df\\\/\",\"name\":\"Diario Digital Femenino\",\"description\":\"Cuesti\u00f3n de G\u00e9nero\",\"publisher\":{\"@id\":\"https:\\\/\\\/diariofemenino.com.ar\\\/df\\\/#organization\"},\"potentialAction\":[{\"@type\":\"SearchAction\",\"target\":{\"@type\":\"EntryPoint\",\"urlTemplate\":\"https:\\\/\\\/diariofemenino.com.ar\\\/df\\\/?s={search_term_string}\"},\"query-input\":{\"@type\":\"PropertyValueSpecification\",\"valueRequired\":true,\"valueName\":\"search_term_string\"}}],\"inLanguage\":\"es\"},{\"@type\":\"Organization\",\"@id\":\"https:\\\/\\\/diariofemenino.com.ar\\\/df\\\/#organization\",\"name\":\"Diario Femenino\",\"url\":\"https:\\\/\\\/diariofemenino.com.ar\\\/df\\\/\",\"logo\":{\"@type\":\"ImageObject\",\"inLanguage\":\"es\",\"@id\":\"https:\\\/\\\/diariofemenino.com.ar\\\/df\\\/#\\\/schema\\\/logo\\\/image\\\/\",\"url\":\"https:\\\/\\\/diariofemenino.com.ar\\\/df\\\/wp-content\\\/uploads\\\/2018\\\/10\\\/logo.png\",\"contentUrl\":\"https:\\\/\\\/diariofemenino.com.ar\\\/df\\\/wp-content\\\/uploads\\\/2018\\\/10\\\/logo.png\",\"width\":500,\"height\":92,\"caption\":\"Diario Femenino\"},\"image\":{\"@id\":\"https:\\\/\\\/diariofemenino.com.ar\\\/df\\\/#\\\/schema\\\/logo\\\/image\\\/\"},\"sameAs\":[\"https:\\\/\\\/www.facebook.com\\\/DiarioDigitaFemenino\\\/\",\"https:\\\/\\\/x.com\\\/DiarioFemenino1\"]},{\"@type\":\"Person\",\"@id\":\"https:\\\/\\\/diariofemenino.com.ar\\\/df\\\/#\\\/schema\\\/person\\\/bf6199e8158c657ea6f789b11ec85509\",\"name\":\"Admin\",\"image\":{\"@type\":\"ImageObject\",\"inLanguage\":\"es\",\"@id\":\"https:\\\/\\\/diariofemenino.com.ar\\\/df\\\/wp-content\\\/uploads\\\/2018\\\/12\\\/favicon-150x150.jpg\",\"url\":\"https:\\\/\\\/diariofemenino.com.ar\\\/df\\\/wp-content\\\/uploads\\\/2018\\\/12\\\/favicon-150x150.jpg\",\"contentUrl\":\"https:\\\/\\\/diariofemenino.com.ar\\\/df\\\/wp-content\\\/uploads\\\/2018\\\/12\\\/favicon-150x150.jpg\",\"caption\":\"Admin\"},\"url\":\"https:\\\/\\\/diariofemenino.com.ar\\\/df\\\/author\\\/lenny\\\/\"}]}<\/script>\n<!-- \/ Yoast SEO plugin. -->","yoast_head_json":{"title":"\u201cAdopci\u00f3n de integraci\u00f3n de car\u00e1cter excepcional donde el pretenso adoptante es el exc\u00f3nyuge de la progenitora de la ni\u00f1a\u201d - Diario Digital Femenino","description":"Adopci\u00f3n de integraci\u00f3n.","robots":{"index":"index","follow":"follow","max-snippet":"max-snippet:-1","max-image-preview":"max-image-preview:large","max-video-preview":"max-video-preview:-1"},"canonical":"https:\/\/diariofemenino.com.ar\/df\/adopcion-de-integracion-de-caracter-excepcional\/","og_locale":"es_ES","og_type":"article","og_title":"\u201cAdopci\u00f3n de integraci\u00f3n de car\u00e1cter excepcional donde el pretenso adoptante es el exc\u00f3nyuge de la progenitora de la ni\u00f1a\u201d - Diario Digital Femenino","og_description":"Adopci\u00f3n de integraci\u00f3n.","og_url":"https:\/\/diariofemenino.com.ar\/df\/adopcion-de-integracion-de-caracter-excepcional\/","og_site_name":"Diario Digital Femenino","article_publisher":"https:\/\/www.facebook.com\/DiarioDigitaFemenino\/","article_published_time":"2021-12-28T11:50:42+00:00","article_modified_time":"2021-12-28T13:07:22+00:00","og_image":[{"width":1126,"height":748,"url":"https:\/\/diariofemenino.com.ar\/df\/wp-content\/uploads\/2021\/12\/adop1.jpg","type":"image\/jpeg"}],"author":"Admin","twitter_card":"summary_large_image","twitter_creator":"@DiarioFemenino1","twitter_site":"@DiarioFemenino1","twitter_misc":{"Escrito por":"Admin","Tiempo de lectura":"17 minutos"},"schema":{"@context":"https:\/\/schema.org","@graph":[{"@type":"Article","@id":"https:\/\/diariofemenino.com.ar\/df\/adopcion-de-integracion-de-caracter-excepcional\/#article","isPartOf":{"@id":"https:\/\/diariofemenino.com.ar\/df\/adopcion-de-integracion-de-caracter-excepcional\/"},"author":{"name":"Admin","@id":"https:\/\/diariofemenino.com.ar\/df\/#\/schema\/person\/bf6199e8158c657ea6f789b11ec85509"},"headline":"\u201cAdopci\u00f3n de integraci\u00f3n de car\u00e1cter excepcional donde el pretenso adoptante es el exc\u00f3nyuge de la progenitora de la ni\u00f1a\u201d","datePublished":"2021-12-28T11:50:42+00:00","dateModified":"2021-12-28T13:07:22+00:00","mainEntityOfPage":{"@id":"https:\/\/diariofemenino.com.ar\/df\/adopcion-de-integracion-de-caracter-excepcional\/"},"wordCount":3338,"commentCount":1,"publisher":{"@id":"https:\/\/diariofemenino.com.ar\/df\/#organization"},"image":{"@id":"https:\/\/diariofemenino.com.ar\/df\/adopcion-de-integracion-de-caracter-excepcional\/#primaryimage"},"thumbnailUrl":"https:\/\/diariofemenino.com.ar\/df\/wp-content\/uploads\/2021\/12\/adop1.jpg","keywords":["Adopci\u00f3n de integraci\u00f3n","Destacada","Fallo"],"articleSection":["Agenda Feminista","Art\u00edculos y Comunicados","Azul Profundo"],"inLanguage":"es","potentialAction":[{"@type":"CommentAction","name":"Comment","target":["https:\/\/diariofemenino.com.ar\/df\/adopcion-de-integracion-de-caracter-excepcional\/#respond"]}]},{"@type":"WebPage","@id":"https:\/\/diariofemenino.com.ar\/df\/adopcion-de-integracion-de-caracter-excepcional\/","url":"https:\/\/diariofemenino.com.ar\/df\/adopcion-de-integracion-de-caracter-excepcional\/","name":"\u201cAdopci\u00f3n de integraci\u00f3n de car\u00e1cter excepcional donde el pretenso adoptante es el exc\u00f3nyuge de la progenitora de la ni\u00f1a\u201d - Diario Digital Femenino","isPartOf":{"@id":"https:\/\/diariofemenino.com.ar\/df\/#website"},"primaryImageOfPage":{"@id":"https:\/\/diariofemenino.com.ar\/df\/adopcion-de-integracion-de-caracter-excepcional\/#primaryimage"},"image":{"@id":"https:\/\/diariofemenino.com.ar\/df\/adopcion-de-integracion-de-caracter-excepcional\/#primaryimage"},"thumbnailUrl":"https:\/\/diariofemenino.com.ar\/df\/wp-content\/uploads\/2021\/12\/adop1.jpg","datePublished":"2021-12-28T11:50:42+00:00","dateModified":"2021-12-28T13:07:22+00:00","description":"Adopci\u00f3n de integraci\u00f3n.","breadcrumb":{"@id":"https:\/\/diariofemenino.com.ar\/df\/adopcion-de-integracion-de-caracter-excepcional\/#breadcrumb"},"inLanguage":"es","potentialAction":[{"@type":"ReadAction","target":["https:\/\/diariofemenino.com.ar\/df\/adopcion-de-integracion-de-caracter-excepcional\/"]}]},{"@type":"ImageObject","inLanguage":"es","@id":"https:\/\/diariofemenino.com.ar\/df\/adopcion-de-integracion-de-caracter-excepcional\/#primaryimage","url":"https:\/\/diariofemenino.com.ar\/df\/wp-content\/uploads\/2021\/12\/adop1.jpg","contentUrl":"https:\/\/diariofemenino.com.ar\/df\/wp-content\/uploads\/2021\/12\/adop1.jpg","width":1126,"height":748,"caption":"Adopci\u00f3n de integraci\u00f3n de car\u00e1cter excepcional"},{"@type":"BreadcrumbList","@id":"https:\/\/diariofemenino.com.ar\/df\/adopcion-de-integracion-de-caracter-excepcional\/#breadcrumb","itemListElement":[{"@type":"ListItem","position":1,"name":"Portada","item":"https:\/\/diariofemenino.com.ar\/df\/"},{"@type":"ListItem","position":2,"name":"\u201cAdopci\u00f3n de integraci\u00f3n de car\u00e1cter excepcional donde el pretenso adoptante es el exc\u00f3nyuge de la progenitora de la ni\u00f1a\u201d"}]},{"@type":"WebSite","@id":"https:\/\/diariofemenino.com.ar\/df\/#website","url":"https:\/\/diariofemenino.com.ar\/df\/","name":"Diario Digital Femenino","description":"Cuesti\u00f3n de G\u00e9nero","publisher":{"@id":"https:\/\/diariofemenino.com.ar\/df\/#organization"},"potentialAction":[{"@type":"SearchAction","target":{"@type":"EntryPoint","urlTemplate":"https:\/\/diariofemenino.com.ar\/df\/?s={search_term_string}"},"query-input":{"@type":"PropertyValueSpecification","valueRequired":true,"valueName":"search_term_string"}}],"inLanguage":"es"},{"@type":"Organization","@id":"https:\/\/diariofemenino.com.ar\/df\/#organization","name":"Diario Femenino","url":"https:\/\/diariofemenino.com.ar\/df\/","logo":{"@type":"ImageObject","inLanguage":"es","@id":"https:\/\/diariofemenino.com.ar\/df\/#\/schema\/logo\/image\/","url":"https:\/\/diariofemenino.com.ar\/df\/wp-content\/uploads\/2018\/10\/logo.png","contentUrl":"https:\/\/diariofemenino.com.ar\/df\/wp-content\/uploads\/2018\/10\/logo.png","width":500,"height":92,"caption":"Diario Femenino"},"image":{"@id":"https:\/\/diariofemenino.com.ar\/df\/#\/schema\/logo\/image\/"},"sameAs":["https:\/\/www.facebook.com\/DiarioDigitaFemenino\/","https:\/\/x.com\/DiarioFemenino1"]},{"@type":"Person","@id":"https:\/\/diariofemenino.com.ar\/df\/#\/schema\/person\/bf6199e8158c657ea6f789b11ec85509","name":"Admin","image":{"@type":"ImageObject","inLanguage":"es","@id":"https:\/\/diariofemenino.com.ar\/df\/wp-content\/uploads\/2018\/12\/favicon-150x150.jpg","url":"https:\/\/diariofemenino.com.ar\/df\/wp-content\/uploads\/2018\/12\/favicon-150x150.jpg","contentUrl":"https:\/\/diariofemenino.com.ar\/df\/wp-content\/uploads\/2018\/12\/favicon-150x150.jpg","caption":"Admin"},"url":"https:\/\/diariofemenino.com.ar\/df\/author\/lenny\/"}]}},"jetpack_featured_media_url":"https:\/\/diariofemenino.com.ar\/df\/wp-content\/uploads\/2021\/12\/adop1.jpg","jetpack_sharing_enabled":true,"rttpg_featured_image_url":{"full":["https:\/\/diariofemenino.com.ar\/df\/wp-content\/uploads\/2021\/12\/adop1.jpg",1126,748,false],"landscape":["https:\/\/diariofemenino.com.ar\/df\/wp-content\/uploads\/2021\/12\/adop1.jpg",1126,748,false],"portraits":["https:\/\/diariofemenino.com.ar\/df\/wp-content\/uploads\/2021\/12\/adop1.jpg",1126,748,false],"thumbnail":["https:\/\/diariofemenino.com.ar\/df\/wp-content\/uploads\/2021\/12\/adop1-150x150.jpg",150,150,true],"medium":["https:\/\/diariofemenino.com.ar\/df\/wp-content\/uploads\/2021\/12\/adop1-300x199.jpg",300,199,true],"large":["https:\/\/diariofemenino.com.ar\/df\/wp-content\/uploads\/2021\/12\/adop1-1024x680.jpg",1024,680,true],"1536x1536":["https:\/\/diariofemenino.com.ar\/df\/wp-content\/uploads\/2021\/12\/adop1.jpg",1126,748,false],"2048x2048":["https:\/\/diariofemenino.com.ar\/df\/wp-content\/uploads\/2021\/12\/adop1.jpg",1126,748,false]},"rttpg_author":{"display_name":"Admin","author_link":"https:\/\/diariofemenino.com.ar\/df\/author\/lenny\/"},"rttpg_comment":1,"rttpg_category":"<a href=\"https:\/\/diariofemenino.com.ar\/df\/category\/agenda-feminista\/\" rel=\"category tag\">Agenda Feminista<\/a> <a href=\"https:\/\/diariofemenino.com.ar\/df\/category\/articulos-y-comunicados\/\" rel=\"category tag\">Art\u00edculos y Comunicados<\/a> <a href=\"https:\/\/diariofemenino.com.ar\/df\/category\/azul-profundo\/\" rel=\"category tag\">Azul Profundo<\/a>","rttpg_excerpt":"FALLO: B. R. E. C\/\u00a0 S\/ ADOPCI\u00d3N\u201d EXP N\u00b0 339580\/19. San Luis, dos de diciembre de dos mil veintiuno.- Por\u00a0Erica P\u00e9rez* I- Resumen de los hechos: Mediante presentaci\u00f3n en fecha quince de abril de dos mil diecinueve, se presenta el Sr. B.R.E. promueve demanda de adopci\u00f3n plena de la ni\u00f1a I. L.R., ya que estuvo&hellip;","_links":{"self":[{"href":"https:\/\/diariofemenino.com.ar\/df\/wp-json\/wp\/v2\/posts\/62615","targetHints":{"allow":["GET"]}}],"collection":[{"href":"https:\/\/diariofemenino.com.ar\/df\/wp-json\/wp\/v2\/posts"}],"about":[{"href":"https:\/\/diariofemenino.com.ar\/df\/wp-json\/wp\/v2\/types\/post"}],"author":[{"embeddable":true,"href":"https:\/\/diariofemenino.com.ar\/df\/wp-json\/wp\/v2\/users\/4"}],"replies":[{"embeddable":true,"href":"https:\/\/diariofemenino.com.ar\/df\/wp-json\/wp\/v2\/comments?post=62615"}],"version-history":[{"count":0,"href":"https:\/\/diariofemenino.com.ar\/df\/wp-json\/wp\/v2\/posts\/62615\/revisions"}],"wp:featuredmedia":[{"embeddable":true,"href":"https:\/\/diariofemenino.com.ar\/df\/wp-json\/wp\/v2\/media\/62620"}],"wp:attachment":[{"href":"https:\/\/diariofemenino.com.ar\/df\/wp-json\/wp\/v2\/media?parent=62615"}],"wp:term":[{"taxonomy":"category","embeddable":true,"href":"https:\/\/diariofemenino.com.ar\/df\/wp-json\/wp\/v2\/categories?post=62615"},{"taxonomy":"post_tag","embeddable":true,"href":"https:\/\/diariofemenino.com.ar\/df\/wp-json\/wp\/v2\/tags?post=62615"}],"curies":[{"name":"wp","href":"https:\/\/api.w.org\/{rel}","templated":true}]}}