{"id":62389,"date":"2021-12-13T10:32:22","date_gmt":"2021-12-13T13:32:22","guid":{"rendered":"https:\/\/diariofemenino.com.ar\/df\/?p=62389"},"modified":"2021-12-13T10:32:22","modified_gmt":"2021-12-13T13:32:22","slug":"alessandra-luna-conurtrava","status":"publish","type":"post","link":"https:\/\/diariofemenino.com.ar\/df\/alessandra-luna-conurtrava\/","title":{"rendered":"Alessandra Luna, conurtrava: \u201cMi deseo es que en un momento todes podamos ser trans del sistema sexo\/g\u00e9nero\u201d"},"content":{"rendered":"<p>Alessandra Luna.<\/p>\n<p><a href=\"https:\/\/www.instagram.com\/alessandraluna.ok\/\">Alessandra<\/a> tiene una mirada que hace que, enseguida, te des cuenta de su capacidad.<\/p>\n<p>Y comentarios que, enseguida, te das cuenta que tiene mucho sentido del humor y sensibilidad.<\/p>\n<figure id=\"attachment_62392\" aria-describedby=\"caption-attachment-62392\" style=\"width: 142px\" class=\"wp-caption alignleft\"><img loading=\"lazy\" decoding=\"async\" class=\"wp-image-62392\" src=\"https:\/\/diariofemenino.com.ar\/df\/wp-content\/uploads\/2021\/12\/WhatsApp-Image-2021-11-05-at-11.32.14-PM-2-485x1024.jpeg\" alt=\"Alessandra Luna\" width=\"142\" height=\"300\" srcset=\"https:\/\/diariofemenino.com.ar\/df\/wp-content\/uploads\/2021\/12\/WhatsApp-Image-2021-11-05-at-11.32.14-PM-2-485x1024.jpeg 485w, https:\/\/diariofemenino.com.ar\/df\/wp-content\/uploads\/2021\/12\/WhatsApp-Image-2021-11-05-at-11.32.14-PM-2-142x300.jpeg 142w, https:\/\/diariofemenino.com.ar\/df\/wp-content\/uploads\/2021\/12\/WhatsApp-Image-2021-11-05-at-11.32.14-PM-2.jpeg 606w\" sizes=\"auto, (max-width: 142px) 100vw, 142px\" \/><figcaption id=\"caption-attachment-62392\" class=\"wp-caption-text\">Alessandra Luna<\/figcaption><\/figure>\n<p>Tambi\u00e9n habla \u201ca calz\u00f3n quitado\u201d sin eufemismos ni met\u00e1foras, tira de manera directa lo bueno y lo malo y se muestra sincera y abiertamente.<\/p>\n<p>En sus gestos y en sus formas pod\u00e9s notar un largo recorrido vivencial y mucha capacidad para tomar aprendizajes de todas esas experiencias, una construcci\u00f3n ideol\u00f3gica s\u00f3lida que combina un recorrido personal y muchas horas de lectura.<\/p>\n<p>Ella activa en varios espacios de lucha, pinta cuadros cargados de mensajes pol\u00edticos, organiza su espacio \u00abAcuarelas del Sur\u00bb, estudi\u00f3 dise\u00f1o industrial, dise\u00f1o de indumentaria y actualmente cursa la licenciatura en ciencias pol\u00edticas.<\/p>\n<p>Y en el a\u00f1o 2019 sac\u00f3 su primer libro \u00ab<a href=\"https:\/\/generoenamericalatina.org\/2019\/06\/23\/alessandra-luna-presento-su-libro-la-leviatana-en-san-isidro\/\">La leviatana<\/a>\u00bb<\/p>\n<p>Por\u00a0<a href=\"https:\/\/diariofemenino.com.ar\/df\/category\/articulos\/\"><strong>Mari Blanca<\/strong><\/a>*<\/p>\n<p><strong>\u00bfQu\u00e9 significa ser conurtrava del tercer cord\u00f3n y que postura pol\u00edtica visibilizas al presentarte de esa manera?<\/strong><\/p>\n<p>-No es lo mismo ser puto, torta o trava en las grandes ciudades que serlo en los conurbanos o serlo en los periconurbanos. Al decir conurtrava del tercer cord\u00f3n expongo que hay violencias espec\u00edficas relacionadas con el lugar que habito que es necesario exponer. Son mis atravesamientos, los condicionamientos de mi identidad. Yo no solo soy travesti, soy conurbana, soy feminista, soy abolicionista. Y el conurbano es muy amplio, el primer anillo tiene caracter\u00edsticas de las ciudades, el segundo anillo ya se va diferenciando y el tercer anillo est\u00e1 m\u00e1s desprovisto, tiene menos estructuras, a medida que te vas alejando cada municipio va retrocediendo diez, quince a\u00f1os en el tiempo. Y el peri conurbano ya tiene caracter\u00edsticas del campo, de los pueblos del interior del pa\u00eds. La postura pol\u00edtica tiene que ver con eso: desde donde hablo.<\/p>\n<p><strong>\u00bfCu\u00e1les son las violencias que reciben las identidades travesti\/trans en la infancia y adolescencia?<\/strong><\/p>\n<p>-Somos privadas de nuestras infancias porque realmente no podemos desarrollarlas de acuerdo a nuestro g\u00e9nero, entonces son infancias inconclusas, infancias robadas, de parte de la sociedad, del sistema, que no las recuperamos nunca m\u00e1s.<\/p>\n<p>Las violencias tienen que ver con lo sistem\u00e1tico, en lo cl\u00ednico, en calificarnos a las personas de manera binaria en este sistema administrativo, gui\u00e1ndose por se\u00f1as f\u00edsicas, que ajustan todo el real espectro variado solo a un binomio. Luego vienen las familias que est\u00e1n formateadas de una forma, que no accedieron a la informaci\u00f3n para saber identificar y acompa\u00f1ar en un principio a infancias trans, travestis, y obvio que por desinformaci\u00f3n u omisi\u00f3n empezamos a sufrir violencias. La familia puede ser tu primer apoyo o tu primera barrera, tu primer enemigo, muchas adolescencias trans tienen que abandonar sus hogares. Y luego las instituciones, colegio, escuela, el bullying, la burla\u2026y todo eso situ\u00e1ndonos en argentina porque en otros paises hay otras penalizaciones, incluso del estado.<\/p>\n<p>Pero en Argentina sufrimos bullying, discriminaciones, violencia f\u00edsica, que todo impacta duramente en nuestra salud mental.<\/p>\n<figure id=\"attachment_62393\" aria-describedby=\"caption-attachment-62393\" style=\"width: 657px\" class=\"wp-caption aligncenter\"><img loading=\"lazy\" decoding=\"async\" class=\" wp-image-62393\" src=\"https:\/\/diariofemenino.com.ar\/df\/wp-content\/uploads\/2021\/12\/WhatsApp-Image-2021-11-05-at-11.32.14-PM-1024x999.jpeg\" alt=\"Alessandra Luna, conurtrava: \u201cMi deseo es que en un momento todes podamos ser trans del sistema sexo\/g\u00e9nero\u201d\" width=\"657\" height=\"641\" srcset=\"https:\/\/diariofemenino.com.ar\/df\/wp-content\/uploads\/2021\/12\/WhatsApp-Image-2021-11-05-at-11.32.14-PM-1024x999.jpeg 1024w, https:\/\/diariofemenino.com.ar\/df\/wp-content\/uploads\/2021\/12\/WhatsApp-Image-2021-11-05-at-11.32.14-PM-300x293.jpeg 300w, https:\/\/diariofemenino.com.ar\/df\/wp-content\/uploads\/2021\/12\/WhatsApp-Image-2021-11-05-at-11.32.14-PM-768x749.jpeg 768w, https:\/\/diariofemenino.com.ar\/df\/wp-content\/uploads\/2021\/12\/WhatsApp-Image-2021-11-05-at-11.32.14-PM.jpeg 1280w\" sizes=\"auto, (max-width: 657px) 100vw, 657px\" \/><figcaption id=\"caption-attachment-62393\" class=\"wp-caption-text\">Alessandra Luna, conurtrava: \u201cMi deseo es que en un momento todes podamos ser trans del sistema sexo\/g\u00e9nero\u201d<\/figcaption><\/figure>\n<p><strong>\u00bfEn qu\u00e9 momento de tu vida y c\u00f3mo apareci\u00f3 el transfeminismo?<\/strong><\/p>\n<p>-Primeramente, apareci\u00f3 el feminismo y luego el transfenimismo.<br \/>\nY este apareci\u00f3 hace tres a\u00f1os, cuatro a\u00f1os, como una derivaci\u00f3n del feminismo, porque hablamos de los feminismos, pero si un feminismo es inclusivo no tendr\u00edamos que hablar de transfeminismo. Es una contradicci\u00f3n en s\u00ed misma. Yo me considero feminista pero desgraciadamente tengo que aclarar que soy transfeminista. Porque hay tambi\u00e9n contraflujos dentro del feminismo que son trans-excluyentes, entonces, hay que aclarar y para mi se aleja de los principios del feminismo, pero bueno\u2026apareci\u00f3 el feminismo hace unos a\u00f1os, quiz\u00e1s alrededor de siete a\u00f1os, ocho, y el transfeminismo hace tres a\u00f1os, tuve que recurrir al transfeminismo&#8230; o es la parte id\u00edlica del feminismo, el transfeminismo.<\/p>\n<p>Creo que me salv\u00f3 la vida y me sigue salvando la vida, d\u00eda a d\u00eda. Ojal\u00e1 lo hubiera conocido antes, quiz\u00e1s hubiera sido las cosas de otra manera.<\/p>\n<p><strong>\u00bfCu\u00e1les son tus principales motores de vida?<\/strong><\/p>\n<p>-No s\u00e9 jajajaja, es algo adentro, un fuego, una inquietud, es alfo que much\u00edsimas veces tomo la decisi\u00f3n de aquietarme, de calmarme, de\u2026 pero bueno, no se puede, pienso que es lo mismo que el g\u00e9nero, es algo de lo que no pod\u00e9s desviar una vez que lo conoces, es el fuego feminista que una vez que se prende no se apaga m\u00e1s, no es una decisi\u00f3n, al contrario, muchas veces la decisi\u00f3n por preservar mi salud mental es lo contrario. Pero bueno, no se puede apagar, es un fuego que siempre se est\u00e1 avivando, cada vez m\u00e1s.<\/p>\n<p>\u00bfQu\u00e9 te impulsa a accionar todo lo que haces en lo privado y en lo public\u00f3?<\/p>\n<p>-Las acciones en clave feminista son un horizonte \u201chasta ah\u00ed llego, hasta ah\u00ed aprendo, hasta ah\u00ed est\u00e1 bien\u201d y cuando lleg\u00e1s a ese horizonte el horizonte est\u00e1 m\u00e1s all\u00e1. Lo mismo pasa con las acciones, lleg\u00e1s a un lugar y la inercia te lleva m\u00e1s all\u00e1 y vos te dej\u00e1s llevar, es una simbiosis.<\/p>\n<p>Y en lo p\u00fablico me da la sensaci\u00f3n de tener un objetivo, una meta, pero no la identifico, no s\u00e9 bien hasta d\u00f3nde, creo que es la igualdad el objetivo. Y se hizo mucho, pero falta mucho, es como eso del horizonte, lleg\u00e1s hasta un lugar y pens\u00e1s\u2026falta m\u00e1s.<\/p>\n<p>Nada se hace en soledad, como dec\u00eda Diana Sacay\u00e1n: \u201cUna construcci\u00f3n no es posible en soledad\u201d.\u00a0 Siempre las transformaciones tienen que ser en lo \u00edntimo para despu\u00e9s insertarse en lo p\u00fablico y al rev\u00e9s, en lo colectivo para poder transformar lo cotidiano.<\/p>\n<p><strong>\u00bfQu\u00e9 cambios trajo en tu vida la ley de cupo laboral trans\/travesti?<\/strong><\/p>\n<p>-Una seguridad, yo creo que las personas trans\/travestis vivimos de gitanas. Somos las peluqueras, tiramos las cartas, cosemos, nos prostituimos, hacemos bijou. Siempre hacemos un teje, siempre viendo, juntando el dinero para poder comprar luego, siempre la inseguridad viviendo de forma marginal, como muy modesta. A mi la ley, a mis 47 a\u00f1os, me cambi\u00f3 la vida, puedo planificar de otra forma, puedo hacer cosas en mi casa que jam\u00e1s pens\u00e9 que las pod\u00eda hacer \u00a1que much\u00edsima gente tampoco las tiene! Pero a nivel colectivo, la mayor\u00eda puede llegar a tenerlas.<\/p>\n<p>Peque\u00f1as cosas como revocar las paredes de mi casa, emprolijar los cables que no est\u00e9n colgando, tener agua caliente, poder decir, bueno, salgo y me doy este gusto\u2026todav\u00eda no me sent\u00e9 a un restaurante, pero si me par\u00e9 a comer un chorip\u00e1n, jajaja \u00a1bueno, puedo hacerlo!<\/p>\n<p>Regalar cosas, antes regalaba cosas que hac\u00eda manualmente, o cosas que me hab\u00edan regalado. Ahora puedo comprar cosas para regalar, y las impregno con detalles m\u00edos, para que tengan algo de m\u00ed porque me gusta eso y me gusta regalarles cosas a compa\u00f1eras que por ah\u00ed no tiene laburo. Lo que a me hubiera gustado, o que hicieron por m\u00ed, cuando no ten\u00eda trabajo por la ley de cupo laboral trans.<\/p>\n<p><strong>\u00bfQu\u00e9 objetivos tiene \u00ab<a href=\"https:\/\/www.facebook.com\/Acuarelas-Del-Sur-335395283711052\/\">Acuarelas del Sur<\/a>\u00ab?<\/strong><\/p>\n<p>-Es una casa de fiestas, es una caja de resonancia, tiene que estar todo el tiempo vibrando porque es parte de mi alma, que pueda haber talleres, reuniones, encuentros, ferias, festivales. Todo en clave feminista, perspectiva, diversidad de g\u00e9nero. Abierto al barrio, el barrio no est\u00e1 del todo preparado, vienen personas de otros lugares, otres feministas, artistas, de otros municipios. Uno de mis objetivos es que la gente del barrio lo habite, lo tome como propio, como lugar de pertenencia. Yo soy hija de Oshun, Oshun en lo que es la mitolog\u00eda africana es el orisha de la alegr\u00eda, la fiesta, el arte, el amor, tiene que ver con el r\u00edo, con la fertilidad. Yo soy hija de Oshun porque vibro con esa energ\u00eda de la naturaleza, esa fuerza viva de la naturaleza. Mi casa es casa de ella y tiene que haber siempre alegr\u00eda, m\u00fasica, canto, tambores, festivales, es una caja de resonancia que siempre tiene que estar vibrando.<\/p>\n<p>A\u00fan no s\u00e9 el destino que quiero para acuarelas, quiz\u00e1s que el d\u00eda que yo no est\u00e9 que alguien siga la posta y que sirva para refugio de personas travestis\/trans, ojal\u00e1 ya haya un refugio, pero si no hay que sirva para eso.<\/p>\n<p><strong>\u00bfCu\u00e1les son tus deseos para la comunidad travesti- trans?<\/strong><\/p>\n<p>-Que todes podamos ser trans y travestis. Yo creo que el d\u00eda que podamos romper el pan\u00f3ptico no necesariamente todes vamos a ser mujeres y hombres, ni siquiera trans ni travestis, vamos a abolir el g\u00e9nero como ordenamiento social. Claro que se necesita saber el g\u00e9nero en cosas como ir al m\u00e9dico, para ordenarse en determinadas cosas para usar esta herramienta de la equidad para llegar a la igualdad, pero creo que logradas esas metas avanzamos, con el feminismo, que crece de manera multiplicada en velocidad, hacia un lugar donde no va a hacer falta el tema de los g\u00e9neros, no va a haber pan\u00f3ptico. Mi deseo es que en un momento todes podamos ser trans del sistema sexo\/g\u00e9nero, o sea que podamos ser libres. Que no necesariamente tengamos que ser hombres, mujeres, trans, travestis, que nuestra identidad la podamos construir desde nuestro interior y conectarla con cosas preexistentes a la colonialidad, con lo originario, la tierra, nuestra ancestralidad y que podamos all\u00ed generar esta conexi\u00f3n que va a dar la idea de nuestra identidad, que no necesariamente tiene que ver con el g\u00e9nero. Y, no s\u00e9 si va a tener que ver con categor\u00edas, pero si con la identidad. Eso me interesar\u00eda, no es que paso por alto el cupo laboral trans\/travesti, pero quiz\u00e1s s\u00ed, me estoy adelantando en mi deseo. Creo que no somos minor\u00eda, porque la pregunta dice \u201c\u00bfCu\u00e1les son tus deseos para la comunidad travesti-trans? \u201ccomo una minor\u00eda, y yo creo que no existen las minor\u00edas, existe la minorizaci\u00f3n como constructo social y como vos pod\u00e9s hacer un constructo y que nadie se salga de lo que tiene que ver con esas \u201cfronteras vigiladas\u201d, como dec\u00eda Foucault. Justamente con el pan\u00f3ptico y con los dispositivos de disciplinamiento. Una vez que esto no exista las personas no nos vamos a quedar en esas categor\u00edas centralizadas, no se hasta que punto va a haber minor\u00edas y mayor\u00edas, sino que va a haber libertad.<\/p>\n<p><strong>\u00bfCu\u00e1les son los sue\u00f1os y despu\u00e9s para tu presente y t\u00fa futuro?<\/strong><\/p>\n<p>-Me encantar\u00eda ser incluida en \u201cReconocer es reparar\u201d porque no s\u00e9 si estoy para trabajar en la formalidad dentro del cupo laboral trans, como muchas otras compa\u00f1eras que hemos sufrido trans\/travesticidio social donde hemos sufrido sist\u00e9micamente violencia hacia nuestros cuerpos y nuestras psiquis. Nuestro promedio de vida es de 35 a\u00f1os, o sea que la que estamos llegando a los 50 estamos en la vejez, con todos los achaques que tenemos en nuestro cuerpo, las intervenciones de las siliconas que nos hizo poner la sociedad para ser legitimizadas y tener cuerpos comerciales para la prostituci\u00f3n, todas las violencias f\u00edsicas desde nuestra ni\u00f1ez, estamos bastante hechas bolsas. Creo que nos merecemos esa reparaci\u00f3n que no es una reparaci\u00f3n en s\u00ed, porque nada va a reparar ese da\u00f1o, pero si es un resarcimiento. Y me gustar\u00eda vivir en el campo, tener internet, escribir, terminar mi licenciatura en ciencias pol\u00edticas y escribir. Investigar, pintar, hacer cuentos fant\u00e1sticos. Seguir trabajando en esta labor, seguir escribiendo para lo que tiene que ver con los g\u00e9neros, las diversidades y la vida misma.<\/p>\n<p><strong>(*)<\/strong>\u00a0Mariposa Blanca, artista. Transfeminista interseccional. Abolicionista. Vegana. Ecologista. Anticapitalista. DDHH ni\u00f1es.<br \/>\nVisita su Canal:\u00a0<a href=\"https:\/\/www.youtube.com\/c\/MariposaBlancaCantante\">https:\/\/www.youtube.com\/c\/MariposaBlancaCantante<\/a><\/p>\n<p>#Ellas en\u00a0<a href=\"https:\/\/diariofemenino.com.ar\/df\/?s=Historias+de+vida\">DDF<\/a><\/p>\n","protected":false},"excerpt":{"rendered":"<p>Alessandra Luna. Alessandra tiene una mirada que hace que, enseguida, te des cuenta de su capacidad. Y comentarios que, enseguida, te das cuenta que tiene mucho sentido del humor y sensibilidad. Tambi\u00e9n habla \u201ca calz\u00f3n quitado\u201d sin eufemismos ni met\u00e1foras, tira de manera directa lo bueno y lo malo y se muestra sincera y abiertamente. [&hellip;]<\/p>\n","protected":false},"author":4,"featured_media":62394,"comment_status":"open","ping_status":"open","sticky":false,"template":"","format":"standard","meta":{"iawp_total_views":316,"footnotes":""},"categories":[1067,581,8,5,6,21,23,592],"tags":[4977,4974,64,4975,26,4976],"class_list":["post-62389","post","type-post","status-publish","format-standard","has-post-thumbnail","hentry","category-agenda-feminista","category-azul-profundo","category-entrevistas","category-historias-de-vida","category-articulos","category-noticias","category-salud","category-violencias","tag-acuarelas-del-sur","tag-alessandra-luna","tag-arte","tag-conurtrava","tag-feminismo","tag-transfeminismo"],"nelio_content":{"autoShareEndMode":"never","automationSources":{"useCustomSentences":false,"customSentences":[]},"efiAlt":"","efiUrl":"","followers":[4],"highlights":[],"isAutoShareEnabled":true,"networkImageIds":[],"permalinkQueryArgs":[],"series":[],"suggestedReferences":[]},"yoast_head":"<!-- This site is optimized with the Yoast SEO plugin v27.5 - https:\/\/yoast.com\/product\/yoast-seo-wordpress\/ -->\n<title>Alessandra Luna, conurtrava: \u201cMi deseo es que en un momento todes podamos ser trans del sistema sexo\/g\u00e9nero\u201d - Diario Digital Femenino<\/title>\n<meta name=\"description\" content=\"Alessandra Luna. En sus gestos y en sus formas pod\u00e9s notar un largo recorrido vivencial y mucha capacidad para tomar aprendizajes de todas esas experiencias\" \/>\n<meta name=\"robots\" content=\"index, follow, max-snippet:-1, max-image-preview:large, max-video-preview:-1\" \/>\n<link rel=\"canonical\" href=\"https:\/\/diariofemenino.com.ar\/df\/alessandra-luna-conurtrava\/\" \/>\n<meta property=\"og:locale\" content=\"es_ES\" \/>\n<meta property=\"og:type\" content=\"article\" \/>\n<meta property=\"og:title\" content=\"Alessandra Luna, conurtrava: \u201cMi deseo es que en un momento todes podamos ser trans del sistema sexo\/g\u00e9nero\u201d - Diario Digital Femenino\" \/>\n<meta property=\"og:description\" content=\"Alessandra Luna. En sus gestos y en sus formas pod\u00e9s notar un largo recorrido vivencial y mucha capacidad para tomar aprendizajes de todas esas experiencias\" \/>\n<meta property=\"og:url\" content=\"https:\/\/diariofemenino.com.ar\/df\/alessandra-luna-conurtrava\/\" \/>\n<meta property=\"og:site_name\" content=\"Diario Digital Femenino\" \/>\n<meta property=\"article:publisher\" content=\"https:\/\/www.facebook.com\/DiarioDigitaFemenino\/\" \/>\n<meta property=\"article:published_time\" content=\"2021-12-13T13:32:22+00:00\" \/>\n<meta property=\"og:image\" content=\"https:\/\/diariofemenino.com.ar\/df\/wp-content\/uploads\/2021\/12\/WhatsApp-Image-2021-11-05-at-11.32.14-PM-1.jpeg\" \/>\n\t<meta property=\"og:image:width\" content=\"720\" \/>\n\t<meta property=\"og:image:height\" content=\"405\" \/>\n\t<meta property=\"og:image:type\" content=\"image\/jpeg\" \/>\n<meta name=\"author\" content=\"Admin\" \/>\n<meta name=\"twitter:card\" content=\"summary_large_image\" \/>\n<meta name=\"twitter:creator\" content=\"@DiarioFemenino1\" \/>\n<meta name=\"twitter:site\" content=\"@DiarioFemenino1\" \/>\n<meta name=\"twitter:label1\" content=\"Escrito por\" \/>\n\t<meta name=\"twitter:data1\" content=\"Admin\" \/>\n\t<meta name=\"twitter:label2\" content=\"Tiempo de lectura\" \/>\n\t<meta name=\"twitter:data2\" content=\"10 minutos\" \/>\n<script type=\"application\/ld+json\" class=\"yoast-schema-graph\">{\"@context\":\"https:\\\/\\\/schema.org\",\"@graph\":[{\"@type\":\"Article\",\"@id\":\"https:\\\/\\\/diariofemenino.com.ar\\\/df\\\/alessandra-luna-conurtrava\\\/#article\",\"isPartOf\":{\"@id\":\"https:\\\/\\\/diariofemenino.com.ar\\\/df\\\/alessandra-luna-conurtrava\\\/\"},\"author\":{\"name\":\"Admin\",\"@id\":\"https:\\\/\\\/diariofemenino.com.ar\\\/df\\\/#\\\/schema\\\/person\\\/bf6199e8158c657ea6f789b11ec85509\"},\"headline\":\"Alessandra Luna, conurtrava: \u201cMi deseo es que en un momento todes podamos ser trans del sistema sexo\\\/g\u00e9nero\u201d\",\"datePublished\":\"2021-12-13T13:32:22+00:00\",\"mainEntityOfPage\":{\"@id\":\"https:\\\/\\\/diariofemenino.com.ar\\\/df\\\/alessandra-luna-conurtrava\\\/\"},\"wordCount\":2079,\"commentCount\":0,\"publisher\":{\"@id\":\"https:\\\/\\\/diariofemenino.com.ar\\\/df\\\/#organization\"},\"image\":{\"@id\":\"https:\\\/\\\/diariofemenino.com.ar\\\/df\\\/alessandra-luna-conurtrava\\\/#primaryimage\"},\"thumbnailUrl\":\"https:\\\/\\\/diariofemenino.com.ar\\\/df\\\/wp-content\\\/uploads\\\/2021\\\/12\\\/WhatsApp-Image-2021-11-05-at-11.32.14-PM-1.jpeg\",\"keywords\":[\"Acuarelas del Sur\",\"Alessandra Luna\",\"Arte\",\"Conurtrava\",\"Feminismo\",\"Transfeminismo\"],\"articleSection\":[\"Agenda Feminista\",\"Azul Profundo\",\"Entrevistas\",\"Historias de vida\",\"Mujeres en Palabras\",\"Noticias\",\"Salud\",\"Violencias\"],\"inLanguage\":\"es\",\"potentialAction\":[{\"@type\":\"CommentAction\",\"name\":\"Comment\",\"target\":[\"https:\\\/\\\/diariofemenino.com.ar\\\/df\\\/alessandra-luna-conurtrava\\\/#respond\"]}]},{\"@type\":\"WebPage\",\"@id\":\"https:\\\/\\\/diariofemenino.com.ar\\\/df\\\/alessandra-luna-conurtrava\\\/\",\"url\":\"https:\\\/\\\/diariofemenino.com.ar\\\/df\\\/alessandra-luna-conurtrava\\\/\",\"name\":\"Alessandra Luna, conurtrava: \u201cMi deseo es que en un momento todes podamos ser trans del sistema sexo\\\/g\u00e9nero\u201d - Diario Digital Femenino\",\"isPartOf\":{\"@id\":\"https:\\\/\\\/diariofemenino.com.ar\\\/df\\\/#website\"},\"primaryImageOfPage\":{\"@id\":\"https:\\\/\\\/diariofemenino.com.ar\\\/df\\\/alessandra-luna-conurtrava\\\/#primaryimage\"},\"image\":{\"@id\":\"https:\\\/\\\/diariofemenino.com.ar\\\/df\\\/alessandra-luna-conurtrava\\\/#primaryimage\"},\"thumbnailUrl\":\"https:\\\/\\\/diariofemenino.com.ar\\\/df\\\/wp-content\\\/uploads\\\/2021\\\/12\\\/WhatsApp-Image-2021-11-05-at-11.32.14-PM-1.jpeg\",\"datePublished\":\"2021-12-13T13:32:22+00:00\",\"description\":\"Alessandra Luna. En sus gestos y en sus formas pod\u00e9s notar un largo recorrido vivencial y mucha capacidad para tomar aprendizajes de todas esas experiencias\",\"breadcrumb\":{\"@id\":\"https:\\\/\\\/diariofemenino.com.ar\\\/df\\\/alessandra-luna-conurtrava\\\/#breadcrumb\"},\"inLanguage\":\"es\",\"potentialAction\":[{\"@type\":\"ReadAction\",\"target\":[\"https:\\\/\\\/diariofemenino.com.ar\\\/df\\\/alessandra-luna-conurtrava\\\/\"]}]},{\"@type\":\"ImageObject\",\"inLanguage\":\"es\",\"@id\":\"https:\\\/\\\/diariofemenino.com.ar\\\/df\\\/alessandra-luna-conurtrava\\\/#primaryimage\",\"url\":\"https:\\\/\\\/diariofemenino.com.ar\\\/df\\\/wp-content\\\/uploads\\\/2021\\\/12\\\/WhatsApp-Image-2021-11-05-at-11.32.14-PM-1.jpeg\",\"contentUrl\":\"https:\\\/\\\/diariofemenino.com.ar\\\/df\\\/wp-content\\\/uploads\\\/2021\\\/12\\\/WhatsApp-Image-2021-11-05-at-11.32.14-PM-1.jpeg\",\"width\":720,\"height\":405,\"caption\":\"Alessandra Luna, conurtrava: \u201cMi deseo es que en un momento todes podamos ser trans del sistema sexo\\\/g\u00e9nero\u201d\"},{\"@type\":\"BreadcrumbList\",\"@id\":\"https:\\\/\\\/diariofemenino.com.ar\\\/df\\\/alessandra-luna-conurtrava\\\/#breadcrumb\",\"itemListElement\":[{\"@type\":\"ListItem\",\"position\":1,\"name\":\"Portada\",\"item\":\"https:\\\/\\\/diariofemenino.com.ar\\\/df\\\/\"},{\"@type\":\"ListItem\",\"position\":2,\"name\":\"Alessandra Luna, conurtrava: \u201cMi deseo es que en un momento todes podamos ser trans del sistema sexo\\\/g\u00e9nero\u201d\"}]},{\"@type\":\"WebSite\",\"@id\":\"https:\\\/\\\/diariofemenino.com.ar\\\/df\\\/#website\",\"url\":\"https:\\\/\\\/diariofemenino.com.ar\\\/df\\\/\",\"name\":\"Diario Digital Femenino\",\"description\":\"Cuesti\u00f3n de G\u00e9nero\",\"publisher\":{\"@id\":\"https:\\\/\\\/diariofemenino.com.ar\\\/df\\\/#organization\"},\"potentialAction\":[{\"@type\":\"SearchAction\",\"target\":{\"@type\":\"EntryPoint\",\"urlTemplate\":\"https:\\\/\\\/diariofemenino.com.ar\\\/df\\\/?s={search_term_string}\"},\"query-input\":{\"@type\":\"PropertyValueSpecification\",\"valueRequired\":true,\"valueName\":\"search_term_string\"}}],\"inLanguage\":\"es\"},{\"@type\":\"Organization\",\"@id\":\"https:\\\/\\\/diariofemenino.com.ar\\\/df\\\/#organization\",\"name\":\"Diario Femenino\",\"url\":\"https:\\\/\\\/diariofemenino.com.ar\\\/df\\\/\",\"logo\":{\"@type\":\"ImageObject\",\"inLanguage\":\"es\",\"@id\":\"https:\\\/\\\/diariofemenino.com.ar\\\/df\\\/#\\\/schema\\\/logo\\\/image\\\/\",\"url\":\"https:\\\/\\\/diariofemenino.com.ar\\\/df\\\/wp-content\\\/uploads\\\/2018\\\/10\\\/logo.png\",\"contentUrl\":\"https:\\\/\\\/diariofemenino.com.ar\\\/df\\\/wp-content\\\/uploads\\\/2018\\\/10\\\/logo.png\",\"width\":500,\"height\":92,\"caption\":\"Diario Femenino\"},\"image\":{\"@id\":\"https:\\\/\\\/diariofemenino.com.ar\\\/df\\\/#\\\/schema\\\/logo\\\/image\\\/\"},\"sameAs\":[\"https:\\\/\\\/www.facebook.com\\\/DiarioDigitaFemenino\\\/\",\"https:\\\/\\\/x.com\\\/DiarioFemenino1\"]},{\"@type\":\"Person\",\"@id\":\"https:\\\/\\\/diariofemenino.com.ar\\\/df\\\/#\\\/schema\\\/person\\\/bf6199e8158c657ea6f789b11ec85509\",\"name\":\"Admin\",\"image\":{\"@type\":\"ImageObject\",\"inLanguage\":\"es\",\"@id\":\"https:\\\/\\\/diariofemenino.com.ar\\\/df\\\/wp-content\\\/uploads\\\/2018\\\/12\\\/favicon-150x150.jpg\",\"url\":\"https:\\\/\\\/diariofemenino.com.ar\\\/df\\\/wp-content\\\/uploads\\\/2018\\\/12\\\/favicon-150x150.jpg\",\"contentUrl\":\"https:\\\/\\\/diariofemenino.com.ar\\\/df\\\/wp-content\\\/uploads\\\/2018\\\/12\\\/favicon-150x150.jpg\",\"caption\":\"Admin\"},\"url\":\"https:\\\/\\\/diariofemenino.com.ar\\\/df\\\/author\\\/lenny\\\/\"}]}<\/script>\n<!-- \/ Yoast SEO plugin. -->","yoast_head_json":{"title":"Alessandra Luna, conurtrava: \u201cMi deseo es que en un momento todes podamos ser trans del sistema sexo\/g\u00e9nero\u201d - Diario Digital Femenino","description":"Alessandra Luna. En sus gestos y en sus formas pod\u00e9s notar un largo recorrido vivencial y mucha capacidad para tomar aprendizajes de todas esas experiencias","robots":{"index":"index","follow":"follow","max-snippet":"max-snippet:-1","max-image-preview":"max-image-preview:large","max-video-preview":"max-video-preview:-1"},"canonical":"https:\/\/diariofemenino.com.ar\/df\/alessandra-luna-conurtrava\/","og_locale":"es_ES","og_type":"article","og_title":"Alessandra Luna, conurtrava: \u201cMi deseo es que en un momento todes podamos ser trans del sistema sexo\/g\u00e9nero\u201d - Diario Digital Femenino","og_description":"Alessandra Luna. En sus gestos y en sus formas pod\u00e9s notar un largo recorrido vivencial y mucha capacidad para tomar aprendizajes de todas esas experiencias","og_url":"https:\/\/diariofemenino.com.ar\/df\/alessandra-luna-conurtrava\/","og_site_name":"Diario Digital Femenino","article_publisher":"https:\/\/www.facebook.com\/DiarioDigitaFemenino\/","article_published_time":"2021-12-13T13:32:22+00:00","og_image":[{"width":720,"height":405,"url":"https:\/\/diariofemenino.com.ar\/df\/wp-content\/uploads\/2021\/12\/WhatsApp-Image-2021-11-05-at-11.32.14-PM-1.jpeg","type":"image\/jpeg"}],"author":"Admin","twitter_card":"summary_large_image","twitter_creator":"@DiarioFemenino1","twitter_site":"@DiarioFemenino1","twitter_misc":{"Escrito por":"Admin","Tiempo de lectura":"10 minutos"},"schema":{"@context":"https:\/\/schema.org","@graph":[{"@type":"Article","@id":"https:\/\/diariofemenino.com.ar\/df\/alessandra-luna-conurtrava\/#article","isPartOf":{"@id":"https:\/\/diariofemenino.com.ar\/df\/alessandra-luna-conurtrava\/"},"author":{"name":"Admin","@id":"https:\/\/diariofemenino.com.ar\/df\/#\/schema\/person\/bf6199e8158c657ea6f789b11ec85509"},"headline":"Alessandra Luna, conurtrava: \u201cMi deseo es que en un momento todes podamos ser trans del sistema sexo\/g\u00e9nero\u201d","datePublished":"2021-12-13T13:32:22+00:00","mainEntityOfPage":{"@id":"https:\/\/diariofemenino.com.ar\/df\/alessandra-luna-conurtrava\/"},"wordCount":2079,"commentCount":0,"publisher":{"@id":"https:\/\/diariofemenino.com.ar\/df\/#organization"},"image":{"@id":"https:\/\/diariofemenino.com.ar\/df\/alessandra-luna-conurtrava\/#primaryimage"},"thumbnailUrl":"https:\/\/diariofemenino.com.ar\/df\/wp-content\/uploads\/2021\/12\/WhatsApp-Image-2021-11-05-at-11.32.14-PM-1.jpeg","keywords":["Acuarelas del Sur","Alessandra Luna","Arte","Conurtrava","Feminismo","Transfeminismo"],"articleSection":["Agenda Feminista","Azul Profundo","Entrevistas","Historias de vida","Mujeres en Palabras","Noticias","Salud","Violencias"],"inLanguage":"es","potentialAction":[{"@type":"CommentAction","name":"Comment","target":["https:\/\/diariofemenino.com.ar\/df\/alessandra-luna-conurtrava\/#respond"]}]},{"@type":"WebPage","@id":"https:\/\/diariofemenino.com.ar\/df\/alessandra-luna-conurtrava\/","url":"https:\/\/diariofemenino.com.ar\/df\/alessandra-luna-conurtrava\/","name":"Alessandra Luna, conurtrava: \u201cMi deseo es que en un momento todes podamos ser trans del sistema sexo\/g\u00e9nero\u201d - Diario Digital Femenino","isPartOf":{"@id":"https:\/\/diariofemenino.com.ar\/df\/#website"},"primaryImageOfPage":{"@id":"https:\/\/diariofemenino.com.ar\/df\/alessandra-luna-conurtrava\/#primaryimage"},"image":{"@id":"https:\/\/diariofemenino.com.ar\/df\/alessandra-luna-conurtrava\/#primaryimage"},"thumbnailUrl":"https:\/\/diariofemenino.com.ar\/df\/wp-content\/uploads\/2021\/12\/WhatsApp-Image-2021-11-05-at-11.32.14-PM-1.jpeg","datePublished":"2021-12-13T13:32:22+00:00","description":"Alessandra Luna. En sus gestos y en sus formas pod\u00e9s notar un largo recorrido vivencial y mucha capacidad para tomar aprendizajes de todas esas experiencias","breadcrumb":{"@id":"https:\/\/diariofemenino.com.ar\/df\/alessandra-luna-conurtrava\/#breadcrumb"},"inLanguage":"es","potentialAction":[{"@type":"ReadAction","target":["https:\/\/diariofemenino.com.ar\/df\/alessandra-luna-conurtrava\/"]}]},{"@type":"ImageObject","inLanguage":"es","@id":"https:\/\/diariofemenino.com.ar\/df\/alessandra-luna-conurtrava\/#primaryimage","url":"https:\/\/diariofemenino.com.ar\/df\/wp-content\/uploads\/2021\/12\/WhatsApp-Image-2021-11-05-at-11.32.14-PM-1.jpeg","contentUrl":"https:\/\/diariofemenino.com.ar\/df\/wp-content\/uploads\/2021\/12\/WhatsApp-Image-2021-11-05-at-11.32.14-PM-1.jpeg","width":720,"height":405,"caption":"Alessandra Luna, conurtrava: \u201cMi deseo es que en un momento todes podamos ser trans del sistema sexo\/g\u00e9nero\u201d"},{"@type":"BreadcrumbList","@id":"https:\/\/diariofemenino.com.ar\/df\/alessandra-luna-conurtrava\/#breadcrumb","itemListElement":[{"@type":"ListItem","position":1,"name":"Portada","item":"https:\/\/diariofemenino.com.ar\/df\/"},{"@type":"ListItem","position":2,"name":"Alessandra Luna, conurtrava: \u201cMi deseo es que en un momento todes podamos ser trans del sistema sexo\/g\u00e9nero\u201d"}]},{"@type":"WebSite","@id":"https:\/\/diariofemenino.com.ar\/df\/#website","url":"https:\/\/diariofemenino.com.ar\/df\/","name":"Diario Digital Femenino","description":"Cuesti\u00f3n de G\u00e9nero","publisher":{"@id":"https:\/\/diariofemenino.com.ar\/df\/#organization"},"potentialAction":[{"@type":"SearchAction","target":{"@type":"EntryPoint","urlTemplate":"https:\/\/diariofemenino.com.ar\/df\/?s={search_term_string}"},"query-input":{"@type":"PropertyValueSpecification","valueRequired":true,"valueName":"search_term_string"}}],"inLanguage":"es"},{"@type":"Organization","@id":"https:\/\/diariofemenino.com.ar\/df\/#organization","name":"Diario Femenino","url":"https:\/\/diariofemenino.com.ar\/df\/","logo":{"@type":"ImageObject","inLanguage":"es","@id":"https:\/\/diariofemenino.com.ar\/df\/#\/schema\/logo\/image\/","url":"https:\/\/diariofemenino.com.ar\/df\/wp-content\/uploads\/2018\/10\/logo.png","contentUrl":"https:\/\/diariofemenino.com.ar\/df\/wp-content\/uploads\/2018\/10\/logo.png","width":500,"height":92,"caption":"Diario Femenino"},"image":{"@id":"https:\/\/diariofemenino.com.ar\/df\/#\/schema\/logo\/image\/"},"sameAs":["https:\/\/www.facebook.com\/DiarioDigitaFemenino\/","https:\/\/x.com\/DiarioFemenino1"]},{"@type":"Person","@id":"https:\/\/diariofemenino.com.ar\/df\/#\/schema\/person\/bf6199e8158c657ea6f789b11ec85509","name":"Admin","image":{"@type":"ImageObject","inLanguage":"es","@id":"https:\/\/diariofemenino.com.ar\/df\/wp-content\/uploads\/2018\/12\/favicon-150x150.jpg","url":"https:\/\/diariofemenino.com.ar\/df\/wp-content\/uploads\/2018\/12\/favicon-150x150.jpg","contentUrl":"https:\/\/diariofemenino.com.ar\/df\/wp-content\/uploads\/2018\/12\/favicon-150x150.jpg","caption":"Admin"},"url":"https:\/\/diariofemenino.com.ar\/df\/author\/lenny\/"}]}},"jetpack_featured_media_url":"https:\/\/diariofemenino.com.ar\/df\/wp-content\/uploads\/2021\/12\/WhatsApp-Image-2021-11-05-at-11.32.14-PM-1.jpeg","jetpack_sharing_enabled":true,"rttpg_featured_image_url":{"full":["https:\/\/diariofemenino.com.ar\/df\/wp-content\/uploads\/2021\/12\/WhatsApp-Image-2021-11-05-at-11.32.14-PM-1.jpeg",720,405,false],"landscape":["https:\/\/diariofemenino.com.ar\/df\/wp-content\/uploads\/2021\/12\/WhatsApp-Image-2021-11-05-at-11.32.14-PM-1.jpeg",720,405,false],"portraits":["https:\/\/diariofemenino.com.ar\/df\/wp-content\/uploads\/2021\/12\/WhatsApp-Image-2021-11-05-at-11.32.14-PM-1.jpeg",720,405,false],"thumbnail":["https:\/\/diariofemenino.com.ar\/df\/wp-content\/uploads\/2021\/12\/WhatsApp-Image-2021-11-05-at-11.32.14-PM-1-150x150.jpeg",150,150,true],"medium":["https:\/\/diariofemenino.com.ar\/df\/wp-content\/uploads\/2021\/12\/WhatsApp-Image-2021-11-05-at-11.32.14-PM-1-300x169.jpeg",300,169,true],"large":["https:\/\/diariofemenino.com.ar\/df\/wp-content\/uploads\/2021\/12\/WhatsApp-Image-2021-11-05-at-11.32.14-PM-1.jpeg",720,405,false],"1536x1536":["https:\/\/diariofemenino.com.ar\/df\/wp-content\/uploads\/2021\/12\/WhatsApp-Image-2021-11-05-at-11.32.14-PM-1.jpeg",720,405,false],"2048x2048":["https:\/\/diariofemenino.com.ar\/df\/wp-content\/uploads\/2021\/12\/WhatsApp-Image-2021-11-05-at-11.32.14-PM-1.jpeg",720,405,false]},"rttpg_author":{"display_name":"Admin","author_link":"https:\/\/diariofemenino.com.ar\/df\/author\/lenny\/"},"rttpg_comment":0,"rttpg_category":"<a href=\"https:\/\/diariofemenino.com.ar\/df\/category\/agenda-feminista\/\" rel=\"category tag\">Agenda Feminista<\/a> <a href=\"https:\/\/diariofemenino.com.ar\/df\/category\/azul-profundo\/\" rel=\"category tag\">Azul Profundo<\/a> <a href=\"https:\/\/diariofemenino.com.ar\/df\/category\/entrevistas\/\" rel=\"category tag\">Entrevistas<\/a> <a href=\"https:\/\/diariofemenino.com.ar\/df\/category\/historias-de-vida\/\" rel=\"category tag\">Historias de vida<\/a> <a href=\"https:\/\/diariofemenino.com.ar\/df\/category\/articulos\/\" rel=\"category tag\">Mujeres en Palabras<\/a> <a href=\"https:\/\/diariofemenino.com.ar\/df\/category\/noticias\/\" rel=\"category tag\">Noticias<\/a> <a href=\"https:\/\/diariofemenino.com.ar\/df\/category\/salud\/\" rel=\"category tag\">Salud<\/a> <a href=\"https:\/\/diariofemenino.com.ar\/df\/category\/violencias\/\" rel=\"category tag\">Violencias<\/a>","rttpg_excerpt":"Alessandra Luna. Alessandra tiene una mirada que hace que, enseguida, te des cuenta de su capacidad. Y comentarios que, enseguida, te das cuenta que tiene mucho sentido del humor y sensibilidad. Tambi\u00e9n habla \u201ca calz\u00f3n quitado\u201d sin eufemismos ni met\u00e1foras, tira de manera directa lo bueno y lo malo y se muestra sincera y abiertamente.&hellip;","_links":{"self":[{"href":"https:\/\/diariofemenino.com.ar\/df\/wp-json\/wp\/v2\/posts\/62389","targetHints":{"allow":["GET"]}}],"collection":[{"href":"https:\/\/diariofemenino.com.ar\/df\/wp-json\/wp\/v2\/posts"}],"about":[{"href":"https:\/\/diariofemenino.com.ar\/df\/wp-json\/wp\/v2\/types\/post"}],"author":[{"embeddable":true,"href":"https:\/\/diariofemenino.com.ar\/df\/wp-json\/wp\/v2\/users\/4"}],"replies":[{"embeddable":true,"href":"https:\/\/diariofemenino.com.ar\/df\/wp-json\/wp\/v2\/comments?post=62389"}],"version-history":[{"count":0,"href":"https:\/\/diariofemenino.com.ar\/df\/wp-json\/wp\/v2\/posts\/62389\/revisions"}],"wp:featuredmedia":[{"embeddable":true,"href":"https:\/\/diariofemenino.com.ar\/df\/wp-json\/wp\/v2\/media\/62394"}],"wp:attachment":[{"href":"https:\/\/diariofemenino.com.ar\/df\/wp-json\/wp\/v2\/media?parent=62389"}],"wp:term":[{"taxonomy":"category","embeddable":true,"href":"https:\/\/diariofemenino.com.ar\/df\/wp-json\/wp\/v2\/categories?post=62389"},{"taxonomy":"post_tag","embeddable":true,"href":"https:\/\/diariofemenino.com.ar\/df\/wp-json\/wp\/v2\/tags?post=62389"}],"curies":[{"name":"wp","href":"https:\/\/api.w.org\/{rel}","templated":true}]}}