{"id":62043,"date":"2021-11-11T11:22:42","date_gmt":"2021-11-11T14:22:42","guid":{"rendered":"https:\/\/diariofemenino.com.ar\/df\/?p=62043"},"modified":"2021-11-11T11:22:42","modified_gmt":"2021-11-11T14:22:42","slug":"fallo-se-cobrara-la-cuota-alimentaria-en-la-factura-de-la-luz","status":"publish","type":"post","link":"https:\/\/diariofemenino.com.ar\/df\/fallo-se-cobrara-la-cuota-alimentaria-en-la-factura-de-la-luz\/","title":{"rendered":"Fallo: \u00abSe cobrar\u00e1 la cuota alimentaria en la factura de la luz\u00bb"},"content":{"rendered":"<p><strong>FALLO: N. B. L. C\/ E. T. D. S\/ ALIMENTOS. <\/strong><a href=\"https:\/\/es.wikipedia.org\/wiki\/Chivilcoy\">Chivilcoy<\/a>, 8 de noviembre de 2021.-<\/p>\n<p>Por\u00a0<strong><a href=\"https:\/\/diariofemenino.com.ar\/df\/femicidios-nos-estan-matando-informe-2020-2021\/\">Erica P\u00e9rez<\/a>*<\/strong><\/p>\n<p><strong>I- Resumen de los hechos: <\/strong><\/p>\n<p>Que ante los constantes incumplimientos del demandado, la abogada patrocinante solicita se efect\u00fae una retenci\u00f3n poco convencional, pero efectiva a los fines del cobro de la cuota alimentaria adeudada. Cubriendo de esta forma el derecho alimentario que asiste a la ni\u00f1a C, que no ha podido ser tutelado por la justicia en virtud de las constantes evasiones del alimentante.<\/p>\n<p>Para ello solicita se libre oficio a la empresa EDEN a los fines de que retenga mensualmente el monto de la cuota alimentaria establecida en autos, en la factura de servicios declarados y activos que posea el Sr. E y sea la encargada luego de depositarla en la cuenta judicial.<\/p>\n<p>&nbsp;<\/p>\n<figure id=\"attachment_62064\" aria-describedby=\"caption-attachment-62064\" style=\"width: 503px\" class=\"wp-caption aligncenter\"><img loading=\"lazy\" decoding=\"async\" class=\" wp-image-62064\" src=\"https:\/\/diariofemenino.com.ar\/df\/wp-content\/uploads\/2021\/11\/deudores1.jpg\" alt=\"Fallo: &quot;Se cobrar\u00e1 la cuota alimentaria en la factura de la luz&quot;\" width=\"503\" height=\"335\" srcset=\"https:\/\/diariofemenino.com.ar\/df\/wp-content\/uploads\/2021\/11\/deudores1.jpg 750w, https:\/\/diariofemenino.com.ar\/df\/wp-content\/uploads\/2021\/11\/deudores1-300x200.jpg 300w\" sizes=\"auto, (max-width: 503px) 100vw, 503px\" \/><figcaption id=\"caption-attachment-62064\" class=\"wp-caption-text\">Fallo: \u00abSe cobrar\u00e1 la cuota alimentaria en la factura de la luz\u00bb<\/figcaption><\/figure>\n<p>&nbsp;<\/p>\n<p><strong>II- Resuelve <em>\u201cEmpresa distribuidora EDEN como agente de retenci\u00f3n directa de la cuota alimentaria\u201d<\/em><\/strong><\/p>\n<p>Conforme lo pedido, atento el estado de autos, advirtiendo las m\u00faltiples intimaciones efectuadas (v. resoluciones de fecha 10\/05\/2019, 15\/08\/2019, 2\/06\/2020 y 2\/06\/2021) y medidas ordenadas (v. medidas cautelares de fecha 13\/02\/2020, orden de inscripci\u00f3n en el Registro de Deudores Alimentarios de la Provincia de Buenos Aires de fecha 29\/07\/2020 y orden de inhabilitaci\u00f3n para conducir todo tipo de veh\u00edculos de fecha 25\/08\/2021), sin que a la fecha el demandado haya dado cumplimiento al pago de los Alimentos fijados a favor de su hija siendo por lo tanto un deudor recalcitrante, <strong>of\u00edciese a la empresa distribuidora de energ\u00eda local \u00abEDEN S.A.\u00bb <em>a efecto de que agregue en la liquidaci\u00f3n mensual del medidor que corresponda al demandado el monto de cuota alimentaria provisoria fijado en la resoluci\u00f3n de fecha 2\/05\/2019 y una vez percibido el mismo, deposite las sumas respectivas en la cuenta de autos. Fdo. Eduardo J.M. Banchero- Juez.<\/em><\/strong><\/p>\n<p><strong>III.- Comentario de la abogada patrocinante, Valeria Alcain.<\/strong><\/p>\n<p><em>\u201cPorque nunca descansamos en la b\u00fasqueda de justicia, y porque consideramos que ser creativos a la hora de solicitar sanciones y medidas razonables para el cumplimiento y efectivizacion de derechos es lo que marca la diferencia y nos sube la vara en cuanto a la calidad de nuestro trabajo, es que solicitamos medidas innovadoras, y aplaudimos cuando somos escuchados.\u00a0En el marco de una causa por alimentos prenatales, y tras 3 a\u00f1os de constantes incumplimientos logramos que se considere a EDEN como agente de retenci\u00f3n directo de la cuota alimentaria.\u00a0Creo que esto es un salto enorme y una muy buena innovaci\u00f3n en cuanto a herramientas procesales del derecho de Familia<\/em><em>. Esta medida razonable se respalda en normas de raigambre constitucional y convencional, en donde el derecho alimentario de la <a href=\"https:\/\/diariofemenino.com.ar\/df\/category\/azul-profundo\/\">ni\u00f1a<\/a> y su efectividad se alzan como derecho humano fundamental, debiendo esto sopesarse por sobre cualquier otro derecho en pugna.\u201d<\/em><\/p>\n<p><strong>Consideraciones finales:<\/strong><\/p>\n<p>Conforme manda el art. 553 CCCN, el juez puede imponer al responsable del incumplimiento reiterado de la obligaci\u00f3n alimentaria medidas razonables para asegurar la eficacia de la sentencia.<\/p>\n<p>La conducta de incumplimiento es reprochable vista desde el ejercicio de la responsabilidad parental como desde la perspectiva de g\u00e9nero, denota el menosprecio hacia las tareas de cuidado realizadas por parte de la progenitora, que se traduce en un conjunto de tareas cotidianas que consumen tiempo, energ\u00eda y recursos por lo cual valorable econ\u00f3micamente. Muy destacado el ingenio de la colega Valeria Alca\u00edn ante la eventualidad del incumplimiento deliberado del alimentante, en observar una forma innovadora y en el juez en poder contemplar la misma, a los fines de poder hacer efectiva la prestaci\u00f3n.<\/p>\n<p>&nbsp;<\/p>\n<p><strong>Referencias bibliogr\u00e1ficas<\/strong><\/p>\n<p>[1] (Zeus R. 12, p\u00e1g. 140). (C. Civ. y C. Rosario (S.F.) Sala 3a. 02.07.03. Ferragutti, Daniel c\/A.M.C. Salud S.A. s\/Amparo \u2013 Incidente de Incumplimiento \u2013 Aumento astreintes).<strong> \u201cF., B. c\/ C., J. P. s\/ <\/strong>Aumento cuota alimentaria\u201d.<\/p>\n<p>[2] \u201cSIN L\u00cdNEAS A SU NOMBRE POR SU CONDICI\u00d3N DE DEUDOR ALIMENTARIO\u201d \u201cB.M.\u00a0 C\/ B. S. A. S\/ ALIMENTOS.\u201d Chivilcoy, 30 de Marzo de 2021.<\/p>\n<p><a href=\"https:\/\/blog-ericaperez.blogspot.com\/search\/label\/Deudores%20alimentarios\">https:\/\/blog-ericaperez.blogspot.com\/search\/label\/Deudores%20alimentarios<\/a>.<\/p>\n<p>&nbsp;<\/p>\n<p>(*) Abogada egresada de la UBA, especialista en Violencia de G\u00e9nero y Derecho de Familia, integrante de Mujeres en la Abogac\u00eda<\/p>\n","protected":false},"excerpt":{"rendered":"<p>FALLO: N. B. L. C\/ E. T. D. S\/ ALIMENTOS. Chivilcoy, 8 de noviembre de 2021.- Por\u00a0Erica P\u00e9rez* I- Resumen de los hechos: Que ante los constantes incumplimientos del demandado, la abogada patrocinante solicita se efect\u00fae una retenci\u00f3n poco convencional, pero efectiva a los fines del cobro de la cuota alimentaria adeudada. Cubriendo de esta [&hellip;]<\/p>\n","protected":false},"author":4,"featured_media":62063,"comment_status":"open","ping_status":"open","sticky":false,"template":"","format":"standard","meta":{"iawp_total_views":276,"footnotes":""},"categories":[1067,581,182,32,592],"tags":[891,1885],"class_list":["post-62043","post","type-post","status-publish","format-standard","has-post-thumbnail","hentry","category-agenda-feminista","category-azul-profundo","category-informes","category-mujeres","category-violencias","tag-cuota-alimentaria","tag-fallo"],"nelio_content":{"autoShareEndMode":"never","automationSources":{"useCustomSentences":false,"customSentences":[]},"efiAlt":"","efiUrl":"","followers":[4],"highlights":[],"isAutoShareEnabled":true,"networkImageIds":[],"permalinkQueryArgs":[],"series":[],"suggestedReferences":[]},"yoast_head":"<!-- This site is optimized with the Yoast SEO plugin v27.5 - https:\/\/yoast.com\/product\/yoast-seo-wordpress\/ -->\n<title>Fallo: &quot;Se cobrar\u00e1 la cuota alimentaria en la factura de la luz&quot; - Diario Digital Femenino<\/title>\n<meta name=\"description\" content=\"Fallo. Creo que esto es un salto enorme y una muy buena innovaci\u00f3n en cuanto a herramientas procesales del derecho de Familia.\" \/>\n<meta name=\"robots\" content=\"index, follow, max-snippet:-1, max-image-preview:large, max-video-preview:-1\" \/>\n<link rel=\"canonical\" href=\"https:\/\/diariofemenino.com.ar\/df\/fallo-se-cobrara-la-cuota-alimentaria-en-la-factura-de-la-luz\/\" \/>\n<meta property=\"og:locale\" content=\"es_ES\" \/>\n<meta property=\"og:type\" content=\"article\" \/>\n<meta property=\"og:title\" content=\"Fallo: &quot;Se cobrar\u00e1 la cuota alimentaria en la factura de la luz&quot; - Diario Digital Femenino\" \/>\n<meta property=\"og:description\" content=\"Fallo. Creo que esto es un salto enorme y una muy buena innovaci\u00f3n en cuanto a herramientas procesales del derecho de Familia.\" \/>\n<meta property=\"og:url\" content=\"https:\/\/diariofemenino.com.ar\/df\/fallo-se-cobrara-la-cuota-alimentaria-en-la-factura-de-la-luz\/\" \/>\n<meta property=\"og:site_name\" content=\"Diario Digital Femenino\" \/>\n<meta property=\"article:publisher\" content=\"https:\/\/www.facebook.com\/DiarioDigitaFemenino\/\" \/>\n<meta property=\"article:published_time\" content=\"2021-11-11T14:22:42+00:00\" \/>\n<meta property=\"og:image\" content=\"https:\/\/diariofemenino.com.ar\/df\/wp-content\/uploads\/2021\/11\/l_50136.jpg\" \/>\n\t<meta property=\"og:image:width\" content=\"900\" \/>\n\t<meta property=\"og:image:height\" content=\"600\" \/>\n\t<meta property=\"og:image:type\" content=\"image\/jpeg\" \/>\n<meta name=\"author\" content=\"Admin\" \/>\n<meta name=\"twitter:card\" content=\"summary_large_image\" \/>\n<meta name=\"twitter:creator\" content=\"@DiarioFemenino1\" \/>\n<meta name=\"twitter:site\" content=\"@DiarioFemenino1\" \/>\n<meta name=\"twitter:label1\" content=\"Escrito por\" \/>\n\t<meta name=\"twitter:data1\" content=\"Admin\" \/>\n\t<meta name=\"twitter:label2\" content=\"Tiempo de lectura\" \/>\n\t<meta name=\"twitter:data2\" content=\"4 minutos\" \/>\n<script type=\"application\/ld+json\" class=\"yoast-schema-graph\">{\"@context\":\"https:\\\/\\\/schema.org\",\"@graph\":[{\"@type\":\"Article\",\"@id\":\"https:\\\/\\\/diariofemenino.com.ar\\\/df\\\/fallo-se-cobrara-la-cuota-alimentaria-en-la-factura-de-la-luz\\\/#article\",\"isPartOf\":{\"@id\":\"https:\\\/\\\/diariofemenino.com.ar\\\/df\\\/fallo-se-cobrara-la-cuota-alimentaria-en-la-factura-de-la-luz\\\/\"},\"author\":{\"name\":\"Admin\",\"@id\":\"https:\\\/\\\/diariofemenino.com.ar\\\/df\\\/#\\\/schema\\\/person\\\/bf6199e8158c657ea6f789b11ec85509\"},\"headline\":\"Fallo: \u00abSe cobrar\u00e1 la cuota alimentaria en la factura de la luz\u00bb\",\"datePublished\":\"2021-11-11T14:22:42+00:00\",\"mainEntityOfPage\":{\"@id\":\"https:\\\/\\\/diariofemenino.com.ar\\\/df\\\/fallo-se-cobrara-la-cuota-alimentaria-en-la-factura-de-la-luz\\\/\"},\"wordCount\":725,\"commentCount\":7,\"publisher\":{\"@id\":\"https:\\\/\\\/diariofemenino.com.ar\\\/df\\\/#organization\"},\"image\":{\"@id\":\"https:\\\/\\\/diariofemenino.com.ar\\\/df\\\/fallo-se-cobrara-la-cuota-alimentaria-en-la-factura-de-la-luz\\\/#primaryimage\"},\"thumbnailUrl\":\"https:\\\/\\\/diariofemenino.com.ar\\\/df\\\/wp-content\\\/uploads\\\/2021\\\/11\\\/l_50136.jpg\",\"keywords\":[\"Cuota alimentaria\",\"Fallo\"],\"articleSection\":[\"Agenda Feminista\",\"Azul Profundo\",\"Informes\",\"Mujeres\",\"Violencias\"],\"inLanguage\":\"es\",\"potentialAction\":[{\"@type\":\"CommentAction\",\"name\":\"Comment\",\"target\":[\"https:\\\/\\\/diariofemenino.com.ar\\\/df\\\/fallo-se-cobrara-la-cuota-alimentaria-en-la-factura-de-la-luz\\\/#respond\"]}]},{\"@type\":\"WebPage\",\"@id\":\"https:\\\/\\\/diariofemenino.com.ar\\\/df\\\/fallo-se-cobrara-la-cuota-alimentaria-en-la-factura-de-la-luz\\\/\",\"url\":\"https:\\\/\\\/diariofemenino.com.ar\\\/df\\\/fallo-se-cobrara-la-cuota-alimentaria-en-la-factura-de-la-luz\\\/\",\"name\":\"Fallo: \\\"Se cobrar\u00e1 la cuota alimentaria en la factura de la luz\\\" - Diario Digital Femenino\",\"isPartOf\":{\"@id\":\"https:\\\/\\\/diariofemenino.com.ar\\\/df\\\/#website\"},\"primaryImageOfPage\":{\"@id\":\"https:\\\/\\\/diariofemenino.com.ar\\\/df\\\/fallo-se-cobrara-la-cuota-alimentaria-en-la-factura-de-la-luz\\\/#primaryimage\"},\"image\":{\"@id\":\"https:\\\/\\\/diariofemenino.com.ar\\\/df\\\/fallo-se-cobrara-la-cuota-alimentaria-en-la-factura-de-la-luz\\\/#primaryimage\"},\"thumbnailUrl\":\"https:\\\/\\\/diariofemenino.com.ar\\\/df\\\/wp-content\\\/uploads\\\/2021\\\/11\\\/l_50136.jpg\",\"datePublished\":\"2021-11-11T14:22:42+00:00\",\"description\":\"Fallo. Creo que esto es un salto enorme y una muy buena innovaci\u00f3n en cuanto a herramientas procesales del derecho de Familia.\",\"breadcrumb\":{\"@id\":\"https:\\\/\\\/diariofemenino.com.ar\\\/df\\\/fallo-se-cobrara-la-cuota-alimentaria-en-la-factura-de-la-luz\\\/#breadcrumb\"},\"inLanguage\":\"es\",\"potentialAction\":[{\"@type\":\"ReadAction\",\"target\":[\"https:\\\/\\\/diariofemenino.com.ar\\\/df\\\/fallo-se-cobrara-la-cuota-alimentaria-en-la-factura-de-la-luz\\\/\"]}]},{\"@type\":\"ImageObject\",\"inLanguage\":\"es\",\"@id\":\"https:\\\/\\\/diariofemenino.com.ar\\\/df\\\/fallo-se-cobrara-la-cuota-alimentaria-en-la-factura-de-la-luz\\\/#primaryimage\",\"url\":\"https:\\\/\\\/diariofemenino.com.ar\\\/df\\\/wp-content\\\/uploads\\\/2021\\\/11\\\/l_50136.jpg\",\"contentUrl\":\"https:\\\/\\\/diariofemenino.com.ar\\\/df\\\/wp-content\\\/uploads\\\/2021\\\/11\\\/l_50136.jpg\",\"width\":900,\"height\":600,\"caption\":\"Fallo: \\\"Se cobrar\u00e1 la cuota alimentaria en la factura de la luz\\\"\"},{\"@type\":\"BreadcrumbList\",\"@id\":\"https:\\\/\\\/diariofemenino.com.ar\\\/df\\\/fallo-se-cobrara-la-cuota-alimentaria-en-la-factura-de-la-luz\\\/#breadcrumb\",\"itemListElement\":[{\"@type\":\"ListItem\",\"position\":1,\"name\":\"Portada\",\"item\":\"https:\\\/\\\/diariofemenino.com.ar\\\/df\\\/\"},{\"@type\":\"ListItem\",\"position\":2,\"name\":\"Fallo: \u00abSe cobrar\u00e1 la cuota alimentaria en la factura de la luz\u00bb\"}]},{\"@type\":\"WebSite\",\"@id\":\"https:\\\/\\\/diariofemenino.com.ar\\\/df\\\/#website\",\"url\":\"https:\\\/\\\/diariofemenino.com.ar\\\/df\\\/\",\"name\":\"Diario Digital Femenino\",\"description\":\"Cuesti\u00f3n de G\u00e9nero\",\"publisher\":{\"@id\":\"https:\\\/\\\/diariofemenino.com.ar\\\/df\\\/#organization\"},\"potentialAction\":[{\"@type\":\"SearchAction\",\"target\":{\"@type\":\"EntryPoint\",\"urlTemplate\":\"https:\\\/\\\/diariofemenino.com.ar\\\/df\\\/?s={search_term_string}\"},\"query-input\":{\"@type\":\"PropertyValueSpecification\",\"valueRequired\":true,\"valueName\":\"search_term_string\"}}],\"inLanguage\":\"es\"},{\"@type\":\"Organization\",\"@id\":\"https:\\\/\\\/diariofemenino.com.ar\\\/df\\\/#organization\",\"name\":\"Diario Femenino\",\"url\":\"https:\\\/\\\/diariofemenino.com.ar\\\/df\\\/\",\"logo\":{\"@type\":\"ImageObject\",\"inLanguage\":\"es\",\"@id\":\"https:\\\/\\\/diariofemenino.com.ar\\\/df\\\/#\\\/schema\\\/logo\\\/image\\\/\",\"url\":\"https:\\\/\\\/diariofemenino.com.ar\\\/df\\\/wp-content\\\/uploads\\\/2018\\\/10\\\/logo.png\",\"contentUrl\":\"https:\\\/\\\/diariofemenino.com.ar\\\/df\\\/wp-content\\\/uploads\\\/2018\\\/10\\\/logo.png\",\"width\":500,\"height\":92,\"caption\":\"Diario Femenino\"},\"image\":{\"@id\":\"https:\\\/\\\/diariofemenino.com.ar\\\/df\\\/#\\\/schema\\\/logo\\\/image\\\/\"},\"sameAs\":[\"https:\\\/\\\/www.facebook.com\\\/DiarioDigitaFemenino\\\/\",\"https:\\\/\\\/x.com\\\/DiarioFemenino1\"]},{\"@type\":\"Person\",\"@id\":\"https:\\\/\\\/diariofemenino.com.ar\\\/df\\\/#\\\/schema\\\/person\\\/bf6199e8158c657ea6f789b11ec85509\",\"name\":\"Admin\",\"image\":{\"@type\":\"ImageObject\",\"inLanguage\":\"es\",\"@id\":\"https:\\\/\\\/diariofemenino.com.ar\\\/df\\\/wp-content\\\/uploads\\\/2018\\\/12\\\/favicon-150x150.jpg\",\"url\":\"https:\\\/\\\/diariofemenino.com.ar\\\/df\\\/wp-content\\\/uploads\\\/2018\\\/12\\\/favicon-150x150.jpg\",\"contentUrl\":\"https:\\\/\\\/diariofemenino.com.ar\\\/df\\\/wp-content\\\/uploads\\\/2018\\\/12\\\/favicon-150x150.jpg\",\"caption\":\"Admin\"},\"url\":\"https:\\\/\\\/diariofemenino.com.ar\\\/df\\\/author\\\/lenny\\\/\"}]}<\/script>\n<!-- \/ Yoast SEO plugin. -->","yoast_head_json":{"title":"Fallo: \"Se cobrar\u00e1 la cuota alimentaria en la factura de la luz\" - Diario Digital Femenino","description":"Fallo. Creo que esto es un salto enorme y una muy buena innovaci\u00f3n en cuanto a herramientas procesales del derecho de Familia.","robots":{"index":"index","follow":"follow","max-snippet":"max-snippet:-1","max-image-preview":"max-image-preview:large","max-video-preview":"max-video-preview:-1"},"canonical":"https:\/\/diariofemenino.com.ar\/df\/fallo-se-cobrara-la-cuota-alimentaria-en-la-factura-de-la-luz\/","og_locale":"es_ES","og_type":"article","og_title":"Fallo: \"Se cobrar\u00e1 la cuota alimentaria en la factura de la luz\" - Diario Digital Femenino","og_description":"Fallo. Creo que esto es un salto enorme y una muy buena innovaci\u00f3n en cuanto a herramientas procesales del derecho de Familia.","og_url":"https:\/\/diariofemenino.com.ar\/df\/fallo-se-cobrara-la-cuota-alimentaria-en-la-factura-de-la-luz\/","og_site_name":"Diario Digital Femenino","article_publisher":"https:\/\/www.facebook.com\/DiarioDigitaFemenino\/","article_published_time":"2021-11-11T14:22:42+00:00","og_image":[{"width":900,"height":600,"url":"https:\/\/diariofemenino.com.ar\/df\/wp-content\/uploads\/2021\/11\/l_50136.jpg","type":"image\/jpeg"}],"author":"Admin","twitter_card":"summary_large_image","twitter_creator":"@DiarioFemenino1","twitter_site":"@DiarioFemenino1","twitter_misc":{"Escrito por":"Admin","Tiempo de lectura":"4 minutos"},"schema":{"@context":"https:\/\/schema.org","@graph":[{"@type":"Article","@id":"https:\/\/diariofemenino.com.ar\/df\/fallo-se-cobrara-la-cuota-alimentaria-en-la-factura-de-la-luz\/#article","isPartOf":{"@id":"https:\/\/diariofemenino.com.ar\/df\/fallo-se-cobrara-la-cuota-alimentaria-en-la-factura-de-la-luz\/"},"author":{"name":"Admin","@id":"https:\/\/diariofemenino.com.ar\/df\/#\/schema\/person\/bf6199e8158c657ea6f789b11ec85509"},"headline":"Fallo: \u00abSe cobrar\u00e1 la cuota alimentaria en la factura de la luz\u00bb","datePublished":"2021-11-11T14:22:42+00:00","mainEntityOfPage":{"@id":"https:\/\/diariofemenino.com.ar\/df\/fallo-se-cobrara-la-cuota-alimentaria-en-la-factura-de-la-luz\/"},"wordCount":725,"commentCount":7,"publisher":{"@id":"https:\/\/diariofemenino.com.ar\/df\/#organization"},"image":{"@id":"https:\/\/diariofemenino.com.ar\/df\/fallo-se-cobrara-la-cuota-alimentaria-en-la-factura-de-la-luz\/#primaryimage"},"thumbnailUrl":"https:\/\/diariofemenino.com.ar\/df\/wp-content\/uploads\/2021\/11\/l_50136.jpg","keywords":["Cuota alimentaria","Fallo"],"articleSection":["Agenda Feminista","Azul Profundo","Informes","Mujeres","Violencias"],"inLanguage":"es","potentialAction":[{"@type":"CommentAction","name":"Comment","target":["https:\/\/diariofemenino.com.ar\/df\/fallo-se-cobrara-la-cuota-alimentaria-en-la-factura-de-la-luz\/#respond"]}]},{"@type":"WebPage","@id":"https:\/\/diariofemenino.com.ar\/df\/fallo-se-cobrara-la-cuota-alimentaria-en-la-factura-de-la-luz\/","url":"https:\/\/diariofemenino.com.ar\/df\/fallo-se-cobrara-la-cuota-alimentaria-en-la-factura-de-la-luz\/","name":"Fallo: \"Se cobrar\u00e1 la cuota alimentaria en la factura de la luz\" - Diario Digital Femenino","isPartOf":{"@id":"https:\/\/diariofemenino.com.ar\/df\/#website"},"primaryImageOfPage":{"@id":"https:\/\/diariofemenino.com.ar\/df\/fallo-se-cobrara-la-cuota-alimentaria-en-la-factura-de-la-luz\/#primaryimage"},"image":{"@id":"https:\/\/diariofemenino.com.ar\/df\/fallo-se-cobrara-la-cuota-alimentaria-en-la-factura-de-la-luz\/#primaryimage"},"thumbnailUrl":"https:\/\/diariofemenino.com.ar\/df\/wp-content\/uploads\/2021\/11\/l_50136.jpg","datePublished":"2021-11-11T14:22:42+00:00","description":"Fallo. Creo que esto es un salto enorme y una muy buena innovaci\u00f3n en cuanto a herramientas procesales del derecho de Familia.","breadcrumb":{"@id":"https:\/\/diariofemenino.com.ar\/df\/fallo-se-cobrara-la-cuota-alimentaria-en-la-factura-de-la-luz\/#breadcrumb"},"inLanguage":"es","potentialAction":[{"@type":"ReadAction","target":["https:\/\/diariofemenino.com.ar\/df\/fallo-se-cobrara-la-cuota-alimentaria-en-la-factura-de-la-luz\/"]}]},{"@type":"ImageObject","inLanguage":"es","@id":"https:\/\/diariofemenino.com.ar\/df\/fallo-se-cobrara-la-cuota-alimentaria-en-la-factura-de-la-luz\/#primaryimage","url":"https:\/\/diariofemenino.com.ar\/df\/wp-content\/uploads\/2021\/11\/l_50136.jpg","contentUrl":"https:\/\/diariofemenino.com.ar\/df\/wp-content\/uploads\/2021\/11\/l_50136.jpg","width":900,"height":600,"caption":"Fallo: \"Se cobrar\u00e1 la cuota alimentaria en la factura de la luz\""},{"@type":"BreadcrumbList","@id":"https:\/\/diariofemenino.com.ar\/df\/fallo-se-cobrara-la-cuota-alimentaria-en-la-factura-de-la-luz\/#breadcrumb","itemListElement":[{"@type":"ListItem","position":1,"name":"Portada","item":"https:\/\/diariofemenino.com.ar\/df\/"},{"@type":"ListItem","position":2,"name":"Fallo: \u00abSe cobrar\u00e1 la cuota alimentaria en la factura de la luz\u00bb"}]},{"@type":"WebSite","@id":"https:\/\/diariofemenino.com.ar\/df\/#website","url":"https:\/\/diariofemenino.com.ar\/df\/","name":"Diario Digital Femenino","description":"Cuesti\u00f3n de G\u00e9nero","publisher":{"@id":"https:\/\/diariofemenino.com.ar\/df\/#organization"},"potentialAction":[{"@type":"SearchAction","target":{"@type":"EntryPoint","urlTemplate":"https:\/\/diariofemenino.com.ar\/df\/?s={search_term_string}"},"query-input":{"@type":"PropertyValueSpecification","valueRequired":true,"valueName":"search_term_string"}}],"inLanguage":"es"},{"@type":"Organization","@id":"https:\/\/diariofemenino.com.ar\/df\/#organization","name":"Diario Femenino","url":"https:\/\/diariofemenino.com.ar\/df\/","logo":{"@type":"ImageObject","inLanguage":"es","@id":"https:\/\/diariofemenino.com.ar\/df\/#\/schema\/logo\/image\/","url":"https:\/\/diariofemenino.com.ar\/df\/wp-content\/uploads\/2018\/10\/logo.png","contentUrl":"https:\/\/diariofemenino.com.ar\/df\/wp-content\/uploads\/2018\/10\/logo.png","width":500,"height":92,"caption":"Diario Femenino"},"image":{"@id":"https:\/\/diariofemenino.com.ar\/df\/#\/schema\/logo\/image\/"},"sameAs":["https:\/\/www.facebook.com\/DiarioDigitaFemenino\/","https:\/\/x.com\/DiarioFemenino1"]},{"@type":"Person","@id":"https:\/\/diariofemenino.com.ar\/df\/#\/schema\/person\/bf6199e8158c657ea6f789b11ec85509","name":"Admin","image":{"@type":"ImageObject","inLanguage":"es","@id":"https:\/\/diariofemenino.com.ar\/df\/wp-content\/uploads\/2018\/12\/favicon-150x150.jpg","url":"https:\/\/diariofemenino.com.ar\/df\/wp-content\/uploads\/2018\/12\/favicon-150x150.jpg","contentUrl":"https:\/\/diariofemenino.com.ar\/df\/wp-content\/uploads\/2018\/12\/favicon-150x150.jpg","caption":"Admin"},"url":"https:\/\/diariofemenino.com.ar\/df\/author\/lenny\/"}]}},"jetpack_featured_media_url":"https:\/\/diariofemenino.com.ar\/df\/wp-content\/uploads\/2021\/11\/l_50136.jpg","jetpack_sharing_enabled":true,"rttpg_featured_image_url":{"full":["https:\/\/diariofemenino.com.ar\/df\/wp-content\/uploads\/2021\/11\/l_50136.jpg",900,600,false],"landscape":["https:\/\/diariofemenino.com.ar\/df\/wp-content\/uploads\/2021\/11\/l_50136.jpg",900,600,false],"portraits":["https:\/\/diariofemenino.com.ar\/df\/wp-content\/uploads\/2021\/11\/l_50136.jpg",900,600,false],"thumbnail":["https:\/\/diariofemenino.com.ar\/df\/wp-content\/uploads\/2021\/11\/l_50136-150x150.jpg",150,150,true],"medium":["https:\/\/diariofemenino.com.ar\/df\/wp-content\/uploads\/2021\/11\/l_50136-300x200.jpg",300,200,true],"large":["https:\/\/diariofemenino.com.ar\/df\/wp-content\/uploads\/2021\/11\/l_50136.jpg",900,600,false],"1536x1536":["https:\/\/diariofemenino.com.ar\/df\/wp-content\/uploads\/2021\/11\/l_50136.jpg",900,600,false],"2048x2048":["https:\/\/diariofemenino.com.ar\/df\/wp-content\/uploads\/2021\/11\/l_50136.jpg",900,600,false]},"rttpg_author":{"display_name":"Admin","author_link":"https:\/\/diariofemenino.com.ar\/df\/author\/lenny\/"},"rttpg_comment":7,"rttpg_category":"<a href=\"https:\/\/diariofemenino.com.ar\/df\/category\/agenda-feminista\/\" rel=\"category tag\">Agenda Feminista<\/a> <a href=\"https:\/\/diariofemenino.com.ar\/df\/category\/azul-profundo\/\" rel=\"category tag\">Azul Profundo<\/a> <a href=\"https:\/\/diariofemenino.com.ar\/df\/category\/informes\/\" rel=\"category tag\">Informes<\/a> <a href=\"https:\/\/diariofemenino.com.ar\/df\/category\/mujeres\/\" rel=\"category tag\">Mujeres<\/a> <a href=\"https:\/\/diariofemenino.com.ar\/df\/category\/violencias\/\" rel=\"category tag\">Violencias<\/a>","rttpg_excerpt":"FALLO: N. B. L. C\/ E. T. D. S\/ ALIMENTOS. Chivilcoy, 8 de noviembre de 2021.- Por\u00a0Erica P\u00e9rez* I- Resumen de los hechos: Que ante los constantes incumplimientos del demandado, la abogada patrocinante solicita se efect\u00fae una retenci\u00f3n poco convencional, pero efectiva a los fines del cobro de la cuota alimentaria adeudada. Cubriendo de esta&hellip;","_links":{"self":[{"href":"https:\/\/diariofemenino.com.ar\/df\/wp-json\/wp\/v2\/posts\/62043","targetHints":{"allow":["GET"]}}],"collection":[{"href":"https:\/\/diariofemenino.com.ar\/df\/wp-json\/wp\/v2\/posts"}],"about":[{"href":"https:\/\/diariofemenino.com.ar\/df\/wp-json\/wp\/v2\/types\/post"}],"author":[{"embeddable":true,"href":"https:\/\/diariofemenino.com.ar\/df\/wp-json\/wp\/v2\/users\/4"}],"replies":[{"embeddable":true,"href":"https:\/\/diariofemenino.com.ar\/df\/wp-json\/wp\/v2\/comments?post=62043"}],"version-history":[{"count":0,"href":"https:\/\/diariofemenino.com.ar\/df\/wp-json\/wp\/v2\/posts\/62043\/revisions"}],"wp:featuredmedia":[{"embeddable":true,"href":"https:\/\/diariofemenino.com.ar\/df\/wp-json\/wp\/v2\/media\/62063"}],"wp:attachment":[{"href":"https:\/\/diariofemenino.com.ar\/df\/wp-json\/wp\/v2\/media?parent=62043"}],"wp:term":[{"taxonomy":"category","embeddable":true,"href":"https:\/\/diariofemenino.com.ar\/df\/wp-json\/wp\/v2\/categories?post=62043"},{"taxonomy":"post_tag","embeddable":true,"href":"https:\/\/diariofemenino.com.ar\/df\/wp-json\/wp\/v2\/tags?post=62043"}],"curies":[{"name":"wp","href":"https:\/\/api.w.org\/{rel}","templated":true}]}}