{"id":61988,"date":"2021-11-10T09:06:10","date_gmt":"2021-11-10T12:06:10","guid":{"rendered":"https:\/\/diariofemenino.com.ar\/df\/?p=61988"},"modified":"2021-11-10T09:23:09","modified_gmt":"2021-11-10T12:23:09","slug":"ley-26-485-de-proteccion-integral-a-las-mujeres","status":"publish","type":"post","link":"https:\/\/diariofemenino.com.ar\/df\/ley-26-485-de-proteccion-integral-a-las-mujeres\/","title":{"rendered":"Ley 26.485 de protecci\u00f3n integral a las mujeres"},"content":{"rendered":"<p><strong>Ley <\/strong><a href=\"http:\/\/servicios.infoleg.gob.ar\/infolegInternet\/verNorma.do?id=152155\"><strong>26.485 <\/strong><\/a><strong>de protecci\u00f3n integral a las mujeres<\/strong><\/p>\n<p><span style=\"color: #800080;\"><strong>-25 de Noviembre D\u00eda Internacional de la eliminaci\u00f3n de la violencia contra la mujer-<br \/>\n<\/strong><\/span><\/p>\n<audio class=\"wp-audio-shortcode\" id=\"audio-61988-1\" preload=\"none\" style=\"width: 100%;\" controls=\"controls\"><source type=\"audio\/mpeg\" src=\"https:\/\/diariofemenino.com.ar\/df\/wp-content\/uploads\/2021\/11\/Ley-26485-de-proteccion-integral-a-las-mujeres.mp3?_=1\" \/><a href=\"https:\/\/diariofemenino.com.ar\/df\/wp-content\/uploads\/2021\/11\/Ley-26485-de-proteccion-integral-a-las-mujeres.mp3\">https:\/\/diariofemenino.com.ar\/df\/wp-content\/uploads\/2021\/11\/Ley-26485-de-proteccion-integral-a-las-mujeres.mp3<\/a><\/audio>\n<p>Escucha este art\u00edculo en la voz de\u00a0<a href=\"https:\/\/diariofemenino.com.ar\/df\/?s=Marina+Colado\"><strong>Marina Colado<\/strong><\/a><\/p>\n<p><strong>En 2009 se sanciona en Argentina la ley de <a href=\"https:\/\/diariofemenino.com.ar\/df\/?s=Ley+26485\">protecci\u00f3n integral<\/a> para prevenir, sancionar y erradicar la violencia contra las mujeres en los \u00e1mbitos en que desarrollen sus relaciones interpersonales, nro 26 485<\/strong><\/p>\n<p>La misma se establece como norma de orden p\u00fablico y se\u00f1ala el \u00e1mbito de aplicaci\u00f3n. \u201cLas disposiciones de la presente ley son de orden p\u00fablico y de aplicaci\u00f3n en todo el territorio de la Rep\u00fablica, con excepci\u00f3n de las disposiciones de car\u00e1cter procesal establecidas en el Cap\u00edtulo II del T\u00edtulo III de la presente\u201d<\/p>\n<p><strong>En esta <a href=\"https:\/\/diariofemenino.com.ar\/df\/la-vulnerabilidad-como-criterio-de-interpretacion\/\">publicaci\u00f3n<\/a> nos referiremos puntualmente a los art\u00edculos 2\u00b0, 3\u00b0, 4\u00b0, 5\u00b0 y 6\u00b0 de la mencionada norma.<\/strong><\/p>\n<figure id=\"attachment_61989\" aria-describedby=\"caption-attachment-61989\" style=\"width: 512px\" class=\"wp-caption aligncenter\"><img loading=\"lazy\" decoding=\"async\" class=\"size-full wp-image-61989\" src=\"https:\/\/diariofemenino.com.ar\/df\/wp-content\/uploads\/2021\/11\/unnamed-9.jpg\" alt=\"Ley 26.485 de protecci\u00f3n integral a las mujeres\" width=\"512\" height=\"376\" srcset=\"https:\/\/diariofemenino.com.ar\/df\/wp-content\/uploads\/2021\/11\/unnamed-9.jpg 512w, https:\/\/diariofemenino.com.ar\/df\/wp-content\/uploads\/2021\/11\/unnamed-9-300x220.jpg 300w\" sizes=\"auto, (max-width: 512px) 100vw, 512px\" \/><figcaption id=\"caption-attachment-61989\" class=\"wp-caption-text\">Ley 26.485 de protecci\u00f3n integral a las mujeres<\/figcaption><\/figure>\n<p><strong>El art\u00edculo 2\u00b0 habla del objetivo de la ley: \u201c<\/strong>La presente ley tiene por objeto promover y garantizar:<\/p>\n<ol>\n<li>a) La eliminaci\u00f3n de la discriminaci\u00f3n entre mujeres y varones en todos los \u00f3rdenes de la vida;<\/li>\n<li>b) El derecho de las mujeres a vivir una vida sin violencia;<\/li>\n<li>c) Las condiciones aptas para sensibilizar y prevenir, sancionar y erradicar la discriminaci\u00f3n y la violencia contra las mujeres en cualquiera de sus manifestaciones y \u00e1mbitos;<\/li>\n<li>d) El desarrollo de pol\u00edticas p\u00fablicas de car\u00e1cter interinstitucional sobre violencia contra las mujeres; 1947)<\/li>\n<li>e) La remoci\u00f3n de patrones socioculturales que promueven y sostienen la desigualdad de g\u00e9nero y las relaciones de poder sobre las mujeres;<\/li>\n<li>f) El acceso a la justicia de las mujeres que padecen violencia;<\/li>\n<li>g) La asistencia integral a las mujeres que padecen violencia en las \u00e1reas estatales y privadas que realicen actividades program\u00e1ticas destinadas a las mujeres y\/o en los servicios especializados de violencia.\u201d<\/li>\n<\/ol>\n<p><strong>El art\u00edculo 3 se refiere a los derechos protegidos<\/strong>, y expresa \u201cEsta ley garantiza todos los derechos reconocidos por la Convenci\u00f3n para la Eliminaci\u00f3n de todas las Formas de Discriminaci\u00f3n contra la Mujer, la Convenci\u00f3n Interamericana para Prevenir, Sancionar y Erradicar la Violencia contra la Mujer, la Convenci\u00f3n sobre los Derechos de los Ni\u00f1os y la Ley 26.061 de Protecci\u00f3n Integral de los derechos de las Ni\u00f1as, Ni\u00f1os y Adolescentes y, en especial, los referidos a:<\/p>\n<ol>\n<li>a) Una vida sin violencia y sin discriminaciones;<\/li>\n<li>b) La salud, la educaci\u00f3n y la seguridad personal;<\/li>\n<li>c) La integridad f\u00edsica, psicol\u00f3gica, sexual, econ\u00f3mica o patrimonial;<\/li>\n<li>d) Que se respete su dignidad;<\/li>\n<li>e) Decidir sobre la vida reproductiva, n\u00famero de embarazos y cu\u00e1ndo tenerlos, de conformidad con la Ley 25.673 de Creaci\u00f3n del Programa Nacional de Salud Sexual y Procreaci\u00f3n Responsable;<\/li>\n<li>f) La intimidad, la libertad de creencias y de pensamiento;<\/li>\n<li>g) Recibir informaci\u00f3n y asesoramiento adecuado;<\/li>\n<li>h) Gozar de medidas integrales de asistencia, protecci\u00f3n y seguridad;<\/li>\n<li>i) Gozar de acceso gratuito a la justicia en casos comprendidos en el \u00e1mbito de aplicaci\u00f3n de la presente ley;<\/li>\n<li>j) La igualdad real de derechos, oportunidades y de trato entre varones y mujeres;<\/li>\n<li>k) Un trato respetuoso de las mujeres que padecen violencia, evitando toda conducta, acto u omisi\u00f3n que produzca revictimizaci\u00f3n.<\/li>\n<\/ol>\n<p><strong>En el art\u00edculo 4\u00b0 define la violencia contra las mujeres: \u201c<\/strong>Se entiende por violencia contra las mujeres toda conducta, acci\u00f3n u omisi\u00f3n, que de manera directa o indirecta, tanto en el \u00e1mbito p\u00fablico como en el privado, basada en una relaci\u00f3n desigual de poder, afecte su vida, libertad, dignidad, integridad f\u00edsica, psicol\u00f3gica, sexual, econ\u00f3mica o patrimonial, como as\u00ed tambi\u00e9n su seguridad personal. Quedan comprendidas las perpetradas desde el Estado o por sus agentes.<\/p>\n<p>Se considera violencia indirecta, a los efectos de la presente ley, toda conducta, acci\u00f3n omisi\u00f3n, disposici\u00f3n, criterio o pr\u00e1ctica discriminatoria que ponga a la mujer en desventaja con respecto al var\u00f3n\u201d.<\/p>\n<p><img loading=\"lazy\" decoding=\"async\" class=\"aligncenter size-full wp-image-61990\" src=\"https:\/\/diariofemenino.com.ar\/df\/wp-content\/uploads\/2021\/11\/unnamed-10.jpg\" alt=\"\" width=\"512\" height=\"250\" srcset=\"https:\/\/diariofemenino.com.ar\/df\/wp-content\/uploads\/2021\/11\/unnamed-10.jpg 512w, https:\/\/diariofemenino.com.ar\/df\/wp-content\/uploads\/2021\/11\/unnamed-10-300x146.jpg 300w\" sizes=\"auto, (max-width: 512px) 100vw, 512px\" \/><\/p>\n<p><strong>El art\u00edculo 5\u00b0 cuyos aspectos nos interesa remarcar, menciona los tipos de violencia que abarca la norma<\/strong> \u201cQuedan especialmente comprendidos en la definici\u00f3n del art\u00edculo precedente, los siguientes tipos de violencia contra la mujer:<\/p>\n<p>1.- <strong>F\u00edsica<\/strong>: La que se emplea contra el cuerpo de la mujer produciendo dolor, da\u00f1o o riesgo de producirlo y cualquier otra forma de maltrato agresi\u00f3n que afecte su integridad f\u00edsica.<\/p>\n<p>2.- <strong>Psicol\u00f3gica<\/strong>: La que causa da\u00f1o emocional y disminuci\u00f3n de la autoestima o perjudica y perturba el pleno desarrollo personal o que busca degradar o controlar sus acciones, comportamientos, creencias y decisiones, mediante amenaza, acoso, hostigamiento, restricci\u00f3n, humillaci\u00f3n, deshonra, descr\u00e9dito, manipulaci\u00f3n aislamiento. Incluye tambi\u00e9n la culpabilizaci\u00f3n, vigilancia constante, exigencia de obediencia sumisi\u00f3n, coerci\u00f3n verbal, persecuci\u00f3n, insulto, indiferencia, abandono, celos excesivos, chantaje, ridiculizaci\u00f3n, explotaci\u00f3n y limitaci\u00f3n del derecho de circulaci\u00f3n o cualquier otro medio que cause perjuicio a su salud psicol\u00f3gica y a la autodeterminaci\u00f3n.<\/p>\n<p>3.- <strong>Sexual<\/strong>: Cualquier acci\u00f3n que implique la vulneraci\u00f3n en todas sus formas, con o sin acceso genital, del derecho de la mujer de decidir voluntariamente acerca de su vida sexual o reproductiva a trav\u00e9s de amenazas, coerci\u00f3n, uso de la fuerza o intimidaci\u00f3n, incluyendo la violaci\u00f3n dentro del matrimonio o de otras relaciones vinculares o de parentesco, exista o no convivencia, as\u00ed como la prostituci\u00f3n forzada, explotaci\u00f3n, esclavitud, acoso, abuso sexual y trata de mujeres.<\/p>\n<p>4.- <strong>Econ\u00f3mica y patrimonial<\/strong>: La que se dirige a ocasionar un menoscabo en los recursos econ\u00f3micos o patrimoniales de la mujer, a trav\u00e9s de:<\/p>\n<ol>\n<li>a) La perturbaci\u00f3n de la posesi\u00f3n, tenencia o propiedad de sus bienes;<\/li>\n<li>b) La p\u00e9rdida, sustracci\u00f3n, destrucci\u00f3n, retenci\u00f3n o distracci\u00f3n indebida de objetos, instrumentos de trabajo, documentos personales, bienes, valores y derechos patrimoniales;<\/li>\n<li>c) La limitaci\u00f3n de los recursos econ\u00f3micos destinados a satisfacer sus necesidades o privaci\u00f3n de los medios indispensables para vivir una vida digna;<\/li>\n<li>d) La limitaci\u00f3n o control de sus ingresos, as\u00ed como la percepci\u00f3n de un salario menor por igual tarea, dentro de un mismo lugar de trabajo.<\/li>\n<\/ol>\n<p>5.- <strong>Simb\u00f3lica<\/strong>: La que a trav\u00e9s de patrones estereotipados, mensajes, valores, \u00edconos o signos transmita y reproduzca dominaci\u00f3n, desigualdad y discriminaci\u00f3n en las relaciones sociales, naturalizando la subordinaci\u00f3n de la mujer en la sociedad.<\/p>\n<p><strong>Y en el art\u00edculo 6\u00b0 las modalidades que se utilizan para ejercer estos tipos de violencia.<\/strong><\/p>\n<p>Modalidades. A los efectos de esta ley se entiende por modalidades las formas en que se manifiestan los distintos tipos de violencia contra las mujeres en los diferentes \u00e1mbitos, quedando especialmente comprendidas las siguientes:<\/p>\n<ol>\n<li>a) <strong>Violencia dom\u00e9stica contra las mujeres<\/strong>: aquella ejercida contra las mujeres por un integrante del grupo familiar, independientemente del espacio f\u00edsico donde \u00e9sta ocurra, que da\u00f1e la dignidad, el bienestar, la integridad f\u00edsica, psicol\u00f3gica, sexual, econ\u00f3mica o patrimonial, la libertad, comprendiendo la libertad reproductiva y el derecho al pleno desarrollo de las mujeres. Se entiende por grupo familiar el originado en el parentesco sea por consanguinidad o por afinidad, el matrimonio, las uniones de hecho y las parejas o noviazgos. Incluye las relaciones vigentes o finalizadas, no siendo requisito la convivencia;<\/li>\n<li>b) <strong>Violencia institucional contra las mujeres<\/strong>: aquella realizada por las\/los funcionarias\/os, profesionales, personal y agentes pertenecientes a cualquier \u00f3rgano, ente o instituci\u00f3n p\u00fablica, que tenga como fin retardar, obstaculizar o impedir que las mujeres tengan acceso a las pol\u00edticas p\u00fablicas y ejerzan los derechos previstos en esta ley. Quedan comprendidas, adem\u00e1s, las que se ejercen en los partidos pol\u00edticos, sindicatos, organizaciones empresariales, deportivas y de la sociedad civil;<\/li>\n<li>c) <strong>Violencia laboral contra las mujeres<\/strong>: aquella que discrimina a las mujeres en los \u00e1mbitos de trabajo p\u00fablicos o privados y que obstaculiza su acceso al empleo, contrataci\u00f3n, ascenso, estabilidad o permanencia en el mismo, exigiendo requisitos sobre estado civil, maternidad, edad, apariencia f\u00edsica o la realizaci\u00f3n de test de embarazo. Constituye tambi\u00e9n violencia contra las mujeres en el \u00e1mbito laboral quebrantar el derecho de igual remuneraci\u00f3n por igual tarea o funci\u00f3n. Asimismo, incluye el hostigamiento psicol\u00f3gico en forma sistem\u00e1tica sobre una determinada trabajadora con el fin de lograr su exclusi\u00f3n laboral;<\/li>\n<li>d) <strong>Violencia contra la libertad reproductiva<\/strong>: aquella que vulnere el derecho de las mujeres a decidir libre y responsablemente el n\u00famero de embarazos o el intervalo entre los nacimientos, de conformidad con la Ley 25.673 de Creaci\u00f3n del Programa Nacional de Salud Sexual y Procreaci\u00f3n Responsable;<\/li>\n<li>e) <strong>Violencia obst\u00e9trica<\/strong>: aquella que ejerce el personal de salud sobre el cuerpo y los procesos reproductivos de las mujeres, expresada en un trato deshumanizado, un abuso de medicalizaci\u00f3n y patologizaci\u00f3n de los procesos naturales, de conformidad con la Ley 25.929.<\/li>\n<li>f) <strong>Violencia medi\u00e1tica contra las mujeres<\/strong>: aquella publicaci\u00f3n o difusi\u00f3n de mensajes e im\u00e1genes estereotipados a trav\u00e9s de cualquier medio masivo de comunicaci\u00f3n, que de manera directa o indirecta promueva la explotaci\u00f3n de mujeres o sus im\u00e1genes, injurie, difame, discrimine, deshonre, humille o atente contra la dignidad de las mujeres, como as\u00ed tambi\u00e9n la utilizaci\u00f3n de mujeres, adolescentes y ni\u00f1as en mensajes e im\u00e1genes pornogr\u00e1ficas, legitimando la desigualdad de trato o construya patrones socioculturales reproductores de la desigualdad o generadores de violencia contra las mujeres.<\/li>\n<\/ol>\n<p>Texto completo\u00a0&#x1f447;<\/p>\n<p><a href=\"http:\/\/servicios.infoleg.gob.ar\/infolegInternet\/anexos\/150000-154999\/152155\/norma.htm\">Ley N\u00b0 26.485<\/a><\/p>\n","protected":false},"excerpt":{"rendered":"<p>Ley 26.485 de protecci\u00f3n integral a las mujeres -25 de Noviembre D\u00eda Internacional de la eliminaci\u00f3n de la violencia contra la mujer- Escucha este art\u00edculo en la voz de\u00a0Marina Colado En 2009 se sanciona en Argentina la ley de protecci\u00f3n integral para prevenir, sancionar y erradicar la violencia contra las mujeres en los \u00e1mbitos en [&hellip;]<\/p>\n","protected":false},"author":4,"featured_media":61991,"comment_status":"open","ping_status":"open","sticky":false,"template":"","format":"standard","meta":{"iawp_total_views":482,"footnotes":""},"categories":[1067,19,32,592],"tags":[397,403,819],"class_list":["post-61988","post","type-post","status-publish","format-standard","has-post-thumbnail","hentry","category-agenda-feminista","category-biblioteca","category-mujeres","category-violencias","tag-derechos","tag-ley-26485","tag-violencias"],"nelio_content":{"autoShareEndMode":"never","automationSources":{"useCustomSentences":false,"customSentences":[]},"efiAlt":"","efiUrl":"","followers":[4],"highlights":[],"isAutoShareEnabled":true,"networkImageIds":[],"permalinkQueryArgs":[],"series":[],"suggestedReferences":[]},"yoast_head":"<!-- This site is optimized with the Yoast SEO plugin v27.5 - https:\/\/yoast.com\/product\/yoast-seo-wordpress\/ -->\n<title>Ley 26.485 de protecci\u00f3n integral a las mujeres - Diario Digital Femenino<\/title>\n<meta name=\"description\" content=\"Ley 26.485. 25 de Noviembre D\u00eda Internacional de la eliminaci\u00f3n de la violencia contra la mujer, compartimos parte del texto de la norma.\" \/>\n<meta name=\"robots\" content=\"index, follow, max-snippet:-1, max-image-preview:large, max-video-preview:-1\" \/>\n<link rel=\"canonical\" href=\"https:\/\/diariofemenino.com.ar\/df\/ley-26-485-de-proteccion-integral-a-las-mujeres\/\" \/>\n<meta property=\"og:locale\" content=\"es_ES\" \/>\n<meta property=\"og:type\" content=\"article\" \/>\n<meta property=\"og:title\" content=\"Ley 26.485 de protecci\u00f3n integral a las mujeres - Diario Digital Femenino\" \/>\n<meta property=\"og:description\" content=\"Ley 26.485. 25 de Noviembre D\u00eda Internacional de la eliminaci\u00f3n de la violencia contra la mujer, compartimos parte del texto de la norma.\" \/>\n<meta property=\"og:url\" content=\"https:\/\/diariofemenino.com.ar\/df\/ley-26-485-de-proteccion-integral-a-las-mujeres\/\" \/>\n<meta property=\"og:site_name\" content=\"Diario Digital Femenino\" \/>\n<meta property=\"article:publisher\" content=\"https:\/\/www.facebook.com\/DiarioDigitaFemenino\/\" \/>\n<meta property=\"article:published_time\" content=\"2021-11-10T12:06:10+00:00\" \/>\n<meta property=\"article:modified_time\" content=\"2021-11-10T12:23:09+00:00\" \/>\n<meta property=\"og:image\" content=\"https:\/\/diariofemenino.com.ar\/df\/wp-content\/uploads\/2021\/11\/15068_original.jpg\" \/>\n\t<meta property=\"og:image:width\" content=\"600\" \/>\n\t<meta property=\"og:image:height\" content=\"405\" \/>\n\t<meta property=\"og:image:type\" content=\"image\/jpeg\" \/>\n<meta name=\"author\" content=\"Admin\" \/>\n<meta name=\"twitter:card\" content=\"summary_large_image\" \/>\n<meta name=\"twitter:creator\" content=\"@DiarioFemenino1\" \/>\n<meta name=\"twitter:site\" content=\"@DiarioFemenino1\" \/>\n<meta name=\"twitter:label1\" content=\"Escrito por\" \/>\n\t<meta name=\"twitter:data1\" content=\"Admin\" \/>\n\t<meta name=\"twitter:label2\" content=\"Tiempo de lectura\" \/>\n\t<meta name=\"twitter:data2\" content=\"8 minutos\" \/>\n<script type=\"application\/ld+json\" class=\"yoast-schema-graph\">{\"@context\":\"https:\\\/\\\/schema.org\",\"@graph\":[{\"@type\":\"Article\",\"@id\":\"https:\\\/\\\/diariofemenino.com.ar\\\/df\\\/ley-26-485-de-proteccion-integral-a-las-mujeres\\\/#article\",\"isPartOf\":{\"@id\":\"https:\\\/\\\/diariofemenino.com.ar\\\/df\\\/ley-26-485-de-proteccion-integral-a-las-mujeres\\\/\"},\"author\":{\"name\":\"Admin\",\"@id\":\"https:\\\/\\\/diariofemenino.com.ar\\\/df\\\/#\\\/schema\\\/person\\\/bf6199e8158c657ea6f789b11ec85509\"},\"headline\":\"Ley 26.485 de protecci\u00f3n integral a las mujeres\",\"datePublished\":\"2021-11-10T12:06:10+00:00\",\"dateModified\":\"2021-11-10T12:23:09+00:00\",\"mainEntityOfPage\":{\"@id\":\"https:\\\/\\\/diariofemenino.com.ar\\\/df\\\/ley-26-485-de-proteccion-integral-a-las-mujeres\\\/\"},\"wordCount\":1632,\"commentCount\":0,\"publisher\":{\"@id\":\"https:\\\/\\\/diariofemenino.com.ar\\\/df\\\/#organization\"},\"image\":{\"@id\":\"https:\\\/\\\/diariofemenino.com.ar\\\/df\\\/ley-26-485-de-proteccion-integral-a-las-mujeres\\\/#primaryimage\"},\"thumbnailUrl\":\"https:\\\/\\\/diariofemenino.com.ar\\\/df\\\/wp-content\\\/uploads\\\/2021\\\/11\\\/15068_original.jpg\",\"keywords\":[\"#derechos\",\"Ley 26485\",\"Violencias\"],\"articleSection\":[\"Agenda Feminista\",\"Biblioteca Virtual\",\"Mujeres\",\"Violencias\"],\"inLanguage\":\"es\",\"potentialAction\":[{\"@type\":\"CommentAction\",\"name\":\"Comment\",\"target\":[\"https:\\\/\\\/diariofemenino.com.ar\\\/df\\\/ley-26-485-de-proteccion-integral-a-las-mujeres\\\/#respond\"]}]},{\"@type\":\"WebPage\",\"@id\":\"https:\\\/\\\/diariofemenino.com.ar\\\/df\\\/ley-26-485-de-proteccion-integral-a-las-mujeres\\\/\",\"url\":\"https:\\\/\\\/diariofemenino.com.ar\\\/df\\\/ley-26-485-de-proteccion-integral-a-las-mujeres\\\/\",\"name\":\"Ley 26.485 de protecci\u00f3n integral a las mujeres - Diario Digital Femenino\",\"isPartOf\":{\"@id\":\"https:\\\/\\\/diariofemenino.com.ar\\\/df\\\/#website\"},\"primaryImageOfPage\":{\"@id\":\"https:\\\/\\\/diariofemenino.com.ar\\\/df\\\/ley-26-485-de-proteccion-integral-a-las-mujeres\\\/#primaryimage\"},\"image\":{\"@id\":\"https:\\\/\\\/diariofemenino.com.ar\\\/df\\\/ley-26-485-de-proteccion-integral-a-las-mujeres\\\/#primaryimage\"},\"thumbnailUrl\":\"https:\\\/\\\/diariofemenino.com.ar\\\/df\\\/wp-content\\\/uploads\\\/2021\\\/11\\\/15068_original.jpg\",\"datePublished\":\"2021-11-10T12:06:10+00:00\",\"dateModified\":\"2021-11-10T12:23:09+00:00\",\"description\":\"Ley 26.485. 25 de Noviembre D\u00eda Internacional de la eliminaci\u00f3n de la violencia contra la mujer, compartimos parte del texto de la norma.\",\"breadcrumb\":{\"@id\":\"https:\\\/\\\/diariofemenino.com.ar\\\/df\\\/ley-26-485-de-proteccion-integral-a-las-mujeres\\\/#breadcrumb\"},\"inLanguage\":\"es\",\"potentialAction\":[{\"@type\":\"ReadAction\",\"target\":[\"https:\\\/\\\/diariofemenino.com.ar\\\/df\\\/ley-26-485-de-proteccion-integral-a-las-mujeres\\\/\"]}]},{\"@type\":\"ImageObject\",\"inLanguage\":\"es\",\"@id\":\"https:\\\/\\\/diariofemenino.com.ar\\\/df\\\/ley-26-485-de-proteccion-integral-a-las-mujeres\\\/#primaryimage\",\"url\":\"https:\\\/\\\/diariofemenino.com.ar\\\/df\\\/wp-content\\\/uploads\\\/2021\\\/11\\\/15068_original.jpg\",\"contentUrl\":\"https:\\\/\\\/diariofemenino.com.ar\\\/df\\\/wp-content\\\/uploads\\\/2021\\\/11\\\/15068_original.jpg\",\"width\":600,\"height\":405,\"caption\":\"Ley 26.485 de protecci\u00f3n integral a las mujeres\"},{\"@type\":\"BreadcrumbList\",\"@id\":\"https:\\\/\\\/diariofemenino.com.ar\\\/df\\\/ley-26-485-de-proteccion-integral-a-las-mujeres\\\/#breadcrumb\",\"itemListElement\":[{\"@type\":\"ListItem\",\"position\":1,\"name\":\"Portada\",\"item\":\"https:\\\/\\\/diariofemenino.com.ar\\\/df\\\/\"},{\"@type\":\"ListItem\",\"position\":2,\"name\":\"Ley 26.485 de protecci\u00f3n integral a las mujeres\"}]},{\"@type\":\"WebSite\",\"@id\":\"https:\\\/\\\/diariofemenino.com.ar\\\/df\\\/#website\",\"url\":\"https:\\\/\\\/diariofemenino.com.ar\\\/df\\\/\",\"name\":\"Diario Digital Femenino\",\"description\":\"Cuesti\u00f3n de G\u00e9nero\",\"publisher\":{\"@id\":\"https:\\\/\\\/diariofemenino.com.ar\\\/df\\\/#organization\"},\"potentialAction\":[{\"@type\":\"SearchAction\",\"target\":{\"@type\":\"EntryPoint\",\"urlTemplate\":\"https:\\\/\\\/diariofemenino.com.ar\\\/df\\\/?s={search_term_string}\"},\"query-input\":{\"@type\":\"PropertyValueSpecification\",\"valueRequired\":true,\"valueName\":\"search_term_string\"}}],\"inLanguage\":\"es\"},{\"@type\":\"Organization\",\"@id\":\"https:\\\/\\\/diariofemenino.com.ar\\\/df\\\/#organization\",\"name\":\"Diario Femenino\",\"url\":\"https:\\\/\\\/diariofemenino.com.ar\\\/df\\\/\",\"logo\":{\"@type\":\"ImageObject\",\"inLanguage\":\"es\",\"@id\":\"https:\\\/\\\/diariofemenino.com.ar\\\/df\\\/#\\\/schema\\\/logo\\\/image\\\/\",\"url\":\"https:\\\/\\\/diariofemenino.com.ar\\\/df\\\/wp-content\\\/uploads\\\/2018\\\/10\\\/logo.png\",\"contentUrl\":\"https:\\\/\\\/diariofemenino.com.ar\\\/df\\\/wp-content\\\/uploads\\\/2018\\\/10\\\/logo.png\",\"width\":500,\"height\":92,\"caption\":\"Diario Femenino\"},\"image\":{\"@id\":\"https:\\\/\\\/diariofemenino.com.ar\\\/df\\\/#\\\/schema\\\/logo\\\/image\\\/\"},\"sameAs\":[\"https:\\\/\\\/www.facebook.com\\\/DiarioDigitaFemenino\\\/\",\"https:\\\/\\\/x.com\\\/DiarioFemenino1\"]},{\"@type\":\"Person\",\"@id\":\"https:\\\/\\\/diariofemenino.com.ar\\\/df\\\/#\\\/schema\\\/person\\\/bf6199e8158c657ea6f789b11ec85509\",\"name\":\"Admin\",\"image\":{\"@type\":\"ImageObject\",\"inLanguage\":\"es\",\"@id\":\"https:\\\/\\\/diariofemenino.com.ar\\\/df\\\/wp-content\\\/uploads\\\/2018\\\/12\\\/favicon-150x150.jpg\",\"url\":\"https:\\\/\\\/diariofemenino.com.ar\\\/df\\\/wp-content\\\/uploads\\\/2018\\\/12\\\/favicon-150x150.jpg\",\"contentUrl\":\"https:\\\/\\\/diariofemenino.com.ar\\\/df\\\/wp-content\\\/uploads\\\/2018\\\/12\\\/favicon-150x150.jpg\",\"caption\":\"Admin\"},\"url\":\"https:\\\/\\\/diariofemenino.com.ar\\\/df\\\/author\\\/lenny\\\/\"}]}<\/script>\n<!-- \/ Yoast SEO plugin. -->","yoast_head_json":{"title":"Ley 26.485 de protecci\u00f3n integral a las mujeres - Diario Digital Femenino","description":"Ley 26.485. 25 de Noviembre D\u00eda Internacional de la eliminaci\u00f3n de la violencia contra la mujer, compartimos parte del texto de la norma.","robots":{"index":"index","follow":"follow","max-snippet":"max-snippet:-1","max-image-preview":"max-image-preview:large","max-video-preview":"max-video-preview:-1"},"canonical":"https:\/\/diariofemenino.com.ar\/df\/ley-26-485-de-proteccion-integral-a-las-mujeres\/","og_locale":"es_ES","og_type":"article","og_title":"Ley 26.485 de protecci\u00f3n integral a las mujeres - Diario Digital Femenino","og_description":"Ley 26.485. 25 de Noviembre D\u00eda Internacional de la eliminaci\u00f3n de la violencia contra la mujer, compartimos parte del texto de la norma.","og_url":"https:\/\/diariofemenino.com.ar\/df\/ley-26-485-de-proteccion-integral-a-las-mujeres\/","og_site_name":"Diario Digital Femenino","article_publisher":"https:\/\/www.facebook.com\/DiarioDigitaFemenino\/","article_published_time":"2021-11-10T12:06:10+00:00","article_modified_time":"2021-11-10T12:23:09+00:00","og_image":[{"width":600,"height":405,"url":"https:\/\/diariofemenino.com.ar\/df\/wp-content\/uploads\/2021\/11\/15068_original.jpg","type":"image\/jpeg"}],"author":"Admin","twitter_card":"summary_large_image","twitter_creator":"@DiarioFemenino1","twitter_site":"@DiarioFemenino1","twitter_misc":{"Escrito por":"Admin","Tiempo de lectura":"8 minutos"},"schema":{"@context":"https:\/\/schema.org","@graph":[{"@type":"Article","@id":"https:\/\/diariofemenino.com.ar\/df\/ley-26-485-de-proteccion-integral-a-las-mujeres\/#article","isPartOf":{"@id":"https:\/\/diariofemenino.com.ar\/df\/ley-26-485-de-proteccion-integral-a-las-mujeres\/"},"author":{"name":"Admin","@id":"https:\/\/diariofemenino.com.ar\/df\/#\/schema\/person\/bf6199e8158c657ea6f789b11ec85509"},"headline":"Ley 26.485 de protecci\u00f3n integral a las mujeres","datePublished":"2021-11-10T12:06:10+00:00","dateModified":"2021-11-10T12:23:09+00:00","mainEntityOfPage":{"@id":"https:\/\/diariofemenino.com.ar\/df\/ley-26-485-de-proteccion-integral-a-las-mujeres\/"},"wordCount":1632,"commentCount":0,"publisher":{"@id":"https:\/\/diariofemenino.com.ar\/df\/#organization"},"image":{"@id":"https:\/\/diariofemenino.com.ar\/df\/ley-26-485-de-proteccion-integral-a-las-mujeres\/#primaryimage"},"thumbnailUrl":"https:\/\/diariofemenino.com.ar\/df\/wp-content\/uploads\/2021\/11\/15068_original.jpg","keywords":["#derechos","Ley 26485","Violencias"],"articleSection":["Agenda Feminista","Biblioteca Virtual","Mujeres","Violencias"],"inLanguage":"es","potentialAction":[{"@type":"CommentAction","name":"Comment","target":["https:\/\/diariofemenino.com.ar\/df\/ley-26-485-de-proteccion-integral-a-las-mujeres\/#respond"]}]},{"@type":"WebPage","@id":"https:\/\/diariofemenino.com.ar\/df\/ley-26-485-de-proteccion-integral-a-las-mujeres\/","url":"https:\/\/diariofemenino.com.ar\/df\/ley-26-485-de-proteccion-integral-a-las-mujeres\/","name":"Ley 26.485 de protecci\u00f3n integral a las mujeres - Diario Digital Femenino","isPartOf":{"@id":"https:\/\/diariofemenino.com.ar\/df\/#website"},"primaryImageOfPage":{"@id":"https:\/\/diariofemenino.com.ar\/df\/ley-26-485-de-proteccion-integral-a-las-mujeres\/#primaryimage"},"image":{"@id":"https:\/\/diariofemenino.com.ar\/df\/ley-26-485-de-proteccion-integral-a-las-mujeres\/#primaryimage"},"thumbnailUrl":"https:\/\/diariofemenino.com.ar\/df\/wp-content\/uploads\/2021\/11\/15068_original.jpg","datePublished":"2021-11-10T12:06:10+00:00","dateModified":"2021-11-10T12:23:09+00:00","description":"Ley 26.485. 25 de Noviembre D\u00eda Internacional de la eliminaci\u00f3n de la violencia contra la mujer, compartimos parte del texto de la norma.","breadcrumb":{"@id":"https:\/\/diariofemenino.com.ar\/df\/ley-26-485-de-proteccion-integral-a-las-mujeres\/#breadcrumb"},"inLanguage":"es","potentialAction":[{"@type":"ReadAction","target":["https:\/\/diariofemenino.com.ar\/df\/ley-26-485-de-proteccion-integral-a-las-mujeres\/"]}]},{"@type":"ImageObject","inLanguage":"es","@id":"https:\/\/diariofemenino.com.ar\/df\/ley-26-485-de-proteccion-integral-a-las-mujeres\/#primaryimage","url":"https:\/\/diariofemenino.com.ar\/df\/wp-content\/uploads\/2021\/11\/15068_original.jpg","contentUrl":"https:\/\/diariofemenino.com.ar\/df\/wp-content\/uploads\/2021\/11\/15068_original.jpg","width":600,"height":405,"caption":"Ley 26.485 de protecci\u00f3n integral a las mujeres"},{"@type":"BreadcrumbList","@id":"https:\/\/diariofemenino.com.ar\/df\/ley-26-485-de-proteccion-integral-a-las-mujeres\/#breadcrumb","itemListElement":[{"@type":"ListItem","position":1,"name":"Portada","item":"https:\/\/diariofemenino.com.ar\/df\/"},{"@type":"ListItem","position":2,"name":"Ley 26.485 de protecci\u00f3n integral a las mujeres"}]},{"@type":"WebSite","@id":"https:\/\/diariofemenino.com.ar\/df\/#website","url":"https:\/\/diariofemenino.com.ar\/df\/","name":"Diario Digital Femenino","description":"Cuesti\u00f3n de G\u00e9nero","publisher":{"@id":"https:\/\/diariofemenino.com.ar\/df\/#organization"},"potentialAction":[{"@type":"SearchAction","target":{"@type":"EntryPoint","urlTemplate":"https:\/\/diariofemenino.com.ar\/df\/?s={search_term_string}"},"query-input":{"@type":"PropertyValueSpecification","valueRequired":true,"valueName":"search_term_string"}}],"inLanguage":"es"},{"@type":"Organization","@id":"https:\/\/diariofemenino.com.ar\/df\/#organization","name":"Diario Femenino","url":"https:\/\/diariofemenino.com.ar\/df\/","logo":{"@type":"ImageObject","inLanguage":"es","@id":"https:\/\/diariofemenino.com.ar\/df\/#\/schema\/logo\/image\/","url":"https:\/\/diariofemenino.com.ar\/df\/wp-content\/uploads\/2018\/10\/logo.png","contentUrl":"https:\/\/diariofemenino.com.ar\/df\/wp-content\/uploads\/2018\/10\/logo.png","width":500,"height":92,"caption":"Diario Femenino"},"image":{"@id":"https:\/\/diariofemenino.com.ar\/df\/#\/schema\/logo\/image\/"},"sameAs":["https:\/\/www.facebook.com\/DiarioDigitaFemenino\/","https:\/\/x.com\/DiarioFemenino1"]},{"@type":"Person","@id":"https:\/\/diariofemenino.com.ar\/df\/#\/schema\/person\/bf6199e8158c657ea6f789b11ec85509","name":"Admin","image":{"@type":"ImageObject","inLanguage":"es","@id":"https:\/\/diariofemenino.com.ar\/df\/wp-content\/uploads\/2018\/12\/favicon-150x150.jpg","url":"https:\/\/diariofemenino.com.ar\/df\/wp-content\/uploads\/2018\/12\/favicon-150x150.jpg","contentUrl":"https:\/\/diariofemenino.com.ar\/df\/wp-content\/uploads\/2018\/12\/favicon-150x150.jpg","caption":"Admin"},"url":"https:\/\/diariofemenino.com.ar\/df\/author\/lenny\/"}]}},"jetpack_featured_media_url":"https:\/\/diariofemenino.com.ar\/df\/wp-content\/uploads\/2021\/11\/15068_original.jpg","jetpack_sharing_enabled":true,"rttpg_featured_image_url":{"full":["https:\/\/diariofemenino.com.ar\/df\/wp-content\/uploads\/2021\/11\/15068_original.jpg",600,405,false],"landscape":["https:\/\/diariofemenino.com.ar\/df\/wp-content\/uploads\/2021\/11\/15068_original.jpg",600,405,false],"portraits":["https:\/\/diariofemenino.com.ar\/df\/wp-content\/uploads\/2021\/11\/15068_original.jpg",600,405,false],"thumbnail":["https:\/\/diariofemenino.com.ar\/df\/wp-content\/uploads\/2021\/11\/15068_original-150x150.jpg",150,150,true],"medium":["https:\/\/diariofemenino.com.ar\/df\/wp-content\/uploads\/2021\/11\/15068_original-300x203.jpg",300,203,true],"large":["https:\/\/diariofemenino.com.ar\/df\/wp-content\/uploads\/2021\/11\/15068_original.jpg",600,405,false],"1536x1536":["https:\/\/diariofemenino.com.ar\/df\/wp-content\/uploads\/2021\/11\/15068_original.jpg",600,405,false],"2048x2048":["https:\/\/diariofemenino.com.ar\/df\/wp-content\/uploads\/2021\/11\/15068_original.jpg",600,405,false]},"rttpg_author":{"display_name":"Admin","author_link":"https:\/\/diariofemenino.com.ar\/df\/author\/lenny\/"},"rttpg_comment":0,"rttpg_category":"<a href=\"https:\/\/diariofemenino.com.ar\/df\/category\/agenda-feminista\/\" rel=\"category tag\">Agenda Feminista<\/a> <a href=\"https:\/\/diariofemenino.com.ar\/df\/category\/biblioteca\/\" rel=\"category tag\">Biblioteca Virtual<\/a> <a href=\"https:\/\/diariofemenino.com.ar\/df\/category\/mujeres\/\" rel=\"category tag\">Mujeres<\/a> <a href=\"https:\/\/diariofemenino.com.ar\/df\/category\/violencias\/\" rel=\"category tag\">Violencias<\/a>","rttpg_excerpt":"Ley 26.485 de protecci\u00f3n integral a las mujeres -25 de Noviembre D\u00eda Internacional de la eliminaci\u00f3n de la violencia contra la mujer- Escucha este art\u00edculo en la voz de\u00a0Marina Colado En 2009 se sanciona en Argentina la ley de protecci\u00f3n integral para prevenir, sancionar y erradicar la violencia contra las mujeres en los \u00e1mbitos en&hellip;","_links":{"self":[{"href":"https:\/\/diariofemenino.com.ar\/df\/wp-json\/wp\/v2\/posts\/61988","targetHints":{"allow":["GET"]}}],"collection":[{"href":"https:\/\/diariofemenino.com.ar\/df\/wp-json\/wp\/v2\/posts"}],"about":[{"href":"https:\/\/diariofemenino.com.ar\/df\/wp-json\/wp\/v2\/types\/post"}],"author":[{"embeddable":true,"href":"https:\/\/diariofemenino.com.ar\/df\/wp-json\/wp\/v2\/users\/4"}],"replies":[{"embeddable":true,"href":"https:\/\/diariofemenino.com.ar\/df\/wp-json\/wp\/v2\/comments?post=61988"}],"version-history":[{"count":0,"href":"https:\/\/diariofemenino.com.ar\/df\/wp-json\/wp\/v2\/posts\/61988\/revisions"}],"wp:featuredmedia":[{"embeddable":true,"href":"https:\/\/diariofemenino.com.ar\/df\/wp-json\/wp\/v2\/media\/61991"}],"wp:attachment":[{"href":"https:\/\/diariofemenino.com.ar\/df\/wp-json\/wp\/v2\/media?parent=61988"}],"wp:term":[{"taxonomy":"category","embeddable":true,"href":"https:\/\/diariofemenino.com.ar\/df\/wp-json\/wp\/v2\/categories?post=61988"},{"taxonomy":"post_tag","embeddable":true,"href":"https:\/\/diariofemenino.com.ar\/df\/wp-json\/wp\/v2\/tags?post=61988"}],"curies":[{"name":"wp","href":"https:\/\/api.w.org\/{rel}","templated":true}]}}