{"id":61976,"date":"2021-11-10T08:23:35","date_gmt":"2021-11-10T11:23:35","guid":{"rendered":"https:\/\/diariofemenino.com.ar\/df\/?p=61976"},"modified":"2021-11-10T08:25:42","modified_gmt":"2021-11-10T11:25:42","slug":"el-puto-inolvidable-vida-de-carlos-jauregui","status":"publish","type":"post","link":"https:\/\/diariofemenino.com.ar\/df\/el-puto-inolvidable-vida-de-carlos-jauregui\/","title":{"rendered":"El puto inolvidable. Vida de Carlos J\u00e1uregui"},"content":{"rendered":"<p>Sobre lo puto y lo inmarcesible.<\/p>\n<p>Por\u00a0<a href=\"https:\/\/diariofemenino.com.ar\/df\/?s=Emiliano+Samar\">Emiliano Samar<\/a>*<br \/>\npara\u00a0<a href=\"https:\/\/diariofemenino.com.ar\/\">Diario Digital Femenino<\/a><\/p>\n<audio class=\"wp-audio-shortcode\" id=\"audio-61976-1\" preload=\"none\" style=\"width: 100%;\" controls=\"controls\"><source type=\"audio\/mpeg\" src=\"https:\/\/diariofemenino.com.ar\/df\/wp-content\/uploads\/2021\/11\/El-puto-inolvidable.mp3?_=1\" \/><a href=\"https:\/\/diariofemenino.com.ar\/df\/wp-content\/uploads\/2021\/11\/El-puto-inolvidable.mp3\">https:\/\/diariofemenino.com.ar\/df\/wp-content\/uploads\/2021\/11\/El-puto-inolvidable.mp3<\/a><\/audio>\n<p>Escucha este art\u00edculo en la voz de\u00a0<a href=\"https:\/\/diariofemenino.com.ar\/df\/?s=Marina+Colado\"><strong>Marina Colado<\/strong><\/a><\/p>\n<p>El puto inolvidable es un documental argentino que narra la vida del activista Carlos J\u00e1uregui. Dirigido por Lucas Santa Ana y escrito junto a Gustavo Pecoraro recupera la historia de un luchador incansable por la visibilidad y los derechos del colectivo LGBTIQ+.<\/p>\n<p><img loading=\"lazy\" decoding=\"async\" class=\"aligncenter wp-image-61981\" src=\"https:\/\/diariofemenino.com.ar\/df\/wp-content\/uploads\/2021\/11\/el_puto_inolvidable_vida_de_carlos_jauregui-738318460-large-1.jpg\" alt=\"\" width=\"384\" height=\"581\" srcset=\"https:\/\/diariofemenino.com.ar\/df\/wp-content\/uploads\/2021\/11\/el_puto_inolvidable_vida_de_carlos_jauregui-738318460-large-1.jpg 640w, https:\/\/diariofemenino.com.ar\/df\/wp-content\/uploads\/2021\/11\/el_puto_inolvidable_vida_de_carlos_jauregui-738318460-large-1-198x300.jpg 198w\" sizes=\"auto, (max-width: 384px) 100vw, 384px\" \/><\/p>\n<p>Esta lucha lo llev\u00f3 a ser la primera persona en visibilizarse como homosexual en la portada de una de las revistas de mayor difusi\u00f3n en Argentina en los a\u00f1os 80. Su convicci\u00f3n y su valor cambiaron la vida del colectivo de la diversidad en Argentina. Fue el impulsor de la primera Marcha del Orgullo en nuestro pa\u00eds. Por esta raz\u00f3n y siendo la edici\u00f3n n\u00famero 30 la de este a\u00f1o, el documental sobre Carlos se vuelve puerta de entrada para reflexionar sobre esta manifestaci\u00f3n popular y colectiva.<\/p>\n<p>Aquella marcha se desarroll\u00f3 el 2 de julio de 1992, la cantidad de personas que participaron pod\u00edan contarse con solo dar un vistazo, muchas de las cuales llevaban m\u00e1scaras de cart\u00f3n para evitar su reconocimiento. Bajo la consigna de \u00abLibertad, Igualdad, Diversidad\u00bb la\u00a0 primera Marcha fue convocada en Plaza de Mayo y se dirigi\u00f3 al Congreso. Desde aquel momento se constituy\u00f3 en un acto p\u00fablico de suma importancia para la comunidad l\u00e9sbica, gay, bisexual, travesti, transexual, transg\u00e9nero, intersex y queer, sosteni\u00e9ndose todos los a\u00f1os. All\u00ed se visibilizan identidades, se celebran conquistas y se ponen de manifiesto los reclamos.<\/p>\n<p><img loading=\"lazy\" decoding=\"async\" class=\"aligncenter wp-image-61980\" src=\"https:\/\/diariofemenino.com.ar\/df\/wp-content\/uploads\/2021\/11\/marcha-orgullo-1-1024x576.jpg\" alt=\"\" width=\"597\" height=\"336\" srcset=\"https:\/\/diariofemenino.com.ar\/df\/wp-content\/uploads\/2021\/11\/marcha-orgullo-1-1024x576.jpg 1024w, https:\/\/diariofemenino.com.ar\/df\/wp-content\/uploads\/2021\/11\/marcha-orgullo-1-300x169.jpg 300w, https:\/\/diariofemenino.com.ar\/df\/wp-content\/uploads\/2021\/11\/marcha-orgullo-1-768x432.jpg 768w, https:\/\/diariofemenino.com.ar\/df\/wp-content\/uploads\/2021\/11\/marcha-orgullo-1.jpg 1440w\" sizes=\"auto, (max-width: 597px) 100vw, 597px\" \/><\/p>\n<p>El D\u00eda Internacional del Orgullo, tambi\u00e9n conocido como D\u00eda Internacional del Orgullo LGBTIQ+ y otras variantes, es un d\u00eda que se celebra cada 28 de junio en muchos pa\u00edses del mundo, en conmemoraci\u00f3n de los hechos ocurridos en Stonewall en el a\u00f1o 1969. Un hito fundador de rebeli\u00f3n contra la opresi\u00f3n social e institucional hacia las personas LGBTIQ+. En un bar de Nueva York llamado \u00abStonewall Inn\u00bb, concurrido por hispanos, afros, homosexuales, lesbianas, trans y drag queens, la polic\u00eda llev\u00f3 a cabo una de las tantas redadas que respond\u00edan a leyes prohibitivas que impon\u00edan la heteronorma y censuraban entre otras cosas vestir ropas consideradas para el g\u00e9nero opuesto. Esa noche, sin aviso previo, la polic\u00eda intent\u00f3 detener a las y los presentes como ocurr\u00eda usualmente. La indignaci\u00f3n y bronca acumulada ante estos abusos de poder fue tal que se negaron a la detenci\u00f3n. Se corri\u00f3 la voz con respecto a que \u201cStonewall Inn\u201d estaba siendo allanado, y empez\u00f3 a reunirse gente en las inmediaciones. Ante las golpizas y detenciones arbitrarias por parte de la polic\u00eda, comenzaron los insultos, los piedrazos, las corridas al grito de \u201cgay power\u201d.<\/p>\n<p><img loading=\"lazy\" decoding=\"async\" class=\"aligncenter size-full wp-image-61978\" src=\"https:\/\/diariofemenino.com.ar\/df\/wp-content\/uploads\/2021\/11\/arton60410-ee12c-1.jpg\" alt=\"\" width=\"640\" height=\"389\" srcset=\"https:\/\/diariofemenino.com.ar\/df\/wp-content\/uploads\/2021\/11\/arton60410-ee12c-1.jpg 640w, https:\/\/diariofemenino.com.ar\/df\/wp-content\/uploads\/2021\/11\/arton60410-ee12c-1-300x182.jpg 300w\" sizes=\"auto, (max-width: 640px) 100vw, 640px\" \/><\/p>\n<p>&nbsp;<\/p>\n<p>Los enfrentamientos duraron aproximadamente dos d\u00edas y fueron tapa de diarios. Si bien Stonewall es tomado como la primera protesta masiva, ya hab\u00eda grupos organizados en diferentes partes del mundo. En Estados Unidos en mayo de 1965, la Janus Society protesta en Filadelfia contra el due\u00f1o de un restaurante que se neg\u00f3 a servirle a un grupo de personas por identificarlas como gays y lesbianas y en el a\u00f1o 1966 la Mattachine Society de Nueva York se manifiesta contra el cierre de los \u201clugares de encuentro gays\u201d y las pol\u00edticas gubernamentales.<\/p>\n<p>En Argentina la agrupaci\u00f3n Nuestro Mundo surge en 1967 y se la reconoce\u00a0 como el primer grupo de diversidad sexual de Am\u00e9rica Latina. Desde sus boletines y publicaciones\u00a0 invitaba a la liberaci\u00f3n homosexual. En los a\u00f1os 70 y a partir de dicha agrupaci\u00f3n, nace el Frente de Liberaci\u00f3n Homosexual que gener\u00f3 el manifiesto pol\u00edtico \u201cSexo y Revoluci\u00f3n\u201d. En dicho frente se reunieron grupos y organizaciones de homosexuales y lesbianas con distintas ideas pol\u00edticas, posiciones y propuestas pero con un objetivo com\u00fan: la incorporaci\u00f3n de las tem\u00e1ticas vinculadas a la diversidad sexual a la agenda p\u00fablica y pol\u00edtica.<\/p>\n<p>En 1984, en el marco de la vuelta a la democracia, los activistas Carlos Jauregui y C\u00e9sar Cigiutti formaron la Comunidad Homosexual Argentina (CHA) con el objetivo de luchar contra la represi\u00f3n y los edictos policiales heredados de la dictadura militar. Ellos fueron los impulsores de la primera marcha junto a las organizaciones Sociedad de Integraci\u00f3n Gay L\u00e9sbica Argentina (SIGLA), Transexuales por el derecho a la vida (TRANSDEVI), Grupo de Investigaci\u00f3n en Sexualidad de Investigaci\u00f3n Social (ISIS), Iglesia de la Comunidad Metropolitana (ICM) y Convocatoria Lesbiana. Con el tiempo, se sumaron nuevas agrupaciones que reflejaban la diversificaci\u00f3n de las identidades.<\/p>\n<p><img loading=\"lazy\" decoding=\"async\" class=\"aligncenter wp-image-61984\" src=\"https:\/\/diariofemenino.com.ar\/df\/wp-content\/uploads\/2021\/11\/19920703-Marcha-8-1-1024x768.jpg\" alt=\"\" width=\"575\" height=\"431\" srcset=\"https:\/\/diariofemenino.com.ar\/df\/wp-content\/uploads\/2021\/11\/19920703-Marcha-8-1-1024x768.jpg 1024w, https:\/\/diariofemenino.com.ar\/df\/wp-content\/uploads\/2021\/11\/19920703-Marcha-8-1-300x225.jpg 300w, https:\/\/diariofemenino.com.ar\/df\/wp-content\/uploads\/2021\/11\/19920703-Marcha-8-1-768x576.jpg 768w, https:\/\/diariofemenino.com.ar\/df\/wp-content\/uploads\/2021\/11\/19920703-Marcha-8-1.jpg 1600w\" sizes=\"auto, (max-width: 575px) 100vw, 575px\" \/><\/p>\n<p>La noci\u00f3n de orgullo surge en contraposici\u00f3n a la presi\u00f3n de una sociedad hetero- cisnormativa que promueve el rechazo y la violencia hacia toda persona que no se ajuste a su moral, lo que deriva en la \u201cobligaci\u00f3n\u201d de avergonzarse, esconderse y replegarse vivida por las personas del colectivo LGBTIQ+. La heteronorma, el patriarcado y el machismo siguen imponiendo su modelo desde la cuna. Ya sean cuestiones relacionadas al sexo biol\u00f3gico, a la orientaci\u00f3n sexoafectiva, a la identidad de g\u00e9nero, las disidencias identitarias despliegan una contracultura que a\u00fan requiere de valent\u00eda, lucha y determinaci\u00f3n.<\/p>\n<p>A\u00fan hoy las personas siguen sufriendo agresiones por su orientaci\u00f3n sexual o identidad o expresi\u00f3n de g\u00e9nero, real o atribuida. En ese sentido la Marcha del Orgullo da la oportunidad de visibilizar el estado de situaci\u00f3n. Es tambi\u00e9n una oportunidad para celebrar avances en materia legislativa y demandar aquellas modificaciones que faltan en las pol\u00edticas vigentes. Los derechos nunca deben darse por supuestos. Tambi\u00e9n habilita a que quienes a\u00fan tienen prejuicios puedan revisar y modificar sus modos de pensar con respecto al colectivo de la diversidad y\u00a0 colabora con el empoderamiento de las personas convocadas. Seg\u00fan Amnist\u00eda Internacional, estas cuestiones deben ser\u00a0 consideradas al analizar esta manifestaci\u00f3n a nivel internacional.<\/p>\n<p>Reunirse con otras personas con consignas comunes haciendo uso del espacio p\u00fablico es un gesto pol\u00edtico y cultural y un ejercicio de derecho y ciudadan\u00eda. El CELS, Centro de Estudios Sociales y Legales, considera que\u00a0 \u201cla consolidaci\u00f3n progresiva del r\u00e9gimen democr\u00e1tico y la vigencia del estado de derecho vinieron acompa\u00f1adas de una presencia importante de la protesta en la vida pol\u00edtica. Ese doble proceso hace que la pregunta sobre la respuesta estatal se haya vuelto ineludible y por momentos, central; sobre todo por el peso que tiene la cultura de los derechos humanos\u201d. Las necesidades y los derechos del colectivo LGBTIQ+ en el marco de los Derechos Humanos son cuestiones de estado, materia de legislaci\u00f3n y de transformaci\u00f3n social y cultural.<\/p>\n<p>Cuando la acci\u00f3n colectiva toma las calles la resonancia supera a quienes all\u00ed se encuentran, algo trasciende, se inscribe incluso en aquellos que no asisten pero comulgan con las consignas de turno y en quienes por oposici\u00f3n chistan desde una ventana o desde el sill\u00f3n.<\/p>\n<p>Las organizaciones sociales y quienes se autoconvocan salen a las calles y multiplican sus voces. En Argentina en 1997, se consensu\u00f3 que la Marcha del Orgullo se realice en\u00a0 noviembre. El cambio de fecha conmemora que el 1 de noviembre de 1967 se fund\u00f3 el colectivo Nuestro Mundo: la primera organizaci\u00f3n disidente de nuestro pa\u00eds y de Am\u00e9rica Latina. Por otro lado, el clima y las bajas temperaturas acompa\u00f1aron los argumentos para considerar una \u00e9poca del a\u00f1o m\u00e1s amigable al momento de reunirse al aire libre y en el espacio p\u00fablico.<\/p>\n<p><img loading=\"lazy\" decoding=\"async\" class=\"aligncenter wp-image-61979\" src=\"https:\/\/diariofemenino.com.ar\/df\/wp-content\/uploads\/2021\/11\/DSC_9939-1000x500-1.jpg\" alt=\"\" width=\"644\" height=\"322\" srcset=\"https:\/\/diariofemenino.com.ar\/df\/wp-content\/uploads\/2021\/11\/DSC_9939-1000x500-1.jpg 1000w, https:\/\/diariofemenino.com.ar\/df\/wp-content\/uploads\/2021\/11\/DSC_9939-1000x500-1-300x150.jpg 300w, https:\/\/diariofemenino.com.ar\/df\/wp-content\/uploads\/2021\/11\/DSC_9939-1000x500-1-768x384.jpg 768w\" sizes=\"auto, (max-width: 644px) 100vw, 644px\" \/><\/p>\n<p>En su t\u00edtulo, \u201cEl puto inolvidable\u201d, recupera una palabra que tantas veces se utiliz\u00f3 para denigrar a otros. Hoy, apropiada orgullosamente es acompa\u00f1ada por la palabra inolvidable, quiz\u00e1 porque es la memoria la llave que nos permite reconocer que \u201cvamos siendo\u201d en un contexto y que estamos aqu\u00ed gracias a que otras y otros estuvieron antes.<\/p>\n<p>El director del documental cuenta que inicialmente, en lugar de inolvidable hab\u00edan pensado en la palabra inmarcesible: hermoso adjetivo para hablar de mil flores, de millones, las que florecen y seguir\u00e1n haci\u00e9ndolo, regalando color en cada balc\u00f3n y cada calle, en manojo de voces.<\/p>\n<p>(*)\u00a0Columnista de\u00a0<a href=\"https:\/\/diariofemenino.com.ar\/df\/?s=Emiliano+Samar\">Diario Digital Femenino<\/a><br \/>\n<a href=\"https:\/\/www.instagram.com\/emilianosamar\/\">@emilianosamar<\/a><br \/>\n<a href=\"mailto:emilianosamar@gmail.com\">emilianosamar@gmail.com<\/a><\/p>\n","protected":false},"excerpt":{"rendered":"<p>Sobre lo puto y lo inmarcesible. Por\u00a0Emiliano Samar* para\u00a0Diario Digital Femenino Escucha este art\u00edculo en la voz de\u00a0Marina Colado El puto inolvidable es un documental argentino que narra la vida del activista Carlos J\u00e1uregui. Dirigido por Lucas Santa Ana y escrito junto a Gustavo Pecoraro recupera la historia de un luchador incansable por la visibilidad [&hellip;]<\/p>\n","protected":false},"author":4,"featured_media":61982,"comment_status":"open","ping_status":"open","sticky":false,"template":"","format":"standard","meta":{"iawp_total_views":84,"footnotes":""},"categories":[7,178,9,5],"tags":[3467,4372,4207],"class_list":["post-61976","post","type-post","status-publish","format-standard","has-post-thumbnail","hentry","category-actividades","category-articulos-y-comunicados","category-de-esi-si-se-habla","category-historias-de-vida","tag-carlos-jauregui","tag-destacada","tag-emiliano-samar"],"nelio_content":{"autoShareEndMode":"never","automationSources":{"useCustomSentences":false,"customSentences":[]},"efiAlt":"","efiUrl":"","followers":[4],"highlights":[],"isAutoShareEnabled":true,"networkImageIds":[],"permalinkQueryArgs":[],"series":[],"suggestedReferences":[]},"yoast_head":"<!-- This site is optimized with the Yoast SEO plugin v27.5 - https:\/\/yoast.com\/product\/yoast-seo-wordpress\/ -->\n<title>El puto inolvidable. Vida de Carlos J\u00e1uregui - Diario Digital Femenino<\/title>\n<meta name=\"description\" content=\"El puto inolvidable. Sobre lo puto y lo inmarcesible: Carlos J\u00e1uregui, por Emiliano Samar columnista de Diario Digital Femenino\" \/>\n<meta name=\"robots\" content=\"index, follow, max-snippet:-1, max-image-preview:large, max-video-preview:-1\" \/>\n<link rel=\"canonical\" href=\"https:\/\/diariofemenino.com.ar\/df\/el-puto-inolvidable-vida-de-carlos-jauregui\/\" \/>\n<meta property=\"og:locale\" content=\"es_ES\" \/>\n<meta property=\"og:type\" content=\"article\" \/>\n<meta property=\"og:title\" content=\"El puto inolvidable. Vida de Carlos J\u00e1uregui - Diario Digital Femenino\" \/>\n<meta property=\"og:description\" content=\"El puto inolvidable. Sobre lo puto y lo inmarcesible: Carlos J\u00e1uregui, por Emiliano Samar columnista de Diario Digital Femenino\" \/>\n<meta property=\"og:url\" content=\"https:\/\/diariofemenino.com.ar\/df\/el-puto-inolvidable-vida-de-carlos-jauregui\/\" \/>\n<meta property=\"og:site_name\" content=\"Diario Digital Femenino\" \/>\n<meta property=\"article:publisher\" content=\"https:\/\/www.facebook.com\/DiarioDigitaFemenino\/\" \/>\n<meta property=\"article:published_time\" content=\"2021-11-10T11:23:35+00:00\" \/>\n<meta property=\"article:modified_time\" content=\"2021-11-10T11:25:42+00:00\" \/>\n<meta property=\"og:image\" content=\"https:\/\/diariofemenino.com.ar\/df\/wp-content\/uploads\/2021\/11\/jauregui6.jpg\" \/>\n\t<meta property=\"og:image:width\" content=\"1632\" \/>\n\t<meta property=\"og:image:height\" content=\"816\" \/>\n\t<meta property=\"og:image:type\" content=\"image\/jpeg\" \/>\n<meta name=\"author\" content=\"Admin\" \/>\n<meta name=\"twitter:card\" content=\"summary_large_image\" \/>\n<meta name=\"twitter:creator\" content=\"@DiarioFemenino1\" \/>\n<meta name=\"twitter:site\" content=\"@DiarioFemenino1\" \/>\n<meta name=\"twitter:label1\" content=\"Escrito por\" \/>\n\t<meta name=\"twitter:data1\" content=\"Admin\" \/>\n\t<meta name=\"twitter:label2\" content=\"Tiempo de lectura\" \/>\n\t<meta name=\"twitter:data2\" content=\"7 minutos\" \/>\n<script type=\"application\/ld+json\" class=\"yoast-schema-graph\">{\"@context\":\"https:\\\/\\\/schema.org\",\"@graph\":[{\"@type\":\"Article\",\"@id\":\"https:\\\/\\\/diariofemenino.com.ar\\\/df\\\/el-puto-inolvidable-vida-de-carlos-jauregui\\\/#article\",\"isPartOf\":{\"@id\":\"https:\\\/\\\/diariofemenino.com.ar\\\/df\\\/el-puto-inolvidable-vida-de-carlos-jauregui\\\/\"},\"author\":{\"name\":\"Admin\",\"@id\":\"https:\\\/\\\/diariofemenino.com.ar\\\/df\\\/#\\\/schema\\\/person\\\/bf6199e8158c657ea6f789b11ec85509\"},\"headline\":\"El puto inolvidable. Vida de Carlos J\u00e1uregui\",\"datePublished\":\"2021-11-10T11:23:35+00:00\",\"dateModified\":\"2021-11-10T11:25:42+00:00\",\"mainEntityOfPage\":{\"@id\":\"https:\\\/\\\/diariofemenino.com.ar\\\/df\\\/el-puto-inolvidable-vida-de-carlos-jauregui\\\/\"},\"wordCount\":1412,\"commentCount\":0,\"publisher\":{\"@id\":\"https:\\\/\\\/diariofemenino.com.ar\\\/df\\\/#organization\"},\"image\":{\"@id\":\"https:\\\/\\\/diariofemenino.com.ar\\\/df\\\/el-puto-inolvidable-vida-de-carlos-jauregui\\\/#primaryimage\"},\"thumbnailUrl\":\"https:\\\/\\\/diariofemenino.com.ar\\\/df\\\/wp-content\\\/uploads\\\/2021\\\/11\\\/jauregui6.jpg\",\"keywords\":[\"Carlos jauregui\",\"Destacada\",\"Emiliano Samar\"],\"articleSection\":[\"Actividades\",\"Art\u00edculos y Comunicados\",\"De ESI S\u00ed Se Habla\",\"Historias de vida\"],\"inLanguage\":\"es\",\"potentialAction\":[{\"@type\":\"CommentAction\",\"name\":\"Comment\",\"target\":[\"https:\\\/\\\/diariofemenino.com.ar\\\/df\\\/el-puto-inolvidable-vida-de-carlos-jauregui\\\/#respond\"]}]},{\"@type\":\"WebPage\",\"@id\":\"https:\\\/\\\/diariofemenino.com.ar\\\/df\\\/el-puto-inolvidable-vida-de-carlos-jauregui\\\/\",\"url\":\"https:\\\/\\\/diariofemenino.com.ar\\\/df\\\/el-puto-inolvidable-vida-de-carlos-jauregui\\\/\",\"name\":\"El puto inolvidable. Vida de Carlos J\u00e1uregui - Diario Digital Femenino\",\"isPartOf\":{\"@id\":\"https:\\\/\\\/diariofemenino.com.ar\\\/df\\\/#website\"},\"primaryImageOfPage\":{\"@id\":\"https:\\\/\\\/diariofemenino.com.ar\\\/df\\\/el-puto-inolvidable-vida-de-carlos-jauregui\\\/#primaryimage\"},\"image\":{\"@id\":\"https:\\\/\\\/diariofemenino.com.ar\\\/df\\\/el-puto-inolvidable-vida-de-carlos-jauregui\\\/#primaryimage\"},\"thumbnailUrl\":\"https:\\\/\\\/diariofemenino.com.ar\\\/df\\\/wp-content\\\/uploads\\\/2021\\\/11\\\/jauregui6.jpg\",\"datePublished\":\"2021-11-10T11:23:35+00:00\",\"dateModified\":\"2021-11-10T11:25:42+00:00\",\"description\":\"El puto inolvidable. Sobre lo puto y lo inmarcesible: Carlos J\u00e1uregui, por Emiliano Samar columnista de Diario Digital Femenino\",\"breadcrumb\":{\"@id\":\"https:\\\/\\\/diariofemenino.com.ar\\\/df\\\/el-puto-inolvidable-vida-de-carlos-jauregui\\\/#breadcrumb\"},\"inLanguage\":\"es\",\"potentialAction\":[{\"@type\":\"ReadAction\",\"target\":[\"https:\\\/\\\/diariofemenino.com.ar\\\/df\\\/el-puto-inolvidable-vida-de-carlos-jauregui\\\/\"]}]},{\"@type\":\"ImageObject\",\"inLanguage\":\"es\",\"@id\":\"https:\\\/\\\/diariofemenino.com.ar\\\/df\\\/el-puto-inolvidable-vida-de-carlos-jauregui\\\/#primaryimage\",\"url\":\"https:\\\/\\\/diariofemenino.com.ar\\\/df\\\/wp-content\\\/uploads\\\/2021\\\/11\\\/jauregui6.jpg\",\"contentUrl\":\"https:\\\/\\\/diariofemenino.com.ar\\\/df\\\/wp-content\\\/uploads\\\/2021\\\/11\\\/jauregui6.jpg\",\"width\":1632,\"height\":816,\"caption\":\"El puto inolvidable. Vida de Carlos J\u00e1uregui\"},{\"@type\":\"BreadcrumbList\",\"@id\":\"https:\\\/\\\/diariofemenino.com.ar\\\/df\\\/el-puto-inolvidable-vida-de-carlos-jauregui\\\/#breadcrumb\",\"itemListElement\":[{\"@type\":\"ListItem\",\"position\":1,\"name\":\"Portada\",\"item\":\"https:\\\/\\\/diariofemenino.com.ar\\\/df\\\/\"},{\"@type\":\"ListItem\",\"position\":2,\"name\":\"El puto inolvidable. Vida de Carlos J\u00e1uregui\"}]},{\"@type\":\"WebSite\",\"@id\":\"https:\\\/\\\/diariofemenino.com.ar\\\/df\\\/#website\",\"url\":\"https:\\\/\\\/diariofemenino.com.ar\\\/df\\\/\",\"name\":\"Diario Digital Femenino\",\"description\":\"Cuesti\u00f3n de G\u00e9nero\",\"publisher\":{\"@id\":\"https:\\\/\\\/diariofemenino.com.ar\\\/df\\\/#organization\"},\"potentialAction\":[{\"@type\":\"SearchAction\",\"target\":{\"@type\":\"EntryPoint\",\"urlTemplate\":\"https:\\\/\\\/diariofemenino.com.ar\\\/df\\\/?s={search_term_string}\"},\"query-input\":{\"@type\":\"PropertyValueSpecification\",\"valueRequired\":true,\"valueName\":\"search_term_string\"}}],\"inLanguage\":\"es\"},{\"@type\":\"Organization\",\"@id\":\"https:\\\/\\\/diariofemenino.com.ar\\\/df\\\/#organization\",\"name\":\"Diario Femenino\",\"url\":\"https:\\\/\\\/diariofemenino.com.ar\\\/df\\\/\",\"logo\":{\"@type\":\"ImageObject\",\"inLanguage\":\"es\",\"@id\":\"https:\\\/\\\/diariofemenino.com.ar\\\/df\\\/#\\\/schema\\\/logo\\\/image\\\/\",\"url\":\"https:\\\/\\\/diariofemenino.com.ar\\\/df\\\/wp-content\\\/uploads\\\/2018\\\/10\\\/logo.png\",\"contentUrl\":\"https:\\\/\\\/diariofemenino.com.ar\\\/df\\\/wp-content\\\/uploads\\\/2018\\\/10\\\/logo.png\",\"width\":500,\"height\":92,\"caption\":\"Diario Femenino\"},\"image\":{\"@id\":\"https:\\\/\\\/diariofemenino.com.ar\\\/df\\\/#\\\/schema\\\/logo\\\/image\\\/\"},\"sameAs\":[\"https:\\\/\\\/www.facebook.com\\\/DiarioDigitaFemenino\\\/\",\"https:\\\/\\\/x.com\\\/DiarioFemenino1\"]},{\"@type\":\"Person\",\"@id\":\"https:\\\/\\\/diariofemenino.com.ar\\\/df\\\/#\\\/schema\\\/person\\\/bf6199e8158c657ea6f789b11ec85509\",\"name\":\"Admin\",\"image\":{\"@type\":\"ImageObject\",\"inLanguage\":\"es\",\"@id\":\"https:\\\/\\\/diariofemenino.com.ar\\\/df\\\/wp-content\\\/uploads\\\/2018\\\/12\\\/favicon-150x150.jpg\",\"url\":\"https:\\\/\\\/diariofemenino.com.ar\\\/df\\\/wp-content\\\/uploads\\\/2018\\\/12\\\/favicon-150x150.jpg\",\"contentUrl\":\"https:\\\/\\\/diariofemenino.com.ar\\\/df\\\/wp-content\\\/uploads\\\/2018\\\/12\\\/favicon-150x150.jpg\",\"caption\":\"Admin\"},\"url\":\"https:\\\/\\\/diariofemenino.com.ar\\\/df\\\/author\\\/lenny\\\/\"}]}<\/script>\n<!-- \/ Yoast SEO plugin. -->","yoast_head_json":{"title":"El puto inolvidable. Vida de Carlos J\u00e1uregui - Diario Digital Femenino","description":"El puto inolvidable. Sobre lo puto y lo inmarcesible: Carlos J\u00e1uregui, por Emiliano Samar columnista de Diario Digital Femenino","robots":{"index":"index","follow":"follow","max-snippet":"max-snippet:-1","max-image-preview":"max-image-preview:large","max-video-preview":"max-video-preview:-1"},"canonical":"https:\/\/diariofemenino.com.ar\/df\/el-puto-inolvidable-vida-de-carlos-jauregui\/","og_locale":"es_ES","og_type":"article","og_title":"El puto inolvidable. Vida de Carlos J\u00e1uregui - Diario Digital Femenino","og_description":"El puto inolvidable. Sobre lo puto y lo inmarcesible: Carlos J\u00e1uregui, por Emiliano Samar columnista de Diario Digital Femenino","og_url":"https:\/\/diariofemenino.com.ar\/df\/el-puto-inolvidable-vida-de-carlos-jauregui\/","og_site_name":"Diario Digital Femenino","article_publisher":"https:\/\/www.facebook.com\/DiarioDigitaFemenino\/","article_published_time":"2021-11-10T11:23:35+00:00","article_modified_time":"2021-11-10T11:25:42+00:00","og_image":[{"width":1632,"height":816,"url":"https:\/\/diariofemenino.com.ar\/df\/wp-content\/uploads\/2021\/11\/jauregui6.jpg","type":"image\/jpeg"}],"author":"Admin","twitter_card":"summary_large_image","twitter_creator":"@DiarioFemenino1","twitter_site":"@DiarioFemenino1","twitter_misc":{"Escrito por":"Admin","Tiempo de lectura":"7 minutos"},"schema":{"@context":"https:\/\/schema.org","@graph":[{"@type":"Article","@id":"https:\/\/diariofemenino.com.ar\/df\/el-puto-inolvidable-vida-de-carlos-jauregui\/#article","isPartOf":{"@id":"https:\/\/diariofemenino.com.ar\/df\/el-puto-inolvidable-vida-de-carlos-jauregui\/"},"author":{"name":"Admin","@id":"https:\/\/diariofemenino.com.ar\/df\/#\/schema\/person\/bf6199e8158c657ea6f789b11ec85509"},"headline":"El puto inolvidable. Vida de Carlos J\u00e1uregui","datePublished":"2021-11-10T11:23:35+00:00","dateModified":"2021-11-10T11:25:42+00:00","mainEntityOfPage":{"@id":"https:\/\/diariofemenino.com.ar\/df\/el-puto-inolvidable-vida-de-carlos-jauregui\/"},"wordCount":1412,"commentCount":0,"publisher":{"@id":"https:\/\/diariofemenino.com.ar\/df\/#organization"},"image":{"@id":"https:\/\/diariofemenino.com.ar\/df\/el-puto-inolvidable-vida-de-carlos-jauregui\/#primaryimage"},"thumbnailUrl":"https:\/\/diariofemenino.com.ar\/df\/wp-content\/uploads\/2021\/11\/jauregui6.jpg","keywords":["Carlos jauregui","Destacada","Emiliano Samar"],"articleSection":["Actividades","Art\u00edculos y Comunicados","De ESI S\u00ed Se Habla","Historias de vida"],"inLanguage":"es","potentialAction":[{"@type":"CommentAction","name":"Comment","target":["https:\/\/diariofemenino.com.ar\/df\/el-puto-inolvidable-vida-de-carlos-jauregui\/#respond"]}]},{"@type":"WebPage","@id":"https:\/\/diariofemenino.com.ar\/df\/el-puto-inolvidable-vida-de-carlos-jauregui\/","url":"https:\/\/diariofemenino.com.ar\/df\/el-puto-inolvidable-vida-de-carlos-jauregui\/","name":"El puto inolvidable. Vida de Carlos J\u00e1uregui - Diario Digital Femenino","isPartOf":{"@id":"https:\/\/diariofemenino.com.ar\/df\/#website"},"primaryImageOfPage":{"@id":"https:\/\/diariofemenino.com.ar\/df\/el-puto-inolvidable-vida-de-carlos-jauregui\/#primaryimage"},"image":{"@id":"https:\/\/diariofemenino.com.ar\/df\/el-puto-inolvidable-vida-de-carlos-jauregui\/#primaryimage"},"thumbnailUrl":"https:\/\/diariofemenino.com.ar\/df\/wp-content\/uploads\/2021\/11\/jauregui6.jpg","datePublished":"2021-11-10T11:23:35+00:00","dateModified":"2021-11-10T11:25:42+00:00","description":"El puto inolvidable. Sobre lo puto y lo inmarcesible: Carlos J\u00e1uregui, por Emiliano Samar columnista de Diario Digital Femenino","breadcrumb":{"@id":"https:\/\/diariofemenino.com.ar\/df\/el-puto-inolvidable-vida-de-carlos-jauregui\/#breadcrumb"},"inLanguage":"es","potentialAction":[{"@type":"ReadAction","target":["https:\/\/diariofemenino.com.ar\/df\/el-puto-inolvidable-vida-de-carlos-jauregui\/"]}]},{"@type":"ImageObject","inLanguage":"es","@id":"https:\/\/diariofemenino.com.ar\/df\/el-puto-inolvidable-vida-de-carlos-jauregui\/#primaryimage","url":"https:\/\/diariofemenino.com.ar\/df\/wp-content\/uploads\/2021\/11\/jauregui6.jpg","contentUrl":"https:\/\/diariofemenino.com.ar\/df\/wp-content\/uploads\/2021\/11\/jauregui6.jpg","width":1632,"height":816,"caption":"El puto inolvidable. Vida de Carlos J\u00e1uregui"},{"@type":"BreadcrumbList","@id":"https:\/\/diariofemenino.com.ar\/df\/el-puto-inolvidable-vida-de-carlos-jauregui\/#breadcrumb","itemListElement":[{"@type":"ListItem","position":1,"name":"Portada","item":"https:\/\/diariofemenino.com.ar\/df\/"},{"@type":"ListItem","position":2,"name":"El puto inolvidable. Vida de Carlos J\u00e1uregui"}]},{"@type":"WebSite","@id":"https:\/\/diariofemenino.com.ar\/df\/#website","url":"https:\/\/diariofemenino.com.ar\/df\/","name":"Diario Digital Femenino","description":"Cuesti\u00f3n de G\u00e9nero","publisher":{"@id":"https:\/\/diariofemenino.com.ar\/df\/#organization"},"potentialAction":[{"@type":"SearchAction","target":{"@type":"EntryPoint","urlTemplate":"https:\/\/diariofemenino.com.ar\/df\/?s={search_term_string}"},"query-input":{"@type":"PropertyValueSpecification","valueRequired":true,"valueName":"search_term_string"}}],"inLanguage":"es"},{"@type":"Organization","@id":"https:\/\/diariofemenino.com.ar\/df\/#organization","name":"Diario Femenino","url":"https:\/\/diariofemenino.com.ar\/df\/","logo":{"@type":"ImageObject","inLanguage":"es","@id":"https:\/\/diariofemenino.com.ar\/df\/#\/schema\/logo\/image\/","url":"https:\/\/diariofemenino.com.ar\/df\/wp-content\/uploads\/2018\/10\/logo.png","contentUrl":"https:\/\/diariofemenino.com.ar\/df\/wp-content\/uploads\/2018\/10\/logo.png","width":500,"height":92,"caption":"Diario Femenino"},"image":{"@id":"https:\/\/diariofemenino.com.ar\/df\/#\/schema\/logo\/image\/"},"sameAs":["https:\/\/www.facebook.com\/DiarioDigitaFemenino\/","https:\/\/x.com\/DiarioFemenino1"]},{"@type":"Person","@id":"https:\/\/diariofemenino.com.ar\/df\/#\/schema\/person\/bf6199e8158c657ea6f789b11ec85509","name":"Admin","image":{"@type":"ImageObject","inLanguage":"es","@id":"https:\/\/diariofemenino.com.ar\/df\/wp-content\/uploads\/2018\/12\/favicon-150x150.jpg","url":"https:\/\/diariofemenino.com.ar\/df\/wp-content\/uploads\/2018\/12\/favicon-150x150.jpg","contentUrl":"https:\/\/diariofemenino.com.ar\/df\/wp-content\/uploads\/2018\/12\/favicon-150x150.jpg","caption":"Admin"},"url":"https:\/\/diariofemenino.com.ar\/df\/author\/lenny\/"}]}},"jetpack_featured_media_url":"https:\/\/diariofemenino.com.ar\/df\/wp-content\/uploads\/2021\/11\/jauregui6.jpg","jetpack_sharing_enabled":true,"rttpg_featured_image_url":{"full":["https:\/\/diariofemenino.com.ar\/df\/wp-content\/uploads\/2021\/11\/jauregui6.jpg",1632,816,false],"landscape":["https:\/\/diariofemenino.com.ar\/df\/wp-content\/uploads\/2021\/11\/jauregui6.jpg",1632,816,false],"portraits":["https:\/\/diariofemenino.com.ar\/df\/wp-content\/uploads\/2021\/11\/jauregui6.jpg",1632,816,false],"thumbnail":["https:\/\/diariofemenino.com.ar\/df\/wp-content\/uploads\/2021\/11\/jauregui6-150x150.jpg",150,150,true],"medium":["https:\/\/diariofemenino.com.ar\/df\/wp-content\/uploads\/2021\/11\/jauregui6-300x150.jpg",300,150,true],"large":["https:\/\/diariofemenino.com.ar\/df\/wp-content\/uploads\/2021\/11\/jauregui6-1024x512.jpg",1024,512,true],"1536x1536":["https:\/\/diariofemenino.com.ar\/df\/wp-content\/uploads\/2021\/11\/jauregui6.jpg",1536,768,false],"2048x2048":["https:\/\/diariofemenino.com.ar\/df\/wp-content\/uploads\/2021\/11\/jauregui6.jpg",1632,816,false]},"rttpg_author":{"display_name":"Admin","author_link":"https:\/\/diariofemenino.com.ar\/df\/author\/lenny\/"},"rttpg_comment":0,"rttpg_category":"<a href=\"https:\/\/diariofemenino.com.ar\/df\/category\/actividades\/\" rel=\"category tag\">Actividades<\/a> <a href=\"https:\/\/diariofemenino.com.ar\/df\/category\/articulos-y-comunicados\/\" rel=\"category tag\">Art\u00edculos y Comunicados<\/a> <a href=\"https:\/\/diariofemenino.com.ar\/df\/category\/de-esi-si-se-habla\/\" rel=\"category tag\">De ESI S\u00ed Se Habla<\/a> <a href=\"https:\/\/diariofemenino.com.ar\/df\/category\/historias-de-vida\/\" rel=\"category tag\">Historias de vida<\/a>","rttpg_excerpt":"Sobre lo puto y lo inmarcesible. Por\u00a0Emiliano Samar* para\u00a0Diario Digital Femenino Escucha este art\u00edculo en la voz de\u00a0Marina Colado El puto inolvidable es un documental argentino que narra la vida del activista Carlos J\u00e1uregui. Dirigido por Lucas Santa Ana y escrito junto a Gustavo Pecoraro recupera la historia de un luchador incansable por la visibilidad&hellip;","_links":{"self":[{"href":"https:\/\/diariofemenino.com.ar\/df\/wp-json\/wp\/v2\/posts\/61976","targetHints":{"allow":["GET"]}}],"collection":[{"href":"https:\/\/diariofemenino.com.ar\/df\/wp-json\/wp\/v2\/posts"}],"about":[{"href":"https:\/\/diariofemenino.com.ar\/df\/wp-json\/wp\/v2\/types\/post"}],"author":[{"embeddable":true,"href":"https:\/\/diariofemenino.com.ar\/df\/wp-json\/wp\/v2\/users\/4"}],"replies":[{"embeddable":true,"href":"https:\/\/diariofemenino.com.ar\/df\/wp-json\/wp\/v2\/comments?post=61976"}],"version-history":[{"count":0,"href":"https:\/\/diariofemenino.com.ar\/df\/wp-json\/wp\/v2\/posts\/61976\/revisions"}],"wp:featuredmedia":[{"embeddable":true,"href":"https:\/\/diariofemenino.com.ar\/df\/wp-json\/wp\/v2\/media\/61982"}],"wp:attachment":[{"href":"https:\/\/diariofemenino.com.ar\/df\/wp-json\/wp\/v2\/media?parent=61976"}],"wp:term":[{"taxonomy":"category","embeddable":true,"href":"https:\/\/diariofemenino.com.ar\/df\/wp-json\/wp\/v2\/categories?post=61976"},{"taxonomy":"post_tag","embeddable":true,"href":"https:\/\/diariofemenino.com.ar\/df\/wp-json\/wp\/v2\/tags?post=61976"}],"curies":[{"name":"wp","href":"https:\/\/api.w.org\/{rel}","templated":true}]}}