{"id":61911,"date":"2021-11-03T08:43:34","date_gmt":"2021-11-03T11:43:34","guid":{"rendered":"https:\/\/diariofemenino.com.ar\/df\/?p=61911"},"modified":"2021-11-03T08:43:34","modified_gmt":"2021-11-03T11:43:34","slug":"mi-mundo-privado","status":"publish","type":"post","link":"https:\/\/diariofemenino.com.ar\/df\/mi-mundo-privado\/","title":{"rendered":"Mi mundo privado"},"content":{"rendered":"<p>La teor\u00eda queer y el mundo que se devela en sus desbordes.<\/p>\n<p>Por\u00a0<a href=\"https:\/\/diariofemenino.com.ar\/df\/?s=Emiliano+Samar\">Emiliano Samar<\/a>*<br \/>\npara\u00a0<a href=\"https:\/\/diariofemenino.com.ar\/\">Diario Digital Femenino<\/a><\/p>\n<audio class=\"wp-audio-shortcode\" id=\"audio-61911-1\" preload=\"none\" style=\"width: 100%;\" controls=\"controls\"><source type=\"audio\/mpeg\" src=\"https:\/\/diariofemenino.com.ar\/df\/wp-content\/uploads\/2021\/11\/Mi-mundo-privado.mp3?_=1\" \/><a href=\"https:\/\/diariofemenino.com.ar\/df\/wp-content\/uploads\/2021\/11\/Mi-mundo-privado.mp3\">https:\/\/diariofemenino.com.ar\/df\/wp-content\/uploads\/2021\/11\/Mi-mundo-privado.mp3<\/a><\/audio>\n<p>Escucha este art\u00edculo en la voz de\u00a0<strong>Marina Colado<\/strong><\/p>\n<p>Mi mundo privado en Argentina, es una pel\u00edcula independiente, estrenada en 1991, dirigida por Gus Van Sant y protagonizada por River Phoenix y Keanu Reeves.<\/p>\n<p>Mike Waters (River Phoenix) y Scott Favor (Keanu Reeves) son dos j\u00f3venes que se ganan la vida prestando servicios sexuales en las calles de Portland tanto a hombres como a mujeres. Mike es gay pero Scott solo tiene relaciones con otros varones a cambio de dinero. Ambos mantienen una amistad que se pone a prueba durante un viaje a Roma: Scott se enamora y Mike comprende que est\u00e1 a punto de perder a la \u00fanica persona importante en su vida.<\/p>\n<figure id=\"attachment_61913\" aria-describedby=\"caption-attachment-61913\" style=\"width: 420px\" class=\"wp-caption aligncenter\"><img loading=\"lazy\" decoding=\"async\" class=\"size-full wp-image-61913\" src=\"https:\/\/diariofemenino.com.ar\/df\/wp-content\/uploads\/2021\/11\/my_own_private_idaho-407107682-large.jpg\" alt=\"Mi mundo privado\" width=\"420\" height=\"640\" srcset=\"https:\/\/diariofemenino.com.ar\/df\/wp-content\/uploads\/2021\/11\/my_own_private_idaho-407107682-large.jpg 420w, https:\/\/diariofemenino.com.ar\/df\/wp-content\/uploads\/2021\/11\/my_own_private_idaho-407107682-large-197x300.jpg 197w\" sizes=\"auto, (max-width: 420px) 100vw, 420px\" \/><figcaption id=\"caption-attachment-61913\" class=\"wp-caption-text\">Mi mundo privado<\/figcaption><\/figure>\n<p>Esta curiosa road-movie es un cuento sobre el amor y la amistad, un drama con referencias a las relaciones familiares, un viaje de descubrimiento personal en las m\u00e1rgenes de la sociedad, pero tambi\u00e9n una obra maestra del cine LGBTIQ+, considerada una referencia de la cultura queer.<\/p>\n<p>Pero, \u00bfqu\u00e9 es lo queer?<\/p>\n<p>Representada en la sigla LGBTIQ+ precisamente por la letra \u201cQ\u201d, la palabra Queer viene del ingl\u00e9s y significa \u201cextra\u00f1o\u201d, \u201cpoco usual\u201d. Fue utilizado en su momento peyorativamente al referirse a las disidencias sexuales. Como sucede con muchas palabras, fueron apropiadas por los grupos adjetivados originariamente para luego cargarlos de sentido y orgullo. Esta palabra hoy se relaciona con una identidad sexual o de g\u00e9nero que no corresponde a las ideas pre establecidas. La Comisi\u00f3n Interamericana de Derechos Humanos, en un\u00a0 documento publicado en noviembre de 2015, afirma que existen diferentes aproximaciones al t\u00e9rmino queer como categor\u00eda identitaria. Se considera al t\u00e9rmino como una categor\u00eda capaz de incluir el amplio abanico de orientaciones sexuales e identidades.<\/p>\n<p>El t\u00e9rmino describe orientaciones sexuales, identidades o expresiones de g\u00e9nero que no responden a la cisheteronorma de la sociedad, pero re\u00fane tambi\u00e9n mucho m\u00e1s que las clasificaciones conocidas, superando el binarismo y las categorizaciones tradicionalmente utilizadas al referir a la diversidad sexual, incluy\u00e9ndolas pero a su vez habilitando nuevas opciones.<\/p>\n<p>Las personas que se identifican como queer suelen situarse aparte del discurso y del estilo de vida que estereotipan o tipifican las diferentes identidades, incluso al interior de las comunidades LGBT. Algunos activismos queer se manifiestan como movimientos sociales antisistemas y anticapitalistas, movimientos de gente que no encaja en los moldes. Se caracterizan por escapar a las etiquetas. La pensadora feminista Eve Kosofsky Sedgwick define lo queer como \u201cuna red abierta\u201d cuyo alcance se relaciona con los elementos que constituyen el g\u00e9nero o la sexualidad y que \u201cno son (o no pueden ser) forzados a un significado monol\u00edtico\u201d.<\/p>\n<p>Elegimos, adoptamos, heredamos o nos imponen categor\u00edas, sobre ellas construimos parte de nuestra identidad. La teor\u00eda queer propone que en lugar de encorsetarnos con determinadas etiquetas que conforman nuestra identidad, transitemos por ellas. M\u00e1s que \u201cser\u201d, se trata de \u201cestar siendo\u201d, en tr\u00e1nsito, en experiencia, libremente.<\/p>\n<p>Lo queer entonces se presenta como un concepto fluido, inasible, indomable, radical, cambiante, irreverente, abierto y poroso. Esa es su fuerza y su poder. Rafael M\u00e9rida se\u00f1ala que los estudios queer desentra\u00f1an los modos en que el poder se inscribe en los sujetos y en los entornos socioculturales para reproducir la diferencia sexual dentro del sistema sexo\/g\u00e9nero, y agrega que dicha teor\u00eda \u201cimagina una sociedad descentrada, sin normas (&#8230;) y que este exceso es, en s\u00ed mismo, revolucionario y produce efectos de distorsi\u00f3n de cualquier binarismo\u201d. Ciertos procesos se enmarcan en el \u201csistema heterosexual\u201d como r\u00e9gimen pol\u00edtico y social cuyos modos de producci\u00f3n se inscriben \u201cen los cuerpos, los espacios y los discursos\u201d. Las implicancias de la formulaci\u00f3n \u201cnaturaleza y heterosexualidad\u201d encuentran en la cultura queer acciones disruptivas en las fronteras mismas de las disidencias, superando ideales rom\u00e1nticos y posiciones binarias.<\/p>\n<p>Con su traducci\u00f3n cercana a lo torcido o lo raro, la cultura queer engloba a quienes dan ese paso fuera del sistema normativo y hegem\u00f3nico. De acci\u00f3n pol\u00edtica y resistencia a la normalizaci\u00f3n, el estigma y la patologizaci\u00f3n, definir lo queer es una paradoja, es en s\u00ed misma una posici\u00f3n cr\u00edtica hacia la definici\u00f3n identitaria. En este sentido lo queer se convierte en un \u201cmovimiento post &#8211; identitario\u201d.<\/p>\n<p>Podr\u00edamos cuestionarnos si el auge de lo queer y del uso de este concepto no termina por transformarlo en otra identidad encorsetada, perdiendo as\u00ed su impronta disidente, liberadora y disruptiva.<\/p>\n<figure id=\"attachment_61914\" aria-describedby=\"caption-attachment-61914\" style=\"width: 635px\" class=\"wp-caption aligncenter\"><img loading=\"lazy\" decoding=\"async\" class=\"size-full wp-image-61914\" src=\"https:\/\/diariofemenino.com.ar\/df\/wp-content\/uploads\/2021\/11\/moda-queer-enc.jpg\" alt=\"Mi mundo privado\" width=\"635\" height=\"350\" srcset=\"https:\/\/diariofemenino.com.ar\/df\/wp-content\/uploads\/2021\/11\/moda-queer-enc.jpg 635w, https:\/\/diariofemenino.com.ar\/df\/wp-content\/uploads\/2021\/11\/moda-queer-enc-300x165.jpg 300w\" sizes=\"auto, (max-width: 635px) 100vw, 635px\" \/><figcaption id=\"caption-attachment-61914\" class=\"wp-caption-text\">Mi mundo privado<\/figcaption><\/figure>\n<p>Se trata de andar la existencia sin la imperiosa necesidad de clasificarse, configur\u00e1ndose en la ruta mientras se la recorre. Salir del cors\u00e9 impuesto por la sociedad, sus mandatos, sus clich\u00e9s y de los postulados rom\u00e1nticos y opresores del sistema.<\/p>\n<p>La pel\u00edcula nos muestra la ruta desolada, la b\u00fasqueda de direcciones, la elecci\u00f3n por estar de un lado o de otro, el enfrentamiento con figuras familiares y las leyes, el descubrimiento de s\u00ed mismo y de la diferencia del otro. Y el amor, claro. Vivencias de estos dos rebeldes, en el borde de los bordes. Ni tan privado, ni tan un mundo un\u00edvoco de sendas unidireccionales. Una pel\u00edcula queer para tratar de nombrar algo inabarcable por definici\u00f3n.<\/p>\n<p>Torcer la tiran\u00eda de la \u201cnormalidad\u201d, vagabundear el mundo, volverlo propio y revelarlo, una celebraci\u00f3n insumisa a la que podemos asistir como tengamos ganas.<\/p>\n<p>(*)\u00a0Columnista de\u00a0<a href=\"https:\/\/diariofemenino.com.ar\/df\/?s=Emiliano+Samar\">Diario Digital Femenino<\/a><br \/>\n<a href=\"https:\/\/www.instagram.com\/emilianosamar\/\">@emilianosamar<\/a><br \/>\n<a href=\"mailto:emilianosamar@gmail.com\">emilianosamar@gmail.com<\/a><\/p>\n","protected":false},"excerpt":{"rendered":"<p>La teor\u00eda queer y el mundo que se devela en sus desbordes. Por\u00a0Emiliano Samar* para\u00a0Diario Digital Femenino Escucha este art\u00edculo en la voz de\u00a0Marina Colado Mi mundo privado en Argentina, es una pel\u00edcula independiente, estrenada en 1991, dirigida por Gus Van Sant y protagonizada por River Phoenix y Keanu Reeves. Mike Waters (River Phoenix) y [&hellip;]<\/p>\n","protected":false},"author":4,"featured_media":61915,"comment_status":"open","ping_status":"open","sticky":false,"template":"","format":"standard","meta":{"iawp_total_views":54,"footnotes":""},"categories":[1067,178,581,9,24,21],"tags":[4372,4207,4910,4911],"class_list":["post-61911","post","type-post","status-publish","format-standard","has-post-thumbnail","hentry","category-agenda-feminista","category-articulos-y-comunicados","category-azul-profundo","category-de-esi-si-se-habla","category-documentales-y-peliculas","category-noticias","tag-destacada","tag-emiliano-samar","tag-mi-mundo-privado","tag-teoria-queer"],"nelio_content":{"autoShareEndMode":"never","automationSources":{"useCustomSentences":false,"customSentences":[]},"efiAlt":"","efiUrl":"","followers":[4],"highlights":[],"isAutoShareEnabled":true,"networkImageIds":[],"permalinkQueryArgs":[],"series":[],"suggestedReferences":[]},"yoast_head":"<!-- This site is optimized with the Yoast SEO plugin v27.5 - https:\/\/yoast.com\/product\/yoast-seo-wordpress\/ -->\n<title>Mi mundo privado - Diario Digital Femenino<\/title>\n<meta name=\"description\" content=\"Mi mundo privado. La teor\u00eda queer y el mundo que se devela en sus desbordes. Por Emiliano Samar para Diario Digital Femenino.\" \/>\n<meta name=\"robots\" content=\"index, follow, max-snippet:-1, max-image-preview:large, max-video-preview:-1\" \/>\n<link rel=\"canonical\" href=\"https:\/\/diariofemenino.com.ar\/df\/mi-mundo-privado\/\" \/>\n<meta property=\"og:locale\" content=\"es_ES\" \/>\n<meta property=\"og:type\" content=\"article\" \/>\n<meta property=\"og:title\" content=\"Mi mundo privado - Diario Digital Femenino\" \/>\n<meta property=\"og:description\" content=\"Mi mundo privado. La teor\u00eda queer y el mundo que se devela en sus desbordes. Por Emiliano Samar para Diario Digital Femenino.\" \/>\n<meta property=\"og:url\" content=\"https:\/\/diariofemenino.com.ar\/df\/mi-mundo-privado\/\" \/>\n<meta property=\"og:site_name\" content=\"Diario Digital Femenino\" \/>\n<meta property=\"article:publisher\" content=\"https:\/\/www.facebook.com\/DiarioDigitaFemenino\/\" \/>\n<meta property=\"article:published_time\" content=\"2021-11-03T11:43:34+00:00\" \/>\n<meta property=\"og:image\" content=\"https:\/\/diariofemenino.com.ar\/df\/wp-content\/uploads\/2021\/11\/literatura-queer-cuadrada.png\" \/>\n\t<meta property=\"og:image:width\" content=\"560\" \/>\n\t<meta property=\"og:image:height\" content=\"460\" \/>\n\t<meta property=\"og:image:type\" content=\"image\/png\" \/>\n<meta name=\"author\" content=\"Admin\" \/>\n<meta name=\"twitter:card\" content=\"summary_large_image\" \/>\n<meta name=\"twitter:creator\" content=\"@DiarioFemenino1\" \/>\n<meta name=\"twitter:site\" content=\"@DiarioFemenino1\" \/>\n<meta name=\"twitter:label1\" content=\"Escrito por\" \/>\n\t<meta name=\"twitter:data1\" content=\"Admin\" \/>\n\t<meta name=\"twitter:label2\" content=\"Tiempo de lectura\" \/>\n\t<meta name=\"twitter:data2\" content=\"5 minutos\" \/>\n<script type=\"application\/ld+json\" class=\"yoast-schema-graph\">{\"@context\":\"https:\\\/\\\/schema.org\",\"@graph\":[{\"@type\":\"Article\",\"@id\":\"https:\\\/\\\/diariofemenino.com.ar\\\/df\\\/mi-mundo-privado\\\/#article\",\"isPartOf\":{\"@id\":\"https:\\\/\\\/diariofemenino.com.ar\\\/df\\\/mi-mundo-privado\\\/\"},\"author\":{\"name\":\"Admin\",\"@id\":\"https:\\\/\\\/diariofemenino.com.ar\\\/df\\\/#\\\/schema\\\/person\\\/bf6199e8158c657ea6f789b11ec85509\"},\"headline\":\"Mi mundo privado\",\"datePublished\":\"2021-11-03T11:43:34+00:00\",\"mainEntityOfPage\":{\"@id\":\"https:\\\/\\\/diariofemenino.com.ar\\\/df\\\/mi-mundo-privado\\\/\"},\"wordCount\":973,\"commentCount\":1,\"publisher\":{\"@id\":\"https:\\\/\\\/diariofemenino.com.ar\\\/df\\\/#organization\"},\"image\":{\"@id\":\"https:\\\/\\\/diariofemenino.com.ar\\\/df\\\/mi-mundo-privado\\\/#primaryimage\"},\"thumbnailUrl\":\"https:\\\/\\\/diariofemenino.com.ar\\\/df\\\/wp-content\\\/uploads\\\/2021\\\/11\\\/literatura-queer-cuadrada.png\",\"keywords\":[\"Destacada\",\"Emiliano Samar\",\"Mi mundo privado\",\"Teor\u00eda Queer\"],\"articleSection\":[\"Agenda Feminista\",\"Art\u00edculos y Comunicados\",\"Azul Profundo\",\"De ESI S\u00ed Se Habla\",\"Documentales y Pel\u00edculas\",\"Noticias\"],\"inLanguage\":\"es\",\"potentialAction\":[{\"@type\":\"CommentAction\",\"name\":\"Comment\",\"target\":[\"https:\\\/\\\/diariofemenino.com.ar\\\/df\\\/mi-mundo-privado\\\/#respond\"]}]},{\"@type\":\"WebPage\",\"@id\":\"https:\\\/\\\/diariofemenino.com.ar\\\/df\\\/mi-mundo-privado\\\/\",\"url\":\"https:\\\/\\\/diariofemenino.com.ar\\\/df\\\/mi-mundo-privado\\\/\",\"name\":\"Mi mundo privado - Diario Digital Femenino\",\"isPartOf\":{\"@id\":\"https:\\\/\\\/diariofemenino.com.ar\\\/df\\\/#website\"},\"primaryImageOfPage\":{\"@id\":\"https:\\\/\\\/diariofemenino.com.ar\\\/df\\\/mi-mundo-privado\\\/#primaryimage\"},\"image\":{\"@id\":\"https:\\\/\\\/diariofemenino.com.ar\\\/df\\\/mi-mundo-privado\\\/#primaryimage\"},\"thumbnailUrl\":\"https:\\\/\\\/diariofemenino.com.ar\\\/df\\\/wp-content\\\/uploads\\\/2021\\\/11\\\/literatura-queer-cuadrada.png\",\"datePublished\":\"2021-11-03T11:43:34+00:00\",\"description\":\"Mi mundo privado. La teor\u00eda queer y el mundo que se devela en sus desbordes. Por Emiliano Samar para Diario Digital Femenino.\",\"breadcrumb\":{\"@id\":\"https:\\\/\\\/diariofemenino.com.ar\\\/df\\\/mi-mundo-privado\\\/#breadcrumb\"},\"inLanguage\":\"es\",\"potentialAction\":[{\"@type\":\"ReadAction\",\"target\":[\"https:\\\/\\\/diariofemenino.com.ar\\\/df\\\/mi-mundo-privado\\\/\"]}]},{\"@type\":\"ImageObject\",\"inLanguage\":\"es\",\"@id\":\"https:\\\/\\\/diariofemenino.com.ar\\\/df\\\/mi-mundo-privado\\\/#primaryimage\",\"url\":\"https:\\\/\\\/diariofemenino.com.ar\\\/df\\\/wp-content\\\/uploads\\\/2021\\\/11\\\/literatura-queer-cuadrada.png\",\"contentUrl\":\"https:\\\/\\\/diariofemenino.com.ar\\\/df\\\/wp-content\\\/uploads\\\/2021\\\/11\\\/literatura-queer-cuadrada.png\",\"width\":560,\"height\":460,\"caption\":\"Mi mundo privado\"},{\"@type\":\"BreadcrumbList\",\"@id\":\"https:\\\/\\\/diariofemenino.com.ar\\\/df\\\/mi-mundo-privado\\\/#breadcrumb\",\"itemListElement\":[{\"@type\":\"ListItem\",\"position\":1,\"name\":\"Portada\",\"item\":\"https:\\\/\\\/diariofemenino.com.ar\\\/df\\\/\"},{\"@type\":\"ListItem\",\"position\":2,\"name\":\"Mi mundo privado\"}]},{\"@type\":\"WebSite\",\"@id\":\"https:\\\/\\\/diariofemenino.com.ar\\\/df\\\/#website\",\"url\":\"https:\\\/\\\/diariofemenino.com.ar\\\/df\\\/\",\"name\":\"Diario Digital Femenino\",\"description\":\"Cuesti\u00f3n de G\u00e9nero\",\"publisher\":{\"@id\":\"https:\\\/\\\/diariofemenino.com.ar\\\/df\\\/#organization\"},\"potentialAction\":[{\"@type\":\"SearchAction\",\"target\":{\"@type\":\"EntryPoint\",\"urlTemplate\":\"https:\\\/\\\/diariofemenino.com.ar\\\/df\\\/?s={search_term_string}\"},\"query-input\":{\"@type\":\"PropertyValueSpecification\",\"valueRequired\":true,\"valueName\":\"search_term_string\"}}],\"inLanguage\":\"es\"},{\"@type\":\"Organization\",\"@id\":\"https:\\\/\\\/diariofemenino.com.ar\\\/df\\\/#organization\",\"name\":\"Diario Femenino\",\"url\":\"https:\\\/\\\/diariofemenino.com.ar\\\/df\\\/\",\"logo\":{\"@type\":\"ImageObject\",\"inLanguage\":\"es\",\"@id\":\"https:\\\/\\\/diariofemenino.com.ar\\\/df\\\/#\\\/schema\\\/logo\\\/image\\\/\",\"url\":\"https:\\\/\\\/diariofemenino.com.ar\\\/df\\\/wp-content\\\/uploads\\\/2018\\\/10\\\/logo.png\",\"contentUrl\":\"https:\\\/\\\/diariofemenino.com.ar\\\/df\\\/wp-content\\\/uploads\\\/2018\\\/10\\\/logo.png\",\"width\":500,\"height\":92,\"caption\":\"Diario Femenino\"},\"image\":{\"@id\":\"https:\\\/\\\/diariofemenino.com.ar\\\/df\\\/#\\\/schema\\\/logo\\\/image\\\/\"},\"sameAs\":[\"https:\\\/\\\/www.facebook.com\\\/DiarioDigitaFemenino\\\/\",\"https:\\\/\\\/x.com\\\/DiarioFemenino1\"]},{\"@type\":\"Person\",\"@id\":\"https:\\\/\\\/diariofemenino.com.ar\\\/df\\\/#\\\/schema\\\/person\\\/bf6199e8158c657ea6f789b11ec85509\",\"name\":\"Admin\",\"image\":{\"@type\":\"ImageObject\",\"inLanguage\":\"es\",\"@id\":\"https:\\\/\\\/diariofemenino.com.ar\\\/df\\\/wp-content\\\/uploads\\\/2018\\\/12\\\/favicon-150x150.jpg\",\"url\":\"https:\\\/\\\/diariofemenino.com.ar\\\/df\\\/wp-content\\\/uploads\\\/2018\\\/12\\\/favicon-150x150.jpg\",\"contentUrl\":\"https:\\\/\\\/diariofemenino.com.ar\\\/df\\\/wp-content\\\/uploads\\\/2018\\\/12\\\/favicon-150x150.jpg\",\"caption\":\"Admin\"},\"url\":\"https:\\\/\\\/diariofemenino.com.ar\\\/df\\\/author\\\/lenny\\\/\"}]}<\/script>\n<!-- \/ Yoast SEO plugin. -->","yoast_head_json":{"title":"Mi mundo privado - Diario Digital Femenino","description":"Mi mundo privado. La teor\u00eda queer y el mundo que se devela en sus desbordes. Por Emiliano Samar para Diario Digital Femenino.","robots":{"index":"index","follow":"follow","max-snippet":"max-snippet:-1","max-image-preview":"max-image-preview:large","max-video-preview":"max-video-preview:-1"},"canonical":"https:\/\/diariofemenino.com.ar\/df\/mi-mundo-privado\/","og_locale":"es_ES","og_type":"article","og_title":"Mi mundo privado - Diario Digital Femenino","og_description":"Mi mundo privado. La teor\u00eda queer y el mundo que se devela en sus desbordes. Por Emiliano Samar para Diario Digital Femenino.","og_url":"https:\/\/diariofemenino.com.ar\/df\/mi-mundo-privado\/","og_site_name":"Diario Digital Femenino","article_publisher":"https:\/\/www.facebook.com\/DiarioDigitaFemenino\/","article_published_time":"2021-11-03T11:43:34+00:00","og_image":[{"width":560,"height":460,"url":"https:\/\/diariofemenino.com.ar\/df\/wp-content\/uploads\/2021\/11\/literatura-queer-cuadrada.png","type":"image\/png"}],"author":"Admin","twitter_card":"summary_large_image","twitter_creator":"@DiarioFemenino1","twitter_site":"@DiarioFemenino1","twitter_misc":{"Escrito por":"Admin","Tiempo de lectura":"5 minutos"},"schema":{"@context":"https:\/\/schema.org","@graph":[{"@type":"Article","@id":"https:\/\/diariofemenino.com.ar\/df\/mi-mundo-privado\/#article","isPartOf":{"@id":"https:\/\/diariofemenino.com.ar\/df\/mi-mundo-privado\/"},"author":{"name":"Admin","@id":"https:\/\/diariofemenino.com.ar\/df\/#\/schema\/person\/bf6199e8158c657ea6f789b11ec85509"},"headline":"Mi mundo privado","datePublished":"2021-11-03T11:43:34+00:00","mainEntityOfPage":{"@id":"https:\/\/diariofemenino.com.ar\/df\/mi-mundo-privado\/"},"wordCount":973,"commentCount":1,"publisher":{"@id":"https:\/\/diariofemenino.com.ar\/df\/#organization"},"image":{"@id":"https:\/\/diariofemenino.com.ar\/df\/mi-mundo-privado\/#primaryimage"},"thumbnailUrl":"https:\/\/diariofemenino.com.ar\/df\/wp-content\/uploads\/2021\/11\/literatura-queer-cuadrada.png","keywords":["Destacada","Emiliano Samar","Mi mundo privado","Teor\u00eda Queer"],"articleSection":["Agenda Feminista","Art\u00edculos y Comunicados","Azul Profundo","De ESI S\u00ed Se Habla","Documentales y Pel\u00edculas","Noticias"],"inLanguage":"es","potentialAction":[{"@type":"CommentAction","name":"Comment","target":["https:\/\/diariofemenino.com.ar\/df\/mi-mundo-privado\/#respond"]}]},{"@type":"WebPage","@id":"https:\/\/diariofemenino.com.ar\/df\/mi-mundo-privado\/","url":"https:\/\/diariofemenino.com.ar\/df\/mi-mundo-privado\/","name":"Mi mundo privado - Diario Digital Femenino","isPartOf":{"@id":"https:\/\/diariofemenino.com.ar\/df\/#website"},"primaryImageOfPage":{"@id":"https:\/\/diariofemenino.com.ar\/df\/mi-mundo-privado\/#primaryimage"},"image":{"@id":"https:\/\/diariofemenino.com.ar\/df\/mi-mundo-privado\/#primaryimage"},"thumbnailUrl":"https:\/\/diariofemenino.com.ar\/df\/wp-content\/uploads\/2021\/11\/literatura-queer-cuadrada.png","datePublished":"2021-11-03T11:43:34+00:00","description":"Mi mundo privado. La teor\u00eda queer y el mundo que se devela en sus desbordes. Por Emiliano Samar para Diario Digital Femenino.","breadcrumb":{"@id":"https:\/\/diariofemenino.com.ar\/df\/mi-mundo-privado\/#breadcrumb"},"inLanguage":"es","potentialAction":[{"@type":"ReadAction","target":["https:\/\/diariofemenino.com.ar\/df\/mi-mundo-privado\/"]}]},{"@type":"ImageObject","inLanguage":"es","@id":"https:\/\/diariofemenino.com.ar\/df\/mi-mundo-privado\/#primaryimage","url":"https:\/\/diariofemenino.com.ar\/df\/wp-content\/uploads\/2021\/11\/literatura-queer-cuadrada.png","contentUrl":"https:\/\/diariofemenino.com.ar\/df\/wp-content\/uploads\/2021\/11\/literatura-queer-cuadrada.png","width":560,"height":460,"caption":"Mi mundo privado"},{"@type":"BreadcrumbList","@id":"https:\/\/diariofemenino.com.ar\/df\/mi-mundo-privado\/#breadcrumb","itemListElement":[{"@type":"ListItem","position":1,"name":"Portada","item":"https:\/\/diariofemenino.com.ar\/df\/"},{"@type":"ListItem","position":2,"name":"Mi mundo privado"}]},{"@type":"WebSite","@id":"https:\/\/diariofemenino.com.ar\/df\/#website","url":"https:\/\/diariofemenino.com.ar\/df\/","name":"Diario Digital Femenino","description":"Cuesti\u00f3n de G\u00e9nero","publisher":{"@id":"https:\/\/diariofemenino.com.ar\/df\/#organization"},"potentialAction":[{"@type":"SearchAction","target":{"@type":"EntryPoint","urlTemplate":"https:\/\/diariofemenino.com.ar\/df\/?s={search_term_string}"},"query-input":{"@type":"PropertyValueSpecification","valueRequired":true,"valueName":"search_term_string"}}],"inLanguage":"es"},{"@type":"Organization","@id":"https:\/\/diariofemenino.com.ar\/df\/#organization","name":"Diario Femenino","url":"https:\/\/diariofemenino.com.ar\/df\/","logo":{"@type":"ImageObject","inLanguage":"es","@id":"https:\/\/diariofemenino.com.ar\/df\/#\/schema\/logo\/image\/","url":"https:\/\/diariofemenino.com.ar\/df\/wp-content\/uploads\/2018\/10\/logo.png","contentUrl":"https:\/\/diariofemenino.com.ar\/df\/wp-content\/uploads\/2018\/10\/logo.png","width":500,"height":92,"caption":"Diario Femenino"},"image":{"@id":"https:\/\/diariofemenino.com.ar\/df\/#\/schema\/logo\/image\/"},"sameAs":["https:\/\/www.facebook.com\/DiarioDigitaFemenino\/","https:\/\/x.com\/DiarioFemenino1"]},{"@type":"Person","@id":"https:\/\/diariofemenino.com.ar\/df\/#\/schema\/person\/bf6199e8158c657ea6f789b11ec85509","name":"Admin","image":{"@type":"ImageObject","inLanguage":"es","@id":"https:\/\/diariofemenino.com.ar\/df\/wp-content\/uploads\/2018\/12\/favicon-150x150.jpg","url":"https:\/\/diariofemenino.com.ar\/df\/wp-content\/uploads\/2018\/12\/favicon-150x150.jpg","contentUrl":"https:\/\/diariofemenino.com.ar\/df\/wp-content\/uploads\/2018\/12\/favicon-150x150.jpg","caption":"Admin"},"url":"https:\/\/diariofemenino.com.ar\/df\/author\/lenny\/"}]}},"jetpack_featured_media_url":"https:\/\/diariofemenino.com.ar\/df\/wp-content\/uploads\/2021\/11\/literatura-queer-cuadrada.png","jetpack_sharing_enabled":true,"rttpg_featured_image_url":{"full":["https:\/\/diariofemenino.com.ar\/df\/wp-content\/uploads\/2021\/11\/literatura-queer-cuadrada.png",560,460,false],"landscape":["https:\/\/diariofemenino.com.ar\/df\/wp-content\/uploads\/2021\/11\/literatura-queer-cuadrada.png",560,460,false],"portraits":["https:\/\/diariofemenino.com.ar\/df\/wp-content\/uploads\/2021\/11\/literatura-queer-cuadrada.png",560,460,false],"thumbnail":["https:\/\/diariofemenino.com.ar\/df\/wp-content\/uploads\/2021\/11\/literatura-queer-cuadrada-150x150.png",150,150,true],"medium":["https:\/\/diariofemenino.com.ar\/df\/wp-content\/uploads\/2021\/11\/literatura-queer-cuadrada-300x246.png",300,246,true],"large":["https:\/\/diariofemenino.com.ar\/df\/wp-content\/uploads\/2021\/11\/literatura-queer-cuadrada.png",560,460,false],"1536x1536":["https:\/\/diariofemenino.com.ar\/df\/wp-content\/uploads\/2021\/11\/literatura-queer-cuadrada.png",560,460,false],"2048x2048":["https:\/\/diariofemenino.com.ar\/df\/wp-content\/uploads\/2021\/11\/literatura-queer-cuadrada.png",560,460,false]},"rttpg_author":{"display_name":"Admin","author_link":"https:\/\/diariofemenino.com.ar\/df\/author\/lenny\/"},"rttpg_comment":1,"rttpg_category":"<a href=\"https:\/\/diariofemenino.com.ar\/df\/category\/agenda-feminista\/\" rel=\"category tag\">Agenda Feminista<\/a> <a href=\"https:\/\/diariofemenino.com.ar\/df\/category\/articulos-y-comunicados\/\" rel=\"category tag\">Art\u00edculos y Comunicados<\/a> <a href=\"https:\/\/diariofemenino.com.ar\/df\/category\/azul-profundo\/\" rel=\"category tag\">Azul Profundo<\/a> <a href=\"https:\/\/diariofemenino.com.ar\/df\/category\/de-esi-si-se-habla\/\" rel=\"category tag\">De ESI S\u00ed Se Habla<\/a> <a href=\"https:\/\/diariofemenino.com.ar\/df\/category\/documentales-y-peliculas\/\" rel=\"category tag\">Documentales y Pel\u00edculas<\/a> <a href=\"https:\/\/diariofemenino.com.ar\/df\/category\/noticias\/\" rel=\"category tag\">Noticias<\/a>","rttpg_excerpt":"La teor\u00eda queer y el mundo que se devela en sus desbordes. Por\u00a0Emiliano Samar* para\u00a0Diario Digital Femenino Escucha este art\u00edculo en la voz de\u00a0Marina Colado Mi mundo privado en Argentina, es una pel\u00edcula independiente, estrenada en 1991, dirigida por Gus Van Sant y protagonizada por River Phoenix y Keanu Reeves. Mike Waters (River Phoenix) y&hellip;","_links":{"self":[{"href":"https:\/\/diariofemenino.com.ar\/df\/wp-json\/wp\/v2\/posts\/61911","targetHints":{"allow":["GET"]}}],"collection":[{"href":"https:\/\/diariofemenino.com.ar\/df\/wp-json\/wp\/v2\/posts"}],"about":[{"href":"https:\/\/diariofemenino.com.ar\/df\/wp-json\/wp\/v2\/types\/post"}],"author":[{"embeddable":true,"href":"https:\/\/diariofemenino.com.ar\/df\/wp-json\/wp\/v2\/users\/4"}],"replies":[{"embeddable":true,"href":"https:\/\/diariofemenino.com.ar\/df\/wp-json\/wp\/v2\/comments?post=61911"}],"version-history":[{"count":0,"href":"https:\/\/diariofemenino.com.ar\/df\/wp-json\/wp\/v2\/posts\/61911\/revisions"}],"wp:featuredmedia":[{"embeddable":true,"href":"https:\/\/diariofemenino.com.ar\/df\/wp-json\/wp\/v2\/media\/61915"}],"wp:attachment":[{"href":"https:\/\/diariofemenino.com.ar\/df\/wp-json\/wp\/v2\/media?parent=61911"}],"wp:term":[{"taxonomy":"category","embeddable":true,"href":"https:\/\/diariofemenino.com.ar\/df\/wp-json\/wp\/v2\/categories?post=61911"},{"taxonomy":"post_tag","embeddable":true,"href":"https:\/\/diariofemenino.com.ar\/df\/wp-json\/wp\/v2\/tags?post=61911"}],"curies":[{"name":"wp","href":"https:\/\/api.w.org\/{rel}","templated":true}]}}