{"id":61584,"date":"2021-10-12T17:23:04","date_gmt":"2021-10-12T20:23:04","guid":{"rendered":"https:\/\/diariofemenino.com.ar\/df\/?p=61584"},"modified":"2021-10-12T17:27:58","modified_gmt":"2021-10-12T20:27:58","slug":"varones-y-poder-las-violentas-resistencias","status":"publish","type":"post","link":"https:\/\/diariofemenino.com.ar\/df\/varones-y-poder-las-violentas-resistencias\/","title":{"rendered":"Varones y poder. Las violentas resistencias"},"content":{"rendered":"<p>La realidad cotidiana con la que debemos lidiar las mujeres, a pesar de los avances y <a href=\"http:\/\/servicios.infoleg.gob.ar\/infolegInternet\/anexos\/300000-304999\/304794\/norma.htm\">legislaci\u00f3n<\/a> vigente, es la del poder machista. La mayor traba y expresi\u00f3n de violencia que pasa ante los ojos de muchas personas sin que puedan notarla, \u00bfo s\u00ed?<\/p>\n<p>Por <a href=\"https:\/\/diariofemenino.com.ar\/df\/?s=Lenny+C%C3%A1ceres\">Lenny C\u00e1ceres<\/a>*<\/p>\n<audio class=\"wp-audio-shortcode\" id=\"audio-61584-1\" preload=\"none\" style=\"width: 100%;\" controls=\"controls\"><source type=\"audio\/mpeg\" src=\"https:\/\/diariofemenino.com.ar\/df\/wp-content\/uploads\/2021\/10\/Varones-y-poder-las-violentas-resistencias-por-Lenny-C\u00e1ceres.mp3?_=1\" \/><a href=\"https:\/\/diariofemenino.com.ar\/df\/wp-content\/uploads\/2021\/10\/Varones-y-poder-las-violentas-resistencias-por-Lenny-C\u00e1ceres.mp3\">https:\/\/diariofemenino.com.ar\/df\/wp-content\/uploads\/2021\/10\/Varones-y-poder-las-violentas-resistencias-por-Lenny-C\u00e1ceres.mp3<\/a><\/audio>\n<p>Escucha este art\u00edculo en la voz de <strong>Marina Colado\u00a0<\/strong><\/p>\n<p>No es novedad que los mayores espacios de toma de decisi\u00f3n y poder est\u00e9n ocupados por varones. Varones formados en esta cultura patriarcal, cargados de prejuicios, con una mirada minimizadora sobre todo lo relacionado a la mujer: desde su imagen a la palabra.<\/p>\n<p>El espacio de poder es un privilegio que no est\u00e1n dispuestos a compartir; en muchos casos, es su raz\u00f3n de ser y sentirse alguien. \u00bfPor qu\u00e9 van a escuchar a una mujer? Aunque estas les est\u00e9n contando que esas formas arcaicas de manejarse o hacer pol\u00edtica ya no van, atrasan y quedan fuera del mundo, porque el paradigma, hoy, es otro.<\/p>\n<p><strong>La resistencia<\/strong><\/p>\n<p>\u00bfY cu\u00e1les son las herramientas de resistencia ante el avance de pol\u00edticas p\u00fablicas para garantizar la igualdad? Simple: la descalificaci\u00f3n.<\/p>\n<p>No importa si con ello van en contra de una pol\u00edtica adoptada por un gobierno que los puso en ese lugar. Un gobierno que una sociedad puso en ese lugar. El tema es resistir desde ese espacio de poder, y no importan las consecuencias.<\/p>\n<figure id=\"attachment_61586\" aria-describedby=\"caption-attachment-61586\" style=\"width: 544px\" class=\"wp-caption aligncenter\"><img loading=\"lazy\" decoding=\"async\" class=\" wp-image-61586\" src=\"https:\/\/diariofemenino.com.ar\/df\/wp-content\/uploads\/2021\/10\/5_7.jpg\" alt=\"Varones y poder. Las violentas resistencias\" width=\"544\" height=\"337\" srcset=\"https:\/\/diariofemenino.com.ar\/df\/wp-content\/uploads\/2021\/10\/5_7.jpg 710w, https:\/\/diariofemenino.com.ar\/df\/wp-content\/uploads\/2021\/10\/5_7-300x186.jpg 300w\" sizes=\"auto, (max-width: 544px) 100vw, 544px\" \/><figcaption id=\"caption-attachment-61586\" class=\"wp-caption-text\">Varones y poder. Las violentas resistencias<\/figcaption><\/figure>\n<p><strong>Yo, machito, due\u00f1o de la verdad<\/strong><\/p>\n<p>Los hay de todas las edades. Sorprendente, \u00bfno? Tambi\u00e9n, existen complicidades.<\/p>\n<p>El se\u00f1or \u201cfuncionario\u201d de alto rango, que m\u00e1s que un funcionario p\u00fablico es un empleado p\u00fablico porque, en definitiva, ese espacio no significa m\u00e1s que eso, en ese peque\u00f1o espacio de poder, se cree algo as\u00ed como una deidad, y cuenta con un s\u00e9quito de bufones que, si bien no aplauden (o s\u00ed), obedecen y callan. Los bufones est\u00e1n en todos los espacios, no necesariamente deben pertenecer a su entorno. La obediencia de los cong\u00e9neres parece ser \u201ccosa de hombres\u201d.\u00a0 O el bien llamado \u201ccodeo de pares\u201d, que es ese pacto impl\u00edcito (o no) entre varones donde se apoyan mutuamente y cierran todos los campos para que no entren otras identidades.<\/p>\n<p>Con ese precioso armado de machismo y c\u00f3mplices, su dedo acusador sube y baja la participaci\u00f3n de las personas, especialmente mujeres, seg\u00fan su capricho, ignorancia, temor, resistencia y, sobre todo: ignorancia. El poder machista decide qu\u00e9 voces y cu\u00e1les son v\u00e1lidas. Somos las mujeres, en general, quienes debemos callar, nuestras voces molestan. \u00bfA qui\u00e9n molesta? \u00bfA la pol\u00edtica p\u00fablica que deben respetar y atender porque es un mandato democr\u00e1tico implementado por sus autoridades directas? \u00a1No! \u00a1A su poder patriarcal! Ese poder que mide menos que los metros cuadrados de su despacho, pero claro, no lo puedo ver ni medir. Su estructura machista le dice que es mucho, grande y poderoso.<\/p>\n<p><strong>Irresponsabilidad<\/strong><\/p>\n<p>As\u00ed, con esa mirada desintegradora de las acciones que debe atender, de la formaci\u00f3n que por <a href=\"https:\/\/www.argentina.gob.ar\/normativa\/nacional\/ley-27499-318666\">ley<\/a> debe tener, solo posee \u2014para la mirada del afuera\u2014 una enorme irresponsabilidad que es da\u00f1ina no solo para la sociedad, sino para el espacio pol\u00edtico que dice representar.<\/p>\n<p>Y est\u00e1n los otros, los irresponsables por omisi\u00f3n que, aunque saben que no est\u00e1 bien, que las cosas van por otro lado, obedecen. Porque tampoco les alcanza el poder de decisi\u00f3n para plantarse y decir que no es as\u00ed. Obedecen, no importa contra qui\u00e9n vayan, a qui\u00e9n lastiman. Obedecen porque m\u00e1s all\u00e1 de la \u201csolidaridad de g\u00e9nero\u201d tambi\u00e9n se hace presente el sometimiento ante quien creen que ocupa un lugar superior: la deidad, y el temor a que decir las cosas como son, por su nombre, pueda limitar negociaciones futuras que impidan seguir sosteniendo la quintita pol\u00edtica, que insisto, no es m\u00e1s que un espacio moment\u00e1neo, circunstancial, que la sociedad tuvo la amabilidad de cederles. Una sociedad conformada mayoritariamente por mujeres\u2026<\/p>\n<p><strong>Discurso vac\u00edo y mentiroso<\/strong><\/p>\n<p>Tambi\u00e9n sostienen el discurso de la igualdad, los derechos de las personas, de libertad, de \u00a1lealtad! Habrase visto tama\u00f1o caradurismo. Lo sostienen porque subestiman, porque desde su palco de nada creen que manejan los hilos de una marioneta que todav\u00eda no pudieron notar que son personas. Y s\u00ed, a ellos s\u00ed se le ven los hilos. Cada vez m\u00e1s delgados, finitos, gastados\u2026 convengamos.<\/p>\n<p>Est\u00e1n los que ostentan el poder y los que callan. Atroz y da\u00f1ina obediencia. Obedecen. No importa el da\u00f1o social a las generaciones futuras, incluso de sus afectos.<\/p>\n<p>A todos, les tenemos malas noticias. Las mujeres no nos callamos, no obedecemos, sabemos lo que queremos y, mientras ustedes hablaban de la tarima, nosotras nos armamos, formamos, estudiamos, fortalecimos y empoderamos.<\/p>\n<p><a href=\"https:\/\/diariofemenino.com.ar\/df\/category\/mujeres-de-la-pampa\/\">Periodista<\/a>, feminista abolicionista<br \/>\nDirectora\/Editora de <a href=\"https:\/\/diariofemenino.com.ar\/\">Diario Digital Femenino<\/a><\/p>\n","protected":false},"excerpt":{"rendered":"<p>La realidad cotidiana con la que debemos lidiar las mujeres, a pesar de los avances y legislaci\u00f3n vigente, es la del poder machista. La mayor traba y expresi\u00f3n de violencia que pasa ante los ojos de muchas personas sin que puedan notarla, \u00bfo s\u00ed? Por Lenny C\u00e1ceres* Escucha este art\u00edculo en la voz de Marina [&hellip;]<\/p>\n","protected":false},"author":4,"featured_media":61585,"comment_status":"open","ping_status":"open","sticky":false,"template":"","format":"standard","meta":{"iawp_total_views":5,"footnotes":""},"categories":[1067,178,1251,6,21,592],"tags":[305,4372,44,617,138],"class_list":["post-61584","post","type-post","status-publish","format-standard","has-post-thumbnail","hentry","category-agenda-feminista","category-articulos-y-comunicados","category-mujeres-de-la-pampa","category-articulos","category-noticias","category-violencias","tag-poder","tag-destacada","tag-politica","tag-varones","tag-violencia"],"nelio_content":{"autoShareEndMode":"never","automationSources":{"useCustomSentences":false,"customSentences":[]},"efiAlt":"","efiUrl":"","followers":[4],"highlights":[],"isAutoShareEnabled":true,"networkImageIds":[],"permalinkQueryArgs":[],"series":[],"suggestedReferences":[]},"yoast_head":"<!-- This site is optimized with the Yoast SEO plugin v27.5 - https:\/\/yoast.com\/product\/yoast-seo-wordpress\/ -->\n<title>Varones y poder. Las violentas resistencias - Diario Digital Femenino<\/title>\n<meta name=\"description\" content=\"Varones y poder. La realidad cotidiana con la que debemos lidiar las mujeres, a pesar de los avances y legislaci\u00f3n vigente, es la del poder machista.\" \/>\n<meta name=\"robots\" content=\"index, follow, max-snippet:-1, max-image-preview:large, max-video-preview:-1\" \/>\n<link rel=\"canonical\" href=\"https:\/\/diariofemenino.com.ar\/df\/varones-y-poder-las-violentas-resistencias\/\" \/>\n<meta property=\"og:locale\" content=\"es_ES\" \/>\n<meta property=\"og:type\" content=\"article\" \/>\n<meta property=\"og:title\" content=\"Varones y poder. Las violentas resistencias - Diario Digital Femenino\" \/>\n<meta property=\"og:description\" content=\"Varones y poder. La realidad cotidiana con la que debemos lidiar las mujeres, a pesar de los avances y legislaci\u00f3n vigente, es la del poder machista.\" \/>\n<meta property=\"og:url\" content=\"https:\/\/diariofemenino.com.ar\/df\/varones-y-poder-las-violentas-resistencias\/\" \/>\n<meta property=\"og:site_name\" content=\"Diario Digital Femenino\" \/>\n<meta property=\"article:publisher\" content=\"https:\/\/www.facebook.com\/DiarioDigitaFemenino\/\" \/>\n<meta property=\"article:published_time\" content=\"2021-10-12T20:23:04+00:00\" \/>\n<meta property=\"article:modified_time\" content=\"2021-10-12T20:27:58+00:00\" \/>\n<meta property=\"og:image\" content=\"https:\/\/diariofemenino.com.ar\/df\/wp-content\/uploads\/2021\/10\/730f937e-67aa-41cc-8e02-2fbfe8dab39b.jpg\" \/>\n\t<meta property=\"og:image:width\" content=\"1479\" \/>\n\t<meta property=\"og:image:height\" content=\"814\" \/>\n\t<meta property=\"og:image:type\" content=\"image\/jpeg\" \/>\n<meta name=\"author\" content=\"Admin\" \/>\n<meta name=\"twitter:card\" content=\"summary_large_image\" \/>\n<meta name=\"twitter:creator\" content=\"@DiarioFemenino1\" \/>\n<meta name=\"twitter:site\" content=\"@DiarioFemenino1\" \/>\n<meta name=\"twitter:label1\" content=\"Escrito por\" \/>\n\t<meta name=\"twitter:data1\" content=\"Admin\" \/>\n\t<meta name=\"twitter:label2\" content=\"Tiempo de lectura\" \/>\n\t<meta name=\"twitter:data2\" content=\"4 minutos\" \/>\n<script type=\"application\/ld+json\" class=\"yoast-schema-graph\">{\"@context\":\"https:\\\/\\\/schema.org\",\"@graph\":[{\"@type\":\"Article\",\"@id\":\"https:\\\/\\\/diariofemenino.com.ar\\\/df\\\/varones-y-poder-las-violentas-resistencias\\\/#article\",\"isPartOf\":{\"@id\":\"https:\\\/\\\/diariofemenino.com.ar\\\/df\\\/varones-y-poder-las-violentas-resistencias\\\/\"},\"author\":{\"name\":\"Admin\",\"@id\":\"https:\\\/\\\/diariofemenino.com.ar\\\/df\\\/#\\\/schema\\\/person\\\/bf6199e8158c657ea6f789b11ec85509\"},\"headline\":\"Varones y poder. Las violentas resistencias\",\"datePublished\":\"2021-10-12T20:23:04+00:00\",\"dateModified\":\"2021-10-12T20:27:58+00:00\",\"mainEntityOfPage\":{\"@id\":\"https:\\\/\\\/diariofemenino.com.ar\\\/df\\\/varones-y-poder-las-violentas-resistencias\\\/\"},\"wordCount\":857,\"commentCount\":0,\"publisher\":{\"@id\":\"https:\\\/\\\/diariofemenino.com.ar\\\/df\\\/#organization\"},\"image\":{\"@id\":\"https:\\\/\\\/diariofemenino.com.ar\\\/df\\\/varones-y-poder-las-violentas-resistencias\\\/#primaryimage\"},\"thumbnailUrl\":\"https:\\\/\\\/diariofemenino.com.ar\\\/df\\\/wp-content\\\/uploads\\\/2021\\\/10\\\/730f937e-67aa-41cc-8e02-2fbfe8dab39b.jpg\",\"keywords\":[\"#Poder\",\"Destacada\",\"Pol\u00edtica\",\"Varones\",\"Violencia\"],\"articleSection\":[\"Agenda Feminista\",\"Art\u00edculos y Comunicados\",\"Mujeres de La Pampa\",\"Mujeres en Palabras\",\"Noticias\",\"Violencias\"],\"inLanguage\":\"es\",\"potentialAction\":[{\"@type\":\"CommentAction\",\"name\":\"Comment\",\"target\":[\"https:\\\/\\\/diariofemenino.com.ar\\\/df\\\/varones-y-poder-las-violentas-resistencias\\\/#respond\"]}]},{\"@type\":\"WebPage\",\"@id\":\"https:\\\/\\\/diariofemenino.com.ar\\\/df\\\/varones-y-poder-las-violentas-resistencias\\\/\",\"url\":\"https:\\\/\\\/diariofemenino.com.ar\\\/df\\\/varones-y-poder-las-violentas-resistencias\\\/\",\"name\":\"Varones y poder. Las violentas resistencias - Diario Digital Femenino\",\"isPartOf\":{\"@id\":\"https:\\\/\\\/diariofemenino.com.ar\\\/df\\\/#website\"},\"primaryImageOfPage\":{\"@id\":\"https:\\\/\\\/diariofemenino.com.ar\\\/df\\\/varones-y-poder-las-violentas-resistencias\\\/#primaryimage\"},\"image\":{\"@id\":\"https:\\\/\\\/diariofemenino.com.ar\\\/df\\\/varones-y-poder-las-violentas-resistencias\\\/#primaryimage\"},\"thumbnailUrl\":\"https:\\\/\\\/diariofemenino.com.ar\\\/df\\\/wp-content\\\/uploads\\\/2021\\\/10\\\/730f937e-67aa-41cc-8e02-2fbfe8dab39b.jpg\",\"datePublished\":\"2021-10-12T20:23:04+00:00\",\"dateModified\":\"2021-10-12T20:27:58+00:00\",\"description\":\"Varones y poder. La realidad cotidiana con la que debemos lidiar las mujeres, a pesar de los avances y legislaci\u00f3n vigente, es la del poder machista.\",\"breadcrumb\":{\"@id\":\"https:\\\/\\\/diariofemenino.com.ar\\\/df\\\/varones-y-poder-las-violentas-resistencias\\\/#breadcrumb\"},\"inLanguage\":\"es\",\"potentialAction\":[{\"@type\":\"ReadAction\",\"target\":[\"https:\\\/\\\/diariofemenino.com.ar\\\/df\\\/varones-y-poder-las-violentas-resistencias\\\/\"]}]},{\"@type\":\"ImageObject\",\"inLanguage\":\"es\",\"@id\":\"https:\\\/\\\/diariofemenino.com.ar\\\/df\\\/varones-y-poder-las-violentas-resistencias\\\/#primaryimage\",\"url\":\"https:\\\/\\\/diariofemenino.com.ar\\\/df\\\/wp-content\\\/uploads\\\/2021\\\/10\\\/730f937e-67aa-41cc-8e02-2fbfe8dab39b.jpg\",\"contentUrl\":\"https:\\\/\\\/diariofemenino.com.ar\\\/df\\\/wp-content\\\/uploads\\\/2021\\\/10\\\/730f937e-67aa-41cc-8e02-2fbfe8dab39b.jpg\",\"width\":1479,\"height\":814,\"caption\":\"Varones y poder. Las violentas resistencias\"},{\"@type\":\"BreadcrumbList\",\"@id\":\"https:\\\/\\\/diariofemenino.com.ar\\\/df\\\/varones-y-poder-las-violentas-resistencias\\\/#breadcrumb\",\"itemListElement\":[{\"@type\":\"ListItem\",\"position\":1,\"name\":\"Portada\",\"item\":\"https:\\\/\\\/diariofemenino.com.ar\\\/df\\\/\"},{\"@type\":\"ListItem\",\"position\":2,\"name\":\"Varones y poder. Las violentas resistencias\"}]},{\"@type\":\"WebSite\",\"@id\":\"https:\\\/\\\/diariofemenino.com.ar\\\/df\\\/#website\",\"url\":\"https:\\\/\\\/diariofemenino.com.ar\\\/df\\\/\",\"name\":\"Diario Digital Femenino\",\"description\":\"Cuesti\u00f3n de G\u00e9nero\",\"publisher\":{\"@id\":\"https:\\\/\\\/diariofemenino.com.ar\\\/df\\\/#organization\"},\"potentialAction\":[{\"@type\":\"SearchAction\",\"target\":{\"@type\":\"EntryPoint\",\"urlTemplate\":\"https:\\\/\\\/diariofemenino.com.ar\\\/df\\\/?s={search_term_string}\"},\"query-input\":{\"@type\":\"PropertyValueSpecification\",\"valueRequired\":true,\"valueName\":\"search_term_string\"}}],\"inLanguage\":\"es\"},{\"@type\":\"Organization\",\"@id\":\"https:\\\/\\\/diariofemenino.com.ar\\\/df\\\/#organization\",\"name\":\"Diario Femenino\",\"url\":\"https:\\\/\\\/diariofemenino.com.ar\\\/df\\\/\",\"logo\":{\"@type\":\"ImageObject\",\"inLanguage\":\"es\",\"@id\":\"https:\\\/\\\/diariofemenino.com.ar\\\/df\\\/#\\\/schema\\\/logo\\\/image\\\/\",\"url\":\"https:\\\/\\\/diariofemenino.com.ar\\\/df\\\/wp-content\\\/uploads\\\/2018\\\/10\\\/logo.png\",\"contentUrl\":\"https:\\\/\\\/diariofemenino.com.ar\\\/df\\\/wp-content\\\/uploads\\\/2018\\\/10\\\/logo.png\",\"width\":500,\"height\":92,\"caption\":\"Diario Femenino\"},\"image\":{\"@id\":\"https:\\\/\\\/diariofemenino.com.ar\\\/df\\\/#\\\/schema\\\/logo\\\/image\\\/\"},\"sameAs\":[\"https:\\\/\\\/www.facebook.com\\\/DiarioDigitaFemenino\\\/\",\"https:\\\/\\\/x.com\\\/DiarioFemenino1\"]},{\"@type\":\"Person\",\"@id\":\"https:\\\/\\\/diariofemenino.com.ar\\\/df\\\/#\\\/schema\\\/person\\\/bf6199e8158c657ea6f789b11ec85509\",\"name\":\"Admin\",\"image\":{\"@type\":\"ImageObject\",\"inLanguage\":\"es\",\"@id\":\"https:\\\/\\\/diariofemenino.com.ar\\\/df\\\/wp-content\\\/uploads\\\/2018\\\/12\\\/favicon-150x150.jpg\",\"url\":\"https:\\\/\\\/diariofemenino.com.ar\\\/df\\\/wp-content\\\/uploads\\\/2018\\\/12\\\/favicon-150x150.jpg\",\"contentUrl\":\"https:\\\/\\\/diariofemenino.com.ar\\\/df\\\/wp-content\\\/uploads\\\/2018\\\/12\\\/favicon-150x150.jpg\",\"caption\":\"Admin\"},\"url\":\"https:\\\/\\\/diariofemenino.com.ar\\\/df\\\/author\\\/lenny\\\/\"}]}<\/script>\n<!-- \/ Yoast SEO plugin. -->","yoast_head_json":{"title":"Varones y poder. Las violentas resistencias - Diario Digital Femenino","description":"Varones y poder. La realidad cotidiana con la que debemos lidiar las mujeres, a pesar de los avances y legislaci\u00f3n vigente, es la del poder machista.","robots":{"index":"index","follow":"follow","max-snippet":"max-snippet:-1","max-image-preview":"max-image-preview:large","max-video-preview":"max-video-preview:-1"},"canonical":"https:\/\/diariofemenino.com.ar\/df\/varones-y-poder-las-violentas-resistencias\/","og_locale":"es_ES","og_type":"article","og_title":"Varones y poder. Las violentas resistencias - Diario Digital Femenino","og_description":"Varones y poder. La realidad cotidiana con la que debemos lidiar las mujeres, a pesar de los avances y legislaci\u00f3n vigente, es la del poder machista.","og_url":"https:\/\/diariofemenino.com.ar\/df\/varones-y-poder-las-violentas-resistencias\/","og_site_name":"Diario Digital Femenino","article_publisher":"https:\/\/www.facebook.com\/DiarioDigitaFemenino\/","article_published_time":"2021-10-12T20:23:04+00:00","article_modified_time":"2021-10-12T20:27:58+00:00","og_image":[{"width":1479,"height":814,"url":"https:\/\/diariofemenino.com.ar\/df\/wp-content\/uploads\/2021\/10\/730f937e-67aa-41cc-8e02-2fbfe8dab39b.jpg","type":"image\/jpeg"}],"author":"Admin","twitter_card":"summary_large_image","twitter_creator":"@DiarioFemenino1","twitter_site":"@DiarioFemenino1","twitter_misc":{"Escrito por":"Admin","Tiempo de lectura":"4 minutos"},"schema":{"@context":"https:\/\/schema.org","@graph":[{"@type":"Article","@id":"https:\/\/diariofemenino.com.ar\/df\/varones-y-poder-las-violentas-resistencias\/#article","isPartOf":{"@id":"https:\/\/diariofemenino.com.ar\/df\/varones-y-poder-las-violentas-resistencias\/"},"author":{"name":"Admin","@id":"https:\/\/diariofemenino.com.ar\/df\/#\/schema\/person\/bf6199e8158c657ea6f789b11ec85509"},"headline":"Varones y poder. Las violentas resistencias","datePublished":"2021-10-12T20:23:04+00:00","dateModified":"2021-10-12T20:27:58+00:00","mainEntityOfPage":{"@id":"https:\/\/diariofemenino.com.ar\/df\/varones-y-poder-las-violentas-resistencias\/"},"wordCount":857,"commentCount":0,"publisher":{"@id":"https:\/\/diariofemenino.com.ar\/df\/#organization"},"image":{"@id":"https:\/\/diariofemenino.com.ar\/df\/varones-y-poder-las-violentas-resistencias\/#primaryimage"},"thumbnailUrl":"https:\/\/diariofemenino.com.ar\/df\/wp-content\/uploads\/2021\/10\/730f937e-67aa-41cc-8e02-2fbfe8dab39b.jpg","keywords":["#Poder","Destacada","Pol\u00edtica","Varones","Violencia"],"articleSection":["Agenda Feminista","Art\u00edculos y Comunicados","Mujeres de La Pampa","Mujeres en Palabras","Noticias","Violencias"],"inLanguage":"es","potentialAction":[{"@type":"CommentAction","name":"Comment","target":["https:\/\/diariofemenino.com.ar\/df\/varones-y-poder-las-violentas-resistencias\/#respond"]}]},{"@type":"WebPage","@id":"https:\/\/diariofemenino.com.ar\/df\/varones-y-poder-las-violentas-resistencias\/","url":"https:\/\/diariofemenino.com.ar\/df\/varones-y-poder-las-violentas-resistencias\/","name":"Varones y poder. Las violentas resistencias - Diario Digital Femenino","isPartOf":{"@id":"https:\/\/diariofemenino.com.ar\/df\/#website"},"primaryImageOfPage":{"@id":"https:\/\/diariofemenino.com.ar\/df\/varones-y-poder-las-violentas-resistencias\/#primaryimage"},"image":{"@id":"https:\/\/diariofemenino.com.ar\/df\/varones-y-poder-las-violentas-resistencias\/#primaryimage"},"thumbnailUrl":"https:\/\/diariofemenino.com.ar\/df\/wp-content\/uploads\/2021\/10\/730f937e-67aa-41cc-8e02-2fbfe8dab39b.jpg","datePublished":"2021-10-12T20:23:04+00:00","dateModified":"2021-10-12T20:27:58+00:00","description":"Varones y poder. La realidad cotidiana con la que debemos lidiar las mujeres, a pesar de los avances y legislaci\u00f3n vigente, es la del poder machista.","breadcrumb":{"@id":"https:\/\/diariofemenino.com.ar\/df\/varones-y-poder-las-violentas-resistencias\/#breadcrumb"},"inLanguage":"es","potentialAction":[{"@type":"ReadAction","target":["https:\/\/diariofemenino.com.ar\/df\/varones-y-poder-las-violentas-resistencias\/"]}]},{"@type":"ImageObject","inLanguage":"es","@id":"https:\/\/diariofemenino.com.ar\/df\/varones-y-poder-las-violentas-resistencias\/#primaryimage","url":"https:\/\/diariofemenino.com.ar\/df\/wp-content\/uploads\/2021\/10\/730f937e-67aa-41cc-8e02-2fbfe8dab39b.jpg","contentUrl":"https:\/\/diariofemenino.com.ar\/df\/wp-content\/uploads\/2021\/10\/730f937e-67aa-41cc-8e02-2fbfe8dab39b.jpg","width":1479,"height":814,"caption":"Varones y poder. Las violentas resistencias"},{"@type":"BreadcrumbList","@id":"https:\/\/diariofemenino.com.ar\/df\/varones-y-poder-las-violentas-resistencias\/#breadcrumb","itemListElement":[{"@type":"ListItem","position":1,"name":"Portada","item":"https:\/\/diariofemenino.com.ar\/df\/"},{"@type":"ListItem","position":2,"name":"Varones y poder. Las violentas resistencias"}]},{"@type":"WebSite","@id":"https:\/\/diariofemenino.com.ar\/df\/#website","url":"https:\/\/diariofemenino.com.ar\/df\/","name":"Diario Digital Femenino","description":"Cuesti\u00f3n de G\u00e9nero","publisher":{"@id":"https:\/\/diariofemenino.com.ar\/df\/#organization"},"potentialAction":[{"@type":"SearchAction","target":{"@type":"EntryPoint","urlTemplate":"https:\/\/diariofemenino.com.ar\/df\/?s={search_term_string}"},"query-input":{"@type":"PropertyValueSpecification","valueRequired":true,"valueName":"search_term_string"}}],"inLanguage":"es"},{"@type":"Organization","@id":"https:\/\/diariofemenino.com.ar\/df\/#organization","name":"Diario Femenino","url":"https:\/\/diariofemenino.com.ar\/df\/","logo":{"@type":"ImageObject","inLanguage":"es","@id":"https:\/\/diariofemenino.com.ar\/df\/#\/schema\/logo\/image\/","url":"https:\/\/diariofemenino.com.ar\/df\/wp-content\/uploads\/2018\/10\/logo.png","contentUrl":"https:\/\/diariofemenino.com.ar\/df\/wp-content\/uploads\/2018\/10\/logo.png","width":500,"height":92,"caption":"Diario Femenino"},"image":{"@id":"https:\/\/diariofemenino.com.ar\/df\/#\/schema\/logo\/image\/"},"sameAs":["https:\/\/www.facebook.com\/DiarioDigitaFemenino\/","https:\/\/x.com\/DiarioFemenino1"]},{"@type":"Person","@id":"https:\/\/diariofemenino.com.ar\/df\/#\/schema\/person\/bf6199e8158c657ea6f789b11ec85509","name":"Admin","image":{"@type":"ImageObject","inLanguage":"es","@id":"https:\/\/diariofemenino.com.ar\/df\/wp-content\/uploads\/2018\/12\/favicon-150x150.jpg","url":"https:\/\/diariofemenino.com.ar\/df\/wp-content\/uploads\/2018\/12\/favicon-150x150.jpg","contentUrl":"https:\/\/diariofemenino.com.ar\/df\/wp-content\/uploads\/2018\/12\/favicon-150x150.jpg","caption":"Admin"},"url":"https:\/\/diariofemenino.com.ar\/df\/author\/lenny\/"}]}},"jetpack_featured_media_url":"https:\/\/diariofemenino.com.ar\/df\/wp-content\/uploads\/2021\/10\/730f937e-67aa-41cc-8e02-2fbfe8dab39b.jpg","jetpack_sharing_enabled":true,"rttpg_featured_image_url":{"full":["https:\/\/diariofemenino.com.ar\/df\/wp-content\/uploads\/2021\/10\/730f937e-67aa-41cc-8e02-2fbfe8dab39b.jpg",1479,814,false],"landscape":["https:\/\/diariofemenino.com.ar\/df\/wp-content\/uploads\/2021\/10\/730f937e-67aa-41cc-8e02-2fbfe8dab39b.jpg",1479,814,false],"portraits":["https:\/\/diariofemenino.com.ar\/df\/wp-content\/uploads\/2021\/10\/730f937e-67aa-41cc-8e02-2fbfe8dab39b.jpg",1479,814,false],"thumbnail":["https:\/\/diariofemenino.com.ar\/df\/wp-content\/uploads\/2021\/10\/730f937e-67aa-41cc-8e02-2fbfe8dab39b-150x150.jpg",150,150,true],"medium":["https:\/\/diariofemenino.com.ar\/df\/wp-content\/uploads\/2021\/10\/730f937e-67aa-41cc-8e02-2fbfe8dab39b-300x165.jpg",300,165,true],"large":["https:\/\/diariofemenino.com.ar\/df\/wp-content\/uploads\/2021\/10\/730f937e-67aa-41cc-8e02-2fbfe8dab39b-1024x564.jpg",1024,564,true],"1536x1536":["https:\/\/diariofemenino.com.ar\/df\/wp-content\/uploads\/2021\/10\/730f937e-67aa-41cc-8e02-2fbfe8dab39b.jpg",1479,814,false],"2048x2048":["https:\/\/diariofemenino.com.ar\/df\/wp-content\/uploads\/2021\/10\/730f937e-67aa-41cc-8e02-2fbfe8dab39b.jpg",1479,814,false]},"rttpg_author":{"display_name":"Admin","author_link":"https:\/\/diariofemenino.com.ar\/df\/author\/lenny\/"},"rttpg_comment":0,"rttpg_category":"<a href=\"https:\/\/diariofemenino.com.ar\/df\/category\/agenda-feminista\/\" rel=\"category tag\">Agenda Feminista<\/a> <a href=\"https:\/\/diariofemenino.com.ar\/df\/category\/articulos-y-comunicados\/\" rel=\"category tag\">Art\u00edculos y Comunicados<\/a> <a href=\"https:\/\/diariofemenino.com.ar\/df\/category\/mujeres-de-la-pampa\/\" rel=\"category tag\">Mujeres de La Pampa<\/a> <a href=\"https:\/\/diariofemenino.com.ar\/df\/category\/articulos\/\" rel=\"category tag\">Mujeres en Palabras<\/a> <a href=\"https:\/\/diariofemenino.com.ar\/df\/category\/noticias\/\" rel=\"category tag\">Noticias<\/a> <a href=\"https:\/\/diariofemenino.com.ar\/df\/category\/violencias\/\" rel=\"category tag\">Violencias<\/a>","rttpg_excerpt":"La realidad cotidiana con la que debemos lidiar las mujeres, a pesar de los avances y legislaci\u00f3n vigente, es la del poder machista. La mayor traba y expresi\u00f3n de violencia que pasa ante los ojos de muchas personas sin que puedan notarla, \u00bfo s\u00ed? Por Lenny C\u00e1ceres* Escucha este art\u00edculo en la voz de Marina&hellip;","_links":{"self":[{"href":"https:\/\/diariofemenino.com.ar\/df\/wp-json\/wp\/v2\/posts\/61584","targetHints":{"allow":["GET"]}}],"collection":[{"href":"https:\/\/diariofemenino.com.ar\/df\/wp-json\/wp\/v2\/posts"}],"about":[{"href":"https:\/\/diariofemenino.com.ar\/df\/wp-json\/wp\/v2\/types\/post"}],"author":[{"embeddable":true,"href":"https:\/\/diariofemenino.com.ar\/df\/wp-json\/wp\/v2\/users\/4"}],"replies":[{"embeddable":true,"href":"https:\/\/diariofemenino.com.ar\/df\/wp-json\/wp\/v2\/comments?post=61584"}],"version-history":[{"count":0,"href":"https:\/\/diariofemenino.com.ar\/df\/wp-json\/wp\/v2\/posts\/61584\/revisions"}],"wp:featuredmedia":[{"embeddable":true,"href":"https:\/\/diariofemenino.com.ar\/df\/wp-json\/wp\/v2\/media\/61585"}],"wp:attachment":[{"href":"https:\/\/diariofemenino.com.ar\/df\/wp-json\/wp\/v2\/media?parent=61584"}],"wp:term":[{"taxonomy":"category","embeddable":true,"href":"https:\/\/diariofemenino.com.ar\/df\/wp-json\/wp\/v2\/categories?post=61584"},{"taxonomy":"post_tag","embeddable":true,"href":"https:\/\/diariofemenino.com.ar\/df\/wp-json\/wp\/v2\/tags?post=61584"}],"curies":[{"name":"wp","href":"https:\/\/api.w.org\/{rel}","templated":true}]}}