{"id":61567,"date":"2021-10-11T20:01:35","date_gmt":"2021-10-11T23:01:35","guid":{"rendered":"https:\/\/diariofemenino.com.ar\/df\/?p=61567"},"modified":"2021-10-11T20:01:35","modified_gmt":"2021-10-11T23:01:35","slug":"aysa-trabaja-en-conjunto-con-unicef-para-fortalecer-las-politicas-de-genero-de-la-empresa","status":"publish","type":"post","link":"https:\/\/diariofemenino.com.ar\/df\/aysa-trabaja-en-conjunto-con-unicef-para-fortalecer-las-politicas-de-genero-de-la-empresa\/","title":{"rendered":"AySA trabaja en conjunto con UNICEF para fortalecer las pol\u00edticas de g\u00e9nero de la empresa"},"content":{"rendered":"<p>AySA trabaja en conjunto con UNICEF. Agua y Saneamientos Argentinos (<a href=\"https:\/\/www.aysa.com.ar\/\">AySA<\/a>) form\u00f3 parte de \u00abEmpresas que Cuidan\u00bb, una iniciativa de <a href=\"https:\/\/help.unicef.org\/argentina\/dona?language=es&amp;paquete=drtv2020&amp;nota=GS&amp;utm_source=GS&amp;utm_medium=Brand&amp;utm_term=&amp;utm_content=&amp;utm_campaign=drtv2020&amp;gclid=Cj0KCQjwwY-LBhD6ARIsACvT72N1Ot-DewVhVH1a6_nFoJo71tGzEiPmsxsAh2MP_Mn0ln4_oLUmOKIaAk4PEALw_wcB\">UNICEF<\/a> llevada adelante junto con el Equipo Latinoamericano de Justicia y G\u00e9nero (<a href=\"https:\/\/www.ela.org.ar\/\">ELA<\/a>), que convoca a diversos actores del sector p\u00fablico y privado a promover la <a href=\"https:\/\/diariofemenino.com.ar\/df\/lanzaron-del-programa-de-gestion-menstrual-de-aysa\/\">agenda de cuidado<\/a>, los derechos de ni\u00f1as, ni\u00f1os y adolescentes y la igualdad de g\u00e9nero a trav\u00e9s de la conciliaci\u00f3n de la vida profesional y familiar de las personas trabajadoras.<\/p>\n<figure id=\"attachment_61568\" aria-describedby=\"caption-attachment-61568\" style=\"width: 558px\" class=\"wp-caption aligncenter\"><img loading=\"lazy\" decoding=\"async\" class=\" wp-image-61568\" src=\"https:\/\/diariofemenino.com.ar\/df\/wp-content\/uploads\/2021\/10\/WhatsApp-Image-2021-10-11-at-19.10.10-1-1024x682.jpeg\" alt=\"AySA trabaja en conjunto con UNICEF para fortalecer las pol\u00edticas de g\u00e9nero de la empresa\" width=\"558\" height=\"372\" srcset=\"https:\/\/diariofemenino.com.ar\/df\/wp-content\/uploads\/2021\/10\/WhatsApp-Image-2021-10-11-at-19.10.10-1-1024x682.jpeg 1024w, https:\/\/diariofemenino.com.ar\/df\/wp-content\/uploads\/2021\/10\/WhatsApp-Image-2021-10-11-at-19.10.10-1-300x200.jpeg 300w, https:\/\/diariofemenino.com.ar\/df\/wp-content\/uploads\/2021\/10\/WhatsApp-Image-2021-10-11-at-19.10.10-1-768x512.jpeg 768w, https:\/\/diariofemenino.com.ar\/df\/wp-content\/uploads\/2021\/10\/WhatsApp-Image-2021-10-11-at-19.10.10-1.jpeg 1280w\" sizes=\"auto, (max-width: 558px) 100vw, 558px\" \/><figcaption id=\"caption-attachment-61568\" class=\"wp-caption-text\">AySA trabaja en conjunto con UNICEF para fortalecer las pol\u00edticas de g\u00e9nero de la empresa<\/figcaption><\/figure>\n<p>Esta iniciativa se enfoca en las pr\u00e1cticas y experiencias que se impulsan desde las empresas para promover, a partir de diversas estrategias, la conciliaci\u00f3n de la vida laboral y la vida familiar, m\u00e1s all\u00e1 de lo que establecen las normas aplicables al empleo.<\/p>\n<p>Luego de realizar un diagn\u00f3stico sobre las <a href=\"https:\/\/diariofemenino.com.ar\/df\/malena-galmarini-presento-la-guia-de-comunicacion-con-perspectiva-de-genero-aysa\/\">pol\u00edticas de g\u00e9nero<\/a> que lleva adelante AySA, el equipo de UNICEF present\u00f3 una serie de recomendaciones para poder profundizar el alcance e impacto de dichas pol\u00edticas de manera transversal a toda la organizaci\u00f3n. Si bien todav\u00eda existen aspectos a mejorar y perfeccionar en las acciones implementadas sobre la base de una estrategia integral con \u00e1reas prioritarias y metas, se concluy\u00f3 que la empresa ha tenido grandes avances en pol\u00edticas de compromiso, comunicaci\u00f3n y difusi\u00f3n de pol\u00edticas de cuidado.<\/p>\n<p>\u201cLo que buscamos siempre desde la actual gesti\u00f3n de la empresa es dejar algo s\u00f3lido que a futuro se siga replicando y que cada una de las 7.600 personas que hacemos AySA realmente sostengamos un cambio cultural como el que propone la pol\u00edtica de g\u00e9nero y diversidad de AySA y del Sindicato\u201d, coment\u00f3 al respecto la presidenta de AySA, Malena Galmarini, y agreg\u00f3: \u201cnuestros indicadores de igualdad de oportunidades de trabajo para hombres y mujeres crecieron un 30% en el \u00faltimo a\u00f1o y esto se debe al esfuerzo que venimos haciendo para transformar las estructuras sociales e institucionales desiguales vigentes en estructuras m\u00e1s justas y equitativas para todas las personas que integran la empresa\u201d.<\/p>\n<p>En este contexto de pandemia, adem\u00e1s se destac\u00f3 la importancia de las pol\u00edticas de conciliaci\u00f3n y de cuidado al interior de las empresas como una herramienta para promover la igualdad de g\u00e9nero, la responsabilidad social empresaria y la sustentabilidad de las empresas, generando un impacto positivo en el desarrollo econ\u00f3mico.<\/p>\n<p>La Responsable del \u00c1rea de Pol\u00edticas de G\u00e9nero de AySA, Eugenia Ghiotto tambi\u00e9n expres\u00f3: \u201cFalta mucho por hacer, pero venimos de personas que durante un a\u00f1o de trabajar en pandemia, en un servicio esencial como es el agua y el saneamiento, adem\u00e1s de enfocarse en que no decaiga el servicio que prestamos, pudieron pasar por el cuerpo este desaf\u00edo enorme. No les ense\u00f1amos algo te\u00f3rico, sino que les propusimos que deconstruyan lo aprendido en esta cultura, que lo pasen a primera persona, que analicen las propias situaciones cargadas de estereotipos y sesgos que vivimos en el d\u00eda a d\u00eda\u201d.<\/p>\n<p>Del encuentro, realizado de manera virtual, participaron tambi\u00e9n, de AySA, Luis Aversano, Director de Recursos Humanos y por parte de UNICEF Argentina se cont\u00f3 con la presencia de Mercedes Eisele, Oficial de Derechos de ni\u00f1os, ni\u00f1as y adolescentes\u200b y Empresas; Mart\u00edn Gim\u00e9nez R\u00e9bora, Gerente de Movilizaci\u00f3n de Recursos; y \u200bErika Sol\u00f3rzano, del equipo de Movilizaci\u00f3n de Recursos.<\/p>\n","protected":false},"excerpt":{"rendered":"<p>AySA trabaja en conjunto con UNICEF. Agua y Saneamientos Argentinos (AySA) form\u00f3 parte de \u00abEmpresas que Cuidan\u00bb, una iniciativa de UNICEF llevada adelante junto con el Equipo Latinoamericano de Justicia y G\u00e9nero (ELA), que convoca a diversos actores del sector p\u00fablico y privado a promover la agenda de cuidado, los derechos de ni\u00f1as, ni\u00f1os y [&hellip;]<\/p>\n","protected":false},"author":4,"featured_media":61569,"comment_status":"open","ping_status":"open","sticky":false,"template":"","format":"standard","meta":{"iawp_total_views":3,"footnotes":""},"categories":[1067,581,9,32],"tags":[3362,3259,4877,1351],"class_list":["post-61567","post","type-post","status-publish","format-standard","has-post-thumbnail","hentry","category-agenda-feminista","category-azul-profundo","category-de-esi-si-se-habla","category-mujeres","tag-aysa","tag-ela","tag-empresas-que-cuidan","tag-unicef"],"nelio_content":{"autoShareEndMode":"never","automationSources":{"useCustomSentences":false,"customSentences":[]},"efiAlt":"","efiUrl":"","followers":[4],"highlights":[],"isAutoShareEnabled":true,"networkImageIds":[],"permalinkQueryArgs":[],"series":[],"suggestedReferences":[]},"yoast_head":"<!-- This site is optimized with the Yoast SEO plugin v27.5 - https:\/\/yoast.com\/product\/yoast-seo-wordpress\/ -->\n<title>AySA trabaja en conjunto con UNICEF para fortalecer las pol\u00edticas de g\u00e9nero de la empresa - Diario Digital Femenino<\/title>\n<meta name=\"description\" content=\"AySA trabaja en conjunto con UNICEF. La inciciativa se enmarca en &quot;Empresas que Cuidan&quot;. Agenda de cuidado, los derechos de NNyA y la igualdad de g\u00e9nero.\" \/>\n<meta name=\"robots\" content=\"index, follow, max-snippet:-1, max-image-preview:large, max-video-preview:-1\" \/>\n<link rel=\"canonical\" href=\"https:\/\/diariofemenino.com.ar\/df\/aysa-trabaja-en-conjunto-con-unicef-para-fortalecer-las-politicas-de-genero-de-la-empresa\/\" \/>\n<meta property=\"og:locale\" content=\"es_ES\" \/>\n<meta property=\"og:type\" content=\"article\" \/>\n<meta property=\"og:title\" content=\"AySA trabaja en conjunto con UNICEF para fortalecer las pol\u00edticas de g\u00e9nero de la empresa - Diario Digital Femenino\" \/>\n<meta property=\"og:description\" content=\"AySA trabaja en conjunto con UNICEF. La inciciativa se enmarca en &quot;Empresas que Cuidan&quot;. Agenda de cuidado, los derechos de NNyA y la igualdad de g\u00e9nero.\" \/>\n<meta property=\"og:url\" content=\"https:\/\/diariofemenino.com.ar\/df\/aysa-trabaja-en-conjunto-con-unicef-para-fortalecer-las-politicas-de-genero-de-la-empresa\/\" \/>\n<meta property=\"og:site_name\" content=\"Diario Digital Femenino\" \/>\n<meta property=\"article:publisher\" content=\"https:\/\/www.facebook.com\/DiarioDigitaFemenino\/\" \/>\n<meta property=\"article:published_time\" content=\"2021-10-11T23:01:35+00:00\" \/>\n<meta property=\"og:image\" content=\"https:\/\/diariofemenino.com.ar\/df\/wp-content\/uploads\/2021\/10\/WhatsApp-Image-2021-10-11-at-19.10.10.jpeg\" \/>\n\t<meta property=\"og:image:width\" content=\"960\" \/>\n\t<meta property=\"og:image:height\" content=\"540\" \/>\n\t<meta property=\"og:image:type\" content=\"image\/jpeg\" \/>\n<meta name=\"author\" content=\"Admin\" \/>\n<meta name=\"twitter:card\" content=\"summary_large_image\" \/>\n<meta name=\"twitter:creator\" content=\"@DiarioFemenino1\" \/>\n<meta name=\"twitter:site\" content=\"@DiarioFemenino1\" \/>\n<meta name=\"twitter:label1\" content=\"Escrito por\" \/>\n\t<meta name=\"twitter:data1\" content=\"Admin\" \/>\n\t<meta name=\"twitter:label2\" content=\"Tiempo de lectura\" \/>\n\t<meta name=\"twitter:data2\" content=\"3 minutos\" \/>\n<script type=\"application\/ld+json\" class=\"yoast-schema-graph\">{\"@context\":\"https:\\\/\\\/schema.org\",\"@graph\":[{\"@type\":\"Article\",\"@id\":\"https:\\\/\\\/diariofemenino.com.ar\\\/df\\\/aysa-trabaja-en-conjunto-con-unicef-para-fortalecer-las-politicas-de-genero-de-la-empresa\\\/#article\",\"isPartOf\":{\"@id\":\"https:\\\/\\\/diariofemenino.com.ar\\\/df\\\/aysa-trabaja-en-conjunto-con-unicef-para-fortalecer-las-politicas-de-genero-de-la-empresa\\\/\"},\"author\":{\"name\":\"Admin\",\"@id\":\"https:\\\/\\\/diariofemenino.com.ar\\\/df\\\/#\\\/schema\\\/person\\\/bf6199e8158c657ea6f789b11ec85509\"},\"headline\":\"AySA trabaja en conjunto con UNICEF para fortalecer las pol\u00edticas de g\u00e9nero de la empresa\",\"datePublished\":\"2021-10-11T23:01:35+00:00\",\"mainEntityOfPage\":{\"@id\":\"https:\\\/\\\/diariofemenino.com.ar\\\/df\\\/aysa-trabaja-en-conjunto-con-unicef-para-fortalecer-las-politicas-de-genero-de-la-empresa\\\/\"},\"wordCount\":613,\"commentCount\":0,\"publisher\":{\"@id\":\"https:\\\/\\\/diariofemenino.com.ar\\\/df\\\/#organization\"},\"image\":{\"@id\":\"https:\\\/\\\/diariofemenino.com.ar\\\/df\\\/aysa-trabaja-en-conjunto-con-unicef-para-fortalecer-las-politicas-de-genero-de-la-empresa\\\/#primaryimage\"},\"thumbnailUrl\":\"https:\\\/\\\/diariofemenino.com.ar\\\/df\\\/wp-content\\\/uploads\\\/2021\\\/10\\\/WhatsApp-Image-2021-10-11-at-19.10.10.jpeg\",\"keywords\":[\"AySA\",\"ELA\",\"Empresas que Cuidan\",\"UNICEF\"],\"articleSection\":[\"Agenda Feminista\",\"Azul Profundo\",\"De ESI S\u00ed Se Habla\",\"Mujeres\"],\"inLanguage\":\"es\",\"potentialAction\":[{\"@type\":\"CommentAction\",\"name\":\"Comment\",\"target\":[\"https:\\\/\\\/diariofemenino.com.ar\\\/df\\\/aysa-trabaja-en-conjunto-con-unicef-para-fortalecer-las-politicas-de-genero-de-la-empresa\\\/#respond\"]}]},{\"@type\":\"WebPage\",\"@id\":\"https:\\\/\\\/diariofemenino.com.ar\\\/df\\\/aysa-trabaja-en-conjunto-con-unicef-para-fortalecer-las-politicas-de-genero-de-la-empresa\\\/\",\"url\":\"https:\\\/\\\/diariofemenino.com.ar\\\/df\\\/aysa-trabaja-en-conjunto-con-unicef-para-fortalecer-las-politicas-de-genero-de-la-empresa\\\/\",\"name\":\"AySA trabaja en conjunto con UNICEF para fortalecer las pol\u00edticas de g\u00e9nero de la empresa - Diario Digital Femenino\",\"isPartOf\":{\"@id\":\"https:\\\/\\\/diariofemenino.com.ar\\\/df\\\/#website\"},\"primaryImageOfPage\":{\"@id\":\"https:\\\/\\\/diariofemenino.com.ar\\\/df\\\/aysa-trabaja-en-conjunto-con-unicef-para-fortalecer-las-politicas-de-genero-de-la-empresa\\\/#primaryimage\"},\"image\":{\"@id\":\"https:\\\/\\\/diariofemenino.com.ar\\\/df\\\/aysa-trabaja-en-conjunto-con-unicef-para-fortalecer-las-politicas-de-genero-de-la-empresa\\\/#primaryimage\"},\"thumbnailUrl\":\"https:\\\/\\\/diariofemenino.com.ar\\\/df\\\/wp-content\\\/uploads\\\/2021\\\/10\\\/WhatsApp-Image-2021-10-11-at-19.10.10.jpeg\",\"datePublished\":\"2021-10-11T23:01:35+00:00\",\"description\":\"AySA trabaja en conjunto con UNICEF. La inciciativa se enmarca en \\\"Empresas que Cuidan\\\". Agenda de cuidado, los derechos de NNyA y la igualdad de g\u00e9nero.\",\"breadcrumb\":{\"@id\":\"https:\\\/\\\/diariofemenino.com.ar\\\/df\\\/aysa-trabaja-en-conjunto-con-unicef-para-fortalecer-las-politicas-de-genero-de-la-empresa\\\/#breadcrumb\"},\"inLanguage\":\"es\",\"potentialAction\":[{\"@type\":\"ReadAction\",\"target\":[\"https:\\\/\\\/diariofemenino.com.ar\\\/df\\\/aysa-trabaja-en-conjunto-con-unicef-para-fortalecer-las-politicas-de-genero-de-la-empresa\\\/\"]}]},{\"@type\":\"ImageObject\",\"inLanguage\":\"es\",\"@id\":\"https:\\\/\\\/diariofemenino.com.ar\\\/df\\\/aysa-trabaja-en-conjunto-con-unicef-para-fortalecer-las-politicas-de-genero-de-la-empresa\\\/#primaryimage\",\"url\":\"https:\\\/\\\/diariofemenino.com.ar\\\/df\\\/wp-content\\\/uploads\\\/2021\\\/10\\\/WhatsApp-Image-2021-10-11-at-19.10.10.jpeg\",\"contentUrl\":\"https:\\\/\\\/diariofemenino.com.ar\\\/df\\\/wp-content\\\/uploads\\\/2021\\\/10\\\/WhatsApp-Image-2021-10-11-at-19.10.10.jpeg\",\"width\":960,\"height\":540,\"caption\":\"AySA trabaja en conjunto con UNICEF para fortalecer las pol\u00edticas de g\u00e9nero de la empresa\"},{\"@type\":\"BreadcrumbList\",\"@id\":\"https:\\\/\\\/diariofemenino.com.ar\\\/df\\\/aysa-trabaja-en-conjunto-con-unicef-para-fortalecer-las-politicas-de-genero-de-la-empresa\\\/#breadcrumb\",\"itemListElement\":[{\"@type\":\"ListItem\",\"position\":1,\"name\":\"Portada\",\"item\":\"https:\\\/\\\/diariofemenino.com.ar\\\/df\\\/\"},{\"@type\":\"ListItem\",\"position\":2,\"name\":\"AySA trabaja en conjunto con UNICEF para fortalecer las pol\u00edticas de g\u00e9nero de la empresa\"}]},{\"@type\":\"WebSite\",\"@id\":\"https:\\\/\\\/diariofemenino.com.ar\\\/df\\\/#website\",\"url\":\"https:\\\/\\\/diariofemenino.com.ar\\\/df\\\/\",\"name\":\"Diario Digital Femenino\",\"description\":\"Cuesti\u00f3n de G\u00e9nero\",\"publisher\":{\"@id\":\"https:\\\/\\\/diariofemenino.com.ar\\\/df\\\/#organization\"},\"potentialAction\":[{\"@type\":\"SearchAction\",\"target\":{\"@type\":\"EntryPoint\",\"urlTemplate\":\"https:\\\/\\\/diariofemenino.com.ar\\\/df\\\/?s={search_term_string}\"},\"query-input\":{\"@type\":\"PropertyValueSpecification\",\"valueRequired\":true,\"valueName\":\"search_term_string\"}}],\"inLanguage\":\"es\"},{\"@type\":\"Organization\",\"@id\":\"https:\\\/\\\/diariofemenino.com.ar\\\/df\\\/#organization\",\"name\":\"Diario Femenino\",\"url\":\"https:\\\/\\\/diariofemenino.com.ar\\\/df\\\/\",\"logo\":{\"@type\":\"ImageObject\",\"inLanguage\":\"es\",\"@id\":\"https:\\\/\\\/diariofemenino.com.ar\\\/df\\\/#\\\/schema\\\/logo\\\/image\\\/\",\"url\":\"https:\\\/\\\/diariofemenino.com.ar\\\/df\\\/wp-content\\\/uploads\\\/2018\\\/10\\\/logo.png\",\"contentUrl\":\"https:\\\/\\\/diariofemenino.com.ar\\\/df\\\/wp-content\\\/uploads\\\/2018\\\/10\\\/logo.png\",\"width\":500,\"height\":92,\"caption\":\"Diario Femenino\"},\"image\":{\"@id\":\"https:\\\/\\\/diariofemenino.com.ar\\\/df\\\/#\\\/schema\\\/logo\\\/image\\\/\"},\"sameAs\":[\"https:\\\/\\\/www.facebook.com\\\/DiarioDigitaFemenino\\\/\",\"https:\\\/\\\/x.com\\\/DiarioFemenino1\"]},{\"@type\":\"Person\",\"@id\":\"https:\\\/\\\/diariofemenino.com.ar\\\/df\\\/#\\\/schema\\\/person\\\/bf6199e8158c657ea6f789b11ec85509\",\"name\":\"Admin\",\"image\":{\"@type\":\"ImageObject\",\"inLanguage\":\"es\",\"@id\":\"https:\\\/\\\/diariofemenino.com.ar\\\/df\\\/wp-content\\\/uploads\\\/2018\\\/12\\\/favicon-150x150.jpg\",\"url\":\"https:\\\/\\\/diariofemenino.com.ar\\\/df\\\/wp-content\\\/uploads\\\/2018\\\/12\\\/favicon-150x150.jpg\",\"contentUrl\":\"https:\\\/\\\/diariofemenino.com.ar\\\/df\\\/wp-content\\\/uploads\\\/2018\\\/12\\\/favicon-150x150.jpg\",\"caption\":\"Admin\"},\"url\":\"https:\\\/\\\/diariofemenino.com.ar\\\/df\\\/author\\\/lenny\\\/\"}]}<\/script>\n<!-- \/ Yoast SEO plugin. -->","yoast_head_json":{"title":"AySA trabaja en conjunto con UNICEF para fortalecer las pol\u00edticas de g\u00e9nero de la empresa - Diario Digital Femenino","description":"AySA trabaja en conjunto con UNICEF. La inciciativa se enmarca en \"Empresas que Cuidan\". Agenda de cuidado, los derechos de NNyA y la igualdad de g\u00e9nero.","robots":{"index":"index","follow":"follow","max-snippet":"max-snippet:-1","max-image-preview":"max-image-preview:large","max-video-preview":"max-video-preview:-1"},"canonical":"https:\/\/diariofemenino.com.ar\/df\/aysa-trabaja-en-conjunto-con-unicef-para-fortalecer-las-politicas-de-genero-de-la-empresa\/","og_locale":"es_ES","og_type":"article","og_title":"AySA trabaja en conjunto con UNICEF para fortalecer las pol\u00edticas de g\u00e9nero de la empresa - Diario Digital Femenino","og_description":"AySA trabaja en conjunto con UNICEF. La inciciativa se enmarca en \"Empresas que Cuidan\". Agenda de cuidado, los derechos de NNyA y la igualdad de g\u00e9nero.","og_url":"https:\/\/diariofemenino.com.ar\/df\/aysa-trabaja-en-conjunto-con-unicef-para-fortalecer-las-politicas-de-genero-de-la-empresa\/","og_site_name":"Diario Digital Femenino","article_publisher":"https:\/\/www.facebook.com\/DiarioDigitaFemenino\/","article_published_time":"2021-10-11T23:01:35+00:00","og_image":[{"width":960,"height":540,"url":"https:\/\/diariofemenino.com.ar\/df\/wp-content\/uploads\/2021\/10\/WhatsApp-Image-2021-10-11-at-19.10.10.jpeg","type":"image\/jpeg"}],"author":"Admin","twitter_card":"summary_large_image","twitter_creator":"@DiarioFemenino1","twitter_site":"@DiarioFemenino1","twitter_misc":{"Escrito por":"Admin","Tiempo de lectura":"3 minutos"},"schema":{"@context":"https:\/\/schema.org","@graph":[{"@type":"Article","@id":"https:\/\/diariofemenino.com.ar\/df\/aysa-trabaja-en-conjunto-con-unicef-para-fortalecer-las-politicas-de-genero-de-la-empresa\/#article","isPartOf":{"@id":"https:\/\/diariofemenino.com.ar\/df\/aysa-trabaja-en-conjunto-con-unicef-para-fortalecer-las-politicas-de-genero-de-la-empresa\/"},"author":{"name":"Admin","@id":"https:\/\/diariofemenino.com.ar\/df\/#\/schema\/person\/bf6199e8158c657ea6f789b11ec85509"},"headline":"AySA trabaja en conjunto con UNICEF para fortalecer las pol\u00edticas de g\u00e9nero de la empresa","datePublished":"2021-10-11T23:01:35+00:00","mainEntityOfPage":{"@id":"https:\/\/diariofemenino.com.ar\/df\/aysa-trabaja-en-conjunto-con-unicef-para-fortalecer-las-politicas-de-genero-de-la-empresa\/"},"wordCount":613,"commentCount":0,"publisher":{"@id":"https:\/\/diariofemenino.com.ar\/df\/#organization"},"image":{"@id":"https:\/\/diariofemenino.com.ar\/df\/aysa-trabaja-en-conjunto-con-unicef-para-fortalecer-las-politicas-de-genero-de-la-empresa\/#primaryimage"},"thumbnailUrl":"https:\/\/diariofemenino.com.ar\/df\/wp-content\/uploads\/2021\/10\/WhatsApp-Image-2021-10-11-at-19.10.10.jpeg","keywords":["AySA","ELA","Empresas que Cuidan","UNICEF"],"articleSection":["Agenda Feminista","Azul Profundo","De ESI S\u00ed Se Habla","Mujeres"],"inLanguage":"es","potentialAction":[{"@type":"CommentAction","name":"Comment","target":["https:\/\/diariofemenino.com.ar\/df\/aysa-trabaja-en-conjunto-con-unicef-para-fortalecer-las-politicas-de-genero-de-la-empresa\/#respond"]}]},{"@type":"WebPage","@id":"https:\/\/diariofemenino.com.ar\/df\/aysa-trabaja-en-conjunto-con-unicef-para-fortalecer-las-politicas-de-genero-de-la-empresa\/","url":"https:\/\/diariofemenino.com.ar\/df\/aysa-trabaja-en-conjunto-con-unicef-para-fortalecer-las-politicas-de-genero-de-la-empresa\/","name":"AySA trabaja en conjunto con UNICEF para fortalecer las pol\u00edticas de g\u00e9nero de la empresa - Diario Digital Femenino","isPartOf":{"@id":"https:\/\/diariofemenino.com.ar\/df\/#website"},"primaryImageOfPage":{"@id":"https:\/\/diariofemenino.com.ar\/df\/aysa-trabaja-en-conjunto-con-unicef-para-fortalecer-las-politicas-de-genero-de-la-empresa\/#primaryimage"},"image":{"@id":"https:\/\/diariofemenino.com.ar\/df\/aysa-trabaja-en-conjunto-con-unicef-para-fortalecer-las-politicas-de-genero-de-la-empresa\/#primaryimage"},"thumbnailUrl":"https:\/\/diariofemenino.com.ar\/df\/wp-content\/uploads\/2021\/10\/WhatsApp-Image-2021-10-11-at-19.10.10.jpeg","datePublished":"2021-10-11T23:01:35+00:00","description":"AySA trabaja en conjunto con UNICEF. La inciciativa se enmarca en \"Empresas que Cuidan\". Agenda de cuidado, los derechos de NNyA y la igualdad de g\u00e9nero.","breadcrumb":{"@id":"https:\/\/diariofemenino.com.ar\/df\/aysa-trabaja-en-conjunto-con-unicef-para-fortalecer-las-politicas-de-genero-de-la-empresa\/#breadcrumb"},"inLanguage":"es","potentialAction":[{"@type":"ReadAction","target":["https:\/\/diariofemenino.com.ar\/df\/aysa-trabaja-en-conjunto-con-unicef-para-fortalecer-las-politicas-de-genero-de-la-empresa\/"]}]},{"@type":"ImageObject","inLanguage":"es","@id":"https:\/\/diariofemenino.com.ar\/df\/aysa-trabaja-en-conjunto-con-unicef-para-fortalecer-las-politicas-de-genero-de-la-empresa\/#primaryimage","url":"https:\/\/diariofemenino.com.ar\/df\/wp-content\/uploads\/2021\/10\/WhatsApp-Image-2021-10-11-at-19.10.10.jpeg","contentUrl":"https:\/\/diariofemenino.com.ar\/df\/wp-content\/uploads\/2021\/10\/WhatsApp-Image-2021-10-11-at-19.10.10.jpeg","width":960,"height":540,"caption":"AySA trabaja en conjunto con UNICEF para fortalecer las pol\u00edticas de g\u00e9nero de la empresa"},{"@type":"BreadcrumbList","@id":"https:\/\/diariofemenino.com.ar\/df\/aysa-trabaja-en-conjunto-con-unicef-para-fortalecer-las-politicas-de-genero-de-la-empresa\/#breadcrumb","itemListElement":[{"@type":"ListItem","position":1,"name":"Portada","item":"https:\/\/diariofemenino.com.ar\/df\/"},{"@type":"ListItem","position":2,"name":"AySA trabaja en conjunto con UNICEF para fortalecer las pol\u00edticas de g\u00e9nero de la empresa"}]},{"@type":"WebSite","@id":"https:\/\/diariofemenino.com.ar\/df\/#website","url":"https:\/\/diariofemenino.com.ar\/df\/","name":"Diario Digital Femenino","description":"Cuesti\u00f3n de G\u00e9nero","publisher":{"@id":"https:\/\/diariofemenino.com.ar\/df\/#organization"},"potentialAction":[{"@type":"SearchAction","target":{"@type":"EntryPoint","urlTemplate":"https:\/\/diariofemenino.com.ar\/df\/?s={search_term_string}"},"query-input":{"@type":"PropertyValueSpecification","valueRequired":true,"valueName":"search_term_string"}}],"inLanguage":"es"},{"@type":"Organization","@id":"https:\/\/diariofemenino.com.ar\/df\/#organization","name":"Diario Femenino","url":"https:\/\/diariofemenino.com.ar\/df\/","logo":{"@type":"ImageObject","inLanguage":"es","@id":"https:\/\/diariofemenino.com.ar\/df\/#\/schema\/logo\/image\/","url":"https:\/\/diariofemenino.com.ar\/df\/wp-content\/uploads\/2018\/10\/logo.png","contentUrl":"https:\/\/diariofemenino.com.ar\/df\/wp-content\/uploads\/2018\/10\/logo.png","width":500,"height":92,"caption":"Diario Femenino"},"image":{"@id":"https:\/\/diariofemenino.com.ar\/df\/#\/schema\/logo\/image\/"},"sameAs":["https:\/\/www.facebook.com\/DiarioDigitaFemenino\/","https:\/\/x.com\/DiarioFemenino1"]},{"@type":"Person","@id":"https:\/\/diariofemenino.com.ar\/df\/#\/schema\/person\/bf6199e8158c657ea6f789b11ec85509","name":"Admin","image":{"@type":"ImageObject","inLanguage":"es","@id":"https:\/\/diariofemenino.com.ar\/df\/wp-content\/uploads\/2018\/12\/favicon-150x150.jpg","url":"https:\/\/diariofemenino.com.ar\/df\/wp-content\/uploads\/2018\/12\/favicon-150x150.jpg","contentUrl":"https:\/\/diariofemenino.com.ar\/df\/wp-content\/uploads\/2018\/12\/favicon-150x150.jpg","caption":"Admin"},"url":"https:\/\/diariofemenino.com.ar\/df\/author\/lenny\/"}]}},"jetpack_featured_media_url":"https:\/\/diariofemenino.com.ar\/df\/wp-content\/uploads\/2021\/10\/WhatsApp-Image-2021-10-11-at-19.10.10.jpeg","jetpack_sharing_enabled":true,"rttpg_featured_image_url":{"full":["https:\/\/diariofemenino.com.ar\/df\/wp-content\/uploads\/2021\/10\/WhatsApp-Image-2021-10-11-at-19.10.10.jpeg",960,540,false],"landscape":["https:\/\/diariofemenino.com.ar\/df\/wp-content\/uploads\/2021\/10\/WhatsApp-Image-2021-10-11-at-19.10.10.jpeg",960,540,false],"portraits":["https:\/\/diariofemenino.com.ar\/df\/wp-content\/uploads\/2021\/10\/WhatsApp-Image-2021-10-11-at-19.10.10.jpeg",960,540,false],"thumbnail":["https:\/\/diariofemenino.com.ar\/df\/wp-content\/uploads\/2021\/10\/WhatsApp-Image-2021-10-11-at-19.10.10-150x150.jpeg",150,150,true],"medium":["https:\/\/diariofemenino.com.ar\/df\/wp-content\/uploads\/2021\/10\/WhatsApp-Image-2021-10-11-at-19.10.10-300x169.jpeg",300,169,true],"large":["https:\/\/diariofemenino.com.ar\/df\/wp-content\/uploads\/2021\/10\/WhatsApp-Image-2021-10-11-at-19.10.10.jpeg",960,540,false],"1536x1536":["https:\/\/diariofemenino.com.ar\/df\/wp-content\/uploads\/2021\/10\/WhatsApp-Image-2021-10-11-at-19.10.10.jpeg",960,540,false],"2048x2048":["https:\/\/diariofemenino.com.ar\/df\/wp-content\/uploads\/2021\/10\/WhatsApp-Image-2021-10-11-at-19.10.10.jpeg",960,540,false]},"rttpg_author":{"display_name":"Admin","author_link":"https:\/\/diariofemenino.com.ar\/df\/author\/lenny\/"},"rttpg_comment":0,"rttpg_category":"<a href=\"https:\/\/diariofemenino.com.ar\/df\/category\/agenda-feminista\/\" rel=\"category tag\">Agenda Feminista<\/a> <a href=\"https:\/\/diariofemenino.com.ar\/df\/category\/azul-profundo\/\" rel=\"category tag\">Azul Profundo<\/a> <a href=\"https:\/\/diariofemenino.com.ar\/df\/category\/de-esi-si-se-habla\/\" rel=\"category tag\">De ESI S\u00ed Se Habla<\/a> <a href=\"https:\/\/diariofemenino.com.ar\/df\/category\/mujeres\/\" rel=\"category tag\">Mujeres<\/a>","rttpg_excerpt":"AySA trabaja en conjunto con UNICEF. Agua y Saneamientos Argentinos (AySA) form\u00f3 parte de \u00abEmpresas que Cuidan\u00bb, una iniciativa de UNICEF llevada adelante junto con el Equipo Latinoamericano de Justicia y G\u00e9nero (ELA), que convoca a diversos actores del sector p\u00fablico y privado a promover la agenda de cuidado, los derechos de ni\u00f1as, ni\u00f1os y&hellip;","_links":{"self":[{"href":"https:\/\/diariofemenino.com.ar\/df\/wp-json\/wp\/v2\/posts\/61567","targetHints":{"allow":["GET"]}}],"collection":[{"href":"https:\/\/diariofemenino.com.ar\/df\/wp-json\/wp\/v2\/posts"}],"about":[{"href":"https:\/\/diariofemenino.com.ar\/df\/wp-json\/wp\/v2\/types\/post"}],"author":[{"embeddable":true,"href":"https:\/\/diariofemenino.com.ar\/df\/wp-json\/wp\/v2\/users\/4"}],"replies":[{"embeddable":true,"href":"https:\/\/diariofemenino.com.ar\/df\/wp-json\/wp\/v2\/comments?post=61567"}],"version-history":[{"count":0,"href":"https:\/\/diariofemenino.com.ar\/df\/wp-json\/wp\/v2\/posts\/61567\/revisions"}],"wp:featuredmedia":[{"embeddable":true,"href":"https:\/\/diariofemenino.com.ar\/df\/wp-json\/wp\/v2\/media\/61569"}],"wp:attachment":[{"href":"https:\/\/diariofemenino.com.ar\/df\/wp-json\/wp\/v2\/media?parent=61567"}],"wp:term":[{"taxonomy":"category","embeddable":true,"href":"https:\/\/diariofemenino.com.ar\/df\/wp-json\/wp\/v2\/categories?post=61567"},{"taxonomy":"post_tag","embeddable":true,"href":"https:\/\/diariofemenino.com.ar\/df\/wp-json\/wp\/v2\/tags?post=61567"}],"curies":[{"name":"wp","href":"https:\/\/api.w.org\/{rel}","templated":true}]}}