{"id":61469,"date":"2021-10-07T11:20:53","date_gmt":"2021-10-07T14:20:53","guid":{"rendered":"https:\/\/diariofemenino.com.ar\/df\/?p=61469"},"modified":"2021-10-07T11:20:53","modified_gmt":"2021-10-07T14:20:53","slug":"la-esi-cumplio-15-anos","status":"publish","type":"post","link":"https:\/\/diariofemenino.com.ar\/df\/la-esi-cumplio-15-anos\/","title":{"rendered":"La ESI cumpli\u00f3 15 a\u00f1os"},"content":{"rendered":"<p>Este 4 de octubre \u00faltimo, la Ley 26150 de Educaci\u00f3n Sexual Integral, cumpli\u00f3 15 a\u00f1os de su sanci\u00f3n en aquella primavera de 2006.\u00a0\u00bfQu\u00e9 significan los 15 a\u00f1os de un hecho pol\u00edtico y cultural significativo como la creaci\u00f3n de un Programa Nacional? \u00bfSe la puede evaluar como una experiencia que alcanza la mayor\u00eda de edad? \u00bfO s\u00f3lo debemos hacer una fiesta para presentarla en sociedad?<\/p>\n<p>Por\u00a0<a href=\"https:\/\/diariofemenino.com.ar\/df\/?s=Mar%C3%ADa+In%C3%A9s+Alvarado\"><strong>Mar\u00eda In\u00e9s Alvarado<\/strong><\/a>*<br \/>\npara\u00a0<a href=\"https:\/\/diariofemenino.com.ar\/\">Diario Digital Femenino<\/a><\/p>\n<audio class=\"wp-audio-shortcode\" id=\"audio-61469-1\" preload=\"none\" style=\"width: 100%;\" controls=\"controls\"><source type=\"audio\/mpeg\" src=\"https:\/\/diariofemenino.com.ar\/df\/wp-content\/uploads\/2021\/10\/La-ESI-cumple-15-a\u00f1os-por-Maria-Ines-Alvarado.mp3?_=1\" \/><a href=\"https:\/\/diariofemenino.com.ar\/df\/wp-content\/uploads\/2021\/10\/La-ESI-cumple-15-a\u00f1os-por-Maria-Ines-Alvarado.mp3\">https:\/\/diariofemenino.com.ar\/df\/wp-content\/uploads\/2021\/10\/La-ESI-cumple-15-a\u00f1os-por-Maria-Ines-Alvarado.mp3<\/a><\/audio>\n<p>Escucha este art\u00edculo en la voz de\u00a0<strong>Marina Colado<\/strong><\/p>\n<p>Para la cultura azteca, la celebraci\u00f3n de los 15 a\u00f1os marcaba la transici\u00f3n de ni\u00f1a a mujer, la fiesta de \u201clos quince\u201d presentaba a las j\u00f3venes en sociedad como mujeres capaces de procrear y, por lo tanto, aptas para el matrimonio. Esta tradici\u00f3n fue variando a lo largo de la historia, a veces celebrada como una fiesta majestuosa al estilo de una princesa de Disney, otras veces con un viaje que marca el inicio de una etapa de mayor protagonismo en la vida de las adolescentes. Los 15 a\u00f1os que lleva sancionada la ley que crea el Programa Nacional de Educaci\u00f3n Sexual Integral (PNESI), tambi\u00e9n necesita tener mayor protagonismo porque, en un pa\u00eds donde las pol\u00edticas p\u00fablicas dependen del humor del gobierno de turno, el balance de estos a\u00f1os es bastante irregular.<\/p>\n<figure id=\"attachment_61475\" aria-describedby=\"caption-attachment-61475\" style=\"width: 601px\" class=\"wp-caption aligncenter\"><img loading=\"lazy\" decoding=\"async\" class=\" wp-image-61475\" src=\"https:\/\/diariofemenino.com.ar\/df\/wp-content\/uploads\/2021\/10\/Poster-1-1024x402.jpg\" alt=\"La ESI cumpli\u00f3 15 a\u00f1os\" width=\"601\" height=\"236\" srcset=\"https:\/\/diariofemenino.com.ar\/df\/wp-content\/uploads\/2021\/10\/Poster-1-1024x402.jpg 1024w, https:\/\/diariofemenino.com.ar\/df\/wp-content\/uploads\/2021\/10\/Poster-1-300x118.jpg 300w, https:\/\/diariofemenino.com.ar\/df\/wp-content\/uploads\/2021\/10\/Poster-1-768x302.jpg 768w, https:\/\/diariofemenino.com.ar\/df\/wp-content\/uploads\/2021\/10\/Poster-1.jpg 1133w\" sizes=\"auto, (max-width: 601px) 100vw, 601px\" \/><figcaption id=\"caption-attachment-61475\" class=\"wp-caption-text\">La ESI cumpli\u00f3 15 a\u00f1os<\/figcaption><\/figure>\n<p>Haciendo un recorrido por Internet y redes sociales, la ESI circula por diferentes espacios. P\u00e1ginas especializadas, plataformas educativas, agrupaciones pol\u00edticas o fundaciones que brindan servicios. Pero tambi\u00e9n aparece de la mano de grupos de estudiantes referentes de distintas escuelas que buscan compartir y visibilizar experiencias; docentes militantes de la ESI que ofrecen cursos, servicios y capacitaciones a sus colegas; profesionales de la medicina y la sexolog\u00eda que se han vuelto influencers e instagramers, que habilitan discursos de temas sexuales con el objetivo de derribar tab\u00faes y prejuicios, pero todas iniciativas que terminan siendo acciones individuales y no alcanzan para incluir los lineamientos curriculares espec\u00edficos de toda una pol\u00edtica educativa.\u00a0Lineamientos que fueron desarrollados en una serie de materiales que est\u00e1n disponibles y al alcance de cada docente en la p\u00e1gina del <a href=\"https:\/\/cdn.knightlab.com\/libs\/timeline3\/latest\/embed\/index.html?source=139r0EEIT3qjb36AOg9henvhBnjQr7PoEf9WkMgyHOPk&amp;font=Fjalla-Average&amp;lang=es&amp;initial_zoom=1&amp;height=650\">PNESI<\/a> y a los cuales se puede acceder desde la web.<\/p>\n<p><img loading=\"lazy\" decoding=\"async\" class=\"aligncenter  wp-image-61476\" src=\"https:\/\/diariofemenino.com.ar\/df\/wp-content\/uploads\/2021\/10\/Poster-2-1-1024x435.jpg\" alt=\"\" width=\"628\" height=\"267\" srcset=\"https:\/\/diariofemenino.com.ar\/df\/wp-content\/uploads\/2021\/10\/Poster-2-1-1024x435.jpg 1024w, https:\/\/diariofemenino.com.ar\/df\/wp-content\/uploads\/2021\/10\/Poster-2-1-300x128.jpg 300w, https:\/\/diariofemenino.com.ar\/df\/wp-content\/uploads\/2021\/10\/Poster-2-1-768x326.jpg 768w, https:\/\/diariofemenino.com.ar\/df\/wp-content\/uploads\/2021\/10\/Poster-2-1.jpg 1155w\" sizes=\"auto, (max-width: 628px) 100vw, 628px\" \/><\/p>\n<p>Sin duda la ESI marc\u00f3 un antes y un despu\u00e9s en lo que hace a las normativas que garantizan derechos en Argentina. Abri\u00f3 el camino hacia otras leyes como la del matrimonio igualitario, la de identidad de g\u00e9nero y la de la prevenci\u00f3n de las violencias hacia las mujeres, entre otras. Posibilit\u00f3 que miles de j\u00f3venes y adolescentes conozcan sus derechos y exijan a sus docentes espacios para hablar de sus necesidades y deseos. Habilit\u00f3 que las escuelas sean el lugar donde se entramen discursos y aprendizajes escolares que formaban parte del curriculum oculto y hoy se visibilizan en conceptos, ideas o saberes que toman forma frente a lo que en otros momentos eran opiniones, mitos o prejuicios. Permiti\u00f3 que la sexualidad y las diversidades puedan estar en las aulas, con igualdad de derechos y oportunidades en pleno ejercicio de su libertad. Posibilit\u00f3 hablar de placer, del disfrute del cuerpo del derecho a prevenir o impedir situaciones de violencia. Proporcion\u00f3 construir un v\u00ednculo de mayor confianza entre docentes y estudiantes, donde circula la palabra y se informa sin prejuicios.<\/p>\n<figure id=\"attachment_61475\" aria-describedby=\"caption-attachment-61475\" style=\"width: 632px\" class=\"wp-caption aligncenter\"><img loading=\"lazy\" decoding=\"async\" class=\" wp-image-61475\" src=\"https:\/\/diariofemenino.com.ar\/df\/wp-content\/uploads\/2021\/10\/Poster-1-1024x402.jpg\" alt=\"La ESI cumpli\u00f3 15 a\u00f1os\" width=\"632\" height=\"248\" srcset=\"https:\/\/diariofemenino.com.ar\/df\/wp-content\/uploads\/2021\/10\/Poster-1-1024x402.jpg 1024w, https:\/\/diariofemenino.com.ar\/df\/wp-content\/uploads\/2021\/10\/Poster-1-300x118.jpg 300w, https:\/\/diariofemenino.com.ar\/df\/wp-content\/uploads\/2021\/10\/Poster-1-768x302.jpg 768w, https:\/\/diariofemenino.com.ar\/df\/wp-content\/uploads\/2021\/10\/Poster-1.jpg 1133w\" sizes=\"auto, (max-width: 632px) 100vw, 632px\" \/><figcaption id=\"caption-attachment-61475\" class=\"wp-caption-text\">La ESI cumpli\u00f3 15 a\u00f1os<\/figcaption><\/figure>\n<p>Pero a\u00fan falta. Falta modificar el art\u00edculo 5 de la Ley 26150 que otorga una discreta intenci\u00f3n a que cada comunidad educativa adapte la ESI \u00aben funci\u00f3n de las convicciones de sus miembros\u00bb, desvirtuando los contenidos propuestos en el programa. Falta seguir capacitando y acompa\u00f1ando docentes en ejercicio para que puedan adaptar sus pr\u00e1cticas hacia una mirada que ampl\u00ede el respeto a la diversidad sociocultural, de g\u00e9neros y de las personas con discapacidad. Falta fortalecer la transversalidad que garantice que todas las asignaturas desarrollen tem\u00e1ticas ESI. Falta consolidar una formaci\u00f3n cient\u00edfica y laica para que las familias no opongan resistencias y acompa\u00f1en este nuevo escenario educativo. Falta incorporar la educaci\u00f3n digital dentro de la ESI para brindar herramientas efectivas para la prevenci\u00f3n de delitos inform\u00e1ticos como el grooming o el sexting. Tal como lo demuestran las \u00faltimas evaluaciones <a href=\"https:\/\/www.argentina.gob.ar\/sites\/default\/files\/sintesis_de_datos_destacados_evaluacion_de_la_educacion_secundaria_en_argentina_2019pdf.pdf\">Aprender<\/a>, del a\u00f1o 2019, desarrolladas por el Ministerio de Educaci\u00f3n de Argentina, el 92% de estudiantes afirm\u00f3 haber recibido al menos un tema de ESI a lo largo de su escolaridad, abordados mayoritariamente en clases especiales y, solo un 16% de manera transversal.<\/p>\n<figure id=\"attachment_61479\" aria-describedby=\"caption-attachment-61479\" style=\"width: 843px\" class=\"wp-caption aligncenter\"><img loading=\"lazy\" decoding=\"async\" class=\"wp-image-61479 size-full\" src=\"https:\/\/diariofemenino.com.ar\/df\/wp-content\/uploads\/2021\/10\/Lo-que-dice-la-evaluaci\u00f3n-Aprender.jpg\" alt=\"La ESI cumpli\u00f3 15 a\u00f1os\" width=\"843\" height=\"495\" srcset=\"https:\/\/diariofemenino.com.ar\/df\/wp-content\/uploads\/2021\/10\/Lo-que-dice-la-evaluaci\u00f3n-Aprender.jpg 843w, https:\/\/diariofemenino.com.ar\/df\/wp-content\/uploads\/2021\/10\/Lo-que-dice-la-evaluaci\u00f3n-Aprender-300x176.jpg 300w, https:\/\/diariofemenino.com.ar\/df\/wp-content\/uploads\/2021\/10\/Lo-que-dice-la-evaluaci\u00f3n-Aprender-768x451.jpg 768w\" sizes=\"auto, (max-width: 843px) 100vw, 843px\" \/><figcaption id=\"caption-attachment-61479\" class=\"wp-caption-text\">La ESI cumpli\u00f3 15 a\u00f1os<\/figcaption><\/figure>\n<p>&nbsp;<\/p>\n<p>La ESI cumple 15 a\u00f1os. No quiere vestirse de princesa estilo Disney ni que le hagan una fiesta con gente invitada para que la vean bailar el vals. Quiere que se le d\u00e9 la entidad que tiene y que se la considere lo que es: un Derecho Humano en s\u00ed mismo que aporta el acceso a la informaci\u00f3n en temas relacionados con la salud, el cuidado del propio cuerpo y los derechos sexuales y reproductivos. Un derecho de cada estudiante y una obligaci\u00f3n de cada docente del pa\u00eds.<\/p>\n<p><img loading=\"lazy\" decoding=\"async\" class=\"aligncenter  wp-image-61473\" src=\"https:\/\/diariofemenino.com.ar\/df\/wp-content\/uploads\/2021\/10\/Publicaci\u00f3n-Cambios-que-se-ven-1024x401.jpg\" alt=\"\" width=\"596\" height=\"233\" srcset=\"https:\/\/diariofemenino.com.ar\/df\/wp-content\/uploads\/2021\/10\/Publicaci\u00f3n-Cambios-que-se-ven-1024x401.jpg 1024w, https:\/\/diariofemenino.com.ar\/df\/wp-content\/uploads\/2021\/10\/Publicaci\u00f3n-Cambios-que-se-ven-300x117.jpg 300w, https:\/\/diariofemenino.com.ar\/df\/wp-content\/uploads\/2021\/10\/Publicaci\u00f3n-Cambios-que-se-ven-768x301.jpg 768w, https:\/\/diariofemenino.com.ar\/df\/wp-content\/uploads\/2021\/10\/Publicaci\u00f3n-Cambios-que-se-ven.jpg 1157w\" sizes=\"auto, (max-width: 596px) 100vw, 596px\" \/><\/p>\n<p>(*)\u00a0 Docente, comunicadora. Co-directora de\u00a0<strong><a href=\"https:\/\/laesienjuego.com.ar\/\">La ESI en juego<\/a>.<\/strong><br \/>\nColumnista\u00a0de\u00a0<strong><a href=\"https:\/\/diariofemenino.com.ar\/df\/category\/de-esi-si-se-habla\/\">Diario Digital Femenino<\/a><\/strong><\/p>\n","protected":false},"excerpt":{"rendered":"<p>Este 4 de octubre \u00faltimo, la Ley 26150 de Educaci\u00f3n Sexual Integral, cumpli\u00f3 15 a\u00f1os de su sanci\u00f3n en aquella primavera de 2006.\u00a0\u00bfQu\u00e9 significan los 15 a\u00f1os de un hecho pol\u00edtico y cultural significativo como la creaci\u00f3n de un Programa Nacional? \u00bfSe la puede evaluar como una experiencia que alcanza la mayor\u00eda de edad? \u00bfO [&hellip;]<\/p>\n","protected":false},"author":4,"featured_media":61477,"comment_status":"open","ping_status":"open","sticky":false,"template":"","format":"standard","meta":{"iawp_total_views":64,"footnotes":""},"categories":[178,581,9,3,21,23],"tags":[3770,567,4372,172,97,568],"class_list":["post-61469","post","type-post","status-publish","format-standard","has-post-thumbnail","hentry","category-articulos-y-comunicados","category-azul-profundo","category-de-esi-si-se-habla","category-de-la-revolucion-al-reaprendizaje","category-noticias","category-salud","tag-15-anos","tag-de-esi-si-se-habla","tag-destacada","tag-educacion-sexual-integral","tag-esi","tag-maria-ines-alvarado"],"nelio_content":{"autoShareEndMode":"never","automationSources":{"useCustomSentences":false,"customSentences":[]},"efiAlt":"","efiUrl":"","followers":[4],"highlights":[],"isAutoShareEnabled":true,"networkImageIds":[],"permalinkQueryArgs":[],"series":[],"suggestedReferences":[]},"yoast_head":"<!-- This site is optimized with the Yoast SEO plugin v27.5 - https:\/\/yoast.com\/product\/yoast-seo-wordpress\/ -->\n<title>La ESI cumpli\u00f3 15 a\u00f1os - Diario Digital Femenino<\/title>\n<meta name=\"description\" content=\"La ESI cumpli\u00f3 15 a\u00f1os. \u00bfQu\u00e9 significan los 15 a\u00f1os de un hecho pol\u00edtico y cultural significativo como la creaci\u00f3n de un Programa Nacional?\" \/>\n<meta name=\"robots\" content=\"index, follow, max-snippet:-1, max-image-preview:large, max-video-preview:-1\" \/>\n<link rel=\"canonical\" href=\"https:\/\/diariofemenino.com.ar\/df\/la-esi-cumplio-15-anos\/\" \/>\n<meta property=\"og:locale\" content=\"es_ES\" \/>\n<meta property=\"og:type\" content=\"article\" \/>\n<meta property=\"og:title\" content=\"La ESI cumpli\u00f3 15 a\u00f1os - Diario Digital Femenino\" \/>\n<meta property=\"og:description\" content=\"La ESI cumpli\u00f3 15 a\u00f1os. \u00bfQu\u00e9 significan los 15 a\u00f1os de un hecho pol\u00edtico y cultural significativo como la creaci\u00f3n de un Programa Nacional?\" \/>\n<meta property=\"og:url\" content=\"https:\/\/diariofemenino.com.ar\/df\/la-esi-cumplio-15-anos\/\" \/>\n<meta property=\"og:site_name\" content=\"Diario Digital Femenino\" \/>\n<meta property=\"article:publisher\" content=\"https:\/\/www.facebook.com\/DiarioDigitaFemenino\/\" \/>\n<meta property=\"article:published_time\" content=\"2021-10-07T14:20:53+00:00\" \/>\n<meta property=\"og:image\" content=\"https:\/\/diariofemenino.com.ar\/df\/wp-content\/uploads\/2021\/10\/Tenemos-derecho-a-2.jpg\" \/>\n\t<meta property=\"og:image:width\" content=\"512\" \/>\n\t<meta property=\"og:image:height\" content=\"512\" \/>\n\t<meta property=\"og:image:type\" content=\"image\/jpeg\" \/>\n<meta name=\"author\" content=\"Admin\" \/>\n<meta name=\"twitter:card\" content=\"summary_large_image\" \/>\n<meta name=\"twitter:creator\" content=\"@DiarioFemenino1\" \/>\n<meta name=\"twitter:site\" content=\"@DiarioFemenino1\" \/>\n<meta name=\"twitter:label1\" content=\"Escrito por\" \/>\n\t<meta name=\"twitter:data1\" content=\"Admin\" \/>\n\t<meta name=\"twitter:label2\" content=\"Tiempo de lectura\" \/>\n\t<meta name=\"twitter:data2\" content=\"5 minutos\" \/>\n<script type=\"application\/ld+json\" class=\"yoast-schema-graph\">{\"@context\":\"https:\\\/\\\/schema.org\",\"@graph\":[{\"@type\":\"Article\",\"@id\":\"https:\\\/\\\/diariofemenino.com.ar\\\/df\\\/la-esi-cumplio-15-anos\\\/#article\",\"isPartOf\":{\"@id\":\"https:\\\/\\\/diariofemenino.com.ar\\\/df\\\/la-esi-cumplio-15-anos\\\/\"},\"author\":{\"name\":\"Admin\",\"@id\":\"https:\\\/\\\/diariofemenino.com.ar\\\/df\\\/#\\\/schema\\\/person\\\/bf6199e8158c657ea6f789b11ec85509\"},\"headline\":\"La ESI cumpli\u00f3 15 a\u00f1os\",\"datePublished\":\"2021-10-07T14:20:53+00:00\",\"mainEntityOfPage\":{\"@id\":\"https:\\\/\\\/diariofemenino.com.ar\\\/df\\\/la-esi-cumplio-15-anos\\\/\"},\"wordCount\":919,\"commentCount\":1,\"publisher\":{\"@id\":\"https:\\\/\\\/diariofemenino.com.ar\\\/df\\\/#organization\"},\"image\":{\"@id\":\"https:\\\/\\\/diariofemenino.com.ar\\\/df\\\/la-esi-cumplio-15-anos\\\/#primaryimage\"},\"thumbnailUrl\":\"https:\\\/\\\/diariofemenino.com.ar\\\/df\\\/wp-content\\\/uploads\\\/2021\\\/10\\\/Tenemos-derecho-a-2.jpg\",\"keywords\":[\"15 a\u00f1os\",\"De ESI s\u00ed se habla\",\"Destacada\",\"Educaci\u00f3n Sexual Integral\",\"ESI\",\"Mar\u00eda In\u00e9s Alvarado\"],\"articleSection\":[\"Art\u00edculos y Comunicados\",\"Azul Profundo\",\"De ESI S\u00ed Se Habla\",\"De la Revoluci\u00f3n al Reaprendizaje\",\"Noticias\",\"Salud\"],\"inLanguage\":\"es\",\"potentialAction\":[{\"@type\":\"CommentAction\",\"name\":\"Comment\",\"target\":[\"https:\\\/\\\/diariofemenino.com.ar\\\/df\\\/la-esi-cumplio-15-anos\\\/#respond\"]}]},{\"@type\":\"WebPage\",\"@id\":\"https:\\\/\\\/diariofemenino.com.ar\\\/df\\\/la-esi-cumplio-15-anos\\\/\",\"url\":\"https:\\\/\\\/diariofemenino.com.ar\\\/df\\\/la-esi-cumplio-15-anos\\\/\",\"name\":\"La ESI cumpli\u00f3 15 a\u00f1os - Diario Digital Femenino\",\"isPartOf\":{\"@id\":\"https:\\\/\\\/diariofemenino.com.ar\\\/df\\\/#website\"},\"primaryImageOfPage\":{\"@id\":\"https:\\\/\\\/diariofemenino.com.ar\\\/df\\\/la-esi-cumplio-15-anos\\\/#primaryimage\"},\"image\":{\"@id\":\"https:\\\/\\\/diariofemenino.com.ar\\\/df\\\/la-esi-cumplio-15-anos\\\/#primaryimage\"},\"thumbnailUrl\":\"https:\\\/\\\/diariofemenino.com.ar\\\/df\\\/wp-content\\\/uploads\\\/2021\\\/10\\\/Tenemos-derecho-a-2.jpg\",\"datePublished\":\"2021-10-07T14:20:53+00:00\",\"description\":\"La ESI cumpli\u00f3 15 a\u00f1os. \u00bfQu\u00e9 significan los 15 a\u00f1os de un hecho pol\u00edtico y cultural significativo como la creaci\u00f3n de un Programa Nacional?\",\"breadcrumb\":{\"@id\":\"https:\\\/\\\/diariofemenino.com.ar\\\/df\\\/la-esi-cumplio-15-anos\\\/#breadcrumb\"},\"inLanguage\":\"es\",\"potentialAction\":[{\"@type\":\"ReadAction\",\"target\":[\"https:\\\/\\\/diariofemenino.com.ar\\\/df\\\/la-esi-cumplio-15-anos\\\/\"]}]},{\"@type\":\"ImageObject\",\"inLanguage\":\"es\",\"@id\":\"https:\\\/\\\/diariofemenino.com.ar\\\/df\\\/la-esi-cumplio-15-anos\\\/#primaryimage\",\"url\":\"https:\\\/\\\/diariofemenino.com.ar\\\/df\\\/wp-content\\\/uploads\\\/2021\\\/10\\\/Tenemos-derecho-a-2.jpg\",\"contentUrl\":\"https:\\\/\\\/diariofemenino.com.ar\\\/df\\\/wp-content\\\/uploads\\\/2021\\\/10\\\/Tenemos-derecho-a-2.jpg\",\"width\":512,\"height\":512,\"caption\":\"La ESI cumpli\u00f3 15 a\u00f1os\"},{\"@type\":\"BreadcrumbList\",\"@id\":\"https:\\\/\\\/diariofemenino.com.ar\\\/df\\\/la-esi-cumplio-15-anos\\\/#breadcrumb\",\"itemListElement\":[{\"@type\":\"ListItem\",\"position\":1,\"name\":\"Portada\",\"item\":\"https:\\\/\\\/diariofemenino.com.ar\\\/df\\\/\"},{\"@type\":\"ListItem\",\"position\":2,\"name\":\"La ESI cumpli\u00f3 15 a\u00f1os\"}]},{\"@type\":\"WebSite\",\"@id\":\"https:\\\/\\\/diariofemenino.com.ar\\\/df\\\/#website\",\"url\":\"https:\\\/\\\/diariofemenino.com.ar\\\/df\\\/\",\"name\":\"Diario Digital Femenino\",\"description\":\"Cuesti\u00f3n de G\u00e9nero\",\"publisher\":{\"@id\":\"https:\\\/\\\/diariofemenino.com.ar\\\/df\\\/#organization\"},\"potentialAction\":[{\"@type\":\"SearchAction\",\"target\":{\"@type\":\"EntryPoint\",\"urlTemplate\":\"https:\\\/\\\/diariofemenino.com.ar\\\/df\\\/?s={search_term_string}\"},\"query-input\":{\"@type\":\"PropertyValueSpecification\",\"valueRequired\":true,\"valueName\":\"search_term_string\"}}],\"inLanguage\":\"es\"},{\"@type\":\"Organization\",\"@id\":\"https:\\\/\\\/diariofemenino.com.ar\\\/df\\\/#organization\",\"name\":\"Diario Femenino\",\"url\":\"https:\\\/\\\/diariofemenino.com.ar\\\/df\\\/\",\"logo\":{\"@type\":\"ImageObject\",\"inLanguage\":\"es\",\"@id\":\"https:\\\/\\\/diariofemenino.com.ar\\\/df\\\/#\\\/schema\\\/logo\\\/image\\\/\",\"url\":\"https:\\\/\\\/diariofemenino.com.ar\\\/df\\\/wp-content\\\/uploads\\\/2018\\\/10\\\/logo.png\",\"contentUrl\":\"https:\\\/\\\/diariofemenino.com.ar\\\/df\\\/wp-content\\\/uploads\\\/2018\\\/10\\\/logo.png\",\"width\":500,\"height\":92,\"caption\":\"Diario Femenino\"},\"image\":{\"@id\":\"https:\\\/\\\/diariofemenino.com.ar\\\/df\\\/#\\\/schema\\\/logo\\\/image\\\/\"},\"sameAs\":[\"https:\\\/\\\/www.facebook.com\\\/DiarioDigitaFemenino\\\/\",\"https:\\\/\\\/x.com\\\/DiarioFemenino1\"]},{\"@type\":\"Person\",\"@id\":\"https:\\\/\\\/diariofemenino.com.ar\\\/df\\\/#\\\/schema\\\/person\\\/bf6199e8158c657ea6f789b11ec85509\",\"name\":\"Admin\",\"image\":{\"@type\":\"ImageObject\",\"inLanguage\":\"es\",\"@id\":\"https:\\\/\\\/diariofemenino.com.ar\\\/df\\\/wp-content\\\/uploads\\\/2018\\\/12\\\/favicon-150x150.jpg\",\"url\":\"https:\\\/\\\/diariofemenino.com.ar\\\/df\\\/wp-content\\\/uploads\\\/2018\\\/12\\\/favicon-150x150.jpg\",\"contentUrl\":\"https:\\\/\\\/diariofemenino.com.ar\\\/df\\\/wp-content\\\/uploads\\\/2018\\\/12\\\/favicon-150x150.jpg\",\"caption\":\"Admin\"},\"url\":\"https:\\\/\\\/diariofemenino.com.ar\\\/df\\\/author\\\/lenny\\\/\"}]}<\/script>\n<!-- \/ Yoast SEO plugin. -->","yoast_head_json":{"title":"La ESI cumpli\u00f3 15 a\u00f1os - Diario Digital Femenino","description":"La ESI cumpli\u00f3 15 a\u00f1os. \u00bfQu\u00e9 significan los 15 a\u00f1os de un hecho pol\u00edtico y cultural significativo como la creaci\u00f3n de un Programa Nacional?","robots":{"index":"index","follow":"follow","max-snippet":"max-snippet:-1","max-image-preview":"max-image-preview:large","max-video-preview":"max-video-preview:-1"},"canonical":"https:\/\/diariofemenino.com.ar\/df\/la-esi-cumplio-15-anos\/","og_locale":"es_ES","og_type":"article","og_title":"La ESI cumpli\u00f3 15 a\u00f1os - Diario Digital Femenino","og_description":"La ESI cumpli\u00f3 15 a\u00f1os. \u00bfQu\u00e9 significan los 15 a\u00f1os de un hecho pol\u00edtico y cultural significativo como la creaci\u00f3n de un Programa Nacional?","og_url":"https:\/\/diariofemenino.com.ar\/df\/la-esi-cumplio-15-anos\/","og_site_name":"Diario Digital Femenino","article_publisher":"https:\/\/www.facebook.com\/DiarioDigitaFemenino\/","article_published_time":"2021-10-07T14:20:53+00:00","og_image":[{"width":512,"height":512,"url":"https:\/\/diariofemenino.com.ar\/df\/wp-content\/uploads\/2021\/10\/Tenemos-derecho-a-2.jpg","type":"image\/jpeg"}],"author":"Admin","twitter_card":"summary_large_image","twitter_creator":"@DiarioFemenino1","twitter_site":"@DiarioFemenino1","twitter_misc":{"Escrito por":"Admin","Tiempo de lectura":"5 minutos"},"schema":{"@context":"https:\/\/schema.org","@graph":[{"@type":"Article","@id":"https:\/\/diariofemenino.com.ar\/df\/la-esi-cumplio-15-anos\/#article","isPartOf":{"@id":"https:\/\/diariofemenino.com.ar\/df\/la-esi-cumplio-15-anos\/"},"author":{"name":"Admin","@id":"https:\/\/diariofemenino.com.ar\/df\/#\/schema\/person\/bf6199e8158c657ea6f789b11ec85509"},"headline":"La ESI cumpli\u00f3 15 a\u00f1os","datePublished":"2021-10-07T14:20:53+00:00","mainEntityOfPage":{"@id":"https:\/\/diariofemenino.com.ar\/df\/la-esi-cumplio-15-anos\/"},"wordCount":919,"commentCount":1,"publisher":{"@id":"https:\/\/diariofemenino.com.ar\/df\/#organization"},"image":{"@id":"https:\/\/diariofemenino.com.ar\/df\/la-esi-cumplio-15-anos\/#primaryimage"},"thumbnailUrl":"https:\/\/diariofemenino.com.ar\/df\/wp-content\/uploads\/2021\/10\/Tenemos-derecho-a-2.jpg","keywords":["15 a\u00f1os","De ESI s\u00ed se habla","Destacada","Educaci\u00f3n Sexual Integral","ESI","Mar\u00eda In\u00e9s Alvarado"],"articleSection":["Art\u00edculos y Comunicados","Azul Profundo","De ESI S\u00ed Se Habla","De la Revoluci\u00f3n al Reaprendizaje","Noticias","Salud"],"inLanguage":"es","potentialAction":[{"@type":"CommentAction","name":"Comment","target":["https:\/\/diariofemenino.com.ar\/df\/la-esi-cumplio-15-anos\/#respond"]}]},{"@type":"WebPage","@id":"https:\/\/diariofemenino.com.ar\/df\/la-esi-cumplio-15-anos\/","url":"https:\/\/diariofemenino.com.ar\/df\/la-esi-cumplio-15-anos\/","name":"La ESI cumpli\u00f3 15 a\u00f1os - Diario Digital Femenino","isPartOf":{"@id":"https:\/\/diariofemenino.com.ar\/df\/#website"},"primaryImageOfPage":{"@id":"https:\/\/diariofemenino.com.ar\/df\/la-esi-cumplio-15-anos\/#primaryimage"},"image":{"@id":"https:\/\/diariofemenino.com.ar\/df\/la-esi-cumplio-15-anos\/#primaryimage"},"thumbnailUrl":"https:\/\/diariofemenino.com.ar\/df\/wp-content\/uploads\/2021\/10\/Tenemos-derecho-a-2.jpg","datePublished":"2021-10-07T14:20:53+00:00","description":"La ESI cumpli\u00f3 15 a\u00f1os. \u00bfQu\u00e9 significan los 15 a\u00f1os de un hecho pol\u00edtico y cultural significativo como la creaci\u00f3n de un Programa Nacional?","breadcrumb":{"@id":"https:\/\/diariofemenino.com.ar\/df\/la-esi-cumplio-15-anos\/#breadcrumb"},"inLanguage":"es","potentialAction":[{"@type":"ReadAction","target":["https:\/\/diariofemenino.com.ar\/df\/la-esi-cumplio-15-anos\/"]}]},{"@type":"ImageObject","inLanguage":"es","@id":"https:\/\/diariofemenino.com.ar\/df\/la-esi-cumplio-15-anos\/#primaryimage","url":"https:\/\/diariofemenino.com.ar\/df\/wp-content\/uploads\/2021\/10\/Tenemos-derecho-a-2.jpg","contentUrl":"https:\/\/diariofemenino.com.ar\/df\/wp-content\/uploads\/2021\/10\/Tenemos-derecho-a-2.jpg","width":512,"height":512,"caption":"La ESI cumpli\u00f3 15 a\u00f1os"},{"@type":"BreadcrumbList","@id":"https:\/\/diariofemenino.com.ar\/df\/la-esi-cumplio-15-anos\/#breadcrumb","itemListElement":[{"@type":"ListItem","position":1,"name":"Portada","item":"https:\/\/diariofemenino.com.ar\/df\/"},{"@type":"ListItem","position":2,"name":"La ESI cumpli\u00f3 15 a\u00f1os"}]},{"@type":"WebSite","@id":"https:\/\/diariofemenino.com.ar\/df\/#website","url":"https:\/\/diariofemenino.com.ar\/df\/","name":"Diario Digital Femenino","description":"Cuesti\u00f3n de G\u00e9nero","publisher":{"@id":"https:\/\/diariofemenino.com.ar\/df\/#organization"},"potentialAction":[{"@type":"SearchAction","target":{"@type":"EntryPoint","urlTemplate":"https:\/\/diariofemenino.com.ar\/df\/?s={search_term_string}"},"query-input":{"@type":"PropertyValueSpecification","valueRequired":true,"valueName":"search_term_string"}}],"inLanguage":"es"},{"@type":"Organization","@id":"https:\/\/diariofemenino.com.ar\/df\/#organization","name":"Diario Femenino","url":"https:\/\/diariofemenino.com.ar\/df\/","logo":{"@type":"ImageObject","inLanguage":"es","@id":"https:\/\/diariofemenino.com.ar\/df\/#\/schema\/logo\/image\/","url":"https:\/\/diariofemenino.com.ar\/df\/wp-content\/uploads\/2018\/10\/logo.png","contentUrl":"https:\/\/diariofemenino.com.ar\/df\/wp-content\/uploads\/2018\/10\/logo.png","width":500,"height":92,"caption":"Diario Femenino"},"image":{"@id":"https:\/\/diariofemenino.com.ar\/df\/#\/schema\/logo\/image\/"},"sameAs":["https:\/\/www.facebook.com\/DiarioDigitaFemenino\/","https:\/\/x.com\/DiarioFemenino1"]},{"@type":"Person","@id":"https:\/\/diariofemenino.com.ar\/df\/#\/schema\/person\/bf6199e8158c657ea6f789b11ec85509","name":"Admin","image":{"@type":"ImageObject","inLanguage":"es","@id":"https:\/\/diariofemenino.com.ar\/df\/wp-content\/uploads\/2018\/12\/favicon-150x150.jpg","url":"https:\/\/diariofemenino.com.ar\/df\/wp-content\/uploads\/2018\/12\/favicon-150x150.jpg","contentUrl":"https:\/\/diariofemenino.com.ar\/df\/wp-content\/uploads\/2018\/12\/favicon-150x150.jpg","caption":"Admin"},"url":"https:\/\/diariofemenino.com.ar\/df\/author\/lenny\/"}]}},"jetpack_featured_media_url":"https:\/\/diariofemenino.com.ar\/df\/wp-content\/uploads\/2021\/10\/Tenemos-derecho-a-2.jpg","jetpack_sharing_enabled":true,"rttpg_featured_image_url":{"full":["https:\/\/diariofemenino.com.ar\/df\/wp-content\/uploads\/2021\/10\/Tenemos-derecho-a-2.jpg",512,512,false],"landscape":["https:\/\/diariofemenino.com.ar\/df\/wp-content\/uploads\/2021\/10\/Tenemos-derecho-a-2.jpg",512,512,false],"portraits":["https:\/\/diariofemenino.com.ar\/df\/wp-content\/uploads\/2021\/10\/Tenemos-derecho-a-2.jpg",512,512,false],"thumbnail":["https:\/\/diariofemenino.com.ar\/df\/wp-content\/uploads\/2021\/10\/Tenemos-derecho-a-2-150x150.jpg",150,150,true],"medium":["https:\/\/diariofemenino.com.ar\/df\/wp-content\/uploads\/2021\/10\/Tenemos-derecho-a-2-300x300.jpg",300,300,true],"large":["https:\/\/diariofemenino.com.ar\/df\/wp-content\/uploads\/2021\/10\/Tenemos-derecho-a-2.jpg",512,512,false],"1536x1536":["https:\/\/diariofemenino.com.ar\/df\/wp-content\/uploads\/2021\/10\/Tenemos-derecho-a-2.jpg",512,512,false],"2048x2048":["https:\/\/diariofemenino.com.ar\/df\/wp-content\/uploads\/2021\/10\/Tenemos-derecho-a-2.jpg",512,512,false]},"rttpg_author":{"display_name":"Admin","author_link":"https:\/\/diariofemenino.com.ar\/df\/author\/lenny\/"},"rttpg_comment":1,"rttpg_category":"<a href=\"https:\/\/diariofemenino.com.ar\/df\/category\/articulos-y-comunicados\/\" rel=\"category tag\">Art\u00edculos y Comunicados<\/a> <a href=\"https:\/\/diariofemenino.com.ar\/df\/category\/azul-profundo\/\" rel=\"category tag\">Azul Profundo<\/a> <a href=\"https:\/\/diariofemenino.com.ar\/df\/category\/de-esi-si-se-habla\/\" rel=\"category tag\">De ESI S\u00ed Se Habla<\/a> <a href=\"https:\/\/diariofemenino.com.ar\/df\/category\/de-la-revolucion-al-reaprendizaje\/\" rel=\"category tag\">De la Revoluci\u00f3n al Reaprendizaje<\/a> <a href=\"https:\/\/diariofemenino.com.ar\/df\/category\/noticias\/\" rel=\"category tag\">Noticias<\/a> <a href=\"https:\/\/diariofemenino.com.ar\/df\/category\/salud\/\" rel=\"category tag\">Salud<\/a>","rttpg_excerpt":"Este 4 de octubre \u00faltimo, la Ley 26150 de Educaci\u00f3n Sexual Integral, cumpli\u00f3 15 a\u00f1os de su sanci\u00f3n en aquella primavera de 2006.\u00a0\u00bfQu\u00e9 significan los 15 a\u00f1os de un hecho pol\u00edtico y cultural significativo como la creaci\u00f3n de un Programa Nacional? \u00bfSe la puede evaluar como una experiencia que alcanza la mayor\u00eda de edad? \u00bfO&hellip;","_links":{"self":[{"href":"https:\/\/diariofemenino.com.ar\/df\/wp-json\/wp\/v2\/posts\/61469","targetHints":{"allow":["GET"]}}],"collection":[{"href":"https:\/\/diariofemenino.com.ar\/df\/wp-json\/wp\/v2\/posts"}],"about":[{"href":"https:\/\/diariofemenino.com.ar\/df\/wp-json\/wp\/v2\/types\/post"}],"author":[{"embeddable":true,"href":"https:\/\/diariofemenino.com.ar\/df\/wp-json\/wp\/v2\/users\/4"}],"replies":[{"embeddable":true,"href":"https:\/\/diariofemenino.com.ar\/df\/wp-json\/wp\/v2\/comments?post=61469"}],"version-history":[{"count":0,"href":"https:\/\/diariofemenino.com.ar\/df\/wp-json\/wp\/v2\/posts\/61469\/revisions"}],"wp:featuredmedia":[{"embeddable":true,"href":"https:\/\/diariofemenino.com.ar\/df\/wp-json\/wp\/v2\/media\/61477"}],"wp:attachment":[{"href":"https:\/\/diariofemenino.com.ar\/df\/wp-json\/wp\/v2\/media?parent=61469"}],"wp:term":[{"taxonomy":"category","embeddable":true,"href":"https:\/\/diariofemenino.com.ar\/df\/wp-json\/wp\/v2\/categories?post=61469"},{"taxonomy":"post_tag","embeddable":true,"href":"https:\/\/diariofemenino.com.ar\/df\/wp-json\/wp\/v2\/tags?post=61469"}],"curies":[{"name":"wp","href":"https:\/\/api.w.org\/{rel}","templated":true}]}}