{"id":61163,"date":"2021-09-24T05:47:50","date_gmt":"2021-09-24T08:47:50","guid":{"rendered":"https:\/\/diariofemenino.com.ar\/df\/?p=61163"},"modified":"2021-09-24T06:45:55","modified_gmt":"2021-09-24T09:45:55","slug":"laura-navarro-sindicalismo-feminista-en-mendoza","status":"publish","type":"post","link":"https:\/\/diariofemenino.com.ar\/df\/laura-navarro-sindicalismo-feminista-en-mendoza\/","title":{"rendered":"Laura Navarro: sindicalismo feminista en Mendoza"},"content":{"rendered":"<p>Comenz\u00f3 en el sindicalismo muy joven de la mano del hartazgo por la precarizaci\u00f3n laboral. Con solo 27 a\u00f1os y 10 de antig\u00fcedad como vendedora de un sistema de cable a trav\u00e9s de un call center en Mendoza, qued\u00f3 efectiva y con acceso a sus derechos laborales gracias a la gesti\u00f3n de encuadre del Sindicato Argentino de Televisi\u00f3n (SATSAID) que adem\u00e1s le ofreci\u00f3 ser delegada de personal. <em>\u201cAcept\u00e9 por una cuesti\u00f3n de lealtad con quienes me hab\u00edan dado la posibilidad de vivir mejor. La invitaci\u00f3n fue simple: te copas con hacer por otros y otras compa\u00f1eras lo que se hizo por vos y tu familia?\u201d,<\/em> nos cuenta Laura Navarro, una de las sindicalistas feministas con mayor proyecci\u00f3n de su provincia. No solo hizo carrera en el gremio como delegada de base, Secretaria de Mujer y Familia y actual Secretaria Gremial, sino que tambi\u00e9n sum\u00f3 a su militancia laboral la militancia pol\u00edtica que la llevo a ser candidata a senadora provincial por el Frente de Todos en 2019. \u00a0El pasado 8 de mayo la legislatura provincial la distingui\u00f3 con un reconocimiento al aporte y a la trayectoria como mujer sindicalista mendocina junto a la compa\u00f1era Elena Ram\u00edrez, trabajadora docente y dirigente hist\u00f3rica del Sindicato Unido de Trabajadores de la Educaci\u00f3n (SUTE).<\/p>\n<figure id=\"attachment_61165\" aria-describedby=\"caption-attachment-61165\" style=\"width: 1024px\" class=\"wp-caption aligncenter\"><img loading=\"lazy\" decoding=\"async\" class=\"size-large wp-image-61165\" src=\"https:\/\/diariofemenino.com.ar\/df\/wp-content\/uploads\/2021\/09\/lau-navarro-1024x498.jpg\" alt=\"Laura Navarro: sindicalismo feminista en Mendoza\" width=\"1024\" height=\"498\" srcset=\"https:\/\/diariofemenino.com.ar\/df\/wp-content\/uploads\/2021\/09\/lau-navarro-1024x498.jpg 1024w, https:\/\/diariofemenino.com.ar\/df\/wp-content\/uploads\/2021\/09\/lau-navarro-300x146.jpg 300w, https:\/\/diariofemenino.com.ar\/df\/wp-content\/uploads\/2021\/09\/lau-navarro-768x373.jpg 768w, https:\/\/diariofemenino.com.ar\/df\/wp-content\/uploads\/2021\/09\/lau-navarro.jpg 1280w\" sizes=\"auto, (max-width: 1024px) 100vw, 1024px\" \/><figcaption id=\"caption-attachment-61165\" class=\"wp-caption-text\">Laura Navarro: sindicalismo feminista en Mendoza<\/figcaption><\/figure>\n<p>Por\u00a0<a href=\"https:\/\/diariofemenino.com.ar\/df\/?s=Alejandra+Benaglia\">Alejandra Benaglia<\/a>*<\/p>\n<audio class=\"wp-audio-shortcode\" id=\"audio-61163-1\" preload=\"none\" style=\"width: 100%;\" controls=\"controls\"><source type=\"audio\/mpeg\" src=\"https:\/\/diariofemenino.com.ar\/df\/wp-content\/uploads\/2021\/09\/Nota-Laura-Navarro.mp3?_=1\" \/><a href=\"https:\/\/diariofemenino.com.ar\/df\/wp-content\/uploads\/2021\/09\/Nota-Laura-Navarro.mp3\">https:\/\/diariofemenino.com.ar\/df\/wp-content\/uploads\/2021\/09\/Nota-Laura-Navarro.mp3<\/a><\/audio>\n<p>Escucha la entrevista en la voz de Ale Benaglia<\/p>\n<p><strong>-\u00bfEl sindicalismo mendocino tiene alguna caracter\u00edstica que lo diferencia del nacional?<\/strong><\/p>\n<p><em>-Creo que sigue la misma l\u00f3gica que el resto del pa\u00eds en cuanto a la conformaci\u00f3n y estructuras de las centrales obreras. Sin embargo estos \u00faltimos\u00a0 6 a\u00f1os, durante la gesti\u00f3n de Alfredo Cornejo y ahora de Rodolfo Suarez -ambos de Cambiemos y con Mendoza como laboratorio de ensayo de las peores pol\u00edticas de ajuste y los peores indicadores socioecon\u00f3micos-\u00a0 he visto m\u00e1s unidad y movilizaci\u00f3n en las calles acompa\u00f1ando diferentes luchas y resistencias.<\/em><\/p>\n<p><strong>-Como llegas al sindicalismo y que cargos has ido ocupando en el gremio<\/strong><\/p>\n<p><em>-Trabajaba en un call center como vendedora del servicio de cable, despu\u00e9s pase a una oficina comercial en el \u00e1rea de backoffice y ah\u00ed llego la propuesta de ser delegada de personal del sector y acept\u00e9. Luego me sume al desaf\u00edo de conducir la Secretaria de la Mujer y la Familia, llevando adelante toda la parte de acci\u00f3n social junto a un hermoso equipo de compa\u00f1eras que se fueron sumando e impregnando de perspectiva de g\u00e9nero cada acci\u00f3n pol\u00edtica que se llevaba adelante desde el sindicato. En este mandato que est\u00e1 en curso, asum\u00ed como Secretaria Gremial de la seccional, un enorme desaf\u00edo porque este es un sindicato donde el 90% de nuestros representados son varones.\u00a0 A mis compa\u00f1eros de conducci\u00f3n no les import\u00f3 el g\u00e9nero sino el trabajo, la constancia y el compromiso, y pude as\u00ed participar en espacios de decisi\u00f3n desde donde emanan las pol\u00edticas que se dise\u00f1an para mejorar la vida de nuestros compa\u00f1eros y compa\u00f1eras. Esta Secretar\u00eda es la que m\u00e1s me gusta, amo la asamblea, la negociaci\u00f3n colectiva, discutir con las patronales\u00a0 y tambi\u00e9n resistir en \u00e9pocas m\u00e1s duras.<\/em><\/p>\n<p><strong><em>\u00a0<\/em><\/strong><strong>\u00bfLas mujeres mendocinas participan en el mundo gremial?<\/strong><\/p>\n<p><em>&#8211; Si, somos muchas las que, atravesadas por el feminismo y desde el primer Ni una menos, nos unimos en las calles, inclusive trascendiendo centrales obreras de base marchando juntas cada 8 de marzo, 3 de Junio o 25 de Noviembre bajo el lema #TrabajadorasSomosTodas. \u201cMUJERES SINDICALISTAS\u201d fue el movimiento que nos aglutino levantando, por primera vez las banderas de las trabajadoras en la calle porque en los otros espacios<\/em><em> no se hace eje en la mujer trabajadora, sino que se plantea el tema de la violencia de g\u00e9nero, pol\u00edticas p\u00fablicas y no del trabajo como el principal ordenador social<\/em><em>.<\/em><\/p>\n<figure id=\"attachment_61166\" aria-describedby=\"caption-attachment-61166\" style=\"width: 627px\" class=\"wp-caption aligncenter\"><img loading=\"lazy\" decoding=\"async\" class=\" wp-image-61166\" src=\"https:\/\/diariofemenino.com.ar\/df\/wp-content\/uploads\/2021\/09\/lau-navarro-2.jpg\" alt=\"Laura Navarro: sindicalismo feminista en Mendoza\" width=\"627\" height=\"471\" srcset=\"https:\/\/diariofemenino.com.ar\/df\/wp-content\/uploads\/2021\/09\/lau-navarro-2.jpg 960w, https:\/\/diariofemenino.com.ar\/df\/wp-content\/uploads\/2021\/09\/lau-navarro-2-300x225.jpg 300w, https:\/\/diariofemenino.com.ar\/df\/wp-content\/uploads\/2021\/09\/lau-navarro-2-768x577.jpg 768w\" sizes=\"auto, (max-width: 627px) 100vw, 627px\" \/><figcaption id=\"caption-attachment-61166\" class=\"wp-caption-text\">Laura Navarro: sindicalismo feminista en Mendoza<\/figcaption><\/figure>\n<p><strong>-Mujeres sindicalistas de la CFT en Mendoza se crea en octubre del 2017, \u00bfcu\u00e1les fueron los principales objetivos?<\/strong><\/p>\n<p><em>-Mujeres Sindicalistas en Mendoza se gest\u00f3 en la etapa de resistencia al macrismo. Una \u00e9poca muy dura donde salimos a bancar en las calles fuertemente articulando con otros espacios sindicales como la CTA de los trabajadores, la CTA aut\u00f3noma, y las organizaciones sociales que representan a las trabajadoras de la econom\u00eda popular. Nuestros objetivos como espacio pol\u00edtico dentro de la Corriente Federal, los pudieron visibilizar las compa\u00f1eras de la mesa nacional a trav\u00e9s de los cuadernillos de formaci\u00f3n que son la s\u00edntesis de nuestro recorrido pol\u00edtico. El primero fue para mostrar la brecha salarial, la segregaci\u00f3n ocupacional, la inequidad en el acceso a la participaci\u00f3n sindical y pol\u00edtica, logramos identificar lo que \u00edbamos viendo que surg\u00eda como impedimento para la participaci\u00f3n plena en el mundo del trabajo. Luego vino un trabajo muy fuerte orientado a como las compa\u00f1eras tejemos lazos y nos organizamos, y el m\u00e1s reciente fue abordar fuertemente el trabajo de cuidados. Desde mujeres sindicalistas instalamos las banderas, establecemos agenda y vamos avanzando. En lo personal me enamore del espacio, la combinaci\u00f3n de sindicalismo y feminismo fue lo que hizo que me hiciera parte del proyecto y del espacio en mi provincia.<\/em><\/p>\n<p><strong>-\u00bfCreci\u00f3 la participaci\u00f3n de las mujeres? \u00bfCu\u00e1les son las principales demandas que realizan?<\/strong><\/p>\n<p><em>-La participaci\u00f3n ha crecido notoriamente los \u00faltimos a\u00f1os pero tuvo que ver con la d\u00e9cada ganada de los gobiernos de N\u00e9stor y Cristina Kirchner donde muchas pudimos ingresar al mundo del trabajo formal. La representaci\u00f3n sindical femenina est\u00e1 estrechamente ligada a las bases, pero en las actividades hist\u00f3ricamente masculinas es m\u00e1s complejo porque no basta con la voluntad pol\u00edtica de sumar compa\u00f1eras sino que hace falta que m\u00e1s mujeres puedan desempe\u00f1arse en estos roles que, en su mayor\u00eda, est\u00e1n mejor remunerados. Tenemos sindicatos con una gran base de mujeres que tienen poca o ninguna representaci\u00f3n femenina en las conducciones y eso tambi\u00e9n tiene que ver con el tiempo que las mujeres podemos dedicarle a la militancia sindical: para nosotras es una tercera jornada laboral y eso es muy complejo sino se reconoce el trabajo de cuidados como trabajo no remunerado que hacemos las mujeres.<\/em><\/p>\n<p><strong>-El Sindicato de Televisi\u00f3n, seccional Mendoza firm\u00f3 con <a href=\"https:\/\/www.elsietetv.com.ar\/\">CANAL 7<\/a> y con Supercanal la Licencia por violencia de g\u00e9nero. \u00bfC\u00f3mo se origina la propuesta? <\/strong><\/p>\n<p><em>-La licencia surge de la necesidad de las mujeres trabajadoras. Como dijo Evita \u201cDonde hay una necesidad nace un derecho\u201d y as\u00ed se concreto; estamos luchando para que sea reconocida en todas las empresas y canales del pa\u00eds. Hasta ahora las mujeres que estaban en situaci\u00f3n de violencia dom\u00e9stica deb\u00edan disfrazar su tremenda circunstancia para justificar la ausencia en el trabajo con todo lo que conlleva transitar ese proceso. Como garantes de derechos, las organizaciones sindicales levantamos esa demanda buscando contribuir a la erradicaci\u00f3n de la violencia por razones de g\u00e9nero.\u00a0 Acompa\u00f1amos activando un protocolo, d\u00e1ndole la tranquilidad a esa trabajadora de la intangibilidad de su salari<\/em><em>o,\u00a0 brindando el tiempo necesario para las acciones derivadas del caso (preventivas, legales, judiciales, psicol\u00f3gicas, etc.<\/em><em>) y protegi\u00e9ndola de la re-victimizaci\u00f3n respetando los principios b\u00e1sicos en la materia<\/em><em>. <\/em><em>,<\/em><em> Es generar conciencia y visibilidad sobre la problem\u00e1tica<\/em><em>. Este recorrido fue encabezado por la Secretaria de la Mujer a nivel nacional y as\u00ed desde las seccionales vamos empujando para poder firmarlo con todas las empresas y canales.<br \/>\n<\/em><\/p>\n<p>Como parte de su crecimiento personal y pol\u00edtico Laura Navarro, que adem\u00e1s es jefa de hogar y madre de dos ni\u00f1es, se encuentra cursando los \u00faltimos a\u00f1os de la carrera de Derecho. <em>\u201cQuiero ser abogada porque me ayuda a perfeccionarme y a mejorar mi labor gremial, pero b\u00e1sicamente porque es algo que me apasiona.\u201d<\/em><\/p>\n<p>As\u00ed como son pocas las mujeres al frente de secretarias generales a nivel nacional tambi\u00e9n lo son las secretarias gremiales, es por eso que la funci\u00f3n de Navarro es ese cargo abre un camino para la presencia de otras mujeres y diversidades en puestos de decisi\u00f3n. <em>\u201c<\/em><em>Hoy mi compromiso con la Secretar\u00eda Gremial es absoluto. Trabajamos \u00a0en el relevamiento de las empresas de Internet para encuadrarlas en los convenios y ampliar la base de representaci\u00f3n sindical. Vinculado al g\u00e9nero, nos encontramos dise\u00f1ando una bolsa de trabajo espec\u00edfica para mujeres para que puedan desarrollarse en las \u00e1reas t\u00e9cnicas de las compa\u00f1\u00edas. En cuanto a lo refiere a canales de aire estamos participamos en todo el proceso de los proyectos que son para concursos, series para plataformas multinacionales y presionando en la paridad en todos los roles. Recientemente se grab\u00f3 la pel\u00edcula de la Vendimia Audiovisual donde se contrataron m\u00e1s de 150 t\u00e9cnicos y t\u00e9cnicas mendocinas que despu\u00e9s de haber estado un a\u00f1o en pandemia y con una situaci\u00f3n muy cr\u00edtica, tuvieron un mes completo de trabajo. Tambi\u00e9n participamos como provincia en una serie para <a href=\"http:\/\/www.pakapaka.gob.ar\/\">Paka Paka<\/a> y por ultimo en una tira para Amazon encabezada por una conocida productora que cumpli\u00f3 con la paridad del 50% en la t\u00e9cnica. Mi objetivo principal es lograr transversalizar con perspectiva de g\u00e9nero tanto los contenidos como la producci\u00f3n y para esto tenemos un equipazo con las 14 compa\u00f1eras que conforman la Comisi\u00f3n Cuerpo de Delegados y Delegadas con las que trabajamos en el territorio. Estoy convencida de que es la manera de \u00a0empezar a transformar las cosas.\u201d<\/em><\/p>\n<p>(*) Periodista feminista. Delegada sindical.\u00a0Columnista de\u00a0<a href=\"https:\/\/diariofemenino.com.ar\/\">Diario Digital Femenino<\/a><br \/>\n<a href=\"https:\/\/diariofemenino.com.ar\/df\/category\/mujeres-sindicalistas\/\">Mujeres Sindicalistas<\/a><br \/>\n<a href=\"mailto:alebenaglia@hotmail.com\">alebenaglia@hotmail.com<\/a><\/p>\n","protected":false},"excerpt":{"rendered":"<p>Comenz\u00f3 en el sindicalismo muy joven de la mano del hartazgo por la precarizaci\u00f3n laboral. Con solo 27 a\u00f1os y 10 de antig\u00fcedad como vendedora de un sistema de cable a trav\u00e9s de un call center en Mendoza, qued\u00f3 efectiva y con acceso a sus derechos laborales gracias a la gesti\u00f3n de encuadre del Sindicato [&hellip;]<\/p>\n","protected":false},"author":4,"featured_media":61167,"comment_status":"open","ping_status":"open","sticky":false,"template":"","format":"standard","meta":{"iawp_total_views":76,"footnotes":""},"categories":[1067,13,21],"tags":[4372,4827,870,611,1426,45],"class_list":["post-61163","post","type-post","status-publish","format-standard","has-post-thumbnail","hentry","category-agenda-feminista","category-mujeres-sindicalistas","category-noticias","tag-destacada","tag-laura-navarro","tag-mendoza","tag-mujeres-sindicalistas","tag-precarizacion-laboral","tag-trabajo"],"nelio_content":{"autoShareEndMode":"never","automationSources":{"useCustomSentences":false,"customSentences":[]},"efiAlt":"","efiUrl":"","followers":[4],"highlights":[],"isAutoShareEnabled":true,"networkImageIds":[],"permalinkQueryArgs":[],"series":[],"suggestedReferences":[]},"yoast_head":"<!-- This site is optimized with the Yoast SEO plugin v27.5 - https:\/\/yoast.com\/product\/yoast-seo-wordpress\/ -->\n<title>Laura Navarro: sindicalismo feminista en Mendoza - Diario Digital Femenino<\/title>\n<meta name=\"description\" content=\"Laura Navarro comenz\u00f3 en el sindicalismo muy joven de la mano del hartazgo por la precarizaci\u00f3n laboral. Entrevista de Ale Benaglia\" \/>\n<meta name=\"robots\" content=\"index, follow, max-snippet:-1, max-image-preview:large, max-video-preview:-1\" \/>\n<link rel=\"canonical\" href=\"https:\/\/diariofemenino.com.ar\/df\/laura-navarro-sindicalismo-feminista-en-mendoza\/\" \/>\n<meta property=\"og:locale\" content=\"es_ES\" \/>\n<meta property=\"og:type\" content=\"article\" \/>\n<meta property=\"og:title\" content=\"Laura Navarro: sindicalismo feminista en Mendoza - Diario Digital Femenino\" \/>\n<meta property=\"og:description\" content=\"Laura Navarro comenz\u00f3 en el sindicalismo muy joven de la mano del hartazgo por la precarizaci\u00f3n laboral. Entrevista de Ale Benaglia\" \/>\n<meta property=\"og:url\" content=\"https:\/\/diariofemenino.com.ar\/df\/laura-navarro-sindicalismo-feminista-en-mendoza\/\" \/>\n<meta property=\"og:site_name\" content=\"Diario Digital Femenino\" \/>\n<meta property=\"article:publisher\" content=\"https:\/\/www.facebook.com\/DiarioDigitaFemenino\/\" \/>\n<meta property=\"article:published_time\" content=\"2021-09-24T08:47:50+00:00\" \/>\n<meta property=\"article:modified_time\" content=\"2021-09-24T09:45:55+00:00\" \/>\n<meta property=\"og:image\" content=\"https:\/\/diariofemenino.com.ar\/df\/wp-content\/uploads\/2021\/09\/lau-navarro-3.jpg\" \/>\n\t<meta property=\"og:image:width\" content=\"1440\" \/>\n\t<meta property=\"og:image:height\" content=\"1080\" \/>\n\t<meta property=\"og:image:type\" content=\"image\/jpeg\" \/>\n<meta name=\"author\" content=\"Admin\" \/>\n<meta name=\"twitter:card\" content=\"summary_large_image\" \/>\n<meta name=\"twitter:creator\" content=\"@DiarioFemenino1\" \/>\n<meta name=\"twitter:site\" content=\"@DiarioFemenino1\" \/>\n<meta name=\"twitter:label1\" content=\"Escrito por\" \/>\n\t<meta name=\"twitter:data1\" content=\"Admin\" \/>\n\t<meta name=\"twitter:label2\" content=\"Tiempo de lectura\" \/>\n\t<meta name=\"twitter:data2\" content=\"8 minutos\" \/>\n<script type=\"application\/ld+json\" class=\"yoast-schema-graph\">{\"@context\":\"https:\\\/\\\/schema.org\",\"@graph\":[{\"@type\":\"Article\",\"@id\":\"https:\\\/\\\/diariofemenino.com.ar\\\/df\\\/laura-navarro-sindicalismo-feminista-en-mendoza\\\/#article\",\"isPartOf\":{\"@id\":\"https:\\\/\\\/diariofemenino.com.ar\\\/df\\\/laura-navarro-sindicalismo-feminista-en-mendoza\\\/\"},\"author\":{\"name\":\"Admin\",\"@id\":\"https:\\\/\\\/diariofemenino.com.ar\\\/df\\\/#\\\/schema\\\/person\\\/bf6199e8158c657ea6f789b11ec85509\"},\"headline\":\"Laura Navarro: sindicalismo feminista en Mendoza\",\"datePublished\":\"2021-09-24T08:47:50+00:00\",\"dateModified\":\"2021-09-24T09:45:55+00:00\",\"mainEntityOfPage\":{\"@id\":\"https:\\\/\\\/diariofemenino.com.ar\\\/df\\\/laura-navarro-sindicalismo-feminista-en-mendoza\\\/\"},\"wordCount\":1672,\"commentCount\":0,\"publisher\":{\"@id\":\"https:\\\/\\\/diariofemenino.com.ar\\\/df\\\/#organization\"},\"image\":{\"@id\":\"https:\\\/\\\/diariofemenino.com.ar\\\/df\\\/laura-navarro-sindicalismo-feminista-en-mendoza\\\/#primaryimage\"},\"thumbnailUrl\":\"https:\\\/\\\/diariofemenino.com.ar\\\/df\\\/wp-content\\\/uploads\\\/2021\\\/09\\\/lau-navarro-3.jpg\",\"keywords\":[\"Destacada\",\"Laura Navarro\",\"Mendoza\",\"Mujeres Sindicalistas\",\"precarizacion laboral\",\"Trabajo\"],\"articleSection\":[\"Agenda Feminista\",\"Mujeres Sindicalistas\",\"Noticias\"],\"inLanguage\":\"es\",\"potentialAction\":[{\"@type\":\"CommentAction\",\"name\":\"Comment\",\"target\":[\"https:\\\/\\\/diariofemenino.com.ar\\\/df\\\/laura-navarro-sindicalismo-feminista-en-mendoza\\\/#respond\"]}]},{\"@type\":\"WebPage\",\"@id\":\"https:\\\/\\\/diariofemenino.com.ar\\\/df\\\/laura-navarro-sindicalismo-feminista-en-mendoza\\\/\",\"url\":\"https:\\\/\\\/diariofemenino.com.ar\\\/df\\\/laura-navarro-sindicalismo-feminista-en-mendoza\\\/\",\"name\":\"Laura Navarro: sindicalismo feminista en Mendoza - Diario Digital Femenino\",\"isPartOf\":{\"@id\":\"https:\\\/\\\/diariofemenino.com.ar\\\/df\\\/#website\"},\"primaryImageOfPage\":{\"@id\":\"https:\\\/\\\/diariofemenino.com.ar\\\/df\\\/laura-navarro-sindicalismo-feminista-en-mendoza\\\/#primaryimage\"},\"image\":{\"@id\":\"https:\\\/\\\/diariofemenino.com.ar\\\/df\\\/laura-navarro-sindicalismo-feminista-en-mendoza\\\/#primaryimage\"},\"thumbnailUrl\":\"https:\\\/\\\/diariofemenino.com.ar\\\/df\\\/wp-content\\\/uploads\\\/2021\\\/09\\\/lau-navarro-3.jpg\",\"datePublished\":\"2021-09-24T08:47:50+00:00\",\"dateModified\":\"2021-09-24T09:45:55+00:00\",\"description\":\"Laura Navarro comenz\u00f3 en el sindicalismo muy joven de la mano del hartazgo por la precarizaci\u00f3n laboral. Entrevista de Ale Benaglia\",\"breadcrumb\":{\"@id\":\"https:\\\/\\\/diariofemenino.com.ar\\\/df\\\/laura-navarro-sindicalismo-feminista-en-mendoza\\\/#breadcrumb\"},\"inLanguage\":\"es\",\"potentialAction\":[{\"@type\":\"ReadAction\",\"target\":[\"https:\\\/\\\/diariofemenino.com.ar\\\/df\\\/laura-navarro-sindicalismo-feminista-en-mendoza\\\/\"]}]},{\"@type\":\"ImageObject\",\"inLanguage\":\"es\",\"@id\":\"https:\\\/\\\/diariofemenino.com.ar\\\/df\\\/laura-navarro-sindicalismo-feminista-en-mendoza\\\/#primaryimage\",\"url\":\"https:\\\/\\\/diariofemenino.com.ar\\\/df\\\/wp-content\\\/uploads\\\/2021\\\/09\\\/lau-navarro-3.jpg\",\"contentUrl\":\"https:\\\/\\\/diariofemenino.com.ar\\\/df\\\/wp-content\\\/uploads\\\/2021\\\/09\\\/lau-navarro-3.jpg\",\"width\":1440,\"height\":1080,\"caption\":\"Laura Navarro: sindicalismo feminista en Mendoza\"},{\"@type\":\"BreadcrumbList\",\"@id\":\"https:\\\/\\\/diariofemenino.com.ar\\\/df\\\/laura-navarro-sindicalismo-feminista-en-mendoza\\\/#breadcrumb\",\"itemListElement\":[{\"@type\":\"ListItem\",\"position\":1,\"name\":\"Portada\",\"item\":\"https:\\\/\\\/diariofemenino.com.ar\\\/df\\\/\"},{\"@type\":\"ListItem\",\"position\":2,\"name\":\"Laura Navarro: sindicalismo feminista en Mendoza\"}]},{\"@type\":\"WebSite\",\"@id\":\"https:\\\/\\\/diariofemenino.com.ar\\\/df\\\/#website\",\"url\":\"https:\\\/\\\/diariofemenino.com.ar\\\/df\\\/\",\"name\":\"Diario Digital Femenino\",\"description\":\"Cuesti\u00f3n de G\u00e9nero\",\"publisher\":{\"@id\":\"https:\\\/\\\/diariofemenino.com.ar\\\/df\\\/#organization\"},\"potentialAction\":[{\"@type\":\"SearchAction\",\"target\":{\"@type\":\"EntryPoint\",\"urlTemplate\":\"https:\\\/\\\/diariofemenino.com.ar\\\/df\\\/?s={search_term_string}\"},\"query-input\":{\"@type\":\"PropertyValueSpecification\",\"valueRequired\":true,\"valueName\":\"search_term_string\"}}],\"inLanguage\":\"es\"},{\"@type\":\"Organization\",\"@id\":\"https:\\\/\\\/diariofemenino.com.ar\\\/df\\\/#organization\",\"name\":\"Diario Femenino\",\"url\":\"https:\\\/\\\/diariofemenino.com.ar\\\/df\\\/\",\"logo\":{\"@type\":\"ImageObject\",\"inLanguage\":\"es\",\"@id\":\"https:\\\/\\\/diariofemenino.com.ar\\\/df\\\/#\\\/schema\\\/logo\\\/image\\\/\",\"url\":\"https:\\\/\\\/diariofemenino.com.ar\\\/df\\\/wp-content\\\/uploads\\\/2018\\\/10\\\/logo.png\",\"contentUrl\":\"https:\\\/\\\/diariofemenino.com.ar\\\/df\\\/wp-content\\\/uploads\\\/2018\\\/10\\\/logo.png\",\"width\":500,\"height\":92,\"caption\":\"Diario Femenino\"},\"image\":{\"@id\":\"https:\\\/\\\/diariofemenino.com.ar\\\/df\\\/#\\\/schema\\\/logo\\\/image\\\/\"},\"sameAs\":[\"https:\\\/\\\/www.facebook.com\\\/DiarioDigitaFemenino\\\/\",\"https:\\\/\\\/x.com\\\/DiarioFemenino1\"]},{\"@type\":\"Person\",\"@id\":\"https:\\\/\\\/diariofemenino.com.ar\\\/df\\\/#\\\/schema\\\/person\\\/bf6199e8158c657ea6f789b11ec85509\",\"name\":\"Admin\",\"image\":{\"@type\":\"ImageObject\",\"inLanguage\":\"es\",\"@id\":\"https:\\\/\\\/diariofemenino.com.ar\\\/df\\\/wp-content\\\/uploads\\\/2018\\\/12\\\/favicon-150x150.jpg\",\"url\":\"https:\\\/\\\/diariofemenino.com.ar\\\/df\\\/wp-content\\\/uploads\\\/2018\\\/12\\\/favicon-150x150.jpg\",\"contentUrl\":\"https:\\\/\\\/diariofemenino.com.ar\\\/df\\\/wp-content\\\/uploads\\\/2018\\\/12\\\/favicon-150x150.jpg\",\"caption\":\"Admin\"},\"url\":\"https:\\\/\\\/diariofemenino.com.ar\\\/df\\\/author\\\/lenny\\\/\"}]}<\/script>\n<!-- \/ Yoast SEO plugin. -->","yoast_head_json":{"title":"Laura Navarro: sindicalismo feminista en Mendoza - Diario Digital Femenino","description":"Laura Navarro comenz\u00f3 en el sindicalismo muy joven de la mano del hartazgo por la precarizaci\u00f3n laboral. Entrevista de Ale Benaglia","robots":{"index":"index","follow":"follow","max-snippet":"max-snippet:-1","max-image-preview":"max-image-preview:large","max-video-preview":"max-video-preview:-1"},"canonical":"https:\/\/diariofemenino.com.ar\/df\/laura-navarro-sindicalismo-feminista-en-mendoza\/","og_locale":"es_ES","og_type":"article","og_title":"Laura Navarro: sindicalismo feminista en Mendoza - Diario Digital Femenino","og_description":"Laura Navarro comenz\u00f3 en el sindicalismo muy joven de la mano del hartazgo por la precarizaci\u00f3n laboral. Entrevista de Ale Benaglia","og_url":"https:\/\/diariofemenino.com.ar\/df\/laura-navarro-sindicalismo-feminista-en-mendoza\/","og_site_name":"Diario Digital Femenino","article_publisher":"https:\/\/www.facebook.com\/DiarioDigitaFemenino\/","article_published_time":"2021-09-24T08:47:50+00:00","article_modified_time":"2021-09-24T09:45:55+00:00","og_image":[{"width":1440,"height":1080,"url":"https:\/\/diariofemenino.com.ar\/df\/wp-content\/uploads\/2021\/09\/lau-navarro-3.jpg","type":"image\/jpeg"}],"author":"Admin","twitter_card":"summary_large_image","twitter_creator":"@DiarioFemenino1","twitter_site":"@DiarioFemenino1","twitter_misc":{"Escrito por":"Admin","Tiempo de lectura":"8 minutos"},"schema":{"@context":"https:\/\/schema.org","@graph":[{"@type":"Article","@id":"https:\/\/diariofemenino.com.ar\/df\/laura-navarro-sindicalismo-feminista-en-mendoza\/#article","isPartOf":{"@id":"https:\/\/diariofemenino.com.ar\/df\/laura-navarro-sindicalismo-feminista-en-mendoza\/"},"author":{"name":"Admin","@id":"https:\/\/diariofemenino.com.ar\/df\/#\/schema\/person\/bf6199e8158c657ea6f789b11ec85509"},"headline":"Laura Navarro: sindicalismo feminista en Mendoza","datePublished":"2021-09-24T08:47:50+00:00","dateModified":"2021-09-24T09:45:55+00:00","mainEntityOfPage":{"@id":"https:\/\/diariofemenino.com.ar\/df\/laura-navarro-sindicalismo-feminista-en-mendoza\/"},"wordCount":1672,"commentCount":0,"publisher":{"@id":"https:\/\/diariofemenino.com.ar\/df\/#organization"},"image":{"@id":"https:\/\/diariofemenino.com.ar\/df\/laura-navarro-sindicalismo-feminista-en-mendoza\/#primaryimage"},"thumbnailUrl":"https:\/\/diariofemenino.com.ar\/df\/wp-content\/uploads\/2021\/09\/lau-navarro-3.jpg","keywords":["Destacada","Laura Navarro","Mendoza","Mujeres Sindicalistas","precarizacion laboral","Trabajo"],"articleSection":["Agenda Feminista","Mujeres Sindicalistas","Noticias"],"inLanguage":"es","potentialAction":[{"@type":"CommentAction","name":"Comment","target":["https:\/\/diariofemenino.com.ar\/df\/laura-navarro-sindicalismo-feminista-en-mendoza\/#respond"]}]},{"@type":"WebPage","@id":"https:\/\/diariofemenino.com.ar\/df\/laura-navarro-sindicalismo-feminista-en-mendoza\/","url":"https:\/\/diariofemenino.com.ar\/df\/laura-navarro-sindicalismo-feminista-en-mendoza\/","name":"Laura Navarro: sindicalismo feminista en Mendoza - Diario Digital Femenino","isPartOf":{"@id":"https:\/\/diariofemenino.com.ar\/df\/#website"},"primaryImageOfPage":{"@id":"https:\/\/diariofemenino.com.ar\/df\/laura-navarro-sindicalismo-feminista-en-mendoza\/#primaryimage"},"image":{"@id":"https:\/\/diariofemenino.com.ar\/df\/laura-navarro-sindicalismo-feminista-en-mendoza\/#primaryimage"},"thumbnailUrl":"https:\/\/diariofemenino.com.ar\/df\/wp-content\/uploads\/2021\/09\/lau-navarro-3.jpg","datePublished":"2021-09-24T08:47:50+00:00","dateModified":"2021-09-24T09:45:55+00:00","description":"Laura Navarro comenz\u00f3 en el sindicalismo muy joven de la mano del hartazgo por la precarizaci\u00f3n laboral. Entrevista de Ale Benaglia","breadcrumb":{"@id":"https:\/\/diariofemenino.com.ar\/df\/laura-navarro-sindicalismo-feminista-en-mendoza\/#breadcrumb"},"inLanguage":"es","potentialAction":[{"@type":"ReadAction","target":["https:\/\/diariofemenino.com.ar\/df\/laura-navarro-sindicalismo-feminista-en-mendoza\/"]}]},{"@type":"ImageObject","inLanguage":"es","@id":"https:\/\/diariofemenino.com.ar\/df\/laura-navarro-sindicalismo-feminista-en-mendoza\/#primaryimage","url":"https:\/\/diariofemenino.com.ar\/df\/wp-content\/uploads\/2021\/09\/lau-navarro-3.jpg","contentUrl":"https:\/\/diariofemenino.com.ar\/df\/wp-content\/uploads\/2021\/09\/lau-navarro-3.jpg","width":1440,"height":1080,"caption":"Laura Navarro: sindicalismo feminista en Mendoza"},{"@type":"BreadcrumbList","@id":"https:\/\/diariofemenino.com.ar\/df\/laura-navarro-sindicalismo-feminista-en-mendoza\/#breadcrumb","itemListElement":[{"@type":"ListItem","position":1,"name":"Portada","item":"https:\/\/diariofemenino.com.ar\/df\/"},{"@type":"ListItem","position":2,"name":"Laura Navarro: sindicalismo feminista en Mendoza"}]},{"@type":"WebSite","@id":"https:\/\/diariofemenino.com.ar\/df\/#website","url":"https:\/\/diariofemenino.com.ar\/df\/","name":"Diario Digital Femenino","description":"Cuesti\u00f3n de G\u00e9nero","publisher":{"@id":"https:\/\/diariofemenino.com.ar\/df\/#organization"},"potentialAction":[{"@type":"SearchAction","target":{"@type":"EntryPoint","urlTemplate":"https:\/\/diariofemenino.com.ar\/df\/?s={search_term_string}"},"query-input":{"@type":"PropertyValueSpecification","valueRequired":true,"valueName":"search_term_string"}}],"inLanguage":"es"},{"@type":"Organization","@id":"https:\/\/diariofemenino.com.ar\/df\/#organization","name":"Diario Femenino","url":"https:\/\/diariofemenino.com.ar\/df\/","logo":{"@type":"ImageObject","inLanguage":"es","@id":"https:\/\/diariofemenino.com.ar\/df\/#\/schema\/logo\/image\/","url":"https:\/\/diariofemenino.com.ar\/df\/wp-content\/uploads\/2018\/10\/logo.png","contentUrl":"https:\/\/diariofemenino.com.ar\/df\/wp-content\/uploads\/2018\/10\/logo.png","width":500,"height":92,"caption":"Diario Femenino"},"image":{"@id":"https:\/\/diariofemenino.com.ar\/df\/#\/schema\/logo\/image\/"},"sameAs":["https:\/\/www.facebook.com\/DiarioDigitaFemenino\/","https:\/\/x.com\/DiarioFemenino1"]},{"@type":"Person","@id":"https:\/\/diariofemenino.com.ar\/df\/#\/schema\/person\/bf6199e8158c657ea6f789b11ec85509","name":"Admin","image":{"@type":"ImageObject","inLanguage":"es","@id":"https:\/\/diariofemenino.com.ar\/df\/wp-content\/uploads\/2018\/12\/favicon-150x150.jpg","url":"https:\/\/diariofemenino.com.ar\/df\/wp-content\/uploads\/2018\/12\/favicon-150x150.jpg","contentUrl":"https:\/\/diariofemenino.com.ar\/df\/wp-content\/uploads\/2018\/12\/favicon-150x150.jpg","caption":"Admin"},"url":"https:\/\/diariofemenino.com.ar\/df\/author\/lenny\/"}]}},"jetpack_featured_media_url":"https:\/\/diariofemenino.com.ar\/df\/wp-content\/uploads\/2021\/09\/lau-navarro-3.jpg","jetpack_sharing_enabled":true,"rttpg_featured_image_url":{"full":["https:\/\/diariofemenino.com.ar\/df\/wp-content\/uploads\/2021\/09\/lau-navarro-3.jpg",1440,1080,false],"landscape":["https:\/\/diariofemenino.com.ar\/df\/wp-content\/uploads\/2021\/09\/lau-navarro-3.jpg",1440,1080,false],"portraits":["https:\/\/diariofemenino.com.ar\/df\/wp-content\/uploads\/2021\/09\/lau-navarro-3.jpg",1440,1080,false],"thumbnail":["https:\/\/diariofemenino.com.ar\/df\/wp-content\/uploads\/2021\/09\/lau-navarro-3-150x150.jpg",150,150,true],"medium":["https:\/\/diariofemenino.com.ar\/df\/wp-content\/uploads\/2021\/09\/lau-navarro-3-300x225.jpg",300,225,true],"large":["https:\/\/diariofemenino.com.ar\/df\/wp-content\/uploads\/2021\/09\/lau-navarro-3-1024x768.jpg",1024,768,true],"1536x1536":["https:\/\/diariofemenino.com.ar\/df\/wp-content\/uploads\/2021\/09\/lau-navarro-3.jpg",1440,1080,false],"2048x2048":["https:\/\/diariofemenino.com.ar\/df\/wp-content\/uploads\/2021\/09\/lau-navarro-3.jpg",1440,1080,false]},"rttpg_author":{"display_name":"Admin","author_link":"https:\/\/diariofemenino.com.ar\/df\/author\/lenny\/"},"rttpg_comment":0,"rttpg_category":"<a href=\"https:\/\/diariofemenino.com.ar\/df\/category\/agenda-feminista\/\" rel=\"category tag\">Agenda Feminista<\/a> <a href=\"https:\/\/diariofemenino.com.ar\/df\/category\/mujeres-sindicalistas\/\" rel=\"category tag\">Mujeres Sindicalistas<\/a> <a href=\"https:\/\/diariofemenino.com.ar\/df\/category\/noticias\/\" rel=\"category tag\">Noticias<\/a>","rttpg_excerpt":"Comenz\u00f3 en el sindicalismo muy joven de la mano del hartazgo por la precarizaci\u00f3n laboral. Con solo 27 a\u00f1os y 10 de antig\u00fcedad como vendedora de un sistema de cable a trav\u00e9s de un call center en Mendoza, qued\u00f3 efectiva y con acceso a sus derechos laborales gracias a la gesti\u00f3n de encuadre del Sindicato&hellip;","_links":{"self":[{"href":"https:\/\/diariofemenino.com.ar\/df\/wp-json\/wp\/v2\/posts\/61163","targetHints":{"allow":["GET"]}}],"collection":[{"href":"https:\/\/diariofemenino.com.ar\/df\/wp-json\/wp\/v2\/posts"}],"about":[{"href":"https:\/\/diariofemenino.com.ar\/df\/wp-json\/wp\/v2\/types\/post"}],"author":[{"embeddable":true,"href":"https:\/\/diariofemenino.com.ar\/df\/wp-json\/wp\/v2\/users\/4"}],"replies":[{"embeddable":true,"href":"https:\/\/diariofemenino.com.ar\/df\/wp-json\/wp\/v2\/comments?post=61163"}],"version-history":[{"count":0,"href":"https:\/\/diariofemenino.com.ar\/df\/wp-json\/wp\/v2\/posts\/61163\/revisions"}],"wp:featuredmedia":[{"embeddable":true,"href":"https:\/\/diariofemenino.com.ar\/df\/wp-json\/wp\/v2\/media\/61167"}],"wp:attachment":[{"href":"https:\/\/diariofemenino.com.ar\/df\/wp-json\/wp\/v2\/media?parent=61163"}],"wp:term":[{"taxonomy":"category","embeddable":true,"href":"https:\/\/diariofemenino.com.ar\/df\/wp-json\/wp\/v2\/categories?post=61163"},{"taxonomy":"post_tag","embeddable":true,"href":"https:\/\/diariofemenino.com.ar\/df\/wp-json\/wp\/v2\/tags?post=61163"}],"curies":[{"name":"wp","href":"https:\/\/api.w.org\/{rel}","templated":true}]}}