{"id":61155,"date":"2021-09-23T17:20:59","date_gmt":"2021-09-23T20:20:59","guid":{"rendered":"https:\/\/diariofemenino.com.ar\/df\/?p=61155"},"modified":"2021-09-23T17:20:59","modified_gmt":"2021-09-23T20:20:59","slug":"scania-abrio-la-inscripcion-a-la-tercera-edicion-de-conductoras","status":"publish","type":"post","link":"https:\/\/diariofemenino.com.ar\/df\/scania-abrio-la-inscripcion-a-la-tercera-edicion-de-conductoras\/","title":{"rendered":"Scania abri\u00f3 la inscripci\u00f3n a la tercera edici\u00f3n de \u00abConductoras\u00bb para mujeres de todo el pa\u00eds"},"content":{"rendered":"<p>Scania abri\u00f3 la inscripci\u00f3n a la tercera edici\u00f3n de \u00abConductoras\u00bb.<\/p>\n<p><em>Con el acompa\u00f1amiento de funcionarias nacionales, la terminal de origen sueco realiz\u00f3 el lanzamiento del programa de formaci\u00f3n profesional y abri\u00f3 la convocatoria a todas las mujeres del pa\u00eds que quieran inscribirse a trav\u00e9s de <a href=\"http:\/\/www.programamujeresconductoras.com.ar\">www.programamujeresconductoras.com.ar<\/a>.<\/em><\/p>\n<figure id=\"attachment_61159\" aria-describedby=\"caption-attachment-61159\" style=\"width: 1000px\" class=\"wp-caption aligncenter\"><img loading=\"lazy\" decoding=\"async\" class=\"size-full wp-image-61159\" src=\"https:\/\/diariofemenino.com.ar\/df\/wp-content\/uploads\/2021\/09\/Natacha-Calero-Andr\u00e9s-Leonard-y-Alejandro-Pazos-II.jpg\" alt=\"Scania abri\u00f3 la inscripci\u00f3n a la tercera edici\u00f3n de &quot;Conductoras&quot; para mujeres de todo el pa\u00eds\" width=\"1000\" height=\"667\" srcset=\"https:\/\/diariofemenino.com.ar\/df\/wp-content\/uploads\/2021\/09\/Natacha-Calero-Andr\u00e9s-Leonard-y-Alejandro-Pazos-II.jpg 1000w, https:\/\/diariofemenino.com.ar\/df\/wp-content\/uploads\/2021\/09\/Natacha-Calero-Andr\u00e9s-Leonard-y-Alejandro-Pazos-II-300x200.jpg 300w, https:\/\/diariofemenino.com.ar\/df\/wp-content\/uploads\/2021\/09\/Natacha-Calero-Andr\u00e9s-Leonard-y-Alejandro-Pazos-II-768x512.jpg 768w\" sizes=\"auto, (max-width: 1000px) 100vw, 1000px\" \/><figcaption id=\"caption-attachment-61159\" class=\"wp-caption-text\">Scania abri\u00f3 la inscripci\u00f3n a la tercera edici\u00f3n de \u00abConductoras\u00bb para mujeres de todo el pa\u00eds<\/figcaption><\/figure>\n<p>Scania Argentina realiz\u00f3 el lanzamiento oficial de la tercera edici\u00f3n del Programa de Formaci\u00f3n Profesional exclusivo para mujeres, \u201cCONDUCTORAS\u201d. Las interesadas ya pueden ingresar en <a href=\"http:\/\/www.programamujeresconductoras.com.ar\">www.programamujeresconductoras.com.ar<\/a> e inscribirse completando sus datos, para lo que tendr\u00e1n tiempo hasta el 22 de noviembre de 2021.<\/p>\n<p><strong>\u201cCONDUCTORAS\u201d<\/strong>, \u00fanico programa de su tipo en Latinoam\u00e9rica, busca reducir la brecha de g\u00e9nero existente en el transporte y contribuir a generar igualdad de g\u00e9nero en el sector. En la actualidad, menos del 1% de las licencias nacionales de transporte interjurisdiccional emitidas corresponden a mujeres, y Scania, como firmante de los Principios de Empoderamiento de las Mujeres (WEPs) de ONU Mujeres, realizar\u00e1 por tercer a\u00f1o consecutivo el ciclo con el objetivo de formar profesionalmente a mujeres que deseen ser parte de la industria del autotransporte de cargas e incentivar a muchas otras a sumarse a esta profesi\u00f3n.<\/p>\n<p><img loading=\"lazy\" decoding=\"async\" class=\"alignleft  wp-image-61160\" src=\"https:\/\/diariofemenino.com.ar\/df\/wp-content\/uploads\/2021\/09\/Andr\u00e9s-Leonard-CEO-de-Scania-Argentina.jpg\" alt=\"\" width=\"290\" height=\"435\" srcset=\"https:\/\/diariofemenino.com.ar\/df\/wp-content\/uploads\/2021\/09\/Andr\u00e9s-Leonard-CEO-de-Scania-Argentina.jpg 667w, https:\/\/diariofemenino.com.ar\/df\/wp-content\/uploads\/2021\/09\/Andr\u00e9s-Leonard-CEO-de-Scania-Argentina-200x300.jpg 200w\" sizes=\"auto, (max-width: 290px) 100vw, 290px\" \/>\u201c<em>Es un orgullo para nosotros poder concretar esta tercera edici\u00f3n de Conductoras, un Programa que cambia la vida de las mujeres participantes<\/em>\u201d expres\u00f3 <strong>Andr\u00e9s Leonard, CEO de Scania Argentina<\/strong>, y agreg\u00f3: \u201c<em>la profesionalizaci\u00f3n es una herramienta que brinda la posibilidad de obtener un empleo digno y de calidad, y esa es la forma en la que creemos que las personas deben insertarse en el sector laboral que eligen, sin obst\u00e1culos de g\u00e9nero<\/em>\u201d.<\/p>\n<p>El lanzamiento se realiz\u00f3 a trav\u00e9s de un <strong><a href=\"https:\/\/youtu.be\/NYywn8nKj-0\">evento virtual<\/a><\/strong> transmitido en vivo, que cont\u00f3 con la presencia de diversas funcionarias nacionales.<\/p>\n<p><strong>Florencia Esper\u00f3n, responsable de Pol\u00edticas de G\u00e9neros y Diversidad del Ministerio de Transporte<\/strong>, indic\u00f3: \u201c<em>Es un gusto acompa\u00f1ar nuevamente a Scania en este Programa. A todas esas mujeres que se animan a inscribirse, muchas gracias, porque este cambio cultural no solo va a cambiar la vida de ellas mismas, sino tambi\u00e9n de ni\u00f1as y adolescentes que puedan encontrar en el transporte un lugar para incluirse laboralmente<\/em>\u201d.<\/p>\n<p>Asimismo, <strong>Pilar Escalante, Subsecretaria de Pol\u00edticas de Igualdad del Ministerio de las Mujeres, G\u00e9neros y Diversidad<\/strong> agreg\u00f3: \u201c<em>La promoci\u00f3n de empleo de calidad y el acceso a sectores hist\u00f3ricamente masculinizados, como la conducci\u00f3n de transporte de camiones, tiene un rol central y es necesaria para trabajar en el desarrollo econ\u00f3mico con igualdad de g\u00e9nero<\/em>\u201d.<\/p>\n<p>Por su parte, <strong>Pamela Ares, Subsecretaria de Pol\u00edticas de Inclusi\u00f3n del Ministerio de Trabajo<\/strong> manifest\u00f3: \u201c<em>Desde nuestra cartera felicitamos a Scania, ya que la igualdad de oportunidades es la vanguardia a la cual tenemos que ir desde todos los sectores. Necesitamos m\u00e1s empresas que trabajen comprometidas con la igualdad y fortaleciendo la capacitaci\u00f3n<\/em>\u201d.<\/p>\n<p>Adem\u00e1s, este a\u00f1o Scania cuenta con el apoyo de tres grandes compa\u00f1\u00edas, que tambi\u00e9n apuestan a la diversidad e inclusi\u00f3n en el transporte: YPF, ICBC y Cervecer\u00eda y Malter\u00eda Quilmes, que estar\u00e1n presentes a trav\u00e9s del programa de sponsors.<\/p>\n<p>En esta nueva edici\u00f3n de Conductoras, ser\u00e1n en total 12 mujeres las que recibir\u00e1n la beca que brindar\u00e1 la compa\u00f1\u00eda, que incluye el curso de conductora profesional dictado en la Fundaci\u00f3n Profesional para el Transporte de FADEEAC y en el Centro de Capacitaci\u00f3n de Scania Argentina, hospedaje, traslados y comidas. El programa otorgar\u00e1 las herramientas necesarias para poder operar eficientemente un veh\u00edculo de transporte de cargas, as\u00ed como tambi\u00e9n brindar un servicio de calidad, convirti\u00e9ndose en conductoras profesionales. Su desarrollo estar\u00e1 focalizado en la conducci\u00f3n de veh\u00edculos articulados, de los cuales Scania es una de las principales comercializadoras de marca propia en la Rep\u00fablica Argentina.<\/p>\n<p>A partir de hoy est\u00e1 online la plataforma para inscribirse al curso que comenzar\u00e1 en febrero de 2022. Las interesadas pueden ingresar en <a href=\"http:\/\/www.programamujeresconductoras.com.ar\">www.programamujeresconductoras.com.ar<\/a>, cargar todos sus datos y conocer los t\u00e9rminos y condiciones del programa.<\/p>\n<p><strong><em>Acerca de Scania<\/em><\/strong><\/p>\n<p><em>Scania es proveedor l\u00edder mundial\u00a0de\u00a0soluciones\u00a0de\u00a0transporte sustentable. En 2019, entregamos 91.700 camiones, 7.800 buses y 10.200 motores industriales y marinos. Las ventas netas ascendieron a m\u00e1s\u00a0de\u00a0152.000 millones\u00a0de\u00a0coronas suecas. Scania ahora opera en m\u00e1s\u00a0de\u00a0100 pa\u00edses y emplea 51.000 personas. La investigaci\u00f3n y el\u00a0desarrollo se concentran en Suecia, con sucursales en Brasil e India. La producci\u00f3n tiene lugar en Europa, Am\u00e9rica Latina y Asia, con centros\u00a0de\u00a0producci\u00f3n regionales en \u00c1frica, Asia y Eurasia. Scania es parte\u00a0de\u00a0TRATON SE.\u00a0<\/em><em>En Argentina, Scania es miembro firmante del Pacto Global de Naciones Unidas, adhiriendo a sus 17 ODS y la Agenda 2030 por la lucha contra el cambio clim\u00e1tico. Es, adem\u00e1s, parte de la Mesa Directiva de la Red Local hasta 2022 inclusive. Est\u00e1\u00a0presente\u00a0desde 1976 en el pa\u00eds, y cuenta con 1.159 empleados y una red\u00a0de\u00a0concesionarios con 27 puntos\u00a0de\u00a0servicio.<\/em><\/p>\n<p><strong>Para mayor informaci\u00f3n, contactar a:<\/strong><\/p>\n<p>Natalia Hanftworzel<br \/>\n<a href=\"mailto:natalia.hanftworzel@newlink-group.com\">natalia.hanftworzel@newlink-group.com<\/a><\/p>\n<p>Natacha Calero<br \/>\n<a href=\"mailto:natacha.calero.barber@scania.com\">natacha.calero.barber@scania.com<\/a><\/p>\n<p>Te puede interesar<\/p>\n<blockquote class=\"wp-embedded-content\" data-secret=\"YwaKoVCDhy\"><p><a href=\"https:\/\/diariofemenino.com.ar\/df\/conductoras-fue-declarado-de-interes-por-el-honorable-senado-de-la-nacion\/\">\u00abConductoras\u00bb fue declarado de inter\u00e9s por el Honorable Senado de la Naci\u00f3n<\/a><\/p><\/blockquote>\n<p><iframe loading=\"lazy\" class=\"wp-embedded-content\" sandbox=\"allow-scripts\" security=\"restricted\" style=\"position: absolute; clip: rect(1px, 1px, 1px, 1px);\" src=\"https:\/\/diariofemenino.com.ar\/df\/conductoras-fue-declarado-de-interes-por-el-honorable-senado-de-la-nacion\/embed\/#?secret=YwaKoVCDhy\" data-secret=\"YwaKoVCDhy\" width=\"600\" height=\"338\" title=\"&#171;\u00abConductoras\u00bb fue declarado de inter\u00e9s por el Honorable Senado de la Naci\u00f3n&#187; &#8212; Diario Digital Femenino\" frameborder=\"0\" marginwidth=\"0\" marginheight=\"0\" scrolling=\"no\"><\/iframe><\/p>\n<p>&nbsp;<\/p>\n","protected":false},"excerpt":{"rendered":"<p>Scania abri\u00f3 la inscripci\u00f3n a la tercera edici\u00f3n de \u00abConductoras\u00bb. Con el acompa\u00f1amiento de funcionarias nacionales, la terminal de origen sueco realiz\u00f3 el lanzamiento del programa de formaci\u00f3n profesional y abri\u00f3 la convocatoria a todas las mujeres del pa\u00eds que quieran inscribirse a trav\u00e9s de www.programamujeresconductoras.com.ar. Scania Argentina realiz\u00f3 el lanzamiento oficial de la tercera [&hellip;]<\/p>\n","protected":false},"author":4,"featured_media":61158,"comment_status":"open","ping_status":"open","sticky":false,"template":"","format":"standard","meta":{"iawp_total_views":6,"footnotes":""},"categories":[7,1067,32],"tags":[1638,130,3767,4826],"class_list":["post-61155","post","type-post","status-publish","format-standard","has-post-thumbnail","hentry","category-actividades","category-agenda-feminista","category-mujeres","tag-conductoras","tag-mujeres","tag-scania","tag-tercera-edicion"],"nelio_content":{"autoShareEndMode":"never","automationSources":{"useCustomSentences":false,"customSentences":[]},"efiAlt":"","efiUrl":"","followers":[4],"highlights":[],"isAutoShareEnabled":true,"networkImageIds":[],"permalinkQueryArgs":[],"series":[],"suggestedReferences":[]},"yoast_head":"<!-- This site is optimized with the Yoast SEO plugin v27.5 - https:\/\/yoast.com\/product\/yoast-seo-wordpress\/ -->\n<title>Scania abri\u00f3 la inscripci\u00f3n a la tercera edici\u00f3n de &quot;Conductoras&quot; para mujeres de todo el pa\u00eds - Diario Digital Femenino<\/title>\n<meta name=\"description\" content=\"Scania abri\u00f3 la inscripci\u00f3n.Lanzamiento oficial de la tercera edici\u00f3n del Programa de Formaci\u00f3n Profesional exclusivo para mujeres, \u201cCONDUCTORAS\u201d.\" \/>\n<meta name=\"robots\" content=\"index, follow, max-snippet:-1, max-image-preview:large, max-video-preview:-1\" \/>\n<link rel=\"canonical\" href=\"https:\/\/diariofemenino.com.ar\/df\/scania-abrio-la-inscripcion-a-la-tercera-edicion-de-conductoras\/\" \/>\n<meta property=\"og:locale\" content=\"es_ES\" \/>\n<meta property=\"og:type\" content=\"article\" \/>\n<meta property=\"og:title\" content=\"Scania abri\u00f3 la inscripci\u00f3n a la tercera edici\u00f3n de &quot;Conductoras&quot; para mujeres de todo el pa\u00eds - Diario Digital Femenino\" \/>\n<meta property=\"og:description\" content=\"Scania abri\u00f3 la inscripci\u00f3n.Lanzamiento oficial de la tercera edici\u00f3n del Programa de Formaci\u00f3n Profesional exclusivo para mujeres, \u201cCONDUCTORAS\u201d.\" \/>\n<meta property=\"og:url\" content=\"https:\/\/diariofemenino.com.ar\/df\/scania-abrio-la-inscripcion-a-la-tercera-edicion-de-conductoras\/\" \/>\n<meta property=\"og:site_name\" content=\"Diario Digital Femenino\" \/>\n<meta property=\"article:publisher\" content=\"https:\/\/www.facebook.com\/DiarioDigitaFemenino\/\" \/>\n<meta property=\"article:published_time\" content=\"2021-09-23T20:20:59+00:00\" \/>\n<meta property=\"og:image\" content=\"https:\/\/diariofemenino.com.ar\/df\/wp-content\/uploads\/2021\/09\/Natacha-Calero-Andr\u00e9s-Leonard-y-Alejandro-Pazos.jpg\" \/>\n\t<meta property=\"og:image:width\" content=\"1000\" \/>\n\t<meta property=\"og:image:height\" content=\"667\" \/>\n\t<meta property=\"og:image:type\" content=\"image\/jpeg\" \/>\n<meta name=\"author\" content=\"Admin\" \/>\n<meta name=\"twitter:card\" content=\"summary_large_image\" \/>\n<meta name=\"twitter:creator\" content=\"@DiarioFemenino1\" \/>\n<meta name=\"twitter:site\" content=\"@DiarioFemenino1\" \/>\n<meta name=\"twitter:label1\" content=\"Escrito por\" \/>\n\t<meta name=\"twitter:data1\" content=\"Admin\" \/>\n\t<meta name=\"twitter:label2\" content=\"Tiempo de lectura\" \/>\n\t<meta name=\"twitter:data2\" content=\"5 minutos\" \/>\n<script type=\"application\/ld+json\" class=\"yoast-schema-graph\">{\"@context\":\"https:\\\/\\\/schema.org\",\"@graph\":[{\"@type\":\"Article\",\"@id\":\"https:\\\/\\\/diariofemenino.com.ar\\\/df\\\/scania-abrio-la-inscripcion-a-la-tercera-edicion-de-conductoras\\\/#article\",\"isPartOf\":{\"@id\":\"https:\\\/\\\/diariofemenino.com.ar\\\/df\\\/scania-abrio-la-inscripcion-a-la-tercera-edicion-de-conductoras\\\/\"},\"author\":{\"name\":\"Admin\",\"@id\":\"https:\\\/\\\/diariofemenino.com.ar\\\/df\\\/#\\\/schema\\\/person\\\/bf6199e8158c657ea6f789b11ec85509\"},\"headline\":\"Scania abri\u00f3 la inscripci\u00f3n a la tercera edici\u00f3n de \u00abConductoras\u00bb para mujeres de todo el pa\u00eds\",\"datePublished\":\"2021-09-23T20:20:59+00:00\",\"mainEntityOfPage\":{\"@id\":\"https:\\\/\\\/diariofemenino.com.ar\\\/df\\\/scania-abrio-la-inscripcion-a-la-tercera-edicion-de-conductoras\\\/\"},\"wordCount\":923,\"commentCount\":0,\"publisher\":{\"@id\":\"https:\\\/\\\/diariofemenino.com.ar\\\/df\\\/#organization\"},\"image\":{\"@id\":\"https:\\\/\\\/diariofemenino.com.ar\\\/df\\\/scania-abrio-la-inscripcion-a-la-tercera-edicion-de-conductoras\\\/#primaryimage\"},\"thumbnailUrl\":\"https:\\\/\\\/diariofemenino.com.ar\\\/df\\\/wp-content\\\/uploads\\\/2021\\\/09\\\/Natacha-Calero-Andr\u00e9s-Leonard-y-Alejandro-Pazos.jpg\",\"keywords\":[\"Conductoras\",\"Mujeres\",\"Scania\",\"Tercera Edici\u00f3n\"],\"articleSection\":[\"Actividades\",\"Agenda Feminista\",\"Mujeres\"],\"inLanguage\":\"es\",\"potentialAction\":[{\"@type\":\"CommentAction\",\"name\":\"Comment\",\"target\":[\"https:\\\/\\\/diariofemenino.com.ar\\\/df\\\/scania-abrio-la-inscripcion-a-la-tercera-edicion-de-conductoras\\\/#respond\"]}]},{\"@type\":\"WebPage\",\"@id\":\"https:\\\/\\\/diariofemenino.com.ar\\\/df\\\/scania-abrio-la-inscripcion-a-la-tercera-edicion-de-conductoras\\\/\",\"url\":\"https:\\\/\\\/diariofemenino.com.ar\\\/df\\\/scania-abrio-la-inscripcion-a-la-tercera-edicion-de-conductoras\\\/\",\"name\":\"Scania abri\u00f3 la inscripci\u00f3n a la tercera edici\u00f3n de \\\"Conductoras\\\" para mujeres de todo el pa\u00eds - Diario Digital Femenino\",\"isPartOf\":{\"@id\":\"https:\\\/\\\/diariofemenino.com.ar\\\/df\\\/#website\"},\"primaryImageOfPage\":{\"@id\":\"https:\\\/\\\/diariofemenino.com.ar\\\/df\\\/scania-abrio-la-inscripcion-a-la-tercera-edicion-de-conductoras\\\/#primaryimage\"},\"image\":{\"@id\":\"https:\\\/\\\/diariofemenino.com.ar\\\/df\\\/scania-abrio-la-inscripcion-a-la-tercera-edicion-de-conductoras\\\/#primaryimage\"},\"thumbnailUrl\":\"https:\\\/\\\/diariofemenino.com.ar\\\/df\\\/wp-content\\\/uploads\\\/2021\\\/09\\\/Natacha-Calero-Andr\u00e9s-Leonard-y-Alejandro-Pazos.jpg\",\"datePublished\":\"2021-09-23T20:20:59+00:00\",\"description\":\"Scania abri\u00f3 la inscripci\u00f3n.Lanzamiento oficial de la tercera edici\u00f3n del Programa de Formaci\u00f3n Profesional exclusivo para mujeres, \u201cCONDUCTORAS\u201d.\",\"breadcrumb\":{\"@id\":\"https:\\\/\\\/diariofemenino.com.ar\\\/df\\\/scania-abrio-la-inscripcion-a-la-tercera-edicion-de-conductoras\\\/#breadcrumb\"},\"inLanguage\":\"es\",\"potentialAction\":[{\"@type\":\"ReadAction\",\"target\":[\"https:\\\/\\\/diariofemenino.com.ar\\\/df\\\/scania-abrio-la-inscripcion-a-la-tercera-edicion-de-conductoras\\\/\"]}]},{\"@type\":\"ImageObject\",\"inLanguage\":\"es\",\"@id\":\"https:\\\/\\\/diariofemenino.com.ar\\\/df\\\/scania-abrio-la-inscripcion-a-la-tercera-edicion-de-conductoras\\\/#primaryimage\",\"url\":\"https:\\\/\\\/diariofemenino.com.ar\\\/df\\\/wp-content\\\/uploads\\\/2021\\\/09\\\/Natacha-Calero-Andr\u00e9s-Leonard-y-Alejandro-Pazos.jpg\",\"contentUrl\":\"https:\\\/\\\/diariofemenino.com.ar\\\/df\\\/wp-content\\\/uploads\\\/2021\\\/09\\\/Natacha-Calero-Andr\u00e9s-Leonard-y-Alejandro-Pazos.jpg\",\"width\":1000,\"height\":667,\"caption\":\"Scania abri\u00f3 la inscripci\u00f3n a la tercera edici\u00f3n de \\\"Conductoras\\\" para mujeres de todo el pa\u00eds\"},{\"@type\":\"BreadcrumbList\",\"@id\":\"https:\\\/\\\/diariofemenino.com.ar\\\/df\\\/scania-abrio-la-inscripcion-a-la-tercera-edicion-de-conductoras\\\/#breadcrumb\",\"itemListElement\":[{\"@type\":\"ListItem\",\"position\":1,\"name\":\"Portada\",\"item\":\"https:\\\/\\\/diariofemenino.com.ar\\\/df\\\/\"},{\"@type\":\"ListItem\",\"position\":2,\"name\":\"Scania abri\u00f3 la inscripci\u00f3n a la tercera edici\u00f3n de \u00abConductoras\u00bb para mujeres de todo el pa\u00eds\"}]},{\"@type\":\"WebSite\",\"@id\":\"https:\\\/\\\/diariofemenino.com.ar\\\/df\\\/#website\",\"url\":\"https:\\\/\\\/diariofemenino.com.ar\\\/df\\\/\",\"name\":\"Diario Digital Femenino\",\"description\":\"Cuesti\u00f3n de G\u00e9nero\",\"publisher\":{\"@id\":\"https:\\\/\\\/diariofemenino.com.ar\\\/df\\\/#organization\"},\"potentialAction\":[{\"@type\":\"SearchAction\",\"target\":{\"@type\":\"EntryPoint\",\"urlTemplate\":\"https:\\\/\\\/diariofemenino.com.ar\\\/df\\\/?s={search_term_string}\"},\"query-input\":{\"@type\":\"PropertyValueSpecification\",\"valueRequired\":true,\"valueName\":\"search_term_string\"}}],\"inLanguage\":\"es\"},{\"@type\":\"Organization\",\"@id\":\"https:\\\/\\\/diariofemenino.com.ar\\\/df\\\/#organization\",\"name\":\"Diario Femenino\",\"url\":\"https:\\\/\\\/diariofemenino.com.ar\\\/df\\\/\",\"logo\":{\"@type\":\"ImageObject\",\"inLanguage\":\"es\",\"@id\":\"https:\\\/\\\/diariofemenino.com.ar\\\/df\\\/#\\\/schema\\\/logo\\\/image\\\/\",\"url\":\"https:\\\/\\\/diariofemenino.com.ar\\\/df\\\/wp-content\\\/uploads\\\/2018\\\/10\\\/logo.png\",\"contentUrl\":\"https:\\\/\\\/diariofemenino.com.ar\\\/df\\\/wp-content\\\/uploads\\\/2018\\\/10\\\/logo.png\",\"width\":500,\"height\":92,\"caption\":\"Diario Femenino\"},\"image\":{\"@id\":\"https:\\\/\\\/diariofemenino.com.ar\\\/df\\\/#\\\/schema\\\/logo\\\/image\\\/\"},\"sameAs\":[\"https:\\\/\\\/www.facebook.com\\\/DiarioDigitaFemenino\\\/\",\"https:\\\/\\\/x.com\\\/DiarioFemenino1\"]},{\"@type\":\"Person\",\"@id\":\"https:\\\/\\\/diariofemenino.com.ar\\\/df\\\/#\\\/schema\\\/person\\\/bf6199e8158c657ea6f789b11ec85509\",\"name\":\"Admin\",\"image\":{\"@type\":\"ImageObject\",\"inLanguage\":\"es\",\"@id\":\"https:\\\/\\\/diariofemenino.com.ar\\\/df\\\/wp-content\\\/uploads\\\/2018\\\/12\\\/favicon-150x150.jpg\",\"url\":\"https:\\\/\\\/diariofemenino.com.ar\\\/df\\\/wp-content\\\/uploads\\\/2018\\\/12\\\/favicon-150x150.jpg\",\"contentUrl\":\"https:\\\/\\\/diariofemenino.com.ar\\\/df\\\/wp-content\\\/uploads\\\/2018\\\/12\\\/favicon-150x150.jpg\",\"caption\":\"Admin\"},\"url\":\"https:\\\/\\\/diariofemenino.com.ar\\\/df\\\/author\\\/lenny\\\/\"}]}<\/script>\n<!-- \/ Yoast SEO plugin. -->","yoast_head_json":{"title":"Scania abri\u00f3 la inscripci\u00f3n a la tercera edici\u00f3n de \"Conductoras\" para mujeres de todo el pa\u00eds - Diario Digital Femenino","description":"Scania abri\u00f3 la inscripci\u00f3n.Lanzamiento oficial de la tercera edici\u00f3n del Programa de Formaci\u00f3n Profesional exclusivo para mujeres, \u201cCONDUCTORAS\u201d.","robots":{"index":"index","follow":"follow","max-snippet":"max-snippet:-1","max-image-preview":"max-image-preview:large","max-video-preview":"max-video-preview:-1"},"canonical":"https:\/\/diariofemenino.com.ar\/df\/scania-abrio-la-inscripcion-a-la-tercera-edicion-de-conductoras\/","og_locale":"es_ES","og_type":"article","og_title":"Scania abri\u00f3 la inscripci\u00f3n a la tercera edici\u00f3n de \"Conductoras\" para mujeres de todo el pa\u00eds - Diario Digital Femenino","og_description":"Scania abri\u00f3 la inscripci\u00f3n.Lanzamiento oficial de la tercera edici\u00f3n del Programa de Formaci\u00f3n Profesional exclusivo para mujeres, \u201cCONDUCTORAS\u201d.","og_url":"https:\/\/diariofemenino.com.ar\/df\/scania-abrio-la-inscripcion-a-la-tercera-edicion-de-conductoras\/","og_site_name":"Diario Digital Femenino","article_publisher":"https:\/\/www.facebook.com\/DiarioDigitaFemenino\/","article_published_time":"2021-09-23T20:20:59+00:00","og_image":[{"width":1000,"height":667,"url":"https:\/\/diariofemenino.com.ar\/df\/wp-content\/uploads\/2021\/09\/Natacha-Calero-Andr\u00e9s-Leonard-y-Alejandro-Pazos.jpg","type":"image\/jpeg"}],"author":"Admin","twitter_card":"summary_large_image","twitter_creator":"@DiarioFemenino1","twitter_site":"@DiarioFemenino1","twitter_misc":{"Escrito por":"Admin","Tiempo de lectura":"5 minutos"},"schema":{"@context":"https:\/\/schema.org","@graph":[{"@type":"Article","@id":"https:\/\/diariofemenino.com.ar\/df\/scania-abrio-la-inscripcion-a-la-tercera-edicion-de-conductoras\/#article","isPartOf":{"@id":"https:\/\/diariofemenino.com.ar\/df\/scania-abrio-la-inscripcion-a-la-tercera-edicion-de-conductoras\/"},"author":{"name":"Admin","@id":"https:\/\/diariofemenino.com.ar\/df\/#\/schema\/person\/bf6199e8158c657ea6f789b11ec85509"},"headline":"Scania abri\u00f3 la inscripci\u00f3n a la tercera edici\u00f3n de \u00abConductoras\u00bb para mujeres de todo el pa\u00eds","datePublished":"2021-09-23T20:20:59+00:00","mainEntityOfPage":{"@id":"https:\/\/diariofemenino.com.ar\/df\/scania-abrio-la-inscripcion-a-la-tercera-edicion-de-conductoras\/"},"wordCount":923,"commentCount":0,"publisher":{"@id":"https:\/\/diariofemenino.com.ar\/df\/#organization"},"image":{"@id":"https:\/\/diariofemenino.com.ar\/df\/scania-abrio-la-inscripcion-a-la-tercera-edicion-de-conductoras\/#primaryimage"},"thumbnailUrl":"https:\/\/diariofemenino.com.ar\/df\/wp-content\/uploads\/2021\/09\/Natacha-Calero-Andr\u00e9s-Leonard-y-Alejandro-Pazos.jpg","keywords":["Conductoras","Mujeres","Scania","Tercera Edici\u00f3n"],"articleSection":["Actividades","Agenda Feminista","Mujeres"],"inLanguage":"es","potentialAction":[{"@type":"CommentAction","name":"Comment","target":["https:\/\/diariofemenino.com.ar\/df\/scania-abrio-la-inscripcion-a-la-tercera-edicion-de-conductoras\/#respond"]}]},{"@type":"WebPage","@id":"https:\/\/diariofemenino.com.ar\/df\/scania-abrio-la-inscripcion-a-la-tercera-edicion-de-conductoras\/","url":"https:\/\/diariofemenino.com.ar\/df\/scania-abrio-la-inscripcion-a-la-tercera-edicion-de-conductoras\/","name":"Scania abri\u00f3 la inscripci\u00f3n a la tercera edici\u00f3n de \"Conductoras\" para mujeres de todo el pa\u00eds - Diario Digital Femenino","isPartOf":{"@id":"https:\/\/diariofemenino.com.ar\/df\/#website"},"primaryImageOfPage":{"@id":"https:\/\/diariofemenino.com.ar\/df\/scania-abrio-la-inscripcion-a-la-tercera-edicion-de-conductoras\/#primaryimage"},"image":{"@id":"https:\/\/diariofemenino.com.ar\/df\/scania-abrio-la-inscripcion-a-la-tercera-edicion-de-conductoras\/#primaryimage"},"thumbnailUrl":"https:\/\/diariofemenino.com.ar\/df\/wp-content\/uploads\/2021\/09\/Natacha-Calero-Andr\u00e9s-Leonard-y-Alejandro-Pazos.jpg","datePublished":"2021-09-23T20:20:59+00:00","description":"Scania abri\u00f3 la inscripci\u00f3n.Lanzamiento oficial de la tercera edici\u00f3n del Programa de Formaci\u00f3n Profesional exclusivo para mujeres, \u201cCONDUCTORAS\u201d.","breadcrumb":{"@id":"https:\/\/diariofemenino.com.ar\/df\/scania-abrio-la-inscripcion-a-la-tercera-edicion-de-conductoras\/#breadcrumb"},"inLanguage":"es","potentialAction":[{"@type":"ReadAction","target":["https:\/\/diariofemenino.com.ar\/df\/scania-abrio-la-inscripcion-a-la-tercera-edicion-de-conductoras\/"]}]},{"@type":"ImageObject","inLanguage":"es","@id":"https:\/\/diariofemenino.com.ar\/df\/scania-abrio-la-inscripcion-a-la-tercera-edicion-de-conductoras\/#primaryimage","url":"https:\/\/diariofemenino.com.ar\/df\/wp-content\/uploads\/2021\/09\/Natacha-Calero-Andr\u00e9s-Leonard-y-Alejandro-Pazos.jpg","contentUrl":"https:\/\/diariofemenino.com.ar\/df\/wp-content\/uploads\/2021\/09\/Natacha-Calero-Andr\u00e9s-Leonard-y-Alejandro-Pazos.jpg","width":1000,"height":667,"caption":"Scania abri\u00f3 la inscripci\u00f3n a la tercera edici\u00f3n de \"Conductoras\" para mujeres de todo el pa\u00eds"},{"@type":"BreadcrumbList","@id":"https:\/\/diariofemenino.com.ar\/df\/scania-abrio-la-inscripcion-a-la-tercera-edicion-de-conductoras\/#breadcrumb","itemListElement":[{"@type":"ListItem","position":1,"name":"Portada","item":"https:\/\/diariofemenino.com.ar\/df\/"},{"@type":"ListItem","position":2,"name":"Scania abri\u00f3 la inscripci\u00f3n a la tercera edici\u00f3n de \u00abConductoras\u00bb para mujeres de todo el pa\u00eds"}]},{"@type":"WebSite","@id":"https:\/\/diariofemenino.com.ar\/df\/#website","url":"https:\/\/diariofemenino.com.ar\/df\/","name":"Diario Digital Femenino","description":"Cuesti\u00f3n de G\u00e9nero","publisher":{"@id":"https:\/\/diariofemenino.com.ar\/df\/#organization"},"potentialAction":[{"@type":"SearchAction","target":{"@type":"EntryPoint","urlTemplate":"https:\/\/diariofemenino.com.ar\/df\/?s={search_term_string}"},"query-input":{"@type":"PropertyValueSpecification","valueRequired":true,"valueName":"search_term_string"}}],"inLanguage":"es"},{"@type":"Organization","@id":"https:\/\/diariofemenino.com.ar\/df\/#organization","name":"Diario Femenino","url":"https:\/\/diariofemenino.com.ar\/df\/","logo":{"@type":"ImageObject","inLanguage":"es","@id":"https:\/\/diariofemenino.com.ar\/df\/#\/schema\/logo\/image\/","url":"https:\/\/diariofemenino.com.ar\/df\/wp-content\/uploads\/2018\/10\/logo.png","contentUrl":"https:\/\/diariofemenino.com.ar\/df\/wp-content\/uploads\/2018\/10\/logo.png","width":500,"height":92,"caption":"Diario Femenino"},"image":{"@id":"https:\/\/diariofemenino.com.ar\/df\/#\/schema\/logo\/image\/"},"sameAs":["https:\/\/www.facebook.com\/DiarioDigitaFemenino\/","https:\/\/x.com\/DiarioFemenino1"]},{"@type":"Person","@id":"https:\/\/diariofemenino.com.ar\/df\/#\/schema\/person\/bf6199e8158c657ea6f789b11ec85509","name":"Admin","image":{"@type":"ImageObject","inLanguage":"es","@id":"https:\/\/diariofemenino.com.ar\/df\/wp-content\/uploads\/2018\/12\/favicon-150x150.jpg","url":"https:\/\/diariofemenino.com.ar\/df\/wp-content\/uploads\/2018\/12\/favicon-150x150.jpg","contentUrl":"https:\/\/diariofemenino.com.ar\/df\/wp-content\/uploads\/2018\/12\/favicon-150x150.jpg","caption":"Admin"},"url":"https:\/\/diariofemenino.com.ar\/df\/author\/lenny\/"}]}},"jetpack_featured_media_url":"https:\/\/diariofemenino.com.ar\/df\/wp-content\/uploads\/2021\/09\/Natacha-Calero-Andr\u00e9s-Leonard-y-Alejandro-Pazos.jpg","jetpack_sharing_enabled":true,"rttpg_featured_image_url":{"full":["https:\/\/diariofemenino.com.ar\/df\/wp-content\/uploads\/2021\/09\/Natacha-Calero-Andr\u00e9s-Leonard-y-Alejandro-Pazos.jpg",1000,667,false],"landscape":["https:\/\/diariofemenino.com.ar\/df\/wp-content\/uploads\/2021\/09\/Natacha-Calero-Andr\u00e9s-Leonard-y-Alejandro-Pazos.jpg",1000,667,false],"portraits":["https:\/\/diariofemenino.com.ar\/df\/wp-content\/uploads\/2021\/09\/Natacha-Calero-Andr\u00e9s-Leonard-y-Alejandro-Pazos.jpg",1000,667,false],"thumbnail":["https:\/\/diariofemenino.com.ar\/df\/wp-content\/uploads\/2021\/09\/Natacha-Calero-Andr\u00e9s-Leonard-y-Alejandro-Pazos-150x150.jpg",150,150,true],"medium":["https:\/\/diariofemenino.com.ar\/df\/wp-content\/uploads\/2021\/09\/Natacha-Calero-Andr\u00e9s-Leonard-y-Alejandro-Pazos-300x200.jpg",300,200,true],"large":["https:\/\/diariofemenino.com.ar\/df\/wp-content\/uploads\/2021\/09\/Natacha-Calero-Andr\u00e9s-Leonard-y-Alejandro-Pazos.jpg",1000,667,false],"1536x1536":["https:\/\/diariofemenino.com.ar\/df\/wp-content\/uploads\/2021\/09\/Natacha-Calero-Andr\u00e9s-Leonard-y-Alejandro-Pazos.jpg",1000,667,false],"2048x2048":["https:\/\/diariofemenino.com.ar\/df\/wp-content\/uploads\/2021\/09\/Natacha-Calero-Andr\u00e9s-Leonard-y-Alejandro-Pazos.jpg",1000,667,false]},"rttpg_author":{"display_name":"Admin","author_link":"https:\/\/diariofemenino.com.ar\/df\/author\/lenny\/"},"rttpg_comment":0,"rttpg_category":"<a href=\"https:\/\/diariofemenino.com.ar\/df\/category\/actividades\/\" rel=\"category tag\">Actividades<\/a> <a href=\"https:\/\/diariofemenino.com.ar\/df\/category\/agenda-feminista\/\" rel=\"category tag\">Agenda Feminista<\/a> <a href=\"https:\/\/diariofemenino.com.ar\/df\/category\/mujeres\/\" rel=\"category tag\">Mujeres<\/a>","rttpg_excerpt":"Scania abri\u00f3 la inscripci\u00f3n a la tercera edici\u00f3n de \u00abConductoras\u00bb. Con el acompa\u00f1amiento de funcionarias nacionales, la terminal de origen sueco realiz\u00f3 el lanzamiento del programa de formaci\u00f3n profesional y abri\u00f3 la convocatoria a todas las mujeres del pa\u00eds que quieran inscribirse a trav\u00e9s de www.programamujeresconductoras.com.ar. Scania Argentina realiz\u00f3 el lanzamiento oficial de la tercera&hellip;","_links":{"self":[{"href":"https:\/\/diariofemenino.com.ar\/df\/wp-json\/wp\/v2\/posts\/61155","targetHints":{"allow":["GET"]}}],"collection":[{"href":"https:\/\/diariofemenino.com.ar\/df\/wp-json\/wp\/v2\/posts"}],"about":[{"href":"https:\/\/diariofemenino.com.ar\/df\/wp-json\/wp\/v2\/types\/post"}],"author":[{"embeddable":true,"href":"https:\/\/diariofemenino.com.ar\/df\/wp-json\/wp\/v2\/users\/4"}],"replies":[{"embeddable":true,"href":"https:\/\/diariofemenino.com.ar\/df\/wp-json\/wp\/v2\/comments?post=61155"}],"version-history":[{"count":0,"href":"https:\/\/diariofemenino.com.ar\/df\/wp-json\/wp\/v2\/posts\/61155\/revisions"}],"wp:featuredmedia":[{"embeddable":true,"href":"https:\/\/diariofemenino.com.ar\/df\/wp-json\/wp\/v2\/media\/61158"}],"wp:attachment":[{"href":"https:\/\/diariofemenino.com.ar\/df\/wp-json\/wp\/v2\/media?parent=61155"}],"wp:term":[{"taxonomy":"category","embeddable":true,"href":"https:\/\/diariofemenino.com.ar\/df\/wp-json\/wp\/v2\/categories?post=61155"},{"taxonomy":"post_tag","embeddable":true,"href":"https:\/\/diariofemenino.com.ar\/df\/wp-json\/wp\/v2\/tags?post=61155"}],"curies":[{"name":"wp","href":"https:\/\/api.w.org\/{rel}","templated":true}]}}