{"id":61020,"date":"2021-09-19T10:55:20","date_gmt":"2021-09-19T13:55:20","guid":{"rendered":"https:\/\/diariofemenino.com.ar\/df\/?p=61020"},"modified":"2021-09-19T10:57:07","modified_gmt":"2021-09-19T13:57:07","slug":"inauguracion-sonadoras-de-papel","status":"publish","type":"post","link":"https:\/\/diariofemenino.com.ar\/df\/inauguracion-sonadoras-de-papel\/","title":{"rendered":"Inauguraci\u00f3n \u00abSo\u00f1adoras de papel\u00bb"},"content":{"rendered":"<p>La presidenta del <a href=\"http:\/\/www.hcdsantarosa.gov.ar\/\">Concejo Deliberante<\/a> de la ciudad de Santa Rosa, Paula Grotto, realiz\u00f3 ayer la reapertura de la Galer\u00eda de arte Alfredo Olivo, donde qued\u00f3 inaugurada la muestra \u00abSo\u00f1adoras de Papel\u00bb de las artistas visuales Loreley C\u00e1rcamo y Claudia Cardoso.<\/p>\n<figure id=\"attachment_38256\" aria-describedby=\"caption-attachment-38256\" style=\"width: 425px\" class=\"wp-caption aligncenter\"><img loading=\"lazy\" decoding=\"async\" class=\"wp-image-38256\" src=\"https:\/\/diariofemenino.com.ar\/df\/wp-content\/uploads\/2019\/07\/Paula-grotto.jpg\" alt=\"Paula Grotto, la primera viceintendenta de Santa Rosa\" width=\"425\" height=\"339\" srcset=\"https:\/\/diariofemenino.com.ar\/df\/wp-content\/uploads\/2019\/07\/Paula-grotto.jpg 650w, https:\/\/diariofemenino.com.ar\/df\/wp-content\/uploads\/2019\/07\/Paula-grotto-300x240.jpg 300w\" sizes=\"auto, (max-width: 425px) 100vw, 425px\" \/><figcaption id=\"caption-attachment-38256\" class=\"wp-caption-text\">Inauguraci\u00f3n \u00abSo\u00f1adoras de papel\u00bb. <a href=\"https:\/\/www.santarosa.gob.ar\/\">Paula Grotto<\/a><\/figcaption><\/figure>\n<p>La presidenta, acompa\u00f1ada por las concejalas Alba Fern\u00e1ndez y Lorena Guaiquian, dio la bienvenida a los y las presentes y felicit\u00f3 a las artistas por su obra. \u00abNos enorgullece que Claudia y Loreley est\u00e9n ac\u00e1 con nosotros y nosotras. Es una alegr\u00eda volver a habitar esta sala, este lugar de encuentro despu\u00e9s de tanto tiempo. Ojal\u00e1 que podamos continuar con muchas exposiciones m\u00e1s\u00bb, sostuvo.<\/p>\n<blockquote><p>\u00abEs una alegr\u00eda volver a habitar esta sala\u00bb<\/p><\/blockquote>\n<p>Por su parte, las artistas tomaron la palabra para agradecer a los presentes y presentar su trabajo. Cardoso explic\u00f3 que su obra \u00abes el resultado del trabajo en la pandemia. M\u00e1s de un a\u00f1o y medio con una diversidad de temas amplios. Creo que refleja los disparadores que fui encontrando en la intimidad del aislamiento que nos toc\u00f3 a todos y a todos, y con ansias de podes decir a trav\u00e9s de algo que acompa\u00f1a hace mucho tiempo que es el arte\u00bb.<\/p>\n<p>Asimismo, C\u00e1rcamo sostuvo que \u00abSo\u00f1adoras de Papel\u00bb muestra im\u00e1genes en serie que hablan sobre diferentes temas relacionados con la mujer. \u00abEs un poco el recorrido de lo que significa para m\u00ed ser mujer\u00bb. Adem\u00e1s, se mostr\u00f3 agradecida por exponer junto a su compa\u00f1era. \u00abEs como el broche de nuestro encuentro y el inicio de un camino\u00bb, sostuvo.<\/p>\n<p><strong>Collage y fotomontaje.<\/strong><\/p>\n<p>La propuesta art\u00edstica exhibida re\u00fane m\u00faltiples obras de diversas medidas que utilizan t\u00e9cnicas de collage y fotomontaje. \u00abSo\u00f1adoras de papel\u00bb busca concentrar la mirada de dos artistas, dos maneras de ver el mundo que se amalgaman a la perfecci\u00f3n.<\/p>\n<p>\u00abUna t\u00e9cnica que nos sumerge en el elogio del detalle. Recortar y elegir, observar que del vac\u00edo habla, llama y pide imagen. Una composici\u00f3n que juega con la suerte del oto\u00f1o. Esas selecciones, miradas, fragmentos, decantan como las hojas que abandonan los \u00e1rboles para darle paso a la pr\u00f3xima primavera. Dos miradas, dos experiencias, dos propuestas que revelan los posibles mundos de este mundo\u00bb, dice el texto curativo de las obras a cargo de Valentina Bisio.<\/p>\n<p>Las obras quedar\u00e1n exhibidas en la galer\u00eda hasta fines de octubre, y contin\u00faa abierta la convocatoria para exponer durante el a\u00f1o 2022.<\/p>\n<p><strong>Sobre las artistas<\/strong>.<\/p>\n<p>Loreley C\u00e1rcamo es artista y profesora de Artes Pl\u00e1sticas, y desde el a\u00f1o 2004 reside en <a href=\"https:\/\/diariofemenino.com.ar\/df\/category\/mujeres-de-la-pampa\/\">La Pampa<\/a> desarrollando su labor docente y su actividad art\u00edstica en diversas convocatorias. \u00abEn mi po\u00e9tica las im\u00e1genes emergentes del encuentro de lo diferente se compone y descompone a trav\u00e9s del tamiz de la mirada convirti\u00e9ndose en historias habitadas por universos simb\u00f3licos profundos, en los que la poes\u00eda impl\u00edcita busca impactar creando una diversidad de emociones y conceptos\u00bb, se presenta C\u00e1rcamo.<\/p>\n<p>Claudia Cardoso se desarrolla como profesora de artes visuales, y se reconoce como Artista visual. \u00abEs el collage un medio para decir, desde una idea, un sentimiento, un anhelo y muchos sue\u00f1os. Creando mundos paralelos que dialogan con mi cotidiano. Con im\u00e1genes de muchos mundos, de diferentes \u00e9pocas, que busco incansablemente para hacerlas converger en mi discurso visual, mi obra\u00bb, dice sobre su t\u00e9cnica.<\/p>\n<p><a href=\"https:\/\/diariofemenino.com.ar\/df\/category\/articulos\/\">Mujeres<\/a><\/p>\n","protected":false},"excerpt":{"rendered":"<p>La presidenta del Concejo Deliberante de la ciudad de Santa Rosa, Paula Grotto, realiz\u00f3 ayer la reapertura de la Galer\u00eda de arte Alfredo Olivo, donde qued\u00f3 inaugurada la muestra \u00abSo\u00f1adoras de Papel\u00bb de las artistas visuales Loreley C\u00e1rcamo y Claudia Cardoso. La presidenta, acompa\u00f1ada por las concejalas Alba Fern\u00e1ndez y Lorena Guaiquian, dio la bienvenida [&hellip;]<\/p>\n","protected":false},"author":4,"featured_media":61021,"comment_status":"open","ping_status":"open","sticky":false,"template":"","format":"standard","meta":{"iawp_total_views":7,"footnotes":""},"categories":[32,1251],"tags":[4808,64,4810,4809,439,1129],"class_list":["post-61020","post","type-post","status-publish","format-standard","has-post-thumbnail","hentry","category-mujeres","category-mujeres-de-la-pampa","tag-sonadoras-de-papel","tag-arte","tag-galeria-alfredo-olivo","tag-inauguracion","tag-la-pampa","tag-santa-rosa"],"nelio_content":{"autoShareEndMode":"never","automationSources":{"useCustomSentences":false,"customSentences":[]},"efiAlt":"","efiUrl":"","followers":[4],"highlights":[],"isAutoShareEnabled":true,"networkImageIds":[],"permalinkQueryArgs":[],"series":[],"suggestedReferences":[]},"yoast_head":"<!-- This site is optimized with the Yoast SEO plugin v27.5 - https:\/\/yoast.com\/product\/yoast-seo-wordpress\/ -->\n<title>Inauguraci\u00f3n &quot;So\u00f1adoras de papel&quot; - Diario Digital Femenino<\/title>\n<meta name=\"description\" content=\"Inauguraci\u00f3n. La presidenta del Concejo Deliberante, Paula Grotto, realiz\u00f3 la reapertura de la Galer\u00eda Alfredo Olivo, con la muestra \u00abSo\u00f1adoras de Papel\u00bb\" \/>\n<meta name=\"robots\" content=\"index, follow, max-snippet:-1, max-image-preview:large, max-video-preview:-1\" \/>\n<link rel=\"canonical\" href=\"https:\/\/diariofemenino.com.ar\/df\/inauguracion-sonadoras-de-papel\/\" \/>\n<meta property=\"og:locale\" content=\"es_ES\" \/>\n<meta property=\"og:type\" content=\"article\" \/>\n<meta property=\"og:title\" content=\"Inauguraci\u00f3n &quot;So\u00f1adoras de papel&quot; - Diario Digital Femenino\" \/>\n<meta property=\"og:description\" content=\"Inauguraci\u00f3n. La presidenta del Concejo Deliberante, Paula Grotto, realiz\u00f3 la reapertura de la Galer\u00eda Alfredo Olivo, con la muestra \u00abSo\u00f1adoras de Papel\u00bb\" \/>\n<meta property=\"og:url\" content=\"https:\/\/diariofemenino.com.ar\/df\/inauguracion-sonadoras-de-papel\/\" \/>\n<meta property=\"og:site_name\" content=\"Diario Digital Femenino\" \/>\n<meta property=\"article:publisher\" content=\"https:\/\/www.facebook.com\/DiarioDigitaFemenino\/\" \/>\n<meta property=\"article:published_time\" content=\"2021-09-19T13:55:20+00:00\" \/>\n<meta property=\"article:modified_time\" content=\"2021-09-19T13:57:07+00:00\" \/>\n<meta property=\"og:image\" content=\"https:\/\/diariofemenino.com.ar\/df\/wp-content\/uploads\/2021\/09\/WhatsApp-Image-2021-09-18-at-12.12.46.jpg\" \/>\n\t<meta property=\"og:image:width\" content=\"1280\" \/>\n\t<meta property=\"og:image:height\" content=\"853\" \/>\n\t<meta property=\"og:image:type\" content=\"image\/jpeg\" \/>\n<meta name=\"author\" content=\"Admin\" \/>\n<meta name=\"twitter:card\" content=\"summary_large_image\" \/>\n<meta name=\"twitter:creator\" content=\"@DiarioFemenino1\" \/>\n<meta name=\"twitter:site\" content=\"@DiarioFemenino1\" \/>\n<meta name=\"twitter:label1\" content=\"Escrito por\" \/>\n\t<meta name=\"twitter:data1\" content=\"Admin\" \/>\n\t<meta name=\"twitter:label2\" content=\"Tiempo de lectura\" \/>\n\t<meta name=\"twitter:data2\" content=\"3 minutos\" \/>\n<script type=\"application\/ld+json\" class=\"yoast-schema-graph\">{\"@context\":\"https:\\\/\\\/schema.org\",\"@graph\":[{\"@type\":\"Article\",\"@id\":\"https:\\\/\\\/diariofemenino.com.ar\\\/df\\\/inauguracion-sonadoras-de-papel\\\/#article\",\"isPartOf\":{\"@id\":\"https:\\\/\\\/diariofemenino.com.ar\\\/df\\\/inauguracion-sonadoras-de-papel\\\/\"},\"author\":{\"name\":\"Admin\",\"@id\":\"https:\\\/\\\/diariofemenino.com.ar\\\/df\\\/#\\\/schema\\\/person\\\/bf6199e8158c657ea6f789b11ec85509\"},\"headline\":\"Inauguraci\u00f3n \u00abSo\u00f1adoras de papel\u00bb\",\"datePublished\":\"2021-09-19T13:55:20+00:00\",\"dateModified\":\"2021-09-19T13:57:07+00:00\",\"mainEntityOfPage\":{\"@id\":\"https:\\\/\\\/diariofemenino.com.ar\\\/df\\\/inauguracion-sonadoras-de-papel\\\/\"},\"wordCount\":605,\"commentCount\":0,\"publisher\":{\"@id\":\"https:\\\/\\\/diariofemenino.com.ar\\\/df\\\/#organization\"},\"image\":{\"@id\":\"https:\\\/\\\/diariofemenino.com.ar\\\/df\\\/inauguracion-sonadoras-de-papel\\\/#primaryimage\"},\"thumbnailUrl\":\"https:\\\/\\\/diariofemenino.com.ar\\\/df\\\/wp-content\\\/uploads\\\/2021\\\/09\\\/WhatsApp-Image-2021-09-18-at-12.12.46.jpg\",\"keywords\":[\"\\\"So\u00f1adoras de papel\\\"\",\"Arte\",\"Galer\u00eda Alfredo Olivo\",\"Inauguraci\u00f3n\",\"La Pampa\",\"Santa Rosa\"],\"articleSection\":[\"Mujeres\",\"Mujeres de La Pampa\"],\"inLanguage\":\"es\",\"potentialAction\":[{\"@type\":\"CommentAction\",\"name\":\"Comment\",\"target\":[\"https:\\\/\\\/diariofemenino.com.ar\\\/df\\\/inauguracion-sonadoras-de-papel\\\/#respond\"]}]},{\"@type\":\"WebPage\",\"@id\":\"https:\\\/\\\/diariofemenino.com.ar\\\/df\\\/inauguracion-sonadoras-de-papel\\\/\",\"url\":\"https:\\\/\\\/diariofemenino.com.ar\\\/df\\\/inauguracion-sonadoras-de-papel\\\/\",\"name\":\"Inauguraci\u00f3n \\\"So\u00f1adoras de papel\\\" - Diario Digital Femenino\",\"isPartOf\":{\"@id\":\"https:\\\/\\\/diariofemenino.com.ar\\\/df\\\/#website\"},\"primaryImageOfPage\":{\"@id\":\"https:\\\/\\\/diariofemenino.com.ar\\\/df\\\/inauguracion-sonadoras-de-papel\\\/#primaryimage\"},\"image\":{\"@id\":\"https:\\\/\\\/diariofemenino.com.ar\\\/df\\\/inauguracion-sonadoras-de-papel\\\/#primaryimage\"},\"thumbnailUrl\":\"https:\\\/\\\/diariofemenino.com.ar\\\/df\\\/wp-content\\\/uploads\\\/2021\\\/09\\\/WhatsApp-Image-2021-09-18-at-12.12.46.jpg\",\"datePublished\":\"2021-09-19T13:55:20+00:00\",\"dateModified\":\"2021-09-19T13:57:07+00:00\",\"description\":\"Inauguraci\u00f3n. La presidenta del Concejo Deliberante, Paula Grotto, realiz\u00f3 la reapertura de la Galer\u00eda Alfredo Olivo, con la muestra \u00abSo\u00f1adoras de Papel\u00bb\",\"breadcrumb\":{\"@id\":\"https:\\\/\\\/diariofemenino.com.ar\\\/df\\\/inauguracion-sonadoras-de-papel\\\/#breadcrumb\"},\"inLanguage\":\"es\",\"potentialAction\":[{\"@type\":\"ReadAction\",\"target\":[\"https:\\\/\\\/diariofemenino.com.ar\\\/df\\\/inauguracion-sonadoras-de-papel\\\/\"]}]},{\"@type\":\"ImageObject\",\"inLanguage\":\"es\",\"@id\":\"https:\\\/\\\/diariofemenino.com.ar\\\/df\\\/inauguracion-sonadoras-de-papel\\\/#primaryimage\",\"url\":\"https:\\\/\\\/diariofemenino.com.ar\\\/df\\\/wp-content\\\/uploads\\\/2021\\\/09\\\/WhatsApp-Image-2021-09-18-at-12.12.46.jpg\",\"contentUrl\":\"https:\\\/\\\/diariofemenino.com.ar\\\/df\\\/wp-content\\\/uploads\\\/2021\\\/09\\\/WhatsApp-Image-2021-09-18-at-12.12.46.jpg\",\"width\":1280,\"height\":853,\"caption\":\"Inauguraci\u00f3n \\\"So\u00f1adoras de papel\\\"\"},{\"@type\":\"BreadcrumbList\",\"@id\":\"https:\\\/\\\/diariofemenino.com.ar\\\/df\\\/inauguracion-sonadoras-de-papel\\\/#breadcrumb\",\"itemListElement\":[{\"@type\":\"ListItem\",\"position\":1,\"name\":\"Portada\",\"item\":\"https:\\\/\\\/diariofemenino.com.ar\\\/df\\\/\"},{\"@type\":\"ListItem\",\"position\":2,\"name\":\"Inauguraci\u00f3n \u00abSo\u00f1adoras de papel\u00bb\"}]},{\"@type\":\"WebSite\",\"@id\":\"https:\\\/\\\/diariofemenino.com.ar\\\/df\\\/#website\",\"url\":\"https:\\\/\\\/diariofemenino.com.ar\\\/df\\\/\",\"name\":\"Diario Digital Femenino\",\"description\":\"Cuesti\u00f3n de G\u00e9nero\",\"publisher\":{\"@id\":\"https:\\\/\\\/diariofemenino.com.ar\\\/df\\\/#organization\"},\"potentialAction\":[{\"@type\":\"SearchAction\",\"target\":{\"@type\":\"EntryPoint\",\"urlTemplate\":\"https:\\\/\\\/diariofemenino.com.ar\\\/df\\\/?s={search_term_string}\"},\"query-input\":{\"@type\":\"PropertyValueSpecification\",\"valueRequired\":true,\"valueName\":\"search_term_string\"}}],\"inLanguage\":\"es\"},{\"@type\":\"Organization\",\"@id\":\"https:\\\/\\\/diariofemenino.com.ar\\\/df\\\/#organization\",\"name\":\"Diario Femenino\",\"url\":\"https:\\\/\\\/diariofemenino.com.ar\\\/df\\\/\",\"logo\":{\"@type\":\"ImageObject\",\"inLanguage\":\"es\",\"@id\":\"https:\\\/\\\/diariofemenino.com.ar\\\/df\\\/#\\\/schema\\\/logo\\\/image\\\/\",\"url\":\"https:\\\/\\\/diariofemenino.com.ar\\\/df\\\/wp-content\\\/uploads\\\/2018\\\/10\\\/logo.png\",\"contentUrl\":\"https:\\\/\\\/diariofemenino.com.ar\\\/df\\\/wp-content\\\/uploads\\\/2018\\\/10\\\/logo.png\",\"width\":500,\"height\":92,\"caption\":\"Diario Femenino\"},\"image\":{\"@id\":\"https:\\\/\\\/diariofemenino.com.ar\\\/df\\\/#\\\/schema\\\/logo\\\/image\\\/\"},\"sameAs\":[\"https:\\\/\\\/www.facebook.com\\\/DiarioDigitaFemenino\\\/\",\"https:\\\/\\\/x.com\\\/DiarioFemenino1\"]},{\"@type\":\"Person\",\"@id\":\"https:\\\/\\\/diariofemenino.com.ar\\\/df\\\/#\\\/schema\\\/person\\\/bf6199e8158c657ea6f789b11ec85509\",\"name\":\"Admin\",\"image\":{\"@type\":\"ImageObject\",\"inLanguage\":\"es\",\"@id\":\"https:\\\/\\\/diariofemenino.com.ar\\\/df\\\/wp-content\\\/uploads\\\/2018\\\/12\\\/favicon-150x150.jpg\",\"url\":\"https:\\\/\\\/diariofemenino.com.ar\\\/df\\\/wp-content\\\/uploads\\\/2018\\\/12\\\/favicon-150x150.jpg\",\"contentUrl\":\"https:\\\/\\\/diariofemenino.com.ar\\\/df\\\/wp-content\\\/uploads\\\/2018\\\/12\\\/favicon-150x150.jpg\",\"caption\":\"Admin\"},\"url\":\"https:\\\/\\\/diariofemenino.com.ar\\\/df\\\/author\\\/lenny\\\/\"}]}<\/script>\n<!-- \/ Yoast SEO plugin. -->","yoast_head_json":{"title":"Inauguraci\u00f3n \"So\u00f1adoras de papel\" - Diario Digital Femenino","description":"Inauguraci\u00f3n. La presidenta del Concejo Deliberante, Paula Grotto, realiz\u00f3 la reapertura de la Galer\u00eda Alfredo Olivo, con la muestra \u00abSo\u00f1adoras de Papel\u00bb","robots":{"index":"index","follow":"follow","max-snippet":"max-snippet:-1","max-image-preview":"max-image-preview:large","max-video-preview":"max-video-preview:-1"},"canonical":"https:\/\/diariofemenino.com.ar\/df\/inauguracion-sonadoras-de-papel\/","og_locale":"es_ES","og_type":"article","og_title":"Inauguraci\u00f3n \"So\u00f1adoras de papel\" - Diario Digital Femenino","og_description":"Inauguraci\u00f3n. La presidenta del Concejo Deliberante, Paula Grotto, realiz\u00f3 la reapertura de la Galer\u00eda Alfredo Olivo, con la muestra \u00abSo\u00f1adoras de Papel\u00bb","og_url":"https:\/\/diariofemenino.com.ar\/df\/inauguracion-sonadoras-de-papel\/","og_site_name":"Diario Digital Femenino","article_publisher":"https:\/\/www.facebook.com\/DiarioDigitaFemenino\/","article_published_time":"2021-09-19T13:55:20+00:00","article_modified_time":"2021-09-19T13:57:07+00:00","og_image":[{"width":1280,"height":853,"url":"https:\/\/diariofemenino.com.ar\/df\/wp-content\/uploads\/2021\/09\/WhatsApp-Image-2021-09-18-at-12.12.46.jpg","type":"image\/jpeg"}],"author":"Admin","twitter_card":"summary_large_image","twitter_creator":"@DiarioFemenino1","twitter_site":"@DiarioFemenino1","twitter_misc":{"Escrito por":"Admin","Tiempo de lectura":"3 minutos"},"schema":{"@context":"https:\/\/schema.org","@graph":[{"@type":"Article","@id":"https:\/\/diariofemenino.com.ar\/df\/inauguracion-sonadoras-de-papel\/#article","isPartOf":{"@id":"https:\/\/diariofemenino.com.ar\/df\/inauguracion-sonadoras-de-papel\/"},"author":{"name":"Admin","@id":"https:\/\/diariofemenino.com.ar\/df\/#\/schema\/person\/bf6199e8158c657ea6f789b11ec85509"},"headline":"Inauguraci\u00f3n \u00abSo\u00f1adoras de papel\u00bb","datePublished":"2021-09-19T13:55:20+00:00","dateModified":"2021-09-19T13:57:07+00:00","mainEntityOfPage":{"@id":"https:\/\/diariofemenino.com.ar\/df\/inauguracion-sonadoras-de-papel\/"},"wordCount":605,"commentCount":0,"publisher":{"@id":"https:\/\/diariofemenino.com.ar\/df\/#organization"},"image":{"@id":"https:\/\/diariofemenino.com.ar\/df\/inauguracion-sonadoras-de-papel\/#primaryimage"},"thumbnailUrl":"https:\/\/diariofemenino.com.ar\/df\/wp-content\/uploads\/2021\/09\/WhatsApp-Image-2021-09-18-at-12.12.46.jpg","keywords":["\"So\u00f1adoras de papel\"","Arte","Galer\u00eda Alfredo Olivo","Inauguraci\u00f3n","La Pampa","Santa Rosa"],"articleSection":["Mujeres","Mujeres de La Pampa"],"inLanguage":"es","potentialAction":[{"@type":"CommentAction","name":"Comment","target":["https:\/\/diariofemenino.com.ar\/df\/inauguracion-sonadoras-de-papel\/#respond"]}]},{"@type":"WebPage","@id":"https:\/\/diariofemenino.com.ar\/df\/inauguracion-sonadoras-de-papel\/","url":"https:\/\/diariofemenino.com.ar\/df\/inauguracion-sonadoras-de-papel\/","name":"Inauguraci\u00f3n \"So\u00f1adoras de papel\" - Diario Digital Femenino","isPartOf":{"@id":"https:\/\/diariofemenino.com.ar\/df\/#website"},"primaryImageOfPage":{"@id":"https:\/\/diariofemenino.com.ar\/df\/inauguracion-sonadoras-de-papel\/#primaryimage"},"image":{"@id":"https:\/\/diariofemenino.com.ar\/df\/inauguracion-sonadoras-de-papel\/#primaryimage"},"thumbnailUrl":"https:\/\/diariofemenino.com.ar\/df\/wp-content\/uploads\/2021\/09\/WhatsApp-Image-2021-09-18-at-12.12.46.jpg","datePublished":"2021-09-19T13:55:20+00:00","dateModified":"2021-09-19T13:57:07+00:00","description":"Inauguraci\u00f3n. La presidenta del Concejo Deliberante, Paula Grotto, realiz\u00f3 la reapertura de la Galer\u00eda Alfredo Olivo, con la muestra \u00abSo\u00f1adoras de Papel\u00bb","breadcrumb":{"@id":"https:\/\/diariofemenino.com.ar\/df\/inauguracion-sonadoras-de-papel\/#breadcrumb"},"inLanguage":"es","potentialAction":[{"@type":"ReadAction","target":["https:\/\/diariofemenino.com.ar\/df\/inauguracion-sonadoras-de-papel\/"]}]},{"@type":"ImageObject","inLanguage":"es","@id":"https:\/\/diariofemenino.com.ar\/df\/inauguracion-sonadoras-de-papel\/#primaryimage","url":"https:\/\/diariofemenino.com.ar\/df\/wp-content\/uploads\/2021\/09\/WhatsApp-Image-2021-09-18-at-12.12.46.jpg","contentUrl":"https:\/\/diariofemenino.com.ar\/df\/wp-content\/uploads\/2021\/09\/WhatsApp-Image-2021-09-18-at-12.12.46.jpg","width":1280,"height":853,"caption":"Inauguraci\u00f3n \"So\u00f1adoras de papel\""},{"@type":"BreadcrumbList","@id":"https:\/\/diariofemenino.com.ar\/df\/inauguracion-sonadoras-de-papel\/#breadcrumb","itemListElement":[{"@type":"ListItem","position":1,"name":"Portada","item":"https:\/\/diariofemenino.com.ar\/df\/"},{"@type":"ListItem","position":2,"name":"Inauguraci\u00f3n \u00abSo\u00f1adoras de papel\u00bb"}]},{"@type":"WebSite","@id":"https:\/\/diariofemenino.com.ar\/df\/#website","url":"https:\/\/diariofemenino.com.ar\/df\/","name":"Diario Digital Femenino","description":"Cuesti\u00f3n de G\u00e9nero","publisher":{"@id":"https:\/\/diariofemenino.com.ar\/df\/#organization"},"potentialAction":[{"@type":"SearchAction","target":{"@type":"EntryPoint","urlTemplate":"https:\/\/diariofemenino.com.ar\/df\/?s={search_term_string}"},"query-input":{"@type":"PropertyValueSpecification","valueRequired":true,"valueName":"search_term_string"}}],"inLanguage":"es"},{"@type":"Organization","@id":"https:\/\/diariofemenino.com.ar\/df\/#organization","name":"Diario Femenino","url":"https:\/\/diariofemenino.com.ar\/df\/","logo":{"@type":"ImageObject","inLanguage":"es","@id":"https:\/\/diariofemenino.com.ar\/df\/#\/schema\/logo\/image\/","url":"https:\/\/diariofemenino.com.ar\/df\/wp-content\/uploads\/2018\/10\/logo.png","contentUrl":"https:\/\/diariofemenino.com.ar\/df\/wp-content\/uploads\/2018\/10\/logo.png","width":500,"height":92,"caption":"Diario Femenino"},"image":{"@id":"https:\/\/diariofemenino.com.ar\/df\/#\/schema\/logo\/image\/"},"sameAs":["https:\/\/www.facebook.com\/DiarioDigitaFemenino\/","https:\/\/x.com\/DiarioFemenino1"]},{"@type":"Person","@id":"https:\/\/diariofemenino.com.ar\/df\/#\/schema\/person\/bf6199e8158c657ea6f789b11ec85509","name":"Admin","image":{"@type":"ImageObject","inLanguage":"es","@id":"https:\/\/diariofemenino.com.ar\/df\/wp-content\/uploads\/2018\/12\/favicon-150x150.jpg","url":"https:\/\/diariofemenino.com.ar\/df\/wp-content\/uploads\/2018\/12\/favicon-150x150.jpg","contentUrl":"https:\/\/diariofemenino.com.ar\/df\/wp-content\/uploads\/2018\/12\/favicon-150x150.jpg","caption":"Admin"},"url":"https:\/\/diariofemenino.com.ar\/df\/author\/lenny\/"}]}},"jetpack_featured_media_url":"https:\/\/diariofemenino.com.ar\/df\/wp-content\/uploads\/2021\/09\/WhatsApp-Image-2021-09-18-at-12.12.46.jpg","jetpack_sharing_enabled":true,"rttpg_featured_image_url":{"full":["https:\/\/diariofemenino.com.ar\/df\/wp-content\/uploads\/2021\/09\/WhatsApp-Image-2021-09-18-at-12.12.46.jpg",1280,853,false],"landscape":["https:\/\/diariofemenino.com.ar\/df\/wp-content\/uploads\/2021\/09\/WhatsApp-Image-2021-09-18-at-12.12.46.jpg",1280,853,false],"portraits":["https:\/\/diariofemenino.com.ar\/df\/wp-content\/uploads\/2021\/09\/WhatsApp-Image-2021-09-18-at-12.12.46.jpg",1280,853,false],"thumbnail":["https:\/\/diariofemenino.com.ar\/df\/wp-content\/uploads\/2021\/09\/WhatsApp-Image-2021-09-18-at-12.12.46-150x150.jpg",150,150,true],"medium":["https:\/\/diariofemenino.com.ar\/df\/wp-content\/uploads\/2021\/09\/WhatsApp-Image-2021-09-18-at-12.12.46-300x200.jpg",300,200,true],"large":["https:\/\/diariofemenino.com.ar\/df\/wp-content\/uploads\/2021\/09\/WhatsApp-Image-2021-09-18-at-12.12.46-1024x682.jpg",1024,682,true],"1536x1536":["https:\/\/diariofemenino.com.ar\/df\/wp-content\/uploads\/2021\/09\/WhatsApp-Image-2021-09-18-at-12.12.46.jpg",1280,853,false],"2048x2048":["https:\/\/diariofemenino.com.ar\/df\/wp-content\/uploads\/2021\/09\/WhatsApp-Image-2021-09-18-at-12.12.46.jpg",1280,853,false]},"rttpg_author":{"display_name":"Admin","author_link":"https:\/\/diariofemenino.com.ar\/df\/author\/lenny\/"},"rttpg_comment":0,"rttpg_category":"<a href=\"https:\/\/diariofemenino.com.ar\/df\/category\/mujeres\/\" rel=\"category tag\">Mujeres<\/a> <a href=\"https:\/\/diariofemenino.com.ar\/df\/category\/mujeres-de-la-pampa\/\" rel=\"category tag\">Mujeres de La Pampa<\/a>","rttpg_excerpt":"La presidenta del Concejo Deliberante de la ciudad de Santa Rosa, Paula Grotto, realiz\u00f3 ayer la reapertura de la Galer\u00eda de arte Alfredo Olivo, donde qued\u00f3 inaugurada la muestra \u00abSo\u00f1adoras de Papel\u00bb de las artistas visuales Loreley C\u00e1rcamo y Claudia Cardoso. La presidenta, acompa\u00f1ada por las concejalas Alba Fern\u00e1ndez y Lorena Guaiquian, dio la bienvenida&hellip;","_links":{"self":[{"href":"https:\/\/diariofemenino.com.ar\/df\/wp-json\/wp\/v2\/posts\/61020","targetHints":{"allow":["GET"]}}],"collection":[{"href":"https:\/\/diariofemenino.com.ar\/df\/wp-json\/wp\/v2\/posts"}],"about":[{"href":"https:\/\/diariofemenino.com.ar\/df\/wp-json\/wp\/v2\/types\/post"}],"author":[{"embeddable":true,"href":"https:\/\/diariofemenino.com.ar\/df\/wp-json\/wp\/v2\/users\/4"}],"replies":[{"embeddable":true,"href":"https:\/\/diariofemenino.com.ar\/df\/wp-json\/wp\/v2\/comments?post=61020"}],"version-history":[{"count":0,"href":"https:\/\/diariofemenino.com.ar\/df\/wp-json\/wp\/v2\/posts\/61020\/revisions"}],"wp:featuredmedia":[{"embeddable":true,"href":"https:\/\/diariofemenino.com.ar\/df\/wp-json\/wp\/v2\/media\/61021"}],"wp:attachment":[{"href":"https:\/\/diariofemenino.com.ar\/df\/wp-json\/wp\/v2\/media?parent=61020"}],"wp:term":[{"taxonomy":"category","embeddable":true,"href":"https:\/\/diariofemenino.com.ar\/df\/wp-json\/wp\/v2\/categories?post=61020"},{"taxonomy":"post_tag","embeddable":true,"href":"https:\/\/diariofemenino.com.ar\/df\/wp-json\/wp\/v2\/tags?post=61020"}],"curies":[{"name":"wp","href":"https:\/\/api.w.org\/{rel}","templated":true}]}}