{"id":60777,"date":"2021-09-10T07:55:09","date_gmt":"2021-09-10T10:55:09","guid":{"rendered":"https:\/\/diariofemenino.com.ar\/df\/?p=60777"},"modified":"2021-09-10T07:55:09","modified_gmt":"2021-09-10T10:55:09","slug":"ser-transexual-en-dominicana-y-en-pandemia","status":"publish","type":"post","link":"https:\/\/diariofemenino.com.ar\/df\/ser-transexual-en-dominicana-y-en-pandemia\/","title":{"rendered":"Ser transexual en Dominicana y en pandemia"},"content":{"rendered":"<p>Ser transexual en Dominicana y en pandemia, constituye una crisis en medio de un marco de incertidumbre.<\/p>\n<p>El COVID-19 agrav\u00f3 la situaci\u00f3n econ\u00f3mica convirtiendo en una odisea encontrar un empleo o acceder a atenci\u00f3n m\u00e9dica, para cualquier persona transexual. Esta situaci\u00f3n se replica en casi todos los pa\u00edses latinoamericanos.<\/p>\n<p>Por\u00a0<a href=\"https:\/\/diariofemenino.com.ar\/df\/?s=daniel+saban\">Daniel H\u00e9ctor Saban<\/a>*<br \/>\n<a href=\"https:\/\/twitter.com\/danielhectorsa3\">@danielhectorsa3<\/a><\/p>\n<p><span style=\"color: #000000;\">Rep\u00fablica Dominicana, presenta una sociedad muy cat\u00f3lica y conservadora, por lo cual el colectivo LGBT se enfrenta cada d\u00eda a mayores dificultades para lograr el acceso a una ayuda financiera o lograr atenci\u00f3n m\u00e9dica.<\/span><\/p>\n<figure id=\"attachment_60778\" aria-describedby=\"caption-attachment-60778\" style=\"width: 474px\" class=\"wp-caption aligncenter\"><img loading=\"lazy\" decoding=\"async\" class=\"size-full wp-image-60778\" src=\"https:\/\/diariofemenino.com.ar\/df\/wp-content\/uploads\/2021\/09\/trans-en-dominicana.jpg\" alt=\"Ser transexual en Dominicana y en pandemia\" width=\"474\" height=\"316\" srcset=\"https:\/\/diariofemenino.com.ar\/df\/wp-content\/uploads\/2021\/09\/trans-en-dominicana.jpg 474w, https:\/\/diariofemenino.com.ar\/df\/wp-content\/uploads\/2021\/09\/trans-en-dominicana-300x200.jpg 300w\" sizes=\"auto, (max-width: 474px) 100vw, 474px\" \/><figcaption id=\"caption-attachment-60778\" class=\"wp-caption-text\">Ser transexual en Dominicana y en pandemia<\/figcaption><\/figure>\n<p><span style=\"color: #000000;\">Algunas personas transexuales, durante los meses m\u00e1s crudos de la pandemia, han visto disminuido sus ingresos, existiendo personas en situaci\u00f3n de prostituci\u00f3n que seg\u00fan entrevistas efectuadas por France Press han perdido hasta un 80% del volumen de su actividad. En Santo Domingo con el toque de queda nocturno, desde el a\u00f1o pasado, se ha producido el alejamiento de sus frecuentadores en las calles y a los interesados les da verg\u00fcenza ser visibilizados solicitando los servicios de una persona en situaci\u00f3n de prostituci\u00f3n durante el d\u00eda.<\/span><\/p>\n<p><span style=\"color: #000000;\"><strong>Transsa <\/strong>es una organizaci\u00f3n que lucha por los derechos de las personas transexuales en la Rep\u00fablica Dominicana, la cual fue fundada hace unos 15 a\u00f1os, ofreciendo apoyo psicol\u00f3gico, m\u00e9dico y legal. La organizaci\u00f3n pudo registrar unas 150 personas en un programa gubernamental llamado, <em>\u201cQued\u00e9monos en Casa\u201d,<\/em> el cual asigna unos 80 d\u00f3lares estadounidenses, para la compra de comida.<\/span><\/p>\n<p><span style=\"color: #000000;\">La situaci\u00f3n sanitaria en los dos \u00faltimos a\u00f1os ha ido agravando las dificultades, dado que para las personas trans la pandemia representa una crisis dentro de otra crisis. La cuarentena, el toque de queda, la emergencia sanitaria, la prohibici\u00f3n de circulaci\u00f3n y la falta de pol\u00edticas p\u00fablicas, han demostrado el agravamiento de la situaci\u00f3n de pobreza y exclusi\u00f3n de la poblaci\u00f3n Trans.<\/span><\/p>\n<p><span style=\"color: #000000;\"><strong>La Red Latinoamericana y del Caribe de Personas Trans (RedLacTrans),<\/strong> fue creada en 2004 y en la actualidad est\u00e1 conformada por 26 organizaciones, lideradas por mujeres Trans, promoviendo y asegurando que sean \u00e9stas quienes se representen a s\u00ed mismas. La Red promueve los principios de inclusi\u00f3n y participaci\u00f3n con una visi\u00f3n de la misma orientada hac\u00eda una regi\u00f3n sin discriminaci\u00f3n ni violencia, con el respeto a la identidad de g\u00e9nero y el acceso a la salud, la educaci\u00f3n y la justicia.<\/span><\/p>\n<p><span style=\"color: #000000;\">Los datos relevados, si bien son reales y concretos, los mismos resultan insuficientes para poder exhibir cabalmente la realidad dado que es imposible registrar en forma exhaustiva todas las vulneraciones a los derechos humanos que las personas Trans padecen con periodicidad cotidiana en la regi\u00f3n de Centroam\u00e9rica.<\/span><\/p>\n<p><span style=\"color: #000000;\">Durante el desarrollo de esta pandemia de COVID-19 y las cuarentenas aplicadas en Latinoam\u00e9rica y el Caribe se debe destacar que la violencia de g\u00e9nero, los femicidios y transfemicidios han aumentado dram\u00e1ticamente. En este contexto, la<strong> RedLacTrans<\/strong> denuncia la situaci\u00f3n de violencia extrema a las que est\u00e1n expuestas las personas Trans, alertando los peligros del aislamiento.<\/span><\/p>\n<p><span style=\"color: #000000;\"><em>Geisha Collins Paul,<\/em> es una persona en situaci\u00f3n de prostituci\u00f3n de 39 a\u00f1os que vive en Santo Domingo, en Rep\u00fablica Dominicana, y que ha debido, cuando empez\u00f3 el brote de COVID-19, dejar de obtener dinero a cambio de sexo con regularidad&#8230; Sus ingresos han visto disminuido al estar impuesta la prohibici\u00f3n de salida nocturna.<\/span><\/p>\n<p><span style=\"color: #000000;\">En Dominicana, las personas transexuales deben luchar a diario por acceder a los servicios de salud, enfrentando una estigmatizaci\u00f3n social, en medio de una ciudadan\u00eda considerada c\u00f3mo conservadora. Es en ese marco, Geisha cuenta que se le hace dif\u00edcil lograr escapar de las agresiones. \u201cTenemos que escondernos c\u00f3mo ratas\u201d, admitiendo que para poder soportar las largas noches se debe consumir drogas.<\/span><\/p>\n<p><span style=\"color: #000000;\"><em>Cristian King<\/em>, director de la <strong><a href=\"https:\/\/transsa.org\/\">Ong Transsa<\/a>,<\/strong> confirma que la pandemia ha recrudecido la precariedad econ\u00f3mica de sus integrantes. La crisis sanitaria, ha puesto de relieve los problemas a los que se deben enfrentar, para poder conseguir documentos de identidad legales con los cuales poder recibir la vacunaci\u00f3n contra el coronavirus. Sin un carn\u00e9, tampoco se tienen acceso a las ayudas del Estado.<\/span><\/p>\n<figure id=\"attachment_60779\" aria-describedby=\"caption-attachment-60779\" style=\"width: 546px\" class=\"wp-caption aligncenter\"><img loading=\"lazy\" decoding=\"async\" class=\" wp-image-60779\" src=\"https:\/\/diariofemenino.com.ar\/df\/wp-content\/uploads\/2021\/09\/IMG_6164.jpg\" alt=\"Ser transexual en Dominicana y en pandemia\" width=\"546\" height=\"307\" srcset=\"https:\/\/diariofemenino.com.ar\/df\/wp-content\/uploads\/2021\/09\/IMG_6164.jpg 960w, https:\/\/diariofemenino.com.ar\/df\/wp-content\/uploads\/2021\/09\/IMG_6164-300x169.jpg 300w, https:\/\/diariofemenino.com.ar\/df\/wp-content\/uploads\/2021\/09\/IMG_6164-768x432.jpg 768w\" sizes=\"auto, (max-width: 546px) 100vw, 546px\" \/><figcaption id=\"caption-attachment-60779\" class=\"wp-caption-text\">Ser transexual en Dominicana y en pandemia<\/figcaption><\/figure>\n<p><span style=\"color: #000000;\">Alrededor de 9.400 personas transg\u00e9nero viven en Rep\u00fablica Dominicana. De este universo un 27,7% es <strong>seropositiva, <\/strong>siendo un porcentaje demasiado elevado en relaci\u00f3n al resto de la poblaci\u00f3n. Muchas trabajan en el comercio de la explotaci\u00f3n sexual, siendo tal vez la \u00fanica manera de poder ganarse la vida.<\/span><\/p>\n<p><span style=\"color: #000000;\">En Rep\u00fablica Dominicana, la prostituci\u00f3n se encuentra en zona de nebulosa porque si bien no es considerada ilegal. De esta manera, las personas en situaci\u00f3n de prostituci\u00f3n se encuentran en dificultades para acceder a los servicios sociales o subvenciones de car\u00e1cter p\u00fablico.<\/span><\/p>\n<p><span style=\"color: #000000;\">Las personas seropositivas son tomadas en cuenta c\u00f3mo poblaci\u00f3n de riesgo debido a su inmunodepresi\u00f3n, existiendo sin embargo poca informaci\u00f3n sobre el VIH c\u00f3mo factor de riesgo para la covid-19. Sin embargo la poblaci\u00f3n LGBT, prefiere seguir recibiendo el tratamiento antirretroviral a trav\u00e9s de las organizaciones comunitarias sin fines de lucro, que por intermedio del sistema p\u00fablico de salud. Eso acontece para evitar la discriminaci\u00f3n, pero se debe resaltar que la Red Dominicana de Personas Viviendo con VIH, ha denunciado la escasez de medicaci\u00f3n antirretrovirales.<\/span><\/p>\n<p><span style=\"color: #000000;\">Seg\u00fan una encuesta, efectuada sobre las consecuencias de COVID-19 en la poblaci\u00f3n LGBT del pa\u00eds, la misma determin\u00f3 que un 75% de las personas participantes se encontraba en paro y que tan solo un 2% accede a las ayudas del Gobierno.<\/span><\/p>\n<p><span style=\"color: #000000;\">La violencia no constituye un problema excluyente de la Rep\u00fablica Dominicana. Seg\u00fan la organizaci\u00f3n <strong>Trans Murder Monitoring<\/strong>, 350 personas fueron asesinadas entre 2019 y 2020, estando un 62% en situaci\u00f3n de prostituci\u00f3n. Entre 2008 y 2020, se produjeron 3.664 asesinatos registrados en 75 pa\u00edses.<\/span><\/p>\n<p><span style=\"color: #000000;\">C\u00f3mo consecuencia de la covid-19 se ha producido el incremento del racismo y la brutalidad policial. La vida de las personas transexuales y transg\u00e9nero corre evidente peligro.<\/span><\/p>\n<p><span style=\"color: #000000;\">En Rep\u00fablica Dominicana, actualmente las personas transexuales pueden cambiar su nombre legal en los documentos de identidad, mediante un decreto ejecutivo pero no pueden cambiar su g\u00e9nero. Sin embargo muchas carecen de toda documentaci\u00f3n filiatoria.<\/span><\/p>\n<p><span style=\"color: #000000;\">El 31 de marzo se celebra el D\u00eda Internacional de la Visibilidad Trans pero en la Rep\u00fablica Dominicana las personas trans luchan por ser reconocidas tal cual son, enfrentando un contexto generalizado de violencia, discriminaci\u00f3n y exclusi\u00f3n, que les impide acceder en condiciones de igualdad a derechos tan b\u00e1sicos como la educaci\u00f3n, la salud, el trabajo formal y la vivienda digna.<\/span><\/p>\n<p><span style=\"color: #000000;\">Est\u00e1 discriminaci\u00f3n, exacerbada por la pandemia, ha sido se\u00f1alada por organismos internacionales de derechos humanos c\u00f3mo un factor que provoca un c\u00edrculo de pobreza debido a la falta de oportunidades para las personas trans. En las sociedades contempor\u00e1neas no es suficiente con existir sino que se debe verificar el reconocimiento a las personas individuo c\u00f3mo sujetas de derecho.<\/span><\/p>\n<p><span style=\"color: #000000;\">Las personas trans en la Rep\u00fablica Dominicana est\u00e1n a la espera del pago de la deuda hist\u00f3rica que tenemos con ellas. C\u00f3mo muestra, en julio, la C\u00e1mara de Diputados aprob\u00f3 una modificaci\u00f3n del C\u00f3digo Penal que elimina la orientaci\u00f3n sexual y el g\u00e9nero c\u00f3mo dos motivos que conlleven un delito de discriminaci\u00f3n.<\/span><\/p>\n<p>(*)\u00a0Columnista de\u00a0<a href=\"https:\/\/diariofemenino.com.ar\/\">Diario Digital Femenino<\/a><br \/>\n<u><a href=\"mailto:danielhsaban@hotmail.com\">danielhsaban@hotmail.com<\/a><\/u><\/p>\n","protected":false},"excerpt":{"rendered":"<p>Ser transexual en Dominicana y en pandemia, constituye una crisis en medio de un marco de incertidumbre. El COVID-19 agrav\u00f3 la situaci\u00f3n econ\u00f3mica convirtiendo en una odisea encontrar un empleo o acceder a atenci\u00f3n m\u00e9dica, para cualquier persona transexual. Esta situaci\u00f3n se replica en casi todos los pa\u00edses latinoamericanos. Por\u00a0Daniel H\u00e9ctor Saban* @danielhectorsa3 Rep\u00fablica Dominicana, [&hellip;]<\/p>\n","protected":false},"author":4,"featured_media":60780,"comment_status":"open","ping_status":"open","sticky":false,"template":"","format":"standard","meta":{"iawp_total_views":289,"footnotes":""},"categories":[7,178,21,23],"tags":[1188,4790,4789,1228],"class_list":["post-60777","post","type-post","status-publish","format-standard","has-post-thumbnail","hentry","category-actividades","category-articulos-y-comunicados","category-noticias","category-salud","tag-colectivo-lgbt","tag-republica-dominicana","tag-transexual","tag-transgenero"],"nelio_content":{"autoShareEndMode":"never","automationSources":{"useCustomSentences":false,"customSentences":[]},"efiAlt":"","efiUrl":"","followers":[4],"highlights":[],"isAutoShareEnabled":true,"networkImageIds":[],"permalinkQueryArgs":[],"series":[],"suggestedReferences":[]},"yoast_head":"<!-- This site is optimized with the Yoast SEO plugin v27.5 - https:\/\/yoast.com\/product\/yoast-seo-wordpress\/ -->\n<title>Ser transexual en Dominicana y en pandemia - Diario Digital Femenino<\/title>\n<meta name=\"description\" content=\"Ser transexual en Dominicana\" \/>\n<meta name=\"robots\" content=\"index, follow, max-snippet:-1, max-image-preview:large, max-video-preview:-1\" \/>\n<link rel=\"canonical\" href=\"https:\/\/diariofemenino.com.ar\/df\/ser-transexual-en-dominicana-y-en-pandemia\/\" \/>\n<meta property=\"og:locale\" content=\"es_ES\" \/>\n<meta property=\"og:type\" content=\"article\" \/>\n<meta property=\"og:title\" content=\"Ser transexual en Dominicana y en pandemia - Diario Digital Femenino\" \/>\n<meta property=\"og:description\" content=\"Ser transexual en Dominicana\" \/>\n<meta property=\"og:url\" content=\"https:\/\/diariofemenino.com.ar\/df\/ser-transexual-en-dominicana-y-en-pandemia\/\" \/>\n<meta property=\"og:site_name\" content=\"Diario Digital Femenino\" \/>\n<meta property=\"article:publisher\" content=\"https:\/\/www.facebook.com\/DiarioDigitaFemenino\/\" \/>\n<meta property=\"article:published_time\" content=\"2021-09-10T10:55:09+00:00\" \/>\n<meta property=\"og:image\" content=\"https:\/\/diariofemenino.com.ar\/df\/wp-content\/uploads\/2021\/09\/59023665_303.jpg\" \/>\n\t<meta property=\"og:image:width\" content=\"700\" \/>\n\t<meta property=\"og:image:height\" content=\"394\" \/>\n\t<meta property=\"og:image:type\" content=\"image\/jpeg\" \/>\n<meta name=\"author\" content=\"Admin\" \/>\n<meta name=\"twitter:card\" content=\"summary_large_image\" \/>\n<meta name=\"twitter:creator\" content=\"@DiarioFemenino1\" \/>\n<meta name=\"twitter:site\" content=\"@DiarioFemenino1\" \/>\n<meta name=\"twitter:label1\" content=\"Escrito por\" \/>\n\t<meta name=\"twitter:data1\" content=\"Admin\" \/>\n\t<meta name=\"twitter:label2\" content=\"Tiempo de lectura\" \/>\n\t<meta name=\"twitter:data2\" content=\"6 minutos\" \/>\n<script type=\"application\/ld+json\" class=\"yoast-schema-graph\">{\"@context\":\"https:\\\/\\\/schema.org\",\"@graph\":[{\"@type\":\"Article\",\"@id\":\"https:\\\/\\\/diariofemenino.com.ar\\\/df\\\/ser-transexual-en-dominicana-y-en-pandemia\\\/#article\",\"isPartOf\":{\"@id\":\"https:\\\/\\\/diariofemenino.com.ar\\\/df\\\/ser-transexual-en-dominicana-y-en-pandemia\\\/\"},\"author\":{\"name\":\"Admin\",\"@id\":\"https:\\\/\\\/diariofemenino.com.ar\\\/df\\\/#\\\/schema\\\/person\\\/bf6199e8158c657ea6f789b11ec85509\"},\"headline\":\"Ser transexual en Dominicana y en pandemia\",\"datePublished\":\"2021-09-10T10:55:09+00:00\",\"mainEntityOfPage\":{\"@id\":\"https:\\\/\\\/diariofemenino.com.ar\\\/df\\\/ser-transexual-en-dominicana-y-en-pandemia\\\/\"},\"wordCount\":1294,\"commentCount\":0,\"publisher\":{\"@id\":\"https:\\\/\\\/diariofemenino.com.ar\\\/df\\\/#organization\"},\"image\":{\"@id\":\"https:\\\/\\\/diariofemenino.com.ar\\\/df\\\/ser-transexual-en-dominicana-y-en-pandemia\\\/#primaryimage\"},\"thumbnailUrl\":\"https:\\\/\\\/diariofemenino.com.ar\\\/df\\\/wp-content\\\/uploads\\\/2021\\\/09\\\/59023665_303.jpg\",\"keywords\":[\"Colectivo LGBT\",\"Rep\u00fablica Dominicana\",\"Transexual\",\"transg\u00e9nero\"],\"articleSection\":[\"Actividades\",\"Art\u00edculos y Comunicados\",\"Noticias\",\"Salud\"],\"inLanguage\":\"es\",\"potentialAction\":[{\"@type\":\"CommentAction\",\"name\":\"Comment\",\"target\":[\"https:\\\/\\\/diariofemenino.com.ar\\\/df\\\/ser-transexual-en-dominicana-y-en-pandemia\\\/#respond\"]}]},{\"@type\":\"WebPage\",\"@id\":\"https:\\\/\\\/diariofemenino.com.ar\\\/df\\\/ser-transexual-en-dominicana-y-en-pandemia\\\/\",\"url\":\"https:\\\/\\\/diariofemenino.com.ar\\\/df\\\/ser-transexual-en-dominicana-y-en-pandemia\\\/\",\"name\":\"Ser transexual en Dominicana y en pandemia - Diario Digital Femenino\",\"isPartOf\":{\"@id\":\"https:\\\/\\\/diariofemenino.com.ar\\\/df\\\/#website\"},\"primaryImageOfPage\":{\"@id\":\"https:\\\/\\\/diariofemenino.com.ar\\\/df\\\/ser-transexual-en-dominicana-y-en-pandemia\\\/#primaryimage\"},\"image\":{\"@id\":\"https:\\\/\\\/diariofemenino.com.ar\\\/df\\\/ser-transexual-en-dominicana-y-en-pandemia\\\/#primaryimage\"},\"thumbnailUrl\":\"https:\\\/\\\/diariofemenino.com.ar\\\/df\\\/wp-content\\\/uploads\\\/2021\\\/09\\\/59023665_303.jpg\",\"datePublished\":\"2021-09-10T10:55:09+00:00\",\"description\":\"Ser transexual en Dominicana\",\"breadcrumb\":{\"@id\":\"https:\\\/\\\/diariofemenino.com.ar\\\/df\\\/ser-transexual-en-dominicana-y-en-pandemia\\\/#breadcrumb\"},\"inLanguage\":\"es\",\"potentialAction\":[{\"@type\":\"ReadAction\",\"target\":[\"https:\\\/\\\/diariofemenino.com.ar\\\/df\\\/ser-transexual-en-dominicana-y-en-pandemia\\\/\"]}]},{\"@type\":\"ImageObject\",\"inLanguage\":\"es\",\"@id\":\"https:\\\/\\\/diariofemenino.com.ar\\\/df\\\/ser-transexual-en-dominicana-y-en-pandemia\\\/#primaryimage\",\"url\":\"https:\\\/\\\/diariofemenino.com.ar\\\/df\\\/wp-content\\\/uploads\\\/2021\\\/09\\\/59023665_303.jpg\",\"contentUrl\":\"https:\\\/\\\/diariofemenino.com.ar\\\/df\\\/wp-content\\\/uploads\\\/2021\\\/09\\\/59023665_303.jpg\",\"width\":700,\"height\":394},{\"@type\":\"BreadcrumbList\",\"@id\":\"https:\\\/\\\/diariofemenino.com.ar\\\/df\\\/ser-transexual-en-dominicana-y-en-pandemia\\\/#breadcrumb\",\"itemListElement\":[{\"@type\":\"ListItem\",\"position\":1,\"name\":\"Portada\",\"item\":\"https:\\\/\\\/diariofemenino.com.ar\\\/df\\\/\"},{\"@type\":\"ListItem\",\"position\":2,\"name\":\"Ser transexual en Dominicana y en pandemia\"}]},{\"@type\":\"WebSite\",\"@id\":\"https:\\\/\\\/diariofemenino.com.ar\\\/df\\\/#website\",\"url\":\"https:\\\/\\\/diariofemenino.com.ar\\\/df\\\/\",\"name\":\"Diario Digital Femenino\",\"description\":\"Cuesti\u00f3n de G\u00e9nero\",\"publisher\":{\"@id\":\"https:\\\/\\\/diariofemenino.com.ar\\\/df\\\/#organization\"},\"potentialAction\":[{\"@type\":\"SearchAction\",\"target\":{\"@type\":\"EntryPoint\",\"urlTemplate\":\"https:\\\/\\\/diariofemenino.com.ar\\\/df\\\/?s={search_term_string}\"},\"query-input\":{\"@type\":\"PropertyValueSpecification\",\"valueRequired\":true,\"valueName\":\"search_term_string\"}}],\"inLanguage\":\"es\"},{\"@type\":\"Organization\",\"@id\":\"https:\\\/\\\/diariofemenino.com.ar\\\/df\\\/#organization\",\"name\":\"Diario Femenino\",\"url\":\"https:\\\/\\\/diariofemenino.com.ar\\\/df\\\/\",\"logo\":{\"@type\":\"ImageObject\",\"inLanguage\":\"es\",\"@id\":\"https:\\\/\\\/diariofemenino.com.ar\\\/df\\\/#\\\/schema\\\/logo\\\/image\\\/\",\"url\":\"https:\\\/\\\/diariofemenino.com.ar\\\/df\\\/wp-content\\\/uploads\\\/2018\\\/10\\\/logo.png\",\"contentUrl\":\"https:\\\/\\\/diariofemenino.com.ar\\\/df\\\/wp-content\\\/uploads\\\/2018\\\/10\\\/logo.png\",\"width\":500,\"height\":92,\"caption\":\"Diario Femenino\"},\"image\":{\"@id\":\"https:\\\/\\\/diariofemenino.com.ar\\\/df\\\/#\\\/schema\\\/logo\\\/image\\\/\"},\"sameAs\":[\"https:\\\/\\\/www.facebook.com\\\/DiarioDigitaFemenino\\\/\",\"https:\\\/\\\/x.com\\\/DiarioFemenino1\"]},{\"@type\":\"Person\",\"@id\":\"https:\\\/\\\/diariofemenino.com.ar\\\/df\\\/#\\\/schema\\\/person\\\/bf6199e8158c657ea6f789b11ec85509\",\"name\":\"Admin\",\"image\":{\"@type\":\"ImageObject\",\"inLanguage\":\"es\",\"@id\":\"https:\\\/\\\/diariofemenino.com.ar\\\/df\\\/wp-content\\\/uploads\\\/2018\\\/12\\\/favicon-150x150.jpg\",\"url\":\"https:\\\/\\\/diariofemenino.com.ar\\\/df\\\/wp-content\\\/uploads\\\/2018\\\/12\\\/favicon-150x150.jpg\",\"contentUrl\":\"https:\\\/\\\/diariofemenino.com.ar\\\/df\\\/wp-content\\\/uploads\\\/2018\\\/12\\\/favicon-150x150.jpg\",\"caption\":\"Admin\"},\"url\":\"https:\\\/\\\/diariofemenino.com.ar\\\/df\\\/author\\\/lenny\\\/\"}]}<\/script>\n<!-- \/ Yoast SEO plugin. -->","yoast_head_json":{"title":"Ser transexual en Dominicana y en pandemia - Diario Digital Femenino","description":"Ser transexual en Dominicana","robots":{"index":"index","follow":"follow","max-snippet":"max-snippet:-1","max-image-preview":"max-image-preview:large","max-video-preview":"max-video-preview:-1"},"canonical":"https:\/\/diariofemenino.com.ar\/df\/ser-transexual-en-dominicana-y-en-pandemia\/","og_locale":"es_ES","og_type":"article","og_title":"Ser transexual en Dominicana y en pandemia - Diario Digital Femenino","og_description":"Ser transexual en Dominicana","og_url":"https:\/\/diariofemenino.com.ar\/df\/ser-transexual-en-dominicana-y-en-pandemia\/","og_site_name":"Diario Digital Femenino","article_publisher":"https:\/\/www.facebook.com\/DiarioDigitaFemenino\/","article_published_time":"2021-09-10T10:55:09+00:00","og_image":[{"width":700,"height":394,"url":"https:\/\/diariofemenino.com.ar\/df\/wp-content\/uploads\/2021\/09\/59023665_303.jpg","type":"image\/jpeg"}],"author":"Admin","twitter_card":"summary_large_image","twitter_creator":"@DiarioFemenino1","twitter_site":"@DiarioFemenino1","twitter_misc":{"Escrito por":"Admin","Tiempo de lectura":"6 minutos"},"schema":{"@context":"https:\/\/schema.org","@graph":[{"@type":"Article","@id":"https:\/\/diariofemenino.com.ar\/df\/ser-transexual-en-dominicana-y-en-pandemia\/#article","isPartOf":{"@id":"https:\/\/diariofemenino.com.ar\/df\/ser-transexual-en-dominicana-y-en-pandemia\/"},"author":{"name":"Admin","@id":"https:\/\/diariofemenino.com.ar\/df\/#\/schema\/person\/bf6199e8158c657ea6f789b11ec85509"},"headline":"Ser transexual en Dominicana y en pandemia","datePublished":"2021-09-10T10:55:09+00:00","mainEntityOfPage":{"@id":"https:\/\/diariofemenino.com.ar\/df\/ser-transexual-en-dominicana-y-en-pandemia\/"},"wordCount":1294,"commentCount":0,"publisher":{"@id":"https:\/\/diariofemenino.com.ar\/df\/#organization"},"image":{"@id":"https:\/\/diariofemenino.com.ar\/df\/ser-transexual-en-dominicana-y-en-pandemia\/#primaryimage"},"thumbnailUrl":"https:\/\/diariofemenino.com.ar\/df\/wp-content\/uploads\/2021\/09\/59023665_303.jpg","keywords":["Colectivo LGBT","Rep\u00fablica Dominicana","Transexual","transg\u00e9nero"],"articleSection":["Actividades","Art\u00edculos y Comunicados","Noticias","Salud"],"inLanguage":"es","potentialAction":[{"@type":"CommentAction","name":"Comment","target":["https:\/\/diariofemenino.com.ar\/df\/ser-transexual-en-dominicana-y-en-pandemia\/#respond"]}]},{"@type":"WebPage","@id":"https:\/\/diariofemenino.com.ar\/df\/ser-transexual-en-dominicana-y-en-pandemia\/","url":"https:\/\/diariofemenino.com.ar\/df\/ser-transexual-en-dominicana-y-en-pandemia\/","name":"Ser transexual en Dominicana y en pandemia - Diario Digital Femenino","isPartOf":{"@id":"https:\/\/diariofemenino.com.ar\/df\/#website"},"primaryImageOfPage":{"@id":"https:\/\/diariofemenino.com.ar\/df\/ser-transexual-en-dominicana-y-en-pandemia\/#primaryimage"},"image":{"@id":"https:\/\/diariofemenino.com.ar\/df\/ser-transexual-en-dominicana-y-en-pandemia\/#primaryimage"},"thumbnailUrl":"https:\/\/diariofemenino.com.ar\/df\/wp-content\/uploads\/2021\/09\/59023665_303.jpg","datePublished":"2021-09-10T10:55:09+00:00","description":"Ser transexual en Dominicana","breadcrumb":{"@id":"https:\/\/diariofemenino.com.ar\/df\/ser-transexual-en-dominicana-y-en-pandemia\/#breadcrumb"},"inLanguage":"es","potentialAction":[{"@type":"ReadAction","target":["https:\/\/diariofemenino.com.ar\/df\/ser-transexual-en-dominicana-y-en-pandemia\/"]}]},{"@type":"ImageObject","inLanguage":"es","@id":"https:\/\/diariofemenino.com.ar\/df\/ser-transexual-en-dominicana-y-en-pandemia\/#primaryimage","url":"https:\/\/diariofemenino.com.ar\/df\/wp-content\/uploads\/2021\/09\/59023665_303.jpg","contentUrl":"https:\/\/diariofemenino.com.ar\/df\/wp-content\/uploads\/2021\/09\/59023665_303.jpg","width":700,"height":394},{"@type":"BreadcrumbList","@id":"https:\/\/diariofemenino.com.ar\/df\/ser-transexual-en-dominicana-y-en-pandemia\/#breadcrumb","itemListElement":[{"@type":"ListItem","position":1,"name":"Portada","item":"https:\/\/diariofemenino.com.ar\/df\/"},{"@type":"ListItem","position":2,"name":"Ser transexual en Dominicana y en pandemia"}]},{"@type":"WebSite","@id":"https:\/\/diariofemenino.com.ar\/df\/#website","url":"https:\/\/diariofemenino.com.ar\/df\/","name":"Diario Digital Femenino","description":"Cuesti\u00f3n de G\u00e9nero","publisher":{"@id":"https:\/\/diariofemenino.com.ar\/df\/#organization"},"potentialAction":[{"@type":"SearchAction","target":{"@type":"EntryPoint","urlTemplate":"https:\/\/diariofemenino.com.ar\/df\/?s={search_term_string}"},"query-input":{"@type":"PropertyValueSpecification","valueRequired":true,"valueName":"search_term_string"}}],"inLanguage":"es"},{"@type":"Organization","@id":"https:\/\/diariofemenino.com.ar\/df\/#organization","name":"Diario Femenino","url":"https:\/\/diariofemenino.com.ar\/df\/","logo":{"@type":"ImageObject","inLanguage":"es","@id":"https:\/\/diariofemenino.com.ar\/df\/#\/schema\/logo\/image\/","url":"https:\/\/diariofemenino.com.ar\/df\/wp-content\/uploads\/2018\/10\/logo.png","contentUrl":"https:\/\/diariofemenino.com.ar\/df\/wp-content\/uploads\/2018\/10\/logo.png","width":500,"height":92,"caption":"Diario Femenino"},"image":{"@id":"https:\/\/diariofemenino.com.ar\/df\/#\/schema\/logo\/image\/"},"sameAs":["https:\/\/www.facebook.com\/DiarioDigitaFemenino\/","https:\/\/x.com\/DiarioFemenino1"]},{"@type":"Person","@id":"https:\/\/diariofemenino.com.ar\/df\/#\/schema\/person\/bf6199e8158c657ea6f789b11ec85509","name":"Admin","image":{"@type":"ImageObject","inLanguage":"es","@id":"https:\/\/diariofemenino.com.ar\/df\/wp-content\/uploads\/2018\/12\/favicon-150x150.jpg","url":"https:\/\/diariofemenino.com.ar\/df\/wp-content\/uploads\/2018\/12\/favicon-150x150.jpg","contentUrl":"https:\/\/diariofemenino.com.ar\/df\/wp-content\/uploads\/2018\/12\/favicon-150x150.jpg","caption":"Admin"},"url":"https:\/\/diariofemenino.com.ar\/df\/author\/lenny\/"}]}},"jetpack_featured_media_url":"https:\/\/diariofemenino.com.ar\/df\/wp-content\/uploads\/2021\/09\/59023665_303.jpg","jetpack_sharing_enabled":true,"rttpg_featured_image_url":{"full":["https:\/\/diariofemenino.com.ar\/df\/wp-content\/uploads\/2021\/09\/59023665_303.jpg",700,394,false],"landscape":["https:\/\/diariofemenino.com.ar\/df\/wp-content\/uploads\/2021\/09\/59023665_303.jpg",700,394,false],"portraits":["https:\/\/diariofemenino.com.ar\/df\/wp-content\/uploads\/2021\/09\/59023665_303.jpg",700,394,false],"thumbnail":["https:\/\/diariofemenino.com.ar\/df\/wp-content\/uploads\/2021\/09\/59023665_303-150x150.jpg",150,150,true],"medium":["https:\/\/diariofemenino.com.ar\/df\/wp-content\/uploads\/2021\/09\/59023665_303-300x169.jpg",300,169,true],"large":["https:\/\/diariofemenino.com.ar\/df\/wp-content\/uploads\/2021\/09\/59023665_303.jpg",700,394,false],"1536x1536":["https:\/\/diariofemenino.com.ar\/df\/wp-content\/uploads\/2021\/09\/59023665_303.jpg",700,394,false],"2048x2048":["https:\/\/diariofemenino.com.ar\/df\/wp-content\/uploads\/2021\/09\/59023665_303.jpg",700,394,false]},"rttpg_author":{"display_name":"Admin","author_link":"https:\/\/diariofemenino.com.ar\/df\/author\/lenny\/"},"rttpg_comment":0,"rttpg_category":"<a href=\"https:\/\/diariofemenino.com.ar\/df\/category\/actividades\/\" rel=\"category tag\">Actividades<\/a> <a href=\"https:\/\/diariofemenino.com.ar\/df\/category\/articulos-y-comunicados\/\" rel=\"category tag\">Art\u00edculos y Comunicados<\/a> <a href=\"https:\/\/diariofemenino.com.ar\/df\/category\/noticias\/\" rel=\"category tag\">Noticias<\/a> <a href=\"https:\/\/diariofemenino.com.ar\/df\/category\/salud\/\" rel=\"category tag\">Salud<\/a>","rttpg_excerpt":"Ser transexual en Dominicana y en pandemia, constituye una crisis en medio de un marco de incertidumbre. El COVID-19 agrav\u00f3 la situaci\u00f3n econ\u00f3mica convirtiendo en una odisea encontrar un empleo o acceder a atenci\u00f3n m\u00e9dica, para cualquier persona transexual. Esta situaci\u00f3n se replica en casi todos los pa\u00edses latinoamericanos. Por\u00a0Daniel H\u00e9ctor Saban* @danielhectorsa3 Rep\u00fablica Dominicana,&hellip;","_links":{"self":[{"href":"https:\/\/diariofemenino.com.ar\/df\/wp-json\/wp\/v2\/posts\/60777","targetHints":{"allow":["GET"]}}],"collection":[{"href":"https:\/\/diariofemenino.com.ar\/df\/wp-json\/wp\/v2\/posts"}],"about":[{"href":"https:\/\/diariofemenino.com.ar\/df\/wp-json\/wp\/v2\/types\/post"}],"author":[{"embeddable":true,"href":"https:\/\/diariofemenino.com.ar\/df\/wp-json\/wp\/v2\/users\/4"}],"replies":[{"embeddable":true,"href":"https:\/\/diariofemenino.com.ar\/df\/wp-json\/wp\/v2\/comments?post=60777"}],"version-history":[{"count":0,"href":"https:\/\/diariofemenino.com.ar\/df\/wp-json\/wp\/v2\/posts\/60777\/revisions"}],"wp:featuredmedia":[{"embeddable":true,"href":"https:\/\/diariofemenino.com.ar\/df\/wp-json\/wp\/v2\/media\/60780"}],"wp:attachment":[{"href":"https:\/\/diariofemenino.com.ar\/df\/wp-json\/wp\/v2\/media?parent=60777"}],"wp:term":[{"taxonomy":"category","embeddable":true,"href":"https:\/\/diariofemenino.com.ar\/df\/wp-json\/wp\/v2\/categories?post=60777"},{"taxonomy":"post_tag","embeddable":true,"href":"https:\/\/diariofemenino.com.ar\/df\/wp-json\/wp\/v2\/tags?post=60777"}],"curies":[{"name":"wp","href":"https:\/\/api.w.org\/{rel}","templated":true}]}}