{"id":60769,"date":"2021-09-10T07:08:45","date_gmt":"2021-09-10T10:08:45","guid":{"rendered":"https:\/\/diariofemenino.com.ar\/df\/?p=60769"},"modified":"2021-09-10T07:08:45","modified_gmt":"2021-09-10T10:08:45","slug":"voces-indigenas-frente-a-la-crisis-climatica-en-america-latina","status":"publish","type":"post","link":"https:\/\/diariofemenino.com.ar\/df\/voces-indigenas-frente-a-la-crisis-climatica-en-america-latina\/","title":{"rendered":"Voces ind\u00edgenas frente a la crisis clim\u00e1tica en Am\u00e9rica Latina"},"content":{"rendered":"<p><a href=\"https:\/\/chicaspoderosas.org\/category\/argentina\/\">Chicas Poderosas Argentina<\/a>, con el apoyo de la Embajada Brit\u00e1nica en Buenos Aires, <a href=\"https:\/\/diariofemenino.com.ar\/df\/category\/actividades\/\">invita<\/a> al conversatorio digital <strong>\u201cVoces ind\u00edgenas frente la crisis clim\u00e1tica en Am\u00e9rica Latina\u201d<\/strong> el 28 de septiembre a las 18 horas (Argentina). Participar\u00e1n referentes del Movimiento de <a href=\"https:\/\/diariofemenino.com.ar\/df\/category\/articulos\/\">Mujeres<\/a> Ind\u00edgenas por el Buen Vivir de Argentina, de la Organizaci\u00f3n Nacional Ind\u00edgena de Colombia y de la Asociaci\u00f3n de Mujeres Ind\u00edgenas de Talamanca en Costa Rica, con la moderaci\u00f3n de Nicole Becker, activista que forma parte de la organizaci\u00f3n J\u00f3venes por el Clima.<\/p>\n<p>El nuevo informe del Panel Intergubernamental del Cambio Clim\u00e1tico (IPCC) confirma que las actividades humanas son las responsables de los dr\u00e1sticos cambios de temperatura del planeta. Las industrias que emiten gases de efecto invernadero, la deforestaci\u00f3n y las modificaciones en el uso de suelo han contribuido al calentamiento de la atm\u00f3sfera, el oc\u00e9ano y la tierra. Las consecuencias son fen\u00f3menos clim\u00e1ticos extremos que amenazan nuestra supervivencia en la Tierra.<\/p>\n<p>Los pueblos ind\u00edgenas, que constituyen menos del 5% de la poblaci\u00f3n mundial, contribuyen con sus pr\u00e1cticas a salvaguardar el 80% de la biodiversidad mundial. Su mirada resulta fundamental a la hora de pensar soluciones a la crisis clim\u00e1tica, pero no suelen ser consultados.\u00a0 \u00abLos pueblos ind\u00edgenas deben ser parte de la soluci\u00f3n al cambio clim\u00e1tico porque poseen los conocimientos tradicionales de sus antepasados. El importante valor de esos conocimientos simplemente no puede y no debe ser subestimado\u00bb, dijo la Secretaria Ejecutiva de ONU Cambio Clim\u00e1tico, Patricia Espinosa, en el informe del IPCC.<\/p>\n<p>La <strong>Organizaci\u00f3n Nacional Ind\u00edgena de Colombia<\/strong> fue fundada en 1982 y re\u00fane m\u00e1s de 50 organizaciones que defienden los principios de unidad, territorio, cultura y autonom\u00eda. En Costa Rica, la <strong>Asociaci\u00f3n de Mujeres Ind\u00edgenas de Talamanca<\/strong> fue fundada en 1991 y est\u00e1 compuesta por m\u00e1s de 90 mujeres que se dedican al desarrollo de actividades ancestrales de la mano de pr\u00e1cticas sostenibles. El <strong>Movimiento de Mujeres Ind\u00edgenas por el Buen Vivir <\/strong>de Argentina surgi\u00f3 en 2013 y nuclea a 36 naciones ind\u00edgenas. En sus marchas y caminatas se refieren a la situaci\u00f3n actual del planeta como terricidio, la destrucci\u00f3n tanto del ecosistema tangible como del ecosistema espiritual.<\/p>\n<p>Chicas Poderosas Argentina invita a escuchar la voz de mujeres ind\u00edgenas de distintas organizaciones de la regi\u00f3n contar c\u00f3mo son afectadas por la crisis clim\u00e1tica, su experiencia en la protecci\u00f3n de sus territorios, la responsabilidad de los Estados, su rol como defensoras ambientales y posibles soluciones desde su cosmovisi\u00f3n.<\/p>\n<p>La conversaci\u00f3n se realizar\u00e1 en Zoom, con inscripci\u00f3n previa en: <\/p>\n<figure id=\"attachment_60773\" aria-describedby=\"caption-attachment-60773\" style=\"width: 575px\" class=\"wp-caption aligncenter\"><img loading=\"lazy\" decoding=\"async\" class=\" wp-image-60773\" src=\"https:\/\/diariofemenino.com.ar\/df\/wp-content\/uploads\/2021\/09\/FB-voces-convocatoria-1024x538.png\" alt=\"Voces ind\u00edgenas frente a la crisis clim\u00e1tica en Am\u00e9rica Latina\" width=\"575\" height=\"302\" srcset=\"https:\/\/diariofemenino.com.ar\/df\/wp-content\/uploads\/2021\/09\/FB-voces-convocatoria-1024x538.png 1024w, https:\/\/diariofemenino.com.ar\/df\/wp-content\/uploads\/2021\/09\/FB-voces-convocatoria-300x158.png 300w, https:\/\/diariofemenino.com.ar\/df\/wp-content\/uploads\/2021\/09\/FB-voces-convocatoria-768x403.png 768w, https:\/\/diariofemenino.com.ar\/df\/wp-content\/uploads\/2021\/09\/FB-voces-convocatoria.png 1200w\" sizes=\"auto, (max-width: 575px) 100vw, 575px\" \/><figcaption id=\"caption-attachment-60773\" class=\"wp-caption-text\">Voces ind\u00edgenas frente a la crisis clim\u00e1tica en Am\u00e9rica Latina<\/figcaption><\/figure>\n<p><strong>Sobre Chicas Poderosas<\/p>\n<p><\/strong>Chicas Poderosas es una comunidad global que promueve el cambio inspirando y fomentando el desarrollo de mujeres en medios de comunicaci\u00f3n y creando oportunidades para que todas las voces sean escuchadas.<\/p>\n<p>Mariana Santos fund\u00f3 la organizaci\u00f3n en 2013, cuando era ICFJ fellow, para cerrar la brecha de g\u00e9nero en las salas de redacci\u00f3n, especialmente en Am\u00e9rica Latina. Entre 2014 y 2015, como becaria de la Universidad de Stanford en Estados Unidos, Mariana llev\u00f3 a la organizaci\u00f3n al siguiente nivel.<\/p>\n<p>Desde su creaci\u00f3n el objetivo de Chicas Poderosas ha sido promover el liderazgo femenino y la igualdad de g\u00e9nero en los medios. Al interior de las empresas de medios las mujeres est\u00e1n sub representadas en los puestos de liderazgo y en cargos intermedios . Tambi\u00e9n lo est\u00e1n como fuentes informativas y como protagonistas de la noticia. Esto genera una agenda editorial con una perspectiva limitada, ya que excluye las voces y tem\u00e1ticas vinculadas a las mujeres y disidencias del debate p\u00fablico. M\u00e1s aun, la subrepresentaci\u00f3n de las mujeres en los medios perpet\u00faa las desigualdades.<\/p>\n<p>Para abordar la brecha de g\u00e9nero en los medios, Chicas Poderosas ofrece capacitaci\u00f3n profesional para brindar a mujeres y disidencias las habilidades concretas que necesitan para llevar su carrera al siguiente nivel, impulsar proyectos empresariales y promover el liderazgo femenino en el periodismo. Como comunidad, Chicas Poderosas ofrece a las mujeres que trabajan en medios una red de apoyo que funciona como un espacio para intercambiar conocimientos y experiencias, y brindar acceso a oportunidades para desarrollar sus carreras. Chicas Poderosas tambi\u00e9n est\u00e1 cambiando la narrativa para transformar el mundo, promoviendo espacios para la creaci\u00f3n de proyectos de periodismo colaborativo.<\/p>\n<p><a href=\"https:\/\/chicaspoderosas.org\/que-hacemos\/\" target=\"_blank\" rel=\"noreferrer noopener\" aria-label=\"Aprende m\u00e1s sobre lo que hacemos (opens in a new tab)\">Conoce m\u00e1s sobre lo que hacen<\/a><\/p>\n<p><strong>\u00a0<\/strong><\/p>\n","protected":false},"excerpt":{"rendered":"<p>Chicas Poderosas Argentina, con el apoyo de la Embajada Brit\u00e1nica en Buenos Aires, invita al conversatorio digital \u201cVoces ind\u00edgenas frente la crisis clim\u00e1tica en Am\u00e9rica Latina\u201d el 28 de septiembre a las 18 horas (Argentina). Participar\u00e1n referentes del Movimiento de Mujeres Ind\u00edgenas por el Buen Vivir de Argentina, de la Organizaci\u00f3n Nacional Ind\u00edgena de Colombia [&hellip;]<\/p>\n","protected":false},"author":4,"featured_media":60774,"comment_status":"open","ping_status":"open","sticky":false,"template":"","format":"standard","meta":{"iawp_total_views":5,"footnotes":""},"categories":[7,178,6,21],"tags":[2442,4787,2893,4788],"class_list":["post-60769","post","type-post","status-publish","format-standard","has-post-thumbnail","hentry","category-actividades","category-articulos-y-comunicados","category-articulos","category-noticias","tag-america-latina","tag-chicas-poderosas-argentina","tag-crisis-climatica","tag-voces-indigenas"],"nelio_content":{"autoShareEndMode":"never","automationSources":{"useCustomSentences":false,"customSentences":[]},"efiAlt":"","efiUrl":"","followers":[4],"highlights":[],"isAutoShareEnabled":true,"networkImageIds":[],"permalinkQueryArgs":[],"series":[],"suggestedReferences":[]},"yoast_head":"<!-- This site is optimized with the Yoast SEO plugin v27.5 - https:\/\/yoast.com\/product\/yoast-seo-wordpress\/ -->\n<title>Voces ind\u00edgenas frente a la crisis clim\u00e1tica en Am\u00e9rica Latina - Diario Digital Femenino<\/title>\n<meta name=\"description\" content=\"Voces ind\u00edgenas. Chicas Poderosas Argentina invita al conversatorio digital \u201cVoces ind\u00edgenas frente la crisis clim\u00e1tica en Am\u00e9rica Latina\u201d.\" \/>\n<meta name=\"robots\" content=\"index, follow, max-snippet:-1, max-image-preview:large, max-video-preview:-1\" \/>\n<link rel=\"canonical\" href=\"https:\/\/diariofemenino.com.ar\/df\/voces-indigenas-frente-a-la-crisis-climatica-en-america-latina\/\" \/>\n<meta property=\"og:locale\" content=\"es_ES\" \/>\n<meta property=\"og:type\" content=\"article\" \/>\n<meta property=\"og:title\" content=\"Voces ind\u00edgenas frente a la crisis clim\u00e1tica en Am\u00e9rica Latina - Diario Digital Femenino\" \/>\n<meta property=\"og:description\" content=\"Voces ind\u00edgenas. Chicas Poderosas Argentina invita al conversatorio digital \u201cVoces ind\u00edgenas frente la crisis clim\u00e1tica en Am\u00e9rica Latina\u201d.\" \/>\n<meta property=\"og:url\" content=\"https:\/\/diariofemenino.com.ar\/df\/voces-indigenas-frente-a-la-crisis-climatica-en-america-latina\/\" \/>\n<meta property=\"og:site_name\" content=\"Diario Digital Femenino\" \/>\n<meta property=\"article:publisher\" content=\"https:\/\/www.facebook.com\/DiarioDigitaFemenino\/\" \/>\n<meta property=\"article:published_time\" content=\"2021-09-10T10:08:45+00:00\" \/>\n<meta property=\"og:image\" content=\"https:\/\/diariofemenino.com.ar\/df\/wp-content\/uploads\/2021\/09\/IG-feed-voces-convocatoria.png\" \/>\n\t<meta property=\"og:image:width\" content=\"1080\" \/>\n\t<meta property=\"og:image:height\" content=\"1080\" \/>\n\t<meta property=\"og:image:type\" content=\"image\/png\" \/>\n<meta name=\"author\" content=\"Admin\" \/>\n<meta name=\"twitter:card\" content=\"summary_large_image\" \/>\n<meta name=\"twitter:creator\" content=\"@DiarioFemenino1\" \/>\n<meta name=\"twitter:site\" content=\"@DiarioFemenino1\" \/>\n<meta name=\"twitter:label1\" content=\"Escrito por\" \/>\n\t<meta name=\"twitter:data1\" content=\"Admin\" \/>\n\t<meta name=\"twitter:label2\" content=\"Tiempo de lectura\" \/>\n\t<meta name=\"twitter:data2\" content=\"4 minutos\" \/>\n<script type=\"application\/ld+json\" class=\"yoast-schema-graph\">{\"@context\":\"https:\\\/\\\/schema.org\",\"@graph\":[{\"@type\":\"Article\",\"@id\":\"https:\\\/\\\/diariofemenino.com.ar\\\/df\\\/voces-indigenas-frente-a-la-crisis-climatica-en-america-latina\\\/#article\",\"isPartOf\":{\"@id\":\"https:\\\/\\\/diariofemenino.com.ar\\\/df\\\/voces-indigenas-frente-a-la-crisis-climatica-en-america-latina\\\/\"},\"author\":{\"name\":\"Admin\",\"@id\":\"https:\\\/\\\/diariofemenino.com.ar\\\/df\\\/#\\\/schema\\\/person\\\/bf6199e8158c657ea6f789b11ec85509\"},\"headline\":\"Voces ind\u00edgenas frente a la crisis clim\u00e1tica en Am\u00e9rica Latina\",\"datePublished\":\"2021-09-10T10:08:45+00:00\",\"mainEntityOfPage\":{\"@id\":\"https:\\\/\\\/diariofemenino.com.ar\\\/df\\\/voces-indigenas-frente-a-la-crisis-climatica-en-america-latina\\\/\"},\"wordCount\":781,\"commentCount\":0,\"publisher\":{\"@id\":\"https:\\\/\\\/diariofemenino.com.ar\\\/df\\\/#organization\"},\"image\":{\"@id\":\"https:\\\/\\\/diariofemenino.com.ar\\\/df\\\/voces-indigenas-frente-a-la-crisis-climatica-en-america-latina\\\/#primaryimage\"},\"thumbnailUrl\":\"https:\\\/\\\/diariofemenino.com.ar\\\/df\\\/wp-content\\\/uploads\\\/2021\\\/09\\\/IG-feed-voces-convocatoria.png\",\"keywords\":[\"america latina\",\"Chicas Poderosas Argentina\",\"Crisis clim\u00e1tica\",\"Voces ind\u00edgenas\"],\"articleSection\":[\"Actividades\",\"Art\u00edculos y Comunicados\",\"Mujeres en Palabras\",\"Noticias\"],\"inLanguage\":\"es\",\"potentialAction\":[{\"@type\":\"CommentAction\",\"name\":\"Comment\",\"target\":[\"https:\\\/\\\/diariofemenino.com.ar\\\/df\\\/voces-indigenas-frente-a-la-crisis-climatica-en-america-latina\\\/#respond\"]}]},{\"@type\":\"WebPage\",\"@id\":\"https:\\\/\\\/diariofemenino.com.ar\\\/df\\\/voces-indigenas-frente-a-la-crisis-climatica-en-america-latina\\\/\",\"url\":\"https:\\\/\\\/diariofemenino.com.ar\\\/df\\\/voces-indigenas-frente-a-la-crisis-climatica-en-america-latina\\\/\",\"name\":\"Voces ind\u00edgenas frente a la crisis clim\u00e1tica en Am\u00e9rica Latina - Diario Digital Femenino\",\"isPartOf\":{\"@id\":\"https:\\\/\\\/diariofemenino.com.ar\\\/df\\\/#website\"},\"primaryImageOfPage\":{\"@id\":\"https:\\\/\\\/diariofemenino.com.ar\\\/df\\\/voces-indigenas-frente-a-la-crisis-climatica-en-america-latina\\\/#primaryimage\"},\"image\":{\"@id\":\"https:\\\/\\\/diariofemenino.com.ar\\\/df\\\/voces-indigenas-frente-a-la-crisis-climatica-en-america-latina\\\/#primaryimage\"},\"thumbnailUrl\":\"https:\\\/\\\/diariofemenino.com.ar\\\/df\\\/wp-content\\\/uploads\\\/2021\\\/09\\\/IG-feed-voces-convocatoria.png\",\"datePublished\":\"2021-09-10T10:08:45+00:00\",\"description\":\"Voces ind\u00edgenas. Chicas Poderosas Argentina invita al conversatorio digital \u201cVoces ind\u00edgenas frente la crisis clim\u00e1tica en Am\u00e9rica Latina\u201d.\",\"breadcrumb\":{\"@id\":\"https:\\\/\\\/diariofemenino.com.ar\\\/df\\\/voces-indigenas-frente-a-la-crisis-climatica-en-america-latina\\\/#breadcrumb\"},\"inLanguage\":\"es\",\"potentialAction\":[{\"@type\":\"ReadAction\",\"target\":[\"https:\\\/\\\/diariofemenino.com.ar\\\/df\\\/voces-indigenas-frente-a-la-crisis-climatica-en-america-latina\\\/\"]}]},{\"@type\":\"ImageObject\",\"inLanguage\":\"es\",\"@id\":\"https:\\\/\\\/diariofemenino.com.ar\\\/df\\\/voces-indigenas-frente-a-la-crisis-climatica-en-america-latina\\\/#primaryimage\",\"url\":\"https:\\\/\\\/diariofemenino.com.ar\\\/df\\\/wp-content\\\/uploads\\\/2021\\\/09\\\/IG-feed-voces-convocatoria.png\",\"contentUrl\":\"https:\\\/\\\/diariofemenino.com.ar\\\/df\\\/wp-content\\\/uploads\\\/2021\\\/09\\\/IG-feed-voces-convocatoria.png\",\"width\":1080,\"height\":1080,\"caption\":\"Voces ind\u00edgenas frente a la crisis clim\u00e1tica en Am\u00e9rica Latina\"},{\"@type\":\"BreadcrumbList\",\"@id\":\"https:\\\/\\\/diariofemenino.com.ar\\\/df\\\/voces-indigenas-frente-a-la-crisis-climatica-en-america-latina\\\/#breadcrumb\",\"itemListElement\":[{\"@type\":\"ListItem\",\"position\":1,\"name\":\"Portada\",\"item\":\"https:\\\/\\\/diariofemenino.com.ar\\\/df\\\/\"},{\"@type\":\"ListItem\",\"position\":2,\"name\":\"Voces ind\u00edgenas frente a la crisis clim\u00e1tica en Am\u00e9rica Latina\"}]},{\"@type\":\"WebSite\",\"@id\":\"https:\\\/\\\/diariofemenino.com.ar\\\/df\\\/#website\",\"url\":\"https:\\\/\\\/diariofemenino.com.ar\\\/df\\\/\",\"name\":\"Diario Digital Femenino\",\"description\":\"Cuesti\u00f3n de G\u00e9nero\",\"publisher\":{\"@id\":\"https:\\\/\\\/diariofemenino.com.ar\\\/df\\\/#organization\"},\"potentialAction\":[{\"@type\":\"SearchAction\",\"target\":{\"@type\":\"EntryPoint\",\"urlTemplate\":\"https:\\\/\\\/diariofemenino.com.ar\\\/df\\\/?s={search_term_string}\"},\"query-input\":{\"@type\":\"PropertyValueSpecification\",\"valueRequired\":true,\"valueName\":\"search_term_string\"}}],\"inLanguage\":\"es\"},{\"@type\":\"Organization\",\"@id\":\"https:\\\/\\\/diariofemenino.com.ar\\\/df\\\/#organization\",\"name\":\"Diario Femenino\",\"url\":\"https:\\\/\\\/diariofemenino.com.ar\\\/df\\\/\",\"logo\":{\"@type\":\"ImageObject\",\"inLanguage\":\"es\",\"@id\":\"https:\\\/\\\/diariofemenino.com.ar\\\/df\\\/#\\\/schema\\\/logo\\\/image\\\/\",\"url\":\"https:\\\/\\\/diariofemenino.com.ar\\\/df\\\/wp-content\\\/uploads\\\/2018\\\/10\\\/logo.png\",\"contentUrl\":\"https:\\\/\\\/diariofemenino.com.ar\\\/df\\\/wp-content\\\/uploads\\\/2018\\\/10\\\/logo.png\",\"width\":500,\"height\":92,\"caption\":\"Diario Femenino\"},\"image\":{\"@id\":\"https:\\\/\\\/diariofemenino.com.ar\\\/df\\\/#\\\/schema\\\/logo\\\/image\\\/\"},\"sameAs\":[\"https:\\\/\\\/www.facebook.com\\\/DiarioDigitaFemenino\\\/\",\"https:\\\/\\\/x.com\\\/DiarioFemenino1\"]},{\"@type\":\"Person\",\"@id\":\"https:\\\/\\\/diariofemenino.com.ar\\\/df\\\/#\\\/schema\\\/person\\\/bf6199e8158c657ea6f789b11ec85509\",\"name\":\"Admin\",\"image\":{\"@type\":\"ImageObject\",\"inLanguage\":\"es\",\"@id\":\"https:\\\/\\\/diariofemenino.com.ar\\\/df\\\/wp-content\\\/uploads\\\/2018\\\/12\\\/favicon-150x150.jpg\",\"url\":\"https:\\\/\\\/diariofemenino.com.ar\\\/df\\\/wp-content\\\/uploads\\\/2018\\\/12\\\/favicon-150x150.jpg\",\"contentUrl\":\"https:\\\/\\\/diariofemenino.com.ar\\\/df\\\/wp-content\\\/uploads\\\/2018\\\/12\\\/favicon-150x150.jpg\",\"caption\":\"Admin\"},\"url\":\"https:\\\/\\\/diariofemenino.com.ar\\\/df\\\/author\\\/lenny\\\/\"}]}<\/script>\n<!-- \/ Yoast SEO plugin. -->","yoast_head_json":{"title":"Voces ind\u00edgenas frente a la crisis clim\u00e1tica en Am\u00e9rica Latina - Diario Digital Femenino","description":"Voces ind\u00edgenas. Chicas Poderosas Argentina invita al conversatorio digital \u201cVoces ind\u00edgenas frente la crisis clim\u00e1tica en Am\u00e9rica Latina\u201d.","robots":{"index":"index","follow":"follow","max-snippet":"max-snippet:-1","max-image-preview":"max-image-preview:large","max-video-preview":"max-video-preview:-1"},"canonical":"https:\/\/diariofemenino.com.ar\/df\/voces-indigenas-frente-a-la-crisis-climatica-en-america-latina\/","og_locale":"es_ES","og_type":"article","og_title":"Voces ind\u00edgenas frente a la crisis clim\u00e1tica en Am\u00e9rica Latina - Diario Digital Femenino","og_description":"Voces ind\u00edgenas. Chicas Poderosas Argentina invita al conversatorio digital \u201cVoces ind\u00edgenas frente la crisis clim\u00e1tica en Am\u00e9rica Latina\u201d.","og_url":"https:\/\/diariofemenino.com.ar\/df\/voces-indigenas-frente-a-la-crisis-climatica-en-america-latina\/","og_site_name":"Diario Digital Femenino","article_publisher":"https:\/\/www.facebook.com\/DiarioDigitaFemenino\/","article_published_time":"2021-09-10T10:08:45+00:00","og_image":[{"width":1080,"height":1080,"url":"https:\/\/diariofemenino.com.ar\/df\/wp-content\/uploads\/2021\/09\/IG-feed-voces-convocatoria.png","type":"image\/png"}],"author":"Admin","twitter_card":"summary_large_image","twitter_creator":"@DiarioFemenino1","twitter_site":"@DiarioFemenino1","twitter_misc":{"Escrito por":"Admin","Tiempo de lectura":"4 minutos"},"schema":{"@context":"https:\/\/schema.org","@graph":[{"@type":"Article","@id":"https:\/\/diariofemenino.com.ar\/df\/voces-indigenas-frente-a-la-crisis-climatica-en-america-latina\/#article","isPartOf":{"@id":"https:\/\/diariofemenino.com.ar\/df\/voces-indigenas-frente-a-la-crisis-climatica-en-america-latina\/"},"author":{"name":"Admin","@id":"https:\/\/diariofemenino.com.ar\/df\/#\/schema\/person\/bf6199e8158c657ea6f789b11ec85509"},"headline":"Voces ind\u00edgenas frente a la crisis clim\u00e1tica en Am\u00e9rica Latina","datePublished":"2021-09-10T10:08:45+00:00","mainEntityOfPage":{"@id":"https:\/\/diariofemenino.com.ar\/df\/voces-indigenas-frente-a-la-crisis-climatica-en-america-latina\/"},"wordCount":781,"commentCount":0,"publisher":{"@id":"https:\/\/diariofemenino.com.ar\/df\/#organization"},"image":{"@id":"https:\/\/diariofemenino.com.ar\/df\/voces-indigenas-frente-a-la-crisis-climatica-en-america-latina\/#primaryimage"},"thumbnailUrl":"https:\/\/diariofemenino.com.ar\/df\/wp-content\/uploads\/2021\/09\/IG-feed-voces-convocatoria.png","keywords":["america latina","Chicas Poderosas Argentina","Crisis clim\u00e1tica","Voces ind\u00edgenas"],"articleSection":["Actividades","Art\u00edculos y Comunicados","Mujeres en Palabras","Noticias"],"inLanguage":"es","potentialAction":[{"@type":"CommentAction","name":"Comment","target":["https:\/\/diariofemenino.com.ar\/df\/voces-indigenas-frente-a-la-crisis-climatica-en-america-latina\/#respond"]}]},{"@type":"WebPage","@id":"https:\/\/diariofemenino.com.ar\/df\/voces-indigenas-frente-a-la-crisis-climatica-en-america-latina\/","url":"https:\/\/diariofemenino.com.ar\/df\/voces-indigenas-frente-a-la-crisis-climatica-en-america-latina\/","name":"Voces ind\u00edgenas frente a la crisis clim\u00e1tica en Am\u00e9rica Latina - Diario Digital Femenino","isPartOf":{"@id":"https:\/\/diariofemenino.com.ar\/df\/#website"},"primaryImageOfPage":{"@id":"https:\/\/diariofemenino.com.ar\/df\/voces-indigenas-frente-a-la-crisis-climatica-en-america-latina\/#primaryimage"},"image":{"@id":"https:\/\/diariofemenino.com.ar\/df\/voces-indigenas-frente-a-la-crisis-climatica-en-america-latina\/#primaryimage"},"thumbnailUrl":"https:\/\/diariofemenino.com.ar\/df\/wp-content\/uploads\/2021\/09\/IG-feed-voces-convocatoria.png","datePublished":"2021-09-10T10:08:45+00:00","description":"Voces ind\u00edgenas. Chicas Poderosas Argentina invita al conversatorio digital \u201cVoces ind\u00edgenas frente la crisis clim\u00e1tica en Am\u00e9rica Latina\u201d.","breadcrumb":{"@id":"https:\/\/diariofemenino.com.ar\/df\/voces-indigenas-frente-a-la-crisis-climatica-en-america-latina\/#breadcrumb"},"inLanguage":"es","potentialAction":[{"@type":"ReadAction","target":["https:\/\/diariofemenino.com.ar\/df\/voces-indigenas-frente-a-la-crisis-climatica-en-america-latina\/"]}]},{"@type":"ImageObject","inLanguage":"es","@id":"https:\/\/diariofemenino.com.ar\/df\/voces-indigenas-frente-a-la-crisis-climatica-en-america-latina\/#primaryimage","url":"https:\/\/diariofemenino.com.ar\/df\/wp-content\/uploads\/2021\/09\/IG-feed-voces-convocatoria.png","contentUrl":"https:\/\/diariofemenino.com.ar\/df\/wp-content\/uploads\/2021\/09\/IG-feed-voces-convocatoria.png","width":1080,"height":1080,"caption":"Voces ind\u00edgenas frente a la crisis clim\u00e1tica en Am\u00e9rica Latina"},{"@type":"BreadcrumbList","@id":"https:\/\/diariofemenino.com.ar\/df\/voces-indigenas-frente-a-la-crisis-climatica-en-america-latina\/#breadcrumb","itemListElement":[{"@type":"ListItem","position":1,"name":"Portada","item":"https:\/\/diariofemenino.com.ar\/df\/"},{"@type":"ListItem","position":2,"name":"Voces ind\u00edgenas frente a la crisis clim\u00e1tica en Am\u00e9rica Latina"}]},{"@type":"WebSite","@id":"https:\/\/diariofemenino.com.ar\/df\/#website","url":"https:\/\/diariofemenino.com.ar\/df\/","name":"Diario Digital Femenino","description":"Cuesti\u00f3n de G\u00e9nero","publisher":{"@id":"https:\/\/diariofemenino.com.ar\/df\/#organization"},"potentialAction":[{"@type":"SearchAction","target":{"@type":"EntryPoint","urlTemplate":"https:\/\/diariofemenino.com.ar\/df\/?s={search_term_string}"},"query-input":{"@type":"PropertyValueSpecification","valueRequired":true,"valueName":"search_term_string"}}],"inLanguage":"es"},{"@type":"Organization","@id":"https:\/\/diariofemenino.com.ar\/df\/#organization","name":"Diario Femenino","url":"https:\/\/diariofemenino.com.ar\/df\/","logo":{"@type":"ImageObject","inLanguage":"es","@id":"https:\/\/diariofemenino.com.ar\/df\/#\/schema\/logo\/image\/","url":"https:\/\/diariofemenino.com.ar\/df\/wp-content\/uploads\/2018\/10\/logo.png","contentUrl":"https:\/\/diariofemenino.com.ar\/df\/wp-content\/uploads\/2018\/10\/logo.png","width":500,"height":92,"caption":"Diario Femenino"},"image":{"@id":"https:\/\/diariofemenino.com.ar\/df\/#\/schema\/logo\/image\/"},"sameAs":["https:\/\/www.facebook.com\/DiarioDigitaFemenino\/","https:\/\/x.com\/DiarioFemenino1"]},{"@type":"Person","@id":"https:\/\/diariofemenino.com.ar\/df\/#\/schema\/person\/bf6199e8158c657ea6f789b11ec85509","name":"Admin","image":{"@type":"ImageObject","inLanguage":"es","@id":"https:\/\/diariofemenino.com.ar\/df\/wp-content\/uploads\/2018\/12\/favicon-150x150.jpg","url":"https:\/\/diariofemenino.com.ar\/df\/wp-content\/uploads\/2018\/12\/favicon-150x150.jpg","contentUrl":"https:\/\/diariofemenino.com.ar\/df\/wp-content\/uploads\/2018\/12\/favicon-150x150.jpg","caption":"Admin"},"url":"https:\/\/diariofemenino.com.ar\/df\/author\/lenny\/"}]}},"jetpack_featured_media_url":"https:\/\/diariofemenino.com.ar\/df\/wp-content\/uploads\/2021\/09\/IG-feed-voces-convocatoria.png","jetpack_sharing_enabled":true,"rttpg_featured_image_url":{"full":["https:\/\/diariofemenino.com.ar\/df\/wp-content\/uploads\/2021\/09\/IG-feed-voces-convocatoria.png",1080,1080,false],"landscape":["https:\/\/diariofemenino.com.ar\/df\/wp-content\/uploads\/2021\/09\/IG-feed-voces-convocatoria.png",1080,1080,false],"portraits":["https:\/\/diariofemenino.com.ar\/df\/wp-content\/uploads\/2021\/09\/IG-feed-voces-convocatoria.png",1080,1080,false],"thumbnail":["https:\/\/diariofemenino.com.ar\/df\/wp-content\/uploads\/2021\/09\/IG-feed-voces-convocatoria-150x150.png",150,150,true],"medium":["https:\/\/diariofemenino.com.ar\/df\/wp-content\/uploads\/2021\/09\/IG-feed-voces-convocatoria-300x300.png",300,300,true],"large":["https:\/\/diariofemenino.com.ar\/df\/wp-content\/uploads\/2021\/09\/IG-feed-voces-convocatoria-1024x1024.png",1024,1024,true],"1536x1536":["https:\/\/diariofemenino.com.ar\/df\/wp-content\/uploads\/2021\/09\/IG-feed-voces-convocatoria.png",1080,1080,false],"2048x2048":["https:\/\/diariofemenino.com.ar\/df\/wp-content\/uploads\/2021\/09\/IG-feed-voces-convocatoria.png",1080,1080,false]},"rttpg_author":{"display_name":"Admin","author_link":"https:\/\/diariofemenino.com.ar\/df\/author\/lenny\/"},"rttpg_comment":0,"rttpg_category":"<a href=\"https:\/\/diariofemenino.com.ar\/df\/category\/actividades\/\" rel=\"category tag\">Actividades<\/a> <a href=\"https:\/\/diariofemenino.com.ar\/df\/category\/articulos-y-comunicados\/\" rel=\"category tag\">Art\u00edculos y Comunicados<\/a> <a href=\"https:\/\/diariofemenino.com.ar\/df\/category\/articulos\/\" rel=\"category tag\">Mujeres en Palabras<\/a> <a href=\"https:\/\/diariofemenino.com.ar\/df\/category\/noticias\/\" rel=\"category tag\">Noticias<\/a>","rttpg_excerpt":"Chicas Poderosas Argentina, con el apoyo de la Embajada Brit\u00e1nica en Buenos Aires, invita al conversatorio digital \u201cVoces ind\u00edgenas frente la crisis clim\u00e1tica en Am\u00e9rica Latina\u201d el 28 de septiembre a las 18 horas (Argentina). Participar\u00e1n referentes del Movimiento de Mujeres Ind\u00edgenas por el Buen Vivir de Argentina, de la Organizaci\u00f3n Nacional Ind\u00edgena de Colombia&hellip;","_links":{"self":[{"href":"https:\/\/diariofemenino.com.ar\/df\/wp-json\/wp\/v2\/posts\/60769","targetHints":{"allow":["GET"]}}],"collection":[{"href":"https:\/\/diariofemenino.com.ar\/df\/wp-json\/wp\/v2\/posts"}],"about":[{"href":"https:\/\/diariofemenino.com.ar\/df\/wp-json\/wp\/v2\/types\/post"}],"author":[{"embeddable":true,"href":"https:\/\/diariofemenino.com.ar\/df\/wp-json\/wp\/v2\/users\/4"}],"replies":[{"embeddable":true,"href":"https:\/\/diariofemenino.com.ar\/df\/wp-json\/wp\/v2\/comments?post=60769"}],"version-history":[{"count":0,"href":"https:\/\/diariofemenino.com.ar\/df\/wp-json\/wp\/v2\/posts\/60769\/revisions"}],"wp:featuredmedia":[{"embeddable":true,"href":"https:\/\/diariofemenino.com.ar\/df\/wp-json\/wp\/v2\/media\/60774"}],"wp:attachment":[{"href":"https:\/\/diariofemenino.com.ar\/df\/wp-json\/wp\/v2\/media?parent=60769"}],"wp:term":[{"taxonomy":"category","embeddable":true,"href":"https:\/\/diariofemenino.com.ar\/df\/wp-json\/wp\/v2\/categories?post=60769"},{"taxonomy":"post_tag","embeddable":true,"href":"https:\/\/diariofemenino.com.ar\/df\/wp-json\/wp\/v2\/tags?post=60769"}],"curies":[{"name":"wp","href":"https:\/\/api.w.org\/{rel}","templated":true}]}}