{"id":60632,"date":"2021-09-04T07:50:05","date_gmt":"2021-09-04T10:50:05","guid":{"rendered":"https:\/\/diariofemenino.com.ar\/df\/?p=60632"},"modified":"2021-09-04T07:50:05","modified_gmt":"2021-09-04T10:50:05","slug":"la-pampa-tiene-su-primera-consultora-en-accesibilidad","status":"publish","type":"post","link":"https:\/\/diariofemenino.com.ar\/df\/la-pampa-tiene-su-primera-consultora-en-accesibilidad\/","title":{"rendered":"La Pampa tiene su primera consultora en accesibilidad"},"content":{"rendered":"<p>La Pampa tiene su primera consultora en accesibilidad. \u00abEl camino de concientizar es dif\u00edcil, pero estas recompensas nos empujan a seguir y confiar en lo que hacemos\u00bb, escribi\u00f3 Ver\u00f3nica Mart\u00ednez minutos despu\u00e9s de recibir oficialmente el certificado provincial para que su creaci\u00f3n, \u00abS\u00ed voy, turismo accesible\u00bb, sea la primera prestadora de servicios tur\u00edsticos que funciona tambi\u00e9n como consultora en accesibilidad.<\/p>\n<p>\u00abLa Secretar\u00eda de <a href=\"https:\/\/turismo.lapampa.gob.ar\/\">@turismo.lapampa<\/a> me entreg\u00f3 el certificado como Prestadora de Servicios Tur\u00edsticos. Oficialmente #sivoy est\u00e1 inscripta en <a href=\"https:\/\/diariofemenino.com.ar\/df\/category\/mujeres-de-la-pampa\/\">#LaPampa<\/a> como consultora en accesibilidad. Esto marca un antes y despu\u00e9s en nosotras, pero tambi\u00e9n en la provincia: por primera vez se inscribe un prestador de este servicio!\u00bb, resalt\u00f3 Mart\u00ednez, que recorri\u00f3 un largo camino hasta lograr que su minipyme obtenga el reconocimiento oficial.<\/p>\n<figure id=\"attachment_60634\" aria-describedby=\"caption-attachment-60634\" style=\"width: 628px\" class=\"wp-caption aligncenter\"><img loading=\"lazy\" decoding=\"async\" class=\"wp-image-60634 size-full\" src=\"https:\/\/diariofemenino.com.ar\/df\/wp-content\/uploads\/2021\/09\/Accesibilidad-.jpg\" alt=\"La Pampa tiene su primera consultora en accesibilidad\" width=\"628\" height=\"424\" srcset=\"https:\/\/diariofemenino.com.ar\/df\/wp-content\/uploads\/2021\/09\/Accesibilidad-.jpg 628w, https:\/\/diariofemenino.com.ar\/df\/wp-content\/uploads\/2021\/09\/Accesibilidad--300x203.jpg 300w\" sizes=\"auto, (max-width: 628px) 100vw, 628px\" \/><figcaption id=\"caption-attachment-60634\" class=\"wp-caption-text\">La Pampa tiene su primera consultora en accesibilidad<\/figcaption><\/figure>\n<p>\u00abEl camino de concientizar es dif\u00edcil, pero estas recompensas nos empujan a seguir y confiar en lo que hacemos. \u00a1Gracias a la Secretar\u00eda por el apoyo y la oportunidad de mostrar nuestro trabajo!\u00bb, apunt\u00f3 la emprendedora.<\/p>\n<p>En 2017, Ver\u00f3nica fue ganadora (a nivel nacional) del concurso \u00abMadre Emprendedora\u00bb por una idea de una empresa que ofrece servicios tur\u00edsticos a personas con <a href=\"https:\/\/diariofemenino.com.ar\/df\/medios-discapacidad-guia\/\">discapacidad<\/a>, una poblaci\u00f3n que no es tenida en cuenta a la hora de ofrecer y planificar viajes, ya sea en el pa\u00eds o en el mundo.<\/p>\n<p>\u00abEl problema que tengo es que planear un viaje me lleva mucho tiempo, mucha planificaci\u00f3n y b\u00fasqueda y me tengo que adaptar a un entorno: terreno, lugares, circuitos, obviamente hay cosas que no puedo hacer. As\u00ed surgi\u00f3 la idea de armar un portal de turismo accesible. Tiene que ver con estos a\u00f1os de b\u00fasqueda y con lo que me toca vivir a diario cuando voy de viaje\u00bb, explic\u00f3 Ver\u00f3nica sobre su proyecto.<\/p>\n<p>Mart\u00ednez, de 42 a\u00f1os, naci\u00f3 con una <a href=\"https:\/\/medlineplus.gov\/spanish\/spinalmuscularatrophy.html#:~:text=La%20atrofia%20muscular%20espinal%20(AME)%20es%20un%20grupo%20de%20enfermedades,la%20parte%20inferior%20del%20cerebro.\">Atrofia Muscular Espinal<\/a> (AME) del tipo II que le impide ponerse de pie. En 2015 la Asociaci\u00f3n Civil ALPI -que trabaja en rehabilitaci\u00f3n de personas con problemas motores- la reconoci\u00f3 como una \u00abH\u00e9roe Real\u00bb en la Bienal que se llev\u00f3 a cabo en Buenos Aires. Su caso fue destacado como \u00fanico en el pa\u00eds por ser la primera mujer con AME II en ser madre de dos hijos.<\/p>\n<p>Asesoramiento.<br \/>\nPor ganar el concurso Madre Emprendedora, Mart\u00ednez viaj\u00f3 en ese momento a Buenos Aires porque en el Senado de la Naci\u00f3n le entregaron la beca completa para el concurso Naves, la financiaci\u00f3n para un curso sobre exportaci\u00f3n y 10 mil pesos.<\/p>\n<p>\u00abEl proyecto tiene un fin de lucro pero tambi\u00e9n un gran componente social. El portal est\u00e1 dirigido a personas con movilidad reducida, puede ser temporariamente es decir si te quebraste una pierna, si una mujer est\u00e1 embarazada o una familia con cochecito de beb\u00e9. Se brinda todo el asesoramiento necesario. No es solo por discapacidad motriz. Hoy cuatro de cada 10 personas tienen movilidad reducida en el mundo, es un segmento muy descuidado, desaprovechado. A nivel pa\u00eds hay algunas p\u00e1ginas web pero con informaci\u00f3n muy suelta, escasa. No solo se va a detallar los hoteles accesibles sino toda la cadena que implica el viaje\u00bb, detallaba Ver\u00f3nica sobre un proyecto que fue cumpliendo distintas etapas hasta llegar al reconocimiento oficial que ahora le otorg\u00f3 la Provincia.<\/p>\n<p><a href=\"http:\/\/www.laarena.com.ar\/la_pampa-la-pampa-tiene-su-primera-consultora-en-accesibilidad-2193505-163.html\">La Arena<\/a><\/p>\n","protected":false},"excerpt":{"rendered":"<p>La Pampa tiene su primera consultora en accesibilidad. \u00abEl camino de concientizar es dif\u00edcil, pero estas recompensas nos empujan a seguir y confiar en lo que hacemos\u00bb, escribi\u00f3 Ver\u00f3nica Mart\u00ednez minutos despu\u00e9s de recibir oficialmente el certificado provincial para que su creaci\u00f3n, \u00abS\u00ed voy, turismo accesible\u00bb, sea la primera prestadora de servicios tur\u00edsticos que funciona [&hellip;]<\/p>\n","protected":false},"author":4,"featured_media":60633,"comment_status":"open","ping_status":"open","sticky":false,"template":"","format":"standard","meta":{"iawp_total_views":7,"footnotes":""},"categories":[5,1251],"tags":[4745,4372,472,4746,439,4744],"class_list":["post-60632","post","type-post","status-publish","format-standard","has-post-thumbnail","hentry","category-historias-de-vida","category-mujeres-de-la-pampa","tag-accesibilidad-turistica","tag-destacada","tag-inclusion","tag-integracion","tag-la-pampa","tag-veronica-martinez"],"nelio_content":{"autoShareEndMode":"never","automationSources":{"useCustomSentences":false,"customSentences":[]},"efiAlt":"","efiUrl":"","followers":[4],"highlights":[],"isAutoShareEnabled":true,"networkImageIds":[],"permalinkQueryArgs":[],"series":[],"suggestedReferences":[]},"yoast_head":"<!-- This site is optimized with the Yoast SEO plugin v27.5 - https:\/\/yoast.com\/product\/yoast-seo-wordpress\/ -->\n<title>La Pampa tiene su primera consultora en accesibilidad - Diario Digital Femenino<\/title>\n<meta name=\"description\" content=\"La Pampa. Ver\u00f3nica Mart\u00ednez recibi\u00f3 oficialmente el certificado provincial para que su creaci\u00f3n, \u00abS\u00ed voy, turismo accesible\u00bb.\" \/>\n<meta name=\"robots\" content=\"index, follow, max-snippet:-1, max-image-preview:large, max-video-preview:-1\" \/>\n<link rel=\"canonical\" href=\"https:\/\/diariofemenino.com.ar\/df\/la-pampa-tiene-su-primera-consultora-en-accesibilidad\/\" \/>\n<meta property=\"og:locale\" content=\"es_ES\" \/>\n<meta property=\"og:type\" content=\"article\" \/>\n<meta property=\"og:title\" content=\"La Pampa tiene su primera consultora en accesibilidad - Diario Digital Femenino\" \/>\n<meta property=\"og:description\" content=\"La Pampa. Ver\u00f3nica Mart\u00ednez recibi\u00f3 oficialmente el certificado provincial para que su creaci\u00f3n, \u00abS\u00ed voy, turismo accesible\u00bb.\" \/>\n<meta property=\"og:url\" content=\"https:\/\/diariofemenino.com.ar\/df\/la-pampa-tiene-su-primera-consultora-en-accesibilidad\/\" \/>\n<meta property=\"og:site_name\" content=\"Diario Digital Femenino\" \/>\n<meta property=\"article:publisher\" content=\"https:\/\/www.facebook.com\/DiarioDigitaFemenino\/\" \/>\n<meta property=\"article:published_time\" content=\"2021-09-04T10:50:05+00:00\" \/>\n<meta property=\"og:image\" content=\"https:\/\/diariofemenino.com.ar\/df\/wp-content\/uploads\/2021\/09\/03-Accesiblebbb524f6.jpg\" \/>\n\t<meta property=\"og:image:width\" content=\"696\" \/>\n\t<meta property=\"og:image:height\" content=\"479\" \/>\n\t<meta property=\"og:image:type\" content=\"image\/jpeg\" \/>\n<meta name=\"author\" content=\"Admin\" \/>\n<meta name=\"twitter:card\" content=\"summary_large_image\" \/>\n<meta name=\"twitter:creator\" content=\"@DiarioFemenino1\" \/>\n<meta name=\"twitter:site\" content=\"@DiarioFemenino1\" \/>\n<meta name=\"twitter:label1\" content=\"Escrito por\" \/>\n\t<meta name=\"twitter:data1\" content=\"Admin\" \/>\n\t<meta name=\"twitter:label2\" content=\"Tiempo de lectura\" \/>\n\t<meta name=\"twitter:data2\" content=\"3 minutos\" \/>\n<script type=\"application\/ld+json\" class=\"yoast-schema-graph\">{\"@context\":\"https:\\\/\\\/schema.org\",\"@graph\":[{\"@type\":\"Article\",\"@id\":\"https:\\\/\\\/diariofemenino.com.ar\\\/df\\\/la-pampa-tiene-su-primera-consultora-en-accesibilidad\\\/#article\",\"isPartOf\":{\"@id\":\"https:\\\/\\\/diariofemenino.com.ar\\\/df\\\/la-pampa-tiene-su-primera-consultora-en-accesibilidad\\\/\"},\"author\":{\"name\":\"Admin\",\"@id\":\"https:\\\/\\\/diariofemenino.com.ar\\\/df\\\/#\\\/schema\\\/person\\\/bf6199e8158c657ea6f789b11ec85509\"},\"headline\":\"La Pampa tiene su primera consultora en accesibilidad\",\"datePublished\":\"2021-09-04T10:50:05+00:00\",\"mainEntityOfPage\":{\"@id\":\"https:\\\/\\\/diariofemenino.com.ar\\\/df\\\/la-pampa-tiene-su-primera-consultora-en-accesibilidad\\\/\"},\"wordCount\":582,\"commentCount\":0,\"publisher\":{\"@id\":\"https:\\\/\\\/diariofemenino.com.ar\\\/df\\\/#organization\"},\"image\":{\"@id\":\"https:\\\/\\\/diariofemenino.com.ar\\\/df\\\/la-pampa-tiene-su-primera-consultora-en-accesibilidad\\\/#primaryimage\"},\"thumbnailUrl\":\"https:\\\/\\\/diariofemenino.com.ar\\\/df\\\/wp-content\\\/uploads\\\/2021\\\/09\\\/03-Accesiblebbb524f6.jpg\",\"keywords\":[\"Accesibilidad tur\u00edstica\",\"Destacada\",\"Inclusi\u00f3n\",\"Integraci\u00f3n\",\"La Pampa\",\"Ver\u00f3nica Mart\u00ednez\"],\"articleSection\":[\"Historias de vida\",\"Mujeres de La Pampa\"],\"inLanguage\":\"es\",\"potentialAction\":[{\"@type\":\"CommentAction\",\"name\":\"Comment\",\"target\":[\"https:\\\/\\\/diariofemenino.com.ar\\\/df\\\/la-pampa-tiene-su-primera-consultora-en-accesibilidad\\\/#respond\"]}]},{\"@type\":\"WebPage\",\"@id\":\"https:\\\/\\\/diariofemenino.com.ar\\\/df\\\/la-pampa-tiene-su-primera-consultora-en-accesibilidad\\\/\",\"url\":\"https:\\\/\\\/diariofemenino.com.ar\\\/df\\\/la-pampa-tiene-su-primera-consultora-en-accesibilidad\\\/\",\"name\":\"La Pampa tiene su primera consultora en accesibilidad - Diario Digital Femenino\",\"isPartOf\":{\"@id\":\"https:\\\/\\\/diariofemenino.com.ar\\\/df\\\/#website\"},\"primaryImageOfPage\":{\"@id\":\"https:\\\/\\\/diariofemenino.com.ar\\\/df\\\/la-pampa-tiene-su-primera-consultora-en-accesibilidad\\\/#primaryimage\"},\"image\":{\"@id\":\"https:\\\/\\\/diariofemenino.com.ar\\\/df\\\/la-pampa-tiene-su-primera-consultora-en-accesibilidad\\\/#primaryimage\"},\"thumbnailUrl\":\"https:\\\/\\\/diariofemenino.com.ar\\\/df\\\/wp-content\\\/uploads\\\/2021\\\/09\\\/03-Accesiblebbb524f6.jpg\",\"datePublished\":\"2021-09-04T10:50:05+00:00\",\"description\":\"La Pampa. Ver\u00f3nica Mart\u00ednez recibi\u00f3 oficialmente el certificado provincial para que su creaci\u00f3n, \u00abS\u00ed voy, turismo accesible\u00bb.\",\"breadcrumb\":{\"@id\":\"https:\\\/\\\/diariofemenino.com.ar\\\/df\\\/la-pampa-tiene-su-primera-consultora-en-accesibilidad\\\/#breadcrumb\"},\"inLanguage\":\"es\",\"potentialAction\":[{\"@type\":\"ReadAction\",\"target\":[\"https:\\\/\\\/diariofemenino.com.ar\\\/df\\\/la-pampa-tiene-su-primera-consultora-en-accesibilidad\\\/\"]}]},{\"@type\":\"ImageObject\",\"inLanguage\":\"es\",\"@id\":\"https:\\\/\\\/diariofemenino.com.ar\\\/df\\\/la-pampa-tiene-su-primera-consultora-en-accesibilidad\\\/#primaryimage\",\"url\":\"https:\\\/\\\/diariofemenino.com.ar\\\/df\\\/wp-content\\\/uploads\\\/2021\\\/09\\\/03-Accesiblebbb524f6.jpg\",\"contentUrl\":\"https:\\\/\\\/diariofemenino.com.ar\\\/df\\\/wp-content\\\/uploads\\\/2021\\\/09\\\/03-Accesiblebbb524f6.jpg\",\"width\":696,\"height\":479,\"caption\":\"La Pampa tiene su primera consultora en accesibilidad\"},{\"@type\":\"BreadcrumbList\",\"@id\":\"https:\\\/\\\/diariofemenino.com.ar\\\/df\\\/la-pampa-tiene-su-primera-consultora-en-accesibilidad\\\/#breadcrumb\",\"itemListElement\":[{\"@type\":\"ListItem\",\"position\":1,\"name\":\"Portada\",\"item\":\"https:\\\/\\\/diariofemenino.com.ar\\\/df\\\/\"},{\"@type\":\"ListItem\",\"position\":2,\"name\":\"La Pampa tiene su primera consultora en accesibilidad\"}]},{\"@type\":\"WebSite\",\"@id\":\"https:\\\/\\\/diariofemenino.com.ar\\\/df\\\/#website\",\"url\":\"https:\\\/\\\/diariofemenino.com.ar\\\/df\\\/\",\"name\":\"Diario Digital Femenino\",\"description\":\"Cuesti\u00f3n de G\u00e9nero\",\"publisher\":{\"@id\":\"https:\\\/\\\/diariofemenino.com.ar\\\/df\\\/#organization\"},\"potentialAction\":[{\"@type\":\"SearchAction\",\"target\":{\"@type\":\"EntryPoint\",\"urlTemplate\":\"https:\\\/\\\/diariofemenino.com.ar\\\/df\\\/?s={search_term_string}\"},\"query-input\":{\"@type\":\"PropertyValueSpecification\",\"valueRequired\":true,\"valueName\":\"search_term_string\"}}],\"inLanguage\":\"es\"},{\"@type\":\"Organization\",\"@id\":\"https:\\\/\\\/diariofemenino.com.ar\\\/df\\\/#organization\",\"name\":\"Diario Femenino\",\"url\":\"https:\\\/\\\/diariofemenino.com.ar\\\/df\\\/\",\"logo\":{\"@type\":\"ImageObject\",\"inLanguage\":\"es\",\"@id\":\"https:\\\/\\\/diariofemenino.com.ar\\\/df\\\/#\\\/schema\\\/logo\\\/image\\\/\",\"url\":\"https:\\\/\\\/diariofemenino.com.ar\\\/df\\\/wp-content\\\/uploads\\\/2018\\\/10\\\/logo.png\",\"contentUrl\":\"https:\\\/\\\/diariofemenino.com.ar\\\/df\\\/wp-content\\\/uploads\\\/2018\\\/10\\\/logo.png\",\"width\":500,\"height\":92,\"caption\":\"Diario Femenino\"},\"image\":{\"@id\":\"https:\\\/\\\/diariofemenino.com.ar\\\/df\\\/#\\\/schema\\\/logo\\\/image\\\/\"},\"sameAs\":[\"https:\\\/\\\/www.facebook.com\\\/DiarioDigitaFemenino\\\/\",\"https:\\\/\\\/x.com\\\/DiarioFemenino1\"]},{\"@type\":\"Person\",\"@id\":\"https:\\\/\\\/diariofemenino.com.ar\\\/df\\\/#\\\/schema\\\/person\\\/bf6199e8158c657ea6f789b11ec85509\",\"name\":\"Admin\",\"image\":{\"@type\":\"ImageObject\",\"inLanguage\":\"es\",\"@id\":\"https:\\\/\\\/diariofemenino.com.ar\\\/df\\\/wp-content\\\/uploads\\\/2018\\\/12\\\/favicon-150x150.jpg\",\"url\":\"https:\\\/\\\/diariofemenino.com.ar\\\/df\\\/wp-content\\\/uploads\\\/2018\\\/12\\\/favicon-150x150.jpg\",\"contentUrl\":\"https:\\\/\\\/diariofemenino.com.ar\\\/df\\\/wp-content\\\/uploads\\\/2018\\\/12\\\/favicon-150x150.jpg\",\"caption\":\"Admin\"},\"url\":\"https:\\\/\\\/diariofemenino.com.ar\\\/df\\\/author\\\/lenny\\\/\"}]}<\/script>\n<!-- \/ Yoast SEO plugin. -->","yoast_head_json":{"title":"La Pampa tiene su primera consultora en accesibilidad - Diario Digital Femenino","description":"La Pampa. Ver\u00f3nica Mart\u00ednez recibi\u00f3 oficialmente el certificado provincial para que su creaci\u00f3n, \u00abS\u00ed voy, turismo accesible\u00bb.","robots":{"index":"index","follow":"follow","max-snippet":"max-snippet:-1","max-image-preview":"max-image-preview:large","max-video-preview":"max-video-preview:-1"},"canonical":"https:\/\/diariofemenino.com.ar\/df\/la-pampa-tiene-su-primera-consultora-en-accesibilidad\/","og_locale":"es_ES","og_type":"article","og_title":"La Pampa tiene su primera consultora en accesibilidad - Diario Digital Femenino","og_description":"La Pampa. Ver\u00f3nica Mart\u00ednez recibi\u00f3 oficialmente el certificado provincial para que su creaci\u00f3n, \u00abS\u00ed voy, turismo accesible\u00bb.","og_url":"https:\/\/diariofemenino.com.ar\/df\/la-pampa-tiene-su-primera-consultora-en-accesibilidad\/","og_site_name":"Diario Digital Femenino","article_publisher":"https:\/\/www.facebook.com\/DiarioDigitaFemenino\/","article_published_time":"2021-09-04T10:50:05+00:00","og_image":[{"width":696,"height":479,"url":"https:\/\/diariofemenino.com.ar\/df\/wp-content\/uploads\/2021\/09\/03-Accesiblebbb524f6.jpg","type":"image\/jpeg"}],"author":"Admin","twitter_card":"summary_large_image","twitter_creator":"@DiarioFemenino1","twitter_site":"@DiarioFemenino1","twitter_misc":{"Escrito por":"Admin","Tiempo de lectura":"3 minutos"},"schema":{"@context":"https:\/\/schema.org","@graph":[{"@type":"Article","@id":"https:\/\/diariofemenino.com.ar\/df\/la-pampa-tiene-su-primera-consultora-en-accesibilidad\/#article","isPartOf":{"@id":"https:\/\/diariofemenino.com.ar\/df\/la-pampa-tiene-su-primera-consultora-en-accesibilidad\/"},"author":{"name":"Admin","@id":"https:\/\/diariofemenino.com.ar\/df\/#\/schema\/person\/bf6199e8158c657ea6f789b11ec85509"},"headline":"La Pampa tiene su primera consultora en accesibilidad","datePublished":"2021-09-04T10:50:05+00:00","mainEntityOfPage":{"@id":"https:\/\/diariofemenino.com.ar\/df\/la-pampa-tiene-su-primera-consultora-en-accesibilidad\/"},"wordCount":582,"commentCount":0,"publisher":{"@id":"https:\/\/diariofemenino.com.ar\/df\/#organization"},"image":{"@id":"https:\/\/diariofemenino.com.ar\/df\/la-pampa-tiene-su-primera-consultora-en-accesibilidad\/#primaryimage"},"thumbnailUrl":"https:\/\/diariofemenino.com.ar\/df\/wp-content\/uploads\/2021\/09\/03-Accesiblebbb524f6.jpg","keywords":["Accesibilidad tur\u00edstica","Destacada","Inclusi\u00f3n","Integraci\u00f3n","La Pampa","Ver\u00f3nica Mart\u00ednez"],"articleSection":["Historias de vida","Mujeres de La Pampa"],"inLanguage":"es","potentialAction":[{"@type":"CommentAction","name":"Comment","target":["https:\/\/diariofemenino.com.ar\/df\/la-pampa-tiene-su-primera-consultora-en-accesibilidad\/#respond"]}]},{"@type":"WebPage","@id":"https:\/\/diariofemenino.com.ar\/df\/la-pampa-tiene-su-primera-consultora-en-accesibilidad\/","url":"https:\/\/diariofemenino.com.ar\/df\/la-pampa-tiene-su-primera-consultora-en-accesibilidad\/","name":"La Pampa tiene su primera consultora en accesibilidad - Diario Digital Femenino","isPartOf":{"@id":"https:\/\/diariofemenino.com.ar\/df\/#website"},"primaryImageOfPage":{"@id":"https:\/\/diariofemenino.com.ar\/df\/la-pampa-tiene-su-primera-consultora-en-accesibilidad\/#primaryimage"},"image":{"@id":"https:\/\/diariofemenino.com.ar\/df\/la-pampa-tiene-su-primera-consultora-en-accesibilidad\/#primaryimage"},"thumbnailUrl":"https:\/\/diariofemenino.com.ar\/df\/wp-content\/uploads\/2021\/09\/03-Accesiblebbb524f6.jpg","datePublished":"2021-09-04T10:50:05+00:00","description":"La Pampa. Ver\u00f3nica Mart\u00ednez recibi\u00f3 oficialmente el certificado provincial para que su creaci\u00f3n, \u00abS\u00ed voy, turismo accesible\u00bb.","breadcrumb":{"@id":"https:\/\/diariofemenino.com.ar\/df\/la-pampa-tiene-su-primera-consultora-en-accesibilidad\/#breadcrumb"},"inLanguage":"es","potentialAction":[{"@type":"ReadAction","target":["https:\/\/diariofemenino.com.ar\/df\/la-pampa-tiene-su-primera-consultora-en-accesibilidad\/"]}]},{"@type":"ImageObject","inLanguage":"es","@id":"https:\/\/diariofemenino.com.ar\/df\/la-pampa-tiene-su-primera-consultora-en-accesibilidad\/#primaryimage","url":"https:\/\/diariofemenino.com.ar\/df\/wp-content\/uploads\/2021\/09\/03-Accesiblebbb524f6.jpg","contentUrl":"https:\/\/diariofemenino.com.ar\/df\/wp-content\/uploads\/2021\/09\/03-Accesiblebbb524f6.jpg","width":696,"height":479,"caption":"La Pampa tiene su primera consultora en accesibilidad"},{"@type":"BreadcrumbList","@id":"https:\/\/diariofemenino.com.ar\/df\/la-pampa-tiene-su-primera-consultora-en-accesibilidad\/#breadcrumb","itemListElement":[{"@type":"ListItem","position":1,"name":"Portada","item":"https:\/\/diariofemenino.com.ar\/df\/"},{"@type":"ListItem","position":2,"name":"La Pampa tiene su primera consultora en accesibilidad"}]},{"@type":"WebSite","@id":"https:\/\/diariofemenino.com.ar\/df\/#website","url":"https:\/\/diariofemenino.com.ar\/df\/","name":"Diario Digital Femenino","description":"Cuesti\u00f3n de G\u00e9nero","publisher":{"@id":"https:\/\/diariofemenino.com.ar\/df\/#organization"},"potentialAction":[{"@type":"SearchAction","target":{"@type":"EntryPoint","urlTemplate":"https:\/\/diariofemenino.com.ar\/df\/?s={search_term_string}"},"query-input":{"@type":"PropertyValueSpecification","valueRequired":true,"valueName":"search_term_string"}}],"inLanguage":"es"},{"@type":"Organization","@id":"https:\/\/diariofemenino.com.ar\/df\/#organization","name":"Diario Femenino","url":"https:\/\/diariofemenino.com.ar\/df\/","logo":{"@type":"ImageObject","inLanguage":"es","@id":"https:\/\/diariofemenino.com.ar\/df\/#\/schema\/logo\/image\/","url":"https:\/\/diariofemenino.com.ar\/df\/wp-content\/uploads\/2018\/10\/logo.png","contentUrl":"https:\/\/diariofemenino.com.ar\/df\/wp-content\/uploads\/2018\/10\/logo.png","width":500,"height":92,"caption":"Diario Femenino"},"image":{"@id":"https:\/\/diariofemenino.com.ar\/df\/#\/schema\/logo\/image\/"},"sameAs":["https:\/\/www.facebook.com\/DiarioDigitaFemenino\/","https:\/\/x.com\/DiarioFemenino1"]},{"@type":"Person","@id":"https:\/\/diariofemenino.com.ar\/df\/#\/schema\/person\/bf6199e8158c657ea6f789b11ec85509","name":"Admin","image":{"@type":"ImageObject","inLanguage":"es","@id":"https:\/\/diariofemenino.com.ar\/df\/wp-content\/uploads\/2018\/12\/favicon-150x150.jpg","url":"https:\/\/diariofemenino.com.ar\/df\/wp-content\/uploads\/2018\/12\/favicon-150x150.jpg","contentUrl":"https:\/\/diariofemenino.com.ar\/df\/wp-content\/uploads\/2018\/12\/favicon-150x150.jpg","caption":"Admin"},"url":"https:\/\/diariofemenino.com.ar\/df\/author\/lenny\/"}]}},"jetpack_featured_media_url":"https:\/\/diariofemenino.com.ar\/df\/wp-content\/uploads\/2021\/09\/03-Accesiblebbb524f6.jpg","jetpack_sharing_enabled":true,"rttpg_featured_image_url":{"full":["https:\/\/diariofemenino.com.ar\/df\/wp-content\/uploads\/2021\/09\/03-Accesiblebbb524f6.jpg",696,479,false],"landscape":["https:\/\/diariofemenino.com.ar\/df\/wp-content\/uploads\/2021\/09\/03-Accesiblebbb524f6.jpg",696,479,false],"portraits":["https:\/\/diariofemenino.com.ar\/df\/wp-content\/uploads\/2021\/09\/03-Accesiblebbb524f6.jpg",696,479,false],"thumbnail":["https:\/\/diariofemenino.com.ar\/df\/wp-content\/uploads\/2021\/09\/03-Accesiblebbb524f6-150x150.jpg",150,150,true],"medium":["https:\/\/diariofemenino.com.ar\/df\/wp-content\/uploads\/2021\/09\/03-Accesiblebbb524f6-300x206.jpg",300,206,true],"large":["https:\/\/diariofemenino.com.ar\/df\/wp-content\/uploads\/2021\/09\/03-Accesiblebbb524f6.jpg",696,479,false],"1536x1536":["https:\/\/diariofemenino.com.ar\/df\/wp-content\/uploads\/2021\/09\/03-Accesiblebbb524f6.jpg",696,479,false],"2048x2048":["https:\/\/diariofemenino.com.ar\/df\/wp-content\/uploads\/2021\/09\/03-Accesiblebbb524f6.jpg",696,479,false]},"rttpg_author":{"display_name":"Admin","author_link":"https:\/\/diariofemenino.com.ar\/df\/author\/lenny\/"},"rttpg_comment":0,"rttpg_category":"<a href=\"https:\/\/diariofemenino.com.ar\/df\/category\/historias-de-vida\/\" rel=\"category tag\">Historias de vida<\/a> <a href=\"https:\/\/diariofemenino.com.ar\/df\/category\/mujeres-de-la-pampa\/\" rel=\"category tag\">Mujeres de La Pampa<\/a>","rttpg_excerpt":"La Pampa tiene su primera consultora en accesibilidad. \u00abEl camino de concientizar es dif\u00edcil, pero estas recompensas nos empujan a seguir y confiar en lo que hacemos\u00bb, escribi\u00f3 Ver\u00f3nica Mart\u00ednez minutos despu\u00e9s de recibir oficialmente el certificado provincial para que su creaci\u00f3n, \u00abS\u00ed voy, turismo accesible\u00bb, sea la primera prestadora de servicios tur\u00edsticos que funciona&hellip;","_links":{"self":[{"href":"https:\/\/diariofemenino.com.ar\/df\/wp-json\/wp\/v2\/posts\/60632","targetHints":{"allow":["GET"]}}],"collection":[{"href":"https:\/\/diariofemenino.com.ar\/df\/wp-json\/wp\/v2\/posts"}],"about":[{"href":"https:\/\/diariofemenino.com.ar\/df\/wp-json\/wp\/v2\/types\/post"}],"author":[{"embeddable":true,"href":"https:\/\/diariofemenino.com.ar\/df\/wp-json\/wp\/v2\/users\/4"}],"replies":[{"embeddable":true,"href":"https:\/\/diariofemenino.com.ar\/df\/wp-json\/wp\/v2\/comments?post=60632"}],"version-history":[{"count":0,"href":"https:\/\/diariofemenino.com.ar\/df\/wp-json\/wp\/v2\/posts\/60632\/revisions"}],"wp:featuredmedia":[{"embeddable":true,"href":"https:\/\/diariofemenino.com.ar\/df\/wp-json\/wp\/v2\/media\/60633"}],"wp:attachment":[{"href":"https:\/\/diariofemenino.com.ar\/df\/wp-json\/wp\/v2\/media?parent=60632"}],"wp:term":[{"taxonomy":"category","embeddable":true,"href":"https:\/\/diariofemenino.com.ar\/df\/wp-json\/wp\/v2\/categories?post=60632"},{"taxonomy":"post_tag","embeddable":true,"href":"https:\/\/diariofemenino.com.ar\/df\/wp-json\/wp\/v2\/tags?post=60632"}],"curies":[{"name":"wp","href":"https:\/\/api.w.org\/{rel}","templated":true}]}}