{"id":60345,"date":"2021-08-18T11:27:20","date_gmt":"2021-08-18T14:27:20","guid":{"rendered":"https:\/\/diariofemenino.com.ar\/df\/?p=60345"},"modified":"2021-08-18T12:17:09","modified_gmt":"2021-08-18T15:17:09","slug":"escuelas-populares-remedios-y-macachas-en-general-pico","status":"publish","type":"post","link":"https:\/\/diariofemenino.com.ar\/df\/escuelas-populares-remedios-y-macachas-en-general-pico\/","title":{"rendered":"Escuelas populares \u00abRemedios y Macachas\u00bb en General Pico"},"content":{"rendered":"<p><span style=\"color: #000000;\">Durante\u00a0 los meses de septiembre y diciembre del corriente a\u00f1o se estar\u00e1n llevando a cabo en la localidad de General Pico una serie de talleres y actividades comprendidas en el marco de la<strong> Escuela de Formaci\u00f3n contra la Violencia de G\u00e9nero,\u00a0<\/strong> impulsada por la <strong>Asociaci\u00f3n Civil Pampa Libre<\/strong> en vinculaci\u00f3n con el MTE La Pampa. La misma es un proyecto seleccionado por el <a href=\"https:\/\/www.argentina.gob.ar\/generos\">Ministerio<\/a> de las <a href=\"https:\/\/diariofemenino.com.ar\/df\/category\/mujeres-de-la-pampa\/\">Mujeres<\/a>, G\u00e9neros y Diversidad de la Naci\u00f3n en el marco del Programa Escuelas Populares de Formaci\u00f3n en G\u00e9nero y Diversidad \u00abRemedios y Macachas\u00bb.<\/span><\/p>\n<p><span style=\"color: #000000;\">El <a href=\"https:\/\/www.argentina.gob.ar\/generos\/plan_nacional_de_accion_contra_las_violencias_por_motivos_de_genero\/prog-escuelas-pop-formac-en-gen-y-diver\">Programa escuelas populares<\/a> busca apoyar a organizaciones de la sociedad civil a fin de robustecer el trabajo comunitario y avanzar en un cambio cultural que permita constituirnos en una sociedad m\u00e1s igualitaria y libre de violencia.<\/span><\/p>\n<p><span style=\"color: #000000;\">El proyecto que se desarrollar\u00e1 en la ciudad de General Pico contar\u00e1 con una serie de 8 encuentros \/ talleres comunitarios a realizarse de forma sistem\u00e1tica, destinados a integrantes de la organizaci\u00f3n social MTE\u00a0 y personas de la comunidad piquense interesadas. Los talleres ser\u00e1n tendientes a identificar, prevenir y erradicar la violencia con base de g\u00e9nero. Se abordar\u00e1n tem\u00e1ticas como patriarcado, machismo y masculinidades, roles hegem\u00f3nicos de g\u00e9nero, tareas de cuidado y trabajo; violencia por motivos de g\u00e9nero y herramientas de intervenci\u00f3n y Lenguaje y comunicaci\u00f3n no sexista.<\/span><\/p>\n<p><span style=\"color: #000000;\">Entre sus objetivos se cuentan:<br \/>\n-Desnaturalizar y deconstruir pr\u00e1cticas y actitudes tendientes a reforzar roles y estereotipos de g\u00e9nero que perpet\u00faan desigualdades. Identificar y prevenir situaciones de violencia de g\u00e9nero en el entorno dom\u00e9stico, laboral o comunitario.<\/span><\/p>\n<p>-Conocer formas posibles de intervenci\u00f3n. Informar acerca de los derechos consagrados de las mujeres y colectivo LGTBQ+.<\/p>\n<p><span style=\"color: #000000;\">-Impulsar la creaci\u00f3n y robustecimiento de redes de comunicaci\u00f3n fluidas entre instituciones educativas y de la sociedad civil (Universidad, Institutos de investigaci\u00f3n, Colegios profesionales, medios de comunicaci\u00f3n) y las organizaciones sociales de los movimientos populares feministas que funcionan territorialmente. <\/span><\/p>\n<p><span style=\"color: #000000;\">-Sistematizar experiencias de empoderamiento de las femineidades y el colectivo de diversidad sexual presentes en el territorio.<\/span><\/p>\n<p><span style=\"color: #000000;\">Para participar de la escuela popular, hasta el 30 de Agosto se encuentran abiertas las inscripciones.<\/span><\/p>\n<p><span style=\"color: #000000;\">Las personas interesadas podr\u00e1n comunicarse a:\u00a0<\/span><strong><a href=\"mailto:escuelapopulargeneralpico@gmail.com\">escuelapopulargeneralpico@gmail.com<\/a><\/strong><\/p>\n<p><span style=\"color: #000000;\"><strong>\u00bfQu\u00e9 son las Escuelas Populares?\u00a0<\/strong><\/span><\/p>\n<p><img loading=\"lazy\" decoding=\"async\" class=\"aligncenter wp-image-60348\" src=\"https:\/\/diariofemenino.com.ar\/df\/wp-content\/uploads\/2021\/08\/200721-mgd_pnaviolencias_web_escuelaspopulares-1024x576.png\" alt=\"\" width=\"642\" height=\"361\" srcset=\"https:\/\/diariofemenino.com.ar\/df\/wp-content\/uploads\/2021\/08\/200721-mgd_pnaviolencias_web_escuelaspopulares-1024x576.png 1024w, https:\/\/diariofemenino.com.ar\/df\/wp-content\/uploads\/2021\/08\/200721-mgd_pnaviolencias_web_escuelaspopulares-300x169.png 300w, https:\/\/diariofemenino.com.ar\/df\/wp-content\/uploads\/2021\/08\/200721-mgd_pnaviolencias_web_escuelaspopulares-768x432.png 768w, https:\/\/diariofemenino.com.ar\/df\/wp-content\/uploads\/2021\/08\/200721-mgd_pnaviolencias_web_escuelaspopulares.png 1920w\" sizes=\"auto, (max-width: 642px) 100vw, 642px\" \/><\/p>\n<p><span style=\"color: #000000;\">El\u00a0<strong>Programa de Escuelas Populares de Formaci\u00f3n en G\u00e9nero y Diversidad \u201cMacachas y Remedios\u201d<\/strong>\u00a0prev\u00e9 el apoyo econ\u00f3mico y acompa\u00f1amiento t\u00e9cnico de proyectos de formaci\u00f3n en g\u00e9nero y diversidad desarrollados por organizaciones sociales y culturales y entidades de todo el pa\u00eds.<\/span><\/p>\n<p><span style=\"color: #000000;\">Con este programa nos proponemos garantizar la implementaci\u00f3n de proyectos situados, fortaleciendo el trabajo que realizan las organizaciones para contribuir al ejercicio de los derechos de quienes participen en las instancias de capacitaci\u00f3n.<\/span><\/p>\n<p><span style=\"color: #000000;\">Se trata de una herramienta clave para la transformaci\u00f3n cultural que promueva la igualdad de g\u00e9nero y proyectos de vida libres de violencias.<\/span><\/p>\n<p><span style=\"color: #000000;\">La educaci\u00f3n popular se involucra con el proceso de aprendizaje en la pr\u00e1ctica y toma en cuenta las experiencias y el contexto en el que est\u00e1n inmersas. Por eso, la producci\u00f3n de saberes populares es clave en el proceso que se propone llevar adelante el Programa de Escuelas Populares de Formaci\u00f3n en G\u00e9nero y Diversidad.<\/span><\/p>\n<p><span style=\"color: #000000;\">Este programa propone un proceso autogestivo de conocimientos y aprendizajes para promover la comprensi\u00f3n y la identificaci\u00f3n del fen\u00f3meno de las violencias, como as\u00ed tambi\u00e9n la desnaturalizaci\u00f3n del trabajo de cuidados que recaen en las mujeres y otras desigualdades que obstaculizan el desarrollo de proyectos de vida libres y aut\u00f3nomos. Las propuestas y miradas que de ese proceso surjan permiten el intercambio de las experiencias de lxs participantes, generando reflexiones cr\u00edticas sobre relaciones de poder y dominaci\u00f3n, desigualdades y violencias.<\/span><\/p>\n<p><span style=\"color: #000000;\">El objetivo principal de este Programa es fortalecer la capacitaci\u00f3n de mujeres y LGBTI+ para propiciar, desde la producci\u00f3n de saberes colectivos, la deconstrucci\u00f3n de estructuras discursivas, pr\u00e1cticas y formas de relaci\u00f3n que reproducen y perpet\u00faan las violencias por motivos de g\u00e9nero.<\/span><\/p>\n<h5><span style=\"color: #000000;\">El Programa de Escuelas Populares de Formaci\u00f3n en G\u00e9nero y Diversidad est\u00e1 dirigido a:<\/span><\/h5>\n<ul>\n<li><span style=\"color: #000000;\">Organizaciones sociales y comunitarias y cooperativas de trabajo.<\/span><\/li>\n<li><span style=\"color: #000000;\">Priorizando los proyectos de las organizaciones de la sociedad civil, tambi\u00e9n podr\u00e1n acceder organizaciones sindicales, universidades nacionales, instituciones educativas terciarias, \u00e1reas de g\u00e9nero de gobiernos municipales\/comunales y consejos\/colegios de profesionales con participaci\u00f3n de adultxs referentxs territoriales que desarrollan tareas de prevenci\u00f3n; j\u00f3venes y adolescentes y ciudadanxs en general, alentando la articulaci\u00f3n y creaci\u00f3n de redes con organizaciones del territorio.<\/span><\/li>\n<li><span style=\"color: #000000;\">En el caso de instituciones educativas, sindicatos, gobiernos locales\/comunales y consejos\/colegios de profesionales, se deber\u00e1 articular con organizaciones sociales y comunitarias garantizando el trabajo y ejecuci\u00f3n con participantes del territorio.<\/span><\/li>\n<\/ul>\n<h5><span style=\"color: #000000;\">Entre sus objetivos generales est\u00e1n:<\/span><\/h5>\n<ul>\n<li><span style=\"color: #000000;\">Promover articulaciones entre el Estado y las organizaciones e instituciones de los diferentes territorios.<\/span><\/li>\n<li><span style=\"color: #000000;\">Promover el fortalecimiento vincular de las organizaciones con el territorio.<\/span><\/li>\n<li><span style=\"color: #000000;\">Promover la formaci\u00f3n como proceso permanente y necesario con miras a la erradicaci\u00f3n de todos los tipos de violencias por motivos de g\u00e9neros.<\/span><\/li>\n<\/ul>\n<h5><span style=\"color: #000000;\">Entre sus objetivos espec\u00edficos est\u00e1n:<\/span><\/h5>\n<ul>\n<li><span style=\"color: #000000;\">Abonar a la promoci\u00f3n de derechos. Concientizaci\u00f3n y difusi\u00f3n de derechos desde el reconocimiento de un proceso socio-hist\u00f3rico en sus conquistas.<\/span><\/li>\n<li><span style=\"color: #000000;\">Fomentar el reconocimiento de pr\u00e1cticas violentas con el prop\u00f3sito de revertirlas desde el acompa\u00f1amiento y la construcci\u00f3n conjunta.<\/span><\/li>\n<li><span style=\"color: #000000;\">Destacar la importancia de la deconstrucci\u00f3n de mandatos culturales que producen la desigualdad de g\u00e9nero y la violencia patriarcal, promoviendo la desnaturalizaci\u00f3n de estas pr\u00e1cticas pol\u00edtico-econ\u00f3micas-sociales-culturales y construyendo otras formas de relacionarnos.<\/span><\/li>\n<li><span style=\"color: #000000;\">Promover miradas y an\u00e1lisis interseccionales.<\/span><\/li>\n<li><span style=\"color: #000000;\">Contribuir a la apropiaci\u00f3n de herramientas conceptuales y pol\u00edticas como parte del proceso de reconocimiento y acceso a derechos.<\/span><\/li>\n<li><span style=\"color: #000000;\">Promover el cuestionamiento a los modelos imperantes que generan las violencias de g\u00e9nero y abonar a revertirlos.<\/span><\/li>\n<\/ul>\n","protected":false},"excerpt":{"rendered":"<p>Durante\u00a0 los meses de septiembre y diciembre del corriente a\u00f1o se estar\u00e1n llevando a cabo en la localidad de General Pico una serie de talleres y actividades comprendidas en el marco de la Escuela de Formaci\u00f3n contra la Violencia de G\u00e9nero,\u00a0 impulsada por la Asociaci\u00f3n Civil Pampa Libre en vinculaci\u00f3n con el MTE La Pampa. [&hellip;]<\/p>\n","protected":false},"author":4,"featured_media":60347,"comment_status":"open","ping_status":"open","sticky":false,"template":"","format":"standard","meta":{"iawp_total_views":12,"footnotes":""},"categories":[1067,32,1251,592],"tags":[4694,1313,439],"class_list":["post-60345","post","type-post","status-publish","format-standard","has-post-thumbnail","hentry","category-agenda-feminista","category-mujeres","category-mujeres-de-la-pampa","category-violencias","tag-escuelas-populares","tag-general-pico","tag-la-pampa"],"nelio_content":{"autoShareEndMode":"never","automationSources":{"useCustomSentences":false,"customSentences":[]},"efiAlt":"","efiUrl":"","followers":[4],"highlights":[],"isAutoShareEnabled":true,"networkImageIds":[],"permalinkQueryArgs":[],"series":[],"suggestedReferences":[]},"yoast_head":"<!-- This site is optimized with the Yoast SEO plugin v27.5 - https:\/\/yoast.com\/product\/yoast-seo-wordpress\/ -->\n<title>Escuelas populares &quot;Remedios y Macachas&quot; en General Pico - Diario Digital Femenino<\/title>\n<meta name=\"description\" content=\"Escuelas populares. El Programa de Escuela de Formaci\u00f3n contra la Violencia de G\u00e9nero se realizar\u00e1 en General Pico, La Pampa.\" \/>\n<meta name=\"robots\" content=\"index, follow, max-snippet:-1, max-image-preview:large, max-video-preview:-1\" \/>\n<link rel=\"canonical\" href=\"https:\/\/diariofemenino.com.ar\/df\/escuelas-populares-remedios-y-macachas-en-general-pico\/\" \/>\n<meta property=\"og:locale\" content=\"es_ES\" \/>\n<meta property=\"og:type\" content=\"article\" \/>\n<meta property=\"og:title\" content=\"Escuelas populares &quot;Remedios y Macachas&quot; en General Pico - Diario Digital Femenino\" \/>\n<meta property=\"og:description\" content=\"Escuelas populares. El Programa de Escuela de Formaci\u00f3n contra la Violencia de G\u00e9nero se realizar\u00e1 en General Pico, La Pampa.\" \/>\n<meta property=\"og:url\" content=\"https:\/\/diariofemenino.com.ar\/df\/escuelas-populares-remedios-y-macachas-en-general-pico\/\" \/>\n<meta property=\"og:site_name\" content=\"Diario Digital Femenino\" \/>\n<meta property=\"article:publisher\" content=\"https:\/\/www.facebook.com\/DiarioDigitaFemenino\/\" \/>\n<meta property=\"article:published_time\" content=\"2021-08-18T14:27:20+00:00\" \/>\n<meta property=\"article:modified_time\" content=\"2021-08-18T15:17:09+00:00\" \/>\n<meta property=\"og:image\" content=\"https:\/\/diariofemenino.com.ar\/df\/wp-content\/uploads\/2021\/08\/flyer-Escuelas-Pico.jpeg\" \/>\n\t<meta property=\"og:image:width\" content=\"1280\" \/>\n\t<meta property=\"og:image:height\" content=\"1280\" \/>\n\t<meta property=\"og:image:type\" content=\"image\/jpeg\" \/>\n<meta name=\"author\" content=\"Admin\" \/>\n<meta name=\"twitter:card\" content=\"summary_large_image\" \/>\n<meta name=\"twitter:creator\" content=\"@DiarioFemenino1\" \/>\n<meta name=\"twitter:site\" content=\"@DiarioFemenino1\" \/>\n<meta name=\"twitter:label1\" content=\"Escrito por\" \/>\n\t<meta name=\"twitter:data1\" content=\"Admin\" \/>\n\t<meta name=\"twitter:label2\" content=\"Tiempo de lectura\" \/>\n\t<meta name=\"twitter:data2\" content=\"5 minutos\" \/>\n<script type=\"application\/ld+json\" class=\"yoast-schema-graph\">{\"@context\":\"https:\\\/\\\/schema.org\",\"@graph\":[{\"@type\":\"Article\",\"@id\":\"https:\\\/\\\/diariofemenino.com.ar\\\/df\\\/escuelas-populares-remedios-y-macachas-en-general-pico\\\/#article\",\"isPartOf\":{\"@id\":\"https:\\\/\\\/diariofemenino.com.ar\\\/df\\\/escuelas-populares-remedios-y-macachas-en-general-pico\\\/\"},\"author\":{\"name\":\"Admin\",\"@id\":\"https:\\\/\\\/diariofemenino.com.ar\\\/df\\\/#\\\/schema\\\/person\\\/bf6199e8158c657ea6f789b11ec85509\"},\"headline\":\"Escuelas populares \u00abRemedios y Macachas\u00bb en General Pico\",\"datePublished\":\"2021-08-18T14:27:20+00:00\",\"dateModified\":\"2021-08-18T15:17:09+00:00\",\"mainEntityOfPage\":{\"@id\":\"https:\\\/\\\/diariofemenino.com.ar\\\/df\\\/escuelas-populares-remedios-y-macachas-en-general-pico\\\/\"},\"wordCount\":1018,\"commentCount\":0,\"publisher\":{\"@id\":\"https:\\\/\\\/diariofemenino.com.ar\\\/df\\\/#organization\"},\"image\":{\"@id\":\"https:\\\/\\\/diariofemenino.com.ar\\\/df\\\/escuelas-populares-remedios-y-macachas-en-general-pico\\\/#primaryimage\"},\"thumbnailUrl\":\"https:\\\/\\\/diariofemenino.com.ar\\\/df\\\/wp-content\\\/uploads\\\/2021\\\/08\\\/flyer-Escuelas-Pico.jpeg\",\"keywords\":[\"Escuelas Populares\",\"General Pico\",\"La Pampa\"],\"articleSection\":[\"Agenda Feminista\",\"Mujeres\",\"Mujeres de La Pampa\",\"Violencias\"],\"inLanguage\":\"es\",\"potentialAction\":[{\"@type\":\"CommentAction\",\"name\":\"Comment\",\"target\":[\"https:\\\/\\\/diariofemenino.com.ar\\\/df\\\/escuelas-populares-remedios-y-macachas-en-general-pico\\\/#respond\"]}]},{\"@type\":\"WebPage\",\"@id\":\"https:\\\/\\\/diariofemenino.com.ar\\\/df\\\/escuelas-populares-remedios-y-macachas-en-general-pico\\\/\",\"url\":\"https:\\\/\\\/diariofemenino.com.ar\\\/df\\\/escuelas-populares-remedios-y-macachas-en-general-pico\\\/\",\"name\":\"Escuelas populares \\\"Remedios y Macachas\\\" en General Pico - Diario Digital Femenino\",\"isPartOf\":{\"@id\":\"https:\\\/\\\/diariofemenino.com.ar\\\/df\\\/#website\"},\"primaryImageOfPage\":{\"@id\":\"https:\\\/\\\/diariofemenino.com.ar\\\/df\\\/escuelas-populares-remedios-y-macachas-en-general-pico\\\/#primaryimage\"},\"image\":{\"@id\":\"https:\\\/\\\/diariofemenino.com.ar\\\/df\\\/escuelas-populares-remedios-y-macachas-en-general-pico\\\/#primaryimage\"},\"thumbnailUrl\":\"https:\\\/\\\/diariofemenino.com.ar\\\/df\\\/wp-content\\\/uploads\\\/2021\\\/08\\\/flyer-Escuelas-Pico.jpeg\",\"datePublished\":\"2021-08-18T14:27:20+00:00\",\"dateModified\":\"2021-08-18T15:17:09+00:00\",\"description\":\"Escuelas populares. El Programa de Escuela de Formaci\u00f3n contra la Violencia de G\u00e9nero se realizar\u00e1 en General Pico, La Pampa.\",\"breadcrumb\":{\"@id\":\"https:\\\/\\\/diariofemenino.com.ar\\\/df\\\/escuelas-populares-remedios-y-macachas-en-general-pico\\\/#breadcrumb\"},\"inLanguage\":\"es\",\"potentialAction\":[{\"@type\":\"ReadAction\",\"target\":[\"https:\\\/\\\/diariofemenino.com.ar\\\/df\\\/escuelas-populares-remedios-y-macachas-en-general-pico\\\/\"]}]},{\"@type\":\"ImageObject\",\"inLanguage\":\"es\",\"@id\":\"https:\\\/\\\/diariofemenino.com.ar\\\/df\\\/escuelas-populares-remedios-y-macachas-en-general-pico\\\/#primaryimage\",\"url\":\"https:\\\/\\\/diariofemenino.com.ar\\\/df\\\/wp-content\\\/uploads\\\/2021\\\/08\\\/flyer-Escuelas-Pico.jpeg\",\"contentUrl\":\"https:\\\/\\\/diariofemenino.com.ar\\\/df\\\/wp-content\\\/uploads\\\/2021\\\/08\\\/flyer-Escuelas-Pico.jpeg\",\"width\":1280,\"height\":1280,\"caption\":\"Escuelas populares \\\" Remedios y Macachas\\\" en General Pico\"},{\"@type\":\"BreadcrumbList\",\"@id\":\"https:\\\/\\\/diariofemenino.com.ar\\\/df\\\/escuelas-populares-remedios-y-macachas-en-general-pico\\\/#breadcrumb\",\"itemListElement\":[{\"@type\":\"ListItem\",\"position\":1,\"name\":\"Portada\",\"item\":\"https:\\\/\\\/diariofemenino.com.ar\\\/df\\\/\"},{\"@type\":\"ListItem\",\"position\":2,\"name\":\"Escuelas populares \u00abRemedios y Macachas\u00bb en General Pico\"}]},{\"@type\":\"WebSite\",\"@id\":\"https:\\\/\\\/diariofemenino.com.ar\\\/df\\\/#website\",\"url\":\"https:\\\/\\\/diariofemenino.com.ar\\\/df\\\/\",\"name\":\"Diario Digital Femenino\",\"description\":\"Cuesti\u00f3n de G\u00e9nero\",\"publisher\":{\"@id\":\"https:\\\/\\\/diariofemenino.com.ar\\\/df\\\/#organization\"},\"potentialAction\":[{\"@type\":\"SearchAction\",\"target\":{\"@type\":\"EntryPoint\",\"urlTemplate\":\"https:\\\/\\\/diariofemenino.com.ar\\\/df\\\/?s={search_term_string}\"},\"query-input\":{\"@type\":\"PropertyValueSpecification\",\"valueRequired\":true,\"valueName\":\"search_term_string\"}}],\"inLanguage\":\"es\"},{\"@type\":\"Organization\",\"@id\":\"https:\\\/\\\/diariofemenino.com.ar\\\/df\\\/#organization\",\"name\":\"Diario Femenino\",\"url\":\"https:\\\/\\\/diariofemenino.com.ar\\\/df\\\/\",\"logo\":{\"@type\":\"ImageObject\",\"inLanguage\":\"es\",\"@id\":\"https:\\\/\\\/diariofemenino.com.ar\\\/df\\\/#\\\/schema\\\/logo\\\/image\\\/\",\"url\":\"https:\\\/\\\/diariofemenino.com.ar\\\/df\\\/wp-content\\\/uploads\\\/2018\\\/10\\\/logo.png\",\"contentUrl\":\"https:\\\/\\\/diariofemenino.com.ar\\\/df\\\/wp-content\\\/uploads\\\/2018\\\/10\\\/logo.png\",\"width\":500,\"height\":92,\"caption\":\"Diario Femenino\"},\"image\":{\"@id\":\"https:\\\/\\\/diariofemenino.com.ar\\\/df\\\/#\\\/schema\\\/logo\\\/image\\\/\"},\"sameAs\":[\"https:\\\/\\\/www.facebook.com\\\/DiarioDigitaFemenino\\\/\",\"https:\\\/\\\/x.com\\\/DiarioFemenino1\"]},{\"@type\":\"Person\",\"@id\":\"https:\\\/\\\/diariofemenino.com.ar\\\/df\\\/#\\\/schema\\\/person\\\/bf6199e8158c657ea6f789b11ec85509\",\"name\":\"Admin\",\"image\":{\"@type\":\"ImageObject\",\"inLanguage\":\"es\",\"@id\":\"https:\\\/\\\/diariofemenino.com.ar\\\/df\\\/wp-content\\\/uploads\\\/2018\\\/12\\\/favicon-150x150.jpg\",\"url\":\"https:\\\/\\\/diariofemenino.com.ar\\\/df\\\/wp-content\\\/uploads\\\/2018\\\/12\\\/favicon-150x150.jpg\",\"contentUrl\":\"https:\\\/\\\/diariofemenino.com.ar\\\/df\\\/wp-content\\\/uploads\\\/2018\\\/12\\\/favicon-150x150.jpg\",\"caption\":\"Admin\"},\"url\":\"https:\\\/\\\/diariofemenino.com.ar\\\/df\\\/author\\\/lenny\\\/\"}]}<\/script>\n<!-- \/ Yoast SEO plugin. -->","yoast_head_json":{"title":"Escuelas populares \"Remedios y Macachas\" en General Pico - Diario Digital Femenino","description":"Escuelas populares. El Programa de Escuela de Formaci\u00f3n contra la Violencia de G\u00e9nero se realizar\u00e1 en General Pico, La Pampa.","robots":{"index":"index","follow":"follow","max-snippet":"max-snippet:-1","max-image-preview":"max-image-preview:large","max-video-preview":"max-video-preview:-1"},"canonical":"https:\/\/diariofemenino.com.ar\/df\/escuelas-populares-remedios-y-macachas-en-general-pico\/","og_locale":"es_ES","og_type":"article","og_title":"Escuelas populares \"Remedios y Macachas\" en General Pico - Diario Digital Femenino","og_description":"Escuelas populares. El Programa de Escuela de Formaci\u00f3n contra la Violencia de G\u00e9nero se realizar\u00e1 en General Pico, La Pampa.","og_url":"https:\/\/diariofemenino.com.ar\/df\/escuelas-populares-remedios-y-macachas-en-general-pico\/","og_site_name":"Diario Digital Femenino","article_publisher":"https:\/\/www.facebook.com\/DiarioDigitaFemenino\/","article_published_time":"2021-08-18T14:27:20+00:00","article_modified_time":"2021-08-18T15:17:09+00:00","og_image":[{"width":1280,"height":1280,"url":"https:\/\/diariofemenino.com.ar\/df\/wp-content\/uploads\/2021\/08\/flyer-Escuelas-Pico.jpeg","type":"image\/jpeg"}],"author":"Admin","twitter_card":"summary_large_image","twitter_creator":"@DiarioFemenino1","twitter_site":"@DiarioFemenino1","twitter_misc":{"Escrito por":"Admin","Tiempo de lectura":"5 minutos"},"schema":{"@context":"https:\/\/schema.org","@graph":[{"@type":"Article","@id":"https:\/\/diariofemenino.com.ar\/df\/escuelas-populares-remedios-y-macachas-en-general-pico\/#article","isPartOf":{"@id":"https:\/\/diariofemenino.com.ar\/df\/escuelas-populares-remedios-y-macachas-en-general-pico\/"},"author":{"name":"Admin","@id":"https:\/\/diariofemenino.com.ar\/df\/#\/schema\/person\/bf6199e8158c657ea6f789b11ec85509"},"headline":"Escuelas populares \u00abRemedios y Macachas\u00bb en General Pico","datePublished":"2021-08-18T14:27:20+00:00","dateModified":"2021-08-18T15:17:09+00:00","mainEntityOfPage":{"@id":"https:\/\/diariofemenino.com.ar\/df\/escuelas-populares-remedios-y-macachas-en-general-pico\/"},"wordCount":1018,"commentCount":0,"publisher":{"@id":"https:\/\/diariofemenino.com.ar\/df\/#organization"},"image":{"@id":"https:\/\/diariofemenino.com.ar\/df\/escuelas-populares-remedios-y-macachas-en-general-pico\/#primaryimage"},"thumbnailUrl":"https:\/\/diariofemenino.com.ar\/df\/wp-content\/uploads\/2021\/08\/flyer-Escuelas-Pico.jpeg","keywords":["Escuelas Populares","General Pico","La Pampa"],"articleSection":["Agenda Feminista","Mujeres","Mujeres de La Pampa","Violencias"],"inLanguage":"es","potentialAction":[{"@type":"CommentAction","name":"Comment","target":["https:\/\/diariofemenino.com.ar\/df\/escuelas-populares-remedios-y-macachas-en-general-pico\/#respond"]}]},{"@type":"WebPage","@id":"https:\/\/diariofemenino.com.ar\/df\/escuelas-populares-remedios-y-macachas-en-general-pico\/","url":"https:\/\/diariofemenino.com.ar\/df\/escuelas-populares-remedios-y-macachas-en-general-pico\/","name":"Escuelas populares \"Remedios y Macachas\" en General Pico - Diario Digital Femenino","isPartOf":{"@id":"https:\/\/diariofemenino.com.ar\/df\/#website"},"primaryImageOfPage":{"@id":"https:\/\/diariofemenino.com.ar\/df\/escuelas-populares-remedios-y-macachas-en-general-pico\/#primaryimage"},"image":{"@id":"https:\/\/diariofemenino.com.ar\/df\/escuelas-populares-remedios-y-macachas-en-general-pico\/#primaryimage"},"thumbnailUrl":"https:\/\/diariofemenino.com.ar\/df\/wp-content\/uploads\/2021\/08\/flyer-Escuelas-Pico.jpeg","datePublished":"2021-08-18T14:27:20+00:00","dateModified":"2021-08-18T15:17:09+00:00","description":"Escuelas populares. El Programa de Escuela de Formaci\u00f3n contra la Violencia de G\u00e9nero se realizar\u00e1 en General Pico, La Pampa.","breadcrumb":{"@id":"https:\/\/diariofemenino.com.ar\/df\/escuelas-populares-remedios-y-macachas-en-general-pico\/#breadcrumb"},"inLanguage":"es","potentialAction":[{"@type":"ReadAction","target":["https:\/\/diariofemenino.com.ar\/df\/escuelas-populares-remedios-y-macachas-en-general-pico\/"]}]},{"@type":"ImageObject","inLanguage":"es","@id":"https:\/\/diariofemenino.com.ar\/df\/escuelas-populares-remedios-y-macachas-en-general-pico\/#primaryimage","url":"https:\/\/diariofemenino.com.ar\/df\/wp-content\/uploads\/2021\/08\/flyer-Escuelas-Pico.jpeg","contentUrl":"https:\/\/diariofemenino.com.ar\/df\/wp-content\/uploads\/2021\/08\/flyer-Escuelas-Pico.jpeg","width":1280,"height":1280,"caption":"Escuelas populares \" Remedios y Macachas\" en General Pico"},{"@type":"BreadcrumbList","@id":"https:\/\/diariofemenino.com.ar\/df\/escuelas-populares-remedios-y-macachas-en-general-pico\/#breadcrumb","itemListElement":[{"@type":"ListItem","position":1,"name":"Portada","item":"https:\/\/diariofemenino.com.ar\/df\/"},{"@type":"ListItem","position":2,"name":"Escuelas populares \u00abRemedios y Macachas\u00bb en General Pico"}]},{"@type":"WebSite","@id":"https:\/\/diariofemenino.com.ar\/df\/#website","url":"https:\/\/diariofemenino.com.ar\/df\/","name":"Diario Digital Femenino","description":"Cuesti\u00f3n de G\u00e9nero","publisher":{"@id":"https:\/\/diariofemenino.com.ar\/df\/#organization"},"potentialAction":[{"@type":"SearchAction","target":{"@type":"EntryPoint","urlTemplate":"https:\/\/diariofemenino.com.ar\/df\/?s={search_term_string}"},"query-input":{"@type":"PropertyValueSpecification","valueRequired":true,"valueName":"search_term_string"}}],"inLanguage":"es"},{"@type":"Organization","@id":"https:\/\/diariofemenino.com.ar\/df\/#organization","name":"Diario Femenino","url":"https:\/\/diariofemenino.com.ar\/df\/","logo":{"@type":"ImageObject","inLanguage":"es","@id":"https:\/\/diariofemenino.com.ar\/df\/#\/schema\/logo\/image\/","url":"https:\/\/diariofemenino.com.ar\/df\/wp-content\/uploads\/2018\/10\/logo.png","contentUrl":"https:\/\/diariofemenino.com.ar\/df\/wp-content\/uploads\/2018\/10\/logo.png","width":500,"height":92,"caption":"Diario Femenino"},"image":{"@id":"https:\/\/diariofemenino.com.ar\/df\/#\/schema\/logo\/image\/"},"sameAs":["https:\/\/www.facebook.com\/DiarioDigitaFemenino\/","https:\/\/x.com\/DiarioFemenino1"]},{"@type":"Person","@id":"https:\/\/diariofemenino.com.ar\/df\/#\/schema\/person\/bf6199e8158c657ea6f789b11ec85509","name":"Admin","image":{"@type":"ImageObject","inLanguage":"es","@id":"https:\/\/diariofemenino.com.ar\/df\/wp-content\/uploads\/2018\/12\/favicon-150x150.jpg","url":"https:\/\/diariofemenino.com.ar\/df\/wp-content\/uploads\/2018\/12\/favicon-150x150.jpg","contentUrl":"https:\/\/diariofemenino.com.ar\/df\/wp-content\/uploads\/2018\/12\/favicon-150x150.jpg","caption":"Admin"},"url":"https:\/\/diariofemenino.com.ar\/df\/author\/lenny\/"}]}},"jetpack_featured_media_url":"https:\/\/diariofemenino.com.ar\/df\/wp-content\/uploads\/2021\/08\/flyer-Escuelas-Pico.jpeg","jetpack_sharing_enabled":true,"rttpg_featured_image_url":{"full":["https:\/\/diariofemenino.com.ar\/df\/wp-content\/uploads\/2021\/08\/flyer-Escuelas-Pico.jpeg",1280,1280,false],"landscape":["https:\/\/diariofemenino.com.ar\/df\/wp-content\/uploads\/2021\/08\/flyer-Escuelas-Pico.jpeg",1280,1280,false],"portraits":["https:\/\/diariofemenino.com.ar\/df\/wp-content\/uploads\/2021\/08\/flyer-Escuelas-Pico.jpeg",1280,1280,false],"thumbnail":["https:\/\/diariofemenino.com.ar\/df\/wp-content\/uploads\/2021\/08\/flyer-Escuelas-Pico-150x150.jpeg",150,150,true],"medium":["https:\/\/diariofemenino.com.ar\/df\/wp-content\/uploads\/2021\/08\/flyer-Escuelas-Pico-300x300.jpeg",300,300,true],"large":["https:\/\/diariofemenino.com.ar\/df\/wp-content\/uploads\/2021\/08\/flyer-Escuelas-Pico-1024x1024.jpeg",1024,1024,true],"1536x1536":["https:\/\/diariofemenino.com.ar\/df\/wp-content\/uploads\/2021\/08\/flyer-Escuelas-Pico.jpeg",1280,1280,false],"2048x2048":["https:\/\/diariofemenino.com.ar\/df\/wp-content\/uploads\/2021\/08\/flyer-Escuelas-Pico.jpeg",1280,1280,false]},"rttpg_author":{"display_name":"Admin","author_link":"https:\/\/diariofemenino.com.ar\/df\/author\/lenny\/"},"rttpg_comment":0,"rttpg_category":"<a href=\"https:\/\/diariofemenino.com.ar\/df\/category\/agenda-feminista\/\" rel=\"category tag\">Agenda Feminista<\/a> <a href=\"https:\/\/diariofemenino.com.ar\/df\/category\/mujeres\/\" rel=\"category tag\">Mujeres<\/a> <a href=\"https:\/\/diariofemenino.com.ar\/df\/category\/mujeres-de-la-pampa\/\" rel=\"category tag\">Mujeres de La Pampa<\/a> <a href=\"https:\/\/diariofemenino.com.ar\/df\/category\/violencias\/\" rel=\"category tag\">Violencias<\/a>","rttpg_excerpt":"Durante\u00a0 los meses de septiembre y diciembre del corriente a\u00f1o se estar\u00e1n llevando a cabo en la localidad de General Pico una serie de talleres y actividades comprendidas en el marco de la Escuela de Formaci\u00f3n contra la Violencia de G\u00e9nero,\u00a0 impulsada por la Asociaci\u00f3n Civil Pampa Libre en vinculaci\u00f3n con el MTE La Pampa.&hellip;","_links":{"self":[{"href":"https:\/\/diariofemenino.com.ar\/df\/wp-json\/wp\/v2\/posts\/60345","targetHints":{"allow":["GET"]}}],"collection":[{"href":"https:\/\/diariofemenino.com.ar\/df\/wp-json\/wp\/v2\/posts"}],"about":[{"href":"https:\/\/diariofemenino.com.ar\/df\/wp-json\/wp\/v2\/types\/post"}],"author":[{"embeddable":true,"href":"https:\/\/diariofemenino.com.ar\/df\/wp-json\/wp\/v2\/users\/4"}],"replies":[{"embeddable":true,"href":"https:\/\/diariofemenino.com.ar\/df\/wp-json\/wp\/v2\/comments?post=60345"}],"version-history":[{"count":0,"href":"https:\/\/diariofemenino.com.ar\/df\/wp-json\/wp\/v2\/posts\/60345\/revisions"}],"wp:featuredmedia":[{"embeddable":true,"href":"https:\/\/diariofemenino.com.ar\/df\/wp-json\/wp\/v2\/media\/60347"}],"wp:attachment":[{"href":"https:\/\/diariofemenino.com.ar\/df\/wp-json\/wp\/v2\/media?parent=60345"}],"wp:term":[{"taxonomy":"category","embeddable":true,"href":"https:\/\/diariofemenino.com.ar\/df\/wp-json\/wp\/v2\/categories?post=60345"},{"taxonomy":"post_tag","embeddable":true,"href":"https:\/\/diariofemenino.com.ar\/df\/wp-json\/wp\/v2\/tags?post=60345"}],"curies":[{"name":"wp","href":"https:\/\/api.w.org\/{rel}","templated":true}]}}