{"id":60336,"date":"2021-08-18T10:23:04","date_gmt":"2021-08-18T13:23:04","guid":{"rendered":"https:\/\/diariofemenino.com.ar\/df\/?p=60336"},"modified":"2021-08-18T13:40:49","modified_gmt":"2021-08-18T16:40:49","slug":"prohibir-desaparecer-el-lenguaje-inclusivo","status":"publish","type":"post","link":"https:\/\/diariofemenino.com.ar\/df\/prohibir-desaparecer-el-lenguaje-inclusivo\/","title":{"rendered":"Prohibir, desaparecer el lenguaje inclusivo"},"content":{"rendered":"<p><span style=\"color: #000000;\">Cualquier cosa que implique prohibir la libertad de las personas, para decidir, expresarse, luchar y Ser, da escalofr\u00edos. M\u00e1s cuando esa supuesta prohibici\u00f3n se propone en nombre de las \u201cbuenas costumbres\u201d, el \u201cbien general\u201d y otras frases que pretenden ser serias. Adem\u00e1s de conservadoras y autoritarias en nombre de la nada misma, seg\u00fan los argumentos, son retint\u00edn.<\/span><\/p>\n<p><span style=\"color: #000000;\">Escucha este art\u00edculo en la voz de <strong>Marina Colado<br \/>\n<\/strong><\/span><\/p>\n<audio class=\"wp-audio-shortcode\" id=\"audio-60336-1\" preload=\"none\" style=\"width: 100%;\" controls=\"controls\"><source type=\"audio\/mpeg\" src=\"https:\/\/diariofemenino.com.ar\/df\/wp-content\/uploads\/2021\/08\/Prohibir-desaparecer-el-lenguaje-inclusivo.mp3?_=1\" \/><a href=\"https:\/\/diariofemenino.com.ar\/df\/wp-content\/uploads\/2021\/08\/Prohibir-desaparecer-el-lenguaje-inclusivo.mp3\">https:\/\/diariofemenino.com.ar\/df\/wp-content\/uploads\/2021\/08\/Prohibir-desaparecer-el-lenguaje-inclusivo.mp3<\/a><\/audio>\n<p><span style=\"color: #000000;\"><strong>\u00a0<\/strong><\/span><\/p>\n<p><span style=\"color: #000000;\">Por <a href=\"https:\/\/diariofemenino.com.ar\/df\/?s=Lenny+C%C3%A1ceres\"><strong>Lenny C\u00e1ceres<\/strong><\/a><\/span><\/p>\n<p><span style=\"color: #000000;\">D\u00edas atr\u00e1s, las abogadas Patricia Paternesi y Cynthia Ginni presentaron un proyecto de ley a trav\u00e9s de la mesa de entradas de la C\u00e1mara de Diputados de la Naci\u00f3n. El mismo busca prohibir el uso del lenguaje inclusivo en comunicados oficiales de todos los entes gubernamentales y dentro del \u00e1mbito educativo.<\/span><\/p>\n<p><span style=\"color: #000000;\">Los argumentos no solo atrasan, son tan horrorosos como el desconocimiento sobre lo que est\u00e1n hablando. Al respecto, la Dra. Patricia Paternesi explic\u00f3 que el principal objetivo es evitar las alteraciones gramaticales y fon\u00e9ticas que desnaturalizan el lenguaje y\u00a0aclar\u00f3 que, para la confecci\u00f3n del proyecto, se han tomado diversas consideraciones de la RAE (Real Academia Espa\u00f1ola): \u201cen su momento, cuando Espa\u00f1a quiso modificar la constituci\u00f3n, para incluir este lenguaje, que ellos denominan inclusivo, la RAE se opuso y pidi\u00f3 evitar lo ideol\u00f3gico y lo cr\u00edtico en el lenguaje. Es precisamente eso, que nuestro lenguaje es tan rico y tan vasto y es el lenguaje adoptado por la Rep\u00fablica Argentina\u201d. En cuanto al argumento esgrimido por las abogadas (que la lengua \u201cno es pol\u00edtica\u201d) refiri\u00e9ndose a la postura de la RAE para oponerse, cabe recordarles que adem\u00e1s de ser completamente falso, la <a href=\"https:\/\/www.rae.es\/\">RAE<\/a> ejerce una \u201ccuriosa\u201d misoginia, una historia llena de rechazo a las mujeres; siendo pocas mujeres que la integran y s\u00ed un n\u00famero elevado de varones. Por tanto, no carece de ideolog\u00eda.<\/span><\/p>\n<p><span style=\"color: #000000;\">En ese sentido, la abogada aclar\u00f3 que, dentro del \u00e1mbito familiar y en los c\u00edrculos \u00edntimos, uno se puede expresar libremente. \u201cPero cuando uno se desempe\u00f1a en organismos del Estado o frente a un aula, hay que cumplir una serie de normas, como es el idioma y que lo hacemos, porque nosotros estamos bajo un sistema normativo que nos permite convivir en paz como sociedad\u201d.\u00a0\u00a0\u00a0\u00a0<\/span><\/p>\n<p><span style=\"color: #000000;\"><strong>Lenguaje inclusivo<\/strong><\/span><\/p>\n<p><span style=\"color: #000000;\">\u201cEl lenguaje inclusivo tiene como objetivo nombrar para dar visibilidad a las diversas existencias que tiene la humanidad; por ejemplo: las personas con discapacidad, pueblos originarios, mujeres y disidencias. Es decir, el lenguaje inclusivo supone un campo sem\u00e1ntico bien amplio y abarca muchas realidades, luchas, identidades\u201d<\/span>.<a href=\"#_ftn1\" name=\"_ftnref1\">[1]<\/a><\/p>\n<p><span style=\"color: #000000;\">Siguiendo la l\u00f3gica explicativa y de acuerdo con el significado de l<em>enguaje inclusivo<\/em>, podemos inferir que las letradas est\u00e1n buscando eliminar a las personas que trabajan como int\u00e9rpretes de la lengua de se\u00f1as en el Estado y medios de comunicaci\u00f3n, que no se ense\u00f1e lengua de se\u00f1as en las escuelas y que docentes no puedan expresarse a trav\u00e9s de ellas. Que se proh\u00edban los subt\u00edtulos de los videos y producciones audiovisuales, que proh\u00edban los ep\u00edgrafes en las fotos de cualquier publicaci\u00f3n. Que se proh\u00edba la asistencia de int\u00e9rpretes de lenguas originarias en actos judiciales y firmas de documento. Que las mujeres dejemos de ser nombradas y retomemos el \u201cmasculino gen\u00e9rico\u201d para todo aquello que nos concierne, incluida la salud y roles sociales. Que las diversidades no se nombren, es m\u00e1s, las ocultemos donde sea. Que no demos paso a la interseccionalidad porque eso nos obliga a replantearnos y analizar nuestros privilegios. Esto est\u00e1n pidiendo a la <a href=\"https:\/\/www.diputados.gov.ar\/\">C\u00e1mara<\/a> de Diputadas y Diputados de la Naci\u00f3n las abogadas Patricia Paternesi y Cynthia Ginni.<\/span><\/p>\n<p>En el video, Lili explica sobre la Covid con Lengua de se\u00f1as, en su espacio laboral.<\/p>\n<div style=\"width: 640px;\" class=\"wp-video\"><video class=\"wp-video-shortcode\" id=\"video-60336-1\" width=\"640\" height=\"352\" preload=\"metadata\" controls=\"controls\"><source type=\"video\/mp4\" src=\"https:\/\/diariofemenino.com.ar\/df\/wp-content\/uploads\/2021\/08\/WhatsApp-Video-2021-08-17-at-17.52.41.mp4?_=1\" \/><a href=\"https:\/\/diariofemenino.com.ar\/df\/wp-content\/uploads\/2021\/08\/WhatsApp-Video-2021-08-17-at-17.52.41.mp4\">https:\/\/diariofemenino.com.ar\/df\/wp-content\/uploads\/2021\/08\/WhatsApp-Video-2021-08-17-at-17.52.41.mp4<\/a><\/video><\/div>\n<p><span style=\"color: #000000;\"><br \/>\nLenguaje inclusivo e inclusivo no sexista no es lo mismo. Tampoco se pueden analizar desde la gram\u00e1tica o los \u201cmandatos\u201d de los se\u00f1ores de la RAE, puesto que su uso es pol\u00edtico. Esta instituci\u00f3n no es creadora del lenguaje, sino que se encarga de recoger los usos populares del mismo. Esto quiere decir que, si se sigue viralizando y utilizando el lenguaje inclusivo e inclusivo no sexista, la RAE lo va a normativizar e incluir en sus diccionarios, porque esa es su tarea.<\/span><\/p>\n<p><span style=\"color: #000000;\">Revoluciona. \u201cEs verdad que una revoluci\u00f3n busca modificar lo establecido pero\u00a0<strong>el feminismo es una revoluci\u00f3n que molesta porque viene a modificar la m\u00e1s antigua de las subordinaciones que es la de las mujeres y las disidencias.\u00a0<\/strong>Entonces no se puede hablar de una corrupci\u00f3n gramatical cuando lo que se intenta es mostrar la importancia de politizar todas las formas de existir\u201d (Nor Loto, 2020).<\/span><\/p>\n<p><span style=\"color: #000000;\"><strong>\u00bfQu\u00e9 significa que sea pol\u00edtico?<\/strong><\/span><\/p>\n<p><span style=\"color: #000000;\">\u201cAl nombrar, el lenguaje da su ser a las cosas; no nombra, crea. El lenguaje es dador del ser\u201d, expresa Paulina Rivero Weber. Y agrega: \u201cPor mucho tiempo, en la vida p\u00fablica la mujer ni fue visible, ni existi\u00f3: era un mundo de hombres. La mujer, encerrada en casa, no era parte relevante de la vida ni hac\u00eda mucha falta nombrarla. No olvidemos que venimos de una tradici\u00f3n para la cual todas las cosas, animales, hombres, mujeres, ni\u00f1os y ni\u00f1as de una casa, eran pertenencia del Paterfamilias\u201d.<a style=\"color: #000000;\" href=\"#_ftn2\" name=\"_ftnref2\">[2]<\/a><\/span><\/p>\n<p><span style=\"color: #000000;\">\u201cDe esa manera, el lenguaje se adapt\u00f3 a nombrar en sus leyes, en el comercio y en la vida diaria, al Paterfamilias como \u2018\u00e9l\u2019 o \u2018ellos\u2019. No se hablaba de ella o ellas: no hac\u00eda falta. Muy recientemente, la mujer comenz\u00f3 a formar parte del mundo que por siglos le fue vedado. Pero encontr\u00f3 que el lenguaje no hablaba de ella, sino de ellos\u201d, puntualiza Rivero Weber (2021).\u00a0<\/span><\/p>\n<figure id=\"attachment_60340\" aria-describedby=\"caption-attachment-60340\" style=\"width: 576px\" class=\"wp-caption aligncenter\"><img loading=\"lazy\" decoding=\"async\" class=\"wp-image-60340\" src=\"https:\/\/diariofemenino.com.ar\/df\/wp-content\/uploads\/2021\/08\/arton200889.jpg\" alt=\"Prohibir, desaparecer el lenguaje inclusivo\" width=\"576\" height=\"324\" srcset=\"https:\/\/diariofemenino.com.ar\/df\/wp-content\/uploads\/2021\/08\/arton200889.jpg 800w, https:\/\/diariofemenino.com.ar\/df\/wp-content\/uploads\/2021\/08\/arton200889-300x169.jpg 300w, https:\/\/diariofemenino.com.ar\/df\/wp-content\/uploads\/2021\/08\/arton200889-768x432.jpg 768w\" sizes=\"auto, (max-width: 576px) 100vw, 576px\" \/><figcaption id=\"caption-attachment-60340\" class=\"wp-caption-text\">Prohibir, desaparecer el lenguaje inclusivo<\/figcaption><\/figure>\n<p><strong><span style=\"color: #000000;\">Lenguaje inclusivo e inclusivo no sexista<\/span><\/strong><\/p>\n<p><span style=\"color: #000000;\">Explicamos qu\u00e9 significa <em>lenguaje inclusivo, <\/em>en cuanto al <em>inclusivo no sexista<\/em>, que debe ser al cual pretenden referirse las profesionales en su proyecto de rechazo y prohibici\u00f3n; como bien explica Nor Loto, Magister en periodismo y medios de comunicaci\u00f3n, \u201cel lenguaje inclusivo no sexista (LINS) son expresiones comunicativas, contrarias el lenguaje sexista que invisibiliza a las mujeres y diversidades, las subordinan, violentan y estereotipan\u201d.<\/span><\/p>\n<p><span style=\"color: #000000;\">Prohibir atrasa; prohibir con base en la ignorancia deliberada, aterra.<\/span><\/p>\n<p><a href=\"#_ftnref1\" name=\"_ftn1\">[1]<\/a> <a href=\"https:\/\/diariofemenino.com.ar\/df\/guia-practica-y-urgente-para-un-periodismo-respetuoso-y-respetable\/\">https:\/\/diariofemenino.com.ar\/df\/guia-practica-y-urgente-para-un-periodismo-respetuoso-y-respetable\/<\/a><br \/>\n<a href=\"#_ftnref2\" name=\"_ftn2\">[2]<\/a> <a href=\"https:\/\/diariofemenino.com.ar\/df\/el-lenguaje-inclusivo-cuestion-de-gramatica-o-de-etica\/\">https:\/\/diariofemenino.com.ar\/df\/el-lenguaje-inclusivo-cuestion-de-gramatica-o-de-etica\/<\/a><\/p>\n","protected":false},"excerpt":{"rendered":"<p>Cualquier cosa que implique prohibir la libertad de las personas, para decidir, expresarse, luchar y Ser, da escalofr\u00edos. M\u00e1s cuando esa supuesta prohibici\u00f3n se propone en nombre de las \u201cbuenas costumbres\u201d, el \u201cbien general\u201d y otras frases que pretenden ser serias. Adem\u00e1s de conservadoras y autoritarias en nombre de la nada misma, seg\u00fan los argumentos, [&hellip;]<\/p>\n","protected":false},"author":4,"featured_media":60337,"comment_status":"open","ping_status":"open","sticky":false,"template":"","format":"standard","meta":{"iawp_total_views":5,"footnotes":""},"categories":[1067,3,78,180],"tags":[4372,4692,619,4693],"class_list":["post-60336","post","type-post","status-publish","format-standard","has-post-thumbnail","hentry","category-agenda-feminista","category-de-la-revolucion-al-reaprendizaje","category-guias","category-videos","tag-destacada","tag-inclusivo-no-sexista","tag-lenguaje-inclusivo","tag-prohibir"],"nelio_content":{"autoShareEndMode":"never","automationSources":{"useCustomSentences":false,"customSentences":[]},"efiAlt":"","efiUrl":"","followers":[4],"highlights":[],"isAutoShareEnabled":true,"networkImageIds":[],"permalinkQueryArgs":[],"series":[],"suggestedReferences":[]},"yoast_head":"<!-- This site is optimized with the Yoast SEO plugin v27.5 - https:\/\/yoast.com\/product\/yoast-seo-wordpress\/ -->\n<title>Prohibir, desaparecer el lenguaje inclusivo - Diario Digital Femenino<\/title>\n<meta name=\"description\" content=\"Prohibir. Cualquier cosa que implique prohibir la libertad de las personas, para decidir, expresarse, luchar y Ser, da escalofr\u00edos.\" \/>\n<meta name=\"robots\" content=\"index, follow, max-snippet:-1, max-image-preview:large, max-video-preview:-1\" \/>\n<link rel=\"canonical\" href=\"https:\/\/diariofemenino.com.ar\/df\/prohibir-desaparecer-el-lenguaje-inclusivo\/\" \/>\n<meta property=\"og:locale\" content=\"es_ES\" \/>\n<meta property=\"og:type\" content=\"article\" \/>\n<meta property=\"og:title\" content=\"Prohibir, desaparecer el lenguaje inclusivo - Diario Digital Femenino\" \/>\n<meta property=\"og:description\" content=\"Prohibir. Cualquier cosa que implique prohibir la libertad de las personas, para decidir, expresarse, luchar y Ser, da escalofr\u00edos.\" \/>\n<meta property=\"og:url\" content=\"https:\/\/diariofemenino.com.ar\/df\/prohibir-desaparecer-el-lenguaje-inclusivo\/\" \/>\n<meta property=\"og:site_name\" content=\"Diario Digital Femenino\" \/>\n<meta property=\"article:publisher\" content=\"https:\/\/www.facebook.com\/DiarioDigitaFemenino\/\" \/>\n<meta property=\"article:published_time\" content=\"2021-08-18T13:23:04+00:00\" \/>\n<meta property=\"article:modified_time\" content=\"2021-08-18T16:40:49+00:00\" \/>\n<meta property=\"og:image\" content=\"https:\/\/diariofemenino.com.ar\/df\/wp-content\/uploads\/2021\/08\/1487099300179.jpg\" \/>\n\t<meta property=\"og:image:width\" content=\"1029\" \/>\n\t<meta property=\"og:image:height\" content=\"617\" \/>\n\t<meta property=\"og:image:type\" content=\"image\/jpeg\" \/>\n<meta name=\"author\" content=\"Admin\" \/>\n<meta name=\"twitter:card\" content=\"summary_large_image\" \/>\n<meta name=\"twitter:creator\" content=\"@DiarioFemenino1\" \/>\n<meta name=\"twitter:site\" content=\"@DiarioFemenino1\" \/>\n<meta name=\"twitter:label1\" content=\"Escrito por\" \/>\n\t<meta name=\"twitter:data1\" content=\"Admin\" \/>\n\t<meta name=\"twitter:label2\" content=\"Tiempo de lectura\" \/>\n\t<meta name=\"twitter:data2\" content=\"6 minutos\" \/>\n<script type=\"application\/ld+json\" class=\"yoast-schema-graph\">{\"@context\":\"https:\\\/\\\/schema.org\",\"@graph\":[{\"@type\":\"Article\",\"@id\":\"https:\\\/\\\/diariofemenino.com.ar\\\/df\\\/prohibir-desaparecer-el-lenguaje-inclusivo\\\/#article\",\"isPartOf\":{\"@id\":\"https:\\\/\\\/diariofemenino.com.ar\\\/df\\\/prohibir-desaparecer-el-lenguaje-inclusivo\\\/\"},\"author\":{\"name\":\"Admin\",\"@id\":\"https:\\\/\\\/diariofemenino.com.ar\\\/df\\\/#\\\/schema\\\/person\\\/bf6199e8158c657ea6f789b11ec85509\"},\"headline\":\"Prohibir, desaparecer el lenguaje inclusivo\",\"datePublished\":\"2021-08-18T13:23:04+00:00\",\"dateModified\":\"2021-08-18T16:40:49+00:00\",\"mainEntityOfPage\":{\"@id\":\"https:\\\/\\\/diariofemenino.com.ar\\\/df\\\/prohibir-desaparecer-el-lenguaje-inclusivo\\\/\"},\"wordCount\":1106,\"commentCount\":0,\"publisher\":{\"@id\":\"https:\\\/\\\/diariofemenino.com.ar\\\/df\\\/#organization\"},\"image\":{\"@id\":\"https:\\\/\\\/diariofemenino.com.ar\\\/df\\\/prohibir-desaparecer-el-lenguaje-inclusivo\\\/#primaryimage\"},\"thumbnailUrl\":\"https:\\\/\\\/diariofemenino.com.ar\\\/df\\\/wp-content\\\/uploads\\\/2021\\\/08\\\/1487099300179.jpg\",\"keywords\":[\"Destacada\",\"Inclusivo no sexista\",\"Lenguaje inclusivo\",\"Prohibir\"],\"articleSection\":[\"Agenda Feminista\",\"De la Revoluci\u00f3n al Reaprendizaje\",\"Gu\u00edas\",\"Videos\"],\"inLanguage\":\"es\",\"potentialAction\":[{\"@type\":\"CommentAction\",\"name\":\"Comment\",\"target\":[\"https:\\\/\\\/diariofemenino.com.ar\\\/df\\\/prohibir-desaparecer-el-lenguaje-inclusivo\\\/#respond\"]}]},{\"@type\":\"WebPage\",\"@id\":\"https:\\\/\\\/diariofemenino.com.ar\\\/df\\\/prohibir-desaparecer-el-lenguaje-inclusivo\\\/\",\"url\":\"https:\\\/\\\/diariofemenino.com.ar\\\/df\\\/prohibir-desaparecer-el-lenguaje-inclusivo\\\/\",\"name\":\"Prohibir, desaparecer el lenguaje inclusivo - Diario Digital Femenino\",\"isPartOf\":{\"@id\":\"https:\\\/\\\/diariofemenino.com.ar\\\/df\\\/#website\"},\"primaryImageOfPage\":{\"@id\":\"https:\\\/\\\/diariofemenino.com.ar\\\/df\\\/prohibir-desaparecer-el-lenguaje-inclusivo\\\/#primaryimage\"},\"image\":{\"@id\":\"https:\\\/\\\/diariofemenino.com.ar\\\/df\\\/prohibir-desaparecer-el-lenguaje-inclusivo\\\/#primaryimage\"},\"thumbnailUrl\":\"https:\\\/\\\/diariofemenino.com.ar\\\/df\\\/wp-content\\\/uploads\\\/2021\\\/08\\\/1487099300179.jpg\",\"datePublished\":\"2021-08-18T13:23:04+00:00\",\"dateModified\":\"2021-08-18T16:40:49+00:00\",\"description\":\"Prohibir. Cualquier cosa que implique prohibir la libertad de las personas, para decidir, expresarse, luchar y Ser, da escalofr\u00edos.\",\"breadcrumb\":{\"@id\":\"https:\\\/\\\/diariofemenino.com.ar\\\/df\\\/prohibir-desaparecer-el-lenguaje-inclusivo\\\/#breadcrumb\"},\"inLanguage\":\"es\",\"potentialAction\":[{\"@type\":\"ReadAction\",\"target\":[\"https:\\\/\\\/diariofemenino.com.ar\\\/df\\\/prohibir-desaparecer-el-lenguaje-inclusivo\\\/\"]}]},{\"@type\":\"ImageObject\",\"inLanguage\":\"es\",\"@id\":\"https:\\\/\\\/diariofemenino.com.ar\\\/df\\\/prohibir-desaparecer-el-lenguaje-inclusivo\\\/#primaryimage\",\"url\":\"https:\\\/\\\/diariofemenino.com.ar\\\/df\\\/wp-content\\\/uploads\\\/2021\\\/08\\\/1487099300179.jpg\",\"contentUrl\":\"https:\\\/\\\/diariofemenino.com.ar\\\/df\\\/wp-content\\\/uploads\\\/2021\\\/08\\\/1487099300179.jpg\",\"width\":1029,\"height\":617,\"caption\":\"Prohibir, desaparecer el lenguaje inclusivo\"},{\"@type\":\"BreadcrumbList\",\"@id\":\"https:\\\/\\\/diariofemenino.com.ar\\\/df\\\/prohibir-desaparecer-el-lenguaje-inclusivo\\\/#breadcrumb\",\"itemListElement\":[{\"@type\":\"ListItem\",\"position\":1,\"name\":\"Portada\",\"item\":\"https:\\\/\\\/diariofemenino.com.ar\\\/df\\\/\"},{\"@type\":\"ListItem\",\"position\":2,\"name\":\"Prohibir, desaparecer el lenguaje inclusivo\"}]},{\"@type\":\"WebSite\",\"@id\":\"https:\\\/\\\/diariofemenino.com.ar\\\/df\\\/#website\",\"url\":\"https:\\\/\\\/diariofemenino.com.ar\\\/df\\\/\",\"name\":\"Diario Digital Femenino\",\"description\":\"Cuesti\u00f3n de G\u00e9nero\",\"publisher\":{\"@id\":\"https:\\\/\\\/diariofemenino.com.ar\\\/df\\\/#organization\"},\"potentialAction\":[{\"@type\":\"SearchAction\",\"target\":{\"@type\":\"EntryPoint\",\"urlTemplate\":\"https:\\\/\\\/diariofemenino.com.ar\\\/df\\\/?s={search_term_string}\"},\"query-input\":{\"@type\":\"PropertyValueSpecification\",\"valueRequired\":true,\"valueName\":\"search_term_string\"}}],\"inLanguage\":\"es\"},{\"@type\":\"Organization\",\"@id\":\"https:\\\/\\\/diariofemenino.com.ar\\\/df\\\/#organization\",\"name\":\"Diario Femenino\",\"url\":\"https:\\\/\\\/diariofemenino.com.ar\\\/df\\\/\",\"logo\":{\"@type\":\"ImageObject\",\"inLanguage\":\"es\",\"@id\":\"https:\\\/\\\/diariofemenino.com.ar\\\/df\\\/#\\\/schema\\\/logo\\\/image\\\/\",\"url\":\"https:\\\/\\\/diariofemenino.com.ar\\\/df\\\/wp-content\\\/uploads\\\/2018\\\/10\\\/logo.png\",\"contentUrl\":\"https:\\\/\\\/diariofemenino.com.ar\\\/df\\\/wp-content\\\/uploads\\\/2018\\\/10\\\/logo.png\",\"width\":500,\"height\":92,\"caption\":\"Diario Femenino\"},\"image\":{\"@id\":\"https:\\\/\\\/diariofemenino.com.ar\\\/df\\\/#\\\/schema\\\/logo\\\/image\\\/\"},\"sameAs\":[\"https:\\\/\\\/www.facebook.com\\\/DiarioDigitaFemenino\\\/\",\"https:\\\/\\\/x.com\\\/DiarioFemenino1\"]},{\"@type\":\"Person\",\"@id\":\"https:\\\/\\\/diariofemenino.com.ar\\\/df\\\/#\\\/schema\\\/person\\\/bf6199e8158c657ea6f789b11ec85509\",\"name\":\"Admin\",\"image\":{\"@type\":\"ImageObject\",\"inLanguage\":\"es\",\"@id\":\"https:\\\/\\\/diariofemenino.com.ar\\\/df\\\/wp-content\\\/uploads\\\/2018\\\/12\\\/favicon-150x150.jpg\",\"url\":\"https:\\\/\\\/diariofemenino.com.ar\\\/df\\\/wp-content\\\/uploads\\\/2018\\\/12\\\/favicon-150x150.jpg\",\"contentUrl\":\"https:\\\/\\\/diariofemenino.com.ar\\\/df\\\/wp-content\\\/uploads\\\/2018\\\/12\\\/favicon-150x150.jpg\",\"caption\":\"Admin\"},\"url\":\"https:\\\/\\\/diariofemenino.com.ar\\\/df\\\/author\\\/lenny\\\/\"}]}<\/script>\n<!-- \/ Yoast SEO plugin. -->","yoast_head_json":{"title":"Prohibir, desaparecer el lenguaje inclusivo - Diario Digital Femenino","description":"Prohibir. Cualquier cosa que implique prohibir la libertad de las personas, para decidir, expresarse, luchar y Ser, da escalofr\u00edos.","robots":{"index":"index","follow":"follow","max-snippet":"max-snippet:-1","max-image-preview":"max-image-preview:large","max-video-preview":"max-video-preview:-1"},"canonical":"https:\/\/diariofemenino.com.ar\/df\/prohibir-desaparecer-el-lenguaje-inclusivo\/","og_locale":"es_ES","og_type":"article","og_title":"Prohibir, desaparecer el lenguaje inclusivo - Diario Digital Femenino","og_description":"Prohibir. Cualquier cosa que implique prohibir la libertad de las personas, para decidir, expresarse, luchar y Ser, da escalofr\u00edos.","og_url":"https:\/\/diariofemenino.com.ar\/df\/prohibir-desaparecer-el-lenguaje-inclusivo\/","og_site_name":"Diario Digital Femenino","article_publisher":"https:\/\/www.facebook.com\/DiarioDigitaFemenino\/","article_published_time":"2021-08-18T13:23:04+00:00","article_modified_time":"2021-08-18T16:40:49+00:00","og_image":[{"width":1029,"height":617,"url":"https:\/\/diariofemenino.com.ar\/df\/wp-content\/uploads\/2021\/08\/1487099300179.jpg","type":"image\/jpeg"}],"author":"Admin","twitter_card":"summary_large_image","twitter_creator":"@DiarioFemenino1","twitter_site":"@DiarioFemenino1","twitter_misc":{"Escrito por":"Admin","Tiempo de lectura":"6 minutos"},"schema":{"@context":"https:\/\/schema.org","@graph":[{"@type":"Article","@id":"https:\/\/diariofemenino.com.ar\/df\/prohibir-desaparecer-el-lenguaje-inclusivo\/#article","isPartOf":{"@id":"https:\/\/diariofemenino.com.ar\/df\/prohibir-desaparecer-el-lenguaje-inclusivo\/"},"author":{"name":"Admin","@id":"https:\/\/diariofemenino.com.ar\/df\/#\/schema\/person\/bf6199e8158c657ea6f789b11ec85509"},"headline":"Prohibir, desaparecer el lenguaje inclusivo","datePublished":"2021-08-18T13:23:04+00:00","dateModified":"2021-08-18T16:40:49+00:00","mainEntityOfPage":{"@id":"https:\/\/diariofemenino.com.ar\/df\/prohibir-desaparecer-el-lenguaje-inclusivo\/"},"wordCount":1106,"commentCount":0,"publisher":{"@id":"https:\/\/diariofemenino.com.ar\/df\/#organization"},"image":{"@id":"https:\/\/diariofemenino.com.ar\/df\/prohibir-desaparecer-el-lenguaje-inclusivo\/#primaryimage"},"thumbnailUrl":"https:\/\/diariofemenino.com.ar\/df\/wp-content\/uploads\/2021\/08\/1487099300179.jpg","keywords":["Destacada","Inclusivo no sexista","Lenguaje inclusivo","Prohibir"],"articleSection":["Agenda Feminista","De la Revoluci\u00f3n al Reaprendizaje","Gu\u00edas","Videos"],"inLanguage":"es","potentialAction":[{"@type":"CommentAction","name":"Comment","target":["https:\/\/diariofemenino.com.ar\/df\/prohibir-desaparecer-el-lenguaje-inclusivo\/#respond"]}]},{"@type":"WebPage","@id":"https:\/\/diariofemenino.com.ar\/df\/prohibir-desaparecer-el-lenguaje-inclusivo\/","url":"https:\/\/diariofemenino.com.ar\/df\/prohibir-desaparecer-el-lenguaje-inclusivo\/","name":"Prohibir, desaparecer el lenguaje inclusivo - Diario Digital Femenino","isPartOf":{"@id":"https:\/\/diariofemenino.com.ar\/df\/#website"},"primaryImageOfPage":{"@id":"https:\/\/diariofemenino.com.ar\/df\/prohibir-desaparecer-el-lenguaje-inclusivo\/#primaryimage"},"image":{"@id":"https:\/\/diariofemenino.com.ar\/df\/prohibir-desaparecer-el-lenguaje-inclusivo\/#primaryimage"},"thumbnailUrl":"https:\/\/diariofemenino.com.ar\/df\/wp-content\/uploads\/2021\/08\/1487099300179.jpg","datePublished":"2021-08-18T13:23:04+00:00","dateModified":"2021-08-18T16:40:49+00:00","description":"Prohibir. Cualquier cosa que implique prohibir la libertad de las personas, para decidir, expresarse, luchar y Ser, da escalofr\u00edos.","breadcrumb":{"@id":"https:\/\/diariofemenino.com.ar\/df\/prohibir-desaparecer-el-lenguaje-inclusivo\/#breadcrumb"},"inLanguage":"es","potentialAction":[{"@type":"ReadAction","target":["https:\/\/diariofemenino.com.ar\/df\/prohibir-desaparecer-el-lenguaje-inclusivo\/"]}]},{"@type":"ImageObject","inLanguage":"es","@id":"https:\/\/diariofemenino.com.ar\/df\/prohibir-desaparecer-el-lenguaje-inclusivo\/#primaryimage","url":"https:\/\/diariofemenino.com.ar\/df\/wp-content\/uploads\/2021\/08\/1487099300179.jpg","contentUrl":"https:\/\/diariofemenino.com.ar\/df\/wp-content\/uploads\/2021\/08\/1487099300179.jpg","width":1029,"height":617,"caption":"Prohibir, desaparecer el lenguaje inclusivo"},{"@type":"BreadcrumbList","@id":"https:\/\/diariofemenino.com.ar\/df\/prohibir-desaparecer-el-lenguaje-inclusivo\/#breadcrumb","itemListElement":[{"@type":"ListItem","position":1,"name":"Portada","item":"https:\/\/diariofemenino.com.ar\/df\/"},{"@type":"ListItem","position":2,"name":"Prohibir, desaparecer el lenguaje inclusivo"}]},{"@type":"WebSite","@id":"https:\/\/diariofemenino.com.ar\/df\/#website","url":"https:\/\/diariofemenino.com.ar\/df\/","name":"Diario Digital Femenino","description":"Cuesti\u00f3n de G\u00e9nero","publisher":{"@id":"https:\/\/diariofemenino.com.ar\/df\/#organization"},"potentialAction":[{"@type":"SearchAction","target":{"@type":"EntryPoint","urlTemplate":"https:\/\/diariofemenino.com.ar\/df\/?s={search_term_string}"},"query-input":{"@type":"PropertyValueSpecification","valueRequired":true,"valueName":"search_term_string"}}],"inLanguage":"es"},{"@type":"Organization","@id":"https:\/\/diariofemenino.com.ar\/df\/#organization","name":"Diario Femenino","url":"https:\/\/diariofemenino.com.ar\/df\/","logo":{"@type":"ImageObject","inLanguage":"es","@id":"https:\/\/diariofemenino.com.ar\/df\/#\/schema\/logo\/image\/","url":"https:\/\/diariofemenino.com.ar\/df\/wp-content\/uploads\/2018\/10\/logo.png","contentUrl":"https:\/\/diariofemenino.com.ar\/df\/wp-content\/uploads\/2018\/10\/logo.png","width":500,"height":92,"caption":"Diario Femenino"},"image":{"@id":"https:\/\/diariofemenino.com.ar\/df\/#\/schema\/logo\/image\/"},"sameAs":["https:\/\/www.facebook.com\/DiarioDigitaFemenino\/","https:\/\/x.com\/DiarioFemenino1"]},{"@type":"Person","@id":"https:\/\/diariofemenino.com.ar\/df\/#\/schema\/person\/bf6199e8158c657ea6f789b11ec85509","name":"Admin","image":{"@type":"ImageObject","inLanguage":"es","@id":"https:\/\/diariofemenino.com.ar\/df\/wp-content\/uploads\/2018\/12\/favicon-150x150.jpg","url":"https:\/\/diariofemenino.com.ar\/df\/wp-content\/uploads\/2018\/12\/favicon-150x150.jpg","contentUrl":"https:\/\/diariofemenino.com.ar\/df\/wp-content\/uploads\/2018\/12\/favicon-150x150.jpg","caption":"Admin"},"url":"https:\/\/diariofemenino.com.ar\/df\/author\/lenny\/"}]}},"jetpack_featured_media_url":"https:\/\/diariofemenino.com.ar\/df\/wp-content\/uploads\/2021\/08\/1487099300179.jpg","jetpack_sharing_enabled":true,"rttpg_featured_image_url":{"full":["https:\/\/diariofemenino.com.ar\/df\/wp-content\/uploads\/2021\/08\/1487099300179.jpg",1029,617,false],"landscape":["https:\/\/diariofemenino.com.ar\/df\/wp-content\/uploads\/2021\/08\/1487099300179.jpg",1029,617,false],"portraits":["https:\/\/diariofemenino.com.ar\/df\/wp-content\/uploads\/2021\/08\/1487099300179.jpg",1029,617,false],"thumbnail":["https:\/\/diariofemenino.com.ar\/df\/wp-content\/uploads\/2021\/08\/1487099300179-150x150.jpg",150,150,true],"medium":["https:\/\/diariofemenino.com.ar\/df\/wp-content\/uploads\/2021\/08\/1487099300179-300x180.jpg",300,180,true],"large":["https:\/\/diariofemenino.com.ar\/df\/wp-content\/uploads\/2021\/08\/1487099300179-1024x614.jpg",1024,614,true],"1536x1536":["https:\/\/diariofemenino.com.ar\/df\/wp-content\/uploads\/2021\/08\/1487099300179.jpg",1029,617,false],"2048x2048":["https:\/\/diariofemenino.com.ar\/df\/wp-content\/uploads\/2021\/08\/1487099300179.jpg",1029,617,false]},"rttpg_author":{"display_name":"Admin","author_link":"https:\/\/diariofemenino.com.ar\/df\/author\/lenny\/"},"rttpg_comment":0,"rttpg_category":"<a href=\"https:\/\/diariofemenino.com.ar\/df\/category\/agenda-feminista\/\" rel=\"category tag\">Agenda Feminista<\/a> <a href=\"https:\/\/diariofemenino.com.ar\/df\/category\/de-la-revolucion-al-reaprendizaje\/\" rel=\"category tag\">De la Revoluci\u00f3n al Reaprendizaje<\/a> <a href=\"https:\/\/diariofemenino.com.ar\/df\/category\/guias\/\" rel=\"category tag\">Gu\u00edas<\/a> <a href=\"https:\/\/diariofemenino.com.ar\/df\/category\/videos\/\" rel=\"category tag\">Videos<\/a>","rttpg_excerpt":"Cualquier cosa que implique prohibir la libertad de las personas, para decidir, expresarse, luchar y Ser, da escalofr\u00edos. M\u00e1s cuando esa supuesta prohibici\u00f3n se propone en nombre de las \u201cbuenas costumbres\u201d, el \u201cbien general\u201d y otras frases que pretenden ser serias. Adem\u00e1s de conservadoras y autoritarias en nombre de la nada misma, seg\u00fan los argumentos,&hellip;","_links":{"self":[{"href":"https:\/\/diariofemenino.com.ar\/df\/wp-json\/wp\/v2\/posts\/60336","targetHints":{"allow":["GET"]}}],"collection":[{"href":"https:\/\/diariofemenino.com.ar\/df\/wp-json\/wp\/v2\/posts"}],"about":[{"href":"https:\/\/diariofemenino.com.ar\/df\/wp-json\/wp\/v2\/types\/post"}],"author":[{"embeddable":true,"href":"https:\/\/diariofemenino.com.ar\/df\/wp-json\/wp\/v2\/users\/4"}],"replies":[{"embeddable":true,"href":"https:\/\/diariofemenino.com.ar\/df\/wp-json\/wp\/v2\/comments?post=60336"}],"version-history":[{"count":0,"href":"https:\/\/diariofemenino.com.ar\/df\/wp-json\/wp\/v2\/posts\/60336\/revisions"}],"wp:featuredmedia":[{"embeddable":true,"href":"https:\/\/diariofemenino.com.ar\/df\/wp-json\/wp\/v2\/media\/60337"}],"wp:attachment":[{"href":"https:\/\/diariofemenino.com.ar\/df\/wp-json\/wp\/v2\/media?parent=60336"}],"wp:term":[{"taxonomy":"category","embeddable":true,"href":"https:\/\/diariofemenino.com.ar\/df\/wp-json\/wp\/v2\/categories?post=60336"},{"taxonomy":"post_tag","embeddable":true,"href":"https:\/\/diariofemenino.com.ar\/df\/wp-json\/wp\/v2\/tags?post=60336"}],"curies":[{"name":"wp","href":"https:\/\/api.w.org\/{rel}","templated":true}]}}