{"id":60328,"date":"2021-08-17T12:33:46","date_gmt":"2021-08-17T15:33:46","guid":{"rendered":"https:\/\/diariofemenino.com.ar\/df\/?p=60328"},"modified":"2021-08-17T12:33:46","modified_gmt":"2021-08-17T15:33:46","slug":"algunos-interrogantes-juridicos","status":"publish","type":"post","link":"https:\/\/diariofemenino.com.ar\/df\/algunos-interrogantes-juridicos\/","title":{"rendered":"Algunos interrogantes jur\u00eddicos cuando son varios denunciados por violencia familiar"},"content":{"rendered":"<p>Algunos interrogantes jur\u00eddicos.<\/p>\n<p>La legitimaci\u00f3n es uno de los institutos del procedimiento de violencia familiar que deben ser estudiados para su mejor comprensi\u00f3n. \u00a0La legitimada pasiva se refiere a la parte denunciada y\/ demandada en un proceso y\/o procedimiento.<\/p>\n<figure id=\"attachment_60330\" aria-describedby=\"caption-attachment-60330\" style=\"width: 600px\" class=\"wp-caption aligncenter\"><img loading=\"lazy\" decoding=\"async\" class=\"wp-image-60330\" src=\"https:\/\/diariofemenino.com.ar\/df\/wp-content\/uploads\/2021\/08\/violencia-familiar.jpg\" alt=\"Algunos interrogantes jur\u00eddicos cuando son varios denunciados por violencia familiar\" width=\"600\" height=\"397\" srcset=\"https:\/\/diariofemenino.com.ar\/df\/wp-content\/uploads\/2021\/08\/violencia-familiar.jpg 840w, https:\/\/diariofemenino.com.ar\/df\/wp-content\/uploads\/2021\/08\/violencia-familiar-300x199.jpg 300w, https:\/\/diariofemenino.com.ar\/df\/wp-content\/uploads\/2021\/08\/violencia-familiar-768x508.jpg 768w\" sizes=\"auto, (max-width: 600px) 100vw, 600px\" \/><figcaption id=\"caption-attachment-60330\" class=\"wp-caption-text\">Algunos interrogantes jur\u00eddicos cuando son varios denunciados por violencia familiar<\/figcaption><\/figure>\n<p>Diego Ortiz<a href=\"#_ftn1\" name=\"_ftnref1\">[1]<\/a><\/p>\n<p>Escucha este art\u00edculo en la voz de <strong>Marina Colado<\/strong><\/p>\n<audio class=\"wp-audio-shortcode\" id=\"audio-60328-1\" preload=\"none\" style=\"width: 100%;\" controls=\"controls\"><source type=\"audio\/mpeg\" src=\"https:\/\/diariofemenino.com.ar\/df\/wp-content\/uploads\/2021\/08\/Interrogantes-jur\u00eddicos.mp3?_=1\" \/><a href=\"https:\/\/diariofemenino.com.ar\/df\/wp-content\/uploads\/2021\/08\/Interrogantes-jur\u00eddicos.mp3\">https:\/\/diariofemenino.com.ar\/df\/wp-content\/uploads\/2021\/08\/Interrogantes-jur\u00eddicos.mp3<\/a><\/audio>\n<p>En el procedimiento de violencia, tal vez la estructura cl\u00e1sica sea la existencia de dos partes, una actora y otra denunciada, la que denuncia las situaciones de <a href=\"http:\/\/servicios.infoleg.gob.ar\/infolegInternet\/anexos\/150000-154999\/152155\/norma.htm\">violencia<\/a> familiar y la que las ejerce y contra quien se van a resolver medidas de protecci\u00f3n enumeradas o no en la norma. Sin embargo puede suceder que en un supuesto existan varios denunciados. Ah\u00ed los interrogantes que se pueden generar son estos:<\/p>\n<p>\u00bfLos denunciados deben estar mencionados en el \u00faltimo hecho de violencia?. Me enrolo por una postura afirmativa de nombrarlos en ese hecho que amerite la concesi\u00f3n de la medida, ya que la resoluci\u00f3n que se tome se va a basar en el hecho actual de violencia contextualiz\u00e1ndolo con los pasados y tendiendo a que en el futuro la misma no se incremente y\/o reitere. A esto se suma que la actualidad del hecho, torna la existencia de un riesgo en el presente que la autoridad judicial deber\u00e1 resguardar mediante una medida.<\/p>\n<p>\u00bfDe qu\u00e9 manera podr\u00edan estar mencionados?. Ac\u00e1 podemos pensar en un supuesto en donde los denunciados ejercen la violencia de cualquier tipo sin necesidad que lo hagan de la misma manera. Para dar un ejemplo de esto, podr\u00eda suceder que una de las partes denunciadas ejerza violencia f\u00edsica y la otra psicol\u00f3gica, ambiental, etc. Lo que importa es la denuncia para obtener medidas de protecci\u00f3n que frene el accionar a futuro de estas personas.<\/p>\n<p>\u00bfEs necesario que los denunciados convivan con la parte actora?. El elemento convivencia puede ser importante para alertar sobre el aumento de un riesgo. Sin embargo la necesidad que haya convivencia es indistinta siempre que sea necesario la medida de protecci\u00f3n en este contexto. Podr\u00eda darse el supuesto, que la parte denunciada sea la pareja conviviente o la progenitora de la pareja con la cual no convive.<\/p>\n<p>\u00bfEs necesario que los denunciados sean familiares de la parte actora?. Como principio general y atendiendo a los aportes conceptuales y\/ procesales de la modalidad de violencia, podemos sostener que se requiere la condici\u00f3n de familiar para activar el procedimiento. Sin embargo podr\u00edamos pensar en flexibilizar el criterio conforme las circunstancias del caso a los fines de obtener una medida, como una prohibici\u00f3n de contacto y\/o acercamiento. Pensemos en el ejemplo de una actora que denuncia a su ex pareja y a la pareja actual del mismo. Esta \u00faltima no tiene v\u00ednculo familiar con la actora, sin embargo dado la situaci\u00f3n denunciada si se encuentra ligada a su pareja, podr\u00eda extenderse la medida a la misma.<\/p>\n<p><a href=\"#_ftnref1\" name=\"_ftn1\">[1]<\/a> Abogado, Profesor Universitario en <a href=\"https:\/\/en.wikipedia.org\/wiki\/Legal_science\">Ciencias Jur\u00eddicas<\/a>, Especialista en Violencia Familiar, autor de libros y art\u00edculos de su especialidad.<\/p>\n","protected":false},"excerpt":{"rendered":"<p>Algunos interrogantes jur\u00eddicos. La legitimaci\u00f3n es uno de los institutos del procedimiento de violencia familiar que deben ser estudiados para su mejor comprensi\u00f3n. \u00a0La legitimada pasiva se refiere a la parte denunciada y\/ demandada en un proceso y\/o procedimiento. Diego Ortiz[1] Escucha este art\u00edculo en la voz de Marina Colado En el procedimiento de violencia, [&hellip;]<\/p>\n","protected":false},"author":4,"featured_media":60331,"comment_status":"open","ping_status":"open","sticky":false,"template":"","format":"standard","meta":{"iawp_total_views":28,"footnotes":""},"categories":[178,19,21,592],"tags":[3506,4691,3524],"class_list":["post-60328","post","type-post","status-publish","format-standard","has-post-thumbnail","hentry","category-articulos-y-comunicados","category-biblioteca","category-noticias","category-violencias","tag-diego-ortiz","tag-interrogantes-juridicos","tag-violencia-familiar"],"nelio_content":{"autoShareEndMode":"never","automationSources":{"useCustomSentences":false,"customSentences":[]},"efiAlt":"","efiUrl":"","followers":[4],"highlights":[],"isAutoShareEnabled":true,"networkImageIds":[],"permalinkQueryArgs":[],"series":[],"suggestedReferences":[]},"yoast_head":"<!-- This site is optimized with the Yoast SEO plugin v27.5 - https:\/\/yoast.com\/product\/yoast-seo-wordpress\/ -->\n<title>Algunos interrogantes jur\u00eddicos cuando son varios denunciados por violencia familiar - Diario Digital Femenino<\/title>\n<meta name=\"description\" content=\"Algunos interrogantes. La legitimaci\u00f3n es uno de los institutos del procedimiento de violencia familiar que deben ser estudiados para su mejor comprensi\u00f3n.\" \/>\n<meta name=\"robots\" content=\"index, follow, max-snippet:-1, max-image-preview:large, max-video-preview:-1\" \/>\n<link rel=\"canonical\" href=\"https:\/\/diariofemenino.com.ar\/df\/algunos-interrogantes-juridicos\/\" \/>\n<meta property=\"og:locale\" content=\"es_ES\" \/>\n<meta property=\"og:type\" content=\"article\" \/>\n<meta property=\"og:title\" content=\"Algunos interrogantes jur\u00eddicos cuando son varios denunciados por violencia familiar - Diario Digital Femenino\" \/>\n<meta property=\"og:description\" content=\"Algunos interrogantes. La legitimaci\u00f3n es uno de los institutos del procedimiento de violencia familiar que deben ser estudiados para su mejor comprensi\u00f3n.\" \/>\n<meta property=\"og:url\" content=\"https:\/\/diariofemenino.com.ar\/df\/algunos-interrogantes-juridicos\/\" \/>\n<meta property=\"og:site_name\" content=\"Diario Digital Femenino\" \/>\n<meta property=\"article:publisher\" content=\"https:\/\/www.facebook.com\/DiarioDigitaFemenino\/\" \/>\n<meta property=\"article:published_time\" content=\"2021-08-17T15:33:46+00:00\" \/>\n<meta property=\"og:image\" content=\"https:\/\/diariofemenino.com.ar\/df\/wp-content\/uploads\/2021\/08\/VIF_1024.jpg\" \/>\n\t<meta property=\"og:image:width\" content=\"1024\" \/>\n\t<meta property=\"og:image:height\" content=\"512\" \/>\n\t<meta property=\"og:image:type\" content=\"image\/jpeg\" \/>\n<meta name=\"author\" content=\"Admin\" \/>\n<meta name=\"twitter:card\" content=\"summary_large_image\" \/>\n<meta name=\"twitter:creator\" content=\"@DiarioFemenino1\" \/>\n<meta name=\"twitter:site\" content=\"@DiarioFemenino1\" \/>\n<meta name=\"twitter:label1\" content=\"Escrito por\" \/>\n\t<meta name=\"twitter:data1\" content=\"Admin\" \/>\n\t<meta name=\"twitter:label2\" content=\"Tiempo de lectura\" \/>\n\t<meta name=\"twitter:data2\" content=\"3 minutos\" \/>\n<script type=\"application\/ld+json\" class=\"yoast-schema-graph\">{\"@context\":\"https:\\\/\\\/schema.org\",\"@graph\":[{\"@type\":\"Article\",\"@id\":\"https:\\\/\\\/diariofemenino.com.ar\\\/df\\\/algunos-interrogantes-juridicos\\\/#article\",\"isPartOf\":{\"@id\":\"https:\\\/\\\/diariofemenino.com.ar\\\/df\\\/algunos-interrogantes-juridicos\\\/\"},\"author\":{\"name\":\"Admin\",\"@id\":\"https:\\\/\\\/diariofemenino.com.ar\\\/df\\\/#\\\/schema\\\/person\\\/bf6199e8158c657ea6f789b11ec85509\"},\"headline\":\"Algunos interrogantes jur\u00eddicos cuando son varios denunciados por violencia familiar\",\"datePublished\":\"2021-08-17T15:33:46+00:00\",\"mainEntityOfPage\":{\"@id\":\"https:\\\/\\\/diariofemenino.com.ar\\\/df\\\/algunos-interrogantes-juridicos\\\/\"},\"wordCount\":555,\"commentCount\":0,\"publisher\":{\"@id\":\"https:\\\/\\\/diariofemenino.com.ar\\\/df\\\/#organization\"},\"image\":{\"@id\":\"https:\\\/\\\/diariofemenino.com.ar\\\/df\\\/algunos-interrogantes-juridicos\\\/#primaryimage\"},\"thumbnailUrl\":\"https:\\\/\\\/diariofemenino.com.ar\\\/df\\\/wp-content\\\/uploads\\\/2021\\\/08\\\/VIF_1024.jpg\",\"keywords\":[\"Diego Ortiz\",\"Interrogantes jur\u00eddicos\",\"Violencia familiar\"],\"articleSection\":[\"Art\u00edculos y Comunicados\",\"Biblioteca Virtual\",\"Noticias\",\"Violencias\"],\"inLanguage\":\"es\",\"potentialAction\":[{\"@type\":\"CommentAction\",\"name\":\"Comment\",\"target\":[\"https:\\\/\\\/diariofemenino.com.ar\\\/df\\\/algunos-interrogantes-juridicos\\\/#respond\"]}]},{\"@type\":\"WebPage\",\"@id\":\"https:\\\/\\\/diariofemenino.com.ar\\\/df\\\/algunos-interrogantes-juridicos\\\/\",\"url\":\"https:\\\/\\\/diariofemenino.com.ar\\\/df\\\/algunos-interrogantes-juridicos\\\/\",\"name\":\"Algunos interrogantes jur\u00eddicos cuando son varios denunciados por violencia familiar - Diario Digital Femenino\",\"isPartOf\":{\"@id\":\"https:\\\/\\\/diariofemenino.com.ar\\\/df\\\/#website\"},\"primaryImageOfPage\":{\"@id\":\"https:\\\/\\\/diariofemenino.com.ar\\\/df\\\/algunos-interrogantes-juridicos\\\/#primaryimage\"},\"image\":{\"@id\":\"https:\\\/\\\/diariofemenino.com.ar\\\/df\\\/algunos-interrogantes-juridicos\\\/#primaryimage\"},\"thumbnailUrl\":\"https:\\\/\\\/diariofemenino.com.ar\\\/df\\\/wp-content\\\/uploads\\\/2021\\\/08\\\/VIF_1024.jpg\",\"datePublished\":\"2021-08-17T15:33:46+00:00\",\"description\":\"Algunos interrogantes. La legitimaci\u00f3n es uno de los institutos del procedimiento de violencia familiar que deben ser estudiados para su mejor comprensi\u00f3n.\",\"breadcrumb\":{\"@id\":\"https:\\\/\\\/diariofemenino.com.ar\\\/df\\\/algunos-interrogantes-juridicos\\\/#breadcrumb\"},\"inLanguage\":\"es\",\"potentialAction\":[{\"@type\":\"ReadAction\",\"target\":[\"https:\\\/\\\/diariofemenino.com.ar\\\/df\\\/algunos-interrogantes-juridicos\\\/\"]}]},{\"@type\":\"ImageObject\",\"inLanguage\":\"es\",\"@id\":\"https:\\\/\\\/diariofemenino.com.ar\\\/df\\\/algunos-interrogantes-juridicos\\\/#primaryimage\",\"url\":\"https:\\\/\\\/diariofemenino.com.ar\\\/df\\\/wp-content\\\/uploads\\\/2021\\\/08\\\/VIF_1024.jpg\",\"contentUrl\":\"https:\\\/\\\/diariofemenino.com.ar\\\/df\\\/wp-content\\\/uploads\\\/2021\\\/08\\\/VIF_1024.jpg\",\"width\":1024,\"height\":512,\"caption\":\"Algunos interrogantes jur\u00eddicos cuando son varios denunciados por violencia familiar\"},{\"@type\":\"BreadcrumbList\",\"@id\":\"https:\\\/\\\/diariofemenino.com.ar\\\/df\\\/algunos-interrogantes-juridicos\\\/#breadcrumb\",\"itemListElement\":[{\"@type\":\"ListItem\",\"position\":1,\"name\":\"Portada\",\"item\":\"https:\\\/\\\/diariofemenino.com.ar\\\/df\\\/\"},{\"@type\":\"ListItem\",\"position\":2,\"name\":\"Algunos interrogantes jur\u00eddicos cuando son varios denunciados por violencia familiar\"}]},{\"@type\":\"WebSite\",\"@id\":\"https:\\\/\\\/diariofemenino.com.ar\\\/df\\\/#website\",\"url\":\"https:\\\/\\\/diariofemenino.com.ar\\\/df\\\/\",\"name\":\"Diario Digital Femenino\",\"description\":\"Cuesti\u00f3n de G\u00e9nero\",\"publisher\":{\"@id\":\"https:\\\/\\\/diariofemenino.com.ar\\\/df\\\/#organization\"},\"potentialAction\":[{\"@type\":\"SearchAction\",\"target\":{\"@type\":\"EntryPoint\",\"urlTemplate\":\"https:\\\/\\\/diariofemenino.com.ar\\\/df\\\/?s={search_term_string}\"},\"query-input\":{\"@type\":\"PropertyValueSpecification\",\"valueRequired\":true,\"valueName\":\"search_term_string\"}}],\"inLanguage\":\"es\"},{\"@type\":\"Organization\",\"@id\":\"https:\\\/\\\/diariofemenino.com.ar\\\/df\\\/#organization\",\"name\":\"Diario Femenino\",\"url\":\"https:\\\/\\\/diariofemenino.com.ar\\\/df\\\/\",\"logo\":{\"@type\":\"ImageObject\",\"inLanguage\":\"es\",\"@id\":\"https:\\\/\\\/diariofemenino.com.ar\\\/df\\\/#\\\/schema\\\/logo\\\/image\\\/\",\"url\":\"https:\\\/\\\/diariofemenino.com.ar\\\/df\\\/wp-content\\\/uploads\\\/2018\\\/10\\\/logo.png\",\"contentUrl\":\"https:\\\/\\\/diariofemenino.com.ar\\\/df\\\/wp-content\\\/uploads\\\/2018\\\/10\\\/logo.png\",\"width\":500,\"height\":92,\"caption\":\"Diario Femenino\"},\"image\":{\"@id\":\"https:\\\/\\\/diariofemenino.com.ar\\\/df\\\/#\\\/schema\\\/logo\\\/image\\\/\"},\"sameAs\":[\"https:\\\/\\\/www.facebook.com\\\/DiarioDigitaFemenino\\\/\",\"https:\\\/\\\/x.com\\\/DiarioFemenino1\"]},{\"@type\":\"Person\",\"@id\":\"https:\\\/\\\/diariofemenino.com.ar\\\/df\\\/#\\\/schema\\\/person\\\/bf6199e8158c657ea6f789b11ec85509\",\"name\":\"Admin\",\"image\":{\"@type\":\"ImageObject\",\"inLanguage\":\"es\",\"@id\":\"https:\\\/\\\/diariofemenino.com.ar\\\/df\\\/wp-content\\\/uploads\\\/2018\\\/12\\\/favicon-150x150.jpg\",\"url\":\"https:\\\/\\\/diariofemenino.com.ar\\\/df\\\/wp-content\\\/uploads\\\/2018\\\/12\\\/favicon-150x150.jpg\",\"contentUrl\":\"https:\\\/\\\/diariofemenino.com.ar\\\/df\\\/wp-content\\\/uploads\\\/2018\\\/12\\\/favicon-150x150.jpg\",\"caption\":\"Admin\"},\"url\":\"https:\\\/\\\/diariofemenino.com.ar\\\/df\\\/author\\\/lenny\\\/\"}]}<\/script>\n<!-- \/ Yoast SEO plugin. -->","yoast_head_json":{"title":"Algunos interrogantes jur\u00eddicos cuando son varios denunciados por violencia familiar - Diario Digital Femenino","description":"Algunos interrogantes. La legitimaci\u00f3n es uno de los institutos del procedimiento de violencia familiar que deben ser estudiados para su mejor comprensi\u00f3n.","robots":{"index":"index","follow":"follow","max-snippet":"max-snippet:-1","max-image-preview":"max-image-preview:large","max-video-preview":"max-video-preview:-1"},"canonical":"https:\/\/diariofemenino.com.ar\/df\/algunos-interrogantes-juridicos\/","og_locale":"es_ES","og_type":"article","og_title":"Algunos interrogantes jur\u00eddicos cuando son varios denunciados por violencia familiar - Diario Digital Femenino","og_description":"Algunos interrogantes. La legitimaci\u00f3n es uno de los institutos del procedimiento de violencia familiar que deben ser estudiados para su mejor comprensi\u00f3n.","og_url":"https:\/\/diariofemenino.com.ar\/df\/algunos-interrogantes-juridicos\/","og_site_name":"Diario Digital Femenino","article_publisher":"https:\/\/www.facebook.com\/DiarioDigitaFemenino\/","article_published_time":"2021-08-17T15:33:46+00:00","og_image":[{"width":1024,"height":512,"url":"https:\/\/diariofemenino.com.ar\/df\/wp-content\/uploads\/2021\/08\/VIF_1024.jpg","type":"image\/jpeg"}],"author":"Admin","twitter_card":"summary_large_image","twitter_creator":"@DiarioFemenino1","twitter_site":"@DiarioFemenino1","twitter_misc":{"Escrito por":"Admin","Tiempo de lectura":"3 minutos"},"schema":{"@context":"https:\/\/schema.org","@graph":[{"@type":"Article","@id":"https:\/\/diariofemenino.com.ar\/df\/algunos-interrogantes-juridicos\/#article","isPartOf":{"@id":"https:\/\/diariofemenino.com.ar\/df\/algunos-interrogantes-juridicos\/"},"author":{"name":"Admin","@id":"https:\/\/diariofemenino.com.ar\/df\/#\/schema\/person\/bf6199e8158c657ea6f789b11ec85509"},"headline":"Algunos interrogantes jur\u00eddicos cuando son varios denunciados por violencia familiar","datePublished":"2021-08-17T15:33:46+00:00","mainEntityOfPage":{"@id":"https:\/\/diariofemenino.com.ar\/df\/algunos-interrogantes-juridicos\/"},"wordCount":555,"commentCount":0,"publisher":{"@id":"https:\/\/diariofemenino.com.ar\/df\/#organization"},"image":{"@id":"https:\/\/diariofemenino.com.ar\/df\/algunos-interrogantes-juridicos\/#primaryimage"},"thumbnailUrl":"https:\/\/diariofemenino.com.ar\/df\/wp-content\/uploads\/2021\/08\/VIF_1024.jpg","keywords":["Diego Ortiz","Interrogantes jur\u00eddicos","Violencia familiar"],"articleSection":["Art\u00edculos y Comunicados","Biblioteca Virtual","Noticias","Violencias"],"inLanguage":"es","potentialAction":[{"@type":"CommentAction","name":"Comment","target":["https:\/\/diariofemenino.com.ar\/df\/algunos-interrogantes-juridicos\/#respond"]}]},{"@type":"WebPage","@id":"https:\/\/diariofemenino.com.ar\/df\/algunos-interrogantes-juridicos\/","url":"https:\/\/diariofemenino.com.ar\/df\/algunos-interrogantes-juridicos\/","name":"Algunos interrogantes jur\u00eddicos cuando son varios denunciados por violencia familiar - Diario Digital Femenino","isPartOf":{"@id":"https:\/\/diariofemenino.com.ar\/df\/#website"},"primaryImageOfPage":{"@id":"https:\/\/diariofemenino.com.ar\/df\/algunos-interrogantes-juridicos\/#primaryimage"},"image":{"@id":"https:\/\/diariofemenino.com.ar\/df\/algunos-interrogantes-juridicos\/#primaryimage"},"thumbnailUrl":"https:\/\/diariofemenino.com.ar\/df\/wp-content\/uploads\/2021\/08\/VIF_1024.jpg","datePublished":"2021-08-17T15:33:46+00:00","description":"Algunos interrogantes. La legitimaci\u00f3n es uno de los institutos del procedimiento de violencia familiar que deben ser estudiados para su mejor comprensi\u00f3n.","breadcrumb":{"@id":"https:\/\/diariofemenino.com.ar\/df\/algunos-interrogantes-juridicos\/#breadcrumb"},"inLanguage":"es","potentialAction":[{"@type":"ReadAction","target":["https:\/\/diariofemenino.com.ar\/df\/algunos-interrogantes-juridicos\/"]}]},{"@type":"ImageObject","inLanguage":"es","@id":"https:\/\/diariofemenino.com.ar\/df\/algunos-interrogantes-juridicos\/#primaryimage","url":"https:\/\/diariofemenino.com.ar\/df\/wp-content\/uploads\/2021\/08\/VIF_1024.jpg","contentUrl":"https:\/\/diariofemenino.com.ar\/df\/wp-content\/uploads\/2021\/08\/VIF_1024.jpg","width":1024,"height":512,"caption":"Algunos interrogantes jur\u00eddicos cuando son varios denunciados por violencia familiar"},{"@type":"BreadcrumbList","@id":"https:\/\/diariofemenino.com.ar\/df\/algunos-interrogantes-juridicos\/#breadcrumb","itemListElement":[{"@type":"ListItem","position":1,"name":"Portada","item":"https:\/\/diariofemenino.com.ar\/df\/"},{"@type":"ListItem","position":2,"name":"Algunos interrogantes jur\u00eddicos cuando son varios denunciados por violencia familiar"}]},{"@type":"WebSite","@id":"https:\/\/diariofemenino.com.ar\/df\/#website","url":"https:\/\/diariofemenino.com.ar\/df\/","name":"Diario Digital Femenino","description":"Cuesti\u00f3n de G\u00e9nero","publisher":{"@id":"https:\/\/diariofemenino.com.ar\/df\/#organization"},"potentialAction":[{"@type":"SearchAction","target":{"@type":"EntryPoint","urlTemplate":"https:\/\/diariofemenino.com.ar\/df\/?s={search_term_string}"},"query-input":{"@type":"PropertyValueSpecification","valueRequired":true,"valueName":"search_term_string"}}],"inLanguage":"es"},{"@type":"Organization","@id":"https:\/\/diariofemenino.com.ar\/df\/#organization","name":"Diario Femenino","url":"https:\/\/diariofemenino.com.ar\/df\/","logo":{"@type":"ImageObject","inLanguage":"es","@id":"https:\/\/diariofemenino.com.ar\/df\/#\/schema\/logo\/image\/","url":"https:\/\/diariofemenino.com.ar\/df\/wp-content\/uploads\/2018\/10\/logo.png","contentUrl":"https:\/\/diariofemenino.com.ar\/df\/wp-content\/uploads\/2018\/10\/logo.png","width":500,"height":92,"caption":"Diario Femenino"},"image":{"@id":"https:\/\/diariofemenino.com.ar\/df\/#\/schema\/logo\/image\/"},"sameAs":["https:\/\/www.facebook.com\/DiarioDigitaFemenino\/","https:\/\/x.com\/DiarioFemenino1"]},{"@type":"Person","@id":"https:\/\/diariofemenino.com.ar\/df\/#\/schema\/person\/bf6199e8158c657ea6f789b11ec85509","name":"Admin","image":{"@type":"ImageObject","inLanguage":"es","@id":"https:\/\/diariofemenino.com.ar\/df\/wp-content\/uploads\/2018\/12\/favicon-150x150.jpg","url":"https:\/\/diariofemenino.com.ar\/df\/wp-content\/uploads\/2018\/12\/favicon-150x150.jpg","contentUrl":"https:\/\/diariofemenino.com.ar\/df\/wp-content\/uploads\/2018\/12\/favicon-150x150.jpg","caption":"Admin"},"url":"https:\/\/diariofemenino.com.ar\/df\/author\/lenny\/"}]}},"jetpack_featured_media_url":"https:\/\/diariofemenino.com.ar\/df\/wp-content\/uploads\/2021\/08\/VIF_1024.jpg","jetpack_sharing_enabled":true,"rttpg_featured_image_url":{"full":["https:\/\/diariofemenino.com.ar\/df\/wp-content\/uploads\/2021\/08\/VIF_1024.jpg",1024,512,false],"landscape":["https:\/\/diariofemenino.com.ar\/df\/wp-content\/uploads\/2021\/08\/VIF_1024.jpg",1024,512,false],"portraits":["https:\/\/diariofemenino.com.ar\/df\/wp-content\/uploads\/2021\/08\/VIF_1024.jpg",1024,512,false],"thumbnail":["https:\/\/diariofemenino.com.ar\/df\/wp-content\/uploads\/2021\/08\/VIF_1024-150x150.jpg",150,150,true],"medium":["https:\/\/diariofemenino.com.ar\/df\/wp-content\/uploads\/2021\/08\/VIF_1024-300x150.jpg",300,150,true],"large":["https:\/\/diariofemenino.com.ar\/df\/wp-content\/uploads\/2021\/08\/VIF_1024-1024x512.jpg",1024,512,true],"1536x1536":["https:\/\/diariofemenino.com.ar\/df\/wp-content\/uploads\/2021\/08\/VIF_1024.jpg",1024,512,false],"2048x2048":["https:\/\/diariofemenino.com.ar\/df\/wp-content\/uploads\/2021\/08\/VIF_1024.jpg",1024,512,false]},"rttpg_author":{"display_name":"Admin","author_link":"https:\/\/diariofemenino.com.ar\/df\/author\/lenny\/"},"rttpg_comment":0,"rttpg_category":"<a href=\"https:\/\/diariofemenino.com.ar\/df\/category\/articulos-y-comunicados\/\" rel=\"category tag\">Art\u00edculos y Comunicados<\/a> <a href=\"https:\/\/diariofemenino.com.ar\/df\/category\/biblioteca\/\" rel=\"category tag\">Biblioteca Virtual<\/a> <a href=\"https:\/\/diariofemenino.com.ar\/df\/category\/noticias\/\" rel=\"category tag\">Noticias<\/a> <a href=\"https:\/\/diariofemenino.com.ar\/df\/category\/violencias\/\" rel=\"category tag\">Violencias<\/a>","rttpg_excerpt":"Algunos interrogantes jur\u00eddicos. La legitimaci\u00f3n es uno de los institutos del procedimiento de violencia familiar que deben ser estudiados para su mejor comprensi\u00f3n. \u00a0La legitimada pasiva se refiere a la parte denunciada y\/ demandada en un proceso y\/o procedimiento. Diego Ortiz[1] Escucha este art\u00edculo en la voz de Marina Colado En el procedimiento de violencia,&hellip;","_links":{"self":[{"href":"https:\/\/diariofemenino.com.ar\/df\/wp-json\/wp\/v2\/posts\/60328","targetHints":{"allow":["GET"]}}],"collection":[{"href":"https:\/\/diariofemenino.com.ar\/df\/wp-json\/wp\/v2\/posts"}],"about":[{"href":"https:\/\/diariofemenino.com.ar\/df\/wp-json\/wp\/v2\/types\/post"}],"author":[{"embeddable":true,"href":"https:\/\/diariofemenino.com.ar\/df\/wp-json\/wp\/v2\/users\/4"}],"replies":[{"embeddable":true,"href":"https:\/\/diariofemenino.com.ar\/df\/wp-json\/wp\/v2\/comments?post=60328"}],"version-history":[{"count":0,"href":"https:\/\/diariofemenino.com.ar\/df\/wp-json\/wp\/v2\/posts\/60328\/revisions"}],"wp:featuredmedia":[{"embeddable":true,"href":"https:\/\/diariofemenino.com.ar\/df\/wp-json\/wp\/v2\/media\/60331"}],"wp:attachment":[{"href":"https:\/\/diariofemenino.com.ar\/df\/wp-json\/wp\/v2\/media?parent=60328"}],"wp:term":[{"taxonomy":"category","embeddable":true,"href":"https:\/\/diariofemenino.com.ar\/df\/wp-json\/wp\/v2\/categories?post=60328"},{"taxonomy":"post_tag","embeddable":true,"href":"https:\/\/diariofemenino.com.ar\/df\/wp-json\/wp\/v2\/tags?post=60328"}],"curies":[{"name":"wp","href":"https:\/\/api.w.org\/{rel}","templated":true}]}}