{"id":60295,"date":"2021-08-17T08:35:02","date_gmt":"2021-08-17T11:35:02","guid":{"rendered":"https:\/\/diariofemenino.com.ar\/df\/?p=60295"},"modified":"2021-08-17T08:35:02","modified_gmt":"2021-08-17T11:35:02","slug":"otra-historia-de-amor","status":"publish","type":"post","link":"https:\/\/diariofemenino.com.ar\/df\/otra-historia-de-amor\/","title":{"rendered":"Otra historia de amor"},"content":{"rendered":"<p>Fueron muchos los a\u00f1os de esconderse amando, de perderse de amar en el laberinto del ocultamiento.<\/p>\n<p>Por\u00a0<a href=\"https:\/\/diariofemenino.com.ar\/df\/?s=Emiliano+Samar\">Emiliano Samar<\/a>*<\/p>\n<p>Escucha el art\u00edculo en la voz de <strong>Marina Colado<br \/>\n<\/strong><\/p>\n<audio class=\"wp-audio-shortcode\" id=\"audio-60295-1\" preload=\"none\" style=\"width: 100%;\" controls=\"controls\"><source type=\"audio\/mpeg\" src=\"https:\/\/diariofemenino.com.ar\/df\/wp-content\/uploads\/2021\/08\/Otra-historia-de-amor.mp3?_=1\" \/><a href=\"https:\/\/diariofemenino.com.ar\/df\/wp-content\/uploads\/2021\/08\/Otra-historia-de-amor.mp3\">https:\/\/diariofemenino.com.ar\/df\/wp-content\/uploads\/2021\/08\/Otra-historia-de-amor.mp3<\/a><\/audio>\n<p><strong>\u00a0<\/strong><\/p>\n<p><a href=\"https:\/\/es.wikipedia.org\/wiki\/Otra_historia_de_amor\">Otra historia de amor<\/a> es una pel\u00edcula argentina estrenada en 1986,\u200b bajo la direcci\u00f3n de Am\u00e9rico Ortiz de Z\u00e1rate y con gui\u00f3n de Juan Carlos Brown. Mario Pasik y Arturo Bon\u00edn dan vida a Jorge Castro y Ra\u00fal Loberas. Ambos empiezan una relaci\u00f3n amorosa clandestina. Cuando ambos est\u00e1n enamorados y felices son descubiertos por una secretaria de la empresa. Todo hace que se desate un esc\u00e1ndalo cuyo eco llega a impactar en sus mundos personales y laborales.<\/p>\n<figure id=\"attachment_60298\" aria-describedby=\"caption-attachment-60298\" style=\"width: 241px\" class=\"wp-caption aligncenter\"><img loading=\"lazy\" decoding=\"async\" class=\"size-full wp-image-60298\" src=\"https:\/\/diariofemenino.com.ar\/df\/wp-content\/uploads\/2021\/08\/Otra-historia.jpg\" alt=\"Otra historia de amor \" width=\"241\" height=\"350\" srcset=\"https:\/\/diariofemenino.com.ar\/df\/wp-content\/uploads\/2021\/08\/Otra-historia.jpg 241w, https:\/\/diariofemenino.com.ar\/df\/wp-content\/uploads\/2021\/08\/Otra-historia-207x300.jpg 207w\" sizes=\"auto, (max-width: 241px) 100vw, 241px\" \/><figcaption id=\"caption-attachment-60298\" class=\"wp-caption-text\">Otra historia de amor<\/figcaption><\/figure>\n<p>Amores de la periferia de la ley, de los mandatos heteropatriarcales, estigmatizados, clandestinos, dan cuenta de historias silenciadas y del ensa\u00f1amiento de una sociedad opresiva enredada en las tramas a\u00fan anquilosadas de la historia.<\/p>\n<p>Desde que se establecieron aquellas poblaciones europeas en nuestro territorio, con su tradici\u00f3n hisp\u00e1nica de catolicismo ferviente y expresa\u00a0 homolesbotransfobia institucional, la historia del colectivo LGBTIQ+ es la historia de una persecuci\u00f3n social, de hostigamientos, discriminaci\u00f3n y \u00abuna represi\u00f3n en lo sexual que caracterizar\u00e1 gran parte del itinerario hist\u00f3rico diacr\u00f3nico\u00bb como plantea Osvaldo Baz\u00e1n en su Historia de la homosexualidad en la Argentina: de la conquista de Am\u00e9rica al siglo XXI.<\/p>\n<p>Tambi\u00e9n es la historia de las peque\u00f1as revoluciones cotidianas, de quienes se animaron a intentarlo, de quienes anduvieron la lucha para el reconocimiento y la ampliaci\u00f3n de derechos.<\/p>\n<p>Para sobrevivir, quienes protagonizaban historias se volv\u00edan autores de ficciones, cambios de nombres, citas camufladas, an\u00e9cdotas distractivas. Las fuerzas policiales, los edictos, las leyes, y la discriminaci\u00f3n social, volv\u00edan el acto de amar o el ejercicio de la sexualidad disidente un acto riesgoso, valiente y contracultural. \u00bfCu\u00e1les son las huellas de las vivencias del amor en aquellos siglos otros, en \u00e9pocas de carta manuscrita o tel\u00e9fono a cospel? El colectivo LGBTIQ+ fue perseguido, preso, desaparecido, incluso asesinado a lo largo de los a\u00f1os. A\u00fan hoy somos testigos de los cr\u00edmenes de odio. Pero cu\u00e1l es el registro de estas historias, la de los valientes victoriosos en sus peque\u00f1os relatos de escondites, la delatadas por testigos horrorizados ante aquello que se corr\u00eda del molde, la de quienes militaron atrevi\u00e9ndose al propio riesgo, la de quienes fueron perseguidas y perseguidos por no poder ocultar lo incontrolable. Por ejemplo, sabemos que \u201chay muy escaso material, en el per\u00edodo de dictadura, de registro de las detenciones que se hac\u00edan a las maricas. Esto lleva a pensar que esas detenciones se hac\u00edan lo mismo, pero no hab\u00eda registro\u201d se\u00f1ala Cristian Prieto, autor de \u201cFichados, cr\u00f3nicas de amores clandestinos\u201d y agrega: \u201cse persegu\u00eda a una persona por razones pol\u00edticas y de repente esa persona era amanerada o no se juntaba con personas del sexo opuesto: entonces se sumaba a la ficha que era homosexual o amoral sexual, lo que constitu\u00eda un delito\u201d.<\/p>\n<figure id=\"attachment_60299\" aria-describedby=\"caption-attachment-60299\" style=\"width: 400px\" class=\"wp-caption aligncenter\"><img loading=\"lazy\" decoding=\"async\" class=\"size-full wp-image-60299\" src=\"https:\/\/diariofemenino.com.ar\/df\/wp-content\/uploads\/2021\/08\/31b965b4127eab9ee2b266376a2813ee_400x400.jpeg\" alt=\"Otra historia de amor \" width=\"400\" height=\"400\" srcset=\"https:\/\/diariofemenino.com.ar\/df\/wp-content\/uploads\/2021\/08\/31b965b4127eab9ee2b266376a2813ee_400x400.jpeg 400w, https:\/\/diariofemenino.com.ar\/df\/wp-content\/uploads\/2021\/08\/31b965b4127eab9ee2b266376a2813ee_400x400-150x150.jpeg 150w, https:\/\/diariofemenino.com.ar\/df\/wp-content\/uploads\/2021\/08\/31b965b4127eab9ee2b266376a2813ee_400x400-300x300.jpeg 300w\" sizes=\"auto, (max-width: 400px) 100vw, 400px\" \/><figcaption id=\"caption-attachment-60299\" class=\"wp-caption-text\">Otra historia de amor<\/figcaption><\/figure>\n<p>Al parecer cuando amar es un delito existen algunas opciones, hacerlo en las sombras, dejar de amar o amar call\u00e5ndolo.<\/p>\n<p>Otra historia de amor es una pel\u00edcula que lleg\u00f3 con el retorno a la democracia, una apuesta que traz\u00f3 en la pantalla grande una marca. Algo hab\u00eda delineado su predecesora Adi\u00f3s Roberto. Dar cuenta del amor desplegando en las salas una narrativa de lo que empezaba a ser posible.<\/p>\n<p>Quiz\u00e1 por aquella historia o por las de tantas y tantos que pudieron rozar sus manos iluminados apenas en las butacas de cuerina de un cine de barrio o por las historias que no llegaron a ser pero agitaron el pecho en momentos menos libres que estos que vivimos. Quiz\u00e1 por algo de eso la pel\u00edcula termina con un maravilloso texto de Julio Cort\u00e1zar: \u00abComo si se pudiese elegir en el amor, como si no fuera un rayo que te parte los huesos y te deja estaqueado en la mitad del patio\u00bb.<\/p>\n<p>Trailer<\/p>\n<p><iframe loading=\"lazy\" title=\"YouTube video player\" src=\"https:\/\/www.youtube.com\/embed\/EMyhFZKcx-c\" width=\"560\" height=\"315\" frameborder=\"0\" allowfullscreen=\"allowfullscreen\"><\/iframe><\/p>\n<p>(*)\u00a0Columnista de\u00a0<a href=\"https:\/\/diariofemenino.com.ar\/df\/?s=Emiliano+Samar\">Diario Digital Femenino<\/a><br \/>\n<a href=\"https:\/\/www.instagram.com\/emilianosamar\/\">@emilianosamar<\/a><br \/>\n<a href=\"mailto:emilianosamar@gmail.com\">emilianosamar@gmail.com<\/a><\/p>\n","protected":false},"excerpt":{"rendered":"<p>Fueron muchos los a\u00f1os de esconderse amando, de perderse de amar en el laberinto del ocultamiento. Por\u00a0Emiliano Samar* Escucha el art\u00edculo en la voz de Marina Colado \u00a0 Otra historia de amor es una pel\u00edcula argentina estrenada en 1986,\u200b bajo la direcci\u00f3n de Am\u00e9rico Ortiz de Z\u00e1rate y con gui\u00f3n de Juan Carlos Brown. Mario [&hellip;]<\/p>\n","protected":false},"author":4,"featured_media":60300,"comment_status":"open","ping_status":"open","sticky":false,"template":"","format":"standard","meta":{"iawp_total_views":45,"footnotes":""},"categories":[1067,9,180],"tags":[2889,4372,4207,2593],"class_list":["post-60295","post","type-post","status-publish","format-standard","has-post-thumbnail","hentry","category-agenda-feminista","category-de-esi-si-se-habla","category-videos","tag-amor","tag-destacada","tag-emiliano-samar","tag-historias"],"nelio_content":{"autoShareEndMode":"never","automationSources":{"useCustomSentences":false,"customSentences":[]},"efiAlt":"","efiUrl":"","followers":[4],"highlights":[],"isAutoShareEnabled":true,"networkImageIds":[],"permalinkQueryArgs":[],"series":[],"suggestedReferences":[]},"yoast_head":"<!-- This site is optimized with the Yoast SEO plugin v27.5 - https:\/\/yoast.com\/product\/yoast-seo-wordpress\/ -->\n<title>Otra historia de amor - Diario Digital Femenino<\/title>\n<meta name=\"description\" content=\"Otra historia de amor. Fueron muchos los a\u00f1os de esconderse amando, de perderse de amar en el laberinto del ocultamiento.\" \/>\n<meta name=\"robots\" content=\"index, follow, max-snippet:-1, max-image-preview:large, max-video-preview:-1\" \/>\n<link rel=\"canonical\" href=\"https:\/\/diariofemenino.com.ar\/df\/otra-historia-de-amor\/\" \/>\n<meta property=\"og:locale\" content=\"es_ES\" \/>\n<meta property=\"og:type\" content=\"article\" \/>\n<meta property=\"og:title\" content=\"Otra historia de amor - Diario Digital Femenino\" \/>\n<meta property=\"og:description\" content=\"Otra historia de amor. Fueron muchos los a\u00f1os de esconderse amando, de perderse de amar en el laberinto del ocultamiento.\" \/>\n<meta property=\"og:url\" content=\"https:\/\/diariofemenino.com.ar\/df\/otra-historia-de-amor\/\" \/>\n<meta property=\"og:site_name\" content=\"Diario Digital Femenino\" \/>\n<meta property=\"article:publisher\" content=\"https:\/\/www.facebook.com\/DiarioDigitaFemenino\/\" \/>\n<meta property=\"article:published_time\" content=\"2021-08-17T11:35:02+00:00\" \/>\n<meta property=\"og:image\" content=\"https:\/\/diariofemenino.com.ar\/df\/wp-content\/uploads\/2021\/08\/173300718-f7839ac5-8db2-401d-b619-4590eb1a1dcd.jpg\" \/>\n\t<meta property=\"og:image:width\" content=\"1800\" \/>\n\t<meta property=\"og:image:height\" content=\"1020\" \/>\n\t<meta property=\"og:image:type\" content=\"image\/jpeg\" \/>\n<meta name=\"author\" content=\"Admin\" \/>\n<meta name=\"twitter:card\" content=\"summary_large_image\" \/>\n<meta name=\"twitter:creator\" content=\"@DiarioFemenino1\" \/>\n<meta name=\"twitter:site\" content=\"@DiarioFemenino1\" \/>\n<meta name=\"twitter:label1\" content=\"Escrito por\" \/>\n\t<meta name=\"twitter:data1\" content=\"Admin\" \/>\n\t<meta name=\"twitter:label2\" content=\"Tiempo de lectura\" \/>\n\t<meta name=\"twitter:data2\" content=\"4 minutos\" \/>\n<script type=\"application\/ld+json\" class=\"yoast-schema-graph\">{\"@context\":\"https:\\\/\\\/schema.org\",\"@graph\":[{\"@type\":\"Article\",\"@id\":\"https:\\\/\\\/diariofemenino.com.ar\\\/df\\\/otra-historia-de-amor\\\/#article\",\"isPartOf\":{\"@id\":\"https:\\\/\\\/diariofemenino.com.ar\\\/df\\\/otra-historia-de-amor\\\/\"},\"author\":{\"name\":\"Admin\",\"@id\":\"https:\\\/\\\/diariofemenino.com.ar\\\/df\\\/#\\\/schema\\\/person\\\/bf6199e8158c657ea6f789b11ec85509\"},\"headline\":\"Otra historia de amor\",\"datePublished\":\"2021-08-17T11:35:02+00:00\",\"mainEntityOfPage\":{\"@id\":\"https:\\\/\\\/diariofemenino.com.ar\\\/df\\\/otra-historia-de-amor\\\/\"},\"wordCount\":736,\"commentCount\":0,\"publisher\":{\"@id\":\"https:\\\/\\\/diariofemenino.com.ar\\\/df\\\/#organization\"},\"image\":{\"@id\":\"https:\\\/\\\/diariofemenino.com.ar\\\/df\\\/otra-historia-de-amor\\\/#primaryimage\"},\"thumbnailUrl\":\"https:\\\/\\\/diariofemenino.com.ar\\\/df\\\/wp-content\\\/uploads\\\/2021\\\/08\\\/173300718-f7839ac5-8db2-401d-b619-4590eb1a1dcd.jpg\",\"keywords\":[\"Amor\",\"Destacada\",\"Emiliano Samar\",\"Historias\"],\"articleSection\":[\"Agenda Feminista\",\"De ESI S\u00ed Se Habla\",\"Videos\"],\"inLanguage\":\"es\",\"potentialAction\":[{\"@type\":\"CommentAction\",\"name\":\"Comment\",\"target\":[\"https:\\\/\\\/diariofemenino.com.ar\\\/df\\\/otra-historia-de-amor\\\/#respond\"]}]},{\"@type\":\"WebPage\",\"@id\":\"https:\\\/\\\/diariofemenino.com.ar\\\/df\\\/otra-historia-de-amor\\\/\",\"url\":\"https:\\\/\\\/diariofemenino.com.ar\\\/df\\\/otra-historia-de-amor\\\/\",\"name\":\"Otra historia de amor - Diario Digital Femenino\",\"isPartOf\":{\"@id\":\"https:\\\/\\\/diariofemenino.com.ar\\\/df\\\/#website\"},\"primaryImageOfPage\":{\"@id\":\"https:\\\/\\\/diariofemenino.com.ar\\\/df\\\/otra-historia-de-amor\\\/#primaryimage\"},\"image\":{\"@id\":\"https:\\\/\\\/diariofemenino.com.ar\\\/df\\\/otra-historia-de-amor\\\/#primaryimage\"},\"thumbnailUrl\":\"https:\\\/\\\/diariofemenino.com.ar\\\/df\\\/wp-content\\\/uploads\\\/2021\\\/08\\\/173300718-f7839ac5-8db2-401d-b619-4590eb1a1dcd.jpg\",\"datePublished\":\"2021-08-17T11:35:02+00:00\",\"description\":\"Otra historia de amor. Fueron muchos los a\u00f1os de esconderse amando, de perderse de amar en el laberinto del ocultamiento.\",\"breadcrumb\":{\"@id\":\"https:\\\/\\\/diariofemenino.com.ar\\\/df\\\/otra-historia-de-amor\\\/#breadcrumb\"},\"inLanguage\":\"es\",\"potentialAction\":[{\"@type\":\"ReadAction\",\"target\":[\"https:\\\/\\\/diariofemenino.com.ar\\\/df\\\/otra-historia-de-amor\\\/\"]}]},{\"@type\":\"ImageObject\",\"inLanguage\":\"es\",\"@id\":\"https:\\\/\\\/diariofemenino.com.ar\\\/df\\\/otra-historia-de-amor\\\/#primaryimage\",\"url\":\"https:\\\/\\\/diariofemenino.com.ar\\\/df\\\/wp-content\\\/uploads\\\/2021\\\/08\\\/173300718-f7839ac5-8db2-401d-b619-4590eb1a1dcd.jpg\",\"contentUrl\":\"https:\\\/\\\/diariofemenino.com.ar\\\/df\\\/wp-content\\\/uploads\\\/2021\\\/08\\\/173300718-f7839ac5-8db2-401d-b619-4590eb1a1dcd.jpg\",\"width\":1800,\"height\":1020,\"caption\":\"Otra historia de amor\"},{\"@type\":\"BreadcrumbList\",\"@id\":\"https:\\\/\\\/diariofemenino.com.ar\\\/df\\\/otra-historia-de-amor\\\/#breadcrumb\",\"itemListElement\":[{\"@type\":\"ListItem\",\"position\":1,\"name\":\"Portada\",\"item\":\"https:\\\/\\\/diariofemenino.com.ar\\\/df\\\/\"},{\"@type\":\"ListItem\",\"position\":2,\"name\":\"Otra historia de amor\"}]},{\"@type\":\"WebSite\",\"@id\":\"https:\\\/\\\/diariofemenino.com.ar\\\/df\\\/#website\",\"url\":\"https:\\\/\\\/diariofemenino.com.ar\\\/df\\\/\",\"name\":\"Diario Digital Femenino\",\"description\":\"Cuesti\u00f3n de G\u00e9nero\",\"publisher\":{\"@id\":\"https:\\\/\\\/diariofemenino.com.ar\\\/df\\\/#organization\"},\"potentialAction\":[{\"@type\":\"SearchAction\",\"target\":{\"@type\":\"EntryPoint\",\"urlTemplate\":\"https:\\\/\\\/diariofemenino.com.ar\\\/df\\\/?s={search_term_string}\"},\"query-input\":{\"@type\":\"PropertyValueSpecification\",\"valueRequired\":true,\"valueName\":\"search_term_string\"}}],\"inLanguage\":\"es\"},{\"@type\":\"Organization\",\"@id\":\"https:\\\/\\\/diariofemenino.com.ar\\\/df\\\/#organization\",\"name\":\"Diario Femenino\",\"url\":\"https:\\\/\\\/diariofemenino.com.ar\\\/df\\\/\",\"logo\":{\"@type\":\"ImageObject\",\"inLanguage\":\"es\",\"@id\":\"https:\\\/\\\/diariofemenino.com.ar\\\/df\\\/#\\\/schema\\\/logo\\\/image\\\/\",\"url\":\"https:\\\/\\\/diariofemenino.com.ar\\\/df\\\/wp-content\\\/uploads\\\/2018\\\/10\\\/logo.png\",\"contentUrl\":\"https:\\\/\\\/diariofemenino.com.ar\\\/df\\\/wp-content\\\/uploads\\\/2018\\\/10\\\/logo.png\",\"width\":500,\"height\":92,\"caption\":\"Diario Femenino\"},\"image\":{\"@id\":\"https:\\\/\\\/diariofemenino.com.ar\\\/df\\\/#\\\/schema\\\/logo\\\/image\\\/\"},\"sameAs\":[\"https:\\\/\\\/www.facebook.com\\\/DiarioDigitaFemenino\\\/\",\"https:\\\/\\\/x.com\\\/DiarioFemenino1\"]},{\"@type\":\"Person\",\"@id\":\"https:\\\/\\\/diariofemenino.com.ar\\\/df\\\/#\\\/schema\\\/person\\\/bf6199e8158c657ea6f789b11ec85509\",\"name\":\"Admin\",\"image\":{\"@type\":\"ImageObject\",\"inLanguage\":\"es\",\"@id\":\"https:\\\/\\\/diariofemenino.com.ar\\\/df\\\/wp-content\\\/uploads\\\/2018\\\/12\\\/favicon-150x150.jpg\",\"url\":\"https:\\\/\\\/diariofemenino.com.ar\\\/df\\\/wp-content\\\/uploads\\\/2018\\\/12\\\/favicon-150x150.jpg\",\"contentUrl\":\"https:\\\/\\\/diariofemenino.com.ar\\\/df\\\/wp-content\\\/uploads\\\/2018\\\/12\\\/favicon-150x150.jpg\",\"caption\":\"Admin\"},\"url\":\"https:\\\/\\\/diariofemenino.com.ar\\\/df\\\/author\\\/lenny\\\/\"}]}<\/script>\n<!-- \/ Yoast SEO plugin. -->","yoast_head_json":{"title":"Otra historia de amor - Diario Digital Femenino","description":"Otra historia de amor. Fueron muchos los a\u00f1os de esconderse amando, de perderse de amar en el laberinto del ocultamiento.","robots":{"index":"index","follow":"follow","max-snippet":"max-snippet:-1","max-image-preview":"max-image-preview:large","max-video-preview":"max-video-preview:-1"},"canonical":"https:\/\/diariofemenino.com.ar\/df\/otra-historia-de-amor\/","og_locale":"es_ES","og_type":"article","og_title":"Otra historia de amor - Diario Digital Femenino","og_description":"Otra historia de amor. Fueron muchos los a\u00f1os de esconderse amando, de perderse de amar en el laberinto del ocultamiento.","og_url":"https:\/\/diariofemenino.com.ar\/df\/otra-historia-de-amor\/","og_site_name":"Diario Digital Femenino","article_publisher":"https:\/\/www.facebook.com\/DiarioDigitaFemenino\/","article_published_time":"2021-08-17T11:35:02+00:00","og_image":[{"width":1800,"height":1020,"url":"https:\/\/diariofemenino.com.ar\/df\/wp-content\/uploads\/2021\/08\/173300718-f7839ac5-8db2-401d-b619-4590eb1a1dcd.jpg","type":"image\/jpeg"}],"author":"Admin","twitter_card":"summary_large_image","twitter_creator":"@DiarioFemenino1","twitter_site":"@DiarioFemenino1","twitter_misc":{"Escrito por":"Admin","Tiempo de lectura":"4 minutos"},"schema":{"@context":"https:\/\/schema.org","@graph":[{"@type":"Article","@id":"https:\/\/diariofemenino.com.ar\/df\/otra-historia-de-amor\/#article","isPartOf":{"@id":"https:\/\/diariofemenino.com.ar\/df\/otra-historia-de-amor\/"},"author":{"name":"Admin","@id":"https:\/\/diariofemenino.com.ar\/df\/#\/schema\/person\/bf6199e8158c657ea6f789b11ec85509"},"headline":"Otra historia de amor","datePublished":"2021-08-17T11:35:02+00:00","mainEntityOfPage":{"@id":"https:\/\/diariofemenino.com.ar\/df\/otra-historia-de-amor\/"},"wordCount":736,"commentCount":0,"publisher":{"@id":"https:\/\/diariofemenino.com.ar\/df\/#organization"},"image":{"@id":"https:\/\/diariofemenino.com.ar\/df\/otra-historia-de-amor\/#primaryimage"},"thumbnailUrl":"https:\/\/diariofemenino.com.ar\/df\/wp-content\/uploads\/2021\/08\/173300718-f7839ac5-8db2-401d-b619-4590eb1a1dcd.jpg","keywords":["Amor","Destacada","Emiliano Samar","Historias"],"articleSection":["Agenda Feminista","De ESI S\u00ed Se Habla","Videos"],"inLanguage":"es","potentialAction":[{"@type":"CommentAction","name":"Comment","target":["https:\/\/diariofemenino.com.ar\/df\/otra-historia-de-amor\/#respond"]}]},{"@type":"WebPage","@id":"https:\/\/diariofemenino.com.ar\/df\/otra-historia-de-amor\/","url":"https:\/\/diariofemenino.com.ar\/df\/otra-historia-de-amor\/","name":"Otra historia de amor - Diario Digital Femenino","isPartOf":{"@id":"https:\/\/diariofemenino.com.ar\/df\/#website"},"primaryImageOfPage":{"@id":"https:\/\/diariofemenino.com.ar\/df\/otra-historia-de-amor\/#primaryimage"},"image":{"@id":"https:\/\/diariofemenino.com.ar\/df\/otra-historia-de-amor\/#primaryimage"},"thumbnailUrl":"https:\/\/diariofemenino.com.ar\/df\/wp-content\/uploads\/2021\/08\/173300718-f7839ac5-8db2-401d-b619-4590eb1a1dcd.jpg","datePublished":"2021-08-17T11:35:02+00:00","description":"Otra historia de amor. Fueron muchos los a\u00f1os de esconderse amando, de perderse de amar en el laberinto del ocultamiento.","breadcrumb":{"@id":"https:\/\/diariofemenino.com.ar\/df\/otra-historia-de-amor\/#breadcrumb"},"inLanguage":"es","potentialAction":[{"@type":"ReadAction","target":["https:\/\/diariofemenino.com.ar\/df\/otra-historia-de-amor\/"]}]},{"@type":"ImageObject","inLanguage":"es","@id":"https:\/\/diariofemenino.com.ar\/df\/otra-historia-de-amor\/#primaryimage","url":"https:\/\/diariofemenino.com.ar\/df\/wp-content\/uploads\/2021\/08\/173300718-f7839ac5-8db2-401d-b619-4590eb1a1dcd.jpg","contentUrl":"https:\/\/diariofemenino.com.ar\/df\/wp-content\/uploads\/2021\/08\/173300718-f7839ac5-8db2-401d-b619-4590eb1a1dcd.jpg","width":1800,"height":1020,"caption":"Otra historia de amor"},{"@type":"BreadcrumbList","@id":"https:\/\/diariofemenino.com.ar\/df\/otra-historia-de-amor\/#breadcrumb","itemListElement":[{"@type":"ListItem","position":1,"name":"Portada","item":"https:\/\/diariofemenino.com.ar\/df\/"},{"@type":"ListItem","position":2,"name":"Otra historia de amor"}]},{"@type":"WebSite","@id":"https:\/\/diariofemenino.com.ar\/df\/#website","url":"https:\/\/diariofemenino.com.ar\/df\/","name":"Diario Digital Femenino","description":"Cuesti\u00f3n de G\u00e9nero","publisher":{"@id":"https:\/\/diariofemenino.com.ar\/df\/#organization"},"potentialAction":[{"@type":"SearchAction","target":{"@type":"EntryPoint","urlTemplate":"https:\/\/diariofemenino.com.ar\/df\/?s={search_term_string}"},"query-input":{"@type":"PropertyValueSpecification","valueRequired":true,"valueName":"search_term_string"}}],"inLanguage":"es"},{"@type":"Organization","@id":"https:\/\/diariofemenino.com.ar\/df\/#organization","name":"Diario Femenino","url":"https:\/\/diariofemenino.com.ar\/df\/","logo":{"@type":"ImageObject","inLanguage":"es","@id":"https:\/\/diariofemenino.com.ar\/df\/#\/schema\/logo\/image\/","url":"https:\/\/diariofemenino.com.ar\/df\/wp-content\/uploads\/2018\/10\/logo.png","contentUrl":"https:\/\/diariofemenino.com.ar\/df\/wp-content\/uploads\/2018\/10\/logo.png","width":500,"height":92,"caption":"Diario Femenino"},"image":{"@id":"https:\/\/diariofemenino.com.ar\/df\/#\/schema\/logo\/image\/"},"sameAs":["https:\/\/www.facebook.com\/DiarioDigitaFemenino\/","https:\/\/x.com\/DiarioFemenino1"]},{"@type":"Person","@id":"https:\/\/diariofemenino.com.ar\/df\/#\/schema\/person\/bf6199e8158c657ea6f789b11ec85509","name":"Admin","image":{"@type":"ImageObject","inLanguage":"es","@id":"https:\/\/diariofemenino.com.ar\/df\/wp-content\/uploads\/2018\/12\/favicon-150x150.jpg","url":"https:\/\/diariofemenino.com.ar\/df\/wp-content\/uploads\/2018\/12\/favicon-150x150.jpg","contentUrl":"https:\/\/diariofemenino.com.ar\/df\/wp-content\/uploads\/2018\/12\/favicon-150x150.jpg","caption":"Admin"},"url":"https:\/\/diariofemenino.com.ar\/df\/author\/lenny\/"}]}},"jetpack_featured_media_url":"https:\/\/diariofemenino.com.ar\/df\/wp-content\/uploads\/2021\/08\/173300718-f7839ac5-8db2-401d-b619-4590eb1a1dcd.jpg","jetpack_sharing_enabled":true,"rttpg_featured_image_url":{"full":["https:\/\/diariofemenino.com.ar\/df\/wp-content\/uploads\/2021\/08\/173300718-f7839ac5-8db2-401d-b619-4590eb1a1dcd.jpg",1800,1020,false],"landscape":["https:\/\/diariofemenino.com.ar\/df\/wp-content\/uploads\/2021\/08\/173300718-f7839ac5-8db2-401d-b619-4590eb1a1dcd.jpg",1800,1020,false],"portraits":["https:\/\/diariofemenino.com.ar\/df\/wp-content\/uploads\/2021\/08\/173300718-f7839ac5-8db2-401d-b619-4590eb1a1dcd.jpg",1800,1020,false],"thumbnail":["https:\/\/diariofemenino.com.ar\/df\/wp-content\/uploads\/2021\/08\/173300718-f7839ac5-8db2-401d-b619-4590eb1a1dcd-150x150.jpg",150,150,true],"medium":["https:\/\/diariofemenino.com.ar\/df\/wp-content\/uploads\/2021\/08\/173300718-f7839ac5-8db2-401d-b619-4590eb1a1dcd-300x170.jpg",300,170,true],"large":["https:\/\/diariofemenino.com.ar\/df\/wp-content\/uploads\/2021\/08\/173300718-f7839ac5-8db2-401d-b619-4590eb1a1dcd-1024x580.jpg",1024,580,true],"1536x1536":["https:\/\/diariofemenino.com.ar\/df\/wp-content\/uploads\/2021\/08\/173300718-f7839ac5-8db2-401d-b619-4590eb1a1dcd.jpg",1536,870,false],"2048x2048":["https:\/\/diariofemenino.com.ar\/df\/wp-content\/uploads\/2021\/08\/173300718-f7839ac5-8db2-401d-b619-4590eb1a1dcd.jpg",1800,1020,false]},"rttpg_author":{"display_name":"Admin","author_link":"https:\/\/diariofemenino.com.ar\/df\/author\/lenny\/"},"rttpg_comment":0,"rttpg_category":"<a href=\"https:\/\/diariofemenino.com.ar\/df\/category\/agenda-feminista\/\" rel=\"category tag\">Agenda Feminista<\/a> <a href=\"https:\/\/diariofemenino.com.ar\/df\/category\/de-esi-si-se-habla\/\" rel=\"category tag\">De ESI S\u00ed Se Habla<\/a> <a href=\"https:\/\/diariofemenino.com.ar\/df\/category\/videos\/\" rel=\"category tag\">Videos<\/a>","rttpg_excerpt":"Fueron muchos los a\u00f1os de esconderse amando, de perderse de amar en el laberinto del ocultamiento. Por\u00a0Emiliano Samar* Escucha el art\u00edculo en la voz de Marina Colado \u00a0 Otra historia de amor es una pel\u00edcula argentina estrenada en 1986,\u200b bajo la direcci\u00f3n de Am\u00e9rico Ortiz de Z\u00e1rate y con gui\u00f3n de Juan Carlos Brown. Mario&hellip;","_links":{"self":[{"href":"https:\/\/diariofemenino.com.ar\/df\/wp-json\/wp\/v2\/posts\/60295","targetHints":{"allow":["GET"]}}],"collection":[{"href":"https:\/\/diariofemenino.com.ar\/df\/wp-json\/wp\/v2\/posts"}],"about":[{"href":"https:\/\/diariofemenino.com.ar\/df\/wp-json\/wp\/v2\/types\/post"}],"author":[{"embeddable":true,"href":"https:\/\/diariofemenino.com.ar\/df\/wp-json\/wp\/v2\/users\/4"}],"replies":[{"embeddable":true,"href":"https:\/\/diariofemenino.com.ar\/df\/wp-json\/wp\/v2\/comments?post=60295"}],"version-history":[{"count":0,"href":"https:\/\/diariofemenino.com.ar\/df\/wp-json\/wp\/v2\/posts\/60295\/revisions"}],"wp:featuredmedia":[{"embeddable":true,"href":"https:\/\/diariofemenino.com.ar\/df\/wp-json\/wp\/v2\/media\/60300"}],"wp:attachment":[{"href":"https:\/\/diariofemenino.com.ar\/df\/wp-json\/wp\/v2\/media?parent=60295"}],"wp:term":[{"taxonomy":"category","embeddable":true,"href":"https:\/\/diariofemenino.com.ar\/df\/wp-json\/wp\/v2\/categories?post=60295"},{"taxonomy":"post_tag","embeddable":true,"href":"https:\/\/diariofemenino.com.ar\/df\/wp-json\/wp\/v2\/tags?post=60295"}],"curies":[{"name":"wp","href":"https:\/\/api.w.org\/{rel}","templated":true}]}}