{"id":60224,"date":"2021-08-12T09:03:49","date_gmt":"2021-08-12T12:03:49","guid":{"rendered":"https:\/\/diariofemenino.com.ar\/df\/?p=60224"},"modified":"2021-08-12T09:03:49","modified_gmt":"2021-08-12T12:03:49","slug":"sobrevivir-a-la-violencia-sexual-que-la-norma-sea-romper-el-silencio","status":"publish","type":"post","link":"https:\/\/diariofemenino.com.ar\/df\/sobrevivir-a-la-violencia-sexual-que-la-norma-sea-romper-el-silencio\/","title":{"rendered":"Sobrevivir a la violencia sexual: que la norma sea romper el silencio"},"content":{"rendered":"<p class=\"article-deck article__deck\">Sobrevivir a la violencia sexual. Mujeres <a href=\"https:\/\/diariofemenino.com.ar\/df\/category\/articulos\/\">compartieron<\/a> sus historias de superaci\u00f3n y crecimiento personal despu\u00e9s de haber vivido situaciones de violencia sexual.<\/p>\n<p>Por\u00a0<a href=\"https:\/\/ladiaria.com.uy\/periodista\/lucia-gandioli\/\">Luc\u00eda Gandioli<\/a>\u00a0en\u00a0<a href=\"https:\/\/ladiaria.com.uy\/seccion\/violencias\/\">Violencias<\/a><br \/>\nIlustraci\u00f3n de Portada: Luciana Peinado<\/p>\n<div class=\"ld-block ld-block--sm\">\n<div class=\"container\">\n<div class=\"ld-audio ld-card card\">\n<div class=\"ld-audio__title\">Escuch\u00e1 este art\u00edculo.\u00a0Le\u00eddo por Abril Mederos.<\/div>\n<p><audio class=\"ld-audio__audio\" src=\"https:\/\/ladiaria.com.uy\/static\/blank.mp3\" preload=\"metadata\" controls=\"controls\" data-mce-fragment=\"1\"><\/audio><\/div>\n<\/div>\n<\/div>\n<div>\n<p>Cuando nuestro cuerpo ha vivido alguna forma de violencia sexual, relatar nuestra historia es un acto de rebeld\u00eda. Con la voz y la palabra rompemos esquemas internos y externos. Poner el cuerpo a nuestros testimonios de abuso y violaci\u00f3n destapa sentimientos y emociones que llenan, de a poco, la ausencia de di\u00e1logo que existe en la sociedad en torno a la problem\u00e1tica. Compartir nuestro relato con otras que han atravesado una situaci\u00f3n similar es ir a\u00fan m\u00e1s lejos. En el intercambio nos escuchamos, nos acompa\u00f1amos, nos encontramos en las historias de otras y otras se encuentran en la nuestra, y habilitamos el espacio a m\u00e1s personas a contar su experiencia. Romper el silencio es revoluci\u00f3n.<\/p>\n<p>En este movimiento contra el silencio, 15 mujeres v\u00edctimas y sobrevivientes de violencia sexual eligieron compartir su vivencia con\u00a0<em>la diaria<\/em>. En sus voces tambi\u00e9n est\u00e1 parte de mi propia historia. Esta nota resume el camino recorrido por todas: la situaci\u00f3n vivida y el tr\u00e1nsito por el dolor, pero tambi\u00e9n, y sobre todo, el crecimiento postraum\u00e1tico, la resiliencia y c\u00f3mo es posible apropiarse del pasado para transitar el presente y pensar el futuro.<\/p>\n<p>No se puede reducir a un solo caso lo que una persona atraviesa luego de vivir alguna forma de violencia sexual. La diversidad de historias demuestra que el sufrimiento es subjetivo y la vivencia var\u00eda seg\u00fan cada persona. Pero tambi\u00e9n hay puntos en com\u00fan. El silencio impuesto, la soledad, la angustia y mucho dolor. Un vac\u00edo que cuesta llenar y que pone obst\u00e1culos en cada \u00e1mbito del desarrollo social. Sin embargo, no hay pozo que no se pueda escalar y la historia de cada una de estas mujeres es una evidencia de que superarlo es posible. Mujeres que deciden romper el silencio y manifiestan la voluntad de seguir haci\u00e9ndolo hasta que sea norma. Por ellas mismas, por otras que no pueden hacerlo, por las que ya no est\u00e1n.<\/p>\n<figure id=\"attachment_60228\" aria-describedby=\"caption-attachment-60228\" style=\"width: 630px\" class=\"wp-caption aligncenter\"><img loading=\"lazy\" decoding=\"async\" class=\"wp-image-60228 size-full\" src=\"https:\/\/diariofemenino.com.ar\/df\/wp-content\/uploads\/2021\/08\/taman\u0303o-de-portada-630-x-431-2.png\" alt=\"Sobrevivir a la violencia sexual: que la norma sea romper el silencio\" width=\"630\" height=\"420\" srcset=\"https:\/\/diariofemenino.com.ar\/df\/wp-content\/uploads\/2021\/08\/taman\u0303o-de-portada-630-x-431-2.png 630w, https:\/\/diariofemenino.com.ar\/df\/wp-content\/uploads\/2021\/08\/taman\u0303o-de-portada-630-x-431-2-300x200.png 300w\" sizes=\"auto, (max-width: 630px) 100vw, 630px\" \/><figcaption id=\"caption-attachment-60228\" class=\"wp-caption-text\">Sobrevivir a la violencia sexual: que la norma sea romper el silencio<\/figcaption><\/figure>\n<p id=\"definir-la-violencia-sexual\"><strong>Definir la violencia sexual<\/strong><\/p>\n<p>\u00bfQu\u00e9 entendemos cuando hablamos de violencia sexual? La Ley 19.580 de violencia basada en g\u00e9nero la define como \u201ctoda acci\u00f3n que implique la vulneraci\u00f3n del derecho de una mujer a decidir voluntariamente sobre su vida sexual o reproductiva, a trav\u00e9s de amenazas, coerci\u00f3n, uso de la fuerza o intimidaci\u00f3n, incluyendo la violaci\u00f3n dentro del matrimonio y de otras relaciones vinculares o de parentesco, exista o no convivencia, la transmisi\u00f3n intencional de infecciones de transmisi\u00f3n sexual, as\u00ed como la prostituci\u00f3n forzada y la trata sexual\u201d.<\/p>\n<p>Por otra parte, el C\u00f3digo Penal Uruguayo (CPU) contempla tres figuras que constituyen delitos de violencia sexual: abuso sexual, abuso sexual agravado y violaci\u00f3n. El abuso sexual es definido en el art\u00edculo 272 bis como \u201cun acto de naturaleza sexual sobre una persona del mismo o distinto sexo\u201d, realizado \u201cpor medio de la intimidaci\u00f3n, presi\u00f3n psicol\u00f3gica, abuso de poder, amenaza, fuerza o cualquier otra circunstancia coercitiva\u201d. En el caso del abuso sexual especialmente agravado, se agrega como agravante del delito \u201cla penetraci\u00f3n por insignificante que fuera, v\u00eda anal o vaginal, con un \u00f3rgano sexual, otra parte del cuerpo o un objeto, as\u00ed como la penetraci\u00f3n v\u00eda oral con un \u00f3rgano sexual\u201d. En tanto, el art\u00edculo 272 determina que existe violaci\u00f3n cuando se comete el delito de \u201cobligar o forzar a una persona del mismo o de distinto sexo, con violencias o amenazas, a sufrir la conjunci\u00f3n carnal, aunque el acto no llegara a consumarse\u201d.<\/p>\n<p>Si bien en el \u00e1mbito del derecho estas figuras est\u00e1n bien diferenciadas, desde el punto de vista de la psicolog\u00eda las diferencias entre los tipos de abuso y violaci\u00f3n radican en la \u201cgravedad\u201d de la intromisi\u00f3n y el \u201csufrimiento subjetivo\u201d de la v\u00edctima, explica a\u00a0<em>la diaria<\/em>\u00a0la psic\u00f3loga feminista especializada en abuso Noelia Rodr\u00edguez. La especialista sostiene que el concepto que agrupa todos estos delitos de mejor manera es \u201cviolencia sexual\u201d, entendida como \u201ctodos los tipos de violencia que implican el ataque al cuerpo con intenciones sexuales por parte de quien invade\u201d. Incluye desde el acoso, el abuso y la violaci\u00f3n hasta el femicidio.<\/p>\n<p>Victoria Marichal, psic\u00f3loga feminista especializada en violencia sexual, sostiene que este concepto tambi\u00e9n contempla otras situaciones, como las violaciones dentro de la pareja y del matrimonio que \u201cno se dan con fuerza f\u00edsica sino con coerci\u00f3n sexual\u201d mediante el \u201cuso de la manipulaci\u00f3n y la intimidaci\u00f3n: \u2018ten\u00e9s que hacerlo porque es tu rol como pareja\u2019. Estas situaciones, dice la experta, son \u201cm\u00e1s dif\u00edciles de identificar y reconocer\u201d, por el contexto en que suceden y la ausencia de violencia f\u00edsica en algunos casos.<\/p>\n<p>Asimismo, Marichal hace hincapi\u00e9 en que es muy importante tener presente que, sobre todo en la infancia, una situaci\u00f3n de abuso sexual no necesariamente tiene que implicar contacto f\u00edsico. El abuso sin contacto f\u00edsico contempla, por ejemplo, actos de exhibici\u00f3n sexual en persona, por medio de im\u00e1genes, videos, y distintas formas virtuales, ante ni\u00f1as, ni\u00f1os y adolescentes.<\/p>\n<div class=\"extension extension-R\">\n<div class=\"extension__body\">\n<blockquote><p>\u201cBusquen ayuda profesional y con otras mujeres. Compartir con otras sobre nuestro sufrimiento es sanador y nos encamina en la b\u00fasqueda de una vida m\u00e1s sana y la posibilidad de convivir con el dolor, que siempre estar\u00e1 all\u00ed, pero no volver\u00e1 a ser m\u00e1s fuerte que ninguna de nosotras\u201d. Lina<\/p><\/blockquote>\n<\/div>\n<\/div>\n<p id=\"poner-en-palabras\"><strong><br \/>\nPoner en palabras<\/strong><\/p>\n<p>\u201cVivimos en una sociedad que te arrastra al silencio. Lo que viv\u00ed no lo puedo cambiar, pero me di cuenta de que escuchar a otras abre una puerta a hablar y eso lleva a sanar\u201d, dice Lina. Hace dos a\u00f1os, con 37 a\u00f1os, comparti\u00f3 con su familia lo que le ocurri\u00f3. Luego de hacerlo, descubri\u00f3 que romper el silencio no s\u00f3lo fue un alivio personal, sino que logr\u00f3 establecer las condiciones necesarias para que otras personas puedan salir del silencio, como ocurri\u00f3 con una amiga que hace poco le cont\u00f3 su historia.<\/p>\n<p>Por su parte, Yerm\u00e9n encontr\u00f3 cobijo entre amigas que, aunque no atravesaron alguna situaci\u00f3n de este tipo, lograron acompa\u00f1arla.<\/p>\n<p>Miriam les cont\u00f3 su historia a sus amigas cuando ten\u00eda 19 a\u00f1os. Hoy tiene 56 y recuerda ese momento como un \u201cdespertar\u201d y soltar \u201cmuchas cosas encerradas y comidas para dentro\u201d. Lograr poner en palabras la situaci\u00f3n de violencia sexual vivida es una experiencia liberadora. Hay tantas formas de quebrar la norma del silencio como existen historias. Y, contrariamente a lo que se puede pensar, la familia y las personas del entorno m\u00e1s cercano no siempre son las m\u00e1s adecuadas para hablar del tema. Lo importante es \u201ctener a alguien que te escuche y poder hablarlo\u201d, dice Yerm\u00e9n, \u201cbuscar gente af\u00edn, le haya pasado lo mismo o no, pero que sean emp\u00e1ticas y que del otro lado haya receptividad y sensibilidad\u201d.<\/p>\n<p>En la mayor\u00eda de las historias detr\u00e1s de esta nota, las mujeres encontraron apoyo en grupos y colectivos de mujeres que atravesaron una experiencia semejante. Luc\u00eda G reconoci\u00f3 los abusos que hab\u00eda vivido en su infancia luego de comenzar a vincularse con el feminismo y los movimientos que surgieron a partir de 2017 contra la violencia sexual, como el #MeToo en Estados Unidos y principalmente el #Mir\u00e1ComoNosPonemos en Argentina, luego de la\u00a0<a href=\"https:\/\/ladiaria.com.uy\/feminismos\/articulo\/2018\/12\/mira-como-nos-pusimos-la-denuncia-de-thelma-fardin-contra-juan-darthes-por-violacion-genero-el-despertar-de-una-red-de-apoyo-feminista-internacional\/\">denuncia<\/a>\u00a0de la actriz Thelma Fard\u00edn contra Juan Darth\u00e9s en 2018, adem\u00e1s de experiencias m\u00e1s actuales en Uruguay como\u00a0<a href=\"https:\/\/ladiaria.com.uy\/feminismos\/articulo\/2020\/8\/romper-el-silencio-en-las-redes-sociales-una-forma-de-visibilizar-y-denunciar-la-violencia-machista\/\">#VaronesCarnaval<\/a>.<\/p>\n<p>Fue en una conversaci\u00f3n entre amigas sobre el caso de Fard\u00edn que Luc\u00eda cont\u00f3 su historia por primera vez. Ten\u00eda 18 a\u00f1os. \u201cSent\u00ed que respiraba nuevamente. Me fui a mi casa un poco m\u00e1s liviana\u201d, cuenta sobre ese momento. \u201cVer todas las movidas de mujeres hablando y hablando fue un placer enorme. Me hizo sentir muy acompa\u00f1ada\u201d, expresa. Hoy, con 21 a\u00f1os, dice que est\u00e1 decidida a hacer el esfuerzo necesario para luchar contra el silencio: \u201cUna vez que habl\u00e1s, es como que necesit\u00e1s hacer algo con eso. Quer\u00e9s que se escuche\u201d.<\/p>\n<p>La experiencia de colectivizar los casos de violencia sexual genera un doble impacto porque, al mismo tiempo que libera, una empieza a dimensionar el problema. Genera un \u201csentimiento agridulce\u201d, as\u00ed es como lo siente Cecilia. \u201cEst\u00e1 buen\u00edsimo que nos juntemos y hablemos, que colectivicemos y problematicemos, que tratemos de hacer algo, pero es triste que seamos tantas, cada vez m\u00e1s, y que sea tan com\u00fan\u201d, sostiene. Fue en la formaci\u00f3n de grupos de trabajo de Cotidiano Mujer que abordaron el abuso sexual entre fines de 2018 y mediados de 2019 donde Cecilia se encontr\u00f3 con otras mujeres que hab\u00edan pasado por una experiencia similar a la suya. All\u00ed encontr\u00f3 m\u00e1s que un espacio para hablar sobre el tema; se vio frente a mujeres con las que pod\u00eda empatizar y establecer un espejo que dialogaba y respond\u00eda: \u201cYo tambi\u00e9n\u201d.<\/p>\n<div class=\"extension extension-R\">\n<div class=\"extension__body\">\n<blockquote><p>\u201cSi hay alguien que est\u00e1 pasando por una situaci\u00f3n y no encuentra qui\u00e9n la escuche en su entorno, lo encontrar\u00e1 en otro lugar. Compartir y escuchar nos permite saber que no estamos solas y eso alivia la carga. Por suerte, la cultura de silencio que hubo en una \u00e9poca empieza a desmoronarse\u201d. Yerm\u00e9n<\/p><\/blockquote>\n<\/div>\n<\/div>\n<p>Para Natalie, \u201ccuando las mujeres compartimos nuestras historias, nos despojamos del peso que cargamos sobre nuestros cuerpos, quiz\u00e1s durante mucho tiempo\u201d. \u201cFue a trav\u00e9s del intercambio que pude entender que la culpa de lo que me ocurri\u00f3 es de otro y de la sociedad que lo protege\u201d, agrega.<\/p>\n<p>Por su parte, Irma sostiene que hablar saca el abuso de un \u201clugar que genera soledad y culpa. A veces ayuda en la sanaci\u00f3n, a veces quiz\u00e1s no, pero ya no te sent\u00eds sola\u201d.<\/p>\n<p>Atravesar la experiencia de poner lo ocurrido en palabras es \u201cfundamental\u201d, sostiene Marichal, \u201cno importa si es a los ocho, los 15, los 20 o los 40 a\u00f1os. Lo importante es hacerlo cuando la persona se sienta preparada para hacerlo, cuando el cerebro y la situaci\u00f3n traum\u00e1tica lo permitan, cuando se tenga la fuerza necesaria para poder afrontarlo\u201d.<\/p>\n<p id=\"transformar-el-trauma\"><strong>Transformar el trauma<\/strong><\/p>\n<p>\u201cLo personal es pol\u00edtico\u201d fue\u00a0<a href=\"https:\/\/ladiaria.com.uy\/feminismos\/articulo\/2020\/10\/devolver-la-culpa-a-los-culpables-una-guia-para-grupos-de-trabajo-que-abordan-la-violencia-sexual\/\">el nombre del proyecto<\/a>\u00a0que lanz\u00f3 Cotidiano Mujer en 2018, orientado a mujeres que hubieran sufrido violencia sexual, con el objetivo de abordar el problema desde una perspectiva feminista y colectiva. La organizaci\u00f3n convoc\u00f3 a tres grupos entre fines de 2018 y mediados de 2019. Luego de la experiencia, las integrantes de dos de ellos (Laurencias Cotidianas y Elefantes) formaron dos colectivos, La Culpa a los Culpables y Colectiva Elefante, con el objetivo de poner la problem\u00e1tica de la violencia sexual sobre la mesa, difundir redes de atenci\u00f3n para personas que hayan atravesado una experiencia de este tipo, acompa\u00f1ar, escuchar y brindar espacios para el intercambio.<\/p>\n<p>Colectiva Elefante surgi\u00f3 como \u201cuna necesidad\u201d de las integrantes del grupo. \u201cLo primero que pensamos fue que esta experiencia ten\u00eda que salir para afuera\u201d y \u201cvisibilizar m\u00e1s esta tem\u00e1tica y que sea un tema de discusi\u00f3n en cualquier lugar\u201d, cuenta Emily, integrante del colectivo, a\u00a0<em>la diaria<\/em>. As\u00ed, establecieron como uno de sus objetivos crear instancias en que todas las personas que vivieron alguna forma de violencia sexual tengan la oportunidad de \u201cconectarse\u201d con otras. Para Emily, la formaci\u00f3n del colectivo es una forma de transformar el trauma y de seguir sanando.<\/p>\n<p>La pandemia de\u00a0<a href=\"https:\/\/ladiaria.com.uy\/seccion\/coronavirus\/\">covid-19<\/a>\u00a0trajo consecuencias para el funcionamiento de la colectiva y sus objetivos, pero no dej\u00f3 de tener proyectos en marcha. En marzo de 2020, ganaron el fondo Fortalecidas de la Intendencia de Montevideo para la financiaci\u00f3n de intervenciones en espacios p\u00fablicos y otras instancias para hablar sobre abuso sexual. Adem\u00e1s de las reuniones que organizan entre las integrantes, Colectiva Elefante participa en la Asamblea Feminista de la plaza Las Pioneras, en el colectivo Encuentro de Feministas Diversas y comparte proyectos con las integrantes de Laurencias Cotidianas.<\/p>\n<p>La Culpa a los Culpables (La Culpa) es el nombre que las integrantes de Laurencias Cotidianas eligieron para su proyecto y que manejan en conjunto con Colectiva Elefante. \u201cEn el an\u00e1lisis general que hicimos en el grupo, la culpa siempre apareci\u00f3 como un tema. El nombre que elegimos expone uno de los objetivos del proyecto, que es devolver la culpa a los verdaderos culpables\u201d, sostiene Evelyn, integrante del colectivo, y explica que \u201cdevolver la culpa\u201d implica entender que no existe un \u00fanico responsable, sino que los abusadores son parte de una sociedad que los protege y que permite y mediatiza la violencia sexual. La sociedad entera es responsable. Otro de los prop\u00f3sitos del colectivo es \u201cvisibilizar, sensibilizar y expresar el tem\u00f3n de la violencia sexual en todas sus dimensiones y facetas\u201d, agrega.<\/p>\n<p>Una de las herramientas de trabajo del colectivo es un grupo cerrado de Facebook, que fue creado el 6 de julio de 2019 y hoy cuenta con 430 participantes. En el grupo, quienes deseen pueden compartir su experiencia, as\u00ed como intercambiar informaci\u00f3n sobre d\u00f3nde solicitar ayuda, notas de prensa, bibliograf\u00eda o materiales sobre el tema. Una de las tantas historias compartidas fue la m\u00eda.<\/p>\n<p>Al igual que para Emily, Irma, que integra la coordinaci\u00f3n de La Culpa, considera este proyecto como una forma de <a href=\"https:\/\/diariofemenino.com.ar\/df\/danzar-y-danzar-para-sanar-las-heridas-de-la-violencia-sexual\/\">transformar<\/a> su experiencia. \u201cAl inicio ten\u00eda mucho miedo de dar el paso de entrar a un grupo que hablara sobre abuso sexual. Pero el grupo rompi\u00f3 con todo. No soy la misma persona que era antes\u201d, expresa. La apuesta es a que otras mujeres tengan la misma oportunidad.<\/p>\n<p>Rodr\u00edguez, que fue una de las psic\u00f3logas que coordinaron los grupos de trabajo, sostiene que la gran ventaja y beneficio de colectivizar la experiencia es \u201centender que esa historia nos atraviesa en lo personal, pero tiene que ver con una cuesti\u00f3n pol\u00edtica y cultural\u201d, al tiempo que permite \u201ctrasladar la responsabilidad que se nos dio y que nosotras asumimos\u201d a su lugar correspondiente.<\/p>\n<p>Por su parte, Marichal sostiene que \u201cel colectivo tiene un poder sanador incre\u00edble\u201d y el intercambio con otras que pasaron situaciones similares pone de manifiesto lo que a nivel te\u00f3rico se conoce como \u201cla cultura de la violaci\u00f3n\u201d. \u201cSi somos un mont\u00f3n que pasamos por lo mismo no puede ser coincidencia, por eso hablamos de la cultura de la violaci\u00f3n. Tiene que ver con las mujeres como objetos para satisfacer el deseo irrefrenable de los varones y con un conjunto de creencias que se estructuran en la sociedad que habilitan este tipo de conductas de violencia sexual\u201d.<\/p>\n<div class=\"extension extension-R\">\n<div class=\"extension__body\">\n<blockquote><p>\u201cHay tantas realidades que una no puede decir \u2018dale, habl\u00e1 que vas a sentirte mucho mejor\u2019, porque no todas estamos en las mismas circunstancias. Pero hay una red de mujeres enorme que van a estar ah\u00ed para ayudar, apoyar, contener y escuchar. Para decirte que no est\u00e1s sola, aunque parezca que s\u00ed\u201d. Luc\u00eda G<\/p><\/blockquote>\n<\/div>\n<\/div>\n<p id=\"la-importancia-del-proceso-terapeutico\"><strong><br \/>\nLa importancia del proceso terap\u00e9utico<\/strong><\/p>\n<p>Salir del silencio y generar el intercambio entre pares siempre resulta fruct\u00edfero, pero no se debe desestimar la importancia de la atenci\u00f3n con profesionales luego de haber vivido alguna forma de violencia sexual. \u201cEl pasar un proceso terap\u00e9utico es fundamental para resignificar lo que pas\u00f3, debe hacerse desde una perspectiva feminista y con una mirada actual\u201d, manifiesta Marichal. \u201cLa sociedad nos llama al silencio, nos culpabiliza, nos responsabiliza por estas situaciones. Entonces, el proceso terap\u00e9utico permite poner esas cosas en su lugar: que la responsabilidad sea de la persona que ejerce esta violencia, nos permite ubicar la culpa y la verg\u00fcenza en otros lugares y no en nosotras mismas\u201d, agrega. Para Rodr\u00edguez, la atenci\u00f3n profesional \u201cpermite exteriorizar la experiencia\u201d y obtener \u201cel monopolio interno de la situaci\u00f3n y tener la responsabilidad de resolverla, y no es algo que debemos hacer solas\u201d.<\/p>\n<p>Transitar un proceso terap\u00e9utico abre las puertas para \u201centender que en esa situaci\u00f3n nosotras fuimos v\u00edctimas y no pod\u00edamos hacer otra cosa, hicimos lo mejor que pudimos\u201d, plantea Marichal. Adem\u00e1s, nos brinda la posibilidad de \u201centender que haber atravesado una forma de violencia sexual no nos va a marcar para toda la vida\u201d. No quiere decir que se trate de olvidar, sino de \u201cubicar lo ocurrido en otro lugar y que no sea un impedimento para la vida\u201d.<\/p>\n<p>La multiplicidad de historias y su impacto sobre las v\u00edctimas hace muy dif\u00edcil estructurar el proceso en etapas definidas. Cada una va construyendo su camino. Sin embargo, las expertas intentan identificar puntos clave en el proceso. Para Rodr\u00edguez, el proceso inicia con la presentaci\u00f3n de una \u201cespecie de pancarta\u201d, que puede manifestarse en forma de \u201cenojo, compasi\u00f3n u otra emoci\u00f3n\u201d, y el paso siguiente es pasar de ese \u201ctitular\u201d al \u201ctexto completo de lo que sucede y trabajar sobre todo eso\u201d.<\/p>\n<p>La psic\u00f3loga considera que un factor determinante en el tratamiento terap\u00e9utico es la respuesta social que reciben las v\u00edctimas al exteriorizar su experiencia. \u201cLa experiencia traum\u00e1tica existe, pero lo que genera la dimensi\u00f3n del trauma es la respuesta social. Si la experiencia de la persona es negada o no se valida, el golpe es m\u00e1s fuerte\u201d, comenta. En su opini\u00f3n, en la \u201cmayor\u00eda de los casos\u201d es mejor comenzar por un tratamiento individual antes de pasar al \u00e1mbito colectivo, pero no hay un orden estricto ni soluciones m\u00e1gicas. Se hace camino al andar.<\/p>\n<p>Por su parte, Marichal plantea que lo primero es \u201centender que se vivi\u00f3 una situaci\u00f3n traum\u00e1tica que exced\u00eda los recursos que ten\u00eda la persona en ese momento para afrontarla y eso me est\u00e1 dejando determinadas consecuencias\u201d. La profesional identifica como un factor importante el momento en que la persona recuerda la experiencia traum\u00e1tica. Por ejemplo, en algunos casos de abuso sexual infantil se produce una \u201cdisociaci\u00f3n\u201d como mecanismo de supervivencia y los recuerdos, y el reconocimiento de lo ocurrido llega en la vida adulta. \u201cNo es lo mismo alguien que se acuerda en el momento que alguien que no. No es lo mismo alguien que en el momento puede exteriorizar lo ocurrido o que alguien del entorno se da cuenta\u201d que casos en que la persona no puede contar lo que sucedi\u00f3 o lo bloquea.<\/p>\n<p id=\"caminar-la-vida\"><strong>Caminar la vida<\/strong><\/p>\n<p>\u201cHoy me considero una persona con mucha energ\u00eda, muy abrazada y agradecida a la vida. Est\u00e1 bueno agradecer. S\u00ed, pas\u00e9 cosas horribles. Much\u00edsima gente pasa cosas horribles de diferente tipo, pero lo importante es saber sobrellevar lo que una vive y aprender o no, porque no de todo se aprende. La vida es as\u00ed, agridulce, una tragicomedia. Estoy contenta de estar ac\u00e1 en este mundo y eso es un mont\u00f3n\u201d, expresa Cecilia. En sus palabras logra sintetizar el sentimiento de muchas y demostrar c\u00f3mo, ante este tipo de experiencias, tambi\u00e9n hay una salida posible.<\/p>\n<p>\u00bfC\u00f3mo es tu vida ahora? Muchas de las mujeres consultadas responden que es una vida \u201ccom\u00fan\u201d, \u201cnormal\u201d, \u201ccomo la del resto de las personas\u201d. \u201cTratando de remarla con el trabajo\u201d, pero \u201ccon una postura mucho m\u00e1s positiva\u201d, dice Emily. Algunas celebran compartir con sus hijas e hijos, haber establecido v\u00ednculos sanos, tener trabajo o poder estudiar. \u201cNo hubiera cre\u00eddo que eran posibles los momentos de felicidad. Antes era todo un pozo negro, pero al final hubo luz\u201d, reflexiona Miriam.<\/p>\n<p>Natalie dej\u00f3 la casa de sus padres y convive con dos mujeres que de a poco se van convirtiendo en sus amigas. \u201cTengo momentos duros, pero aprend\u00ed a dar prioridad a las cosas que realmente considero importantes en la vida\u201d, dice. En el caso de Luc\u00eda F, dice que trata de convivir con los momentos de reca\u00edda con naturalidad porque \u201cson parte de su vida\u201d, pero hace el esfuerzo de \u201cvivir con mucho humor y re\u00edr\u201d. Asegura que sus hijos le dan la fortaleza necesaria para hacerlo. \u201cEstoy en un proceso de sanar y no mirar para atr\u00e1s. Tengo que mirar hacia adelante, la vida contin\u00faa y s\u00ed se puede vivir, claro que se puede\u201d, dice Mar\u00eda. Y concluye que su vida \u201cvale much\u00edsimo m\u00e1s\u201d que la experiencia que tuvo que atravesar. Lo peor ya pas\u00f3.<\/p>\n<p><a href=\"https:\/\/ladiaria.com.uy\/feminismos\/articulo\/2021\/8\/sobrevivir-a-la-violencia-sexual-que-la-norma-sea-romper-el-silencio\/?utm_source=newsletter&amp;utm_medium=email&amp;utm_campaign=feminismos\">La Diaria<\/a><\/p>\n<\/div>\n","protected":false},"excerpt":{"rendered":"<p>Sobrevivir a la violencia sexual. Mujeres compartieron sus historias de superaci\u00f3n y crecimiento personal despu\u00e9s de haber vivido situaciones de violencia sexual. Por\u00a0Luc\u00eda Gandioli\u00a0en\u00a0Violencias Ilustraci\u00f3n de Portada: Luciana Peinado Escuch\u00e1 este art\u00edculo.\u00a0Le\u00eddo por Abril Mederos. Cuando nuestro cuerpo ha vivido alguna forma de violencia sexual, relatar nuestra historia es un acto de rebeld\u00eda. Con la [&hellip;]<\/p>\n","protected":false},"author":4,"featured_media":60229,"comment_status":"open","ping_status":"open","sticky":false,"template":"","format":"standard","meta":{"iawp_total_views":79,"footnotes":""},"categories":[1067,5,32,6,23,592],"tags":[130,36],"class_list":["post-60224","post","type-post","status-publish","format-standard","has-post-thumbnail","hentry","category-agenda-feminista","category-historias-de-vida","category-mujeres","category-articulos","category-salud","category-violencias","tag-mujeres","tag-violencia-sexual"],"nelio_content":{"autoShareEndMode":"never","automationSources":{"useCustomSentences":false,"customSentences":[]},"efiAlt":"","efiUrl":"","followers":[4],"highlights":[],"isAutoShareEnabled":true,"networkImageIds":[],"permalinkQueryArgs":[],"series":[],"suggestedReferences":[]},"yoast_head":"<!-- This site is optimized with the Yoast SEO plugin v27.5 - https:\/\/yoast.com\/product\/yoast-seo-wordpress\/ -->\n<title>Sobrevivir a la violencia sexual: que la norma sea romper el silencio - Diario Digital Femenino<\/title>\n<meta name=\"description\" content=\"Sobrevivir a la violencia sexual. Mujeres compartieron sus historias de superaci\u00f3n y crecimiento personal despu\u00e9s de haber vivido violencia sexual.\" \/>\n<meta name=\"robots\" content=\"index, follow, max-snippet:-1, max-image-preview:large, max-video-preview:-1\" \/>\n<link rel=\"canonical\" href=\"https:\/\/diariofemenino.com.ar\/df\/sobrevivir-a-la-violencia-sexual-que-la-norma-sea-romper-el-silencio\/\" \/>\n<meta property=\"og:locale\" content=\"es_ES\" \/>\n<meta property=\"og:type\" content=\"article\" \/>\n<meta property=\"og:title\" content=\"Sobrevivir a la violencia sexual: que la norma sea romper el silencio - Diario Digital Femenino\" \/>\n<meta property=\"og:description\" content=\"Sobrevivir a la violencia sexual. Mujeres compartieron sus historias de superaci\u00f3n y crecimiento personal despu\u00e9s de haber vivido violencia sexual.\" \/>\n<meta property=\"og:url\" content=\"https:\/\/diariofemenino.com.ar\/df\/sobrevivir-a-la-violencia-sexual-que-la-norma-sea-romper-el-silencio\/\" \/>\n<meta property=\"og:site_name\" content=\"Diario Digital Femenino\" \/>\n<meta property=\"article:publisher\" content=\"https:\/\/www.facebook.com\/DiarioDigitaFemenino\/\" \/>\n<meta property=\"article:published_time\" content=\"2021-08-12T12:03:49+00:00\" \/>\n<meta property=\"og:image\" content=\"https:\/\/diariofemenino.com.ar\/df\/wp-content\/uploads\/2021\/08\/WEB_violencia-sexual_1200w.jpg\" \/>\n\t<meta property=\"og:image:width\" content=\"1200\" \/>\n\t<meta property=\"og:image:height\" content=\"1672\" \/>\n\t<meta property=\"og:image:type\" content=\"image\/jpeg\" \/>\n<meta name=\"author\" content=\"Admin\" \/>\n<meta name=\"twitter:card\" content=\"summary_large_image\" \/>\n<meta name=\"twitter:creator\" content=\"@DiarioFemenino1\" \/>\n<meta name=\"twitter:site\" content=\"@DiarioFemenino1\" \/>\n<meta name=\"twitter:label1\" content=\"Escrito por\" \/>\n\t<meta name=\"twitter:data1\" content=\"Admin\" \/>\n\t<meta name=\"twitter:label2\" content=\"Tiempo de lectura\" \/>\n\t<meta name=\"twitter:data2\" content=\"17 minutos\" \/>\n<script type=\"application\/ld+json\" class=\"yoast-schema-graph\">{\"@context\":\"https:\\\/\\\/schema.org\",\"@graph\":[{\"@type\":\"Article\",\"@id\":\"https:\\\/\\\/diariofemenino.com.ar\\\/df\\\/sobrevivir-a-la-violencia-sexual-que-la-norma-sea-romper-el-silencio\\\/#article\",\"isPartOf\":{\"@id\":\"https:\\\/\\\/diariofemenino.com.ar\\\/df\\\/sobrevivir-a-la-violencia-sexual-que-la-norma-sea-romper-el-silencio\\\/\"},\"author\":{\"name\":\"Admin\",\"@id\":\"https:\\\/\\\/diariofemenino.com.ar\\\/df\\\/#\\\/schema\\\/person\\\/bf6199e8158c657ea6f789b11ec85509\"},\"headline\":\"Sobrevivir a la violencia sexual: que la norma sea romper el silencio\",\"datePublished\":\"2021-08-12T12:03:49+00:00\",\"mainEntityOfPage\":{\"@id\":\"https:\\\/\\\/diariofemenino.com.ar\\\/df\\\/sobrevivir-a-la-violencia-sexual-que-la-norma-sea-romper-el-silencio\\\/\"},\"wordCount\":3491,\"commentCount\":0,\"publisher\":{\"@id\":\"https:\\\/\\\/diariofemenino.com.ar\\\/df\\\/#organization\"},\"image\":{\"@id\":\"https:\\\/\\\/diariofemenino.com.ar\\\/df\\\/sobrevivir-a-la-violencia-sexual-que-la-norma-sea-romper-el-silencio\\\/#primaryimage\"},\"thumbnailUrl\":\"https:\\\/\\\/diariofemenino.com.ar\\\/df\\\/wp-content\\\/uploads\\\/2021\\\/08\\\/WEB_violencia-sexual_1200w.jpg\",\"keywords\":[\"Mujeres\",\"Violencia Sexual\"],\"articleSection\":[\"Agenda Feminista\",\"Historias de vida\",\"Mujeres\",\"Mujeres en Palabras\",\"Salud\",\"Violencias\"],\"inLanguage\":\"es\",\"potentialAction\":[{\"@type\":\"CommentAction\",\"name\":\"Comment\",\"target\":[\"https:\\\/\\\/diariofemenino.com.ar\\\/df\\\/sobrevivir-a-la-violencia-sexual-que-la-norma-sea-romper-el-silencio\\\/#respond\"]}]},{\"@type\":\"WebPage\",\"@id\":\"https:\\\/\\\/diariofemenino.com.ar\\\/df\\\/sobrevivir-a-la-violencia-sexual-que-la-norma-sea-romper-el-silencio\\\/\",\"url\":\"https:\\\/\\\/diariofemenino.com.ar\\\/df\\\/sobrevivir-a-la-violencia-sexual-que-la-norma-sea-romper-el-silencio\\\/\",\"name\":\"Sobrevivir a la violencia sexual: que la norma sea romper el silencio - Diario Digital Femenino\",\"isPartOf\":{\"@id\":\"https:\\\/\\\/diariofemenino.com.ar\\\/df\\\/#website\"},\"primaryImageOfPage\":{\"@id\":\"https:\\\/\\\/diariofemenino.com.ar\\\/df\\\/sobrevivir-a-la-violencia-sexual-que-la-norma-sea-romper-el-silencio\\\/#primaryimage\"},\"image\":{\"@id\":\"https:\\\/\\\/diariofemenino.com.ar\\\/df\\\/sobrevivir-a-la-violencia-sexual-que-la-norma-sea-romper-el-silencio\\\/#primaryimage\"},\"thumbnailUrl\":\"https:\\\/\\\/diariofemenino.com.ar\\\/df\\\/wp-content\\\/uploads\\\/2021\\\/08\\\/WEB_violencia-sexual_1200w.jpg\",\"datePublished\":\"2021-08-12T12:03:49+00:00\",\"description\":\"Sobrevivir a la violencia sexual. Mujeres compartieron sus historias de superaci\u00f3n y crecimiento personal despu\u00e9s de haber vivido violencia sexual.\",\"breadcrumb\":{\"@id\":\"https:\\\/\\\/diariofemenino.com.ar\\\/df\\\/sobrevivir-a-la-violencia-sexual-que-la-norma-sea-romper-el-silencio\\\/#breadcrumb\"},\"inLanguage\":\"es\",\"potentialAction\":[{\"@type\":\"ReadAction\",\"target\":[\"https:\\\/\\\/diariofemenino.com.ar\\\/df\\\/sobrevivir-a-la-violencia-sexual-que-la-norma-sea-romper-el-silencio\\\/\"]}]},{\"@type\":\"ImageObject\",\"inLanguage\":\"es\",\"@id\":\"https:\\\/\\\/diariofemenino.com.ar\\\/df\\\/sobrevivir-a-la-violencia-sexual-que-la-norma-sea-romper-el-silencio\\\/#primaryimage\",\"url\":\"https:\\\/\\\/diariofemenino.com.ar\\\/df\\\/wp-content\\\/uploads\\\/2021\\\/08\\\/WEB_violencia-sexual_1200w.jpg\",\"contentUrl\":\"https:\\\/\\\/diariofemenino.com.ar\\\/df\\\/wp-content\\\/uploads\\\/2021\\\/08\\\/WEB_violencia-sexual_1200w.jpg\",\"width\":1200,\"height\":1672,\"caption\":\"Sobrevivir a la violencia sexual: que la norma sea romper el silencio\"},{\"@type\":\"BreadcrumbList\",\"@id\":\"https:\\\/\\\/diariofemenino.com.ar\\\/df\\\/sobrevivir-a-la-violencia-sexual-que-la-norma-sea-romper-el-silencio\\\/#breadcrumb\",\"itemListElement\":[{\"@type\":\"ListItem\",\"position\":1,\"name\":\"Portada\",\"item\":\"https:\\\/\\\/diariofemenino.com.ar\\\/df\\\/\"},{\"@type\":\"ListItem\",\"position\":2,\"name\":\"Sobrevivir a la violencia sexual: que la norma sea romper el silencio\"}]},{\"@type\":\"WebSite\",\"@id\":\"https:\\\/\\\/diariofemenino.com.ar\\\/df\\\/#website\",\"url\":\"https:\\\/\\\/diariofemenino.com.ar\\\/df\\\/\",\"name\":\"Diario Digital Femenino\",\"description\":\"Cuesti\u00f3n de G\u00e9nero\",\"publisher\":{\"@id\":\"https:\\\/\\\/diariofemenino.com.ar\\\/df\\\/#organization\"},\"potentialAction\":[{\"@type\":\"SearchAction\",\"target\":{\"@type\":\"EntryPoint\",\"urlTemplate\":\"https:\\\/\\\/diariofemenino.com.ar\\\/df\\\/?s={search_term_string}\"},\"query-input\":{\"@type\":\"PropertyValueSpecification\",\"valueRequired\":true,\"valueName\":\"search_term_string\"}}],\"inLanguage\":\"es\"},{\"@type\":\"Organization\",\"@id\":\"https:\\\/\\\/diariofemenino.com.ar\\\/df\\\/#organization\",\"name\":\"Diario Femenino\",\"url\":\"https:\\\/\\\/diariofemenino.com.ar\\\/df\\\/\",\"logo\":{\"@type\":\"ImageObject\",\"inLanguage\":\"es\",\"@id\":\"https:\\\/\\\/diariofemenino.com.ar\\\/df\\\/#\\\/schema\\\/logo\\\/image\\\/\",\"url\":\"https:\\\/\\\/diariofemenino.com.ar\\\/df\\\/wp-content\\\/uploads\\\/2018\\\/10\\\/logo.png\",\"contentUrl\":\"https:\\\/\\\/diariofemenino.com.ar\\\/df\\\/wp-content\\\/uploads\\\/2018\\\/10\\\/logo.png\",\"width\":500,\"height\":92,\"caption\":\"Diario Femenino\"},\"image\":{\"@id\":\"https:\\\/\\\/diariofemenino.com.ar\\\/df\\\/#\\\/schema\\\/logo\\\/image\\\/\"},\"sameAs\":[\"https:\\\/\\\/www.facebook.com\\\/DiarioDigitaFemenino\\\/\",\"https:\\\/\\\/x.com\\\/DiarioFemenino1\"]},{\"@type\":\"Person\",\"@id\":\"https:\\\/\\\/diariofemenino.com.ar\\\/df\\\/#\\\/schema\\\/person\\\/bf6199e8158c657ea6f789b11ec85509\",\"name\":\"Admin\",\"image\":{\"@type\":\"ImageObject\",\"inLanguage\":\"es\",\"@id\":\"https:\\\/\\\/diariofemenino.com.ar\\\/df\\\/wp-content\\\/uploads\\\/2018\\\/12\\\/favicon-150x150.jpg\",\"url\":\"https:\\\/\\\/diariofemenino.com.ar\\\/df\\\/wp-content\\\/uploads\\\/2018\\\/12\\\/favicon-150x150.jpg\",\"contentUrl\":\"https:\\\/\\\/diariofemenino.com.ar\\\/df\\\/wp-content\\\/uploads\\\/2018\\\/12\\\/favicon-150x150.jpg\",\"caption\":\"Admin\"},\"url\":\"https:\\\/\\\/diariofemenino.com.ar\\\/df\\\/author\\\/lenny\\\/\"}]}<\/script>\n<!-- \/ Yoast SEO plugin. -->","yoast_head_json":{"title":"Sobrevivir a la violencia sexual: que la norma sea romper el silencio - Diario Digital Femenino","description":"Sobrevivir a la violencia sexual. Mujeres compartieron sus historias de superaci\u00f3n y crecimiento personal despu\u00e9s de haber vivido violencia sexual.","robots":{"index":"index","follow":"follow","max-snippet":"max-snippet:-1","max-image-preview":"max-image-preview:large","max-video-preview":"max-video-preview:-1"},"canonical":"https:\/\/diariofemenino.com.ar\/df\/sobrevivir-a-la-violencia-sexual-que-la-norma-sea-romper-el-silencio\/","og_locale":"es_ES","og_type":"article","og_title":"Sobrevivir a la violencia sexual: que la norma sea romper el silencio - Diario Digital Femenino","og_description":"Sobrevivir a la violencia sexual. Mujeres compartieron sus historias de superaci\u00f3n y crecimiento personal despu\u00e9s de haber vivido violencia sexual.","og_url":"https:\/\/diariofemenino.com.ar\/df\/sobrevivir-a-la-violencia-sexual-que-la-norma-sea-romper-el-silencio\/","og_site_name":"Diario Digital Femenino","article_publisher":"https:\/\/www.facebook.com\/DiarioDigitaFemenino\/","article_published_time":"2021-08-12T12:03:49+00:00","og_image":[{"width":1200,"height":1672,"url":"https:\/\/diariofemenino.com.ar\/df\/wp-content\/uploads\/2021\/08\/WEB_violencia-sexual_1200w.jpg","type":"image\/jpeg"}],"author":"Admin","twitter_card":"summary_large_image","twitter_creator":"@DiarioFemenino1","twitter_site":"@DiarioFemenino1","twitter_misc":{"Escrito por":"Admin","Tiempo de lectura":"17 minutos"},"schema":{"@context":"https:\/\/schema.org","@graph":[{"@type":"Article","@id":"https:\/\/diariofemenino.com.ar\/df\/sobrevivir-a-la-violencia-sexual-que-la-norma-sea-romper-el-silencio\/#article","isPartOf":{"@id":"https:\/\/diariofemenino.com.ar\/df\/sobrevivir-a-la-violencia-sexual-que-la-norma-sea-romper-el-silencio\/"},"author":{"name":"Admin","@id":"https:\/\/diariofemenino.com.ar\/df\/#\/schema\/person\/bf6199e8158c657ea6f789b11ec85509"},"headline":"Sobrevivir a la violencia sexual: que la norma sea romper el silencio","datePublished":"2021-08-12T12:03:49+00:00","mainEntityOfPage":{"@id":"https:\/\/diariofemenino.com.ar\/df\/sobrevivir-a-la-violencia-sexual-que-la-norma-sea-romper-el-silencio\/"},"wordCount":3491,"commentCount":0,"publisher":{"@id":"https:\/\/diariofemenino.com.ar\/df\/#organization"},"image":{"@id":"https:\/\/diariofemenino.com.ar\/df\/sobrevivir-a-la-violencia-sexual-que-la-norma-sea-romper-el-silencio\/#primaryimage"},"thumbnailUrl":"https:\/\/diariofemenino.com.ar\/df\/wp-content\/uploads\/2021\/08\/WEB_violencia-sexual_1200w.jpg","keywords":["Mujeres","Violencia Sexual"],"articleSection":["Agenda Feminista","Historias de vida","Mujeres","Mujeres en Palabras","Salud","Violencias"],"inLanguage":"es","potentialAction":[{"@type":"CommentAction","name":"Comment","target":["https:\/\/diariofemenino.com.ar\/df\/sobrevivir-a-la-violencia-sexual-que-la-norma-sea-romper-el-silencio\/#respond"]}]},{"@type":"WebPage","@id":"https:\/\/diariofemenino.com.ar\/df\/sobrevivir-a-la-violencia-sexual-que-la-norma-sea-romper-el-silencio\/","url":"https:\/\/diariofemenino.com.ar\/df\/sobrevivir-a-la-violencia-sexual-que-la-norma-sea-romper-el-silencio\/","name":"Sobrevivir a la violencia sexual: que la norma sea romper el silencio - Diario Digital Femenino","isPartOf":{"@id":"https:\/\/diariofemenino.com.ar\/df\/#website"},"primaryImageOfPage":{"@id":"https:\/\/diariofemenino.com.ar\/df\/sobrevivir-a-la-violencia-sexual-que-la-norma-sea-romper-el-silencio\/#primaryimage"},"image":{"@id":"https:\/\/diariofemenino.com.ar\/df\/sobrevivir-a-la-violencia-sexual-que-la-norma-sea-romper-el-silencio\/#primaryimage"},"thumbnailUrl":"https:\/\/diariofemenino.com.ar\/df\/wp-content\/uploads\/2021\/08\/WEB_violencia-sexual_1200w.jpg","datePublished":"2021-08-12T12:03:49+00:00","description":"Sobrevivir a la violencia sexual. Mujeres compartieron sus historias de superaci\u00f3n y crecimiento personal despu\u00e9s de haber vivido violencia sexual.","breadcrumb":{"@id":"https:\/\/diariofemenino.com.ar\/df\/sobrevivir-a-la-violencia-sexual-que-la-norma-sea-romper-el-silencio\/#breadcrumb"},"inLanguage":"es","potentialAction":[{"@type":"ReadAction","target":["https:\/\/diariofemenino.com.ar\/df\/sobrevivir-a-la-violencia-sexual-que-la-norma-sea-romper-el-silencio\/"]}]},{"@type":"ImageObject","inLanguage":"es","@id":"https:\/\/diariofemenino.com.ar\/df\/sobrevivir-a-la-violencia-sexual-que-la-norma-sea-romper-el-silencio\/#primaryimage","url":"https:\/\/diariofemenino.com.ar\/df\/wp-content\/uploads\/2021\/08\/WEB_violencia-sexual_1200w.jpg","contentUrl":"https:\/\/diariofemenino.com.ar\/df\/wp-content\/uploads\/2021\/08\/WEB_violencia-sexual_1200w.jpg","width":1200,"height":1672,"caption":"Sobrevivir a la violencia sexual: que la norma sea romper el silencio"},{"@type":"BreadcrumbList","@id":"https:\/\/diariofemenino.com.ar\/df\/sobrevivir-a-la-violencia-sexual-que-la-norma-sea-romper-el-silencio\/#breadcrumb","itemListElement":[{"@type":"ListItem","position":1,"name":"Portada","item":"https:\/\/diariofemenino.com.ar\/df\/"},{"@type":"ListItem","position":2,"name":"Sobrevivir a la violencia sexual: que la norma sea romper el silencio"}]},{"@type":"WebSite","@id":"https:\/\/diariofemenino.com.ar\/df\/#website","url":"https:\/\/diariofemenino.com.ar\/df\/","name":"Diario Digital Femenino","description":"Cuesti\u00f3n de G\u00e9nero","publisher":{"@id":"https:\/\/diariofemenino.com.ar\/df\/#organization"},"potentialAction":[{"@type":"SearchAction","target":{"@type":"EntryPoint","urlTemplate":"https:\/\/diariofemenino.com.ar\/df\/?s={search_term_string}"},"query-input":{"@type":"PropertyValueSpecification","valueRequired":true,"valueName":"search_term_string"}}],"inLanguage":"es"},{"@type":"Organization","@id":"https:\/\/diariofemenino.com.ar\/df\/#organization","name":"Diario Femenino","url":"https:\/\/diariofemenino.com.ar\/df\/","logo":{"@type":"ImageObject","inLanguage":"es","@id":"https:\/\/diariofemenino.com.ar\/df\/#\/schema\/logo\/image\/","url":"https:\/\/diariofemenino.com.ar\/df\/wp-content\/uploads\/2018\/10\/logo.png","contentUrl":"https:\/\/diariofemenino.com.ar\/df\/wp-content\/uploads\/2018\/10\/logo.png","width":500,"height":92,"caption":"Diario Femenino"},"image":{"@id":"https:\/\/diariofemenino.com.ar\/df\/#\/schema\/logo\/image\/"},"sameAs":["https:\/\/www.facebook.com\/DiarioDigitaFemenino\/","https:\/\/x.com\/DiarioFemenino1"]},{"@type":"Person","@id":"https:\/\/diariofemenino.com.ar\/df\/#\/schema\/person\/bf6199e8158c657ea6f789b11ec85509","name":"Admin","image":{"@type":"ImageObject","inLanguage":"es","@id":"https:\/\/diariofemenino.com.ar\/df\/wp-content\/uploads\/2018\/12\/favicon-150x150.jpg","url":"https:\/\/diariofemenino.com.ar\/df\/wp-content\/uploads\/2018\/12\/favicon-150x150.jpg","contentUrl":"https:\/\/diariofemenino.com.ar\/df\/wp-content\/uploads\/2018\/12\/favicon-150x150.jpg","caption":"Admin"},"url":"https:\/\/diariofemenino.com.ar\/df\/author\/lenny\/"}]}},"jetpack_featured_media_url":"https:\/\/diariofemenino.com.ar\/df\/wp-content\/uploads\/2021\/08\/WEB_violencia-sexual_1200w.jpg","jetpack_sharing_enabled":true,"rttpg_featured_image_url":{"full":["https:\/\/diariofemenino.com.ar\/df\/wp-content\/uploads\/2021\/08\/WEB_violencia-sexual_1200w.jpg",1200,1672,false],"landscape":["https:\/\/diariofemenino.com.ar\/df\/wp-content\/uploads\/2021\/08\/WEB_violencia-sexual_1200w.jpg",1200,1672,false],"portraits":["https:\/\/diariofemenino.com.ar\/df\/wp-content\/uploads\/2021\/08\/WEB_violencia-sexual_1200w.jpg",1200,1672,false],"thumbnail":["https:\/\/diariofemenino.com.ar\/df\/wp-content\/uploads\/2021\/08\/WEB_violencia-sexual_1200w-150x150.jpg",150,150,true],"medium":["https:\/\/diariofemenino.com.ar\/df\/wp-content\/uploads\/2021\/08\/WEB_violencia-sexual_1200w-215x300.jpg",215,300,true],"large":["https:\/\/diariofemenino.com.ar\/df\/wp-content\/uploads\/2021\/08\/WEB_violencia-sexual_1200w-735x1024.jpg",735,1024,true],"1536x1536":["https:\/\/diariofemenino.com.ar\/df\/wp-content\/uploads\/2021\/08\/WEB_violencia-sexual_1200w.jpg",1102,1536,false],"2048x2048":["https:\/\/diariofemenino.com.ar\/df\/wp-content\/uploads\/2021\/08\/WEB_violencia-sexual_1200w.jpg",1200,1672,false]},"rttpg_author":{"display_name":"Admin","author_link":"https:\/\/diariofemenino.com.ar\/df\/author\/lenny\/"},"rttpg_comment":0,"rttpg_category":"<a href=\"https:\/\/diariofemenino.com.ar\/df\/category\/agenda-feminista\/\" rel=\"category tag\">Agenda Feminista<\/a> <a href=\"https:\/\/diariofemenino.com.ar\/df\/category\/historias-de-vida\/\" rel=\"category tag\">Historias de vida<\/a> <a href=\"https:\/\/diariofemenino.com.ar\/df\/category\/mujeres\/\" rel=\"category tag\">Mujeres<\/a> <a href=\"https:\/\/diariofemenino.com.ar\/df\/category\/articulos\/\" rel=\"category tag\">Mujeres en Palabras<\/a> <a href=\"https:\/\/diariofemenino.com.ar\/df\/category\/salud\/\" rel=\"category tag\">Salud<\/a> <a href=\"https:\/\/diariofemenino.com.ar\/df\/category\/violencias\/\" rel=\"category tag\">Violencias<\/a>","rttpg_excerpt":"Sobrevivir a la violencia sexual. Mujeres compartieron sus historias de superaci\u00f3n y crecimiento personal despu\u00e9s de haber vivido situaciones de violencia sexual. Por\u00a0Luc\u00eda Gandioli\u00a0en\u00a0Violencias Ilustraci\u00f3n de Portada: Luciana Peinado Escuch\u00e1 este art\u00edculo.\u00a0Le\u00eddo por Abril Mederos. Cuando nuestro cuerpo ha vivido alguna forma de violencia sexual, relatar nuestra historia es un acto de rebeld\u00eda. Con la&hellip;","_links":{"self":[{"href":"https:\/\/diariofemenino.com.ar\/df\/wp-json\/wp\/v2\/posts\/60224","targetHints":{"allow":["GET"]}}],"collection":[{"href":"https:\/\/diariofemenino.com.ar\/df\/wp-json\/wp\/v2\/posts"}],"about":[{"href":"https:\/\/diariofemenino.com.ar\/df\/wp-json\/wp\/v2\/types\/post"}],"author":[{"embeddable":true,"href":"https:\/\/diariofemenino.com.ar\/df\/wp-json\/wp\/v2\/users\/4"}],"replies":[{"embeddable":true,"href":"https:\/\/diariofemenino.com.ar\/df\/wp-json\/wp\/v2\/comments?post=60224"}],"version-history":[{"count":0,"href":"https:\/\/diariofemenino.com.ar\/df\/wp-json\/wp\/v2\/posts\/60224\/revisions"}],"wp:featuredmedia":[{"embeddable":true,"href":"https:\/\/diariofemenino.com.ar\/df\/wp-json\/wp\/v2\/media\/60229"}],"wp:attachment":[{"href":"https:\/\/diariofemenino.com.ar\/df\/wp-json\/wp\/v2\/media?parent=60224"}],"wp:term":[{"taxonomy":"category","embeddable":true,"href":"https:\/\/diariofemenino.com.ar\/df\/wp-json\/wp\/v2\/categories?post=60224"},{"taxonomy":"post_tag","embeddable":true,"href":"https:\/\/diariofemenino.com.ar\/df\/wp-json\/wp\/v2\/tags?post=60224"}],"curies":[{"name":"wp","href":"https:\/\/api.w.org\/{rel}","templated":true}]}}